{"id":9915,"date":"2024-08-28T12:17:56","date_gmt":"2024-08-28T18:17:56","guid":{"rendered":"https:\/\/masquenoticias.mx\/?p=9915"},"modified":"2024-08-28T12:17:56","modified_gmt":"2024-08-28T18:17:56","slug":"gobernadora-de-colima-presenta-el-programa-de-reunificacion-familiar-juntos-de-nuevo","status":"publish","type":"post","link":"https:\/\/masquenoticias.mx\/index.php\/2024\/08\/28\/gobernadora-de-colima-presenta-el-programa-de-reunificacion-familiar-juntos-de-nuevo\/","title":{"rendered":"Gobernadora de Colima presenta el Programa de Reunificaci\u00f3n Familiar \u2018Juntos de Nuevo\u2019"},"content":{"rendered":"<p>La gobernadora Indira Vizca\u00edno Silva, acompa\u00f1ada de la directora de Atenci\u00f3n a Migrantes Colimenses, Leticia Paloma G\u00f3mez Llamas, present\u00f3 este lunes por la tarde el Programa de Reunificaci\u00f3n Familiar \u2018Juntos de Nuevo\u2019, que busca reunir a familias colimenses con sus migrantes en Estados Unidos.<\/p>\n<p>Indira Vizca\u00edno calific\u00f3 a este proyecto como muy bonito y humano, el cual asegur\u00f3 les hace much\u00edsima ilusi\u00f3n por su capacidad para tocar vidas y corazones de familias colimenses; &#8220;la gente migra, la mayor\u00eda de las veces por necesidad, no por gusto. Migra en busca de una vida mejor para su familia y m\u00e1s all\u00e1 de todo lo que estamos haciendo para generar oportunidades y bienestar aqu\u00ed en nuestra Colima y, con el Gobierno de M\u00e9xico, en todo el pa\u00eds, tenemos tambi\u00e9n que hacer todo lo posible por apoyar a las y los colimenses que decidieron migrar&#8221;.<\/p>\n<p>La titular del Poder Ejecutivo estatal explic\u00f3 que, en colaboraci\u00f3n con la Embajada de Estados Unidos en M\u00e9xico, se est\u00e1 lanzando una convocatoria para apoyar a personas colimenses que tienen familiares que migraron a la Uni\u00f3n Americana, que all\u00e1 no han regularizado su situaci\u00f3n migratoria y que, por ello, pues tienen m\u00e1s de una d\u00e9cada sin verles.<\/p>\n<p>La directora de Atenci\u00f3n a Migrantes Colimenses, Paola G\u00f3mez, inform\u00f3 que los requisitos son los siguientes: ser residente del estado de Colima, tener 65 a\u00f1os cumplidos, tener una hija o hijo indocumentado en los Estados Unidos y no haberlo visto durante 10, 15, 20, 25 y m\u00e1s a\u00f1os.<\/p>\n<p>A\u00f1adi\u00f3 que esta dependencia se encargar\u00e1 de hacer la solicitud para las citas tanto del pasaporte como de la visa de todas y todos los adultos mayores, que el Gobierno del Estado pondr\u00e1 un autob\u00fas a disposici\u00f3n de las adultas y adultos mayores para que puedan acudir a su cita en el consulado de la Ciudad de M\u00e9xico e ir\u00e1n acompa\u00f1ados por representantes de la administraci\u00f3n estatal, quienes les orientar\u00e1n en todo momento. Adem\u00e1s, se les brindar\u00e1 un alimento el primer d\u00eda del viaje.<\/p>\n<p>Se\u00f1al\u00f3 que en este momento se tiene la capacidad para atender a un total de 50 personas adultas mayores, en una primera edici\u00f3n y que cada adulta y adulto mayor deber\u00e1 ir con un acompa\u00f1ante.<\/p>\n<p>Los d\u00edas 4, 5 y 6 de septiembre en el Centro de Convenciones del Complejo Administrativo del Gobierno del Estado, en la ciudad de Colima, se atender\u00e1 a las adultas y adultos mayores que deseen participar en el programa; a quienes se les pide llevar copia de su credencial de elector, y si cuentan con pasaporte mexicano vigente, tambi\u00e9n llevar una fotocopia para iniciar con su expediente cuanto antes.<\/p>\n","protected":false},"excerpt":{"rendered":"<p>La gobernadora Indira Vizca\u00edno Silva, acompa\u00f1ada de la directora de Atenci\u00f3n a Migrantes Colimenses, Leticia Paloma G\u00f3mez Llamas, present\u00f3 este lunes por la tarde el Programa de Reunificaci\u00f3n Familiar \u2018Juntos de Nuevo\u2019, que busca reunir a familias colimenses con sus migrantes en Estados Unidos. Indira Vizca\u00edno calific\u00f3 a este proyecto como muy bonito y humano, [&hellip;]<\/p>\n","protected":false},"author":1,"featured_media":9916,"comment_status":"open","ping_status":"open","sticky":false,"template":"","format":"standard","meta":{"_jetpack_memberships_contains_paid_content":false,"footnotes":""},"categories":[24],"tags":[26,551],"class_list":["post-9915","post","type-post","status-publish","format-standard","has-post-thumbnail","hentry","category-estado","tag-indira-vizcaino","tag-migrantes"],"yoast_head":"<!-- This site is optimized with the Yoast SEO plugin v26.6 - https:\/\/yoast.com\/wordpress\/plugins\/seo\/ -->\n<title>Gobernadora de Colima presenta el Programa de Reunificaci\u00f3n Familiar \u2018Juntos de Nuevo\u2019 - M\u00e1s Que Noticias<\/title>\n<meta name=\"robots\" content=\"index, follow, max-snippet:-1, max-image-preview:large, max-video-preview:-1\" \/>\n<link rel=\"canonical\" href=\"https:\/\/masquenoticias.mx\/index.php\/2024\/08\/28\/gobernadora-de-colima-presenta-el-programa-de-reunificacion-familiar-juntos-de-nuevo\/\" \/>\n<meta property=\"og:locale\" content=\"es_MX\" \/>\n<meta property=\"og:type\" content=\"article\" \/>\n<meta property=\"og:title\" content=\"Gobernadora de Colima presenta el Programa de Reunificaci\u00f3n Familiar \u2018Juntos de Nuevo\u2019 - M\u00e1s Que Noticias\" \/>\n<meta property=\"og:description\" content=\"La gobernadora Indira Vizca\u00edno Silva, acompa\u00f1ada de la directora de Atenci\u00f3n a Migrantes Colimenses, Leticia Paloma G\u00f3mez Llamas, present\u00f3 este lunes por la tarde el Programa de Reunificaci\u00f3n Familiar \u2018Juntos de Nuevo\u2019, que busca reunir a familias colimenses con sus migrantes en Estados Unidos. Indira Vizca\u00edno calific\u00f3 a este proyecto como muy bonito y humano, [&hellip;]\" \/>\n<meta property=\"og:url\" content=\"https:\/\/masquenoticias.mx\/index.php\/2024\/08\/28\/gobernadora-de-colima-presenta-el-programa-de-reunificacion-familiar-juntos-de-nuevo\/\" \/>\n<meta property=\"og:site_name\" content=\"M\u00e1s Que Noticias\" \/>\n<meta property=\"article:publisher\" content=\"https:\/\/www.facebook.com\/masquenoticiascolima\" \/>\n<meta property=\"article:published_time\" content=\"2024-08-28T18:17:56+00:00\" \/>\n<meta property=\"og:image\" content=\"https:\/\/masquenoticias.mx\/wp-content\/uploads\/2024\/08\/WhatsApp-Image-2024-08-26-at-6.48.35-PM.jpeg\" \/>\n\t<meta property=\"og:image:width\" content=\"1280\" \/>\n\t<meta property=\"og:image:height\" content=\"853\" \/>\n\t<meta property=\"og:image:type\" content=\"image\/jpeg\" \/>\n<meta name=\"author\" content=\"Redacci\u00f3n\" \/>\n<meta name=\"twitter:card\" content=\"summary_large_image\" \/>\n<meta name=\"twitter:creator\" content=\"@edgartove\" \/>\n<meta name=\"twitter:site\" content=\"@edgartove\" \/>\n<meta name=\"twitter:label1\" content=\"Escrito por\" \/>\n\t<meta name=\"twitter:data1\" content=\"Redacci\u00f3n\" \/>\n\t<meta name=\"twitter:label2\" content=\"Tiempo de lectura\" \/>\n\t<meta name=\"twitter:data2\" content=\"3 minutos\" \/>\n<script type=\"application\/ld+json\" class=\"yoast-schema-graph\">{\"@context\":\"https:\/\/schema.org\",\"@graph\":[{\"@type\":\"Article\",\"@id\":\"https:\/\/masquenoticias.mx\/index.php\/2024\/08\/28\/gobernadora-de-colima-presenta-el-programa-de-reunificacion-familiar-juntos-de-nuevo\/#article\",\"isPartOf\":{\"@id\":\"https:\/\/masquenoticias.mx\/index.php\/2024\/08\/28\/gobernadora-de-colima-presenta-el-programa-de-reunificacion-familiar-juntos-de-nuevo\/\"},\"author\":{\"name\":\"Redacci\u00f3n\",\"@id\":\"https:\/\/masquenoticias.mx\/#\/schema\/person\/544d19989ef23d34615f691f7a96e622\"},\"headline\":\"Gobernadora de Colima presenta el Programa de Reunificaci\u00f3n Familiar \u2018Juntos de Nuevo\u2019\",\"datePublished\":\"2024-08-28T18:17:56+00:00\",\"mainEntityOfPage\":{\"@id\":\"https:\/\/masquenoticias.mx\/index.php\/2024\/08\/28\/gobernadora-de-colima-presenta-el-programa-de-reunificacion-familiar-juntos-de-nuevo\/\"},\"wordCount\":477,\"commentCount\":0,\"publisher\":{\"@id\":\"https:\/\/masquenoticias.mx\/#organization\"},\"image\":{\"@id\":\"https:\/\/masquenoticias.mx\/index.php\/2024\/08\/28\/gobernadora-de-colima-presenta-el-programa-de-reunificacion-familiar-juntos-de-nuevo\/#primaryimage\"},\"thumbnailUrl\":\"https:\/\/i0.wp.com\/masquenoticias.mx\/wp-content\/uploads\/2024\/08\/WhatsApp-Image-2024-08-26-at-6.48.35-PM.jpeg?fit=1280%2C853&ssl=1\",\"keywords\":[\"Indira Vizca\u00edno\",\"Migrantes\"],\"articleSection\":[\"Estado\"],\"inLanguage\":\"es\",\"potentialAction\":[{\"@type\":\"CommentAction\",\"name\":\"Comment\",\"target\":[\"https:\/\/masquenoticias.mx\/index.php\/2024\/08\/28\/gobernadora-de-colima-presenta-el-programa-de-reunificacion-familiar-juntos-de-nuevo\/#respond\"]}]},{\"@type\":\"WebPage\",\"@id\":\"https:\/\/masquenoticias.mx\/index.php\/2024\/08\/28\/gobernadora-de-colima-presenta-el-programa-de-reunificacion-familiar-juntos-de-nuevo\/\",\"url\":\"https:\/\/masquenoticias.mx\/index.php\/2024\/08\/28\/gobernadora-de-colima-presenta-el-programa-de-reunificacion-familiar-juntos-de-nuevo\/\",\"name\":\"Gobernadora de Colima presenta el Programa de Reunificaci\u00f3n Familiar \u2018Juntos de Nuevo\u2019 - M\u00e1s Que Noticias\",\"isPartOf\":{\"@id\":\"https:\/\/masquenoticias.mx\/#website\"},\"primaryImageOfPage\":{\"@id\":\"https:\/\/masquenoticias.mx\/index.php\/2024\/08\/28\/gobernadora-de-colima-presenta-el-programa-de-reunificacion-familiar-juntos-de-nuevo\/#primaryimage\"},\"image\":{\"@id\":\"https:\/\/masquenoticias.mx\/index.php\/2024\/08\/28\/gobernadora-de-colima-presenta-el-programa-de-reunificacion-familiar-juntos-de-nuevo\/#primaryimage\"},\"thumbnailUrl\":\"https:\/\/i0.wp.com\/masquenoticias.mx\/wp-content\/uploads\/2024\/08\/WhatsApp-Image-2024-08-26-at-6.48.35-PM.jpeg?fit=1280%2C853&ssl=1\",\"datePublished\":\"2024-08-28T18:17:56+00:00\",\"breadcrumb\":{\"@id\":\"https:\/\/masquenoticias.mx\/index.php\/2024\/08\/28\/gobernadora-de-colima-presenta-el-programa-de-reunificacion-familiar-juntos-de-nuevo\/#breadcrumb\"},\"inLanguage\":\"es\",\"potentialAction\":[{\"@type\":\"ReadAction\",\"target\":[\"https:\/\/masquenoticias.mx\/index.php\/2024\/08\/28\/gobernadora-de-colima-presenta-el-programa-de-reunificacion-familiar-juntos-de-nuevo\/\"]}]},{\"@type\":\"ImageObject\",\"inLanguage\":\"es\",\"@id\":\"https:\/\/masquenoticias.mx\/index.php\/2024\/08\/28\/gobernadora-de-colima-presenta-el-programa-de-reunificacion-familiar-juntos-de-nuevo\/#primaryimage\",\"url\":\"https:\/\/i0.wp.com\/masquenoticias.mx\/wp-content\/uploads\/2024\/08\/WhatsApp-Image-2024-08-26-at-6.48.35-PM.jpeg?fit=1280%2C853&ssl=1\",\"contentUrl\":\"https:\/\/i0.wp.com\/masquenoticias.mx\/wp-content\/uploads\/2024\/08\/WhatsApp-Image-2024-08-26-at-6.48.35-PM.jpeg?fit=1280%2C853&ssl=1\",\"width\":1280,\"height\":853},{\"@type\":\"BreadcrumbList\",\"@id\":\"https:\/\/masquenoticias.mx\/index.php\/2024\/08\/28\/gobernadora-de-colima-presenta-el-programa-de-reunificacion-familiar-juntos-de-nuevo\/#breadcrumb\",\"itemListElement\":[{\"@type\":\"ListItem\",\"position\":1,\"name\":\"Inicio\",\"item\":\"https:\/\/masquenoticias.mx\/\"},{\"@type\":\"ListItem\",\"position\":2,\"name\":\"Gobernadora de Colima presenta el Programa de Reunificaci\u00f3n Familiar \u2018Juntos de Nuevo\u2019\"}]},{\"@type\":\"WebSite\",\"@id\":\"https:\/\/masquenoticias.mx\/#website\",\"url\":\"https:\/\/masquenoticias.mx\/\",\"name\":\"M\u00e1s Que Noticias\",\"description\":\"Noticias de Colima, M\u00e9xico y el Mundo\",\"publisher\":{\"@id\":\"https:\/\/masquenoticias.mx\/#organization\"},\"potentialAction\":[{\"@type\":\"SearchAction\",\"target\":{\"@type\":\"EntryPoint\",\"urlTemplate\":\"https:\/\/masquenoticias.mx\/?s={search_term_string}\"},\"query-input\":{\"@type\":\"PropertyValueSpecification\",\"valueRequired\":true,\"valueName\":\"search_term_string\"}}],\"inLanguage\":\"es\"},{\"@type\":\"Organization\",\"@id\":\"https:\/\/masquenoticias.mx\/#organization\",\"name\":\"M\u00e1s Que Noticias\",\"url\":\"https:\/\/masquenoticias.mx\/\",\"logo\":{\"@type\":\"ImageObject\",\"inLanguage\":\"es\",\"@id\":\"https:\/\/masquenoticias.mx\/#\/schema\/logo\/image\/\",\"url\":\"https:\/\/i0.wp.com\/masquenoticias.mx\/wp-content\/uploads\/2024\/04\/IMG_0004.png?fit=2560%2C1656&ssl=1\",\"contentUrl\":\"https:\/\/i0.wp.com\/masquenoticias.mx\/wp-content\/uploads\/2024\/04\/IMG_0004.png?fit=2560%2C1656&ssl=1\",\"width\":2560,\"height\":1656,\"caption\":\"M\u00e1s Que Noticias\"},\"image\":{\"@id\":\"https:\/\/masquenoticias.mx\/#\/schema\/logo\/image\/\"},\"sameAs\":[\"https:\/\/www.facebook.com\/masquenoticiascolima\",\"https:\/\/x.com\/edgartove\",\"https:\/\/www.instagram.com\/masquenoticiascolima\/\"]},{\"@type\":\"Person\",\"@id\":\"https:\/\/masquenoticias.mx\/#\/schema\/person\/544d19989ef23d34615f691f7a96e622\",\"name\":\"Redacci\u00f3n\",\"image\":{\"@type\":\"ImageObject\",\"inLanguage\":\"es\",\"@id\":\"https:\/\/masquenoticias.mx\/#\/schema\/person\/image\/\",\"url\":\"https:\/\/secure.gravatar.com\/avatar\/7fcc926d5b058d3f3d52d95b4d05dd58?s=96&d=mm&r=g\",\"contentUrl\":\"https:\/\/secure.gravatar.com\/avatar\/7fcc926d5b058d3f3d52d95b4d05dd58?s=96&d=mm&r=g\",\"caption\":\"Redacci\u00f3n\"},\"sameAs\":[\"http:\/\/masquenoticias.mx\"],\"url\":\"https:\/\/masquenoticias.mx\/index.php\/author\/edgartovegmail-com\/\"}]}<\/script>\n<!-- \/ Yoast SEO plugin. -->","yoast_head_json":{"title":"Gobernadora de Colima presenta el Programa de Reunificaci\u00f3n Familiar \u2018Juntos de Nuevo\u2019 - M\u00e1s Que Noticias","robots":{"index":"index","follow":"follow","max-snippet":"max-snippet:-1","max-image-preview":"max-image-preview:large","max-video-preview":"max-video-preview:-1"},"canonical":"https:\/\/masquenoticias.mx\/index.php\/2024\/08\/28\/gobernadora-de-colima-presenta-el-programa-de-reunificacion-familiar-juntos-de-nuevo\/","og_locale":"es_MX","og_type":"article","og_title":"Gobernadora de Colima presenta el Programa de Reunificaci\u00f3n Familiar \u2018Juntos de Nuevo\u2019 - M\u00e1s Que Noticias","og_description":"La gobernadora Indira Vizca\u00edno Silva, acompa\u00f1ada de la directora de Atenci\u00f3n a Migrantes Colimenses, Leticia Paloma G\u00f3mez Llamas, present\u00f3 este lunes por la tarde el Programa de Reunificaci\u00f3n Familiar \u2018Juntos de Nuevo\u2019, que busca reunir a familias colimenses con sus migrantes en Estados Unidos. Indira Vizca\u00edno calific\u00f3 a este proyecto como muy bonito y humano, [&hellip;]","og_url":"https:\/\/masquenoticias.mx\/index.php\/2024\/08\/28\/gobernadora-de-colima-presenta-el-programa-de-reunificacion-familiar-juntos-de-nuevo\/","og_site_name":"M\u00e1s Que Noticias","article_publisher":"https:\/\/www.facebook.com\/masquenoticiascolima","article_published_time":"2024-08-28T18:17:56+00:00","og_image":[{"width":1280,"height":853,"url":"https:\/\/masquenoticias.mx\/wp-content\/uploads\/2024\/08\/WhatsApp-Image-2024-08-26-at-6.48.35-PM.jpeg","type":"image\/jpeg"}],"author":"Redacci\u00f3n","twitter_card":"summary_large_image","twitter_creator":"@edgartove","twitter_site":"@edgartove","twitter_misc":{"Escrito por":"Redacci\u00f3n","Tiempo de lectura":"3 minutos"},"schema":{"@context":"https:\/\/schema.org","@graph":[{"@type":"Article","@id":"https:\/\/masquenoticias.mx\/index.php\/2024\/08\/28\/gobernadora-de-colima-presenta-el-programa-de-reunificacion-familiar-juntos-de-nuevo\/#article","isPartOf":{"@id":"https:\/\/masquenoticias.mx\/index.php\/2024\/08\/28\/gobernadora-de-colima-presenta-el-programa-de-reunificacion-familiar-juntos-de-nuevo\/"},"author":{"name":"Redacci\u00f3n","@id":"https:\/\/masquenoticias.mx\/#\/schema\/person\/544d19989ef23d34615f691f7a96e622"},"headline":"Gobernadora de Colima presenta el Programa de Reunificaci\u00f3n Familiar \u2018Juntos de Nuevo\u2019","datePublished":"2024-08-28T18:17:56+00:00","mainEntityOfPage":{"@id":"https:\/\/masquenoticias.mx\/index.php\/2024\/08\/28\/gobernadora-de-colima-presenta-el-programa-de-reunificacion-familiar-juntos-de-nuevo\/"},"wordCount":477,"commentCount":0,"publisher":{"@id":"https:\/\/masquenoticias.mx\/#organization"},"image":{"@id":"https:\/\/masquenoticias.mx\/index.php\/2024\/08\/28\/gobernadora-de-colima-presenta-el-programa-de-reunificacion-familiar-juntos-de-nuevo\/#primaryimage"},"thumbnailUrl":"https:\/\/i0.wp.com\/masquenoticias.mx\/wp-content\/uploads\/2024\/08\/WhatsApp-Image-2024-08-26-at-6.48.35-PM.jpeg?fit=1280%2C853&ssl=1","keywords":["Indira Vizca\u00edno","Migrantes"],"articleSection":["Estado"],"inLanguage":"es","potentialAction":[{"@type":"CommentAction","name":"Comment","target":["https:\/\/masquenoticias.mx\/index.php\/2024\/08\/28\/gobernadora-de-colima-presenta-el-programa-de-reunificacion-familiar-juntos-de-nuevo\/#respond"]}]},{"@type":"WebPage","@id":"https:\/\/masquenoticias.mx\/index.php\/2024\/08\/28\/gobernadora-de-colima-presenta-el-programa-de-reunificacion-familiar-juntos-de-nuevo\/","url":"https:\/\/masquenoticias.mx\/index.php\/2024\/08\/28\/gobernadora-de-colima-presenta-el-programa-de-reunificacion-familiar-juntos-de-nuevo\/","name":"Gobernadora de Colima presenta el Programa de Reunificaci\u00f3n Familiar \u2018Juntos de Nuevo\u2019 - M\u00e1s Que Noticias","isPartOf":{"@id":"https:\/\/masquenoticias.mx\/#website"},"primaryImageOfPage":{"@id":"https:\/\/masquenoticias.mx\/index.php\/2024\/08\/28\/gobernadora-de-colima-presenta-el-programa-de-reunificacion-familiar-juntos-de-nuevo\/#primaryimage"},"image":{"@id":"https:\/\/masquenoticias.mx\/index.php\/2024\/08\/28\/gobernadora-de-colima-presenta-el-programa-de-reunificacion-familiar-juntos-de-nuevo\/#primaryimage"},"thumbnailUrl":"https:\/\/i0.wp.com\/masquenoticias.mx\/wp-content\/uploads\/2024\/08\/WhatsApp-Image-2024-08-26-at-6.48.35-PM.jpeg?fit=1280%2C853&ssl=1","datePublished":"2024-08-28T18:17:56+00:00","breadcrumb":{"@id":"https:\/\/masquenoticias.mx\/index.php\/2024\/08\/28\/gobernadora-de-colima-presenta-el-programa-de-reunificacion-familiar-juntos-de-nuevo\/#breadcrumb"},"inLanguage":"es","potentialAction":[{"@type":"ReadAction","target":["https:\/\/masquenoticias.mx\/index.php\/2024\/08\/28\/gobernadora-de-colima-presenta-el-programa-de-reunificacion-familiar-juntos-de-nuevo\/"]}]},{"@type":"ImageObject","inLanguage":"es","@id":"https:\/\/masquenoticias.mx\/index.php\/2024\/08\/28\/gobernadora-de-colima-presenta-el-programa-de-reunificacion-familiar-juntos-de-nuevo\/#primaryimage","url":"https:\/\/i0.wp.com\/masquenoticias.mx\/wp-content\/uploads\/2024\/08\/WhatsApp-Image-2024-08-26-at-6.48.35-PM.jpeg?fit=1280%2C853&ssl=1","contentUrl":"https:\/\/i0.wp.com\/masquenoticias.mx\/wp-content\/uploads\/2024\/08\/WhatsApp-Image-2024-08-26-at-6.48.35-PM.jpeg?fit=1280%2C853&ssl=1","width":1280,"height":853},{"@type":"BreadcrumbList","@id":"https:\/\/masquenoticias.mx\/index.php\/2024\/08\/28\/gobernadora-de-colima-presenta-el-programa-de-reunificacion-familiar-juntos-de-nuevo\/#breadcrumb","itemListElement":[{"@type":"ListItem","position":1,"name":"Inicio","item":"https:\/\/masquenoticias.mx\/"},{"@type":"ListItem","position":2,"name":"Gobernadora de Colima presenta el Programa de Reunificaci\u00f3n Familiar \u2018Juntos de Nuevo\u2019"}]},{"@type":"WebSite","@id":"https:\/\/masquenoticias.mx\/#website","url":"https:\/\/masquenoticias.mx\/","name":"M\u00e1s Que Noticias","description":"Noticias de Colima, M\u00e9xico y el Mundo","publisher":{"@id":"https:\/\/masquenoticias.mx\/#organization"},"potentialAction":[{"@type":"SearchAction","target":{"@type":"EntryPoint","urlTemplate":"https:\/\/masquenoticias.mx\/?s={search_term_string}"},"query-input":{"@type":"PropertyValueSpecification","valueRequired":true,"valueName":"search_term_string"}}],"inLanguage":"es"},{"@type":"Organization","@id":"https:\/\/masquenoticias.mx\/#organization","name":"M\u00e1s Que Noticias","url":"https:\/\/masquenoticias.mx\/","logo":{"@type":"ImageObject","inLanguage":"es","@id":"https:\/\/masquenoticias.mx\/#\/schema\/logo\/image\/","url":"https:\/\/i0.wp.com\/masquenoticias.mx\/wp-content\/uploads\/2024\/04\/IMG_0004.png?fit=2560%2C1656&ssl=1","contentUrl":"https:\/\/i0.wp.com\/masquenoticias.mx\/wp-content\/uploads\/2024\/04\/IMG_0004.png?fit=2560%2C1656&ssl=1","width":2560,"height":1656,"caption":"M\u00e1s Que Noticias"},"image":{"@id":"https:\/\/masquenoticias.mx\/#\/schema\/logo\/image\/"},"sameAs":["https:\/\/www.facebook.com\/masquenoticiascolima","https:\/\/x.com\/edgartove","https:\/\/www.instagram.com\/masquenoticiascolima\/"]},{"@type":"Person","@id":"https:\/\/masquenoticias.mx\/#\/schema\/person\/544d19989ef23d34615f691f7a96e622","name":"Redacci\u00f3n","image":{"@type":"ImageObject","inLanguage":"es","@id":"https:\/\/masquenoticias.mx\/#\/schema\/person\/image\/","url":"https:\/\/secure.gravatar.com\/avatar\/7fcc926d5b058d3f3d52d95b4d05dd58?s=96&d=mm&r=g","contentUrl":"https:\/\/secure.gravatar.com\/avatar\/7fcc926d5b058d3f3d52d95b4d05dd58?s=96&d=mm&r=g","caption":"Redacci\u00f3n"},"sameAs":["http:\/\/masquenoticias.mx"],"url":"https:\/\/masquenoticias.mx\/index.php\/author\/edgartovegmail-com\/"}]}},"jetpack_featured_media_url":"https:\/\/i0.wp.com\/masquenoticias.mx\/wp-content\/uploads\/2024\/08\/WhatsApp-Image-2024-08-26-at-6.48.35-PM.jpeg?fit=1280%2C853&ssl=1","blog_post_layout_featured_media_urls":{"thumbnail":["https:\/\/i0.wp.com\/masquenoticias.mx\/wp-content\/uploads\/2024\/08\/WhatsApp-Image-2024-08-26-at-6.48.35-PM.jpeg?resize=150%2C150&ssl=1",150,150,true],"full":["https:\/\/i0.wp.com\/masquenoticias.mx\/wp-content\/uploads\/2024\/08\/WhatsApp-Image-2024-08-26-at-6.48.35-PM.jpeg?fit=1280%2C853&ssl=1",1280,853,false]},"categories_names":{"24":{"name":"Estado","link":"https:\/\/masquenoticias.mx\/index.php\/category\/estado\/"}},"tags_names":{"26":{"name":"Indira Vizca\u00edno","link":"https:\/\/masquenoticias.mx\/index.php\/tag\/indira-vizcaino\/"},"551":{"name":"Migrantes","link":"https:\/\/masquenoticias.mx\/index.php\/tag\/migrantes\/"}},"comments_number":"0","wpmagazine_modules_lite_featured_media_urls":{"thumbnail":["https:\/\/i0.wp.com\/masquenoticias.mx\/wp-content\/uploads\/2024\/08\/WhatsApp-Image-2024-08-26-at-6.48.35-PM.jpeg?resize=150%2C150&ssl=1",150,150,true],"cvmm-medium":["https:\/\/i0.wp.com\/masquenoticias.mx\/wp-content\/uploads\/2024\/08\/WhatsApp-Image-2024-08-26-at-6.48.35-PM.jpeg?resize=300%2C300&ssl=1",300,300,true],"cvmm-medium-plus":["https:\/\/i0.wp.com\/masquenoticias.mx\/wp-content\/uploads\/2024\/08\/WhatsApp-Image-2024-08-26-at-6.48.35-PM.jpeg?resize=305%2C207&ssl=1",305,207,true],"cvmm-portrait":["https:\/\/i0.wp.com\/masquenoticias.mx\/wp-content\/uploads\/2024\/08\/WhatsApp-Image-2024-08-26-at-6.48.35-PM.jpeg?resize=400%2C600&ssl=1",400,600,true],"cvmm-medium-square":["https:\/\/i0.wp.com\/masquenoticias.mx\/wp-content\/uploads\/2024\/08\/WhatsApp-Image-2024-08-26-at-6.48.35-PM.jpeg?resize=600%2C600&ssl=1",600,600,true],"cvmm-large":["https:\/\/i0.wp.com\/masquenoticias.mx\/wp-content\/uploads\/2024\/08\/WhatsApp-Image-2024-08-26-at-6.48.35-PM.jpeg?resize=1024%2C853&ssl=1",1024,853,true],"cvmm-small":["https:\/\/i0.wp.com\/masquenoticias.mx\/wp-content\/uploads\/2024\/08\/WhatsApp-Image-2024-08-26-at-6.48.35-PM.jpeg?resize=130%2C95&ssl=1",130,95,true],"full":["https:\/\/i0.wp.com\/masquenoticias.mx\/wp-content\/uploads\/2024\/08\/WhatsApp-Image-2024-08-26-at-6.48.35-PM.jpeg?fit=1280%2C853&ssl=1",1280,853,false]},"jetpack-related-posts":[],"jetpack_sharing_enabled":true,"jetpack_likes_enabled":true,"jetpack_shortlink":"https:\/\/wp.me\/pf7pkt-2zV","_links":{"self":[{"href":"https:\/\/masquenoticias.mx\/index.php\/wp-json\/wp\/v2\/posts\/9915","targetHints":{"allow":["GET"]}}],"collection":[{"href":"https:\/\/masquenoticias.mx\/index.php\/wp-json\/wp\/v2\/posts"}],"about":[{"href":"https:\/\/masquenoticias.mx\/index.php\/wp-json\/wp\/v2\/types\/post"}],"author":[{"embeddable":true,"href":"https:\/\/masquenoticias.mx\/index.php\/wp-json\/wp\/v2\/users\/1"}],"replies":[{"embeddable":true,"href":"https:\/\/masquenoticias.mx\/index.php\/wp-json\/wp\/v2\/comments?post=9915"}],"version-history":[{"count":1,"href":"https:\/\/masquenoticias.mx\/index.php\/wp-json\/wp\/v2\/posts\/9915\/revisions"}],"predecessor-version":[{"id":9917,"href":"https:\/\/masquenoticias.mx\/index.php\/wp-json\/wp\/v2\/posts\/9915\/revisions\/9917"}],"wp:featuredmedia":[{"embeddable":true,"href":"https:\/\/masquenoticias.mx\/index.php\/wp-json\/wp\/v2\/media\/9916"}],"wp:attachment":[{"href":"https:\/\/masquenoticias.mx\/index.php\/wp-json\/wp\/v2\/media?parent=9915"}],"wp:term":[{"taxonomy":"category","embeddable":true,"href":"https:\/\/masquenoticias.mx\/index.php\/wp-json\/wp\/v2\/categories?post=9915"},{"taxonomy":"post_tag","embeddable":true,"href":"https:\/\/masquenoticias.mx\/index.php\/wp-json\/wp\/v2\/tags?post=9915"}],"curies":[{"name":"wp","href":"https:\/\/api.w.org\/{rel}","templated":true}]}}