{"id":963,"date":"2023-04-22T21:08:31","date_gmt":"2023-04-23T03:08:31","guid":{"rendered":"https:\/\/masquenoticias.mx\/?p=963"},"modified":"2023-04-22T21:20:18","modified_gmt":"2023-04-23T03:20:18","slug":"indira-vivimos-una-etapa-donde-el-cafe-se-esta-revalorando-por-la-sociedad","status":"publish","type":"post","link":"https:\/\/masquenoticias.mx\/index.php\/2023\/04\/22\/indira-vivimos-una-etapa-donde-el-cafe-se-esta-revalorando-por-la-sociedad\/","title":{"rendered":"Indira: vivimos una etapa donde el caf\u00e9 se est\u00e1 revalorando por la sociedad"},"content":{"rendered":"<p><em>Gobernadora de Colima encabez\u00f3 este s\u00e1bado la instalaci\u00f3n del programa de renovaci\u00f3n y rehabilitaci\u00f3n del cultivo, en Cofrad\u00eda de Suchitl\u00e1n<\/em><\/p>\n<p>La gobernadora del estado de Colima, <a href=\"https:\/\/www.facebook.com\/indira.vizcaino.s\">Indira Vizca\u00edno Silva<\/a>, encabez\u00f3 este s\u00e1bado la instalaci\u00f3n del Programa de Renovaci\u00f3n y Rehabilitaci\u00f3n del Cultivo de Caf\u00e9 en la comunidad de Cofrad\u00eda de Suchitl\u00e1n, municipio de Comala, donde se\u00f1al\u00f3 que hoy en d\u00eda, en la entidad y el pa\u00eds se est\u00e1 viviendo una nueva etapa en la que el caf\u00e9 est\u00e1 siendo revalorado por la sociedad.<\/p>\n<p>&#8220;Para nosotras y nosotros es importante decirles que la producci\u00f3n que ustedes desarrollan cuenta con todo el respaldo desde el gobierno estatal y que podamos sumarlo a los esfuerzos que se hacen desde otras \u00e1reas de gobierno, con las que por supuesto tenemos gran coordinaci\u00f3n&#8221; expres\u00f3 la mandataria.<\/p>\n<p><img data-recalc-dims=\"1\" fetchpriority=\"high\" decoding=\"async\" class=\"alignnone wp-image-965 size-large\" src=\"https:\/\/i0.wp.com\/masquenoticias.mx\/wp-content\/uploads\/2023\/04\/WhatsApp-Image-2023-04-22-at-2.51.08-PM.jpeg?resize=640%2C426&#038;ssl=1\" alt=\"\" width=\"640\" height=\"426\" srcset=\"https:\/\/i0.wp.com\/masquenoticias.mx\/wp-content\/uploads\/2023\/04\/WhatsApp-Image-2023-04-22-at-2.51.08-PM.jpeg?resize=1024%2C682&amp;ssl=1 1024w, https:\/\/i0.wp.com\/masquenoticias.mx\/wp-content\/uploads\/2023\/04\/WhatsApp-Image-2023-04-22-at-2.51.08-PM.jpeg?resize=300%2C200&amp;ssl=1 300w, https:\/\/i0.wp.com\/masquenoticias.mx\/wp-content\/uploads\/2023\/04\/WhatsApp-Image-2023-04-22-at-2.51.08-PM.jpeg?resize=768%2C512&amp;ssl=1 768w, https:\/\/i0.wp.com\/masquenoticias.mx\/wp-content\/uploads\/2023\/04\/WhatsApp-Image-2023-04-22-at-2.51.08-PM.jpeg?w=1280&amp;ssl=1 1280w\" sizes=\"(max-width: 640px) 100vw, 640px\" \/><\/p>\n<p>La titular del Poder Ejecutivo estatal destac\u00f3 la coordinaci\u00f3n con el Gobierno de M\u00e9xico, a trav\u00e9s del Programa Sembrando Vida, recordando que precisamente \u00e9ste surge del entendimiento del presidente Andr\u00e9s Manuel L\u00f3pez Obrador, de c\u00f3mo en el pasado los programas del campo se utilizaban y llegaban a los que ten\u00edan las grandes extensiones de tierra, quienes realmente no lo necesitaban.<\/p>\n<p><img data-recalc-dims=\"1\" decoding=\"async\" class=\"alignnone wp-image-966 size-large\" src=\"https:\/\/i0.wp.com\/masquenoticias.mx\/wp-content\/uploads\/2023\/04\/WhatsApp-Image-2023-04-22-at-2.51.08-PM-1.jpeg?resize=640%2C404&#038;ssl=1\" alt=\"\" width=\"640\" height=\"404\" srcset=\"https:\/\/i0.wp.com\/masquenoticias.mx\/wp-content\/uploads\/2023\/04\/WhatsApp-Image-2023-04-22-at-2.51.08-PM-1.jpeg?resize=1024%2C646&amp;ssl=1 1024w, https:\/\/i0.wp.com\/masquenoticias.mx\/wp-content\/uploads\/2023\/04\/WhatsApp-Image-2023-04-22-at-2.51.08-PM-1.jpeg?resize=300%2C189&amp;ssl=1 300w, https:\/\/i0.wp.com\/masquenoticias.mx\/wp-content\/uploads\/2023\/04\/WhatsApp-Image-2023-04-22-at-2.51.08-PM-1.jpeg?resize=768%2C484&amp;ssl=1 768w, https:\/\/i0.wp.com\/masquenoticias.mx\/wp-content\/uploads\/2023\/04\/WhatsApp-Image-2023-04-22-at-2.51.08-PM-1.jpeg?w=1280&amp;ssl=1 1280w\" sizes=\"(max-width: 640px) 100vw, 640px\" \/><\/p>\n<p>Vizca\u00edno Silva agreg\u00f3 que se le apuesta a este programa de renovaci\u00f3n del cultivo, trabajando de manera coordinada con el Gobierno de M\u00e9xico y el programa Sembrando Vida, ya que as\u00ed es como reitera su compromiso de concentrar esfuerzos, para impulsar a todos los sectores que le dan dinamismo a la econom\u00eda local, resaltando que uno de estos sectores es sin duda el de las y los productores de caf\u00e9.<\/p>\n<p>&#8220;Lo que ustedes hacen al sembrar su tierra y al reforestarla, m\u00e1s all\u00e1 del beneficio propio que les genera (&#8230;), para nuestro gobierno tiene un valor incuantificable por el beneficio que tiene para la sociedad&#8221; expres\u00f3 Indira Vizca\u00edno.<\/p>\n","protected":false},"excerpt":{"rendered":"<p>Gobernadora de Colima encabez\u00f3 este s\u00e1bado la instalaci\u00f3n del programa de renovaci\u00f3n y rehabilitaci\u00f3n del cultivo, en Cofrad\u00eda de Suchitl\u00e1n La gobernadora del estado de Colima, Indira Vizca\u00edno Silva, encabez\u00f3 este s\u00e1bado la instalaci\u00f3n del Programa de Renovaci\u00f3n y Rehabilitaci\u00f3n del Cultivo de Caf\u00e9 en la comunidad de Cofrad\u00eda de Suchitl\u00e1n, municipio de Comala, donde [&hellip;]<\/p>\n","protected":false},"author":1,"featured_media":964,"comment_status":"open","ping_status":"open","sticky":false,"template":"","format":"standard","meta":{"_jetpack_memberships_contains_paid_content":false,"footnotes":""},"categories":[24],"tags":[97,72,26],"class_list":["post-963","post","type-post","status-publish","format-standard","has-post-thumbnail","hentry","category-estado","tag-campo","tag-gobierno","tag-indira-vizcaino"],"yoast_head":"<!-- This site is optimized with the Yoast SEO plugin v26.6 - https:\/\/yoast.com\/wordpress\/plugins\/seo\/ -->\n<title>Indira: vivimos una etapa donde el caf\u00e9 se est\u00e1 revalorando por la sociedad - M\u00e1s Que Noticias<\/title>\n<meta name=\"robots\" content=\"index, follow, max-snippet:-1, max-image-preview:large, max-video-preview:-1\" \/>\n<link rel=\"canonical\" href=\"https:\/\/masquenoticias.mx\/index.php\/2023\/04\/22\/indira-vivimos-una-etapa-donde-el-cafe-se-esta-revalorando-por-la-sociedad\/\" \/>\n<meta property=\"og:locale\" content=\"es_MX\" \/>\n<meta property=\"og:type\" content=\"article\" \/>\n<meta property=\"og:title\" content=\"Indira: vivimos una etapa donde el caf\u00e9 se est\u00e1 revalorando por la sociedad - M\u00e1s Que Noticias\" \/>\n<meta property=\"og:description\" content=\"Gobernadora de Colima encabez\u00f3 este s\u00e1bado la instalaci\u00f3n del programa de renovaci\u00f3n y rehabilitaci\u00f3n del cultivo, en Cofrad\u00eda de Suchitl\u00e1n La gobernadora del estado de Colima, Indira Vizca\u00edno Silva, encabez\u00f3 este s\u00e1bado la instalaci\u00f3n del Programa de Renovaci\u00f3n y Rehabilitaci\u00f3n del Cultivo de Caf\u00e9 en la comunidad de Cofrad\u00eda de Suchitl\u00e1n, municipio de Comala, donde [&hellip;]\" \/>\n<meta property=\"og:url\" content=\"https:\/\/masquenoticias.mx\/index.php\/2023\/04\/22\/indira-vivimos-una-etapa-donde-el-cafe-se-esta-revalorando-por-la-sociedad\/\" \/>\n<meta property=\"og:site_name\" content=\"M\u00e1s Que Noticias\" \/>\n<meta property=\"article:publisher\" content=\"https:\/\/www.facebook.com\/masquenoticiascolima\" \/>\n<meta property=\"article:published_time\" content=\"2023-04-23T03:08:31+00:00\" \/>\n<meta property=\"article:modified_time\" content=\"2023-04-23T03:20:18+00:00\" \/>\n<meta property=\"og:image\" content=\"https:\/\/i0.wp.com\/masquenoticias.mx\/wp-content\/uploads\/2023\/04\/WhatsApp-Image-2023-04-22-at-2.51.07-PM.jpeg?fit=1280%2C831&ssl=1\" \/>\n\t<meta property=\"og:image:width\" content=\"1280\" \/>\n\t<meta property=\"og:image:height\" content=\"831\" \/>\n\t<meta property=\"og:image:type\" content=\"image\/jpeg\" \/>\n<meta name=\"author\" content=\"Redacci\u00f3n\" \/>\n<meta name=\"twitter:card\" content=\"summary_large_image\" \/>\n<meta name=\"twitter:creator\" content=\"@edgartove\" \/>\n<meta name=\"twitter:site\" content=\"@edgartove\" \/>\n<meta name=\"twitter:label1\" content=\"Escrito por\" \/>\n\t<meta name=\"twitter:data1\" content=\"Redacci\u00f3n\" \/>\n\t<meta name=\"twitter:label2\" content=\"Tiempo de lectura\" \/>\n\t<meta name=\"twitter:data2\" content=\"2 minutos\" \/>\n<script type=\"application\/ld+json\" class=\"yoast-schema-graph\">{\"@context\":\"https:\/\/schema.org\",\"@graph\":[{\"@type\":\"Article\",\"@id\":\"https:\/\/masquenoticias.mx\/index.php\/2023\/04\/22\/indira-vivimos-una-etapa-donde-el-cafe-se-esta-revalorando-por-la-sociedad\/#article\",\"isPartOf\":{\"@id\":\"https:\/\/masquenoticias.mx\/index.php\/2023\/04\/22\/indira-vivimos-una-etapa-donde-el-cafe-se-esta-revalorando-por-la-sociedad\/\"},\"author\":{\"name\":\"Redacci\u00f3n\",\"@id\":\"https:\/\/masquenoticias.mx\/#\/schema\/person\/544d19989ef23d34615f691f7a96e622\"},\"headline\":\"Indira: vivimos una etapa donde el caf\u00e9 se est\u00e1 revalorando por la sociedad\",\"datePublished\":\"2023-04-23T03:08:31+00:00\",\"dateModified\":\"2023-04-23T03:20:18+00:00\",\"mainEntityOfPage\":{\"@id\":\"https:\/\/masquenoticias.mx\/index.php\/2023\/04\/22\/indira-vivimos-una-etapa-donde-el-cafe-se-esta-revalorando-por-la-sociedad\/\"},\"wordCount\":342,\"commentCount\":0,\"publisher\":{\"@id\":\"https:\/\/masquenoticias.mx\/#organization\"},\"image\":{\"@id\":\"https:\/\/masquenoticias.mx\/index.php\/2023\/04\/22\/indira-vivimos-una-etapa-donde-el-cafe-se-esta-revalorando-por-la-sociedad\/#primaryimage\"},\"thumbnailUrl\":\"https:\/\/i0.wp.com\/masquenoticias.mx\/wp-content\/uploads\/2023\/04\/WhatsApp-Image-2023-04-22-at-2.51.07-PM.jpeg?fit=1280%2C831&ssl=1\",\"keywords\":[\"Campo\",\"Gobierno\",\"Indira Vizca\u00edno\"],\"articleSection\":[\"Estado\"],\"inLanguage\":\"es\",\"potentialAction\":[{\"@type\":\"CommentAction\",\"name\":\"Comment\",\"target\":[\"https:\/\/masquenoticias.mx\/index.php\/2023\/04\/22\/indira-vivimos-una-etapa-donde-el-cafe-se-esta-revalorando-por-la-sociedad\/#respond\"]}]},{\"@type\":\"WebPage\",\"@id\":\"https:\/\/masquenoticias.mx\/index.php\/2023\/04\/22\/indira-vivimos-una-etapa-donde-el-cafe-se-esta-revalorando-por-la-sociedad\/\",\"url\":\"https:\/\/masquenoticias.mx\/index.php\/2023\/04\/22\/indira-vivimos-una-etapa-donde-el-cafe-se-esta-revalorando-por-la-sociedad\/\",\"name\":\"Indira: vivimos una etapa donde el caf\u00e9 se est\u00e1 revalorando por la sociedad - M\u00e1s Que Noticias\",\"isPartOf\":{\"@id\":\"https:\/\/masquenoticias.mx\/#website\"},\"primaryImageOfPage\":{\"@id\":\"https:\/\/masquenoticias.mx\/index.php\/2023\/04\/22\/indira-vivimos-una-etapa-donde-el-cafe-se-esta-revalorando-por-la-sociedad\/#primaryimage\"},\"image\":{\"@id\":\"https:\/\/masquenoticias.mx\/index.php\/2023\/04\/22\/indira-vivimos-una-etapa-donde-el-cafe-se-esta-revalorando-por-la-sociedad\/#primaryimage\"},\"thumbnailUrl\":\"https:\/\/i0.wp.com\/masquenoticias.mx\/wp-content\/uploads\/2023\/04\/WhatsApp-Image-2023-04-22-at-2.51.07-PM.jpeg?fit=1280%2C831&ssl=1\",\"datePublished\":\"2023-04-23T03:08:31+00:00\",\"dateModified\":\"2023-04-23T03:20:18+00:00\",\"breadcrumb\":{\"@id\":\"https:\/\/masquenoticias.mx\/index.php\/2023\/04\/22\/indira-vivimos-una-etapa-donde-el-cafe-se-esta-revalorando-por-la-sociedad\/#breadcrumb\"},\"inLanguage\":\"es\",\"potentialAction\":[{\"@type\":\"ReadAction\",\"target\":[\"https:\/\/masquenoticias.mx\/index.php\/2023\/04\/22\/indira-vivimos-una-etapa-donde-el-cafe-se-esta-revalorando-por-la-sociedad\/\"]}]},{\"@type\":\"ImageObject\",\"inLanguage\":\"es\",\"@id\":\"https:\/\/masquenoticias.mx\/index.php\/2023\/04\/22\/indira-vivimos-una-etapa-donde-el-cafe-se-esta-revalorando-por-la-sociedad\/#primaryimage\",\"url\":\"https:\/\/i0.wp.com\/masquenoticias.mx\/wp-content\/uploads\/2023\/04\/WhatsApp-Image-2023-04-22-at-2.51.07-PM.jpeg?fit=1280%2C831&ssl=1\",\"contentUrl\":\"https:\/\/i0.wp.com\/masquenoticias.mx\/wp-content\/uploads\/2023\/04\/WhatsApp-Image-2023-04-22-at-2.51.07-PM.jpeg?fit=1280%2C831&ssl=1\",\"width\":1280,\"height\":831},{\"@type\":\"BreadcrumbList\",\"@id\":\"https:\/\/masquenoticias.mx\/index.php\/2023\/04\/22\/indira-vivimos-una-etapa-donde-el-cafe-se-esta-revalorando-por-la-sociedad\/#breadcrumb\",\"itemListElement\":[{\"@type\":\"ListItem\",\"position\":1,\"name\":\"Inicio\",\"item\":\"https:\/\/masquenoticias.mx\/\"},{\"@type\":\"ListItem\",\"position\":2,\"name\":\"Indira: vivimos una etapa donde el caf\u00e9 se est\u00e1 revalorando por la sociedad\"}]},{\"@type\":\"WebSite\",\"@id\":\"https:\/\/masquenoticias.mx\/#website\",\"url\":\"https:\/\/masquenoticias.mx\/\",\"name\":\"M\u00e1s Que Noticias\",\"description\":\"Noticias de Colima, M\u00e9xico y el Mundo\",\"publisher\":{\"@id\":\"https:\/\/masquenoticias.mx\/#organization\"},\"potentialAction\":[{\"@type\":\"SearchAction\",\"target\":{\"@type\":\"EntryPoint\",\"urlTemplate\":\"https:\/\/masquenoticias.mx\/?s={search_term_string}\"},\"query-input\":{\"@type\":\"PropertyValueSpecification\",\"valueRequired\":true,\"valueName\":\"search_term_string\"}}],\"inLanguage\":\"es\"},{\"@type\":\"Organization\",\"@id\":\"https:\/\/masquenoticias.mx\/#organization\",\"name\":\"M\u00e1s Que Noticias\",\"url\":\"https:\/\/masquenoticias.mx\/\",\"logo\":{\"@type\":\"ImageObject\",\"inLanguage\":\"es\",\"@id\":\"https:\/\/masquenoticias.mx\/#\/schema\/logo\/image\/\",\"url\":\"https:\/\/i0.wp.com\/masquenoticias.mx\/wp-content\/uploads\/2024\/04\/IMG_0004.png?fit=2560%2C1656&ssl=1\",\"contentUrl\":\"https:\/\/i0.wp.com\/masquenoticias.mx\/wp-content\/uploads\/2024\/04\/IMG_0004.png?fit=2560%2C1656&ssl=1\",\"width\":2560,\"height\":1656,\"caption\":\"M\u00e1s Que Noticias\"},\"image\":{\"@id\":\"https:\/\/masquenoticias.mx\/#\/schema\/logo\/image\/\"},\"sameAs\":[\"https:\/\/www.facebook.com\/masquenoticiascolima\",\"https:\/\/x.com\/edgartove\",\"https:\/\/www.instagram.com\/masquenoticiascolima\/\"]},{\"@type\":\"Person\",\"@id\":\"https:\/\/masquenoticias.mx\/#\/schema\/person\/544d19989ef23d34615f691f7a96e622\",\"name\":\"Redacci\u00f3n\",\"image\":{\"@type\":\"ImageObject\",\"inLanguage\":\"es\",\"@id\":\"https:\/\/masquenoticias.mx\/#\/schema\/person\/image\/\",\"url\":\"https:\/\/secure.gravatar.com\/avatar\/7fcc926d5b058d3f3d52d95b4d05dd58?s=96&d=mm&r=g\",\"contentUrl\":\"https:\/\/secure.gravatar.com\/avatar\/7fcc926d5b058d3f3d52d95b4d05dd58?s=96&d=mm&r=g\",\"caption\":\"Redacci\u00f3n\"},\"sameAs\":[\"http:\/\/masquenoticias.mx\"],\"url\":\"https:\/\/masquenoticias.mx\/index.php\/author\/edgartovegmail-com\/\"}]}<\/script>\n<!-- \/ Yoast SEO plugin. -->","yoast_head_json":{"title":"Indira: vivimos una etapa donde el caf\u00e9 se est\u00e1 revalorando por la sociedad - M\u00e1s Que Noticias","robots":{"index":"index","follow":"follow","max-snippet":"max-snippet:-1","max-image-preview":"max-image-preview:large","max-video-preview":"max-video-preview:-1"},"canonical":"https:\/\/masquenoticias.mx\/index.php\/2023\/04\/22\/indira-vivimos-una-etapa-donde-el-cafe-se-esta-revalorando-por-la-sociedad\/","og_locale":"es_MX","og_type":"article","og_title":"Indira: vivimos una etapa donde el caf\u00e9 se est\u00e1 revalorando por la sociedad - M\u00e1s Que Noticias","og_description":"Gobernadora de Colima encabez\u00f3 este s\u00e1bado la instalaci\u00f3n del programa de renovaci\u00f3n y rehabilitaci\u00f3n del cultivo, en Cofrad\u00eda de Suchitl\u00e1n La gobernadora del estado de Colima, Indira Vizca\u00edno Silva, encabez\u00f3 este s\u00e1bado la instalaci\u00f3n del Programa de Renovaci\u00f3n y Rehabilitaci\u00f3n del Cultivo de Caf\u00e9 en la comunidad de Cofrad\u00eda de Suchitl\u00e1n, municipio de Comala, donde [&hellip;]","og_url":"https:\/\/masquenoticias.mx\/index.php\/2023\/04\/22\/indira-vivimos-una-etapa-donde-el-cafe-se-esta-revalorando-por-la-sociedad\/","og_site_name":"M\u00e1s Que Noticias","article_publisher":"https:\/\/www.facebook.com\/masquenoticiascolima","article_published_time":"2023-04-23T03:08:31+00:00","article_modified_time":"2023-04-23T03:20:18+00:00","og_image":[{"width":1280,"height":831,"url":"https:\/\/i0.wp.com\/masquenoticias.mx\/wp-content\/uploads\/2023\/04\/WhatsApp-Image-2023-04-22-at-2.51.07-PM.jpeg?fit=1280%2C831&ssl=1","type":"image\/jpeg"}],"author":"Redacci\u00f3n","twitter_card":"summary_large_image","twitter_creator":"@edgartove","twitter_site":"@edgartove","twitter_misc":{"Escrito por":"Redacci\u00f3n","Tiempo de lectura":"2 minutos"},"schema":{"@context":"https:\/\/schema.org","@graph":[{"@type":"Article","@id":"https:\/\/masquenoticias.mx\/index.php\/2023\/04\/22\/indira-vivimos-una-etapa-donde-el-cafe-se-esta-revalorando-por-la-sociedad\/#article","isPartOf":{"@id":"https:\/\/masquenoticias.mx\/index.php\/2023\/04\/22\/indira-vivimos-una-etapa-donde-el-cafe-se-esta-revalorando-por-la-sociedad\/"},"author":{"name":"Redacci\u00f3n","@id":"https:\/\/masquenoticias.mx\/#\/schema\/person\/544d19989ef23d34615f691f7a96e622"},"headline":"Indira: vivimos una etapa donde el caf\u00e9 se est\u00e1 revalorando por la sociedad","datePublished":"2023-04-23T03:08:31+00:00","dateModified":"2023-04-23T03:20:18+00:00","mainEntityOfPage":{"@id":"https:\/\/masquenoticias.mx\/index.php\/2023\/04\/22\/indira-vivimos-una-etapa-donde-el-cafe-se-esta-revalorando-por-la-sociedad\/"},"wordCount":342,"commentCount":0,"publisher":{"@id":"https:\/\/masquenoticias.mx\/#organization"},"image":{"@id":"https:\/\/masquenoticias.mx\/index.php\/2023\/04\/22\/indira-vivimos-una-etapa-donde-el-cafe-se-esta-revalorando-por-la-sociedad\/#primaryimage"},"thumbnailUrl":"https:\/\/i0.wp.com\/masquenoticias.mx\/wp-content\/uploads\/2023\/04\/WhatsApp-Image-2023-04-22-at-2.51.07-PM.jpeg?fit=1280%2C831&ssl=1","keywords":["Campo","Gobierno","Indira Vizca\u00edno"],"articleSection":["Estado"],"inLanguage":"es","potentialAction":[{"@type":"CommentAction","name":"Comment","target":["https:\/\/masquenoticias.mx\/index.php\/2023\/04\/22\/indira-vivimos-una-etapa-donde-el-cafe-se-esta-revalorando-por-la-sociedad\/#respond"]}]},{"@type":"WebPage","@id":"https:\/\/masquenoticias.mx\/index.php\/2023\/04\/22\/indira-vivimos-una-etapa-donde-el-cafe-se-esta-revalorando-por-la-sociedad\/","url":"https:\/\/masquenoticias.mx\/index.php\/2023\/04\/22\/indira-vivimos-una-etapa-donde-el-cafe-se-esta-revalorando-por-la-sociedad\/","name":"Indira: vivimos una etapa donde el caf\u00e9 se est\u00e1 revalorando por la sociedad - M\u00e1s Que Noticias","isPartOf":{"@id":"https:\/\/masquenoticias.mx\/#website"},"primaryImageOfPage":{"@id":"https:\/\/masquenoticias.mx\/index.php\/2023\/04\/22\/indira-vivimos-una-etapa-donde-el-cafe-se-esta-revalorando-por-la-sociedad\/#primaryimage"},"image":{"@id":"https:\/\/masquenoticias.mx\/index.php\/2023\/04\/22\/indira-vivimos-una-etapa-donde-el-cafe-se-esta-revalorando-por-la-sociedad\/#primaryimage"},"thumbnailUrl":"https:\/\/i0.wp.com\/masquenoticias.mx\/wp-content\/uploads\/2023\/04\/WhatsApp-Image-2023-04-22-at-2.51.07-PM.jpeg?fit=1280%2C831&ssl=1","datePublished":"2023-04-23T03:08:31+00:00","dateModified":"2023-04-23T03:20:18+00:00","breadcrumb":{"@id":"https:\/\/masquenoticias.mx\/index.php\/2023\/04\/22\/indira-vivimos-una-etapa-donde-el-cafe-se-esta-revalorando-por-la-sociedad\/#breadcrumb"},"inLanguage":"es","potentialAction":[{"@type":"ReadAction","target":["https:\/\/masquenoticias.mx\/index.php\/2023\/04\/22\/indira-vivimos-una-etapa-donde-el-cafe-se-esta-revalorando-por-la-sociedad\/"]}]},{"@type":"ImageObject","inLanguage":"es","@id":"https:\/\/masquenoticias.mx\/index.php\/2023\/04\/22\/indira-vivimos-una-etapa-donde-el-cafe-se-esta-revalorando-por-la-sociedad\/#primaryimage","url":"https:\/\/i0.wp.com\/masquenoticias.mx\/wp-content\/uploads\/2023\/04\/WhatsApp-Image-2023-04-22-at-2.51.07-PM.jpeg?fit=1280%2C831&ssl=1","contentUrl":"https:\/\/i0.wp.com\/masquenoticias.mx\/wp-content\/uploads\/2023\/04\/WhatsApp-Image-2023-04-22-at-2.51.07-PM.jpeg?fit=1280%2C831&ssl=1","width":1280,"height":831},{"@type":"BreadcrumbList","@id":"https:\/\/masquenoticias.mx\/index.php\/2023\/04\/22\/indira-vivimos-una-etapa-donde-el-cafe-se-esta-revalorando-por-la-sociedad\/#breadcrumb","itemListElement":[{"@type":"ListItem","position":1,"name":"Inicio","item":"https:\/\/masquenoticias.mx\/"},{"@type":"ListItem","position":2,"name":"Indira: vivimos una etapa donde el caf\u00e9 se est\u00e1 revalorando por la sociedad"}]},{"@type":"WebSite","@id":"https:\/\/masquenoticias.mx\/#website","url":"https:\/\/masquenoticias.mx\/","name":"M\u00e1s Que Noticias","description":"Noticias de Colima, M\u00e9xico y el Mundo","publisher":{"@id":"https:\/\/masquenoticias.mx\/#organization"},"potentialAction":[{"@type":"SearchAction","target":{"@type":"EntryPoint","urlTemplate":"https:\/\/masquenoticias.mx\/?s={search_term_string}"},"query-input":{"@type":"PropertyValueSpecification","valueRequired":true,"valueName":"search_term_string"}}],"inLanguage":"es"},{"@type":"Organization","@id":"https:\/\/masquenoticias.mx\/#organization","name":"M\u00e1s Que Noticias","url":"https:\/\/masquenoticias.mx\/","logo":{"@type":"ImageObject","inLanguage":"es","@id":"https:\/\/masquenoticias.mx\/#\/schema\/logo\/image\/","url":"https:\/\/i0.wp.com\/masquenoticias.mx\/wp-content\/uploads\/2024\/04\/IMG_0004.png?fit=2560%2C1656&ssl=1","contentUrl":"https:\/\/i0.wp.com\/masquenoticias.mx\/wp-content\/uploads\/2024\/04\/IMG_0004.png?fit=2560%2C1656&ssl=1","width":2560,"height":1656,"caption":"M\u00e1s Que Noticias"},"image":{"@id":"https:\/\/masquenoticias.mx\/#\/schema\/logo\/image\/"},"sameAs":["https:\/\/www.facebook.com\/masquenoticiascolima","https:\/\/x.com\/edgartove","https:\/\/www.instagram.com\/masquenoticiascolima\/"]},{"@type":"Person","@id":"https:\/\/masquenoticias.mx\/#\/schema\/person\/544d19989ef23d34615f691f7a96e622","name":"Redacci\u00f3n","image":{"@type":"ImageObject","inLanguage":"es","@id":"https:\/\/masquenoticias.mx\/#\/schema\/person\/image\/","url":"https:\/\/secure.gravatar.com\/avatar\/7fcc926d5b058d3f3d52d95b4d05dd58?s=96&d=mm&r=g","contentUrl":"https:\/\/secure.gravatar.com\/avatar\/7fcc926d5b058d3f3d52d95b4d05dd58?s=96&d=mm&r=g","caption":"Redacci\u00f3n"},"sameAs":["http:\/\/masquenoticias.mx"],"url":"https:\/\/masquenoticias.mx\/index.php\/author\/edgartovegmail-com\/"}]}},"jetpack_featured_media_url":"https:\/\/i0.wp.com\/masquenoticias.mx\/wp-content\/uploads\/2023\/04\/WhatsApp-Image-2023-04-22-at-2.51.07-PM.jpeg?fit=1280%2C831&ssl=1","blog_post_layout_featured_media_urls":{"thumbnail":["https:\/\/i0.wp.com\/masquenoticias.mx\/wp-content\/uploads\/2023\/04\/WhatsApp-Image-2023-04-22-at-2.51.07-PM.jpeg?resize=150%2C150&ssl=1",150,150,true],"full":["https:\/\/i0.wp.com\/masquenoticias.mx\/wp-content\/uploads\/2023\/04\/WhatsApp-Image-2023-04-22-at-2.51.07-PM.jpeg?fit=1280%2C831&ssl=1",1280,831,false]},"categories_names":{"24":{"name":"Estado","link":"https:\/\/masquenoticias.mx\/index.php\/category\/estado\/"}},"tags_names":{"97":{"name":"Campo","link":"https:\/\/masquenoticias.mx\/index.php\/tag\/campo\/"},"72":{"name":"Gobierno","link":"https:\/\/masquenoticias.mx\/index.php\/tag\/gobierno\/"},"26":{"name":"Indira Vizca\u00edno","link":"https:\/\/masquenoticias.mx\/index.php\/tag\/indira-vizcaino\/"}},"comments_number":"0","wpmagazine_modules_lite_featured_media_urls":{"thumbnail":["https:\/\/i0.wp.com\/masquenoticias.mx\/wp-content\/uploads\/2023\/04\/WhatsApp-Image-2023-04-22-at-2.51.07-PM.jpeg?resize=150%2C150&ssl=1",150,150,true],"cvmm-medium":["https:\/\/i0.wp.com\/masquenoticias.mx\/wp-content\/uploads\/2023\/04\/WhatsApp-Image-2023-04-22-at-2.51.07-PM.jpeg?resize=300%2C300&ssl=1",300,300,true],"cvmm-medium-plus":["https:\/\/i0.wp.com\/masquenoticias.mx\/wp-content\/uploads\/2023\/04\/WhatsApp-Image-2023-04-22-at-2.51.07-PM.jpeg?resize=305%2C207&ssl=1",305,207,true],"cvmm-portrait":["https:\/\/i0.wp.com\/masquenoticias.mx\/wp-content\/uploads\/2023\/04\/WhatsApp-Image-2023-04-22-at-2.51.07-PM.jpeg?resize=400%2C600&ssl=1",400,600,true],"cvmm-medium-square":["https:\/\/i0.wp.com\/masquenoticias.mx\/wp-content\/uploads\/2023\/04\/WhatsApp-Image-2023-04-22-at-2.51.07-PM.jpeg?resize=600%2C600&ssl=1",600,600,true],"cvmm-large":["https:\/\/i0.wp.com\/masquenoticias.mx\/wp-content\/uploads\/2023\/04\/WhatsApp-Image-2023-04-22-at-2.51.07-PM.jpeg?resize=1024%2C831&ssl=1",1024,831,true],"cvmm-small":["https:\/\/i0.wp.com\/masquenoticias.mx\/wp-content\/uploads\/2023\/04\/WhatsApp-Image-2023-04-22-at-2.51.07-PM.jpeg?resize=130%2C95&ssl=1",130,95,true],"full":["https:\/\/i0.wp.com\/masquenoticias.mx\/wp-content\/uploads\/2023\/04\/WhatsApp-Image-2023-04-22-at-2.51.07-PM.jpeg?fit=1280%2C831&ssl=1",1280,831,false]},"jetpack-related-posts":[],"jetpack_sharing_enabled":true,"jetpack_likes_enabled":true,"jetpack_shortlink":"https:\/\/wp.me\/pf7pkt-fx","_links":{"self":[{"href":"https:\/\/masquenoticias.mx\/index.php\/wp-json\/wp\/v2\/posts\/963","targetHints":{"allow":["GET"]}}],"collection":[{"href":"https:\/\/masquenoticias.mx\/index.php\/wp-json\/wp\/v2\/posts"}],"about":[{"href":"https:\/\/masquenoticias.mx\/index.php\/wp-json\/wp\/v2\/types\/post"}],"author":[{"embeddable":true,"href":"https:\/\/masquenoticias.mx\/index.php\/wp-json\/wp\/v2\/users\/1"}],"replies":[{"embeddable":true,"href":"https:\/\/masquenoticias.mx\/index.php\/wp-json\/wp\/v2\/comments?post=963"}],"version-history":[{"count":0,"href":"https:\/\/masquenoticias.mx\/index.php\/wp-json\/wp\/v2\/posts\/963\/revisions"}],"wp:featuredmedia":[{"embeddable":true,"href":"https:\/\/masquenoticias.mx\/index.php\/wp-json\/wp\/v2\/media\/964"}],"wp:attachment":[{"href":"https:\/\/masquenoticias.mx\/index.php\/wp-json\/wp\/v2\/media?parent=963"}],"wp:term":[{"taxonomy":"category","embeddable":true,"href":"https:\/\/masquenoticias.mx\/index.php\/wp-json\/wp\/v2\/categories?post=963"},{"taxonomy":"post_tag","embeddable":true,"href":"https:\/\/masquenoticias.mx\/index.php\/wp-json\/wp\/v2\/tags?post=963"}],"curies":[{"name":"wp","href":"https:\/\/api.w.org\/{rel}","templated":true}]}}