{"id":9242,"date":"2024-07-30T14:01:54","date_gmt":"2024-07-30T20:01:54","guid":{"rendered":"https:\/\/masquenoticias.mx\/?p=9242"},"modified":"2024-07-30T14:01:54","modified_gmt":"2024-07-30T20:01:54","slug":"blanca-la-paloma-entrevista-al-autor-y-su-palojima-inmersion-al-mundo-literario-infantil-y-juvenil","status":"publish","type":"post","link":"https:\/\/masquenoticias.mx\/index.php\/2024\/07\/30\/blanca-la-paloma-entrevista-al-autor-y-su-palojima-inmersion-al-mundo-literario-infantil-y-juvenil\/","title":{"rendered":"Blanca, la paloma: Entrevista al autor y su paloj\u00edma\u00a0inmersi\u00f3n al mundo literario infantil y juvenil"},"content":{"rendered":"<div class=\"nLG8d5\" data-hook=\"post-description\">\n<article class=\"blog-post-page-font\">\n<div class=\"post-content__body stSKMK\">\n<div class=\"moHCnT\">\n<div class=\"moHCnT\">\n<div class=\"fTEXDR\" data-rce-version=\"10.82.3\">\n<div class=\"ZfUG-\" dir=\"ltr\" data-id=\"content-viewer\">\n<div class=\"d5f0O\">\n<div class=\"FZS4q\">\n<div data-breakout=\"normal\">\n<p id=\"viewer-utb0h482\" class=\"bbl5c dkFHG WZ-z2 _-7CKp\" dir=\"auto\"><strong>Por: Alberto Llanes\/Jennifer Estefan\u00eda Arreola Murgu\u00eda<\/strong><\/p>\n<\/div>\n<div data-breakout=\"normal\">\n<p id=\"viewer-11r3x500\" class=\"bbl5c dkFHG WZ-z2 _-7CKp\" dir=\"auto\"><span class=\"zKS-7 WZ-z2\">Aprovechar\u00e9 el espacio que me da esta columna, para publicar una entrevista que me hizo mi alumna Jennifer Estefan\u00eda Arreola Murgu\u00eda de sexto semestre de la carrera de Letras Hispanoamericanas de la Universidad de Colima, a qui\u00e9n invit\u00e9, primero a leer mi libro \u00aben v\u00edas de publicaci\u00f3n\u00bb, posterior a escribir la cuarta de forros y, por \u00faltimo a comentarlo dentro de la Feria Universitaria del Libro Altexto\u2026 resultado de ello, Jenny \u00abcomo le digo de cari\u00f1o\u00bb, me hizo esta entrevista que considero especial y como pocas que me han hecho; la entrevista es un gran g\u00e9nero literario por el cual podemos conocer m\u00e1s de fondo a una persona y aqu\u00ed, Jenny, saca lo mejor \u00absi es que tengo algo as\u00ed, mejor, bueno o bonito\u00bb de un tal Alberto Llanes de cuyo nombre no quiero acordarme aunque, vaya, creo que ya lo hice y me acord\u00e9\u2026<\/span><\/p>\n<\/div>\n<div data-breakout=\"normal\">\n<p id=\"viewer-yu1c3506\" class=\"bbl5c dkFHG WZ-z2 _-7CKp\" dir=\"auto\"><span class=\"zKS-7 WZ-z2\"><strong>Semblanza del autor<\/strong><\/span><\/p>\n<\/div>\n<div data-breakout=\"normal\">\n<p id=\"viewer-uw34u508\" class=\"bbl5c dkFHG WZ-z2 _-7CKp\" dir=\"auto\"><span class=\"zKS-7 WZ-z2\">Jos\u00e9 Alberto Llanes Castillo \u00ab1978\u00bb es un narrador y editor. Licenciado en Letras y Periodismo por la Universidad de Colima y egresado de la maestr\u00eda en Literatura Hispanoamericana en la misma instituci\u00f3n. Algunas de sus obras son: <em>A la cuenta de diez, Greguer\u00edas de la A a la Zeta, Maicro Machines, De amor, muerte y moscas, De entre sue\u00f1os y perversiones, La ruleta de la vida, Muertos en espera y otros cuentos, Una antolog\u00eda f\u00fanebre: Los muchos rostros de la muerte, agenda mortal, A la cuenta de nueve, A la cuenta de diez, De prosas, f\u00e1bulas, sue\u00f1os, presagios y otras emociones y de Blanca, la paloma.<\/em><\/span><\/p>\n<\/div>\n<div data-breakout=\"normal\">\n<div id=\"viewer-9rtxb3068\" class=\"bbl5c dkFHG _8UBmS _-7CKp\" dir=\"auto\"><span class=\"zKS-7\">\u00a0<\/span><\/div>\n<\/div>\n<div data-hook=\"rcv-block13\"><\/div>\n<div data-breakout=\"normal\">\n<div id=\"viewer-ln1bz3067\" class=\"XFQsU\">\n<div class=\"_4zxWp OLGIw\">\n<figure class=\"-NM7M\" tabindex=\"0\" role=\"button\" data-hook=\"imageViewer\">\n<div id=\"ln1bz3067\" class=\"AE5h6 _3EJkQ bk5lD\"><img data-recalc-dims=\"1\" decoding=\"async\" src=\"https:\/\/i0.wp.com\/static.wixstatic.com\/media\/a65db5_31c9061b29c04c3fb635d37e2deae424~mv2.jpeg\/v1\/fill\/w_350%2Ch_360%2Cal_c%2Cq_80%2Cusm_0.66_1.00_0.01%2Cenc_auto\/a65db5_31c9061b29c04c3fb635d37e2deae424~mv2.jpeg?w=640&#038;ssl=1\" alt=\"\" data-pin-url=\"https:\/\/www.lalealtad.com\/single-post\/en-palabras-llanes-blanca-la-paloma-entrevista-al-autor-y-su-paloj\u00edma-inmersi\u00f3nal-mundo-literario\" data-pin-media=\"https:\/\/static.wixstatic.com\/media\/a65db5_31c9061b29c04c3fb635d37e2deae424~mv2.jpeg\/v1\/fill\/w_1557,h_1600,al_c,q_90\/a65db5_31c9061b29c04c3fb635d37e2deae424~mv2.jpeg\" data-load-done=\"\" \/><\/div>\n<\/figure>\n<\/div>\n<\/div>\n<\/div>\n<div data-hook=\"rcv-block14\"><\/div>\n<div data-breakout=\"normal\">\n<p id=\"viewer-9q23b511\" class=\"bbl5c dkFHG WZ-z2 _-7CKp\" dir=\"auto\"><span class=\"zKS-7 WZ-z2\"><strong>JENNIFER:<\/strong> Menciona usted en la contraportada de su libro, Blanca, la paloma, \u201c[&#8230;] Llanes pretende llegar a otro p\u00fablico, el infantil-juvenil y deshacerse, aunque sea un poquito, de su fama de escritor perverso y er\u00f3tico.\u201d \u00bfCu\u00e1l fue el motivo de esta decisi\u00f3n?<\/span><\/p>\n<\/div>\n<div data-hook=\"rcv-block17\"><\/div>\n<div data-breakout=\"normal\">\n<p id=\"viewer-kwcjk514\" class=\"bbl5c dkFHG WZ-z2 _-7CKp\" dir=\"auto\"><span class=\"zKS-7 WZ-z2\"><strong>ALBERTO:<\/strong> Desde hace mucho tiempo hab\u00eda querido, en mi peque\u00f1a obra, abordar el tema infantil-juvenil con un toque de humor, como me gusta escribir y como me gusta encontrarme historias que me provoquen risa, me gusta mucho la literatura con esta tem\u00e1tica y, ahora que soy padre, he vivido de cerca esta maravilla que es ver crecer; sin darme cuenta yo mismo he crecido y he visto crecer a mis estudiantes. Sin embargo, escribirles, dejar huella en ellos\/as, es tambi\u00e9n valioso, necesario; por eso di el brinco. No es f\u00e1cil, es un p\u00fablico inteligente, exigente, sabio, capaz, que si le gustas \u00abcon lo que escribes\u00bb te lo dice, pero si no les gustas tambi\u00e9n te lo dicen, es un p\u00fablico sincero, honesto y en estos d\u00edas, es un p\u00fablico que maneja la tecnolog\u00eda m\u00e1s y mejor que yo, y es, en definitiva, toda una aventura. Por eso me quise lanzar. He le\u00eddo mucha literatura con este enfoque y no quer\u00eda irme en blanco. Sin por lo menos, haberlo intentado.<\/span><\/p>\n<\/div>\n<div data-breakout=\"normal\">\n<p id=\"viewer-dyqzw517\" class=\"bbl5c dkFHG WZ-z2 _-7CKp\" dir=\"auto\"><span class=\"zKS-7 WZ-z2\"><strong>J:<\/strong> \u00bfDe d\u00f3nde nace este libro?<\/span><\/p>\n<\/div>\n<div data-breakout=\"normal\">\n<p id=\"viewer-8t02w520\" class=\"bbl5c dkFHG WZ-z2 _-7CKp\" dir=\"auto\"><span class=\"zKS-7 WZ-z2\"><strong>A:<\/strong>\u00a0El libro de <em>Blanca, la paloma<\/em> nace de la idea que me dej\u00f3 mi t\u00eda para quien puede ser un homenaje. Como un ejercicio literario ella me dio tres pistas, claves y yo arm\u00e9 el resto, espero que esta historia sea del agrado del p\u00fablico y que vuele por muchas partes, por muchos ojos, por muchas personas. Que se adentre en las entra\u00f1as de las casas colimotas y no colimotas, vaya, que vuele y que salga del terru\u00f1o, eso ser\u00eda muy lindo para mi t\u00eda, para m\u00ed\u2026<\/span><\/p>\n<\/div>\n<div data-breakout=\"normal\">\n<p id=\"viewer-be2h0527\" class=\"bbl5c dkFHG WZ-z2 _-7CKp\" dir=\"auto\"><span class=\"zKS-7 WZ-z2\"><strong>J:<\/strong> \u00bfCu\u00e1l es el mayor desaf\u00edo al que se encontr\u00f3 como autor, entendiendo que usted es m\u00e1s le\u00eddo por un p\u00fablico adulto, al escribir para un p\u00fablico infantil-juvenil?<\/span><\/p>\n<\/div>\n<div data-breakout=\"normal\">\n<p id=\"viewer-zpyem530\" class=\"bbl5c dkFHG WZ-z2 _-7CKp\" dir=\"auto\"><span class=\"zKS-7 WZ-z2\"><strong>A:<\/strong> El mayor reto es atrapar al p\u00fablico de esas edades, no es f\u00e1cil, pero hay que intentarlo, como siempre digo, el no ya lo tenemos ganado, vamos por el s\u00ed y si a un ni\u00f1o o ni\u00f1a le gusta esta historia, creo que he puesto mi granito de arena y podr\u00eda decir que lo intent\u00e9 y lo volver\u00eda a intentar, a ver hasta d\u00f3nde me lleva, nos lleva esta aventura literaria<\/span><\/p>\n<\/div>\n<div data-breakout=\"normal\">\n<p id=\"viewer-c5vlm533\" class=\"bbl5c dkFHG WZ-z2 _-7CKp\" dir=\"auto\"><span class=\"zKS-7 WZ-z2\"><strong>J:<\/strong> Bas\u00e1ndose en esta nueva experiencia como autor de literatura infantil \u00bfVolver\u00eda a hacerlo? \u00bfPor qu\u00e9?<\/span><\/p>\n<\/div>\n<div data-breakout=\"normal\">\n<p id=\"viewer-mpwdq536\" class=\"bbl5c dkFHG WZ-z2 _-7CKp\" dir=\"auto\"><span class=\"zKS-7 WZ-z2\"><strong>A:<\/strong>\u00a0S\u00ed, como dije, claro que lo volver\u00eda a hacer, lo voy a volver a hacer; de hecho, ya estoy trabajando en otro documento que se titular\u00e1: <em>El extra\u00f1o caso de la desaparici\u00f3n de los libros en la biblioteca central<\/em>, una historia de amor, literatura, mucho rock and roll y calabazas aplastadas.<\/span><\/p>\n<\/div>\n<div data-breakout=\"normal\">\n<div id=\"viewer-pwzrt3424\" class=\"XFQsU\">\n<div class=\"_4zxWp OLGIw\">\n<figure class=\"-NM7M\" tabindex=\"0\" role=\"button\" data-hook=\"imageViewer\">\n<div id=\"pwzrt3424\" class=\"AE5h6 _3EJkQ bk5lD\"><img data-recalc-dims=\"1\" decoding=\"async\" src=\"https:\/\/i0.wp.com\/static.wixstatic.com\/media\/a65db5_3f2118d25bcf4a7dbf01b6c1cc01249c~mv2.jpeg\/v1\/fill\/w_350%2Ch_314%2Cal_c%2Cq_80%2Cusm_0.66_1.00_0.01%2Cenc_auto\/a65db5_3f2118d25bcf4a7dbf01b6c1cc01249c~mv2.jpeg?w=640&#038;ssl=1\" alt=\"\" data-pin-url=\"https:\/\/www.lalealtad.com\/single-post\/en-palabras-llanes-blanca-la-paloma-entrevista-al-autor-y-su-paloj\u00edma-inmersi\u00f3nal-mundo-literario\" data-pin-media=\"https:\/\/static.wixstatic.com\/media\/a65db5_3f2118d25bcf4a7dbf01b6c1cc01249c~mv2.jpeg\/v1\/fill\/w_1600,h_1436,al_c,q_90\/a65db5_3f2118d25bcf4a7dbf01b6c1cc01249c~mv2.jpeg\" data-load-done=\"\" \/><\/div>\n<\/figure>\n<\/div>\n<\/div>\n<\/div>\n<div data-breakout=\"normal\">\n<p id=\"viewer-shcco541\" class=\"bbl5c dkFHG WZ-z2 _-7CKp\" dir=\"auto\"><span class=\"zKS-7 WZ-z2\"><strong>J:<\/strong> \u00bfQu\u00e9 es lo que rescatar\u00eda de su experiencia como autor en torno a este nuevo libro?<\/span><\/p>\n<\/div>\n<div data-breakout=\"normal\">\n<p id=\"viewer-jp0yc544\" class=\"bbl5c dkFHG WZ-z2 _-7CKp\" dir=\"auto\"><span class=\"zKS-7 WZ-z2\"><strong>A:<\/strong>\u00a0Definitivamente rescato el trabajar con las infancias, es necesario guiarles, orientarles en este mundo tecnol\u00f3gico y mira que no estoy para nada peleado con la tecnolog\u00eda \u00abo a la mejor s\u00ed porque mi hijo maneja mi celular mejor que yo mismo\u00bb pero a lo que voy es en esta era de tanta tecnolog\u00eda, es necesario regresar a los b\u00e1sicos y el libro es uno de ellos, escribir a mano, leerles cuentos en la noche para dormir, pero leerles libros en la tarde para hacer la digesti\u00f3n y leerles siempre historias; en la ma\u00f1ana para desayunar y activar el cuerpo, el sistema, el organismo, llevarlos a librer\u00edas, bibliotecas, empaparles desde la primera infancia para que crezcan sanos y fuertes literariamente hablando. No hay que descuidar a las infancias.<\/span><\/p>\n<\/div>\n<div data-hook=\"rcv-block36\"><\/div>\n<div data-breakout=\"normal\">\n<div id=\"viewer-7zk191324\" class=\"bbl5c dkFHG WZ-z2 _-7CKp\" dir=\"auto\"><strong>J:<\/strong>\u00a0\u00bfQu\u00e9 consejo les dar\u00eda a los nuevos escritores, sean j\u00f3venes o adultos?<\/div>\n<\/div>\n<div data-hook=\"rcv-block38\"><\/div>\n<div data-breakout=\"normal\">\n<div id=\"viewer-xqyby1262\" class=\"bbl5c dkFHG WZ-z2 _-7CKp\" dir=\"auto\"><strong>A:<\/strong> No s\u00e9 si sea la persona m\u00e1s adecuada para dar consejos y mucho menos de escritura porque ni yo mismo s\u00e9 a d\u00f3nde me llevar\u00e1 todo esto y si lo que hago, lo estoy haciendo bien o mal bien o mal. Lo que s\u00ed puedo hacer o decir, es que todo hay que hacerlo con mucha pasi\u00f3n, como si se nos fuera la vida en ello, seguro estoy que si nos gusta le gustar\u00e1 a alguien m\u00e1s. Hay que trabajar trabajar y trabajar y escribir escribir y escribir y leer leer y leer como si no hubiera un ma\u00f1ana, ese ser\u00eda mi mejor y m\u00e1s grande consejo, sudar la playera escribiendo-leyendo-trabajando.<\/div>\n<\/div>\n<div data-breakout=\"normal\">\n<p id=\"viewer-6vwy3553\" class=\"bbl5c dkFHG WZ-z2 _-7CKp\" dir=\"auto\"><span class=\"zKS-7 WZ-z2\"><strong>J:<\/strong> \u00bfCree que la labor literaria tiene un impacto en las infancias? \u00bfA qu\u00e9 alcance?<\/span><\/p>\n<\/div>\n<div data-breakout=\"normal\">\n<p id=\"viewer-kjgi0556\" class=\"bbl5c dkFHG WZ-z2 _-7CKp\" dir=\"auto\"><span class=\"zKS-7 WZ-z2\">Creo que cada a\u00f1o salen cosas interesantes para ni\u00f1os\/as, no se deber\u00eda perder el sentido de escribir para ese p\u00fablico, nunca hay que abandonarlo, no sabemos el alcance tan m\u00e1gico y maravilloso que da leer de la mano con ellos\/as, guiarles, conducirles. Por cierto, mi hijo todav\u00eda recuerda con mucho cari\u00f1o la historia de <em>La gaviota y el gato negro que le ense\u00f1\u00f3 a volar<\/em> del gran escritor Luis Sep\u00falveda que le le\u00ed hace tres o cuatro a\u00f1os y tiene siete y se le grab\u00f3, algunas escenas; se la he vuelto a leer y duerme tranquilo, feliz, de saber que los animales, en esa historia, se ayudan y crean comunidad, eso es maravilloso.<\/span><\/p>\n<\/div>\n<div data-hook=\"rcv-block45\"><strong>J:<\/strong>\u00a0\u00bfCu\u00e1l considera usted, una caracter\u00edstica \u00fanica de la literatura infantil que se encuentra presente en su libro?<\/div>\n<div data-hook=\"rcv-block46\"><\/div>\n<div data-breakout=\"normal\">\n<div id=\"viewer-zusgg1015\" class=\"bbl5c dkFHG WZ-z2 _-7CKp\" dir=\"auto\"><strong>A:<\/strong>\u00a0Una de las caracter\u00edsticas de la literatura infantil-juvenil es el humor y la exageraci\u00f3n, decir por ejemplo que un personaje se pein\u00f3 treintaicuatro veces, se cepill\u00f3 los dientes dieciocho; tantas con una pasta de sabor tal y otras tantas con otra pasta de sabor chicle de menta canela y coral y \u00a1pum!, con eso atrapas al p\u00fablico, exagerarles las cosas siempre ayuda, es muy buen recurso y si a todo esto le pones humor y la historia es de amor, tienes la f\u00f3rmula ganadora \u00abrisas\u00bb.<\/div>\n<\/div>\n<div data-hook=\"rcv-block48\"><\/div>\n<div data-breakout=\"normal\">\n<div id=\"viewer-1ebxv825\" class=\"bbl5c dkFHG WZ-z2 _-7CKp\" dir=\"auto\"><strong>J:<\/strong>\u00a0\u00bfC\u00f3mo se le ocurri\u00f3 hacer adjetivos \u00abpal\u00f3jimos\u00bb para esta narraci\u00f3n?<\/div>\n<\/div>\n<div data-hook=\"rcv-block50\"><\/div>\n<div data-breakout=\"normal\">\n<div id=\"viewer-q7h4n763\" class=\"bbl5c dkFHG WZ-z2 _-7CKp\" dir=\"auto\"><strong>A:<\/strong>\u00a0Jajaja \u00abrisas\u00bb. Los adjetivos ya los hab\u00eda utilizado en otra historia y se me hizo interesante y curioso utilizarlas en esta historia de palomas, de viaje, del centro de colima, de cosas del pasado. Creo que es otro buen recurso para atrapar al p\u00fablico exigente que es la ni\u00f1ez y que lean de principio a fin.<\/div>\n<\/div>\n<div data-hook=\"rcv-block52\"><\/div>\n<div data-breakout=\"normal\">\n<div id=\"viewer-6y96c701\" class=\"bbl5c dkFHG WZ-z2 _-7CKp\" dir=\"auto\"><strong>J:<\/strong>\u00a0Si le pudiese decir algo a Alberto Llanes de hace veinte a\u00f1os \u00bfQu\u00e9 le dir\u00eda?<\/div>\n<\/div>\n<div data-hook=\"rcv-block54\"><\/div>\n<div data-breakout=\"normal\">\n<div id=\"viewer-9r80u639\" class=\"bbl5c dkFHG WZ-z2 _-7CKp\" dir=\"auto\"><strong>A:<\/strong> Le dir\u00eda que ha hecho buen trabajo, que se ha convertido, sin quererlo o s\u00ed, en lo que so\u00f1\u00f3, que falta mucho trabajo todav\u00eda y que, si pudiera heredar algo, adem\u00e1s de sus libros, ser\u00eda generar m\u00e1s p\u00fablico lector, gente que d\u00e9 talleres para crear comunidad lectora-escritora, generar ambientes de paz y dejar, aunque sea, un peque\u00f1ito legado en la gente, que se siga divirtiendo m\u00e1s y conociendo muchas buenas y mejores voluntades para que la comunidad crezca. Le dir\u00eda tambi\u00e9n que este monstruo en el que se ha convertido no es tan malo y, en el fondo, tiene un coraz\u00f3n muy blando y, como dice Javier Mar\u00edas muy blanco y de ni\u00f1o.<\/div>\n<\/div>\n<div data-hook=\"rcv-block59\"><\/div>\n<div data-breakout=\"normal\">\n<div id=\"viewer-3fzvx4159\" class=\"XFQsU\">\n<div class=\"_4zxWp eu4Ur\">\n<figure class=\"-NM7M\" tabindex=\"0\" role=\"button\" data-hook=\"imageViewer\">\n<div id=\"3fzvx4159\" class=\"AE5h6 _3EJkQ bk5lD\"><img data-recalc-dims=\"1\" decoding=\"async\" src=\"https:\/\/i0.wp.com\/static.wixstatic.com\/media\/a65db5_55813421544e4133b4736012db4361f8~mv2.jpeg\/v1\/fill\/w_582%2Ch_773%2Cal_c%2Cq_85%2Cusm_0.66_1.00_0.01%2Cenc_auto\/a65db5_55813421544e4133b4736012db4361f8~mv2.jpeg?w=640&#038;ssl=1\" alt=\"\" data-pin-url=\"https:\/\/www.lalealtad.com\/single-post\/en-palabras-llanes-blanca-la-paloma-entrevista-al-autor-y-su-paloj\u00edma-inmersi\u00f3nal-mundo-literario\" data-pin-media=\"https:\/\/static.wixstatic.com\/media\/a65db5_55813421544e4133b4736012db4361f8~mv2.jpeg\/v1\/fill\/w_1204,h_1600,al_c,q_85\/a65db5_55813421544e4133b4736012db4361f8~mv2.jpeg\" data-load-done=\"\" \/><\/div>\n<\/figure>\n<\/div>\n<\/div>\n<\/div>\n<div data-hook=\"rcv-block60\"><\/div>\n<div data-breakout=\"normal\">\n<div id=\"viewer-vtr294161\" class=\"bbl5c dkFHG _8UBmS _-7CKp\" dir=\"auto\"><span class=\"zKS-7\">\u00a0<\/span><\/div>\n<\/div>\n<div data-hook=\"rcv-block61\"><\/div>\n<\/div>\n<div data-hook=\"rcv-block-last\"><\/div>\n<\/div>\n<\/div>\n<\/div>\n<\/div>\n<\/div>\n<\/div>\n<\/article>\n<\/div>\n<div class=\"BL3dva\">\n<div class=\"OSxNQL\">\n<div id=\"post-footer\" class=\"OFA52E jG7PL8\">\n<div class=\"nITq6z\"><\/div>\n<\/div>\n<\/div>\n<\/div>\n","protected":false},"excerpt":{"rendered":"<p>Por: Alberto Llanes\/Jennifer Estefan\u00eda Arreola Murgu\u00eda Aprovechar\u00e9 el espacio que me da esta columna, para publicar una entrevista que me hizo mi alumna Jennifer Estefan\u00eda Arreola Murgu\u00eda de sexto semestre de la carrera de Letras Hispanoamericanas de la Universidad de Colima, a qui\u00e9n invit\u00e9, primero a leer mi libro \u00aben v\u00edas de publicaci\u00f3n\u00bb, posterior a [&hellip;]<\/p>\n","protected":false},"author":1,"featured_media":8273,"comment_status":"open","ping_status":"open","sticky":false,"template":"","format":"standard","meta":{"_jetpack_memberships_contains_paid_content":false,"footnotes":""},"categories":[65],"tags":[67],"class_list":["post-9242","post","type-post","status-publish","format-standard","has-post-thumbnail","hentry","category-opinion","tag-opinion"],"yoast_head":"<!-- This site is optimized with the Yoast SEO plugin v26.6 - https:\/\/yoast.com\/wordpress\/plugins\/seo\/ -->\n<title>Blanca, la paloma: Entrevista al autor y su paloj\u00edma\u00a0inmersi\u00f3n al mundo literario infantil y juvenil - M\u00e1s Que Noticias<\/title>\n<meta name=\"robots\" content=\"index, follow, max-snippet:-1, max-image-preview:large, max-video-preview:-1\" \/>\n<link rel=\"canonical\" href=\"https:\/\/masquenoticias.mx\/index.php\/2024\/07\/30\/blanca-la-paloma-entrevista-al-autor-y-su-palojima-inmersion-al-mundo-literario-infantil-y-juvenil\/\" \/>\n<meta property=\"og:locale\" content=\"es_MX\" \/>\n<meta property=\"og:type\" content=\"article\" \/>\n<meta property=\"og:title\" content=\"Blanca, la paloma: Entrevista al autor y su paloj\u00edma\u00a0inmersi\u00f3n al mundo literario infantil y juvenil - M\u00e1s Que Noticias\" \/>\n<meta property=\"og:description\" content=\"Por: Alberto Llanes\/Jennifer Estefan\u00eda Arreola Murgu\u00eda Aprovechar\u00e9 el espacio que me da esta columna, para publicar una entrevista que me hizo mi alumna Jennifer Estefan\u00eda Arreola Murgu\u00eda de sexto semestre de la carrera de Letras Hispanoamericanas de la Universidad de Colima, a qui\u00e9n invit\u00e9, primero a leer mi libro \u00aben v\u00edas de publicaci\u00f3n\u00bb, posterior a [&hellip;]\" \/>\n<meta property=\"og:url\" content=\"https:\/\/masquenoticias.mx\/index.php\/2024\/07\/30\/blanca-la-paloma-entrevista-al-autor-y-su-palojima-inmersion-al-mundo-literario-infantil-y-juvenil\/\" \/>\n<meta property=\"og:site_name\" content=\"M\u00e1s Que Noticias\" \/>\n<meta property=\"article:publisher\" content=\"https:\/\/www.facebook.com\/masquenoticiascolima\" \/>\n<meta property=\"article:published_time\" content=\"2024-07-30T20:01:54+00:00\" \/>\n<meta property=\"og:image\" content=\"https:\/\/masquenoticias.mx\/wp-content\/uploads\/2024\/04\/Alberto-Llanes-jpg.webp\" \/>\n\t<meta property=\"og:image:width\" content=\"1100\" \/>\n\t<meta property=\"og:image:height\" content=\"734\" \/>\n\t<meta property=\"og:image:type\" content=\"image\/jpeg\" \/>\n<meta name=\"author\" content=\"Redacci\u00f3n\" \/>\n<meta name=\"twitter:card\" content=\"summary_large_image\" \/>\n<meta name=\"twitter:creator\" content=\"@edgartove\" \/>\n<meta name=\"twitter:site\" content=\"@edgartove\" \/>\n<meta name=\"twitter:label1\" content=\"Escrito por\" \/>\n\t<meta name=\"twitter:data1\" content=\"Redacci\u00f3n\" \/>\n\t<meta name=\"twitter:label2\" content=\"Tiempo de lectura\" \/>\n\t<meta name=\"twitter:data2\" content=\"8 minutos\" \/>\n<script type=\"application\/ld+json\" class=\"yoast-schema-graph\">{\"@context\":\"https:\/\/schema.org\",\"@graph\":[{\"@type\":\"Article\",\"@id\":\"https:\/\/masquenoticias.mx\/index.php\/2024\/07\/30\/blanca-la-paloma-entrevista-al-autor-y-su-palojima-inmersion-al-mundo-literario-infantil-y-juvenil\/#article\",\"isPartOf\":{\"@id\":\"https:\/\/masquenoticias.mx\/index.php\/2024\/07\/30\/blanca-la-paloma-entrevista-al-autor-y-su-palojima-inmersion-al-mundo-literario-infantil-y-juvenil\/\"},\"author\":{\"name\":\"Redacci\u00f3n\",\"@id\":\"https:\/\/masquenoticias.mx\/#\/schema\/person\/544d19989ef23d34615f691f7a96e622\"},\"headline\":\"Blanca, la paloma: Entrevista al autor y su paloj\u00edma\u00a0inmersi\u00f3n al mundo literario infantil y juvenil\",\"datePublished\":\"2024-07-30T20:01:54+00:00\",\"mainEntityOfPage\":{\"@id\":\"https:\/\/masquenoticias.mx\/index.php\/2024\/07\/30\/blanca-la-paloma-entrevista-al-autor-y-su-palojima-inmersion-al-mundo-literario-infantil-y-juvenil\/\"},\"wordCount\":1567,\"commentCount\":0,\"publisher\":{\"@id\":\"https:\/\/masquenoticias.mx\/#organization\"},\"image\":{\"@id\":\"https:\/\/masquenoticias.mx\/index.php\/2024\/07\/30\/blanca-la-paloma-entrevista-al-autor-y-su-palojima-inmersion-al-mundo-literario-infantil-y-juvenil\/#primaryimage\"},\"thumbnailUrl\":\"https:\/\/i0.wp.com\/masquenoticias.mx\/wp-content\/uploads\/2024\/04\/Alberto-Llanes-jpg.webp?fit=1100%2C734&ssl=1\",\"keywords\":[\"Opini\u00f3n\"],\"articleSection\":[\"Opini\u00f3n\"],\"inLanguage\":\"es\",\"potentialAction\":[{\"@type\":\"CommentAction\",\"name\":\"Comment\",\"target\":[\"https:\/\/masquenoticias.mx\/index.php\/2024\/07\/30\/blanca-la-paloma-entrevista-al-autor-y-su-palojima-inmersion-al-mundo-literario-infantil-y-juvenil\/#respond\"]}]},{\"@type\":\"WebPage\",\"@id\":\"https:\/\/masquenoticias.mx\/index.php\/2024\/07\/30\/blanca-la-paloma-entrevista-al-autor-y-su-palojima-inmersion-al-mundo-literario-infantil-y-juvenil\/\",\"url\":\"https:\/\/masquenoticias.mx\/index.php\/2024\/07\/30\/blanca-la-paloma-entrevista-al-autor-y-su-palojima-inmersion-al-mundo-literario-infantil-y-juvenil\/\",\"name\":\"Blanca, la paloma: Entrevista al autor y su paloj\u00edma\u00a0inmersi\u00f3n al mundo literario infantil y juvenil - M\u00e1s Que Noticias\",\"isPartOf\":{\"@id\":\"https:\/\/masquenoticias.mx\/#website\"},\"primaryImageOfPage\":{\"@id\":\"https:\/\/masquenoticias.mx\/index.php\/2024\/07\/30\/blanca-la-paloma-entrevista-al-autor-y-su-palojima-inmersion-al-mundo-literario-infantil-y-juvenil\/#primaryimage\"},\"image\":{\"@id\":\"https:\/\/masquenoticias.mx\/index.php\/2024\/07\/30\/blanca-la-paloma-entrevista-al-autor-y-su-palojima-inmersion-al-mundo-literario-infantil-y-juvenil\/#primaryimage\"},\"thumbnailUrl\":\"https:\/\/i0.wp.com\/masquenoticias.mx\/wp-content\/uploads\/2024\/04\/Alberto-Llanes-jpg.webp?fit=1100%2C734&ssl=1\",\"datePublished\":\"2024-07-30T20:01:54+00:00\",\"breadcrumb\":{\"@id\":\"https:\/\/masquenoticias.mx\/index.php\/2024\/07\/30\/blanca-la-paloma-entrevista-al-autor-y-su-palojima-inmersion-al-mundo-literario-infantil-y-juvenil\/#breadcrumb\"},\"inLanguage\":\"es\",\"potentialAction\":[{\"@type\":\"ReadAction\",\"target\":[\"https:\/\/masquenoticias.mx\/index.php\/2024\/07\/30\/blanca-la-paloma-entrevista-al-autor-y-su-palojima-inmersion-al-mundo-literario-infantil-y-juvenil\/\"]}]},{\"@type\":\"ImageObject\",\"inLanguage\":\"es\",\"@id\":\"https:\/\/masquenoticias.mx\/index.php\/2024\/07\/30\/blanca-la-paloma-entrevista-al-autor-y-su-palojima-inmersion-al-mundo-literario-infantil-y-juvenil\/#primaryimage\",\"url\":\"https:\/\/i0.wp.com\/masquenoticias.mx\/wp-content\/uploads\/2024\/04\/Alberto-Llanes-jpg.webp?fit=1100%2C734&ssl=1\",\"contentUrl\":\"https:\/\/i0.wp.com\/masquenoticias.mx\/wp-content\/uploads\/2024\/04\/Alberto-Llanes-jpg.webp?fit=1100%2C734&ssl=1\",\"width\":1100,\"height\":734},{\"@type\":\"BreadcrumbList\",\"@id\":\"https:\/\/masquenoticias.mx\/index.php\/2024\/07\/30\/blanca-la-paloma-entrevista-al-autor-y-su-palojima-inmersion-al-mundo-literario-infantil-y-juvenil\/#breadcrumb\",\"itemListElement\":[{\"@type\":\"ListItem\",\"position\":1,\"name\":\"Inicio\",\"item\":\"https:\/\/masquenoticias.mx\/\"},{\"@type\":\"ListItem\",\"position\":2,\"name\":\"Blanca, la paloma: Entrevista al autor y su paloj\u00edma\u00a0inmersi\u00f3n al mundo literario infantil y juvenil\"}]},{\"@type\":\"WebSite\",\"@id\":\"https:\/\/masquenoticias.mx\/#website\",\"url\":\"https:\/\/masquenoticias.mx\/\",\"name\":\"M\u00e1s Que Noticias\",\"description\":\"Noticias de Colima, M\u00e9xico y el Mundo\",\"publisher\":{\"@id\":\"https:\/\/masquenoticias.mx\/#organization\"},\"potentialAction\":[{\"@type\":\"SearchAction\",\"target\":{\"@type\":\"EntryPoint\",\"urlTemplate\":\"https:\/\/masquenoticias.mx\/?s={search_term_string}\"},\"query-input\":{\"@type\":\"PropertyValueSpecification\",\"valueRequired\":true,\"valueName\":\"search_term_string\"}}],\"inLanguage\":\"es\"},{\"@type\":\"Organization\",\"@id\":\"https:\/\/masquenoticias.mx\/#organization\",\"name\":\"M\u00e1s Que Noticias\",\"url\":\"https:\/\/masquenoticias.mx\/\",\"logo\":{\"@type\":\"ImageObject\",\"inLanguage\":\"es\",\"@id\":\"https:\/\/masquenoticias.mx\/#\/schema\/logo\/image\/\",\"url\":\"https:\/\/i0.wp.com\/masquenoticias.mx\/wp-content\/uploads\/2024\/04\/IMG_0004.png?fit=2560%2C1656&ssl=1\",\"contentUrl\":\"https:\/\/i0.wp.com\/masquenoticias.mx\/wp-content\/uploads\/2024\/04\/IMG_0004.png?fit=2560%2C1656&ssl=1\",\"width\":2560,\"height\":1656,\"caption\":\"M\u00e1s Que Noticias\"},\"image\":{\"@id\":\"https:\/\/masquenoticias.mx\/#\/schema\/logo\/image\/\"},\"sameAs\":[\"https:\/\/www.facebook.com\/masquenoticiascolima\",\"https:\/\/x.com\/edgartove\",\"https:\/\/www.instagram.com\/masquenoticiascolima\/\"]},{\"@type\":\"Person\",\"@id\":\"https:\/\/masquenoticias.mx\/#\/schema\/person\/544d19989ef23d34615f691f7a96e622\",\"name\":\"Redacci\u00f3n\",\"image\":{\"@type\":\"ImageObject\",\"inLanguage\":\"es\",\"@id\":\"https:\/\/masquenoticias.mx\/#\/schema\/person\/image\/\",\"url\":\"https:\/\/secure.gravatar.com\/avatar\/7fcc926d5b058d3f3d52d95b4d05dd58?s=96&d=mm&r=g\",\"contentUrl\":\"https:\/\/secure.gravatar.com\/avatar\/7fcc926d5b058d3f3d52d95b4d05dd58?s=96&d=mm&r=g\",\"caption\":\"Redacci\u00f3n\"},\"sameAs\":[\"http:\/\/masquenoticias.mx\"],\"url\":\"https:\/\/masquenoticias.mx\/index.php\/author\/edgartovegmail-com\/\"}]}<\/script>\n<!-- \/ Yoast SEO plugin. -->","yoast_head_json":{"title":"Blanca, la paloma: Entrevista al autor y su paloj\u00edma\u00a0inmersi\u00f3n al mundo literario infantil y juvenil - M\u00e1s Que Noticias","robots":{"index":"index","follow":"follow","max-snippet":"max-snippet:-1","max-image-preview":"max-image-preview:large","max-video-preview":"max-video-preview:-1"},"canonical":"https:\/\/masquenoticias.mx\/index.php\/2024\/07\/30\/blanca-la-paloma-entrevista-al-autor-y-su-palojima-inmersion-al-mundo-literario-infantil-y-juvenil\/","og_locale":"es_MX","og_type":"article","og_title":"Blanca, la paloma: Entrevista al autor y su paloj\u00edma\u00a0inmersi\u00f3n al mundo literario infantil y juvenil - M\u00e1s Que Noticias","og_description":"Por: Alberto Llanes\/Jennifer Estefan\u00eda Arreola Murgu\u00eda Aprovechar\u00e9 el espacio que me da esta columna, para publicar una entrevista que me hizo mi alumna Jennifer Estefan\u00eda Arreola Murgu\u00eda de sexto semestre de la carrera de Letras Hispanoamericanas de la Universidad de Colima, a qui\u00e9n invit\u00e9, primero a leer mi libro \u00aben v\u00edas de publicaci\u00f3n\u00bb, posterior a [&hellip;]","og_url":"https:\/\/masquenoticias.mx\/index.php\/2024\/07\/30\/blanca-la-paloma-entrevista-al-autor-y-su-palojima-inmersion-al-mundo-literario-infantil-y-juvenil\/","og_site_name":"M\u00e1s Que Noticias","article_publisher":"https:\/\/www.facebook.com\/masquenoticiascolima","article_published_time":"2024-07-30T20:01:54+00:00","og_image":[{"width":1100,"height":734,"url":"https:\/\/masquenoticias.mx\/wp-content\/uploads\/2024\/04\/Alberto-Llanes-jpg.webp","type":"image\/jpeg"}],"author":"Redacci\u00f3n","twitter_card":"summary_large_image","twitter_creator":"@edgartove","twitter_site":"@edgartove","twitter_misc":{"Escrito por":"Redacci\u00f3n","Tiempo de lectura":"8 minutos"},"schema":{"@context":"https:\/\/schema.org","@graph":[{"@type":"Article","@id":"https:\/\/masquenoticias.mx\/index.php\/2024\/07\/30\/blanca-la-paloma-entrevista-al-autor-y-su-palojima-inmersion-al-mundo-literario-infantil-y-juvenil\/#article","isPartOf":{"@id":"https:\/\/masquenoticias.mx\/index.php\/2024\/07\/30\/blanca-la-paloma-entrevista-al-autor-y-su-palojima-inmersion-al-mundo-literario-infantil-y-juvenil\/"},"author":{"name":"Redacci\u00f3n","@id":"https:\/\/masquenoticias.mx\/#\/schema\/person\/544d19989ef23d34615f691f7a96e622"},"headline":"Blanca, la paloma: Entrevista al autor y su paloj\u00edma\u00a0inmersi\u00f3n al mundo literario infantil y juvenil","datePublished":"2024-07-30T20:01:54+00:00","mainEntityOfPage":{"@id":"https:\/\/masquenoticias.mx\/index.php\/2024\/07\/30\/blanca-la-paloma-entrevista-al-autor-y-su-palojima-inmersion-al-mundo-literario-infantil-y-juvenil\/"},"wordCount":1567,"commentCount":0,"publisher":{"@id":"https:\/\/masquenoticias.mx\/#organization"},"image":{"@id":"https:\/\/masquenoticias.mx\/index.php\/2024\/07\/30\/blanca-la-paloma-entrevista-al-autor-y-su-palojima-inmersion-al-mundo-literario-infantil-y-juvenil\/#primaryimage"},"thumbnailUrl":"https:\/\/i0.wp.com\/masquenoticias.mx\/wp-content\/uploads\/2024\/04\/Alberto-Llanes-jpg.webp?fit=1100%2C734&ssl=1","keywords":["Opini\u00f3n"],"articleSection":["Opini\u00f3n"],"inLanguage":"es","potentialAction":[{"@type":"CommentAction","name":"Comment","target":["https:\/\/masquenoticias.mx\/index.php\/2024\/07\/30\/blanca-la-paloma-entrevista-al-autor-y-su-palojima-inmersion-al-mundo-literario-infantil-y-juvenil\/#respond"]}]},{"@type":"WebPage","@id":"https:\/\/masquenoticias.mx\/index.php\/2024\/07\/30\/blanca-la-paloma-entrevista-al-autor-y-su-palojima-inmersion-al-mundo-literario-infantil-y-juvenil\/","url":"https:\/\/masquenoticias.mx\/index.php\/2024\/07\/30\/blanca-la-paloma-entrevista-al-autor-y-su-palojima-inmersion-al-mundo-literario-infantil-y-juvenil\/","name":"Blanca, la paloma: Entrevista al autor y su paloj\u00edma\u00a0inmersi\u00f3n al mundo literario infantil y juvenil - M\u00e1s Que Noticias","isPartOf":{"@id":"https:\/\/masquenoticias.mx\/#website"},"primaryImageOfPage":{"@id":"https:\/\/masquenoticias.mx\/index.php\/2024\/07\/30\/blanca-la-paloma-entrevista-al-autor-y-su-palojima-inmersion-al-mundo-literario-infantil-y-juvenil\/#primaryimage"},"image":{"@id":"https:\/\/masquenoticias.mx\/index.php\/2024\/07\/30\/blanca-la-paloma-entrevista-al-autor-y-su-palojima-inmersion-al-mundo-literario-infantil-y-juvenil\/#primaryimage"},"thumbnailUrl":"https:\/\/i0.wp.com\/masquenoticias.mx\/wp-content\/uploads\/2024\/04\/Alberto-Llanes-jpg.webp?fit=1100%2C734&ssl=1","datePublished":"2024-07-30T20:01:54+00:00","breadcrumb":{"@id":"https:\/\/masquenoticias.mx\/index.php\/2024\/07\/30\/blanca-la-paloma-entrevista-al-autor-y-su-palojima-inmersion-al-mundo-literario-infantil-y-juvenil\/#breadcrumb"},"inLanguage":"es","potentialAction":[{"@type":"ReadAction","target":["https:\/\/masquenoticias.mx\/index.php\/2024\/07\/30\/blanca-la-paloma-entrevista-al-autor-y-su-palojima-inmersion-al-mundo-literario-infantil-y-juvenil\/"]}]},{"@type":"ImageObject","inLanguage":"es","@id":"https:\/\/masquenoticias.mx\/index.php\/2024\/07\/30\/blanca-la-paloma-entrevista-al-autor-y-su-palojima-inmersion-al-mundo-literario-infantil-y-juvenil\/#primaryimage","url":"https:\/\/i0.wp.com\/masquenoticias.mx\/wp-content\/uploads\/2024\/04\/Alberto-Llanes-jpg.webp?fit=1100%2C734&ssl=1","contentUrl":"https:\/\/i0.wp.com\/masquenoticias.mx\/wp-content\/uploads\/2024\/04\/Alberto-Llanes-jpg.webp?fit=1100%2C734&ssl=1","width":1100,"height":734},{"@type":"BreadcrumbList","@id":"https:\/\/masquenoticias.mx\/index.php\/2024\/07\/30\/blanca-la-paloma-entrevista-al-autor-y-su-palojima-inmersion-al-mundo-literario-infantil-y-juvenil\/#breadcrumb","itemListElement":[{"@type":"ListItem","position":1,"name":"Inicio","item":"https:\/\/masquenoticias.mx\/"},{"@type":"ListItem","position":2,"name":"Blanca, la paloma: Entrevista al autor y su paloj\u00edma\u00a0inmersi\u00f3n al mundo literario infantil y juvenil"}]},{"@type":"WebSite","@id":"https:\/\/masquenoticias.mx\/#website","url":"https:\/\/masquenoticias.mx\/","name":"M\u00e1s Que Noticias","description":"Noticias de Colima, M\u00e9xico y el Mundo","publisher":{"@id":"https:\/\/masquenoticias.mx\/#organization"},"potentialAction":[{"@type":"SearchAction","target":{"@type":"EntryPoint","urlTemplate":"https:\/\/masquenoticias.mx\/?s={search_term_string}"},"query-input":{"@type":"PropertyValueSpecification","valueRequired":true,"valueName":"search_term_string"}}],"inLanguage":"es"},{"@type":"Organization","@id":"https:\/\/masquenoticias.mx\/#organization","name":"M\u00e1s Que Noticias","url":"https:\/\/masquenoticias.mx\/","logo":{"@type":"ImageObject","inLanguage":"es","@id":"https:\/\/masquenoticias.mx\/#\/schema\/logo\/image\/","url":"https:\/\/i0.wp.com\/masquenoticias.mx\/wp-content\/uploads\/2024\/04\/IMG_0004.png?fit=2560%2C1656&ssl=1","contentUrl":"https:\/\/i0.wp.com\/masquenoticias.mx\/wp-content\/uploads\/2024\/04\/IMG_0004.png?fit=2560%2C1656&ssl=1","width":2560,"height":1656,"caption":"M\u00e1s Que Noticias"},"image":{"@id":"https:\/\/masquenoticias.mx\/#\/schema\/logo\/image\/"},"sameAs":["https:\/\/www.facebook.com\/masquenoticiascolima","https:\/\/x.com\/edgartove","https:\/\/www.instagram.com\/masquenoticiascolima\/"]},{"@type":"Person","@id":"https:\/\/masquenoticias.mx\/#\/schema\/person\/544d19989ef23d34615f691f7a96e622","name":"Redacci\u00f3n","image":{"@type":"ImageObject","inLanguage":"es","@id":"https:\/\/masquenoticias.mx\/#\/schema\/person\/image\/","url":"https:\/\/secure.gravatar.com\/avatar\/7fcc926d5b058d3f3d52d95b4d05dd58?s=96&d=mm&r=g","contentUrl":"https:\/\/secure.gravatar.com\/avatar\/7fcc926d5b058d3f3d52d95b4d05dd58?s=96&d=mm&r=g","caption":"Redacci\u00f3n"},"sameAs":["http:\/\/masquenoticias.mx"],"url":"https:\/\/masquenoticias.mx\/index.php\/author\/edgartovegmail-com\/"}]}},"jetpack_featured_media_url":"https:\/\/i0.wp.com\/masquenoticias.mx\/wp-content\/uploads\/2024\/04\/Alberto-Llanes-jpg.webp?fit=1100%2C734&ssl=1","blog_post_layout_featured_media_urls":{"thumbnail":["https:\/\/i0.wp.com\/masquenoticias.mx\/wp-content\/uploads\/2024\/04\/Alberto-Llanes-jpg.webp?resize=150%2C150&ssl=1",150,150,true],"full":["https:\/\/i0.wp.com\/masquenoticias.mx\/wp-content\/uploads\/2024\/04\/Alberto-Llanes-jpg.webp?fit=1100%2C734&ssl=1",1100,734,false]},"categories_names":{"65":{"name":"Opini\u00f3n","link":"https:\/\/masquenoticias.mx\/index.php\/category\/opinion\/"}},"tags_names":{"67":{"name":"Opini\u00f3n","link":"https:\/\/masquenoticias.mx\/index.php\/tag\/opinion\/"}},"comments_number":"0","wpmagazine_modules_lite_featured_media_urls":{"thumbnail":["https:\/\/i0.wp.com\/masquenoticias.mx\/wp-content\/uploads\/2024\/04\/Alberto-Llanes-jpg.webp?resize=150%2C150&ssl=1",150,150,true],"cvmm-medium":["https:\/\/i0.wp.com\/masquenoticias.mx\/wp-content\/uploads\/2024\/04\/Alberto-Llanes-jpg.webp?resize=300%2C300&ssl=1",300,300,true],"cvmm-medium-plus":["https:\/\/i0.wp.com\/masquenoticias.mx\/wp-content\/uploads\/2024\/04\/Alberto-Llanes-jpg.webp?resize=305%2C207&ssl=1",305,207,true],"cvmm-portrait":["https:\/\/i0.wp.com\/masquenoticias.mx\/wp-content\/uploads\/2024\/04\/Alberto-Llanes-jpg.webp?resize=400%2C600&ssl=1",400,600,true],"cvmm-medium-square":["https:\/\/i0.wp.com\/masquenoticias.mx\/wp-content\/uploads\/2024\/04\/Alberto-Llanes-jpg.webp?resize=600%2C600&ssl=1",600,600,true],"cvmm-large":["https:\/\/i0.wp.com\/masquenoticias.mx\/wp-content\/uploads\/2024\/04\/Alberto-Llanes-jpg.webp?resize=1024%2C734&ssl=1",1024,734,true],"cvmm-small":["https:\/\/i0.wp.com\/masquenoticias.mx\/wp-content\/uploads\/2024\/04\/Alberto-Llanes-jpg.webp?resize=130%2C95&ssl=1",130,95,true],"full":["https:\/\/i0.wp.com\/masquenoticias.mx\/wp-content\/uploads\/2024\/04\/Alberto-Llanes-jpg.webp?fit=1100%2C734&ssl=1",1100,734,false]},"jetpack-related-posts":[],"jetpack_sharing_enabled":true,"jetpack_likes_enabled":true,"jetpack_shortlink":"https:\/\/wp.me\/pf7pkt-2p4","_links":{"self":[{"href":"https:\/\/masquenoticias.mx\/index.php\/wp-json\/wp\/v2\/posts\/9242","targetHints":{"allow":["GET"]}}],"collection":[{"href":"https:\/\/masquenoticias.mx\/index.php\/wp-json\/wp\/v2\/posts"}],"about":[{"href":"https:\/\/masquenoticias.mx\/index.php\/wp-json\/wp\/v2\/types\/post"}],"author":[{"embeddable":true,"href":"https:\/\/masquenoticias.mx\/index.php\/wp-json\/wp\/v2\/users\/1"}],"replies":[{"embeddable":true,"href":"https:\/\/masquenoticias.mx\/index.php\/wp-json\/wp\/v2\/comments?post=9242"}],"version-history":[{"count":1,"href":"https:\/\/masquenoticias.mx\/index.php\/wp-json\/wp\/v2\/posts\/9242\/revisions"}],"predecessor-version":[{"id":9243,"href":"https:\/\/masquenoticias.mx\/index.php\/wp-json\/wp\/v2\/posts\/9242\/revisions\/9243"}],"wp:featuredmedia":[{"embeddable":true,"href":"https:\/\/masquenoticias.mx\/index.php\/wp-json\/wp\/v2\/media\/8273"}],"wp:attachment":[{"href":"https:\/\/masquenoticias.mx\/index.php\/wp-json\/wp\/v2\/media?parent=9242"}],"wp:term":[{"taxonomy":"category","embeddable":true,"href":"https:\/\/masquenoticias.mx\/index.php\/wp-json\/wp\/v2\/categories?post=9242"},{"taxonomy":"post_tag","embeddable":true,"href":"https:\/\/masquenoticias.mx\/index.php\/wp-json\/wp\/v2\/tags?post=9242"}],"curies":[{"name":"wp","href":"https:\/\/api.w.org\/{rel}","templated":true}]}}