{"id":8913,"date":"2024-07-12T23:30:23","date_gmt":"2024-07-13T05:30:23","guid":{"rendered":"https:\/\/masquenoticias.mx\/?p=8913"},"modified":"2024-08-04T23:59:19","modified_gmt":"2024-08-05T05:59:19","slug":"gobierno-colima-atestigua-entrega-de-tarjetas-de-pension-para-el-bienestar-de-personas-adultas-mayores","status":"publish","type":"post","link":"https:\/\/masquenoticias.mx\/index.php\/2024\/07\/12\/gobierno-colima-atestigua-entrega-de-tarjetas-de-pension-para-el-bienestar-de-personas-adultas-mayores\/","title":{"rendered":"Gobierno Colima atestigua entrega de tarjetas de Pensi\u00f3n para el Bienestar de Personas Adultas Mayores"},"content":{"rendered":"<p>Este lunes, la gobernadora de Colima, Indira Vizca\u00edno Silva, atestigu\u00f3 la entrega de 180 tarjetas bancarias de la Pensi\u00f3n para el Bienestar de Personas Adultas Mayores, que hizo la Delegaci\u00f3n de Programas para el Bienestar del Gobierno de M\u00e9xico, a quienes por diversos motivos no hab\u00edan podido recoger ese documento.<\/p>\n<p>La mandataria estatal record\u00f3 a las personas beneficiarias que el presidente Andr\u00e9s Manuel L\u00f3pez Obrador fue el primero en crear un programa para las personas adultas mayores cuando era Jefe de Gobierno en la Ciudad de M\u00e9xico y cuando lleg\u00f3 la Presidencia de la Rep\u00fablica, se comprometi\u00f3 a incrementarlo y lo ha cumplido, pero sobre todo lo ha vuelto un derecho incluido en la Constituci\u00f3n.<\/p>\n<p>\u201cNuestro presidente crea este programa, porque es un reconocimiento a quienes, como ustedes, que han trabajado toda la vida, sea en el hogar, en el campo, en una empresa, o en su propio negocio, pero que no pudieron ir creando ese tema de una pensi\u00f3n como tal o como las conoc\u00edamos de manera tradicional, por eso era tan importante crear la Pensi\u00f3n de las Personas Adultas Mayores\u201d, refiri\u00f3 la titular del Poder Ejecutivo estatal.<\/p>\n<p>Roc\u00edo Beltr\u00e1n Rodr\u00edguez, encargada del despacho de la Delegaci\u00f3n de Programas para el Bienestar en el Estado de Colima, explic\u00f3 que las tarjetas del Banco del Bienestar que se entregaron, corresponden a casos de personas beneficiarias de Comala, Colima, Coquimatl\u00e1n, Cuauht\u00e9moc, Ixtlahuac\u00e1n y Villa de \u00c1lvarez, que hab\u00edan extraviado las anteriores o tuvieron alg\u00fan problema con las mismas.<\/p>\n<p>Resalt\u00f3 que el presidente L\u00f3pez Obrador ha incrementado en m\u00e1s del 450% esta pensi\u00f3n, al pasar de poco m\u00e1s de mil 100 pesos bimestrales a seis mil pesos; les invit\u00f3 a cuidar mucho su tarjeta y no dejarse ayudar por personas extra\u00f1as en los cajeros, a menos de que se trate de Servidores de la Naci\u00f3n plenamente identificados, \u201cpues desafortunadamente hay mucha gente que se aprovecha de estos operativos y se acercan a ustedes para quitarles su dinero\u201d, alert\u00f3 Roc\u00edo Beltr\u00e1n.<\/p>\n","protected":false},"excerpt":{"rendered":"<p>Este lunes, la gobernadora de Colima, Indira Vizca\u00edno Silva, atestigu\u00f3 la entrega de 180 tarjetas bancarias de la Pensi\u00f3n para el Bienestar de Personas Adultas Mayores, que hizo la Delegaci\u00f3n de Programas para el Bienestar del Gobierno de M\u00e9xico, a quienes por diversos motivos no hab\u00edan podido recoger ese documento. La mandataria estatal record\u00f3 a [&hellip;]<\/p>\n","protected":false},"author":1,"featured_media":8914,"comment_status":"open","ping_status":"open","sticky":false,"template":"","format":"standard","meta":{"_jetpack_memberships_contains_paid_content":false,"footnotes":""},"categories":[24],"tags":[26],"class_list":["post-8913","post","type-post","status-publish","format-standard","has-post-thumbnail","hentry","category-estado","tag-indira-vizcaino"],"yoast_head":"<!-- This site is optimized with the Yoast SEO plugin v26.6 - https:\/\/yoast.com\/wordpress\/plugins\/seo\/ -->\n<title>Gobierno Colima atestigua entrega de tarjetas de Pensi\u00f3n para el Bienestar de Personas Adultas Mayores - M\u00e1s Que Noticias<\/title>\n<meta name=\"robots\" content=\"index, follow, max-snippet:-1, max-image-preview:large, max-video-preview:-1\" \/>\n<link rel=\"canonical\" href=\"https:\/\/masquenoticias.mx\/index.php\/2024\/07\/12\/gobierno-colima-atestigua-entrega-de-tarjetas-de-pension-para-el-bienestar-de-personas-adultas-mayores\/\" \/>\n<meta property=\"og:locale\" content=\"es_MX\" \/>\n<meta property=\"og:type\" content=\"article\" \/>\n<meta property=\"og:title\" content=\"Gobierno Colima atestigua entrega de tarjetas de Pensi\u00f3n para el Bienestar de Personas Adultas Mayores - M\u00e1s Que Noticias\" \/>\n<meta property=\"og:description\" content=\"Este lunes, la gobernadora de Colima, Indira Vizca\u00edno Silva, atestigu\u00f3 la entrega de 180 tarjetas bancarias de la Pensi\u00f3n para el Bienestar de Personas Adultas Mayores, que hizo la Delegaci\u00f3n de Programas para el Bienestar del Gobierno de M\u00e9xico, a quienes por diversos motivos no hab\u00edan podido recoger ese documento. La mandataria estatal record\u00f3 a [&hellip;]\" \/>\n<meta property=\"og:url\" content=\"https:\/\/masquenoticias.mx\/index.php\/2024\/07\/12\/gobierno-colima-atestigua-entrega-de-tarjetas-de-pension-para-el-bienestar-de-personas-adultas-mayores\/\" \/>\n<meta property=\"og:site_name\" content=\"M\u00e1s Que Noticias\" \/>\n<meta property=\"article:publisher\" content=\"https:\/\/www.facebook.com\/masquenoticiascolima\" \/>\n<meta property=\"article:published_time\" content=\"2024-07-13T05:30:23+00:00\" \/>\n<meta property=\"article:modified_time\" content=\"2024-08-05T05:59:19+00:00\" \/>\n<meta property=\"og:image\" content=\"https:\/\/masquenoticias.mx\/wp-content\/uploads\/2024\/07\/WhatsApp-Image-2024-07-15-at-12.17.02-PM-3.jpeg\" \/>\n\t<meta property=\"og:image:width\" content=\"1280\" \/>\n\t<meta property=\"og:image:height\" content=\"853\" \/>\n\t<meta property=\"og:image:type\" content=\"image\/jpeg\" \/>\n<meta name=\"author\" content=\"Redacci\u00f3n\" \/>\n<meta name=\"twitter:card\" content=\"summary_large_image\" \/>\n<meta name=\"twitter:creator\" content=\"@edgartove\" \/>\n<meta name=\"twitter:site\" content=\"@edgartove\" \/>\n<meta name=\"twitter:label1\" content=\"Escrito por\" \/>\n\t<meta name=\"twitter:data1\" content=\"Redacci\u00f3n\" \/>\n\t<meta name=\"twitter:label2\" content=\"Tiempo de lectura\" \/>\n\t<meta name=\"twitter:data2\" content=\"2 minutos\" \/>\n<script type=\"application\/ld+json\" class=\"yoast-schema-graph\">{\"@context\":\"https:\/\/schema.org\",\"@graph\":[{\"@type\":\"Article\",\"@id\":\"https:\/\/masquenoticias.mx\/index.php\/2024\/07\/12\/gobierno-colima-atestigua-entrega-de-tarjetas-de-pension-para-el-bienestar-de-personas-adultas-mayores\/#article\",\"isPartOf\":{\"@id\":\"https:\/\/masquenoticias.mx\/index.php\/2024\/07\/12\/gobierno-colima-atestigua-entrega-de-tarjetas-de-pension-para-el-bienestar-de-personas-adultas-mayores\/\"},\"author\":{\"name\":\"Redacci\u00f3n\",\"@id\":\"https:\/\/masquenoticias.mx\/#\/schema\/person\/544d19989ef23d34615f691f7a96e622\"},\"headline\":\"Gobierno Colima atestigua entrega de tarjetas de Pensi\u00f3n para el Bienestar de Personas Adultas Mayores\",\"datePublished\":\"2024-07-13T05:30:23+00:00\",\"dateModified\":\"2024-08-05T05:59:19+00:00\",\"mainEntityOfPage\":{\"@id\":\"https:\/\/masquenoticias.mx\/index.php\/2024\/07\/12\/gobierno-colima-atestigua-entrega-de-tarjetas-de-pension-para-el-bienestar-de-personas-adultas-mayores\/\"},\"wordCount\":371,\"commentCount\":0,\"publisher\":{\"@id\":\"https:\/\/masquenoticias.mx\/#organization\"},\"image\":{\"@id\":\"https:\/\/masquenoticias.mx\/index.php\/2024\/07\/12\/gobierno-colima-atestigua-entrega-de-tarjetas-de-pension-para-el-bienestar-de-personas-adultas-mayores\/#primaryimage\"},\"thumbnailUrl\":\"https:\/\/i0.wp.com\/masquenoticias.mx\/wp-content\/uploads\/2024\/07\/WhatsApp-Image-2024-07-15-at-12.17.02-PM-3.jpeg?fit=1280%2C853&ssl=1\",\"keywords\":[\"Indira Vizca\u00edno\"],\"articleSection\":[\"Estado\"],\"inLanguage\":\"es\",\"potentialAction\":[{\"@type\":\"CommentAction\",\"name\":\"Comment\",\"target\":[\"https:\/\/masquenoticias.mx\/index.php\/2024\/07\/12\/gobierno-colima-atestigua-entrega-de-tarjetas-de-pension-para-el-bienestar-de-personas-adultas-mayores\/#respond\"]}]},{\"@type\":\"WebPage\",\"@id\":\"https:\/\/masquenoticias.mx\/index.php\/2024\/07\/12\/gobierno-colima-atestigua-entrega-de-tarjetas-de-pension-para-el-bienestar-de-personas-adultas-mayores\/\",\"url\":\"https:\/\/masquenoticias.mx\/index.php\/2024\/07\/12\/gobierno-colima-atestigua-entrega-de-tarjetas-de-pension-para-el-bienestar-de-personas-adultas-mayores\/\",\"name\":\"Gobierno Colima atestigua entrega de tarjetas de Pensi\u00f3n para el Bienestar de Personas Adultas Mayores - M\u00e1s Que Noticias\",\"isPartOf\":{\"@id\":\"https:\/\/masquenoticias.mx\/#website\"},\"primaryImageOfPage\":{\"@id\":\"https:\/\/masquenoticias.mx\/index.php\/2024\/07\/12\/gobierno-colima-atestigua-entrega-de-tarjetas-de-pension-para-el-bienestar-de-personas-adultas-mayores\/#primaryimage\"},\"image\":{\"@id\":\"https:\/\/masquenoticias.mx\/index.php\/2024\/07\/12\/gobierno-colima-atestigua-entrega-de-tarjetas-de-pension-para-el-bienestar-de-personas-adultas-mayores\/#primaryimage\"},\"thumbnailUrl\":\"https:\/\/i0.wp.com\/masquenoticias.mx\/wp-content\/uploads\/2024\/07\/WhatsApp-Image-2024-07-15-at-12.17.02-PM-3.jpeg?fit=1280%2C853&ssl=1\",\"datePublished\":\"2024-07-13T05:30:23+00:00\",\"dateModified\":\"2024-08-05T05:59:19+00:00\",\"breadcrumb\":{\"@id\":\"https:\/\/masquenoticias.mx\/index.php\/2024\/07\/12\/gobierno-colima-atestigua-entrega-de-tarjetas-de-pension-para-el-bienestar-de-personas-adultas-mayores\/#breadcrumb\"},\"inLanguage\":\"es\",\"potentialAction\":[{\"@type\":\"ReadAction\",\"target\":[\"https:\/\/masquenoticias.mx\/index.php\/2024\/07\/12\/gobierno-colima-atestigua-entrega-de-tarjetas-de-pension-para-el-bienestar-de-personas-adultas-mayores\/\"]}]},{\"@type\":\"ImageObject\",\"inLanguage\":\"es\",\"@id\":\"https:\/\/masquenoticias.mx\/index.php\/2024\/07\/12\/gobierno-colima-atestigua-entrega-de-tarjetas-de-pension-para-el-bienestar-de-personas-adultas-mayores\/#primaryimage\",\"url\":\"https:\/\/i0.wp.com\/masquenoticias.mx\/wp-content\/uploads\/2024\/07\/WhatsApp-Image-2024-07-15-at-12.17.02-PM-3.jpeg?fit=1280%2C853&ssl=1\",\"contentUrl\":\"https:\/\/i0.wp.com\/masquenoticias.mx\/wp-content\/uploads\/2024\/07\/WhatsApp-Image-2024-07-15-at-12.17.02-PM-3.jpeg?fit=1280%2C853&ssl=1\",\"width\":1280,\"height\":853},{\"@type\":\"BreadcrumbList\",\"@id\":\"https:\/\/masquenoticias.mx\/index.php\/2024\/07\/12\/gobierno-colima-atestigua-entrega-de-tarjetas-de-pension-para-el-bienestar-de-personas-adultas-mayores\/#breadcrumb\",\"itemListElement\":[{\"@type\":\"ListItem\",\"position\":1,\"name\":\"Inicio\",\"item\":\"https:\/\/masquenoticias.mx\/\"},{\"@type\":\"ListItem\",\"position\":2,\"name\":\"Gobierno Colima atestigua entrega de tarjetas de Pensi\u00f3n para el Bienestar de Personas Adultas Mayores\"}]},{\"@type\":\"WebSite\",\"@id\":\"https:\/\/masquenoticias.mx\/#website\",\"url\":\"https:\/\/masquenoticias.mx\/\",\"name\":\"M\u00e1s Que Noticias\",\"description\":\"Noticias de Colima, M\u00e9xico y el Mundo\",\"publisher\":{\"@id\":\"https:\/\/masquenoticias.mx\/#organization\"},\"potentialAction\":[{\"@type\":\"SearchAction\",\"target\":{\"@type\":\"EntryPoint\",\"urlTemplate\":\"https:\/\/masquenoticias.mx\/?s={search_term_string}\"},\"query-input\":{\"@type\":\"PropertyValueSpecification\",\"valueRequired\":true,\"valueName\":\"search_term_string\"}}],\"inLanguage\":\"es\"},{\"@type\":\"Organization\",\"@id\":\"https:\/\/masquenoticias.mx\/#organization\",\"name\":\"M\u00e1s Que Noticias\",\"url\":\"https:\/\/masquenoticias.mx\/\",\"logo\":{\"@type\":\"ImageObject\",\"inLanguage\":\"es\",\"@id\":\"https:\/\/masquenoticias.mx\/#\/schema\/logo\/image\/\",\"url\":\"https:\/\/i0.wp.com\/masquenoticias.mx\/wp-content\/uploads\/2024\/04\/IMG_0004.png?fit=2560%2C1656&ssl=1\",\"contentUrl\":\"https:\/\/i0.wp.com\/masquenoticias.mx\/wp-content\/uploads\/2024\/04\/IMG_0004.png?fit=2560%2C1656&ssl=1\",\"width\":2560,\"height\":1656,\"caption\":\"M\u00e1s Que Noticias\"},\"image\":{\"@id\":\"https:\/\/masquenoticias.mx\/#\/schema\/logo\/image\/\"},\"sameAs\":[\"https:\/\/www.facebook.com\/masquenoticiascolima\",\"https:\/\/x.com\/edgartove\",\"https:\/\/www.instagram.com\/masquenoticiascolima\/\"]},{\"@type\":\"Person\",\"@id\":\"https:\/\/masquenoticias.mx\/#\/schema\/person\/544d19989ef23d34615f691f7a96e622\",\"name\":\"Redacci\u00f3n\",\"image\":{\"@type\":\"ImageObject\",\"inLanguage\":\"es\",\"@id\":\"https:\/\/masquenoticias.mx\/#\/schema\/person\/image\/\",\"url\":\"https:\/\/secure.gravatar.com\/avatar\/7fcc926d5b058d3f3d52d95b4d05dd58?s=96&d=mm&r=g\",\"contentUrl\":\"https:\/\/secure.gravatar.com\/avatar\/7fcc926d5b058d3f3d52d95b4d05dd58?s=96&d=mm&r=g\",\"caption\":\"Redacci\u00f3n\"},\"sameAs\":[\"http:\/\/masquenoticias.mx\"],\"url\":\"https:\/\/masquenoticias.mx\/index.php\/author\/edgartovegmail-com\/\"}]}<\/script>\n<!-- \/ Yoast SEO plugin. -->","yoast_head_json":{"title":"Gobierno Colima atestigua entrega de tarjetas de Pensi\u00f3n para el Bienestar de Personas Adultas Mayores - M\u00e1s Que Noticias","robots":{"index":"index","follow":"follow","max-snippet":"max-snippet:-1","max-image-preview":"max-image-preview:large","max-video-preview":"max-video-preview:-1"},"canonical":"https:\/\/masquenoticias.mx\/index.php\/2024\/07\/12\/gobierno-colima-atestigua-entrega-de-tarjetas-de-pension-para-el-bienestar-de-personas-adultas-mayores\/","og_locale":"es_MX","og_type":"article","og_title":"Gobierno Colima atestigua entrega de tarjetas de Pensi\u00f3n para el Bienestar de Personas Adultas Mayores - M\u00e1s Que Noticias","og_description":"Este lunes, la gobernadora de Colima, Indira Vizca\u00edno Silva, atestigu\u00f3 la entrega de 180 tarjetas bancarias de la Pensi\u00f3n para el Bienestar de Personas Adultas Mayores, que hizo la Delegaci\u00f3n de Programas para el Bienestar del Gobierno de M\u00e9xico, a quienes por diversos motivos no hab\u00edan podido recoger ese documento. La mandataria estatal record\u00f3 a [&hellip;]","og_url":"https:\/\/masquenoticias.mx\/index.php\/2024\/07\/12\/gobierno-colima-atestigua-entrega-de-tarjetas-de-pension-para-el-bienestar-de-personas-adultas-mayores\/","og_site_name":"M\u00e1s Que Noticias","article_publisher":"https:\/\/www.facebook.com\/masquenoticiascolima","article_published_time":"2024-07-13T05:30:23+00:00","article_modified_time":"2024-08-05T05:59:19+00:00","og_image":[{"width":1280,"height":853,"url":"https:\/\/masquenoticias.mx\/wp-content\/uploads\/2024\/07\/WhatsApp-Image-2024-07-15-at-12.17.02-PM-3.jpeg","type":"image\/jpeg"}],"author":"Redacci\u00f3n","twitter_card":"summary_large_image","twitter_creator":"@edgartove","twitter_site":"@edgartove","twitter_misc":{"Escrito por":"Redacci\u00f3n","Tiempo de lectura":"2 minutos"},"schema":{"@context":"https:\/\/schema.org","@graph":[{"@type":"Article","@id":"https:\/\/masquenoticias.mx\/index.php\/2024\/07\/12\/gobierno-colima-atestigua-entrega-de-tarjetas-de-pension-para-el-bienestar-de-personas-adultas-mayores\/#article","isPartOf":{"@id":"https:\/\/masquenoticias.mx\/index.php\/2024\/07\/12\/gobierno-colima-atestigua-entrega-de-tarjetas-de-pension-para-el-bienestar-de-personas-adultas-mayores\/"},"author":{"name":"Redacci\u00f3n","@id":"https:\/\/masquenoticias.mx\/#\/schema\/person\/544d19989ef23d34615f691f7a96e622"},"headline":"Gobierno Colima atestigua entrega de tarjetas de Pensi\u00f3n para el Bienestar de Personas Adultas Mayores","datePublished":"2024-07-13T05:30:23+00:00","dateModified":"2024-08-05T05:59:19+00:00","mainEntityOfPage":{"@id":"https:\/\/masquenoticias.mx\/index.php\/2024\/07\/12\/gobierno-colima-atestigua-entrega-de-tarjetas-de-pension-para-el-bienestar-de-personas-adultas-mayores\/"},"wordCount":371,"commentCount":0,"publisher":{"@id":"https:\/\/masquenoticias.mx\/#organization"},"image":{"@id":"https:\/\/masquenoticias.mx\/index.php\/2024\/07\/12\/gobierno-colima-atestigua-entrega-de-tarjetas-de-pension-para-el-bienestar-de-personas-adultas-mayores\/#primaryimage"},"thumbnailUrl":"https:\/\/i0.wp.com\/masquenoticias.mx\/wp-content\/uploads\/2024\/07\/WhatsApp-Image-2024-07-15-at-12.17.02-PM-3.jpeg?fit=1280%2C853&ssl=1","keywords":["Indira Vizca\u00edno"],"articleSection":["Estado"],"inLanguage":"es","potentialAction":[{"@type":"CommentAction","name":"Comment","target":["https:\/\/masquenoticias.mx\/index.php\/2024\/07\/12\/gobierno-colima-atestigua-entrega-de-tarjetas-de-pension-para-el-bienestar-de-personas-adultas-mayores\/#respond"]}]},{"@type":"WebPage","@id":"https:\/\/masquenoticias.mx\/index.php\/2024\/07\/12\/gobierno-colima-atestigua-entrega-de-tarjetas-de-pension-para-el-bienestar-de-personas-adultas-mayores\/","url":"https:\/\/masquenoticias.mx\/index.php\/2024\/07\/12\/gobierno-colima-atestigua-entrega-de-tarjetas-de-pension-para-el-bienestar-de-personas-adultas-mayores\/","name":"Gobierno Colima atestigua entrega de tarjetas de Pensi\u00f3n para el Bienestar de Personas Adultas Mayores - M\u00e1s Que Noticias","isPartOf":{"@id":"https:\/\/masquenoticias.mx\/#website"},"primaryImageOfPage":{"@id":"https:\/\/masquenoticias.mx\/index.php\/2024\/07\/12\/gobierno-colima-atestigua-entrega-de-tarjetas-de-pension-para-el-bienestar-de-personas-adultas-mayores\/#primaryimage"},"image":{"@id":"https:\/\/masquenoticias.mx\/index.php\/2024\/07\/12\/gobierno-colima-atestigua-entrega-de-tarjetas-de-pension-para-el-bienestar-de-personas-adultas-mayores\/#primaryimage"},"thumbnailUrl":"https:\/\/i0.wp.com\/masquenoticias.mx\/wp-content\/uploads\/2024\/07\/WhatsApp-Image-2024-07-15-at-12.17.02-PM-3.jpeg?fit=1280%2C853&ssl=1","datePublished":"2024-07-13T05:30:23+00:00","dateModified":"2024-08-05T05:59:19+00:00","breadcrumb":{"@id":"https:\/\/masquenoticias.mx\/index.php\/2024\/07\/12\/gobierno-colima-atestigua-entrega-de-tarjetas-de-pension-para-el-bienestar-de-personas-adultas-mayores\/#breadcrumb"},"inLanguage":"es","potentialAction":[{"@type":"ReadAction","target":["https:\/\/masquenoticias.mx\/index.php\/2024\/07\/12\/gobierno-colima-atestigua-entrega-de-tarjetas-de-pension-para-el-bienestar-de-personas-adultas-mayores\/"]}]},{"@type":"ImageObject","inLanguage":"es","@id":"https:\/\/masquenoticias.mx\/index.php\/2024\/07\/12\/gobierno-colima-atestigua-entrega-de-tarjetas-de-pension-para-el-bienestar-de-personas-adultas-mayores\/#primaryimage","url":"https:\/\/i0.wp.com\/masquenoticias.mx\/wp-content\/uploads\/2024\/07\/WhatsApp-Image-2024-07-15-at-12.17.02-PM-3.jpeg?fit=1280%2C853&ssl=1","contentUrl":"https:\/\/i0.wp.com\/masquenoticias.mx\/wp-content\/uploads\/2024\/07\/WhatsApp-Image-2024-07-15-at-12.17.02-PM-3.jpeg?fit=1280%2C853&ssl=1","width":1280,"height":853},{"@type":"BreadcrumbList","@id":"https:\/\/masquenoticias.mx\/index.php\/2024\/07\/12\/gobierno-colima-atestigua-entrega-de-tarjetas-de-pension-para-el-bienestar-de-personas-adultas-mayores\/#breadcrumb","itemListElement":[{"@type":"ListItem","position":1,"name":"Inicio","item":"https:\/\/masquenoticias.mx\/"},{"@type":"ListItem","position":2,"name":"Gobierno Colima atestigua entrega de tarjetas de Pensi\u00f3n para el Bienestar de Personas Adultas Mayores"}]},{"@type":"WebSite","@id":"https:\/\/masquenoticias.mx\/#website","url":"https:\/\/masquenoticias.mx\/","name":"M\u00e1s Que Noticias","description":"Noticias de Colima, M\u00e9xico y el Mundo","publisher":{"@id":"https:\/\/masquenoticias.mx\/#organization"},"potentialAction":[{"@type":"SearchAction","target":{"@type":"EntryPoint","urlTemplate":"https:\/\/masquenoticias.mx\/?s={search_term_string}"},"query-input":{"@type":"PropertyValueSpecification","valueRequired":true,"valueName":"search_term_string"}}],"inLanguage":"es"},{"@type":"Organization","@id":"https:\/\/masquenoticias.mx\/#organization","name":"M\u00e1s Que Noticias","url":"https:\/\/masquenoticias.mx\/","logo":{"@type":"ImageObject","inLanguage":"es","@id":"https:\/\/masquenoticias.mx\/#\/schema\/logo\/image\/","url":"https:\/\/i0.wp.com\/masquenoticias.mx\/wp-content\/uploads\/2024\/04\/IMG_0004.png?fit=2560%2C1656&ssl=1","contentUrl":"https:\/\/i0.wp.com\/masquenoticias.mx\/wp-content\/uploads\/2024\/04\/IMG_0004.png?fit=2560%2C1656&ssl=1","width":2560,"height":1656,"caption":"M\u00e1s Que Noticias"},"image":{"@id":"https:\/\/masquenoticias.mx\/#\/schema\/logo\/image\/"},"sameAs":["https:\/\/www.facebook.com\/masquenoticiascolima","https:\/\/x.com\/edgartove","https:\/\/www.instagram.com\/masquenoticiascolima\/"]},{"@type":"Person","@id":"https:\/\/masquenoticias.mx\/#\/schema\/person\/544d19989ef23d34615f691f7a96e622","name":"Redacci\u00f3n","image":{"@type":"ImageObject","inLanguage":"es","@id":"https:\/\/masquenoticias.mx\/#\/schema\/person\/image\/","url":"https:\/\/secure.gravatar.com\/avatar\/7fcc926d5b058d3f3d52d95b4d05dd58?s=96&d=mm&r=g","contentUrl":"https:\/\/secure.gravatar.com\/avatar\/7fcc926d5b058d3f3d52d95b4d05dd58?s=96&d=mm&r=g","caption":"Redacci\u00f3n"},"sameAs":["http:\/\/masquenoticias.mx"],"url":"https:\/\/masquenoticias.mx\/index.php\/author\/edgartovegmail-com\/"}]}},"jetpack_featured_media_url":"https:\/\/i0.wp.com\/masquenoticias.mx\/wp-content\/uploads\/2024\/07\/WhatsApp-Image-2024-07-15-at-12.17.02-PM-3.jpeg?fit=1280%2C853&ssl=1","blog_post_layout_featured_media_urls":{"thumbnail":["https:\/\/i0.wp.com\/masquenoticias.mx\/wp-content\/uploads\/2024\/07\/WhatsApp-Image-2024-07-15-at-12.17.02-PM-3.jpeg?resize=150%2C150&ssl=1",150,150,true],"full":["https:\/\/i0.wp.com\/masquenoticias.mx\/wp-content\/uploads\/2024\/07\/WhatsApp-Image-2024-07-15-at-12.17.02-PM-3.jpeg?fit=1280%2C853&ssl=1",1280,853,false]},"categories_names":{"24":{"name":"Estado","link":"https:\/\/masquenoticias.mx\/index.php\/category\/estado\/"}},"tags_names":{"26":{"name":"Indira Vizca\u00edno","link":"https:\/\/masquenoticias.mx\/index.php\/tag\/indira-vizcaino\/"}},"comments_number":"0","wpmagazine_modules_lite_featured_media_urls":{"thumbnail":["https:\/\/i0.wp.com\/masquenoticias.mx\/wp-content\/uploads\/2024\/07\/WhatsApp-Image-2024-07-15-at-12.17.02-PM-3.jpeg?resize=150%2C150&ssl=1",150,150,true],"cvmm-medium":["https:\/\/i0.wp.com\/masquenoticias.mx\/wp-content\/uploads\/2024\/07\/WhatsApp-Image-2024-07-15-at-12.17.02-PM-3.jpeg?resize=300%2C300&ssl=1",300,300,true],"cvmm-medium-plus":["https:\/\/i0.wp.com\/masquenoticias.mx\/wp-content\/uploads\/2024\/07\/WhatsApp-Image-2024-07-15-at-12.17.02-PM-3.jpeg?resize=305%2C207&ssl=1",305,207,true],"cvmm-portrait":["https:\/\/i0.wp.com\/masquenoticias.mx\/wp-content\/uploads\/2024\/07\/WhatsApp-Image-2024-07-15-at-12.17.02-PM-3.jpeg?resize=400%2C600&ssl=1",400,600,true],"cvmm-medium-square":["https:\/\/i0.wp.com\/masquenoticias.mx\/wp-content\/uploads\/2024\/07\/WhatsApp-Image-2024-07-15-at-12.17.02-PM-3.jpeg?resize=600%2C600&ssl=1",600,600,true],"cvmm-large":["https:\/\/i0.wp.com\/masquenoticias.mx\/wp-content\/uploads\/2024\/07\/WhatsApp-Image-2024-07-15-at-12.17.02-PM-3.jpeg?resize=1024%2C853&ssl=1",1024,853,true],"cvmm-small":["https:\/\/i0.wp.com\/masquenoticias.mx\/wp-content\/uploads\/2024\/07\/WhatsApp-Image-2024-07-15-at-12.17.02-PM-3.jpeg?resize=130%2C95&ssl=1",130,95,true],"full":["https:\/\/i0.wp.com\/masquenoticias.mx\/wp-content\/uploads\/2024\/07\/WhatsApp-Image-2024-07-15-at-12.17.02-PM-3.jpeg?fit=1280%2C853&ssl=1",1280,853,false]},"jetpack-related-posts":[],"jetpack_sharing_enabled":true,"jetpack_likes_enabled":true,"jetpack_shortlink":"https:\/\/wp.me\/pf7pkt-2jL","_links":{"self":[{"href":"https:\/\/masquenoticias.mx\/index.php\/wp-json\/wp\/v2\/posts\/8913","targetHints":{"allow":["GET"]}}],"collection":[{"href":"https:\/\/masquenoticias.mx\/index.php\/wp-json\/wp\/v2\/posts"}],"about":[{"href":"https:\/\/masquenoticias.mx\/index.php\/wp-json\/wp\/v2\/types\/post"}],"author":[{"embeddable":true,"href":"https:\/\/masquenoticias.mx\/index.php\/wp-json\/wp\/v2\/users\/1"}],"replies":[{"embeddable":true,"href":"https:\/\/masquenoticias.mx\/index.php\/wp-json\/wp\/v2\/comments?post=8913"}],"version-history":[{"count":1,"href":"https:\/\/masquenoticias.mx\/index.php\/wp-json\/wp\/v2\/posts\/8913\/revisions"}],"predecessor-version":[{"id":8915,"href":"https:\/\/masquenoticias.mx\/index.php\/wp-json\/wp\/v2\/posts\/8913\/revisions\/8915"}],"wp:featuredmedia":[{"embeddable":true,"href":"https:\/\/masquenoticias.mx\/index.php\/wp-json\/wp\/v2\/media\/8914"}],"wp:attachment":[{"href":"https:\/\/masquenoticias.mx\/index.php\/wp-json\/wp\/v2\/media?parent=8913"}],"wp:term":[{"taxonomy":"category","embeddable":true,"href":"https:\/\/masquenoticias.mx\/index.php\/wp-json\/wp\/v2\/categories?post=8913"},{"taxonomy":"post_tag","embeddable":true,"href":"https:\/\/masquenoticias.mx\/index.php\/wp-json\/wp\/v2\/tags?post=8913"}],"curies":[{"name":"wp","href":"https:\/\/api.w.org\/{rel}","templated":true}]}}