{"id":8887,"date":"2024-06-19T10:29:07","date_gmt":"2024-06-19T16:29:07","guid":{"rendered":"https:\/\/masquenoticias.mx\/?p=8887"},"modified":"2024-06-19T10:29:07","modified_gmt":"2024-06-19T16:29:07","slug":"triunfo-de-riult-apegado-a-derecho-alberto-partida","status":"publish","type":"post","link":"https:\/\/masquenoticias.mx\/index.php\/2024\/06\/19\/triunfo-de-riult-apegado-a-derecho-alberto-partida\/","title":{"rendered":"Triunfo de Riult apegado a Derecho: Alberto Partida"},"content":{"rendered":"<p>\u201cLa campa\u00f1a del presidente municipal electo de Colima, Riult Rivera, se desasaroll\u00f3 en todo momento en el marco de la ley, y cada uno de sus actos proselitistas estuvieron apegados a Derecho, como dan constancia todos los medios que dieron puntual cobertura a las acciones del abanderado de la coalici\u00f3n Fuerza y Coraz\u00f3n por Colima\u201d.<\/p>\n<p>En los anteriores t\u00e9rminos se expres\u00f3 Alberto Partida Valencia, Coordinador general de la campa\u00f1a del entonces candidato de la alianza PAN-PRI, ante las impugnaciones presentadas por las candidatas derrotadas Margarita Moreno del partido Movimiento Ciudadano, y Azucena L\u00f3pez de la coalici\u00f3n Morena, PVEM, y PT.<\/p>\n<p>Alberto Partida se\u00f1al\u00f3 que las candidatas perdedoras est\u00e1n en su derecho de recurrir a las instancias jurisdiccionales que consideren convenientes, pero \u201cel triunfo de nuestro alcalde electo, Riult Rivera, es inobjetable e incontrovertible, pues obtuvo la alcald\u00eda de Colima con la mayor\u00eda de votos al haber sumado 28 mil 650 sufragios, con una campa\u00f1a que estuvo siempre apegada a Derecho\u201d<\/p>\n<p>Partida Valencia declar\u00f3 que \u201cel alcalde electo Riult Rivera, a diferencia de sus adversarias pol\u00edticas, desde su registro como candidato ante el Instituto Electoral del Estado de Colima cumpli\u00f3 con todos los requisitos que establecen las leyes electorales, y fue \u00e9l \u00fanico que realiz\u00f3 una campa\u00f1a de propuestas serias y bien documentadas, adem\u00e1s de su real cercan\u00eda con todos los sectores de la poblaci\u00f3n del municipio para escucharlos y atenderlos\u201d.<\/p>\n<p>Reiter\u00f3 que las candidatas derrotadas pueden recurrir a las instancias que consideren convenientes, pero la coalici\u00f3n PAN-PRI que postul\u00f3 al hoy alcalde electo ya tiene el equipo jur\u00eddico trabajando \u201cpara dar respuesta puntual a cada uno de los puntos de las controversias presentadas ante el TEE, porque bajo ninguna circunstancia permitiremos que pretendan ganar en tribunales lo que no supieron ganar con el voto mayoritario de la gente\u201d, concluy\u00f3.<\/p>\n","protected":false},"excerpt":{"rendered":"<p>\u201cLa campa\u00f1a del presidente municipal electo de Colima, Riult Rivera, se desasaroll\u00f3 en todo momento en el marco de la ley, y cada uno de sus actos proselitistas estuvieron apegados a Derecho, como dan constancia todos los medios que dieron puntual cobertura a las acciones del abanderado de la coalici\u00f3n Fuerza y Coraz\u00f3n por Colima\u201d. [&hellip;]<\/p>\n","protected":false},"author":1,"featured_media":8888,"comment_status":"open","ping_status":"open","sticky":false,"template":"","format":"standard","meta":{"_jetpack_memberships_contains_paid_content":false,"footnotes":""},"categories":[32],"tags":[142],"class_list":["post-8887","post","type-post","status-publish","format-standard","has-post-thumbnail","hentry","category-politica","tag-riult-rivera"],"yoast_head":"<!-- This site is optimized with the Yoast SEO plugin v26.6 - https:\/\/yoast.com\/wordpress\/plugins\/seo\/ -->\n<title>Triunfo de Riult apegado a Derecho: Alberto Partida - M\u00e1s Que Noticias<\/title>\n<meta name=\"robots\" content=\"index, follow, max-snippet:-1, max-image-preview:large, max-video-preview:-1\" \/>\n<link rel=\"canonical\" href=\"https:\/\/masquenoticias.mx\/index.php\/2024\/06\/19\/triunfo-de-riult-apegado-a-derecho-alberto-partida\/\" \/>\n<meta property=\"og:locale\" content=\"es_MX\" \/>\n<meta property=\"og:type\" content=\"article\" \/>\n<meta property=\"og:title\" content=\"Triunfo de Riult apegado a Derecho: Alberto Partida - M\u00e1s Que Noticias\" \/>\n<meta property=\"og:description\" content=\"\u201cLa campa\u00f1a del presidente municipal electo de Colima, Riult Rivera, se desasaroll\u00f3 en todo momento en el marco de la ley, y cada uno de sus actos proselitistas estuvieron apegados a Derecho, como dan constancia todos los medios que dieron puntual cobertura a las acciones del abanderado de la coalici\u00f3n Fuerza y Coraz\u00f3n por Colima\u201d. [&hellip;]\" \/>\n<meta property=\"og:url\" content=\"https:\/\/masquenoticias.mx\/index.php\/2024\/06\/19\/triunfo-de-riult-apegado-a-derecho-alberto-partida\/\" \/>\n<meta property=\"og:site_name\" content=\"M\u00e1s Que Noticias\" \/>\n<meta property=\"article:publisher\" content=\"https:\/\/www.facebook.com\/masquenoticiascolima\" \/>\n<meta property=\"article:published_time\" content=\"2024-06-19T16:29:07+00:00\" \/>\n<meta property=\"og:image\" content=\"https:\/\/masquenoticias.mx\/wp-content\/uploads\/2024\/06\/WhatsApp-Image-2024-06-19-at-10.00.31-AM.jpeg\" \/>\n\t<meta property=\"og:image:width\" content=\"959\" \/>\n\t<meta property=\"og:image:height\" content=\"1280\" \/>\n\t<meta property=\"og:image:type\" content=\"image\/jpeg\" \/>\n<meta name=\"author\" content=\"Redacci\u00f3n\" \/>\n<meta name=\"twitter:card\" content=\"summary_large_image\" \/>\n<meta name=\"twitter:creator\" content=\"@edgartove\" \/>\n<meta name=\"twitter:site\" content=\"@edgartove\" \/>\n<meta name=\"twitter:label1\" content=\"Escrito por\" \/>\n\t<meta name=\"twitter:data1\" content=\"Redacci\u00f3n\" \/>\n\t<meta name=\"twitter:label2\" content=\"Tiempo de lectura\" \/>\n\t<meta name=\"twitter:data2\" content=\"2 minutos\" \/>\n<script type=\"application\/ld+json\" class=\"yoast-schema-graph\">{\"@context\":\"https:\/\/schema.org\",\"@graph\":[{\"@type\":\"Article\",\"@id\":\"https:\/\/masquenoticias.mx\/index.php\/2024\/06\/19\/triunfo-de-riult-apegado-a-derecho-alberto-partida\/#article\",\"isPartOf\":{\"@id\":\"https:\/\/masquenoticias.mx\/index.php\/2024\/06\/19\/triunfo-de-riult-apegado-a-derecho-alberto-partida\/\"},\"author\":{\"name\":\"Redacci\u00f3n\",\"@id\":\"https:\/\/masquenoticias.mx\/#\/schema\/person\/544d19989ef23d34615f691f7a96e622\"},\"headline\":\"Triunfo de Riult apegado a Derecho: Alberto Partida\",\"datePublished\":\"2024-06-19T16:29:07+00:00\",\"mainEntityOfPage\":{\"@id\":\"https:\/\/masquenoticias.mx\/index.php\/2024\/06\/19\/triunfo-de-riult-apegado-a-derecho-alberto-partida\/\"},\"wordCount\":324,\"commentCount\":0,\"publisher\":{\"@id\":\"https:\/\/masquenoticias.mx\/#organization\"},\"image\":{\"@id\":\"https:\/\/masquenoticias.mx\/index.php\/2024\/06\/19\/triunfo-de-riult-apegado-a-derecho-alberto-partida\/#primaryimage\"},\"thumbnailUrl\":\"https:\/\/i0.wp.com\/masquenoticias.mx\/wp-content\/uploads\/2024\/06\/WhatsApp-Image-2024-06-19-at-10.00.31-AM.jpeg?fit=959%2C1280&ssl=1\",\"keywords\":[\"Riult Rivera\"],\"articleSection\":[\"Pol\u00edtica\"],\"inLanguage\":\"es\",\"potentialAction\":[{\"@type\":\"CommentAction\",\"name\":\"Comment\",\"target\":[\"https:\/\/masquenoticias.mx\/index.php\/2024\/06\/19\/triunfo-de-riult-apegado-a-derecho-alberto-partida\/#respond\"]}]},{\"@type\":\"WebPage\",\"@id\":\"https:\/\/masquenoticias.mx\/index.php\/2024\/06\/19\/triunfo-de-riult-apegado-a-derecho-alberto-partida\/\",\"url\":\"https:\/\/masquenoticias.mx\/index.php\/2024\/06\/19\/triunfo-de-riult-apegado-a-derecho-alberto-partida\/\",\"name\":\"Triunfo de Riult apegado a Derecho: Alberto Partida - M\u00e1s Que Noticias\",\"isPartOf\":{\"@id\":\"https:\/\/masquenoticias.mx\/#website\"},\"primaryImageOfPage\":{\"@id\":\"https:\/\/masquenoticias.mx\/index.php\/2024\/06\/19\/triunfo-de-riult-apegado-a-derecho-alberto-partida\/#primaryimage\"},\"image\":{\"@id\":\"https:\/\/masquenoticias.mx\/index.php\/2024\/06\/19\/triunfo-de-riult-apegado-a-derecho-alberto-partida\/#primaryimage\"},\"thumbnailUrl\":\"https:\/\/i0.wp.com\/masquenoticias.mx\/wp-content\/uploads\/2024\/06\/WhatsApp-Image-2024-06-19-at-10.00.31-AM.jpeg?fit=959%2C1280&ssl=1\",\"datePublished\":\"2024-06-19T16:29:07+00:00\",\"breadcrumb\":{\"@id\":\"https:\/\/masquenoticias.mx\/index.php\/2024\/06\/19\/triunfo-de-riult-apegado-a-derecho-alberto-partida\/#breadcrumb\"},\"inLanguage\":\"es\",\"potentialAction\":[{\"@type\":\"ReadAction\",\"target\":[\"https:\/\/masquenoticias.mx\/index.php\/2024\/06\/19\/triunfo-de-riult-apegado-a-derecho-alberto-partida\/\"]}]},{\"@type\":\"ImageObject\",\"inLanguage\":\"es\",\"@id\":\"https:\/\/masquenoticias.mx\/index.php\/2024\/06\/19\/triunfo-de-riult-apegado-a-derecho-alberto-partida\/#primaryimage\",\"url\":\"https:\/\/i0.wp.com\/masquenoticias.mx\/wp-content\/uploads\/2024\/06\/WhatsApp-Image-2024-06-19-at-10.00.31-AM.jpeg?fit=959%2C1280&ssl=1\",\"contentUrl\":\"https:\/\/i0.wp.com\/masquenoticias.mx\/wp-content\/uploads\/2024\/06\/WhatsApp-Image-2024-06-19-at-10.00.31-AM.jpeg?fit=959%2C1280&ssl=1\",\"width\":959,\"height\":1280},{\"@type\":\"BreadcrumbList\",\"@id\":\"https:\/\/masquenoticias.mx\/index.php\/2024\/06\/19\/triunfo-de-riult-apegado-a-derecho-alberto-partida\/#breadcrumb\",\"itemListElement\":[{\"@type\":\"ListItem\",\"position\":1,\"name\":\"Inicio\",\"item\":\"https:\/\/masquenoticias.mx\/\"},{\"@type\":\"ListItem\",\"position\":2,\"name\":\"Triunfo de Riult apegado a Derecho: Alberto Partida\"}]},{\"@type\":\"WebSite\",\"@id\":\"https:\/\/masquenoticias.mx\/#website\",\"url\":\"https:\/\/masquenoticias.mx\/\",\"name\":\"M\u00e1s Que Noticias\",\"description\":\"Noticias de Colima, M\u00e9xico y el Mundo\",\"publisher\":{\"@id\":\"https:\/\/masquenoticias.mx\/#organization\"},\"potentialAction\":[{\"@type\":\"SearchAction\",\"target\":{\"@type\":\"EntryPoint\",\"urlTemplate\":\"https:\/\/masquenoticias.mx\/?s={search_term_string}\"},\"query-input\":{\"@type\":\"PropertyValueSpecification\",\"valueRequired\":true,\"valueName\":\"search_term_string\"}}],\"inLanguage\":\"es\"},{\"@type\":\"Organization\",\"@id\":\"https:\/\/masquenoticias.mx\/#organization\",\"name\":\"M\u00e1s Que Noticias\",\"url\":\"https:\/\/masquenoticias.mx\/\",\"logo\":{\"@type\":\"ImageObject\",\"inLanguage\":\"es\",\"@id\":\"https:\/\/masquenoticias.mx\/#\/schema\/logo\/image\/\",\"url\":\"https:\/\/i0.wp.com\/masquenoticias.mx\/wp-content\/uploads\/2024\/04\/IMG_0004.png?fit=2560%2C1656&ssl=1\",\"contentUrl\":\"https:\/\/i0.wp.com\/masquenoticias.mx\/wp-content\/uploads\/2024\/04\/IMG_0004.png?fit=2560%2C1656&ssl=1\",\"width\":2560,\"height\":1656,\"caption\":\"M\u00e1s Que Noticias\"},\"image\":{\"@id\":\"https:\/\/masquenoticias.mx\/#\/schema\/logo\/image\/\"},\"sameAs\":[\"https:\/\/www.facebook.com\/masquenoticiascolima\",\"https:\/\/x.com\/edgartove\",\"https:\/\/www.instagram.com\/masquenoticiascolima\/\"]},{\"@type\":\"Person\",\"@id\":\"https:\/\/masquenoticias.mx\/#\/schema\/person\/544d19989ef23d34615f691f7a96e622\",\"name\":\"Redacci\u00f3n\",\"image\":{\"@type\":\"ImageObject\",\"inLanguage\":\"es\",\"@id\":\"https:\/\/masquenoticias.mx\/#\/schema\/person\/image\/\",\"url\":\"https:\/\/secure.gravatar.com\/avatar\/7fcc926d5b058d3f3d52d95b4d05dd58?s=96&d=mm&r=g\",\"contentUrl\":\"https:\/\/secure.gravatar.com\/avatar\/7fcc926d5b058d3f3d52d95b4d05dd58?s=96&d=mm&r=g\",\"caption\":\"Redacci\u00f3n\"},\"sameAs\":[\"http:\/\/masquenoticias.mx\"],\"url\":\"https:\/\/masquenoticias.mx\/index.php\/author\/edgartovegmail-com\/\"}]}<\/script>\n<!-- \/ Yoast SEO plugin. -->","yoast_head_json":{"title":"Triunfo de Riult apegado a Derecho: Alberto Partida - M\u00e1s Que Noticias","robots":{"index":"index","follow":"follow","max-snippet":"max-snippet:-1","max-image-preview":"max-image-preview:large","max-video-preview":"max-video-preview:-1"},"canonical":"https:\/\/masquenoticias.mx\/index.php\/2024\/06\/19\/triunfo-de-riult-apegado-a-derecho-alberto-partida\/","og_locale":"es_MX","og_type":"article","og_title":"Triunfo de Riult apegado a Derecho: Alberto Partida - M\u00e1s Que Noticias","og_description":"\u201cLa campa\u00f1a del presidente municipal electo de Colima, Riult Rivera, se desasaroll\u00f3 en todo momento en el marco de la ley, y cada uno de sus actos proselitistas estuvieron apegados a Derecho, como dan constancia todos los medios que dieron puntual cobertura a las acciones del abanderado de la coalici\u00f3n Fuerza y Coraz\u00f3n por Colima\u201d. [&hellip;]","og_url":"https:\/\/masquenoticias.mx\/index.php\/2024\/06\/19\/triunfo-de-riult-apegado-a-derecho-alberto-partida\/","og_site_name":"M\u00e1s Que Noticias","article_publisher":"https:\/\/www.facebook.com\/masquenoticiascolima","article_published_time":"2024-06-19T16:29:07+00:00","og_image":[{"width":959,"height":1280,"url":"https:\/\/masquenoticias.mx\/wp-content\/uploads\/2024\/06\/WhatsApp-Image-2024-06-19-at-10.00.31-AM.jpeg","type":"image\/jpeg"}],"author":"Redacci\u00f3n","twitter_card":"summary_large_image","twitter_creator":"@edgartove","twitter_site":"@edgartove","twitter_misc":{"Escrito por":"Redacci\u00f3n","Tiempo de lectura":"2 minutos"},"schema":{"@context":"https:\/\/schema.org","@graph":[{"@type":"Article","@id":"https:\/\/masquenoticias.mx\/index.php\/2024\/06\/19\/triunfo-de-riult-apegado-a-derecho-alberto-partida\/#article","isPartOf":{"@id":"https:\/\/masquenoticias.mx\/index.php\/2024\/06\/19\/triunfo-de-riult-apegado-a-derecho-alberto-partida\/"},"author":{"name":"Redacci\u00f3n","@id":"https:\/\/masquenoticias.mx\/#\/schema\/person\/544d19989ef23d34615f691f7a96e622"},"headline":"Triunfo de Riult apegado a Derecho: Alberto Partida","datePublished":"2024-06-19T16:29:07+00:00","mainEntityOfPage":{"@id":"https:\/\/masquenoticias.mx\/index.php\/2024\/06\/19\/triunfo-de-riult-apegado-a-derecho-alberto-partida\/"},"wordCount":324,"commentCount":0,"publisher":{"@id":"https:\/\/masquenoticias.mx\/#organization"},"image":{"@id":"https:\/\/masquenoticias.mx\/index.php\/2024\/06\/19\/triunfo-de-riult-apegado-a-derecho-alberto-partida\/#primaryimage"},"thumbnailUrl":"https:\/\/i0.wp.com\/masquenoticias.mx\/wp-content\/uploads\/2024\/06\/WhatsApp-Image-2024-06-19-at-10.00.31-AM.jpeg?fit=959%2C1280&ssl=1","keywords":["Riult Rivera"],"articleSection":["Pol\u00edtica"],"inLanguage":"es","potentialAction":[{"@type":"CommentAction","name":"Comment","target":["https:\/\/masquenoticias.mx\/index.php\/2024\/06\/19\/triunfo-de-riult-apegado-a-derecho-alberto-partida\/#respond"]}]},{"@type":"WebPage","@id":"https:\/\/masquenoticias.mx\/index.php\/2024\/06\/19\/triunfo-de-riult-apegado-a-derecho-alberto-partida\/","url":"https:\/\/masquenoticias.mx\/index.php\/2024\/06\/19\/triunfo-de-riult-apegado-a-derecho-alberto-partida\/","name":"Triunfo de Riult apegado a Derecho: Alberto Partida - M\u00e1s Que Noticias","isPartOf":{"@id":"https:\/\/masquenoticias.mx\/#website"},"primaryImageOfPage":{"@id":"https:\/\/masquenoticias.mx\/index.php\/2024\/06\/19\/triunfo-de-riult-apegado-a-derecho-alberto-partida\/#primaryimage"},"image":{"@id":"https:\/\/masquenoticias.mx\/index.php\/2024\/06\/19\/triunfo-de-riult-apegado-a-derecho-alberto-partida\/#primaryimage"},"thumbnailUrl":"https:\/\/i0.wp.com\/masquenoticias.mx\/wp-content\/uploads\/2024\/06\/WhatsApp-Image-2024-06-19-at-10.00.31-AM.jpeg?fit=959%2C1280&ssl=1","datePublished":"2024-06-19T16:29:07+00:00","breadcrumb":{"@id":"https:\/\/masquenoticias.mx\/index.php\/2024\/06\/19\/triunfo-de-riult-apegado-a-derecho-alberto-partida\/#breadcrumb"},"inLanguage":"es","potentialAction":[{"@type":"ReadAction","target":["https:\/\/masquenoticias.mx\/index.php\/2024\/06\/19\/triunfo-de-riult-apegado-a-derecho-alberto-partida\/"]}]},{"@type":"ImageObject","inLanguage":"es","@id":"https:\/\/masquenoticias.mx\/index.php\/2024\/06\/19\/triunfo-de-riult-apegado-a-derecho-alberto-partida\/#primaryimage","url":"https:\/\/i0.wp.com\/masquenoticias.mx\/wp-content\/uploads\/2024\/06\/WhatsApp-Image-2024-06-19-at-10.00.31-AM.jpeg?fit=959%2C1280&ssl=1","contentUrl":"https:\/\/i0.wp.com\/masquenoticias.mx\/wp-content\/uploads\/2024\/06\/WhatsApp-Image-2024-06-19-at-10.00.31-AM.jpeg?fit=959%2C1280&ssl=1","width":959,"height":1280},{"@type":"BreadcrumbList","@id":"https:\/\/masquenoticias.mx\/index.php\/2024\/06\/19\/triunfo-de-riult-apegado-a-derecho-alberto-partida\/#breadcrumb","itemListElement":[{"@type":"ListItem","position":1,"name":"Inicio","item":"https:\/\/masquenoticias.mx\/"},{"@type":"ListItem","position":2,"name":"Triunfo de Riult apegado a Derecho: Alberto Partida"}]},{"@type":"WebSite","@id":"https:\/\/masquenoticias.mx\/#website","url":"https:\/\/masquenoticias.mx\/","name":"M\u00e1s Que Noticias","description":"Noticias de Colima, M\u00e9xico y el Mundo","publisher":{"@id":"https:\/\/masquenoticias.mx\/#organization"},"potentialAction":[{"@type":"SearchAction","target":{"@type":"EntryPoint","urlTemplate":"https:\/\/masquenoticias.mx\/?s={search_term_string}"},"query-input":{"@type":"PropertyValueSpecification","valueRequired":true,"valueName":"search_term_string"}}],"inLanguage":"es"},{"@type":"Organization","@id":"https:\/\/masquenoticias.mx\/#organization","name":"M\u00e1s Que Noticias","url":"https:\/\/masquenoticias.mx\/","logo":{"@type":"ImageObject","inLanguage":"es","@id":"https:\/\/masquenoticias.mx\/#\/schema\/logo\/image\/","url":"https:\/\/i0.wp.com\/masquenoticias.mx\/wp-content\/uploads\/2024\/04\/IMG_0004.png?fit=2560%2C1656&ssl=1","contentUrl":"https:\/\/i0.wp.com\/masquenoticias.mx\/wp-content\/uploads\/2024\/04\/IMG_0004.png?fit=2560%2C1656&ssl=1","width":2560,"height":1656,"caption":"M\u00e1s Que Noticias"},"image":{"@id":"https:\/\/masquenoticias.mx\/#\/schema\/logo\/image\/"},"sameAs":["https:\/\/www.facebook.com\/masquenoticiascolima","https:\/\/x.com\/edgartove","https:\/\/www.instagram.com\/masquenoticiascolima\/"]},{"@type":"Person","@id":"https:\/\/masquenoticias.mx\/#\/schema\/person\/544d19989ef23d34615f691f7a96e622","name":"Redacci\u00f3n","image":{"@type":"ImageObject","inLanguage":"es","@id":"https:\/\/masquenoticias.mx\/#\/schema\/person\/image\/","url":"https:\/\/secure.gravatar.com\/avatar\/7fcc926d5b058d3f3d52d95b4d05dd58?s=96&d=mm&r=g","contentUrl":"https:\/\/secure.gravatar.com\/avatar\/7fcc926d5b058d3f3d52d95b4d05dd58?s=96&d=mm&r=g","caption":"Redacci\u00f3n"},"sameAs":["http:\/\/masquenoticias.mx"],"url":"https:\/\/masquenoticias.mx\/index.php\/author\/edgartovegmail-com\/"}]}},"jetpack_featured_media_url":"https:\/\/i0.wp.com\/masquenoticias.mx\/wp-content\/uploads\/2024\/06\/WhatsApp-Image-2024-06-19-at-10.00.31-AM.jpeg?fit=959%2C1280&ssl=1","blog_post_layout_featured_media_urls":{"thumbnail":["https:\/\/i0.wp.com\/masquenoticias.mx\/wp-content\/uploads\/2024\/06\/WhatsApp-Image-2024-06-19-at-10.00.31-AM.jpeg?resize=150%2C150&ssl=1",150,150,true],"full":["https:\/\/i0.wp.com\/masquenoticias.mx\/wp-content\/uploads\/2024\/06\/WhatsApp-Image-2024-06-19-at-10.00.31-AM.jpeg?fit=959%2C1280&ssl=1",959,1280,false]},"categories_names":{"32":{"name":"Pol\u00edtica","link":"https:\/\/masquenoticias.mx\/index.php\/category\/politica\/"}},"tags_names":{"142":{"name":"Riult Rivera","link":"https:\/\/masquenoticias.mx\/index.php\/tag\/riult-rivera\/"}},"comments_number":"0","wpmagazine_modules_lite_featured_media_urls":{"thumbnail":["https:\/\/i0.wp.com\/masquenoticias.mx\/wp-content\/uploads\/2024\/06\/WhatsApp-Image-2024-06-19-at-10.00.31-AM.jpeg?resize=150%2C150&ssl=1",150,150,true],"cvmm-medium":["https:\/\/i0.wp.com\/masquenoticias.mx\/wp-content\/uploads\/2024\/06\/WhatsApp-Image-2024-06-19-at-10.00.31-AM.jpeg?resize=300%2C300&ssl=1",300,300,true],"cvmm-medium-plus":["https:\/\/i0.wp.com\/masquenoticias.mx\/wp-content\/uploads\/2024\/06\/WhatsApp-Image-2024-06-19-at-10.00.31-AM.jpeg?resize=305%2C207&ssl=1",305,207,true],"cvmm-portrait":["https:\/\/i0.wp.com\/masquenoticias.mx\/wp-content\/uploads\/2024\/06\/WhatsApp-Image-2024-06-19-at-10.00.31-AM.jpeg?resize=400%2C600&ssl=1",400,600,true],"cvmm-medium-square":["https:\/\/i0.wp.com\/masquenoticias.mx\/wp-content\/uploads\/2024\/06\/WhatsApp-Image-2024-06-19-at-10.00.31-AM.jpeg?resize=600%2C600&ssl=1",600,600,true],"cvmm-large":["https:\/\/i0.wp.com\/masquenoticias.mx\/wp-content\/uploads\/2024\/06\/WhatsApp-Image-2024-06-19-at-10.00.31-AM.jpeg?resize=959%2C1024&ssl=1",959,1024,true],"cvmm-small":["https:\/\/i0.wp.com\/masquenoticias.mx\/wp-content\/uploads\/2024\/06\/WhatsApp-Image-2024-06-19-at-10.00.31-AM.jpeg?resize=130%2C95&ssl=1",130,95,true],"full":["https:\/\/i0.wp.com\/masquenoticias.mx\/wp-content\/uploads\/2024\/06\/WhatsApp-Image-2024-06-19-at-10.00.31-AM.jpeg?fit=959%2C1280&ssl=1",959,1280,false]},"jetpack-related-posts":[],"jetpack_sharing_enabled":true,"jetpack_likes_enabled":true,"jetpack_shortlink":"https:\/\/wp.me\/pf7pkt-2jl","_links":{"self":[{"href":"https:\/\/masquenoticias.mx\/index.php\/wp-json\/wp\/v2\/posts\/8887","targetHints":{"allow":["GET"]}}],"collection":[{"href":"https:\/\/masquenoticias.mx\/index.php\/wp-json\/wp\/v2\/posts"}],"about":[{"href":"https:\/\/masquenoticias.mx\/index.php\/wp-json\/wp\/v2\/types\/post"}],"author":[{"embeddable":true,"href":"https:\/\/masquenoticias.mx\/index.php\/wp-json\/wp\/v2\/users\/1"}],"replies":[{"embeddable":true,"href":"https:\/\/masquenoticias.mx\/index.php\/wp-json\/wp\/v2\/comments?post=8887"}],"version-history":[{"count":1,"href":"https:\/\/masquenoticias.mx\/index.php\/wp-json\/wp\/v2\/posts\/8887\/revisions"}],"predecessor-version":[{"id":8889,"href":"https:\/\/masquenoticias.mx\/index.php\/wp-json\/wp\/v2\/posts\/8887\/revisions\/8889"}],"wp:featuredmedia":[{"embeddable":true,"href":"https:\/\/masquenoticias.mx\/index.php\/wp-json\/wp\/v2\/media\/8888"}],"wp:attachment":[{"href":"https:\/\/masquenoticias.mx\/index.php\/wp-json\/wp\/v2\/media?parent=8887"}],"wp:term":[{"taxonomy":"category","embeddable":true,"href":"https:\/\/masquenoticias.mx\/index.php\/wp-json\/wp\/v2\/categories?post=8887"},{"taxonomy":"post_tag","embeddable":true,"href":"https:\/\/masquenoticias.mx\/index.php\/wp-json\/wp\/v2\/tags?post=8887"}],"curies":[{"name":"wp","href":"https:\/\/api.w.org\/{rel}","templated":true}]}}