{"id":8864,"date":"2024-06-13T14:22:00","date_gmt":"2024-06-13T20:22:00","guid":{"rendered":"https:\/\/masquenoticias.mx\/?p=8864"},"modified":"2024-06-13T14:22:00","modified_gmt":"2024-06-13T20:22:00","slug":"infonavit-ha-otorgado-mas-de-9-mil-800-mdp-en-creditos-a-las-familias-colimenses","status":"publish","type":"post","link":"https:\/\/masquenoticias.mx\/index.php\/2024\/06\/13\/infonavit-ha-otorgado-mas-de-9-mil-800-mdp-en-creditos-a-las-familias-colimenses\/","title":{"rendered":"Infonavit ha otorgado m\u00e1s de 9 mil 800 mdp en cr\u00e9ditos a las familias colimenses"},"content":{"rendered":"<p>De 2019 al cierre de abril de este a\u00f1o, el Instituto del Fondo Nacional de la Vivienda para los Trabajadores (Infonavit) ha otorgado 19 mil 634 cr\u00e9ditos en Colima, garantizando el derecho constitucional de las familias colimenses a una vivienda adecuada.<\/p>\n<p>Esta colocaci\u00f3n de cr\u00e9ditos ha generado una derrama econ\u00f3mica de 9 mil 863 millones de pesos. Esto representa un aumento de 5% en comparaci\u00f3n con el monto de los financiamientos otorgados durante la administraci\u00f3n pasada y un incremento de 49% respecto al sexenio de 2007 a 2012.<\/p>\n<p>Lo anterior, a pesar de que en esta administraci\u00f3n se registr\u00f3 una de las peores emergencias sanitarias de los \u00faltimos a\u00f1os a nivel mundial, la pandemia por Covid-19.<\/p>\n<p>El incremento registrado en la derrama econ\u00f3mica implica que, durante esta administraci\u00f3n el Infonavit impuls\u00f3 en mayor medida el desarrollo econ\u00f3mico del estado y benefici\u00f3 a m\u00e1s personas con el otorgamiento de un cr\u00e9dito de vivienda.<\/p>\n<p>Estos resultados son consistentes con una mayor oferta de cr\u00e9dito por parte del Instituto, la disminuci\u00f3n en las tasas de inter\u00e9s hasta un nivel hist\u00f3ricamente bajo, la implementaci\u00f3n del nuevo sistema de puntaje, el lanzamiento de Unamos Cr\u00e9ditos, el Nuevo Esquema de Cr\u00e9dito en Pesos, Mujer Infonavit, Cr\u00e9ditos Subsecuentes y financiamientos para trabajadores independientes, entre otros.<\/p>\n<p><strong>Actualmente, el Infonavit cuenta con cr\u00e9ditos para: <\/strong><\/p>\n<ul>\n<li>Adquirir una vivienda nueva o existente.<\/li>\n<li>Comprar un terreno.<\/li>\n<li>Construir vivienda.<\/li>\n<li>Hacer mejoras o reparaciones en el hogar.<\/li>\n<li>Pagar una deuda hipotecaria bancaria.<\/li>\n<\/ul>\n<p>Para solicitar un Cr\u00e9dito Infonavit, las personas derechohabientes deben entrar a Mi Cuenta Infonavit (micuenta.infonavit.org.mx), precalificarse para saber si se cuentan con los puntos para obtener el tipo de financiamiento que desean solicitar y realizar el curso \u201cSaber m\u00e1s para decidir mejor\u201d.<\/p>\n<p><strong>\u00a0<\/strong><\/p>\n","protected":false},"excerpt":{"rendered":"<p>De 2019 al cierre de abril de este a\u00f1o, el Instituto del Fondo Nacional de la Vivienda para los Trabajadores (Infonavit) ha otorgado 19 mil 634 cr\u00e9ditos en Colima, garantizando el derecho constitucional de las familias colimenses a una vivienda adecuada. Esta colocaci\u00f3n de cr\u00e9ditos ha generado una derrama econ\u00f3mica de 9 mil 863 millones [&hellip;]<\/p>\n","protected":false},"author":1,"featured_media":8865,"comment_status":"open","ping_status":"open","sticky":false,"template":"","format":"standard","meta":{"_jetpack_memberships_contains_paid_content":false,"footnotes":""},"categories":[24],"tags":[125],"class_list":["post-8864","post","type-post","status-publish","format-standard","has-post-thumbnail","hentry","category-estado","tag-infonavit"],"yoast_head":"<!-- This site is optimized with the Yoast SEO plugin v26.6 - https:\/\/yoast.com\/wordpress\/plugins\/seo\/ -->\n<title>Infonavit ha otorgado m\u00e1s de 9 mil 800 mdp en cr\u00e9ditos a las familias colimenses - M\u00e1s Que Noticias<\/title>\n<meta name=\"robots\" content=\"index, follow, max-snippet:-1, max-image-preview:large, max-video-preview:-1\" \/>\n<link rel=\"canonical\" href=\"https:\/\/masquenoticias.mx\/index.php\/2024\/06\/13\/infonavit-ha-otorgado-mas-de-9-mil-800-mdp-en-creditos-a-las-familias-colimenses\/\" \/>\n<meta property=\"og:locale\" content=\"es_MX\" \/>\n<meta property=\"og:type\" content=\"article\" \/>\n<meta property=\"og:title\" content=\"Infonavit ha otorgado m\u00e1s de 9 mil 800 mdp en cr\u00e9ditos a las familias colimenses - M\u00e1s Que Noticias\" \/>\n<meta property=\"og:description\" content=\"De 2019 al cierre de abril de este a\u00f1o, el Instituto del Fondo Nacional de la Vivienda para los Trabajadores (Infonavit) ha otorgado 19 mil 634 cr\u00e9ditos en Colima, garantizando el derecho constitucional de las familias colimenses a una vivienda adecuada. Esta colocaci\u00f3n de cr\u00e9ditos ha generado una derrama econ\u00f3mica de 9 mil 863 millones [&hellip;]\" \/>\n<meta property=\"og:url\" content=\"https:\/\/masquenoticias.mx\/index.php\/2024\/06\/13\/infonavit-ha-otorgado-mas-de-9-mil-800-mdp-en-creditos-a-las-familias-colimenses\/\" \/>\n<meta property=\"og:site_name\" content=\"M\u00e1s Que Noticias\" \/>\n<meta property=\"article:publisher\" content=\"https:\/\/www.facebook.com\/masquenoticiascolima\" \/>\n<meta property=\"article:published_time\" content=\"2024-06-13T20:22:00+00:00\" \/>\n<meta property=\"og:image\" content=\"https:\/\/masquenoticias.mx\/wp-content\/uploads\/2024\/06\/WhatsApp-Image-2024-06-13-at-9.54.30-AM.jpeg\" \/>\n\t<meta property=\"og:image:width\" content=\"1600\" \/>\n\t<meta property=\"og:image:height\" content=\"1200\" \/>\n\t<meta property=\"og:image:type\" content=\"image\/jpeg\" \/>\n<meta name=\"author\" content=\"Redacci\u00f3n\" \/>\n<meta name=\"twitter:card\" content=\"summary_large_image\" \/>\n<meta name=\"twitter:creator\" content=\"@edgartove\" \/>\n<meta name=\"twitter:site\" content=\"@edgartove\" \/>\n<meta name=\"twitter:label1\" content=\"Escrito por\" \/>\n\t<meta name=\"twitter:data1\" content=\"Redacci\u00f3n\" \/>\n\t<meta name=\"twitter:label2\" content=\"Tiempo de lectura\" \/>\n\t<meta name=\"twitter:data2\" content=\"2 minutos\" \/>\n<script type=\"application\/ld+json\" class=\"yoast-schema-graph\">{\"@context\":\"https:\/\/schema.org\",\"@graph\":[{\"@type\":\"Article\",\"@id\":\"https:\/\/masquenoticias.mx\/index.php\/2024\/06\/13\/infonavit-ha-otorgado-mas-de-9-mil-800-mdp-en-creditos-a-las-familias-colimenses\/#article\",\"isPartOf\":{\"@id\":\"https:\/\/masquenoticias.mx\/index.php\/2024\/06\/13\/infonavit-ha-otorgado-mas-de-9-mil-800-mdp-en-creditos-a-las-familias-colimenses\/\"},\"author\":{\"name\":\"Redacci\u00f3n\",\"@id\":\"https:\/\/masquenoticias.mx\/#\/schema\/person\/544d19989ef23d34615f691f7a96e622\"},\"headline\":\"Infonavit ha otorgado m\u00e1s de 9 mil 800 mdp en cr\u00e9ditos a las familias colimenses\",\"datePublished\":\"2024-06-13T20:22:00+00:00\",\"mainEntityOfPage\":{\"@id\":\"https:\/\/masquenoticias.mx\/index.php\/2024\/06\/13\/infonavit-ha-otorgado-mas-de-9-mil-800-mdp-en-creditos-a-las-familias-colimenses\/\"},\"wordCount\":314,\"commentCount\":0,\"publisher\":{\"@id\":\"https:\/\/masquenoticias.mx\/#organization\"},\"image\":{\"@id\":\"https:\/\/masquenoticias.mx\/index.php\/2024\/06\/13\/infonavit-ha-otorgado-mas-de-9-mil-800-mdp-en-creditos-a-las-familias-colimenses\/#primaryimage\"},\"thumbnailUrl\":\"https:\/\/i0.wp.com\/masquenoticias.mx\/wp-content\/uploads\/2024\/06\/WhatsApp-Image-2024-06-13-at-9.54.30-AM.jpeg?fit=1600%2C1200&ssl=1\",\"keywords\":[\"Infonavit\"],\"articleSection\":[\"Estado\"],\"inLanguage\":\"es\",\"potentialAction\":[{\"@type\":\"CommentAction\",\"name\":\"Comment\",\"target\":[\"https:\/\/masquenoticias.mx\/index.php\/2024\/06\/13\/infonavit-ha-otorgado-mas-de-9-mil-800-mdp-en-creditos-a-las-familias-colimenses\/#respond\"]}]},{\"@type\":\"WebPage\",\"@id\":\"https:\/\/masquenoticias.mx\/index.php\/2024\/06\/13\/infonavit-ha-otorgado-mas-de-9-mil-800-mdp-en-creditos-a-las-familias-colimenses\/\",\"url\":\"https:\/\/masquenoticias.mx\/index.php\/2024\/06\/13\/infonavit-ha-otorgado-mas-de-9-mil-800-mdp-en-creditos-a-las-familias-colimenses\/\",\"name\":\"Infonavit ha otorgado m\u00e1s de 9 mil 800 mdp en cr\u00e9ditos a las familias colimenses - M\u00e1s Que Noticias\",\"isPartOf\":{\"@id\":\"https:\/\/masquenoticias.mx\/#website\"},\"primaryImageOfPage\":{\"@id\":\"https:\/\/masquenoticias.mx\/index.php\/2024\/06\/13\/infonavit-ha-otorgado-mas-de-9-mil-800-mdp-en-creditos-a-las-familias-colimenses\/#primaryimage\"},\"image\":{\"@id\":\"https:\/\/masquenoticias.mx\/index.php\/2024\/06\/13\/infonavit-ha-otorgado-mas-de-9-mil-800-mdp-en-creditos-a-las-familias-colimenses\/#primaryimage\"},\"thumbnailUrl\":\"https:\/\/i0.wp.com\/masquenoticias.mx\/wp-content\/uploads\/2024\/06\/WhatsApp-Image-2024-06-13-at-9.54.30-AM.jpeg?fit=1600%2C1200&ssl=1\",\"datePublished\":\"2024-06-13T20:22:00+00:00\",\"breadcrumb\":{\"@id\":\"https:\/\/masquenoticias.mx\/index.php\/2024\/06\/13\/infonavit-ha-otorgado-mas-de-9-mil-800-mdp-en-creditos-a-las-familias-colimenses\/#breadcrumb\"},\"inLanguage\":\"es\",\"potentialAction\":[{\"@type\":\"ReadAction\",\"target\":[\"https:\/\/masquenoticias.mx\/index.php\/2024\/06\/13\/infonavit-ha-otorgado-mas-de-9-mil-800-mdp-en-creditos-a-las-familias-colimenses\/\"]}]},{\"@type\":\"ImageObject\",\"inLanguage\":\"es\",\"@id\":\"https:\/\/masquenoticias.mx\/index.php\/2024\/06\/13\/infonavit-ha-otorgado-mas-de-9-mil-800-mdp-en-creditos-a-las-familias-colimenses\/#primaryimage\",\"url\":\"https:\/\/i0.wp.com\/masquenoticias.mx\/wp-content\/uploads\/2024\/06\/WhatsApp-Image-2024-06-13-at-9.54.30-AM.jpeg?fit=1600%2C1200&ssl=1\",\"contentUrl\":\"https:\/\/i0.wp.com\/masquenoticias.mx\/wp-content\/uploads\/2024\/06\/WhatsApp-Image-2024-06-13-at-9.54.30-AM.jpeg?fit=1600%2C1200&ssl=1\",\"width\":1600,\"height\":1200},{\"@type\":\"BreadcrumbList\",\"@id\":\"https:\/\/masquenoticias.mx\/index.php\/2024\/06\/13\/infonavit-ha-otorgado-mas-de-9-mil-800-mdp-en-creditos-a-las-familias-colimenses\/#breadcrumb\",\"itemListElement\":[{\"@type\":\"ListItem\",\"position\":1,\"name\":\"Inicio\",\"item\":\"https:\/\/masquenoticias.mx\/\"},{\"@type\":\"ListItem\",\"position\":2,\"name\":\"Infonavit ha otorgado m\u00e1s de 9 mil 800 mdp en cr\u00e9ditos a las familias colimenses\"}]},{\"@type\":\"WebSite\",\"@id\":\"https:\/\/masquenoticias.mx\/#website\",\"url\":\"https:\/\/masquenoticias.mx\/\",\"name\":\"M\u00e1s Que Noticias\",\"description\":\"Noticias de Colima, M\u00e9xico y el Mundo\",\"publisher\":{\"@id\":\"https:\/\/masquenoticias.mx\/#organization\"},\"potentialAction\":[{\"@type\":\"SearchAction\",\"target\":{\"@type\":\"EntryPoint\",\"urlTemplate\":\"https:\/\/masquenoticias.mx\/?s={search_term_string}\"},\"query-input\":{\"@type\":\"PropertyValueSpecification\",\"valueRequired\":true,\"valueName\":\"search_term_string\"}}],\"inLanguage\":\"es\"},{\"@type\":\"Organization\",\"@id\":\"https:\/\/masquenoticias.mx\/#organization\",\"name\":\"M\u00e1s Que Noticias\",\"url\":\"https:\/\/masquenoticias.mx\/\",\"logo\":{\"@type\":\"ImageObject\",\"inLanguage\":\"es\",\"@id\":\"https:\/\/masquenoticias.mx\/#\/schema\/logo\/image\/\",\"url\":\"https:\/\/i0.wp.com\/masquenoticias.mx\/wp-content\/uploads\/2024\/04\/IMG_0004.png?fit=2560%2C1656&ssl=1\",\"contentUrl\":\"https:\/\/i0.wp.com\/masquenoticias.mx\/wp-content\/uploads\/2024\/04\/IMG_0004.png?fit=2560%2C1656&ssl=1\",\"width\":2560,\"height\":1656,\"caption\":\"M\u00e1s Que Noticias\"},\"image\":{\"@id\":\"https:\/\/masquenoticias.mx\/#\/schema\/logo\/image\/\"},\"sameAs\":[\"https:\/\/www.facebook.com\/masquenoticiascolima\",\"https:\/\/x.com\/edgartove\",\"https:\/\/www.instagram.com\/masquenoticiascolima\/\"]},{\"@type\":\"Person\",\"@id\":\"https:\/\/masquenoticias.mx\/#\/schema\/person\/544d19989ef23d34615f691f7a96e622\",\"name\":\"Redacci\u00f3n\",\"image\":{\"@type\":\"ImageObject\",\"inLanguage\":\"es\",\"@id\":\"https:\/\/masquenoticias.mx\/#\/schema\/person\/image\/\",\"url\":\"https:\/\/secure.gravatar.com\/avatar\/7fcc926d5b058d3f3d52d95b4d05dd58?s=96&d=mm&r=g\",\"contentUrl\":\"https:\/\/secure.gravatar.com\/avatar\/7fcc926d5b058d3f3d52d95b4d05dd58?s=96&d=mm&r=g\",\"caption\":\"Redacci\u00f3n\"},\"sameAs\":[\"http:\/\/masquenoticias.mx\"],\"url\":\"https:\/\/masquenoticias.mx\/index.php\/author\/edgartovegmail-com\/\"}]}<\/script>\n<!-- \/ Yoast SEO plugin. -->","yoast_head_json":{"title":"Infonavit ha otorgado m\u00e1s de 9 mil 800 mdp en cr\u00e9ditos a las familias colimenses - M\u00e1s Que Noticias","robots":{"index":"index","follow":"follow","max-snippet":"max-snippet:-1","max-image-preview":"max-image-preview:large","max-video-preview":"max-video-preview:-1"},"canonical":"https:\/\/masquenoticias.mx\/index.php\/2024\/06\/13\/infonavit-ha-otorgado-mas-de-9-mil-800-mdp-en-creditos-a-las-familias-colimenses\/","og_locale":"es_MX","og_type":"article","og_title":"Infonavit ha otorgado m\u00e1s de 9 mil 800 mdp en cr\u00e9ditos a las familias colimenses - M\u00e1s Que Noticias","og_description":"De 2019 al cierre de abril de este a\u00f1o, el Instituto del Fondo Nacional de la Vivienda para los Trabajadores (Infonavit) ha otorgado 19 mil 634 cr\u00e9ditos en Colima, garantizando el derecho constitucional de las familias colimenses a una vivienda adecuada. Esta colocaci\u00f3n de cr\u00e9ditos ha generado una derrama econ\u00f3mica de 9 mil 863 millones [&hellip;]","og_url":"https:\/\/masquenoticias.mx\/index.php\/2024\/06\/13\/infonavit-ha-otorgado-mas-de-9-mil-800-mdp-en-creditos-a-las-familias-colimenses\/","og_site_name":"M\u00e1s Que Noticias","article_publisher":"https:\/\/www.facebook.com\/masquenoticiascolima","article_published_time":"2024-06-13T20:22:00+00:00","og_image":[{"width":1600,"height":1200,"url":"https:\/\/masquenoticias.mx\/wp-content\/uploads\/2024\/06\/WhatsApp-Image-2024-06-13-at-9.54.30-AM.jpeg","type":"image\/jpeg"}],"author":"Redacci\u00f3n","twitter_card":"summary_large_image","twitter_creator":"@edgartove","twitter_site":"@edgartove","twitter_misc":{"Escrito por":"Redacci\u00f3n","Tiempo de lectura":"2 minutos"},"schema":{"@context":"https:\/\/schema.org","@graph":[{"@type":"Article","@id":"https:\/\/masquenoticias.mx\/index.php\/2024\/06\/13\/infonavit-ha-otorgado-mas-de-9-mil-800-mdp-en-creditos-a-las-familias-colimenses\/#article","isPartOf":{"@id":"https:\/\/masquenoticias.mx\/index.php\/2024\/06\/13\/infonavit-ha-otorgado-mas-de-9-mil-800-mdp-en-creditos-a-las-familias-colimenses\/"},"author":{"name":"Redacci\u00f3n","@id":"https:\/\/masquenoticias.mx\/#\/schema\/person\/544d19989ef23d34615f691f7a96e622"},"headline":"Infonavit ha otorgado m\u00e1s de 9 mil 800 mdp en cr\u00e9ditos a las familias colimenses","datePublished":"2024-06-13T20:22:00+00:00","mainEntityOfPage":{"@id":"https:\/\/masquenoticias.mx\/index.php\/2024\/06\/13\/infonavit-ha-otorgado-mas-de-9-mil-800-mdp-en-creditos-a-las-familias-colimenses\/"},"wordCount":314,"commentCount":0,"publisher":{"@id":"https:\/\/masquenoticias.mx\/#organization"},"image":{"@id":"https:\/\/masquenoticias.mx\/index.php\/2024\/06\/13\/infonavit-ha-otorgado-mas-de-9-mil-800-mdp-en-creditos-a-las-familias-colimenses\/#primaryimage"},"thumbnailUrl":"https:\/\/i0.wp.com\/masquenoticias.mx\/wp-content\/uploads\/2024\/06\/WhatsApp-Image-2024-06-13-at-9.54.30-AM.jpeg?fit=1600%2C1200&ssl=1","keywords":["Infonavit"],"articleSection":["Estado"],"inLanguage":"es","potentialAction":[{"@type":"CommentAction","name":"Comment","target":["https:\/\/masquenoticias.mx\/index.php\/2024\/06\/13\/infonavit-ha-otorgado-mas-de-9-mil-800-mdp-en-creditos-a-las-familias-colimenses\/#respond"]}]},{"@type":"WebPage","@id":"https:\/\/masquenoticias.mx\/index.php\/2024\/06\/13\/infonavit-ha-otorgado-mas-de-9-mil-800-mdp-en-creditos-a-las-familias-colimenses\/","url":"https:\/\/masquenoticias.mx\/index.php\/2024\/06\/13\/infonavit-ha-otorgado-mas-de-9-mil-800-mdp-en-creditos-a-las-familias-colimenses\/","name":"Infonavit ha otorgado m\u00e1s de 9 mil 800 mdp en cr\u00e9ditos a las familias colimenses - M\u00e1s Que Noticias","isPartOf":{"@id":"https:\/\/masquenoticias.mx\/#website"},"primaryImageOfPage":{"@id":"https:\/\/masquenoticias.mx\/index.php\/2024\/06\/13\/infonavit-ha-otorgado-mas-de-9-mil-800-mdp-en-creditos-a-las-familias-colimenses\/#primaryimage"},"image":{"@id":"https:\/\/masquenoticias.mx\/index.php\/2024\/06\/13\/infonavit-ha-otorgado-mas-de-9-mil-800-mdp-en-creditos-a-las-familias-colimenses\/#primaryimage"},"thumbnailUrl":"https:\/\/i0.wp.com\/masquenoticias.mx\/wp-content\/uploads\/2024\/06\/WhatsApp-Image-2024-06-13-at-9.54.30-AM.jpeg?fit=1600%2C1200&ssl=1","datePublished":"2024-06-13T20:22:00+00:00","breadcrumb":{"@id":"https:\/\/masquenoticias.mx\/index.php\/2024\/06\/13\/infonavit-ha-otorgado-mas-de-9-mil-800-mdp-en-creditos-a-las-familias-colimenses\/#breadcrumb"},"inLanguage":"es","potentialAction":[{"@type":"ReadAction","target":["https:\/\/masquenoticias.mx\/index.php\/2024\/06\/13\/infonavit-ha-otorgado-mas-de-9-mil-800-mdp-en-creditos-a-las-familias-colimenses\/"]}]},{"@type":"ImageObject","inLanguage":"es","@id":"https:\/\/masquenoticias.mx\/index.php\/2024\/06\/13\/infonavit-ha-otorgado-mas-de-9-mil-800-mdp-en-creditos-a-las-familias-colimenses\/#primaryimage","url":"https:\/\/i0.wp.com\/masquenoticias.mx\/wp-content\/uploads\/2024\/06\/WhatsApp-Image-2024-06-13-at-9.54.30-AM.jpeg?fit=1600%2C1200&ssl=1","contentUrl":"https:\/\/i0.wp.com\/masquenoticias.mx\/wp-content\/uploads\/2024\/06\/WhatsApp-Image-2024-06-13-at-9.54.30-AM.jpeg?fit=1600%2C1200&ssl=1","width":1600,"height":1200},{"@type":"BreadcrumbList","@id":"https:\/\/masquenoticias.mx\/index.php\/2024\/06\/13\/infonavit-ha-otorgado-mas-de-9-mil-800-mdp-en-creditos-a-las-familias-colimenses\/#breadcrumb","itemListElement":[{"@type":"ListItem","position":1,"name":"Inicio","item":"https:\/\/masquenoticias.mx\/"},{"@type":"ListItem","position":2,"name":"Infonavit ha otorgado m\u00e1s de 9 mil 800 mdp en cr\u00e9ditos a las familias colimenses"}]},{"@type":"WebSite","@id":"https:\/\/masquenoticias.mx\/#website","url":"https:\/\/masquenoticias.mx\/","name":"M\u00e1s Que Noticias","description":"Noticias de Colima, M\u00e9xico y el Mundo","publisher":{"@id":"https:\/\/masquenoticias.mx\/#organization"},"potentialAction":[{"@type":"SearchAction","target":{"@type":"EntryPoint","urlTemplate":"https:\/\/masquenoticias.mx\/?s={search_term_string}"},"query-input":{"@type":"PropertyValueSpecification","valueRequired":true,"valueName":"search_term_string"}}],"inLanguage":"es"},{"@type":"Organization","@id":"https:\/\/masquenoticias.mx\/#organization","name":"M\u00e1s Que Noticias","url":"https:\/\/masquenoticias.mx\/","logo":{"@type":"ImageObject","inLanguage":"es","@id":"https:\/\/masquenoticias.mx\/#\/schema\/logo\/image\/","url":"https:\/\/i0.wp.com\/masquenoticias.mx\/wp-content\/uploads\/2024\/04\/IMG_0004.png?fit=2560%2C1656&ssl=1","contentUrl":"https:\/\/i0.wp.com\/masquenoticias.mx\/wp-content\/uploads\/2024\/04\/IMG_0004.png?fit=2560%2C1656&ssl=1","width":2560,"height":1656,"caption":"M\u00e1s Que Noticias"},"image":{"@id":"https:\/\/masquenoticias.mx\/#\/schema\/logo\/image\/"},"sameAs":["https:\/\/www.facebook.com\/masquenoticiascolima","https:\/\/x.com\/edgartove","https:\/\/www.instagram.com\/masquenoticiascolima\/"]},{"@type":"Person","@id":"https:\/\/masquenoticias.mx\/#\/schema\/person\/544d19989ef23d34615f691f7a96e622","name":"Redacci\u00f3n","image":{"@type":"ImageObject","inLanguage":"es","@id":"https:\/\/masquenoticias.mx\/#\/schema\/person\/image\/","url":"https:\/\/secure.gravatar.com\/avatar\/7fcc926d5b058d3f3d52d95b4d05dd58?s=96&d=mm&r=g","contentUrl":"https:\/\/secure.gravatar.com\/avatar\/7fcc926d5b058d3f3d52d95b4d05dd58?s=96&d=mm&r=g","caption":"Redacci\u00f3n"},"sameAs":["http:\/\/masquenoticias.mx"],"url":"https:\/\/masquenoticias.mx\/index.php\/author\/edgartovegmail-com\/"}]}},"jetpack_featured_media_url":"https:\/\/i0.wp.com\/masquenoticias.mx\/wp-content\/uploads\/2024\/06\/WhatsApp-Image-2024-06-13-at-9.54.30-AM.jpeg?fit=1600%2C1200&ssl=1","blog_post_layout_featured_media_urls":{"thumbnail":["https:\/\/i0.wp.com\/masquenoticias.mx\/wp-content\/uploads\/2024\/06\/WhatsApp-Image-2024-06-13-at-9.54.30-AM.jpeg?resize=150%2C150&ssl=1",150,150,true],"full":["https:\/\/i0.wp.com\/masquenoticias.mx\/wp-content\/uploads\/2024\/06\/WhatsApp-Image-2024-06-13-at-9.54.30-AM.jpeg?fit=1600%2C1200&ssl=1",1600,1200,false]},"categories_names":{"24":{"name":"Estado","link":"https:\/\/masquenoticias.mx\/index.php\/category\/estado\/"}},"tags_names":{"125":{"name":"Infonavit","link":"https:\/\/masquenoticias.mx\/index.php\/tag\/infonavit\/"}},"comments_number":"0","wpmagazine_modules_lite_featured_media_urls":{"thumbnail":["https:\/\/i0.wp.com\/masquenoticias.mx\/wp-content\/uploads\/2024\/06\/WhatsApp-Image-2024-06-13-at-9.54.30-AM.jpeg?resize=150%2C150&ssl=1",150,150,true],"cvmm-medium":["https:\/\/i0.wp.com\/masquenoticias.mx\/wp-content\/uploads\/2024\/06\/WhatsApp-Image-2024-06-13-at-9.54.30-AM.jpeg?resize=300%2C300&ssl=1",300,300,true],"cvmm-medium-plus":["https:\/\/i0.wp.com\/masquenoticias.mx\/wp-content\/uploads\/2024\/06\/WhatsApp-Image-2024-06-13-at-9.54.30-AM.jpeg?resize=305%2C207&ssl=1",305,207,true],"cvmm-portrait":["https:\/\/i0.wp.com\/masquenoticias.mx\/wp-content\/uploads\/2024\/06\/WhatsApp-Image-2024-06-13-at-9.54.30-AM.jpeg?resize=400%2C600&ssl=1",400,600,true],"cvmm-medium-square":["https:\/\/i0.wp.com\/masquenoticias.mx\/wp-content\/uploads\/2024\/06\/WhatsApp-Image-2024-06-13-at-9.54.30-AM.jpeg?resize=600%2C600&ssl=1",600,600,true],"cvmm-large":["https:\/\/i0.wp.com\/masquenoticias.mx\/wp-content\/uploads\/2024\/06\/WhatsApp-Image-2024-06-13-at-9.54.30-AM.jpeg?resize=1024%2C1024&ssl=1",1024,1024,true],"cvmm-small":["https:\/\/i0.wp.com\/masquenoticias.mx\/wp-content\/uploads\/2024\/06\/WhatsApp-Image-2024-06-13-at-9.54.30-AM.jpeg?resize=130%2C95&ssl=1",130,95,true],"full":["https:\/\/i0.wp.com\/masquenoticias.mx\/wp-content\/uploads\/2024\/06\/WhatsApp-Image-2024-06-13-at-9.54.30-AM.jpeg?fit=1600%2C1200&ssl=1",1600,1200,false]},"jetpack-related-posts":[],"jetpack_sharing_enabled":true,"jetpack_likes_enabled":true,"jetpack_shortlink":"https:\/\/wp.me\/pf7pkt-2iY","_links":{"self":[{"href":"https:\/\/masquenoticias.mx\/index.php\/wp-json\/wp\/v2\/posts\/8864","targetHints":{"allow":["GET"]}}],"collection":[{"href":"https:\/\/masquenoticias.mx\/index.php\/wp-json\/wp\/v2\/posts"}],"about":[{"href":"https:\/\/masquenoticias.mx\/index.php\/wp-json\/wp\/v2\/types\/post"}],"author":[{"embeddable":true,"href":"https:\/\/masquenoticias.mx\/index.php\/wp-json\/wp\/v2\/users\/1"}],"replies":[{"embeddable":true,"href":"https:\/\/masquenoticias.mx\/index.php\/wp-json\/wp\/v2\/comments?post=8864"}],"version-history":[{"count":1,"href":"https:\/\/masquenoticias.mx\/index.php\/wp-json\/wp\/v2\/posts\/8864\/revisions"}],"predecessor-version":[{"id":8866,"href":"https:\/\/masquenoticias.mx\/index.php\/wp-json\/wp\/v2\/posts\/8864\/revisions\/8866"}],"wp:featuredmedia":[{"embeddable":true,"href":"https:\/\/masquenoticias.mx\/index.php\/wp-json\/wp\/v2\/media\/8865"}],"wp:attachment":[{"href":"https:\/\/masquenoticias.mx\/index.php\/wp-json\/wp\/v2\/media?parent=8864"}],"wp:term":[{"taxonomy":"category","embeddable":true,"href":"https:\/\/masquenoticias.mx\/index.php\/wp-json\/wp\/v2\/categories?post=8864"},{"taxonomy":"post_tag","embeddable":true,"href":"https:\/\/masquenoticias.mx\/index.php\/wp-json\/wp\/v2\/tags?post=8864"}],"curies":[{"name":"wp","href":"https:\/\/api.w.org\/{rel}","templated":true}]}}