{"id":8615,"date":"2024-05-26T20:35:11","date_gmt":"2024-05-27T02:35:11","guid":{"rendered":"https:\/\/masquenoticias.mx\/?p=8615"},"modified":"2024-05-26T20:35:11","modified_gmt":"2024-05-27T02:35:11","slug":"arriban-a-manzanillo-las-gruas-mas-grandes-de-latinoamerica","status":"publish","type":"post","link":"https:\/\/masquenoticias.mx\/index.php\/2024\/05\/26\/arriban-a-manzanillo-las-gruas-mas-grandes-de-latinoamerica\/","title":{"rendered":"Arriban a Manzanillo las gr\u00faas m\u00e1s grandes de latinoam\u00e9rica"},"content":{"rendered":"<p>Este lunes 27 de mayo, la empresa Contecon Manzanillo refrendar\u00e1 su trayectoria con la llegada de dos gr\u00faas p\u00f3rtico consideradas las m\u00e1s grandes de Am\u00e9rica Latina, lo que refleja no solo el avance y el desarrollo de Contecon, sino la alta competitividad del puerto de Manzanillo, hoy por hoy el tercero entre los puertos m\u00e1s din\u00e1micos de Latinoam\u00e9rica.<\/p>\n<p>Estas gr\u00faas, que son transportadas abordo del buque ZEN HUA 29, procedentes de China, son del tipo S\u00faper Postpanamax, tienen 23 metros de ancho y una altura de 60 metros bajo spreader (altura de trabajo), por lo que su altura total, incluyendo la pluma, es de 130 metros, lo que les permite un alcance horizontal de 70.<br \/>\nSe complementan con seis gr\u00faas RTG para los patios y en conjunto ser\u00e1n, como est\u00e1 dicho, las m\u00e1s grandes en todo Am\u00e9rica Latina.<\/p>\n<p>Sus caracter\u00edsticas hacen posible alcanzar hasta 23 contenedores de ancho en los buques m\u00e1s grandes, que tienen 400 metros de eslora.<br \/>\nTienen una capacidad de 65 toneladas, y el proveedor es la marca asi\u00e1tica ZPMC, catalogada a nivel mundial como la principal proveedora en el \u00e1mbito portuario tomando en cuenta los factores costo beneficio.<br \/>\nEstos equipos se encuentran navegando hacia Manzanillo y se tiene contemplado que arriben al amanecer de este lunes 27 de mayo.<br \/>\nContecon es una empresa que prestigia al puerto de Manzanillo, y que ha destinado recursos de hasta 230 millones de d\u00f3lares en la modernizaci\u00f3n y equipamiento de sus instalaciones, cuya ampliaci\u00f3n estar\u00e1 concluida el a\u00f1o pr\u00f3ximo. Del mismo modo que Contecon, otras terminales est\u00e1n mostrando su confianza en nuestro puerto, invirtiendo importantes sumas en el mejoramiento y ampliaci\u00f3n de sus instalaciones; tal es el caso de SSA M\u00e9xico, que mantiene tambi\u00e9n un trascendental ritmo de crecimiento.<\/p>\n<p>El arribo de estas m\u00e1quinas ratifica la alta competitividad del puerto de Manzanillo, que sigue siendo el que m\u00e1s contenedores opera en M\u00e9xico y ocupa actualmente el tercer lugar entre los pa\u00edses latinoamericanos, de tal suerte que su crecimiento imparable sugiere, de acuerdo a los expertos, que el pr\u00f3ximo a\u00f1o estar\u00e1 en la segunda posici\u00f3n del r\u00e1ncking. Se confirma, as\u00ed, la atinada decisi\u00f3n de haber devuelto la administraci\u00f3n y el control de los puertos a la Secretar\u00eda de Marina.<\/p>\n<p>Invitamos a los medios de comunicaci\u00f3n y poblaci\u00f3n que deseen ser part\u00edcipes de este evento, a que sean testigos del arribo de la embarcaci\u00f3n desde la escollera de San Pedrito o Las Brisas.<\/p>\n","protected":false},"excerpt":{"rendered":"<p>Este lunes 27 de mayo, la empresa Contecon Manzanillo refrendar\u00e1 su trayectoria con la llegada de dos gr\u00faas p\u00f3rtico consideradas las m\u00e1s grandes de Am\u00e9rica Latina, lo que refleja no solo el avance y el desarrollo de Contecon, sino la alta competitividad del puerto de Manzanillo, hoy por hoy el tercero entre los puertos m\u00e1s [&hellip;]<\/p>\n","protected":false},"author":1,"featured_media":8616,"comment_status":"open","ping_status":"open","sticky":false,"template":"","format":"standard","meta":{"_jetpack_memberships_contains_paid_content":false,"footnotes":""},"categories":[28],"tags":[37,523],"class_list":["post-8615","post","type-post","status-publish","format-standard","has-post-thumbnail","hentry","category-municipios","tag-manzanillo","tag-puerto-de-manzanillo"],"yoast_head":"<!-- This site is optimized with the Yoast SEO plugin v26.6 - https:\/\/yoast.com\/wordpress\/plugins\/seo\/ -->\n<title>Arriban a Manzanillo las gr\u00faas m\u00e1s grandes de latinoam\u00e9rica - M\u00e1s Que Noticias<\/title>\n<meta name=\"robots\" content=\"index, follow, max-snippet:-1, max-image-preview:large, max-video-preview:-1\" \/>\n<link rel=\"canonical\" href=\"https:\/\/masquenoticias.mx\/index.php\/2024\/05\/26\/arriban-a-manzanillo-las-gruas-mas-grandes-de-latinoamerica\/\" \/>\n<meta property=\"og:locale\" content=\"es_MX\" \/>\n<meta property=\"og:type\" content=\"article\" \/>\n<meta property=\"og:title\" content=\"Arriban a Manzanillo las gr\u00faas m\u00e1s grandes de latinoam\u00e9rica - M\u00e1s Que Noticias\" \/>\n<meta property=\"og:description\" content=\"Este lunes 27 de mayo, la empresa Contecon Manzanillo refrendar\u00e1 su trayectoria con la llegada de dos gr\u00faas p\u00f3rtico consideradas las m\u00e1s grandes de Am\u00e9rica Latina, lo que refleja no solo el avance y el desarrollo de Contecon, sino la alta competitividad del puerto de Manzanillo, hoy por hoy el tercero entre los puertos m\u00e1s [&hellip;]\" \/>\n<meta property=\"og:url\" content=\"https:\/\/masquenoticias.mx\/index.php\/2024\/05\/26\/arriban-a-manzanillo-las-gruas-mas-grandes-de-latinoamerica\/\" \/>\n<meta property=\"og:site_name\" content=\"M\u00e1s Que Noticias\" \/>\n<meta property=\"article:publisher\" content=\"https:\/\/www.facebook.com\/masquenoticiascolima\" \/>\n<meta property=\"article:published_time\" content=\"2024-05-27T02:35:11+00:00\" \/>\n<meta property=\"og:image\" content=\"https:\/\/masquenoticias.mx\/wp-content\/uploads\/2024\/05\/WhatsApp-Image-2024-05-26-at-11.40.59-AM.jpeg\" \/>\n\t<meta property=\"og:image:width\" content=\"1600\" \/>\n\t<meta property=\"og:image:height\" content=\"900\" \/>\n\t<meta property=\"og:image:type\" content=\"image\/jpeg\" \/>\n<meta name=\"author\" content=\"Redacci\u00f3n\" \/>\n<meta name=\"twitter:card\" content=\"summary_large_image\" \/>\n<meta name=\"twitter:creator\" content=\"@edgartove\" \/>\n<meta name=\"twitter:site\" content=\"@edgartove\" \/>\n<meta name=\"twitter:label1\" content=\"Escrito por\" \/>\n\t<meta name=\"twitter:data1\" content=\"Redacci\u00f3n\" \/>\n\t<meta name=\"twitter:label2\" content=\"Tiempo de lectura\" \/>\n\t<meta name=\"twitter:data2\" content=\"3 minutos\" \/>\n<script type=\"application\/ld+json\" class=\"yoast-schema-graph\">{\"@context\":\"https:\/\/schema.org\",\"@graph\":[{\"@type\":\"Article\",\"@id\":\"https:\/\/masquenoticias.mx\/index.php\/2024\/05\/26\/arriban-a-manzanillo-las-gruas-mas-grandes-de-latinoamerica\/#article\",\"isPartOf\":{\"@id\":\"https:\/\/masquenoticias.mx\/index.php\/2024\/05\/26\/arriban-a-manzanillo-las-gruas-mas-grandes-de-latinoamerica\/\"},\"author\":{\"name\":\"Redacci\u00f3n\",\"@id\":\"https:\/\/masquenoticias.mx\/#\/schema\/person\/544d19989ef23d34615f691f7a96e622\"},\"headline\":\"Arriban a Manzanillo las gr\u00faas m\u00e1s grandes de latinoam\u00e9rica\",\"datePublished\":\"2024-05-27T02:35:11+00:00\",\"mainEntityOfPage\":{\"@id\":\"https:\/\/masquenoticias.mx\/index.php\/2024\/05\/26\/arriban-a-manzanillo-las-gruas-mas-grandes-de-latinoamerica\/\"},\"wordCount\":442,\"commentCount\":0,\"publisher\":{\"@id\":\"https:\/\/masquenoticias.mx\/#organization\"},\"image\":{\"@id\":\"https:\/\/masquenoticias.mx\/index.php\/2024\/05\/26\/arriban-a-manzanillo-las-gruas-mas-grandes-de-latinoamerica\/#primaryimage\"},\"thumbnailUrl\":\"https:\/\/i0.wp.com\/masquenoticias.mx\/wp-content\/uploads\/2024\/05\/WhatsApp-Image-2024-05-26-at-11.40.59-AM.jpeg?fit=1600%2C900&ssl=1\",\"keywords\":[\"Manzanillo\",\"Puerto de Manzanillo\"],\"articleSection\":[\"Municipios\"],\"inLanguage\":\"es\",\"potentialAction\":[{\"@type\":\"CommentAction\",\"name\":\"Comment\",\"target\":[\"https:\/\/masquenoticias.mx\/index.php\/2024\/05\/26\/arriban-a-manzanillo-las-gruas-mas-grandes-de-latinoamerica\/#respond\"]}]},{\"@type\":\"WebPage\",\"@id\":\"https:\/\/masquenoticias.mx\/index.php\/2024\/05\/26\/arriban-a-manzanillo-las-gruas-mas-grandes-de-latinoamerica\/\",\"url\":\"https:\/\/masquenoticias.mx\/index.php\/2024\/05\/26\/arriban-a-manzanillo-las-gruas-mas-grandes-de-latinoamerica\/\",\"name\":\"Arriban a Manzanillo las gr\u00faas m\u00e1s grandes de latinoam\u00e9rica - M\u00e1s Que Noticias\",\"isPartOf\":{\"@id\":\"https:\/\/masquenoticias.mx\/#website\"},\"primaryImageOfPage\":{\"@id\":\"https:\/\/masquenoticias.mx\/index.php\/2024\/05\/26\/arriban-a-manzanillo-las-gruas-mas-grandes-de-latinoamerica\/#primaryimage\"},\"image\":{\"@id\":\"https:\/\/masquenoticias.mx\/index.php\/2024\/05\/26\/arriban-a-manzanillo-las-gruas-mas-grandes-de-latinoamerica\/#primaryimage\"},\"thumbnailUrl\":\"https:\/\/i0.wp.com\/masquenoticias.mx\/wp-content\/uploads\/2024\/05\/WhatsApp-Image-2024-05-26-at-11.40.59-AM.jpeg?fit=1600%2C900&ssl=1\",\"datePublished\":\"2024-05-27T02:35:11+00:00\",\"breadcrumb\":{\"@id\":\"https:\/\/masquenoticias.mx\/index.php\/2024\/05\/26\/arriban-a-manzanillo-las-gruas-mas-grandes-de-latinoamerica\/#breadcrumb\"},\"inLanguage\":\"es\",\"potentialAction\":[{\"@type\":\"ReadAction\",\"target\":[\"https:\/\/masquenoticias.mx\/index.php\/2024\/05\/26\/arriban-a-manzanillo-las-gruas-mas-grandes-de-latinoamerica\/\"]}]},{\"@type\":\"ImageObject\",\"inLanguage\":\"es\",\"@id\":\"https:\/\/masquenoticias.mx\/index.php\/2024\/05\/26\/arriban-a-manzanillo-las-gruas-mas-grandes-de-latinoamerica\/#primaryimage\",\"url\":\"https:\/\/i0.wp.com\/masquenoticias.mx\/wp-content\/uploads\/2024\/05\/WhatsApp-Image-2024-05-26-at-11.40.59-AM.jpeg?fit=1600%2C900&ssl=1\",\"contentUrl\":\"https:\/\/i0.wp.com\/masquenoticias.mx\/wp-content\/uploads\/2024\/05\/WhatsApp-Image-2024-05-26-at-11.40.59-AM.jpeg?fit=1600%2C900&ssl=1\",\"width\":1600,\"height\":900},{\"@type\":\"BreadcrumbList\",\"@id\":\"https:\/\/masquenoticias.mx\/index.php\/2024\/05\/26\/arriban-a-manzanillo-las-gruas-mas-grandes-de-latinoamerica\/#breadcrumb\",\"itemListElement\":[{\"@type\":\"ListItem\",\"position\":1,\"name\":\"Inicio\",\"item\":\"https:\/\/masquenoticias.mx\/\"},{\"@type\":\"ListItem\",\"position\":2,\"name\":\"Arriban a Manzanillo las gr\u00faas m\u00e1s grandes de latinoam\u00e9rica\"}]},{\"@type\":\"WebSite\",\"@id\":\"https:\/\/masquenoticias.mx\/#website\",\"url\":\"https:\/\/masquenoticias.mx\/\",\"name\":\"M\u00e1s Que Noticias\",\"description\":\"Noticias de Colima, M\u00e9xico y el Mundo\",\"publisher\":{\"@id\":\"https:\/\/masquenoticias.mx\/#organization\"},\"potentialAction\":[{\"@type\":\"SearchAction\",\"target\":{\"@type\":\"EntryPoint\",\"urlTemplate\":\"https:\/\/masquenoticias.mx\/?s={search_term_string}\"},\"query-input\":{\"@type\":\"PropertyValueSpecification\",\"valueRequired\":true,\"valueName\":\"search_term_string\"}}],\"inLanguage\":\"es\"},{\"@type\":\"Organization\",\"@id\":\"https:\/\/masquenoticias.mx\/#organization\",\"name\":\"M\u00e1s Que Noticias\",\"url\":\"https:\/\/masquenoticias.mx\/\",\"logo\":{\"@type\":\"ImageObject\",\"inLanguage\":\"es\",\"@id\":\"https:\/\/masquenoticias.mx\/#\/schema\/logo\/image\/\",\"url\":\"https:\/\/i0.wp.com\/masquenoticias.mx\/wp-content\/uploads\/2024\/04\/IMG_0004.png?fit=2560%2C1656&ssl=1\",\"contentUrl\":\"https:\/\/i0.wp.com\/masquenoticias.mx\/wp-content\/uploads\/2024\/04\/IMG_0004.png?fit=2560%2C1656&ssl=1\",\"width\":2560,\"height\":1656,\"caption\":\"M\u00e1s Que Noticias\"},\"image\":{\"@id\":\"https:\/\/masquenoticias.mx\/#\/schema\/logo\/image\/\"},\"sameAs\":[\"https:\/\/www.facebook.com\/masquenoticiascolima\",\"https:\/\/x.com\/edgartove\",\"https:\/\/www.instagram.com\/masquenoticiascolima\/\"]},{\"@type\":\"Person\",\"@id\":\"https:\/\/masquenoticias.mx\/#\/schema\/person\/544d19989ef23d34615f691f7a96e622\",\"name\":\"Redacci\u00f3n\",\"image\":{\"@type\":\"ImageObject\",\"inLanguage\":\"es\",\"@id\":\"https:\/\/masquenoticias.mx\/#\/schema\/person\/image\/\",\"url\":\"https:\/\/secure.gravatar.com\/avatar\/7fcc926d5b058d3f3d52d95b4d05dd58?s=96&d=mm&r=g\",\"contentUrl\":\"https:\/\/secure.gravatar.com\/avatar\/7fcc926d5b058d3f3d52d95b4d05dd58?s=96&d=mm&r=g\",\"caption\":\"Redacci\u00f3n\"},\"sameAs\":[\"http:\/\/masquenoticias.mx\"],\"url\":\"https:\/\/masquenoticias.mx\/index.php\/author\/edgartovegmail-com\/\"}]}<\/script>\n<!-- \/ Yoast SEO plugin. -->","yoast_head_json":{"title":"Arriban a Manzanillo las gr\u00faas m\u00e1s grandes de latinoam\u00e9rica - M\u00e1s Que Noticias","robots":{"index":"index","follow":"follow","max-snippet":"max-snippet:-1","max-image-preview":"max-image-preview:large","max-video-preview":"max-video-preview:-1"},"canonical":"https:\/\/masquenoticias.mx\/index.php\/2024\/05\/26\/arriban-a-manzanillo-las-gruas-mas-grandes-de-latinoamerica\/","og_locale":"es_MX","og_type":"article","og_title":"Arriban a Manzanillo las gr\u00faas m\u00e1s grandes de latinoam\u00e9rica - M\u00e1s Que Noticias","og_description":"Este lunes 27 de mayo, la empresa Contecon Manzanillo refrendar\u00e1 su trayectoria con la llegada de dos gr\u00faas p\u00f3rtico consideradas las m\u00e1s grandes de Am\u00e9rica Latina, lo que refleja no solo el avance y el desarrollo de Contecon, sino la alta competitividad del puerto de Manzanillo, hoy por hoy el tercero entre los puertos m\u00e1s [&hellip;]","og_url":"https:\/\/masquenoticias.mx\/index.php\/2024\/05\/26\/arriban-a-manzanillo-las-gruas-mas-grandes-de-latinoamerica\/","og_site_name":"M\u00e1s Que Noticias","article_publisher":"https:\/\/www.facebook.com\/masquenoticiascolima","article_published_time":"2024-05-27T02:35:11+00:00","og_image":[{"width":1600,"height":900,"url":"https:\/\/masquenoticias.mx\/wp-content\/uploads\/2024\/05\/WhatsApp-Image-2024-05-26-at-11.40.59-AM.jpeg","type":"image\/jpeg"}],"author":"Redacci\u00f3n","twitter_card":"summary_large_image","twitter_creator":"@edgartove","twitter_site":"@edgartove","twitter_misc":{"Escrito por":"Redacci\u00f3n","Tiempo de lectura":"3 minutos"},"schema":{"@context":"https:\/\/schema.org","@graph":[{"@type":"Article","@id":"https:\/\/masquenoticias.mx\/index.php\/2024\/05\/26\/arriban-a-manzanillo-las-gruas-mas-grandes-de-latinoamerica\/#article","isPartOf":{"@id":"https:\/\/masquenoticias.mx\/index.php\/2024\/05\/26\/arriban-a-manzanillo-las-gruas-mas-grandes-de-latinoamerica\/"},"author":{"name":"Redacci\u00f3n","@id":"https:\/\/masquenoticias.mx\/#\/schema\/person\/544d19989ef23d34615f691f7a96e622"},"headline":"Arriban a Manzanillo las gr\u00faas m\u00e1s grandes de latinoam\u00e9rica","datePublished":"2024-05-27T02:35:11+00:00","mainEntityOfPage":{"@id":"https:\/\/masquenoticias.mx\/index.php\/2024\/05\/26\/arriban-a-manzanillo-las-gruas-mas-grandes-de-latinoamerica\/"},"wordCount":442,"commentCount":0,"publisher":{"@id":"https:\/\/masquenoticias.mx\/#organization"},"image":{"@id":"https:\/\/masquenoticias.mx\/index.php\/2024\/05\/26\/arriban-a-manzanillo-las-gruas-mas-grandes-de-latinoamerica\/#primaryimage"},"thumbnailUrl":"https:\/\/i0.wp.com\/masquenoticias.mx\/wp-content\/uploads\/2024\/05\/WhatsApp-Image-2024-05-26-at-11.40.59-AM.jpeg?fit=1600%2C900&ssl=1","keywords":["Manzanillo","Puerto de Manzanillo"],"articleSection":["Municipios"],"inLanguage":"es","potentialAction":[{"@type":"CommentAction","name":"Comment","target":["https:\/\/masquenoticias.mx\/index.php\/2024\/05\/26\/arriban-a-manzanillo-las-gruas-mas-grandes-de-latinoamerica\/#respond"]}]},{"@type":"WebPage","@id":"https:\/\/masquenoticias.mx\/index.php\/2024\/05\/26\/arriban-a-manzanillo-las-gruas-mas-grandes-de-latinoamerica\/","url":"https:\/\/masquenoticias.mx\/index.php\/2024\/05\/26\/arriban-a-manzanillo-las-gruas-mas-grandes-de-latinoamerica\/","name":"Arriban a Manzanillo las gr\u00faas m\u00e1s grandes de latinoam\u00e9rica - M\u00e1s Que Noticias","isPartOf":{"@id":"https:\/\/masquenoticias.mx\/#website"},"primaryImageOfPage":{"@id":"https:\/\/masquenoticias.mx\/index.php\/2024\/05\/26\/arriban-a-manzanillo-las-gruas-mas-grandes-de-latinoamerica\/#primaryimage"},"image":{"@id":"https:\/\/masquenoticias.mx\/index.php\/2024\/05\/26\/arriban-a-manzanillo-las-gruas-mas-grandes-de-latinoamerica\/#primaryimage"},"thumbnailUrl":"https:\/\/i0.wp.com\/masquenoticias.mx\/wp-content\/uploads\/2024\/05\/WhatsApp-Image-2024-05-26-at-11.40.59-AM.jpeg?fit=1600%2C900&ssl=1","datePublished":"2024-05-27T02:35:11+00:00","breadcrumb":{"@id":"https:\/\/masquenoticias.mx\/index.php\/2024\/05\/26\/arriban-a-manzanillo-las-gruas-mas-grandes-de-latinoamerica\/#breadcrumb"},"inLanguage":"es","potentialAction":[{"@type":"ReadAction","target":["https:\/\/masquenoticias.mx\/index.php\/2024\/05\/26\/arriban-a-manzanillo-las-gruas-mas-grandes-de-latinoamerica\/"]}]},{"@type":"ImageObject","inLanguage":"es","@id":"https:\/\/masquenoticias.mx\/index.php\/2024\/05\/26\/arriban-a-manzanillo-las-gruas-mas-grandes-de-latinoamerica\/#primaryimage","url":"https:\/\/i0.wp.com\/masquenoticias.mx\/wp-content\/uploads\/2024\/05\/WhatsApp-Image-2024-05-26-at-11.40.59-AM.jpeg?fit=1600%2C900&ssl=1","contentUrl":"https:\/\/i0.wp.com\/masquenoticias.mx\/wp-content\/uploads\/2024\/05\/WhatsApp-Image-2024-05-26-at-11.40.59-AM.jpeg?fit=1600%2C900&ssl=1","width":1600,"height":900},{"@type":"BreadcrumbList","@id":"https:\/\/masquenoticias.mx\/index.php\/2024\/05\/26\/arriban-a-manzanillo-las-gruas-mas-grandes-de-latinoamerica\/#breadcrumb","itemListElement":[{"@type":"ListItem","position":1,"name":"Inicio","item":"https:\/\/masquenoticias.mx\/"},{"@type":"ListItem","position":2,"name":"Arriban a Manzanillo las gr\u00faas m\u00e1s grandes de latinoam\u00e9rica"}]},{"@type":"WebSite","@id":"https:\/\/masquenoticias.mx\/#website","url":"https:\/\/masquenoticias.mx\/","name":"M\u00e1s Que Noticias","description":"Noticias de Colima, M\u00e9xico y el Mundo","publisher":{"@id":"https:\/\/masquenoticias.mx\/#organization"},"potentialAction":[{"@type":"SearchAction","target":{"@type":"EntryPoint","urlTemplate":"https:\/\/masquenoticias.mx\/?s={search_term_string}"},"query-input":{"@type":"PropertyValueSpecification","valueRequired":true,"valueName":"search_term_string"}}],"inLanguage":"es"},{"@type":"Organization","@id":"https:\/\/masquenoticias.mx\/#organization","name":"M\u00e1s Que Noticias","url":"https:\/\/masquenoticias.mx\/","logo":{"@type":"ImageObject","inLanguage":"es","@id":"https:\/\/masquenoticias.mx\/#\/schema\/logo\/image\/","url":"https:\/\/i0.wp.com\/masquenoticias.mx\/wp-content\/uploads\/2024\/04\/IMG_0004.png?fit=2560%2C1656&ssl=1","contentUrl":"https:\/\/i0.wp.com\/masquenoticias.mx\/wp-content\/uploads\/2024\/04\/IMG_0004.png?fit=2560%2C1656&ssl=1","width":2560,"height":1656,"caption":"M\u00e1s Que Noticias"},"image":{"@id":"https:\/\/masquenoticias.mx\/#\/schema\/logo\/image\/"},"sameAs":["https:\/\/www.facebook.com\/masquenoticiascolima","https:\/\/x.com\/edgartove","https:\/\/www.instagram.com\/masquenoticiascolima\/"]},{"@type":"Person","@id":"https:\/\/masquenoticias.mx\/#\/schema\/person\/544d19989ef23d34615f691f7a96e622","name":"Redacci\u00f3n","image":{"@type":"ImageObject","inLanguage":"es","@id":"https:\/\/masquenoticias.mx\/#\/schema\/person\/image\/","url":"https:\/\/secure.gravatar.com\/avatar\/7fcc926d5b058d3f3d52d95b4d05dd58?s=96&d=mm&r=g","contentUrl":"https:\/\/secure.gravatar.com\/avatar\/7fcc926d5b058d3f3d52d95b4d05dd58?s=96&d=mm&r=g","caption":"Redacci\u00f3n"},"sameAs":["http:\/\/masquenoticias.mx"],"url":"https:\/\/masquenoticias.mx\/index.php\/author\/edgartovegmail-com\/"}]}},"jetpack_featured_media_url":"https:\/\/i0.wp.com\/masquenoticias.mx\/wp-content\/uploads\/2024\/05\/WhatsApp-Image-2024-05-26-at-11.40.59-AM.jpeg?fit=1600%2C900&ssl=1","blog_post_layout_featured_media_urls":{"thumbnail":["https:\/\/i0.wp.com\/masquenoticias.mx\/wp-content\/uploads\/2024\/05\/WhatsApp-Image-2024-05-26-at-11.40.59-AM.jpeg?resize=150%2C150&ssl=1",150,150,true],"full":["https:\/\/i0.wp.com\/masquenoticias.mx\/wp-content\/uploads\/2024\/05\/WhatsApp-Image-2024-05-26-at-11.40.59-AM.jpeg?fit=1600%2C900&ssl=1",1600,900,false]},"categories_names":{"28":{"name":"Municipios","link":"https:\/\/masquenoticias.mx\/index.php\/category\/municipios\/"}},"tags_names":{"37":{"name":"Manzanillo","link":"https:\/\/masquenoticias.mx\/index.php\/tag\/manzanillo\/"},"523":{"name":"Puerto de Manzanillo","link":"https:\/\/masquenoticias.mx\/index.php\/tag\/puerto-de-manzanillo\/"}},"comments_number":"0","wpmagazine_modules_lite_featured_media_urls":{"thumbnail":["https:\/\/i0.wp.com\/masquenoticias.mx\/wp-content\/uploads\/2024\/05\/WhatsApp-Image-2024-05-26-at-11.40.59-AM.jpeg?resize=150%2C150&ssl=1",150,150,true],"cvmm-medium":["https:\/\/i0.wp.com\/masquenoticias.mx\/wp-content\/uploads\/2024\/05\/WhatsApp-Image-2024-05-26-at-11.40.59-AM.jpeg?resize=300%2C300&ssl=1",300,300,true],"cvmm-medium-plus":["https:\/\/i0.wp.com\/masquenoticias.mx\/wp-content\/uploads\/2024\/05\/WhatsApp-Image-2024-05-26-at-11.40.59-AM.jpeg?resize=305%2C207&ssl=1",305,207,true],"cvmm-portrait":["https:\/\/i0.wp.com\/masquenoticias.mx\/wp-content\/uploads\/2024\/05\/WhatsApp-Image-2024-05-26-at-11.40.59-AM.jpeg?resize=400%2C600&ssl=1",400,600,true],"cvmm-medium-square":["https:\/\/i0.wp.com\/masquenoticias.mx\/wp-content\/uploads\/2024\/05\/WhatsApp-Image-2024-05-26-at-11.40.59-AM.jpeg?resize=600%2C600&ssl=1",600,600,true],"cvmm-large":["https:\/\/i0.wp.com\/masquenoticias.mx\/wp-content\/uploads\/2024\/05\/WhatsApp-Image-2024-05-26-at-11.40.59-AM.jpeg?resize=1024%2C900&ssl=1",1024,900,true],"cvmm-small":["https:\/\/i0.wp.com\/masquenoticias.mx\/wp-content\/uploads\/2024\/05\/WhatsApp-Image-2024-05-26-at-11.40.59-AM.jpeg?resize=130%2C95&ssl=1",130,95,true],"full":["https:\/\/i0.wp.com\/masquenoticias.mx\/wp-content\/uploads\/2024\/05\/WhatsApp-Image-2024-05-26-at-11.40.59-AM.jpeg?fit=1600%2C900&ssl=1",1600,900,false]},"jetpack-related-posts":[],"jetpack_sharing_enabled":true,"jetpack_likes_enabled":true,"jetpack_shortlink":"https:\/\/wp.me\/pf7pkt-2eX","_links":{"self":[{"href":"https:\/\/masquenoticias.mx\/index.php\/wp-json\/wp\/v2\/posts\/8615","targetHints":{"allow":["GET"]}}],"collection":[{"href":"https:\/\/masquenoticias.mx\/index.php\/wp-json\/wp\/v2\/posts"}],"about":[{"href":"https:\/\/masquenoticias.mx\/index.php\/wp-json\/wp\/v2\/types\/post"}],"author":[{"embeddable":true,"href":"https:\/\/masquenoticias.mx\/index.php\/wp-json\/wp\/v2\/users\/1"}],"replies":[{"embeddable":true,"href":"https:\/\/masquenoticias.mx\/index.php\/wp-json\/wp\/v2\/comments?post=8615"}],"version-history":[{"count":1,"href":"https:\/\/masquenoticias.mx\/index.php\/wp-json\/wp\/v2\/posts\/8615\/revisions"}],"predecessor-version":[{"id":8617,"href":"https:\/\/masquenoticias.mx\/index.php\/wp-json\/wp\/v2\/posts\/8615\/revisions\/8617"}],"wp:featuredmedia":[{"embeddable":true,"href":"https:\/\/masquenoticias.mx\/index.php\/wp-json\/wp\/v2\/media\/8616"}],"wp:attachment":[{"href":"https:\/\/masquenoticias.mx\/index.php\/wp-json\/wp\/v2\/media?parent=8615"}],"wp:term":[{"taxonomy":"category","embeddable":true,"href":"https:\/\/masquenoticias.mx\/index.php\/wp-json\/wp\/v2\/categories?post=8615"},{"taxonomy":"post_tag","embeddable":true,"href":"https:\/\/masquenoticias.mx\/index.php\/wp-json\/wp\/v2\/tags?post=8615"}],"curies":[{"name":"wp","href":"https:\/\/api.w.org\/{rel}","templated":true}]}}