{"id":8588,"date":"2024-05-26T14:26:28","date_gmt":"2024-05-26T20:26:28","guid":{"rendered":"https:\/\/masquenoticias.mx\/?p=8588"},"modified":"2024-06-01T08:41:34","modified_gmt":"2024-06-01T14:41:34","slug":"gobierno-de-colima-y-empresa-fiesta-zafari-acuerdan-concluir-concesion-del-ecoparc-estado-recupera-espacio-para-los-colimenses","status":"publish","type":"post","link":"https:\/\/masquenoticias.mx\/index.php\/2024\/05\/26\/gobierno-de-colima-y-empresa-fiesta-zafari-acuerdan-concluir-concesion-del-ecoparc-estado-recupera-espacio-para-los-colimenses\/","title":{"rendered":"Gobierno de Colima y empresa Fiesta Zafari acuerdan concluir concesi\u00f3n del Ecoparc: Estado recupera espacio para los colimenses"},"content":{"rendered":"\n<p><br>El Gobierno del Estado de Colima recupera a partir del d\u00eda de hoy el control del inmueble en el que se albergaba el Ecoparc Colima, al dar por finalizada de manera anticipada la concesi\u00f3n otorgada sobre el mismo por la administraci\u00f3n estatal anterior, encabezada por el entonces gobernador priista Jos\u00e9 Ignacio Peralta S\u00e1nchez.<\/p>\n\n\n\n<p>Con la firma del presente acuerdo, se advierte que el Gobierno del Estado de Colima reitera su compromiso con el cumplimiento de la ley, la recuperaci\u00f3n y el cuidado del patrimonio estatal para el bienestar y disfrute de las y los colimenses.<\/p>\n\n\n\n<p>El empresario dio a conocer que el Gobierno del Estado y la empresa denominada Fiesta Zafari firmaron un convenio en el que, de com\u00fan acuerdo, dieron por terminado el contrato de concesi\u00f3n signado el d\u00eda 7 de febrero de 2017.<\/p>\n\n\n\n<p>En el referido convenio se estipula que como parte del proceso de entrega-recepci\u00f3n del inmueble se realizar\u00e1 una inspecci\u00f3n de las condiciones en que se recibe el inmueble y diversos accesorios del lugar, lo cual quedar\u00e1 asentado en un acta de entrega-recepci\u00f3n.<\/p>\n\n\n\n<p>Concluido el proceso de entrega-recepci\u00f3n, el Ejecutivo estatal informar\u00e1 m\u00e1s detalles sobre el mismo, as\u00ed como del futuro de este espacio que es patrimonio del pueblo de Colima.<\/p>\n","protected":false},"excerpt":{"rendered":"<p>El Gobierno del Estado de Colima recupera a partir del d\u00eda de hoy el control del inmueble en el que se albergaba el Ecoparc Colima, al dar por finalizada de manera anticipada la concesi\u00f3n otorgada sobre el mismo por la administraci\u00f3n estatal anterior, encabezada por el entonces gobernador priista Jos\u00e9 Ignacio Peralta S\u00e1nchez. Con la [&hellip;]<\/p>\n","protected":false},"author":1,"featured_media":8587,"comment_status":"open","ping_status":"open","sticky":false,"template":"","format":"standard","meta":{"_jetpack_memberships_contains_paid_content":false,"footnotes":""},"categories":[24],"tags":[25],"class_list":["post-8588","post","type-post","status-publish","format-standard","has-post-thumbnail","hentry","category-estado","tag-estado"],"yoast_head":"<!-- This site is optimized with the Yoast SEO plugin v26.6 - https:\/\/yoast.com\/wordpress\/plugins\/seo\/ -->\n<title>Gobierno de Colima y empresa Fiesta Zafari acuerdan concluir concesi\u00f3n del Ecoparc: Estado recupera espacio para los colimenses - M\u00e1s Que Noticias<\/title>\n<meta name=\"robots\" content=\"index, follow, max-snippet:-1, max-image-preview:large, max-video-preview:-1\" \/>\n<link rel=\"canonical\" href=\"https:\/\/masquenoticias.mx\/index.php\/2024\/05\/26\/gobierno-de-colima-y-empresa-fiesta-zafari-acuerdan-concluir-concesion-del-ecoparc-estado-recupera-espacio-para-los-colimenses\/\" \/>\n<meta property=\"og:locale\" content=\"es_MX\" \/>\n<meta property=\"og:type\" content=\"article\" \/>\n<meta property=\"og:title\" content=\"Gobierno de Colima y empresa Fiesta Zafari acuerdan concluir concesi\u00f3n del Ecoparc: Estado recupera espacio para los colimenses - M\u00e1s Que Noticias\" \/>\n<meta property=\"og:description\" content=\"El Gobierno del Estado de Colima recupera a partir del d\u00eda de hoy el control del inmueble en el que se albergaba el Ecoparc Colima, al dar por finalizada de manera anticipada la concesi\u00f3n otorgada sobre el mismo por la administraci\u00f3n estatal anterior, encabezada por el entonces gobernador priista Jos\u00e9 Ignacio Peralta S\u00e1nchez. Con la [&hellip;]\" \/>\n<meta property=\"og:url\" content=\"https:\/\/masquenoticias.mx\/index.php\/2024\/05\/26\/gobierno-de-colima-y-empresa-fiesta-zafari-acuerdan-concluir-concesion-del-ecoparc-estado-recupera-espacio-para-los-colimenses\/\" \/>\n<meta property=\"og:site_name\" content=\"M\u00e1s Que Noticias\" \/>\n<meta property=\"article:publisher\" content=\"https:\/\/www.facebook.com\/masquenoticiascolima\" \/>\n<meta property=\"article:published_time\" content=\"2024-05-26T20:26:28+00:00\" \/>\n<meta property=\"article:modified_time\" content=\"2024-06-01T14:41:34+00:00\" \/>\n<meta property=\"og:image\" content=\"https:\/\/masquenoticias.mx\/wp-content\/uploads\/2024\/05\/img_3700.jpg\" \/>\n\t<meta property=\"og:image:width\" content=\"608\" \/>\n\t<meta property=\"og:image:height\" content=\"342\" \/>\n\t<meta property=\"og:image:type\" content=\"image\/jpeg\" \/>\n<meta name=\"author\" content=\"Redacci\u00f3n\" \/>\n<meta name=\"twitter:card\" content=\"summary_large_image\" \/>\n<meta name=\"twitter:creator\" content=\"@edgartove\" \/>\n<meta name=\"twitter:site\" content=\"@edgartove\" \/>\n<meta name=\"twitter:label1\" content=\"Escrito por\" \/>\n\t<meta name=\"twitter:data1\" content=\"Redacci\u00f3n\" \/>\n\t<meta name=\"twitter:label2\" content=\"Tiempo de lectura\" \/>\n\t<meta name=\"twitter:data2\" content=\"1 minuto\" \/>\n<script type=\"application\/ld+json\" class=\"yoast-schema-graph\">{\"@context\":\"https:\/\/schema.org\",\"@graph\":[{\"@type\":\"Article\",\"@id\":\"https:\/\/masquenoticias.mx\/index.php\/2024\/05\/26\/gobierno-de-colima-y-empresa-fiesta-zafari-acuerdan-concluir-concesion-del-ecoparc-estado-recupera-espacio-para-los-colimenses\/#article\",\"isPartOf\":{\"@id\":\"https:\/\/masquenoticias.mx\/index.php\/2024\/05\/26\/gobierno-de-colima-y-empresa-fiesta-zafari-acuerdan-concluir-concesion-del-ecoparc-estado-recupera-espacio-para-los-colimenses\/\"},\"author\":{\"name\":\"Redacci\u00f3n\",\"@id\":\"https:\/\/masquenoticias.mx\/#\/schema\/person\/544d19989ef23d34615f691f7a96e622\"},\"headline\":\"Gobierno de Colima y empresa Fiesta Zafari acuerdan concluir concesi\u00f3n del Ecoparc: Estado recupera espacio para los colimenses\",\"datePublished\":\"2024-05-26T20:26:28+00:00\",\"dateModified\":\"2024-06-01T14:41:34+00:00\",\"mainEntityOfPage\":{\"@id\":\"https:\/\/masquenoticias.mx\/index.php\/2024\/05\/26\/gobierno-de-colima-y-empresa-fiesta-zafari-acuerdan-concluir-concesion-del-ecoparc-estado-recupera-espacio-para-los-colimenses\/\"},\"wordCount\":235,\"commentCount\":0,\"publisher\":{\"@id\":\"https:\/\/masquenoticias.mx\/#organization\"},\"image\":{\"@id\":\"https:\/\/masquenoticias.mx\/index.php\/2024\/05\/26\/gobierno-de-colima-y-empresa-fiesta-zafari-acuerdan-concluir-concesion-del-ecoparc-estado-recupera-espacio-para-los-colimenses\/#primaryimage\"},\"thumbnailUrl\":\"https:\/\/i0.wp.com\/masquenoticias.mx\/wp-content\/uploads\/2024\/05\/img_3700.jpg?fit=608%2C342&ssl=1\",\"keywords\":[\"Estado\"],\"articleSection\":[\"Estado\"],\"inLanguage\":\"es\",\"potentialAction\":[{\"@type\":\"CommentAction\",\"name\":\"Comment\",\"target\":[\"https:\/\/masquenoticias.mx\/index.php\/2024\/05\/26\/gobierno-de-colima-y-empresa-fiesta-zafari-acuerdan-concluir-concesion-del-ecoparc-estado-recupera-espacio-para-los-colimenses\/#respond\"]}]},{\"@type\":\"WebPage\",\"@id\":\"https:\/\/masquenoticias.mx\/index.php\/2024\/05\/26\/gobierno-de-colima-y-empresa-fiesta-zafari-acuerdan-concluir-concesion-del-ecoparc-estado-recupera-espacio-para-los-colimenses\/\",\"url\":\"https:\/\/masquenoticias.mx\/index.php\/2024\/05\/26\/gobierno-de-colima-y-empresa-fiesta-zafari-acuerdan-concluir-concesion-del-ecoparc-estado-recupera-espacio-para-los-colimenses\/\",\"name\":\"Gobierno de Colima y empresa Fiesta Zafari acuerdan concluir concesi\u00f3n del Ecoparc: Estado recupera espacio para los colimenses - M\u00e1s Que Noticias\",\"isPartOf\":{\"@id\":\"https:\/\/masquenoticias.mx\/#website\"},\"primaryImageOfPage\":{\"@id\":\"https:\/\/masquenoticias.mx\/index.php\/2024\/05\/26\/gobierno-de-colima-y-empresa-fiesta-zafari-acuerdan-concluir-concesion-del-ecoparc-estado-recupera-espacio-para-los-colimenses\/#primaryimage\"},\"image\":{\"@id\":\"https:\/\/masquenoticias.mx\/index.php\/2024\/05\/26\/gobierno-de-colima-y-empresa-fiesta-zafari-acuerdan-concluir-concesion-del-ecoparc-estado-recupera-espacio-para-los-colimenses\/#primaryimage\"},\"thumbnailUrl\":\"https:\/\/i0.wp.com\/masquenoticias.mx\/wp-content\/uploads\/2024\/05\/img_3700.jpg?fit=608%2C342&ssl=1\",\"datePublished\":\"2024-05-26T20:26:28+00:00\",\"dateModified\":\"2024-06-01T14:41:34+00:00\",\"breadcrumb\":{\"@id\":\"https:\/\/masquenoticias.mx\/index.php\/2024\/05\/26\/gobierno-de-colima-y-empresa-fiesta-zafari-acuerdan-concluir-concesion-del-ecoparc-estado-recupera-espacio-para-los-colimenses\/#breadcrumb\"},\"inLanguage\":\"es\",\"potentialAction\":[{\"@type\":\"ReadAction\",\"target\":[\"https:\/\/masquenoticias.mx\/index.php\/2024\/05\/26\/gobierno-de-colima-y-empresa-fiesta-zafari-acuerdan-concluir-concesion-del-ecoparc-estado-recupera-espacio-para-los-colimenses\/\"]}]},{\"@type\":\"ImageObject\",\"inLanguage\":\"es\",\"@id\":\"https:\/\/masquenoticias.mx\/index.php\/2024\/05\/26\/gobierno-de-colima-y-empresa-fiesta-zafari-acuerdan-concluir-concesion-del-ecoparc-estado-recupera-espacio-para-los-colimenses\/#primaryimage\",\"url\":\"https:\/\/i0.wp.com\/masquenoticias.mx\/wp-content\/uploads\/2024\/05\/img_3700.jpg?fit=608%2C342&ssl=1\",\"contentUrl\":\"https:\/\/i0.wp.com\/masquenoticias.mx\/wp-content\/uploads\/2024\/05\/img_3700.jpg?fit=608%2C342&ssl=1\",\"width\":608,\"height\":342},{\"@type\":\"BreadcrumbList\",\"@id\":\"https:\/\/masquenoticias.mx\/index.php\/2024\/05\/26\/gobierno-de-colima-y-empresa-fiesta-zafari-acuerdan-concluir-concesion-del-ecoparc-estado-recupera-espacio-para-los-colimenses\/#breadcrumb\",\"itemListElement\":[{\"@type\":\"ListItem\",\"position\":1,\"name\":\"Inicio\",\"item\":\"https:\/\/masquenoticias.mx\/\"},{\"@type\":\"ListItem\",\"position\":2,\"name\":\"Gobierno de Colima y empresa Fiesta Zafari acuerdan concluir concesi\u00f3n del Ecoparc: Estado recupera espacio para los colimenses\"}]},{\"@type\":\"WebSite\",\"@id\":\"https:\/\/masquenoticias.mx\/#website\",\"url\":\"https:\/\/masquenoticias.mx\/\",\"name\":\"M\u00e1s Que Noticias\",\"description\":\"Noticias de Colima, M\u00e9xico y el Mundo\",\"publisher\":{\"@id\":\"https:\/\/masquenoticias.mx\/#organization\"},\"potentialAction\":[{\"@type\":\"SearchAction\",\"target\":{\"@type\":\"EntryPoint\",\"urlTemplate\":\"https:\/\/masquenoticias.mx\/?s={search_term_string}\"},\"query-input\":{\"@type\":\"PropertyValueSpecification\",\"valueRequired\":true,\"valueName\":\"search_term_string\"}}],\"inLanguage\":\"es\"},{\"@type\":\"Organization\",\"@id\":\"https:\/\/masquenoticias.mx\/#organization\",\"name\":\"M\u00e1s Que Noticias\",\"url\":\"https:\/\/masquenoticias.mx\/\",\"logo\":{\"@type\":\"ImageObject\",\"inLanguage\":\"es\",\"@id\":\"https:\/\/masquenoticias.mx\/#\/schema\/logo\/image\/\",\"url\":\"https:\/\/i0.wp.com\/masquenoticias.mx\/wp-content\/uploads\/2024\/04\/IMG_0004.png?fit=2560%2C1656&ssl=1\",\"contentUrl\":\"https:\/\/i0.wp.com\/masquenoticias.mx\/wp-content\/uploads\/2024\/04\/IMG_0004.png?fit=2560%2C1656&ssl=1\",\"width\":2560,\"height\":1656,\"caption\":\"M\u00e1s Que Noticias\"},\"image\":{\"@id\":\"https:\/\/masquenoticias.mx\/#\/schema\/logo\/image\/\"},\"sameAs\":[\"https:\/\/www.facebook.com\/masquenoticiascolima\",\"https:\/\/x.com\/edgartove\",\"https:\/\/www.instagram.com\/masquenoticiascolima\/\"]},{\"@type\":\"Person\",\"@id\":\"https:\/\/masquenoticias.mx\/#\/schema\/person\/544d19989ef23d34615f691f7a96e622\",\"name\":\"Redacci\u00f3n\",\"image\":{\"@type\":\"ImageObject\",\"inLanguage\":\"es\",\"@id\":\"https:\/\/masquenoticias.mx\/#\/schema\/person\/image\/\",\"url\":\"https:\/\/secure.gravatar.com\/avatar\/7fcc926d5b058d3f3d52d95b4d05dd58?s=96&d=mm&r=g\",\"contentUrl\":\"https:\/\/secure.gravatar.com\/avatar\/7fcc926d5b058d3f3d52d95b4d05dd58?s=96&d=mm&r=g\",\"caption\":\"Redacci\u00f3n\"},\"sameAs\":[\"http:\/\/masquenoticias.mx\"],\"url\":\"https:\/\/masquenoticias.mx\/index.php\/author\/edgartovegmail-com\/\"}]}<\/script>\n<!-- \/ Yoast SEO plugin. -->","yoast_head_json":{"title":"Gobierno de Colima y empresa Fiesta Zafari acuerdan concluir concesi\u00f3n del Ecoparc: Estado recupera espacio para los colimenses - M\u00e1s Que Noticias","robots":{"index":"index","follow":"follow","max-snippet":"max-snippet:-1","max-image-preview":"max-image-preview:large","max-video-preview":"max-video-preview:-1"},"canonical":"https:\/\/masquenoticias.mx\/index.php\/2024\/05\/26\/gobierno-de-colima-y-empresa-fiesta-zafari-acuerdan-concluir-concesion-del-ecoparc-estado-recupera-espacio-para-los-colimenses\/","og_locale":"es_MX","og_type":"article","og_title":"Gobierno de Colima y empresa Fiesta Zafari acuerdan concluir concesi\u00f3n del Ecoparc: Estado recupera espacio para los colimenses - M\u00e1s Que Noticias","og_description":"El Gobierno del Estado de Colima recupera a partir del d\u00eda de hoy el control del inmueble en el que se albergaba el Ecoparc Colima, al dar por finalizada de manera anticipada la concesi\u00f3n otorgada sobre el mismo por la administraci\u00f3n estatal anterior, encabezada por el entonces gobernador priista Jos\u00e9 Ignacio Peralta S\u00e1nchez. Con la [&hellip;]","og_url":"https:\/\/masquenoticias.mx\/index.php\/2024\/05\/26\/gobierno-de-colima-y-empresa-fiesta-zafari-acuerdan-concluir-concesion-del-ecoparc-estado-recupera-espacio-para-los-colimenses\/","og_site_name":"M\u00e1s Que Noticias","article_publisher":"https:\/\/www.facebook.com\/masquenoticiascolima","article_published_time":"2024-05-26T20:26:28+00:00","article_modified_time":"2024-06-01T14:41:34+00:00","og_image":[{"width":608,"height":342,"url":"https:\/\/masquenoticias.mx\/wp-content\/uploads\/2024\/05\/img_3700.jpg","type":"image\/jpeg"}],"author":"Redacci\u00f3n","twitter_card":"summary_large_image","twitter_creator":"@edgartove","twitter_site":"@edgartove","twitter_misc":{"Escrito por":"Redacci\u00f3n","Tiempo de lectura":"1 minuto"},"schema":{"@context":"https:\/\/schema.org","@graph":[{"@type":"Article","@id":"https:\/\/masquenoticias.mx\/index.php\/2024\/05\/26\/gobierno-de-colima-y-empresa-fiesta-zafari-acuerdan-concluir-concesion-del-ecoparc-estado-recupera-espacio-para-los-colimenses\/#article","isPartOf":{"@id":"https:\/\/masquenoticias.mx\/index.php\/2024\/05\/26\/gobierno-de-colima-y-empresa-fiesta-zafari-acuerdan-concluir-concesion-del-ecoparc-estado-recupera-espacio-para-los-colimenses\/"},"author":{"name":"Redacci\u00f3n","@id":"https:\/\/masquenoticias.mx\/#\/schema\/person\/544d19989ef23d34615f691f7a96e622"},"headline":"Gobierno de Colima y empresa Fiesta Zafari acuerdan concluir concesi\u00f3n del Ecoparc: Estado recupera espacio para los colimenses","datePublished":"2024-05-26T20:26:28+00:00","dateModified":"2024-06-01T14:41:34+00:00","mainEntityOfPage":{"@id":"https:\/\/masquenoticias.mx\/index.php\/2024\/05\/26\/gobierno-de-colima-y-empresa-fiesta-zafari-acuerdan-concluir-concesion-del-ecoparc-estado-recupera-espacio-para-los-colimenses\/"},"wordCount":235,"commentCount":0,"publisher":{"@id":"https:\/\/masquenoticias.mx\/#organization"},"image":{"@id":"https:\/\/masquenoticias.mx\/index.php\/2024\/05\/26\/gobierno-de-colima-y-empresa-fiesta-zafari-acuerdan-concluir-concesion-del-ecoparc-estado-recupera-espacio-para-los-colimenses\/#primaryimage"},"thumbnailUrl":"https:\/\/i0.wp.com\/masquenoticias.mx\/wp-content\/uploads\/2024\/05\/img_3700.jpg?fit=608%2C342&ssl=1","keywords":["Estado"],"articleSection":["Estado"],"inLanguage":"es","potentialAction":[{"@type":"CommentAction","name":"Comment","target":["https:\/\/masquenoticias.mx\/index.php\/2024\/05\/26\/gobierno-de-colima-y-empresa-fiesta-zafari-acuerdan-concluir-concesion-del-ecoparc-estado-recupera-espacio-para-los-colimenses\/#respond"]}]},{"@type":"WebPage","@id":"https:\/\/masquenoticias.mx\/index.php\/2024\/05\/26\/gobierno-de-colima-y-empresa-fiesta-zafari-acuerdan-concluir-concesion-del-ecoparc-estado-recupera-espacio-para-los-colimenses\/","url":"https:\/\/masquenoticias.mx\/index.php\/2024\/05\/26\/gobierno-de-colima-y-empresa-fiesta-zafari-acuerdan-concluir-concesion-del-ecoparc-estado-recupera-espacio-para-los-colimenses\/","name":"Gobierno de Colima y empresa Fiesta Zafari acuerdan concluir concesi\u00f3n del Ecoparc: Estado recupera espacio para los colimenses - M\u00e1s Que Noticias","isPartOf":{"@id":"https:\/\/masquenoticias.mx\/#website"},"primaryImageOfPage":{"@id":"https:\/\/masquenoticias.mx\/index.php\/2024\/05\/26\/gobierno-de-colima-y-empresa-fiesta-zafari-acuerdan-concluir-concesion-del-ecoparc-estado-recupera-espacio-para-los-colimenses\/#primaryimage"},"image":{"@id":"https:\/\/masquenoticias.mx\/index.php\/2024\/05\/26\/gobierno-de-colima-y-empresa-fiesta-zafari-acuerdan-concluir-concesion-del-ecoparc-estado-recupera-espacio-para-los-colimenses\/#primaryimage"},"thumbnailUrl":"https:\/\/i0.wp.com\/masquenoticias.mx\/wp-content\/uploads\/2024\/05\/img_3700.jpg?fit=608%2C342&ssl=1","datePublished":"2024-05-26T20:26:28+00:00","dateModified":"2024-06-01T14:41:34+00:00","breadcrumb":{"@id":"https:\/\/masquenoticias.mx\/index.php\/2024\/05\/26\/gobierno-de-colima-y-empresa-fiesta-zafari-acuerdan-concluir-concesion-del-ecoparc-estado-recupera-espacio-para-los-colimenses\/#breadcrumb"},"inLanguage":"es","potentialAction":[{"@type":"ReadAction","target":["https:\/\/masquenoticias.mx\/index.php\/2024\/05\/26\/gobierno-de-colima-y-empresa-fiesta-zafari-acuerdan-concluir-concesion-del-ecoparc-estado-recupera-espacio-para-los-colimenses\/"]}]},{"@type":"ImageObject","inLanguage":"es","@id":"https:\/\/masquenoticias.mx\/index.php\/2024\/05\/26\/gobierno-de-colima-y-empresa-fiesta-zafari-acuerdan-concluir-concesion-del-ecoparc-estado-recupera-espacio-para-los-colimenses\/#primaryimage","url":"https:\/\/i0.wp.com\/masquenoticias.mx\/wp-content\/uploads\/2024\/05\/img_3700.jpg?fit=608%2C342&ssl=1","contentUrl":"https:\/\/i0.wp.com\/masquenoticias.mx\/wp-content\/uploads\/2024\/05\/img_3700.jpg?fit=608%2C342&ssl=1","width":608,"height":342},{"@type":"BreadcrumbList","@id":"https:\/\/masquenoticias.mx\/index.php\/2024\/05\/26\/gobierno-de-colima-y-empresa-fiesta-zafari-acuerdan-concluir-concesion-del-ecoparc-estado-recupera-espacio-para-los-colimenses\/#breadcrumb","itemListElement":[{"@type":"ListItem","position":1,"name":"Inicio","item":"https:\/\/masquenoticias.mx\/"},{"@type":"ListItem","position":2,"name":"Gobierno de Colima y empresa Fiesta Zafari acuerdan concluir concesi\u00f3n del Ecoparc: Estado recupera espacio para los colimenses"}]},{"@type":"WebSite","@id":"https:\/\/masquenoticias.mx\/#website","url":"https:\/\/masquenoticias.mx\/","name":"M\u00e1s Que Noticias","description":"Noticias de Colima, M\u00e9xico y el Mundo","publisher":{"@id":"https:\/\/masquenoticias.mx\/#organization"},"potentialAction":[{"@type":"SearchAction","target":{"@type":"EntryPoint","urlTemplate":"https:\/\/masquenoticias.mx\/?s={search_term_string}"},"query-input":{"@type":"PropertyValueSpecification","valueRequired":true,"valueName":"search_term_string"}}],"inLanguage":"es"},{"@type":"Organization","@id":"https:\/\/masquenoticias.mx\/#organization","name":"M\u00e1s Que Noticias","url":"https:\/\/masquenoticias.mx\/","logo":{"@type":"ImageObject","inLanguage":"es","@id":"https:\/\/masquenoticias.mx\/#\/schema\/logo\/image\/","url":"https:\/\/i0.wp.com\/masquenoticias.mx\/wp-content\/uploads\/2024\/04\/IMG_0004.png?fit=2560%2C1656&ssl=1","contentUrl":"https:\/\/i0.wp.com\/masquenoticias.mx\/wp-content\/uploads\/2024\/04\/IMG_0004.png?fit=2560%2C1656&ssl=1","width":2560,"height":1656,"caption":"M\u00e1s Que Noticias"},"image":{"@id":"https:\/\/masquenoticias.mx\/#\/schema\/logo\/image\/"},"sameAs":["https:\/\/www.facebook.com\/masquenoticiascolima","https:\/\/x.com\/edgartove","https:\/\/www.instagram.com\/masquenoticiascolima\/"]},{"@type":"Person","@id":"https:\/\/masquenoticias.mx\/#\/schema\/person\/544d19989ef23d34615f691f7a96e622","name":"Redacci\u00f3n","image":{"@type":"ImageObject","inLanguage":"es","@id":"https:\/\/masquenoticias.mx\/#\/schema\/person\/image\/","url":"https:\/\/secure.gravatar.com\/avatar\/7fcc926d5b058d3f3d52d95b4d05dd58?s=96&d=mm&r=g","contentUrl":"https:\/\/secure.gravatar.com\/avatar\/7fcc926d5b058d3f3d52d95b4d05dd58?s=96&d=mm&r=g","caption":"Redacci\u00f3n"},"sameAs":["http:\/\/masquenoticias.mx"],"url":"https:\/\/masquenoticias.mx\/index.php\/author\/edgartovegmail-com\/"}]}},"jetpack_featured_media_url":"https:\/\/i0.wp.com\/masquenoticias.mx\/wp-content\/uploads\/2024\/05\/img_3700.jpg?fit=608%2C342&ssl=1","blog_post_layout_featured_media_urls":{"thumbnail":["https:\/\/i0.wp.com\/masquenoticias.mx\/wp-content\/uploads\/2024\/05\/img_3700.jpg?resize=150%2C150&ssl=1",150,150,true],"full":["https:\/\/i0.wp.com\/masquenoticias.mx\/wp-content\/uploads\/2024\/05\/img_3700.jpg?fit=608%2C342&ssl=1",608,342,false]},"categories_names":{"24":{"name":"Estado","link":"https:\/\/masquenoticias.mx\/index.php\/category\/estado\/"}},"tags_names":{"25":{"name":"Estado","link":"https:\/\/masquenoticias.mx\/index.php\/tag\/estado\/"}},"comments_number":"0","wpmagazine_modules_lite_featured_media_urls":{"thumbnail":["https:\/\/i0.wp.com\/masquenoticias.mx\/wp-content\/uploads\/2024\/05\/img_3700.jpg?resize=150%2C150&ssl=1",150,150,true],"cvmm-medium":["https:\/\/i0.wp.com\/masquenoticias.mx\/wp-content\/uploads\/2024\/05\/img_3700.jpg?resize=300%2C300&ssl=1",300,300,true],"cvmm-medium-plus":["https:\/\/i0.wp.com\/masquenoticias.mx\/wp-content\/uploads\/2024\/05\/img_3700.jpg?resize=305%2C207&ssl=1",305,207,true],"cvmm-portrait":["https:\/\/i0.wp.com\/masquenoticias.mx\/wp-content\/uploads\/2024\/05\/img_3700.jpg?resize=400%2C342&ssl=1",400,342,true],"cvmm-medium-square":["https:\/\/i0.wp.com\/masquenoticias.mx\/wp-content\/uploads\/2024\/05\/img_3700.jpg?resize=600%2C342&ssl=1",600,342,true],"cvmm-large":["https:\/\/i0.wp.com\/masquenoticias.mx\/wp-content\/uploads\/2024\/05\/img_3700.jpg?resize=608%2C342&ssl=1",608,342,true],"cvmm-small":["https:\/\/i0.wp.com\/masquenoticias.mx\/wp-content\/uploads\/2024\/05\/img_3700.jpg?resize=130%2C95&ssl=1",130,95,true],"full":["https:\/\/i0.wp.com\/masquenoticias.mx\/wp-content\/uploads\/2024\/05\/img_3700.jpg?fit=608%2C342&ssl=1",608,342,false]},"jetpack-related-posts":[],"jetpack_sharing_enabled":true,"jetpack_likes_enabled":true,"jetpack_shortlink":"https:\/\/wp.me\/pf7pkt-2ew","_links":{"self":[{"href":"https:\/\/masquenoticias.mx\/index.php\/wp-json\/wp\/v2\/posts\/8588","targetHints":{"allow":["GET"]}}],"collection":[{"href":"https:\/\/masquenoticias.mx\/index.php\/wp-json\/wp\/v2\/posts"}],"about":[{"href":"https:\/\/masquenoticias.mx\/index.php\/wp-json\/wp\/v2\/types\/post"}],"author":[{"embeddable":true,"href":"https:\/\/masquenoticias.mx\/index.php\/wp-json\/wp\/v2\/users\/1"}],"replies":[{"embeddable":true,"href":"https:\/\/masquenoticias.mx\/index.php\/wp-json\/wp\/v2\/comments?post=8588"}],"version-history":[{"count":1,"href":"https:\/\/masquenoticias.mx\/index.php\/wp-json\/wp\/v2\/posts\/8588\/revisions"}],"predecessor-version":[{"id":8589,"href":"https:\/\/masquenoticias.mx\/index.php\/wp-json\/wp\/v2\/posts\/8588\/revisions\/8589"}],"wp:featuredmedia":[{"embeddable":true,"href":"https:\/\/masquenoticias.mx\/index.php\/wp-json\/wp\/v2\/media\/8587"}],"wp:attachment":[{"href":"https:\/\/masquenoticias.mx\/index.php\/wp-json\/wp\/v2\/media?parent=8588"}],"wp:term":[{"taxonomy":"category","embeddable":true,"href":"https:\/\/masquenoticias.mx\/index.php\/wp-json\/wp\/v2\/categories?post=8588"},{"taxonomy":"post_tag","embeddable":true,"href":"https:\/\/masquenoticias.mx\/index.php\/wp-json\/wp\/v2\/tags?post=8588"}],"curies":[{"name":"wp","href":"https:\/\/api.w.org\/{rel}","templated":true}]}}