{"id":8370,"date":"2024-05-03T19:36:52","date_gmt":"2024-05-04T01:36:52","guid":{"rendered":"https:\/\/masquenoticias.mx\/?p=8370"},"modified":"2024-05-03T19:43:36","modified_gmt":"2024-05-04T01:43:36","slug":"mariela-salas-es-la-primera-mujer-en-presidir-canirac-colima","status":"publish","type":"post","link":"https:\/\/masquenoticias.mx\/index.php\/2024\/05\/03\/mariela-salas-es-la-primera-mujer-en-presidir-canirac-colima\/","title":{"rendered":"Mariela Salas es la primera mujer en presidir Canirac Colima"},"content":{"rendered":"<p><strong>Mariela Salas<\/strong> es la nueva presidenta de la <strong>C\u00e1mara Nacional de Restaurantes y Alimentos Condimentados<\/strong> (CANICAR) Colima, es adem\u00e1s la primera mujer en presidir esta organizaci\u00f3n empresarial.<\/p>\n<p>En su primer contacto con medios de comunicaci\u00f3n, manifest\u00f3 su inter\u00e9s porque este consejo que encabezar\u00e1 por un a\u00f1o, lleve la profesionalizaci\u00f3n de los afiliados al siguiente nivel, de tal forma que los clientes puedan reconocer la <strong>calidad<\/strong> que brindan los restaurantes adheridos.<\/p>\n<p>Este objetivo pretende ser alcanzado a trav\u00e9s de la <strong>capacitaci\u00f3n<\/strong> a los meseros, gerentes y chefs a fin de posicionar al sector en un mayor nivel.<\/p>\n<p>&nbsp;<\/p>\n<p><iframe style=\"border: none; overflow: hidden;\" src=\"https:\/\/www.facebook.com\/plugins\/video.php?height=314&amp;href=https%3A%2F%2Fwww.facebook.com%2Fmasquenoticiascolima%2Fvideos%2F1349607815720388%2F&amp;show_text=false&amp;width=560&amp;t=0\" width=\"560\" height=\"314\" frameborder=\"0\" scrolling=\"no\" allowfullscreen=\"allowfullscreen\"><\/iframe><\/p>\n<p>Aunque no se tiene una meta de afiliaci\u00f3n establecida, s\u00ed se buscar\u00e1 atraer a m\u00e1s emprendedores del giro a quienes sumar\u00e1n a las campa\u00f1as que como C\u00e1mara realizan, as\u00ed como participar en los distintos eventos de promoci\u00f3n a lo largo del a\u00f1o como La Feria del Mezcal, el Festival del Volc\u00e1n, el <strong>Sabora Fest<\/strong>, entre otros.<\/p>\n<p>Marisol Salas declar\u00f3 que aunque tienen una buena relaci\u00f3n con la clase pol\u00edtica, buscan mantener ese contacto para que tomen en cuenta al sector como una parte importante de la vida econ\u00f3mica del estado y los municipios. As\u00ed mismo adelant\u00f3 que tienen entre sus planes la recuperaci\u00f3n de el parque <strong>El Rodeo<\/strong> por medio de un festival gastron\u00f3mico.<\/p>\n<p>Por \u00faltimo, adelant\u00f3 que durante la jornada electoral del 2 de junio y con el fin de promover que las personas salgan a votar, los afiliados a CANIRAC Colima, ofrecer\u00e1n promociones y cortes\u00edas para quienes acudan con su pulgar marcado. Posteriormente se dar\u00e1n a conocer las din\u00e1micas.<\/p>\n","protected":false},"excerpt":{"rendered":"<p>Mariela Salas es la nueva presidenta de la C\u00e1mara Nacional de Restaurantes y Alimentos Condimentados (CANICAR) Colima, es adem\u00e1s la primera mujer en presidir esta organizaci\u00f3n empresarial. En su primer contacto con medios de comunicaci\u00f3n, manifest\u00f3 su inter\u00e9s porque este consejo que encabezar\u00e1 por un a\u00f1o, lleve la profesionalizaci\u00f3n de los afiliados al siguiente nivel, [&hellip;]<\/p>\n","protected":false},"author":1,"featured_media":8371,"comment_status":"open","ping_status":"open","sticky":false,"template":"","format":"standard","meta":{"_jetpack_memberships_contains_paid_content":false,"footnotes":""},"categories":[28],"tags":[326,502],"class_list":["post-8370","post","type-post","status-publish","format-standard","has-post-thumbnail","hentry","category-municipios","tag-canirac","tag-mariela-salas"],"yoast_head":"<!-- This site is optimized with the Yoast SEO plugin v26.6 - https:\/\/yoast.com\/wordpress\/plugins\/seo\/ -->\n<title>Mariela Salas es la primera mujer en presidir Canirac Colima - M\u00e1s Que Noticias<\/title>\n<meta name=\"description\" content=\"Mariela Salas es la nueva presidenta de la C\u00e1mara Nacional de Restaurantes y Alimentos Condimentados (CANICAR) Colima, es adem\u00e1s la primera mujer en presidir esta organizaci\u00f3n empresarial.\" \/>\n<meta name=\"robots\" content=\"index, follow, max-snippet:-1, max-image-preview:large, max-video-preview:-1\" \/>\n<link rel=\"canonical\" href=\"https:\/\/masquenoticias.mx\/index.php\/2024\/05\/03\/mariela-salas-es-la-primera-mujer-en-presidir-canirac-colima\/\" \/>\n<meta property=\"og:locale\" content=\"es_MX\" \/>\n<meta property=\"og:type\" content=\"article\" \/>\n<meta property=\"og:title\" content=\"Mariela Salas es la primera mujer en presidir Canirac Colima - M\u00e1s Que Noticias\" \/>\n<meta property=\"og:description\" content=\"Mariela Salas es la nueva presidenta de la C\u00e1mara Nacional de Restaurantes y Alimentos Condimentados (CANICAR) Colima, es adem\u00e1s la primera mujer en presidir esta organizaci\u00f3n empresarial.\" \/>\n<meta property=\"og:url\" content=\"https:\/\/masquenoticias.mx\/index.php\/2024\/05\/03\/mariela-salas-es-la-primera-mujer-en-presidir-canirac-colima\/\" \/>\n<meta property=\"og:site_name\" content=\"M\u00e1s Que Noticias\" \/>\n<meta property=\"article:publisher\" content=\"https:\/\/www.facebook.com\/masquenoticiascolima\" \/>\n<meta property=\"article:published_time\" content=\"2024-05-04T01:36:52+00:00\" \/>\n<meta property=\"article:modified_time\" content=\"2024-05-04T01:43:36+00:00\" \/>\n<meta property=\"og:image\" content=\"https:\/\/masquenoticias.mx\/wp-content\/uploads\/2024\/05\/Mariela-Salas.png\" \/>\n\t<meta property=\"og:image:width\" content=\"766\" \/>\n\t<meta property=\"og:image:height\" content=\"471\" \/>\n\t<meta property=\"og:image:type\" content=\"image\/png\" \/>\n<meta name=\"author\" content=\"Redacci\u00f3n\" \/>\n<meta name=\"twitter:card\" content=\"summary_large_image\" \/>\n<meta name=\"twitter:creator\" content=\"@edgartove\" \/>\n<meta name=\"twitter:site\" content=\"@edgartove\" \/>\n<meta name=\"twitter:label1\" content=\"Escrito por\" \/>\n\t<meta name=\"twitter:data1\" content=\"Redacci\u00f3n\" \/>\n\t<meta name=\"twitter:label2\" content=\"Tiempo de lectura\" \/>\n\t<meta name=\"twitter:data2\" content=\"2 minutos\" \/>\n<script type=\"application\/ld+json\" class=\"yoast-schema-graph\">{\"@context\":\"https:\/\/schema.org\",\"@graph\":[{\"@type\":\"Article\",\"@id\":\"https:\/\/masquenoticias.mx\/index.php\/2024\/05\/03\/mariela-salas-es-la-primera-mujer-en-presidir-canirac-colima\/#article\",\"isPartOf\":{\"@id\":\"https:\/\/masquenoticias.mx\/index.php\/2024\/05\/03\/mariela-salas-es-la-primera-mujer-en-presidir-canirac-colima\/\"},\"author\":{\"name\":\"Redacci\u00f3n\",\"@id\":\"https:\/\/masquenoticias.mx\/#\/schema\/person\/544d19989ef23d34615f691f7a96e622\"},\"headline\":\"Mariela Salas es la primera mujer en presidir Canirac Colima\",\"datePublished\":\"2024-05-04T01:36:52+00:00\",\"dateModified\":\"2024-05-04T01:43:36+00:00\",\"mainEntityOfPage\":{\"@id\":\"https:\/\/masquenoticias.mx\/index.php\/2024\/05\/03\/mariela-salas-es-la-primera-mujer-en-presidir-canirac-colima\/\"},\"wordCount\":293,\"commentCount\":0,\"publisher\":{\"@id\":\"https:\/\/masquenoticias.mx\/#organization\"},\"image\":{\"@id\":\"https:\/\/masquenoticias.mx\/index.php\/2024\/05\/03\/mariela-salas-es-la-primera-mujer-en-presidir-canirac-colima\/#primaryimage\"},\"thumbnailUrl\":\"https:\/\/i0.wp.com\/masquenoticias.mx\/wp-content\/uploads\/2024\/05\/Mariela-Salas.png?fit=766%2C471&ssl=1\",\"keywords\":[\"CANIRAC\",\"Mariela Salas\"],\"articleSection\":[\"Municipios\"],\"inLanguage\":\"es\",\"potentialAction\":[{\"@type\":\"CommentAction\",\"name\":\"Comment\",\"target\":[\"https:\/\/masquenoticias.mx\/index.php\/2024\/05\/03\/mariela-salas-es-la-primera-mujer-en-presidir-canirac-colima\/#respond\"]}]},{\"@type\":\"WebPage\",\"@id\":\"https:\/\/masquenoticias.mx\/index.php\/2024\/05\/03\/mariela-salas-es-la-primera-mujer-en-presidir-canirac-colima\/\",\"url\":\"https:\/\/masquenoticias.mx\/index.php\/2024\/05\/03\/mariela-salas-es-la-primera-mujer-en-presidir-canirac-colima\/\",\"name\":\"Mariela Salas es la primera mujer en presidir Canirac Colima - M\u00e1s Que Noticias\",\"isPartOf\":{\"@id\":\"https:\/\/masquenoticias.mx\/#website\"},\"primaryImageOfPage\":{\"@id\":\"https:\/\/masquenoticias.mx\/index.php\/2024\/05\/03\/mariela-salas-es-la-primera-mujer-en-presidir-canirac-colima\/#primaryimage\"},\"image\":{\"@id\":\"https:\/\/masquenoticias.mx\/index.php\/2024\/05\/03\/mariela-salas-es-la-primera-mujer-en-presidir-canirac-colima\/#primaryimage\"},\"thumbnailUrl\":\"https:\/\/i0.wp.com\/masquenoticias.mx\/wp-content\/uploads\/2024\/05\/Mariela-Salas.png?fit=766%2C471&ssl=1\",\"datePublished\":\"2024-05-04T01:36:52+00:00\",\"dateModified\":\"2024-05-04T01:43:36+00:00\",\"description\":\"Mariela Salas es la nueva presidenta de la C\u00e1mara Nacional de Restaurantes y Alimentos Condimentados (CANICAR) Colima, es adem\u00e1s la primera mujer en presidir esta organizaci\u00f3n empresarial.\",\"breadcrumb\":{\"@id\":\"https:\/\/masquenoticias.mx\/index.php\/2024\/05\/03\/mariela-salas-es-la-primera-mujer-en-presidir-canirac-colima\/#breadcrumb\"},\"inLanguage\":\"es\",\"potentialAction\":[{\"@type\":\"ReadAction\",\"target\":[\"https:\/\/masquenoticias.mx\/index.php\/2024\/05\/03\/mariela-salas-es-la-primera-mujer-en-presidir-canirac-colima\/\"]}]},{\"@type\":\"ImageObject\",\"inLanguage\":\"es\",\"@id\":\"https:\/\/masquenoticias.mx\/index.php\/2024\/05\/03\/mariela-salas-es-la-primera-mujer-en-presidir-canirac-colima\/#primaryimage\",\"url\":\"https:\/\/i0.wp.com\/masquenoticias.mx\/wp-content\/uploads\/2024\/05\/Mariela-Salas.png?fit=766%2C471&ssl=1\",\"contentUrl\":\"https:\/\/i0.wp.com\/masquenoticias.mx\/wp-content\/uploads\/2024\/05\/Mariela-Salas.png?fit=766%2C471&ssl=1\",\"width\":766,\"height\":471},{\"@type\":\"BreadcrumbList\",\"@id\":\"https:\/\/masquenoticias.mx\/index.php\/2024\/05\/03\/mariela-salas-es-la-primera-mujer-en-presidir-canirac-colima\/#breadcrumb\",\"itemListElement\":[{\"@type\":\"ListItem\",\"position\":1,\"name\":\"Inicio\",\"item\":\"https:\/\/masquenoticias.mx\/\"},{\"@type\":\"ListItem\",\"position\":2,\"name\":\"Mariela Salas es la primera mujer en presidir Canirac Colima\"}]},{\"@type\":\"WebSite\",\"@id\":\"https:\/\/masquenoticias.mx\/#website\",\"url\":\"https:\/\/masquenoticias.mx\/\",\"name\":\"M\u00e1s Que Noticias\",\"description\":\"Noticias de Colima, M\u00e9xico y el Mundo\",\"publisher\":{\"@id\":\"https:\/\/masquenoticias.mx\/#organization\"},\"potentialAction\":[{\"@type\":\"SearchAction\",\"target\":{\"@type\":\"EntryPoint\",\"urlTemplate\":\"https:\/\/masquenoticias.mx\/?s={search_term_string}\"},\"query-input\":{\"@type\":\"PropertyValueSpecification\",\"valueRequired\":true,\"valueName\":\"search_term_string\"}}],\"inLanguage\":\"es\"},{\"@type\":\"Organization\",\"@id\":\"https:\/\/masquenoticias.mx\/#organization\",\"name\":\"M\u00e1s Que Noticias\",\"url\":\"https:\/\/masquenoticias.mx\/\",\"logo\":{\"@type\":\"ImageObject\",\"inLanguage\":\"es\",\"@id\":\"https:\/\/masquenoticias.mx\/#\/schema\/logo\/image\/\",\"url\":\"https:\/\/i0.wp.com\/masquenoticias.mx\/wp-content\/uploads\/2024\/04\/IMG_0004.png?fit=2560%2C1656&ssl=1\",\"contentUrl\":\"https:\/\/i0.wp.com\/masquenoticias.mx\/wp-content\/uploads\/2024\/04\/IMG_0004.png?fit=2560%2C1656&ssl=1\",\"width\":2560,\"height\":1656,\"caption\":\"M\u00e1s Que Noticias\"},\"image\":{\"@id\":\"https:\/\/masquenoticias.mx\/#\/schema\/logo\/image\/\"},\"sameAs\":[\"https:\/\/www.facebook.com\/masquenoticiascolima\",\"https:\/\/x.com\/edgartove\",\"https:\/\/www.instagram.com\/masquenoticiascolima\/\"]},{\"@type\":\"Person\",\"@id\":\"https:\/\/masquenoticias.mx\/#\/schema\/person\/544d19989ef23d34615f691f7a96e622\",\"name\":\"Redacci\u00f3n\",\"image\":{\"@type\":\"ImageObject\",\"inLanguage\":\"es\",\"@id\":\"https:\/\/masquenoticias.mx\/#\/schema\/person\/image\/\",\"url\":\"https:\/\/secure.gravatar.com\/avatar\/7fcc926d5b058d3f3d52d95b4d05dd58?s=96&d=mm&r=g\",\"contentUrl\":\"https:\/\/secure.gravatar.com\/avatar\/7fcc926d5b058d3f3d52d95b4d05dd58?s=96&d=mm&r=g\",\"caption\":\"Redacci\u00f3n\"},\"sameAs\":[\"http:\/\/masquenoticias.mx\"],\"url\":\"https:\/\/masquenoticias.mx\/index.php\/author\/edgartovegmail-com\/\"}]}<\/script>\n<!-- \/ Yoast SEO plugin. -->","yoast_head_json":{"title":"Mariela Salas es la primera mujer en presidir Canirac Colima - M\u00e1s Que Noticias","description":"Mariela Salas es la nueva presidenta de la C\u00e1mara Nacional de Restaurantes y Alimentos Condimentados (CANICAR) Colima, es adem\u00e1s la primera mujer en presidir esta organizaci\u00f3n empresarial.","robots":{"index":"index","follow":"follow","max-snippet":"max-snippet:-1","max-image-preview":"max-image-preview:large","max-video-preview":"max-video-preview:-1"},"canonical":"https:\/\/masquenoticias.mx\/index.php\/2024\/05\/03\/mariela-salas-es-la-primera-mujer-en-presidir-canirac-colima\/","og_locale":"es_MX","og_type":"article","og_title":"Mariela Salas es la primera mujer en presidir Canirac Colima - M\u00e1s Que Noticias","og_description":"Mariela Salas es la nueva presidenta de la C\u00e1mara Nacional de Restaurantes y Alimentos Condimentados (CANICAR) Colima, es adem\u00e1s la primera mujer en presidir esta organizaci\u00f3n empresarial.","og_url":"https:\/\/masquenoticias.mx\/index.php\/2024\/05\/03\/mariela-salas-es-la-primera-mujer-en-presidir-canirac-colima\/","og_site_name":"M\u00e1s Que Noticias","article_publisher":"https:\/\/www.facebook.com\/masquenoticiascolima","article_published_time":"2024-05-04T01:36:52+00:00","article_modified_time":"2024-05-04T01:43:36+00:00","og_image":[{"width":766,"height":471,"url":"https:\/\/masquenoticias.mx\/wp-content\/uploads\/2024\/05\/Mariela-Salas.png","type":"image\/png"}],"author":"Redacci\u00f3n","twitter_card":"summary_large_image","twitter_creator":"@edgartove","twitter_site":"@edgartove","twitter_misc":{"Escrito por":"Redacci\u00f3n","Tiempo de lectura":"2 minutos"},"schema":{"@context":"https:\/\/schema.org","@graph":[{"@type":"Article","@id":"https:\/\/masquenoticias.mx\/index.php\/2024\/05\/03\/mariela-salas-es-la-primera-mujer-en-presidir-canirac-colima\/#article","isPartOf":{"@id":"https:\/\/masquenoticias.mx\/index.php\/2024\/05\/03\/mariela-salas-es-la-primera-mujer-en-presidir-canirac-colima\/"},"author":{"name":"Redacci\u00f3n","@id":"https:\/\/masquenoticias.mx\/#\/schema\/person\/544d19989ef23d34615f691f7a96e622"},"headline":"Mariela Salas es la primera mujer en presidir Canirac Colima","datePublished":"2024-05-04T01:36:52+00:00","dateModified":"2024-05-04T01:43:36+00:00","mainEntityOfPage":{"@id":"https:\/\/masquenoticias.mx\/index.php\/2024\/05\/03\/mariela-salas-es-la-primera-mujer-en-presidir-canirac-colima\/"},"wordCount":293,"commentCount":0,"publisher":{"@id":"https:\/\/masquenoticias.mx\/#organization"},"image":{"@id":"https:\/\/masquenoticias.mx\/index.php\/2024\/05\/03\/mariela-salas-es-la-primera-mujer-en-presidir-canirac-colima\/#primaryimage"},"thumbnailUrl":"https:\/\/i0.wp.com\/masquenoticias.mx\/wp-content\/uploads\/2024\/05\/Mariela-Salas.png?fit=766%2C471&ssl=1","keywords":["CANIRAC","Mariela Salas"],"articleSection":["Municipios"],"inLanguage":"es","potentialAction":[{"@type":"CommentAction","name":"Comment","target":["https:\/\/masquenoticias.mx\/index.php\/2024\/05\/03\/mariela-salas-es-la-primera-mujer-en-presidir-canirac-colima\/#respond"]}]},{"@type":"WebPage","@id":"https:\/\/masquenoticias.mx\/index.php\/2024\/05\/03\/mariela-salas-es-la-primera-mujer-en-presidir-canirac-colima\/","url":"https:\/\/masquenoticias.mx\/index.php\/2024\/05\/03\/mariela-salas-es-la-primera-mujer-en-presidir-canirac-colima\/","name":"Mariela Salas es la primera mujer en presidir Canirac Colima - M\u00e1s Que Noticias","isPartOf":{"@id":"https:\/\/masquenoticias.mx\/#website"},"primaryImageOfPage":{"@id":"https:\/\/masquenoticias.mx\/index.php\/2024\/05\/03\/mariela-salas-es-la-primera-mujer-en-presidir-canirac-colima\/#primaryimage"},"image":{"@id":"https:\/\/masquenoticias.mx\/index.php\/2024\/05\/03\/mariela-salas-es-la-primera-mujer-en-presidir-canirac-colima\/#primaryimage"},"thumbnailUrl":"https:\/\/i0.wp.com\/masquenoticias.mx\/wp-content\/uploads\/2024\/05\/Mariela-Salas.png?fit=766%2C471&ssl=1","datePublished":"2024-05-04T01:36:52+00:00","dateModified":"2024-05-04T01:43:36+00:00","description":"Mariela Salas es la nueva presidenta de la C\u00e1mara Nacional de Restaurantes y Alimentos Condimentados (CANICAR) Colima, es adem\u00e1s la primera mujer en presidir esta organizaci\u00f3n empresarial.","breadcrumb":{"@id":"https:\/\/masquenoticias.mx\/index.php\/2024\/05\/03\/mariela-salas-es-la-primera-mujer-en-presidir-canirac-colima\/#breadcrumb"},"inLanguage":"es","potentialAction":[{"@type":"ReadAction","target":["https:\/\/masquenoticias.mx\/index.php\/2024\/05\/03\/mariela-salas-es-la-primera-mujer-en-presidir-canirac-colima\/"]}]},{"@type":"ImageObject","inLanguage":"es","@id":"https:\/\/masquenoticias.mx\/index.php\/2024\/05\/03\/mariela-salas-es-la-primera-mujer-en-presidir-canirac-colima\/#primaryimage","url":"https:\/\/i0.wp.com\/masquenoticias.mx\/wp-content\/uploads\/2024\/05\/Mariela-Salas.png?fit=766%2C471&ssl=1","contentUrl":"https:\/\/i0.wp.com\/masquenoticias.mx\/wp-content\/uploads\/2024\/05\/Mariela-Salas.png?fit=766%2C471&ssl=1","width":766,"height":471},{"@type":"BreadcrumbList","@id":"https:\/\/masquenoticias.mx\/index.php\/2024\/05\/03\/mariela-salas-es-la-primera-mujer-en-presidir-canirac-colima\/#breadcrumb","itemListElement":[{"@type":"ListItem","position":1,"name":"Inicio","item":"https:\/\/masquenoticias.mx\/"},{"@type":"ListItem","position":2,"name":"Mariela Salas es la primera mujer en presidir Canirac Colima"}]},{"@type":"WebSite","@id":"https:\/\/masquenoticias.mx\/#website","url":"https:\/\/masquenoticias.mx\/","name":"M\u00e1s Que Noticias","description":"Noticias de Colima, M\u00e9xico y el Mundo","publisher":{"@id":"https:\/\/masquenoticias.mx\/#organization"},"potentialAction":[{"@type":"SearchAction","target":{"@type":"EntryPoint","urlTemplate":"https:\/\/masquenoticias.mx\/?s={search_term_string}"},"query-input":{"@type":"PropertyValueSpecification","valueRequired":true,"valueName":"search_term_string"}}],"inLanguage":"es"},{"@type":"Organization","@id":"https:\/\/masquenoticias.mx\/#organization","name":"M\u00e1s Que Noticias","url":"https:\/\/masquenoticias.mx\/","logo":{"@type":"ImageObject","inLanguage":"es","@id":"https:\/\/masquenoticias.mx\/#\/schema\/logo\/image\/","url":"https:\/\/i0.wp.com\/masquenoticias.mx\/wp-content\/uploads\/2024\/04\/IMG_0004.png?fit=2560%2C1656&ssl=1","contentUrl":"https:\/\/i0.wp.com\/masquenoticias.mx\/wp-content\/uploads\/2024\/04\/IMG_0004.png?fit=2560%2C1656&ssl=1","width":2560,"height":1656,"caption":"M\u00e1s Que Noticias"},"image":{"@id":"https:\/\/masquenoticias.mx\/#\/schema\/logo\/image\/"},"sameAs":["https:\/\/www.facebook.com\/masquenoticiascolima","https:\/\/x.com\/edgartove","https:\/\/www.instagram.com\/masquenoticiascolima\/"]},{"@type":"Person","@id":"https:\/\/masquenoticias.mx\/#\/schema\/person\/544d19989ef23d34615f691f7a96e622","name":"Redacci\u00f3n","image":{"@type":"ImageObject","inLanguage":"es","@id":"https:\/\/masquenoticias.mx\/#\/schema\/person\/image\/","url":"https:\/\/secure.gravatar.com\/avatar\/7fcc926d5b058d3f3d52d95b4d05dd58?s=96&d=mm&r=g","contentUrl":"https:\/\/secure.gravatar.com\/avatar\/7fcc926d5b058d3f3d52d95b4d05dd58?s=96&d=mm&r=g","caption":"Redacci\u00f3n"},"sameAs":["http:\/\/masquenoticias.mx"],"url":"https:\/\/masquenoticias.mx\/index.php\/author\/edgartovegmail-com\/"}]}},"jetpack_featured_media_url":"https:\/\/i0.wp.com\/masquenoticias.mx\/wp-content\/uploads\/2024\/05\/Mariela-Salas.png?fit=766%2C471&ssl=1","blog_post_layout_featured_media_urls":{"thumbnail":["https:\/\/i0.wp.com\/masquenoticias.mx\/wp-content\/uploads\/2024\/05\/Mariela-Salas.png?resize=150%2C150&ssl=1",150,150,true],"full":["https:\/\/i0.wp.com\/masquenoticias.mx\/wp-content\/uploads\/2024\/05\/Mariela-Salas.png?fit=766%2C471&ssl=1",766,471,false]},"categories_names":{"28":{"name":"Municipios","link":"https:\/\/masquenoticias.mx\/index.php\/category\/municipios\/"}},"tags_names":{"326":{"name":"CANIRAC","link":"https:\/\/masquenoticias.mx\/index.php\/tag\/canirac\/"},"502":{"name":"Mariela Salas","link":"https:\/\/masquenoticias.mx\/index.php\/tag\/mariela-salas\/"}},"comments_number":"0","wpmagazine_modules_lite_featured_media_urls":{"thumbnail":["https:\/\/i0.wp.com\/masquenoticias.mx\/wp-content\/uploads\/2024\/05\/Mariela-Salas.png?resize=150%2C150&ssl=1",150,150,true],"cvmm-medium":["https:\/\/i0.wp.com\/masquenoticias.mx\/wp-content\/uploads\/2024\/05\/Mariela-Salas.png?resize=300%2C300&ssl=1",300,300,true],"cvmm-medium-plus":["https:\/\/i0.wp.com\/masquenoticias.mx\/wp-content\/uploads\/2024\/05\/Mariela-Salas.png?resize=305%2C207&ssl=1",305,207,true],"cvmm-portrait":["https:\/\/i0.wp.com\/masquenoticias.mx\/wp-content\/uploads\/2024\/05\/Mariela-Salas.png?resize=400%2C471&ssl=1",400,471,true],"cvmm-medium-square":["https:\/\/i0.wp.com\/masquenoticias.mx\/wp-content\/uploads\/2024\/05\/Mariela-Salas.png?resize=600%2C471&ssl=1",600,471,true],"cvmm-large":["https:\/\/i0.wp.com\/masquenoticias.mx\/wp-content\/uploads\/2024\/05\/Mariela-Salas.png?resize=766%2C471&ssl=1",766,471,true],"cvmm-small":["https:\/\/i0.wp.com\/masquenoticias.mx\/wp-content\/uploads\/2024\/05\/Mariela-Salas.png?resize=130%2C95&ssl=1",130,95,true],"full":["https:\/\/i0.wp.com\/masquenoticias.mx\/wp-content\/uploads\/2024\/05\/Mariela-Salas.png?fit=766%2C471&ssl=1",766,471,false]},"jetpack-related-posts":[],"jetpack_sharing_enabled":true,"jetpack_likes_enabled":true,"jetpack_shortlink":"https:\/\/wp.me\/pf7pkt-2b0","_links":{"self":[{"href":"https:\/\/masquenoticias.mx\/index.php\/wp-json\/wp\/v2\/posts\/8370","targetHints":{"allow":["GET"]}}],"collection":[{"href":"https:\/\/masquenoticias.mx\/index.php\/wp-json\/wp\/v2\/posts"}],"about":[{"href":"https:\/\/masquenoticias.mx\/index.php\/wp-json\/wp\/v2\/types\/post"}],"author":[{"embeddable":true,"href":"https:\/\/masquenoticias.mx\/index.php\/wp-json\/wp\/v2\/users\/1"}],"replies":[{"embeddable":true,"href":"https:\/\/masquenoticias.mx\/index.php\/wp-json\/wp\/v2\/comments?post=8370"}],"version-history":[{"count":3,"href":"https:\/\/masquenoticias.mx\/index.php\/wp-json\/wp\/v2\/posts\/8370\/revisions"}],"predecessor-version":[{"id":8374,"href":"https:\/\/masquenoticias.mx\/index.php\/wp-json\/wp\/v2\/posts\/8370\/revisions\/8374"}],"wp:featuredmedia":[{"embeddable":true,"href":"https:\/\/masquenoticias.mx\/index.php\/wp-json\/wp\/v2\/media\/8371"}],"wp:attachment":[{"href":"https:\/\/masquenoticias.mx\/index.php\/wp-json\/wp\/v2\/media?parent=8370"}],"wp:term":[{"taxonomy":"category","embeddable":true,"href":"https:\/\/masquenoticias.mx\/index.php\/wp-json\/wp\/v2\/categories?post=8370"},{"taxonomy":"post_tag","embeddable":true,"href":"https:\/\/masquenoticias.mx\/index.php\/wp-json\/wp\/v2\/tags?post=8370"}],"curies":[{"name":"wp","href":"https:\/\/api.w.org\/{rel}","templated":true}]}}