{"id":808,"date":"2023-04-11T13:37:27","date_gmt":"2023-04-11T19:37:27","guid":{"rendered":"https:\/\/masquenoticias.mx\/?p=808"},"modified":"2023-04-11T13:37:27","modified_gmt":"2023-04-11T19:37:27","slug":"gobernadora-asistio-a-entrega-de-tarjetas-para-personas-adultas-mayores","status":"publish","type":"post","link":"https:\/\/masquenoticias.mx\/index.php\/2023\/04\/11\/gobernadora-asistio-a-entrega-de-tarjetas-para-personas-adultas-mayores\/","title":{"rendered":"Gobernadora asisti\u00f3 a entrega de tarjetas para personas adultas mayores"},"content":{"rendered":"<p>Este martes, la gobernadora del estado de Colima, Indira Vizca\u00edno Silva, acudi\u00f3 a la entrega de tarjetas del Banco del Bienestar para Personas Adultas Mayores, en el Conalep en Manzanillo, donde la delegada de Programas para el Bienestar del Gobierno de M\u00e9xico, Viridiana Valencia Vargas, record\u00f3 que esta pensi\u00f3n ha ido aumentando hasta llegar hoy en d\u00eda a 4 mil 800 pesos; dijo que el presidente de M\u00e9xico, Andr\u00e9s Manuel L\u00f3pez Obrador, se comprometi\u00f3 a que el pr\u00f3ximo a\u00f1o este beneficio llegar\u00e1 a 6 mil pesos, &#8220;es un objetivo del presidente poner a las personas al centro, siempre el bienestar antes que todo&#8221;.<\/p>\n<p>A su vez, Rosi Bayardo Cabrera, directora general del DIF Estatal Colima, destac\u00f3 que la gobernadora Indira Vizca\u00edno Silva ve a Manzanillo como el epicentro de la Transformaci\u00f3n: &#8220;prueba de ello son todas las acciones que est\u00e1n ocurriendo desde su gobierno; como recuperar los centros de salud, abastecerlos de medicamentos, la apertura de la carretera transvolc\u00e1nica, el mantenimiento a las carreteras estatales y la coordinaci\u00f3n que ha tenido con el gobierno federal que encabeza Andr\u00e9s Manuel L\u00f3pez Obrador&#8221;.<\/p>\n","protected":false},"excerpt":{"rendered":"<p>Este martes, la gobernadora del estado de Colima, Indira Vizca\u00edno Silva, acudi\u00f3 a la entrega de tarjetas del Banco del Bienestar para Personas Adultas Mayores, en el Conalep en Manzanillo, donde la delegada de Programas para el Bienestar del Gobierno de M\u00e9xico, Viridiana Valencia Vargas, record\u00f3 que esta pensi\u00f3n ha ido aumentando hasta llegar hoy [&hellip;]<\/p>\n","protected":false},"author":1,"featured_media":809,"comment_status":"open","ping_status":"open","sticky":false,"template":"","format":"standard","meta":{"_jetpack_memberships_contains_paid_content":false,"footnotes":""},"categories":[24],"tags":[26],"class_list":["post-808","post","type-post","status-publish","format-standard","has-post-thumbnail","hentry","category-estado","tag-indira-vizcaino"],"yoast_head":"<!-- This site is optimized with the Yoast SEO plugin v26.6 - https:\/\/yoast.com\/wordpress\/plugins\/seo\/ -->\n<title>Gobernadora asisti\u00f3 a entrega de tarjetas para personas adultas mayores - M\u00e1s Que Noticias<\/title>\n<meta name=\"robots\" content=\"index, follow, max-snippet:-1, max-image-preview:large, max-video-preview:-1\" \/>\n<link rel=\"canonical\" href=\"https:\/\/masquenoticias.mx\/index.php\/2023\/04\/11\/gobernadora-asistio-a-entrega-de-tarjetas-para-personas-adultas-mayores\/\" \/>\n<meta property=\"og:locale\" content=\"es_MX\" \/>\n<meta property=\"og:type\" content=\"article\" \/>\n<meta property=\"og:title\" content=\"Gobernadora asisti\u00f3 a entrega de tarjetas para personas adultas mayores - M\u00e1s Que Noticias\" \/>\n<meta property=\"og:description\" content=\"Este martes, la gobernadora del estado de Colima, Indira Vizca\u00edno Silva, acudi\u00f3 a la entrega de tarjetas del Banco del Bienestar para Personas Adultas Mayores, en el Conalep en Manzanillo, donde la delegada de Programas para el Bienestar del Gobierno de M\u00e9xico, Viridiana Valencia Vargas, record\u00f3 que esta pensi\u00f3n ha ido aumentando hasta llegar hoy [&hellip;]\" \/>\n<meta property=\"og:url\" content=\"https:\/\/masquenoticias.mx\/index.php\/2023\/04\/11\/gobernadora-asistio-a-entrega-de-tarjetas-para-personas-adultas-mayores\/\" \/>\n<meta property=\"og:site_name\" content=\"M\u00e1s Que Noticias\" \/>\n<meta property=\"article:publisher\" content=\"https:\/\/www.facebook.com\/masquenoticiascolima\" \/>\n<meta property=\"article:published_time\" content=\"2023-04-11T19:37:27+00:00\" \/>\n<meta property=\"og:image\" content=\"https:\/\/i0.wp.com\/masquenoticias.mx\/wp-content\/uploads\/2023\/04\/WhatsApp-Image-2023-04-11-at-1.22.40-PM.jpeg?fit=1280%2C845&ssl=1\" \/>\n\t<meta property=\"og:image:width\" content=\"1280\" \/>\n\t<meta property=\"og:image:height\" content=\"845\" \/>\n\t<meta property=\"og:image:type\" content=\"image\/jpeg\" \/>\n<meta name=\"author\" content=\"Redacci\u00f3n\" \/>\n<meta name=\"twitter:card\" content=\"summary_large_image\" \/>\n<meta name=\"twitter:creator\" content=\"@edgartove\" \/>\n<meta name=\"twitter:site\" content=\"@edgartove\" \/>\n<meta name=\"twitter:label1\" content=\"Escrito por\" \/>\n\t<meta name=\"twitter:data1\" content=\"Redacci\u00f3n\" \/>\n\t<meta name=\"twitter:label2\" content=\"Tiempo de lectura\" \/>\n\t<meta name=\"twitter:data2\" content=\"1 minuto\" \/>\n<script type=\"application\/ld+json\" class=\"yoast-schema-graph\">{\"@context\":\"https:\/\/schema.org\",\"@graph\":[{\"@type\":\"Article\",\"@id\":\"https:\/\/masquenoticias.mx\/index.php\/2023\/04\/11\/gobernadora-asistio-a-entrega-de-tarjetas-para-personas-adultas-mayores\/#article\",\"isPartOf\":{\"@id\":\"https:\/\/masquenoticias.mx\/index.php\/2023\/04\/11\/gobernadora-asistio-a-entrega-de-tarjetas-para-personas-adultas-mayores\/\"},\"author\":{\"name\":\"Redacci\u00f3n\",\"@id\":\"https:\/\/masquenoticias.mx\/#\/schema\/person\/544d19989ef23d34615f691f7a96e622\"},\"headline\":\"Gobernadora asisti\u00f3 a entrega de tarjetas para personas adultas mayores\",\"datePublished\":\"2023-04-11T19:37:27+00:00\",\"mainEntityOfPage\":{\"@id\":\"https:\/\/masquenoticias.mx\/index.php\/2023\/04\/11\/gobernadora-asistio-a-entrega-de-tarjetas-para-personas-adultas-mayores\/\"},\"wordCount\":204,\"commentCount\":0,\"publisher\":{\"@id\":\"https:\/\/masquenoticias.mx\/#organization\"},\"image\":{\"@id\":\"https:\/\/masquenoticias.mx\/index.php\/2023\/04\/11\/gobernadora-asistio-a-entrega-de-tarjetas-para-personas-adultas-mayores\/#primaryimage\"},\"thumbnailUrl\":\"https:\/\/i0.wp.com\/masquenoticias.mx\/wp-content\/uploads\/2023\/04\/WhatsApp-Image-2023-04-11-at-1.22.40-PM.jpeg?fit=1280%2C845&ssl=1\",\"keywords\":[\"Indira Vizca\u00edno\"],\"articleSection\":[\"Estado\"],\"inLanguage\":\"es\",\"potentialAction\":[{\"@type\":\"CommentAction\",\"name\":\"Comment\",\"target\":[\"https:\/\/masquenoticias.mx\/index.php\/2023\/04\/11\/gobernadora-asistio-a-entrega-de-tarjetas-para-personas-adultas-mayores\/#respond\"]}]},{\"@type\":\"WebPage\",\"@id\":\"https:\/\/masquenoticias.mx\/index.php\/2023\/04\/11\/gobernadora-asistio-a-entrega-de-tarjetas-para-personas-adultas-mayores\/\",\"url\":\"https:\/\/masquenoticias.mx\/index.php\/2023\/04\/11\/gobernadora-asistio-a-entrega-de-tarjetas-para-personas-adultas-mayores\/\",\"name\":\"Gobernadora asisti\u00f3 a entrega de tarjetas para personas adultas mayores - M\u00e1s Que Noticias\",\"isPartOf\":{\"@id\":\"https:\/\/masquenoticias.mx\/#website\"},\"primaryImageOfPage\":{\"@id\":\"https:\/\/masquenoticias.mx\/index.php\/2023\/04\/11\/gobernadora-asistio-a-entrega-de-tarjetas-para-personas-adultas-mayores\/#primaryimage\"},\"image\":{\"@id\":\"https:\/\/masquenoticias.mx\/index.php\/2023\/04\/11\/gobernadora-asistio-a-entrega-de-tarjetas-para-personas-adultas-mayores\/#primaryimage\"},\"thumbnailUrl\":\"https:\/\/i0.wp.com\/masquenoticias.mx\/wp-content\/uploads\/2023\/04\/WhatsApp-Image-2023-04-11-at-1.22.40-PM.jpeg?fit=1280%2C845&ssl=1\",\"datePublished\":\"2023-04-11T19:37:27+00:00\",\"breadcrumb\":{\"@id\":\"https:\/\/masquenoticias.mx\/index.php\/2023\/04\/11\/gobernadora-asistio-a-entrega-de-tarjetas-para-personas-adultas-mayores\/#breadcrumb\"},\"inLanguage\":\"es\",\"potentialAction\":[{\"@type\":\"ReadAction\",\"target\":[\"https:\/\/masquenoticias.mx\/index.php\/2023\/04\/11\/gobernadora-asistio-a-entrega-de-tarjetas-para-personas-adultas-mayores\/\"]}]},{\"@type\":\"ImageObject\",\"inLanguage\":\"es\",\"@id\":\"https:\/\/masquenoticias.mx\/index.php\/2023\/04\/11\/gobernadora-asistio-a-entrega-de-tarjetas-para-personas-adultas-mayores\/#primaryimage\",\"url\":\"https:\/\/i0.wp.com\/masquenoticias.mx\/wp-content\/uploads\/2023\/04\/WhatsApp-Image-2023-04-11-at-1.22.40-PM.jpeg?fit=1280%2C845&ssl=1\",\"contentUrl\":\"https:\/\/i0.wp.com\/masquenoticias.mx\/wp-content\/uploads\/2023\/04\/WhatsApp-Image-2023-04-11-at-1.22.40-PM.jpeg?fit=1280%2C845&ssl=1\",\"width\":1280,\"height\":845},{\"@type\":\"BreadcrumbList\",\"@id\":\"https:\/\/masquenoticias.mx\/index.php\/2023\/04\/11\/gobernadora-asistio-a-entrega-de-tarjetas-para-personas-adultas-mayores\/#breadcrumb\",\"itemListElement\":[{\"@type\":\"ListItem\",\"position\":1,\"name\":\"Inicio\",\"item\":\"https:\/\/masquenoticias.mx\/\"},{\"@type\":\"ListItem\",\"position\":2,\"name\":\"Gobernadora asisti\u00f3 a entrega de tarjetas para personas adultas mayores\"}]},{\"@type\":\"WebSite\",\"@id\":\"https:\/\/masquenoticias.mx\/#website\",\"url\":\"https:\/\/masquenoticias.mx\/\",\"name\":\"M\u00e1s Que Noticias\",\"description\":\"Noticias de Colima, M\u00e9xico y el Mundo\",\"publisher\":{\"@id\":\"https:\/\/masquenoticias.mx\/#organization\"},\"potentialAction\":[{\"@type\":\"SearchAction\",\"target\":{\"@type\":\"EntryPoint\",\"urlTemplate\":\"https:\/\/masquenoticias.mx\/?s={search_term_string}\"},\"query-input\":{\"@type\":\"PropertyValueSpecification\",\"valueRequired\":true,\"valueName\":\"search_term_string\"}}],\"inLanguage\":\"es\"},{\"@type\":\"Organization\",\"@id\":\"https:\/\/masquenoticias.mx\/#organization\",\"name\":\"M\u00e1s Que Noticias\",\"url\":\"https:\/\/masquenoticias.mx\/\",\"logo\":{\"@type\":\"ImageObject\",\"inLanguage\":\"es\",\"@id\":\"https:\/\/masquenoticias.mx\/#\/schema\/logo\/image\/\",\"url\":\"https:\/\/i0.wp.com\/masquenoticias.mx\/wp-content\/uploads\/2024\/04\/IMG_0004.png?fit=2560%2C1656&ssl=1\",\"contentUrl\":\"https:\/\/i0.wp.com\/masquenoticias.mx\/wp-content\/uploads\/2024\/04\/IMG_0004.png?fit=2560%2C1656&ssl=1\",\"width\":2560,\"height\":1656,\"caption\":\"M\u00e1s Que Noticias\"},\"image\":{\"@id\":\"https:\/\/masquenoticias.mx\/#\/schema\/logo\/image\/\"},\"sameAs\":[\"https:\/\/www.facebook.com\/masquenoticiascolima\",\"https:\/\/x.com\/edgartove\",\"https:\/\/www.instagram.com\/masquenoticiascolima\/\"]},{\"@type\":\"Person\",\"@id\":\"https:\/\/masquenoticias.mx\/#\/schema\/person\/544d19989ef23d34615f691f7a96e622\",\"name\":\"Redacci\u00f3n\",\"image\":{\"@type\":\"ImageObject\",\"inLanguage\":\"es\",\"@id\":\"https:\/\/masquenoticias.mx\/#\/schema\/person\/image\/\",\"url\":\"https:\/\/secure.gravatar.com\/avatar\/7fcc926d5b058d3f3d52d95b4d05dd58?s=96&d=mm&r=g\",\"contentUrl\":\"https:\/\/secure.gravatar.com\/avatar\/7fcc926d5b058d3f3d52d95b4d05dd58?s=96&d=mm&r=g\",\"caption\":\"Redacci\u00f3n\"},\"sameAs\":[\"http:\/\/masquenoticias.mx\"],\"url\":\"https:\/\/masquenoticias.mx\/index.php\/author\/edgartovegmail-com\/\"}]}<\/script>\n<!-- \/ Yoast SEO plugin. -->","yoast_head_json":{"title":"Gobernadora asisti\u00f3 a entrega de tarjetas para personas adultas mayores - M\u00e1s Que Noticias","robots":{"index":"index","follow":"follow","max-snippet":"max-snippet:-1","max-image-preview":"max-image-preview:large","max-video-preview":"max-video-preview:-1"},"canonical":"https:\/\/masquenoticias.mx\/index.php\/2023\/04\/11\/gobernadora-asistio-a-entrega-de-tarjetas-para-personas-adultas-mayores\/","og_locale":"es_MX","og_type":"article","og_title":"Gobernadora asisti\u00f3 a entrega de tarjetas para personas adultas mayores - M\u00e1s Que Noticias","og_description":"Este martes, la gobernadora del estado de Colima, Indira Vizca\u00edno Silva, acudi\u00f3 a la entrega de tarjetas del Banco del Bienestar para Personas Adultas Mayores, en el Conalep en Manzanillo, donde la delegada de Programas para el Bienestar del Gobierno de M\u00e9xico, Viridiana Valencia Vargas, record\u00f3 que esta pensi\u00f3n ha ido aumentando hasta llegar hoy [&hellip;]","og_url":"https:\/\/masquenoticias.mx\/index.php\/2023\/04\/11\/gobernadora-asistio-a-entrega-de-tarjetas-para-personas-adultas-mayores\/","og_site_name":"M\u00e1s Que Noticias","article_publisher":"https:\/\/www.facebook.com\/masquenoticiascolima","article_published_time":"2023-04-11T19:37:27+00:00","og_image":[{"width":1280,"height":845,"url":"https:\/\/i0.wp.com\/masquenoticias.mx\/wp-content\/uploads\/2023\/04\/WhatsApp-Image-2023-04-11-at-1.22.40-PM.jpeg?fit=1280%2C845&ssl=1","type":"image\/jpeg"}],"author":"Redacci\u00f3n","twitter_card":"summary_large_image","twitter_creator":"@edgartove","twitter_site":"@edgartove","twitter_misc":{"Escrito por":"Redacci\u00f3n","Tiempo de lectura":"1 minuto"},"schema":{"@context":"https:\/\/schema.org","@graph":[{"@type":"Article","@id":"https:\/\/masquenoticias.mx\/index.php\/2023\/04\/11\/gobernadora-asistio-a-entrega-de-tarjetas-para-personas-adultas-mayores\/#article","isPartOf":{"@id":"https:\/\/masquenoticias.mx\/index.php\/2023\/04\/11\/gobernadora-asistio-a-entrega-de-tarjetas-para-personas-adultas-mayores\/"},"author":{"name":"Redacci\u00f3n","@id":"https:\/\/masquenoticias.mx\/#\/schema\/person\/544d19989ef23d34615f691f7a96e622"},"headline":"Gobernadora asisti\u00f3 a entrega de tarjetas para personas adultas mayores","datePublished":"2023-04-11T19:37:27+00:00","mainEntityOfPage":{"@id":"https:\/\/masquenoticias.mx\/index.php\/2023\/04\/11\/gobernadora-asistio-a-entrega-de-tarjetas-para-personas-adultas-mayores\/"},"wordCount":204,"commentCount":0,"publisher":{"@id":"https:\/\/masquenoticias.mx\/#organization"},"image":{"@id":"https:\/\/masquenoticias.mx\/index.php\/2023\/04\/11\/gobernadora-asistio-a-entrega-de-tarjetas-para-personas-adultas-mayores\/#primaryimage"},"thumbnailUrl":"https:\/\/i0.wp.com\/masquenoticias.mx\/wp-content\/uploads\/2023\/04\/WhatsApp-Image-2023-04-11-at-1.22.40-PM.jpeg?fit=1280%2C845&ssl=1","keywords":["Indira Vizca\u00edno"],"articleSection":["Estado"],"inLanguage":"es","potentialAction":[{"@type":"CommentAction","name":"Comment","target":["https:\/\/masquenoticias.mx\/index.php\/2023\/04\/11\/gobernadora-asistio-a-entrega-de-tarjetas-para-personas-adultas-mayores\/#respond"]}]},{"@type":"WebPage","@id":"https:\/\/masquenoticias.mx\/index.php\/2023\/04\/11\/gobernadora-asistio-a-entrega-de-tarjetas-para-personas-adultas-mayores\/","url":"https:\/\/masquenoticias.mx\/index.php\/2023\/04\/11\/gobernadora-asistio-a-entrega-de-tarjetas-para-personas-adultas-mayores\/","name":"Gobernadora asisti\u00f3 a entrega de tarjetas para personas adultas mayores - M\u00e1s Que Noticias","isPartOf":{"@id":"https:\/\/masquenoticias.mx\/#website"},"primaryImageOfPage":{"@id":"https:\/\/masquenoticias.mx\/index.php\/2023\/04\/11\/gobernadora-asistio-a-entrega-de-tarjetas-para-personas-adultas-mayores\/#primaryimage"},"image":{"@id":"https:\/\/masquenoticias.mx\/index.php\/2023\/04\/11\/gobernadora-asistio-a-entrega-de-tarjetas-para-personas-adultas-mayores\/#primaryimage"},"thumbnailUrl":"https:\/\/i0.wp.com\/masquenoticias.mx\/wp-content\/uploads\/2023\/04\/WhatsApp-Image-2023-04-11-at-1.22.40-PM.jpeg?fit=1280%2C845&ssl=1","datePublished":"2023-04-11T19:37:27+00:00","breadcrumb":{"@id":"https:\/\/masquenoticias.mx\/index.php\/2023\/04\/11\/gobernadora-asistio-a-entrega-de-tarjetas-para-personas-adultas-mayores\/#breadcrumb"},"inLanguage":"es","potentialAction":[{"@type":"ReadAction","target":["https:\/\/masquenoticias.mx\/index.php\/2023\/04\/11\/gobernadora-asistio-a-entrega-de-tarjetas-para-personas-adultas-mayores\/"]}]},{"@type":"ImageObject","inLanguage":"es","@id":"https:\/\/masquenoticias.mx\/index.php\/2023\/04\/11\/gobernadora-asistio-a-entrega-de-tarjetas-para-personas-adultas-mayores\/#primaryimage","url":"https:\/\/i0.wp.com\/masquenoticias.mx\/wp-content\/uploads\/2023\/04\/WhatsApp-Image-2023-04-11-at-1.22.40-PM.jpeg?fit=1280%2C845&ssl=1","contentUrl":"https:\/\/i0.wp.com\/masquenoticias.mx\/wp-content\/uploads\/2023\/04\/WhatsApp-Image-2023-04-11-at-1.22.40-PM.jpeg?fit=1280%2C845&ssl=1","width":1280,"height":845},{"@type":"BreadcrumbList","@id":"https:\/\/masquenoticias.mx\/index.php\/2023\/04\/11\/gobernadora-asistio-a-entrega-de-tarjetas-para-personas-adultas-mayores\/#breadcrumb","itemListElement":[{"@type":"ListItem","position":1,"name":"Inicio","item":"https:\/\/masquenoticias.mx\/"},{"@type":"ListItem","position":2,"name":"Gobernadora asisti\u00f3 a entrega de tarjetas para personas adultas mayores"}]},{"@type":"WebSite","@id":"https:\/\/masquenoticias.mx\/#website","url":"https:\/\/masquenoticias.mx\/","name":"M\u00e1s Que Noticias","description":"Noticias de Colima, M\u00e9xico y el Mundo","publisher":{"@id":"https:\/\/masquenoticias.mx\/#organization"},"potentialAction":[{"@type":"SearchAction","target":{"@type":"EntryPoint","urlTemplate":"https:\/\/masquenoticias.mx\/?s={search_term_string}"},"query-input":{"@type":"PropertyValueSpecification","valueRequired":true,"valueName":"search_term_string"}}],"inLanguage":"es"},{"@type":"Organization","@id":"https:\/\/masquenoticias.mx\/#organization","name":"M\u00e1s Que Noticias","url":"https:\/\/masquenoticias.mx\/","logo":{"@type":"ImageObject","inLanguage":"es","@id":"https:\/\/masquenoticias.mx\/#\/schema\/logo\/image\/","url":"https:\/\/i0.wp.com\/masquenoticias.mx\/wp-content\/uploads\/2024\/04\/IMG_0004.png?fit=2560%2C1656&ssl=1","contentUrl":"https:\/\/i0.wp.com\/masquenoticias.mx\/wp-content\/uploads\/2024\/04\/IMG_0004.png?fit=2560%2C1656&ssl=1","width":2560,"height":1656,"caption":"M\u00e1s Que Noticias"},"image":{"@id":"https:\/\/masquenoticias.mx\/#\/schema\/logo\/image\/"},"sameAs":["https:\/\/www.facebook.com\/masquenoticiascolima","https:\/\/x.com\/edgartove","https:\/\/www.instagram.com\/masquenoticiascolima\/"]},{"@type":"Person","@id":"https:\/\/masquenoticias.mx\/#\/schema\/person\/544d19989ef23d34615f691f7a96e622","name":"Redacci\u00f3n","image":{"@type":"ImageObject","inLanguage":"es","@id":"https:\/\/masquenoticias.mx\/#\/schema\/person\/image\/","url":"https:\/\/secure.gravatar.com\/avatar\/7fcc926d5b058d3f3d52d95b4d05dd58?s=96&d=mm&r=g","contentUrl":"https:\/\/secure.gravatar.com\/avatar\/7fcc926d5b058d3f3d52d95b4d05dd58?s=96&d=mm&r=g","caption":"Redacci\u00f3n"},"sameAs":["http:\/\/masquenoticias.mx"],"url":"https:\/\/masquenoticias.mx\/index.php\/author\/edgartovegmail-com\/"}]}},"jetpack_featured_media_url":"https:\/\/i0.wp.com\/masquenoticias.mx\/wp-content\/uploads\/2023\/04\/WhatsApp-Image-2023-04-11-at-1.22.40-PM.jpeg?fit=1280%2C845&ssl=1","blog_post_layout_featured_media_urls":{"thumbnail":["https:\/\/i0.wp.com\/masquenoticias.mx\/wp-content\/uploads\/2023\/04\/WhatsApp-Image-2023-04-11-at-1.22.40-PM.jpeg?resize=150%2C150&ssl=1",150,150,true],"full":["https:\/\/i0.wp.com\/masquenoticias.mx\/wp-content\/uploads\/2023\/04\/WhatsApp-Image-2023-04-11-at-1.22.40-PM.jpeg?fit=1280%2C845&ssl=1",1280,845,false]},"categories_names":{"24":{"name":"Estado","link":"https:\/\/masquenoticias.mx\/index.php\/category\/estado\/"}},"tags_names":{"26":{"name":"Indira Vizca\u00edno","link":"https:\/\/masquenoticias.mx\/index.php\/tag\/indira-vizcaino\/"}},"comments_number":"0","wpmagazine_modules_lite_featured_media_urls":{"thumbnail":["https:\/\/i0.wp.com\/masquenoticias.mx\/wp-content\/uploads\/2023\/04\/WhatsApp-Image-2023-04-11-at-1.22.40-PM.jpeg?resize=150%2C150&ssl=1",150,150,true],"cvmm-medium":["https:\/\/i0.wp.com\/masquenoticias.mx\/wp-content\/uploads\/2023\/04\/WhatsApp-Image-2023-04-11-at-1.22.40-PM.jpeg?resize=300%2C300&ssl=1",300,300,true],"cvmm-medium-plus":["https:\/\/i0.wp.com\/masquenoticias.mx\/wp-content\/uploads\/2023\/04\/WhatsApp-Image-2023-04-11-at-1.22.40-PM.jpeg?resize=305%2C207&ssl=1",305,207,true],"cvmm-portrait":["https:\/\/i0.wp.com\/masquenoticias.mx\/wp-content\/uploads\/2023\/04\/WhatsApp-Image-2023-04-11-at-1.22.40-PM.jpeg?resize=400%2C600&ssl=1",400,600,true],"cvmm-medium-square":["https:\/\/i0.wp.com\/masquenoticias.mx\/wp-content\/uploads\/2023\/04\/WhatsApp-Image-2023-04-11-at-1.22.40-PM.jpeg?resize=600%2C600&ssl=1",600,600,true],"cvmm-large":["https:\/\/i0.wp.com\/masquenoticias.mx\/wp-content\/uploads\/2023\/04\/WhatsApp-Image-2023-04-11-at-1.22.40-PM.jpeg?resize=1024%2C845&ssl=1",1024,845,true],"cvmm-small":["https:\/\/i0.wp.com\/masquenoticias.mx\/wp-content\/uploads\/2023\/04\/WhatsApp-Image-2023-04-11-at-1.22.40-PM.jpeg?resize=130%2C95&ssl=1",130,95,true],"full":["https:\/\/i0.wp.com\/masquenoticias.mx\/wp-content\/uploads\/2023\/04\/WhatsApp-Image-2023-04-11-at-1.22.40-PM.jpeg?fit=1280%2C845&ssl=1",1280,845,false]},"jetpack-related-posts":[],"jetpack_sharing_enabled":true,"jetpack_likes_enabled":true,"jetpack_shortlink":"https:\/\/wp.me\/pf7pkt-d2","_links":{"self":[{"href":"https:\/\/masquenoticias.mx\/index.php\/wp-json\/wp\/v2\/posts\/808","targetHints":{"allow":["GET"]}}],"collection":[{"href":"https:\/\/masquenoticias.mx\/index.php\/wp-json\/wp\/v2\/posts"}],"about":[{"href":"https:\/\/masquenoticias.mx\/index.php\/wp-json\/wp\/v2\/types\/post"}],"author":[{"embeddable":true,"href":"https:\/\/masquenoticias.mx\/index.php\/wp-json\/wp\/v2\/users\/1"}],"replies":[{"embeddable":true,"href":"https:\/\/masquenoticias.mx\/index.php\/wp-json\/wp\/v2\/comments?post=808"}],"version-history":[{"count":0,"href":"https:\/\/masquenoticias.mx\/index.php\/wp-json\/wp\/v2\/posts\/808\/revisions"}],"wp:featuredmedia":[{"embeddable":true,"href":"https:\/\/masquenoticias.mx\/index.php\/wp-json\/wp\/v2\/media\/809"}],"wp:attachment":[{"href":"https:\/\/masquenoticias.mx\/index.php\/wp-json\/wp\/v2\/media?parent=808"}],"wp:term":[{"taxonomy":"category","embeddable":true,"href":"https:\/\/masquenoticias.mx\/index.php\/wp-json\/wp\/v2\/categories?post=808"},{"taxonomy":"post_tag","embeddable":true,"href":"https:\/\/masquenoticias.mx\/index.php\/wp-json\/wp\/v2\/tags?post=808"}],"curies":[{"name":"wp","href":"https:\/\/api.w.org\/{rel}","templated":true}]}}