{"id":7681,"date":"2024-03-16T17:15:48","date_gmt":"2024-03-16T23:15:48","guid":{"rendered":"https:\/\/masquenoticias.mx\/?p=7681"},"modified":"2024-03-16T17:15:49","modified_gmt":"2024-03-16T23:15:49","slug":"acusa-mc-de-guerra-sucia-contra-sus-candidatas","status":"publish","type":"post","link":"https:\/\/masquenoticias.mx\/index.php\/2024\/03\/16\/acusa-mc-de-guerra-sucia-contra-sus-candidatas\/","title":{"rendered":"Acusa MC de guerra sucia contra sus candidatas"},"content":{"rendered":"\n<p>El Delegado Nacional de Movimiento Ciudadano en Colima, Benjam\u00edn Alamillo, asegur\u00f3 que interpondr\u00e1n una denuncia ante el Instituto Nacional Electoral para solicitar que de manera inmediata emita las medidas cautelares correspondientes, respecto a la guerra sucia en contra de la candidata de Movimiento Ciudadano al Senado Griselda Mart\u00ednez y la Secretaria del Ayuntamiento de Manzanillo, Martha Zepeda.<\/p>\n\n\n\n<p>Esto luego de que comenzaran a circular en varias partes del Estado y sobre todo en el municipio de Manzanillo, decenas de unidades de transporte p\u00fablico, con fotograf\u00edas de Griselda Mart\u00ednez y Martha Zepeda, junto al ex Gobernador Ignacio Peralta, con el mensaje: \u201cGriselda Mart\u00ednez y Martha traicionaron al Presidente Andr\u00e9s Manuel\u201d.<\/p>\n\n\n\n<p>\u201cEs una verdadera verg\u00fcenza que, a unos d\u00edas de haber iniciado las campa\u00f1as electorales, este sea el tono en el que se van a conducir. Es el tono de la mentira, de la difamaci\u00f3n, de la calumnia, y esto lo hacen porque no le tienen miedo al proyecto de Movimiento Ciudadano y al de Griselda Mart\u00ednez, le tienen pavor. pero nosotros no vamos a permitir que esto siga sucediendo en la contienda electoral, porque vamos a pedir que se investigue de d\u00f3nde sale todo este recurso que se utiliza en esta guerra sucia; es evidente que se est\u00e1n gastando el dinero de la gente en mentir y en difamar\u201d, asever\u00f3 Benjam\u00edn Alamillo.<\/p>\n\n\n\n<p>Dijo que las personas saben perfectamente qui\u00e9nes son Griselda Mart\u00ednez y Martha Zepeda, mujeres que a pesar de la violencia que han sufrido por parte de Morena, han salido adelante, demostrando que s\u00ed se puede hacer pol\u00edtica de pie y no de rodillas, sirviendo \u00fanicamente a los intereses de la gente.<\/p>\n\n\n\n<p>\u201cLo que les decimos a nuestros adversarios es que les vamos a ganar el pr\u00f3ximo 2 de junio y los vamos a mandar de donde nunca debieron haber salido, del basurero de la historia pol\u00edtica de este Estado\u201d, refiri\u00f3 Benjam\u00edn Alamillo.<\/p>\n","protected":false},"excerpt":{"rendered":"<p>El Delegado Nacional de Movimiento Ciudadano en Colima, Benjam\u00edn Alamillo, asegur\u00f3 que interpondr\u00e1n una denuncia ante el Instituto Nacional Electoral para solicitar que de manera inmediata emita las medidas cautelares correspondientes, respecto a la guerra sucia en contra de la candidata de Movimiento Ciudadano al Senado Griselda Mart\u00ednez y la Secretaria del Ayuntamiento de Manzanillo, [&hellip;]<\/p>\n","protected":false},"author":1,"featured_media":7680,"comment_status":"open","ping_status":"open","sticky":false,"template":"","format":"standard","meta":{"_jetpack_memberships_contains_paid_content":false,"footnotes":""},"categories":[468],"tags":[247,60],"class_list":["post-7681","post","type-post","status-publish","format-standard","has-post-thumbnail","hentry","category-elecciones-2024","tag-mc","tag-movimiento-ciudadano"],"yoast_head":"<!-- This site is optimized with the Yoast SEO plugin v26.6 - https:\/\/yoast.com\/wordpress\/plugins\/seo\/ -->\n<title>Acusa MC de guerra sucia contra sus candidatas - M\u00e1s Que Noticias<\/title>\n<meta name=\"robots\" content=\"index, follow, max-snippet:-1, max-image-preview:large, max-video-preview:-1\" \/>\n<link rel=\"canonical\" href=\"https:\/\/masquenoticias.mx\/index.php\/2024\/03\/16\/acusa-mc-de-guerra-sucia-contra-sus-candidatas\/\" \/>\n<meta property=\"og:locale\" content=\"es_MX\" \/>\n<meta property=\"og:type\" content=\"article\" \/>\n<meta property=\"og:title\" content=\"Acusa MC de guerra sucia contra sus candidatas - M\u00e1s Que Noticias\" \/>\n<meta property=\"og:description\" content=\"El Delegado Nacional de Movimiento Ciudadano en Colima, Benjam\u00edn Alamillo, asegur\u00f3 que interpondr\u00e1n una denuncia ante el Instituto Nacional Electoral para solicitar que de manera inmediata emita las medidas cautelares correspondientes, respecto a la guerra sucia en contra de la candidata de Movimiento Ciudadano al Senado Griselda Mart\u00ednez y la Secretaria del Ayuntamiento de Manzanillo, [&hellip;]\" \/>\n<meta property=\"og:url\" content=\"https:\/\/masquenoticias.mx\/index.php\/2024\/03\/16\/acusa-mc-de-guerra-sucia-contra-sus-candidatas\/\" \/>\n<meta property=\"og:site_name\" content=\"M\u00e1s Que Noticias\" \/>\n<meta property=\"article:publisher\" content=\"https:\/\/www.facebook.com\/masquenoticiascolima\" \/>\n<meta property=\"article:published_time\" content=\"2024-03-16T23:15:48+00:00\" \/>\n<meta property=\"article:modified_time\" content=\"2024-03-16T23:15:49+00:00\" \/>\n<meta property=\"og:image\" content=\"https:\/\/i0.wp.com\/masquenoticias.mx\/wp-content\/uploads\/2024\/03\/9a4c678e-082c-4f87-8e20-ada182f1bb55-1-jpg.webp?fit=1234%2C1280&ssl=1\" \/>\n\t<meta property=\"og:image:width\" content=\"1234\" \/>\n\t<meta property=\"og:image:height\" content=\"1280\" \/>\n\t<meta property=\"og:image:type\" content=\"image\/jpeg\" \/>\n<meta name=\"author\" content=\"Redacci\u00f3n\" \/>\n<meta name=\"twitter:card\" content=\"summary_large_image\" \/>\n<meta name=\"twitter:creator\" content=\"@edgartove\" \/>\n<meta name=\"twitter:site\" content=\"@edgartove\" \/>\n<meta name=\"twitter:label1\" content=\"Escrito por\" \/>\n\t<meta name=\"twitter:data1\" content=\"Redacci\u00f3n\" \/>\n\t<meta name=\"twitter:label2\" content=\"Tiempo de lectura\" \/>\n\t<meta name=\"twitter:data2\" content=\"2 minutos\" \/>\n<script type=\"application\/ld+json\" class=\"yoast-schema-graph\">{\"@context\":\"https:\/\/schema.org\",\"@graph\":[{\"@type\":\"Article\",\"@id\":\"https:\/\/masquenoticias.mx\/index.php\/2024\/03\/16\/acusa-mc-de-guerra-sucia-contra-sus-candidatas\/#article\",\"isPartOf\":{\"@id\":\"https:\/\/masquenoticias.mx\/index.php\/2024\/03\/16\/acusa-mc-de-guerra-sucia-contra-sus-candidatas\/\"},\"author\":{\"name\":\"Redacci\u00f3n\",\"@id\":\"https:\/\/masquenoticias.mx\/#\/schema\/person\/544d19989ef23d34615f691f7a96e622\"},\"headline\":\"Acusa MC de guerra sucia contra sus candidatas\",\"datePublished\":\"2024-03-16T23:15:48+00:00\",\"dateModified\":\"2024-03-16T23:15:49+00:00\",\"mainEntityOfPage\":{\"@id\":\"https:\/\/masquenoticias.mx\/index.php\/2024\/03\/16\/acusa-mc-de-guerra-sucia-contra-sus-candidatas\/\"},\"wordCount\":342,\"commentCount\":0,\"publisher\":{\"@id\":\"https:\/\/masquenoticias.mx\/#organization\"},\"image\":{\"@id\":\"https:\/\/masquenoticias.mx\/index.php\/2024\/03\/16\/acusa-mc-de-guerra-sucia-contra-sus-candidatas\/#primaryimage\"},\"thumbnailUrl\":\"https:\/\/i0.wp.com\/masquenoticias.mx\/wp-content\/uploads\/2024\/03\/9a4c678e-082c-4f87-8e20-ada182f1bb55-1-jpg.webp?fit=1234%2C1280&ssl=1\",\"keywords\":[\"MC\",\"Movimiento Ciudadano\"],\"articleSection\":[\"Elecciones 2024\"],\"inLanguage\":\"es\",\"potentialAction\":[{\"@type\":\"CommentAction\",\"name\":\"Comment\",\"target\":[\"https:\/\/masquenoticias.mx\/index.php\/2024\/03\/16\/acusa-mc-de-guerra-sucia-contra-sus-candidatas\/#respond\"]}]},{\"@type\":\"WebPage\",\"@id\":\"https:\/\/masquenoticias.mx\/index.php\/2024\/03\/16\/acusa-mc-de-guerra-sucia-contra-sus-candidatas\/\",\"url\":\"https:\/\/masquenoticias.mx\/index.php\/2024\/03\/16\/acusa-mc-de-guerra-sucia-contra-sus-candidatas\/\",\"name\":\"Acusa MC de guerra sucia contra sus candidatas - M\u00e1s Que Noticias\",\"isPartOf\":{\"@id\":\"https:\/\/masquenoticias.mx\/#website\"},\"primaryImageOfPage\":{\"@id\":\"https:\/\/masquenoticias.mx\/index.php\/2024\/03\/16\/acusa-mc-de-guerra-sucia-contra-sus-candidatas\/#primaryimage\"},\"image\":{\"@id\":\"https:\/\/masquenoticias.mx\/index.php\/2024\/03\/16\/acusa-mc-de-guerra-sucia-contra-sus-candidatas\/#primaryimage\"},\"thumbnailUrl\":\"https:\/\/i0.wp.com\/masquenoticias.mx\/wp-content\/uploads\/2024\/03\/9a4c678e-082c-4f87-8e20-ada182f1bb55-1-jpg.webp?fit=1234%2C1280&ssl=1\",\"datePublished\":\"2024-03-16T23:15:48+00:00\",\"dateModified\":\"2024-03-16T23:15:49+00:00\",\"breadcrumb\":{\"@id\":\"https:\/\/masquenoticias.mx\/index.php\/2024\/03\/16\/acusa-mc-de-guerra-sucia-contra-sus-candidatas\/#breadcrumb\"},\"inLanguage\":\"es\",\"potentialAction\":[{\"@type\":\"ReadAction\",\"target\":[\"https:\/\/masquenoticias.mx\/index.php\/2024\/03\/16\/acusa-mc-de-guerra-sucia-contra-sus-candidatas\/\"]}]},{\"@type\":\"ImageObject\",\"inLanguage\":\"es\",\"@id\":\"https:\/\/masquenoticias.mx\/index.php\/2024\/03\/16\/acusa-mc-de-guerra-sucia-contra-sus-candidatas\/#primaryimage\",\"url\":\"https:\/\/i0.wp.com\/masquenoticias.mx\/wp-content\/uploads\/2024\/03\/9a4c678e-082c-4f87-8e20-ada182f1bb55-1-jpg.webp?fit=1234%2C1280&ssl=1\",\"contentUrl\":\"https:\/\/i0.wp.com\/masquenoticias.mx\/wp-content\/uploads\/2024\/03\/9a4c678e-082c-4f87-8e20-ada182f1bb55-1-jpg.webp?fit=1234%2C1280&ssl=1\",\"width\":1234,\"height\":1280},{\"@type\":\"BreadcrumbList\",\"@id\":\"https:\/\/masquenoticias.mx\/index.php\/2024\/03\/16\/acusa-mc-de-guerra-sucia-contra-sus-candidatas\/#breadcrumb\",\"itemListElement\":[{\"@type\":\"ListItem\",\"position\":1,\"name\":\"Inicio\",\"item\":\"https:\/\/masquenoticias.mx\/\"},{\"@type\":\"ListItem\",\"position\":2,\"name\":\"Acusa MC de guerra sucia contra sus candidatas\"}]},{\"@type\":\"WebSite\",\"@id\":\"https:\/\/masquenoticias.mx\/#website\",\"url\":\"https:\/\/masquenoticias.mx\/\",\"name\":\"M\u00e1s Que Noticias\",\"description\":\"Noticias de Colima, M\u00e9xico y el Mundo\",\"publisher\":{\"@id\":\"https:\/\/masquenoticias.mx\/#organization\"},\"potentialAction\":[{\"@type\":\"SearchAction\",\"target\":{\"@type\":\"EntryPoint\",\"urlTemplate\":\"https:\/\/masquenoticias.mx\/?s={search_term_string}\"},\"query-input\":{\"@type\":\"PropertyValueSpecification\",\"valueRequired\":true,\"valueName\":\"search_term_string\"}}],\"inLanguage\":\"es\"},{\"@type\":\"Organization\",\"@id\":\"https:\/\/masquenoticias.mx\/#organization\",\"name\":\"M\u00e1s Que Noticias\",\"url\":\"https:\/\/masquenoticias.mx\/\",\"logo\":{\"@type\":\"ImageObject\",\"inLanguage\":\"es\",\"@id\":\"https:\/\/masquenoticias.mx\/#\/schema\/logo\/image\/\",\"url\":\"https:\/\/i0.wp.com\/masquenoticias.mx\/wp-content\/uploads\/2024\/04\/IMG_0004.png?fit=2560%2C1656&ssl=1\",\"contentUrl\":\"https:\/\/i0.wp.com\/masquenoticias.mx\/wp-content\/uploads\/2024\/04\/IMG_0004.png?fit=2560%2C1656&ssl=1\",\"width\":2560,\"height\":1656,\"caption\":\"M\u00e1s Que Noticias\"},\"image\":{\"@id\":\"https:\/\/masquenoticias.mx\/#\/schema\/logo\/image\/\"},\"sameAs\":[\"https:\/\/www.facebook.com\/masquenoticiascolima\",\"https:\/\/x.com\/edgartove\",\"https:\/\/www.instagram.com\/masquenoticiascolima\/\"]},{\"@type\":\"Person\",\"@id\":\"https:\/\/masquenoticias.mx\/#\/schema\/person\/544d19989ef23d34615f691f7a96e622\",\"name\":\"Redacci\u00f3n\",\"image\":{\"@type\":\"ImageObject\",\"inLanguage\":\"es\",\"@id\":\"https:\/\/masquenoticias.mx\/#\/schema\/person\/image\/\",\"url\":\"https:\/\/secure.gravatar.com\/avatar\/7fcc926d5b058d3f3d52d95b4d05dd58?s=96&d=mm&r=g\",\"contentUrl\":\"https:\/\/secure.gravatar.com\/avatar\/7fcc926d5b058d3f3d52d95b4d05dd58?s=96&d=mm&r=g\",\"caption\":\"Redacci\u00f3n\"},\"sameAs\":[\"http:\/\/masquenoticias.mx\"],\"url\":\"https:\/\/masquenoticias.mx\/index.php\/author\/edgartovegmail-com\/\"}]}<\/script>\n<!-- \/ Yoast SEO plugin. -->","yoast_head_json":{"title":"Acusa MC de guerra sucia contra sus candidatas - M\u00e1s Que Noticias","robots":{"index":"index","follow":"follow","max-snippet":"max-snippet:-1","max-image-preview":"max-image-preview:large","max-video-preview":"max-video-preview:-1"},"canonical":"https:\/\/masquenoticias.mx\/index.php\/2024\/03\/16\/acusa-mc-de-guerra-sucia-contra-sus-candidatas\/","og_locale":"es_MX","og_type":"article","og_title":"Acusa MC de guerra sucia contra sus candidatas - M\u00e1s Que Noticias","og_description":"El Delegado Nacional de Movimiento Ciudadano en Colima, Benjam\u00edn Alamillo, asegur\u00f3 que interpondr\u00e1n una denuncia ante el Instituto Nacional Electoral para solicitar que de manera inmediata emita las medidas cautelares correspondientes, respecto a la guerra sucia en contra de la candidata de Movimiento Ciudadano al Senado Griselda Mart\u00ednez y la Secretaria del Ayuntamiento de Manzanillo, [&hellip;]","og_url":"https:\/\/masquenoticias.mx\/index.php\/2024\/03\/16\/acusa-mc-de-guerra-sucia-contra-sus-candidatas\/","og_site_name":"M\u00e1s Que Noticias","article_publisher":"https:\/\/www.facebook.com\/masquenoticiascolima","article_published_time":"2024-03-16T23:15:48+00:00","article_modified_time":"2024-03-16T23:15:49+00:00","og_image":[{"width":1234,"height":1280,"url":"https:\/\/i0.wp.com\/masquenoticias.mx\/wp-content\/uploads\/2024\/03\/9a4c678e-082c-4f87-8e20-ada182f1bb55-1-jpg.webp?fit=1234%2C1280&ssl=1","type":"image\/jpeg"}],"author":"Redacci\u00f3n","twitter_card":"summary_large_image","twitter_creator":"@edgartove","twitter_site":"@edgartove","twitter_misc":{"Escrito por":"Redacci\u00f3n","Tiempo de lectura":"2 minutos"},"schema":{"@context":"https:\/\/schema.org","@graph":[{"@type":"Article","@id":"https:\/\/masquenoticias.mx\/index.php\/2024\/03\/16\/acusa-mc-de-guerra-sucia-contra-sus-candidatas\/#article","isPartOf":{"@id":"https:\/\/masquenoticias.mx\/index.php\/2024\/03\/16\/acusa-mc-de-guerra-sucia-contra-sus-candidatas\/"},"author":{"name":"Redacci\u00f3n","@id":"https:\/\/masquenoticias.mx\/#\/schema\/person\/544d19989ef23d34615f691f7a96e622"},"headline":"Acusa MC de guerra sucia contra sus candidatas","datePublished":"2024-03-16T23:15:48+00:00","dateModified":"2024-03-16T23:15:49+00:00","mainEntityOfPage":{"@id":"https:\/\/masquenoticias.mx\/index.php\/2024\/03\/16\/acusa-mc-de-guerra-sucia-contra-sus-candidatas\/"},"wordCount":342,"commentCount":0,"publisher":{"@id":"https:\/\/masquenoticias.mx\/#organization"},"image":{"@id":"https:\/\/masquenoticias.mx\/index.php\/2024\/03\/16\/acusa-mc-de-guerra-sucia-contra-sus-candidatas\/#primaryimage"},"thumbnailUrl":"https:\/\/i0.wp.com\/masquenoticias.mx\/wp-content\/uploads\/2024\/03\/9a4c678e-082c-4f87-8e20-ada182f1bb55-1-jpg.webp?fit=1234%2C1280&ssl=1","keywords":["MC","Movimiento Ciudadano"],"articleSection":["Elecciones 2024"],"inLanguage":"es","potentialAction":[{"@type":"CommentAction","name":"Comment","target":["https:\/\/masquenoticias.mx\/index.php\/2024\/03\/16\/acusa-mc-de-guerra-sucia-contra-sus-candidatas\/#respond"]}]},{"@type":"WebPage","@id":"https:\/\/masquenoticias.mx\/index.php\/2024\/03\/16\/acusa-mc-de-guerra-sucia-contra-sus-candidatas\/","url":"https:\/\/masquenoticias.mx\/index.php\/2024\/03\/16\/acusa-mc-de-guerra-sucia-contra-sus-candidatas\/","name":"Acusa MC de guerra sucia contra sus candidatas - M\u00e1s Que Noticias","isPartOf":{"@id":"https:\/\/masquenoticias.mx\/#website"},"primaryImageOfPage":{"@id":"https:\/\/masquenoticias.mx\/index.php\/2024\/03\/16\/acusa-mc-de-guerra-sucia-contra-sus-candidatas\/#primaryimage"},"image":{"@id":"https:\/\/masquenoticias.mx\/index.php\/2024\/03\/16\/acusa-mc-de-guerra-sucia-contra-sus-candidatas\/#primaryimage"},"thumbnailUrl":"https:\/\/i0.wp.com\/masquenoticias.mx\/wp-content\/uploads\/2024\/03\/9a4c678e-082c-4f87-8e20-ada182f1bb55-1-jpg.webp?fit=1234%2C1280&ssl=1","datePublished":"2024-03-16T23:15:48+00:00","dateModified":"2024-03-16T23:15:49+00:00","breadcrumb":{"@id":"https:\/\/masquenoticias.mx\/index.php\/2024\/03\/16\/acusa-mc-de-guerra-sucia-contra-sus-candidatas\/#breadcrumb"},"inLanguage":"es","potentialAction":[{"@type":"ReadAction","target":["https:\/\/masquenoticias.mx\/index.php\/2024\/03\/16\/acusa-mc-de-guerra-sucia-contra-sus-candidatas\/"]}]},{"@type":"ImageObject","inLanguage":"es","@id":"https:\/\/masquenoticias.mx\/index.php\/2024\/03\/16\/acusa-mc-de-guerra-sucia-contra-sus-candidatas\/#primaryimage","url":"https:\/\/i0.wp.com\/masquenoticias.mx\/wp-content\/uploads\/2024\/03\/9a4c678e-082c-4f87-8e20-ada182f1bb55-1-jpg.webp?fit=1234%2C1280&ssl=1","contentUrl":"https:\/\/i0.wp.com\/masquenoticias.mx\/wp-content\/uploads\/2024\/03\/9a4c678e-082c-4f87-8e20-ada182f1bb55-1-jpg.webp?fit=1234%2C1280&ssl=1","width":1234,"height":1280},{"@type":"BreadcrumbList","@id":"https:\/\/masquenoticias.mx\/index.php\/2024\/03\/16\/acusa-mc-de-guerra-sucia-contra-sus-candidatas\/#breadcrumb","itemListElement":[{"@type":"ListItem","position":1,"name":"Inicio","item":"https:\/\/masquenoticias.mx\/"},{"@type":"ListItem","position":2,"name":"Acusa MC de guerra sucia contra sus candidatas"}]},{"@type":"WebSite","@id":"https:\/\/masquenoticias.mx\/#website","url":"https:\/\/masquenoticias.mx\/","name":"M\u00e1s Que Noticias","description":"Noticias de Colima, M\u00e9xico y el Mundo","publisher":{"@id":"https:\/\/masquenoticias.mx\/#organization"},"potentialAction":[{"@type":"SearchAction","target":{"@type":"EntryPoint","urlTemplate":"https:\/\/masquenoticias.mx\/?s={search_term_string}"},"query-input":{"@type":"PropertyValueSpecification","valueRequired":true,"valueName":"search_term_string"}}],"inLanguage":"es"},{"@type":"Organization","@id":"https:\/\/masquenoticias.mx\/#organization","name":"M\u00e1s Que Noticias","url":"https:\/\/masquenoticias.mx\/","logo":{"@type":"ImageObject","inLanguage":"es","@id":"https:\/\/masquenoticias.mx\/#\/schema\/logo\/image\/","url":"https:\/\/i0.wp.com\/masquenoticias.mx\/wp-content\/uploads\/2024\/04\/IMG_0004.png?fit=2560%2C1656&ssl=1","contentUrl":"https:\/\/i0.wp.com\/masquenoticias.mx\/wp-content\/uploads\/2024\/04\/IMG_0004.png?fit=2560%2C1656&ssl=1","width":2560,"height":1656,"caption":"M\u00e1s Que Noticias"},"image":{"@id":"https:\/\/masquenoticias.mx\/#\/schema\/logo\/image\/"},"sameAs":["https:\/\/www.facebook.com\/masquenoticiascolima","https:\/\/x.com\/edgartove","https:\/\/www.instagram.com\/masquenoticiascolima\/"]},{"@type":"Person","@id":"https:\/\/masquenoticias.mx\/#\/schema\/person\/544d19989ef23d34615f691f7a96e622","name":"Redacci\u00f3n","image":{"@type":"ImageObject","inLanguage":"es","@id":"https:\/\/masquenoticias.mx\/#\/schema\/person\/image\/","url":"https:\/\/secure.gravatar.com\/avatar\/7fcc926d5b058d3f3d52d95b4d05dd58?s=96&d=mm&r=g","contentUrl":"https:\/\/secure.gravatar.com\/avatar\/7fcc926d5b058d3f3d52d95b4d05dd58?s=96&d=mm&r=g","caption":"Redacci\u00f3n"},"sameAs":["http:\/\/masquenoticias.mx"],"url":"https:\/\/masquenoticias.mx\/index.php\/author\/edgartovegmail-com\/"}]}},"jetpack_featured_media_url":"https:\/\/i0.wp.com\/masquenoticias.mx\/wp-content\/uploads\/2024\/03\/9a4c678e-082c-4f87-8e20-ada182f1bb55-1-jpg.webp?fit=1234%2C1280&ssl=1","blog_post_layout_featured_media_urls":{"thumbnail":["https:\/\/i0.wp.com\/masquenoticias.mx\/wp-content\/uploads\/2024\/03\/9a4c678e-082c-4f87-8e20-ada182f1bb55-1-jpg.webp?resize=150%2C150&ssl=1",150,150,true],"full":["https:\/\/i0.wp.com\/masquenoticias.mx\/wp-content\/uploads\/2024\/03\/9a4c678e-082c-4f87-8e20-ada182f1bb55-1-jpg.webp?fit=1234%2C1280&ssl=1",1234,1280,false]},"categories_names":{"468":{"name":"Elecciones 2024","link":"https:\/\/masquenoticias.mx\/index.php\/category\/elecciones-2024\/"}},"tags_names":{"247":{"name":"MC","link":"https:\/\/masquenoticias.mx\/index.php\/tag\/mc\/"},"60":{"name":"Movimiento Ciudadano","link":"https:\/\/masquenoticias.mx\/index.php\/tag\/movimiento-ciudadano\/"}},"comments_number":"0","wpmagazine_modules_lite_featured_media_urls":{"thumbnail":["https:\/\/i0.wp.com\/masquenoticias.mx\/wp-content\/uploads\/2024\/03\/9a4c678e-082c-4f87-8e20-ada182f1bb55-1-jpg.webp?resize=150%2C150&ssl=1",150,150,true],"cvmm-medium":["https:\/\/i0.wp.com\/masquenoticias.mx\/wp-content\/uploads\/2024\/03\/9a4c678e-082c-4f87-8e20-ada182f1bb55-1-jpg.webp?resize=300%2C300&ssl=1",300,300,true],"cvmm-medium-plus":["https:\/\/i0.wp.com\/masquenoticias.mx\/wp-content\/uploads\/2024\/03\/9a4c678e-082c-4f87-8e20-ada182f1bb55-1-jpg.webp?resize=305%2C207&ssl=1",305,207,true],"cvmm-portrait":["https:\/\/i0.wp.com\/masquenoticias.mx\/wp-content\/uploads\/2024\/03\/9a4c678e-082c-4f87-8e20-ada182f1bb55-1-jpg.webp?resize=400%2C600&ssl=1",400,600,true],"cvmm-medium-square":["https:\/\/i0.wp.com\/masquenoticias.mx\/wp-content\/uploads\/2024\/03\/9a4c678e-082c-4f87-8e20-ada182f1bb55-1-jpg.webp?resize=600%2C600&ssl=1",600,600,true],"cvmm-large":["https:\/\/i0.wp.com\/masquenoticias.mx\/wp-content\/uploads\/2024\/03\/9a4c678e-082c-4f87-8e20-ada182f1bb55-1-jpg.webp?resize=1024%2C1024&ssl=1",1024,1024,true],"cvmm-small":["https:\/\/i0.wp.com\/masquenoticias.mx\/wp-content\/uploads\/2024\/03\/9a4c678e-082c-4f87-8e20-ada182f1bb55-1-jpg.webp?resize=130%2C95&ssl=1",130,95,true],"full":["https:\/\/i0.wp.com\/masquenoticias.mx\/wp-content\/uploads\/2024\/03\/9a4c678e-082c-4f87-8e20-ada182f1bb55-1-jpg.webp?fit=1234%2C1280&ssl=1",1234,1280,false]},"jetpack-related-posts":[],"jetpack_sharing_enabled":true,"jetpack_likes_enabled":true,"jetpack_shortlink":"https:\/\/wp.me\/pf7pkt-1ZT","_links":{"self":[{"href":"https:\/\/masquenoticias.mx\/index.php\/wp-json\/wp\/v2\/posts\/7681","targetHints":{"allow":["GET"]}}],"collection":[{"href":"https:\/\/masquenoticias.mx\/index.php\/wp-json\/wp\/v2\/posts"}],"about":[{"href":"https:\/\/masquenoticias.mx\/index.php\/wp-json\/wp\/v2\/types\/post"}],"author":[{"embeddable":true,"href":"https:\/\/masquenoticias.mx\/index.php\/wp-json\/wp\/v2\/users\/1"}],"replies":[{"embeddable":true,"href":"https:\/\/masquenoticias.mx\/index.php\/wp-json\/wp\/v2\/comments?post=7681"}],"version-history":[{"count":0,"href":"https:\/\/masquenoticias.mx\/index.php\/wp-json\/wp\/v2\/posts\/7681\/revisions"}],"wp:featuredmedia":[{"embeddable":true,"href":"https:\/\/masquenoticias.mx\/index.php\/wp-json\/wp\/v2\/media\/7680"}],"wp:attachment":[{"href":"https:\/\/masquenoticias.mx\/index.php\/wp-json\/wp\/v2\/media?parent=7681"}],"wp:term":[{"taxonomy":"category","embeddable":true,"href":"https:\/\/masquenoticias.mx\/index.php\/wp-json\/wp\/v2\/categories?post=7681"},{"taxonomy":"post_tag","embeddable":true,"href":"https:\/\/masquenoticias.mx\/index.php\/wp-json\/wp\/v2\/tags?post=7681"}],"curies":[{"name":"wp","href":"https:\/\/api.w.org\/{rel}","templated":true}]}}