{"id":7632,"date":"2024-03-13T15:21:48","date_gmt":"2024-03-13T21:21:48","guid":{"rendered":"https:\/\/masquenoticias.mx\/?p=7632"},"modified":"2024-03-13T15:21:49","modified_gmt":"2024-03-13T21:21:49","slug":"ayuntamiento-de-colima-viola-derechos-politico-electorales-de-viridiana-valencia","status":"publish","type":"post","link":"https:\/\/masquenoticias.mx\/index.php\/2024\/03\/13\/ayuntamiento-de-colima-viola-derechos-politico-electorales-de-viridiana-valencia\/","title":{"rendered":"Ayuntamiento de Colima \u00bfviola derechos pol\u00edtico-electorales de Viridiana Valencia? &nbsp; &nbsp; &nbsp; &nbsp; &nbsp; &nbsp; &nbsp; &nbsp; &nbsp; &nbsp;"},"content":{"rendered":"\n<p>&nbsp; &nbsp; &nbsp; &nbsp; &nbsp; &nbsp; &nbsp; &nbsp; &nbsp; &nbsp; &nbsp; &nbsp; &nbsp; &nbsp; &nbsp; &nbsp; &nbsp; &nbsp; &nbsp; &nbsp; &nbsp; &nbsp; &nbsp; &nbsp; &nbsp; &nbsp; &nbsp; &nbsp; &nbsp; &nbsp; &nbsp; &nbsp; &nbsp; &nbsp;<\/p>\n\n\n\n<p>El Ayuntamiento de Colima que preside Margarita Moreno violenta los derechos pol\u00edtico-electorales de Viridiana Valencia Vargas,&nbsp;al negar la expedici\u00f3n de una constancia que incluye documentales diversas que acreditan el plazo de residencia suficiente para su registro como aspirante a la alcald\u00eda de Colima por la Coalici\u00f3n Seguimos Haciendo Historia.&nbsp;<\/p>\n\n\n\n<p>\u201cEsta actitud arbitraria no es nueva, ya que recientemente Margarita Moreno instruy\u00f3 al personal que no se entregara ninguna carta de residencia mayor a un a\u00f1o a ninguna persona que no fuera \u201cpalomeada\u201d por ella o su Secretaria\u201d, dijo Valencia.&nbsp;<\/p>\n\n\n\n<p>\u201cHay trabajadores que nos han informado de eso, hasta gente del Ayuntamiento nos ha manifestado su apoyo, nos informan y nos dicen que se tienen \u00f3rdenes precisas de la Presidenta de no expedirle ninguna carta de residencia mayor a un a\u00f1o porque no quiere que sea candidata a la Presidencia Municipal\u201d, revel\u00f3.&nbsp;<\/p>\n\n\n\n<p>Esto luego de que este martes (12 de marzo), la Coordinadora de los Comit\u00e9s de Defensa de la Transformaci\u00f3n acudiera a la comuna en calidad de ciudadana a pedir por escrito ante la Secretar\u00eda del Ayuntamiento de Colima, que se le expida una constancia de residencia, lo anterior, acompa\u00f1ado por todos los requisitos contemplados en la normatividad municipal y publicados en la p\u00e1gina oficial de la comuna. Sin embargo, al ser atendida, el personal de dicha oficina pretend\u00eda no recibir la petici\u00f3n escrita<\/p>\n\n\n\n<p>\u201cCon estas actitudes de la Presidenta y su Secretaria s\u00f3lo se demuestra su falta de sororidad ante la petici\u00f3n leg\u00edtima y debidamente acreditada de una mujer habitante de su Municipio, lo que es una verdadera contradicci\u00f3n y refleja de cuerpo entero a dichas servidoras p\u00fablicas\u201d, lament\u00f3 la coordinadora.&nbsp;<\/p>\n\n\n\n<p>\u201cLa propia Margarita Moreno, en fechas recientes era quien se quejaba de que ejerc\u00edan violencia pol\u00edtica respecto de su persona en otro partido pol\u00edtico para minimizarla y obstaculizarle sus pretensiones pol\u00edticas y hoy vemos que a hurtadillas, intentan negarme un documento que es mi derecho y coartar la voluntad y el derecho al voto de much\u00edsima gente que nos ha expresado su apoyo\u201d, agreg\u00f3.<\/p>\n\n\n\n<p>Cabe recordar que en semanas pasadas&nbsp;la alcaldesa, Margarita&nbsp;Moreno, rompi\u00f3 con la alianza partidista que la llev\u00f3 a su puesto actual y renunci\u00f3 a su militancia, al acusar que era v\u00edctima de violencia pol\u00edtica de g\u00e9nero y que se buscaba favorecer a un hombre por encima suyo.<\/p>\n\n\n\n<p>Valencia Vargas explic\u00f3 que la petici\u00f3n por escrito la hace luego de que el Ayuntamiento haya querido entregarle una constancia de apenas un a\u00f1o de antig\u00fcedad, por lo cual el escrito que entreg\u00f3 lo acompa\u00f1a con&nbsp;diversos documentos p\u00fablicos y privados, inclusive un acta testimonial ante Notario P\u00fablico&nbsp;que&nbsp;en su conjunto acreditan&nbsp;su residenciaen la ciudad de Colima desde el 15 de abril de 2021.&nbsp;<\/p>\n\n\n\n<p>Detall\u00f3 que el personal del Ayuntamiento tuvo&nbsp;que recibir su oficio, aunque le se\u00f1alaron que tardar\u00edan en responderle m\u00e1s de 30 d\u00edas, esto a pesar de que al llamar para consultar sobre el tr\u00e1mite se da un tiempo estimado de media hora para la expedici\u00f3n.&nbsp;<\/p>\n\n\n\n<p>Para la Coordinadora de Defensa de la Transformaci\u00f3n esta acci\u00f3n pretende cerrarle el paso a por el miedo que le tienen debido a que es una mujer honesta, incorruptible con la que los intereses que defiende Margarita Moreno, su marido y su grupo pol\u00edtico est\u00e1n en riesgo.<\/p>\n\n\n\n<p>Viridiana Valencia se mostr\u00f3 confiada en que en su momento le entreguen la carta de residencia con la antig\u00fcedad solicitada y acreditada, ya que adjunt\u00f3 las pruebas que as\u00ed lo acreditan.<\/p>\n\n\n\n<p>Record\u00f3&nbsp;que el Tribunal Electoral&nbsp;ya&nbsp;se ha pronunciado en que este tipo de \u201ccartas de residencia\u201d no son los \u00fanicos medios para acreditar la residencia requerida para contender para un cargo de elecci\u00f3n popular, \u201cpor lo que dicha maniobra arbitraria de Margarita Moreno poco le ayudar\u00e1 para quitar de la carrera que se avecina\u201d, puntualiz\u00f3.<\/p>\n","protected":false},"excerpt":{"rendered":"<p>&nbsp; &nbsp; &nbsp; &nbsp; &nbsp; &nbsp; &nbsp; &nbsp; &nbsp; &nbsp; &nbsp; &nbsp; &nbsp; &nbsp; &nbsp; &nbsp; &nbsp; &nbsp; &nbsp; &nbsp; &nbsp; &nbsp; &nbsp; &nbsp; &nbsp; &nbsp; &nbsp; &nbsp; &nbsp; &nbsp; &nbsp; &nbsp; &nbsp; &nbsp; El Ayuntamiento de Colima que preside Margarita Moreno violenta los derechos pol\u00edtico-electorales de Viridiana Valencia Vargas,&nbsp;al negar la expedici\u00f3n de una [&hellip;]<\/p>\n","protected":false},"author":1,"featured_media":7631,"comment_status":"open","ping_status":"open","sticky":false,"template":"","format":"standard","meta":{"_jetpack_memberships_contains_paid_content":false,"footnotes":""},"categories":[28],"tags":[41,369,27],"class_list":["post-7632","post","type-post","status-publish","format-standard","has-post-thumbnail","hentry","category-municipios","tag-colima","tag-viri-valencia","tag-viridiana-valencia"],"yoast_head":"<!-- This site is optimized with the Yoast SEO plugin v26.6 - https:\/\/yoast.com\/wordpress\/plugins\/seo\/ -->\n<title>Ayuntamiento de Colima \u00bfviola derechos pol\u00edtico-electorales de Viridiana Valencia? &nbsp; &nbsp; &nbsp; &nbsp; &nbsp; &nbsp; &nbsp; &nbsp; &nbsp; &nbsp; - M\u00e1s Que Noticias<\/title>\n<meta name=\"robots\" content=\"index, follow, max-snippet:-1, max-image-preview:large, max-video-preview:-1\" \/>\n<link rel=\"canonical\" href=\"https:\/\/masquenoticias.mx\/index.php\/2024\/03\/13\/ayuntamiento-de-colima-viola-derechos-politico-electorales-de-viridiana-valencia\/\" \/>\n<meta property=\"og:locale\" content=\"es_MX\" \/>\n<meta property=\"og:type\" content=\"article\" \/>\n<meta property=\"og:title\" content=\"Ayuntamiento de Colima \u00bfviola derechos pol\u00edtico-electorales de Viridiana Valencia? &nbsp; &nbsp; &nbsp; &nbsp; &nbsp; &nbsp; &nbsp; &nbsp; &nbsp; &nbsp; - M\u00e1s Que Noticias\" \/>\n<meta property=\"og:description\" content=\"&nbsp; &nbsp; &nbsp; &nbsp; &nbsp; &nbsp; &nbsp; &nbsp; &nbsp; &nbsp; &nbsp; &nbsp; &nbsp; &nbsp; &nbsp; &nbsp; &nbsp; &nbsp; &nbsp; &nbsp; &nbsp; &nbsp; &nbsp; &nbsp; &nbsp; &nbsp; &nbsp; &nbsp; &nbsp; &nbsp; &nbsp; &nbsp; &nbsp; &nbsp; El Ayuntamiento de Colima que preside Margarita Moreno violenta los derechos pol\u00edtico-electorales de Viridiana Valencia Vargas,&nbsp;al negar la expedici\u00f3n de una [&hellip;]\" \/>\n<meta property=\"og:url\" content=\"https:\/\/masquenoticias.mx\/index.php\/2024\/03\/13\/ayuntamiento-de-colima-viola-derechos-politico-electorales-de-viridiana-valencia\/\" \/>\n<meta property=\"og:site_name\" content=\"M\u00e1s Que Noticias\" \/>\n<meta property=\"article:publisher\" content=\"https:\/\/www.facebook.com\/masquenoticiascolima\" \/>\n<meta property=\"article:published_time\" content=\"2024-03-13T21:21:48+00:00\" \/>\n<meta property=\"article:modified_time\" content=\"2024-03-13T21:21:49+00:00\" \/>\n<meta property=\"og:image\" content=\"https:\/\/i0.wp.com\/masquenoticias.mx\/wp-content\/uploads\/2024\/03\/cf1cc056-0561-43b6-a4ba-5fc90d7e2724-1-jpg.webp?fit=1148%2C766&ssl=1\" \/>\n\t<meta property=\"og:image:width\" content=\"1148\" \/>\n\t<meta property=\"og:image:height\" content=\"766\" \/>\n\t<meta property=\"og:image:type\" content=\"image\/jpeg\" \/>\n<meta name=\"author\" content=\"Redacci\u00f3n\" \/>\n<meta name=\"twitter:card\" content=\"summary_large_image\" \/>\n<meta name=\"twitter:creator\" content=\"@edgartove\" \/>\n<meta name=\"twitter:site\" content=\"@edgartove\" \/>\n<meta name=\"twitter:label1\" content=\"Escrito por\" \/>\n\t<meta name=\"twitter:data1\" content=\"Redacci\u00f3n\" \/>\n\t<meta name=\"twitter:label2\" content=\"Tiempo de lectura\" \/>\n\t<meta name=\"twitter:data2\" content=\"4 minutos\" \/>\n<script type=\"application\/ld+json\" class=\"yoast-schema-graph\">{\"@context\":\"https:\/\/schema.org\",\"@graph\":[{\"@type\":\"Article\",\"@id\":\"https:\/\/masquenoticias.mx\/index.php\/2024\/03\/13\/ayuntamiento-de-colima-viola-derechos-politico-electorales-de-viridiana-valencia\/#article\",\"isPartOf\":{\"@id\":\"https:\/\/masquenoticias.mx\/index.php\/2024\/03\/13\/ayuntamiento-de-colima-viola-derechos-politico-electorales-de-viridiana-valencia\/\"},\"author\":{\"name\":\"Redacci\u00f3n\",\"@id\":\"https:\/\/masquenoticias.mx\/#\/schema\/person\/544d19989ef23d34615f691f7a96e622\"},\"headline\":\"Ayuntamiento de Colima \u00bfviola derechos pol\u00edtico-electorales de Viridiana Valencia? &nbsp; &nbsp; &nbsp; &nbsp; &nbsp; &nbsp; &nbsp; &nbsp; &nbsp; &nbsp;\",\"datePublished\":\"2024-03-13T21:21:48+00:00\",\"dateModified\":\"2024-03-13T21:21:49+00:00\",\"mainEntityOfPage\":{\"@id\":\"https:\/\/masquenoticias.mx\/index.php\/2024\/03\/13\/ayuntamiento-de-colima-viola-derechos-politico-electorales-de-viridiana-valencia\/\"},\"wordCount\":741,\"commentCount\":0,\"publisher\":{\"@id\":\"https:\/\/masquenoticias.mx\/#organization\"},\"image\":{\"@id\":\"https:\/\/masquenoticias.mx\/index.php\/2024\/03\/13\/ayuntamiento-de-colima-viola-derechos-politico-electorales-de-viridiana-valencia\/#primaryimage\"},\"thumbnailUrl\":\"https:\/\/i0.wp.com\/masquenoticias.mx\/wp-content\/uploads\/2024\/03\/cf1cc056-0561-43b6-a4ba-5fc90d7e2724-1-jpg.webp?fit=1148%2C766&ssl=1\",\"keywords\":[\"Colima\",\"Viri Valencia\",\"Viridiana Valencia\"],\"articleSection\":[\"Municipios\"],\"inLanguage\":\"es\",\"potentialAction\":[{\"@type\":\"CommentAction\",\"name\":\"Comment\",\"target\":[\"https:\/\/masquenoticias.mx\/index.php\/2024\/03\/13\/ayuntamiento-de-colima-viola-derechos-politico-electorales-de-viridiana-valencia\/#respond\"]}]},{\"@type\":\"WebPage\",\"@id\":\"https:\/\/masquenoticias.mx\/index.php\/2024\/03\/13\/ayuntamiento-de-colima-viola-derechos-politico-electorales-de-viridiana-valencia\/\",\"url\":\"https:\/\/masquenoticias.mx\/index.php\/2024\/03\/13\/ayuntamiento-de-colima-viola-derechos-politico-electorales-de-viridiana-valencia\/\",\"name\":\"Ayuntamiento de Colima \u00bfviola derechos pol\u00edtico-electorales de Viridiana Valencia? &nbsp; &nbsp; &nbsp; &nbsp; &nbsp; &nbsp; &nbsp; &nbsp; &nbsp; &nbsp; - M\u00e1s Que Noticias\",\"isPartOf\":{\"@id\":\"https:\/\/masquenoticias.mx\/#website\"},\"primaryImageOfPage\":{\"@id\":\"https:\/\/masquenoticias.mx\/index.php\/2024\/03\/13\/ayuntamiento-de-colima-viola-derechos-politico-electorales-de-viridiana-valencia\/#primaryimage\"},\"image\":{\"@id\":\"https:\/\/masquenoticias.mx\/index.php\/2024\/03\/13\/ayuntamiento-de-colima-viola-derechos-politico-electorales-de-viridiana-valencia\/#primaryimage\"},\"thumbnailUrl\":\"https:\/\/i0.wp.com\/masquenoticias.mx\/wp-content\/uploads\/2024\/03\/cf1cc056-0561-43b6-a4ba-5fc90d7e2724-1-jpg.webp?fit=1148%2C766&ssl=1\",\"datePublished\":\"2024-03-13T21:21:48+00:00\",\"dateModified\":\"2024-03-13T21:21:49+00:00\",\"breadcrumb\":{\"@id\":\"https:\/\/masquenoticias.mx\/index.php\/2024\/03\/13\/ayuntamiento-de-colima-viola-derechos-politico-electorales-de-viridiana-valencia\/#breadcrumb\"},\"inLanguage\":\"es\",\"potentialAction\":[{\"@type\":\"ReadAction\",\"target\":[\"https:\/\/masquenoticias.mx\/index.php\/2024\/03\/13\/ayuntamiento-de-colima-viola-derechos-politico-electorales-de-viridiana-valencia\/\"]}]},{\"@type\":\"ImageObject\",\"inLanguage\":\"es\",\"@id\":\"https:\/\/masquenoticias.mx\/index.php\/2024\/03\/13\/ayuntamiento-de-colima-viola-derechos-politico-electorales-de-viridiana-valencia\/#primaryimage\",\"url\":\"https:\/\/i0.wp.com\/masquenoticias.mx\/wp-content\/uploads\/2024\/03\/cf1cc056-0561-43b6-a4ba-5fc90d7e2724-1-jpg.webp?fit=1148%2C766&ssl=1\",\"contentUrl\":\"https:\/\/i0.wp.com\/masquenoticias.mx\/wp-content\/uploads\/2024\/03\/cf1cc056-0561-43b6-a4ba-5fc90d7e2724-1-jpg.webp?fit=1148%2C766&ssl=1\",\"width\":1148,\"height\":766},{\"@type\":\"BreadcrumbList\",\"@id\":\"https:\/\/masquenoticias.mx\/index.php\/2024\/03\/13\/ayuntamiento-de-colima-viola-derechos-politico-electorales-de-viridiana-valencia\/#breadcrumb\",\"itemListElement\":[{\"@type\":\"ListItem\",\"position\":1,\"name\":\"Inicio\",\"item\":\"https:\/\/masquenoticias.mx\/\"},{\"@type\":\"ListItem\",\"position\":2,\"name\":\"Ayuntamiento de Colima \u00bfviola derechos pol\u00edtico-electorales de Viridiana Valencia? &nbsp; &nbsp; &nbsp; &nbsp; &nbsp; &nbsp; &nbsp; &nbsp; &nbsp; &nbsp;\"}]},{\"@type\":\"WebSite\",\"@id\":\"https:\/\/masquenoticias.mx\/#website\",\"url\":\"https:\/\/masquenoticias.mx\/\",\"name\":\"M\u00e1s Que Noticias\",\"description\":\"Noticias de Colima, M\u00e9xico y el Mundo\",\"publisher\":{\"@id\":\"https:\/\/masquenoticias.mx\/#organization\"},\"potentialAction\":[{\"@type\":\"SearchAction\",\"target\":{\"@type\":\"EntryPoint\",\"urlTemplate\":\"https:\/\/masquenoticias.mx\/?s={search_term_string}\"},\"query-input\":{\"@type\":\"PropertyValueSpecification\",\"valueRequired\":true,\"valueName\":\"search_term_string\"}}],\"inLanguage\":\"es\"},{\"@type\":\"Organization\",\"@id\":\"https:\/\/masquenoticias.mx\/#organization\",\"name\":\"M\u00e1s Que Noticias\",\"url\":\"https:\/\/masquenoticias.mx\/\",\"logo\":{\"@type\":\"ImageObject\",\"inLanguage\":\"es\",\"@id\":\"https:\/\/masquenoticias.mx\/#\/schema\/logo\/image\/\",\"url\":\"https:\/\/i0.wp.com\/masquenoticias.mx\/wp-content\/uploads\/2024\/04\/IMG_0004.png?fit=2560%2C1656&ssl=1\",\"contentUrl\":\"https:\/\/i0.wp.com\/masquenoticias.mx\/wp-content\/uploads\/2024\/04\/IMG_0004.png?fit=2560%2C1656&ssl=1\",\"width\":2560,\"height\":1656,\"caption\":\"M\u00e1s Que Noticias\"},\"image\":{\"@id\":\"https:\/\/masquenoticias.mx\/#\/schema\/logo\/image\/\"},\"sameAs\":[\"https:\/\/www.facebook.com\/masquenoticiascolima\",\"https:\/\/x.com\/edgartove\",\"https:\/\/www.instagram.com\/masquenoticiascolima\/\"]},{\"@type\":\"Person\",\"@id\":\"https:\/\/masquenoticias.mx\/#\/schema\/person\/544d19989ef23d34615f691f7a96e622\",\"name\":\"Redacci\u00f3n\",\"image\":{\"@type\":\"ImageObject\",\"inLanguage\":\"es\",\"@id\":\"https:\/\/masquenoticias.mx\/#\/schema\/person\/image\/\",\"url\":\"https:\/\/secure.gravatar.com\/avatar\/7fcc926d5b058d3f3d52d95b4d05dd58?s=96&d=mm&r=g\",\"contentUrl\":\"https:\/\/secure.gravatar.com\/avatar\/7fcc926d5b058d3f3d52d95b4d05dd58?s=96&d=mm&r=g\",\"caption\":\"Redacci\u00f3n\"},\"sameAs\":[\"http:\/\/masquenoticias.mx\"],\"url\":\"https:\/\/masquenoticias.mx\/index.php\/author\/edgartovegmail-com\/\"}]}<\/script>\n<!-- \/ Yoast SEO plugin. -->","yoast_head_json":{"title":"Ayuntamiento de Colima \u00bfviola derechos pol\u00edtico-electorales de Viridiana Valencia? &nbsp; &nbsp; &nbsp; &nbsp; &nbsp; &nbsp; &nbsp; &nbsp; &nbsp; &nbsp; - M\u00e1s Que Noticias","robots":{"index":"index","follow":"follow","max-snippet":"max-snippet:-1","max-image-preview":"max-image-preview:large","max-video-preview":"max-video-preview:-1"},"canonical":"https:\/\/masquenoticias.mx\/index.php\/2024\/03\/13\/ayuntamiento-de-colima-viola-derechos-politico-electorales-de-viridiana-valencia\/","og_locale":"es_MX","og_type":"article","og_title":"Ayuntamiento de Colima \u00bfviola derechos pol\u00edtico-electorales de Viridiana Valencia? &nbsp; &nbsp; &nbsp; &nbsp; &nbsp; &nbsp; &nbsp; &nbsp; &nbsp; &nbsp; - M\u00e1s Que Noticias","og_description":"&nbsp; &nbsp; &nbsp; &nbsp; &nbsp; &nbsp; &nbsp; &nbsp; &nbsp; &nbsp; &nbsp; &nbsp; &nbsp; &nbsp; &nbsp; &nbsp; &nbsp; &nbsp; &nbsp; &nbsp; &nbsp; &nbsp; &nbsp; &nbsp; &nbsp; &nbsp; &nbsp; &nbsp; &nbsp; &nbsp; &nbsp; &nbsp; &nbsp; &nbsp; El Ayuntamiento de Colima que preside Margarita Moreno violenta los derechos pol\u00edtico-electorales de Viridiana Valencia Vargas,&nbsp;al negar la expedici\u00f3n de una [&hellip;]","og_url":"https:\/\/masquenoticias.mx\/index.php\/2024\/03\/13\/ayuntamiento-de-colima-viola-derechos-politico-electorales-de-viridiana-valencia\/","og_site_name":"M\u00e1s Que Noticias","article_publisher":"https:\/\/www.facebook.com\/masquenoticiascolima","article_published_time":"2024-03-13T21:21:48+00:00","article_modified_time":"2024-03-13T21:21:49+00:00","og_image":[{"width":1148,"height":766,"url":"https:\/\/i0.wp.com\/masquenoticias.mx\/wp-content\/uploads\/2024\/03\/cf1cc056-0561-43b6-a4ba-5fc90d7e2724-1-jpg.webp?fit=1148%2C766&ssl=1","type":"image\/jpeg"}],"author":"Redacci\u00f3n","twitter_card":"summary_large_image","twitter_creator":"@edgartove","twitter_site":"@edgartove","twitter_misc":{"Escrito por":"Redacci\u00f3n","Tiempo de lectura":"4 minutos"},"schema":{"@context":"https:\/\/schema.org","@graph":[{"@type":"Article","@id":"https:\/\/masquenoticias.mx\/index.php\/2024\/03\/13\/ayuntamiento-de-colima-viola-derechos-politico-electorales-de-viridiana-valencia\/#article","isPartOf":{"@id":"https:\/\/masquenoticias.mx\/index.php\/2024\/03\/13\/ayuntamiento-de-colima-viola-derechos-politico-electorales-de-viridiana-valencia\/"},"author":{"name":"Redacci\u00f3n","@id":"https:\/\/masquenoticias.mx\/#\/schema\/person\/544d19989ef23d34615f691f7a96e622"},"headline":"Ayuntamiento de Colima \u00bfviola derechos pol\u00edtico-electorales de Viridiana Valencia? &nbsp; &nbsp; &nbsp; &nbsp; &nbsp; &nbsp; &nbsp; &nbsp; &nbsp; &nbsp;","datePublished":"2024-03-13T21:21:48+00:00","dateModified":"2024-03-13T21:21:49+00:00","mainEntityOfPage":{"@id":"https:\/\/masquenoticias.mx\/index.php\/2024\/03\/13\/ayuntamiento-de-colima-viola-derechos-politico-electorales-de-viridiana-valencia\/"},"wordCount":741,"commentCount":0,"publisher":{"@id":"https:\/\/masquenoticias.mx\/#organization"},"image":{"@id":"https:\/\/masquenoticias.mx\/index.php\/2024\/03\/13\/ayuntamiento-de-colima-viola-derechos-politico-electorales-de-viridiana-valencia\/#primaryimage"},"thumbnailUrl":"https:\/\/i0.wp.com\/masquenoticias.mx\/wp-content\/uploads\/2024\/03\/cf1cc056-0561-43b6-a4ba-5fc90d7e2724-1-jpg.webp?fit=1148%2C766&ssl=1","keywords":["Colima","Viri Valencia","Viridiana Valencia"],"articleSection":["Municipios"],"inLanguage":"es","potentialAction":[{"@type":"CommentAction","name":"Comment","target":["https:\/\/masquenoticias.mx\/index.php\/2024\/03\/13\/ayuntamiento-de-colima-viola-derechos-politico-electorales-de-viridiana-valencia\/#respond"]}]},{"@type":"WebPage","@id":"https:\/\/masquenoticias.mx\/index.php\/2024\/03\/13\/ayuntamiento-de-colima-viola-derechos-politico-electorales-de-viridiana-valencia\/","url":"https:\/\/masquenoticias.mx\/index.php\/2024\/03\/13\/ayuntamiento-de-colima-viola-derechos-politico-electorales-de-viridiana-valencia\/","name":"Ayuntamiento de Colima \u00bfviola derechos pol\u00edtico-electorales de Viridiana Valencia? &nbsp; &nbsp; &nbsp; &nbsp; &nbsp; &nbsp; &nbsp; &nbsp; &nbsp; &nbsp; - M\u00e1s Que Noticias","isPartOf":{"@id":"https:\/\/masquenoticias.mx\/#website"},"primaryImageOfPage":{"@id":"https:\/\/masquenoticias.mx\/index.php\/2024\/03\/13\/ayuntamiento-de-colima-viola-derechos-politico-electorales-de-viridiana-valencia\/#primaryimage"},"image":{"@id":"https:\/\/masquenoticias.mx\/index.php\/2024\/03\/13\/ayuntamiento-de-colima-viola-derechos-politico-electorales-de-viridiana-valencia\/#primaryimage"},"thumbnailUrl":"https:\/\/i0.wp.com\/masquenoticias.mx\/wp-content\/uploads\/2024\/03\/cf1cc056-0561-43b6-a4ba-5fc90d7e2724-1-jpg.webp?fit=1148%2C766&ssl=1","datePublished":"2024-03-13T21:21:48+00:00","dateModified":"2024-03-13T21:21:49+00:00","breadcrumb":{"@id":"https:\/\/masquenoticias.mx\/index.php\/2024\/03\/13\/ayuntamiento-de-colima-viola-derechos-politico-electorales-de-viridiana-valencia\/#breadcrumb"},"inLanguage":"es","potentialAction":[{"@type":"ReadAction","target":["https:\/\/masquenoticias.mx\/index.php\/2024\/03\/13\/ayuntamiento-de-colima-viola-derechos-politico-electorales-de-viridiana-valencia\/"]}]},{"@type":"ImageObject","inLanguage":"es","@id":"https:\/\/masquenoticias.mx\/index.php\/2024\/03\/13\/ayuntamiento-de-colima-viola-derechos-politico-electorales-de-viridiana-valencia\/#primaryimage","url":"https:\/\/i0.wp.com\/masquenoticias.mx\/wp-content\/uploads\/2024\/03\/cf1cc056-0561-43b6-a4ba-5fc90d7e2724-1-jpg.webp?fit=1148%2C766&ssl=1","contentUrl":"https:\/\/i0.wp.com\/masquenoticias.mx\/wp-content\/uploads\/2024\/03\/cf1cc056-0561-43b6-a4ba-5fc90d7e2724-1-jpg.webp?fit=1148%2C766&ssl=1","width":1148,"height":766},{"@type":"BreadcrumbList","@id":"https:\/\/masquenoticias.mx\/index.php\/2024\/03\/13\/ayuntamiento-de-colima-viola-derechos-politico-electorales-de-viridiana-valencia\/#breadcrumb","itemListElement":[{"@type":"ListItem","position":1,"name":"Inicio","item":"https:\/\/masquenoticias.mx\/"},{"@type":"ListItem","position":2,"name":"Ayuntamiento de Colima \u00bfviola derechos pol\u00edtico-electorales de Viridiana Valencia? &nbsp; &nbsp; &nbsp; &nbsp; &nbsp; &nbsp; &nbsp; &nbsp; &nbsp; &nbsp;"}]},{"@type":"WebSite","@id":"https:\/\/masquenoticias.mx\/#website","url":"https:\/\/masquenoticias.mx\/","name":"M\u00e1s Que Noticias","description":"Noticias de Colima, M\u00e9xico y el Mundo","publisher":{"@id":"https:\/\/masquenoticias.mx\/#organization"},"potentialAction":[{"@type":"SearchAction","target":{"@type":"EntryPoint","urlTemplate":"https:\/\/masquenoticias.mx\/?s={search_term_string}"},"query-input":{"@type":"PropertyValueSpecification","valueRequired":true,"valueName":"search_term_string"}}],"inLanguage":"es"},{"@type":"Organization","@id":"https:\/\/masquenoticias.mx\/#organization","name":"M\u00e1s Que Noticias","url":"https:\/\/masquenoticias.mx\/","logo":{"@type":"ImageObject","inLanguage":"es","@id":"https:\/\/masquenoticias.mx\/#\/schema\/logo\/image\/","url":"https:\/\/i0.wp.com\/masquenoticias.mx\/wp-content\/uploads\/2024\/04\/IMG_0004.png?fit=2560%2C1656&ssl=1","contentUrl":"https:\/\/i0.wp.com\/masquenoticias.mx\/wp-content\/uploads\/2024\/04\/IMG_0004.png?fit=2560%2C1656&ssl=1","width":2560,"height":1656,"caption":"M\u00e1s Que Noticias"},"image":{"@id":"https:\/\/masquenoticias.mx\/#\/schema\/logo\/image\/"},"sameAs":["https:\/\/www.facebook.com\/masquenoticiascolima","https:\/\/x.com\/edgartove","https:\/\/www.instagram.com\/masquenoticiascolima\/"]},{"@type":"Person","@id":"https:\/\/masquenoticias.mx\/#\/schema\/person\/544d19989ef23d34615f691f7a96e622","name":"Redacci\u00f3n","image":{"@type":"ImageObject","inLanguage":"es","@id":"https:\/\/masquenoticias.mx\/#\/schema\/person\/image\/","url":"https:\/\/secure.gravatar.com\/avatar\/7fcc926d5b058d3f3d52d95b4d05dd58?s=96&d=mm&r=g","contentUrl":"https:\/\/secure.gravatar.com\/avatar\/7fcc926d5b058d3f3d52d95b4d05dd58?s=96&d=mm&r=g","caption":"Redacci\u00f3n"},"sameAs":["http:\/\/masquenoticias.mx"],"url":"https:\/\/masquenoticias.mx\/index.php\/author\/edgartovegmail-com\/"}]}},"jetpack_featured_media_url":"https:\/\/i0.wp.com\/masquenoticias.mx\/wp-content\/uploads\/2024\/03\/cf1cc056-0561-43b6-a4ba-5fc90d7e2724-1-jpg.webp?fit=1148%2C766&ssl=1","blog_post_layout_featured_media_urls":{"thumbnail":["https:\/\/i0.wp.com\/masquenoticias.mx\/wp-content\/uploads\/2024\/03\/cf1cc056-0561-43b6-a4ba-5fc90d7e2724-1-jpg.webp?resize=150%2C150&ssl=1",150,150,true],"full":["https:\/\/i0.wp.com\/masquenoticias.mx\/wp-content\/uploads\/2024\/03\/cf1cc056-0561-43b6-a4ba-5fc90d7e2724-1-jpg.webp?fit=1148%2C766&ssl=1",1148,766,false]},"categories_names":{"28":{"name":"Municipios","link":"https:\/\/masquenoticias.mx\/index.php\/category\/municipios\/"}},"tags_names":{"41":{"name":"Colima","link":"https:\/\/masquenoticias.mx\/index.php\/tag\/colima\/"},"369":{"name":"Viri Valencia","link":"https:\/\/masquenoticias.mx\/index.php\/tag\/viri-valencia\/"},"27":{"name":"Viridiana Valencia","link":"https:\/\/masquenoticias.mx\/index.php\/tag\/viridiana-valencia\/"}},"comments_number":"0","wpmagazine_modules_lite_featured_media_urls":{"thumbnail":["https:\/\/i0.wp.com\/masquenoticias.mx\/wp-content\/uploads\/2024\/03\/cf1cc056-0561-43b6-a4ba-5fc90d7e2724-1-jpg.webp?resize=150%2C150&ssl=1",150,150,true],"cvmm-medium":["https:\/\/i0.wp.com\/masquenoticias.mx\/wp-content\/uploads\/2024\/03\/cf1cc056-0561-43b6-a4ba-5fc90d7e2724-1-jpg.webp?resize=300%2C300&ssl=1",300,300,true],"cvmm-medium-plus":["https:\/\/i0.wp.com\/masquenoticias.mx\/wp-content\/uploads\/2024\/03\/cf1cc056-0561-43b6-a4ba-5fc90d7e2724-1-jpg.webp?resize=305%2C207&ssl=1",305,207,true],"cvmm-portrait":["https:\/\/i0.wp.com\/masquenoticias.mx\/wp-content\/uploads\/2024\/03\/cf1cc056-0561-43b6-a4ba-5fc90d7e2724-1-jpg.webp?resize=400%2C600&ssl=1",400,600,true],"cvmm-medium-square":["https:\/\/i0.wp.com\/masquenoticias.mx\/wp-content\/uploads\/2024\/03\/cf1cc056-0561-43b6-a4ba-5fc90d7e2724-1-jpg.webp?resize=600%2C600&ssl=1",600,600,true],"cvmm-large":["https:\/\/i0.wp.com\/masquenoticias.mx\/wp-content\/uploads\/2024\/03\/cf1cc056-0561-43b6-a4ba-5fc90d7e2724-1-jpg.webp?resize=1024%2C766&ssl=1",1024,766,true],"cvmm-small":["https:\/\/i0.wp.com\/masquenoticias.mx\/wp-content\/uploads\/2024\/03\/cf1cc056-0561-43b6-a4ba-5fc90d7e2724-1-jpg.webp?resize=130%2C95&ssl=1",130,95,true],"full":["https:\/\/i0.wp.com\/masquenoticias.mx\/wp-content\/uploads\/2024\/03\/cf1cc056-0561-43b6-a4ba-5fc90d7e2724-1-jpg.webp?fit=1148%2C766&ssl=1",1148,766,false]},"jetpack-related-posts":[],"jetpack_sharing_enabled":true,"jetpack_likes_enabled":true,"jetpack_shortlink":"https:\/\/wp.me\/pf7pkt-1Z6","_links":{"self":[{"href":"https:\/\/masquenoticias.mx\/index.php\/wp-json\/wp\/v2\/posts\/7632","targetHints":{"allow":["GET"]}}],"collection":[{"href":"https:\/\/masquenoticias.mx\/index.php\/wp-json\/wp\/v2\/posts"}],"about":[{"href":"https:\/\/masquenoticias.mx\/index.php\/wp-json\/wp\/v2\/types\/post"}],"author":[{"embeddable":true,"href":"https:\/\/masquenoticias.mx\/index.php\/wp-json\/wp\/v2\/users\/1"}],"replies":[{"embeddable":true,"href":"https:\/\/masquenoticias.mx\/index.php\/wp-json\/wp\/v2\/comments?post=7632"}],"version-history":[{"count":0,"href":"https:\/\/masquenoticias.mx\/index.php\/wp-json\/wp\/v2\/posts\/7632\/revisions"}],"wp:featuredmedia":[{"embeddable":true,"href":"https:\/\/masquenoticias.mx\/index.php\/wp-json\/wp\/v2\/media\/7631"}],"wp:attachment":[{"href":"https:\/\/masquenoticias.mx\/index.php\/wp-json\/wp\/v2\/media?parent=7632"}],"wp:term":[{"taxonomy":"category","embeddable":true,"href":"https:\/\/masquenoticias.mx\/index.php\/wp-json\/wp\/v2\/categories?post=7632"},{"taxonomy":"post_tag","embeddable":true,"href":"https:\/\/masquenoticias.mx\/index.php\/wp-json\/wp\/v2\/tags?post=7632"}],"curies":[{"name":"wp","href":"https:\/\/api.w.org\/{rel}","templated":true}]}}