{"id":7626,"date":"2024-03-13T14:26:00","date_gmt":"2024-03-13T20:26:00","guid":{"rendered":"https:\/\/masquenoticias.mx\/?p=7626"},"modified":"2024-03-13T14:26:01","modified_gmt":"2024-03-13T20:26:01","slug":"nombran-hermana-mayor-a-claudia-sheinbaum-en-quintana-roo","status":"publish","type":"post","link":"https:\/\/masquenoticias.mx\/index.php\/2024\/03\/13\/nombran-hermana-mayor-a-claudia-sheinbaum-en-quintana-roo\/","title":{"rendered":"Nombran \u201chermana mayor\u201d a Claudia Sheinbaum en Quintana Roo"},"content":{"rendered":"\n<p>Felipe Carrillo Puerto, Quintana Roo, a 13 de marzo de 2024.- Las y los representantes de los pueblos mayas en Quintana Roo, <em>realizaron el nombramiento de \u201cHermana Mayor\u201d a la candidata de \u201cSigamos Haciendo Historia\u201d (Morena, PT y PVEM) a la Presidencia de la Rep\u00fablica, Claudia Sheinbaum Pardo<\/em>, durante un encuentro con las y los habitantes del municipio de Felipe Carrillo Puerto, donde hizo un llamado a defender la 4T.<\/p>\n\n\n\n<p>Edilberto, sacerdote maya del Centro Ceremonial de la Cruz para Adelante, fue el encargado de hacer el nombramiento en representaci\u00f3n de los pueblos originarios del sureste mexicano. <em>\u201cYo te doy una bendici\u00f3n en el nombre del padre, del hijo y del esp\u00edritu santo, tu eres la Hermana Mayor el d\u00eda 2 de junio de M\u00e9xico\u201d, se\u00f1al\u00f3.<\/em><\/p>\n\n\n\n<p>Por su parte, Claudia Sheinbaum, tras agradecer el reconocimiento de las comunidades mayas, record\u00f3 que la Cuarta Transformaci\u00f3n significa bienestar, libertades, democracia y justicia para el pueblo de M\u00e9xico.<\/p>\n\n\n\n<p><em>\u201cLa Cuarta Transformaci\u00f3n es bienestar para el pueblo de M\u00e9xico, la Cuarta Transformaci\u00f3n es libertades para el pueblo de M\u00e9xico, que la Cuarta Transformaci\u00f3n es democracia para nuestro pa\u00eds y la Cuarta Transformaci\u00f3n es justicia para M\u00e9xico\u201d, precis\u00f3.<\/em><\/p>\n\n\n\n<p>Como ejemplo puso el modelo humanista que impuls\u00f3 el presidente Andr\u00e9s Manuel L\u00f3pez Obrador y al que ella dar\u00e1 continuidad en el segundo piso de la transformaci\u00f3n, que se basa en garantizar el acceso a derechos como la salud, la vivienda, la educaci\u00f3n y un salario digno.<\/p>\n\n\n\n<p><em>\u201cSi se fijan son derechos, no son privilegios, no son mercanc\u00edas, lo b\u00e1sico que debemos tener. Debemos tener acceso a la educaci\u00f3n, a la salud p\u00fablica, a la vivienda, eso lo debe proveer el Estado y los gobiernos debemos garantizarlo\u201d, afirm\u00f3.<\/em><\/p>\n\n\n\n<p>Por ello, garantiz\u00f3 que habr\u00e1 continuidad de programas sociales como la pensi\u00f3n para adultos mayores, las becas para estudiantes de preparatoria y los apoyos al campo; adem\u00e1s de nuevos proyectos como el apoyo a mujeres de 60 a 64 a\u00f1os y las becas universales para estudiantes desde preescolar hasta secundaria.<\/p>\n\n\n\n<p>Sumado a esto, asever\u00f3 que en su gesti\u00f3n habr\u00e1 un trabajo coordinado con el gobierno de Quintana Roo para atender las necesidades m\u00e1s fundamentales de ese estado, como son centros de salud, caminos y acceso al agua potable.<\/p>\n\n\n\n<p><em>\u201cVamos a hacer equipo con la gobernadora, con Mara, vamos a hacer equipo porque a ella todav\u00eda le va a tocar tres a\u00f1os y nosotros vamos a estar tres a\u00f1os y hay que seguir fortaleciendo el apoyo al campo, la infraestructura desde centros de salud, caminos, agua, necesidades de pozos y otras necesidades que tiene Quintana Roo\u201d, adelant\u00f3.<\/em><\/p>\n\n\n\n<p>Por su parte, Elda Xix Euan, candidata a Diputada Federal por el Distrito 2 de Quintana Roo, expres\u00f3 su confianza en Claudia Sheinbaum como una mujer preparada y que inspira a otras mujeres del pa\u00eds para alcanzar sus sue\u00f1os.<\/p>\n\n\n\n<p><em>\u201cConfiamos en ti, Claudia, mujer de retos e incansable, tu noble labor nos inspira todos los d\u00edas a luchar por nuestros sue\u00f1os, a no claudicar, porque t\u00fa eres una gran mujer. Ser\u00e1s nuestra pr\u00f3xima presidenta de M\u00e9xico, una gran mujer, una gran acad\u00e9mica y una gran cient\u00edfica que, con sus acciones honorables, trato humano y gran coraz\u00f3n, estar\u00e1 dirigiendo el segundo piso de la transformaci\u00f3n de nuestra amada patria\u201d, expres\u00f3.<\/em><\/p>\n\n\n\n<p>Adem\u00e1s, la candidata a senadora por el estado de Quintana Roo, Alma Anah\u00ed Gonz\u00e1lez Hern\u00e1ndez, advirti\u00f3 el triunfo de la 4T en su entidad, donde todos est\u00e1n convencidos de que debe continuar la transformaci\u00f3n del pa\u00eds.<\/p>\n\n\n\n<p><em>\u201cAqu\u00ed no necesitamos convencer a nadie, aqu\u00ed en Quintana Roo ya estamos convencidos, queremos que siga la transformaci\u00f3n\u201d, apunt\u00f3.<\/em><\/p>\n\n\n\n<p>Al evento tambi\u00e9n acudi\u00f3 Eugenio Segura V\u00e1zquez, candidato a senador por el estado de Quintana Roo; Gerardo Guti\u00e9rrez L\u00f3pez, Comisionado Pol\u00edtico Nacional del PT en Quintana Roo; Juan Hugo de la Rosa, Coordinador de la Circunscripci\u00f3n N\u00famero 3; Johana Acosta Conrado, presidenta del Comit\u00e9 Estatal de Morena; Cuitl\u00e1huac Bardan Esquivel, delegado estatal de la Candidata a la Presidencia de la Rep\u00fablica; y Ren\u00e1n Eduardo S\u00e1nchez Tajonar, dirigente estatal de PVEM.<\/p>\n","protected":false},"excerpt":{"rendered":"<p>Felipe Carrillo Puerto, Quintana Roo, a 13 de marzo de 2024.- Las y los representantes de los pueblos mayas en Quintana Roo, realizaron el nombramiento de \u201cHermana Mayor\u201d a la candidata de \u201cSigamos Haciendo Historia\u201d (Morena, PT y PVEM) a la Presidencia de la Rep\u00fablica, Claudia Sheinbaum Pardo, durante un encuentro con las y los [&hellip;]<\/p>\n","protected":false},"author":1,"featured_media":7625,"comment_status":"open","ping_status":"open","sticky":false,"template":"","format":"standard","meta":{"_jetpack_memberships_contains_paid_content":false,"footnotes":""},"categories":[468],"tags":[181],"class_list":["post-7626","post","type-post","status-publish","format-standard","has-post-thumbnail","hentry","category-elecciones-2024","tag-claudia-sheinbaum"],"yoast_head":"<!-- This site is optimized with the Yoast SEO plugin v26.6 - https:\/\/yoast.com\/wordpress\/plugins\/seo\/ -->\n<title>Nombran \u201chermana mayor\u201d a Claudia Sheinbaum en Quintana Roo - M\u00e1s Que Noticias<\/title>\n<meta name=\"robots\" content=\"index, follow, max-snippet:-1, max-image-preview:large, max-video-preview:-1\" \/>\n<link rel=\"canonical\" href=\"https:\/\/masquenoticias.mx\/index.php\/2024\/03\/13\/nombran-hermana-mayor-a-claudia-sheinbaum-en-quintana-roo\/\" \/>\n<meta property=\"og:locale\" content=\"es_MX\" \/>\n<meta property=\"og:type\" content=\"article\" \/>\n<meta property=\"og:title\" content=\"Nombran \u201chermana mayor\u201d a Claudia Sheinbaum en Quintana Roo - M\u00e1s Que Noticias\" \/>\n<meta property=\"og:description\" content=\"Felipe Carrillo Puerto, Quintana Roo, a 13 de marzo de 2024.- Las y los representantes de los pueblos mayas en Quintana Roo, realizaron el nombramiento de \u201cHermana Mayor\u201d a la candidata de \u201cSigamos Haciendo Historia\u201d (Morena, PT y PVEM) a la Presidencia de la Rep\u00fablica, Claudia Sheinbaum Pardo, durante un encuentro con las y los [&hellip;]\" \/>\n<meta property=\"og:url\" content=\"https:\/\/masquenoticias.mx\/index.php\/2024\/03\/13\/nombran-hermana-mayor-a-claudia-sheinbaum-en-quintana-roo\/\" \/>\n<meta property=\"og:site_name\" content=\"M\u00e1s Que Noticias\" \/>\n<meta property=\"article:publisher\" content=\"https:\/\/www.facebook.com\/masquenoticiascolima\" \/>\n<meta property=\"article:published_time\" content=\"2024-03-13T20:26:00+00:00\" \/>\n<meta property=\"article:modified_time\" content=\"2024-03-13T20:26:01+00:00\" \/>\n<meta property=\"og:image\" content=\"https:\/\/i0.wp.com\/masquenoticias.mx\/wp-content\/uploads\/2024\/03\/2821de1d-6df7-404e-b46d-c100355c5e80-1-jpg.webp?fit=1280%2C853&ssl=1\" \/>\n\t<meta property=\"og:image:width\" content=\"1280\" \/>\n\t<meta property=\"og:image:height\" content=\"853\" \/>\n\t<meta property=\"og:image:type\" content=\"image\/jpeg\" \/>\n<meta name=\"author\" content=\"Redacci\u00f3n\" \/>\n<meta name=\"twitter:card\" content=\"summary_large_image\" \/>\n<meta name=\"twitter:creator\" content=\"@edgartove\" \/>\n<meta name=\"twitter:site\" content=\"@edgartove\" \/>\n<meta name=\"twitter:label1\" content=\"Escrito por\" \/>\n\t<meta name=\"twitter:data1\" content=\"Redacci\u00f3n\" \/>\n\t<meta name=\"twitter:label2\" content=\"Tiempo de lectura\" \/>\n\t<meta name=\"twitter:data2\" content=\"4 minutos\" \/>\n<script type=\"application\/ld+json\" class=\"yoast-schema-graph\">{\"@context\":\"https:\/\/schema.org\",\"@graph\":[{\"@type\":\"Article\",\"@id\":\"https:\/\/masquenoticias.mx\/index.php\/2024\/03\/13\/nombran-hermana-mayor-a-claudia-sheinbaum-en-quintana-roo\/#article\",\"isPartOf\":{\"@id\":\"https:\/\/masquenoticias.mx\/index.php\/2024\/03\/13\/nombran-hermana-mayor-a-claudia-sheinbaum-en-quintana-roo\/\"},\"author\":{\"name\":\"Redacci\u00f3n\",\"@id\":\"https:\/\/masquenoticias.mx\/#\/schema\/person\/544d19989ef23d34615f691f7a96e622\"},\"headline\":\"Nombran \u201chermana mayor\u201d a Claudia Sheinbaum en Quintana Roo\",\"datePublished\":\"2024-03-13T20:26:00+00:00\",\"dateModified\":\"2024-03-13T20:26:01+00:00\",\"mainEntityOfPage\":{\"@id\":\"https:\/\/masquenoticias.mx\/index.php\/2024\/03\/13\/nombran-hermana-mayor-a-claudia-sheinbaum-en-quintana-roo\/\"},\"wordCount\":726,\"commentCount\":0,\"publisher\":{\"@id\":\"https:\/\/masquenoticias.mx\/#organization\"},\"image\":{\"@id\":\"https:\/\/masquenoticias.mx\/index.php\/2024\/03\/13\/nombran-hermana-mayor-a-claudia-sheinbaum-en-quintana-roo\/#primaryimage\"},\"thumbnailUrl\":\"https:\/\/i0.wp.com\/masquenoticias.mx\/wp-content\/uploads\/2024\/03\/2821de1d-6df7-404e-b46d-c100355c5e80-1-jpg.webp?fit=1280%2C853&ssl=1\",\"keywords\":[\"Claudia Sheinbaum\"],\"articleSection\":[\"Elecciones 2024\"],\"inLanguage\":\"es\",\"potentialAction\":[{\"@type\":\"CommentAction\",\"name\":\"Comment\",\"target\":[\"https:\/\/masquenoticias.mx\/index.php\/2024\/03\/13\/nombran-hermana-mayor-a-claudia-sheinbaum-en-quintana-roo\/#respond\"]}]},{\"@type\":\"WebPage\",\"@id\":\"https:\/\/masquenoticias.mx\/index.php\/2024\/03\/13\/nombran-hermana-mayor-a-claudia-sheinbaum-en-quintana-roo\/\",\"url\":\"https:\/\/masquenoticias.mx\/index.php\/2024\/03\/13\/nombran-hermana-mayor-a-claudia-sheinbaum-en-quintana-roo\/\",\"name\":\"Nombran \u201chermana mayor\u201d a Claudia Sheinbaum en Quintana Roo - M\u00e1s Que Noticias\",\"isPartOf\":{\"@id\":\"https:\/\/masquenoticias.mx\/#website\"},\"primaryImageOfPage\":{\"@id\":\"https:\/\/masquenoticias.mx\/index.php\/2024\/03\/13\/nombran-hermana-mayor-a-claudia-sheinbaum-en-quintana-roo\/#primaryimage\"},\"image\":{\"@id\":\"https:\/\/masquenoticias.mx\/index.php\/2024\/03\/13\/nombran-hermana-mayor-a-claudia-sheinbaum-en-quintana-roo\/#primaryimage\"},\"thumbnailUrl\":\"https:\/\/i0.wp.com\/masquenoticias.mx\/wp-content\/uploads\/2024\/03\/2821de1d-6df7-404e-b46d-c100355c5e80-1-jpg.webp?fit=1280%2C853&ssl=1\",\"datePublished\":\"2024-03-13T20:26:00+00:00\",\"dateModified\":\"2024-03-13T20:26:01+00:00\",\"breadcrumb\":{\"@id\":\"https:\/\/masquenoticias.mx\/index.php\/2024\/03\/13\/nombran-hermana-mayor-a-claudia-sheinbaum-en-quintana-roo\/#breadcrumb\"},\"inLanguage\":\"es\",\"potentialAction\":[{\"@type\":\"ReadAction\",\"target\":[\"https:\/\/masquenoticias.mx\/index.php\/2024\/03\/13\/nombran-hermana-mayor-a-claudia-sheinbaum-en-quintana-roo\/\"]}]},{\"@type\":\"ImageObject\",\"inLanguage\":\"es\",\"@id\":\"https:\/\/masquenoticias.mx\/index.php\/2024\/03\/13\/nombran-hermana-mayor-a-claudia-sheinbaum-en-quintana-roo\/#primaryimage\",\"url\":\"https:\/\/i0.wp.com\/masquenoticias.mx\/wp-content\/uploads\/2024\/03\/2821de1d-6df7-404e-b46d-c100355c5e80-1-jpg.webp?fit=1280%2C853&ssl=1\",\"contentUrl\":\"https:\/\/i0.wp.com\/masquenoticias.mx\/wp-content\/uploads\/2024\/03\/2821de1d-6df7-404e-b46d-c100355c5e80-1-jpg.webp?fit=1280%2C853&ssl=1\",\"width\":1280,\"height\":853},{\"@type\":\"BreadcrumbList\",\"@id\":\"https:\/\/masquenoticias.mx\/index.php\/2024\/03\/13\/nombran-hermana-mayor-a-claudia-sheinbaum-en-quintana-roo\/#breadcrumb\",\"itemListElement\":[{\"@type\":\"ListItem\",\"position\":1,\"name\":\"Inicio\",\"item\":\"https:\/\/masquenoticias.mx\/\"},{\"@type\":\"ListItem\",\"position\":2,\"name\":\"Nombran \u201chermana mayor\u201d a Claudia Sheinbaum en Quintana Roo\"}]},{\"@type\":\"WebSite\",\"@id\":\"https:\/\/masquenoticias.mx\/#website\",\"url\":\"https:\/\/masquenoticias.mx\/\",\"name\":\"M\u00e1s Que Noticias\",\"description\":\"Noticias de Colima, M\u00e9xico y el Mundo\",\"publisher\":{\"@id\":\"https:\/\/masquenoticias.mx\/#organization\"},\"potentialAction\":[{\"@type\":\"SearchAction\",\"target\":{\"@type\":\"EntryPoint\",\"urlTemplate\":\"https:\/\/masquenoticias.mx\/?s={search_term_string}\"},\"query-input\":{\"@type\":\"PropertyValueSpecification\",\"valueRequired\":true,\"valueName\":\"search_term_string\"}}],\"inLanguage\":\"es\"},{\"@type\":\"Organization\",\"@id\":\"https:\/\/masquenoticias.mx\/#organization\",\"name\":\"M\u00e1s Que Noticias\",\"url\":\"https:\/\/masquenoticias.mx\/\",\"logo\":{\"@type\":\"ImageObject\",\"inLanguage\":\"es\",\"@id\":\"https:\/\/masquenoticias.mx\/#\/schema\/logo\/image\/\",\"url\":\"https:\/\/i0.wp.com\/masquenoticias.mx\/wp-content\/uploads\/2024\/04\/IMG_0004.png?fit=2560%2C1656&ssl=1\",\"contentUrl\":\"https:\/\/i0.wp.com\/masquenoticias.mx\/wp-content\/uploads\/2024\/04\/IMG_0004.png?fit=2560%2C1656&ssl=1\",\"width\":2560,\"height\":1656,\"caption\":\"M\u00e1s Que Noticias\"},\"image\":{\"@id\":\"https:\/\/masquenoticias.mx\/#\/schema\/logo\/image\/\"},\"sameAs\":[\"https:\/\/www.facebook.com\/masquenoticiascolima\",\"https:\/\/x.com\/edgartove\",\"https:\/\/www.instagram.com\/masquenoticiascolima\/\"]},{\"@type\":\"Person\",\"@id\":\"https:\/\/masquenoticias.mx\/#\/schema\/person\/544d19989ef23d34615f691f7a96e622\",\"name\":\"Redacci\u00f3n\",\"image\":{\"@type\":\"ImageObject\",\"inLanguage\":\"es\",\"@id\":\"https:\/\/masquenoticias.mx\/#\/schema\/person\/image\/\",\"url\":\"https:\/\/secure.gravatar.com\/avatar\/7fcc926d5b058d3f3d52d95b4d05dd58?s=96&d=mm&r=g\",\"contentUrl\":\"https:\/\/secure.gravatar.com\/avatar\/7fcc926d5b058d3f3d52d95b4d05dd58?s=96&d=mm&r=g\",\"caption\":\"Redacci\u00f3n\"},\"sameAs\":[\"http:\/\/masquenoticias.mx\"],\"url\":\"https:\/\/masquenoticias.mx\/index.php\/author\/edgartovegmail-com\/\"}]}<\/script>\n<!-- \/ Yoast SEO plugin. -->","yoast_head_json":{"title":"Nombran \u201chermana mayor\u201d a Claudia Sheinbaum en Quintana Roo - M\u00e1s Que Noticias","robots":{"index":"index","follow":"follow","max-snippet":"max-snippet:-1","max-image-preview":"max-image-preview:large","max-video-preview":"max-video-preview:-1"},"canonical":"https:\/\/masquenoticias.mx\/index.php\/2024\/03\/13\/nombran-hermana-mayor-a-claudia-sheinbaum-en-quintana-roo\/","og_locale":"es_MX","og_type":"article","og_title":"Nombran \u201chermana mayor\u201d a Claudia Sheinbaum en Quintana Roo - M\u00e1s Que Noticias","og_description":"Felipe Carrillo Puerto, Quintana Roo, a 13 de marzo de 2024.- Las y los representantes de los pueblos mayas en Quintana Roo, realizaron el nombramiento de \u201cHermana Mayor\u201d a la candidata de \u201cSigamos Haciendo Historia\u201d (Morena, PT y PVEM) a la Presidencia de la Rep\u00fablica, Claudia Sheinbaum Pardo, durante un encuentro con las y los [&hellip;]","og_url":"https:\/\/masquenoticias.mx\/index.php\/2024\/03\/13\/nombran-hermana-mayor-a-claudia-sheinbaum-en-quintana-roo\/","og_site_name":"M\u00e1s Que Noticias","article_publisher":"https:\/\/www.facebook.com\/masquenoticiascolima","article_published_time":"2024-03-13T20:26:00+00:00","article_modified_time":"2024-03-13T20:26:01+00:00","og_image":[{"width":1280,"height":853,"url":"https:\/\/i0.wp.com\/masquenoticias.mx\/wp-content\/uploads\/2024\/03\/2821de1d-6df7-404e-b46d-c100355c5e80-1-jpg.webp?fit=1280%2C853&ssl=1","type":"image\/jpeg"}],"author":"Redacci\u00f3n","twitter_card":"summary_large_image","twitter_creator":"@edgartove","twitter_site":"@edgartove","twitter_misc":{"Escrito por":"Redacci\u00f3n","Tiempo de lectura":"4 minutos"},"schema":{"@context":"https:\/\/schema.org","@graph":[{"@type":"Article","@id":"https:\/\/masquenoticias.mx\/index.php\/2024\/03\/13\/nombran-hermana-mayor-a-claudia-sheinbaum-en-quintana-roo\/#article","isPartOf":{"@id":"https:\/\/masquenoticias.mx\/index.php\/2024\/03\/13\/nombran-hermana-mayor-a-claudia-sheinbaum-en-quintana-roo\/"},"author":{"name":"Redacci\u00f3n","@id":"https:\/\/masquenoticias.mx\/#\/schema\/person\/544d19989ef23d34615f691f7a96e622"},"headline":"Nombran \u201chermana mayor\u201d a Claudia Sheinbaum en Quintana Roo","datePublished":"2024-03-13T20:26:00+00:00","dateModified":"2024-03-13T20:26:01+00:00","mainEntityOfPage":{"@id":"https:\/\/masquenoticias.mx\/index.php\/2024\/03\/13\/nombran-hermana-mayor-a-claudia-sheinbaum-en-quintana-roo\/"},"wordCount":726,"commentCount":0,"publisher":{"@id":"https:\/\/masquenoticias.mx\/#organization"},"image":{"@id":"https:\/\/masquenoticias.mx\/index.php\/2024\/03\/13\/nombran-hermana-mayor-a-claudia-sheinbaum-en-quintana-roo\/#primaryimage"},"thumbnailUrl":"https:\/\/i0.wp.com\/masquenoticias.mx\/wp-content\/uploads\/2024\/03\/2821de1d-6df7-404e-b46d-c100355c5e80-1-jpg.webp?fit=1280%2C853&ssl=1","keywords":["Claudia Sheinbaum"],"articleSection":["Elecciones 2024"],"inLanguage":"es","potentialAction":[{"@type":"CommentAction","name":"Comment","target":["https:\/\/masquenoticias.mx\/index.php\/2024\/03\/13\/nombran-hermana-mayor-a-claudia-sheinbaum-en-quintana-roo\/#respond"]}]},{"@type":"WebPage","@id":"https:\/\/masquenoticias.mx\/index.php\/2024\/03\/13\/nombran-hermana-mayor-a-claudia-sheinbaum-en-quintana-roo\/","url":"https:\/\/masquenoticias.mx\/index.php\/2024\/03\/13\/nombran-hermana-mayor-a-claudia-sheinbaum-en-quintana-roo\/","name":"Nombran \u201chermana mayor\u201d a Claudia Sheinbaum en Quintana Roo - M\u00e1s Que Noticias","isPartOf":{"@id":"https:\/\/masquenoticias.mx\/#website"},"primaryImageOfPage":{"@id":"https:\/\/masquenoticias.mx\/index.php\/2024\/03\/13\/nombran-hermana-mayor-a-claudia-sheinbaum-en-quintana-roo\/#primaryimage"},"image":{"@id":"https:\/\/masquenoticias.mx\/index.php\/2024\/03\/13\/nombran-hermana-mayor-a-claudia-sheinbaum-en-quintana-roo\/#primaryimage"},"thumbnailUrl":"https:\/\/i0.wp.com\/masquenoticias.mx\/wp-content\/uploads\/2024\/03\/2821de1d-6df7-404e-b46d-c100355c5e80-1-jpg.webp?fit=1280%2C853&ssl=1","datePublished":"2024-03-13T20:26:00+00:00","dateModified":"2024-03-13T20:26:01+00:00","breadcrumb":{"@id":"https:\/\/masquenoticias.mx\/index.php\/2024\/03\/13\/nombran-hermana-mayor-a-claudia-sheinbaum-en-quintana-roo\/#breadcrumb"},"inLanguage":"es","potentialAction":[{"@type":"ReadAction","target":["https:\/\/masquenoticias.mx\/index.php\/2024\/03\/13\/nombran-hermana-mayor-a-claudia-sheinbaum-en-quintana-roo\/"]}]},{"@type":"ImageObject","inLanguage":"es","@id":"https:\/\/masquenoticias.mx\/index.php\/2024\/03\/13\/nombran-hermana-mayor-a-claudia-sheinbaum-en-quintana-roo\/#primaryimage","url":"https:\/\/i0.wp.com\/masquenoticias.mx\/wp-content\/uploads\/2024\/03\/2821de1d-6df7-404e-b46d-c100355c5e80-1-jpg.webp?fit=1280%2C853&ssl=1","contentUrl":"https:\/\/i0.wp.com\/masquenoticias.mx\/wp-content\/uploads\/2024\/03\/2821de1d-6df7-404e-b46d-c100355c5e80-1-jpg.webp?fit=1280%2C853&ssl=1","width":1280,"height":853},{"@type":"BreadcrumbList","@id":"https:\/\/masquenoticias.mx\/index.php\/2024\/03\/13\/nombran-hermana-mayor-a-claudia-sheinbaum-en-quintana-roo\/#breadcrumb","itemListElement":[{"@type":"ListItem","position":1,"name":"Inicio","item":"https:\/\/masquenoticias.mx\/"},{"@type":"ListItem","position":2,"name":"Nombran \u201chermana mayor\u201d a Claudia Sheinbaum en Quintana Roo"}]},{"@type":"WebSite","@id":"https:\/\/masquenoticias.mx\/#website","url":"https:\/\/masquenoticias.mx\/","name":"M\u00e1s Que Noticias","description":"Noticias de Colima, M\u00e9xico y el Mundo","publisher":{"@id":"https:\/\/masquenoticias.mx\/#organization"},"potentialAction":[{"@type":"SearchAction","target":{"@type":"EntryPoint","urlTemplate":"https:\/\/masquenoticias.mx\/?s={search_term_string}"},"query-input":{"@type":"PropertyValueSpecification","valueRequired":true,"valueName":"search_term_string"}}],"inLanguage":"es"},{"@type":"Organization","@id":"https:\/\/masquenoticias.mx\/#organization","name":"M\u00e1s Que Noticias","url":"https:\/\/masquenoticias.mx\/","logo":{"@type":"ImageObject","inLanguage":"es","@id":"https:\/\/masquenoticias.mx\/#\/schema\/logo\/image\/","url":"https:\/\/i0.wp.com\/masquenoticias.mx\/wp-content\/uploads\/2024\/04\/IMG_0004.png?fit=2560%2C1656&ssl=1","contentUrl":"https:\/\/i0.wp.com\/masquenoticias.mx\/wp-content\/uploads\/2024\/04\/IMG_0004.png?fit=2560%2C1656&ssl=1","width":2560,"height":1656,"caption":"M\u00e1s Que Noticias"},"image":{"@id":"https:\/\/masquenoticias.mx\/#\/schema\/logo\/image\/"},"sameAs":["https:\/\/www.facebook.com\/masquenoticiascolima","https:\/\/x.com\/edgartove","https:\/\/www.instagram.com\/masquenoticiascolima\/"]},{"@type":"Person","@id":"https:\/\/masquenoticias.mx\/#\/schema\/person\/544d19989ef23d34615f691f7a96e622","name":"Redacci\u00f3n","image":{"@type":"ImageObject","inLanguage":"es","@id":"https:\/\/masquenoticias.mx\/#\/schema\/person\/image\/","url":"https:\/\/secure.gravatar.com\/avatar\/7fcc926d5b058d3f3d52d95b4d05dd58?s=96&d=mm&r=g","contentUrl":"https:\/\/secure.gravatar.com\/avatar\/7fcc926d5b058d3f3d52d95b4d05dd58?s=96&d=mm&r=g","caption":"Redacci\u00f3n"},"sameAs":["http:\/\/masquenoticias.mx"],"url":"https:\/\/masquenoticias.mx\/index.php\/author\/edgartovegmail-com\/"}]}},"jetpack_featured_media_url":"https:\/\/i0.wp.com\/masquenoticias.mx\/wp-content\/uploads\/2024\/03\/2821de1d-6df7-404e-b46d-c100355c5e80-1-jpg.webp?fit=1280%2C853&ssl=1","blog_post_layout_featured_media_urls":{"thumbnail":["https:\/\/i0.wp.com\/masquenoticias.mx\/wp-content\/uploads\/2024\/03\/2821de1d-6df7-404e-b46d-c100355c5e80-1-jpg.webp?resize=150%2C150&ssl=1",150,150,true],"full":["https:\/\/i0.wp.com\/masquenoticias.mx\/wp-content\/uploads\/2024\/03\/2821de1d-6df7-404e-b46d-c100355c5e80-1-jpg.webp?fit=1280%2C853&ssl=1",1280,853,false]},"categories_names":{"468":{"name":"Elecciones 2024","link":"https:\/\/masquenoticias.mx\/index.php\/category\/elecciones-2024\/"}},"tags_names":{"181":{"name":"Claudia Sheinbaum","link":"https:\/\/masquenoticias.mx\/index.php\/tag\/claudia-sheinbaum\/"}},"comments_number":"0","wpmagazine_modules_lite_featured_media_urls":{"thumbnail":["https:\/\/i0.wp.com\/masquenoticias.mx\/wp-content\/uploads\/2024\/03\/2821de1d-6df7-404e-b46d-c100355c5e80-1-jpg.webp?resize=150%2C150&ssl=1",150,150,true],"cvmm-medium":["https:\/\/i0.wp.com\/masquenoticias.mx\/wp-content\/uploads\/2024\/03\/2821de1d-6df7-404e-b46d-c100355c5e80-1-jpg.webp?resize=300%2C300&ssl=1",300,300,true],"cvmm-medium-plus":["https:\/\/i0.wp.com\/masquenoticias.mx\/wp-content\/uploads\/2024\/03\/2821de1d-6df7-404e-b46d-c100355c5e80-1-jpg.webp?resize=305%2C207&ssl=1",305,207,true],"cvmm-portrait":["https:\/\/i0.wp.com\/masquenoticias.mx\/wp-content\/uploads\/2024\/03\/2821de1d-6df7-404e-b46d-c100355c5e80-1-jpg.webp?resize=400%2C600&ssl=1",400,600,true],"cvmm-medium-square":["https:\/\/i0.wp.com\/masquenoticias.mx\/wp-content\/uploads\/2024\/03\/2821de1d-6df7-404e-b46d-c100355c5e80-1-jpg.webp?resize=600%2C600&ssl=1",600,600,true],"cvmm-large":["https:\/\/i0.wp.com\/masquenoticias.mx\/wp-content\/uploads\/2024\/03\/2821de1d-6df7-404e-b46d-c100355c5e80-1-jpg.webp?resize=1024%2C853&ssl=1",1024,853,true],"cvmm-small":["https:\/\/i0.wp.com\/masquenoticias.mx\/wp-content\/uploads\/2024\/03\/2821de1d-6df7-404e-b46d-c100355c5e80-1-jpg.webp?resize=130%2C95&ssl=1",130,95,true],"full":["https:\/\/i0.wp.com\/masquenoticias.mx\/wp-content\/uploads\/2024\/03\/2821de1d-6df7-404e-b46d-c100355c5e80-1-jpg.webp?fit=1280%2C853&ssl=1",1280,853,false]},"jetpack-related-posts":[],"jetpack_sharing_enabled":true,"jetpack_likes_enabled":true,"jetpack_shortlink":"https:\/\/wp.me\/pf7pkt-1Z0","_links":{"self":[{"href":"https:\/\/masquenoticias.mx\/index.php\/wp-json\/wp\/v2\/posts\/7626","targetHints":{"allow":["GET"]}}],"collection":[{"href":"https:\/\/masquenoticias.mx\/index.php\/wp-json\/wp\/v2\/posts"}],"about":[{"href":"https:\/\/masquenoticias.mx\/index.php\/wp-json\/wp\/v2\/types\/post"}],"author":[{"embeddable":true,"href":"https:\/\/masquenoticias.mx\/index.php\/wp-json\/wp\/v2\/users\/1"}],"replies":[{"embeddable":true,"href":"https:\/\/masquenoticias.mx\/index.php\/wp-json\/wp\/v2\/comments?post=7626"}],"version-history":[{"count":0,"href":"https:\/\/masquenoticias.mx\/index.php\/wp-json\/wp\/v2\/posts\/7626\/revisions"}],"wp:featuredmedia":[{"embeddable":true,"href":"https:\/\/masquenoticias.mx\/index.php\/wp-json\/wp\/v2\/media\/7625"}],"wp:attachment":[{"href":"https:\/\/masquenoticias.mx\/index.php\/wp-json\/wp\/v2\/media?parent=7626"}],"wp:term":[{"taxonomy":"category","embeddable":true,"href":"https:\/\/masquenoticias.mx\/index.php\/wp-json\/wp\/v2\/categories?post=7626"},{"taxonomy":"post_tag","embeddable":true,"href":"https:\/\/masquenoticias.mx\/index.php\/wp-json\/wp\/v2\/tags?post=7626"}],"curies":[{"name":"wp","href":"https:\/\/api.w.org\/{rel}","templated":true}]}}