{"id":7573,"date":"2024-03-09T21:47:00","date_gmt":"2024-03-10T03:47:00","guid":{"rendered":"https:\/\/masquenoticias.mx\/?p=7573"},"modified":"2024-03-10T22:47:51","modified_gmt":"2024-03-11T04:47:51","slug":"vamos-a-recuperar-la-grandeza-de-colima-maynez","status":"publish","type":"post","link":"https:\/\/masquenoticias.mx\/index.php\/2024\/03\/09\/vamos-a-recuperar-la-grandeza-de-colima-maynez\/","title":{"rendered":"Vamos a recuperar la grandeza de Colima: M\u00e1ynez"},"content":{"rendered":"\n<p><br>En gira por Colima, Jorge \u00c1lvarez M\u00e1ynez, primer candidato presidencial en visitar la entidad, hizo un llamado a las y los colimenses a recuperar su grandeza, para que regrese a ser el peque\u00f1o para\u00edso que fue, y que por la falta de atenci\u00f3n de los malos gobiernos y de la vieja pol\u00edtica en la entidad, vive en el horror de la inseguridad.<\/p>\n\n\n\n<p><br>&#8220;Nosotros no le podemos hablar a nuestras hijas, a nuestros hijos de lo que fue Colima, del Colima en el que crecieron las mujeres y los hombres que hoy est\u00e1n aqu\u00ed. Lo tenemos que recuperar\u201d, puntualiz\u00f3 \u00c1lvarez M\u00e1ynez, al comprometerse que una vez en la presidencia, presentar\u00e1 en esta entidad su programa de seguridad.<\/p>\n\n\n\n<p><br>Enfatiz\u00f3 que el objetivo es dejar atr\u00e1s el presente marcado por la violencia al se\u00f1alar que \u201cel recuerdo no va a ser el peque\u00f1o para\u00edso, el recuerdo va a ser el horror que hoy vive Colima. Nunca m\u00e1s van a ver en el \u00faltimo lugar a su estado, nunca m\u00e1s van a ver a Colima con m\u00e1s homicidios&#8221;, afirm\u00f3.<\/p>\n\n\n\n<p><br>M\u00e1ynez hizo un llamado a la poblaci\u00f3n a participar en la construcci\u00f3n del M\u00e9xico Nuevo y de Colima, y subray\u00f3 que &#8220;M\u00e9xico va a cambiar cuando entendamos que el cambio somos todas y todos&#8221;.<\/p>\n\n\n\n<p><br>Agradeci\u00f3 el respaldo de quienes han construido un proyecto en la entidad, y reconoci\u00f3 el esfuerzo de todas las personas por abrir las puertas para un cambio real en M\u00e9xico y Colima, en referencia al trabajo de Benjam\u00edn Alamillo, delegado nacional de Movimiento Ciudadano en la entidad.<\/p>\n\n\n\n<p><br>En su gira lo acompa\u00f1aron la f\u00f3rmula al Senado por Movimiento Ciudadano, Griselda Mart\u00ednez y Chuy Due\u00f1as, junto a las candidatas a diputadas federales Daniela Mu\u00f1iz (02) y Romina Serrano (01).<\/p>\n","protected":false},"excerpt":{"rendered":"<p>En gira por Colima, Jorge \u00c1lvarez M\u00e1ynez, primer candidato presidencial en visitar la entidad, hizo un llamado a las y los colimenses a recuperar su grandeza, para que regrese a ser el peque\u00f1o para\u00edso que fue, y que por la falta de atenci\u00f3n de los malos gobiernos y de la vieja pol\u00edtica en la entidad, [&hellip;]<\/p>\n","protected":false},"author":1,"featured_media":7572,"comment_status":"open","ping_status":"open","sticky":false,"template":"","format":"standard","meta":{"_jetpack_memberships_contains_paid_content":false,"footnotes":""},"categories":[468],"tags":[442,60],"class_list":["post-7573","post","type-post","status-publish","format-standard","has-post-thumbnail","hentry","category-elecciones-2024","tag-jorge-alvarez-maynes","tag-movimiento-ciudadano"],"yoast_head":"<!-- This site is optimized with the Yoast SEO plugin v26.6 - https:\/\/yoast.com\/wordpress\/plugins\/seo\/ -->\n<title>Vamos a recuperar la grandeza de Colima: M\u00e1ynez - M\u00e1s Que Noticias<\/title>\n<meta name=\"robots\" content=\"index, follow, max-snippet:-1, max-image-preview:large, max-video-preview:-1\" \/>\n<link rel=\"canonical\" href=\"https:\/\/masquenoticias.mx\/index.php\/2024\/03\/09\/vamos-a-recuperar-la-grandeza-de-colima-maynez\/\" \/>\n<meta property=\"og:locale\" content=\"es_MX\" \/>\n<meta property=\"og:type\" content=\"article\" \/>\n<meta property=\"og:title\" content=\"Vamos a recuperar la grandeza de Colima: M\u00e1ynez - M\u00e1s Que Noticias\" \/>\n<meta property=\"og:description\" content=\"En gira por Colima, Jorge \u00c1lvarez M\u00e1ynez, primer candidato presidencial en visitar la entidad, hizo un llamado a las y los colimenses a recuperar su grandeza, para que regrese a ser el peque\u00f1o para\u00edso que fue, y que por la falta de atenci\u00f3n de los malos gobiernos y de la vieja pol\u00edtica en la entidad, [&hellip;]\" \/>\n<meta property=\"og:url\" content=\"https:\/\/masquenoticias.mx\/index.php\/2024\/03\/09\/vamos-a-recuperar-la-grandeza-de-colima-maynez\/\" \/>\n<meta property=\"og:site_name\" content=\"M\u00e1s Que Noticias\" \/>\n<meta property=\"article:publisher\" content=\"https:\/\/www.facebook.com\/masquenoticiascolima\" \/>\n<meta property=\"article:published_time\" content=\"2024-03-10T03:47:00+00:00\" \/>\n<meta property=\"article:modified_time\" content=\"2024-03-11T04:47:51+00:00\" \/>\n<meta property=\"og:image\" content=\"https:\/\/i0.wp.com\/masquenoticias.mx\/wp-content\/uploads\/2024\/03\/img_2632-1-jpg.webp?fit=1280%2C851&ssl=1\" \/>\n\t<meta property=\"og:image:width\" content=\"1280\" \/>\n\t<meta property=\"og:image:height\" content=\"851\" \/>\n\t<meta property=\"og:image:type\" content=\"image\/jpeg\" \/>\n<meta name=\"author\" content=\"Redacci\u00f3n\" \/>\n<meta name=\"twitter:card\" content=\"summary_large_image\" \/>\n<meta name=\"twitter:creator\" content=\"@edgartove\" \/>\n<meta name=\"twitter:site\" content=\"@edgartove\" \/>\n<meta name=\"twitter:label1\" content=\"Escrito por\" \/>\n\t<meta name=\"twitter:data1\" content=\"Redacci\u00f3n\" \/>\n\t<meta name=\"twitter:label2\" content=\"Tiempo de lectura\" \/>\n\t<meta name=\"twitter:data2\" content=\"2 minutos\" \/>\n<script type=\"application\/ld+json\" class=\"yoast-schema-graph\">{\"@context\":\"https:\/\/schema.org\",\"@graph\":[{\"@type\":\"Article\",\"@id\":\"https:\/\/masquenoticias.mx\/index.php\/2024\/03\/09\/vamos-a-recuperar-la-grandeza-de-colima-maynez\/#article\",\"isPartOf\":{\"@id\":\"https:\/\/masquenoticias.mx\/index.php\/2024\/03\/09\/vamos-a-recuperar-la-grandeza-de-colima-maynez\/\"},\"author\":{\"name\":\"Redacci\u00f3n\",\"@id\":\"https:\/\/masquenoticias.mx\/#\/schema\/person\/544d19989ef23d34615f691f7a96e622\"},\"headline\":\"Vamos a recuperar la grandeza de Colima: M\u00e1ynez\",\"datePublished\":\"2024-03-10T03:47:00+00:00\",\"dateModified\":\"2024-03-11T04:47:51+00:00\",\"mainEntityOfPage\":{\"@id\":\"https:\/\/masquenoticias.mx\/index.php\/2024\/03\/09\/vamos-a-recuperar-la-grandeza-de-colima-maynez\/\"},\"wordCount\":320,\"commentCount\":0,\"publisher\":{\"@id\":\"https:\/\/masquenoticias.mx\/#organization\"},\"image\":{\"@id\":\"https:\/\/masquenoticias.mx\/index.php\/2024\/03\/09\/vamos-a-recuperar-la-grandeza-de-colima-maynez\/#primaryimage\"},\"thumbnailUrl\":\"https:\/\/i0.wp.com\/masquenoticias.mx\/wp-content\/uploads\/2024\/03\/img_2632-1-jpg.webp?fit=1280%2C851&ssl=1\",\"keywords\":[\"Jorge \u00c1lvarez M\u00e1ynes\",\"Movimiento Ciudadano\"],\"articleSection\":[\"Elecciones 2024\"],\"inLanguage\":\"es\",\"potentialAction\":[{\"@type\":\"CommentAction\",\"name\":\"Comment\",\"target\":[\"https:\/\/masquenoticias.mx\/index.php\/2024\/03\/09\/vamos-a-recuperar-la-grandeza-de-colima-maynez\/#respond\"]}]},{\"@type\":\"WebPage\",\"@id\":\"https:\/\/masquenoticias.mx\/index.php\/2024\/03\/09\/vamos-a-recuperar-la-grandeza-de-colima-maynez\/\",\"url\":\"https:\/\/masquenoticias.mx\/index.php\/2024\/03\/09\/vamos-a-recuperar-la-grandeza-de-colima-maynez\/\",\"name\":\"Vamos a recuperar la grandeza de Colima: M\u00e1ynez - M\u00e1s Que Noticias\",\"isPartOf\":{\"@id\":\"https:\/\/masquenoticias.mx\/#website\"},\"primaryImageOfPage\":{\"@id\":\"https:\/\/masquenoticias.mx\/index.php\/2024\/03\/09\/vamos-a-recuperar-la-grandeza-de-colima-maynez\/#primaryimage\"},\"image\":{\"@id\":\"https:\/\/masquenoticias.mx\/index.php\/2024\/03\/09\/vamos-a-recuperar-la-grandeza-de-colima-maynez\/#primaryimage\"},\"thumbnailUrl\":\"https:\/\/i0.wp.com\/masquenoticias.mx\/wp-content\/uploads\/2024\/03\/img_2632-1-jpg.webp?fit=1280%2C851&ssl=1\",\"datePublished\":\"2024-03-10T03:47:00+00:00\",\"dateModified\":\"2024-03-11T04:47:51+00:00\",\"breadcrumb\":{\"@id\":\"https:\/\/masquenoticias.mx\/index.php\/2024\/03\/09\/vamos-a-recuperar-la-grandeza-de-colima-maynez\/#breadcrumb\"},\"inLanguage\":\"es\",\"potentialAction\":[{\"@type\":\"ReadAction\",\"target\":[\"https:\/\/masquenoticias.mx\/index.php\/2024\/03\/09\/vamos-a-recuperar-la-grandeza-de-colima-maynez\/\"]}]},{\"@type\":\"ImageObject\",\"inLanguage\":\"es\",\"@id\":\"https:\/\/masquenoticias.mx\/index.php\/2024\/03\/09\/vamos-a-recuperar-la-grandeza-de-colima-maynez\/#primaryimage\",\"url\":\"https:\/\/i0.wp.com\/masquenoticias.mx\/wp-content\/uploads\/2024\/03\/img_2632-1-jpg.webp?fit=1280%2C851&ssl=1\",\"contentUrl\":\"https:\/\/i0.wp.com\/masquenoticias.mx\/wp-content\/uploads\/2024\/03\/img_2632-1-jpg.webp?fit=1280%2C851&ssl=1\",\"width\":1280,\"height\":851},{\"@type\":\"BreadcrumbList\",\"@id\":\"https:\/\/masquenoticias.mx\/index.php\/2024\/03\/09\/vamos-a-recuperar-la-grandeza-de-colima-maynez\/#breadcrumb\",\"itemListElement\":[{\"@type\":\"ListItem\",\"position\":1,\"name\":\"Inicio\",\"item\":\"https:\/\/masquenoticias.mx\/\"},{\"@type\":\"ListItem\",\"position\":2,\"name\":\"Vamos a recuperar la grandeza de Colima: M\u00e1ynez\"}]},{\"@type\":\"WebSite\",\"@id\":\"https:\/\/masquenoticias.mx\/#website\",\"url\":\"https:\/\/masquenoticias.mx\/\",\"name\":\"M\u00e1s Que Noticias\",\"description\":\"Noticias de Colima, M\u00e9xico y el Mundo\",\"publisher\":{\"@id\":\"https:\/\/masquenoticias.mx\/#organization\"},\"potentialAction\":[{\"@type\":\"SearchAction\",\"target\":{\"@type\":\"EntryPoint\",\"urlTemplate\":\"https:\/\/masquenoticias.mx\/?s={search_term_string}\"},\"query-input\":{\"@type\":\"PropertyValueSpecification\",\"valueRequired\":true,\"valueName\":\"search_term_string\"}}],\"inLanguage\":\"es\"},{\"@type\":\"Organization\",\"@id\":\"https:\/\/masquenoticias.mx\/#organization\",\"name\":\"M\u00e1s Que Noticias\",\"url\":\"https:\/\/masquenoticias.mx\/\",\"logo\":{\"@type\":\"ImageObject\",\"inLanguage\":\"es\",\"@id\":\"https:\/\/masquenoticias.mx\/#\/schema\/logo\/image\/\",\"url\":\"https:\/\/i0.wp.com\/masquenoticias.mx\/wp-content\/uploads\/2024\/04\/IMG_0004.png?fit=2560%2C1656&ssl=1\",\"contentUrl\":\"https:\/\/i0.wp.com\/masquenoticias.mx\/wp-content\/uploads\/2024\/04\/IMG_0004.png?fit=2560%2C1656&ssl=1\",\"width\":2560,\"height\":1656,\"caption\":\"M\u00e1s Que Noticias\"},\"image\":{\"@id\":\"https:\/\/masquenoticias.mx\/#\/schema\/logo\/image\/\"},\"sameAs\":[\"https:\/\/www.facebook.com\/masquenoticiascolima\",\"https:\/\/x.com\/edgartove\",\"https:\/\/www.instagram.com\/masquenoticiascolima\/\"]},{\"@type\":\"Person\",\"@id\":\"https:\/\/masquenoticias.mx\/#\/schema\/person\/544d19989ef23d34615f691f7a96e622\",\"name\":\"Redacci\u00f3n\",\"image\":{\"@type\":\"ImageObject\",\"inLanguage\":\"es\",\"@id\":\"https:\/\/masquenoticias.mx\/#\/schema\/person\/image\/\",\"url\":\"https:\/\/secure.gravatar.com\/avatar\/7fcc926d5b058d3f3d52d95b4d05dd58?s=96&d=mm&r=g\",\"contentUrl\":\"https:\/\/secure.gravatar.com\/avatar\/7fcc926d5b058d3f3d52d95b4d05dd58?s=96&d=mm&r=g\",\"caption\":\"Redacci\u00f3n\"},\"sameAs\":[\"http:\/\/masquenoticias.mx\"],\"url\":\"https:\/\/masquenoticias.mx\/index.php\/author\/edgartovegmail-com\/\"}]}<\/script>\n<!-- \/ Yoast SEO plugin. -->","yoast_head_json":{"title":"Vamos a recuperar la grandeza de Colima: M\u00e1ynez - M\u00e1s Que Noticias","robots":{"index":"index","follow":"follow","max-snippet":"max-snippet:-1","max-image-preview":"max-image-preview:large","max-video-preview":"max-video-preview:-1"},"canonical":"https:\/\/masquenoticias.mx\/index.php\/2024\/03\/09\/vamos-a-recuperar-la-grandeza-de-colima-maynez\/","og_locale":"es_MX","og_type":"article","og_title":"Vamos a recuperar la grandeza de Colima: M\u00e1ynez - M\u00e1s Que Noticias","og_description":"En gira por Colima, Jorge \u00c1lvarez M\u00e1ynez, primer candidato presidencial en visitar la entidad, hizo un llamado a las y los colimenses a recuperar su grandeza, para que regrese a ser el peque\u00f1o para\u00edso que fue, y que por la falta de atenci\u00f3n de los malos gobiernos y de la vieja pol\u00edtica en la entidad, [&hellip;]","og_url":"https:\/\/masquenoticias.mx\/index.php\/2024\/03\/09\/vamos-a-recuperar-la-grandeza-de-colima-maynez\/","og_site_name":"M\u00e1s Que Noticias","article_publisher":"https:\/\/www.facebook.com\/masquenoticiascolima","article_published_time":"2024-03-10T03:47:00+00:00","article_modified_time":"2024-03-11T04:47:51+00:00","og_image":[{"width":1280,"height":851,"url":"https:\/\/i0.wp.com\/masquenoticias.mx\/wp-content\/uploads\/2024\/03\/img_2632-1-jpg.webp?fit=1280%2C851&ssl=1","type":"image\/jpeg"}],"author":"Redacci\u00f3n","twitter_card":"summary_large_image","twitter_creator":"@edgartove","twitter_site":"@edgartove","twitter_misc":{"Escrito por":"Redacci\u00f3n","Tiempo de lectura":"2 minutos"},"schema":{"@context":"https:\/\/schema.org","@graph":[{"@type":"Article","@id":"https:\/\/masquenoticias.mx\/index.php\/2024\/03\/09\/vamos-a-recuperar-la-grandeza-de-colima-maynez\/#article","isPartOf":{"@id":"https:\/\/masquenoticias.mx\/index.php\/2024\/03\/09\/vamos-a-recuperar-la-grandeza-de-colima-maynez\/"},"author":{"name":"Redacci\u00f3n","@id":"https:\/\/masquenoticias.mx\/#\/schema\/person\/544d19989ef23d34615f691f7a96e622"},"headline":"Vamos a recuperar la grandeza de Colima: M\u00e1ynez","datePublished":"2024-03-10T03:47:00+00:00","dateModified":"2024-03-11T04:47:51+00:00","mainEntityOfPage":{"@id":"https:\/\/masquenoticias.mx\/index.php\/2024\/03\/09\/vamos-a-recuperar-la-grandeza-de-colima-maynez\/"},"wordCount":320,"commentCount":0,"publisher":{"@id":"https:\/\/masquenoticias.mx\/#organization"},"image":{"@id":"https:\/\/masquenoticias.mx\/index.php\/2024\/03\/09\/vamos-a-recuperar-la-grandeza-de-colima-maynez\/#primaryimage"},"thumbnailUrl":"https:\/\/i0.wp.com\/masquenoticias.mx\/wp-content\/uploads\/2024\/03\/img_2632-1-jpg.webp?fit=1280%2C851&ssl=1","keywords":["Jorge \u00c1lvarez M\u00e1ynes","Movimiento Ciudadano"],"articleSection":["Elecciones 2024"],"inLanguage":"es","potentialAction":[{"@type":"CommentAction","name":"Comment","target":["https:\/\/masquenoticias.mx\/index.php\/2024\/03\/09\/vamos-a-recuperar-la-grandeza-de-colima-maynez\/#respond"]}]},{"@type":"WebPage","@id":"https:\/\/masquenoticias.mx\/index.php\/2024\/03\/09\/vamos-a-recuperar-la-grandeza-de-colima-maynez\/","url":"https:\/\/masquenoticias.mx\/index.php\/2024\/03\/09\/vamos-a-recuperar-la-grandeza-de-colima-maynez\/","name":"Vamos a recuperar la grandeza de Colima: M\u00e1ynez - M\u00e1s Que Noticias","isPartOf":{"@id":"https:\/\/masquenoticias.mx\/#website"},"primaryImageOfPage":{"@id":"https:\/\/masquenoticias.mx\/index.php\/2024\/03\/09\/vamos-a-recuperar-la-grandeza-de-colima-maynez\/#primaryimage"},"image":{"@id":"https:\/\/masquenoticias.mx\/index.php\/2024\/03\/09\/vamos-a-recuperar-la-grandeza-de-colima-maynez\/#primaryimage"},"thumbnailUrl":"https:\/\/i0.wp.com\/masquenoticias.mx\/wp-content\/uploads\/2024\/03\/img_2632-1-jpg.webp?fit=1280%2C851&ssl=1","datePublished":"2024-03-10T03:47:00+00:00","dateModified":"2024-03-11T04:47:51+00:00","breadcrumb":{"@id":"https:\/\/masquenoticias.mx\/index.php\/2024\/03\/09\/vamos-a-recuperar-la-grandeza-de-colima-maynez\/#breadcrumb"},"inLanguage":"es","potentialAction":[{"@type":"ReadAction","target":["https:\/\/masquenoticias.mx\/index.php\/2024\/03\/09\/vamos-a-recuperar-la-grandeza-de-colima-maynez\/"]}]},{"@type":"ImageObject","inLanguage":"es","@id":"https:\/\/masquenoticias.mx\/index.php\/2024\/03\/09\/vamos-a-recuperar-la-grandeza-de-colima-maynez\/#primaryimage","url":"https:\/\/i0.wp.com\/masquenoticias.mx\/wp-content\/uploads\/2024\/03\/img_2632-1-jpg.webp?fit=1280%2C851&ssl=1","contentUrl":"https:\/\/i0.wp.com\/masquenoticias.mx\/wp-content\/uploads\/2024\/03\/img_2632-1-jpg.webp?fit=1280%2C851&ssl=1","width":1280,"height":851},{"@type":"BreadcrumbList","@id":"https:\/\/masquenoticias.mx\/index.php\/2024\/03\/09\/vamos-a-recuperar-la-grandeza-de-colima-maynez\/#breadcrumb","itemListElement":[{"@type":"ListItem","position":1,"name":"Inicio","item":"https:\/\/masquenoticias.mx\/"},{"@type":"ListItem","position":2,"name":"Vamos a recuperar la grandeza de Colima: M\u00e1ynez"}]},{"@type":"WebSite","@id":"https:\/\/masquenoticias.mx\/#website","url":"https:\/\/masquenoticias.mx\/","name":"M\u00e1s Que Noticias","description":"Noticias de Colima, M\u00e9xico y el Mundo","publisher":{"@id":"https:\/\/masquenoticias.mx\/#organization"},"potentialAction":[{"@type":"SearchAction","target":{"@type":"EntryPoint","urlTemplate":"https:\/\/masquenoticias.mx\/?s={search_term_string}"},"query-input":{"@type":"PropertyValueSpecification","valueRequired":true,"valueName":"search_term_string"}}],"inLanguage":"es"},{"@type":"Organization","@id":"https:\/\/masquenoticias.mx\/#organization","name":"M\u00e1s Que Noticias","url":"https:\/\/masquenoticias.mx\/","logo":{"@type":"ImageObject","inLanguage":"es","@id":"https:\/\/masquenoticias.mx\/#\/schema\/logo\/image\/","url":"https:\/\/i0.wp.com\/masquenoticias.mx\/wp-content\/uploads\/2024\/04\/IMG_0004.png?fit=2560%2C1656&ssl=1","contentUrl":"https:\/\/i0.wp.com\/masquenoticias.mx\/wp-content\/uploads\/2024\/04\/IMG_0004.png?fit=2560%2C1656&ssl=1","width":2560,"height":1656,"caption":"M\u00e1s Que Noticias"},"image":{"@id":"https:\/\/masquenoticias.mx\/#\/schema\/logo\/image\/"},"sameAs":["https:\/\/www.facebook.com\/masquenoticiascolima","https:\/\/x.com\/edgartove","https:\/\/www.instagram.com\/masquenoticiascolima\/"]},{"@type":"Person","@id":"https:\/\/masquenoticias.mx\/#\/schema\/person\/544d19989ef23d34615f691f7a96e622","name":"Redacci\u00f3n","image":{"@type":"ImageObject","inLanguage":"es","@id":"https:\/\/masquenoticias.mx\/#\/schema\/person\/image\/","url":"https:\/\/secure.gravatar.com\/avatar\/7fcc926d5b058d3f3d52d95b4d05dd58?s=96&d=mm&r=g","contentUrl":"https:\/\/secure.gravatar.com\/avatar\/7fcc926d5b058d3f3d52d95b4d05dd58?s=96&d=mm&r=g","caption":"Redacci\u00f3n"},"sameAs":["http:\/\/masquenoticias.mx"],"url":"https:\/\/masquenoticias.mx\/index.php\/author\/edgartovegmail-com\/"}]}},"jetpack_featured_media_url":"https:\/\/i0.wp.com\/masquenoticias.mx\/wp-content\/uploads\/2024\/03\/img_2632-1-jpg.webp?fit=1280%2C851&ssl=1","blog_post_layout_featured_media_urls":{"thumbnail":["https:\/\/i0.wp.com\/masquenoticias.mx\/wp-content\/uploads\/2024\/03\/img_2632-1-jpg.webp?resize=150%2C150&ssl=1",150,150,true],"full":["https:\/\/i0.wp.com\/masquenoticias.mx\/wp-content\/uploads\/2024\/03\/img_2632-1-jpg.webp?fit=1280%2C851&ssl=1",1280,851,false]},"categories_names":{"468":{"name":"Elecciones 2024","link":"https:\/\/masquenoticias.mx\/index.php\/category\/elecciones-2024\/"}},"tags_names":{"442":{"name":"Jorge \u00c1lvarez M\u00e1ynes","link":"https:\/\/masquenoticias.mx\/index.php\/tag\/jorge-alvarez-maynes\/"},"60":{"name":"Movimiento Ciudadano","link":"https:\/\/masquenoticias.mx\/index.php\/tag\/movimiento-ciudadano\/"}},"comments_number":"0","wpmagazine_modules_lite_featured_media_urls":{"thumbnail":["https:\/\/i0.wp.com\/masquenoticias.mx\/wp-content\/uploads\/2024\/03\/img_2632-1-jpg.webp?resize=150%2C150&ssl=1",150,150,true],"cvmm-medium":["https:\/\/i0.wp.com\/masquenoticias.mx\/wp-content\/uploads\/2024\/03\/img_2632-1-jpg.webp?resize=300%2C300&ssl=1",300,300,true],"cvmm-medium-plus":["https:\/\/i0.wp.com\/masquenoticias.mx\/wp-content\/uploads\/2024\/03\/img_2632-1-jpg.webp?resize=305%2C207&ssl=1",305,207,true],"cvmm-portrait":["https:\/\/i0.wp.com\/masquenoticias.mx\/wp-content\/uploads\/2024\/03\/img_2632-1-jpg.webp?resize=400%2C600&ssl=1",400,600,true],"cvmm-medium-square":["https:\/\/i0.wp.com\/masquenoticias.mx\/wp-content\/uploads\/2024\/03\/img_2632-1-jpg.webp?resize=600%2C600&ssl=1",600,600,true],"cvmm-large":["https:\/\/i0.wp.com\/masquenoticias.mx\/wp-content\/uploads\/2024\/03\/img_2632-1-jpg.webp?resize=1024%2C851&ssl=1",1024,851,true],"cvmm-small":["https:\/\/i0.wp.com\/masquenoticias.mx\/wp-content\/uploads\/2024\/03\/img_2632-1-jpg.webp?resize=130%2C95&ssl=1",130,95,true],"full":["https:\/\/i0.wp.com\/masquenoticias.mx\/wp-content\/uploads\/2024\/03\/img_2632-1-jpg.webp?fit=1280%2C851&ssl=1",1280,851,false]},"jetpack-related-posts":[],"jetpack_sharing_enabled":true,"jetpack_likes_enabled":true,"jetpack_shortlink":"https:\/\/wp.me\/pf7pkt-1Y9","_links":{"self":[{"href":"https:\/\/masquenoticias.mx\/index.php\/wp-json\/wp\/v2\/posts\/7573","targetHints":{"allow":["GET"]}}],"collection":[{"href":"https:\/\/masquenoticias.mx\/index.php\/wp-json\/wp\/v2\/posts"}],"about":[{"href":"https:\/\/masquenoticias.mx\/index.php\/wp-json\/wp\/v2\/types\/post"}],"author":[{"embeddable":true,"href":"https:\/\/masquenoticias.mx\/index.php\/wp-json\/wp\/v2\/users\/1"}],"replies":[{"embeddable":true,"href":"https:\/\/masquenoticias.mx\/index.php\/wp-json\/wp\/v2\/comments?post=7573"}],"version-history":[{"count":0,"href":"https:\/\/masquenoticias.mx\/index.php\/wp-json\/wp\/v2\/posts\/7573\/revisions"}],"wp:featuredmedia":[{"embeddable":true,"href":"https:\/\/masquenoticias.mx\/index.php\/wp-json\/wp\/v2\/media\/7572"}],"wp:attachment":[{"href":"https:\/\/masquenoticias.mx\/index.php\/wp-json\/wp\/v2\/media?parent=7573"}],"wp:term":[{"taxonomy":"category","embeddable":true,"href":"https:\/\/masquenoticias.mx\/index.php\/wp-json\/wp\/v2\/categories?post=7573"},{"taxonomy":"post_tag","embeddable":true,"href":"https:\/\/masquenoticias.mx\/index.php\/wp-json\/wp\/v2\/tags?post=7573"}],"curies":[{"name":"wp","href":"https:\/\/api.w.org\/{rel}","templated":true}]}}