{"id":7555,"date":"2024-03-10T21:59:10","date_gmt":"2024-03-11T03:59:10","guid":{"rendered":"https:\/\/masquenoticias.mx\/?p=7555"},"modified":"2024-03-10T21:59:10","modified_gmt":"2024-03-11T03:59:10","slug":"como-legislador-federal-me-comprometo-a-contribuir-al-bienestar-de-las-y-los-colimenses-locho-moran","status":"publish","type":"post","link":"https:\/\/masquenoticias.mx\/index.php\/2024\/03\/10\/como-legislador-federal-me-comprometo-a-contribuir-al-bienestar-de-las-y-los-colimenses-locho-moran\/","title":{"rendered":"Como Legislador Federal, me comprometo a contribuir al bienestar de las y los colimenses: Locho Mor\u00e1n"},"content":{"rendered":"<p>Con gran entusiasmo y en un ambiente familiar de domingo, Locho Mor\u00e1n, candidato a la Diputaci\u00f3n Federal por el Distrito 01 por la coalici\u00f3n \u201cSigamos Haciendo Historia\u201d (Morena-PT-PVEM), recorri\u00f3 el tradicional tianguis de \u201cLas Pulgas\u201d de Colima, as\u00ed como el de Villa de \u00c1lvarez, donde tuvo la oportunidad de saludar cara a cara a las y los colimenses que ah\u00ed se encontraban, a quienes les habl\u00f3 de sumar y contribuir en estos esfuerzos, para el bienestar de todos y todas, adem\u00e1s de invitarlos a que el pr\u00f3ximo 2 de junio ejerzan su derecho de votar, haciendo menci\u00f3n que la mejor opci\u00f3n para M\u00e9xico, y para nuestra Colima, es la Dra. Claudia Sheinbaum, as\u00ed como las y los candidatos de la coalici\u00f3n \u201cSigamos Haciendo Historia\u201d.<\/p>\n<p>Locho Mor\u00e1n, en su caminar por ambos mercados, importantes para la sociedad colimense, recibi\u00f3 muestras de afecto y cari\u00f1o, adem\u00e1s de significativos reconocimientos por parte de la gente a su gran labor que realiz\u00f3 siendo alcalde en dos ocasiones, as\u00ed como a su trabajo que llev\u00f3 a cabo en el Congreso de la Uni\u00f3n como legislador.<\/p>\n<p>Al respecto, explic\u00f3: \u201cyo no voy a llegar a aprender, s\u00e9 c\u00f3mo se maneja el Congreso, s\u00e9 construir en la diversidad\u201d, y asegur\u00f3 que \u201ctengo muy claro lo que hay que hacer, es lograr la conformaci\u00f3n del segundo piso de la transformaci\u00f3n con Claudia Sheinbaum como presidenta de M\u00e9xico\u201d.<\/p>\n<p>El candidato a la Diputaci\u00f3n Federal por el Distrito 01, puntualiz\u00f3 que esta labor la ejercer\u00e1 cuidando los valores y principios de la Cuarta Transformaci\u00f3n, y como Diputado Federal, legislar\u00e1 con compromiso y responsabilidad, y dar\u00e1 continuidad a los programas sociales para las y los j\u00f3venes, mujeres, adultos mayores y personas con discapacidad, que la candidata a la presidencia de la Rep\u00fablica, Claudia Sheinbaum, contempla en sus 100 propuestas de campa\u00f1a.<\/p>\n<p>El recorrido fue realizado conjuntamente con los candidatos Virgilio Mendoza y Ana Karen Hern\u00e1ndez, quienes participan en f\u00f3rmula al Senado de la Rep\u00fablica, as\u00ed como el candidato suplente de la Diputaci\u00f3n Federal por el Distrito 01, Alan Soto Garc\u00eda, los Coordinadores de Defensa de la Transformaci\u00f3n, Viridiana Valencia en Colima, y Guillermo Toscano en Villa de \u00c1lvarez, respectivamente.<\/p>\n","protected":false},"excerpt":{"rendered":"<p>Con gran entusiasmo y en un ambiente familiar de domingo, Locho Mor\u00e1n, candidato a la Diputaci\u00f3n Federal por el Distrito 01 por la coalici\u00f3n \u201cSigamos Haciendo Historia\u201d (Morena-PT-PVEM), recorri\u00f3 el tradicional tianguis de \u201cLas Pulgas\u201d de Colima, as\u00ed como el de Villa de \u00c1lvarez, donde tuvo la oportunidad de saludar cara a cara a las [&hellip;]<\/p>\n","protected":false},"author":1,"featured_media":7554,"comment_status":"open","ping_status":"open","sticky":false,"template":"","format":"standard","meta":{"_jetpack_memberships_contains_paid_content":false,"footnotes":""},"categories":[468],"tags":[476],"class_list":["post-7555","post","type-post","status-publish","format-standard","has-post-thumbnail","hentry","category-elecciones-2024","tag-locho"],"yoast_head":"<!-- This site is optimized with the Yoast SEO plugin v26.6 - https:\/\/yoast.com\/wordpress\/plugins\/seo\/ -->\n<title>Como Legislador Federal, me comprometo a contribuir al bienestar de las y los colimenses: Locho Mor\u00e1n - M\u00e1s Que Noticias<\/title>\n<meta name=\"robots\" content=\"index, follow, max-snippet:-1, max-image-preview:large, max-video-preview:-1\" \/>\n<link rel=\"canonical\" href=\"https:\/\/masquenoticias.mx\/index.php\/2024\/03\/10\/como-legislador-federal-me-comprometo-a-contribuir-al-bienestar-de-las-y-los-colimenses-locho-moran\/\" \/>\n<meta property=\"og:locale\" content=\"es_MX\" \/>\n<meta property=\"og:type\" content=\"article\" \/>\n<meta property=\"og:title\" content=\"Como Legislador Federal, me comprometo a contribuir al bienestar de las y los colimenses: Locho Mor\u00e1n - M\u00e1s Que Noticias\" \/>\n<meta property=\"og:description\" content=\"Con gran entusiasmo y en un ambiente familiar de domingo, Locho Mor\u00e1n, candidato a la Diputaci\u00f3n Federal por el Distrito 01 por la coalici\u00f3n \u201cSigamos Haciendo Historia\u201d (Morena-PT-PVEM), recorri\u00f3 el tradicional tianguis de \u201cLas Pulgas\u201d de Colima, as\u00ed como el de Villa de \u00c1lvarez, donde tuvo la oportunidad de saludar cara a cara a las [&hellip;]\" \/>\n<meta property=\"og:url\" content=\"https:\/\/masquenoticias.mx\/index.php\/2024\/03\/10\/como-legislador-federal-me-comprometo-a-contribuir-al-bienestar-de-las-y-los-colimenses-locho-moran\/\" \/>\n<meta property=\"og:site_name\" content=\"M\u00e1s Que Noticias\" \/>\n<meta property=\"article:publisher\" content=\"https:\/\/www.facebook.com\/masquenoticiascolima\" \/>\n<meta property=\"article:published_time\" content=\"2024-03-11T03:59:10+00:00\" \/>\n<meta property=\"og:image\" content=\"https:\/\/i0.wp.com\/masquenoticias.mx\/wp-content\/uploads\/2024\/03\/b56e29bb-87a9-4001-89df-65960afb087c-1-jpg.webp?fit=1600%2C1067&ssl=1\" \/>\n\t<meta property=\"og:image:width\" content=\"1600\" \/>\n\t<meta property=\"og:image:height\" content=\"1067\" \/>\n\t<meta property=\"og:image:type\" content=\"image\/jpeg\" \/>\n<meta name=\"author\" content=\"Redacci\u00f3n\" \/>\n<meta name=\"twitter:card\" content=\"summary_large_image\" \/>\n<meta name=\"twitter:creator\" content=\"@edgartove\" \/>\n<meta name=\"twitter:site\" content=\"@edgartove\" \/>\n<meta name=\"twitter:label1\" content=\"Escrito por\" \/>\n\t<meta name=\"twitter:data1\" content=\"Redacci\u00f3n\" \/>\n\t<meta name=\"twitter:label2\" content=\"Tiempo de lectura\" \/>\n\t<meta name=\"twitter:data2\" content=\"2 minutos\" \/>\n<script type=\"application\/ld+json\" class=\"yoast-schema-graph\">{\"@context\":\"https:\/\/schema.org\",\"@graph\":[{\"@type\":\"Article\",\"@id\":\"https:\/\/masquenoticias.mx\/index.php\/2024\/03\/10\/como-legislador-federal-me-comprometo-a-contribuir-al-bienestar-de-las-y-los-colimenses-locho-moran\/#article\",\"isPartOf\":{\"@id\":\"https:\/\/masquenoticias.mx\/index.php\/2024\/03\/10\/como-legislador-federal-me-comprometo-a-contribuir-al-bienestar-de-las-y-los-colimenses-locho-moran\/\"},\"author\":{\"name\":\"Redacci\u00f3n\",\"@id\":\"https:\/\/masquenoticias.mx\/#\/schema\/person\/544d19989ef23d34615f691f7a96e622\"},\"headline\":\"Como Legislador Federal, me comprometo a contribuir al bienestar de las y los colimenses: Locho Mor\u00e1n\",\"datePublished\":\"2024-03-11T03:59:10+00:00\",\"mainEntityOfPage\":{\"@id\":\"https:\/\/masquenoticias.mx\/index.php\/2024\/03\/10\/como-legislador-federal-me-comprometo-a-contribuir-al-bienestar-de-las-y-los-colimenses-locho-moran\/\"},\"wordCount\":398,\"commentCount\":0,\"publisher\":{\"@id\":\"https:\/\/masquenoticias.mx\/#organization\"},\"image\":{\"@id\":\"https:\/\/masquenoticias.mx\/index.php\/2024\/03\/10\/como-legislador-federal-me-comprometo-a-contribuir-al-bienestar-de-las-y-los-colimenses-locho-moran\/#primaryimage\"},\"thumbnailUrl\":\"https:\/\/i0.wp.com\/masquenoticias.mx\/wp-content\/uploads\/2024\/03\/b56e29bb-87a9-4001-89df-65960afb087c-1-jpg.webp?fit=1600%2C1067&ssl=1\",\"keywords\":[\"Locho\"],\"articleSection\":[\"Elecciones 2024\"],\"inLanguage\":\"es\",\"potentialAction\":[{\"@type\":\"CommentAction\",\"name\":\"Comment\",\"target\":[\"https:\/\/masquenoticias.mx\/index.php\/2024\/03\/10\/como-legislador-federal-me-comprometo-a-contribuir-al-bienestar-de-las-y-los-colimenses-locho-moran\/#respond\"]}]},{\"@type\":\"WebPage\",\"@id\":\"https:\/\/masquenoticias.mx\/index.php\/2024\/03\/10\/como-legislador-federal-me-comprometo-a-contribuir-al-bienestar-de-las-y-los-colimenses-locho-moran\/\",\"url\":\"https:\/\/masquenoticias.mx\/index.php\/2024\/03\/10\/como-legislador-federal-me-comprometo-a-contribuir-al-bienestar-de-las-y-los-colimenses-locho-moran\/\",\"name\":\"Como Legislador Federal, me comprometo a contribuir al bienestar de las y los colimenses: Locho Mor\u00e1n - M\u00e1s Que Noticias\",\"isPartOf\":{\"@id\":\"https:\/\/masquenoticias.mx\/#website\"},\"primaryImageOfPage\":{\"@id\":\"https:\/\/masquenoticias.mx\/index.php\/2024\/03\/10\/como-legislador-federal-me-comprometo-a-contribuir-al-bienestar-de-las-y-los-colimenses-locho-moran\/#primaryimage\"},\"image\":{\"@id\":\"https:\/\/masquenoticias.mx\/index.php\/2024\/03\/10\/como-legislador-federal-me-comprometo-a-contribuir-al-bienestar-de-las-y-los-colimenses-locho-moran\/#primaryimage\"},\"thumbnailUrl\":\"https:\/\/i0.wp.com\/masquenoticias.mx\/wp-content\/uploads\/2024\/03\/b56e29bb-87a9-4001-89df-65960afb087c-1-jpg.webp?fit=1600%2C1067&ssl=1\",\"datePublished\":\"2024-03-11T03:59:10+00:00\",\"breadcrumb\":{\"@id\":\"https:\/\/masquenoticias.mx\/index.php\/2024\/03\/10\/como-legislador-federal-me-comprometo-a-contribuir-al-bienestar-de-las-y-los-colimenses-locho-moran\/#breadcrumb\"},\"inLanguage\":\"es\",\"potentialAction\":[{\"@type\":\"ReadAction\",\"target\":[\"https:\/\/masquenoticias.mx\/index.php\/2024\/03\/10\/como-legislador-federal-me-comprometo-a-contribuir-al-bienestar-de-las-y-los-colimenses-locho-moran\/\"]}]},{\"@type\":\"ImageObject\",\"inLanguage\":\"es\",\"@id\":\"https:\/\/masquenoticias.mx\/index.php\/2024\/03\/10\/como-legislador-federal-me-comprometo-a-contribuir-al-bienestar-de-las-y-los-colimenses-locho-moran\/#primaryimage\",\"url\":\"https:\/\/i0.wp.com\/masquenoticias.mx\/wp-content\/uploads\/2024\/03\/b56e29bb-87a9-4001-89df-65960afb087c-1-jpg.webp?fit=1600%2C1067&ssl=1\",\"contentUrl\":\"https:\/\/i0.wp.com\/masquenoticias.mx\/wp-content\/uploads\/2024\/03\/b56e29bb-87a9-4001-89df-65960afb087c-1-jpg.webp?fit=1600%2C1067&ssl=1\",\"width\":1600,\"height\":1067},{\"@type\":\"BreadcrumbList\",\"@id\":\"https:\/\/masquenoticias.mx\/index.php\/2024\/03\/10\/como-legislador-federal-me-comprometo-a-contribuir-al-bienestar-de-las-y-los-colimenses-locho-moran\/#breadcrumb\",\"itemListElement\":[{\"@type\":\"ListItem\",\"position\":1,\"name\":\"Inicio\",\"item\":\"https:\/\/masquenoticias.mx\/\"},{\"@type\":\"ListItem\",\"position\":2,\"name\":\"Como Legislador Federal, me comprometo a contribuir al bienestar de las y los colimenses: Locho Mor\u00e1n\"}]},{\"@type\":\"WebSite\",\"@id\":\"https:\/\/masquenoticias.mx\/#website\",\"url\":\"https:\/\/masquenoticias.mx\/\",\"name\":\"M\u00e1s Que Noticias\",\"description\":\"Noticias de Colima, M\u00e9xico y el Mundo\",\"publisher\":{\"@id\":\"https:\/\/masquenoticias.mx\/#organization\"},\"potentialAction\":[{\"@type\":\"SearchAction\",\"target\":{\"@type\":\"EntryPoint\",\"urlTemplate\":\"https:\/\/masquenoticias.mx\/?s={search_term_string}\"},\"query-input\":{\"@type\":\"PropertyValueSpecification\",\"valueRequired\":true,\"valueName\":\"search_term_string\"}}],\"inLanguage\":\"es\"},{\"@type\":\"Organization\",\"@id\":\"https:\/\/masquenoticias.mx\/#organization\",\"name\":\"M\u00e1s Que Noticias\",\"url\":\"https:\/\/masquenoticias.mx\/\",\"logo\":{\"@type\":\"ImageObject\",\"inLanguage\":\"es\",\"@id\":\"https:\/\/masquenoticias.mx\/#\/schema\/logo\/image\/\",\"url\":\"https:\/\/i0.wp.com\/masquenoticias.mx\/wp-content\/uploads\/2024\/04\/IMG_0004.png?fit=2560%2C1656&ssl=1\",\"contentUrl\":\"https:\/\/i0.wp.com\/masquenoticias.mx\/wp-content\/uploads\/2024\/04\/IMG_0004.png?fit=2560%2C1656&ssl=1\",\"width\":2560,\"height\":1656,\"caption\":\"M\u00e1s Que Noticias\"},\"image\":{\"@id\":\"https:\/\/masquenoticias.mx\/#\/schema\/logo\/image\/\"},\"sameAs\":[\"https:\/\/www.facebook.com\/masquenoticiascolima\",\"https:\/\/x.com\/edgartove\",\"https:\/\/www.instagram.com\/masquenoticiascolima\/\"]},{\"@type\":\"Person\",\"@id\":\"https:\/\/masquenoticias.mx\/#\/schema\/person\/544d19989ef23d34615f691f7a96e622\",\"name\":\"Redacci\u00f3n\",\"image\":{\"@type\":\"ImageObject\",\"inLanguage\":\"es\",\"@id\":\"https:\/\/masquenoticias.mx\/#\/schema\/person\/image\/\",\"url\":\"https:\/\/secure.gravatar.com\/avatar\/7fcc926d5b058d3f3d52d95b4d05dd58?s=96&d=mm&r=g\",\"contentUrl\":\"https:\/\/secure.gravatar.com\/avatar\/7fcc926d5b058d3f3d52d95b4d05dd58?s=96&d=mm&r=g\",\"caption\":\"Redacci\u00f3n\"},\"sameAs\":[\"http:\/\/masquenoticias.mx\"],\"url\":\"https:\/\/masquenoticias.mx\/index.php\/author\/edgartovegmail-com\/\"}]}<\/script>\n<!-- \/ Yoast SEO plugin. -->","yoast_head_json":{"title":"Como Legislador Federal, me comprometo a contribuir al bienestar de las y los colimenses: Locho Mor\u00e1n - M\u00e1s Que Noticias","robots":{"index":"index","follow":"follow","max-snippet":"max-snippet:-1","max-image-preview":"max-image-preview:large","max-video-preview":"max-video-preview:-1"},"canonical":"https:\/\/masquenoticias.mx\/index.php\/2024\/03\/10\/como-legislador-federal-me-comprometo-a-contribuir-al-bienestar-de-las-y-los-colimenses-locho-moran\/","og_locale":"es_MX","og_type":"article","og_title":"Como Legislador Federal, me comprometo a contribuir al bienestar de las y los colimenses: Locho Mor\u00e1n - M\u00e1s Que Noticias","og_description":"Con gran entusiasmo y en un ambiente familiar de domingo, Locho Mor\u00e1n, candidato a la Diputaci\u00f3n Federal por el Distrito 01 por la coalici\u00f3n \u201cSigamos Haciendo Historia\u201d (Morena-PT-PVEM), recorri\u00f3 el tradicional tianguis de \u201cLas Pulgas\u201d de Colima, as\u00ed como el de Villa de \u00c1lvarez, donde tuvo la oportunidad de saludar cara a cara a las [&hellip;]","og_url":"https:\/\/masquenoticias.mx\/index.php\/2024\/03\/10\/como-legislador-federal-me-comprometo-a-contribuir-al-bienestar-de-las-y-los-colimenses-locho-moran\/","og_site_name":"M\u00e1s Que Noticias","article_publisher":"https:\/\/www.facebook.com\/masquenoticiascolima","article_published_time":"2024-03-11T03:59:10+00:00","og_image":[{"width":1600,"height":1067,"url":"https:\/\/i0.wp.com\/masquenoticias.mx\/wp-content\/uploads\/2024\/03\/b56e29bb-87a9-4001-89df-65960afb087c-1-jpg.webp?fit=1600%2C1067&ssl=1","type":"image\/jpeg"}],"author":"Redacci\u00f3n","twitter_card":"summary_large_image","twitter_creator":"@edgartove","twitter_site":"@edgartove","twitter_misc":{"Escrito por":"Redacci\u00f3n","Tiempo de lectura":"2 minutos"},"schema":{"@context":"https:\/\/schema.org","@graph":[{"@type":"Article","@id":"https:\/\/masquenoticias.mx\/index.php\/2024\/03\/10\/como-legislador-federal-me-comprometo-a-contribuir-al-bienestar-de-las-y-los-colimenses-locho-moran\/#article","isPartOf":{"@id":"https:\/\/masquenoticias.mx\/index.php\/2024\/03\/10\/como-legislador-federal-me-comprometo-a-contribuir-al-bienestar-de-las-y-los-colimenses-locho-moran\/"},"author":{"name":"Redacci\u00f3n","@id":"https:\/\/masquenoticias.mx\/#\/schema\/person\/544d19989ef23d34615f691f7a96e622"},"headline":"Como Legislador Federal, me comprometo a contribuir al bienestar de las y los colimenses: Locho Mor\u00e1n","datePublished":"2024-03-11T03:59:10+00:00","mainEntityOfPage":{"@id":"https:\/\/masquenoticias.mx\/index.php\/2024\/03\/10\/como-legislador-federal-me-comprometo-a-contribuir-al-bienestar-de-las-y-los-colimenses-locho-moran\/"},"wordCount":398,"commentCount":0,"publisher":{"@id":"https:\/\/masquenoticias.mx\/#organization"},"image":{"@id":"https:\/\/masquenoticias.mx\/index.php\/2024\/03\/10\/como-legislador-federal-me-comprometo-a-contribuir-al-bienestar-de-las-y-los-colimenses-locho-moran\/#primaryimage"},"thumbnailUrl":"https:\/\/i0.wp.com\/masquenoticias.mx\/wp-content\/uploads\/2024\/03\/b56e29bb-87a9-4001-89df-65960afb087c-1-jpg.webp?fit=1600%2C1067&ssl=1","keywords":["Locho"],"articleSection":["Elecciones 2024"],"inLanguage":"es","potentialAction":[{"@type":"CommentAction","name":"Comment","target":["https:\/\/masquenoticias.mx\/index.php\/2024\/03\/10\/como-legislador-federal-me-comprometo-a-contribuir-al-bienestar-de-las-y-los-colimenses-locho-moran\/#respond"]}]},{"@type":"WebPage","@id":"https:\/\/masquenoticias.mx\/index.php\/2024\/03\/10\/como-legislador-federal-me-comprometo-a-contribuir-al-bienestar-de-las-y-los-colimenses-locho-moran\/","url":"https:\/\/masquenoticias.mx\/index.php\/2024\/03\/10\/como-legislador-federal-me-comprometo-a-contribuir-al-bienestar-de-las-y-los-colimenses-locho-moran\/","name":"Como Legislador Federal, me comprometo a contribuir al bienestar de las y los colimenses: Locho Mor\u00e1n - M\u00e1s Que Noticias","isPartOf":{"@id":"https:\/\/masquenoticias.mx\/#website"},"primaryImageOfPage":{"@id":"https:\/\/masquenoticias.mx\/index.php\/2024\/03\/10\/como-legislador-federal-me-comprometo-a-contribuir-al-bienestar-de-las-y-los-colimenses-locho-moran\/#primaryimage"},"image":{"@id":"https:\/\/masquenoticias.mx\/index.php\/2024\/03\/10\/como-legislador-federal-me-comprometo-a-contribuir-al-bienestar-de-las-y-los-colimenses-locho-moran\/#primaryimage"},"thumbnailUrl":"https:\/\/i0.wp.com\/masquenoticias.mx\/wp-content\/uploads\/2024\/03\/b56e29bb-87a9-4001-89df-65960afb087c-1-jpg.webp?fit=1600%2C1067&ssl=1","datePublished":"2024-03-11T03:59:10+00:00","breadcrumb":{"@id":"https:\/\/masquenoticias.mx\/index.php\/2024\/03\/10\/como-legislador-federal-me-comprometo-a-contribuir-al-bienestar-de-las-y-los-colimenses-locho-moran\/#breadcrumb"},"inLanguage":"es","potentialAction":[{"@type":"ReadAction","target":["https:\/\/masquenoticias.mx\/index.php\/2024\/03\/10\/como-legislador-federal-me-comprometo-a-contribuir-al-bienestar-de-las-y-los-colimenses-locho-moran\/"]}]},{"@type":"ImageObject","inLanguage":"es","@id":"https:\/\/masquenoticias.mx\/index.php\/2024\/03\/10\/como-legislador-federal-me-comprometo-a-contribuir-al-bienestar-de-las-y-los-colimenses-locho-moran\/#primaryimage","url":"https:\/\/i0.wp.com\/masquenoticias.mx\/wp-content\/uploads\/2024\/03\/b56e29bb-87a9-4001-89df-65960afb087c-1-jpg.webp?fit=1600%2C1067&ssl=1","contentUrl":"https:\/\/i0.wp.com\/masquenoticias.mx\/wp-content\/uploads\/2024\/03\/b56e29bb-87a9-4001-89df-65960afb087c-1-jpg.webp?fit=1600%2C1067&ssl=1","width":1600,"height":1067},{"@type":"BreadcrumbList","@id":"https:\/\/masquenoticias.mx\/index.php\/2024\/03\/10\/como-legislador-federal-me-comprometo-a-contribuir-al-bienestar-de-las-y-los-colimenses-locho-moran\/#breadcrumb","itemListElement":[{"@type":"ListItem","position":1,"name":"Inicio","item":"https:\/\/masquenoticias.mx\/"},{"@type":"ListItem","position":2,"name":"Como Legislador Federal, me comprometo a contribuir al bienestar de las y los colimenses: Locho Mor\u00e1n"}]},{"@type":"WebSite","@id":"https:\/\/masquenoticias.mx\/#website","url":"https:\/\/masquenoticias.mx\/","name":"M\u00e1s Que Noticias","description":"Noticias de Colima, M\u00e9xico y el Mundo","publisher":{"@id":"https:\/\/masquenoticias.mx\/#organization"},"potentialAction":[{"@type":"SearchAction","target":{"@type":"EntryPoint","urlTemplate":"https:\/\/masquenoticias.mx\/?s={search_term_string}"},"query-input":{"@type":"PropertyValueSpecification","valueRequired":true,"valueName":"search_term_string"}}],"inLanguage":"es"},{"@type":"Organization","@id":"https:\/\/masquenoticias.mx\/#organization","name":"M\u00e1s Que Noticias","url":"https:\/\/masquenoticias.mx\/","logo":{"@type":"ImageObject","inLanguage":"es","@id":"https:\/\/masquenoticias.mx\/#\/schema\/logo\/image\/","url":"https:\/\/i0.wp.com\/masquenoticias.mx\/wp-content\/uploads\/2024\/04\/IMG_0004.png?fit=2560%2C1656&ssl=1","contentUrl":"https:\/\/i0.wp.com\/masquenoticias.mx\/wp-content\/uploads\/2024\/04\/IMG_0004.png?fit=2560%2C1656&ssl=1","width":2560,"height":1656,"caption":"M\u00e1s Que Noticias"},"image":{"@id":"https:\/\/masquenoticias.mx\/#\/schema\/logo\/image\/"},"sameAs":["https:\/\/www.facebook.com\/masquenoticiascolima","https:\/\/x.com\/edgartove","https:\/\/www.instagram.com\/masquenoticiascolima\/"]},{"@type":"Person","@id":"https:\/\/masquenoticias.mx\/#\/schema\/person\/544d19989ef23d34615f691f7a96e622","name":"Redacci\u00f3n","image":{"@type":"ImageObject","inLanguage":"es","@id":"https:\/\/masquenoticias.mx\/#\/schema\/person\/image\/","url":"https:\/\/secure.gravatar.com\/avatar\/7fcc926d5b058d3f3d52d95b4d05dd58?s=96&d=mm&r=g","contentUrl":"https:\/\/secure.gravatar.com\/avatar\/7fcc926d5b058d3f3d52d95b4d05dd58?s=96&d=mm&r=g","caption":"Redacci\u00f3n"},"sameAs":["http:\/\/masquenoticias.mx"],"url":"https:\/\/masquenoticias.mx\/index.php\/author\/edgartovegmail-com\/"}]}},"jetpack_featured_media_url":"https:\/\/i0.wp.com\/masquenoticias.mx\/wp-content\/uploads\/2024\/03\/b56e29bb-87a9-4001-89df-65960afb087c-1-jpg.webp?fit=1600%2C1067&ssl=1","blog_post_layout_featured_media_urls":{"thumbnail":["https:\/\/i0.wp.com\/masquenoticias.mx\/wp-content\/uploads\/2024\/03\/b56e29bb-87a9-4001-89df-65960afb087c-1-jpg.webp?resize=150%2C150&ssl=1",150,150,true],"full":["https:\/\/i0.wp.com\/masquenoticias.mx\/wp-content\/uploads\/2024\/03\/b56e29bb-87a9-4001-89df-65960afb087c-1-jpg.webp?fit=1600%2C1067&ssl=1",1600,1067,false]},"categories_names":{"468":{"name":"Elecciones 2024","link":"https:\/\/masquenoticias.mx\/index.php\/category\/elecciones-2024\/"}},"tags_names":{"476":{"name":"Locho","link":"https:\/\/masquenoticias.mx\/index.php\/tag\/locho\/"}},"comments_number":"0","wpmagazine_modules_lite_featured_media_urls":{"thumbnail":["https:\/\/i0.wp.com\/masquenoticias.mx\/wp-content\/uploads\/2024\/03\/b56e29bb-87a9-4001-89df-65960afb087c-1-jpg.webp?resize=150%2C150&ssl=1",150,150,true],"cvmm-medium":["https:\/\/i0.wp.com\/masquenoticias.mx\/wp-content\/uploads\/2024\/03\/b56e29bb-87a9-4001-89df-65960afb087c-1-jpg.webp?resize=300%2C300&ssl=1",300,300,true],"cvmm-medium-plus":["https:\/\/i0.wp.com\/masquenoticias.mx\/wp-content\/uploads\/2024\/03\/b56e29bb-87a9-4001-89df-65960afb087c-1-jpg.webp?resize=305%2C207&ssl=1",305,207,true],"cvmm-portrait":["https:\/\/i0.wp.com\/masquenoticias.mx\/wp-content\/uploads\/2024\/03\/b56e29bb-87a9-4001-89df-65960afb087c-1-jpg.webp?resize=400%2C600&ssl=1",400,600,true],"cvmm-medium-square":["https:\/\/i0.wp.com\/masquenoticias.mx\/wp-content\/uploads\/2024\/03\/b56e29bb-87a9-4001-89df-65960afb087c-1-jpg.webp?resize=600%2C600&ssl=1",600,600,true],"cvmm-large":["https:\/\/i0.wp.com\/masquenoticias.mx\/wp-content\/uploads\/2024\/03\/b56e29bb-87a9-4001-89df-65960afb087c-1-jpg.webp?resize=1024%2C1024&ssl=1",1024,1024,true],"cvmm-small":["https:\/\/i0.wp.com\/masquenoticias.mx\/wp-content\/uploads\/2024\/03\/b56e29bb-87a9-4001-89df-65960afb087c-1-jpg.webp?resize=130%2C95&ssl=1",130,95,true],"full":["https:\/\/i0.wp.com\/masquenoticias.mx\/wp-content\/uploads\/2024\/03\/b56e29bb-87a9-4001-89df-65960afb087c-1-jpg.webp?fit=1600%2C1067&ssl=1",1600,1067,false]},"jetpack-related-posts":[],"jetpack_sharing_enabled":true,"jetpack_likes_enabled":true,"jetpack_shortlink":"https:\/\/wp.me\/pf7pkt-1XR","_links":{"self":[{"href":"https:\/\/masquenoticias.mx\/index.php\/wp-json\/wp\/v2\/posts\/7555","targetHints":{"allow":["GET"]}}],"collection":[{"href":"https:\/\/masquenoticias.mx\/index.php\/wp-json\/wp\/v2\/posts"}],"about":[{"href":"https:\/\/masquenoticias.mx\/index.php\/wp-json\/wp\/v2\/types\/post"}],"author":[{"embeddable":true,"href":"https:\/\/masquenoticias.mx\/index.php\/wp-json\/wp\/v2\/users\/1"}],"replies":[{"embeddable":true,"href":"https:\/\/masquenoticias.mx\/index.php\/wp-json\/wp\/v2\/comments?post=7555"}],"version-history":[{"count":0,"href":"https:\/\/masquenoticias.mx\/index.php\/wp-json\/wp\/v2\/posts\/7555\/revisions"}],"wp:featuredmedia":[{"embeddable":true,"href":"https:\/\/masquenoticias.mx\/index.php\/wp-json\/wp\/v2\/media\/7554"}],"wp:attachment":[{"href":"https:\/\/masquenoticias.mx\/index.php\/wp-json\/wp\/v2\/media?parent=7555"}],"wp:term":[{"taxonomy":"category","embeddable":true,"href":"https:\/\/masquenoticias.mx\/index.php\/wp-json\/wp\/v2\/categories?post=7555"},{"taxonomy":"post_tag","embeddable":true,"href":"https:\/\/masquenoticias.mx\/index.php\/wp-json\/wp\/v2\/tags?post=7555"}],"curies":[{"name":"wp","href":"https:\/\/api.w.org\/{rel}","templated":true}]}}