{"id":7497,"date":"2024-03-07T11:26:57","date_gmt":"2024-03-07T17:26:57","guid":{"rendered":"https:\/\/masquenoticias.mx\/?p=7497"},"modified":"2024-03-07T11:26:58","modified_gmt":"2024-03-07T17:26:58","slug":"realizaran-4o-festival-de-observacion-de-aves-en-el-terrero-16-y-17-de-marzo","status":"publish","type":"post","link":"https:\/\/masquenoticias.mx\/index.php\/2024\/03\/07\/realizaran-4o-festival-de-observacion-de-aves-en-el-terrero-16-y-17-de-marzo\/","title":{"rendered":"Realizar\u00e1n 4\u00ba Festival de Observaci\u00f3n de Aves en El Terrero, 16 y 17 de marzo"},"content":{"rendered":"<p>El ejido El Terrero, en el municipio de Minatitl\u00e1n, invita a la cuarta edici\u00f3n del Festival de Observaci\u00f3n de Aves en el Centro Ecotur\u00edstico El Terrero, ubicado dentro de la Reserva de la Biosfera Sierra de Manantl\u00e1n, en el propio municipio minatitlense.<\/p>\n<p>Este cuarto festival se celebrar\u00e1 el pr\u00f3ximo s\u00e1bado 16 y domingo 17 de marzo, y permitir\u00e1 a las personas asistentes conocer m\u00e1s sobre la diversidad de aves presentes en nuestro estado y su gran importancia a trav\u00e9s de charlas, talleres, juegos, exposiciones y recorridos de observaci\u00f3n de aves.<\/p>\n<p>El Comit\u00e9 Organizador recuerda a quienes gustan de esta actividad, llevar binoculares, l\u00e1mpara, gu\u00eda de aves y la aplicaci\u00f3n (app) para registrar avistamientos. M\u00e1s informaci\u00f3n en la p\u00e1gina oficial de El Terrero: https:\/\/www.facebook.com\/terreroturismoficial?mibextid=LQQJ4d as\u00ed como en el n\u00famero de WhatsApp: 312-317-8730.<\/p>\n<p>_(Esta informaci\u00f3n se ampara en las excepciones consideradas por la autoridad electoral mediante el Acuerdo INE\/CG228\/2024)_<\/p>\n","protected":false},"excerpt":{"rendered":"<p>El ejido El Terrero, en el municipio de Minatitl\u00e1n, invita a la cuarta edici\u00f3n del Festival de Observaci\u00f3n de Aves en el Centro Ecotur\u00edstico El Terrero, ubicado dentro de la Reserva de la Biosfera Sierra de Manantl\u00e1n, en el propio municipio minatitlense. Este cuarto festival se celebrar\u00e1 el pr\u00f3ximo s\u00e1bado 16 y domingo 17 de [&hellip;]<\/p>\n","protected":false},"author":1,"featured_media":7496,"comment_status":"open","ping_status":"open","sticky":false,"template":"","format":"standard","meta":{"_jetpack_memberships_contains_paid_content":false,"footnotes":""},"categories":[24],"tags":[96],"class_list":["post-7497","post","type-post","status-publish","format-standard","has-post-thumbnail","hentry","category-estado","tag-turismo"],"yoast_head":"<!-- This site is optimized with the Yoast SEO plugin v26.6 - https:\/\/yoast.com\/wordpress\/plugins\/seo\/ -->\n<title>Realizar\u00e1n 4\u00ba Festival de Observaci\u00f3n de Aves en El Terrero, 16 y 17 de marzo - M\u00e1s Que Noticias<\/title>\n<meta name=\"robots\" content=\"index, follow, max-snippet:-1, max-image-preview:large, max-video-preview:-1\" \/>\n<link rel=\"canonical\" href=\"https:\/\/masquenoticias.mx\/index.php\/2024\/03\/07\/realizaran-4o-festival-de-observacion-de-aves-en-el-terrero-16-y-17-de-marzo\/\" \/>\n<meta property=\"og:locale\" content=\"es_MX\" \/>\n<meta property=\"og:type\" content=\"article\" \/>\n<meta property=\"og:title\" content=\"Realizar\u00e1n 4\u00ba Festival de Observaci\u00f3n de Aves en El Terrero, 16 y 17 de marzo - M\u00e1s Que Noticias\" \/>\n<meta property=\"og:description\" content=\"El ejido El Terrero, en el municipio de Minatitl\u00e1n, invita a la cuarta edici\u00f3n del Festival de Observaci\u00f3n de Aves en el Centro Ecotur\u00edstico El Terrero, ubicado dentro de la Reserva de la Biosfera Sierra de Manantl\u00e1n, en el propio municipio minatitlense. Este cuarto festival se celebrar\u00e1 el pr\u00f3ximo s\u00e1bado 16 y domingo 17 de [&hellip;]\" \/>\n<meta property=\"og:url\" content=\"https:\/\/masquenoticias.mx\/index.php\/2024\/03\/07\/realizaran-4o-festival-de-observacion-de-aves-en-el-terrero-16-y-17-de-marzo\/\" \/>\n<meta property=\"og:site_name\" content=\"M\u00e1s Que Noticias\" \/>\n<meta property=\"article:publisher\" content=\"https:\/\/www.facebook.com\/masquenoticiascolima\" \/>\n<meta property=\"article:published_time\" content=\"2024-03-07T17:26:57+00:00\" \/>\n<meta property=\"article:modified_time\" content=\"2024-03-07T17:26:58+00:00\" \/>\n<meta property=\"og:image\" content=\"https:\/\/i0.wp.com\/masquenoticias.mx\/wp-content\/uploads\/2024\/03\/4c0c062d-9118-4e43-b890-0a4f7f59d49d-1-jpg.webp?fit=1280%2C718&ssl=1\" \/>\n\t<meta property=\"og:image:width\" content=\"1280\" \/>\n\t<meta property=\"og:image:height\" content=\"718\" \/>\n\t<meta property=\"og:image:type\" content=\"image\/jpeg\" \/>\n<meta name=\"author\" content=\"Redacci\u00f3n\" \/>\n<meta name=\"twitter:card\" content=\"summary_large_image\" \/>\n<meta name=\"twitter:creator\" content=\"@edgartove\" \/>\n<meta name=\"twitter:site\" content=\"@edgartove\" \/>\n<meta name=\"twitter:label1\" content=\"Escrito por\" \/>\n\t<meta name=\"twitter:data1\" content=\"Redacci\u00f3n\" \/>\n\t<meta name=\"twitter:label2\" content=\"Tiempo de lectura\" \/>\n\t<meta name=\"twitter:data2\" content=\"1 minuto\" \/>\n<script type=\"application\/ld+json\" class=\"yoast-schema-graph\">{\"@context\":\"https:\/\/schema.org\",\"@graph\":[{\"@type\":\"Article\",\"@id\":\"https:\/\/masquenoticias.mx\/index.php\/2024\/03\/07\/realizaran-4o-festival-de-observacion-de-aves-en-el-terrero-16-y-17-de-marzo\/#article\",\"isPartOf\":{\"@id\":\"https:\/\/masquenoticias.mx\/index.php\/2024\/03\/07\/realizaran-4o-festival-de-observacion-de-aves-en-el-terrero-16-y-17-de-marzo\/\"},\"author\":{\"name\":\"Redacci\u00f3n\",\"@id\":\"https:\/\/masquenoticias.mx\/#\/schema\/person\/544d19989ef23d34615f691f7a96e622\"},\"headline\":\"Realizar\u00e1n 4\u00ba Festival de Observaci\u00f3n de Aves en El Terrero, 16 y 17 de marzo\",\"datePublished\":\"2024-03-07T17:26:57+00:00\",\"dateModified\":\"2024-03-07T17:26:58+00:00\",\"mainEntityOfPage\":{\"@id\":\"https:\/\/masquenoticias.mx\/index.php\/2024\/03\/07\/realizaran-4o-festival-de-observacion-de-aves-en-el-terrero-16-y-17-de-marzo\/\"},\"wordCount\":186,\"commentCount\":0,\"publisher\":{\"@id\":\"https:\/\/masquenoticias.mx\/#organization\"},\"image\":{\"@id\":\"https:\/\/masquenoticias.mx\/index.php\/2024\/03\/07\/realizaran-4o-festival-de-observacion-de-aves-en-el-terrero-16-y-17-de-marzo\/#primaryimage\"},\"thumbnailUrl\":\"https:\/\/i0.wp.com\/masquenoticias.mx\/wp-content\/uploads\/2024\/03\/4c0c062d-9118-4e43-b890-0a4f7f59d49d-1-jpg.webp?fit=1280%2C718&ssl=1\",\"keywords\":[\"Turismo\"],\"articleSection\":[\"Estado\"],\"inLanguage\":\"es\",\"potentialAction\":[{\"@type\":\"CommentAction\",\"name\":\"Comment\",\"target\":[\"https:\/\/masquenoticias.mx\/index.php\/2024\/03\/07\/realizaran-4o-festival-de-observacion-de-aves-en-el-terrero-16-y-17-de-marzo\/#respond\"]}]},{\"@type\":\"WebPage\",\"@id\":\"https:\/\/masquenoticias.mx\/index.php\/2024\/03\/07\/realizaran-4o-festival-de-observacion-de-aves-en-el-terrero-16-y-17-de-marzo\/\",\"url\":\"https:\/\/masquenoticias.mx\/index.php\/2024\/03\/07\/realizaran-4o-festival-de-observacion-de-aves-en-el-terrero-16-y-17-de-marzo\/\",\"name\":\"Realizar\u00e1n 4\u00ba Festival de Observaci\u00f3n de Aves en El Terrero, 16 y 17 de marzo - M\u00e1s Que Noticias\",\"isPartOf\":{\"@id\":\"https:\/\/masquenoticias.mx\/#website\"},\"primaryImageOfPage\":{\"@id\":\"https:\/\/masquenoticias.mx\/index.php\/2024\/03\/07\/realizaran-4o-festival-de-observacion-de-aves-en-el-terrero-16-y-17-de-marzo\/#primaryimage\"},\"image\":{\"@id\":\"https:\/\/masquenoticias.mx\/index.php\/2024\/03\/07\/realizaran-4o-festival-de-observacion-de-aves-en-el-terrero-16-y-17-de-marzo\/#primaryimage\"},\"thumbnailUrl\":\"https:\/\/i0.wp.com\/masquenoticias.mx\/wp-content\/uploads\/2024\/03\/4c0c062d-9118-4e43-b890-0a4f7f59d49d-1-jpg.webp?fit=1280%2C718&ssl=1\",\"datePublished\":\"2024-03-07T17:26:57+00:00\",\"dateModified\":\"2024-03-07T17:26:58+00:00\",\"breadcrumb\":{\"@id\":\"https:\/\/masquenoticias.mx\/index.php\/2024\/03\/07\/realizaran-4o-festival-de-observacion-de-aves-en-el-terrero-16-y-17-de-marzo\/#breadcrumb\"},\"inLanguage\":\"es\",\"potentialAction\":[{\"@type\":\"ReadAction\",\"target\":[\"https:\/\/masquenoticias.mx\/index.php\/2024\/03\/07\/realizaran-4o-festival-de-observacion-de-aves-en-el-terrero-16-y-17-de-marzo\/\"]}]},{\"@type\":\"ImageObject\",\"inLanguage\":\"es\",\"@id\":\"https:\/\/masquenoticias.mx\/index.php\/2024\/03\/07\/realizaran-4o-festival-de-observacion-de-aves-en-el-terrero-16-y-17-de-marzo\/#primaryimage\",\"url\":\"https:\/\/i0.wp.com\/masquenoticias.mx\/wp-content\/uploads\/2024\/03\/4c0c062d-9118-4e43-b890-0a4f7f59d49d-1-jpg.webp?fit=1280%2C718&ssl=1\",\"contentUrl\":\"https:\/\/i0.wp.com\/masquenoticias.mx\/wp-content\/uploads\/2024\/03\/4c0c062d-9118-4e43-b890-0a4f7f59d49d-1-jpg.webp?fit=1280%2C718&ssl=1\",\"width\":1280,\"height\":718},{\"@type\":\"BreadcrumbList\",\"@id\":\"https:\/\/masquenoticias.mx\/index.php\/2024\/03\/07\/realizaran-4o-festival-de-observacion-de-aves-en-el-terrero-16-y-17-de-marzo\/#breadcrumb\",\"itemListElement\":[{\"@type\":\"ListItem\",\"position\":1,\"name\":\"Inicio\",\"item\":\"https:\/\/masquenoticias.mx\/\"},{\"@type\":\"ListItem\",\"position\":2,\"name\":\"Realizar\u00e1n 4\u00ba Festival de Observaci\u00f3n de Aves en El Terrero, 16 y 17 de marzo\"}]},{\"@type\":\"WebSite\",\"@id\":\"https:\/\/masquenoticias.mx\/#website\",\"url\":\"https:\/\/masquenoticias.mx\/\",\"name\":\"M\u00e1s Que Noticias\",\"description\":\"Noticias de Colima, M\u00e9xico y el Mundo\",\"publisher\":{\"@id\":\"https:\/\/masquenoticias.mx\/#organization\"},\"potentialAction\":[{\"@type\":\"SearchAction\",\"target\":{\"@type\":\"EntryPoint\",\"urlTemplate\":\"https:\/\/masquenoticias.mx\/?s={search_term_string}\"},\"query-input\":{\"@type\":\"PropertyValueSpecification\",\"valueRequired\":true,\"valueName\":\"search_term_string\"}}],\"inLanguage\":\"es\"},{\"@type\":\"Organization\",\"@id\":\"https:\/\/masquenoticias.mx\/#organization\",\"name\":\"M\u00e1s Que Noticias\",\"url\":\"https:\/\/masquenoticias.mx\/\",\"logo\":{\"@type\":\"ImageObject\",\"inLanguage\":\"es\",\"@id\":\"https:\/\/masquenoticias.mx\/#\/schema\/logo\/image\/\",\"url\":\"https:\/\/i0.wp.com\/masquenoticias.mx\/wp-content\/uploads\/2024\/04\/IMG_0004.png?fit=2560%2C1656&ssl=1\",\"contentUrl\":\"https:\/\/i0.wp.com\/masquenoticias.mx\/wp-content\/uploads\/2024\/04\/IMG_0004.png?fit=2560%2C1656&ssl=1\",\"width\":2560,\"height\":1656,\"caption\":\"M\u00e1s Que Noticias\"},\"image\":{\"@id\":\"https:\/\/masquenoticias.mx\/#\/schema\/logo\/image\/\"},\"sameAs\":[\"https:\/\/www.facebook.com\/masquenoticiascolima\",\"https:\/\/x.com\/edgartove\",\"https:\/\/www.instagram.com\/masquenoticiascolima\/\"]},{\"@type\":\"Person\",\"@id\":\"https:\/\/masquenoticias.mx\/#\/schema\/person\/544d19989ef23d34615f691f7a96e622\",\"name\":\"Redacci\u00f3n\",\"image\":{\"@type\":\"ImageObject\",\"inLanguage\":\"es\",\"@id\":\"https:\/\/masquenoticias.mx\/#\/schema\/person\/image\/\",\"url\":\"https:\/\/secure.gravatar.com\/avatar\/7fcc926d5b058d3f3d52d95b4d05dd58?s=96&d=mm&r=g\",\"contentUrl\":\"https:\/\/secure.gravatar.com\/avatar\/7fcc926d5b058d3f3d52d95b4d05dd58?s=96&d=mm&r=g\",\"caption\":\"Redacci\u00f3n\"},\"sameAs\":[\"http:\/\/masquenoticias.mx\"],\"url\":\"https:\/\/masquenoticias.mx\/index.php\/author\/edgartovegmail-com\/\"}]}<\/script>\n<!-- \/ Yoast SEO plugin. -->","yoast_head_json":{"title":"Realizar\u00e1n 4\u00ba Festival de Observaci\u00f3n de Aves en El Terrero, 16 y 17 de marzo - M\u00e1s Que Noticias","robots":{"index":"index","follow":"follow","max-snippet":"max-snippet:-1","max-image-preview":"max-image-preview:large","max-video-preview":"max-video-preview:-1"},"canonical":"https:\/\/masquenoticias.mx\/index.php\/2024\/03\/07\/realizaran-4o-festival-de-observacion-de-aves-en-el-terrero-16-y-17-de-marzo\/","og_locale":"es_MX","og_type":"article","og_title":"Realizar\u00e1n 4\u00ba Festival de Observaci\u00f3n de Aves en El Terrero, 16 y 17 de marzo - M\u00e1s Que Noticias","og_description":"El ejido El Terrero, en el municipio de Minatitl\u00e1n, invita a la cuarta edici\u00f3n del Festival de Observaci\u00f3n de Aves en el Centro Ecotur\u00edstico El Terrero, ubicado dentro de la Reserva de la Biosfera Sierra de Manantl\u00e1n, en el propio municipio minatitlense. Este cuarto festival se celebrar\u00e1 el pr\u00f3ximo s\u00e1bado 16 y domingo 17 de [&hellip;]","og_url":"https:\/\/masquenoticias.mx\/index.php\/2024\/03\/07\/realizaran-4o-festival-de-observacion-de-aves-en-el-terrero-16-y-17-de-marzo\/","og_site_name":"M\u00e1s Que Noticias","article_publisher":"https:\/\/www.facebook.com\/masquenoticiascolima","article_published_time":"2024-03-07T17:26:57+00:00","article_modified_time":"2024-03-07T17:26:58+00:00","og_image":[{"width":1280,"height":718,"url":"https:\/\/i0.wp.com\/masquenoticias.mx\/wp-content\/uploads\/2024\/03\/4c0c062d-9118-4e43-b890-0a4f7f59d49d-1-jpg.webp?fit=1280%2C718&ssl=1","type":"image\/jpeg"}],"author":"Redacci\u00f3n","twitter_card":"summary_large_image","twitter_creator":"@edgartove","twitter_site":"@edgartove","twitter_misc":{"Escrito por":"Redacci\u00f3n","Tiempo de lectura":"1 minuto"},"schema":{"@context":"https:\/\/schema.org","@graph":[{"@type":"Article","@id":"https:\/\/masquenoticias.mx\/index.php\/2024\/03\/07\/realizaran-4o-festival-de-observacion-de-aves-en-el-terrero-16-y-17-de-marzo\/#article","isPartOf":{"@id":"https:\/\/masquenoticias.mx\/index.php\/2024\/03\/07\/realizaran-4o-festival-de-observacion-de-aves-en-el-terrero-16-y-17-de-marzo\/"},"author":{"name":"Redacci\u00f3n","@id":"https:\/\/masquenoticias.mx\/#\/schema\/person\/544d19989ef23d34615f691f7a96e622"},"headline":"Realizar\u00e1n 4\u00ba Festival de Observaci\u00f3n de Aves en El Terrero, 16 y 17 de marzo","datePublished":"2024-03-07T17:26:57+00:00","dateModified":"2024-03-07T17:26:58+00:00","mainEntityOfPage":{"@id":"https:\/\/masquenoticias.mx\/index.php\/2024\/03\/07\/realizaran-4o-festival-de-observacion-de-aves-en-el-terrero-16-y-17-de-marzo\/"},"wordCount":186,"commentCount":0,"publisher":{"@id":"https:\/\/masquenoticias.mx\/#organization"},"image":{"@id":"https:\/\/masquenoticias.mx\/index.php\/2024\/03\/07\/realizaran-4o-festival-de-observacion-de-aves-en-el-terrero-16-y-17-de-marzo\/#primaryimage"},"thumbnailUrl":"https:\/\/i0.wp.com\/masquenoticias.mx\/wp-content\/uploads\/2024\/03\/4c0c062d-9118-4e43-b890-0a4f7f59d49d-1-jpg.webp?fit=1280%2C718&ssl=1","keywords":["Turismo"],"articleSection":["Estado"],"inLanguage":"es","potentialAction":[{"@type":"CommentAction","name":"Comment","target":["https:\/\/masquenoticias.mx\/index.php\/2024\/03\/07\/realizaran-4o-festival-de-observacion-de-aves-en-el-terrero-16-y-17-de-marzo\/#respond"]}]},{"@type":"WebPage","@id":"https:\/\/masquenoticias.mx\/index.php\/2024\/03\/07\/realizaran-4o-festival-de-observacion-de-aves-en-el-terrero-16-y-17-de-marzo\/","url":"https:\/\/masquenoticias.mx\/index.php\/2024\/03\/07\/realizaran-4o-festival-de-observacion-de-aves-en-el-terrero-16-y-17-de-marzo\/","name":"Realizar\u00e1n 4\u00ba Festival de Observaci\u00f3n de Aves en El Terrero, 16 y 17 de marzo - M\u00e1s Que Noticias","isPartOf":{"@id":"https:\/\/masquenoticias.mx\/#website"},"primaryImageOfPage":{"@id":"https:\/\/masquenoticias.mx\/index.php\/2024\/03\/07\/realizaran-4o-festival-de-observacion-de-aves-en-el-terrero-16-y-17-de-marzo\/#primaryimage"},"image":{"@id":"https:\/\/masquenoticias.mx\/index.php\/2024\/03\/07\/realizaran-4o-festival-de-observacion-de-aves-en-el-terrero-16-y-17-de-marzo\/#primaryimage"},"thumbnailUrl":"https:\/\/i0.wp.com\/masquenoticias.mx\/wp-content\/uploads\/2024\/03\/4c0c062d-9118-4e43-b890-0a4f7f59d49d-1-jpg.webp?fit=1280%2C718&ssl=1","datePublished":"2024-03-07T17:26:57+00:00","dateModified":"2024-03-07T17:26:58+00:00","breadcrumb":{"@id":"https:\/\/masquenoticias.mx\/index.php\/2024\/03\/07\/realizaran-4o-festival-de-observacion-de-aves-en-el-terrero-16-y-17-de-marzo\/#breadcrumb"},"inLanguage":"es","potentialAction":[{"@type":"ReadAction","target":["https:\/\/masquenoticias.mx\/index.php\/2024\/03\/07\/realizaran-4o-festival-de-observacion-de-aves-en-el-terrero-16-y-17-de-marzo\/"]}]},{"@type":"ImageObject","inLanguage":"es","@id":"https:\/\/masquenoticias.mx\/index.php\/2024\/03\/07\/realizaran-4o-festival-de-observacion-de-aves-en-el-terrero-16-y-17-de-marzo\/#primaryimage","url":"https:\/\/i0.wp.com\/masquenoticias.mx\/wp-content\/uploads\/2024\/03\/4c0c062d-9118-4e43-b890-0a4f7f59d49d-1-jpg.webp?fit=1280%2C718&ssl=1","contentUrl":"https:\/\/i0.wp.com\/masquenoticias.mx\/wp-content\/uploads\/2024\/03\/4c0c062d-9118-4e43-b890-0a4f7f59d49d-1-jpg.webp?fit=1280%2C718&ssl=1","width":1280,"height":718},{"@type":"BreadcrumbList","@id":"https:\/\/masquenoticias.mx\/index.php\/2024\/03\/07\/realizaran-4o-festival-de-observacion-de-aves-en-el-terrero-16-y-17-de-marzo\/#breadcrumb","itemListElement":[{"@type":"ListItem","position":1,"name":"Inicio","item":"https:\/\/masquenoticias.mx\/"},{"@type":"ListItem","position":2,"name":"Realizar\u00e1n 4\u00ba Festival de Observaci\u00f3n de Aves en El Terrero, 16 y 17 de marzo"}]},{"@type":"WebSite","@id":"https:\/\/masquenoticias.mx\/#website","url":"https:\/\/masquenoticias.mx\/","name":"M\u00e1s Que Noticias","description":"Noticias de Colima, M\u00e9xico y el Mundo","publisher":{"@id":"https:\/\/masquenoticias.mx\/#organization"},"potentialAction":[{"@type":"SearchAction","target":{"@type":"EntryPoint","urlTemplate":"https:\/\/masquenoticias.mx\/?s={search_term_string}"},"query-input":{"@type":"PropertyValueSpecification","valueRequired":true,"valueName":"search_term_string"}}],"inLanguage":"es"},{"@type":"Organization","@id":"https:\/\/masquenoticias.mx\/#organization","name":"M\u00e1s Que Noticias","url":"https:\/\/masquenoticias.mx\/","logo":{"@type":"ImageObject","inLanguage":"es","@id":"https:\/\/masquenoticias.mx\/#\/schema\/logo\/image\/","url":"https:\/\/i0.wp.com\/masquenoticias.mx\/wp-content\/uploads\/2024\/04\/IMG_0004.png?fit=2560%2C1656&ssl=1","contentUrl":"https:\/\/i0.wp.com\/masquenoticias.mx\/wp-content\/uploads\/2024\/04\/IMG_0004.png?fit=2560%2C1656&ssl=1","width":2560,"height":1656,"caption":"M\u00e1s Que Noticias"},"image":{"@id":"https:\/\/masquenoticias.mx\/#\/schema\/logo\/image\/"},"sameAs":["https:\/\/www.facebook.com\/masquenoticiascolima","https:\/\/x.com\/edgartove","https:\/\/www.instagram.com\/masquenoticiascolima\/"]},{"@type":"Person","@id":"https:\/\/masquenoticias.mx\/#\/schema\/person\/544d19989ef23d34615f691f7a96e622","name":"Redacci\u00f3n","image":{"@type":"ImageObject","inLanguage":"es","@id":"https:\/\/masquenoticias.mx\/#\/schema\/person\/image\/","url":"https:\/\/secure.gravatar.com\/avatar\/7fcc926d5b058d3f3d52d95b4d05dd58?s=96&d=mm&r=g","contentUrl":"https:\/\/secure.gravatar.com\/avatar\/7fcc926d5b058d3f3d52d95b4d05dd58?s=96&d=mm&r=g","caption":"Redacci\u00f3n"},"sameAs":["http:\/\/masquenoticias.mx"],"url":"https:\/\/masquenoticias.mx\/index.php\/author\/edgartovegmail-com\/"}]}},"jetpack_featured_media_url":"https:\/\/i0.wp.com\/masquenoticias.mx\/wp-content\/uploads\/2024\/03\/4c0c062d-9118-4e43-b890-0a4f7f59d49d-1-jpg.webp?fit=1280%2C718&ssl=1","blog_post_layout_featured_media_urls":{"thumbnail":["https:\/\/i0.wp.com\/masquenoticias.mx\/wp-content\/uploads\/2024\/03\/4c0c062d-9118-4e43-b890-0a4f7f59d49d-1-jpg.webp?resize=150%2C150&ssl=1",150,150,true],"full":["https:\/\/i0.wp.com\/masquenoticias.mx\/wp-content\/uploads\/2024\/03\/4c0c062d-9118-4e43-b890-0a4f7f59d49d-1-jpg.webp?fit=1280%2C718&ssl=1",1280,718,false]},"categories_names":{"24":{"name":"Estado","link":"https:\/\/masquenoticias.mx\/index.php\/category\/estado\/"}},"tags_names":{"96":{"name":"Turismo","link":"https:\/\/masquenoticias.mx\/index.php\/tag\/turismo\/"}},"comments_number":"0","wpmagazine_modules_lite_featured_media_urls":{"thumbnail":["https:\/\/i0.wp.com\/masquenoticias.mx\/wp-content\/uploads\/2024\/03\/4c0c062d-9118-4e43-b890-0a4f7f59d49d-1-jpg.webp?resize=150%2C150&ssl=1",150,150,true],"cvmm-medium":["https:\/\/i0.wp.com\/masquenoticias.mx\/wp-content\/uploads\/2024\/03\/4c0c062d-9118-4e43-b890-0a4f7f59d49d-1-jpg.webp?resize=300%2C300&ssl=1",300,300,true],"cvmm-medium-plus":["https:\/\/i0.wp.com\/masquenoticias.mx\/wp-content\/uploads\/2024\/03\/4c0c062d-9118-4e43-b890-0a4f7f59d49d-1-jpg.webp?resize=305%2C207&ssl=1",305,207,true],"cvmm-portrait":["https:\/\/i0.wp.com\/masquenoticias.mx\/wp-content\/uploads\/2024\/03\/4c0c062d-9118-4e43-b890-0a4f7f59d49d-1-jpg.webp?resize=400%2C600&ssl=1",400,600,true],"cvmm-medium-square":["https:\/\/i0.wp.com\/masquenoticias.mx\/wp-content\/uploads\/2024\/03\/4c0c062d-9118-4e43-b890-0a4f7f59d49d-1-jpg.webp?resize=600%2C600&ssl=1",600,600,true],"cvmm-large":["https:\/\/i0.wp.com\/masquenoticias.mx\/wp-content\/uploads\/2024\/03\/4c0c062d-9118-4e43-b890-0a4f7f59d49d-1-jpg.webp?resize=1024%2C718&ssl=1",1024,718,true],"cvmm-small":["https:\/\/i0.wp.com\/masquenoticias.mx\/wp-content\/uploads\/2024\/03\/4c0c062d-9118-4e43-b890-0a4f7f59d49d-1-jpg.webp?resize=130%2C95&ssl=1",130,95,true],"full":["https:\/\/i0.wp.com\/masquenoticias.mx\/wp-content\/uploads\/2024\/03\/4c0c062d-9118-4e43-b890-0a4f7f59d49d-1-jpg.webp?fit=1280%2C718&ssl=1",1280,718,false]},"jetpack-related-posts":[],"jetpack_sharing_enabled":true,"jetpack_likes_enabled":true,"jetpack_shortlink":"https:\/\/wp.me\/pf7pkt-1WV","_links":{"self":[{"href":"https:\/\/masquenoticias.mx\/index.php\/wp-json\/wp\/v2\/posts\/7497","targetHints":{"allow":["GET"]}}],"collection":[{"href":"https:\/\/masquenoticias.mx\/index.php\/wp-json\/wp\/v2\/posts"}],"about":[{"href":"https:\/\/masquenoticias.mx\/index.php\/wp-json\/wp\/v2\/types\/post"}],"author":[{"embeddable":true,"href":"https:\/\/masquenoticias.mx\/index.php\/wp-json\/wp\/v2\/users\/1"}],"replies":[{"embeddable":true,"href":"https:\/\/masquenoticias.mx\/index.php\/wp-json\/wp\/v2\/comments?post=7497"}],"version-history":[{"count":0,"href":"https:\/\/masquenoticias.mx\/index.php\/wp-json\/wp\/v2\/posts\/7497\/revisions"}],"wp:featuredmedia":[{"embeddable":true,"href":"https:\/\/masquenoticias.mx\/index.php\/wp-json\/wp\/v2\/media\/7496"}],"wp:attachment":[{"href":"https:\/\/masquenoticias.mx\/index.php\/wp-json\/wp\/v2\/media?parent=7497"}],"wp:term":[{"taxonomy":"category","embeddable":true,"href":"https:\/\/masquenoticias.mx\/index.php\/wp-json\/wp\/v2\/categories?post=7497"},{"taxonomy":"post_tag","embeddable":true,"href":"https:\/\/masquenoticias.mx\/index.php\/wp-json\/wp\/v2\/tags?post=7497"}],"curies":[{"name":"wp","href":"https:\/\/api.w.org\/{rel}","templated":true}]}}