{"id":7328,"date":"2024-02-26T17:33:49","date_gmt":"2024-02-26T23:33:49","guid":{"rendered":"https:\/\/masquenoticias.mx\/?p=7328"},"modified":"2024-02-26T17:33:49","modified_gmt":"2024-02-26T23:33:49","slug":"indira-vizcaino-entrego-reconstruccion-en-carretera-tecoman-cofradia-de-morelos","status":"publish","type":"post","link":"https:\/\/masquenoticias.mx\/index.php\/2024\/02\/26\/indira-vizcaino-entrego-reconstruccion-en-carretera-tecoman-cofradia-de-morelos\/","title":{"rendered":"Indira Vizca\u00edno entreg\u00f3 reconstrucci\u00f3n en carretera Tecom\u00e1n-Cofrad\u00eda de Morelos"},"content":{"rendered":"<p>La tarde de este lunes, la gobernadora de Colima, Indira Vizca\u00edno Silva, entreg\u00f3 la reconstrucci\u00f3n de 3.5 kil\u00f3metros de la carretera Tecom\u00e1n-Cofrad\u00eda de Morelos, en la que se invirtieron 98 millones de pesos. Se dijo satisfecha de entregar esta acci\u00f3n, que es una m\u00e1s de las #ObrasQueTransforman y que ser\u00e1 de gran utilidad para la regi\u00f3n, ya que es una v\u00eda que genera mucho movimiento en t\u00e9rminos econ\u00f3micos, agr\u00edcolas, ganaderos, de salud, no s\u00f3lo para las y los tecomenses sino para personas del vecino estado de Michoac\u00e1n.<\/p>\n<p>La titular del Poder Ejecutivo Estatal dijo que se est\u00e1 entregando una obra con caracter\u00edsticas de calidad que garantiza una carretera segura a quienes la transitan de manera cotidiana; &#8220;desde la perspectiva de nuestra administraci\u00f3n, todas y todos los ciudadanos valen exactamente lo mismo, son igual de importantes, por lo tanto, tambi\u00e9n sus comunidades y las acciones de infraestructura que en ellas se inviertan&#8221;, manifest\u00f3.<\/p>\n<p>Indira Vizca\u00edno se\u00f1al\u00f3 que esta obra, junto con la del kil\u00f3metro 34 en la carretera entre Villa de \u00c1lvarez y Minatitl\u00e1n, han sido las m\u00e1s complejas que ha atendido su administraci\u00f3n, ya que se recibieron en mal estado y gracias al gran trabajo que se ha realizado desde el primer d\u00eda de su gobierno y la disposici\u00f3n que se ha mostrado por resolverlas, es que a dos a\u00f1os de su gesti\u00f3n est\u00e1n resueltas de la mejor manera.<\/p>\n<p>Marisol Neri Le\u00f3n, titular de la Secretar\u00eda de Infraestructura, Desarrollo Urbano y Movilidad (Seidum), explic\u00f3 que esta obra transformar\u00e1 la vida de muchas y muchos tecomenses, y de las y los colimenses, as\u00ed como de la gente de Michoac\u00e1n; &#8221; estamos entregando una obra mucho m\u00e1s segura y en eso es en lo que estamos empe\u00f1ando los esfuerzos, para que esta obra se d\u00e9 de esta forma, a como estaba dise\u00f1ada anteriormente&#8221;.<\/p>\n<p>El presidente municipal de Tecom\u00e1n, El\u00edas Lozano Ochoa, agradeci\u00f3 a la gobernadora Indira Vizca\u00edno por todas las obras que est\u00e1 realizando en pro de las y los tecomenses; dijo que el Gobierno de Colima merece doble reconocimiento pues la reconstrucci\u00f3n de la carretera Tecom\u00e1n-Cofrad\u00eda de Morelos se realiz\u00f3 con muchas limitaciones econ\u00f3micas, que se suplen con profesionalismo, coraz\u00f3n, responsabilidad y trabajo para hacer posible esta obra&#8221;, concluy\u00f3.<\/p>\n<p>Esta #ObraQueTransforma beneficia a m\u00e1s de 88 mil habitantes de esta regi\u00f3n del Valle de Tecom\u00e1n, y que consisti\u00f3 en la reconstrucci\u00f3n de dos carriles de ida y dos de vuelta, cada uno con 3.50 metros de ancho y a esta entrega asistieron representantes populares en el Congreso del Estado, funcionarias y funcionarios de los tres niveles de gobierno y habitantes de la zona que se benefician con esta infraestructura carretera.<\/p>\n<div class=\"tiled-gallery type-rectangular tiled-gallery-unresized\" data-original-width=\"640\" data-carousel-extra='null' itemscope itemtype=\"http:\/\/schema.org\/ImageGallery\" > <div class=\"gallery-row\" style=\"width: 640px; height: 286px;\" data-original-width=\"640\" data-original-height=\"286\" > <div class=\"gallery-group images-1\" style=\"width: 427px; height: 286px;\" data-original-width=\"427\" data-original-height=\"286\" > <div class=\"tiled-gallery-item tiled-gallery-item-large\" itemprop=\"associatedMedia\" itemscope itemtype=\"http:\/\/schema.org\/ImageObject\"> <a href=\"https:\/\/masquenoticias.mx\/index.php\/2024\/02\/26\/indira-vizcaino-entrego-reconstruccion-en-carretera-tecoman-cofradia-de-morelos\/img-20240226-wa0364\/\" border=\"0\" itemprop=\"url\"> <meta itemprop=\"width\" content=\"423\"> <meta itemprop=\"height\" content=\"282\"> <img loading=\"lazy\" decoding=\"async\" class=\"\" data-attachment-id=\"7334\" data-orig-file=\"https:\/\/masquenoticias.mx\/wp-content\/uploads\/2024\/02\/IMG-20240226-WA0364-jpg.webp\" data-orig-size=\"1600,1066\" data-comments-opened=\"1\" data-image-meta=\"{&quot;aperture&quot;:&quot;0&quot;,&quot;credit&quot;:&quot;&quot;,&quot;camera&quot;:&quot;&quot;,&quot;caption&quot;:&quot;&quot;,&quot;created_timestamp&quot;:&quot;0&quot;,&quot;copyright&quot;:&quot;&quot;,&quot;focal_length&quot;:&quot;0&quot;,&quot;iso&quot;:&quot;0&quot;,&quot;shutter_speed&quot;:&quot;0&quot;,&quot;title&quot;:&quot;&quot;,&quot;orientation&quot;:&quot;0&quot;}\" data-image-title=\"IMG-20240226-WA0364\" data-image-description=\"\" data-medium-file=\"https:\/\/i0.wp.com\/masquenoticias.mx\/wp-content\/uploads\/2024\/02\/IMG-20240226-WA0364-jpg.webp?fit=300%2C200&#038;ssl=1\" data-large-file=\"https:\/\/i0.wp.com\/masquenoticias.mx\/wp-content\/uploads\/2024\/02\/IMG-20240226-WA0364-jpg.webp?fit=640%2C426&#038;ssl=1\" src=\"https:\/\/i0.wp.com\/masquenoticias.mx\/wp-content\/uploads\/2024\/02\/IMG-20240226-WA0364-jpg.webp?w=423&#038;h=282&#038;ssl=1\" srcset=\"https:\/\/i0.wp.com\/masquenoticias.mx\/wp-content\/uploads\/2024\/02\/IMG-20240226-WA0364-jpg.webp?w=1600&amp;ssl=1 1600w, https:\/\/i0.wp.com\/masquenoticias.mx\/wp-content\/uploads\/2024\/02\/IMG-20240226-WA0364-jpg.webp?resize=300%2C200&amp;ssl=1 300w, https:\/\/i0.wp.com\/masquenoticias.mx\/wp-content\/uploads\/2024\/02\/IMG-20240226-WA0364-jpg.webp?resize=1024%2C682&amp;ssl=1 1024w, https:\/\/i0.wp.com\/masquenoticias.mx\/wp-content\/uploads\/2024\/02\/IMG-20240226-WA0364-jpg.webp?resize=768%2C512&amp;ssl=1 768w, https:\/\/i0.wp.com\/masquenoticias.mx\/wp-content\/uploads\/2024\/02\/IMG-20240226-WA0364-jpg.webp?resize=1536%2C1023&amp;ssl=1 1536w, https:\/\/i0.wp.com\/masquenoticias.mx\/wp-content\/uploads\/2024\/02\/IMG-20240226-WA0364-jpg.webp?w=1280&amp;ssl=1 1280w\" width=\"423\" height=\"282\" loading=\"lazy\" data-original-width=\"423\" data-original-height=\"282\" itemprop=\"http:\/\/schema.org\/image\" title=\"IMG-20240226-WA0364\" alt=\"IMG-20240226-WA0364\" style=\"width: 423px; height: 282px;\" \/> <\/a> <\/div> <\/div> <!-- close group --> <div class=\"gallery-group images-2\" style=\"width: 213px; height: 286px;\" data-original-width=\"213\" data-original-height=\"286\" > <div class=\"tiled-gallery-item tiled-gallery-item-small\" itemprop=\"associatedMedia\" itemscope itemtype=\"http:\/\/schema.org\/ImageObject\"> <a href=\"https:\/\/masquenoticias.mx\/index.php\/2024\/02\/26\/indira-vizcaino-entrego-reconstruccion-en-carretera-tecoman-cofradia-de-morelos\/img-20240226-wa0363\/\" border=\"0\" itemprop=\"url\"> <meta itemprop=\"width\" content=\"209\"> <meta itemprop=\"height\" content=\"139\"> <img loading=\"lazy\" decoding=\"async\" class=\"\" data-attachment-id=\"7333\" data-orig-file=\"https:\/\/masquenoticias.mx\/wp-content\/uploads\/2024\/02\/IMG-20240226-WA0363-jpg.webp\" data-orig-size=\"1600,1066\" data-comments-opened=\"1\" data-image-meta=\"{&quot;aperture&quot;:&quot;0&quot;,&quot;credit&quot;:&quot;&quot;,&quot;camera&quot;:&quot;&quot;,&quot;caption&quot;:&quot;&quot;,&quot;created_timestamp&quot;:&quot;0&quot;,&quot;copyright&quot;:&quot;&quot;,&quot;focal_length&quot;:&quot;0&quot;,&quot;iso&quot;:&quot;0&quot;,&quot;shutter_speed&quot;:&quot;0&quot;,&quot;title&quot;:&quot;&quot;,&quot;orientation&quot;:&quot;0&quot;}\" data-image-title=\"IMG-20240226-WA0363\" data-image-description=\"\" data-medium-file=\"https:\/\/i0.wp.com\/masquenoticias.mx\/wp-content\/uploads\/2024\/02\/IMG-20240226-WA0363-jpg.webp?fit=300%2C200&#038;ssl=1\" data-large-file=\"https:\/\/i0.wp.com\/masquenoticias.mx\/wp-content\/uploads\/2024\/02\/IMG-20240226-WA0363-jpg.webp?fit=640%2C426&#038;ssl=1\" src=\"https:\/\/i0.wp.com\/masquenoticias.mx\/wp-content\/uploads\/2024\/02\/IMG-20240226-WA0363-jpg.webp?w=209&#038;h=139&#038;ssl=1\" srcset=\"https:\/\/i0.wp.com\/masquenoticias.mx\/wp-content\/uploads\/2024\/02\/IMG-20240226-WA0363-jpg.webp?w=1600&amp;ssl=1 1600w, https:\/\/i0.wp.com\/masquenoticias.mx\/wp-content\/uploads\/2024\/02\/IMG-20240226-WA0363-jpg.webp?resize=300%2C200&amp;ssl=1 300w, https:\/\/i0.wp.com\/masquenoticias.mx\/wp-content\/uploads\/2024\/02\/IMG-20240226-WA0363-jpg.webp?resize=1024%2C682&amp;ssl=1 1024w, https:\/\/i0.wp.com\/masquenoticias.mx\/wp-content\/uploads\/2024\/02\/IMG-20240226-WA0363-jpg.webp?resize=768%2C512&amp;ssl=1 768w, https:\/\/i0.wp.com\/masquenoticias.mx\/wp-content\/uploads\/2024\/02\/IMG-20240226-WA0363-jpg.webp?resize=1536%2C1023&amp;ssl=1 1536w, https:\/\/i0.wp.com\/masquenoticias.mx\/wp-content\/uploads\/2024\/02\/IMG-20240226-WA0363-jpg.webp?w=1280&amp;ssl=1 1280w\" width=\"209\" height=\"139\" loading=\"lazy\" data-original-width=\"209\" data-original-height=\"139\" itemprop=\"http:\/\/schema.org\/image\" title=\"IMG-20240226-WA0363\" alt=\"IMG-20240226-WA0363\" style=\"width: 209px; height: 139px;\" \/> <\/a> <\/div> <div class=\"tiled-gallery-item tiled-gallery-item-small\" itemprop=\"associatedMedia\" itemscope itemtype=\"http:\/\/schema.org\/ImageObject\"> <a href=\"https:\/\/masquenoticias.mx\/index.php\/2024\/02\/26\/indira-vizcaino-entrego-reconstruccion-en-carretera-tecoman-cofradia-de-morelos\/img-20240226-wa0359\/\" border=\"0\" itemprop=\"url\"> <meta itemprop=\"width\" content=\"209\"> <meta itemprop=\"height\" content=\"139\"> <img loading=\"lazy\" decoding=\"async\" class=\"\" data-attachment-id=\"7332\" data-orig-file=\"https:\/\/masquenoticias.mx\/wp-content\/uploads\/2024\/02\/IMG-20240226-WA0359-jpg.webp\" data-orig-size=\"1280,853\" data-comments-opened=\"1\" data-image-meta=\"{&quot;aperture&quot;:&quot;0&quot;,&quot;credit&quot;:&quot;&quot;,&quot;camera&quot;:&quot;&quot;,&quot;caption&quot;:&quot;&quot;,&quot;created_timestamp&quot;:&quot;0&quot;,&quot;copyright&quot;:&quot;&quot;,&quot;focal_length&quot;:&quot;0&quot;,&quot;iso&quot;:&quot;0&quot;,&quot;shutter_speed&quot;:&quot;0&quot;,&quot;title&quot;:&quot;&quot;,&quot;orientation&quot;:&quot;0&quot;}\" data-image-title=\"IMG-20240226-WA0359\" data-image-description=\"\" data-medium-file=\"https:\/\/i0.wp.com\/masquenoticias.mx\/wp-content\/uploads\/2024\/02\/IMG-20240226-WA0359-jpg.webp?fit=300%2C200&#038;ssl=1\" data-large-file=\"https:\/\/i0.wp.com\/masquenoticias.mx\/wp-content\/uploads\/2024\/02\/IMG-20240226-WA0359-jpg.webp?fit=640%2C426&#038;ssl=1\" src=\"https:\/\/i0.wp.com\/masquenoticias.mx\/wp-content\/uploads\/2024\/02\/IMG-20240226-WA0359-jpg.webp?w=209&#038;h=139&#038;ssl=1\" srcset=\"https:\/\/i0.wp.com\/masquenoticias.mx\/wp-content\/uploads\/2024\/02\/IMG-20240226-WA0359-jpg.webp?w=1280&amp;ssl=1 1280w, https:\/\/i0.wp.com\/masquenoticias.mx\/wp-content\/uploads\/2024\/02\/IMG-20240226-WA0359-jpg.webp?resize=300%2C200&amp;ssl=1 300w, https:\/\/i0.wp.com\/masquenoticias.mx\/wp-content\/uploads\/2024\/02\/IMG-20240226-WA0359-jpg.webp?resize=1024%2C682&amp;ssl=1 1024w, https:\/\/i0.wp.com\/masquenoticias.mx\/wp-content\/uploads\/2024\/02\/IMG-20240226-WA0359-jpg.webp?resize=768%2C512&amp;ssl=1 768w\" width=\"209\" height=\"139\" loading=\"lazy\" data-original-width=\"209\" data-original-height=\"139\" itemprop=\"http:\/\/schema.org\/image\" title=\"IMG-20240226-WA0359\" alt=\"IMG-20240226-WA0359\" style=\"width: 209px; height: 139px;\" \/> <\/a> <\/div> <\/div> <!-- close group --> <\/div> <!-- close row --> <div class=\"gallery-row\" style=\"width: 640px; height: 215px;\" data-original-width=\"640\" data-original-height=\"215\" > <div class=\"gallery-group images-1\" style=\"width: 320px; height: 215px;\" data-original-width=\"320\" data-original-height=\"215\" > <div class=\"tiled-gallery-item tiled-gallery-item-large\" itemprop=\"associatedMedia\" itemscope itemtype=\"http:\/\/schema.org\/ImageObject\"> <a href=\"https:\/\/masquenoticias.mx\/index.php\/2024\/02\/26\/indira-vizcaino-entrego-reconstruccion-en-carretera-tecoman-cofradia-de-morelos\/img-20240226-wa0358\/\" border=\"0\" itemprop=\"url\"> <meta itemprop=\"width\" content=\"316\"> <meta itemprop=\"height\" content=\"211\"> <img loading=\"lazy\" decoding=\"async\" class=\"\" data-attachment-id=\"7331\" data-orig-file=\"https:\/\/masquenoticias.mx\/wp-content\/uploads\/2024\/02\/IMG-20240226-WA0358-jpg.webp\" data-orig-size=\"1280,853\" data-comments-opened=\"1\" data-image-meta=\"{&quot;aperture&quot;:&quot;0&quot;,&quot;credit&quot;:&quot;&quot;,&quot;camera&quot;:&quot;&quot;,&quot;caption&quot;:&quot;&quot;,&quot;created_timestamp&quot;:&quot;0&quot;,&quot;copyright&quot;:&quot;&quot;,&quot;focal_length&quot;:&quot;0&quot;,&quot;iso&quot;:&quot;0&quot;,&quot;shutter_speed&quot;:&quot;0&quot;,&quot;title&quot;:&quot;&quot;,&quot;orientation&quot;:&quot;0&quot;}\" data-image-title=\"IMG-20240226-WA0358\" data-image-description=\"\" data-medium-file=\"https:\/\/i0.wp.com\/masquenoticias.mx\/wp-content\/uploads\/2024\/02\/IMG-20240226-WA0358-jpg.webp?fit=300%2C200&#038;ssl=1\" data-large-file=\"https:\/\/i0.wp.com\/masquenoticias.mx\/wp-content\/uploads\/2024\/02\/IMG-20240226-WA0358-jpg.webp?fit=640%2C426&#038;ssl=1\" src=\"https:\/\/i0.wp.com\/masquenoticias.mx\/wp-content\/uploads\/2024\/02\/IMG-20240226-WA0358-jpg.webp?w=316&#038;h=211&#038;ssl=1\" srcset=\"https:\/\/i0.wp.com\/masquenoticias.mx\/wp-content\/uploads\/2024\/02\/IMG-20240226-WA0358-jpg.webp?w=1280&amp;ssl=1 1280w, https:\/\/i0.wp.com\/masquenoticias.mx\/wp-content\/uploads\/2024\/02\/IMG-20240226-WA0358-jpg.webp?resize=300%2C200&amp;ssl=1 300w, https:\/\/i0.wp.com\/masquenoticias.mx\/wp-content\/uploads\/2024\/02\/IMG-20240226-WA0358-jpg.webp?resize=1024%2C682&amp;ssl=1 1024w, https:\/\/i0.wp.com\/masquenoticias.mx\/wp-content\/uploads\/2024\/02\/IMG-20240226-WA0358-jpg.webp?resize=768%2C512&amp;ssl=1 768w\" width=\"316\" height=\"211\" loading=\"lazy\" data-original-width=\"316\" data-original-height=\"211\" itemprop=\"http:\/\/schema.org\/image\" title=\"IMG-20240226-WA0358\" alt=\"IMG-20240226-WA0358\" style=\"width: 316px; height: 211px;\" \/> <\/a> <\/div> <\/div> <!-- close group --> <div class=\"gallery-group images-1\" style=\"width: 320px; height: 215px;\" data-original-width=\"320\" data-original-height=\"215\" > <div class=\"tiled-gallery-item tiled-gallery-item-large\" itemprop=\"associatedMedia\" itemscope itemtype=\"http:\/\/schema.org\/ImageObject\"> <a href=\"https:\/\/masquenoticias.mx\/index.php\/2024\/02\/26\/indira-vizcaino-entrego-reconstruccion-en-carretera-tecoman-cofradia-de-morelos\/img-20240226-wa0356\/\" border=\"0\" itemprop=\"url\"> <meta itemprop=\"width\" content=\"316\"> <meta itemprop=\"height\" content=\"211\"> <img loading=\"lazy\" decoding=\"async\" class=\"\" data-attachment-id=\"7329\" data-orig-file=\"https:\/\/masquenoticias.mx\/wp-content\/uploads\/2024\/02\/IMG-20240226-WA0356-jpg.webp\" data-orig-size=\"1280,853\" data-comments-opened=\"1\" data-image-meta=\"{&quot;aperture&quot;:&quot;0&quot;,&quot;credit&quot;:&quot;&quot;,&quot;camera&quot;:&quot;&quot;,&quot;caption&quot;:&quot;&quot;,&quot;created_timestamp&quot;:&quot;0&quot;,&quot;copyright&quot;:&quot;&quot;,&quot;focal_length&quot;:&quot;0&quot;,&quot;iso&quot;:&quot;0&quot;,&quot;shutter_speed&quot;:&quot;0&quot;,&quot;title&quot;:&quot;&quot;,&quot;orientation&quot;:&quot;0&quot;}\" data-image-title=\"IMG-20240226-WA0356\" data-image-description=\"\" data-medium-file=\"https:\/\/i0.wp.com\/masquenoticias.mx\/wp-content\/uploads\/2024\/02\/IMG-20240226-WA0356-jpg.webp?fit=300%2C200&#038;ssl=1\" data-large-file=\"https:\/\/i0.wp.com\/masquenoticias.mx\/wp-content\/uploads\/2024\/02\/IMG-20240226-WA0356-jpg.webp?fit=640%2C426&#038;ssl=1\" src=\"https:\/\/i0.wp.com\/masquenoticias.mx\/wp-content\/uploads\/2024\/02\/IMG-20240226-WA0356-jpg.webp?w=316&#038;h=211&#038;ssl=1\" srcset=\"https:\/\/i0.wp.com\/masquenoticias.mx\/wp-content\/uploads\/2024\/02\/IMG-20240226-WA0356-jpg.webp?w=1280&amp;ssl=1 1280w, https:\/\/i0.wp.com\/masquenoticias.mx\/wp-content\/uploads\/2024\/02\/IMG-20240226-WA0356-jpg.webp?resize=300%2C200&amp;ssl=1 300w, https:\/\/i0.wp.com\/masquenoticias.mx\/wp-content\/uploads\/2024\/02\/IMG-20240226-WA0356-jpg.webp?resize=1024%2C682&amp;ssl=1 1024w, https:\/\/i0.wp.com\/masquenoticias.mx\/wp-content\/uploads\/2024\/02\/IMG-20240226-WA0356-jpg.webp?resize=768%2C512&amp;ssl=1 768w\" width=\"316\" height=\"211\" loading=\"lazy\" data-original-width=\"316\" data-original-height=\"211\" itemprop=\"http:\/\/schema.org\/image\" title=\"IMG-20240226-WA0356\" alt=\"IMG-20240226-WA0356\" style=\"width: 316px; height: 211px;\" \/> <\/a> <\/div> <\/div> <!-- close group --> <\/div> <!-- close row --> <\/div>\n","protected":false},"excerpt":{"rendered":"<p>La tarde de este lunes, la gobernadora de Colima, Indira Vizca\u00edno Silva, entreg\u00f3 la reconstrucci\u00f3n de 3.5 kil\u00f3metros de la carretera Tecom\u00e1n-Cofrad\u00eda de Morelos, en la que se invirtieron 98 millones de pesos. Se dijo satisfecha de entregar esta acci\u00f3n, que es una m\u00e1s de las #ObrasQueTransforman y que ser\u00e1 de gran utilidad para la [&hellip;]<\/p>\n","protected":false},"author":2,"featured_media":7330,"comment_status":"open","ping_status":"open","sticky":false,"template":"","format":"standard","meta":{"_jetpack_memberships_contains_paid_content":false,"footnotes":""},"categories":[24],"tags":[72,26,98],"class_list":["post-7328","post","type-post","status-publish","format-standard","has-post-thumbnail","hentry","category-estado","tag-gobierno","tag-indira-vizcaino","tag-tecoman"],"yoast_head":"<!-- This site is optimized with the Yoast SEO plugin v26.6 - https:\/\/yoast.com\/wordpress\/plugins\/seo\/ -->\n<title>Indira Vizca\u00edno entreg\u00f3 reconstrucci\u00f3n en carretera Tecom\u00e1n-Cofrad\u00eda de Morelos - M\u00e1s Que Noticias<\/title>\n<meta name=\"robots\" content=\"index, follow, max-snippet:-1, max-image-preview:large, max-video-preview:-1\" \/>\n<link rel=\"canonical\" href=\"https:\/\/masquenoticias.mx\/index.php\/2024\/02\/26\/indira-vizcaino-entrego-reconstruccion-en-carretera-tecoman-cofradia-de-morelos\/\" \/>\n<meta property=\"og:locale\" content=\"es_MX\" \/>\n<meta property=\"og:type\" content=\"article\" \/>\n<meta property=\"og:title\" content=\"Indira Vizca\u00edno entreg\u00f3 reconstrucci\u00f3n en carretera Tecom\u00e1n-Cofrad\u00eda de Morelos - M\u00e1s Que Noticias\" \/>\n<meta property=\"og:description\" content=\"La tarde de este lunes, la gobernadora de Colima, Indira Vizca\u00edno Silva, entreg\u00f3 la reconstrucci\u00f3n de 3.5 kil\u00f3metros de la carretera Tecom\u00e1n-Cofrad\u00eda de Morelos, en la que se invirtieron 98 millones de pesos. Se dijo satisfecha de entregar esta acci\u00f3n, que es una m\u00e1s de las #ObrasQueTransforman y que ser\u00e1 de gran utilidad para la [&hellip;]\" \/>\n<meta property=\"og:url\" content=\"https:\/\/masquenoticias.mx\/index.php\/2024\/02\/26\/indira-vizcaino-entrego-reconstruccion-en-carretera-tecoman-cofradia-de-morelos\/\" \/>\n<meta property=\"og:site_name\" content=\"M\u00e1s Que Noticias\" \/>\n<meta property=\"article:publisher\" content=\"https:\/\/www.facebook.com\/masquenoticiascolima\" \/>\n<meta property=\"article:published_time\" content=\"2024-02-26T23:33:49+00:00\" \/>\n<meta property=\"og:image\" content=\"https:\/\/i0.wp.com\/masquenoticias.mx\/wp-content\/uploads\/2024\/02\/IMG-20240226-WA0357-jpg.webp?fit=1280%2C853&ssl=1\" \/>\n\t<meta property=\"og:image:width\" content=\"1280\" \/>\n\t<meta property=\"og:image:height\" content=\"853\" \/>\n\t<meta property=\"og:image:type\" content=\"image\/jpeg\" \/>\n<meta name=\"author\" content=\"Redacci\u00f3n\" \/>\n<meta name=\"twitter:card\" content=\"summary_large_image\" \/>\n<meta name=\"twitter:creator\" content=\"@edgartove\" \/>\n<meta name=\"twitter:site\" content=\"@edgartove\" \/>\n<meta name=\"twitter:label1\" content=\"Escrito por\" \/>\n\t<meta name=\"twitter:data1\" content=\"Redacci\u00f3n\" \/>\n\t<meta name=\"twitter:label2\" content=\"Tiempo de lectura\" \/>\n\t<meta name=\"twitter:data2\" content=\"2 minutos\" \/>\n<script type=\"application\/ld+json\" class=\"yoast-schema-graph\">{\"@context\":\"https:\/\/schema.org\",\"@graph\":[{\"@type\":\"Article\",\"@id\":\"https:\/\/masquenoticias.mx\/index.php\/2024\/02\/26\/indira-vizcaino-entrego-reconstruccion-en-carretera-tecoman-cofradia-de-morelos\/#article\",\"isPartOf\":{\"@id\":\"https:\/\/masquenoticias.mx\/index.php\/2024\/02\/26\/indira-vizcaino-entrego-reconstruccion-en-carretera-tecoman-cofradia-de-morelos\/\"},\"author\":{\"name\":\"Redacci\u00f3n\",\"@id\":\"https:\/\/masquenoticias.mx\/#\/schema\/person\/6229637729ad377d24e2154e3b30720b\"},\"headline\":\"Indira Vizca\u00edno entreg\u00f3 reconstrucci\u00f3n en carretera Tecom\u00e1n-Cofrad\u00eda de Morelos\",\"datePublished\":\"2024-02-26T23:33:49+00:00\",\"mainEntityOfPage\":{\"@id\":\"https:\/\/masquenoticias.mx\/index.php\/2024\/02\/26\/indira-vizcaino-entrego-reconstruccion-en-carretera-tecoman-cofradia-de-morelos\/\"},\"wordCount\":498,\"commentCount\":0,\"publisher\":{\"@id\":\"https:\/\/masquenoticias.mx\/#organization\"},\"image\":{\"@id\":\"https:\/\/masquenoticias.mx\/index.php\/2024\/02\/26\/indira-vizcaino-entrego-reconstruccion-en-carretera-tecoman-cofradia-de-morelos\/#primaryimage\"},\"thumbnailUrl\":\"https:\/\/i0.wp.com\/masquenoticias.mx\/wp-content\/uploads\/2024\/02\/IMG-20240226-WA0357-jpg.webp?fit=1280%2C853&ssl=1\",\"keywords\":[\"Gobierno\",\"Indira Vizca\u00edno\",\"Tecom\u00e1n\"],\"articleSection\":[\"Estado\"],\"inLanguage\":\"es\",\"potentialAction\":[{\"@type\":\"CommentAction\",\"name\":\"Comment\",\"target\":[\"https:\/\/masquenoticias.mx\/index.php\/2024\/02\/26\/indira-vizcaino-entrego-reconstruccion-en-carretera-tecoman-cofradia-de-morelos\/#respond\"]}]},{\"@type\":\"WebPage\",\"@id\":\"https:\/\/masquenoticias.mx\/index.php\/2024\/02\/26\/indira-vizcaino-entrego-reconstruccion-en-carretera-tecoman-cofradia-de-morelos\/\",\"url\":\"https:\/\/masquenoticias.mx\/index.php\/2024\/02\/26\/indira-vizcaino-entrego-reconstruccion-en-carretera-tecoman-cofradia-de-morelos\/\",\"name\":\"Indira Vizca\u00edno entreg\u00f3 reconstrucci\u00f3n en carretera Tecom\u00e1n-Cofrad\u00eda de Morelos - M\u00e1s Que Noticias\",\"isPartOf\":{\"@id\":\"https:\/\/masquenoticias.mx\/#website\"},\"primaryImageOfPage\":{\"@id\":\"https:\/\/masquenoticias.mx\/index.php\/2024\/02\/26\/indira-vizcaino-entrego-reconstruccion-en-carretera-tecoman-cofradia-de-morelos\/#primaryimage\"},\"image\":{\"@id\":\"https:\/\/masquenoticias.mx\/index.php\/2024\/02\/26\/indira-vizcaino-entrego-reconstruccion-en-carretera-tecoman-cofradia-de-morelos\/#primaryimage\"},\"thumbnailUrl\":\"https:\/\/i0.wp.com\/masquenoticias.mx\/wp-content\/uploads\/2024\/02\/IMG-20240226-WA0357-jpg.webp?fit=1280%2C853&ssl=1\",\"datePublished\":\"2024-02-26T23:33:49+00:00\",\"breadcrumb\":{\"@id\":\"https:\/\/masquenoticias.mx\/index.php\/2024\/02\/26\/indira-vizcaino-entrego-reconstruccion-en-carretera-tecoman-cofradia-de-morelos\/#breadcrumb\"},\"inLanguage\":\"es\",\"potentialAction\":[{\"@type\":\"ReadAction\",\"target\":[\"https:\/\/masquenoticias.mx\/index.php\/2024\/02\/26\/indira-vizcaino-entrego-reconstruccion-en-carretera-tecoman-cofradia-de-morelos\/\"]}]},{\"@type\":\"ImageObject\",\"inLanguage\":\"es\",\"@id\":\"https:\/\/masquenoticias.mx\/index.php\/2024\/02\/26\/indira-vizcaino-entrego-reconstruccion-en-carretera-tecoman-cofradia-de-morelos\/#primaryimage\",\"url\":\"https:\/\/i0.wp.com\/masquenoticias.mx\/wp-content\/uploads\/2024\/02\/IMG-20240226-WA0357-jpg.webp?fit=1280%2C853&ssl=1\",\"contentUrl\":\"https:\/\/i0.wp.com\/masquenoticias.mx\/wp-content\/uploads\/2024\/02\/IMG-20240226-WA0357-jpg.webp?fit=1280%2C853&ssl=1\",\"width\":1280,\"height\":853},{\"@type\":\"BreadcrumbList\",\"@id\":\"https:\/\/masquenoticias.mx\/index.php\/2024\/02\/26\/indira-vizcaino-entrego-reconstruccion-en-carretera-tecoman-cofradia-de-morelos\/#breadcrumb\",\"itemListElement\":[{\"@type\":\"ListItem\",\"position\":1,\"name\":\"Inicio\",\"item\":\"https:\/\/masquenoticias.mx\/\"},{\"@type\":\"ListItem\",\"position\":2,\"name\":\"Indira Vizca\u00edno entreg\u00f3 reconstrucci\u00f3n en carretera Tecom\u00e1n-Cofrad\u00eda de Morelos\"}]},{\"@type\":\"WebSite\",\"@id\":\"https:\/\/masquenoticias.mx\/#website\",\"url\":\"https:\/\/masquenoticias.mx\/\",\"name\":\"M\u00e1s Que Noticias\",\"description\":\"Noticias de Colima, M\u00e9xico y el Mundo\",\"publisher\":{\"@id\":\"https:\/\/masquenoticias.mx\/#organization\"},\"potentialAction\":[{\"@type\":\"SearchAction\",\"target\":{\"@type\":\"EntryPoint\",\"urlTemplate\":\"https:\/\/masquenoticias.mx\/?s={search_term_string}\"},\"query-input\":{\"@type\":\"PropertyValueSpecification\",\"valueRequired\":true,\"valueName\":\"search_term_string\"}}],\"inLanguage\":\"es\"},{\"@type\":\"Organization\",\"@id\":\"https:\/\/masquenoticias.mx\/#organization\",\"name\":\"M\u00e1s Que Noticias\",\"url\":\"https:\/\/masquenoticias.mx\/\",\"logo\":{\"@type\":\"ImageObject\",\"inLanguage\":\"es\",\"@id\":\"https:\/\/masquenoticias.mx\/#\/schema\/logo\/image\/\",\"url\":\"https:\/\/i0.wp.com\/masquenoticias.mx\/wp-content\/uploads\/2024\/04\/IMG_0004.png?fit=2560%2C1656&ssl=1\",\"contentUrl\":\"https:\/\/i0.wp.com\/masquenoticias.mx\/wp-content\/uploads\/2024\/04\/IMG_0004.png?fit=2560%2C1656&ssl=1\",\"width\":2560,\"height\":1656,\"caption\":\"M\u00e1s Que Noticias\"},\"image\":{\"@id\":\"https:\/\/masquenoticias.mx\/#\/schema\/logo\/image\/\"},\"sameAs\":[\"https:\/\/www.facebook.com\/masquenoticiascolima\",\"https:\/\/x.com\/edgartove\",\"https:\/\/www.instagram.com\/masquenoticiascolima\/\"]},{\"@type\":\"Person\",\"@id\":\"https:\/\/masquenoticias.mx\/#\/schema\/person\/6229637729ad377d24e2154e3b30720b\",\"name\":\"Redacci\u00f3n\",\"image\":{\"@type\":\"ImageObject\",\"inLanguage\":\"es\",\"@id\":\"https:\/\/masquenoticias.mx\/#\/schema\/person\/image\/\",\"url\":\"https:\/\/secure.gravatar.com\/avatar\/73899f6b3a3034eb6f719669835ca3a4?s=96&d=mm&r=g\",\"contentUrl\":\"https:\/\/secure.gravatar.com\/avatar\/73899f6b3a3034eb6f719669835ca3a4?s=96&d=mm&r=g\",\"caption\":\"Redacci\u00f3n\"},\"url\":\"https:\/\/masquenoticias.mx\/index.php\/author\/bunburytorresgmail-com\/\"}]}<\/script>\n<!-- \/ Yoast SEO plugin. -->","yoast_head_json":{"title":"Indira Vizca\u00edno entreg\u00f3 reconstrucci\u00f3n en carretera Tecom\u00e1n-Cofrad\u00eda de Morelos - M\u00e1s Que Noticias","robots":{"index":"index","follow":"follow","max-snippet":"max-snippet:-1","max-image-preview":"max-image-preview:large","max-video-preview":"max-video-preview:-1"},"canonical":"https:\/\/masquenoticias.mx\/index.php\/2024\/02\/26\/indira-vizcaino-entrego-reconstruccion-en-carretera-tecoman-cofradia-de-morelos\/","og_locale":"es_MX","og_type":"article","og_title":"Indira Vizca\u00edno entreg\u00f3 reconstrucci\u00f3n en carretera Tecom\u00e1n-Cofrad\u00eda de Morelos - M\u00e1s Que Noticias","og_description":"La tarde de este lunes, la gobernadora de Colima, Indira Vizca\u00edno Silva, entreg\u00f3 la reconstrucci\u00f3n de 3.5 kil\u00f3metros de la carretera Tecom\u00e1n-Cofrad\u00eda de Morelos, en la que se invirtieron 98 millones de pesos. Se dijo satisfecha de entregar esta acci\u00f3n, que es una m\u00e1s de las #ObrasQueTransforman y que ser\u00e1 de gran utilidad para la [&hellip;]","og_url":"https:\/\/masquenoticias.mx\/index.php\/2024\/02\/26\/indira-vizcaino-entrego-reconstruccion-en-carretera-tecoman-cofradia-de-morelos\/","og_site_name":"M\u00e1s Que Noticias","article_publisher":"https:\/\/www.facebook.com\/masquenoticiascolima","article_published_time":"2024-02-26T23:33:49+00:00","og_image":[{"width":1280,"height":853,"url":"https:\/\/i0.wp.com\/masquenoticias.mx\/wp-content\/uploads\/2024\/02\/IMG-20240226-WA0357-jpg.webp?fit=1280%2C853&ssl=1","type":"image\/jpeg"}],"author":"Redacci\u00f3n","twitter_card":"summary_large_image","twitter_creator":"@edgartove","twitter_site":"@edgartove","twitter_misc":{"Escrito por":"Redacci\u00f3n","Tiempo de lectura":"2 minutos"},"schema":{"@context":"https:\/\/schema.org","@graph":[{"@type":"Article","@id":"https:\/\/masquenoticias.mx\/index.php\/2024\/02\/26\/indira-vizcaino-entrego-reconstruccion-en-carretera-tecoman-cofradia-de-morelos\/#article","isPartOf":{"@id":"https:\/\/masquenoticias.mx\/index.php\/2024\/02\/26\/indira-vizcaino-entrego-reconstruccion-en-carretera-tecoman-cofradia-de-morelos\/"},"author":{"name":"Redacci\u00f3n","@id":"https:\/\/masquenoticias.mx\/#\/schema\/person\/6229637729ad377d24e2154e3b30720b"},"headline":"Indira Vizca\u00edno entreg\u00f3 reconstrucci\u00f3n en carretera Tecom\u00e1n-Cofrad\u00eda de Morelos","datePublished":"2024-02-26T23:33:49+00:00","mainEntityOfPage":{"@id":"https:\/\/masquenoticias.mx\/index.php\/2024\/02\/26\/indira-vizcaino-entrego-reconstruccion-en-carretera-tecoman-cofradia-de-morelos\/"},"wordCount":498,"commentCount":0,"publisher":{"@id":"https:\/\/masquenoticias.mx\/#organization"},"image":{"@id":"https:\/\/masquenoticias.mx\/index.php\/2024\/02\/26\/indira-vizcaino-entrego-reconstruccion-en-carretera-tecoman-cofradia-de-morelos\/#primaryimage"},"thumbnailUrl":"https:\/\/i0.wp.com\/masquenoticias.mx\/wp-content\/uploads\/2024\/02\/IMG-20240226-WA0357-jpg.webp?fit=1280%2C853&ssl=1","keywords":["Gobierno","Indira Vizca\u00edno","Tecom\u00e1n"],"articleSection":["Estado"],"inLanguage":"es","potentialAction":[{"@type":"CommentAction","name":"Comment","target":["https:\/\/masquenoticias.mx\/index.php\/2024\/02\/26\/indira-vizcaino-entrego-reconstruccion-en-carretera-tecoman-cofradia-de-morelos\/#respond"]}]},{"@type":"WebPage","@id":"https:\/\/masquenoticias.mx\/index.php\/2024\/02\/26\/indira-vizcaino-entrego-reconstruccion-en-carretera-tecoman-cofradia-de-morelos\/","url":"https:\/\/masquenoticias.mx\/index.php\/2024\/02\/26\/indira-vizcaino-entrego-reconstruccion-en-carretera-tecoman-cofradia-de-morelos\/","name":"Indira Vizca\u00edno entreg\u00f3 reconstrucci\u00f3n en carretera Tecom\u00e1n-Cofrad\u00eda de Morelos - M\u00e1s Que Noticias","isPartOf":{"@id":"https:\/\/masquenoticias.mx\/#website"},"primaryImageOfPage":{"@id":"https:\/\/masquenoticias.mx\/index.php\/2024\/02\/26\/indira-vizcaino-entrego-reconstruccion-en-carretera-tecoman-cofradia-de-morelos\/#primaryimage"},"image":{"@id":"https:\/\/masquenoticias.mx\/index.php\/2024\/02\/26\/indira-vizcaino-entrego-reconstruccion-en-carretera-tecoman-cofradia-de-morelos\/#primaryimage"},"thumbnailUrl":"https:\/\/i0.wp.com\/masquenoticias.mx\/wp-content\/uploads\/2024\/02\/IMG-20240226-WA0357-jpg.webp?fit=1280%2C853&ssl=1","datePublished":"2024-02-26T23:33:49+00:00","breadcrumb":{"@id":"https:\/\/masquenoticias.mx\/index.php\/2024\/02\/26\/indira-vizcaino-entrego-reconstruccion-en-carretera-tecoman-cofradia-de-morelos\/#breadcrumb"},"inLanguage":"es","potentialAction":[{"@type":"ReadAction","target":["https:\/\/masquenoticias.mx\/index.php\/2024\/02\/26\/indira-vizcaino-entrego-reconstruccion-en-carretera-tecoman-cofradia-de-morelos\/"]}]},{"@type":"ImageObject","inLanguage":"es","@id":"https:\/\/masquenoticias.mx\/index.php\/2024\/02\/26\/indira-vizcaino-entrego-reconstruccion-en-carretera-tecoman-cofradia-de-morelos\/#primaryimage","url":"https:\/\/i0.wp.com\/masquenoticias.mx\/wp-content\/uploads\/2024\/02\/IMG-20240226-WA0357-jpg.webp?fit=1280%2C853&ssl=1","contentUrl":"https:\/\/i0.wp.com\/masquenoticias.mx\/wp-content\/uploads\/2024\/02\/IMG-20240226-WA0357-jpg.webp?fit=1280%2C853&ssl=1","width":1280,"height":853},{"@type":"BreadcrumbList","@id":"https:\/\/masquenoticias.mx\/index.php\/2024\/02\/26\/indira-vizcaino-entrego-reconstruccion-en-carretera-tecoman-cofradia-de-morelos\/#breadcrumb","itemListElement":[{"@type":"ListItem","position":1,"name":"Inicio","item":"https:\/\/masquenoticias.mx\/"},{"@type":"ListItem","position":2,"name":"Indira Vizca\u00edno entreg\u00f3 reconstrucci\u00f3n en carretera Tecom\u00e1n-Cofrad\u00eda de Morelos"}]},{"@type":"WebSite","@id":"https:\/\/masquenoticias.mx\/#website","url":"https:\/\/masquenoticias.mx\/","name":"M\u00e1s Que Noticias","description":"Noticias de Colima, M\u00e9xico y el Mundo","publisher":{"@id":"https:\/\/masquenoticias.mx\/#organization"},"potentialAction":[{"@type":"SearchAction","target":{"@type":"EntryPoint","urlTemplate":"https:\/\/masquenoticias.mx\/?s={search_term_string}"},"query-input":{"@type":"PropertyValueSpecification","valueRequired":true,"valueName":"search_term_string"}}],"inLanguage":"es"},{"@type":"Organization","@id":"https:\/\/masquenoticias.mx\/#organization","name":"M\u00e1s Que Noticias","url":"https:\/\/masquenoticias.mx\/","logo":{"@type":"ImageObject","inLanguage":"es","@id":"https:\/\/masquenoticias.mx\/#\/schema\/logo\/image\/","url":"https:\/\/i0.wp.com\/masquenoticias.mx\/wp-content\/uploads\/2024\/04\/IMG_0004.png?fit=2560%2C1656&ssl=1","contentUrl":"https:\/\/i0.wp.com\/masquenoticias.mx\/wp-content\/uploads\/2024\/04\/IMG_0004.png?fit=2560%2C1656&ssl=1","width":2560,"height":1656,"caption":"M\u00e1s Que Noticias"},"image":{"@id":"https:\/\/masquenoticias.mx\/#\/schema\/logo\/image\/"},"sameAs":["https:\/\/www.facebook.com\/masquenoticiascolima","https:\/\/x.com\/edgartove","https:\/\/www.instagram.com\/masquenoticiascolima\/"]},{"@type":"Person","@id":"https:\/\/masquenoticias.mx\/#\/schema\/person\/6229637729ad377d24e2154e3b30720b","name":"Redacci\u00f3n","image":{"@type":"ImageObject","inLanguage":"es","@id":"https:\/\/masquenoticias.mx\/#\/schema\/person\/image\/","url":"https:\/\/secure.gravatar.com\/avatar\/73899f6b3a3034eb6f719669835ca3a4?s=96&d=mm&r=g","contentUrl":"https:\/\/secure.gravatar.com\/avatar\/73899f6b3a3034eb6f719669835ca3a4?s=96&d=mm&r=g","caption":"Redacci\u00f3n"},"url":"https:\/\/masquenoticias.mx\/index.php\/author\/bunburytorresgmail-com\/"}]}},"jetpack_featured_media_url":"https:\/\/i0.wp.com\/masquenoticias.mx\/wp-content\/uploads\/2024\/02\/IMG-20240226-WA0357-jpg.webp?fit=1280%2C853&ssl=1","blog_post_layout_featured_media_urls":{"thumbnail":["https:\/\/i0.wp.com\/masquenoticias.mx\/wp-content\/uploads\/2024\/02\/IMG-20240226-WA0357-jpg.webp?resize=150%2C150&ssl=1",150,150,true],"full":["https:\/\/i0.wp.com\/masquenoticias.mx\/wp-content\/uploads\/2024\/02\/IMG-20240226-WA0357-jpg.webp?fit=1280%2C853&ssl=1",1280,853,false]},"categories_names":{"24":{"name":"Estado","link":"https:\/\/masquenoticias.mx\/index.php\/category\/estado\/"}},"tags_names":{"72":{"name":"Gobierno","link":"https:\/\/masquenoticias.mx\/index.php\/tag\/gobierno\/"},"26":{"name":"Indira Vizca\u00edno","link":"https:\/\/masquenoticias.mx\/index.php\/tag\/indira-vizcaino\/"},"98":{"name":"Tecom\u00e1n","link":"https:\/\/masquenoticias.mx\/index.php\/tag\/tecoman\/"}},"comments_number":"0","wpmagazine_modules_lite_featured_media_urls":{"thumbnail":["https:\/\/i0.wp.com\/masquenoticias.mx\/wp-content\/uploads\/2024\/02\/IMG-20240226-WA0357-jpg.webp?resize=150%2C150&ssl=1",150,150,true],"cvmm-medium":["https:\/\/i0.wp.com\/masquenoticias.mx\/wp-content\/uploads\/2024\/02\/IMG-20240226-WA0357-jpg.webp?resize=300%2C300&ssl=1",300,300,true],"cvmm-medium-plus":["https:\/\/i0.wp.com\/masquenoticias.mx\/wp-content\/uploads\/2024\/02\/IMG-20240226-WA0357-jpg.webp?resize=305%2C207&ssl=1",305,207,true],"cvmm-portrait":["https:\/\/i0.wp.com\/masquenoticias.mx\/wp-content\/uploads\/2024\/02\/IMG-20240226-WA0357-jpg.webp?resize=400%2C600&ssl=1",400,600,true],"cvmm-medium-square":["https:\/\/i0.wp.com\/masquenoticias.mx\/wp-content\/uploads\/2024\/02\/IMG-20240226-WA0357-jpg.webp?resize=600%2C600&ssl=1",600,600,true],"cvmm-large":["https:\/\/i0.wp.com\/masquenoticias.mx\/wp-content\/uploads\/2024\/02\/IMG-20240226-WA0357-jpg.webp?resize=1024%2C853&ssl=1",1024,853,true],"cvmm-small":["https:\/\/i0.wp.com\/masquenoticias.mx\/wp-content\/uploads\/2024\/02\/IMG-20240226-WA0357-jpg.webp?resize=130%2C95&ssl=1",130,95,true],"full":["https:\/\/i0.wp.com\/masquenoticias.mx\/wp-content\/uploads\/2024\/02\/IMG-20240226-WA0357-jpg.webp?fit=1280%2C853&ssl=1",1280,853,false]},"jetpack-related-posts":[],"jetpack_sharing_enabled":true,"jetpack_likes_enabled":true,"jetpack_shortlink":"https:\/\/wp.me\/pf7pkt-1Uc","_links":{"self":[{"href":"https:\/\/masquenoticias.mx\/index.php\/wp-json\/wp\/v2\/posts\/7328","targetHints":{"allow":["GET"]}}],"collection":[{"href":"https:\/\/masquenoticias.mx\/index.php\/wp-json\/wp\/v2\/posts"}],"about":[{"href":"https:\/\/masquenoticias.mx\/index.php\/wp-json\/wp\/v2\/types\/post"}],"author":[{"embeddable":true,"href":"https:\/\/masquenoticias.mx\/index.php\/wp-json\/wp\/v2\/users\/2"}],"replies":[{"embeddable":true,"href":"https:\/\/masquenoticias.mx\/index.php\/wp-json\/wp\/v2\/comments?post=7328"}],"version-history":[{"count":0,"href":"https:\/\/masquenoticias.mx\/index.php\/wp-json\/wp\/v2\/posts\/7328\/revisions"}],"wp:featuredmedia":[{"embeddable":true,"href":"https:\/\/masquenoticias.mx\/index.php\/wp-json\/wp\/v2\/media\/7330"}],"wp:attachment":[{"href":"https:\/\/masquenoticias.mx\/index.php\/wp-json\/wp\/v2\/media?parent=7328"}],"wp:term":[{"taxonomy":"category","embeddable":true,"href":"https:\/\/masquenoticias.mx\/index.php\/wp-json\/wp\/v2\/categories?post=7328"},{"taxonomy":"post_tag","embeddable":true,"href":"https:\/\/masquenoticias.mx\/index.php\/wp-json\/wp\/v2\/tags?post=7328"}],"curies":[{"name":"wp","href":"https:\/\/api.w.org\/{rel}","templated":true}]}}