{"id":7280,"date":"2024-02-26T17:01:50","date_gmt":"2024-02-26T23:01:50","guid":{"rendered":"https:\/\/masquenoticias.mx\/?p=7280"},"modified":"2024-02-26T17:01:50","modified_gmt":"2024-02-26T23:01:50","slug":"indira-inicia-operacion-salud-colima-tamizaje-para-detectar-y-atender-enfermedades-en-estudiantes-de-preescolar-a-secundaria","status":"publish","type":"post","link":"https:\/\/masquenoticias.mx\/index.php\/2024\/02\/26\/indira-inicia-operacion-salud-colima-tamizaje-para-detectar-y-atender-enfermedades-en-estudiantes-de-preescolar-a-secundaria\/","title":{"rendered":"Indira inicia Operaci\u00f3n Salud Colima Tamizaje, para detectar y atender enfermedades en estudiantes de preescolar a secundaria"},"content":{"rendered":"<p>La ma\u00f1ana de este lunes, la gobernadora Indira Vizca\u00edno Silva arranc\u00f3 el programa Operaci\u00f3n Salud Colima Tamizaje en la escuela Manuel Sandoval Vallarta, donde dijo que para el Gobierno del Estado y para ella en lo personal, las ni\u00f1as y los ni\u00f1os son lo m\u00e1s importante que tenemos y por eso se implementan tantas estrategias y programas dirigidos a la educaci\u00f3n: uniformes, mochilas y \u00fatiles, computadoras gratuitas y la nueva vertiente de \u2018Mi ColiBeca para Empezar\u2019.<\/p>\n<p>\u201cArrancamos este programa, porque cuando pensamos en que ustedes son lo m\u00e1s importante en t\u00e9rminos educativos, es para que se preparen para la vida y alcancen sus sue\u00f1os; no es posible sin no atendemos primero nuestra salud y aunque a nadie nos gusta que nos saquen sangre, es fundamental este estudio, porque nos permitir\u00e1 conocer talla, peso, medidas, que es importante para nuestro bienestar\u201d, explic\u00f3 Indira.<\/p>\n<p>A\u00f1adi\u00f3 que hacer un estudio de sangre permitir\u00e1 tener informaci\u00f3n mucho m\u00e1s importante para complementar e identificar si algo no est\u00e1 en los rangos normales de una vez atenderlo, porque la mayor\u00eda de las cosas en salud se resuelven con prevenci\u00f3n y es mejor atender a tiempo y prevenir, \u201cpor eso implementamos este programa que busca garantizar la salud de todas y todos ustedes; que pretendemos hacer anualmente y para tener un registro de c\u00f3mo est\u00e1n hoy y dentro de un a\u00f1o c\u00f3mo evolucionaron; si siguen en los mismos rangos, si hubo mejor\u00eda o si hay algo que tengamos que atender\u201d.<\/p>\n<p>La titular del Poder Ejecutivo estatal resalt\u00f3 que es importante contar con el permiso de madres, padres de familia o personas tutoras, a quienes agradeci\u00f3 por dar sus autorizaciones para que esto fuera posible y se les pudiera realizar este estudio de sangre, \u201cal final del d\u00eda queremos garantizar que ustedes est\u00e9n bien y eso va con el seguimiento que desde la Secretar\u00eda de Salud estaremos haciendo a cada una y cada uno de ustedes (estudiantes), en funci\u00f3n de sus resultados\u201d.<\/p>\n<p><b>Todo preescolar, primarias y secundarias p\u00fablicas<\/b><\/p>\n<p>Indira Vizca\u00edno agreg\u00f3 que comenz\u00f3 esta campa\u00f1a en este plantel del municipio de Colima, pero se va a realizar en todos los preescolares, primarias y secundarias p\u00fablicas del estado; \u201cojal\u00e1 que poco a poco se vaya convirtiendo en ustedes en un h\u00e1bito que nos lleve despu\u00e9s, cuando tengan la edad, a convertirnos en donadoras y donadores de sangre, porque la sangre es fundamental; nos permite saber c\u00f3mo est\u00e1 cada persona en materia de salud\u201d.<\/p>\n<p>Reconoci\u00f3 que en el estado de Colima -en los \u00faltimos dos a\u00f1os-, hemos subido much\u00edsimo los porcentajes de donaci\u00f3n de sangre (\u2026); \u201clo \u00f3ptimo ser\u00eda que nadie que est\u00e9 viviendo un problema de salud, tenga que andar buscando donadores, sino que ya tuvi\u00e9ramos la sangre disponible, porque nada nos cuesta ir, dedicar una ma\u00f1ana, donar sangre: las mujeres cada seis meses y los hombres cada cuatro meses\u201d.<\/p>\n<p>La gobernadora exhort\u00f3 a que, a partir de hoy, \u201crevisemos cu\u00e1les son los mejores h\u00e1bitos, tanto en activaci\u00f3n f\u00edsica como alimenticios, de salud, y sean ustedes quienes nos ayuden a promoverlos en casa, sobre cu\u00e1l es la mejor manera de alimentarnos y ejercitarnos; queremos que ustedes est\u00e9n bien y que nos ayuden a generar cambios en los h\u00e1bitos alimenticios de sus familias, para convertirlos en modelos mucho m\u00e1s saludables\u201d.<\/p>\n<p>Vizca\u00edno Silva concluy\u00f3 expresando que es fundamental para el bienestar de todas y de todos y por eso crearon este programa Operaci\u00f3n Salud Colima Tamizaje desde el gobierno estatal, para que podamos cuidarles desde muy temprana edad a cada una y a cada uno, agradeciendo a todo el equipo de las secretar\u00edas de Salud, de Educaci\u00f3n y Cultura por todo el esfuerzo para lograr estos objetivos; \u201cnecesitamos de todas y todos para el \u00e9xito de esta campa\u00f1a y que es en beneficio de la salud de nuestras ni\u00f1as y ni\u00f1os\u201d.<\/p>\n<p><b>Expediente de salud escolar<\/b><\/p>\n<p>La secretar\u00eda de Salud, Janeth Espinosa Mej\u00eda, agradeci\u00f3 el voto de confianza para este gran proyecto, que es un complemento en apoyo de nuestras infancias y juventudes del estado; record\u00f3 que la salud siempre ser\u00e1 lo m\u00e1s importante, el regalo que tenemos de la vida, y sin \u00e9l no podr\u00edamos alcanzar los sue\u00f1os que cada una y cada uno tiene ahora, y sobre todo en el ma\u00f1ana.<\/p>\n<p>\u201cOperaci\u00f3n Salud Colima Tamizaje nace como una estrategia derivada del trabajo conjunto de la Secretar\u00eda de Salud, con el total respaldo del Gobierno del Estado y en alianza con la Secretar\u00eda de Educaci\u00f3n P\u00fablica; este tamizaje deriva de hacer una revisi\u00f3n para un Expediente de Salud Escolar sobre su peso, talla, \u00edndice de masa corporal, acompa\u00f1ado de an\u00e1lisis cl\u00ednicos (\u2026); nos va ayudar a saber c\u00f3mo estamos ahora y c\u00f3mo queremos estar ma\u00f1ana; entonces para nosotros es una gran oportunidad de poderles brindar un beneficio hacia la prevenci\u00f3n, que es lo m\u00e1s importante para que tengan una vida saludable, que es nuestro prop\u00f3sito m\u00e1s importante\u201d, explic\u00f3 la titular de la SS.<\/p>\n<p>En este inicio de Operaci\u00f3n Salud Colima Tamizaje tambi\u00e9n estuvieron Adolfo N\u00fa\u00f1ez Gonz\u00e1lez, secretario de Educaci\u00f3n y Cultura; Mar\u00eda del Rosario Silva Verduzco, subsecretaria de Educaci\u00f3n; Gerardo Romero Quezada, subsecretario de las Juventudes; la diputada Glenda Yazm\u00edn Ochoa, y Humberto Mendoza Rosales, director de la secundaria Manuel Sandoval Vallarta, quien dio la bienvenida a las autoridades.<\/p>\n<div class=\"tiled-gallery type-rectangular tiled-gallery-unresized\" data-original-width=\"640\" data-carousel-extra='null' itemscope itemtype=\"http:\/\/schema.org\/ImageGallery\" > <div class=\"gallery-row\" style=\"width: 640px; height: 281px;\" data-original-width=\"640\" data-original-height=\"281\" > <div class=\"gallery-group images-1\" style=\"width: 424px; height: 281px;\" data-original-width=\"424\" data-original-height=\"281\" > <div class=\"tiled-gallery-item tiled-gallery-item-large\" itemprop=\"associatedMedia\" itemscope itemtype=\"http:\/\/schema.org\/ImageObject\"> <a href=\"https:\/\/masquenoticias.mx\/index.php\/2024\/02\/26\/indira-inicia-operacion-salud-colima-tamizaje-para-detectar-y-atender-enfermedades-en-estudiantes-de-preescolar-a-secundaria\/f674426e-8e10-4f01-b86e-3b2ba0fb4be1\/\" border=\"0\" itemprop=\"url\"> <meta itemprop=\"width\" content=\"420\"> <meta itemprop=\"height\" content=\"277\"> <img loading=\"lazy\" decoding=\"async\" class=\"\" data-attachment-id=\"7291\" data-orig-file=\"https:\/\/masquenoticias.mx\/wp-content\/uploads\/2024\/02\/f674426e-8e10-4f01-b86e-3b2ba0fb4be1-jpg.webp\" data-orig-size=\"1280,845\" data-comments-opened=\"1\" data-image-meta=\"{&quot;aperture&quot;:&quot;0&quot;,&quot;credit&quot;:&quot;&quot;,&quot;camera&quot;:&quot;&quot;,&quot;caption&quot;:&quot;&quot;,&quot;created_timestamp&quot;:&quot;0&quot;,&quot;copyright&quot;:&quot;&quot;,&quot;focal_length&quot;:&quot;0&quot;,&quot;iso&quot;:&quot;0&quot;,&quot;shutter_speed&quot;:&quot;0&quot;,&quot;title&quot;:&quot;&quot;,&quot;orientation&quot;:&quot;0&quot;}\" data-image-title=\"f674426e-8e10-4f01-b86e-3b2ba0fb4be1\" data-image-description=\"\" data-medium-file=\"https:\/\/i0.wp.com\/masquenoticias.mx\/wp-content\/uploads\/2024\/02\/f674426e-8e10-4f01-b86e-3b2ba0fb4be1-jpg.webp?fit=300%2C198&#038;ssl=1\" data-large-file=\"https:\/\/i0.wp.com\/masquenoticias.mx\/wp-content\/uploads\/2024\/02\/f674426e-8e10-4f01-b86e-3b2ba0fb4be1-jpg.webp?fit=640%2C423&#038;ssl=1\" src=\"https:\/\/i0.wp.com\/masquenoticias.mx\/wp-content\/uploads\/2024\/02\/f674426e-8e10-4f01-b86e-3b2ba0fb4be1-jpg.webp?w=420&#038;h=277&#038;ssl=1\" srcset=\"https:\/\/i0.wp.com\/masquenoticias.mx\/wp-content\/uploads\/2024\/02\/f674426e-8e10-4f01-b86e-3b2ba0fb4be1-jpg.webp?w=1280&amp;ssl=1 1280w, https:\/\/i0.wp.com\/masquenoticias.mx\/wp-content\/uploads\/2024\/02\/f674426e-8e10-4f01-b86e-3b2ba0fb4be1-jpg.webp?resize=300%2C198&amp;ssl=1 300w, https:\/\/i0.wp.com\/masquenoticias.mx\/wp-content\/uploads\/2024\/02\/f674426e-8e10-4f01-b86e-3b2ba0fb4be1-jpg.webp?resize=1024%2C676&amp;ssl=1 1024w, https:\/\/i0.wp.com\/masquenoticias.mx\/wp-content\/uploads\/2024\/02\/f674426e-8e10-4f01-b86e-3b2ba0fb4be1-jpg.webp?resize=768%2C507&amp;ssl=1 768w\" width=\"420\" height=\"277\" loading=\"lazy\" data-original-width=\"420\" data-original-height=\"277\" itemprop=\"http:\/\/schema.org\/image\" title=\"f674426e-8e10-4f01-b86e-3b2ba0fb4be1\" alt=\"f674426e-8e10-4f01-b86e-3b2ba0fb4be1\" style=\"width: 420px; height: 277px;\" \/> <\/a> <\/div> <\/div> <!-- close group --> <div class=\"gallery-group images-2\" style=\"width: 216px; height: 281px;\" data-original-width=\"216\" data-original-height=\"281\" > <div class=\"tiled-gallery-item tiled-gallery-item-small\" itemprop=\"associatedMedia\" itemscope itemtype=\"http:\/\/schema.org\/ImageObject\"> <a href=\"https:\/\/masquenoticias.mx\/index.php\/2024\/02\/26\/indira-inicia-operacion-salud-colima-tamizaje-para-detectar-y-atender-enfermedades-en-estudiantes-de-preescolar-a-secundaria\/cc5ad965-ee7e-47df-a370-135e8a58524b\/\" border=\"0\" itemprop=\"url\"> <meta itemprop=\"width\" content=\"212\"> <meta itemprop=\"height\" content=\"132\"> <img loading=\"lazy\" decoding=\"async\" class=\"\" data-attachment-id=\"7290\" data-orig-file=\"https:\/\/masquenoticias.mx\/wp-content\/uploads\/2024\/02\/cc5ad965-ee7e-47df-a370-135e8a58524b-jpg.webp\" data-orig-size=\"1280,795\" data-comments-opened=\"1\" data-image-meta=\"{&quot;aperture&quot;:&quot;0&quot;,&quot;credit&quot;:&quot;&quot;,&quot;camera&quot;:&quot;&quot;,&quot;caption&quot;:&quot;&quot;,&quot;created_timestamp&quot;:&quot;0&quot;,&quot;copyright&quot;:&quot;&quot;,&quot;focal_length&quot;:&quot;0&quot;,&quot;iso&quot;:&quot;0&quot;,&quot;shutter_speed&quot;:&quot;0&quot;,&quot;title&quot;:&quot;&quot;,&quot;orientation&quot;:&quot;0&quot;}\" data-image-title=\"cc5ad965-ee7e-47df-a370-135e8a58524b\" data-image-description=\"\" data-medium-file=\"https:\/\/i0.wp.com\/masquenoticias.mx\/wp-content\/uploads\/2024\/02\/cc5ad965-ee7e-47df-a370-135e8a58524b-jpg.webp?fit=300%2C186&#038;ssl=1\" data-large-file=\"https:\/\/i0.wp.com\/masquenoticias.mx\/wp-content\/uploads\/2024\/02\/cc5ad965-ee7e-47df-a370-135e8a58524b-jpg.webp?fit=640%2C398&#038;ssl=1\" src=\"https:\/\/i0.wp.com\/masquenoticias.mx\/wp-content\/uploads\/2024\/02\/cc5ad965-ee7e-47df-a370-135e8a58524b-jpg.webp?w=212&#038;h=132&#038;ssl=1\" srcset=\"https:\/\/i0.wp.com\/masquenoticias.mx\/wp-content\/uploads\/2024\/02\/cc5ad965-ee7e-47df-a370-135e8a58524b-jpg.webp?w=1280&amp;ssl=1 1280w, https:\/\/i0.wp.com\/masquenoticias.mx\/wp-content\/uploads\/2024\/02\/cc5ad965-ee7e-47df-a370-135e8a58524b-jpg.webp?resize=300%2C186&amp;ssl=1 300w, https:\/\/i0.wp.com\/masquenoticias.mx\/wp-content\/uploads\/2024\/02\/cc5ad965-ee7e-47df-a370-135e8a58524b-jpg.webp?resize=1024%2C636&amp;ssl=1 1024w, https:\/\/i0.wp.com\/masquenoticias.mx\/wp-content\/uploads\/2024\/02\/cc5ad965-ee7e-47df-a370-135e8a58524b-jpg.webp?resize=768%2C477&amp;ssl=1 768w\" width=\"212\" height=\"132\" loading=\"lazy\" data-original-width=\"212\" data-original-height=\"132\" itemprop=\"http:\/\/schema.org\/image\" title=\"cc5ad965-ee7e-47df-a370-135e8a58524b\" alt=\"cc5ad965-ee7e-47df-a370-135e8a58524b\" style=\"width: 212px; height: 132px;\" \/> <\/a> <\/div> <div class=\"tiled-gallery-item tiled-gallery-item-small\" itemprop=\"associatedMedia\" itemscope itemtype=\"http:\/\/schema.org\/ImageObject\"> <a href=\"https:\/\/masquenoticias.mx\/index.php\/2024\/02\/26\/indira-inicia-operacion-salud-colima-tamizaje-para-detectar-y-atender-enfermedades-en-estudiantes-de-preescolar-a-secundaria\/c8db5d83-7b15-48c2-8a5e-55d61d420a1f\/\" border=\"0\" itemprop=\"url\"> <meta itemprop=\"width\" content=\"212\"> <meta itemprop=\"height\" content=\"141\"> <img loading=\"lazy\" decoding=\"async\" class=\"\" data-attachment-id=\"7289\" data-orig-file=\"https:\/\/masquenoticias.mx\/wp-content\/uploads\/2024\/02\/c8db5d83-7b15-48c2-8a5e-55d61d420a1f-jpg.webp\" data-orig-size=\"1280,853\" data-comments-opened=\"1\" data-image-meta=\"{&quot;aperture&quot;:&quot;0&quot;,&quot;credit&quot;:&quot;&quot;,&quot;camera&quot;:&quot;&quot;,&quot;caption&quot;:&quot;&quot;,&quot;created_timestamp&quot;:&quot;0&quot;,&quot;copyright&quot;:&quot;&quot;,&quot;focal_length&quot;:&quot;0&quot;,&quot;iso&quot;:&quot;0&quot;,&quot;shutter_speed&quot;:&quot;0&quot;,&quot;title&quot;:&quot;&quot;,&quot;orientation&quot;:&quot;0&quot;}\" data-image-title=\"c8db5d83-7b15-48c2-8a5e-55d61d420a1f\" data-image-description=\"\" data-medium-file=\"https:\/\/i0.wp.com\/masquenoticias.mx\/wp-content\/uploads\/2024\/02\/c8db5d83-7b15-48c2-8a5e-55d61d420a1f-jpg.webp?fit=300%2C200&#038;ssl=1\" data-large-file=\"https:\/\/i0.wp.com\/masquenoticias.mx\/wp-content\/uploads\/2024\/02\/c8db5d83-7b15-48c2-8a5e-55d61d420a1f-jpg.webp?fit=640%2C426&#038;ssl=1\" src=\"https:\/\/i0.wp.com\/masquenoticias.mx\/wp-content\/uploads\/2024\/02\/c8db5d83-7b15-48c2-8a5e-55d61d420a1f-jpg.webp?w=212&#038;h=141&#038;ssl=1\" srcset=\"https:\/\/i0.wp.com\/masquenoticias.mx\/wp-content\/uploads\/2024\/02\/c8db5d83-7b15-48c2-8a5e-55d61d420a1f-jpg.webp?w=1280&amp;ssl=1 1280w, https:\/\/i0.wp.com\/masquenoticias.mx\/wp-content\/uploads\/2024\/02\/c8db5d83-7b15-48c2-8a5e-55d61d420a1f-jpg.webp?resize=300%2C200&amp;ssl=1 300w, https:\/\/i0.wp.com\/masquenoticias.mx\/wp-content\/uploads\/2024\/02\/c8db5d83-7b15-48c2-8a5e-55d61d420a1f-jpg.webp?resize=1024%2C682&amp;ssl=1 1024w, https:\/\/i0.wp.com\/masquenoticias.mx\/wp-content\/uploads\/2024\/02\/c8db5d83-7b15-48c2-8a5e-55d61d420a1f-jpg.webp?resize=768%2C512&amp;ssl=1 768w\" width=\"212\" height=\"141\" loading=\"lazy\" data-original-width=\"212\" data-original-height=\"141\" itemprop=\"http:\/\/schema.org\/image\" title=\"c8db5d83-7b15-48c2-8a5e-55d61d420a1f\" alt=\"c8db5d83-7b15-48c2-8a5e-55d61d420a1f\" style=\"width: 212px; height: 141px;\" \/> <\/a> <\/div> <\/div> <!-- close group --> <\/div> <!-- close row --> <div class=\"gallery-row\" style=\"width: 640px; height: 144px;\" data-original-width=\"640\" data-original-height=\"144\" > <div class=\"gallery-group images-1\" style=\"width: 214px; height: 144px;\" data-original-width=\"214\" data-original-height=\"144\" > <div class=\"tiled-gallery-item tiled-gallery-item-small\" itemprop=\"associatedMedia\" itemscope itemtype=\"http:\/\/schema.org\/ImageObject\"> <a href=\"https:\/\/masquenoticias.mx\/index.php\/2024\/02\/26\/indira-inicia-operacion-salud-colima-tamizaje-para-detectar-y-atender-enfermedades-en-estudiantes-de-preescolar-a-secundaria\/bf063748-03fb-4b6d-a150-0f24c42f2937\/\" border=\"0\" itemprop=\"url\"> <meta itemprop=\"width\" content=\"210\"> <meta itemprop=\"height\" content=\"140\"> <img loading=\"lazy\" decoding=\"async\" class=\"\" data-attachment-id=\"7288\" data-orig-file=\"https:\/\/masquenoticias.mx\/wp-content\/uploads\/2024\/02\/bf063748-03fb-4b6d-a150-0f24c42f2937-jpg.webp\" data-orig-size=\"1280,853\" data-comments-opened=\"1\" data-image-meta=\"{&quot;aperture&quot;:&quot;0&quot;,&quot;credit&quot;:&quot;&quot;,&quot;camera&quot;:&quot;&quot;,&quot;caption&quot;:&quot;&quot;,&quot;created_timestamp&quot;:&quot;0&quot;,&quot;copyright&quot;:&quot;&quot;,&quot;focal_length&quot;:&quot;0&quot;,&quot;iso&quot;:&quot;0&quot;,&quot;shutter_speed&quot;:&quot;0&quot;,&quot;title&quot;:&quot;&quot;,&quot;orientation&quot;:&quot;0&quot;}\" data-image-title=\"bf063748-03fb-4b6d-a150-0f24c42f2937\" data-image-description=\"\" data-medium-file=\"https:\/\/i0.wp.com\/masquenoticias.mx\/wp-content\/uploads\/2024\/02\/bf063748-03fb-4b6d-a150-0f24c42f2937-jpg.webp?fit=300%2C200&#038;ssl=1\" data-large-file=\"https:\/\/i0.wp.com\/masquenoticias.mx\/wp-content\/uploads\/2024\/02\/bf063748-03fb-4b6d-a150-0f24c42f2937-jpg.webp?fit=640%2C426&#038;ssl=1\" src=\"https:\/\/i0.wp.com\/masquenoticias.mx\/wp-content\/uploads\/2024\/02\/bf063748-03fb-4b6d-a150-0f24c42f2937-jpg.webp?w=210&#038;h=140&#038;ssl=1\" srcset=\"https:\/\/i0.wp.com\/masquenoticias.mx\/wp-content\/uploads\/2024\/02\/bf063748-03fb-4b6d-a150-0f24c42f2937-jpg.webp?w=1280&amp;ssl=1 1280w, https:\/\/i0.wp.com\/masquenoticias.mx\/wp-content\/uploads\/2024\/02\/bf063748-03fb-4b6d-a150-0f24c42f2937-jpg.webp?resize=300%2C200&amp;ssl=1 300w, https:\/\/i0.wp.com\/masquenoticias.mx\/wp-content\/uploads\/2024\/02\/bf063748-03fb-4b6d-a150-0f24c42f2937-jpg.webp?resize=1024%2C682&amp;ssl=1 1024w, https:\/\/i0.wp.com\/masquenoticias.mx\/wp-content\/uploads\/2024\/02\/bf063748-03fb-4b6d-a150-0f24c42f2937-jpg.webp?resize=768%2C512&amp;ssl=1 768w\" width=\"210\" height=\"140\" loading=\"lazy\" data-original-width=\"210\" data-original-height=\"140\" itemprop=\"http:\/\/schema.org\/image\" title=\"bf063748-03fb-4b6d-a150-0f24c42f2937\" alt=\"bf063748-03fb-4b6d-a150-0f24c42f2937\" style=\"width: 210px; height: 140px;\" \/> <\/a> <\/div> <\/div> <!-- close group --> <div class=\"gallery-group images-1\" style=\"width: 213px; height: 144px;\" data-original-width=\"213\" data-original-height=\"144\" > <div class=\"tiled-gallery-item tiled-gallery-item-small\" itemprop=\"associatedMedia\" itemscope itemtype=\"http:\/\/schema.org\/ImageObject\"> <a href=\"https:\/\/masquenoticias.mx\/index.php\/2024\/02\/26\/indira-inicia-operacion-salud-colima-tamizaje-para-detectar-y-atender-enfermedades-en-estudiantes-de-preescolar-a-secundaria\/bf0f628a-6497-4fd7-b452-6727518e06ed\/\" border=\"0\" itemprop=\"url\"> <meta itemprop=\"width\" content=\"209\"> <meta itemprop=\"height\" content=\"140\"> <img loading=\"lazy\" decoding=\"async\" class=\"\" data-attachment-id=\"7287\" data-orig-file=\"https:\/\/masquenoticias.mx\/wp-content\/uploads\/2024\/02\/bf0f628a-6497-4fd7-b452-6727518e06ed-jpg.webp\" data-orig-size=\"1280,853\" data-comments-opened=\"1\" data-image-meta=\"{&quot;aperture&quot;:&quot;0&quot;,&quot;credit&quot;:&quot;&quot;,&quot;camera&quot;:&quot;&quot;,&quot;caption&quot;:&quot;&quot;,&quot;created_timestamp&quot;:&quot;0&quot;,&quot;copyright&quot;:&quot;&quot;,&quot;focal_length&quot;:&quot;0&quot;,&quot;iso&quot;:&quot;0&quot;,&quot;shutter_speed&quot;:&quot;0&quot;,&quot;title&quot;:&quot;&quot;,&quot;orientation&quot;:&quot;0&quot;}\" data-image-title=\"bf0f628a-6497-4fd7-b452-6727518e06ed\" data-image-description=\"\" data-medium-file=\"https:\/\/i0.wp.com\/masquenoticias.mx\/wp-content\/uploads\/2024\/02\/bf0f628a-6497-4fd7-b452-6727518e06ed-jpg.webp?fit=300%2C200&#038;ssl=1\" data-large-file=\"https:\/\/i0.wp.com\/masquenoticias.mx\/wp-content\/uploads\/2024\/02\/bf0f628a-6497-4fd7-b452-6727518e06ed-jpg.webp?fit=640%2C426&#038;ssl=1\" src=\"https:\/\/i0.wp.com\/masquenoticias.mx\/wp-content\/uploads\/2024\/02\/bf0f628a-6497-4fd7-b452-6727518e06ed-jpg.webp?w=209&#038;h=140&#038;ssl=1\" srcset=\"https:\/\/i0.wp.com\/masquenoticias.mx\/wp-content\/uploads\/2024\/02\/bf0f628a-6497-4fd7-b452-6727518e06ed-jpg.webp?w=1280&amp;ssl=1 1280w, https:\/\/i0.wp.com\/masquenoticias.mx\/wp-content\/uploads\/2024\/02\/bf0f628a-6497-4fd7-b452-6727518e06ed-jpg.webp?resize=300%2C200&amp;ssl=1 300w, https:\/\/i0.wp.com\/masquenoticias.mx\/wp-content\/uploads\/2024\/02\/bf0f628a-6497-4fd7-b452-6727518e06ed-jpg.webp?resize=1024%2C682&amp;ssl=1 1024w, https:\/\/i0.wp.com\/masquenoticias.mx\/wp-content\/uploads\/2024\/02\/bf0f628a-6497-4fd7-b452-6727518e06ed-jpg.webp?resize=768%2C512&amp;ssl=1 768w, https:\/\/i0.wp.com\/masquenoticias.mx\/wp-content\/uploads\/2024\/02\/bf0f628a-6497-4fd7-b452-6727518e06ed-jpg.webp?resize=622%2C420&amp;ssl=1 622w\" width=\"209\" height=\"140\" loading=\"lazy\" data-original-width=\"209\" data-original-height=\"140\" itemprop=\"http:\/\/schema.org\/image\" title=\"bf0f628a-6497-4fd7-b452-6727518e06ed\" alt=\"bf0f628a-6497-4fd7-b452-6727518e06ed\" style=\"width: 209px; height: 140px;\" \/> <\/a> <\/div> <\/div> <!-- close group --> <div class=\"gallery-group images-1\" style=\"width: 213px; height: 144px;\" data-original-width=\"213\" data-original-height=\"144\" > <div class=\"tiled-gallery-item tiled-gallery-item-small\" itemprop=\"associatedMedia\" itemscope itemtype=\"http:\/\/schema.org\/ImageObject\"> <a href=\"https:\/\/masquenoticias.mx\/index.php\/2024\/02\/26\/indira-inicia-operacion-salud-colima-tamizaje-para-detectar-y-atender-enfermedades-en-estudiantes-de-preescolar-a-secundaria\/14857bda-e2b8-4643-86d5-f5ff20e24b1a\/\" border=\"0\" itemprop=\"url\"> <meta itemprop=\"width\" content=\"209\"> <meta itemprop=\"height\" content=\"140\"> <img loading=\"lazy\" decoding=\"async\" class=\"\" data-attachment-id=\"7286\" data-orig-file=\"https:\/\/masquenoticias.mx\/wp-content\/uploads\/2024\/02\/14857bda-e2b8-4643-86d5-f5ff20e24b1a-jpg.webp\" data-orig-size=\"1280,853\" data-comments-opened=\"1\" data-image-meta=\"{&quot;aperture&quot;:&quot;0&quot;,&quot;credit&quot;:&quot;&quot;,&quot;camera&quot;:&quot;&quot;,&quot;caption&quot;:&quot;&quot;,&quot;created_timestamp&quot;:&quot;0&quot;,&quot;copyright&quot;:&quot;&quot;,&quot;focal_length&quot;:&quot;0&quot;,&quot;iso&quot;:&quot;0&quot;,&quot;shutter_speed&quot;:&quot;0&quot;,&quot;title&quot;:&quot;&quot;,&quot;orientation&quot;:&quot;0&quot;}\" data-image-title=\"14857bda-e2b8-4643-86d5-f5ff20e24b1a\" data-image-description=\"\" data-medium-file=\"https:\/\/i0.wp.com\/masquenoticias.mx\/wp-content\/uploads\/2024\/02\/14857bda-e2b8-4643-86d5-f5ff20e24b1a-jpg.webp?fit=300%2C200&#038;ssl=1\" data-large-file=\"https:\/\/i0.wp.com\/masquenoticias.mx\/wp-content\/uploads\/2024\/02\/14857bda-e2b8-4643-86d5-f5ff20e24b1a-jpg.webp?fit=640%2C426&#038;ssl=1\" src=\"https:\/\/i0.wp.com\/masquenoticias.mx\/wp-content\/uploads\/2024\/02\/14857bda-e2b8-4643-86d5-f5ff20e24b1a-jpg.webp?w=209&#038;h=140&#038;ssl=1\" srcset=\"https:\/\/i0.wp.com\/masquenoticias.mx\/wp-content\/uploads\/2024\/02\/14857bda-e2b8-4643-86d5-f5ff20e24b1a-jpg.webp?w=1280&amp;ssl=1 1280w, https:\/\/i0.wp.com\/masquenoticias.mx\/wp-content\/uploads\/2024\/02\/14857bda-e2b8-4643-86d5-f5ff20e24b1a-jpg.webp?resize=300%2C200&amp;ssl=1 300w, https:\/\/i0.wp.com\/masquenoticias.mx\/wp-content\/uploads\/2024\/02\/14857bda-e2b8-4643-86d5-f5ff20e24b1a-jpg.webp?resize=1024%2C682&amp;ssl=1 1024w, https:\/\/i0.wp.com\/masquenoticias.mx\/wp-content\/uploads\/2024\/02\/14857bda-e2b8-4643-86d5-f5ff20e24b1a-jpg.webp?resize=768%2C512&amp;ssl=1 768w, https:\/\/i0.wp.com\/masquenoticias.mx\/wp-content\/uploads\/2024\/02\/14857bda-e2b8-4643-86d5-f5ff20e24b1a-jpg.webp?resize=622%2C420&amp;ssl=1 622w\" width=\"209\" height=\"140\" loading=\"lazy\" data-original-width=\"209\" data-original-height=\"140\" itemprop=\"http:\/\/schema.org\/image\" title=\"14857bda-e2b8-4643-86d5-f5ff20e24b1a\" alt=\"14857bda-e2b8-4643-86d5-f5ff20e24b1a\" style=\"width: 209px; height: 140px;\" \/> <\/a> <\/div> <\/div> <!-- close group --> <\/div> <!-- close row --> <div class=\"gallery-row\" style=\"width: 640px; height: 107px;\" data-original-width=\"640\" data-original-height=\"107\" > <div class=\"gallery-group images-1\" style=\"width: 159px; height: 107px;\" data-original-width=\"159\" data-original-height=\"107\" > <div class=\"tiled-gallery-item tiled-gallery-item-small\" itemprop=\"associatedMedia\" itemscope itemtype=\"http:\/\/schema.org\/ImageObject\"> <a href=\"https:\/\/masquenoticias.mx\/index.php\/2024\/02\/26\/indira-inicia-operacion-salud-colima-tamizaje-para-detectar-y-atender-enfermedades-en-estudiantes-de-preescolar-a-secundaria\/4924bb6c-41c4-4541-a321-b7c91a51e1e5\/\" border=\"0\" itemprop=\"url\"> <meta itemprop=\"width\" content=\"155\"> <meta itemprop=\"height\" content=\"103\"> <img loading=\"lazy\" decoding=\"async\" class=\"\" data-attachment-id=\"7285\" data-orig-file=\"https:\/\/masquenoticias.mx\/wp-content\/uploads\/2024\/02\/4924bb6c-41c4-4541-a321-b7c91a51e1e5-jpg.webp\" data-orig-size=\"1280,853\" data-comments-opened=\"1\" data-image-meta=\"{&quot;aperture&quot;:&quot;0&quot;,&quot;credit&quot;:&quot;&quot;,&quot;camera&quot;:&quot;&quot;,&quot;caption&quot;:&quot;&quot;,&quot;created_timestamp&quot;:&quot;0&quot;,&quot;copyright&quot;:&quot;&quot;,&quot;focal_length&quot;:&quot;0&quot;,&quot;iso&quot;:&quot;0&quot;,&quot;shutter_speed&quot;:&quot;0&quot;,&quot;title&quot;:&quot;&quot;,&quot;orientation&quot;:&quot;0&quot;}\" data-image-title=\"4924bb6c-41c4-4541-a321-b7c91a51e1e5\" data-image-description=\"\" data-medium-file=\"https:\/\/i0.wp.com\/masquenoticias.mx\/wp-content\/uploads\/2024\/02\/4924bb6c-41c4-4541-a321-b7c91a51e1e5-jpg.webp?fit=300%2C200&#038;ssl=1\" data-large-file=\"https:\/\/i0.wp.com\/masquenoticias.mx\/wp-content\/uploads\/2024\/02\/4924bb6c-41c4-4541-a321-b7c91a51e1e5-jpg.webp?fit=640%2C426&#038;ssl=1\" src=\"https:\/\/i0.wp.com\/masquenoticias.mx\/wp-content\/uploads\/2024\/02\/4924bb6c-41c4-4541-a321-b7c91a51e1e5-jpg.webp?w=155&#038;h=103&#038;ssl=1\" srcset=\"https:\/\/i0.wp.com\/masquenoticias.mx\/wp-content\/uploads\/2024\/02\/4924bb6c-41c4-4541-a321-b7c91a51e1e5-jpg.webp?w=1280&amp;ssl=1 1280w, https:\/\/i0.wp.com\/masquenoticias.mx\/wp-content\/uploads\/2024\/02\/4924bb6c-41c4-4541-a321-b7c91a51e1e5-jpg.webp?resize=300%2C200&amp;ssl=1 300w, https:\/\/i0.wp.com\/masquenoticias.mx\/wp-content\/uploads\/2024\/02\/4924bb6c-41c4-4541-a321-b7c91a51e1e5-jpg.webp?resize=1024%2C682&amp;ssl=1 1024w, https:\/\/i0.wp.com\/masquenoticias.mx\/wp-content\/uploads\/2024\/02\/4924bb6c-41c4-4541-a321-b7c91a51e1e5-jpg.webp?resize=768%2C512&amp;ssl=1 768w\" width=\"155\" height=\"103\" loading=\"lazy\" data-original-width=\"155\" data-original-height=\"103\" itemprop=\"http:\/\/schema.org\/image\" title=\"4924bb6c-41c4-4541-a321-b7c91a51e1e5\" alt=\"4924bb6c-41c4-4541-a321-b7c91a51e1e5\" style=\"width: 155px; height: 103px;\" \/> <\/a> <\/div> <\/div> <!-- close group --> <div class=\"gallery-group images-1\" style=\"width: 158px; height: 107px;\" data-original-width=\"158\" data-original-height=\"107\" > <div class=\"tiled-gallery-item tiled-gallery-item-small\" itemprop=\"associatedMedia\" itemscope itemtype=\"http:\/\/schema.org\/ImageObject\"> <a href=\"https:\/\/masquenoticias.mx\/index.php\/2024\/02\/26\/indira-inicia-operacion-salud-colima-tamizaje-para-detectar-y-atender-enfermedades-en-estudiantes-de-preescolar-a-secundaria\/297aa5e8-78c6-4729-addc-13a75ec3ad32\/\" border=\"0\" itemprop=\"url\"> <meta itemprop=\"width\" content=\"154\"> <meta itemprop=\"height\" content=\"103\"> <img loading=\"lazy\" decoding=\"async\" class=\"\" data-attachment-id=\"7284\" data-orig-file=\"https:\/\/masquenoticias.mx\/wp-content\/uploads\/2024\/02\/297aa5e8-78c6-4729-addc-13a75ec3ad32-jpg.webp\" data-orig-size=\"1280,853\" data-comments-opened=\"1\" data-image-meta=\"{&quot;aperture&quot;:&quot;0&quot;,&quot;credit&quot;:&quot;&quot;,&quot;camera&quot;:&quot;&quot;,&quot;caption&quot;:&quot;&quot;,&quot;created_timestamp&quot;:&quot;0&quot;,&quot;copyright&quot;:&quot;&quot;,&quot;focal_length&quot;:&quot;0&quot;,&quot;iso&quot;:&quot;0&quot;,&quot;shutter_speed&quot;:&quot;0&quot;,&quot;title&quot;:&quot;&quot;,&quot;orientation&quot;:&quot;0&quot;}\" data-image-title=\"297aa5e8-78c6-4729-addc-13a75ec3ad32\" data-image-description=\"\" data-medium-file=\"https:\/\/i0.wp.com\/masquenoticias.mx\/wp-content\/uploads\/2024\/02\/297aa5e8-78c6-4729-addc-13a75ec3ad32-jpg.webp?fit=300%2C200&#038;ssl=1\" data-large-file=\"https:\/\/i0.wp.com\/masquenoticias.mx\/wp-content\/uploads\/2024\/02\/297aa5e8-78c6-4729-addc-13a75ec3ad32-jpg.webp?fit=640%2C426&#038;ssl=1\" src=\"https:\/\/i0.wp.com\/masquenoticias.mx\/wp-content\/uploads\/2024\/02\/297aa5e8-78c6-4729-addc-13a75ec3ad32-jpg.webp?w=154&#038;h=103&#038;ssl=1\" srcset=\"https:\/\/i0.wp.com\/masquenoticias.mx\/wp-content\/uploads\/2024\/02\/297aa5e8-78c6-4729-addc-13a75ec3ad32-jpg.webp?w=1280&amp;ssl=1 1280w, https:\/\/i0.wp.com\/masquenoticias.mx\/wp-content\/uploads\/2024\/02\/297aa5e8-78c6-4729-addc-13a75ec3ad32-jpg.webp?resize=300%2C200&amp;ssl=1 300w, https:\/\/i0.wp.com\/masquenoticias.mx\/wp-content\/uploads\/2024\/02\/297aa5e8-78c6-4729-addc-13a75ec3ad32-jpg.webp?resize=1024%2C682&amp;ssl=1 1024w, https:\/\/i0.wp.com\/masquenoticias.mx\/wp-content\/uploads\/2024\/02\/297aa5e8-78c6-4729-addc-13a75ec3ad32-jpg.webp?resize=768%2C512&amp;ssl=1 768w, https:\/\/i0.wp.com\/masquenoticias.mx\/wp-content\/uploads\/2024\/02\/297aa5e8-78c6-4729-addc-13a75ec3ad32-jpg.webp?resize=622%2C420&amp;ssl=1 622w\" width=\"154\" height=\"103\" loading=\"lazy\" data-original-width=\"154\" data-original-height=\"103\" itemprop=\"http:\/\/schema.org\/image\" title=\"297aa5e8-78c6-4729-addc-13a75ec3ad32\" alt=\"297aa5e8-78c6-4729-addc-13a75ec3ad32\" style=\"width: 154px; height: 103px;\" \/> <\/a> <\/div> <\/div> <!-- close group --> <div class=\"gallery-group images-1\" style=\"width: 158px; height: 107px;\" data-original-width=\"158\" data-original-height=\"107\" > <div class=\"tiled-gallery-item tiled-gallery-item-small\" itemprop=\"associatedMedia\" itemscope itemtype=\"http:\/\/schema.org\/ImageObject\"> <a href=\"https:\/\/masquenoticias.mx\/index.php\/2024\/02\/26\/indira-inicia-operacion-salud-colima-tamizaje-para-detectar-y-atender-enfermedades-en-estudiantes-de-preescolar-a-secundaria\/52adca33-2f5f-4ba8-a660-7e368efa7f24\/\" border=\"0\" itemprop=\"url\"> <meta itemprop=\"width\" content=\"154\"> <meta itemprop=\"height\" content=\"103\"> <img loading=\"lazy\" decoding=\"async\" class=\"\" data-attachment-id=\"7283\" data-orig-file=\"https:\/\/masquenoticias.mx\/wp-content\/uploads\/2024\/02\/52adca33-2f5f-4ba8-a660-7e368efa7f24-jpg.webp\" data-orig-size=\"1280,853\" data-comments-opened=\"1\" data-image-meta=\"{&quot;aperture&quot;:&quot;0&quot;,&quot;credit&quot;:&quot;&quot;,&quot;camera&quot;:&quot;&quot;,&quot;caption&quot;:&quot;&quot;,&quot;created_timestamp&quot;:&quot;0&quot;,&quot;copyright&quot;:&quot;&quot;,&quot;focal_length&quot;:&quot;0&quot;,&quot;iso&quot;:&quot;0&quot;,&quot;shutter_speed&quot;:&quot;0&quot;,&quot;title&quot;:&quot;&quot;,&quot;orientation&quot;:&quot;0&quot;}\" data-image-title=\"52adca33-2f5f-4ba8-a660-7e368efa7f24\" data-image-description=\"\" data-medium-file=\"https:\/\/i0.wp.com\/masquenoticias.mx\/wp-content\/uploads\/2024\/02\/52adca33-2f5f-4ba8-a660-7e368efa7f24-jpg.webp?fit=300%2C200&#038;ssl=1\" data-large-file=\"https:\/\/i0.wp.com\/masquenoticias.mx\/wp-content\/uploads\/2024\/02\/52adca33-2f5f-4ba8-a660-7e368efa7f24-jpg.webp?fit=640%2C426&#038;ssl=1\" src=\"https:\/\/i0.wp.com\/masquenoticias.mx\/wp-content\/uploads\/2024\/02\/52adca33-2f5f-4ba8-a660-7e368efa7f24-jpg.webp?w=154&#038;h=103&#038;ssl=1\" srcset=\"https:\/\/i0.wp.com\/masquenoticias.mx\/wp-content\/uploads\/2024\/02\/52adca33-2f5f-4ba8-a660-7e368efa7f24-jpg.webp?w=1280&amp;ssl=1 1280w, https:\/\/i0.wp.com\/masquenoticias.mx\/wp-content\/uploads\/2024\/02\/52adca33-2f5f-4ba8-a660-7e368efa7f24-jpg.webp?resize=300%2C200&amp;ssl=1 300w, https:\/\/i0.wp.com\/masquenoticias.mx\/wp-content\/uploads\/2024\/02\/52adca33-2f5f-4ba8-a660-7e368efa7f24-jpg.webp?resize=1024%2C682&amp;ssl=1 1024w, https:\/\/i0.wp.com\/masquenoticias.mx\/wp-content\/uploads\/2024\/02\/52adca33-2f5f-4ba8-a660-7e368efa7f24-jpg.webp?resize=768%2C512&amp;ssl=1 768w, https:\/\/i0.wp.com\/masquenoticias.mx\/wp-content\/uploads\/2024\/02\/52adca33-2f5f-4ba8-a660-7e368efa7f24-jpg.webp?resize=622%2C420&amp;ssl=1 622w\" width=\"154\" height=\"103\" loading=\"lazy\" data-original-width=\"154\" data-original-height=\"103\" itemprop=\"http:\/\/schema.org\/image\" title=\"52adca33-2f5f-4ba8-a660-7e368efa7f24\" alt=\"52adca33-2f5f-4ba8-a660-7e368efa7f24\" style=\"width: 154px; height: 103px;\" \/> <\/a> <\/div> <\/div> <!-- close group --> <div class=\"gallery-group images-1\" style=\"width: 165px; height: 107px;\" data-original-width=\"165\" data-original-height=\"107\" > <div class=\"tiled-gallery-item tiled-gallery-item-small\" itemprop=\"associatedMedia\" itemscope itemtype=\"http:\/\/schema.org\/ImageObject\"> <a href=\"https:\/\/masquenoticias.mx\/index.php\/2024\/02\/26\/indira-inicia-operacion-salud-colima-tamizaje-para-detectar-y-atender-enfermedades-en-estudiantes-de-preescolar-a-secundaria\/8e88a0fe-9a24-424d-9346-815e2ac52279\/\" border=\"0\" itemprop=\"url\"> <meta itemprop=\"width\" content=\"161\"> <meta itemprop=\"height\" content=\"103\"> <img loading=\"lazy\" decoding=\"async\" class=\"\" data-attachment-id=\"7282\" data-orig-file=\"https:\/\/masquenoticias.mx\/wp-content\/uploads\/2024\/02\/8e88a0fe-9a24-424d-9346-815e2ac52279-jpg.webp\" data-orig-size=\"1280,816\" data-comments-opened=\"1\" data-image-meta=\"{&quot;aperture&quot;:&quot;0&quot;,&quot;credit&quot;:&quot;&quot;,&quot;camera&quot;:&quot;&quot;,&quot;caption&quot;:&quot;&quot;,&quot;created_timestamp&quot;:&quot;0&quot;,&quot;copyright&quot;:&quot;&quot;,&quot;focal_length&quot;:&quot;0&quot;,&quot;iso&quot;:&quot;0&quot;,&quot;shutter_speed&quot;:&quot;0&quot;,&quot;title&quot;:&quot;&quot;,&quot;orientation&quot;:&quot;0&quot;}\" data-image-title=\"8e88a0fe-9a24-424d-9346-815e2ac52279\" data-image-description=\"\" data-medium-file=\"https:\/\/i0.wp.com\/masquenoticias.mx\/wp-content\/uploads\/2024\/02\/8e88a0fe-9a24-424d-9346-815e2ac52279-jpg.webp?fit=300%2C191&#038;ssl=1\" data-large-file=\"https:\/\/i0.wp.com\/masquenoticias.mx\/wp-content\/uploads\/2024\/02\/8e88a0fe-9a24-424d-9346-815e2ac52279-jpg.webp?fit=640%2C408&#038;ssl=1\" src=\"https:\/\/i0.wp.com\/masquenoticias.mx\/wp-content\/uploads\/2024\/02\/8e88a0fe-9a24-424d-9346-815e2ac52279-jpg.webp?w=161&#038;h=103&#038;ssl=1\" srcset=\"https:\/\/i0.wp.com\/masquenoticias.mx\/wp-content\/uploads\/2024\/02\/8e88a0fe-9a24-424d-9346-815e2ac52279-jpg.webp?w=1280&amp;ssl=1 1280w, https:\/\/i0.wp.com\/masquenoticias.mx\/wp-content\/uploads\/2024\/02\/8e88a0fe-9a24-424d-9346-815e2ac52279-jpg.webp?resize=300%2C191&amp;ssl=1 300w, https:\/\/i0.wp.com\/masquenoticias.mx\/wp-content\/uploads\/2024\/02\/8e88a0fe-9a24-424d-9346-815e2ac52279-jpg.webp?resize=1024%2C653&amp;ssl=1 1024w, https:\/\/i0.wp.com\/masquenoticias.mx\/wp-content\/uploads\/2024\/02\/8e88a0fe-9a24-424d-9346-815e2ac52279-jpg.webp?resize=768%2C490&amp;ssl=1 768w\" width=\"161\" height=\"103\" loading=\"lazy\" data-original-width=\"161\" data-original-height=\"103\" itemprop=\"http:\/\/schema.org\/image\" title=\"8e88a0fe-9a24-424d-9346-815e2ac52279\" alt=\"8e88a0fe-9a24-424d-9346-815e2ac52279\" style=\"width: 161px; height: 103px;\" \/> <\/a> <\/div> <\/div> <!-- close group --> <\/div> <!-- close row --> <\/div>\n","protected":false},"excerpt":{"rendered":"<p>La ma\u00f1ana de este lunes, la gobernadora Indira Vizca\u00edno Silva arranc\u00f3 el programa Operaci\u00f3n Salud Colima Tamizaje en la escuela Manuel Sandoval Vallarta, donde dijo que para el Gobierno del Estado y para ella en lo personal, las ni\u00f1as y los ni\u00f1os son lo m\u00e1s importante que tenemos y por eso se implementan tantas estrategias [&hellip;]<\/p>\n","protected":false},"author":2,"featured_media":7281,"comment_status":"open","ping_status":"open","sticky":false,"template":"","format":"standard","meta":{"_jetpack_memberships_contains_paid_content":false,"footnotes":""},"categories":[24],"tags":[72,26,63],"class_list":["post-7280","post","type-post","status-publish","format-standard","has-post-thumbnail","hentry","category-estado","tag-gobierno","tag-indira-vizcaino","tag-salud"],"yoast_head":"<!-- This site is optimized with the Yoast SEO plugin v26.6 - https:\/\/yoast.com\/wordpress\/plugins\/seo\/ -->\n<title>Indira inicia Operaci\u00f3n Salud Colima Tamizaje, para detectar y atender enfermedades en estudiantes de preescolar a secundaria - M\u00e1s Que Noticias<\/title>\n<meta name=\"robots\" content=\"index, follow, max-snippet:-1, max-image-preview:large, max-video-preview:-1\" \/>\n<link rel=\"canonical\" href=\"https:\/\/masquenoticias.mx\/index.php\/2024\/02\/26\/indira-inicia-operacion-salud-colima-tamizaje-para-detectar-y-atender-enfermedades-en-estudiantes-de-preescolar-a-secundaria\/\" \/>\n<meta property=\"og:locale\" content=\"es_MX\" \/>\n<meta property=\"og:type\" content=\"article\" \/>\n<meta property=\"og:title\" content=\"Indira inicia Operaci\u00f3n Salud Colima Tamizaje, para detectar y atender enfermedades en estudiantes de preescolar a secundaria - M\u00e1s Que Noticias\" \/>\n<meta property=\"og:description\" content=\"La ma\u00f1ana de este lunes, la gobernadora Indira Vizca\u00edno Silva arranc\u00f3 el programa Operaci\u00f3n Salud Colima Tamizaje en la escuela Manuel Sandoval Vallarta, donde dijo que para el Gobierno del Estado y para ella en lo personal, las ni\u00f1as y los ni\u00f1os son lo m\u00e1s importante que tenemos y por eso se implementan tantas estrategias [&hellip;]\" \/>\n<meta property=\"og:url\" content=\"https:\/\/masquenoticias.mx\/index.php\/2024\/02\/26\/indira-inicia-operacion-salud-colima-tamizaje-para-detectar-y-atender-enfermedades-en-estudiantes-de-preescolar-a-secundaria\/\" \/>\n<meta property=\"og:site_name\" content=\"M\u00e1s Que Noticias\" \/>\n<meta property=\"article:publisher\" content=\"https:\/\/www.facebook.com\/masquenoticiascolima\" \/>\n<meta property=\"article:published_time\" content=\"2024-02-26T23:01:50+00:00\" \/>\n<meta property=\"og:image\" content=\"https:\/\/i0.wp.com\/masquenoticias.mx\/wp-content\/uploads\/2024\/02\/1fc92632-a444-4d67-a980-930d300fc672.jpg?fit=1280%2C853&ssl=1\" \/>\n\t<meta property=\"og:image:width\" content=\"1280\" \/>\n\t<meta property=\"og:image:height\" content=\"853\" \/>\n\t<meta property=\"og:image:type\" content=\"image\/jpeg\" \/>\n<meta name=\"author\" content=\"Redacci\u00f3n\" \/>\n<meta name=\"twitter:card\" content=\"summary_large_image\" \/>\n<meta name=\"twitter:creator\" content=\"@edgartove\" \/>\n<meta name=\"twitter:site\" content=\"@edgartove\" \/>\n<meta name=\"twitter:label1\" content=\"Escrito por\" \/>\n\t<meta name=\"twitter:data1\" content=\"Redacci\u00f3n\" \/>\n\t<meta name=\"twitter:label2\" content=\"Tiempo de lectura\" \/>\n\t<meta name=\"twitter:data2\" content=\"5 minutos\" \/>\n<script type=\"application\/ld+json\" class=\"yoast-schema-graph\">{\"@context\":\"https:\/\/schema.org\",\"@graph\":[{\"@type\":\"Article\",\"@id\":\"https:\/\/masquenoticias.mx\/index.php\/2024\/02\/26\/indira-inicia-operacion-salud-colima-tamizaje-para-detectar-y-atender-enfermedades-en-estudiantes-de-preescolar-a-secundaria\/#article\",\"isPartOf\":{\"@id\":\"https:\/\/masquenoticias.mx\/index.php\/2024\/02\/26\/indira-inicia-operacion-salud-colima-tamizaje-para-detectar-y-atender-enfermedades-en-estudiantes-de-preescolar-a-secundaria\/\"},\"author\":{\"name\":\"Redacci\u00f3n\",\"@id\":\"https:\/\/masquenoticias.mx\/#\/schema\/person\/6229637729ad377d24e2154e3b30720b\"},\"headline\":\"Indira inicia Operaci\u00f3n Salud Colima Tamizaje, para detectar y atender enfermedades en estudiantes de preescolar a secundaria\",\"datePublished\":\"2024-02-26T23:01:50+00:00\",\"mainEntityOfPage\":{\"@id\":\"https:\/\/masquenoticias.mx\/index.php\/2024\/02\/26\/indira-inicia-operacion-salud-colima-tamizaje-para-detectar-y-atender-enfermedades-en-estudiantes-de-preescolar-a-secundaria\/\"},\"wordCount\":972,\"commentCount\":0,\"publisher\":{\"@id\":\"https:\/\/masquenoticias.mx\/#organization\"},\"image\":{\"@id\":\"https:\/\/masquenoticias.mx\/index.php\/2024\/02\/26\/indira-inicia-operacion-salud-colima-tamizaje-para-detectar-y-atender-enfermedades-en-estudiantes-de-preescolar-a-secundaria\/#primaryimage\"},\"thumbnailUrl\":\"https:\/\/i0.wp.com\/masquenoticias.mx\/wp-content\/uploads\/2024\/02\/1fc92632-a444-4d67-a980-930d300fc672.jpg?fit=1280%2C853&ssl=1\",\"keywords\":[\"Gobierno\",\"Indira Vizca\u00edno\",\"Salud\"],\"articleSection\":[\"Estado\"],\"inLanguage\":\"es\",\"potentialAction\":[{\"@type\":\"CommentAction\",\"name\":\"Comment\",\"target\":[\"https:\/\/masquenoticias.mx\/index.php\/2024\/02\/26\/indira-inicia-operacion-salud-colima-tamizaje-para-detectar-y-atender-enfermedades-en-estudiantes-de-preescolar-a-secundaria\/#respond\"]}]},{\"@type\":\"WebPage\",\"@id\":\"https:\/\/masquenoticias.mx\/index.php\/2024\/02\/26\/indira-inicia-operacion-salud-colima-tamizaje-para-detectar-y-atender-enfermedades-en-estudiantes-de-preescolar-a-secundaria\/\",\"url\":\"https:\/\/masquenoticias.mx\/index.php\/2024\/02\/26\/indira-inicia-operacion-salud-colima-tamizaje-para-detectar-y-atender-enfermedades-en-estudiantes-de-preescolar-a-secundaria\/\",\"name\":\"Indira inicia Operaci\u00f3n Salud Colima Tamizaje, para detectar y atender enfermedades en estudiantes de preescolar a secundaria - M\u00e1s Que Noticias\",\"isPartOf\":{\"@id\":\"https:\/\/masquenoticias.mx\/#website\"},\"primaryImageOfPage\":{\"@id\":\"https:\/\/masquenoticias.mx\/index.php\/2024\/02\/26\/indira-inicia-operacion-salud-colima-tamizaje-para-detectar-y-atender-enfermedades-en-estudiantes-de-preescolar-a-secundaria\/#primaryimage\"},\"image\":{\"@id\":\"https:\/\/masquenoticias.mx\/index.php\/2024\/02\/26\/indira-inicia-operacion-salud-colima-tamizaje-para-detectar-y-atender-enfermedades-en-estudiantes-de-preescolar-a-secundaria\/#primaryimage\"},\"thumbnailUrl\":\"https:\/\/i0.wp.com\/masquenoticias.mx\/wp-content\/uploads\/2024\/02\/1fc92632-a444-4d67-a980-930d300fc672.jpg?fit=1280%2C853&ssl=1\",\"datePublished\":\"2024-02-26T23:01:50+00:00\",\"breadcrumb\":{\"@id\":\"https:\/\/masquenoticias.mx\/index.php\/2024\/02\/26\/indira-inicia-operacion-salud-colima-tamizaje-para-detectar-y-atender-enfermedades-en-estudiantes-de-preescolar-a-secundaria\/#breadcrumb\"},\"inLanguage\":\"es\",\"potentialAction\":[{\"@type\":\"ReadAction\",\"target\":[\"https:\/\/masquenoticias.mx\/index.php\/2024\/02\/26\/indira-inicia-operacion-salud-colima-tamizaje-para-detectar-y-atender-enfermedades-en-estudiantes-de-preescolar-a-secundaria\/\"]}]},{\"@type\":\"ImageObject\",\"inLanguage\":\"es\",\"@id\":\"https:\/\/masquenoticias.mx\/index.php\/2024\/02\/26\/indira-inicia-operacion-salud-colima-tamizaje-para-detectar-y-atender-enfermedades-en-estudiantes-de-preescolar-a-secundaria\/#primaryimage\",\"url\":\"https:\/\/i0.wp.com\/masquenoticias.mx\/wp-content\/uploads\/2024\/02\/1fc92632-a444-4d67-a980-930d300fc672.jpg?fit=1280%2C853&ssl=1\",\"contentUrl\":\"https:\/\/i0.wp.com\/masquenoticias.mx\/wp-content\/uploads\/2024\/02\/1fc92632-a444-4d67-a980-930d300fc672.jpg?fit=1280%2C853&ssl=1\",\"width\":1280,\"height\":853},{\"@type\":\"BreadcrumbList\",\"@id\":\"https:\/\/masquenoticias.mx\/index.php\/2024\/02\/26\/indira-inicia-operacion-salud-colima-tamizaje-para-detectar-y-atender-enfermedades-en-estudiantes-de-preescolar-a-secundaria\/#breadcrumb\",\"itemListElement\":[{\"@type\":\"ListItem\",\"position\":1,\"name\":\"Inicio\",\"item\":\"https:\/\/masquenoticias.mx\/\"},{\"@type\":\"ListItem\",\"position\":2,\"name\":\"Indira inicia Operaci\u00f3n Salud Colima Tamizaje, para detectar y atender enfermedades en estudiantes de preescolar a secundaria\"}]},{\"@type\":\"WebSite\",\"@id\":\"https:\/\/masquenoticias.mx\/#website\",\"url\":\"https:\/\/masquenoticias.mx\/\",\"name\":\"M\u00e1s Que Noticias\",\"description\":\"Noticias de Colima, M\u00e9xico y el Mundo\",\"publisher\":{\"@id\":\"https:\/\/masquenoticias.mx\/#organization\"},\"potentialAction\":[{\"@type\":\"SearchAction\",\"target\":{\"@type\":\"EntryPoint\",\"urlTemplate\":\"https:\/\/masquenoticias.mx\/?s={search_term_string}\"},\"query-input\":{\"@type\":\"PropertyValueSpecification\",\"valueRequired\":true,\"valueName\":\"search_term_string\"}}],\"inLanguage\":\"es\"},{\"@type\":\"Organization\",\"@id\":\"https:\/\/masquenoticias.mx\/#organization\",\"name\":\"M\u00e1s Que Noticias\",\"url\":\"https:\/\/masquenoticias.mx\/\",\"logo\":{\"@type\":\"ImageObject\",\"inLanguage\":\"es\",\"@id\":\"https:\/\/masquenoticias.mx\/#\/schema\/logo\/image\/\",\"url\":\"https:\/\/i0.wp.com\/masquenoticias.mx\/wp-content\/uploads\/2024\/04\/IMG_0004.png?fit=2560%2C1656&ssl=1\",\"contentUrl\":\"https:\/\/i0.wp.com\/masquenoticias.mx\/wp-content\/uploads\/2024\/04\/IMG_0004.png?fit=2560%2C1656&ssl=1\",\"width\":2560,\"height\":1656,\"caption\":\"M\u00e1s Que Noticias\"},\"image\":{\"@id\":\"https:\/\/masquenoticias.mx\/#\/schema\/logo\/image\/\"},\"sameAs\":[\"https:\/\/www.facebook.com\/masquenoticiascolima\",\"https:\/\/x.com\/edgartove\",\"https:\/\/www.instagram.com\/masquenoticiascolima\/\"]},{\"@type\":\"Person\",\"@id\":\"https:\/\/masquenoticias.mx\/#\/schema\/person\/6229637729ad377d24e2154e3b30720b\",\"name\":\"Redacci\u00f3n\",\"image\":{\"@type\":\"ImageObject\",\"inLanguage\":\"es\",\"@id\":\"https:\/\/masquenoticias.mx\/#\/schema\/person\/image\/\",\"url\":\"https:\/\/secure.gravatar.com\/avatar\/73899f6b3a3034eb6f719669835ca3a4?s=96&d=mm&r=g\",\"contentUrl\":\"https:\/\/secure.gravatar.com\/avatar\/73899f6b3a3034eb6f719669835ca3a4?s=96&d=mm&r=g\",\"caption\":\"Redacci\u00f3n\"},\"url\":\"https:\/\/masquenoticias.mx\/index.php\/author\/bunburytorresgmail-com\/\"}]}<\/script>\n<!-- \/ Yoast SEO plugin. -->","yoast_head_json":{"title":"Indira inicia Operaci\u00f3n Salud Colima Tamizaje, para detectar y atender enfermedades en estudiantes de preescolar a secundaria - M\u00e1s Que Noticias","robots":{"index":"index","follow":"follow","max-snippet":"max-snippet:-1","max-image-preview":"max-image-preview:large","max-video-preview":"max-video-preview:-1"},"canonical":"https:\/\/masquenoticias.mx\/index.php\/2024\/02\/26\/indira-inicia-operacion-salud-colima-tamizaje-para-detectar-y-atender-enfermedades-en-estudiantes-de-preescolar-a-secundaria\/","og_locale":"es_MX","og_type":"article","og_title":"Indira inicia Operaci\u00f3n Salud Colima Tamizaje, para detectar y atender enfermedades en estudiantes de preescolar a secundaria - M\u00e1s Que Noticias","og_description":"La ma\u00f1ana de este lunes, la gobernadora Indira Vizca\u00edno Silva arranc\u00f3 el programa Operaci\u00f3n Salud Colima Tamizaje en la escuela Manuel Sandoval Vallarta, donde dijo que para el Gobierno del Estado y para ella en lo personal, las ni\u00f1as y los ni\u00f1os son lo m\u00e1s importante que tenemos y por eso se implementan tantas estrategias [&hellip;]","og_url":"https:\/\/masquenoticias.mx\/index.php\/2024\/02\/26\/indira-inicia-operacion-salud-colima-tamizaje-para-detectar-y-atender-enfermedades-en-estudiantes-de-preescolar-a-secundaria\/","og_site_name":"M\u00e1s Que Noticias","article_publisher":"https:\/\/www.facebook.com\/masquenoticiascolima","article_published_time":"2024-02-26T23:01:50+00:00","og_image":[{"width":1280,"height":853,"url":"https:\/\/i0.wp.com\/masquenoticias.mx\/wp-content\/uploads\/2024\/02\/1fc92632-a444-4d67-a980-930d300fc672.jpg?fit=1280%2C853&ssl=1","type":"image\/jpeg"}],"author":"Redacci\u00f3n","twitter_card":"summary_large_image","twitter_creator":"@edgartove","twitter_site":"@edgartove","twitter_misc":{"Escrito por":"Redacci\u00f3n","Tiempo de lectura":"5 minutos"},"schema":{"@context":"https:\/\/schema.org","@graph":[{"@type":"Article","@id":"https:\/\/masquenoticias.mx\/index.php\/2024\/02\/26\/indira-inicia-operacion-salud-colima-tamizaje-para-detectar-y-atender-enfermedades-en-estudiantes-de-preescolar-a-secundaria\/#article","isPartOf":{"@id":"https:\/\/masquenoticias.mx\/index.php\/2024\/02\/26\/indira-inicia-operacion-salud-colima-tamizaje-para-detectar-y-atender-enfermedades-en-estudiantes-de-preescolar-a-secundaria\/"},"author":{"name":"Redacci\u00f3n","@id":"https:\/\/masquenoticias.mx\/#\/schema\/person\/6229637729ad377d24e2154e3b30720b"},"headline":"Indira inicia Operaci\u00f3n Salud Colima Tamizaje, para detectar y atender enfermedades en estudiantes de preescolar a secundaria","datePublished":"2024-02-26T23:01:50+00:00","mainEntityOfPage":{"@id":"https:\/\/masquenoticias.mx\/index.php\/2024\/02\/26\/indira-inicia-operacion-salud-colima-tamizaje-para-detectar-y-atender-enfermedades-en-estudiantes-de-preescolar-a-secundaria\/"},"wordCount":972,"commentCount":0,"publisher":{"@id":"https:\/\/masquenoticias.mx\/#organization"},"image":{"@id":"https:\/\/masquenoticias.mx\/index.php\/2024\/02\/26\/indira-inicia-operacion-salud-colima-tamizaje-para-detectar-y-atender-enfermedades-en-estudiantes-de-preescolar-a-secundaria\/#primaryimage"},"thumbnailUrl":"https:\/\/i0.wp.com\/masquenoticias.mx\/wp-content\/uploads\/2024\/02\/1fc92632-a444-4d67-a980-930d300fc672.jpg?fit=1280%2C853&ssl=1","keywords":["Gobierno","Indira Vizca\u00edno","Salud"],"articleSection":["Estado"],"inLanguage":"es","potentialAction":[{"@type":"CommentAction","name":"Comment","target":["https:\/\/masquenoticias.mx\/index.php\/2024\/02\/26\/indira-inicia-operacion-salud-colima-tamizaje-para-detectar-y-atender-enfermedades-en-estudiantes-de-preescolar-a-secundaria\/#respond"]}]},{"@type":"WebPage","@id":"https:\/\/masquenoticias.mx\/index.php\/2024\/02\/26\/indira-inicia-operacion-salud-colima-tamizaje-para-detectar-y-atender-enfermedades-en-estudiantes-de-preescolar-a-secundaria\/","url":"https:\/\/masquenoticias.mx\/index.php\/2024\/02\/26\/indira-inicia-operacion-salud-colima-tamizaje-para-detectar-y-atender-enfermedades-en-estudiantes-de-preescolar-a-secundaria\/","name":"Indira inicia Operaci\u00f3n Salud Colima Tamizaje, para detectar y atender enfermedades en estudiantes de preescolar a secundaria - M\u00e1s Que Noticias","isPartOf":{"@id":"https:\/\/masquenoticias.mx\/#website"},"primaryImageOfPage":{"@id":"https:\/\/masquenoticias.mx\/index.php\/2024\/02\/26\/indira-inicia-operacion-salud-colima-tamizaje-para-detectar-y-atender-enfermedades-en-estudiantes-de-preescolar-a-secundaria\/#primaryimage"},"image":{"@id":"https:\/\/masquenoticias.mx\/index.php\/2024\/02\/26\/indira-inicia-operacion-salud-colima-tamizaje-para-detectar-y-atender-enfermedades-en-estudiantes-de-preescolar-a-secundaria\/#primaryimage"},"thumbnailUrl":"https:\/\/i0.wp.com\/masquenoticias.mx\/wp-content\/uploads\/2024\/02\/1fc92632-a444-4d67-a980-930d300fc672.jpg?fit=1280%2C853&ssl=1","datePublished":"2024-02-26T23:01:50+00:00","breadcrumb":{"@id":"https:\/\/masquenoticias.mx\/index.php\/2024\/02\/26\/indira-inicia-operacion-salud-colima-tamizaje-para-detectar-y-atender-enfermedades-en-estudiantes-de-preescolar-a-secundaria\/#breadcrumb"},"inLanguage":"es","potentialAction":[{"@type":"ReadAction","target":["https:\/\/masquenoticias.mx\/index.php\/2024\/02\/26\/indira-inicia-operacion-salud-colima-tamizaje-para-detectar-y-atender-enfermedades-en-estudiantes-de-preescolar-a-secundaria\/"]}]},{"@type":"ImageObject","inLanguage":"es","@id":"https:\/\/masquenoticias.mx\/index.php\/2024\/02\/26\/indira-inicia-operacion-salud-colima-tamizaje-para-detectar-y-atender-enfermedades-en-estudiantes-de-preescolar-a-secundaria\/#primaryimage","url":"https:\/\/i0.wp.com\/masquenoticias.mx\/wp-content\/uploads\/2024\/02\/1fc92632-a444-4d67-a980-930d300fc672.jpg?fit=1280%2C853&ssl=1","contentUrl":"https:\/\/i0.wp.com\/masquenoticias.mx\/wp-content\/uploads\/2024\/02\/1fc92632-a444-4d67-a980-930d300fc672.jpg?fit=1280%2C853&ssl=1","width":1280,"height":853},{"@type":"BreadcrumbList","@id":"https:\/\/masquenoticias.mx\/index.php\/2024\/02\/26\/indira-inicia-operacion-salud-colima-tamizaje-para-detectar-y-atender-enfermedades-en-estudiantes-de-preescolar-a-secundaria\/#breadcrumb","itemListElement":[{"@type":"ListItem","position":1,"name":"Inicio","item":"https:\/\/masquenoticias.mx\/"},{"@type":"ListItem","position":2,"name":"Indira inicia Operaci\u00f3n Salud Colima Tamizaje, para detectar y atender enfermedades en estudiantes de preescolar a secundaria"}]},{"@type":"WebSite","@id":"https:\/\/masquenoticias.mx\/#website","url":"https:\/\/masquenoticias.mx\/","name":"M\u00e1s Que Noticias","description":"Noticias de Colima, M\u00e9xico y el Mundo","publisher":{"@id":"https:\/\/masquenoticias.mx\/#organization"},"potentialAction":[{"@type":"SearchAction","target":{"@type":"EntryPoint","urlTemplate":"https:\/\/masquenoticias.mx\/?s={search_term_string}"},"query-input":{"@type":"PropertyValueSpecification","valueRequired":true,"valueName":"search_term_string"}}],"inLanguage":"es"},{"@type":"Organization","@id":"https:\/\/masquenoticias.mx\/#organization","name":"M\u00e1s Que Noticias","url":"https:\/\/masquenoticias.mx\/","logo":{"@type":"ImageObject","inLanguage":"es","@id":"https:\/\/masquenoticias.mx\/#\/schema\/logo\/image\/","url":"https:\/\/i0.wp.com\/masquenoticias.mx\/wp-content\/uploads\/2024\/04\/IMG_0004.png?fit=2560%2C1656&ssl=1","contentUrl":"https:\/\/i0.wp.com\/masquenoticias.mx\/wp-content\/uploads\/2024\/04\/IMG_0004.png?fit=2560%2C1656&ssl=1","width":2560,"height":1656,"caption":"M\u00e1s Que Noticias"},"image":{"@id":"https:\/\/masquenoticias.mx\/#\/schema\/logo\/image\/"},"sameAs":["https:\/\/www.facebook.com\/masquenoticiascolima","https:\/\/x.com\/edgartove","https:\/\/www.instagram.com\/masquenoticiascolima\/"]},{"@type":"Person","@id":"https:\/\/masquenoticias.mx\/#\/schema\/person\/6229637729ad377d24e2154e3b30720b","name":"Redacci\u00f3n","image":{"@type":"ImageObject","inLanguage":"es","@id":"https:\/\/masquenoticias.mx\/#\/schema\/person\/image\/","url":"https:\/\/secure.gravatar.com\/avatar\/73899f6b3a3034eb6f719669835ca3a4?s=96&d=mm&r=g","contentUrl":"https:\/\/secure.gravatar.com\/avatar\/73899f6b3a3034eb6f719669835ca3a4?s=96&d=mm&r=g","caption":"Redacci\u00f3n"},"url":"https:\/\/masquenoticias.mx\/index.php\/author\/bunburytorresgmail-com\/"}]}},"jetpack_featured_media_url":"https:\/\/i0.wp.com\/masquenoticias.mx\/wp-content\/uploads\/2024\/02\/1fc92632-a444-4d67-a980-930d300fc672.jpg?fit=1280%2C853&ssl=1","blog_post_layout_featured_media_urls":{"thumbnail":["https:\/\/i0.wp.com\/masquenoticias.mx\/wp-content\/uploads\/2024\/02\/1fc92632-a444-4d67-a980-930d300fc672.jpg?resize=150%2C150&ssl=1",150,150,true],"full":["https:\/\/i0.wp.com\/masquenoticias.mx\/wp-content\/uploads\/2024\/02\/1fc92632-a444-4d67-a980-930d300fc672.jpg?fit=1280%2C853&ssl=1",1280,853,false]},"categories_names":{"24":{"name":"Estado","link":"https:\/\/masquenoticias.mx\/index.php\/category\/estado\/"}},"tags_names":{"72":{"name":"Gobierno","link":"https:\/\/masquenoticias.mx\/index.php\/tag\/gobierno\/"},"26":{"name":"Indira Vizca\u00edno","link":"https:\/\/masquenoticias.mx\/index.php\/tag\/indira-vizcaino\/"},"63":{"name":"Salud","link":"https:\/\/masquenoticias.mx\/index.php\/tag\/salud\/"}},"comments_number":"0","wpmagazine_modules_lite_featured_media_urls":{"thumbnail":["https:\/\/i0.wp.com\/masquenoticias.mx\/wp-content\/uploads\/2024\/02\/1fc92632-a444-4d67-a980-930d300fc672.jpg?resize=150%2C150&ssl=1",150,150,true],"cvmm-medium":["https:\/\/i0.wp.com\/masquenoticias.mx\/wp-content\/uploads\/2024\/02\/1fc92632-a444-4d67-a980-930d300fc672.jpg?resize=300%2C300&ssl=1",300,300,true],"cvmm-medium-plus":["https:\/\/i0.wp.com\/masquenoticias.mx\/wp-content\/uploads\/2024\/02\/1fc92632-a444-4d67-a980-930d300fc672.jpg?resize=305%2C207&ssl=1",305,207,true],"cvmm-portrait":["https:\/\/i0.wp.com\/masquenoticias.mx\/wp-content\/uploads\/2024\/02\/1fc92632-a444-4d67-a980-930d300fc672.jpg?resize=400%2C600&ssl=1",400,600,true],"cvmm-medium-square":["https:\/\/i0.wp.com\/masquenoticias.mx\/wp-content\/uploads\/2024\/02\/1fc92632-a444-4d67-a980-930d300fc672.jpg?resize=600%2C600&ssl=1",600,600,true],"cvmm-large":["https:\/\/i0.wp.com\/masquenoticias.mx\/wp-content\/uploads\/2024\/02\/1fc92632-a444-4d67-a980-930d300fc672.jpg?resize=1024%2C853&ssl=1",1024,853,true],"cvmm-small":["https:\/\/i0.wp.com\/masquenoticias.mx\/wp-content\/uploads\/2024\/02\/1fc92632-a444-4d67-a980-930d300fc672.jpg?resize=130%2C95&ssl=1",130,95,true],"full":["https:\/\/i0.wp.com\/masquenoticias.mx\/wp-content\/uploads\/2024\/02\/1fc92632-a444-4d67-a980-930d300fc672.jpg?fit=1280%2C853&ssl=1",1280,853,false]},"jetpack-related-posts":[],"jetpack_sharing_enabled":true,"jetpack_likes_enabled":true,"jetpack_shortlink":"https:\/\/wp.me\/pf7pkt-1Tq","_links":{"self":[{"href":"https:\/\/masquenoticias.mx\/index.php\/wp-json\/wp\/v2\/posts\/7280","targetHints":{"allow":["GET"]}}],"collection":[{"href":"https:\/\/masquenoticias.mx\/index.php\/wp-json\/wp\/v2\/posts"}],"about":[{"href":"https:\/\/masquenoticias.mx\/index.php\/wp-json\/wp\/v2\/types\/post"}],"author":[{"embeddable":true,"href":"https:\/\/masquenoticias.mx\/index.php\/wp-json\/wp\/v2\/users\/2"}],"replies":[{"embeddable":true,"href":"https:\/\/masquenoticias.mx\/index.php\/wp-json\/wp\/v2\/comments?post=7280"}],"version-history":[{"count":0,"href":"https:\/\/masquenoticias.mx\/index.php\/wp-json\/wp\/v2\/posts\/7280\/revisions"}],"wp:featuredmedia":[{"embeddable":true,"href":"https:\/\/masquenoticias.mx\/index.php\/wp-json\/wp\/v2\/media\/7281"}],"wp:attachment":[{"href":"https:\/\/masquenoticias.mx\/index.php\/wp-json\/wp\/v2\/media?parent=7280"}],"wp:term":[{"taxonomy":"category","embeddable":true,"href":"https:\/\/masquenoticias.mx\/index.php\/wp-json\/wp\/v2\/categories?post=7280"},{"taxonomy":"post_tag","embeddable":true,"href":"https:\/\/masquenoticias.mx\/index.php\/wp-json\/wp\/v2\/tags?post=7280"}],"curies":[{"name":"wp","href":"https:\/\/api.w.org\/{rel}","templated":true}]}}