{"id":6901,"date":"2024-02-16T16:24:03","date_gmt":"2024-02-16T22:24:03","guid":{"rendered":"https:\/\/masquenoticias.mx\/?p=6901"},"modified":"2024-02-16T16:24:03","modified_gmt":"2024-02-16T22:24:03","slug":"subseder-instalara-modulos-de-herrajes-y-marcas-de-propiedad-en-cabeceras-municipales-y-comunidades-del-estado-de-colima","status":"publish","type":"post","link":"https:\/\/masquenoticias.mx\/index.php\/2024\/02\/16\/subseder-instalara-modulos-de-herrajes-y-marcas-de-propiedad-en-cabeceras-municipales-y-comunidades-del-estado-de-colima\/","title":{"rendered":"Subseder instalar\u00e1 M\u00f3dulos de Herrajes y Marcas de Propiedad en cabeceras municipales y comunidades del Estado de Colima"},"content":{"rendered":"<p>En atenci\u00f3n a peticiones del sector ganadero del estado, la Subsecretar\u00eda de Desarrollo Rural (Subseder) del Gobierno del Estado de Colima, a trav\u00e9s de la Direcci\u00f3n de Agroecolog\u00eda y Soberan\u00eda Alimentaria, llevar\u00e1 a las cabeceras municipales y comunidades rurales de toda la entidad, el M\u00f3dulo de Herrajes y Marcas de Propiedad.<\/p>\n<p>El objetivo de instalar m\u00f3dulos itinerantes durante el a\u00f1o, es acercar los servicios a los ganaderos, as\u00ed como el traslado a las oficinas administrativas de la dependencia estatal, evit\u00e1ndoles los gastos que les significa desplazarse a la capital del estado.<\/p>\n<p>A trav\u00e9s de los M\u00f3dulos de Herrajes y Marcas de Propiedad, el Departamento de Ganader\u00eda ofrecer\u00e1 los servicios de renovaci\u00f3n de patente ganadera, cambio de titular de patente, nombramiento de personas beneficiarias y expedici\u00f3n de nuevas patentes.<\/p>\n<p>De acuerdo con el calendario establecido, los servicios del M\u00f3dulo de Herrajes y Marcas de Propiedad, se instalar\u00e1n el martes 20 de febrero, en la Asociaci\u00f3n Ganadera Local de Cofrad\u00eda de Ju\u00e1rez, el jueves 22 de este mes, en la Asociaci\u00f3n Ganadera local de Minatitl\u00e1n, el viernes 23 de febrero, en la asociaci\u00f3n Ganadera local de Camotl\u00e1n de Miraflores y el martes 27 del mes en curso, en la Asociaci\u00f3n Ganadera local de Ixtlahuac\u00e1n, todos los m\u00f3dulos con un horario de servicio de las 10 a las 15 horas.<\/p>\n<p>Cabe destacar que cada lunes, el M\u00f3dulo de Herrajes y Marcas de Propiedad lleva sus servicios al municipio de Manzanillo, en las oficinas administrativas del Gobierno del Estado.<\/p>\n<p>Asimismo, la Subsecretar\u00eda de Desarrollo Rural tiene contemplado programar durante los pr\u00f3ximos meses, la instalaci\u00f3n de dichos m\u00f3dulos en las dem\u00e1s cabeceras municipales y comunidades rurales de la entidad.<\/p>\n<div class=\"tiled-gallery type-rectangular tiled-gallery-unresized\" data-original-width=\"640\" data-carousel-extra='null' itemscope itemtype=\"http:\/\/schema.org\/ImageGallery\" > <div class=\"gallery-row\" style=\"width: 640px; height: 200px;\" data-original-width=\"640\" data-original-height=\"200\" > <div class=\"gallery-group images-1\" style=\"width: 323px; height: 200px;\" data-original-width=\"323\" data-original-height=\"200\" > <div class=\"tiled-gallery-item tiled-gallery-item-large\" itemprop=\"associatedMedia\" itemscope itemtype=\"http:\/\/schema.org\/ImageObject\"> <a href=\"https:\/\/masquenoticias.mx\/index.php\/2024\/02\/16\/subseder-instalara-modulos-de-herrajes-y-marcas-de-propiedad-en-cabeceras-municipales-y-comunidades-del-estado-de-colima\/img-20240216-wa0101\/\" border=\"0\" itemprop=\"url\"> <meta itemprop=\"width\" content=\"319\"> <meta itemprop=\"height\" content=\"196\"> <img loading=\"lazy\" decoding=\"async\" class=\"\" data-attachment-id=\"6903\" data-orig-file=\"https:\/\/masquenoticias.mx\/wp-content\/uploads\/2024\/02\/IMG-20240216-WA0101-jpg.webp\" data-orig-size=\"1600,983\" data-comments-opened=\"1\" data-image-meta=\"{&quot;aperture&quot;:&quot;0&quot;,&quot;credit&quot;:&quot;&quot;,&quot;camera&quot;:&quot;&quot;,&quot;caption&quot;:&quot;&quot;,&quot;created_timestamp&quot;:&quot;0&quot;,&quot;copyright&quot;:&quot;&quot;,&quot;focal_length&quot;:&quot;0&quot;,&quot;iso&quot;:&quot;0&quot;,&quot;shutter_speed&quot;:&quot;0&quot;,&quot;title&quot;:&quot;&quot;,&quot;orientation&quot;:&quot;0&quot;}\" data-image-title=\"IMG-20240216-WA0101\" data-image-description=\"\" data-medium-file=\"https:\/\/i0.wp.com\/masquenoticias.mx\/wp-content\/uploads\/2024\/02\/IMG-20240216-WA0101-jpg.webp?fit=300%2C184&#038;ssl=1\" data-large-file=\"https:\/\/i0.wp.com\/masquenoticias.mx\/wp-content\/uploads\/2024\/02\/IMG-20240216-WA0101-jpg.webp?fit=640%2C393&#038;ssl=1\" src=\"https:\/\/i0.wp.com\/masquenoticias.mx\/wp-content\/uploads\/2024\/02\/IMG-20240216-WA0101-jpg.webp?w=319&#038;h=196&#038;ssl=1\" srcset=\"https:\/\/i0.wp.com\/masquenoticias.mx\/wp-content\/uploads\/2024\/02\/IMG-20240216-WA0101-jpg.webp?w=1600&amp;ssl=1 1600w, https:\/\/i0.wp.com\/masquenoticias.mx\/wp-content\/uploads\/2024\/02\/IMG-20240216-WA0101-jpg.webp?resize=300%2C184&amp;ssl=1 300w, https:\/\/i0.wp.com\/masquenoticias.mx\/wp-content\/uploads\/2024\/02\/IMG-20240216-WA0101-jpg.webp?resize=1024%2C629&amp;ssl=1 1024w, https:\/\/i0.wp.com\/masquenoticias.mx\/wp-content\/uploads\/2024\/02\/IMG-20240216-WA0101-jpg.webp?resize=768%2C472&amp;ssl=1 768w, https:\/\/i0.wp.com\/masquenoticias.mx\/wp-content\/uploads\/2024\/02\/IMG-20240216-WA0101-jpg.webp?resize=1536%2C944&amp;ssl=1 1536w, https:\/\/i0.wp.com\/masquenoticias.mx\/wp-content\/uploads\/2024\/02\/IMG-20240216-WA0101-jpg.webp?w=1280&amp;ssl=1 1280w\" width=\"319\" height=\"196\" loading=\"lazy\" data-original-width=\"319\" data-original-height=\"196\" itemprop=\"http:\/\/schema.org\/image\" title=\"IMG-20240216-WA0101\" alt=\"IMG-20240216-WA0101\" style=\"width: 319px; height: 196px;\" \/> <\/a> <\/div> <\/div> <!-- close group --> <div class=\"gallery-group images-1\" style=\"width: 317px; height: 200px;\" data-original-width=\"317\" data-original-height=\"200\" > <div class=\"tiled-gallery-item tiled-gallery-item-large\" itemprop=\"associatedMedia\" itemscope itemtype=\"http:\/\/schema.org\/ImageObject\"> <a href=\"https:\/\/masquenoticias.mx\/index.php\/2024\/02\/16\/subseder-instalara-modulos-de-herrajes-y-marcas-de-propiedad-en-cabeceras-municipales-y-comunidades-del-estado-de-colima\/img-20240216-wa0100\/\" border=\"0\" itemprop=\"url\"> <meta itemprop=\"width\" content=\"313\"> <meta itemprop=\"height\" content=\"196\"> <img loading=\"lazy\" decoding=\"async\" class=\"\" data-attachment-id=\"6902\" data-orig-file=\"https:\/\/masquenoticias.mx\/wp-content\/uploads\/2024\/02\/IMG-20240216-WA0100-jpg.webp\" data-orig-size=\"1600,1005\" data-comments-opened=\"1\" data-image-meta=\"{&quot;aperture&quot;:&quot;0&quot;,&quot;credit&quot;:&quot;&quot;,&quot;camera&quot;:&quot;&quot;,&quot;caption&quot;:&quot;&quot;,&quot;created_timestamp&quot;:&quot;0&quot;,&quot;copyright&quot;:&quot;&quot;,&quot;focal_length&quot;:&quot;0&quot;,&quot;iso&quot;:&quot;0&quot;,&quot;shutter_speed&quot;:&quot;0&quot;,&quot;title&quot;:&quot;&quot;,&quot;orientation&quot;:&quot;0&quot;}\" data-image-title=\"IMG-20240216-WA0100\" data-image-description=\"\" data-medium-file=\"https:\/\/i0.wp.com\/masquenoticias.mx\/wp-content\/uploads\/2024\/02\/IMG-20240216-WA0100-jpg.webp?fit=300%2C188&#038;ssl=1\" data-large-file=\"https:\/\/i0.wp.com\/masquenoticias.mx\/wp-content\/uploads\/2024\/02\/IMG-20240216-WA0100-jpg.webp?fit=640%2C402&#038;ssl=1\" src=\"https:\/\/i0.wp.com\/masquenoticias.mx\/wp-content\/uploads\/2024\/02\/IMG-20240216-WA0100-jpg.webp?w=313&#038;h=196&#038;ssl=1\" srcset=\"https:\/\/i0.wp.com\/masquenoticias.mx\/wp-content\/uploads\/2024\/02\/IMG-20240216-WA0100-jpg.webp?w=1600&amp;ssl=1 1600w, https:\/\/i0.wp.com\/masquenoticias.mx\/wp-content\/uploads\/2024\/02\/IMG-20240216-WA0100-jpg.webp?resize=300%2C188&amp;ssl=1 300w, https:\/\/i0.wp.com\/masquenoticias.mx\/wp-content\/uploads\/2024\/02\/IMG-20240216-WA0100-jpg.webp?resize=1024%2C643&amp;ssl=1 1024w, https:\/\/i0.wp.com\/masquenoticias.mx\/wp-content\/uploads\/2024\/02\/IMG-20240216-WA0100-jpg.webp?resize=768%2C482&amp;ssl=1 768w, https:\/\/i0.wp.com\/masquenoticias.mx\/wp-content\/uploads\/2024\/02\/IMG-20240216-WA0100-jpg.webp?resize=1536%2C965&amp;ssl=1 1536w, https:\/\/i0.wp.com\/masquenoticias.mx\/wp-content\/uploads\/2024\/02\/IMG-20240216-WA0100-jpg.webp?w=1280&amp;ssl=1 1280w\" width=\"313\" height=\"196\" loading=\"lazy\" data-original-width=\"313\" data-original-height=\"196\" itemprop=\"http:\/\/schema.org\/image\" title=\"IMG-20240216-WA0100\" alt=\"IMG-20240216-WA0100\" style=\"width: 313px; height: 196px;\" \/> <\/a> <\/div> <\/div> <!-- close group --> <\/div> <!-- close row --> <\/div>\n","protected":false},"excerpt":{"rendered":"<p>En atenci\u00f3n a peticiones del sector ganadero del estado, la Subsecretar\u00eda de Desarrollo Rural (Subseder) del Gobierno del Estado de Colima, a trav\u00e9s de la Direcci\u00f3n de Agroecolog\u00eda y Soberan\u00eda Alimentaria, llevar\u00e1 a las cabeceras municipales y comunidades rurales de toda la entidad, el M\u00f3dulo de Herrajes y Marcas de Propiedad. El objetivo de instalar [&hellip;]<\/p>\n","protected":false},"author":2,"featured_media":6904,"comment_status":"open","ping_status":"open","sticky":false,"template":"","format":"standard","meta":{"_jetpack_memberships_contains_paid_content":false,"footnotes":""},"categories":[378],"tags":[218],"class_list":["post-6901","post","type-post","status-publish","format-standard","has-post-thumbnail","hentry","category-subseder","tag-subseder"],"yoast_head":"<!-- This site is optimized with the Yoast SEO plugin v26.6 - https:\/\/yoast.com\/wordpress\/plugins\/seo\/ -->\n<title>Subseder instalar\u00e1 M\u00f3dulos de Herrajes y Marcas de Propiedad en cabeceras municipales y comunidades del Estado de Colima - M\u00e1s Que Noticias<\/title>\n<meta name=\"robots\" content=\"index, follow, max-snippet:-1, max-image-preview:large, max-video-preview:-1\" \/>\n<link rel=\"canonical\" href=\"https:\/\/masquenoticias.mx\/index.php\/2024\/02\/16\/subseder-instalara-modulos-de-herrajes-y-marcas-de-propiedad-en-cabeceras-municipales-y-comunidades-del-estado-de-colima\/\" \/>\n<meta property=\"og:locale\" content=\"es_MX\" \/>\n<meta property=\"og:type\" content=\"article\" \/>\n<meta property=\"og:title\" content=\"Subseder instalar\u00e1 M\u00f3dulos de Herrajes y Marcas de Propiedad en cabeceras municipales y comunidades del Estado de Colima - M\u00e1s Que Noticias\" \/>\n<meta property=\"og:description\" content=\"En atenci\u00f3n a peticiones del sector ganadero del estado, la Subsecretar\u00eda de Desarrollo Rural (Subseder) del Gobierno del Estado de Colima, a trav\u00e9s de la Direcci\u00f3n de Agroecolog\u00eda y Soberan\u00eda Alimentaria, llevar\u00e1 a las cabeceras municipales y comunidades rurales de toda la entidad, el M\u00f3dulo de Herrajes y Marcas de Propiedad. El objetivo de instalar [&hellip;]\" \/>\n<meta property=\"og:url\" content=\"https:\/\/masquenoticias.mx\/index.php\/2024\/02\/16\/subseder-instalara-modulos-de-herrajes-y-marcas-de-propiedad-en-cabeceras-municipales-y-comunidades-del-estado-de-colima\/\" \/>\n<meta property=\"og:site_name\" content=\"M\u00e1s Que Noticias\" \/>\n<meta property=\"article:publisher\" content=\"https:\/\/www.facebook.com\/masquenoticiascolima\" \/>\n<meta property=\"article:published_time\" content=\"2024-02-16T22:24:03+00:00\" \/>\n<meta property=\"og:image\" content=\"https:\/\/i0.wp.com\/masquenoticias.mx\/wp-content\/uploads\/2024\/02\/IMG-20240216-WA0102-jpg.webp?fit=1600%2C828&ssl=1\" \/>\n\t<meta property=\"og:image:width\" content=\"1600\" \/>\n\t<meta property=\"og:image:height\" content=\"828\" \/>\n\t<meta property=\"og:image:type\" content=\"image\/jpeg\" \/>\n<meta name=\"author\" content=\"Redacci\u00f3n\" \/>\n<meta name=\"twitter:card\" content=\"summary_large_image\" \/>\n<meta name=\"twitter:creator\" content=\"@edgartove\" \/>\n<meta name=\"twitter:site\" content=\"@edgartove\" \/>\n<meta name=\"twitter:label1\" content=\"Escrito por\" \/>\n\t<meta name=\"twitter:data1\" content=\"Redacci\u00f3n\" \/>\n\t<meta name=\"twitter:label2\" content=\"Tiempo de lectura\" \/>\n\t<meta name=\"twitter:data2\" content=\"2 minutos\" \/>\n<script type=\"application\/ld+json\" class=\"yoast-schema-graph\">{\"@context\":\"https:\/\/schema.org\",\"@graph\":[{\"@type\":\"Article\",\"@id\":\"https:\/\/masquenoticias.mx\/index.php\/2024\/02\/16\/subseder-instalara-modulos-de-herrajes-y-marcas-de-propiedad-en-cabeceras-municipales-y-comunidades-del-estado-de-colima\/#article\",\"isPartOf\":{\"@id\":\"https:\/\/masquenoticias.mx\/index.php\/2024\/02\/16\/subseder-instalara-modulos-de-herrajes-y-marcas-de-propiedad-en-cabeceras-municipales-y-comunidades-del-estado-de-colima\/\"},\"author\":{\"name\":\"Redacci\u00f3n\",\"@id\":\"https:\/\/masquenoticias.mx\/#\/schema\/person\/6229637729ad377d24e2154e3b30720b\"},\"headline\":\"Subseder instalar\u00e1 M\u00f3dulos de Herrajes y Marcas de Propiedad en cabeceras municipales y comunidades del Estado de Colima\",\"datePublished\":\"2024-02-16T22:24:03+00:00\",\"mainEntityOfPage\":{\"@id\":\"https:\/\/masquenoticias.mx\/index.php\/2024\/02\/16\/subseder-instalara-modulos-de-herrajes-y-marcas-de-propiedad-en-cabeceras-municipales-y-comunidades-del-estado-de-colima\/\"},\"wordCount\":326,\"commentCount\":0,\"publisher\":{\"@id\":\"https:\/\/masquenoticias.mx\/#organization\"},\"image\":{\"@id\":\"https:\/\/masquenoticias.mx\/index.php\/2024\/02\/16\/subseder-instalara-modulos-de-herrajes-y-marcas-de-propiedad-en-cabeceras-municipales-y-comunidades-del-estado-de-colima\/#primaryimage\"},\"thumbnailUrl\":\"https:\/\/i0.wp.com\/masquenoticias.mx\/wp-content\/uploads\/2024\/02\/IMG-20240216-WA0102-jpg.webp?fit=1600%2C828&ssl=1\",\"keywords\":[\"Subseder\"],\"articleSection\":[\"Subseder\"],\"inLanguage\":\"es\",\"potentialAction\":[{\"@type\":\"CommentAction\",\"name\":\"Comment\",\"target\":[\"https:\/\/masquenoticias.mx\/index.php\/2024\/02\/16\/subseder-instalara-modulos-de-herrajes-y-marcas-de-propiedad-en-cabeceras-municipales-y-comunidades-del-estado-de-colima\/#respond\"]}]},{\"@type\":\"WebPage\",\"@id\":\"https:\/\/masquenoticias.mx\/index.php\/2024\/02\/16\/subseder-instalara-modulos-de-herrajes-y-marcas-de-propiedad-en-cabeceras-municipales-y-comunidades-del-estado-de-colima\/\",\"url\":\"https:\/\/masquenoticias.mx\/index.php\/2024\/02\/16\/subseder-instalara-modulos-de-herrajes-y-marcas-de-propiedad-en-cabeceras-municipales-y-comunidades-del-estado-de-colima\/\",\"name\":\"Subseder instalar\u00e1 M\u00f3dulos de Herrajes y Marcas de Propiedad en cabeceras municipales y comunidades del Estado de Colima - M\u00e1s Que Noticias\",\"isPartOf\":{\"@id\":\"https:\/\/masquenoticias.mx\/#website\"},\"primaryImageOfPage\":{\"@id\":\"https:\/\/masquenoticias.mx\/index.php\/2024\/02\/16\/subseder-instalara-modulos-de-herrajes-y-marcas-de-propiedad-en-cabeceras-municipales-y-comunidades-del-estado-de-colima\/#primaryimage\"},\"image\":{\"@id\":\"https:\/\/masquenoticias.mx\/index.php\/2024\/02\/16\/subseder-instalara-modulos-de-herrajes-y-marcas-de-propiedad-en-cabeceras-municipales-y-comunidades-del-estado-de-colima\/#primaryimage\"},\"thumbnailUrl\":\"https:\/\/i0.wp.com\/masquenoticias.mx\/wp-content\/uploads\/2024\/02\/IMG-20240216-WA0102-jpg.webp?fit=1600%2C828&ssl=1\",\"datePublished\":\"2024-02-16T22:24:03+00:00\",\"breadcrumb\":{\"@id\":\"https:\/\/masquenoticias.mx\/index.php\/2024\/02\/16\/subseder-instalara-modulos-de-herrajes-y-marcas-de-propiedad-en-cabeceras-municipales-y-comunidades-del-estado-de-colima\/#breadcrumb\"},\"inLanguage\":\"es\",\"potentialAction\":[{\"@type\":\"ReadAction\",\"target\":[\"https:\/\/masquenoticias.mx\/index.php\/2024\/02\/16\/subseder-instalara-modulos-de-herrajes-y-marcas-de-propiedad-en-cabeceras-municipales-y-comunidades-del-estado-de-colima\/\"]}]},{\"@type\":\"ImageObject\",\"inLanguage\":\"es\",\"@id\":\"https:\/\/masquenoticias.mx\/index.php\/2024\/02\/16\/subseder-instalara-modulos-de-herrajes-y-marcas-de-propiedad-en-cabeceras-municipales-y-comunidades-del-estado-de-colima\/#primaryimage\",\"url\":\"https:\/\/i0.wp.com\/masquenoticias.mx\/wp-content\/uploads\/2024\/02\/IMG-20240216-WA0102-jpg.webp?fit=1600%2C828&ssl=1\",\"contentUrl\":\"https:\/\/i0.wp.com\/masquenoticias.mx\/wp-content\/uploads\/2024\/02\/IMG-20240216-WA0102-jpg.webp?fit=1600%2C828&ssl=1\",\"width\":1600,\"height\":828},{\"@type\":\"BreadcrumbList\",\"@id\":\"https:\/\/masquenoticias.mx\/index.php\/2024\/02\/16\/subseder-instalara-modulos-de-herrajes-y-marcas-de-propiedad-en-cabeceras-municipales-y-comunidades-del-estado-de-colima\/#breadcrumb\",\"itemListElement\":[{\"@type\":\"ListItem\",\"position\":1,\"name\":\"Inicio\",\"item\":\"https:\/\/masquenoticias.mx\/\"},{\"@type\":\"ListItem\",\"position\":2,\"name\":\"Subseder instalar\u00e1 M\u00f3dulos de Herrajes y Marcas de Propiedad en cabeceras municipales y comunidades del Estado de Colima\"}]},{\"@type\":\"WebSite\",\"@id\":\"https:\/\/masquenoticias.mx\/#website\",\"url\":\"https:\/\/masquenoticias.mx\/\",\"name\":\"M\u00e1s Que Noticias\",\"description\":\"Noticias de Colima, M\u00e9xico y el Mundo\",\"publisher\":{\"@id\":\"https:\/\/masquenoticias.mx\/#organization\"},\"potentialAction\":[{\"@type\":\"SearchAction\",\"target\":{\"@type\":\"EntryPoint\",\"urlTemplate\":\"https:\/\/masquenoticias.mx\/?s={search_term_string}\"},\"query-input\":{\"@type\":\"PropertyValueSpecification\",\"valueRequired\":true,\"valueName\":\"search_term_string\"}}],\"inLanguage\":\"es\"},{\"@type\":\"Organization\",\"@id\":\"https:\/\/masquenoticias.mx\/#organization\",\"name\":\"M\u00e1s Que Noticias\",\"url\":\"https:\/\/masquenoticias.mx\/\",\"logo\":{\"@type\":\"ImageObject\",\"inLanguage\":\"es\",\"@id\":\"https:\/\/masquenoticias.mx\/#\/schema\/logo\/image\/\",\"url\":\"https:\/\/i0.wp.com\/masquenoticias.mx\/wp-content\/uploads\/2024\/04\/IMG_0004.png?fit=2560%2C1656&ssl=1\",\"contentUrl\":\"https:\/\/i0.wp.com\/masquenoticias.mx\/wp-content\/uploads\/2024\/04\/IMG_0004.png?fit=2560%2C1656&ssl=1\",\"width\":2560,\"height\":1656,\"caption\":\"M\u00e1s Que Noticias\"},\"image\":{\"@id\":\"https:\/\/masquenoticias.mx\/#\/schema\/logo\/image\/\"},\"sameAs\":[\"https:\/\/www.facebook.com\/masquenoticiascolima\",\"https:\/\/x.com\/edgartove\",\"https:\/\/www.instagram.com\/masquenoticiascolima\/\"]},{\"@type\":\"Person\",\"@id\":\"https:\/\/masquenoticias.mx\/#\/schema\/person\/6229637729ad377d24e2154e3b30720b\",\"name\":\"Redacci\u00f3n\",\"image\":{\"@type\":\"ImageObject\",\"inLanguage\":\"es\",\"@id\":\"https:\/\/masquenoticias.mx\/#\/schema\/person\/image\/\",\"url\":\"https:\/\/secure.gravatar.com\/avatar\/73899f6b3a3034eb6f719669835ca3a4?s=96&d=mm&r=g\",\"contentUrl\":\"https:\/\/secure.gravatar.com\/avatar\/73899f6b3a3034eb6f719669835ca3a4?s=96&d=mm&r=g\",\"caption\":\"Redacci\u00f3n\"},\"url\":\"https:\/\/masquenoticias.mx\/index.php\/author\/bunburytorresgmail-com\/\"}]}<\/script>\n<!-- \/ Yoast SEO plugin. -->","yoast_head_json":{"title":"Subseder instalar\u00e1 M\u00f3dulos de Herrajes y Marcas de Propiedad en cabeceras municipales y comunidades del Estado de Colima - M\u00e1s Que Noticias","robots":{"index":"index","follow":"follow","max-snippet":"max-snippet:-1","max-image-preview":"max-image-preview:large","max-video-preview":"max-video-preview:-1"},"canonical":"https:\/\/masquenoticias.mx\/index.php\/2024\/02\/16\/subseder-instalara-modulos-de-herrajes-y-marcas-de-propiedad-en-cabeceras-municipales-y-comunidades-del-estado-de-colima\/","og_locale":"es_MX","og_type":"article","og_title":"Subseder instalar\u00e1 M\u00f3dulos de Herrajes y Marcas de Propiedad en cabeceras municipales y comunidades del Estado de Colima - M\u00e1s Que Noticias","og_description":"En atenci\u00f3n a peticiones del sector ganadero del estado, la Subsecretar\u00eda de Desarrollo Rural (Subseder) del Gobierno del Estado de Colima, a trav\u00e9s de la Direcci\u00f3n de Agroecolog\u00eda y Soberan\u00eda Alimentaria, llevar\u00e1 a las cabeceras municipales y comunidades rurales de toda la entidad, el M\u00f3dulo de Herrajes y Marcas de Propiedad. El objetivo de instalar [&hellip;]","og_url":"https:\/\/masquenoticias.mx\/index.php\/2024\/02\/16\/subseder-instalara-modulos-de-herrajes-y-marcas-de-propiedad-en-cabeceras-municipales-y-comunidades-del-estado-de-colima\/","og_site_name":"M\u00e1s Que Noticias","article_publisher":"https:\/\/www.facebook.com\/masquenoticiascolima","article_published_time":"2024-02-16T22:24:03+00:00","og_image":[{"width":1600,"height":828,"url":"https:\/\/i0.wp.com\/masquenoticias.mx\/wp-content\/uploads\/2024\/02\/IMG-20240216-WA0102-jpg.webp?fit=1600%2C828&ssl=1","type":"image\/jpeg"}],"author":"Redacci\u00f3n","twitter_card":"summary_large_image","twitter_creator":"@edgartove","twitter_site":"@edgartove","twitter_misc":{"Escrito por":"Redacci\u00f3n","Tiempo de lectura":"2 minutos"},"schema":{"@context":"https:\/\/schema.org","@graph":[{"@type":"Article","@id":"https:\/\/masquenoticias.mx\/index.php\/2024\/02\/16\/subseder-instalara-modulos-de-herrajes-y-marcas-de-propiedad-en-cabeceras-municipales-y-comunidades-del-estado-de-colima\/#article","isPartOf":{"@id":"https:\/\/masquenoticias.mx\/index.php\/2024\/02\/16\/subseder-instalara-modulos-de-herrajes-y-marcas-de-propiedad-en-cabeceras-municipales-y-comunidades-del-estado-de-colima\/"},"author":{"name":"Redacci\u00f3n","@id":"https:\/\/masquenoticias.mx\/#\/schema\/person\/6229637729ad377d24e2154e3b30720b"},"headline":"Subseder instalar\u00e1 M\u00f3dulos de Herrajes y Marcas de Propiedad en cabeceras municipales y comunidades del Estado de Colima","datePublished":"2024-02-16T22:24:03+00:00","mainEntityOfPage":{"@id":"https:\/\/masquenoticias.mx\/index.php\/2024\/02\/16\/subseder-instalara-modulos-de-herrajes-y-marcas-de-propiedad-en-cabeceras-municipales-y-comunidades-del-estado-de-colima\/"},"wordCount":326,"commentCount":0,"publisher":{"@id":"https:\/\/masquenoticias.mx\/#organization"},"image":{"@id":"https:\/\/masquenoticias.mx\/index.php\/2024\/02\/16\/subseder-instalara-modulos-de-herrajes-y-marcas-de-propiedad-en-cabeceras-municipales-y-comunidades-del-estado-de-colima\/#primaryimage"},"thumbnailUrl":"https:\/\/i0.wp.com\/masquenoticias.mx\/wp-content\/uploads\/2024\/02\/IMG-20240216-WA0102-jpg.webp?fit=1600%2C828&ssl=1","keywords":["Subseder"],"articleSection":["Subseder"],"inLanguage":"es","potentialAction":[{"@type":"CommentAction","name":"Comment","target":["https:\/\/masquenoticias.mx\/index.php\/2024\/02\/16\/subseder-instalara-modulos-de-herrajes-y-marcas-de-propiedad-en-cabeceras-municipales-y-comunidades-del-estado-de-colima\/#respond"]}]},{"@type":"WebPage","@id":"https:\/\/masquenoticias.mx\/index.php\/2024\/02\/16\/subseder-instalara-modulos-de-herrajes-y-marcas-de-propiedad-en-cabeceras-municipales-y-comunidades-del-estado-de-colima\/","url":"https:\/\/masquenoticias.mx\/index.php\/2024\/02\/16\/subseder-instalara-modulos-de-herrajes-y-marcas-de-propiedad-en-cabeceras-municipales-y-comunidades-del-estado-de-colima\/","name":"Subseder instalar\u00e1 M\u00f3dulos de Herrajes y Marcas de Propiedad en cabeceras municipales y comunidades del Estado de Colima - M\u00e1s Que Noticias","isPartOf":{"@id":"https:\/\/masquenoticias.mx\/#website"},"primaryImageOfPage":{"@id":"https:\/\/masquenoticias.mx\/index.php\/2024\/02\/16\/subseder-instalara-modulos-de-herrajes-y-marcas-de-propiedad-en-cabeceras-municipales-y-comunidades-del-estado-de-colima\/#primaryimage"},"image":{"@id":"https:\/\/masquenoticias.mx\/index.php\/2024\/02\/16\/subseder-instalara-modulos-de-herrajes-y-marcas-de-propiedad-en-cabeceras-municipales-y-comunidades-del-estado-de-colima\/#primaryimage"},"thumbnailUrl":"https:\/\/i0.wp.com\/masquenoticias.mx\/wp-content\/uploads\/2024\/02\/IMG-20240216-WA0102-jpg.webp?fit=1600%2C828&ssl=1","datePublished":"2024-02-16T22:24:03+00:00","breadcrumb":{"@id":"https:\/\/masquenoticias.mx\/index.php\/2024\/02\/16\/subseder-instalara-modulos-de-herrajes-y-marcas-de-propiedad-en-cabeceras-municipales-y-comunidades-del-estado-de-colima\/#breadcrumb"},"inLanguage":"es","potentialAction":[{"@type":"ReadAction","target":["https:\/\/masquenoticias.mx\/index.php\/2024\/02\/16\/subseder-instalara-modulos-de-herrajes-y-marcas-de-propiedad-en-cabeceras-municipales-y-comunidades-del-estado-de-colima\/"]}]},{"@type":"ImageObject","inLanguage":"es","@id":"https:\/\/masquenoticias.mx\/index.php\/2024\/02\/16\/subseder-instalara-modulos-de-herrajes-y-marcas-de-propiedad-en-cabeceras-municipales-y-comunidades-del-estado-de-colima\/#primaryimage","url":"https:\/\/i0.wp.com\/masquenoticias.mx\/wp-content\/uploads\/2024\/02\/IMG-20240216-WA0102-jpg.webp?fit=1600%2C828&ssl=1","contentUrl":"https:\/\/i0.wp.com\/masquenoticias.mx\/wp-content\/uploads\/2024\/02\/IMG-20240216-WA0102-jpg.webp?fit=1600%2C828&ssl=1","width":1600,"height":828},{"@type":"BreadcrumbList","@id":"https:\/\/masquenoticias.mx\/index.php\/2024\/02\/16\/subseder-instalara-modulos-de-herrajes-y-marcas-de-propiedad-en-cabeceras-municipales-y-comunidades-del-estado-de-colima\/#breadcrumb","itemListElement":[{"@type":"ListItem","position":1,"name":"Inicio","item":"https:\/\/masquenoticias.mx\/"},{"@type":"ListItem","position":2,"name":"Subseder instalar\u00e1 M\u00f3dulos de Herrajes y Marcas de Propiedad en cabeceras municipales y comunidades del Estado de Colima"}]},{"@type":"WebSite","@id":"https:\/\/masquenoticias.mx\/#website","url":"https:\/\/masquenoticias.mx\/","name":"M\u00e1s Que Noticias","description":"Noticias de Colima, M\u00e9xico y el Mundo","publisher":{"@id":"https:\/\/masquenoticias.mx\/#organization"},"potentialAction":[{"@type":"SearchAction","target":{"@type":"EntryPoint","urlTemplate":"https:\/\/masquenoticias.mx\/?s={search_term_string}"},"query-input":{"@type":"PropertyValueSpecification","valueRequired":true,"valueName":"search_term_string"}}],"inLanguage":"es"},{"@type":"Organization","@id":"https:\/\/masquenoticias.mx\/#organization","name":"M\u00e1s Que Noticias","url":"https:\/\/masquenoticias.mx\/","logo":{"@type":"ImageObject","inLanguage":"es","@id":"https:\/\/masquenoticias.mx\/#\/schema\/logo\/image\/","url":"https:\/\/i0.wp.com\/masquenoticias.mx\/wp-content\/uploads\/2024\/04\/IMG_0004.png?fit=2560%2C1656&ssl=1","contentUrl":"https:\/\/i0.wp.com\/masquenoticias.mx\/wp-content\/uploads\/2024\/04\/IMG_0004.png?fit=2560%2C1656&ssl=1","width":2560,"height":1656,"caption":"M\u00e1s Que Noticias"},"image":{"@id":"https:\/\/masquenoticias.mx\/#\/schema\/logo\/image\/"},"sameAs":["https:\/\/www.facebook.com\/masquenoticiascolima","https:\/\/x.com\/edgartove","https:\/\/www.instagram.com\/masquenoticiascolima\/"]},{"@type":"Person","@id":"https:\/\/masquenoticias.mx\/#\/schema\/person\/6229637729ad377d24e2154e3b30720b","name":"Redacci\u00f3n","image":{"@type":"ImageObject","inLanguage":"es","@id":"https:\/\/masquenoticias.mx\/#\/schema\/person\/image\/","url":"https:\/\/secure.gravatar.com\/avatar\/73899f6b3a3034eb6f719669835ca3a4?s=96&d=mm&r=g","contentUrl":"https:\/\/secure.gravatar.com\/avatar\/73899f6b3a3034eb6f719669835ca3a4?s=96&d=mm&r=g","caption":"Redacci\u00f3n"},"url":"https:\/\/masquenoticias.mx\/index.php\/author\/bunburytorresgmail-com\/"}]}},"jetpack_featured_media_url":"https:\/\/i0.wp.com\/masquenoticias.mx\/wp-content\/uploads\/2024\/02\/IMG-20240216-WA0102-jpg.webp?fit=1600%2C828&ssl=1","blog_post_layout_featured_media_urls":{"thumbnail":["https:\/\/i0.wp.com\/masquenoticias.mx\/wp-content\/uploads\/2024\/02\/IMG-20240216-WA0102-jpg.webp?resize=150%2C150&ssl=1",150,150,true],"full":["https:\/\/i0.wp.com\/masquenoticias.mx\/wp-content\/uploads\/2024\/02\/IMG-20240216-WA0102-jpg.webp?fit=1600%2C828&ssl=1",1600,828,false]},"categories_names":{"378":{"name":"Subseder","link":"https:\/\/masquenoticias.mx\/index.php\/category\/estado\/subseder\/"}},"tags_names":{"218":{"name":"Subseder","link":"https:\/\/masquenoticias.mx\/index.php\/tag\/subseder\/"}},"comments_number":"0","wpmagazine_modules_lite_featured_media_urls":{"thumbnail":["https:\/\/i0.wp.com\/masquenoticias.mx\/wp-content\/uploads\/2024\/02\/IMG-20240216-WA0102-jpg.webp?resize=150%2C150&ssl=1",150,150,true],"cvmm-medium":["https:\/\/i0.wp.com\/masquenoticias.mx\/wp-content\/uploads\/2024\/02\/IMG-20240216-WA0102-jpg.webp?resize=300%2C300&ssl=1",300,300,true],"cvmm-medium-plus":["https:\/\/i0.wp.com\/masquenoticias.mx\/wp-content\/uploads\/2024\/02\/IMG-20240216-WA0102-jpg.webp?resize=305%2C207&ssl=1",305,207,true],"cvmm-portrait":["https:\/\/i0.wp.com\/masquenoticias.mx\/wp-content\/uploads\/2024\/02\/IMG-20240216-WA0102-jpg.webp?resize=400%2C600&ssl=1",400,600,true],"cvmm-medium-square":["https:\/\/i0.wp.com\/masquenoticias.mx\/wp-content\/uploads\/2024\/02\/IMG-20240216-WA0102-jpg.webp?resize=600%2C600&ssl=1",600,600,true],"cvmm-large":["https:\/\/i0.wp.com\/masquenoticias.mx\/wp-content\/uploads\/2024\/02\/IMG-20240216-WA0102-jpg.webp?resize=1024%2C828&ssl=1",1024,828,true],"cvmm-small":["https:\/\/i0.wp.com\/masquenoticias.mx\/wp-content\/uploads\/2024\/02\/IMG-20240216-WA0102-jpg.webp?resize=130%2C95&ssl=1",130,95,true],"full":["https:\/\/i0.wp.com\/masquenoticias.mx\/wp-content\/uploads\/2024\/02\/IMG-20240216-WA0102-jpg.webp?fit=1600%2C828&ssl=1",1600,828,false]},"jetpack-related-posts":[],"jetpack_sharing_enabled":true,"jetpack_likes_enabled":true,"jetpack_shortlink":"https:\/\/wp.me\/pf7pkt-1Nj","_links":{"self":[{"href":"https:\/\/masquenoticias.mx\/index.php\/wp-json\/wp\/v2\/posts\/6901","targetHints":{"allow":["GET"]}}],"collection":[{"href":"https:\/\/masquenoticias.mx\/index.php\/wp-json\/wp\/v2\/posts"}],"about":[{"href":"https:\/\/masquenoticias.mx\/index.php\/wp-json\/wp\/v2\/types\/post"}],"author":[{"embeddable":true,"href":"https:\/\/masquenoticias.mx\/index.php\/wp-json\/wp\/v2\/users\/2"}],"replies":[{"embeddable":true,"href":"https:\/\/masquenoticias.mx\/index.php\/wp-json\/wp\/v2\/comments?post=6901"}],"version-history":[{"count":0,"href":"https:\/\/masquenoticias.mx\/index.php\/wp-json\/wp\/v2\/posts\/6901\/revisions"}],"wp:featuredmedia":[{"embeddable":true,"href":"https:\/\/masquenoticias.mx\/index.php\/wp-json\/wp\/v2\/media\/6904"}],"wp:attachment":[{"href":"https:\/\/masquenoticias.mx\/index.php\/wp-json\/wp\/v2\/media?parent=6901"}],"wp:term":[{"taxonomy":"category","embeddable":true,"href":"https:\/\/masquenoticias.mx\/index.php\/wp-json\/wp\/v2\/categories?post=6901"},{"taxonomy":"post_tag","embeddable":true,"href":"https:\/\/masquenoticias.mx\/index.php\/wp-json\/wp\/v2\/tags?post=6901"}],"curies":[{"name":"wp","href":"https:\/\/api.w.org\/{rel}","templated":true}]}}