{"id":669,"date":"2023-03-27T20:06:49","date_gmt":"2023-03-28T02:06:49","guid":{"rendered":"https:\/\/masquenoticias.mx\/?p=669"},"modified":"2023-03-27T20:06:49","modified_gmt":"2023-03-28T02:06:49","slug":"secretaria-de-seguridad-publica-capacita-a-personal-en-visibilidad-transgenero","status":"publish","type":"post","link":"https:\/\/masquenoticias.mx\/index.php\/2023\/03\/27\/secretaria-de-seguridad-publica-capacita-a-personal-en-visibilidad-transgenero\/","title":{"rendered":"Secretar\u00eda de Seguridad P\u00fablica capacita a personal, en visibilidad transg\u00e9nero"},"content":{"rendered":"<p>En el marco del D\u00eda Internacional de la Visibilidad Transg\u00e9nero, la Secretar\u00eda de Seguridad P\u00fablica (SSP) del Gobierno del Estado de Colima, dio inicio al programa de capacitaci\u00f3n y sensibilizaci\u00f3n a personal operativo, en materia de visibilidad transg\u00e9nero, con la finalidad de fortalecer la proximidad policial a personas de la diversidad sexual con perspectiva de g\u00e9nero, fundamentado desde el respeto, la inclusi\u00f3n y sensibilizaci\u00f3n.<\/p>\n<p>En esta actividad particip\u00f3 Leah Antonella L\u00f3pez S\u00e1nchez, representante de la mujer transg\u00e9nero del Estado de Colima, en lo que es el comienzo de varias jornadas de capacitaci\u00f3n que se brindar\u00e1n al personal operativo, que ya hab\u00edan sido acordadas con anterioridad. En este evento se tuvo la participaci\u00f3n de la Secretar\u00eda de Bienestar, Inclusi\u00f3n Social y Mujeres que encabeza Dulce Asucena Huerta Araiza, y la Direcci\u00f3n de Atenci\u00f3n a la Diversidad Sexual y de G\u00e9nero; a fin de trabajar de manera conjunta para recuperar la paz en la entidad.<\/p>\n","protected":false},"excerpt":{"rendered":"<p>En el marco del D\u00eda Internacional de la Visibilidad Transg\u00e9nero, la Secretar\u00eda de Seguridad P\u00fablica (SSP) del Gobierno del Estado de Colima, dio inicio al programa de capacitaci\u00f3n y sensibilizaci\u00f3n a personal operativo, en materia de visibilidad transg\u00e9nero, con la finalidad de fortalecer la proximidad policial a personas de la diversidad sexual con perspectiva de [&hellip;]<\/p>\n","protected":false},"author":1,"featured_media":670,"comment_status":"open","ping_status":"open","sticky":false,"template":"","format":"standard","meta":{"_jetpack_memberships_contains_paid_content":false,"footnotes":""},"categories":[24,58],"tags":[],"class_list":["post-669","post","type-post","status-publish","format-standard","has-post-thumbnail","hentry","category-estado","category-seguridad"],"yoast_head":"<!-- This site is optimized with the Yoast SEO plugin v26.6 - https:\/\/yoast.com\/wordpress\/plugins\/seo\/ -->\n<title>Secretar\u00eda de Seguridad P\u00fablica capacita a personal, en visibilidad transg\u00e9nero - M\u00e1s Que Noticias<\/title>\n<meta name=\"robots\" content=\"index, follow, max-snippet:-1, max-image-preview:large, max-video-preview:-1\" \/>\n<link rel=\"canonical\" href=\"https:\/\/masquenoticias.mx\/index.php\/2023\/03\/27\/secretaria-de-seguridad-publica-capacita-a-personal-en-visibilidad-transgenero\/\" \/>\n<meta property=\"og:locale\" content=\"es_MX\" \/>\n<meta property=\"og:type\" content=\"article\" \/>\n<meta property=\"og:title\" content=\"Secretar\u00eda de Seguridad P\u00fablica capacita a personal, en visibilidad transg\u00e9nero - M\u00e1s Que Noticias\" \/>\n<meta property=\"og:description\" content=\"En el marco del D\u00eda Internacional de la Visibilidad Transg\u00e9nero, la Secretar\u00eda de Seguridad P\u00fablica (SSP) del Gobierno del Estado de Colima, dio inicio al programa de capacitaci\u00f3n y sensibilizaci\u00f3n a personal operativo, en materia de visibilidad transg\u00e9nero, con la finalidad de fortalecer la proximidad policial a personas de la diversidad sexual con perspectiva de [&hellip;]\" \/>\n<meta property=\"og:url\" content=\"https:\/\/masquenoticias.mx\/index.php\/2023\/03\/27\/secretaria-de-seguridad-publica-capacita-a-personal-en-visibilidad-transgenero\/\" \/>\n<meta property=\"og:site_name\" content=\"M\u00e1s Que Noticias\" \/>\n<meta property=\"article:publisher\" content=\"https:\/\/www.facebook.com\/masquenoticiascolima\" \/>\n<meta property=\"article:published_time\" content=\"2023-03-28T02:06:49+00:00\" \/>\n<meta property=\"og:image\" content=\"https:\/\/i0.wp.com\/masquenoticias.mx\/wp-content\/uploads\/2023\/03\/WhatsApp-Image-2023-03-27-at-7.54.00-PM.jpeg?fit=1280%2C960&ssl=1\" \/>\n\t<meta property=\"og:image:width\" content=\"1280\" \/>\n\t<meta property=\"og:image:height\" content=\"960\" \/>\n\t<meta property=\"og:image:type\" content=\"image\/jpeg\" \/>\n<meta name=\"author\" content=\"Redacci\u00f3n\" \/>\n<meta name=\"twitter:card\" content=\"summary_large_image\" \/>\n<meta name=\"twitter:creator\" content=\"@edgartove\" \/>\n<meta name=\"twitter:site\" content=\"@edgartove\" \/>\n<meta name=\"twitter:label1\" content=\"Escrito por\" \/>\n\t<meta name=\"twitter:data1\" content=\"Redacci\u00f3n\" \/>\n\t<meta name=\"twitter:label2\" content=\"Tiempo de lectura\" \/>\n\t<meta name=\"twitter:data2\" content=\"1 minuto\" \/>\n<script type=\"application\/ld+json\" class=\"yoast-schema-graph\">{\"@context\":\"https:\/\/schema.org\",\"@graph\":[{\"@type\":\"Article\",\"@id\":\"https:\/\/masquenoticias.mx\/index.php\/2023\/03\/27\/secretaria-de-seguridad-publica-capacita-a-personal-en-visibilidad-transgenero\/#article\",\"isPartOf\":{\"@id\":\"https:\/\/masquenoticias.mx\/index.php\/2023\/03\/27\/secretaria-de-seguridad-publica-capacita-a-personal-en-visibilidad-transgenero\/\"},\"author\":{\"name\":\"Redacci\u00f3n\",\"@id\":\"https:\/\/masquenoticias.mx\/#\/schema\/person\/544d19989ef23d34615f691f7a96e622\"},\"headline\":\"Secretar\u00eda de Seguridad P\u00fablica capacita a personal, en visibilidad transg\u00e9nero\",\"datePublished\":\"2023-03-28T02:06:49+00:00\",\"mainEntityOfPage\":{\"@id\":\"https:\/\/masquenoticias.mx\/index.php\/2023\/03\/27\/secretaria-de-seguridad-publica-capacita-a-personal-en-visibilidad-transgenero\/\"},\"wordCount\":188,\"commentCount\":0,\"publisher\":{\"@id\":\"https:\/\/masquenoticias.mx\/#organization\"},\"image\":{\"@id\":\"https:\/\/masquenoticias.mx\/index.php\/2023\/03\/27\/secretaria-de-seguridad-publica-capacita-a-personal-en-visibilidad-transgenero\/#primaryimage\"},\"thumbnailUrl\":\"https:\/\/i0.wp.com\/masquenoticias.mx\/wp-content\/uploads\/2023\/03\/WhatsApp-Image-2023-03-27-at-7.54.00-PM.jpeg?fit=1280%2C960&ssl=1\",\"articleSection\":[\"Estado\",\"Seguridad\"],\"inLanguage\":\"es\",\"potentialAction\":[{\"@type\":\"CommentAction\",\"name\":\"Comment\",\"target\":[\"https:\/\/masquenoticias.mx\/index.php\/2023\/03\/27\/secretaria-de-seguridad-publica-capacita-a-personal-en-visibilidad-transgenero\/#respond\"]}]},{\"@type\":\"WebPage\",\"@id\":\"https:\/\/masquenoticias.mx\/index.php\/2023\/03\/27\/secretaria-de-seguridad-publica-capacita-a-personal-en-visibilidad-transgenero\/\",\"url\":\"https:\/\/masquenoticias.mx\/index.php\/2023\/03\/27\/secretaria-de-seguridad-publica-capacita-a-personal-en-visibilidad-transgenero\/\",\"name\":\"Secretar\u00eda de Seguridad P\u00fablica capacita a personal, en visibilidad transg\u00e9nero - M\u00e1s Que Noticias\",\"isPartOf\":{\"@id\":\"https:\/\/masquenoticias.mx\/#website\"},\"primaryImageOfPage\":{\"@id\":\"https:\/\/masquenoticias.mx\/index.php\/2023\/03\/27\/secretaria-de-seguridad-publica-capacita-a-personal-en-visibilidad-transgenero\/#primaryimage\"},\"image\":{\"@id\":\"https:\/\/masquenoticias.mx\/index.php\/2023\/03\/27\/secretaria-de-seguridad-publica-capacita-a-personal-en-visibilidad-transgenero\/#primaryimage\"},\"thumbnailUrl\":\"https:\/\/i0.wp.com\/masquenoticias.mx\/wp-content\/uploads\/2023\/03\/WhatsApp-Image-2023-03-27-at-7.54.00-PM.jpeg?fit=1280%2C960&ssl=1\",\"datePublished\":\"2023-03-28T02:06:49+00:00\",\"breadcrumb\":{\"@id\":\"https:\/\/masquenoticias.mx\/index.php\/2023\/03\/27\/secretaria-de-seguridad-publica-capacita-a-personal-en-visibilidad-transgenero\/#breadcrumb\"},\"inLanguage\":\"es\",\"potentialAction\":[{\"@type\":\"ReadAction\",\"target\":[\"https:\/\/masquenoticias.mx\/index.php\/2023\/03\/27\/secretaria-de-seguridad-publica-capacita-a-personal-en-visibilidad-transgenero\/\"]}]},{\"@type\":\"ImageObject\",\"inLanguage\":\"es\",\"@id\":\"https:\/\/masquenoticias.mx\/index.php\/2023\/03\/27\/secretaria-de-seguridad-publica-capacita-a-personal-en-visibilidad-transgenero\/#primaryimage\",\"url\":\"https:\/\/i0.wp.com\/masquenoticias.mx\/wp-content\/uploads\/2023\/03\/WhatsApp-Image-2023-03-27-at-7.54.00-PM.jpeg?fit=1280%2C960&ssl=1\",\"contentUrl\":\"https:\/\/i0.wp.com\/masquenoticias.mx\/wp-content\/uploads\/2023\/03\/WhatsApp-Image-2023-03-27-at-7.54.00-PM.jpeg?fit=1280%2C960&ssl=1\",\"width\":1280,\"height\":960},{\"@type\":\"BreadcrumbList\",\"@id\":\"https:\/\/masquenoticias.mx\/index.php\/2023\/03\/27\/secretaria-de-seguridad-publica-capacita-a-personal-en-visibilidad-transgenero\/#breadcrumb\",\"itemListElement\":[{\"@type\":\"ListItem\",\"position\":1,\"name\":\"Inicio\",\"item\":\"https:\/\/masquenoticias.mx\/\"},{\"@type\":\"ListItem\",\"position\":2,\"name\":\"Secretar\u00eda de Seguridad P\u00fablica capacita a personal, en visibilidad transg\u00e9nero\"}]},{\"@type\":\"WebSite\",\"@id\":\"https:\/\/masquenoticias.mx\/#website\",\"url\":\"https:\/\/masquenoticias.mx\/\",\"name\":\"M\u00e1s Que Noticias\",\"description\":\"Noticias de Colima, M\u00e9xico y el Mundo\",\"publisher\":{\"@id\":\"https:\/\/masquenoticias.mx\/#organization\"},\"potentialAction\":[{\"@type\":\"SearchAction\",\"target\":{\"@type\":\"EntryPoint\",\"urlTemplate\":\"https:\/\/masquenoticias.mx\/?s={search_term_string}\"},\"query-input\":{\"@type\":\"PropertyValueSpecification\",\"valueRequired\":true,\"valueName\":\"search_term_string\"}}],\"inLanguage\":\"es\"},{\"@type\":\"Organization\",\"@id\":\"https:\/\/masquenoticias.mx\/#organization\",\"name\":\"M\u00e1s Que Noticias\",\"url\":\"https:\/\/masquenoticias.mx\/\",\"logo\":{\"@type\":\"ImageObject\",\"inLanguage\":\"es\",\"@id\":\"https:\/\/masquenoticias.mx\/#\/schema\/logo\/image\/\",\"url\":\"https:\/\/i0.wp.com\/masquenoticias.mx\/wp-content\/uploads\/2024\/04\/IMG_0004.png?fit=2560%2C1656&ssl=1\",\"contentUrl\":\"https:\/\/i0.wp.com\/masquenoticias.mx\/wp-content\/uploads\/2024\/04\/IMG_0004.png?fit=2560%2C1656&ssl=1\",\"width\":2560,\"height\":1656,\"caption\":\"M\u00e1s Que Noticias\"},\"image\":{\"@id\":\"https:\/\/masquenoticias.mx\/#\/schema\/logo\/image\/\"},\"sameAs\":[\"https:\/\/www.facebook.com\/masquenoticiascolima\",\"https:\/\/x.com\/edgartove\",\"https:\/\/www.instagram.com\/masquenoticiascolima\/\"]},{\"@type\":\"Person\",\"@id\":\"https:\/\/masquenoticias.mx\/#\/schema\/person\/544d19989ef23d34615f691f7a96e622\",\"name\":\"Redacci\u00f3n\",\"image\":{\"@type\":\"ImageObject\",\"inLanguage\":\"es\",\"@id\":\"https:\/\/masquenoticias.mx\/#\/schema\/person\/image\/\",\"url\":\"https:\/\/secure.gravatar.com\/avatar\/7fcc926d5b058d3f3d52d95b4d05dd58?s=96&d=mm&r=g\",\"contentUrl\":\"https:\/\/secure.gravatar.com\/avatar\/7fcc926d5b058d3f3d52d95b4d05dd58?s=96&d=mm&r=g\",\"caption\":\"Redacci\u00f3n\"},\"sameAs\":[\"http:\/\/masquenoticias.mx\"],\"url\":\"https:\/\/masquenoticias.mx\/index.php\/author\/edgartovegmail-com\/\"}]}<\/script>\n<!-- \/ Yoast SEO plugin. -->","yoast_head_json":{"title":"Secretar\u00eda de Seguridad P\u00fablica capacita a personal, en visibilidad transg\u00e9nero - M\u00e1s Que Noticias","robots":{"index":"index","follow":"follow","max-snippet":"max-snippet:-1","max-image-preview":"max-image-preview:large","max-video-preview":"max-video-preview:-1"},"canonical":"https:\/\/masquenoticias.mx\/index.php\/2023\/03\/27\/secretaria-de-seguridad-publica-capacita-a-personal-en-visibilidad-transgenero\/","og_locale":"es_MX","og_type":"article","og_title":"Secretar\u00eda de Seguridad P\u00fablica capacita a personal, en visibilidad transg\u00e9nero - M\u00e1s Que Noticias","og_description":"En el marco del D\u00eda Internacional de la Visibilidad Transg\u00e9nero, la Secretar\u00eda de Seguridad P\u00fablica (SSP) del Gobierno del Estado de Colima, dio inicio al programa de capacitaci\u00f3n y sensibilizaci\u00f3n a personal operativo, en materia de visibilidad transg\u00e9nero, con la finalidad de fortalecer la proximidad policial a personas de la diversidad sexual con perspectiva de [&hellip;]","og_url":"https:\/\/masquenoticias.mx\/index.php\/2023\/03\/27\/secretaria-de-seguridad-publica-capacita-a-personal-en-visibilidad-transgenero\/","og_site_name":"M\u00e1s Que Noticias","article_publisher":"https:\/\/www.facebook.com\/masquenoticiascolima","article_published_time":"2023-03-28T02:06:49+00:00","og_image":[{"width":1280,"height":960,"url":"https:\/\/i0.wp.com\/masquenoticias.mx\/wp-content\/uploads\/2023\/03\/WhatsApp-Image-2023-03-27-at-7.54.00-PM.jpeg?fit=1280%2C960&ssl=1","type":"image\/jpeg"}],"author":"Redacci\u00f3n","twitter_card":"summary_large_image","twitter_creator":"@edgartove","twitter_site":"@edgartove","twitter_misc":{"Escrito por":"Redacci\u00f3n","Tiempo de lectura":"1 minuto"},"schema":{"@context":"https:\/\/schema.org","@graph":[{"@type":"Article","@id":"https:\/\/masquenoticias.mx\/index.php\/2023\/03\/27\/secretaria-de-seguridad-publica-capacita-a-personal-en-visibilidad-transgenero\/#article","isPartOf":{"@id":"https:\/\/masquenoticias.mx\/index.php\/2023\/03\/27\/secretaria-de-seguridad-publica-capacita-a-personal-en-visibilidad-transgenero\/"},"author":{"name":"Redacci\u00f3n","@id":"https:\/\/masquenoticias.mx\/#\/schema\/person\/544d19989ef23d34615f691f7a96e622"},"headline":"Secretar\u00eda de Seguridad P\u00fablica capacita a personal, en visibilidad transg\u00e9nero","datePublished":"2023-03-28T02:06:49+00:00","mainEntityOfPage":{"@id":"https:\/\/masquenoticias.mx\/index.php\/2023\/03\/27\/secretaria-de-seguridad-publica-capacita-a-personal-en-visibilidad-transgenero\/"},"wordCount":188,"commentCount":0,"publisher":{"@id":"https:\/\/masquenoticias.mx\/#organization"},"image":{"@id":"https:\/\/masquenoticias.mx\/index.php\/2023\/03\/27\/secretaria-de-seguridad-publica-capacita-a-personal-en-visibilidad-transgenero\/#primaryimage"},"thumbnailUrl":"https:\/\/i0.wp.com\/masquenoticias.mx\/wp-content\/uploads\/2023\/03\/WhatsApp-Image-2023-03-27-at-7.54.00-PM.jpeg?fit=1280%2C960&ssl=1","articleSection":["Estado","Seguridad"],"inLanguage":"es","potentialAction":[{"@type":"CommentAction","name":"Comment","target":["https:\/\/masquenoticias.mx\/index.php\/2023\/03\/27\/secretaria-de-seguridad-publica-capacita-a-personal-en-visibilidad-transgenero\/#respond"]}]},{"@type":"WebPage","@id":"https:\/\/masquenoticias.mx\/index.php\/2023\/03\/27\/secretaria-de-seguridad-publica-capacita-a-personal-en-visibilidad-transgenero\/","url":"https:\/\/masquenoticias.mx\/index.php\/2023\/03\/27\/secretaria-de-seguridad-publica-capacita-a-personal-en-visibilidad-transgenero\/","name":"Secretar\u00eda de Seguridad P\u00fablica capacita a personal, en visibilidad transg\u00e9nero - M\u00e1s Que Noticias","isPartOf":{"@id":"https:\/\/masquenoticias.mx\/#website"},"primaryImageOfPage":{"@id":"https:\/\/masquenoticias.mx\/index.php\/2023\/03\/27\/secretaria-de-seguridad-publica-capacita-a-personal-en-visibilidad-transgenero\/#primaryimage"},"image":{"@id":"https:\/\/masquenoticias.mx\/index.php\/2023\/03\/27\/secretaria-de-seguridad-publica-capacita-a-personal-en-visibilidad-transgenero\/#primaryimage"},"thumbnailUrl":"https:\/\/i0.wp.com\/masquenoticias.mx\/wp-content\/uploads\/2023\/03\/WhatsApp-Image-2023-03-27-at-7.54.00-PM.jpeg?fit=1280%2C960&ssl=1","datePublished":"2023-03-28T02:06:49+00:00","breadcrumb":{"@id":"https:\/\/masquenoticias.mx\/index.php\/2023\/03\/27\/secretaria-de-seguridad-publica-capacita-a-personal-en-visibilidad-transgenero\/#breadcrumb"},"inLanguage":"es","potentialAction":[{"@type":"ReadAction","target":["https:\/\/masquenoticias.mx\/index.php\/2023\/03\/27\/secretaria-de-seguridad-publica-capacita-a-personal-en-visibilidad-transgenero\/"]}]},{"@type":"ImageObject","inLanguage":"es","@id":"https:\/\/masquenoticias.mx\/index.php\/2023\/03\/27\/secretaria-de-seguridad-publica-capacita-a-personal-en-visibilidad-transgenero\/#primaryimage","url":"https:\/\/i0.wp.com\/masquenoticias.mx\/wp-content\/uploads\/2023\/03\/WhatsApp-Image-2023-03-27-at-7.54.00-PM.jpeg?fit=1280%2C960&ssl=1","contentUrl":"https:\/\/i0.wp.com\/masquenoticias.mx\/wp-content\/uploads\/2023\/03\/WhatsApp-Image-2023-03-27-at-7.54.00-PM.jpeg?fit=1280%2C960&ssl=1","width":1280,"height":960},{"@type":"BreadcrumbList","@id":"https:\/\/masquenoticias.mx\/index.php\/2023\/03\/27\/secretaria-de-seguridad-publica-capacita-a-personal-en-visibilidad-transgenero\/#breadcrumb","itemListElement":[{"@type":"ListItem","position":1,"name":"Inicio","item":"https:\/\/masquenoticias.mx\/"},{"@type":"ListItem","position":2,"name":"Secretar\u00eda de Seguridad P\u00fablica capacita a personal, en visibilidad transg\u00e9nero"}]},{"@type":"WebSite","@id":"https:\/\/masquenoticias.mx\/#website","url":"https:\/\/masquenoticias.mx\/","name":"M\u00e1s Que Noticias","description":"Noticias de Colima, M\u00e9xico y el Mundo","publisher":{"@id":"https:\/\/masquenoticias.mx\/#organization"},"potentialAction":[{"@type":"SearchAction","target":{"@type":"EntryPoint","urlTemplate":"https:\/\/masquenoticias.mx\/?s={search_term_string}"},"query-input":{"@type":"PropertyValueSpecification","valueRequired":true,"valueName":"search_term_string"}}],"inLanguage":"es"},{"@type":"Organization","@id":"https:\/\/masquenoticias.mx\/#organization","name":"M\u00e1s Que Noticias","url":"https:\/\/masquenoticias.mx\/","logo":{"@type":"ImageObject","inLanguage":"es","@id":"https:\/\/masquenoticias.mx\/#\/schema\/logo\/image\/","url":"https:\/\/i0.wp.com\/masquenoticias.mx\/wp-content\/uploads\/2024\/04\/IMG_0004.png?fit=2560%2C1656&ssl=1","contentUrl":"https:\/\/i0.wp.com\/masquenoticias.mx\/wp-content\/uploads\/2024\/04\/IMG_0004.png?fit=2560%2C1656&ssl=1","width":2560,"height":1656,"caption":"M\u00e1s Que Noticias"},"image":{"@id":"https:\/\/masquenoticias.mx\/#\/schema\/logo\/image\/"},"sameAs":["https:\/\/www.facebook.com\/masquenoticiascolima","https:\/\/x.com\/edgartove","https:\/\/www.instagram.com\/masquenoticiascolima\/"]},{"@type":"Person","@id":"https:\/\/masquenoticias.mx\/#\/schema\/person\/544d19989ef23d34615f691f7a96e622","name":"Redacci\u00f3n","image":{"@type":"ImageObject","inLanguage":"es","@id":"https:\/\/masquenoticias.mx\/#\/schema\/person\/image\/","url":"https:\/\/secure.gravatar.com\/avatar\/7fcc926d5b058d3f3d52d95b4d05dd58?s=96&d=mm&r=g","contentUrl":"https:\/\/secure.gravatar.com\/avatar\/7fcc926d5b058d3f3d52d95b4d05dd58?s=96&d=mm&r=g","caption":"Redacci\u00f3n"},"sameAs":["http:\/\/masquenoticias.mx"],"url":"https:\/\/masquenoticias.mx\/index.php\/author\/edgartovegmail-com\/"}]}},"jetpack_featured_media_url":"https:\/\/i0.wp.com\/masquenoticias.mx\/wp-content\/uploads\/2023\/03\/WhatsApp-Image-2023-03-27-at-7.54.00-PM.jpeg?fit=1280%2C960&ssl=1","blog_post_layout_featured_media_urls":{"thumbnail":["https:\/\/i0.wp.com\/masquenoticias.mx\/wp-content\/uploads\/2023\/03\/WhatsApp-Image-2023-03-27-at-7.54.00-PM.jpeg?resize=150%2C150&ssl=1",150,150,true],"full":["https:\/\/i0.wp.com\/masquenoticias.mx\/wp-content\/uploads\/2023\/03\/WhatsApp-Image-2023-03-27-at-7.54.00-PM.jpeg?fit=1280%2C960&ssl=1",1280,960,false]},"categories_names":{"24":{"name":"Estado","link":"https:\/\/masquenoticias.mx\/index.php\/category\/estado\/"},"58":{"name":"Seguridad","link":"https:\/\/masquenoticias.mx\/index.php\/category\/seguridad\/"}},"tags_names":[],"comments_number":"0","wpmagazine_modules_lite_featured_media_urls":{"thumbnail":["https:\/\/i0.wp.com\/masquenoticias.mx\/wp-content\/uploads\/2023\/03\/WhatsApp-Image-2023-03-27-at-7.54.00-PM.jpeg?resize=150%2C150&ssl=1",150,150,true],"cvmm-medium":["https:\/\/i0.wp.com\/masquenoticias.mx\/wp-content\/uploads\/2023\/03\/WhatsApp-Image-2023-03-27-at-7.54.00-PM.jpeg?resize=300%2C300&ssl=1",300,300,true],"cvmm-medium-plus":["https:\/\/i0.wp.com\/masquenoticias.mx\/wp-content\/uploads\/2023\/03\/WhatsApp-Image-2023-03-27-at-7.54.00-PM.jpeg?resize=305%2C207&ssl=1",305,207,true],"cvmm-portrait":["https:\/\/i0.wp.com\/masquenoticias.mx\/wp-content\/uploads\/2023\/03\/WhatsApp-Image-2023-03-27-at-7.54.00-PM.jpeg?resize=400%2C600&ssl=1",400,600,true],"cvmm-medium-square":["https:\/\/i0.wp.com\/masquenoticias.mx\/wp-content\/uploads\/2023\/03\/WhatsApp-Image-2023-03-27-at-7.54.00-PM.jpeg?resize=600%2C600&ssl=1",600,600,true],"cvmm-large":["https:\/\/i0.wp.com\/masquenoticias.mx\/wp-content\/uploads\/2023\/03\/WhatsApp-Image-2023-03-27-at-7.54.00-PM.jpeg?resize=1024%2C960&ssl=1",1024,960,true],"cvmm-small":["https:\/\/i0.wp.com\/masquenoticias.mx\/wp-content\/uploads\/2023\/03\/WhatsApp-Image-2023-03-27-at-7.54.00-PM.jpeg?resize=130%2C95&ssl=1",130,95,true],"full":["https:\/\/i0.wp.com\/masquenoticias.mx\/wp-content\/uploads\/2023\/03\/WhatsApp-Image-2023-03-27-at-7.54.00-PM.jpeg?fit=1280%2C960&ssl=1",1280,960,false]},"jetpack-related-posts":[],"jetpack_sharing_enabled":true,"jetpack_likes_enabled":true,"jetpack_shortlink":"https:\/\/wp.me\/pf7pkt-aN","_links":{"self":[{"href":"https:\/\/masquenoticias.mx\/index.php\/wp-json\/wp\/v2\/posts\/669","targetHints":{"allow":["GET"]}}],"collection":[{"href":"https:\/\/masquenoticias.mx\/index.php\/wp-json\/wp\/v2\/posts"}],"about":[{"href":"https:\/\/masquenoticias.mx\/index.php\/wp-json\/wp\/v2\/types\/post"}],"author":[{"embeddable":true,"href":"https:\/\/masquenoticias.mx\/index.php\/wp-json\/wp\/v2\/users\/1"}],"replies":[{"embeddable":true,"href":"https:\/\/masquenoticias.mx\/index.php\/wp-json\/wp\/v2\/comments?post=669"}],"version-history":[{"count":0,"href":"https:\/\/masquenoticias.mx\/index.php\/wp-json\/wp\/v2\/posts\/669\/revisions"}],"wp:featuredmedia":[{"embeddable":true,"href":"https:\/\/masquenoticias.mx\/index.php\/wp-json\/wp\/v2\/media\/670"}],"wp:attachment":[{"href":"https:\/\/masquenoticias.mx\/index.php\/wp-json\/wp\/v2\/media?parent=669"}],"wp:term":[{"taxonomy":"category","embeddable":true,"href":"https:\/\/masquenoticias.mx\/index.php\/wp-json\/wp\/v2\/categories?post=669"},{"taxonomy":"post_tag","embeddable":true,"href":"https:\/\/masquenoticias.mx\/index.php\/wp-json\/wp\/v2\/tags?post=669"}],"curies":[{"name":"wp","href":"https:\/\/api.w.org\/{rel}","templated":true}]}}