{"id":5896,"date":"2024-01-04T21:47:36","date_gmt":"2024-01-05T03:47:36","guid":{"rendered":"https:\/\/masquenoticias.mx\/?p=5896"},"modified":"2024-01-04T21:47:37","modified_gmt":"2024-01-05T03:47:37","slug":"gobernadora-pide-fortalecer-procesos-para-asegurar-adopciones-eticas-transparentes-y-centradas","status":"publish","type":"post","link":"https:\/\/masquenoticias.mx\/index.php\/2024\/01\/04\/gobernadora-pide-fortalecer-procesos-para-asegurar-adopciones-eticas-transparentes-y-centradas\/","title":{"rendered":"Gobernadora pide fortalecer procesos para asegurar adopciones \u00e9ticas, transparentes y centradas"},"content":{"rendered":"\n<p>Durante la instalaci\u00f3n del Consejo T\u00e9cnico de Adopciones del DIF Estatal Colima este jueves, la gobernadora Indira Vizca\u00edno Silva pidi\u00f3 a las y los presentes participar activamente en el fortalecimiento de los procesos que aseguren adopciones \u00e9ticas, transparentes y centradas en el inter\u00e9s superior de las y los menores de edad.<\/p>\n\n\n\n<p>&#8220;La adopci\u00f3n es una soluci\u00f3n amorosa para las infancias y juventudes que, por diversas razones, no cuentan con el calor de un hogar, as\u00ed que debemos hacer todo lo que est\u00e9 en nuestras manos para asegurarnos que cada proceso se realice desde la empat\u00eda, con rigor, asegurando que cada peque\u00f1a y cada peque\u00f1o encuentre en su nuevo hogar el amor y la estabilidad que merecen&#8221;, expres\u00f3 la mandataria estatal.<\/p>\n\n\n\n<p>Indira Vizca\u00edno refiri\u00f3 que, si se quiere fomentar una cultura de adopci\u00f3n en el estado, se debe comenzar por concientizar a la sociedad sobre la importancia de brindar oportunidades a quienes m\u00e1s las necesitan; &#8220;la adopci\u00f3n no s\u00f3lo cambia vidas, sino que tambi\u00e9n enriquece y fortalece a nuestra comunidad&#8221;, se\u00f1al\u00f3.<\/p>\n\n\n\n<p>La mandataria entreg\u00f3 el nombramiento como titular de la Procuradur\u00eda de Protecci\u00f3n a Ni\u00f1as, Ni\u00f1os y Adolescentes (Pronna) a Norma Araceli Carrillo Ascencio, quien se ven\u00eda desempe\u00f1ando como encargada de despacho de esta dependencia; reconoci\u00f3 el trabajo que se ha realizado en este apartado e invit\u00f3 a continuar con la misma intensidad para alcanzar los objetivos planteados.<\/p>\n\n\n\n<p>Araceli Carrillo inform\u00f3 que en el a\u00f1o 2022 se realizaron tres adopciones (de ni\u00f1os), en 2023 fueron cinco (dos ni\u00f1os y tres ni\u00f1as) y agreg\u00f3 que actualmente se tienen juicios de adopci\u00f3n litigados, turnados a dictamen de sentencia, los cuales se resolver\u00e1n en los primeros meses de 2024, donde est\u00e1n involucrados cinco ni\u00f1os, una ni\u00f1a y dos adolescentes.<\/p>\n\n\n\n<p>La directora general del DIF Estatal Colima, Rosa Mar\u00eda Bayardo Cabrera, se\u00f1al\u00f3 que uno de los derechos b\u00e1sicos de la ni\u00f1ez es pertenecer a una familia y que la adopci\u00f3n cumple con este requisito y con velar los intereses superiores de las ni\u00f1as, ni\u00f1os y adolescentes para crecer en el seno de una familia que les procura afecto y darles el cuidado adecuado.<\/p>\n\n\n\n<p>El Consejo T\u00e9cnico de Adopciones del DIF Estatal Colima sesionar\u00e1 el pr\u00f3ximo 6 de febrero, esperando que para esa fecha se pueda tener un dictamen de sentencia de los juicios que est\u00e1n pendientes.<\/p>\n","protected":false},"excerpt":{"rendered":"<p>Durante la instalaci\u00f3n del Consejo T\u00e9cnico de Adopciones del DIF Estatal Colima este jueves, la gobernadora Indira Vizca\u00edno Silva pidi\u00f3 a las y los presentes participar activamente en el fortalecimiento de los procesos que aseguren adopciones \u00e9ticas, transparentes y centradas en el inter\u00e9s superior de las y los menores de edad. &#8220;La adopci\u00f3n es una [&hellip;]<\/p>\n","protected":false},"author":1,"featured_media":5895,"comment_status":"open","ping_status":"open","sticky":false,"template":"","format":"standard","meta":{"_jetpack_memberships_contains_paid_content":false,"footnotes":""},"categories":[24],"tags":[26],"class_list":["post-5896","post","type-post","status-publish","format-standard","has-post-thumbnail","hentry","category-estado","tag-indira-vizcaino"],"yoast_head":"<!-- This site is optimized with the Yoast SEO plugin v26.6 - https:\/\/yoast.com\/wordpress\/plugins\/seo\/ -->\n<title>Gobernadora pide fortalecer procesos para asegurar adopciones \u00e9ticas, transparentes y centradas - M\u00e1s Que Noticias<\/title>\n<meta name=\"robots\" content=\"index, follow, max-snippet:-1, max-image-preview:large, max-video-preview:-1\" \/>\n<link rel=\"canonical\" href=\"https:\/\/masquenoticias.mx\/index.php\/2024\/01\/04\/gobernadora-pide-fortalecer-procesos-para-asegurar-adopciones-eticas-transparentes-y-centradas\/\" \/>\n<meta property=\"og:locale\" content=\"es_MX\" \/>\n<meta property=\"og:type\" content=\"article\" \/>\n<meta property=\"og:title\" content=\"Gobernadora pide fortalecer procesos para asegurar adopciones \u00e9ticas, transparentes y centradas - M\u00e1s Que Noticias\" \/>\n<meta property=\"og:description\" content=\"Durante la instalaci\u00f3n del Consejo T\u00e9cnico de Adopciones del DIF Estatal Colima este jueves, la gobernadora Indira Vizca\u00edno Silva pidi\u00f3 a las y los presentes participar activamente en el fortalecimiento de los procesos que aseguren adopciones \u00e9ticas, transparentes y centradas en el inter\u00e9s superior de las y los menores de edad. &#8220;La adopci\u00f3n es una [&hellip;]\" \/>\n<meta property=\"og:url\" content=\"https:\/\/masquenoticias.mx\/index.php\/2024\/01\/04\/gobernadora-pide-fortalecer-procesos-para-asegurar-adopciones-eticas-transparentes-y-centradas\/\" \/>\n<meta property=\"og:site_name\" content=\"M\u00e1s Que Noticias\" \/>\n<meta property=\"article:publisher\" content=\"https:\/\/www.facebook.com\/masquenoticiascolima\" \/>\n<meta property=\"article:published_time\" content=\"2024-01-05T03:47:36+00:00\" \/>\n<meta property=\"article:modified_time\" content=\"2024-01-05T03:47:37+00:00\" \/>\n<meta property=\"og:image\" content=\"https:\/\/i0.wp.com\/masquenoticias.mx\/wp-content\/uploads\/2024\/01\/b787cfab-e6fc-4590-815a-c35c4906c28f-1-jpg.webp?fit=1046%2C718&ssl=1\" \/>\n\t<meta property=\"og:image:width\" content=\"1046\" \/>\n\t<meta property=\"og:image:height\" content=\"718\" \/>\n\t<meta property=\"og:image:type\" content=\"image\/jpeg\" \/>\n<meta name=\"author\" content=\"Redacci\u00f3n\" \/>\n<meta name=\"twitter:card\" content=\"summary_large_image\" \/>\n<meta name=\"twitter:creator\" content=\"@edgartove\" \/>\n<meta name=\"twitter:site\" content=\"@edgartove\" \/>\n<meta name=\"twitter:label1\" content=\"Escrito por\" \/>\n\t<meta name=\"twitter:data1\" content=\"Redacci\u00f3n\" \/>\n\t<meta name=\"twitter:label2\" content=\"Tiempo de lectura\" \/>\n\t<meta name=\"twitter:data2\" content=\"2 minutos\" \/>\n<script type=\"application\/ld+json\" class=\"yoast-schema-graph\">{\"@context\":\"https:\/\/schema.org\",\"@graph\":[{\"@type\":\"Article\",\"@id\":\"https:\/\/masquenoticias.mx\/index.php\/2024\/01\/04\/gobernadora-pide-fortalecer-procesos-para-asegurar-adopciones-eticas-transparentes-y-centradas\/#article\",\"isPartOf\":{\"@id\":\"https:\/\/masquenoticias.mx\/index.php\/2024\/01\/04\/gobernadora-pide-fortalecer-procesos-para-asegurar-adopciones-eticas-transparentes-y-centradas\/\"},\"author\":{\"name\":\"Redacci\u00f3n\",\"@id\":\"https:\/\/masquenoticias.mx\/#\/schema\/person\/544d19989ef23d34615f691f7a96e622\"},\"headline\":\"Gobernadora pide fortalecer procesos para asegurar adopciones \u00e9ticas, transparentes y centradas\",\"datePublished\":\"2024-01-05T03:47:36+00:00\",\"dateModified\":\"2024-01-05T03:47:37+00:00\",\"mainEntityOfPage\":{\"@id\":\"https:\/\/masquenoticias.mx\/index.php\/2024\/01\/04\/gobernadora-pide-fortalecer-procesos-para-asegurar-adopciones-eticas-transparentes-y-centradas\/\"},\"wordCount\":429,\"commentCount\":0,\"publisher\":{\"@id\":\"https:\/\/masquenoticias.mx\/#organization\"},\"image\":{\"@id\":\"https:\/\/masquenoticias.mx\/index.php\/2024\/01\/04\/gobernadora-pide-fortalecer-procesos-para-asegurar-adopciones-eticas-transparentes-y-centradas\/#primaryimage\"},\"thumbnailUrl\":\"https:\/\/i0.wp.com\/masquenoticias.mx\/wp-content\/uploads\/2024\/01\/b787cfab-e6fc-4590-815a-c35c4906c28f-1-jpg.webp?fit=1046%2C718&ssl=1\",\"keywords\":[\"Indira Vizca\u00edno\"],\"articleSection\":[\"Estado\"],\"inLanguage\":\"es\",\"potentialAction\":[{\"@type\":\"CommentAction\",\"name\":\"Comment\",\"target\":[\"https:\/\/masquenoticias.mx\/index.php\/2024\/01\/04\/gobernadora-pide-fortalecer-procesos-para-asegurar-adopciones-eticas-transparentes-y-centradas\/#respond\"]}]},{\"@type\":\"WebPage\",\"@id\":\"https:\/\/masquenoticias.mx\/index.php\/2024\/01\/04\/gobernadora-pide-fortalecer-procesos-para-asegurar-adopciones-eticas-transparentes-y-centradas\/\",\"url\":\"https:\/\/masquenoticias.mx\/index.php\/2024\/01\/04\/gobernadora-pide-fortalecer-procesos-para-asegurar-adopciones-eticas-transparentes-y-centradas\/\",\"name\":\"Gobernadora pide fortalecer procesos para asegurar adopciones \u00e9ticas, transparentes y centradas - M\u00e1s Que Noticias\",\"isPartOf\":{\"@id\":\"https:\/\/masquenoticias.mx\/#website\"},\"primaryImageOfPage\":{\"@id\":\"https:\/\/masquenoticias.mx\/index.php\/2024\/01\/04\/gobernadora-pide-fortalecer-procesos-para-asegurar-adopciones-eticas-transparentes-y-centradas\/#primaryimage\"},\"image\":{\"@id\":\"https:\/\/masquenoticias.mx\/index.php\/2024\/01\/04\/gobernadora-pide-fortalecer-procesos-para-asegurar-adopciones-eticas-transparentes-y-centradas\/#primaryimage\"},\"thumbnailUrl\":\"https:\/\/i0.wp.com\/masquenoticias.mx\/wp-content\/uploads\/2024\/01\/b787cfab-e6fc-4590-815a-c35c4906c28f-1-jpg.webp?fit=1046%2C718&ssl=1\",\"datePublished\":\"2024-01-05T03:47:36+00:00\",\"dateModified\":\"2024-01-05T03:47:37+00:00\",\"breadcrumb\":{\"@id\":\"https:\/\/masquenoticias.mx\/index.php\/2024\/01\/04\/gobernadora-pide-fortalecer-procesos-para-asegurar-adopciones-eticas-transparentes-y-centradas\/#breadcrumb\"},\"inLanguage\":\"es\",\"potentialAction\":[{\"@type\":\"ReadAction\",\"target\":[\"https:\/\/masquenoticias.mx\/index.php\/2024\/01\/04\/gobernadora-pide-fortalecer-procesos-para-asegurar-adopciones-eticas-transparentes-y-centradas\/\"]}]},{\"@type\":\"ImageObject\",\"inLanguage\":\"es\",\"@id\":\"https:\/\/masquenoticias.mx\/index.php\/2024\/01\/04\/gobernadora-pide-fortalecer-procesos-para-asegurar-adopciones-eticas-transparentes-y-centradas\/#primaryimage\",\"url\":\"https:\/\/i0.wp.com\/masquenoticias.mx\/wp-content\/uploads\/2024\/01\/b787cfab-e6fc-4590-815a-c35c4906c28f-1-jpg.webp?fit=1046%2C718&ssl=1\",\"contentUrl\":\"https:\/\/i0.wp.com\/masquenoticias.mx\/wp-content\/uploads\/2024\/01\/b787cfab-e6fc-4590-815a-c35c4906c28f-1-jpg.webp?fit=1046%2C718&ssl=1\",\"width\":1046,\"height\":718},{\"@type\":\"BreadcrumbList\",\"@id\":\"https:\/\/masquenoticias.mx\/index.php\/2024\/01\/04\/gobernadora-pide-fortalecer-procesos-para-asegurar-adopciones-eticas-transparentes-y-centradas\/#breadcrumb\",\"itemListElement\":[{\"@type\":\"ListItem\",\"position\":1,\"name\":\"Inicio\",\"item\":\"https:\/\/masquenoticias.mx\/\"},{\"@type\":\"ListItem\",\"position\":2,\"name\":\"Gobernadora pide fortalecer procesos para asegurar adopciones \u00e9ticas, transparentes y centradas\"}]},{\"@type\":\"WebSite\",\"@id\":\"https:\/\/masquenoticias.mx\/#website\",\"url\":\"https:\/\/masquenoticias.mx\/\",\"name\":\"M\u00e1s Que Noticias\",\"description\":\"Noticias de Colima, M\u00e9xico y el Mundo\",\"publisher\":{\"@id\":\"https:\/\/masquenoticias.mx\/#organization\"},\"potentialAction\":[{\"@type\":\"SearchAction\",\"target\":{\"@type\":\"EntryPoint\",\"urlTemplate\":\"https:\/\/masquenoticias.mx\/?s={search_term_string}\"},\"query-input\":{\"@type\":\"PropertyValueSpecification\",\"valueRequired\":true,\"valueName\":\"search_term_string\"}}],\"inLanguage\":\"es\"},{\"@type\":\"Organization\",\"@id\":\"https:\/\/masquenoticias.mx\/#organization\",\"name\":\"M\u00e1s Que Noticias\",\"url\":\"https:\/\/masquenoticias.mx\/\",\"logo\":{\"@type\":\"ImageObject\",\"inLanguage\":\"es\",\"@id\":\"https:\/\/masquenoticias.mx\/#\/schema\/logo\/image\/\",\"url\":\"https:\/\/i0.wp.com\/masquenoticias.mx\/wp-content\/uploads\/2024\/04\/IMG_0004.png?fit=2560%2C1656&ssl=1\",\"contentUrl\":\"https:\/\/i0.wp.com\/masquenoticias.mx\/wp-content\/uploads\/2024\/04\/IMG_0004.png?fit=2560%2C1656&ssl=1\",\"width\":2560,\"height\":1656,\"caption\":\"M\u00e1s Que Noticias\"},\"image\":{\"@id\":\"https:\/\/masquenoticias.mx\/#\/schema\/logo\/image\/\"},\"sameAs\":[\"https:\/\/www.facebook.com\/masquenoticiascolima\",\"https:\/\/x.com\/edgartove\",\"https:\/\/www.instagram.com\/masquenoticiascolima\/\"]},{\"@type\":\"Person\",\"@id\":\"https:\/\/masquenoticias.mx\/#\/schema\/person\/544d19989ef23d34615f691f7a96e622\",\"name\":\"Redacci\u00f3n\",\"image\":{\"@type\":\"ImageObject\",\"inLanguage\":\"es\",\"@id\":\"https:\/\/masquenoticias.mx\/#\/schema\/person\/image\/\",\"url\":\"https:\/\/secure.gravatar.com\/avatar\/7fcc926d5b058d3f3d52d95b4d05dd58?s=96&d=mm&r=g\",\"contentUrl\":\"https:\/\/secure.gravatar.com\/avatar\/7fcc926d5b058d3f3d52d95b4d05dd58?s=96&d=mm&r=g\",\"caption\":\"Redacci\u00f3n\"},\"sameAs\":[\"http:\/\/masquenoticias.mx\"],\"url\":\"https:\/\/masquenoticias.mx\/index.php\/author\/edgartovegmail-com\/\"}]}<\/script>\n<!-- \/ Yoast SEO plugin. -->","yoast_head_json":{"title":"Gobernadora pide fortalecer procesos para asegurar adopciones \u00e9ticas, transparentes y centradas - M\u00e1s Que Noticias","robots":{"index":"index","follow":"follow","max-snippet":"max-snippet:-1","max-image-preview":"max-image-preview:large","max-video-preview":"max-video-preview:-1"},"canonical":"https:\/\/masquenoticias.mx\/index.php\/2024\/01\/04\/gobernadora-pide-fortalecer-procesos-para-asegurar-adopciones-eticas-transparentes-y-centradas\/","og_locale":"es_MX","og_type":"article","og_title":"Gobernadora pide fortalecer procesos para asegurar adopciones \u00e9ticas, transparentes y centradas - M\u00e1s Que Noticias","og_description":"Durante la instalaci\u00f3n del Consejo T\u00e9cnico de Adopciones del DIF Estatal Colima este jueves, la gobernadora Indira Vizca\u00edno Silva pidi\u00f3 a las y los presentes participar activamente en el fortalecimiento de los procesos que aseguren adopciones \u00e9ticas, transparentes y centradas en el inter\u00e9s superior de las y los menores de edad. &#8220;La adopci\u00f3n es una [&hellip;]","og_url":"https:\/\/masquenoticias.mx\/index.php\/2024\/01\/04\/gobernadora-pide-fortalecer-procesos-para-asegurar-adopciones-eticas-transparentes-y-centradas\/","og_site_name":"M\u00e1s Que Noticias","article_publisher":"https:\/\/www.facebook.com\/masquenoticiascolima","article_published_time":"2024-01-05T03:47:36+00:00","article_modified_time":"2024-01-05T03:47:37+00:00","og_image":[{"width":1046,"height":718,"url":"https:\/\/i0.wp.com\/masquenoticias.mx\/wp-content\/uploads\/2024\/01\/b787cfab-e6fc-4590-815a-c35c4906c28f-1-jpg.webp?fit=1046%2C718&ssl=1","type":"image\/jpeg"}],"author":"Redacci\u00f3n","twitter_card":"summary_large_image","twitter_creator":"@edgartove","twitter_site":"@edgartove","twitter_misc":{"Escrito por":"Redacci\u00f3n","Tiempo de lectura":"2 minutos"},"schema":{"@context":"https:\/\/schema.org","@graph":[{"@type":"Article","@id":"https:\/\/masquenoticias.mx\/index.php\/2024\/01\/04\/gobernadora-pide-fortalecer-procesos-para-asegurar-adopciones-eticas-transparentes-y-centradas\/#article","isPartOf":{"@id":"https:\/\/masquenoticias.mx\/index.php\/2024\/01\/04\/gobernadora-pide-fortalecer-procesos-para-asegurar-adopciones-eticas-transparentes-y-centradas\/"},"author":{"name":"Redacci\u00f3n","@id":"https:\/\/masquenoticias.mx\/#\/schema\/person\/544d19989ef23d34615f691f7a96e622"},"headline":"Gobernadora pide fortalecer procesos para asegurar adopciones \u00e9ticas, transparentes y centradas","datePublished":"2024-01-05T03:47:36+00:00","dateModified":"2024-01-05T03:47:37+00:00","mainEntityOfPage":{"@id":"https:\/\/masquenoticias.mx\/index.php\/2024\/01\/04\/gobernadora-pide-fortalecer-procesos-para-asegurar-adopciones-eticas-transparentes-y-centradas\/"},"wordCount":429,"commentCount":0,"publisher":{"@id":"https:\/\/masquenoticias.mx\/#organization"},"image":{"@id":"https:\/\/masquenoticias.mx\/index.php\/2024\/01\/04\/gobernadora-pide-fortalecer-procesos-para-asegurar-adopciones-eticas-transparentes-y-centradas\/#primaryimage"},"thumbnailUrl":"https:\/\/i0.wp.com\/masquenoticias.mx\/wp-content\/uploads\/2024\/01\/b787cfab-e6fc-4590-815a-c35c4906c28f-1-jpg.webp?fit=1046%2C718&ssl=1","keywords":["Indira Vizca\u00edno"],"articleSection":["Estado"],"inLanguage":"es","potentialAction":[{"@type":"CommentAction","name":"Comment","target":["https:\/\/masquenoticias.mx\/index.php\/2024\/01\/04\/gobernadora-pide-fortalecer-procesos-para-asegurar-adopciones-eticas-transparentes-y-centradas\/#respond"]}]},{"@type":"WebPage","@id":"https:\/\/masquenoticias.mx\/index.php\/2024\/01\/04\/gobernadora-pide-fortalecer-procesos-para-asegurar-adopciones-eticas-transparentes-y-centradas\/","url":"https:\/\/masquenoticias.mx\/index.php\/2024\/01\/04\/gobernadora-pide-fortalecer-procesos-para-asegurar-adopciones-eticas-transparentes-y-centradas\/","name":"Gobernadora pide fortalecer procesos para asegurar adopciones \u00e9ticas, transparentes y centradas - M\u00e1s Que Noticias","isPartOf":{"@id":"https:\/\/masquenoticias.mx\/#website"},"primaryImageOfPage":{"@id":"https:\/\/masquenoticias.mx\/index.php\/2024\/01\/04\/gobernadora-pide-fortalecer-procesos-para-asegurar-adopciones-eticas-transparentes-y-centradas\/#primaryimage"},"image":{"@id":"https:\/\/masquenoticias.mx\/index.php\/2024\/01\/04\/gobernadora-pide-fortalecer-procesos-para-asegurar-adopciones-eticas-transparentes-y-centradas\/#primaryimage"},"thumbnailUrl":"https:\/\/i0.wp.com\/masquenoticias.mx\/wp-content\/uploads\/2024\/01\/b787cfab-e6fc-4590-815a-c35c4906c28f-1-jpg.webp?fit=1046%2C718&ssl=1","datePublished":"2024-01-05T03:47:36+00:00","dateModified":"2024-01-05T03:47:37+00:00","breadcrumb":{"@id":"https:\/\/masquenoticias.mx\/index.php\/2024\/01\/04\/gobernadora-pide-fortalecer-procesos-para-asegurar-adopciones-eticas-transparentes-y-centradas\/#breadcrumb"},"inLanguage":"es","potentialAction":[{"@type":"ReadAction","target":["https:\/\/masquenoticias.mx\/index.php\/2024\/01\/04\/gobernadora-pide-fortalecer-procesos-para-asegurar-adopciones-eticas-transparentes-y-centradas\/"]}]},{"@type":"ImageObject","inLanguage":"es","@id":"https:\/\/masquenoticias.mx\/index.php\/2024\/01\/04\/gobernadora-pide-fortalecer-procesos-para-asegurar-adopciones-eticas-transparentes-y-centradas\/#primaryimage","url":"https:\/\/i0.wp.com\/masquenoticias.mx\/wp-content\/uploads\/2024\/01\/b787cfab-e6fc-4590-815a-c35c4906c28f-1-jpg.webp?fit=1046%2C718&ssl=1","contentUrl":"https:\/\/i0.wp.com\/masquenoticias.mx\/wp-content\/uploads\/2024\/01\/b787cfab-e6fc-4590-815a-c35c4906c28f-1-jpg.webp?fit=1046%2C718&ssl=1","width":1046,"height":718},{"@type":"BreadcrumbList","@id":"https:\/\/masquenoticias.mx\/index.php\/2024\/01\/04\/gobernadora-pide-fortalecer-procesos-para-asegurar-adopciones-eticas-transparentes-y-centradas\/#breadcrumb","itemListElement":[{"@type":"ListItem","position":1,"name":"Inicio","item":"https:\/\/masquenoticias.mx\/"},{"@type":"ListItem","position":2,"name":"Gobernadora pide fortalecer procesos para asegurar adopciones \u00e9ticas, transparentes y centradas"}]},{"@type":"WebSite","@id":"https:\/\/masquenoticias.mx\/#website","url":"https:\/\/masquenoticias.mx\/","name":"M\u00e1s Que Noticias","description":"Noticias de Colima, M\u00e9xico y el Mundo","publisher":{"@id":"https:\/\/masquenoticias.mx\/#organization"},"potentialAction":[{"@type":"SearchAction","target":{"@type":"EntryPoint","urlTemplate":"https:\/\/masquenoticias.mx\/?s={search_term_string}"},"query-input":{"@type":"PropertyValueSpecification","valueRequired":true,"valueName":"search_term_string"}}],"inLanguage":"es"},{"@type":"Organization","@id":"https:\/\/masquenoticias.mx\/#organization","name":"M\u00e1s Que Noticias","url":"https:\/\/masquenoticias.mx\/","logo":{"@type":"ImageObject","inLanguage":"es","@id":"https:\/\/masquenoticias.mx\/#\/schema\/logo\/image\/","url":"https:\/\/i0.wp.com\/masquenoticias.mx\/wp-content\/uploads\/2024\/04\/IMG_0004.png?fit=2560%2C1656&ssl=1","contentUrl":"https:\/\/i0.wp.com\/masquenoticias.mx\/wp-content\/uploads\/2024\/04\/IMG_0004.png?fit=2560%2C1656&ssl=1","width":2560,"height":1656,"caption":"M\u00e1s Que Noticias"},"image":{"@id":"https:\/\/masquenoticias.mx\/#\/schema\/logo\/image\/"},"sameAs":["https:\/\/www.facebook.com\/masquenoticiascolima","https:\/\/x.com\/edgartove","https:\/\/www.instagram.com\/masquenoticiascolima\/"]},{"@type":"Person","@id":"https:\/\/masquenoticias.mx\/#\/schema\/person\/544d19989ef23d34615f691f7a96e622","name":"Redacci\u00f3n","image":{"@type":"ImageObject","inLanguage":"es","@id":"https:\/\/masquenoticias.mx\/#\/schema\/person\/image\/","url":"https:\/\/secure.gravatar.com\/avatar\/7fcc926d5b058d3f3d52d95b4d05dd58?s=96&d=mm&r=g","contentUrl":"https:\/\/secure.gravatar.com\/avatar\/7fcc926d5b058d3f3d52d95b4d05dd58?s=96&d=mm&r=g","caption":"Redacci\u00f3n"},"sameAs":["http:\/\/masquenoticias.mx"],"url":"https:\/\/masquenoticias.mx\/index.php\/author\/edgartovegmail-com\/"}]}},"jetpack_featured_media_url":"https:\/\/i0.wp.com\/masquenoticias.mx\/wp-content\/uploads\/2024\/01\/b787cfab-e6fc-4590-815a-c35c4906c28f-1-jpg.webp?fit=1046%2C718&ssl=1","blog_post_layout_featured_media_urls":{"thumbnail":["https:\/\/i0.wp.com\/masquenoticias.mx\/wp-content\/uploads\/2024\/01\/b787cfab-e6fc-4590-815a-c35c4906c28f-1-jpg.webp?resize=150%2C150&ssl=1",150,150,true],"full":["https:\/\/i0.wp.com\/masquenoticias.mx\/wp-content\/uploads\/2024\/01\/b787cfab-e6fc-4590-815a-c35c4906c28f-1-jpg.webp?fit=1046%2C718&ssl=1",1046,718,false]},"categories_names":{"24":{"name":"Estado","link":"https:\/\/masquenoticias.mx\/index.php\/category\/estado\/"}},"tags_names":{"26":{"name":"Indira Vizca\u00edno","link":"https:\/\/masquenoticias.mx\/index.php\/tag\/indira-vizcaino\/"}},"comments_number":"0","wpmagazine_modules_lite_featured_media_urls":{"thumbnail":["https:\/\/i0.wp.com\/masquenoticias.mx\/wp-content\/uploads\/2024\/01\/b787cfab-e6fc-4590-815a-c35c4906c28f-1-jpg.webp?resize=150%2C150&ssl=1",150,150,true],"cvmm-medium":["https:\/\/i0.wp.com\/masquenoticias.mx\/wp-content\/uploads\/2024\/01\/b787cfab-e6fc-4590-815a-c35c4906c28f-1-jpg.webp?resize=300%2C300&ssl=1",300,300,true],"cvmm-medium-plus":["https:\/\/i0.wp.com\/masquenoticias.mx\/wp-content\/uploads\/2024\/01\/b787cfab-e6fc-4590-815a-c35c4906c28f-1-jpg.webp?resize=305%2C207&ssl=1",305,207,true],"cvmm-portrait":["https:\/\/i0.wp.com\/masquenoticias.mx\/wp-content\/uploads\/2024\/01\/b787cfab-e6fc-4590-815a-c35c4906c28f-1-jpg.webp?resize=400%2C600&ssl=1",400,600,true],"cvmm-medium-square":["https:\/\/i0.wp.com\/masquenoticias.mx\/wp-content\/uploads\/2024\/01\/b787cfab-e6fc-4590-815a-c35c4906c28f-1-jpg.webp?resize=600%2C600&ssl=1",600,600,true],"cvmm-large":["https:\/\/i0.wp.com\/masquenoticias.mx\/wp-content\/uploads\/2024\/01\/b787cfab-e6fc-4590-815a-c35c4906c28f-1-jpg.webp?resize=1024%2C718&ssl=1",1024,718,true],"cvmm-small":["https:\/\/i0.wp.com\/masquenoticias.mx\/wp-content\/uploads\/2024\/01\/b787cfab-e6fc-4590-815a-c35c4906c28f-1-jpg.webp?resize=130%2C95&ssl=1",130,95,true],"full":["https:\/\/i0.wp.com\/masquenoticias.mx\/wp-content\/uploads\/2024\/01\/b787cfab-e6fc-4590-815a-c35c4906c28f-1-jpg.webp?fit=1046%2C718&ssl=1",1046,718,false]},"jetpack-related-posts":[],"jetpack_sharing_enabled":true,"jetpack_likes_enabled":true,"jetpack_shortlink":"https:\/\/wp.me\/pf7pkt-1x6","_links":{"self":[{"href":"https:\/\/masquenoticias.mx\/index.php\/wp-json\/wp\/v2\/posts\/5896","targetHints":{"allow":["GET"]}}],"collection":[{"href":"https:\/\/masquenoticias.mx\/index.php\/wp-json\/wp\/v2\/posts"}],"about":[{"href":"https:\/\/masquenoticias.mx\/index.php\/wp-json\/wp\/v2\/types\/post"}],"author":[{"embeddable":true,"href":"https:\/\/masquenoticias.mx\/index.php\/wp-json\/wp\/v2\/users\/1"}],"replies":[{"embeddable":true,"href":"https:\/\/masquenoticias.mx\/index.php\/wp-json\/wp\/v2\/comments?post=5896"}],"version-history":[{"count":0,"href":"https:\/\/masquenoticias.mx\/index.php\/wp-json\/wp\/v2\/posts\/5896\/revisions"}],"wp:featuredmedia":[{"embeddable":true,"href":"https:\/\/masquenoticias.mx\/index.php\/wp-json\/wp\/v2\/media\/5895"}],"wp:attachment":[{"href":"https:\/\/masquenoticias.mx\/index.php\/wp-json\/wp\/v2\/media?parent=5896"}],"wp:term":[{"taxonomy":"category","embeddable":true,"href":"https:\/\/masquenoticias.mx\/index.php\/wp-json\/wp\/v2\/categories?post=5896"},{"taxonomy":"post_tag","embeddable":true,"href":"https:\/\/masquenoticias.mx\/index.php\/wp-json\/wp\/v2\/tags?post=5896"}],"curies":[{"name":"wp","href":"https:\/\/api.w.org\/{rel}","templated":true}]}}