{"id":5229,"date":"2023-11-22T18:46:31","date_gmt":"2023-11-23T00:46:31","guid":{"rendered":"https:\/\/masquenoticias.mx\/?p=5229"},"modified":"2023-11-22T18:46:31","modified_gmt":"2023-11-23T00:46:31","slug":"gobierno-de-indira-y-beneficencia-publica-proyectan-mas-apoyos","status":"publish","type":"post","link":"https:\/\/masquenoticias.mx\/index.php\/2023\/11\/22\/gobierno-de-indira-y-beneficencia-publica-proyectan-mas-apoyos\/","title":{"rendered":"Gobierno de Indira y Beneficencia P\u00fablica proyectan m\u00e1s apoyos"},"content":{"rendered":"<p>Este a\u00f1o se alcanzaron importantes objetivos de apoyo a los colimense en esfuerzos coordinados, destac\u00f3 el director de la Beneficencia P\u00fablica Estatal, Luis C\u00e9sar D\u00e1vila Saint Mart\u00edn, en el marco del Segundo Informe de la gobernadora Indira Vizca\u00edno Silva.<\/p>\n<p>Record\u00f3 que fue en este periodo en el que se consiguieron 25 ambulancias nuevas y totalmente equipadas para la atenci\u00f3n de emergencias y traslados a hospitales, lo que viene a reforzar el apoyo en el rubro de Salud que ha sido una de las prioridades de la actual administraci\u00f3n.<\/p>\n<p>Explic\u00f3 que en conjunto con el DIF Estatal y el Gobierno de Colima, se realizaron 200 cirug\u00edas gratuitas de cataratas y se entregaron materiales ortop\u00e9dicos para personas con discapacidad como sillas de ruedas, muletas entre otros.<\/p>\n<p>As\u00ed mismo, adelant\u00f3 que para el pr\u00f3ximo a\u00f1o se busca multiplicar los apoyos, entre los que destacan cirug\u00edas de cataratas, cirug\u00eda de rodillas y cadera, as\u00ed como pr\u00f3tesis mamarias para sobrevivientes de c\u00e1ncer, destacando el equipamiento de hospitales, principalmente el de cancerolog\u00eda, al cu\u00e1l ya se han realizado evaluaciones para proyectar la intervenci\u00f3n.<\/p>\n","protected":false},"excerpt":{"rendered":"<p>Este a\u00f1o se alcanzaron importantes objetivos de apoyo a los colimense en esfuerzos coordinados, destac\u00f3 el director de la Beneficencia P\u00fablica Estatal, Luis C\u00e9sar D\u00e1vila Saint Mart\u00edn, en el marco del Segundo Informe de la gobernadora Indira Vizca\u00edno Silva. Record\u00f3 que fue en este periodo en el que se consiguieron 25 ambulancias nuevas y totalmente [&hellip;]<\/p>\n","protected":false},"author":1,"featured_media":5230,"comment_status":"open","ping_status":"open","sticky":false,"template":"","format":"standard","meta":{"_jetpack_memberships_contains_paid_content":false,"footnotes":""},"categories":[24],"tags":[396,26],"class_list":["post-5229","post","type-post","status-publish","format-standard","has-post-thumbnail","hentry","category-estado","tag-beneficencia","tag-indira-vizcaino"],"yoast_head":"<!-- This site is optimized with the Yoast SEO plugin v26.6 - https:\/\/yoast.com\/wordpress\/plugins\/seo\/ -->\n<title>Gobierno de Indira y Beneficencia P\u00fablica proyectan m\u00e1s apoyos - M\u00e1s Que Noticias<\/title>\n<meta name=\"robots\" content=\"index, follow, max-snippet:-1, max-image-preview:large, max-video-preview:-1\" \/>\n<link rel=\"canonical\" href=\"https:\/\/masquenoticias.mx\/index.php\/2023\/11\/22\/gobierno-de-indira-y-beneficencia-publica-proyectan-mas-apoyos\/\" \/>\n<meta property=\"og:locale\" content=\"es_MX\" \/>\n<meta property=\"og:type\" content=\"article\" \/>\n<meta property=\"og:title\" content=\"Gobierno de Indira y Beneficencia P\u00fablica proyectan m\u00e1s apoyos - M\u00e1s Que Noticias\" \/>\n<meta property=\"og:description\" content=\"Este a\u00f1o se alcanzaron importantes objetivos de apoyo a los colimense en esfuerzos coordinados, destac\u00f3 el director de la Beneficencia P\u00fablica Estatal, Luis C\u00e9sar D\u00e1vila Saint Mart\u00edn, en el marco del Segundo Informe de la gobernadora Indira Vizca\u00edno Silva. Record\u00f3 que fue en este periodo en el que se consiguieron 25 ambulancias nuevas y totalmente [&hellip;]\" \/>\n<meta property=\"og:url\" content=\"https:\/\/masquenoticias.mx\/index.php\/2023\/11\/22\/gobierno-de-indira-y-beneficencia-publica-proyectan-mas-apoyos\/\" \/>\n<meta property=\"og:site_name\" content=\"M\u00e1s Que Noticias\" \/>\n<meta property=\"article:publisher\" content=\"https:\/\/www.facebook.com\/masquenoticiascolima\" \/>\n<meta property=\"article:published_time\" content=\"2023-11-23T00:46:31+00:00\" \/>\n<meta property=\"og:image\" content=\"https:\/\/i0.wp.com\/masquenoticias.mx\/wp-content\/uploads\/2023\/11\/sillaruedasindira-696x464-1-jpg.webp?fit=696%2C464&ssl=1\" \/>\n\t<meta property=\"og:image:width\" content=\"696\" \/>\n\t<meta property=\"og:image:height\" content=\"464\" \/>\n\t<meta property=\"og:image:type\" content=\"image\/jpeg\" \/>\n<meta name=\"author\" content=\"Redacci\u00f3n\" \/>\n<meta name=\"twitter:card\" content=\"summary_large_image\" \/>\n<meta name=\"twitter:creator\" content=\"@edgartove\" \/>\n<meta name=\"twitter:site\" content=\"@edgartove\" \/>\n<meta name=\"twitter:label1\" content=\"Escrito por\" \/>\n\t<meta name=\"twitter:data1\" content=\"Redacci\u00f3n\" \/>\n\t<meta name=\"twitter:label2\" content=\"Tiempo de lectura\" \/>\n\t<meta name=\"twitter:data2\" content=\"1 minuto\" \/>\n<script type=\"application\/ld+json\" class=\"yoast-schema-graph\">{\"@context\":\"https:\/\/schema.org\",\"@graph\":[{\"@type\":\"Article\",\"@id\":\"https:\/\/masquenoticias.mx\/index.php\/2023\/11\/22\/gobierno-de-indira-y-beneficencia-publica-proyectan-mas-apoyos\/#article\",\"isPartOf\":{\"@id\":\"https:\/\/masquenoticias.mx\/index.php\/2023\/11\/22\/gobierno-de-indira-y-beneficencia-publica-proyectan-mas-apoyos\/\"},\"author\":{\"name\":\"Redacci\u00f3n\",\"@id\":\"https:\/\/masquenoticias.mx\/#\/schema\/person\/544d19989ef23d34615f691f7a96e622\"},\"headline\":\"Gobierno de Indira y Beneficencia P\u00fablica proyectan m\u00e1s apoyos\",\"datePublished\":\"2023-11-23T00:46:31+00:00\",\"mainEntityOfPage\":{\"@id\":\"https:\/\/masquenoticias.mx\/index.php\/2023\/11\/22\/gobierno-de-indira-y-beneficencia-publica-proyectan-mas-apoyos\/\"},\"wordCount\":205,\"commentCount\":0,\"publisher\":{\"@id\":\"https:\/\/masquenoticias.mx\/#organization\"},\"image\":{\"@id\":\"https:\/\/masquenoticias.mx\/index.php\/2023\/11\/22\/gobierno-de-indira-y-beneficencia-publica-proyectan-mas-apoyos\/#primaryimage\"},\"thumbnailUrl\":\"https:\/\/i0.wp.com\/masquenoticias.mx\/wp-content\/uploads\/2023\/11\/sillaruedasindira-696x464-1-jpg.webp?fit=696%2C464&ssl=1\",\"keywords\":[\"Beneficencia\",\"Indira Vizca\u00edno\"],\"articleSection\":[\"Estado\"],\"inLanguage\":\"es\",\"potentialAction\":[{\"@type\":\"CommentAction\",\"name\":\"Comment\",\"target\":[\"https:\/\/masquenoticias.mx\/index.php\/2023\/11\/22\/gobierno-de-indira-y-beneficencia-publica-proyectan-mas-apoyos\/#respond\"]}]},{\"@type\":\"WebPage\",\"@id\":\"https:\/\/masquenoticias.mx\/index.php\/2023\/11\/22\/gobierno-de-indira-y-beneficencia-publica-proyectan-mas-apoyos\/\",\"url\":\"https:\/\/masquenoticias.mx\/index.php\/2023\/11\/22\/gobierno-de-indira-y-beneficencia-publica-proyectan-mas-apoyos\/\",\"name\":\"Gobierno de Indira y Beneficencia P\u00fablica proyectan m\u00e1s apoyos - M\u00e1s Que Noticias\",\"isPartOf\":{\"@id\":\"https:\/\/masquenoticias.mx\/#website\"},\"primaryImageOfPage\":{\"@id\":\"https:\/\/masquenoticias.mx\/index.php\/2023\/11\/22\/gobierno-de-indira-y-beneficencia-publica-proyectan-mas-apoyos\/#primaryimage\"},\"image\":{\"@id\":\"https:\/\/masquenoticias.mx\/index.php\/2023\/11\/22\/gobierno-de-indira-y-beneficencia-publica-proyectan-mas-apoyos\/#primaryimage\"},\"thumbnailUrl\":\"https:\/\/i0.wp.com\/masquenoticias.mx\/wp-content\/uploads\/2023\/11\/sillaruedasindira-696x464-1-jpg.webp?fit=696%2C464&ssl=1\",\"datePublished\":\"2023-11-23T00:46:31+00:00\",\"breadcrumb\":{\"@id\":\"https:\/\/masquenoticias.mx\/index.php\/2023\/11\/22\/gobierno-de-indira-y-beneficencia-publica-proyectan-mas-apoyos\/#breadcrumb\"},\"inLanguage\":\"es\",\"potentialAction\":[{\"@type\":\"ReadAction\",\"target\":[\"https:\/\/masquenoticias.mx\/index.php\/2023\/11\/22\/gobierno-de-indira-y-beneficencia-publica-proyectan-mas-apoyos\/\"]}]},{\"@type\":\"ImageObject\",\"inLanguage\":\"es\",\"@id\":\"https:\/\/masquenoticias.mx\/index.php\/2023\/11\/22\/gobierno-de-indira-y-beneficencia-publica-proyectan-mas-apoyos\/#primaryimage\",\"url\":\"https:\/\/i0.wp.com\/masquenoticias.mx\/wp-content\/uploads\/2023\/11\/sillaruedasindira-696x464-1-jpg.webp?fit=696%2C464&ssl=1\",\"contentUrl\":\"https:\/\/i0.wp.com\/masquenoticias.mx\/wp-content\/uploads\/2023\/11\/sillaruedasindira-696x464-1-jpg.webp?fit=696%2C464&ssl=1\",\"width\":696,\"height\":464},{\"@type\":\"BreadcrumbList\",\"@id\":\"https:\/\/masquenoticias.mx\/index.php\/2023\/11\/22\/gobierno-de-indira-y-beneficencia-publica-proyectan-mas-apoyos\/#breadcrumb\",\"itemListElement\":[{\"@type\":\"ListItem\",\"position\":1,\"name\":\"Inicio\",\"item\":\"https:\/\/masquenoticias.mx\/\"},{\"@type\":\"ListItem\",\"position\":2,\"name\":\"Gobierno de Indira y Beneficencia P\u00fablica proyectan m\u00e1s apoyos\"}]},{\"@type\":\"WebSite\",\"@id\":\"https:\/\/masquenoticias.mx\/#website\",\"url\":\"https:\/\/masquenoticias.mx\/\",\"name\":\"M\u00e1s Que Noticias\",\"description\":\"Noticias de Colima, M\u00e9xico y el Mundo\",\"publisher\":{\"@id\":\"https:\/\/masquenoticias.mx\/#organization\"},\"potentialAction\":[{\"@type\":\"SearchAction\",\"target\":{\"@type\":\"EntryPoint\",\"urlTemplate\":\"https:\/\/masquenoticias.mx\/?s={search_term_string}\"},\"query-input\":{\"@type\":\"PropertyValueSpecification\",\"valueRequired\":true,\"valueName\":\"search_term_string\"}}],\"inLanguage\":\"es\"},{\"@type\":\"Organization\",\"@id\":\"https:\/\/masquenoticias.mx\/#organization\",\"name\":\"M\u00e1s Que Noticias\",\"url\":\"https:\/\/masquenoticias.mx\/\",\"logo\":{\"@type\":\"ImageObject\",\"inLanguage\":\"es\",\"@id\":\"https:\/\/masquenoticias.mx\/#\/schema\/logo\/image\/\",\"url\":\"https:\/\/i0.wp.com\/masquenoticias.mx\/wp-content\/uploads\/2024\/04\/IMG_0004.png?fit=2560%2C1656&ssl=1\",\"contentUrl\":\"https:\/\/i0.wp.com\/masquenoticias.mx\/wp-content\/uploads\/2024\/04\/IMG_0004.png?fit=2560%2C1656&ssl=1\",\"width\":2560,\"height\":1656,\"caption\":\"M\u00e1s Que Noticias\"},\"image\":{\"@id\":\"https:\/\/masquenoticias.mx\/#\/schema\/logo\/image\/\"},\"sameAs\":[\"https:\/\/www.facebook.com\/masquenoticiascolima\",\"https:\/\/x.com\/edgartove\",\"https:\/\/www.instagram.com\/masquenoticiascolima\/\"]},{\"@type\":\"Person\",\"@id\":\"https:\/\/masquenoticias.mx\/#\/schema\/person\/544d19989ef23d34615f691f7a96e622\",\"name\":\"Redacci\u00f3n\",\"image\":{\"@type\":\"ImageObject\",\"inLanguage\":\"es\",\"@id\":\"https:\/\/masquenoticias.mx\/#\/schema\/person\/image\/\",\"url\":\"https:\/\/secure.gravatar.com\/avatar\/7fcc926d5b058d3f3d52d95b4d05dd58?s=96&d=mm&r=g\",\"contentUrl\":\"https:\/\/secure.gravatar.com\/avatar\/7fcc926d5b058d3f3d52d95b4d05dd58?s=96&d=mm&r=g\",\"caption\":\"Redacci\u00f3n\"},\"sameAs\":[\"http:\/\/masquenoticias.mx\"],\"url\":\"https:\/\/masquenoticias.mx\/index.php\/author\/edgartovegmail-com\/\"}]}<\/script>\n<!-- \/ Yoast SEO plugin. -->","yoast_head_json":{"title":"Gobierno de Indira y Beneficencia P\u00fablica proyectan m\u00e1s apoyos - M\u00e1s Que Noticias","robots":{"index":"index","follow":"follow","max-snippet":"max-snippet:-1","max-image-preview":"max-image-preview:large","max-video-preview":"max-video-preview:-1"},"canonical":"https:\/\/masquenoticias.mx\/index.php\/2023\/11\/22\/gobierno-de-indira-y-beneficencia-publica-proyectan-mas-apoyos\/","og_locale":"es_MX","og_type":"article","og_title":"Gobierno de Indira y Beneficencia P\u00fablica proyectan m\u00e1s apoyos - M\u00e1s Que Noticias","og_description":"Este a\u00f1o se alcanzaron importantes objetivos de apoyo a los colimense en esfuerzos coordinados, destac\u00f3 el director de la Beneficencia P\u00fablica Estatal, Luis C\u00e9sar D\u00e1vila Saint Mart\u00edn, en el marco del Segundo Informe de la gobernadora Indira Vizca\u00edno Silva. Record\u00f3 que fue en este periodo en el que se consiguieron 25 ambulancias nuevas y totalmente [&hellip;]","og_url":"https:\/\/masquenoticias.mx\/index.php\/2023\/11\/22\/gobierno-de-indira-y-beneficencia-publica-proyectan-mas-apoyos\/","og_site_name":"M\u00e1s Que Noticias","article_publisher":"https:\/\/www.facebook.com\/masquenoticiascolima","article_published_time":"2023-11-23T00:46:31+00:00","og_image":[{"width":696,"height":464,"url":"https:\/\/i0.wp.com\/masquenoticias.mx\/wp-content\/uploads\/2023\/11\/sillaruedasindira-696x464-1-jpg.webp?fit=696%2C464&ssl=1","type":"image\/jpeg"}],"author":"Redacci\u00f3n","twitter_card":"summary_large_image","twitter_creator":"@edgartove","twitter_site":"@edgartove","twitter_misc":{"Escrito por":"Redacci\u00f3n","Tiempo de lectura":"1 minuto"},"schema":{"@context":"https:\/\/schema.org","@graph":[{"@type":"Article","@id":"https:\/\/masquenoticias.mx\/index.php\/2023\/11\/22\/gobierno-de-indira-y-beneficencia-publica-proyectan-mas-apoyos\/#article","isPartOf":{"@id":"https:\/\/masquenoticias.mx\/index.php\/2023\/11\/22\/gobierno-de-indira-y-beneficencia-publica-proyectan-mas-apoyos\/"},"author":{"name":"Redacci\u00f3n","@id":"https:\/\/masquenoticias.mx\/#\/schema\/person\/544d19989ef23d34615f691f7a96e622"},"headline":"Gobierno de Indira y Beneficencia P\u00fablica proyectan m\u00e1s apoyos","datePublished":"2023-11-23T00:46:31+00:00","mainEntityOfPage":{"@id":"https:\/\/masquenoticias.mx\/index.php\/2023\/11\/22\/gobierno-de-indira-y-beneficencia-publica-proyectan-mas-apoyos\/"},"wordCount":205,"commentCount":0,"publisher":{"@id":"https:\/\/masquenoticias.mx\/#organization"},"image":{"@id":"https:\/\/masquenoticias.mx\/index.php\/2023\/11\/22\/gobierno-de-indira-y-beneficencia-publica-proyectan-mas-apoyos\/#primaryimage"},"thumbnailUrl":"https:\/\/i0.wp.com\/masquenoticias.mx\/wp-content\/uploads\/2023\/11\/sillaruedasindira-696x464-1-jpg.webp?fit=696%2C464&ssl=1","keywords":["Beneficencia","Indira Vizca\u00edno"],"articleSection":["Estado"],"inLanguage":"es","potentialAction":[{"@type":"CommentAction","name":"Comment","target":["https:\/\/masquenoticias.mx\/index.php\/2023\/11\/22\/gobierno-de-indira-y-beneficencia-publica-proyectan-mas-apoyos\/#respond"]}]},{"@type":"WebPage","@id":"https:\/\/masquenoticias.mx\/index.php\/2023\/11\/22\/gobierno-de-indira-y-beneficencia-publica-proyectan-mas-apoyos\/","url":"https:\/\/masquenoticias.mx\/index.php\/2023\/11\/22\/gobierno-de-indira-y-beneficencia-publica-proyectan-mas-apoyos\/","name":"Gobierno de Indira y Beneficencia P\u00fablica proyectan m\u00e1s apoyos - M\u00e1s Que Noticias","isPartOf":{"@id":"https:\/\/masquenoticias.mx\/#website"},"primaryImageOfPage":{"@id":"https:\/\/masquenoticias.mx\/index.php\/2023\/11\/22\/gobierno-de-indira-y-beneficencia-publica-proyectan-mas-apoyos\/#primaryimage"},"image":{"@id":"https:\/\/masquenoticias.mx\/index.php\/2023\/11\/22\/gobierno-de-indira-y-beneficencia-publica-proyectan-mas-apoyos\/#primaryimage"},"thumbnailUrl":"https:\/\/i0.wp.com\/masquenoticias.mx\/wp-content\/uploads\/2023\/11\/sillaruedasindira-696x464-1-jpg.webp?fit=696%2C464&ssl=1","datePublished":"2023-11-23T00:46:31+00:00","breadcrumb":{"@id":"https:\/\/masquenoticias.mx\/index.php\/2023\/11\/22\/gobierno-de-indira-y-beneficencia-publica-proyectan-mas-apoyos\/#breadcrumb"},"inLanguage":"es","potentialAction":[{"@type":"ReadAction","target":["https:\/\/masquenoticias.mx\/index.php\/2023\/11\/22\/gobierno-de-indira-y-beneficencia-publica-proyectan-mas-apoyos\/"]}]},{"@type":"ImageObject","inLanguage":"es","@id":"https:\/\/masquenoticias.mx\/index.php\/2023\/11\/22\/gobierno-de-indira-y-beneficencia-publica-proyectan-mas-apoyos\/#primaryimage","url":"https:\/\/i0.wp.com\/masquenoticias.mx\/wp-content\/uploads\/2023\/11\/sillaruedasindira-696x464-1-jpg.webp?fit=696%2C464&ssl=1","contentUrl":"https:\/\/i0.wp.com\/masquenoticias.mx\/wp-content\/uploads\/2023\/11\/sillaruedasindira-696x464-1-jpg.webp?fit=696%2C464&ssl=1","width":696,"height":464},{"@type":"BreadcrumbList","@id":"https:\/\/masquenoticias.mx\/index.php\/2023\/11\/22\/gobierno-de-indira-y-beneficencia-publica-proyectan-mas-apoyos\/#breadcrumb","itemListElement":[{"@type":"ListItem","position":1,"name":"Inicio","item":"https:\/\/masquenoticias.mx\/"},{"@type":"ListItem","position":2,"name":"Gobierno de Indira y Beneficencia P\u00fablica proyectan m\u00e1s apoyos"}]},{"@type":"WebSite","@id":"https:\/\/masquenoticias.mx\/#website","url":"https:\/\/masquenoticias.mx\/","name":"M\u00e1s Que Noticias","description":"Noticias de Colima, M\u00e9xico y el Mundo","publisher":{"@id":"https:\/\/masquenoticias.mx\/#organization"},"potentialAction":[{"@type":"SearchAction","target":{"@type":"EntryPoint","urlTemplate":"https:\/\/masquenoticias.mx\/?s={search_term_string}"},"query-input":{"@type":"PropertyValueSpecification","valueRequired":true,"valueName":"search_term_string"}}],"inLanguage":"es"},{"@type":"Organization","@id":"https:\/\/masquenoticias.mx\/#organization","name":"M\u00e1s Que Noticias","url":"https:\/\/masquenoticias.mx\/","logo":{"@type":"ImageObject","inLanguage":"es","@id":"https:\/\/masquenoticias.mx\/#\/schema\/logo\/image\/","url":"https:\/\/i0.wp.com\/masquenoticias.mx\/wp-content\/uploads\/2024\/04\/IMG_0004.png?fit=2560%2C1656&ssl=1","contentUrl":"https:\/\/i0.wp.com\/masquenoticias.mx\/wp-content\/uploads\/2024\/04\/IMG_0004.png?fit=2560%2C1656&ssl=1","width":2560,"height":1656,"caption":"M\u00e1s Que Noticias"},"image":{"@id":"https:\/\/masquenoticias.mx\/#\/schema\/logo\/image\/"},"sameAs":["https:\/\/www.facebook.com\/masquenoticiascolima","https:\/\/x.com\/edgartove","https:\/\/www.instagram.com\/masquenoticiascolima\/"]},{"@type":"Person","@id":"https:\/\/masquenoticias.mx\/#\/schema\/person\/544d19989ef23d34615f691f7a96e622","name":"Redacci\u00f3n","image":{"@type":"ImageObject","inLanguage":"es","@id":"https:\/\/masquenoticias.mx\/#\/schema\/person\/image\/","url":"https:\/\/secure.gravatar.com\/avatar\/7fcc926d5b058d3f3d52d95b4d05dd58?s=96&d=mm&r=g","contentUrl":"https:\/\/secure.gravatar.com\/avatar\/7fcc926d5b058d3f3d52d95b4d05dd58?s=96&d=mm&r=g","caption":"Redacci\u00f3n"},"sameAs":["http:\/\/masquenoticias.mx"],"url":"https:\/\/masquenoticias.mx\/index.php\/author\/edgartovegmail-com\/"}]}},"jetpack_featured_media_url":"https:\/\/i0.wp.com\/masquenoticias.mx\/wp-content\/uploads\/2023\/11\/sillaruedasindira-696x464-1-jpg.webp?fit=696%2C464&ssl=1","blog_post_layout_featured_media_urls":{"thumbnail":["https:\/\/i0.wp.com\/masquenoticias.mx\/wp-content\/uploads\/2023\/11\/sillaruedasindira-696x464-1-jpg.webp?resize=150%2C150&ssl=1",150,150,true],"full":["https:\/\/i0.wp.com\/masquenoticias.mx\/wp-content\/uploads\/2023\/11\/sillaruedasindira-696x464-1-jpg.webp?fit=696%2C464&ssl=1",696,464,false]},"categories_names":{"24":{"name":"Estado","link":"https:\/\/masquenoticias.mx\/index.php\/category\/estado\/"}},"tags_names":{"396":{"name":"Beneficencia","link":"https:\/\/masquenoticias.mx\/index.php\/tag\/beneficencia\/"},"26":{"name":"Indira Vizca\u00edno","link":"https:\/\/masquenoticias.mx\/index.php\/tag\/indira-vizcaino\/"}},"comments_number":"0","wpmagazine_modules_lite_featured_media_urls":{"thumbnail":["https:\/\/i0.wp.com\/masquenoticias.mx\/wp-content\/uploads\/2023\/11\/sillaruedasindira-696x464-1-jpg.webp?resize=150%2C150&ssl=1",150,150,true],"cvmm-medium":["https:\/\/i0.wp.com\/masquenoticias.mx\/wp-content\/uploads\/2023\/11\/sillaruedasindira-696x464-1-jpg.webp?resize=300%2C300&ssl=1",300,300,true],"cvmm-medium-plus":["https:\/\/i0.wp.com\/masquenoticias.mx\/wp-content\/uploads\/2023\/11\/sillaruedasindira-696x464-1-jpg.webp?resize=305%2C207&ssl=1",305,207,true],"cvmm-portrait":["https:\/\/i0.wp.com\/masquenoticias.mx\/wp-content\/uploads\/2023\/11\/sillaruedasindira-696x464-1-jpg.webp?resize=400%2C464&ssl=1",400,464,true],"cvmm-medium-square":["https:\/\/i0.wp.com\/masquenoticias.mx\/wp-content\/uploads\/2023\/11\/sillaruedasindira-696x464-1-jpg.webp?resize=600%2C464&ssl=1",600,464,true],"cvmm-large":["https:\/\/i0.wp.com\/masquenoticias.mx\/wp-content\/uploads\/2023\/11\/sillaruedasindira-696x464-1-jpg.webp?resize=696%2C464&ssl=1",696,464,true],"cvmm-small":["https:\/\/i0.wp.com\/masquenoticias.mx\/wp-content\/uploads\/2023\/11\/sillaruedasindira-696x464-1-jpg.webp?resize=130%2C95&ssl=1",130,95,true],"full":["https:\/\/i0.wp.com\/masquenoticias.mx\/wp-content\/uploads\/2023\/11\/sillaruedasindira-696x464-1-jpg.webp?fit=696%2C464&ssl=1",696,464,false]},"jetpack-related-posts":[],"jetpack_sharing_enabled":true,"jetpack_likes_enabled":true,"jetpack_shortlink":"https:\/\/wp.me\/pf7pkt-1ml","_links":{"self":[{"href":"https:\/\/masquenoticias.mx\/index.php\/wp-json\/wp\/v2\/posts\/5229","targetHints":{"allow":["GET"]}}],"collection":[{"href":"https:\/\/masquenoticias.mx\/index.php\/wp-json\/wp\/v2\/posts"}],"about":[{"href":"https:\/\/masquenoticias.mx\/index.php\/wp-json\/wp\/v2\/types\/post"}],"author":[{"embeddable":true,"href":"https:\/\/masquenoticias.mx\/index.php\/wp-json\/wp\/v2\/users\/1"}],"replies":[{"embeddable":true,"href":"https:\/\/masquenoticias.mx\/index.php\/wp-json\/wp\/v2\/comments?post=5229"}],"version-history":[{"count":0,"href":"https:\/\/masquenoticias.mx\/index.php\/wp-json\/wp\/v2\/posts\/5229\/revisions"}],"wp:featuredmedia":[{"embeddable":true,"href":"https:\/\/masquenoticias.mx\/index.php\/wp-json\/wp\/v2\/media\/5230"}],"wp:attachment":[{"href":"https:\/\/masquenoticias.mx\/index.php\/wp-json\/wp\/v2\/media?parent=5229"}],"wp:term":[{"taxonomy":"category","embeddable":true,"href":"https:\/\/masquenoticias.mx\/index.php\/wp-json\/wp\/v2\/categories?post=5229"},{"taxonomy":"post_tag","embeddable":true,"href":"https:\/\/masquenoticias.mx\/index.php\/wp-json\/wp\/v2\/tags?post=5229"}],"curies":[{"name":"wp","href":"https:\/\/api.w.org\/{rel}","templated":true}]}}