{"id":5094,"date":"2023-11-18T10:17:37","date_gmt":"2023-11-18T16:17:37","guid":{"rendered":"https:\/\/masquenoticias.mx\/?p=5094"},"modified":"2023-11-18T10:17:37","modified_gmt":"2023-11-18T16:17:37","slug":"icm-lleva-ferias-de-servicios-y-promocion-de-la-independencia-economica-a-mujeres-de-coquimatlan","status":"publish","type":"post","link":"https:\/\/masquenoticias.mx\/index.php\/2023\/11\/18\/icm-lleva-ferias-de-servicios-y-promocion-de-la-independencia-economica-a-mujeres-de-coquimatlan\/","title":{"rendered":"ICM lleva ferias de servicios y promoci\u00f3n de la independencia econ\u00f3mica a mujeres de Coquimatl\u00e1n"},"content":{"rendered":"<p>El Instituto Colimense de las Mujeres (ICM) realiz\u00f3 en el jard\u00edn principal de Coquimatl\u00e1n la Feria por la Transformaci\u00f3n \u2018Mujeres por la Paz\u2019 y la Feria para el Adelanto, Bienestar e Igualdad de las Mujeres: servicios de salud y actividad econ\u00f3mica, donde brind\u00f3 informaci\u00f3n sobre tr\u00e1mites institucionales y de salud, e impuls\u00f3 los emprendimientos de las coquimatlenses, ofreci\u00e9ndoles un espacio d\u00f3nde darlos a conocer.<\/p>\n<p>Con estas Ferias el ICM busca generar bienestar y condiciones para una vida libre de violencia, as\u00ed como promover el acceso de las mujeres a servicios gubernamentales, sobre todo de aquellas que viven fuera de la zona conurbada de Colima y Villa de \u00c1lvarez.<\/p>\n<p>Las ferias en este municipio fueron posible gracias al trabajo coordinado entre ICM, el Instituto Mexicano del Seguro Social (IMSS Bienestar) y diversas instancias estatales y municipales dedicadas a la ni\u00f1ez, mujeres y derechos humanos, las cuales tambi\u00e9n ofrecieron sus servicios como asesor\u00eda legal, psicol\u00f3gica y de trabajo social, detecci\u00f3n de comorbilidades y promoci\u00f3n de la denuncia.<\/p>\n<p>La encargada del despacho del ICM, M\u00f3nica Liliana Campos Maga\u00f1a, indic\u00f3 que &#8220;cuando una mujer es aut\u00f3noma econ\u00f3micamente, es libre de tomar decisiones&#8221; y que, &#8220;adem\u00e1s, si les ofrecemos estos servicios que son para ellas, buscando salvaguardar sus derechos, estaremos abonando para erradicar las violencias&#8221;.<\/p>\n<p>Por su parte, la alcaldesa de Coquimatl\u00e1n, Leonor Alcaraz Manzo, expuso su satisfacci\u00f3n por ver emprender a las mujeres de su municipio y se\u00f1al\u00f3 que en su administraci\u00f3n est\u00e1n &#8220;decididas a trabajar de la mano para evitar la violencia contra las mujeres y para que se sigan empoderando en todos los \u00e1mbitos: profesional, familiar y en el amor propio como mujeres&#8221;.<\/p>\n<div class=\"tiled-gallery type-rectangular tiled-gallery-unresized\" data-original-width=\"640\" data-carousel-extra='null' itemscope itemtype=\"http:\/\/schema.org\/ImageGallery\" > <div class=\"gallery-row\" style=\"width: 640px; height: 96px;\" data-original-width=\"640\" data-original-height=\"96\" > <div class=\"gallery-group images-1\" style=\"width: 167px; height: 96px;\" data-original-width=\"167\" data-original-height=\"96\" > <div class=\"tiled-gallery-item tiled-gallery-item-small\" itemprop=\"associatedMedia\" itemscope itemtype=\"http:\/\/schema.org\/ImageObject\"> <a href=\"https:\/\/masquenoticias.mx\/index.php\/2023\/11\/18\/icm-lleva-ferias-de-servicios-y-promocion-de-la-independencia-economica-a-mujeres-de-coquimatlan\/whatsapp-image-2023-11-18-at-08-49-17\/\" border=\"0\" itemprop=\"url\"> <meta itemprop=\"width\" content=\"163\"> <meta itemprop=\"height\" content=\"92\"> <img loading=\"lazy\" decoding=\"async\" class=\"\" data-attachment-id=\"5099\" data-orig-file=\"https:\/\/masquenoticias.mx\/wp-content\/uploads\/2023\/11\/WhatsApp-Image-2023-11-18-at-08.49.17-jpeg.webp\" data-orig-size=\"1600,907\" data-comments-opened=\"1\" data-image-meta=\"{&quot;aperture&quot;:&quot;0&quot;,&quot;credit&quot;:&quot;&quot;,&quot;camera&quot;:&quot;&quot;,&quot;caption&quot;:&quot;&quot;,&quot;created_timestamp&quot;:&quot;0&quot;,&quot;copyright&quot;:&quot;&quot;,&quot;focal_length&quot;:&quot;0&quot;,&quot;iso&quot;:&quot;0&quot;,&quot;shutter_speed&quot;:&quot;0&quot;,&quot;title&quot;:&quot;&quot;,&quot;orientation&quot;:&quot;0&quot;}\" data-image-title=\"WhatsApp Image 2023-11-18 at 08.49.17\" data-image-description=\"\" data-medium-file=\"https:\/\/i0.wp.com\/masquenoticias.mx\/wp-content\/uploads\/2023\/11\/WhatsApp-Image-2023-11-18-at-08.49.17-jpeg.webp?fit=300%2C170&#038;ssl=1\" data-large-file=\"https:\/\/i0.wp.com\/masquenoticias.mx\/wp-content\/uploads\/2023\/11\/WhatsApp-Image-2023-11-18-at-08.49.17-jpeg.webp?fit=640%2C363&#038;ssl=1\" src=\"https:\/\/i0.wp.com\/masquenoticias.mx\/wp-content\/uploads\/2023\/11\/WhatsApp-Image-2023-11-18-at-08.49.17-jpeg.webp?w=163&#038;h=92&#038;ssl=1\" srcset=\"https:\/\/i0.wp.com\/masquenoticias.mx\/wp-content\/uploads\/2023\/11\/WhatsApp-Image-2023-11-18-at-08.49.17-jpeg.webp?w=1600&amp;ssl=1 1600w, https:\/\/i0.wp.com\/masquenoticias.mx\/wp-content\/uploads\/2023\/11\/WhatsApp-Image-2023-11-18-at-08.49.17-jpeg.webp?resize=300%2C170&amp;ssl=1 300w, https:\/\/i0.wp.com\/masquenoticias.mx\/wp-content\/uploads\/2023\/11\/WhatsApp-Image-2023-11-18-at-08.49.17-jpeg.webp?resize=1024%2C580&amp;ssl=1 1024w, https:\/\/i0.wp.com\/masquenoticias.mx\/wp-content\/uploads\/2023\/11\/WhatsApp-Image-2023-11-18-at-08.49.17-jpeg.webp?resize=768%2C435&amp;ssl=1 768w, https:\/\/i0.wp.com\/masquenoticias.mx\/wp-content\/uploads\/2023\/11\/WhatsApp-Image-2023-11-18-at-08.49.17-jpeg.webp?resize=1536%2C871&amp;ssl=1 1536w, https:\/\/i0.wp.com\/masquenoticias.mx\/wp-content\/uploads\/2023\/11\/WhatsApp-Image-2023-11-18-at-08.49.17-jpeg.webp?w=1280&amp;ssl=1 1280w\" width=\"163\" height=\"92\" loading=\"lazy\" data-original-width=\"163\" data-original-height=\"92\" itemprop=\"http:\/\/schema.org\/image\" title=\"WhatsApp Image 2023-11-18 at 08.49.17\" alt=\"WhatsApp Image 2023-11-18 at 08.49.17\" style=\"width: 163px; height: 92px;\" \/> <\/a> <\/div> <\/div> <!-- close group --> <div class=\"gallery-group images-1\" style=\"width: 169px; height: 96px;\" data-original-width=\"169\" data-original-height=\"96\" > <div class=\"tiled-gallery-item tiled-gallery-item-small\" itemprop=\"associatedMedia\" itemscope itemtype=\"http:\/\/schema.org\/ImageObject\"> <a href=\"https:\/\/masquenoticias.mx\/index.php\/2023\/11\/18\/icm-lleva-ferias-de-servicios-y-promocion-de-la-independencia-economica-a-mujeres-de-coquimatlan\/whatsapp-image-2023-11-18-at-08-49-17-3\/\" border=\"0\" itemprop=\"url\"> <meta itemprop=\"width\" content=\"165\"> <meta itemprop=\"height\" content=\"92\"> <img loading=\"lazy\" decoding=\"async\" class=\"\" data-attachment-id=\"5098\" data-orig-file=\"https:\/\/masquenoticias.mx\/wp-content\/uploads\/2023\/11\/WhatsApp-Image-2023-11-18-at-08.49.17-3-jpeg.webp\" data-orig-size=\"1576,878\" data-comments-opened=\"1\" data-image-meta=\"{&quot;aperture&quot;:&quot;0&quot;,&quot;credit&quot;:&quot;&quot;,&quot;camera&quot;:&quot;&quot;,&quot;caption&quot;:&quot;&quot;,&quot;created_timestamp&quot;:&quot;0&quot;,&quot;copyright&quot;:&quot;&quot;,&quot;focal_length&quot;:&quot;0&quot;,&quot;iso&quot;:&quot;0&quot;,&quot;shutter_speed&quot;:&quot;0&quot;,&quot;title&quot;:&quot;&quot;,&quot;orientation&quot;:&quot;0&quot;}\" data-image-title=\"WhatsApp Image 2023-11-18 at 08.49.17 (3)\" data-image-description=\"\" data-medium-file=\"https:\/\/i0.wp.com\/masquenoticias.mx\/wp-content\/uploads\/2023\/11\/WhatsApp-Image-2023-11-18-at-08.49.17-3-jpeg.webp?fit=300%2C167&#038;ssl=1\" data-large-file=\"https:\/\/i0.wp.com\/masquenoticias.mx\/wp-content\/uploads\/2023\/11\/WhatsApp-Image-2023-11-18-at-08.49.17-3-jpeg.webp?fit=640%2C356&#038;ssl=1\" src=\"https:\/\/i0.wp.com\/masquenoticias.mx\/wp-content\/uploads\/2023\/11\/WhatsApp-Image-2023-11-18-at-08.49.17-3-jpeg.webp?w=165&#038;h=92&#038;ssl=1\" srcset=\"https:\/\/i0.wp.com\/masquenoticias.mx\/wp-content\/uploads\/2023\/11\/WhatsApp-Image-2023-11-18-at-08.49.17-3-jpeg.webp?w=1576&amp;ssl=1 1576w, https:\/\/i0.wp.com\/masquenoticias.mx\/wp-content\/uploads\/2023\/11\/WhatsApp-Image-2023-11-18-at-08.49.17-3-jpeg.webp?resize=300%2C167&amp;ssl=1 300w, https:\/\/i0.wp.com\/masquenoticias.mx\/wp-content\/uploads\/2023\/11\/WhatsApp-Image-2023-11-18-at-08.49.17-3-jpeg.webp?resize=1024%2C570&amp;ssl=1 1024w, https:\/\/i0.wp.com\/masquenoticias.mx\/wp-content\/uploads\/2023\/11\/WhatsApp-Image-2023-11-18-at-08.49.17-3-jpeg.webp?resize=768%2C428&amp;ssl=1 768w, https:\/\/i0.wp.com\/masquenoticias.mx\/wp-content\/uploads\/2023\/11\/WhatsApp-Image-2023-11-18-at-08.49.17-3-jpeg.webp?resize=1536%2C856&amp;ssl=1 1536w, https:\/\/i0.wp.com\/masquenoticias.mx\/wp-content\/uploads\/2023\/11\/WhatsApp-Image-2023-11-18-at-08.49.17-3-jpeg.webp?w=1280&amp;ssl=1 1280w\" width=\"165\" height=\"92\" loading=\"lazy\" data-original-width=\"165\" data-original-height=\"92\" itemprop=\"http:\/\/schema.org\/image\" title=\"WhatsApp Image 2023-11-18 at 08.49.17 (3)\" alt=\"WhatsApp Image 2023-11-18 at 08.49.17 (3)\" style=\"width: 165px; height: 92px;\" \/> <\/a> <\/div> <\/div> <!-- close group --> <div class=\"gallery-group images-1\" style=\"width: 168px; height: 96px;\" data-original-width=\"168\" data-original-height=\"96\" > <div class=\"tiled-gallery-item tiled-gallery-item-small\" itemprop=\"associatedMedia\" itemscope itemtype=\"http:\/\/schema.org\/ImageObject\"> <a href=\"https:\/\/masquenoticias.mx\/index.php\/2023\/11\/18\/icm-lleva-ferias-de-servicios-y-promocion-de-la-independencia-economica-a-mujeres-de-coquimatlan\/whatsapp-image-2023-11-18-at-08-49-17-2\/\" border=\"0\" itemprop=\"url\"> <meta itemprop=\"width\" content=\"164\"> <meta itemprop=\"height\" content=\"92\"> <img loading=\"lazy\" decoding=\"async\" class=\"\" data-attachment-id=\"5097\" data-orig-file=\"https:\/\/masquenoticias.mx\/wp-content\/uploads\/2023\/11\/WhatsApp-Image-2023-11-18-at-08.49.17-2-jpeg.webp\" data-orig-size=\"1600,897\" data-comments-opened=\"1\" data-image-meta=\"{&quot;aperture&quot;:&quot;0&quot;,&quot;credit&quot;:&quot;&quot;,&quot;camera&quot;:&quot;&quot;,&quot;caption&quot;:&quot;&quot;,&quot;created_timestamp&quot;:&quot;0&quot;,&quot;copyright&quot;:&quot;&quot;,&quot;focal_length&quot;:&quot;0&quot;,&quot;iso&quot;:&quot;0&quot;,&quot;shutter_speed&quot;:&quot;0&quot;,&quot;title&quot;:&quot;&quot;,&quot;orientation&quot;:&quot;0&quot;}\" data-image-title=\"WhatsApp Image 2023-11-18 at 08.49.17 (2)\" data-image-description=\"\" data-medium-file=\"https:\/\/i0.wp.com\/masquenoticias.mx\/wp-content\/uploads\/2023\/11\/WhatsApp-Image-2023-11-18-at-08.49.17-2-jpeg.webp?fit=300%2C168&#038;ssl=1\" data-large-file=\"https:\/\/i0.wp.com\/masquenoticias.mx\/wp-content\/uploads\/2023\/11\/WhatsApp-Image-2023-11-18-at-08.49.17-2-jpeg.webp?fit=640%2C359&#038;ssl=1\" src=\"https:\/\/i0.wp.com\/masquenoticias.mx\/wp-content\/uploads\/2023\/11\/WhatsApp-Image-2023-11-18-at-08.49.17-2-jpeg.webp?w=164&#038;h=92&#038;ssl=1\" srcset=\"https:\/\/i0.wp.com\/masquenoticias.mx\/wp-content\/uploads\/2023\/11\/WhatsApp-Image-2023-11-18-at-08.49.17-2-jpeg.webp?w=1600&amp;ssl=1 1600w, https:\/\/i0.wp.com\/masquenoticias.mx\/wp-content\/uploads\/2023\/11\/WhatsApp-Image-2023-11-18-at-08.49.17-2-jpeg.webp?resize=300%2C168&amp;ssl=1 300w, https:\/\/i0.wp.com\/masquenoticias.mx\/wp-content\/uploads\/2023\/11\/WhatsApp-Image-2023-11-18-at-08.49.17-2-jpeg.webp?resize=1024%2C574&amp;ssl=1 1024w, https:\/\/i0.wp.com\/masquenoticias.mx\/wp-content\/uploads\/2023\/11\/WhatsApp-Image-2023-11-18-at-08.49.17-2-jpeg.webp?resize=768%2C431&amp;ssl=1 768w, https:\/\/i0.wp.com\/masquenoticias.mx\/wp-content\/uploads\/2023\/11\/WhatsApp-Image-2023-11-18-at-08.49.17-2-jpeg.webp?resize=1536%2C861&amp;ssl=1 1536w, https:\/\/i0.wp.com\/masquenoticias.mx\/wp-content\/uploads\/2023\/11\/WhatsApp-Image-2023-11-18-at-08.49.17-2-jpeg.webp?w=1280&amp;ssl=1 1280w\" width=\"164\" height=\"92\" loading=\"lazy\" data-original-width=\"164\" data-original-height=\"92\" itemprop=\"http:\/\/schema.org\/image\" title=\"WhatsApp Image 2023-11-18 at 08.49.17 (2)\" alt=\"WhatsApp Image 2023-11-18 at 08.49.17 (2)\" style=\"width: 164px; height: 92px;\" \/> <\/a> <\/div> <\/div> <!-- close group --> <div class=\"gallery-group images-1\" style=\"width: 136px; height: 96px;\" data-original-width=\"136\" data-original-height=\"96\" > <div class=\"tiled-gallery-item tiled-gallery-item-small\" itemprop=\"associatedMedia\" itemscope itemtype=\"http:\/\/schema.org\/ImageObject\"> <a href=\"https:\/\/masquenoticias.mx\/index.php\/2023\/11\/18\/icm-lleva-ferias-de-servicios-y-promocion-de-la-independencia-economica-a-mujeres-de-coquimatlan\/whatsapp-image-2023-11-18-at-08-49-16\/\" border=\"0\" itemprop=\"url\"> <meta itemprop=\"width\" content=\"132\"> <meta itemprop=\"height\" content=\"92\"> <img loading=\"lazy\" decoding=\"async\" class=\"\" data-attachment-id=\"5095\" data-orig-file=\"https:\/\/masquenoticias.mx\/wp-content\/uploads\/2023\/11\/WhatsApp-Image-2023-11-18-at-08.49.16-jpeg.webp\" data-orig-size=\"1495,1041\" data-comments-opened=\"1\" data-image-meta=\"{&quot;aperture&quot;:&quot;0&quot;,&quot;credit&quot;:&quot;&quot;,&quot;camera&quot;:&quot;&quot;,&quot;caption&quot;:&quot;&quot;,&quot;created_timestamp&quot;:&quot;0&quot;,&quot;copyright&quot;:&quot;&quot;,&quot;focal_length&quot;:&quot;0&quot;,&quot;iso&quot;:&quot;0&quot;,&quot;shutter_speed&quot;:&quot;0&quot;,&quot;title&quot;:&quot;&quot;,&quot;orientation&quot;:&quot;0&quot;}\" data-image-title=\"WhatsApp Image 2023-11-18 at 08.49.16\" data-image-description=\"\" data-medium-file=\"https:\/\/i0.wp.com\/masquenoticias.mx\/wp-content\/uploads\/2023\/11\/WhatsApp-Image-2023-11-18-at-08.49.16-jpeg.webp?fit=300%2C209&#038;ssl=1\" data-large-file=\"https:\/\/i0.wp.com\/masquenoticias.mx\/wp-content\/uploads\/2023\/11\/WhatsApp-Image-2023-11-18-at-08.49.16-jpeg.webp?fit=640%2C446&#038;ssl=1\" src=\"https:\/\/i0.wp.com\/masquenoticias.mx\/wp-content\/uploads\/2023\/11\/WhatsApp-Image-2023-11-18-at-08.49.16-jpeg.webp?w=132&#038;h=92&#038;ssl=1\" srcset=\"https:\/\/i0.wp.com\/masquenoticias.mx\/wp-content\/uploads\/2023\/11\/WhatsApp-Image-2023-11-18-at-08.49.16-jpeg.webp?w=1495&amp;ssl=1 1495w, https:\/\/i0.wp.com\/masquenoticias.mx\/wp-content\/uploads\/2023\/11\/WhatsApp-Image-2023-11-18-at-08.49.16-jpeg.webp?resize=300%2C209&amp;ssl=1 300w, https:\/\/i0.wp.com\/masquenoticias.mx\/wp-content\/uploads\/2023\/11\/WhatsApp-Image-2023-11-18-at-08.49.16-jpeg.webp?resize=1024%2C713&amp;ssl=1 1024w, https:\/\/i0.wp.com\/masquenoticias.mx\/wp-content\/uploads\/2023\/11\/WhatsApp-Image-2023-11-18-at-08.49.16-jpeg.webp?resize=768%2C535&amp;ssl=1 768w, https:\/\/i0.wp.com\/masquenoticias.mx\/wp-content\/uploads\/2023\/11\/WhatsApp-Image-2023-11-18-at-08.49.16-jpeg.webp?w=1280&amp;ssl=1 1280w\" width=\"132\" height=\"92\" loading=\"lazy\" data-original-width=\"132\" data-original-height=\"92\" itemprop=\"http:\/\/schema.org\/image\" title=\"WhatsApp Image 2023-11-18 at 08.49.16\" alt=\"WhatsApp Image 2023-11-18 at 08.49.16\" style=\"width: 132px; height: 92px;\" \/> <\/a> <\/div> <\/div> <!-- close group --> <\/div> <!-- close row --> <\/div>\n","protected":false},"excerpt":{"rendered":"<p>El Instituto Colimense de las Mujeres (ICM) realiz\u00f3 en el jard\u00edn principal de Coquimatl\u00e1n la Feria por la Transformaci\u00f3n \u2018Mujeres por la Paz\u2019 y la Feria para el Adelanto, Bienestar e Igualdad de las Mujeres: servicios de salud y actividad econ\u00f3mica, donde brind\u00f3 informaci\u00f3n sobre tr\u00e1mites institucionales y de salud, e impuls\u00f3 los emprendimientos de [&hellip;]<\/p>\n","protected":false},"author":2,"featured_media":5096,"comment_status":"open","ping_status":"open","sticky":false,"template":"","format":"standard","meta":{"_jetpack_memberships_contains_paid_content":false,"footnotes":""},"categories":[28],"tags":[212,139],"class_list":["post-5094","post","type-post","status-publish","format-standard","has-post-thumbnail","hentry","category-municipios","tag-coquimatlan","tag-icm"],"yoast_head":"<!-- This site is optimized with the Yoast SEO plugin v26.6 - https:\/\/yoast.com\/wordpress\/plugins\/seo\/ -->\n<title>ICM lleva ferias de servicios y promoci\u00f3n de la independencia econ\u00f3mica a mujeres de Coquimatl\u00e1n - M\u00e1s Que Noticias<\/title>\n<meta name=\"robots\" content=\"index, follow, max-snippet:-1, max-image-preview:large, max-video-preview:-1\" \/>\n<link rel=\"canonical\" href=\"https:\/\/masquenoticias.mx\/index.php\/2023\/11\/18\/icm-lleva-ferias-de-servicios-y-promocion-de-la-independencia-economica-a-mujeres-de-coquimatlan\/\" \/>\n<meta property=\"og:locale\" content=\"es_MX\" \/>\n<meta property=\"og:type\" content=\"article\" \/>\n<meta property=\"og:title\" content=\"ICM lleva ferias de servicios y promoci\u00f3n de la independencia econ\u00f3mica a mujeres de Coquimatl\u00e1n - M\u00e1s Que Noticias\" \/>\n<meta property=\"og:description\" content=\"El Instituto Colimense de las Mujeres (ICM) realiz\u00f3 en el jard\u00edn principal de Coquimatl\u00e1n la Feria por la Transformaci\u00f3n \u2018Mujeres por la Paz\u2019 y la Feria para el Adelanto, Bienestar e Igualdad de las Mujeres: servicios de salud y actividad econ\u00f3mica, donde brind\u00f3 informaci\u00f3n sobre tr\u00e1mites institucionales y de salud, e impuls\u00f3 los emprendimientos de [&hellip;]\" \/>\n<meta property=\"og:url\" content=\"https:\/\/masquenoticias.mx\/index.php\/2023\/11\/18\/icm-lleva-ferias-de-servicios-y-promocion-de-la-independencia-economica-a-mujeres-de-coquimatlan\/\" \/>\n<meta property=\"og:site_name\" content=\"M\u00e1s Que Noticias\" \/>\n<meta property=\"article:publisher\" content=\"https:\/\/www.facebook.com\/masquenoticiascolima\" \/>\n<meta property=\"article:published_time\" content=\"2023-11-18T16:17:37+00:00\" \/>\n<meta property=\"og:image\" content=\"https:\/\/i0.wp.com\/masquenoticias.mx\/wp-content\/uploads\/2023\/11\/WhatsApp-Image-2023-11-18-at-08.49.17-1-jpeg.webp?fit=1600%2C1027&ssl=1\" \/>\n\t<meta property=\"og:image:width\" content=\"1600\" \/>\n\t<meta property=\"og:image:height\" content=\"1027\" \/>\n\t<meta property=\"og:image:type\" content=\"image\/jpeg\" \/>\n<meta name=\"author\" content=\"Redacci\u00f3n\" \/>\n<meta name=\"twitter:card\" content=\"summary_large_image\" \/>\n<meta name=\"twitter:creator\" content=\"@edgartove\" \/>\n<meta name=\"twitter:site\" content=\"@edgartove\" \/>\n<meta name=\"twitter:label1\" content=\"Escrito por\" \/>\n\t<meta name=\"twitter:data1\" content=\"Redacci\u00f3n\" \/>\n\t<meta name=\"twitter:label2\" content=\"Tiempo de lectura\" \/>\n\t<meta name=\"twitter:data2\" content=\"2 minutos\" \/>\n<script type=\"application\/ld+json\" class=\"yoast-schema-graph\">{\"@context\":\"https:\/\/schema.org\",\"@graph\":[{\"@type\":\"Article\",\"@id\":\"https:\/\/masquenoticias.mx\/index.php\/2023\/11\/18\/icm-lleva-ferias-de-servicios-y-promocion-de-la-independencia-economica-a-mujeres-de-coquimatlan\/#article\",\"isPartOf\":{\"@id\":\"https:\/\/masquenoticias.mx\/index.php\/2023\/11\/18\/icm-lleva-ferias-de-servicios-y-promocion-de-la-independencia-economica-a-mujeres-de-coquimatlan\/\"},\"author\":{\"name\":\"Redacci\u00f3n\",\"@id\":\"https:\/\/masquenoticias.mx\/#\/schema\/person\/6229637729ad377d24e2154e3b30720b\"},\"headline\":\"ICM lleva ferias de servicios y promoci\u00f3n de la independencia econ\u00f3mica a mujeres de Coquimatl\u00e1n\",\"datePublished\":\"2023-11-18T16:17:37+00:00\",\"mainEntityOfPage\":{\"@id\":\"https:\/\/masquenoticias.mx\/index.php\/2023\/11\/18\/icm-lleva-ferias-de-servicios-y-promocion-de-la-independencia-economica-a-mujeres-de-coquimatlan\/\"},\"wordCount\":319,\"commentCount\":0,\"publisher\":{\"@id\":\"https:\/\/masquenoticias.mx\/#organization\"},\"image\":{\"@id\":\"https:\/\/masquenoticias.mx\/index.php\/2023\/11\/18\/icm-lleva-ferias-de-servicios-y-promocion-de-la-independencia-economica-a-mujeres-de-coquimatlan\/#primaryimage\"},\"thumbnailUrl\":\"https:\/\/i0.wp.com\/masquenoticias.mx\/wp-content\/uploads\/2023\/11\/WhatsApp-Image-2023-11-18-at-08.49.17-1-jpeg.webp?fit=1600%2C1027&ssl=1\",\"keywords\":[\"Coquimatl\u00e1n\",\"ICM\"],\"articleSection\":[\"Municipios\"],\"inLanguage\":\"es\",\"potentialAction\":[{\"@type\":\"CommentAction\",\"name\":\"Comment\",\"target\":[\"https:\/\/masquenoticias.mx\/index.php\/2023\/11\/18\/icm-lleva-ferias-de-servicios-y-promocion-de-la-independencia-economica-a-mujeres-de-coquimatlan\/#respond\"]}]},{\"@type\":\"WebPage\",\"@id\":\"https:\/\/masquenoticias.mx\/index.php\/2023\/11\/18\/icm-lleva-ferias-de-servicios-y-promocion-de-la-independencia-economica-a-mujeres-de-coquimatlan\/\",\"url\":\"https:\/\/masquenoticias.mx\/index.php\/2023\/11\/18\/icm-lleva-ferias-de-servicios-y-promocion-de-la-independencia-economica-a-mujeres-de-coquimatlan\/\",\"name\":\"ICM lleva ferias de servicios y promoci\u00f3n de la independencia econ\u00f3mica a mujeres de Coquimatl\u00e1n - M\u00e1s Que Noticias\",\"isPartOf\":{\"@id\":\"https:\/\/masquenoticias.mx\/#website\"},\"primaryImageOfPage\":{\"@id\":\"https:\/\/masquenoticias.mx\/index.php\/2023\/11\/18\/icm-lleva-ferias-de-servicios-y-promocion-de-la-independencia-economica-a-mujeres-de-coquimatlan\/#primaryimage\"},\"image\":{\"@id\":\"https:\/\/masquenoticias.mx\/index.php\/2023\/11\/18\/icm-lleva-ferias-de-servicios-y-promocion-de-la-independencia-economica-a-mujeres-de-coquimatlan\/#primaryimage\"},\"thumbnailUrl\":\"https:\/\/i0.wp.com\/masquenoticias.mx\/wp-content\/uploads\/2023\/11\/WhatsApp-Image-2023-11-18-at-08.49.17-1-jpeg.webp?fit=1600%2C1027&ssl=1\",\"datePublished\":\"2023-11-18T16:17:37+00:00\",\"breadcrumb\":{\"@id\":\"https:\/\/masquenoticias.mx\/index.php\/2023\/11\/18\/icm-lleva-ferias-de-servicios-y-promocion-de-la-independencia-economica-a-mujeres-de-coquimatlan\/#breadcrumb\"},\"inLanguage\":\"es\",\"potentialAction\":[{\"@type\":\"ReadAction\",\"target\":[\"https:\/\/masquenoticias.mx\/index.php\/2023\/11\/18\/icm-lleva-ferias-de-servicios-y-promocion-de-la-independencia-economica-a-mujeres-de-coquimatlan\/\"]}]},{\"@type\":\"ImageObject\",\"inLanguage\":\"es\",\"@id\":\"https:\/\/masquenoticias.mx\/index.php\/2023\/11\/18\/icm-lleva-ferias-de-servicios-y-promocion-de-la-independencia-economica-a-mujeres-de-coquimatlan\/#primaryimage\",\"url\":\"https:\/\/i0.wp.com\/masquenoticias.mx\/wp-content\/uploads\/2023\/11\/WhatsApp-Image-2023-11-18-at-08.49.17-1-jpeg.webp?fit=1600%2C1027&ssl=1\",\"contentUrl\":\"https:\/\/i0.wp.com\/masquenoticias.mx\/wp-content\/uploads\/2023\/11\/WhatsApp-Image-2023-11-18-at-08.49.17-1-jpeg.webp?fit=1600%2C1027&ssl=1\",\"width\":1600,\"height\":1027},{\"@type\":\"BreadcrumbList\",\"@id\":\"https:\/\/masquenoticias.mx\/index.php\/2023\/11\/18\/icm-lleva-ferias-de-servicios-y-promocion-de-la-independencia-economica-a-mujeres-de-coquimatlan\/#breadcrumb\",\"itemListElement\":[{\"@type\":\"ListItem\",\"position\":1,\"name\":\"Inicio\",\"item\":\"https:\/\/masquenoticias.mx\/\"},{\"@type\":\"ListItem\",\"position\":2,\"name\":\"ICM lleva ferias de servicios y promoci\u00f3n de la independencia econ\u00f3mica a mujeres de Coquimatl\u00e1n\"}]},{\"@type\":\"WebSite\",\"@id\":\"https:\/\/masquenoticias.mx\/#website\",\"url\":\"https:\/\/masquenoticias.mx\/\",\"name\":\"M\u00e1s Que Noticias\",\"description\":\"Noticias de Colima, M\u00e9xico y el Mundo\",\"publisher\":{\"@id\":\"https:\/\/masquenoticias.mx\/#organization\"},\"potentialAction\":[{\"@type\":\"SearchAction\",\"target\":{\"@type\":\"EntryPoint\",\"urlTemplate\":\"https:\/\/masquenoticias.mx\/?s={search_term_string}\"},\"query-input\":{\"@type\":\"PropertyValueSpecification\",\"valueRequired\":true,\"valueName\":\"search_term_string\"}}],\"inLanguage\":\"es\"},{\"@type\":\"Organization\",\"@id\":\"https:\/\/masquenoticias.mx\/#organization\",\"name\":\"M\u00e1s Que Noticias\",\"url\":\"https:\/\/masquenoticias.mx\/\",\"logo\":{\"@type\":\"ImageObject\",\"inLanguage\":\"es\",\"@id\":\"https:\/\/masquenoticias.mx\/#\/schema\/logo\/image\/\",\"url\":\"https:\/\/i0.wp.com\/masquenoticias.mx\/wp-content\/uploads\/2024\/04\/IMG_0004.png?fit=2560%2C1656&ssl=1\",\"contentUrl\":\"https:\/\/i0.wp.com\/masquenoticias.mx\/wp-content\/uploads\/2024\/04\/IMG_0004.png?fit=2560%2C1656&ssl=1\",\"width\":2560,\"height\":1656,\"caption\":\"M\u00e1s Que Noticias\"},\"image\":{\"@id\":\"https:\/\/masquenoticias.mx\/#\/schema\/logo\/image\/\"},\"sameAs\":[\"https:\/\/www.facebook.com\/masquenoticiascolima\",\"https:\/\/x.com\/edgartove\",\"https:\/\/www.instagram.com\/masquenoticiascolima\/\"]},{\"@type\":\"Person\",\"@id\":\"https:\/\/masquenoticias.mx\/#\/schema\/person\/6229637729ad377d24e2154e3b30720b\",\"name\":\"Redacci\u00f3n\",\"image\":{\"@type\":\"ImageObject\",\"inLanguage\":\"es\",\"@id\":\"https:\/\/masquenoticias.mx\/#\/schema\/person\/image\/\",\"url\":\"https:\/\/secure.gravatar.com\/avatar\/73899f6b3a3034eb6f719669835ca3a4?s=96&d=mm&r=g\",\"contentUrl\":\"https:\/\/secure.gravatar.com\/avatar\/73899f6b3a3034eb6f719669835ca3a4?s=96&d=mm&r=g\",\"caption\":\"Redacci\u00f3n\"},\"url\":\"https:\/\/masquenoticias.mx\/index.php\/author\/bunburytorresgmail-com\/\"}]}<\/script>\n<!-- \/ Yoast SEO plugin. -->","yoast_head_json":{"title":"ICM lleva ferias de servicios y promoci\u00f3n de la independencia econ\u00f3mica a mujeres de Coquimatl\u00e1n - M\u00e1s Que Noticias","robots":{"index":"index","follow":"follow","max-snippet":"max-snippet:-1","max-image-preview":"max-image-preview:large","max-video-preview":"max-video-preview:-1"},"canonical":"https:\/\/masquenoticias.mx\/index.php\/2023\/11\/18\/icm-lleva-ferias-de-servicios-y-promocion-de-la-independencia-economica-a-mujeres-de-coquimatlan\/","og_locale":"es_MX","og_type":"article","og_title":"ICM lleva ferias de servicios y promoci\u00f3n de la independencia econ\u00f3mica a mujeres de Coquimatl\u00e1n - M\u00e1s Que Noticias","og_description":"El Instituto Colimense de las Mujeres (ICM) realiz\u00f3 en el jard\u00edn principal de Coquimatl\u00e1n la Feria por la Transformaci\u00f3n \u2018Mujeres por la Paz\u2019 y la Feria para el Adelanto, Bienestar e Igualdad de las Mujeres: servicios de salud y actividad econ\u00f3mica, donde brind\u00f3 informaci\u00f3n sobre tr\u00e1mites institucionales y de salud, e impuls\u00f3 los emprendimientos de [&hellip;]","og_url":"https:\/\/masquenoticias.mx\/index.php\/2023\/11\/18\/icm-lleva-ferias-de-servicios-y-promocion-de-la-independencia-economica-a-mujeres-de-coquimatlan\/","og_site_name":"M\u00e1s Que Noticias","article_publisher":"https:\/\/www.facebook.com\/masquenoticiascolima","article_published_time":"2023-11-18T16:17:37+00:00","og_image":[{"width":1600,"height":1027,"url":"https:\/\/i0.wp.com\/masquenoticias.mx\/wp-content\/uploads\/2023\/11\/WhatsApp-Image-2023-11-18-at-08.49.17-1-jpeg.webp?fit=1600%2C1027&ssl=1","type":"image\/jpeg"}],"author":"Redacci\u00f3n","twitter_card":"summary_large_image","twitter_creator":"@edgartove","twitter_site":"@edgartove","twitter_misc":{"Escrito por":"Redacci\u00f3n","Tiempo de lectura":"2 minutos"},"schema":{"@context":"https:\/\/schema.org","@graph":[{"@type":"Article","@id":"https:\/\/masquenoticias.mx\/index.php\/2023\/11\/18\/icm-lleva-ferias-de-servicios-y-promocion-de-la-independencia-economica-a-mujeres-de-coquimatlan\/#article","isPartOf":{"@id":"https:\/\/masquenoticias.mx\/index.php\/2023\/11\/18\/icm-lleva-ferias-de-servicios-y-promocion-de-la-independencia-economica-a-mujeres-de-coquimatlan\/"},"author":{"name":"Redacci\u00f3n","@id":"https:\/\/masquenoticias.mx\/#\/schema\/person\/6229637729ad377d24e2154e3b30720b"},"headline":"ICM lleva ferias de servicios y promoci\u00f3n de la independencia econ\u00f3mica a mujeres de Coquimatl\u00e1n","datePublished":"2023-11-18T16:17:37+00:00","mainEntityOfPage":{"@id":"https:\/\/masquenoticias.mx\/index.php\/2023\/11\/18\/icm-lleva-ferias-de-servicios-y-promocion-de-la-independencia-economica-a-mujeres-de-coquimatlan\/"},"wordCount":319,"commentCount":0,"publisher":{"@id":"https:\/\/masquenoticias.mx\/#organization"},"image":{"@id":"https:\/\/masquenoticias.mx\/index.php\/2023\/11\/18\/icm-lleva-ferias-de-servicios-y-promocion-de-la-independencia-economica-a-mujeres-de-coquimatlan\/#primaryimage"},"thumbnailUrl":"https:\/\/i0.wp.com\/masquenoticias.mx\/wp-content\/uploads\/2023\/11\/WhatsApp-Image-2023-11-18-at-08.49.17-1-jpeg.webp?fit=1600%2C1027&ssl=1","keywords":["Coquimatl\u00e1n","ICM"],"articleSection":["Municipios"],"inLanguage":"es","potentialAction":[{"@type":"CommentAction","name":"Comment","target":["https:\/\/masquenoticias.mx\/index.php\/2023\/11\/18\/icm-lleva-ferias-de-servicios-y-promocion-de-la-independencia-economica-a-mujeres-de-coquimatlan\/#respond"]}]},{"@type":"WebPage","@id":"https:\/\/masquenoticias.mx\/index.php\/2023\/11\/18\/icm-lleva-ferias-de-servicios-y-promocion-de-la-independencia-economica-a-mujeres-de-coquimatlan\/","url":"https:\/\/masquenoticias.mx\/index.php\/2023\/11\/18\/icm-lleva-ferias-de-servicios-y-promocion-de-la-independencia-economica-a-mujeres-de-coquimatlan\/","name":"ICM lleva ferias de servicios y promoci\u00f3n de la independencia econ\u00f3mica a mujeres de Coquimatl\u00e1n - M\u00e1s Que Noticias","isPartOf":{"@id":"https:\/\/masquenoticias.mx\/#website"},"primaryImageOfPage":{"@id":"https:\/\/masquenoticias.mx\/index.php\/2023\/11\/18\/icm-lleva-ferias-de-servicios-y-promocion-de-la-independencia-economica-a-mujeres-de-coquimatlan\/#primaryimage"},"image":{"@id":"https:\/\/masquenoticias.mx\/index.php\/2023\/11\/18\/icm-lleva-ferias-de-servicios-y-promocion-de-la-independencia-economica-a-mujeres-de-coquimatlan\/#primaryimage"},"thumbnailUrl":"https:\/\/i0.wp.com\/masquenoticias.mx\/wp-content\/uploads\/2023\/11\/WhatsApp-Image-2023-11-18-at-08.49.17-1-jpeg.webp?fit=1600%2C1027&ssl=1","datePublished":"2023-11-18T16:17:37+00:00","breadcrumb":{"@id":"https:\/\/masquenoticias.mx\/index.php\/2023\/11\/18\/icm-lleva-ferias-de-servicios-y-promocion-de-la-independencia-economica-a-mujeres-de-coquimatlan\/#breadcrumb"},"inLanguage":"es","potentialAction":[{"@type":"ReadAction","target":["https:\/\/masquenoticias.mx\/index.php\/2023\/11\/18\/icm-lleva-ferias-de-servicios-y-promocion-de-la-independencia-economica-a-mujeres-de-coquimatlan\/"]}]},{"@type":"ImageObject","inLanguage":"es","@id":"https:\/\/masquenoticias.mx\/index.php\/2023\/11\/18\/icm-lleva-ferias-de-servicios-y-promocion-de-la-independencia-economica-a-mujeres-de-coquimatlan\/#primaryimage","url":"https:\/\/i0.wp.com\/masquenoticias.mx\/wp-content\/uploads\/2023\/11\/WhatsApp-Image-2023-11-18-at-08.49.17-1-jpeg.webp?fit=1600%2C1027&ssl=1","contentUrl":"https:\/\/i0.wp.com\/masquenoticias.mx\/wp-content\/uploads\/2023\/11\/WhatsApp-Image-2023-11-18-at-08.49.17-1-jpeg.webp?fit=1600%2C1027&ssl=1","width":1600,"height":1027},{"@type":"BreadcrumbList","@id":"https:\/\/masquenoticias.mx\/index.php\/2023\/11\/18\/icm-lleva-ferias-de-servicios-y-promocion-de-la-independencia-economica-a-mujeres-de-coquimatlan\/#breadcrumb","itemListElement":[{"@type":"ListItem","position":1,"name":"Inicio","item":"https:\/\/masquenoticias.mx\/"},{"@type":"ListItem","position":2,"name":"ICM lleva ferias de servicios y promoci\u00f3n de la independencia econ\u00f3mica a mujeres de Coquimatl\u00e1n"}]},{"@type":"WebSite","@id":"https:\/\/masquenoticias.mx\/#website","url":"https:\/\/masquenoticias.mx\/","name":"M\u00e1s Que Noticias","description":"Noticias de Colima, M\u00e9xico y el Mundo","publisher":{"@id":"https:\/\/masquenoticias.mx\/#organization"},"potentialAction":[{"@type":"SearchAction","target":{"@type":"EntryPoint","urlTemplate":"https:\/\/masquenoticias.mx\/?s={search_term_string}"},"query-input":{"@type":"PropertyValueSpecification","valueRequired":true,"valueName":"search_term_string"}}],"inLanguage":"es"},{"@type":"Organization","@id":"https:\/\/masquenoticias.mx\/#organization","name":"M\u00e1s Que Noticias","url":"https:\/\/masquenoticias.mx\/","logo":{"@type":"ImageObject","inLanguage":"es","@id":"https:\/\/masquenoticias.mx\/#\/schema\/logo\/image\/","url":"https:\/\/i0.wp.com\/masquenoticias.mx\/wp-content\/uploads\/2024\/04\/IMG_0004.png?fit=2560%2C1656&ssl=1","contentUrl":"https:\/\/i0.wp.com\/masquenoticias.mx\/wp-content\/uploads\/2024\/04\/IMG_0004.png?fit=2560%2C1656&ssl=1","width":2560,"height":1656,"caption":"M\u00e1s Que Noticias"},"image":{"@id":"https:\/\/masquenoticias.mx\/#\/schema\/logo\/image\/"},"sameAs":["https:\/\/www.facebook.com\/masquenoticiascolima","https:\/\/x.com\/edgartove","https:\/\/www.instagram.com\/masquenoticiascolima\/"]},{"@type":"Person","@id":"https:\/\/masquenoticias.mx\/#\/schema\/person\/6229637729ad377d24e2154e3b30720b","name":"Redacci\u00f3n","image":{"@type":"ImageObject","inLanguage":"es","@id":"https:\/\/masquenoticias.mx\/#\/schema\/person\/image\/","url":"https:\/\/secure.gravatar.com\/avatar\/73899f6b3a3034eb6f719669835ca3a4?s=96&d=mm&r=g","contentUrl":"https:\/\/secure.gravatar.com\/avatar\/73899f6b3a3034eb6f719669835ca3a4?s=96&d=mm&r=g","caption":"Redacci\u00f3n"},"url":"https:\/\/masquenoticias.mx\/index.php\/author\/bunburytorresgmail-com\/"}]}},"jetpack_featured_media_url":"https:\/\/i0.wp.com\/masquenoticias.mx\/wp-content\/uploads\/2023\/11\/WhatsApp-Image-2023-11-18-at-08.49.17-1-jpeg.webp?fit=1600%2C1027&ssl=1","blog_post_layout_featured_media_urls":{"thumbnail":["https:\/\/i0.wp.com\/masquenoticias.mx\/wp-content\/uploads\/2023\/11\/WhatsApp-Image-2023-11-18-at-08.49.17-1-jpeg.webp?resize=150%2C150&ssl=1",150,150,true],"full":["https:\/\/i0.wp.com\/masquenoticias.mx\/wp-content\/uploads\/2023\/11\/WhatsApp-Image-2023-11-18-at-08.49.17-1-jpeg.webp?fit=1600%2C1027&ssl=1",1600,1027,false]},"categories_names":{"28":{"name":"Municipios","link":"https:\/\/masquenoticias.mx\/index.php\/category\/municipios\/"}},"tags_names":{"212":{"name":"Coquimatl\u00e1n","link":"https:\/\/masquenoticias.mx\/index.php\/tag\/coquimatlan\/"},"139":{"name":"ICM","link":"https:\/\/masquenoticias.mx\/index.php\/tag\/icm\/"}},"comments_number":"0","wpmagazine_modules_lite_featured_media_urls":{"thumbnail":["https:\/\/i0.wp.com\/masquenoticias.mx\/wp-content\/uploads\/2023\/11\/WhatsApp-Image-2023-11-18-at-08.49.17-1-jpeg.webp?resize=150%2C150&ssl=1",150,150,true],"cvmm-medium":["https:\/\/i0.wp.com\/masquenoticias.mx\/wp-content\/uploads\/2023\/11\/WhatsApp-Image-2023-11-18-at-08.49.17-1-jpeg.webp?resize=300%2C300&ssl=1",300,300,true],"cvmm-medium-plus":["https:\/\/i0.wp.com\/masquenoticias.mx\/wp-content\/uploads\/2023\/11\/WhatsApp-Image-2023-11-18-at-08.49.17-1-jpeg.webp?resize=305%2C207&ssl=1",305,207,true],"cvmm-portrait":["https:\/\/i0.wp.com\/masquenoticias.mx\/wp-content\/uploads\/2023\/11\/WhatsApp-Image-2023-11-18-at-08.49.17-1-jpeg.webp?resize=400%2C600&ssl=1",400,600,true],"cvmm-medium-square":["https:\/\/i0.wp.com\/masquenoticias.mx\/wp-content\/uploads\/2023\/11\/WhatsApp-Image-2023-11-18-at-08.49.17-1-jpeg.webp?resize=600%2C600&ssl=1",600,600,true],"cvmm-large":["https:\/\/i0.wp.com\/masquenoticias.mx\/wp-content\/uploads\/2023\/11\/WhatsApp-Image-2023-11-18-at-08.49.17-1-jpeg.webp?resize=1024%2C1024&ssl=1",1024,1024,true],"cvmm-small":["https:\/\/i0.wp.com\/masquenoticias.mx\/wp-content\/uploads\/2023\/11\/WhatsApp-Image-2023-11-18-at-08.49.17-1-jpeg.webp?resize=130%2C95&ssl=1",130,95,true],"full":["https:\/\/i0.wp.com\/masquenoticias.mx\/wp-content\/uploads\/2023\/11\/WhatsApp-Image-2023-11-18-at-08.49.17-1-jpeg.webp?fit=1600%2C1027&ssl=1",1600,1027,false]},"jetpack-related-posts":[],"jetpack_sharing_enabled":true,"jetpack_likes_enabled":true,"jetpack_shortlink":"https:\/\/wp.me\/pf7pkt-1ka","_links":{"self":[{"href":"https:\/\/masquenoticias.mx\/index.php\/wp-json\/wp\/v2\/posts\/5094","targetHints":{"allow":["GET"]}}],"collection":[{"href":"https:\/\/masquenoticias.mx\/index.php\/wp-json\/wp\/v2\/posts"}],"about":[{"href":"https:\/\/masquenoticias.mx\/index.php\/wp-json\/wp\/v2\/types\/post"}],"author":[{"embeddable":true,"href":"https:\/\/masquenoticias.mx\/index.php\/wp-json\/wp\/v2\/users\/2"}],"replies":[{"embeddable":true,"href":"https:\/\/masquenoticias.mx\/index.php\/wp-json\/wp\/v2\/comments?post=5094"}],"version-history":[{"count":0,"href":"https:\/\/masquenoticias.mx\/index.php\/wp-json\/wp\/v2\/posts\/5094\/revisions"}],"wp:featuredmedia":[{"embeddable":true,"href":"https:\/\/masquenoticias.mx\/index.php\/wp-json\/wp\/v2\/media\/5096"}],"wp:attachment":[{"href":"https:\/\/masquenoticias.mx\/index.php\/wp-json\/wp\/v2\/media?parent=5094"}],"wp:term":[{"taxonomy":"category","embeddable":true,"href":"https:\/\/masquenoticias.mx\/index.php\/wp-json\/wp\/v2\/categories?post=5094"},{"taxonomy":"post_tag","embeddable":true,"href":"https:\/\/masquenoticias.mx\/index.php\/wp-json\/wp\/v2\/tags?post=5094"}],"curies":[{"name":"wp","href":"https:\/\/api.w.org\/{rel}","templated":true}]}}