{"id":4755,"date":"2023-11-10T15:10:31","date_gmt":"2023-11-10T21:10:31","guid":{"rendered":"https:\/\/masquenoticias.mx\/?p=4755"},"modified":"2023-11-10T15:10:31","modified_gmt":"2023-11-10T21:10:31","slug":"viridiana-valencia-anuncia-el-primer-envio-de-viveres-recibidos-en-bienestar-colima-para-damnificados-de-guerrero","status":"publish","type":"post","link":"https:\/\/masquenoticias.mx\/index.php\/2023\/11\/10\/viridiana-valencia-anuncia-el-primer-envio-de-viveres-recibidos-en-bienestar-colima-para-damnificados-de-guerrero\/","title":{"rendered":"Viridiana Valencia anuncia el primer env\u00edo de v\u00edveres recibidos en Bienestar Colima para damnificados de Guerrero"},"content":{"rendered":"<p>La delegada estatal de Programas para el Bienestar, Viridiana Valencia Vargas, anunci\u00f3 que este fin de semana ser\u00e1n llevados a Acapulco y Coyuca de Ben\u00edtez, en Guerrero, los v\u00edveres que colimenses han entregado en los centros de acopio de la Delegaci\u00f3n y la Subdelegaci\u00f3n de Bienestar Colima para apoyar a las familias afectadas por el hurac\u00e1n Otis.<\/p>\n<p>Acompa\u00f1ada de campesinas y campesinos del programa Sembrando Vida, que hicieron importantes donaciones de alimentos y otros art\u00edculos, la funcionaria federal agradeci\u00f3 su apoyo, as\u00ed como el de todas y todos los colimenses que han realizado sus aportaciones en especie.<\/p>\n<p>\u201cQuiero explicarles que, cada fin de semana, hay relevos de servidoras y servidores de la naci\u00f3n de esta Delegaci\u00f3n en Guerrero, por lo que tambi\u00e9n, cada fin de semana, estaremos en condiciones de enviar el apoyo que se vaya recolectando en los centros de acopio, por lo que pueden tener la seguridad de que la ayuda de ustedes va a llegar a su destino en poco tiempo\u201d, indic\u00f3.<\/p>\n<p>Viridiana Valencia inform\u00f3 que en tanto no termine todo el proceso que conlleva el censo de familias afectadas que se levanta en Acapulco y Coyuca, las y los servidores de la naci\u00f3n de la Delegaci\u00f3n de Bienestar Colima continuar\u00e1n en Guerrero.<\/p>\n<p>Para finalizar, record\u00f3 que los centros de acopio contin\u00faan abiertos, uno en la Delegaci\u00f3n de Bienestar, con domicilio en Av. San Fernando 458, colonia Centro; y el otro en la Subdelegaci\u00f3n, en la calle Francisco Hern\u00e1ndez Espinoza 120, colonia Camino Real. El horario de atenci\u00f3n es de 9 de la ma\u00f1ana a 3 de la tarde, de lunes a viernes; mientras que los s\u00e1bados y domingos es de 9 de la ma\u00f1ana a 2 de la tarde.<\/p>\n<p>&nbsp;<\/p>\n<p>Los productos que se reciben son: agua embotellada, leche en polvo, alimentos no perecederos y\/o enlatados, as\u00ed como comida para mascotas; art\u00edculos de aseo personal, como jab\u00f3n, shampoo, papel higi\u00e9nico, toallas sanitarias femeninas, pa\u00f1ales para adulto y para beb\u00e9; y ropa limpia y en buen estado.<\/p>\n<div class=\"tiled-gallery type-rectangular tiled-gallery-unresized\" data-original-width=\"640\" data-carousel-extra='null' itemscope itemtype=\"http:\/\/schema.org\/ImageGallery\" > <div class=\"gallery-row\" style=\"width: 640px; height: 190px;\" data-original-width=\"640\" data-original-height=\"190\" > <div class=\"gallery-group images-1\" style=\"width: 334px; height: 190px;\" data-original-width=\"334\" data-original-height=\"190\" > <div class=\"tiled-gallery-item tiled-gallery-item-large\" itemprop=\"associatedMedia\" itemscope itemtype=\"http:\/\/schema.org\/ImageObject\"> <a href=\"https:\/\/masquenoticias.mx\/index.php\/2023\/11\/10\/viridiana-valencia-anuncia-el-primer-envio-de-viveres-recibidos-en-bienestar-colima-para-damnificados-de-guerrero\/imagen-de-whatsapp-2023-11-10-a-las-15-04-16_43a02b1f\/\" border=\"0\" itemprop=\"url\"> <meta itemprop=\"width\" content=\"330\"> <meta itemprop=\"height\" content=\"186\"> <img loading=\"lazy\" decoding=\"async\" class=\"\" data-attachment-id=\"4757\" data-orig-file=\"https:\/\/masquenoticias.mx\/wp-content\/uploads\/2023\/11\/Imagen-de-WhatsApp-2023-11-10-a-las-15.04.16_43a02b1f-jpg.webp\" data-orig-size=\"1600,900\" data-comments-opened=\"1\" data-image-meta=\"{&quot;aperture&quot;:&quot;0&quot;,&quot;credit&quot;:&quot;&quot;,&quot;camera&quot;:&quot;&quot;,&quot;caption&quot;:&quot;&quot;,&quot;created_timestamp&quot;:&quot;0&quot;,&quot;copyright&quot;:&quot;&quot;,&quot;focal_length&quot;:&quot;0&quot;,&quot;iso&quot;:&quot;0&quot;,&quot;shutter_speed&quot;:&quot;0&quot;,&quot;title&quot;:&quot;&quot;,&quot;orientation&quot;:&quot;0&quot;}\" data-image-title=\"Imagen de WhatsApp 2023-11-10 a las 15.04.16_43a02b1f\" data-image-description=\"\" data-medium-file=\"https:\/\/i0.wp.com\/masquenoticias.mx\/wp-content\/uploads\/2023\/11\/Imagen-de-WhatsApp-2023-11-10-a-las-15.04.16_43a02b1f-jpg.webp?fit=300%2C169&#038;ssl=1\" data-large-file=\"https:\/\/i0.wp.com\/masquenoticias.mx\/wp-content\/uploads\/2023\/11\/Imagen-de-WhatsApp-2023-11-10-a-las-15.04.16_43a02b1f-jpg.webp?fit=640%2C360&#038;ssl=1\" src=\"https:\/\/i0.wp.com\/masquenoticias.mx\/wp-content\/uploads\/2023\/11\/Imagen-de-WhatsApp-2023-11-10-a-las-15.04.16_43a02b1f-jpg.webp?w=330&#038;h=186&#038;ssl=1\" srcset=\"https:\/\/i0.wp.com\/masquenoticias.mx\/wp-content\/uploads\/2023\/11\/Imagen-de-WhatsApp-2023-11-10-a-las-15.04.16_43a02b1f-jpg.webp?w=1600&amp;ssl=1 1600w, https:\/\/i0.wp.com\/masquenoticias.mx\/wp-content\/uploads\/2023\/11\/Imagen-de-WhatsApp-2023-11-10-a-las-15.04.16_43a02b1f-jpg.webp?resize=300%2C169&amp;ssl=1 300w, https:\/\/i0.wp.com\/masquenoticias.mx\/wp-content\/uploads\/2023\/11\/Imagen-de-WhatsApp-2023-11-10-a-las-15.04.16_43a02b1f-jpg.webp?resize=1024%2C576&amp;ssl=1 1024w, https:\/\/i0.wp.com\/masquenoticias.mx\/wp-content\/uploads\/2023\/11\/Imagen-de-WhatsApp-2023-11-10-a-las-15.04.16_43a02b1f-jpg.webp?resize=768%2C432&amp;ssl=1 768w, https:\/\/i0.wp.com\/masquenoticias.mx\/wp-content\/uploads\/2023\/11\/Imagen-de-WhatsApp-2023-11-10-a-las-15.04.16_43a02b1f-jpg.webp?resize=1536%2C864&amp;ssl=1 1536w, https:\/\/i0.wp.com\/masquenoticias.mx\/wp-content\/uploads\/2023\/11\/Imagen-de-WhatsApp-2023-11-10-a-las-15.04.16_43a02b1f-jpg.webp?w=1280&amp;ssl=1 1280w\" width=\"330\" height=\"186\" loading=\"lazy\" data-original-width=\"330\" data-original-height=\"186\" itemprop=\"http:\/\/schema.org\/image\" title=\"Imagen de WhatsApp 2023-11-10 a las 15.04.16_43a02b1f\" alt=\"Imagen de WhatsApp 2023-11-10 a las 15.04.16_43a02b1f\" style=\"width: 330px; height: 186px;\" \/> <\/a> <\/div> <\/div> <!-- close group --> <div class=\"gallery-group images-1\" style=\"width: 306px; height: 190px;\" data-original-width=\"306\" data-original-height=\"190\" > <div class=\"tiled-gallery-item tiled-gallery-item-large\" itemprop=\"associatedMedia\" itemscope itemtype=\"http:\/\/schema.org\/ImageObject\"> <a href=\"https:\/\/masquenoticias.mx\/index.php\/2023\/11\/10\/viridiana-valencia-anuncia-el-primer-envio-de-viveres-recibidos-en-bienestar-colima-para-damnificados-de-guerrero\/imagen-de-whatsapp-2023-11-10-a-las-15-04-16_6d9997c4\/\" border=\"0\" itemprop=\"url\"> <meta itemprop=\"width\" content=\"302\"> <meta itemprop=\"height\" content=\"186\"> <img loading=\"lazy\" decoding=\"async\" class=\"\" data-attachment-id=\"4756\" data-orig-file=\"https:\/\/masquenoticias.mx\/wp-content\/uploads\/2023\/11\/Imagen-de-WhatsApp-2023-11-10-a-las-15.04.16_6d9997c4-jpg.webp\" data-orig-size=\"1314,810\" data-comments-opened=\"1\" data-image-meta=\"{&quot;aperture&quot;:&quot;0&quot;,&quot;credit&quot;:&quot;&quot;,&quot;camera&quot;:&quot;&quot;,&quot;caption&quot;:&quot;&quot;,&quot;created_timestamp&quot;:&quot;0&quot;,&quot;copyright&quot;:&quot;&quot;,&quot;focal_length&quot;:&quot;0&quot;,&quot;iso&quot;:&quot;0&quot;,&quot;shutter_speed&quot;:&quot;0&quot;,&quot;title&quot;:&quot;&quot;,&quot;orientation&quot;:&quot;0&quot;}\" data-image-title=\"Imagen de WhatsApp 2023-11-10 a las 15.04.16_6d9997c4\" data-image-description=\"\" data-medium-file=\"https:\/\/i0.wp.com\/masquenoticias.mx\/wp-content\/uploads\/2023\/11\/Imagen-de-WhatsApp-2023-11-10-a-las-15.04.16_6d9997c4-jpg.webp?fit=300%2C185&#038;ssl=1\" data-large-file=\"https:\/\/i0.wp.com\/masquenoticias.mx\/wp-content\/uploads\/2023\/11\/Imagen-de-WhatsApp-2023-11-10-a-las-15.04.16_6d9997c4-jpg.webp?fit=640%2C394&#038;ssl=1\" src=\"https:\/\/i0.wp.com\/masquenoticias.mx\/wp-content\/uploads\/2023\/11\/Imagen-de-WhatsApp-2023-11-10-a-las-15.04.16_6d9997c4-jpg.webp?w=302&#038;h=186&#038;ssl=1\" srcset=\"https:\/\/i0.wp.com\/masquenoticias.mx\/wp-content\/uploads\/2023\/11\/Imagen-de-WhatsApp-2023-11-10-a-las-15.04.16_6d9997c4-jpg.webp?w=1314&amp;ssl=1 1314w, https:\/\/i0.wp.com\/masquenoticias.mx\/wp-content\/uploads\/2023\/11\/Imagen-de-WhatsApp-2023-11-10-a-las-15.04.16_6d9997c4-jpg.webp?resize=300%2C185&amp;ssl=1 300w, https:\/\/i0.wp.com\/masquenoticias.mx\/wp-content\/uploads\/2023\/11\/Imagen-de-WhatsApp-2023-11-10-a-las-15.04.16_6d9997c4-jpg.webp?resize=1024%2C631&amp;ssl=1 1024w, https:\/\/i0.wp.com\/masquenoticias.mx\/wp-content\/uploads\/2023\/11\/Imagen-de-WhatsApp-2023-11-10-a-las-15.04.16_6d9997c4-jpg.webp?resize=768%2C473&amp;ssl=1 768w\" width=\"302\" height=\"186\" loading=\"lazy\" data-original-width=\"302\" data-original-height=\"186\" itemprop=\"http:\/\/schema.org\/image\" title=\"Imagen de WhatsApp 2023-11-10 a las 15.04.16_6d9997c4\" alt=\"Imagen de WhatsApp 2023-11-10 a las 15.04.16_6d9997c4\" style=\"width: 302px; height: 186px;\" \/> <\/a> <\/div> <\/div> <!-- close group --> <\/div> <!-- close row --> <\/div>\n","protected":false},"excerpt":{"rendered":"<p>La delegada estatal de Programas para el Bienestar, Viridiana Valencia Vargas, anunci\u00f3 que este fin de semana ser\u00e1n llevados a Acapulco y Coyuca de Ben\u00edtez, en Guerrero, los v\u00edveres que colimenses han entregado en los centros de acopio de la Delegaci\u00f3n y la Subdelegaci\u00f3n de Bienestar Colima para apoyar a las familias afectadas por el [&hellip;]<\/p>\n","protected":false},"author":2,"featured_media":4758,"comment_status":"open","ping_status":"open","sticky":false,"template":"","format":"standard","meta":{"_jetpack_memberships_contains_paid_content":false,"footnotes":""},"categories":[24],"tags":[56,41,319,27],"class_list":["post-4755","post","type-post","status-publish","format-standard","has-post-thumbnail","hentry","category-estado","tag-bienestar","tag-colima","tag-guerrero","tag-viridiana-valencia"],"yoast_head":"<!-- This site is optimized with the Yoast SEO plugin v26.6 - https:\/\/yoast.com\/wordpress\/plugins\/seo\/ -->\n<title>Viridiana Valencia anuncia el primer env\u00edo de v\u00edveres recibidos en Bienestar Colima para damnificados de Guerrero - M\u00e1s Que Noticias<\/title>\n<meta name=\"robots\" content=\"index, follow, max-snippet:-1, max-image-preview:large, max-video-preview:-1\" \/>\n<link rel=\"canonical\" href=\"https:\/\/masquenoticias.mx\/index.php\/2023\/11\/10\/viridiana-valencia-anuncia-el-primer-envio-de-viveres-recibidos-en-bienestar-colima-para-damnificados-de-guerrero\/\" \/>\n<meta property=\"og:locale\" content=\"es_MX\" \/>\n<meta property=\"og:type\" content=\"article\" \/>\n<meta property=\"og:title\" content=\"Viridiana Valencia anuncia el primer env\u00edo de v\u00edveres recibidos en Bienestar Colima para damnificados de Guerrero - M\u00e1s Que Noticias\" \/>\n<meta property=\"og:description\" content=\"La delegada estatal de Programas para el Bienestar, Viridiana Valencia Vargas, anunci\u00f3 que este fin de semana ser\u00e1n llevados a Acapulco y Coyuca de Ben\u00edtez, en Guerrero, los v\u00edveres que colimenses han entregado en los centros de acopio de la Delegaci\u00f3n y la Subdelegaci\u00f3n de Bienestar Colima para apoyar a las familias afectadas por el [&hellip;]\" \/>\n<meta property=\"og:url\" content=\"https:\/\/masquenoticias.mx\/index.php\/2023\/11\/10\/viridiana-valencia-anuncia-el-primer-envio-de-viveres-recibidos-en-bienestar-colima-para-damnificados-de-guerrero\/\" \/>\n<meta property=\"og:site_name\" content=\"M\u00e1s Que Noticias\" \/>\n<meta property=\"article:publisher\" content=\"https:\/\/www.facebook.com\/masquenoticiascolima\" \/>\n<meta property=\"article:published_time\" content=\"2023-11-10T21:10:31+00:00\" \/>\n<meta property=\"og:image\" content=\"https:\/\/i0.wp.com\/masquenoticias.mx\/wp-content\/uploads\/2023\/11\/Imagen-de-WhatsApp-2023-11-10-a-las-15.04.16_e9de13e2-jpg.webp?fit=1356%2C904&ssl=1\" \/>\n\t<meta property=\"og:image:width\" content=\"1356\" \/>\n\t<meta property=\"og:image:height\" content=\"904\" \/>\n\t<meta property=\"og:image:type\" content=\"image\/jpeg\" \/>\n<meta name=\"author\" content=\"Redacci\u00f3n\" \/>\n<meta name=\"twitter:card\" content=\"summary_large_image\" \/>\n<meta name=\"twitter:creator\" content=\"@edgartove\" \/>\n<meta name=\"twitter:site\" content=\"@edgartove\" \/>\n<meta name=\"twitter:label1\" content=\"Escrito por\" \/>\n\t<meta name=\"twitter:data1\" content=\"Redacci\u00f3n\" \/>\n\t<meta name=\"twitter:label2\" content=\"Tiempo de lectura\" \/>\n\t<meta name=\"twitter:data2\" content=\"2 minutos\" \/>\n<script type=\"application\/ld+json\" class=\"yoast-schema-graph\">{\"@context\":\"https:\/\/schema.org\",\"@graph\":[{\"@type\":\"Article\",\"@id\":\"https:\/\/masquenoticias.mx\/index.php\/2023\/11\/10\/viridiana-valencia-anuncia-el-primer-envio-de-viveres-recibidos-en-bienestar-colima-para-damnificados-de-guerrero\/#article\",\"isPartOf\":{\"@id\":\"https:\/\/masquenoticias.mx\/index.php\/2023\/11\/10\/viridiana-valencia-anuncia-el-primer-envio-de-viveres-recibidos-en-bienestar-colima-para-damnificados-de-guerrero\/\"},\"author\":{\"name\":\"Redacci\u00f3n\",\"@id\":\"https:\/\/masquenoticias.mx\/#\/schema\/person\/6229637729ad377d24e2154e3b30720b\"},\"headline\":\"Viridiana Valencia anuncia el primer env\u00edo de v\u00edveres recibidos en Bienestar Colima para damnificados de Guerrero\",\"datePublished\":\"2023-11-10T21:10:31+00:00\",\"mainEntityOfPage\":{\"@id\":\"https:\/\/masquenoticias.mx\/index.php\/2023\/11\/10\/viridiana-valencia-anuncia-el-primer-envio-de-viveres-recibidos-en-bienestar-colima-para-damnificados-de-guerrero\/\"},\"wordCount\":375,\"commentCount\":0,\"publisher\":{\"@id\":\"https:\/\/masquenoticias.mx\/#organization\"},\"image\":{\"@id\":\"https:\/\/masquenoticias.mx\/index.php\/2023\/11\/10\/viridiana-valencia-anuncia-el-primer-envio-de-viveres-recibidos-en-bienestar-colima-para-damnificados-de-guerrero\/#primaryimage\"},\"thumbnailUrl\":\"https:\/\/i0.wp.com\/masquenoticias.mx\/wp-content\/uploads\/2023\/11\/Imagen-de-WhatsApp-2023-11-10-a-las-15.04.16_e9de13e2-jpg.webp?fit=1356%2C904&ssl=1\",\"keywords\":[\"Bienestar\",\"Colima\",\"Guerrero\",\"Viridiana Valencia\"],\"articleSection\":[\"Estado\"],\"inLanguage\":\"es\",\"potentialAction\":[{\"@type\":\"CommentAction\",\"name\":\"Comment\",\"target\":[\"https:\/\/masquenoticias.mx\/index.php\/2023\/11\/10\/viridiana-valencia-anuncia-el-primer-envio-de-viveres-recibidos-en-bienestar-colima-para-damnificados-de-guerrero\/#respond\"]}]},{\"@type\":\"WebPage\",\"@id\":\"https:\/\/masquenoticias.mx\/index.php\/2023\/11\/10\/viridiana-valencia-anuncia-el-primer-envio-de-viveres-recibidos-en-bienestar-colima-para-damnificados-de-guerrero\/\",\"url\":\"https:\/\/masquenoticias.mx\/index.php\/2023\/11\/10\/viridiana-valencia-anuncia-el-primer-envio-de-viveres-recibidos-en-bienestar-colima-para-damnificados-de-guerrero\/\",\"name\":\"Viridiana Valencia anuncia el primer env\u00edo de v\u00edveres recibidos en Bienestar Colima para damnificados de Guerrero - M\u00e1s Que Noticias\",\"isPartOf\":{\"@id\":\"https:\/\/masquenoticias.mx\/#website\"},\"primaryImageOfPage\":{\"@id\":\"https:\/\/masquenoticias.mx\/index.php\/2023\/11\/10\/viridiana-valencia-anuncia-el-primer-envio-de-viveres-recibidos-en-bienestar-colima-para-damnificados-de-guerrero\/#primaryimage\"},\"image\":{\"@id\":\"https:\/\/masquenoticias.mx\/index.php\/2023\/11\/10\/viridiana-valencia-anuncia-el-primer-envio-de-viveres-recibidos-en-bienestar-colima-para-damnificados-de-guerrero\/#primaryimage\"},\"thumbnailUrl\":\"https:\/\/i0.wp.com\/masquenoticias.mx\/wp-content\/uploads\/2023\/11\/Imagen-de-WhatsApp-2023-11-10-a-las-15.04.16_e9de13e2-jpg.webp?fit=1356%2C904&ssl=1\",\"datePublished\":\"2023-11-10T21:10:31+00:00\",\"breadcrumb\":{\"@id\":\"https:\/\/masquenoticias.mx\/index.php\/2023\/11\/10\/viridiana-valencia-anuncia-el-primer-envio-de-viveres-recibidos-en-bienestar-colima-para-damnificados-de-guerrero\/#breadcrumb\"},\"inLanguage\":\"es\",\"potentialAction\":[{\"@type\":\"ReadAction\",\"target\":[\"https:\/\/masquenoticias.mx\/index.php\/2023\/11\/10\/viridiana-valencia-anuncia-el-primer-envio-de-viveres-recibidos-en-bienestar-colima-para-damnificados-de-guerrero\/\"]}]},{\"@type\":\"ImageObject\",\"inLanguage\":\"es\",\"@id\":\"https:\/\/masquenoticias.mx\/index.php\/2023\/11\/10\/viridiana-valencia-anuncia-el-primer-envio-de-viveres-recibidos-en-bienestar-colima-para-damnificados-de-guerrero\/#primaryimage\",\"url\":\"https:\/\/i0.wp.com\/masquenoticias.mx\/wp-content\/uploads\/2023\/11\/Imagen-de-WhatsApp-2023-11-10-a-las-15.04.16_e9de13e2-jpg.webp?fit=1356%2C904&ssl=1\",\"contentUrl\":\"https:\/\/i0.wp.com\/masquenoticias.mx\/wp-content\/uploads\/2023\/11\/Imagen-de-WhatsApp-2023-11-10-a-las-15.04.16_e9de13e2-jpg.webp?fit=1356%2C904&ssl=1\",\"width\":1356,\"height\":904},{\"@type\":\"BreadcrumbList\",\"@id\":\"https:\/\/masquenoticias.mx\/index.php\/2023\/11\/10\/viridiana-valencia-anuncia-el-primer-envio-de-viveres-recibidos-en-bienestar-colima-para-damnificados-de-guerrero\/#breadcrumb\",\"itemListElement\":[{\"@type\":\"ListItem\",\"position\":1,\"name\":\"Inicio\",\"item\":\"https:\/\/masquenoticias.mx\/\"},{\"@type\":\"ListItem\",\"position\":2,\"name\":\"Viridiana Valencia anuncia el primer env\u00edo de v\u00edveres recibidos en Bienestar Colima para damnificados de Guerrero\"}]},{\"@type\":\"WebSite\",\"@id\":\"https:\/\/masquenoticias.mx\/#website\",\"url\":\"https:\/\/masquenoticias.mx\/\",\"name\":\"M\u00e1s Que Noticias\",\"description\":\"Noticias de Colima, M\u00e9xico y el Mundo\",\"publisher\":{\"@id\":\"https:\/\/masquenoticias.mx\/#organization\"},\"potentialAction\":[{\"@type\":\"SearchAction\",\"target\":{\"@type\":\"EntryPoint\",\"urlTemplate\":\"https:\/\/masquenoticias.mx\/?s={search_term_string}\"},\"query-input\":{\"@type\":\"PropertyValueSpecification\",\"valueRequired\":true,\"valueName\":\"search_term_string\"}}],\"inLanguage\":\"es\"},{\"@type\":\"Organization\",\"@id\":\"https:\/\/masquenoticias.mx\/#organization\",\"name\":\"M\u00e1s Que Noticias\",\"url\":\"https:\/\/masquenoticias.mx\/\",\"logo\":{\"@type\":\"ImageObject\",\"inLanguage\":\"es\",\"@id\":\"https:\/\/masquenoticias.mx\/#\/schema\/logo\/image\/\",\"url\":\"https:\/\/i0.wp.com\/masquenoticias.mx\/wp-content\/uploads\/2024\/04\/IMG_0004.png?fit=2560%2C1656&ssl=1\",\"contentUrl\":\"https:\/\/i0.wp.com\/masquenoticias.mx\/wp-content\/uploads\/2024\/04\/IMG_0004.png?fit=2560%2C1656&ssl=1\",\"width\":2560,\"height\":1656,\"caption\":\"M\u00e1s Que Noticias\"},\"image\":{\"@id\":\"https:\/\/masquenoticias.mx\/#\/schema\/logo\/image\/\"},\"sameAs\":[\"https:\/\/www.facebook.com\/masquenoticiascolima\",\"https:\/\/x.com\/edgartove\",\"https:\/\/www.instagram.com\/masquenoticiascolima\/\"]},{\"@type\":\"Person\",\"@id\":\"https:\/\/masquenoticias.mx\/#\/schema\/person\/6229637729ad377d24e2154e3b30720b\",\"name\":\"Redacci\u00f3n\",\"image\":{\"@type\":\"ImageObject\",\"inLanguage\":\"es\",\"@id\":\"https:\/\/masquenoticias.mx\/#\/schema\/person\/image\/\",\"url\":\"https:\/\/secure.gravatar.com\/avatar\/73899f6b3a3034eb6f719669835ca3a4?s=96&d=mm&r=g\",\"contentUrl\":\"https:\/\/secure.gravatar.com\/avatar\/73899f6b3a3034eb6f719669835ca3a4?s=96&d=mm&r=g\",\"caption\":\"Redacci\u00f3n\"},\"url\":\"https:\/\/masquenoticias.mx\/index.php\/author\/bunburytorresgmail-com\/\"}]}<\/script>\n<!-- \/ Yoast SEO plugin. -->","yoast_head_json":{"title":"Viridiana Valencia anuncia el primer env\u00edo de v\u00edveres recibidos en Bienestar Colima para damnificados de Guerrero - M\u00e1s Que Noticias","robots":{"index":"index","follow":"follow","max-snippet":"max-snippet:-1","max-image-preview":"max-image-preview:large","max-video-preview":"max-video-preview:-1"},"canonical":"https:\/\/masquenoticias.mx\/index.php\/2023\/11\/10\/viridiana-valencia-anuncia-el-primer-envio-de-viveres-recibidos-en-bienestar-colima-para-damnificados-de-guerrero\/","og_locale":"es_MX","og_type":"article","og_title":"Viridiana Valencia anuncia el primer env\u00edo de v\u00edveres recibidos en Bienestar Colima para damnificados de Guerrero - M\u00e1s Que Noticias","og_description":"La delegada estatal de Programas para el Bienestar, Viridiana Valencia Vargas, anunci\u00f3 que este fin de semana ser\u00e1n llevados a Acapulco y Coyuca de Ben\u00edtez, en Guerrero, los v\u00edveres que colimenses han entregado en los centros de acopio de la Delegaci\u00f3n y la Subdelegaci\u00f3n de Bienestar Colima para apoyar a las familias afectadas por el [&hellip;]","og_url":"https:\/\/masquenoticias.mx\/index.php\/2023\/11\/10\/viridiana-valencia-anuncia-el-primer-envio-de-viveres-recibidos-en-bienestar-colima-para-damnificados-de-guerrero\/","og_site_name":"M\u00e1s Que Noticias","article_publisher":"https:\/\/www.facebook.com\/masquenoticiascolima","article_published_time":"2023-11-10T21:10:31+00:00","og_image":[{"width":1356,"height":904,"url":"https:\/\/i0.wp.com\/masquenoticias.mx\/wp-content\/uploads\/2023\/11\/Imagen-de-WhatsApp-2023-11-10-a-las-15.04.16_e9de13e2-jpg.webp?fit=1356%2C904&ssl=1","type":"image\/jpeg"}],"author":"Redacci\u00f3n","twitter_card":"summary_large_image","twitter_creator":"@edgartove","twitter_site":"@edgartove","twitter_misc":{"Escrito por":"Redacci\u00f3n","Tiempo de lectura":"2 minutos"},"schema":{"@context":"https:\/\/schema.org","@graph":[{"@type":"Article","@id":"https:\/\/masquenoticias.mx\/index.php\/2023\/11\/10\/viridiana-valencia-anuncia-el-primer-envio-de-viveres-recibidos-en-bienestar-colima-para-damnificados-de-guerrero\/#article","isPartOf":{"@id":"https:\/\/masquenoticias.mx\/index.php\/2023\/11\/10\/viridiana-valencia-anuncia-el-primer-envio-de-viveres-recibidos-en-bienestar-colima-para-damnificados-de-guerrero\/"},"author":{"name":"Redacci\u00f3n","@id":"https:\/\/masquenoticias.mx\/#\/schema\/person\/6229637729ad377d24e2154e3b30720b"},"headline":"Viridiana Valencia anuncia el primer env\u00edo de v\u00edveres recibidos en Bienestar Colima para damnificados de Guerrero","datePublished":"2023-11-10T21:10:31+00:00","mainEntityOfPage":{"@id":"https:\/\/masquenoticias.mx\/index.php\/2023\/11\/10\/viridiana-valencia-anuncia-el-primer-envio-de-viveres-recibidos-en-bienestar-colima-para-damnificados-de-guerrero\/"},"wordCount":375,"commentCount":0,"publisher":{"@id":"https:\/\/masquenoticias.mx\/#organization"},"image":{"@id":"https:\/\/masquenoticias.mx\/index.php\/2023\/11\/10\/viridiana-valencia-anuncia-el-primer-envio-de-viveres-recibidos-en-bienestar-colima-para-damnificados-de-guerrero\/#primaryimage"},"thumbnailUrl":"https:\/\/i0.wp.com\/masquenoticias.mx\/wp-content\/uploads\/2023\/11\/Imagen-de-WhatsApp-2023-11-10-a-las-15.04.16_e9de13e2-jpg.webp?fit=1356%2C904&ssl=1","keywords":["Bienestar","Colima","Guerrero","Viridiana Valencia"],"articleSection":["Estado"],"inLanguage":"es","potentialAction":[{"@type":"CommentAction","name":"Comment","target":["https:\/\/masquenoticias.mx\/index.php\/2023\/11\/10\/viridiana-valencia-anuncia-el-primer-envio-de-viveres-recibidos-en-bienestar-colima-para-damnificados-de-guerrero\/#respond"]}]},{"@type":"WebPage","@id":"https:\/\/masquenoticias.mx\/index.php\/2023\/11\/10\/viridiana-valencia-anuncia-el-primer-envio-de-viveres-recibidos-en-bienestar-colima-para-damnificados-de-guerrero\/","url":"https:\/\/masquenoticias.mx\/index.php\/2023\/11\/10\/viridiana-valencia-anuncia-el-primer-envio-de-viveres-recibidos-en-bienestar-colima-para-damnificados-de-guerrero\/","name":"Viridiana Valencia anuncia el primer env\u00edo de v\u00edveres recibidos en Bienestar Colima para damnificados de Guerrero - M\u00e1s Que Noticias","isPartOf":{"@id":"https:\/\/masquenoticias.mx\/#website"},"primaryImageOfPage":{"@id":"https:\/\/masquenoticias.mx\/index.php\/2023\/11\/10\/viridiana-valencia-anuncia-el-primer-envio-de-viveres-recibidos-en-bienestar-colima-para-damnificados-de-guerrero\/#primaryimage"},"image":{"@id":"https:\/\/masquenoticias.mx\/index.php\/2023\/11\/10\/viridiana-valencia-anuncia-el-primer-envio-de-viveres-recibidos-en-bienestar-colima-para-damnificados-de-guerrero\/#primaryimage"},"thumbnailUrl":"https:\/\/i0.wp.com\/masquenoticias.mx\/wp-content\/uploads\/2023\/11\/Imagen-de-WhatsApp-2023-11-10-a-las-15.04.16_e9de13e2-jpg.webp?fit=1356%2C904&ssl=1","datePublished":"2023-11-10T21:10:31+00:00","breadcrumb":{"@id":"https:\/\/masquenoticias.mx\/index.php\/2023\/11\/10\/viridiana-valencia-anuncia-el-primer-envio-de-viveres-recibidos-en-bienestar-colima-para-damnificados-de-guerrero\/#breadcrumb"},"inLanguage":"es","potentialAction":[{"@type":"ReadAction","target":["https:\/\/masquenoticias.mx\/index.php\/2023\/11\/10\/viridiana-valencia-anuncia-el-primer-envio-de-viveres-recibidos-en-bienestar-colima-para-damnificados-de-guerrero\/"]}]},{"@type":"ImageObject","inLanguage":"es","@id":"https:\/\/masquenoticias.mx\/index.php\/2023\/11\/10\/viridiana-valencia-anuncia-el-primer-envio-de-viveres-recibidos-en-bienestar-colima-para-damnificados-de-guerrero\/#primaryimage","url":"https:\/\/i0.wp.com\/masquenoticias.mx\/wp-content\/uploads\/2023\/11\/Imagen-de-WhatsApp-2023-11-10-a-las-15.04.16_e9de13e2-jpg.webp?fit=1356%2C904&ssl=1","contentUrl":"https:\/\/i0.wp.com\/masquenoticias.mx\/wp-content\/uploads\/2023\/11\/Imagen-de-WhatsApp-2023-11-10-a-las-15.04.16_e9de13e2-jpg.webp?fit=1356%2C904&ssl=1","width":1356,"height":904},{"@type":"BreadcrumbList","@id":"https:\/\/masquenoticias.mx\/index.php\/2023\/11\/10\/viridiana-valencia-anuncia-el-primer-envio-de-viveres-recibidos-en-bienestar-colima-para-damnificados-de-guerrero\/#breadcrumb","itemListElement":[{"@type":"ListItem","position":1,"name":"Inicio","item":"https:\/\/masquenoticias.mx\/"},{"@type":"ListItem","position":2,"name":"Viridiana Valencia anuncia el primer env\u00edo de v\u00edveres recibidos en Bienestar Colima para damnificados de Guerrero"}]},{"@type":"WebSite","@id":"https:\/\/masquenoticias.mx\/#website","url":"https:\/\/masquenoticias.mx\/","name":"M\u00e1s Que Noticias","description":"Noticias de Colima, M\u00e9xico y el Mundo","publisher":{"@id":"https:\/\/masquenoticias.mx\/#organization"},"potentialAction":[{"@type":"SearchAction","target":{"@type":"EntryPoint","urlTemplate":"https:\/\/masquenoticias.mx\/?s={search_term_string}"},"query-input":{"@type":"PropertyValueSpecification","valueRequired":true,"valueName":"search_term_string"}}],"inLanguage":"es"},{"@type":"Organization","@id":"https:\/\/masquenoticias.mx\/#organization","name":"M\u00e1s Que Noticias","url":"https:\/\/masquenoticias.mx\/","logo":{"@type":"ImageObject","inLanguage":"es","@id":"https:\/\/masquenoticias.mx\/#\/schema\/logo\/image\/","url":"https:\/\/i0.wp.com\/masquenoticias.mx\/wp-content\/uploads\/2024\/04\/IMG_0004.png?fit=2560%2C1656&ssl=1","contentUrl":"https:\/\/i0.wp.com\/masquenoticias.mx\/wp-content\/uploads\/2024\/04\/IMG_0004.png?fit=2560%2C1656&ssl=1","width":2560,"height":1656,"caption":"M\u00e1s Que Noticias"},"image":{"@id":"https:\/\/masquenoticias.mx\/#\/schema\/logo\/image\/"},"sameAs":["https:\/\/www.facebook.com\/masquenoticiascolima","https:\/\/x.com\/edgartove","https:\/\/www.instagram.com\/masquenoticiascolima\/"]},{"@type":"Person","@id":"https:\/\/masquenoticias.mx\/#\/schema\/person\/6229637729ad377d24e2154e3b30720b","name":"Redacci\u00f3n","image":{"@type":"ImageObject","inLanguage":"es","@id":"https:\/\/masquenoticias.mx\/#\/schema\/person\/image\/","url":"https:\/\/secure.gravatar.com\/avatar\/73899f6b3a3034eb6f719669835ca3a4?s=96&d=mm&r=g","contentUrl":"https:\/\/secure.gravatar.com\/avatar\/73899f6b3a3034eb6f719669835ca3a4?s=96&d=mm&r=g","caption":"Redacci\u00f3n"},"url":"https:\/\/masquenoticias.mx\/index.php\/author\/bunburytorresgmail-com\/"}]}},"jetpack_featured_media_url":"https:\/\/i0.wp.com\/masquenoticias.mx\/wp-content\/uploads\/2023\/11\/Imagen-de-WhatsApp-2023-11-10-a-las-15.04.16_e9de13e2-jpg.webp?fit=1356%2C904&ssl=1","blog_post_layout_featured_media_urls":{"thumbnail":["https:\/\/i0.wp.com\/masquenoticias.mx\/wp-content\/uploads\/2023\/11\/Imagen-de-WhatsApp-2023-11-10-a-las-15.04.16_e9de13e2-jpg.webp?resize=150%2C150&ssl=1",150,150,true],"full":["https:\/\/i0.wp.com\/masquenoticias.mx\/wp-content\/uploads\/2023\/11\/Imagen-de-WhatsApp-2023-11-10-a-las-15.04.16_e9de13e2-jpg.webp?fit=1356%2C904&ssl=1",1356,904,false]},"categories_names":{"24":{"name":"Estado","link":"https:\/\/masquenoticias.mx\/index.php\/category\/estado\/"}},"tags_names":{"56":{"name":"Bienestar","link":"https:\/\/masquenoticias.mx\/index.php\/tag\/bienestar\/"},"41":{"name":"Colima","link":"https:\/\/masquenoticias.mx\/index.php\/tag\/colima\/"},"319":{"name":"Guerrero","link":"https:\/\/masquenoticias.mx\/index.php\/tag\/guerrero\/"},"27":{"name":"Viridiana Valencia","link":"https:\/\/masquenoticias.mx\/index.php\/tag\/viridiana-valencia\/"}},"comments_number":"0","wpmagazine_modules_lite_featured_media_urls":{"thumbnail":["https:\/\/i0.wp.com\/masquenoticias.mx\/wp-content\/uploads\/2023\/11\/Imagen-de-WhatsApp-2023-11-10-a-las-15.04.16_e9de13e2-jpg.webp?resize=150%2C150&ssl=1",150,150,true],"cvmm-medium":["https:\/\/i0.wp.com\/masquenoticias.mx\/wp-content\/uploads\/2023\/11\/Imagen-de-WhatsApp-2023-11-10-a-las-15.04.16_e9de13e2-jpg.webp?resize=300%2C300&ssl=1",300,300,true],"cvmm-medium-plus":["https:\/\/i0.wp.com\/masquenoticias.mx\/wp-content\/uploads\/2023\/11\/Imagen-de-WhatsApp-2023-11-10-a-las-15.04.16_e9de13e2-jpg.webp?resize=305%2C207&ssl=1",305,207,true],"cvmm-portrait":["https:\/\/i0.wp.com\/masquenoticias.mx\/wp-content\/uploads\/2023\/11\/Imagen-de-WhatsApp-2023-11-10-a-las-15.04.16_e9de13e2-jpg.webp?resize=400%2C600&ssl=1",400,600,true],"cvmm-medium-square":["https:\/\/i0.wp.com\/masquenoticias.mx\/wp-content\/uploads\/2023\/11\/Imagen-de-WhatsApp-2023-11-10-a-las-15.04.16_e9de13e2-jpg.webp?resize=600%2C600&ssl=1",600,600,true],"cvmm-large":["https:\/\/i0.wp.com\/masquenoticias.mx\/wp-content\/uploads\/2023\/11\/Imagen-de-WhatsApp-2023-11-10-a-las-15.04.16_e9de13e2-jpg.webp?resize=1024%2C904&ssl=1",1024,904,true],"cvmm-small":["https:\/\/i0.wp.com\/masquenoticias.mx\/wp-content\/uploads\/2023\/11\/Imagen-de-WhatsApp-2023-11-10-a-las-15.04.16_e9de13e2-jpg.webp?resize=130%2C95&ssl=1",130,95,true],"full":["https:\/\/i0.wp.com\/masquenoticias.mx\/wp-content\/uploads\/2023\/11\/Imagen-de-WhatsApp-2023-11-10-a-las-15.04.16_e9de13e2-jpg.webp?fit=1356%2C904&ssl=1",1356,904,false]},"jetpack-related-posts":[],"jetpack_sharing_enabled":true,"jetpack_likes_enabled":true,"jetpack_shortlink":"https:\/\/wp.me\/pf7pkt-1eH","_links":{"self":[{"href":"https:\/\/masquenoticias.mx\/index.php\/wp-json\/wp\/v2\/posts\/4755","targetHints":{"allow":["GET"]}}],"collection":[{"href":"https:\/\/masquenoticias.mx\/index.php\/wp-json\/wp\/v2\/posts"}],"about":[{"href":"https:\/\/masquenoticias.mx\/index.php\/wp-json\/wp\/v2\/types\/post"}],"author":[{"embeddable":true,"href":"https:\/\/masquenoticias.mx\/index.php\/wp-json\/wp\/v2\/users\/2"}],"replies":[{"embeddable":true,"href":"https:\/\/masquenoticias.mx\/index.php\/wp-json\/wp\/v2\/comments?post=4755"}],"version-history":[{"count":0,"href":"https:\/\/masquenoticias.mx\/index.php\/wp-json\/wp\/v2\/posts\/4755\/revisions"}],"wp:featuredmedia":[{"embeddable":true,"href":"https:\/\/masquenoticias.mx\/index.php\/wp-json\/wp\/v2\/media\/4758"}],"wp:attachment":[{"href":"https:\/\/masquenoticias.mx\/index.php\/wp-json\/wp\/v2\/media?parent=4755"}],"wp:term":[{"taxonomy":"category","embeddable":true,"href":"https:\/\/masquenoticias.mx\/index.php\/wp-json\/wp\/v2\/categories?post=4755"},{"taxonomy":"post_tag","embeddable":true,"href":"https:\/\/masquenoticias.mx\/index.php\/wp-json\/wp\/v2\/tags?post=4755"}],"curies":[{"name":"wp","href":"https:\/\/api.w.org\/{rel}","templated":true}]}}