{"id":4744,"date":"2023-11-10T10:15:27","date_gmt":"2023-11-10T16:15:27","guid":{"rendered":"https:\/\/masquenoticias.mx\/?p=4744"},"modified":"2023-11-10T10:15:27","modified_gmt":"2023-11-10T16:15:27","slug":"indira-supervisa-rehabilitacion-de-espacio-deportivo-en-la-piedra-lisa-otra-de-las-obrasquetransforman","status":"publish","type":"post","link":"https:\/\/masquenoticias.mx\/index.php\/2023\/11\/10\/indira-supervisa-rehabilitacion-de-espacio-deportivo-en-la-piedra-lisa-otra-de-las-obrasquetransforman\/","title":{"rendered":"Indira supervisa rehabilitaci\u00f3n de espacio deportivo en la Piedra Lisa, otra de las #ObrasQueTransforman"},"content":{"rendered":"<p>La tarde de este jueves, la gobernadora del estado de Colima, Indira Vizca\u00edno Silva, acompa\u00f1ada por la titular de la Secretar\u00eda de Infraestructura, Desarrollo Urbano y Movilidad (Seidum), Marisol Neri Le\u00f3n, supervis\u00f3 los avances de una m\u00e1s de las #ObrasQueTransforman: la rehabilitaci\u00f3n del espacio multideportivo en el parque de la Piedra Lisa, en la capital del estado.<\/p>\n<p><img data-recalc-dims=\"1\" fetchpriority=\"high\" decoding=\"async\" class=\"alignnone size-large wp-image-4746\" src=\"https:\/\/i0.wp.com\/masquenoticias.mx\/wp-content\/uploads\/2023\/11\/WhatsApp-Image-2023-11-09-at-7.38.09-PM-1024x682.webp?resize=640%2C426&#038;ssl=1\" alt=\"\" width=\"640\" height=\"426\" srcset=\"https:\/\/i0.wp.com\/masquenoticias.mx\/wp-content\/uploads\/2023\/11\/WhatsApp-Image-2023-11-09-at-7.38.09-PM.jpeg?resize=1024%2C682&amp;ssl=1 1024w, https:\/\/i0.wp.com\/masquenoticias.mx\/wp-content\/uploads\/2023\/11\/WhatsApp-Image-2023-11-09-at-7.38.09-PM.jpeg?resize=300%2C200&amp;ssl=1 300w, https:\/\/i0.wp.com\/masquenoticias.mx\/wp-content\/uploads\/2023\/11\/WhatsApp-Image-2023-11-09-at-7.38.09-PM.jpeg?resize=768%2C511&amp;ssl=1 768w, https:\/\/i0.wp.com\/masquenoticias.mx\/wp-content\/uploads\/2023\/11\/WhatsApp-Image-2023-11-09-at-7.38.09-PM.jpeg?w=1080&amp;ssl=1 1080w\" sizes=\"(max-width: 640px) 100vw, 640px\" \/><\/p>\n<p>En este lugar se realizan trabajos de mejoramiento de la iluminaci\u00f3n del m\u00f3dulo deportivo y el estacionamiento, as\u00ed como los acabados, cambio de pasto sint\u00e9tico, pintura, colocaci\u00f3n de tableros, intervenci\u00f3n de la pista de tart\u00e1n.<\/p>\n<p>Cabe destacar que esta #ObraQueTransforma se realiza a trav\u00e9s del Fondo para la Infraestructura Social de las Entidades (FISE), en el que se invierten 2 millones 234 mil 263 pesos, beneficiando a miles de habitantes de Colima y municipios circunvecinos.<\/p>\n<p><img data-recalc-dims=\"1\" decoding=\"async\" class=\"alignnone size-large wp-image-4747\" src=\"https:\/\/i0.wp.com\/masquenoticias.mx\/wp-content\/uploads\/2023\/11\/WhatsApp-Image-2023-11-09-at-7.38.08-PM-1024x683.webp?resize=640%2C427&#038;ssl=1\" alt=\"\" width=\"640\" height=\"427\" srcset=\"https:\/\/i0.wp.com\/masquenoticias.mx\/wp-content\/uploads\/2023\/11\/WhatsApp-Image-2023-11-09-at-7.38.08-PM-jpeg.webp?resize=1024%2C683&amp;ssl=1 1024w, https:\/\/i0.wp.com\/masquenoticias.mx\/wp-content\/uploads\/2023\/11\/WhatsApp-Image-2023-11-09-at-7.38.08-PM-jpeg.webp?resize=300%2C200&amp;ssl=1 300w, https:\/\/i0.wp.com\/masquenoticias.mx\/wp-content\/uploads\/2023\/11\/WhatsApp-Image-2023-11-09-at-7.38.08-PM-jpeg.webp?resize=768%2C512&amp;ssl=1 768w, https:\/\/i0.wp.com\/masquenoticias.mx\/wp-content\/uploads\/2023\/11\/WhatsApp-Image-2023-11-09-at-7.38.08-PM-jpeg.webp?w=1080&amp;ssl=1 1080w\" sizes=\"(max-width: 640px) 100vw, 640px\" \/><\/p>\n<p>En esta supervisi\u00f3n, adem\u00e1s de la mandataria Indira Vizca\u00edno tambi\u00e9n estuvieron la delegada de Programas para el Bienestar del Gobierno de M\u00e9xico, Viridiana Valencia Vargas y la diputada Glenda Ochoa, as\u00ed como funcionarias y funcionarios de la administraci\u00f3n estatal.<\/p>\n","protected":false},"excerpt":{"rendered":"<p>La tarde de este jueves, la gobernadora del estado de Colima, Indira Vizca\u00edno Silva, acompa\u00f1ada por la titular de la Secretar\u00eda de Infraestructura, Desarrollo Urbano y Movilidad (Seidum), Marisol Neri Le\u00f3n, supervis\u00f3 los avances de una m\u00e1s de las #ObrasQueTransforman: la rehabilitaci\u00f3n del espacio multideportivo en el parque de la Piedra Lisa, en la capital [&hellip;]<\/p>\n","protected":false},"author":1,"featured_media":4745,"comment_status":"open","ping_status":"open","sticky":false,"template":"","format":"standard","meta":{"_jetpack_memberships_contains_paid_content":false,"footnotes":""},"categories":[24],"tags":[26,27],"class_list":["post-4744","post","type-post","status-publish","format-standard","has-post-thumbnail","hentry","category-estado","tag-indira-vizcaino","tag-viridiana-valencia"],"yoast_head":"<!-- This site is optimized with the Yoast SEO plugin v26.6 - https:\/\/yoast.com\/wordpress\/plugins\/seo\/ -->\n<title>Indira supervisa rehabilitaci\u00f3n de espacio deportivo en la Piedra Lisa, otra de las #ObrasQueTransforman - M\u00e1s Que Noticias<\/title>\n<meta name=\"robots\" content=\"index, follow, max-snippet:-1, max-image-preview:large, max-video-preview:-1\" \/>\n<link rel=\"canonical\" href=\"https:\/\/masquenoticias.mx\/index.php\/2023\/11\/10\/indira-supervisa-rehabilitacion-de-espacio-deportivo-en-la-piedra-lisa-otra-de-las-obrasquetransforman\/\" \/>\n<meta property=\"og:locale\" content=\"es_MX\" \/>\n<meta property=\"og:type\" content=\"article\" \/>\n<meta property=\"og:title\" content=\"Indira supervisa rehabilitaci\u00f3n de espacio deportivo en la Piedra Lisa, otra de las #ObrasQueTransforman - M\u00e1s Que Noticias\" \/>\n<meta property=\"og:description\" content=\"La tarde de este jueves, la gobernadora del estado de Colima, Indira Vizca\u00edno Silva, acompa\u00f1ada por la titular de la Secretar\u00eda de Infraestructura, Desarrollo Urbano y Movilidad (Seidum), Marisol Neri Le\u00f3n, supervis\u00f3 los avances de una m\u00e1s de las #ObrasQueTransforman: la rehabilitaci\u00f3n del espacio multideportivo en el parque de la Piedra Lisa, en la capital [&hellip;]\" \/>\n<meta property=\"og:url\" content=\"https:\/\/masquenoticias.mx\/index.php\/2023\/11\/10\/indira-supervisa-rehabilitacion-de-espacio-deportivo-en-la-piedra-lisa-otra-de-las-obrasquetransforman\/\" \/>\n<meta property=\"og:site_name\" content=\"M\u00e1s Que Noticias\" \/>\n<meta property=\"article:publisher\" content=\"https:\/\/www.facebook.com\/masquenoticiascolima\" \/>\n<meta property=\"article:published_time\" content=\"2023-11-10T16:15:27+00:00\" \/>\n<meta property=\"og:image\" content=\"https:\/\/i0.wp.com\/masquenoticias.mx\/wp-content\/uploads\/2023\/11\/WhatsApp-Image-2023-11-09-at-7.38.07-PM.jpeg?fit=1080%2C720&ssl=1\" \/>\n\t<meta property=\"og:image:width\" content=\"1080\" \/>\n\t<meta property=\"og:image:height\" content=\"720\" \/>\n\t<meta property=\"og:image:type\" content=\"image\/jpeg\" \/>\n<meta name=\"author\" content=\"Redacci\u00f3n\" \/>\n<meta name=\"twitter:card\" content=\"summary_large_image\" \/>\n<meta name=\"twitter:creator\" content=\"@edgartove\" \/>\n<meta name=\"twitter:site\" content=\"@edgartove\" \/>\n<meta name=\"twitter:label1\" content=\"Escrito por\" \/>\n\t<meta name=\"twitter:data1\" content=\"Redacci\u00f3n\" \/>\n\t<meta name=\"twitter:label2\" content=\"Tiempo de lectura\" \/>\n\t<meta name=\"twitter:data2\" content=\"1 minuto\" \/>\n<script type=\"application\/ld+json\" class=\"yoast-schema-graph\">{\"@context\":\"https:\/\/schema.org\",\"@graph\":[{\"@type\":\"Article\",\"@id\":\"https:\/\/masquenoticias.mx\/index.php\/2023\/11\/10\/indira-supervisa-rehabilitacion-de-espacio-deportivo-en-la-piedra-lisa-otra-de-las-obrasquetransforman\/#article\",\"isPartOf\":{\"@id\":\"https:\/\/masquenoticias.mx\/index.php\/2023\/11\/10\/indira-supervisa-rehabilitacion-de-espacio-deportivo-en-la-piedra-lisa-otra-de-las-obrasquetransforman\/\"},\"author\":{\"name\":\"Redacci\u00f3n\",\"@id\":\"https:\/\/masquenoticias.mx\/#\/schema\/person\/544d19989ef23d34615f691f7a96e622\"},\"headline\":\"Indira supervisa rehabilitaci\u00f3n de espacio deportivo en la Piedra Lisa, otra de las #ObrasQueTransforman\",\"datePublished\":\"2023-11-10T16:15:27+00:00\",\"mainEntityOfPage\":{\"@id\":\"https:\/\/masquenoticias.mx\/index.php\/2023\/11\/10\/indira-supervisa-rehabilitacion-de-espacio-deportivo-en-la-piedra-lisa-otra-de-las-obrasquetransforman\/\"},\"wordCount\":202,\"commentCount\":0,\"publisher\":{\"@id\":\"https:\/\/masquenoticias.mx\/#organization\"},\"image\":{\"@id\":\"https:\/\/masquenoticias.mx\/index.php\/2023\/11\/10\/indira-supervisa-rehabilitacion-de-espacio-deportivo-en-la-piedra-lisa-otra-de-las-obrasquetransforman\/#primaryimage\"},\"thumbnailUrl\":\"https:\/\/i0.wp.com\/masquenoticias.mx\/wp-content\/uploads\/2023\/11\/WhatsApp-Image-2023-11-09-at-7.38.07-PM.jpeg?fit=1080%2C720&ssl=1\",\"keywords\":[\"Indira Vizca\u00edno\",\"Viridiana Valencia\"],\"articleSection\":[\"Estado\"],\"inLanguage\":\"es\",\"potentialAction\":[{\"@type\":\"CommentAction\",\"name\":\"Comment\",\"target\":[\"https:\/\/masquenoticias.mx\/index.php\/2023\/11\/10\/indira-supervisa-rehabilitacion-de-espacio-deportivo-en-la-piedra-lisa-otra-de-las-obrasquetransforman\/#respond\"]}]},{\"@type\":\"WebPage\",\"@id\":\"https:\/\/masquenoticias.mx\/index.php\/2023\/11\/10\/indira-supervisa-rehabilitacion-de-espacio-deportivo-en-la-piedra-lisa-otra-de-las-obrasquetransforman\/\",\"url\":\"https:\/\/masquenoticias.mx\/index.php\/2023\/11\/10\/indira-supervisa-rehabilitacion-de-espacio-deportivo-en-la-piedra-lisa-otra-de-las-obrasquetransforman\/\",\"name\":\"Indira supervisa rehabilitaci\u00f3n de espacio deportivo en la Piedra Lisa, otra de las #ObrasQueTransforman - M\u00e1s Que Noticias\",\"isPartOf\":{\"@id\":\"https:\/\/masquenoticias.mx\/#website\"},\"primaryImageOfPage\":{\"@id\":\"https:\/\/masquenoticias.mx\/index.php\/2023\/11\/10\/indira-supervisa-rehabilitacion-de-espacio-deportivo-en-la-piedra-lisa-otra-de-las-obrasquetransforman\/#primaryimage\"},\"image\":{\"@id\":\"https:\/\/masquenoticias.mx\/index.php\/2023\/11\/10\/indira-supervisa-rehabilitacion-de-espacio-deportivo-en-la-piedra-lisa-otra-de-las-obrasquetransforman\/#primaryimage\"},\"thumbnailUrl\":\"https:\/\/i0.wp.com\/masquenoticias.mx\/wp-content\/uploads\/2023\/11\/WhatsApp-Image-2023-11-09-at-7.38.07-PM.jpeg?fit=1080%2C720&ssl=1\",\"datePublished\":\"2023-11-10T16:15:27+00:00\",\"breadcrumb\":{\"@id\":\"https:\/\/masquenoticias.mx\/index.php\/2023\/11\/10\/indira-supervisa-rehabilitacion-de-espacio-deportivo-en-la-piedra-lisa-otra-de-las-obrasquetransforman\/#breadcrumb\"},\"inLanguage\":\"es\",\"potentialAction\":[{\"@type\":\"ReadAction\",\"target\":[\"https:\/\/masquenoticias.mx\/index.php\/2023\/11\/10\/indira-supervisa-rehabilitacion-de-espacio-deportivo-en-la-piedra-lisa-otra-de-las-obrasquetransforman\/\"]}]},{\"@type\":\"ImageObject\",\"inLanguage\":\"es\",\"@id\":\"https:\/\/masquenoticias.mx\/index.php\/2023\/11\/10\/indira-supervisa-rehabilitacion-de-espacio-deportivo-en-la-piedra-lisa-otra-de-las-obrasquetransforman\/#primaryimage\",\"url\":\"https:\/\/i0.wp.com\/masquenoticias.mx\/wp-content\/uploads\/2023\/11\/WhatsApp-Image-2023-11-09-at-7.38.07-PM.jpeg?fit=1080%2C720&ssl=1\",\"contentUrl\":\"https:\/\/i0.wp.com\/masquenoticias.mx\/wp-content\/uploads\/2023\/11\/WhatsApp-Image-2023-11-09-at-7.38.07-PM.jpeg?fit=1080%2C720&ssl=1\",\"width\":1080,\"height\":720},{\"@type\":\"BreadcrumbList\",\"@id\":\"https:\/\/masquenoticias.mx\/index.php\/2023\/11\/10\/indira-supervisa-rehabilitacion-de-espacio-deportivo-en-la-piedra-lisa-otra-de-las-obrasquetransforman\/#breadcrumb\",\"itemListElement\":[{\"@type\":\"ListItem\",\"position\":1,\"name\":\"Inicio\",\"item\":\"https:\/\/masquenoticias.mx\/\"},{\"@type\":\"ListItem\",\"position\":2,\"name\":\"Indira supervisa rehabilitaci\u00f3n de espacio deportivo en la Piedra Lisa, otra de las #ObrasQueTransforman\"}]},{\"@type\":\"WebSite\",\"@id\":\"https:\/\/masquenoticias.mx\/#website\",\"url\":\"https:\/\/masquenoticias.mx\/\",\"name\":\"M\u00e1s Que Noticias\",\"description\":\"Noticias de Colima, M\u00e9xico y el Mundo\",\"publisher\":{\"@id\":\"https:\/\/masquenoticias.mx\/#organization\"},\"potentialAction\":[{\"@type\":\"SearchAction\",\"target\":{\"@type\":\"EntryPoint\",\"urlTemplate\":\"https:\/\/masquenoticias.mx\/?s={search_term_string}\"},\"query-input\":{\"@type\":\"PropertyValueSpecification\",\"valueRequired\":true,\"valueName\":\"search_term_string\"}}],\"inLanguage\":\"es\"},{\"@type\":\"Organization\",\"@id\":\"https:\/\/masquenoticias.mx\/#organization\",\"name\":\"M\u00e1s Que Noticias\",\"url\":\"https:\/\/masquenoticias.mx\/\",\"logo\":{\"@type\":\"ImageObject\",\"inLanguage\":\"es\",\"@id\":\"https:\/\/masquenoticias.mx\/#\/schema\/logo\/image\/\",\"url\":\"https:\/\/i0.wp.com\/masquenoticias.mx\/wp-content\/uploads\/2024\/04\/IMG_0004.png?fit=2560%2C1656&ssl=1\",\"contentUrl\":\"https:\/\/i0.wp.com\/masquenoticias.mx\/wp-content\/uploads\/2024\/04\/IMG_0004.png?fit=2560%2C1656&ssl=1\",\"width\":2560,\"height\":1656,\"caption\":\"M\u00e1s Que Noticias\"},\"image\":{\"@id\":\"https:\/\/masquenoticias.mx\/#\/schema\/logo\/image\/\"},\"sameAs\":[\"https:\/\/www.facebook.com\/masquenoticiascolima\",\"https:\/\/x.com\/edgartove\",\"https:\/\/www.instagram.com\/masquenoticiascolima\/\"]},{\"@type\":\"Person\",\"@id\":\"https:\/\/masquenoticias.mx\/#\/schema\/person\/544d19989ef23d34615f691f7a96e622\",\"name\":\"Redacci\u00f3n\",\"image\":{\"@type\":\"ImageObject\",\"inLanguage\":\"es\",\"@id\":\"https:\/\/masquenoticias.mx\/#\/schema\/person\/image\/\",\"url\":\"https:\/\/secure.gravatar.com\/avatar\/7fcc926d5b058d3f3d52d95b4d05dd58?s=96&d=mm&r=g\",\"contentUrl\":\"https:\/\/secure.gravatar.com\/avatar\/7fcc926d5b058d3f3d52d95b4d05dd58?s=96&d=mm&r=g\",\"caption\":\"Redacci\u00f3n\"},\"sameAs\":[\"http:\/\/masquenoticias.mx\"],\"url\":\"https:\/\/masquenoticias.mx\/index.php\/author\/edgartovegmail-com\/\"}]}<\/script>\n<!-- \/ Yoast SEO plugin. -->","yoast_head_json":{"title":"Indira supervisa rehabilitaci\u00f3n de espacio deportivo en la Piedra Lisa, otra de las #ObrasQueTransforman - M\u00e1s Que Noticias","robots":{"index":"index","follow":"follow","max-snippet":"max-snippet:-1","max-image-preview":"max-image-preview:large","max-video-preview":"max-video-preview:-1"},"canonical":"https:\/\/masquenoticias.mx\/index.php\/2023\/11\/10\/indira-supervisa-rehabilitacion-de-espacio-deportivo-en-la-piedra-lisa-otra-de-las-obrasquetransforman\/","og_locale":"es_MX","og_type":"article","og_title":"Indira supervisa rehabilitaci\u00f3n de espacio deportivo en la Piedra Lisa, otra de las #ObrasQueTransforman - M\u00e1s Que Noticias","og_description":"La tarde de este jueves, la gobernadora del estado de Colima, Indira Vizca\u00edno Silva, acompa\u00f1ada por la titular de la Secretar\u00eda de Infraestructura, Desarrollo Urbano y Movilidad (Seidum), Marisol Neri Le\u00f3n, supervis\u00f3 los avances de una m\u00e1s de las #ObrasQueTransforman: la rehabilitaci\u00f3n del espacio multideportivo en el parque de la Piedra Lisa, en la capital [&hellip;]","og_url":"https:\/\/masquenoticias.mx\/index.php\/2023\/11\/10\/indira-supervisa-rehabilitacion-de-espacio-deportivo-en-la-piedra-lisa-otra-de-las-obrasquetransforman\/","og_site_name":"M\u00e1s Que Noticias","article_publisher":"https:\/\/www.facebook.com\/masquenoticiascolima","article_published_time":"2023-11-10T16:15:27+00:00","og_image":[{"width":1080,"height":720,"url":"https:\/\/i0.wp.com\/masquenoticias.mx\/wp-content\/uploads\/2023\/11\/WhatsApp-Image-2023-11-09-at-7.38.07-PM.jpeg?fit=1080%2C720&ssl=1","type":"image\/jpeg"}],"author":"Redacci\u00f3n","twitter_card":"summary_large_image","twitter_creator":"@edgartove","twitter_site":"@edgartove","twitter_misc":{"Escrito por":"Redacci\u00f3n","Tiempo de lectura":"1 minuto"},"schema":{"@context":"https:\/\/schema.org","@graph":[{"@type":"Article","@id":"https:\/\/masquenoticias.mx\/index.php\/2023\/11\/10\/indira-supervisa-rehabilitacion-de-espacio-deportivo-en-la-piedra-lisa-otra-de-las-obrasquetransforman\/#article","isPartOf":{"@id":"https:\/\/masquenoticias.mx\/index.php\/2023\/11\/10\/indira-supervisa-rehabilitacion-de-espacio-deportivo-en-la-piedra-lisa-otra-de-las-obrasquetransforman\/"},"author":{"name":"Redacci\u00f3n","@id":"https:\/\/masquenoticias.mx\/#\/schema\/person\/544d19989ef23d34615f691f7a96e622"},"headline":"Indira supervisa rehabilitaci\u00f3n de espacio deportivo en la Piedra Lisa, otra de las #ObrasQueTransforman","datePublished":"2023-11-10T16:15:27+00:00","mainEntityOfPage":{"@id":"https:\/\/masquenoticias.mx\/index.php\/2023\/11\/10\/indira-supervisa-rehabilitacion-de-espacio-deportivo-en-la-piedra-lisa-otra-de-las-obrasquetransforman\/"},"wordCount":202,"commentCount":0,"publisher":{"@id":"https:\/\/masquenoticias.mx\/#organization"},"image":{"@id":"https:\/\/masquenoticias.mx\/index.php\/2023\/11\/10\/indira-supervisa-rehabilitacion-de-espacio-deportivo-en-la-piedra-lisa-otra-de-las-obrasquetransforman\/#primaryimage"},"thumbnailUrl":"https:\/\/i0.wp.com\/masquenoticias.mx\/wp-content\/uploads\/2023\/11\/WhatsApp-Image-2023-11-09-at-7.38.07-PM.jpeg?fit=1080%2C720&ssl=1","keywords":["Indira Vizca\u00edno","Viridiana Valencia"],"articleSection":["Estado"],"inLanguage":"es","potentialAction":[{"@type":"CommentAction","name":"Comment","target":["https:\/\/masquenoticias.mx\/index.php\/2023\/11\/10\/indira-supervisa-rehabilitacion-de-espacio-deportivo-en-la-piedra-lisa-otra-de-las-obrasquetransforman\/#respond"]}]},{"@type":"WebPage","@id":"https:\/\/masquenoticias.mx\/index.php\/2023\/11\/10\/indira-supervisa-rehabilitacion-de-espacio-deportivo-en-la-piedra-lisa-otra-de-las-obrasquetransforman\/","url":"https:\/\/masquenoticias.mx\/index.php\/2023\/11\/10\/indira-supervisa-rehabilitacion-de-espacio-deportivo-en-la-piedra-lisa-otra-de-las-obrasquetransforman\/","name":"Indira supervisa rehabilitaci\u00f3n de espacio deportivo en la Piedra Lisa, otra de las #ObrasQueTransforman - M\u00e1s Que Noticias","isPartOf":{"@id":"https:\/\/masquenoticias.mx\/#website"},"primaryImageOfPage":{"@id":"https:\/\/masquenoticias.mx\/index.php\/2023\/11\/10\/indira-supervisa-rehabilitacion-de-espacio-deportivo-en-la-piedra-lisa-otra-de-las-obrasquetransforman\/#primaryimage"},"image":{"@id":"https:\/\/masquenoticias.mx\/index.php\/2023\/11\/10\/indira-supervisa-rehabilitacion-de-espacio-deportivo-en-la-piedra-lisa-otra-de-las-obrasquetransforman\/#primaryimage"},"thumbnailUrl":"https:\/\/i0.wp.com\/masquenoticias.mx\/wp-content\/uploads\/2023\/11\/WhatsApp-Image-2023-11-09-at-7.38.07-PM.jpeg?fit=1080%2C720&ssl=1","datePublished":"2023-11-10T16:15:27+00:00","breadcrumb":{"@id":"https:\/\/masquenoticias.mx\/index.php\/2023\/11\/10\/indira-supervisa-rehabilitacion-de-espacio-deportivo-en-la-piedra-lisa-otra-de-las-obrasquetransforman\/#breadcrumb"},"inLanguage":"es","potentialAction":[{"@type":"ReadAction","target":["https:\/\/masquenoticias.mx\/index.php\/2023\/11\/10\/indira-supervisa-rehabilitacion-de-espacio-deportivo-en-la-piedra-lisa-otra-de-las-obrasquetransforman\/"]}]},{"@type":"ImageObject","inLanguage":"es","@id":"https:\/\/masquenoticias.mx\/index.php\/2023\/11\/10\/indira-supervisa-rehabilitacion-de-espacio-deportivo-en-la-piedra-lisa-otra-de-las-obrasquetransforman\/#primaryimage","url":"https:\/\/i0.wp.com\/masquenoticias.mx\/wp-content\/uploads\/2023\/11\/WhatsApp-Image-2023-11-09-at-7.38.07-PM.jpeg?fit=1080%2C720&ssl=1","contentUrl":"https:\/\/i0.wp.com\/masquenoticias.mx\/wp-content\/uploads\/2023\/11\/WhatsApp-Image-2023-11-09-at-7.38.07-PM.jpeg?fit=1080%2C720&ssl=1","width":1080,"height":720},{"@type":"BreadcrumbList","@id":"https:\/\/masquenoticias.mx\/index.php\/2023\/11\/10\/indira-supervisa-rehabilitacion-de-espacio-deportivo-en-la-piedra-lisa-otra-de-las-obrasquetransforman\/#breadcrumb","itemListElement":[{"@type":"ListItem","position":1,"name":"Inicio","item":"https:\/\/masquenoticias.mx\/"},{"@type":"ListItem","position":2,"name":"Indira supervisa rehabilitaci\u00f3n de espacio deportivo en la Piedra Lisa, otra de las #ObrasQueTransforman"}]},{"@type":"WebSite","@id":"https:\/\/masquenoticias.mx\/#website","url":"https:\/\/masquenoticias.mx\/","name":"M\u00e1s Que Noticias","description":"Noticias de Colima, M\u00e9xico y el Mundo","publisher":{"@id":"https:\/\/masquenoticias.mx\/#organization"},"potentialAction":[{"@type":"SearchAction","target":{"@type":"EntryPoint","urlTemplate":"https:\/\/masquenoticias.mx\/?s={search_term_string}"},"query-input":{"@type":"PropertyValueSpecification","valueRequired":true,"valueName":"search_term_string"}}],"inLanguage":"es"},{"@type":"Organization","@id":"https:\/\/masquenoticias.mx\/#organization","name":"M\u00e1s Que Noticias","url":"https:\/\/masquenoticias.mx\/","logo":{"@type":"ImageObject","inLanguage":"es","@id":"https:\/\/masquenoticias.mx\/#\/schema\/logo\/image\/","url":"https:\/\/i0.wp.com\/masquenoticias.mx\/wp-content\/uploads\/2024\/04\/IMG_0004.png?fit=2560%2C1656&ssl=1","contentUrl":"https:\/\/i0.wp.com\/masquenoticias.mx\/wp-content\/uploads\/2024\/04\/IMG_0004.png?fit=2560%2C1656&ssl=1","width":2560,"height":1656,"caption":"M\u00e1s Que Noticias"},"image":{"@id":"https:\/\/masquenoticias.mx\/#\/schema\/logo\/image\/"},"sameAs":["https:\/\/www.facebook.com\/masquenoticiascolima","https:\/\/x.com\/edgartove","https:\/\/www.instagram.com\/masquenoticiascolima\/"]},{"@type":"Person","@id":"https:\/\/masquenoticias.mx\/#\/schema\/person\/544d19989ef23d34615f691f7a96e622","name":"Redacci\u00f3n","image":{"@type":"ImageObject","inLanguage":"es","@id":"https:\/\/masquenoticias.mx\/#\/schema\/person\/image\/","url":"https:\/\/secure.gravatar.com\/avatar\/7fcc926d5b058d3f3d52d95b4d05dd58?s=96&d=mm&r=g","contentUrl":"https:\/\/secure.gravatar.com\/avatar\/7fcc926d5b058d3f3d52d95b4d05dd58?s=96&d=mm&r=g","caption":"Redacci\u00f3n"},"sameAs":["http:\/\/masquenoticias.mx"],"url":"https:\/\/masquenoticias.mx\/index.php\/author\/edgartovegmail-com\/"}]}},"jetpack_featured_media_url":"https:\/\/i0.wp.com\/masquenoticias.mx\/wp-content\/uploads\/2023\/11\/WhatsApp-Image-2023-11-09-at-7.38.07-PM.jpeg?fit=1080%2C720&ssl=1","blog_post_layout_featured_media_urls":{"thumbnail":["https:\/\/i0.wp.com\/masquenoticias.mx\/wp-content\/uploads\/2023\/11\/WhatsApp-Image-2023-11-09-at-7.38.07-PM.jpeg?resize=150%2C150&ssl=1",150,150,true],"full":["https:\/\/i0.wp.com\/masquenoticias.mx\/wp-content\/uploads\/2023\/11\/WhatsApp-Image-2023-11-09-at-7.38.07-PM.jpeg?fit=1080%2C720&ssl=1",1080,720,false]},"categories_names":{"24":{"name":"Estado","link":"https:\/\/masquenoticias.mx\/index.php\/category\/estado\/"}},"tags_names":{"26":{"name":"Indira Vizca\u00edno","link":"https:\/\/masquenoticias.mx\/index.php\/tag\/indira-vizcaino\/"},"27":{"name":"Viridiana Valencia","link":"https:\/\/masquenoticias.mx\/index.php\/tag\/viridiana-valencia\/"}},"comments_number":"0","wpmagazine_modules_lite_featured_media_urls":{"thumbnail":["https:\/\/i0.wp.com\/masquenoticias.mx\/wp-content\/uploads\/2023\/11\/WhatsApp-Image-2023-11-09-at-7.38.07-PM.jpeg?resize=150%2C150&ssl=1",150,150,true],"cvmm-medium":["https:\/\/i0.wp.com\/masquenoticias.mx\/wp-content\/uploads\/2023\/11\/WhatsApp-Image-2023-11-09-at-7.38.07-PM.jpeg?resize=300%2C300&ssl=1",300,300,true],"cvmm-medium-plus":["https:\/\/i0.wp.com\/masquenoticias.mx\/wp-content\/uploads\/2023\/11\/WhatsApp-Image-2023-11-09-at-7.38.07-PM.jpeg?resize=305%2C207&ssl=1",305,207,true],"cvmm-portrait":["https:\/\/i0.wp.com\/masquenoticias.mx\/wp-content\/uploads\/2023\/11\/WhatsApp-Image-2023-11-09-at-7.38.07-PM.jpeg?resize=400%2C600&ssl=1",400,600,true],"cvmm-medium-square":["https:\/\/i0.wp.com\/masquenoticias.mx\/wp-content\/uploads\/2023\/11\/WhatsApp-Image-2023-11-09-at-7.38.07-PM.jpeg?resize=600%2C600&ssl=1",600,600,true],"cvmm-large":["https:\/\/i0.wp.com\/masquenoticias.mx\/wp-content\/uploads\/2023\/11\/WhatsApp-Image-2023-11-09-at-7.38.07-PM.jpeg?resize=1024%2C720&ssl=1",1024,720,true],"cvmm-small":["https:\/\/i0.wp.com\/masquenoticias.mx\/wp-content\/uploads\/2023\/11\/WhatsApp-Image-2023-11-09-at-7.38.07-PM.jpeg?resize=130%2C95&ssl=1",130,95,true],"full":["https:\/\/i0.wp.com\/masquenoticias.mx\/wp-content\/uploads\/2023\/11\/WhatsApp-Image-2023-11-09-at-7.38.07-PM.jpeg?fit=1080%2C720&ssl=1",1080,720,false]},"jetpack-related-posts":[],"jetpack_sharing_enabled":true,"jetpack_likes_enabled":true,"jetpack_shortlink":"https:\/\/wp.me\/pf7pkt-1ew","_links":{"self":[{"href":"https:\/\/masquenoticias.mx\/index.php\/wp-json\/wp\/v2\/posts\/4744","targetHints":{"allow":["GET"]}}],"collection":[{"href":"https:\/\/masquenoticias.mx\/index.php\/wp-json\/wp\/v2\/posts"}],"about":[{"href":"https:\/\/masquenoticias.mx\/index.php\/wp-json\/wp\/v2\/types\/post"}],"author":[{"embeddable":true,"href":"https:\/\/masquenoticias.mx\/index.php\/wp-json\/wp\/v2\/users\/1"}],"replies":[{"embeddable":true,"href":"https:\/\/masquenoticias.mx\/index.php\/wp-json\/wp\/v2\/comments?post=4744"}],"version-history":[{"count":0,"href":"https:\/\/masquenoticias.mx\/index.php\/wp-json\/wp\/v2\/posts\/4744\/revisions"}],"wp:featuredmedia":[{"embeddable":true,"href":"https:\/\/masquenoticias.mx\/index.php\/wp-json\/wp\/v2\/media\/4745"}],"wp:attachment":[{"href":"https:\/\/masquenoticias.mx\/index.php\/wp-json\/wp\/v2\/media?parent=4744"}],"wp:term":[{"taxonomy":"category","embeddable":true,"href":"https:\/\/masquenoticias.mx\/index.php\/wp-json\/wp\/v2\/categories?post=4744"},{"taxonomy":"post_tag","embeddable":true,"href":"https:\/\/masquenoticias.mx\/index.php\/wp-json\/wp\/v2\/tags?post=4744"}],"curies":[{"name":"wp","href":"https:\/\/api.w.org\/{rel}","templated":true}]}}