{"id":4679,"date":"2023-11-08T19:19:59","date_gmt":"2023-11-09T01:19:59","guid":{"rendered":"https:\/\/masquenoticias.mx\/?p=4679"},"modified":"2023-11-08T19:19:59","modified_gmt":"2023-11-09T01:19:59","slug":"indira-la-ganaderia-es-fundamental-para-el-desarrollo-economico-de-colima","status":"publish","type":"post","link":"https:\/\/masquenoticias.mx\/index.php\/2023\/11\/08\/indira-la-ganaderia-es-fundamental-para-el-desarrollo-economico-de-colima\/","title":{"rendered":"Indira: la ganader\u00eda es fundamental para el desarrollo econ\u00f3mico de Colima"},"content":{"rendered":"<p>Al presidir el &#8216;D\u00eda del Ganadero&#8217; en las instalaciones de la Feria de Todos los Santos Colima 2023, la gobernadora Indira Vizca\u00edno Silva reconoci\u00f3 que su labor es fundamental en t\u00e9rminos del desarrollo econ\u00f3mico del estado y la vida cotidiana de las personas, para su alimentaci\u00f3n.<\/p>\n<p>La mandataria estatal explic\u00f3 que se estima que la ganader\u00eda tiene una derrama econ\u00f3mica por arriba de los 2 mil 650 millones de pesos anuales, y que cada a\u00f1o se producen cerca de 60 mil cabezas de ganado que se comercializan a nivel nacional; &#8220;estos n\u00fameros hablan por s\u00ed solos de la relevancia de la ganader\u00eda para Colima, sabemos que es un sector en el que tenemos que seguir trabajando e impulsando, para que no s\u00f3lo se mantenga, sino que siga creciendo&#8221; expres\u00f3.<\/p>\n<p>Indira Vizca\u00edno dio a conocer que ha aumentado significativamente la aportaci\u00f3n estatal del Programa de Sanidad e Inocuidad Agroalimentaria, incrementando m\u00e1s del 93% en comparaci\u00f3n con la administraci\u00f3n estatal pasada, y un aumento del 45% respecto al a\u00f1o anterior.<\/p>\n<p>A\u00f1adi\u00f3 que se est\u00e1 trabajando con mucho empe\u00f1o en la recuperaci\u00f3n de la condici\u00f3n sanitaria que otorga el Departamento de Agricultura de Estados Unidos, en lo referente a la Campa\u00f1a Nacional contra la Tuberculosis Bovina, que lamentablemente se perdi\u00f3 durante la anterior administraci\u00f3n; &#8220;lo estamos trabajando no solamente en el estado de Colima, sino en coordinaci\u00f3n con Jalisco, es un trabajo que no vamos a dejar, pues lleva avances importantes y no la vamos a soltar hasta que logremos recuperar&#8221;.<\/p>\n<p>SECTOR FUNDAMENTAL<\/p>\n<p>Adalberto Velasco Antill\u00f3n, presidente de la Uni\u00f3n Ganadera de Jalisco, quien estuvo en representaci\u00f3n de la Confederaci\u00f3n Nacional de Organizaciones Ganaderas, indic\u00f3 que se le debe dar valor a su sector ya que todos los d\u00edas producen los alimentos necesarios para las familias colimenses y mexicanas, pese a las adversidades.<\/p>\n<p>Jorge Antonio Salazar Barrag\u00e1n, presidente de la Uni\u00f3n Ganadera Regional (UGR) de Colima, dijo a la gobernadora que puede considerar a su sector como sus aliadas y aliados, para dar continuidad a los trabajos de poblamiento, sanidad gen\u00e9tica y nutrici\u00f3n, a trav\u00e9s de los programas gubernamentales que ayuden al incremento de la ganader\u00eda.<\/p>\n<p>El director del Instituto de Fomento de Ferias y Exposiciones de Colima (Iffecol), Rodolfo Aguilar D\u00e1valos, expres\u00f3 que es un honor celebrar el D\u00eda del Ganadero y les agradeci\u00f3 por su participaci\u00f3n en la edici\u00f3n 84 de la Feria de Todos los Santos Colima 2023.<\/p>\n<div class=\"tiled-gallery type-rectangular tiled-gallery-unresized\" data-original-width=\"640\" data-carousel-extra='null' itemscope itemtype=\"http:\/\/schema.org\/ImageGallery\" > <div class=\"gallery-row\" style=\"width: 640px; height: 286px;\" data-original-width=\"640\" data-original-height=\"286\" > <div class=\"gallery-group images-1\" style=\"width: 427px; height: 286px;\" data-original-width=\"427\" data-original-height=\"286\" > <div class=\"tiled-gallery-item tiled-gallery-item-large\" itemprop=\"associatedMedia\" itemscope itemtype=\"http:\/\/schema.org\/ImageObject\"> <a href=\"https:\/\/masquenoticias.mx\/index.php\/2023\/11\/08\/indira-la-ganaderia-es-fundamental-para-el-desarrollo-economico-de-colima\/img-20231108-wa0166\/\" border=\"0\" itemprop=\"url\"> <meta itemprop=\"width\" content=\"423\"> <meta itemprop=\"height\" content=\"282\"> <img loading=\"lazy\" decoding=\"async\" class=\"\" data-attachment-id=\"4683\" data-orig-file=\"https:\/\/masquenoticias.mx\/wp-content\/uploads\/2023\/11\/IMG-20231108-WA0166-jpg.webp\" data-orig-size=\"1280,854\" data-comments-opened=\"1\" data-image-meta=\"{&quot;aperture&quot;:&quot;0&quot;,&quot;credit&quot;:&quot;&quot;,&quot;camera&quot;:&quot;&quot;,&quot;caption&quot;:&quot;&quot;,&quot;created_timestamp&quot;:&quot;0&quot;,&quot;copyright&quot;:&quot;&quot;,&quot;focal_length&quot;:&quot;0&quot;,&quot;iso&quot;:&quot;0&quot;,&quot;shutter_speed&quot;:&quot;0&quot;,&quot;title&quot;:&quot;&quot;,&quot;orientation&quot;:&quot;0&quot;}\" data-image-title=\"IMG-20231108-WA0166\" data-image-description=\"\" data-medium-file=\"https:\/\/i0.wp.com\/masquenoticias.mx\/wp-content\/uploads\/2023\/11\/IMG-20231108-WA0166-jpg.webp?fit=300%2C200&#038;ssl=1\" data-large-file=\"https:\/\/i0.wp.com\/masquenoticias.mx\/wp-content\/uploads\/2023\/11\/IMG-20231108-WA0166-jpg.webp?fit=640%2C427&#038;ssl=1\" src=\"https:\/\/i0.wp.com\/masquenoticias.mx\/wp-content\/uploads\/2023\/11\/IMG-20231108-WA0166-jpg.webp?w=423&#038;h=282&#038;ssl=1\" srcset=\"https:\/\/i0.wp.com\/masquenoticias.mx\/wp-content\/uploads\/2023\/11\/IMG-20231108-WA0166-jpg.webp?w=1280&amp;ssl=1 1280w, https:\/\/i0.wp.com\/masquenoticias.mx\/wp-content\/uploads\/2023\/11\/IMG-20231108-WA0166-jpg.webp?resize=300%2C200&amp;ssl=1 300w, https:\/\/i0.wp.com\/masquenoticias.mx\/wp-content\/uploads\/2023\/11\/IMG-20231108-WA0166-jpg.webp?resize=1024%2C683&amp;ssl=1 1024w, https:\/\/i0.wp.com\/masquenoticias.mx\/wp-content\/uploads\/2023\/11\/IMG-20231108-WA0166-jpg.webp?resize=768%2C512&amp;ssl=1 768w\" width=\"423\" height=\"282\" loading=\"lazy\" data-original-width=\"423\" data-original-height=\"282\" itemprop=\"http:\/\/schema.org\/image\" title=\"IMG-20231108-WA0166\" alt=\"IMG-20231108-WA0166\" style=\"width: 423px; height: 282px;\" \/> <\/a> <\/div> <\/div> <!-- close group --> <div class=\"gallery-group images-2\" style=\"width: 213px; height: 286px;\" data-original-width=\"213\" data-original-height=\"286\" > <div class=\"tiled-gallery-item tiled-gallery-item-small\" itemprop=\"associatedMedia\" itemscope itemtype=\"http:\/\/schema.org\/ImageObject\"> <a href=\"https:\/\/masquenoticias.mx\/index.php\/2023\/11\/08\/indira-la-ganaderia-es-fundamental-para-el-desarrollo-economico-de-colima\/img-20231108-wa0164\/\" border=\"0\" itemprop=\"url\"> <meta itemprop=\"width\" content=\"209\"> <meta itemprop=\"height\" content=\"139\"> <img loading=\"lazy\" decoding=\"async\" class=\"\" data-attachment-id=\"4681\" data-orig-file=\"https:\/\/masquenoticias.mx\/wp-content\/uploads\/2023\/11\/IMG-20231108-WA0164-jpg.webp\" data-orig-size=\"1280,854\" data-comments-opened=\"1\" data-image-meta=\"{&quot;aperture&quot;:&quot;0&quot;,&quot;credit&quot;:&quot;&quot;,&quot;camera&quot;:&quot;&quot;,&quot;caption&quot;:&quot;&quot;,&quot;created_timestamp&quot;:&quot;0&quot;,&quot;copyright&quot;:&quot;&quot;,&quot;focal_length&quot;:&quot;0&quot;,&quot;iso&quot;:&quot;0&quot;,&quot;shutter_speed&quot;:&quot;0&quot;,&quot;title&quot;:&quot;&quot;,&quot;orientation&quot;:&quot;0&quot;}\" data-image-title=\"IMG-20231108-WA0164\" data-image-description=\"\" data-medium-file=\"https:\/\/i0.wp.com\/masquenoticias.mx\/wp-content\/uploads\/2023\/11\/IMG-20231108-WA0164-jpg.webp?fit=300%2C200&#038;ssl=1\" data-large-file=\"https:\/\/i0.wp.com\/masquenoticias.mx\/wp-content\/uploads\/2023\/11\/IMG-20231108-WA0164-jpg.webp?fit=640%2C427&#038;ssl=1\" src=\"https:\/\/i0.wp.com\/masquenoticias.mx\/wp-content\/uploads\/2023\/11\/IMG-20231108-WA0164-jpg.webp?w=209&#038;h=139&#038;ssl=1\" srcset=\"https:\/\/i0.wp.com\/masquenoticias.mx\/wp-content\/uploads\/2023\/11\/IMG-20231108-WA0164-jpg.webp?w=1280&amp;ssl=1 1280w, https:\/\/i0.wp.com\/masquenoticias.mx\/wp-content\/uploads\/2023\/11\/IMG-20231108-WA0164-jpg.webp?resize=300%2C200&amp;ssl=1 300w, https:\/\/i0.wp.com\/masquenoticias.mx\/wp-content\/uploads\/2023\/11\/IMG-20231108-WA0164-jpg.webp?resize=1024%2C683&amp;ssl=1 1024w, https:\/\/i0.wp.com\/masquenoticias.mx\/wp-content\/uploads\/2023\/11\/IMG-20231108-WA0164-jpg.webp?resize=768%2C512&amp;ssl=1 768w\" width=\"209\" height=\"139\" loading=\"lazy\" data-original-width=\"209\" data-original-height=\"139\" itemprop=\"http:\/\/schema.org\/image\" title=\"IMG-20231108-WA0164\" alt=\"IMG-20231108-WA0164\" style=\"width: 209px; height: 139px;\" \/> <\/a> <\/div> <div class=\"tiled-gallery-item tiled-gallery-item-small\" itemprop=\"associatedMedia\" itemscope itemtype=\"http:\/\/schema.org\/ImageObject\"> <a href=\"https:\/\/masquenoticias.mx\/index.php\/2023\/11\/08\/indira-la-ganaderia-es-fundamental-para-el-desarrollo-economico-de-colima\/img-20231108-wa0163\/\" border=\"0\" itemprop=\"url\"> <meta itemprop=\"width\" content=\"209\"> <meta itemprop=\"height\" content=\"139\"> <img loading=\"lazy\" decoding=\"async\" class=\"\" data-attachment-id=\"4680\" data-orig-file=\"https:\/\/masquenoticias.mx\/wp-content\/uploads\/2023\/11\/IMG-20231108-WA0163-jpg.webp\" data-orig-size=\"1280,854\" data-comments-opened=\"1\" data-image-meta=\"{&quot;aperture&quot;:&quot;0&quot;,&quot;credit&quot;:&quot;&quot;,&quot;camera&quot;:&quot;&quot;,&quot;caption&quot;:&quot;&quot;,&quot;created_timestamp&quot;:&quot;0&quot;,&quot;copyright&quot;:&quot;&quot;,&quot;focal_length&quot;:&quot;0&quot;,&quot;iso&quot;:&quot;0&quot;,&quot;shutter_speed&quot;:&quot;0&quot;,&quot;title&quot;:&quot;&quot;,&quot;orientation&quot;:&quot;0&quot;}\" data-image-title=\"IMG-20231108-WA0163\" data-image-description=\"\" data-medium-file=\"https:\/\/i0.wp.com\/masquenoticias.mx\/wp-content\/uploads\/2023\/11\/IMG-20231108-WA0163-jpg.webp?fit=300%2C200&#038;ssl=1\" data-large-file=\"https:\/\/i0.wp.com\/masquenoticias.mx\/wp-content\/uploads\/2023\/11\/IMG-20231108-WA0163-jpg.webp?fit=640%2C427&#038;ssl=1\" src=\"https:\/\/i0.wp.com\/masquenoticias.mx\/wp-content\/uploads\/2023\/11\/IMG-20231108-WA0163-jpg.webp?w=209&#038;h=139&#038;ssl=1\" srcset=\"https:\/\/i0.wp.com\/masquenoticias.mx\/wp-content\/uploads\/2023\/11\/IMG-20231108-WA0163-jpg.webp?w=1280&amp;ssl=1 1280w, https:\/\/i0.wp.com\/masquenoticias.mx\/wp-content\/uploads\/2023\/11\/IMG-20231108-WA0163-jpg.webp?resize=300%2C200&amp;ssl=1 300w, https:\/\/i0.wp.com\/masquenoticias.mx\/wp-content\/uploads\/2023\/11\/IMG-20231108-WA0163-jpg.webp?resize=1024%2C683&amp;ssl=1 1024w, https:\/\/i0.wp.com\/masquenoticias.mx\/wp-content\/uploads\/2023\/11\/IMG-20231108-WA0163-jpg.webp?resize=768%2C512&amp;ssl=1 768w\" width=\"209\" height=\"139\" loading=\"lazy\" data-original-width=\"209\" data-original-height=\"139\" itemprop=\"http:\/\/schema.org\/image\" title=\"IMG-20231108-WA0163\" alt=\"IMG-20231108-WA0163\" style=\"width: 209px; height: 139px;\" \/> <\/a> <\/div> <\/div> <!-- close group --> <\/div> <!-- close row --> <\/div>\n","protected":false},"excerpt":{"rendered":"<p>Al presidir el &#8216;D\u00eda del Ganadero&#8217; en las instalaciones de la Feria de Todos los Santos Colima 2023, la gobernadora Indira Vizca\u00edno Silva reconoci\u00f3 que su labor es fundamental en t\u00e9rminos del desarrollo econ\u00f3mico del estado y la vida cotidiana de las personas, para su alimentaci\u00f3n. La mandataria estatal explic\u00f3 que se estima que la [&hellip;]<\/p>\n","protected":false},"author":2,"featured_media":4682,"comment_status":"open","ping_status":"open","sticky":false,"template":"","format":"standard","meta":{"_jetpack_memberships_contains_paid_content":false,"footnotes":""},"categories":[24],"tags":[366,72],"class_list":["post-4679","post","type-post","status-publish","format-standard","has-post-thumbnail","hentry","category-estado","tag-ganaderia","tag-gobierno"],"yoast_head":"<!-- This site is optimized with the Yoast SEO plugin v26.6 - https:\/\/yoast.com\/wordpress\/plugins\/seo\/ -->\n<title>Indira: la ganader\u00eda es fundamental para el desarrollo econ\u00f3mico de Colima - M\u00e1s Que Noticias<\/title>\n<meta name=\"robots\" content=\"index, follow, max-snippet:-1, max-image-preview:large, max-video-preview:-1\" \/>\n<link rel=\"canonical\" href=\"https:\/\/masquenoticias.mx\/index.php\/2023\/11\/08\/indira-la-ganaderia-es-fundamental-para-el-desarrollo-economico-de-colima\/\" \/>\n<meta property=\"og:locale\" content=\"es_MX\" \/>\n<meta property=\"og:type\" content=\"article\" \/>\n<meta property=\"og:title\" content=\"Indira: la ganader\u00eda es fundamental para el desarrollo econ\u00f3mico de Colima - M\u00e1s Que Noticias\" \/>\n<meta property=\"og:description\" content=\"Al presidir el &#8216;D\u00eda del Ganadero&#8217; en las instalaciones de la Feria de Todos los Santos Colima 2023, la gobernadora Indira Vizca\u00edno Silva reconoci\u00f3 que su labor es fundamental en t\u00e9rminos del desarrollo econ\u00f3mico del estado y la vida cotidiana de las personas, para su alimentaci\u00f3n. La mandataria estatal explic\u00f3 que se estima que la [&hellip;]\" \/>\n<meta property=\"og:url\" content=\"https:\/\/masquenoticias.mx\/index.php\/2023\/11\/08\/indira-la-ganaderia-es-fundamental-para-el-desarrollo-economico-de-colima\/\" \/>\n<meta property=\"og:site_name\" content=\"M\u00e1s Que Noticias\" \/>\n<meta property=\"article:publisher\" content=\"https:\/\/www.facebook.com\/masquenoticiascolima\" \/>\n<meta property=\"article:published_time\" content=\"2023-11-09T01:19:59+00:00\" \/>\n<meta property=\"og:image\" content=\"https:\/\/i0.wp.com\/masquenoticias.mx\/wp-content\/uploads\/2023\/11\/IMG-20231108-WA0165-jpg.webp?fit=1280%2C853&ssl=1\" \/>\n\t<meta property=\"og:image:width\" content=\"1280\" \/>\n\t<meta property=\"og:image:height\" content=\"853\" \/>\n\t<meta property=\"og:image:type\" content=\"image\/jpeg\" \/>\n<meta name=\"author\" content=\"Redacci\u00f3n\" \/>\n<meta name=\"twitter:card\" content=\"summary_large_image\" \/>\n<meta name=\"twitter:creator\" content=\"@edgartove\" \/>\n<meta name=\"twitter:site\" content=\"@edgartove\" \/>\n<meta name=\"twitter:label1\" content=\"Escrito por\" \/>\n\t<meta name=\"twitter:data1\" content=\"Redacci\u00f3n\" \/>\n\t<meta name=\"twitter:label2\" content=\"Tiempo de lectura\" \/>\n\t<meta name=\"twitter:data2\" content=\"2 minutos\" \/>\n<script type=\"application\/ld+json\" class=\"yoast-schema-graph\">{\"@context\":\"https:\/\/schema.org\",\"@graph\":[{\"@type\":\"Article\",\"@id\":\"https:\/\/masquenoticias.mx\/index.php\/2023\/11\/08\/indira-la-ganaderia-es-fundamental-para-el-desarrollo-economico-de-colima\/#article\",\"isPartOf\":{\"@id\":\"https:\/\/masquenoticias.mx\/index.php\/2023\/11\/08\/indira-la-ganaderia-es-fundamental-para-el-desarrollo-economico-de-colima\/\"},\"author\":{\"name\":\"Redacci\u00f3n\",\"@id\":\"https:\/\/masquenoticias.mx\/#\/schema\/person\/6229637729ad377d24e2154e3b30720b\"},\"headline\":\"Indira: la ganader\u00eda es fundamental para el desarrollo econ\u00f3mico de Colima\",\"datePublished\":\"2023-11-09T01:19:59+00:00\",\"mainEntityOfPage\":{\"@id\":\"https:\/\/masquenoticias.mx\/index.php\/2023\/11\/08\/indira-la-ganaderia-es-fundamental-para-el-desarrollo-economico-de-colima\/\"},\"wordCount\":448,\"commentCount\":0,\"publisher\":{\"@id\":\"https:\/\/masquenoticias.mx\/#organization\"},\"image\":{\"@id\":\"https:\/\/masquenoticias.mx\/index.php\/2023\/11\/08\/indira-la-ganaderia-es-fundamental-para-el-desarrollo-economico-de-colima\/#primaryimage\"},\"thumbnailUrl\":\"https:\/\/i0.wp.com\/masquenoticias.mx\/wp-content\/uploads\/2023\/11\/IMG-20231108-WA0165-jpg.webp?fit=1280%2C853&ssl=1\",\"keywords\":[\"Ganader\u00eda\",\"Gobierno\"],\"articleSection\":[\"Estado\"],\"inLanguage\":\"es\",\"potentialAction\":[{\"@type\":\"CommentAction\",\"name\":\"Comment\",\"target\":[\"https:\/\/masquenoticias.mx\/index.php\/2023\/11\/08\/indira-la-ganaderia-es-fundamental-para-el-desarrollo-economico-de-colima\/#respond\"]}]},{\"@type\":\"WebPage\",\"@id\":\"https:\/\/masquenoticias.mx\/index.php\/2023\/11\/08\/indira-la-ganaderia-es-fundamental-para-el-desarrollo-economico-de-colima\/\",\"url\":\"https:\/\/masquenoticias.mx\/index.php\/2023\/11\/08\/indira-la-ganaderia-es-fundamental-para-el-desarrollo-economico-de-colima\/\",\"name\":\"Indira: la ganader\u00eda es fundamental para el desarrollo econ\u00f3mico de Colima - M\u00e1s Que Noticias\",\"isPartOf\":{\"@id\":\"https:\/\/masquenoticias.mx\/#website\"},\"primaryImageOfPage\":{\"@id\":\"https:\/\/masquenoticias.mx\/index.php\/2023\/11\/08\/indira-la-ganaderia-es-fundamental-para-el-desarrollo-economico-de-colima\/#primaryimage\"},\"image\":{\"@id\":\"https:\/\/masquenoticias.mx\/index.php\/2023\/11\/08\/indira-la-ganaderia-es-fundamental-para-el-desarrollo-economico-de-colima\/#primaryimage\"},\"thumbnailUrl\":\"https:\/\/i0.wp.com\/masquenoticias.mx\/wp-content\/uploads\/2023\/11\/IMG-20231108-WA0165-jpg.webp?fit=1280%2C853&ssl=1\",\"datePublished\":\"2023-11-09T01:19:59+00:00\",\"breadcrumb\":{\"@id\":\"https:\/\/masquenoticias.mx\/index.php\/2023\/11\/08\/indira-la-ganaderia-es-fundamental-para-el-desarrollo-economico-de-colima\/#breadcrumb\"},\"inLanguage\":\"es\",\"potentialAction\":[{\"@type\":\"ReadAction\",\"target\":[\"https:\/\/masquenoticias.mx\/index.php\/2023\/11\/08\/indira-la-ganaderia-es-fundamental-para-el-desarrollo-economico-de-colima\/\"]}]},{\"@type\":\"ImageObject\",\"inLanguage\":\"es\",\"@id\":\"https:\/\/masquenoticias.mx\/index.php\/2023\/11\/08\/indira-la-ganaderia-es-fundamental-para-el-desarrollo-economico-de-colima\/#primaryimage\",\"url\":\"https:\/\/i0.wp.com\/masquenoticias.mx\/wp-content\/uploads\/2023\/11\/IMG-20231108-WA0165-jpg.webp?fit=1280%2C853&ssl=1\",\"contentUrl\":\"https:\/\/i0.wp.com\/masquenoticias.mx\/wp-content\/uploads\/2023\/11\/IMG-20231108-WA0165-jpg.webp?fit=1280%2C853&ssl=1\",\"width\":1280,\"height\":853},{\"@type\":\"BreadcrumbList\",\"@id\":\"https:\/\/masquenoticias.mx\/index.php\/2023\/11\/08\/indira-la-ganaderia-es-fundamental-para-el-desarrollo-economico-de-colima\/#breadcrumb\",\"itemListElement\":[{\"@type\":\"ListItem\",\"position\":1,\"name\":\"Inicio\",\"item\":\"https:\/\/masquenoticias.mx\/\"},{\"@type\":\"ListItem\",\"position\":2,\"name\":\"Indira: la ganader\u00eda es fundamental para el desarrollo econ\u00f3mico de Colima\"}]},{\"@type\":\"WebSite\",\"@id\":\"https:\/\/masquenoticias.mx\/#website\",\"url\":\"https:\/\/masquenoticias.mx\/\",\"name\":\"M\u00e1s Que Noticias\",\"description\":\"Noticias de Colima, M\u00e9xico y el Mundo\",\"publisher\":{\"@id\":\"https:\/\/masquenoticias.mx\/#organization\"},\"potentialAction\":[{\"@type\":\"SearchAction\",\"target\":{\"@type\":\"EntryPoint\",\"urlTemplate\":\"https:\/\/masquenoticias.mx\/?s={search_term_string}\"},\"query-input\":{\"@type\":\"PropertyValueSpecification\",\"valueRequired\":true,\"valueName\":\"search_term_string\"}}],\"inLanguage\":\"es\"},{\"@type\":\"Organization\",\"@id\":\"https:\/\/masquenoticias.mx\/#organization\",\"name\":\"M\u00e1s Que Noticias\",\"url\":\"https:\/\/masquenoticias.mx\/\",\"logo\":{\"@type\":\"ImageObject\",\"inLanguage\":\"es\",\"@id\":\"https:\/\/masquenoticias.mx\/#\/schema\/logo\/image\/\",\"url\":\"https:\/\/i0.wp.com\/masquenoticias.mx\/wp-content\/uploads\/2024\/04\/IMG_0004.png?fit=2560%2C1656&ssl=1\",\"contentUrl\":\"https:\/\/i0.wp.com\/masquenoticias.mx\/wp-content\/uploads\/2024\/04\/IMG_0004.png?fit=2560%2C1656&ssl=1\",\"width\":2560,\"height\":1656,\"caption\":\"M\u00e1s Que Noticias\"},\"image\":{\"@id\":\"https:\/\/masquenoticias.mx\/#\/schema\/logo\/image\/\"},\"sameAs\":[\"https:\/\/www.facebook.com\/masquenoticiascolima\",\"https:\/\/x.com\/edgartove\",\"https:\/\/www.instagram.com\/masquenoticiascolima\/\"]},{\"@type\":\"Person\",\"@id\":\"https:\/\/masquenoticias.mx\/#\/schema\/person\/6229637729ad377d24e2154e3b30720b\",\"name\":\"Redacci\u00f3n\",\"image\":{\"@type\":\"ImageObject\",\"inLanguage\":\"es\",\"@id\":\"https:\/\/masquenoticias.mx\/#\/schema\/person\/image\/\",\"url\":\"https:\/\/secure.gravatar.com\/avatar\/73899f6b3a3034eb6f719669835ca3a4?s=96&d=mm&r=g\",\"contentUrl\":\"https:\/\/secure.gravatar.com\/avatar\/73899f6b3a3034eb6f719669835ca3a4?s=96&d=mm&r=g\",\"caption\":\"Redacci\u00f3n\"},\"url\":\"https:\/\/masquenoticias.mx\/index.php\/author\/bunburytorresgmail-com\/\"}]}<\/script>\n<!-- \/ Yoast SEO plugin. -->","yoast_head_json":{"title":"Indira: la ganader\u00eda es fundamental para el desarrollo econ\u00f3mico de Colima - M\u00e1s Que Noticias","robots":{"index":"index","follow":"follow","max-snippet":"max-snippet:-1","max-image-preview":"max-image-preview:large","max-video-preview":"max-video-preview:-1"},"canonical":"https:\/\/masquenoticias.mx\/index.php\/2023\/11\/08\/indira-la-ganaderia-es-fundamental-para-el-desarrollo-economico-de-colima\/","og_locale":"es_MX","og_type":"article","og_title":"Indira: la ganader\u00eda es fundamental para el desarrollo econ\u00f3mico de Colima - M\u00e1s Que Noticias","og_description":"Al presidir el &#8216;D\u00eda del Ganadero&#8217; en las instalaciones de la Feria de Todos los Santos Colima 2023, la gobernadora Indira Vizca\u00edno Silva reconoci\u00f3 que su labor es fundamental en t\u00e9rminos del desarrollo econ\u00f3mico del estado y la vida cotidiana de las personas, para su alimentaci\u00f3n. La mandataria estatal explic\u00f3 que se estima que la [&hellip;]","og_url":"https:\/\/masquenoticias.mx\/index.php\/2023\/11\/08\/indira-la-ganaderia-es-fundamental-para-el-desarrollo-economico-de-colima\/","og_site_name":"M\u00e1s Que Noticias","article_publisher":"https:\/\/www.facebook.com\/masquenoticiascolima","article_published_time":"2023-11-09T01:19:59+00:00","og_image":[{"width":1280,"height":853,"url":"https:\/\/i0.wp.com\/masquenoticias.mx\/wp-content\/uploads\/2023\/11\/IMG-20231108-WA0165-jpg.webp?fit=1280%2C853&ssl=1","type":"image\/jpeg"}],"author":"Redacci\u00f3n","twitter_card":"summary_large_image","twitter_creator":"@edgartove","twitter_site":"@edgartove","twitter_misc":{"Escrito por":"Redacci\u00f3n","Tiempo de lectura":"2 minutos"},"schema":{"@context":"https:\/\/schema.org","@graph":[{"@type":"Article","@id":"https:\/\/masquenoticias.mx\/index.php\/2023\/11\/08\/indira-la-ganaderia-es-fundamental-para-el-desarrollo-economico-de-colima\/#article","isPartOf":{"@id":"https:\/\/masquenoticias.mx\/index.php\/2023\/11\/08\/indira-la-ganaderia-es-fundamental-para-el-desarrollo-economico-de-colima\/"},"author":{"name":"Redacci\u00f3n","@id":"https:\/\/masquenoticias.mx\/#\/schema\/person\/6229637729ad377d24e2154e3b30720b"},"headline":"Indira: la ganader\u00eda es fundamental para el desarrollo econ\u00f3mico de Colima","datePublished":"2023-11-09T01:19:59+00:00","mainEntityOfPage":{"@id":"https:\/\/masquenoticias.mx\/index.php\/2023\/11\/08\/indira-la-ganaderia-es-fundamental-para-el-desarrollo-economico-de-colima\/"},"wordCount":448,"commentCount":0,"publisher":{"@id":"https:\/\/masquenoticias.mx\/#organization"},"image":{"@id":"https:\/\/masquenoticias.mx\/index.php\/2023\/11\/08\/indira-la-ganaderia-es-fundamental-para-el-desarrollo-economico-de-colima\/#primaryimage"},"thumbnailUrl":"https:\/\/i0.wp.com\/masquenoticias.mx\/wp-content\/uploads\/2023\/11\/IMG-20231108-WA0165-jpg.webp?fit=1280%2C853&ssl=1","keywords":["Ganader\u00eda","Gobierno"],"articleSection":["Estado"],"inLanguage":"es","potentialAction":[{"@type":"CommentAction","name":"Comment","target":["https:\/\/masquenoticias.mx\/index.php\/2023\/11\/08\/indira-la-ganaderia-es-fundamental-para-el-desarrollo-economico-de-colima\/#respond"]}]},{"@type":"WebPage","@id":"https:\/\/masquenoticias.mx\/index.php\/2023\/11\/08\/indira-la-ganaderia-es-fundamental-para-el-desarrollo-economico-de-colima\/","url":"https:\/\/masquenoticias.mx\/index.php\/2023\/11\/08\/indira-la-ganaderia-es-fundamental-para-el-desarrollo-economico-de-colima\/","name":"Indira: la ganader\u00eda es fundamental para el desarrollo econ\u00f3mico de Colima - M\u00e1s Que Noticias","isPartOf":{"@id":"https:\/\/masquenoticias.mx\/#website"},"primaryImageOfPage":{"@id":"https:\/\/masquenoticias.mx\/index.php\/2023\/11\/08\/indira-la-ganaderia-es-fundamental-para-el-desarrollo-economico-de-colima\/#primaryimage"},"image":{"@id":"https:\/\/masquenoticias.mx\/index.php\/2023\/11\/08\/indira-la-ganaderia-es-fundamental-para-el-desarrollo-economico-de-colima\/#primaryimage"},"thumbnailUrl":"https:\/\/i0.wp.com\/masquenoticias.mx\/wp-content\/uploads\/2023\/11\/IMG-20231108-WA0165-jpg.webp?fit=1280%2C853&ssl=1","datePublished":"2023-11-09T01:19:59+00:00","breadcrumb":{"@id":"https:\/\/masquenoticias.mx\/index.php\/2023\/11\/08\/indira-la-ganaderia-es-fundamental-para-el-desarrollo-economico-de-colima\/#breadcrumb"},"inLanguage":"es","potentialAction":[{"@type":"ReadAction","target":["https:\/\/masquenoticias.mx\/index.php\/2023\/11\/08\/indira-la-ganaderia-es-fundamental-para-el-desarrollo-economico-de-colima\/"]}]},{"@type":"ImageObject","inLanguage":"es","@id":"https:\/\/masquenoticias.mx\/index.php\/2023\/11\/08\/indira-la-ganaderia-es-fundamental-para-el-desarrollo-economico-de-colima\/#primaryimage","url":"https:\/\/i0.wp.com\/masquenoticias.mx\/wp-content\/uploads\/2023\/11\/IMG-20231108-WA0165-jpg.webp?fit=1280%2C853&ssl=1","contentUrl":"https:\/\/i0.wp.com\/masquenoticias.mx\/wp-content\/uploads\/2023\/11\/IMG-20231108-WA0165-jpg.webp?fit=1280%2C853&ssl=1","width":1280,"height":853},{"@type":"BreadcrumbList","@id":"https:\/\/masquenoticias.mx\/index.php\/2023\/11\/08\/indira-la-ganaderia-es-fundamental-para-el-desarrollo-economico-de-colima\/#breadcrumb","itemListElement":[{"@type":"ListItem","position":1,"name":"Inicio","item":"https:\/\/masquenoticias.mx\/"},{"@type":"ListItem","position":2,"name":"Indira: la ganader\u00eda es fundamental para el desarrollo econ\u00f3mico de Colima"}]},{"@type":"WebSite","@id":"https:\/\/masquenoticias.mx\/#website","url":"https:\/\/masquenoticias.mx\/","name":"M\u00e1s Que Noticias","description":"Noticias de Colima, M\u00e9xico y el Mundo","publisher":{"@id":"https:\/\/masquenoticias.mx\/#organization"},"potentialAction":[{"@type":"SearchAction","target":{"@type":"EntryPoint","urlTemplate":"https:\/\/masquenoticias.mx\/?s={search_term_string}"},"query-input":{"@type":"PropertyValueSpecification","valueRequired":true,"valueName":"search_term_string"}}],"inLanguage":"es"},{"@type":"Organization","@id":"https:\/\/masquenoticias.mx\/#organization","name":"M\u00e1s Que Noticias","url":"https:\/\/masquenoticias.mx\/","logo":{"@type":"ImageObject","inLanguage":"es","@id":"https:\/\/masquenoticias.mx\/#\/schema\/logo\/image\/","url":"https:\/\/i0.wp.com\/masquenoticias.mx\/wp-content\/uploads\/2024\/04\/IMG_0004.png?fit=2560%2C1656&ssl=1","contentUrl":"https:\/\/i0.wp.com\/masquenoticias.mx\/wp-content\/uploads\/2024\/04\/IMG_0004.png?fit=2560%2C1656&ssl=1","width":2560,"height":1656,"caption":"M\u00e1s Que Noticias"},"image":{"@id":"https:\/\/masquenoticias.mx\/#\/schema\/logo\/image\/"},"sameAs":["https:\/\/www.facebook.com\/masquenoticiascolima","https:\/\/x.com\/edgartove","https:\/\/www.instagram.com\/masquenoticiascolima\/"]},{"@type":"Person","@id":"https:\/\/masquenoticias.mx\/#\/schema\/person\/6229637729ad377d24e2154e3b30720b","name":"Redacci\u00f3n","image":{"@type":"ImageObject","inLanguage":"es","@id":"https:\/\/masquenoticias.mx\/#\/schema\/person\/image\/","url":"https:\/\/secure.gravatar.com\/avatar\/73899f6b3a3034eb6f719669835ca3a4?s=96&d=mm&r=g","contentUrl":"https:\/\/secure.gravatar.com\/avatar\/73899f6b3a3034eb6f719669835ca3a4?s=96&d=mm&r=g","caption":"Redacci\u00f3n"},"url":"https:\/\/masquenoticias.mx\/index.php\/author\/bunburytorresgmail-com\/"}]}},"jetpack_featured_media_url":"https:\/\/i0.wp.com\/masquenoticias.mx\/wp-content\/uploads\/2023\/11\/IMG-20231108-WA0165-jpg.webp?fit=1280%2C853&ssl=1","blog_post_layout_featured_media_urls":{"thumbnail":["https:\/\/i0.wp.com\/masquenoticias.mx\/wp-content\/uploads\/2023\/11\/IMG-20231108-WA0165-jpg.webp?resize=150%2C150&ssl=1",150,150,true],"full":["https:\/\/i0.wp.com\/masquenoticias.mx\/wp-content\/uploads\/2023\/11\/IMG-20231108-WA0165-jpg.webp?fit=1280%2C853&ssl=1",1280,853,false]},"categories_names":{"24":{"name":"Estado","link":"https:\/\/masquenoticias.mx\/index.php\/category\/estado\/"}},"tags_names":{"366":{"name":"Ganader\u00eda","link":"https:\/\/masquenoticias.mx\/index.php\/tag\/ganaderia\/"},"72":{"name":"Gobierno","link":"https:\/\/masquenoticias.mx\/index.php\/tag\/gobierno\/"}},"comments_number":"0","wpmagazine_modules_lite_featured_media_urls":{"thumbnail":["https:\/\/i0.wp.com\/masquenoticias.mx\/wp-content\/uploads\/2023\/11\/IMG-20231108-WA0165-jpg.webp?resize=150%2C150&ssl=1",150,150,true],"cvmm-medium":["https:\/\/i0.wp.com\/masquenoticias.mx\/wp-content\/uploads\/2023\/11\/IMG-20231108-WA0165-jpg.webp?resize=300%2C300&ssl=1",300,300,true],"cvmm-medium-plus":["https:\/\/i0.wp.com\/masquenoticias.mx\/wp-content\/uploads\/2023\/11\/IMG-20231108-WA0165-jpg.webp?resize=305%2C207&ssl=1",305,207,true],"cvmm-portrait":["https:\/\/i0.wp.com\/masquenoticias.mx\/wp-content\/uploads\/2023\/11\/IMG-20231108-WA0165-jpg.webp?resize=400%2C600&ssl=1",400,600,true],"cvmm-medium-square":["https:\/\/i0.wp.com\/masquenoticias.mx\/wp-content\/uploads\/2023\/11\/IMG-20231108-WA0165-jpg.webp?resize=600%2C600&ssl=1",600,600,true],"cvmm-large":["https:\/\/i0.wp.com\/masquenoticias.mx\/wp-content\/uploads\/2023\/11\/IMG-20231108-WA0165-jpg.webp?resize=1024%2C853&ssl=1",1024,853,true],"cvmm-small":["https:\/\/i0.wp.com\/masquenoticias.mx\/wp-content\/uploads\/2023\/11\/IMG-20231108-WA0165-jpg.webp?resize=130%2C95&ssl=1",130,95,true],"full":["https:\/\/i0.wp.com\/masquenoticias.mx\/wp-content\/uploads\/2023\/11\/IMG-20231108-WA0165-jpg.webp?fit=1280%2C853&ssl=1",1280,853,false]},"jetpack-related-posts":[],"jetpack_sharing_enabled":true,"jetpack_likes_enabled":true,"jetpack_shortlink":"https:\/\/wp.me\/pf7pkt-1dt","_links":{"self":[{"href":"https:\/\/masquenoticias.mx\/index.php\/wp-json\/wp\/v2\/posts\/4679","targetHints":{"allow":["GET"]}}],"collection":[{"href":"https:\/\/masquenoticias.mx\/index.php\/wp-json\/wp\/v2\/posts"}],"about":[{"href":"https:\/\/masquenoticias.mx\/index.php\/wp-json\/wp\/v2\/types\/post"}],"author":[{"embeddable":true,"href":"https:\/\/masquenoticias.mx\/index.php\/wp-json\/wp\/v2\/users\/2"}],"replies":[{"embeddable":true,"href":"https:\/\/masquenoticias.mx\/index.php\/wp-json\/wp\/v2\/comments?post=4679"}],"version-history":[{"count":0,"href":"https:\/\/masquenoticias.mx\/index.php\/wp-json\/wp\/v2\/posts\/4679\/revisions"}],"wp:featuredmedia":[{"embeddable":true,"href":"https:\/\/masquenoticias.mx\/index.php\/wp-json\/wp\/v2\/media\/4682"}],"wp:attachment":[{"href":"https:\/\/masquenoticias.mx\/index.php\/wp-json\/wp\/v2\/media?parent=4679"}],"wp:term":[{"taxonomy":"category","embeddable":true,"href":"https:\/\/masquenoticias.mx\/index.php\/wp-json\/wp\/v2\/categories?post=4679"},{"taxonomy":"post_tag","embeddable":true,"href":"https:\/\/masquenoticias.mx\/index.php\/wp-json\/wp\/v2\/tags?post=4679"}],"curies":[{"name":"wp","href":"https:\/\/api.w.org\/{rel}","templated":true}]}}