{"id":4421,"date":"2023-11-02T16:07:48","date_gmt":"2023-11-02T22:07:48","guid":{"rendered":"https:\/\/masquenoticias.mx\/?p=4421"},"modified":"2023-11-02T16:07:48","modified_gmt":"2023-11-02T22:07:48","slug":"un-exito-presentacion-del-tec-de-colima-en-el-teatro-del-pueblo-en-la-feria-de-todos-los-santos","status":"publish","type":"post","link":"https:\/\/masquenoticias.mx\/index.php\/2023\/11\/02\/un-exito-presentacion-del-tec-de-colima-en-el-teatro-del-pueblo-en-la-feria-de-todos-los-santos\/","title":{"rendered":"Un \u00e9xito presentaci\u00f3n del Tec de Colima en el Teatro del Pueblo, en la Feria de Todos los Santos"},"content":{"rendered":"<p>Un \u00e9xito la presentaci\u00f3n del Tecnol\u00f3gico Nacional de M\u00e9xico (TecNM) campus Colima, dentro de las actividades culturales y art\u00edsticas que se realizan en la edici\u00f3n 84 de la Feria de Todos los Santos Colima 2023.<\/p>\n<p>El evento cien por ciento familiar, en el que participaron estudiantes y personal docente tuvo una amplia agenda con desfile y presentaci\u00f3n art\u00edstica en el Teatro del Pueblo.<\/p>\n<p>Las actividades fueron desde m\u00fasica, obra teatral y danza las cuales iniciaron a las 5:30 de la tarde y concluyeron a las 9 de la noche.<\/p>\n<p>La apertura fue por parte de la Rondalla del Tec de Colima, para posteriormente pasar a la obra de Teatro dirigida por el docente del plantel Peter Chung Alonso.<\/p>\n<p>Posteriormente se realiz\u00f3 la Danza Aut\u00f3ctona (Ritual de Fuego Nuevo) que simboliza la renovaci\u00f3n y la aceptaci\u00f3n de nuevos retos.<\/p>\n<p>Acto seguido se presentaron actividades tales como de mariachi, grupo norte\u00f1o, agrupaciones musicales por parte de estudiantes y trabajadores del Tec de Colima, canto y danza folcl\u00f3rica.<\/p>\n<p>La sociedad colimense acogi\u00f3 con benepl\u00e1cito el talento compartido por la comunidad del TecNM y por su parte la comunidad tecnol\u00f3gica respondi\u00f3 con excelencia en sus manifestaciones art\u00edsticas.<br \/>\nEl comit\u00e9 organizador del Instituto de Fomento de Ferias y Exposiciones del Estado de Colima (Iffecol) agradeci\u00f3 a cada uno de los grupos e int\u00e9rpretes y al TecNM por su valiosa participaci\u00f3n.<\/p>\n","protected":false},"excerpt":{"rendered":"<p>Un \u00e9xito la presentaci\u00f3n del Tecnol\u00f3gico Nacional de M\u00e9xico (TecNM) campus Colima, dentro de las actividades culturales y art\u00edsticas que se realizan en la edici\u00f3n 84 de la Feria de Todos los Santos Colima 2023. El evento cien por ciento familiar, en el que participaron estudiantes y personal docente tuvo una amplia agenda con desfile [&hellip;]<\/p>\n","protected":false},"author":2,"featured_media":4422,"comment_status":"open","ping_status":"open","sticky":false,"template":"","format":"standard","meta":{"_jetpack_memberships_contains_paid_content":false,"footnotes":""},"categories":[222],"tags":[73],"class_list":["post-4421","post","type-post","status-publish","format-standard","has-post-thumbnail","hentry","category-campus","tag-tecnm"],"yoast_head":"<!-- This site is optimized with the Yoast SEO plugin v26.6 - https:\/\/yoast.com\/wordpress\/plugins\/seo\/ -->\n<title>Un \u00e9xito presentaci\u00f3n del Tec de Colima en el Teatro del Pueblo, en la Feria de Todos los Santos - M\u00e1s Que Noticias<\/title>\n<meta name=\"robots\" content=\"index, follow, max-snippet:-1, max-image-preview:large, max-video-preview:-1\" \/>\n<link rel=\"canonical\" href=\"https:\/\/masquenoticias.mx\/index.php\/2023\/11\/02\/un-exito-presentacion-del-tec-de-colima-en-el-teatro-del-pueblo-en-la-feria-de-todos-los-santos\/\" \/>\n<meta property=\"og:locale\" content=\"es_MX\" \/>\n<meta property=\"og:type\" content=\"article\" \/>\n<meta property=\"og:title\" content=\"Un \u00e9xito presentaci\u00f3n del Tec de Colima en el Teatro del Pueblo, en la Feria de Todos los Santos - M\u00e1s Que Noticias\" \/>\n<meta property=\"og:description\" content=\"Un \u00e9xito la presentaci\u00f3n del Tecnol\u00f3gico Nacional de M\u00e9xico (TecNM) campus Colima, dentro de las actividades culturales y art\u00edsticas que se realizan en la edici\u00f3n 84 de la Feria de Todos los Santos Colima 2023. El evento cien por ciento familiar, en el que participaron estudiantes y personal docente tuvo una amplia agenda con desfile [&hellip;]\" \/>\n<meta property=\"og:url\" content=\"https:\/\/masquenoticias.mx\/index.php\/2023\/11\/02\/un-exito-presentacion-del-tec-de-colima-en-el-teatro-del-pueblo-en-la-feria-de-todos-los-santos\/\" \/>\n<meta property=\"og:site_name\" content=\"M\u00e1s Que Noticias\" \/>\n<meta property=\"article:publisher\" content=\"https:\/\/www.facebook.com\/masquenoticiascolima\" \/>\n<meta property=\"article:published_time\" content=\"2023-11-02T22:07:48+00:00\" \/>\n<meta property=\"og:image\" content=\"https:\/\/i0.wp.com\/masquenoticias.mx\/wp-content\/uploads\/2023\/11\/Imagen-de-WhatsApp-2023-11-02-a-las-16.04.44_d81ef71c-jpg.webp?fit=1599%2C899&ssl=1\" \/>\n\t<meta property=\"og:image:width\" content=\"1599\" \/>\n\t<meta property=\"og:image:height\" content=\"899\" \/>\n\t<meta property=\"og:image:type\" content=\"image\/jpeg\" \/>\n<meta name=\"author\" content=\"Redacci\u00f3n\" \/>\n<meta name=\"twitter:card\" content=\"summary_large_image\" \/>\n<meta name=\"twitter:creator\" content=\"@edgartove\" \/>\n<meta name=\"twitter:site\" content=\"@edgartove\" \/>\n<meta name=\"twitter:label1\" content=\"Escrito por\" \/>\n\t<meta name=\"twitter:data1\" content=\"Redacci\u00f3n\" \/>\n\t<meta name=\"twitter:label2\" content=\"Tiempo de lectura\" \/>\n\t<meta name=\"twitter:data2\" content=\"1 minuto\" \/>\n<script type=\"application\/ld+json\" class=\"yoast-schema-graph\">{\"@context\":\"https:\/\/schema.org\",\"@graph\":[{\"@type\":\"Article\",\"@id\":\"https:\/\/masquenoticias.mx\/index.php\/2023\/11\/02\/un-exito-presentacion-del-tec-de-colima-en-el-teatro-del-pueblo-en-la-feria-de-todos-los-santos\/#article\",\"isPartOf\":{\"@id\":\"https:\/\/masquenoticias.mx\/index.php\/2023\/11\/02\/un-exito-presentacion-del-tec-de-colima-en-el-teatro-del-pueblo-en-la-feria-de-todos-los-santos\/\"},\"author\":{\"name\":\"Redacci\u00f3n\",\"@id\":\"https:\/\/masquenoticias.mx\/#\/schema\/person\/6229637729ad377d24e2154e3b30720b\"},\"headline\":\"Un \u00e9xito presentaci\u00f3n del Tec de Colima en el Teatro del Pueblo, en la Feria de Todos los Santos\",\"datePublished\":\"2023-11-02T22:07:48+00:00\",\"mainEntityOfPage\":{\"@id\":\"https:\/\/masquenoticias.mx\/index.php\/2023\/11\/02\/un-exito-presentacion-del-tec-de-colima-en-el-teatro-del-pueblo-en-la-feria-de-todos-los-santos\/\"},\"wordCount\":259,\"commentCount\":0,\"publisher\":{\"@id\":\"https:\/\/masquenoticias.mx\/#organization\"},\"image\":{\"@id\":\"https:\/\/masquenoticias.mx\/index.php\/2023\/11\/02\/un-exito-presentacion-del-tec-de-colima-en-el-teatro-del-pueblo-en-la-feria-de-todos-los-santos\/#primaryimage\"},\"thumbnailUrl\":\"https:\/\/i0.wp.com\/masquenoticias.mx\/wp-content\/uploads\/2023\/11\/Imagen-de-WhatsApp-2023-11-02-a-las-16.04.44_d81ef71c-jpg.webp?fit=1599%2C899&ssl=1\",\"keywords\":[\"TecNM\"],\"articleSection\":[\"Campus\"],\"inLanguage\":\"es\",\"potentialAction\":[{\"@type\":\"CommentAction\",\"name\":\"Comment\",\"target\":[\"https:\/\/masquenoticias.mx\/index.php\/2023\/11\/02\/un-exito-presentacion-del-tec-de-colima-en-el-teatro-del-pueblo-en-la-feria-de-todos-los-santos\/#respond\"]}]},{\"@type\":\"WebPage\",\"@id\":\"https:\/\/masquenoticias.mx\/index.php\/2023\/11\/02\/un-exito-presentacion-del-tec-de-colima-en-el-teatro-del-pueblo-en-la-feria-de-todos-los-santos\/\",\"url\":\"https:\/\/masquenoticias.mx\/index.php\/2023\/11\/02\/un-exito-presentacion-del-tec-de-colima-en-el-teatro-del-pueblo-en-la-feria-de-todos-los-santos\/\",\"name\":\"Un \u00e9xito presentaci\u00f3n del Tec de Colima en el Teatro del Pueblo, en la Feria de Todos los Santos - M\u00e1s Que Noticias\",\"isPartOf\":{\"@id\":\"https:\/\/masquenoticias.mx\/#website\"},\"primaryImageOfPage\":{\"@id\":\"https:\/\/masquenoticias.mx\/index.php\/2023\/11\/02\/un-exito-presentacion-del-tec-de-colima-en-el-teatro-del-pueblo-en-la-feria-de-todos-los-santos\/#primaryimage\"},\"image\":{\"@id\":\"https:\/\/masquenoticias.mx\/index.php\/2023\/11\/02\/un-exito-presentacion-del-tec-de-colima-en-el-teatro-del-pueblo-en-la-feria-de-todos-los-santos\/#primaryimage\"},\"thumbnailUrl\":\"https:\/\/i0.wp.com\/masquenoticias.mx\/wp-content\/uploads\/2023\/11\/Imagen-de-WhatsApp-2023-11-02-a-las-16.04.44_d81ef71c-jpg.webp?fit=1599%2C899&ssl=1\",\"datePublished\":\"2023-11-02T22:07:48+00:00\",\"breadcrumb\":{\"@id\":\"https:\/\/masquenoticias.mx\/index.php\/2023\/11\/02\/un-exito-presentacion-del-tec-de-colima-en-el-teatro-del-pueblo-en-la-feria-de-todos-los-santos\/#breadcrumb\"},\"inLanguage\":\"es\",\"potentialAction\":[{\"@type\":\"ReadAction\",\"target\":[\"https:\/\/masquenoticias.mx\/index.php\/2023\/11\/02\/un-exito-presentacion-del-tec-de-colima-en-el-teatro-del-pueblo-en-la-feria-de-todos-los-santos\/\"]}]},{\"@type\":\"ImageObject\",\"inLanguage\":\"es\",\"@id\":\"https:\/\/masquenoticias.mx\/index.php\/2023\/11\/02\/un-exito-presentacion-del-tec-de-colima-en-el-teatro-del-pueblo-en-la-feria-de-todos-los-santos\/#primaryimage\",\"url\":\"https:\/\/i0.wp.com\/masquenoticias.mx\/wp-content\/uploads\/2023\/11\/Imagen-de-WhatsApp-2023-11-02-a-las-16.04.44_d81ef71c-jpg.webp?fit=1599%2C899&ssl=1\",\"contentUrl\":\"https:\/\/i0.wp.com\/masquenoticias.mx\/wp-content\/uploads\/2023\/11\/Imagen-de-WhatsApp-2023-11-02-a-las-16.04.44_d81ef71c-jpg.webp?fit=1599%2C899&ssl=1\",\"width\":1599,\"height\":899},{\"@type\":\"BreadcrumbList\",\"@id\":\"https:\/\/masquenoticias.mx\/index.php\/2023\/11\/02\/un-exito-presentacion-del-tec-de-colima-en-el-teatro-del-pueblo-en-la-feria-de-todos-los-santos\/#breadcrumb\",\"itemListElement\":[{\"@type\":\"ListItem\",\"position\":1,\"name\":\"Inicio\",\"item\":\"https:\/\/masquenoticias.mx\/\"},{\"@type\":\"ListItem\",\"position\":2,\"name\":\"Un \u00e9xito presentaci\u00f3n del Tec de Colima en el Teatro del Pueblo, en la Feria de Todos los Santos\"}]},{\"@type\":\"WebSite\",\"@id\":\"https:\/\/masquenoticias.mx\/#website\",\"url\":\"https:\/\/masquenoticias.mx\/\",\"name\":\"M\u00e1s Que Noticias\",\"description\":\"Noticias de Colima, M\u00e9xico y el Mundo\",\"publisher\":{\"@id\":\"https:\/\/masquenoticias.mx\/#organization\"},\"potentialAction\":[{\"@type\":\"SearchAction\",\"target\":{\"@type\":\"EntryPoint\",\"urlTemplate\":\"https:\/\/masquenoticias.mx\/?s={search_term_string}\"},\"query-input\":{\"@type\":\"PropertyValueSpecification\",\"valueRequired\":true,\"valueName\":\"search_term_string\"}}],\"inLanguage\":\"es\"},{\"@type\":\"Organization\",\"@id\":\"https:\/\/masquenoticias.mx\/#organization\",\"name\":\"M\u00e1s Que Noticias\",\"url\":\"https:\/\/masquenoticias.mx\/\",\"logo\":{\"@type\":\"ImageObject\",\"inLanguage\":\"es\",\"@id\":\"https:\/\/masquenoticias.mx\/#\/schema\/logo\/image\/\",\"url\":\"https:\/\/i0.wp.com\/masquenoticias.mx\/wp-content\/uploads\/2024\/04\/IMG_0004.png?fit=2560%2C1656&ssl=1\",\"contentUrl\":\"https:\/\/i0.wp.com\/masquenoticias.mx\/wp-content\/uploads\/2024\/04\/IMG_0004.png?fit=2560%2C1656&ssl=1\",\"width\":2560,\"height\":1656,\"caption\":\"M\u00e1s Que Noticias\"},\"image\":{\"@id\":\"https:\/\/masquenoticias.mx\/#\/schema\/logo\/image\/\"},\"sameAs\":[\"https:\/\/www.facebook.com\/masquenoticiascolima\",\"https:\/\/x.com\/edgartove\",\"https:\/\/www.instagram.com\/masquenoticiascolima\/\"]},{\"@type\":\"Person\",\"@id\":\"https:\/\/masquenoticias.mx\/#\/schema\/person\/6229637729ad377d24e2154e3b30720b\",\"name\":\"Redacci\u00f3n\",\"image\":{\"@type\":\"ImageObject\",\"inLanguage\":\"es\",\"@id\":\"https:\/\/masquenoticias.mx\/#\/schema\/person\/image\/\",\"url\":\"https:\/\/secure.gravatar.com\/avatar\/73899f6b3a3034eb6f719669835ca3a4?s=96&d=mm&r=g\",\"contentUrl\":\"https:\/\/secure.gravatar.com\/avatar\/73899f6b3a3034eb6f719669835ca3a4?s=96&d=mm&r=g\",\"caption\":\"Redacci\u00f3n\"},\"url\":\"https:\/\/masquenoticias.mx\/index.php\/author\/bunburytorresgmail-com\/\"}]}<\/script>\n<!-- \/ Yoast SEO plugin. -->","yoast_head_json":{"title":"Un \u00e9xito presentaci\u00f3n del Tec de Colima en el Teatro del Pueblo, en la Feria de Todos los Santos - M\u00e1s Que Noticias","robots":{"index":"index","follow":"follow","max-snippet":"max-snippet:-1","max-image-preview":"max-image-preview:large","max-video-preview":"max-video-preview:-1"},"canonical":"https:\/\/masquenoticias.mx\/index.php\/2023\/11\/02\/un-exito-presentacion-del-tec-de-colima-en-el-teatro-del-pueblo-en-la-feria-de-todos-los-santos\/","og_locale":"es_MX","og_type":"article","og_title":"Un \u00e9xito presentaci\u00f3n del Tec de Colima en el Teatro del Pueblo, en la Feria de Todos los Santos - M\u00e1s Que Noticias","og_description":"Un \u00e9xito la presentaci\u00f3n del Tecnol\u00f3gico Nacional de M\u00e9xico (TecNM) campus Colima, dentro de las actividades culturales y art\u00edsticas que se realizan en la edici\u00f3n 84 de la Feria de Todos los Santos Colima 2023. El evento cien por ciento familiar, en el que participaron estudiantes y personal docente tuvo una amplia agenda con desfile [&hellip;]","og_url":"https:\/\/masquenoticias.mx\/index.php\/2023\/11\/02\/un-exito-presentacion-del-tec-de-colima-en-el-teatro-del-pueblo-en-la-feria-de-todos-los-santos\/","og_site_name":"M\u00e1s Que Noticias","article_publisher":"https:\/\/www.facebook.com\/masquenoticiascolima","article_published_time":"2023-11-02T22:07:48+00:00","og_image":[{"width":1599,"height":899,"url":"https:\/\/i0.wp.com\/masquenoticias.mx\/wp-content\/uploads\/2023\/11\/Imagen-de-WhatsApp-2023-11-02-a-las-16.04.44_d81ef71c-jpg.webp?fit=1599%2C899&ssl=1","type":"image\/jpeg"}],"author":"Redacci\u00f3n","twitter_card":"summary_large_image","twitter_creator":"@edgartove","twitter_site":"@edgartove","twitter_misc":{"Escrito por":"Redacci\u00f3n","Tiempo de lectura":"1 minuto"},"schema":{"@context":"https:\/\/schema.org","@graph":[{"@type":"Article","@id":"https:\/\/masquenoticias.mx\/index.php\/2023\/11\/02\/un-exito-presentacion-del-tec-de-colima-en-el-teatro-del-pueblo-en-la-feria-de-todos-los-santos\/#article","isPartOf":{"@id":"https:\/\/masquenoticias.mx\/index.php\/2023\/11\/02\/un-exito-presentacion-del-tec-de-colima-en-el-teatro-del-pueblo-en-la-feria-de-todos-los-santos\/"},"author":{"name":"Redacci\u00f3n","@id":"https:\/\/masquenoticias.mx\/#\/schema\/person\/6229637729ad377d24e2154e3b30720b"},"headline":"Un \u00e9xito presentaci\u00f3n del Tec de Colima en el Teatro del Pueblo, en la Feria de Todos los Santos","datePublished":"2023-11-02T22:07:48+00:00","mainEntityOfPage":{"@id":"https:\/\/masquenoticias.mx\/index.php\/2023\/11\/02\/un-exito-presentacion-del-tec-de-colima-en-el-teatro-del-pueblo-en-la-feria-de-todos-los-santos\/"},"wordCount":259,"commentCount":0,"publisher":{"@id":"https:\/\/masquenoticias.mx\/#organization"},"image":{"@id":"https:\/\/masquenoticias.mx\/index.php\/2023\/11\/02\/un-exito-presentacion-del-tec-de-colima-en-el-teatro-del-pueblo-en-la-feria-de-todos-los-santos\/#primaryimage"},"thumbnailUrl":"https:\/\/i0.wp.com\/masquenoticias.mx\/wp-content\/uploads\/2023\/11\/Imagen-de-WhatsApp-2023-11-02-a-las-16.04.44_d81ef71c-jpg.webp?fit=1599%2C899&ssl=1","keywords":["TecNM"],"articleSection":["Campus"],"inLanguage":"es","potentialAction":[{"@type":"CommentAction","name":"Comment","target":["https:\/\/masquenoticias.mx\/index.php\/2023\/11\/02\/un-exito-presentacion-del-tec-de-colima-en-el-teatro-del-pueblo-en-la-feria-de-todos-los-santos\/#respond"]}]},{"@type":"WebPage","@id":"https:\/\/masquenoticias.mx\/index.php\/2023\/11\/02\/un-exito-presentacion-del-tec-de-colima-en-el-teatro-del-pueblo-en-la-feria-de-todos-los-santos\/","url":"https:\/\/masquenoticias.mx\/index.php\/2023\/11\/02\/un-exito-presentacion-del-tec-de-colima-en-el-teatro-del-pueblo-en-la-feria-de-todos-los-santos\/","name":"Un \u00e9xito presentaci\u00f3n del Tec de Colima en el Teatro del Pueblo, en la Feria de Todos los Santos - M\u00e1s Que Noticias","isPartOf":{"@id":"https:\/\/masquenoticias.mx\/#website"},"primaryImageOfPage":{"@id":"https:\/\/masquenoticias.mx\/index.php\/2023\/11\/02\/un-exito-presentacion-del-tec-de-colima-en-el-teatro-del-pueblo-en-la-feria-de-todos-los-santos\/#primaryimage"},"image":{"@id":"https:\/\/masquenoticias.mx\/index.php\/2023\/11\/02\/un-exito-presentacion-del-tec-de-colima-en-el-teatro-del-pueblo-en-la-feria-de-todos-los-santos\/#primaryimage"},"thumbnailUrl":"https:\/\/i0.wp.com\/masquenoticias.mx\/wp-content\/uploads\/2023\/11\/Imagen-de-WhatsApp-2023-11-02-a-las-16.04.44_d81ef71c-jpg.webp?fit=1599%2C899&ssl=1","datePublished":"2023-11-02T22:07:48+00:00","breadcrumb":{"@id":"https:\/\/masquenoticias.mx\/index.php\/2023\/11\/02\/un-exito-presentacion-del-tec-de-colima-en-el-teatro-del-pueblo-en-la-feria-de-todos-los-santos\/#breadcrumb"},"inLanguage":"es","potentialAction":[{"@type":"ReadAction","target":["https:\/\/masquenoticias.mx\/index.php\/2023\/11\/02\/un-exito-presentacion-del-tec-de-colima-en-el-teatro-del-pueblo-en-la-feria-de-todos-los-santos\/"]}]},{"@type":"ImageObject","inLanguage":"es","@id":"https:\/\/masquenoticias.mx\/index.php\/2023\/11\/02\/un-exito-presentacion-del-tec-de-colima-en-el-teatro-del-pueblo-en-la-feria-de-todos-los-santos\/#primaryimage","url":"https:\/\/i0.wp.com\/masquenoticias.mx\/wp-content\/uploads\/2023\/11\/Imagen-de-WhatsApp-2023-11-02-a-las-16.04.44_d81ef71c-jpg.webp?fit=1599%2C899&ssl=1","contentUrl":"https:\/\/i0.wp.com\/masquenoticias.mx\/wp-content\/uploads\/2023\/11\/Imagen-de-WhatsApp-2023-11-02-a-las-16.04.44_d81ef71c-jpg.webp?fit=1599%2C899&ssl=1","width":1599,"height":899},{"@type":"BreadcrumbList","@id":"https:\/\/masquenoticias.mx\/index.php\/2023\/11\/02\/un-exito-presentacion-del-tec-de-colima-en-el-teatro-del-pueblo-en-la-feria-de-todos-los-santos\/#breadcrumb","itemListElement":[{"@type":"ListItem","position":1,"name":"Inicio","item":"https:\/\/masquenoticias.mx\/"},{"@type":"ListItem","position":2,"name":"Un \u00e9xito presentaci\u00f3n del Tec de Colima en el Teatro del Pueblo, en la Feria de Todos los Santos"}]},{"@type":"WebSite","@id":"https:\/\/masquenoticias.mx\/#website","url":"https:\/\/masquenoticias.mx\/","name":"M\u00e1s Que Noticias","description":"Noticias de Colima, M\u00e9xico y el Mundo","publisher":{"@id":"https:\/\/masquenoticias.mx\/#organization"},"potentialAction":[{"@type":"SearchAction","target":{"@type":"EntryPoint","urlTemplate":"https:\/\/masquenoticias.mx\/?s={search_term_string}"},"query-input":{"@type":"PropertyValueSpecification","valueRequired":true,"valueName":"search_term_string"}}],"inLanguage":"es"},{"@type":"Organization","@id":"https:\/\/masquenoticias.mx\/#organization","name":"M\u00e1s Que Noticias","url":"https:\/\/masquenoticias.mx\/","logo":{"@type":"ImageObject","inLanguage":"es","@id":"https:\/\/masquenoticias.mx\/#\/schema\/logo\/image\/","url":"https:\/\/i0.wp.com\/masquenoticias.mx\/wp-content\/uploads\/2024\/04\/IMG_0004.png?fit=2560%2C1656&ssl=1","contentUrl":"https:\/\/i0.wp.com\/masquenoticias.mx\/wp-content\/uploads\/2024\/04\/IMG_0004.png?fit=2560%2C1656&ssl=1","width":2560,"height":1656,"caption":"M\u00e1s Que Noticias"},"image":{"@id":"https:\/\/masquenoticias.mx\/#\/schema\/logo\/image\/"},"sameAs":["https:\/\/www.facebook.com\/masquenoticiascolima","https:\/\/x.com\/edgartove","https:\/\/www.instagram.com\/masquenoticiascolima\/"]},{"@type":"Person","@id":"https:\/\/masquenoticias.mx\/#\/schema\/person\/6229637729ad377d24e2154e3b30720b","name":"Redacci\u00f3n","image":{"@type":"ImageObject","inLanguage":"es","@id":"https:\/\/masquenoticias.mx\/#\/schema\/person\/image\/","url":"https:\/\/secure.gravatar.com\/avatar\/73899f6b3a3034eb6f719669835ca3a4?s=96&d=mm&r=g","contentUrl":"https:\/\/secure.gravatar.com\/avatar\/73899f6b3a3034eb6f719669835ca3a4?s=96&d=mm&r=g","caption":"Redacci\u00f3n"},"url":"https:\/\/masquenoticias.mx\/index.php\/author\/bunburytorresgmail-com\/"}]}},"jetpack_featured_media_url":"https:\/\/i0.wp.com\/masquenoticias.mx\/wp-content\/uploads\/2023\/11\/Imagen-de-WhatsApp-2023-11-02-a-las-16.04.44_d81ef71c-jpg.webp?fit=1599%2C899&ssl=1","blog_post_layout_featured_media_urls":{"thumbnail":["https:\/\/i0.wp.com\/masquenoticias.mx\/wp-content\/uploads\/2023\/11\/Imagen-de-WhatsApp-2023-11-02-a-las-16.04.44_d81ef71c-jpg.webp?resize=150%2C150&ssl=1",150,150,true],"full":["https:\/\/i0.wp.com\/masquenoticias.mx\/wp-content\/uploads\/2023\/11\/Imagen-de-WhatsApp-2023-11-02-a-las-16.04.44_d81ef71c-jpg.webp?fit=1599%2C899&ssl=1",1599,899,false]},"categories_names":{"222":{"name":"Campus","link":"https:\/\/masquenoticias.mx\/index.php\/category\/campus\/"}},"tags_names":{"73":{"name":"TecNM","link":"https:\/\/masquenoticias.mx\/index.php\/tag\/tecnm\/"}},"comments_number":"0","wpmagazine_modules_lite_featured_media_urls":{"thumbnail":["https:\/\/i0.wp.com\/masquenoticias.mx\/wp-content\/uploads\/2023\/11\/Imagen-de-WhatsApp-2023-11-02-a-las-16.04.44_d81ef71c-jpg.webp?resize=150%2C150&ssl=1",150,150,true],"cvmm-medium":["https:\/\/i0.wp.com\/masquenoticias.mx\/wp-content\/uploads\/2023\/11\/Imagen-de-WhatsApp-2023-11-02-a-las-16.04.44_d81ef71c-jpg.webp?resize=300%2C300&ssl=1",300,300,true],"cvmm-medium-plus":["https:\/\/i0.wp.com\/masquenoticias.mx\/wp-content\/uploads\/2023\/11\/Imagen-de-WhatsApp-2023-11-02-a-las-16.04.44_d81ef71c-jpg.webp?resize=305%2C207&ssl=1",305,207,true],"cvmm-portrait":["https:\/\/i0.wp.com\/masquenoticias.mx\/wp-content\/uploads\/2023\/11\/Imagen-de-WhatsApp-2023-11-02-a-las-16.04.44_d81ef71c-jpg.webp?resize=400%2C600&ssl=1",400,600,true],"cvmm-medium-square":["https:\/\/i0.wp.com\/masquenoticias.mx\/wp-content\/uploads\/2023\/11\/Imagen-de-WhatsApp-2023-11-02-a-las-16.04.44_d81ef71c-jpg.webp?resize=600%2C600&ssl=1",600,600,true],"cvmm-large":["https:\/\/i0.wp.com\/masquenoticias.mx\/wp-content\/uploads\/2023\/11\/Imagen-de-WhatsApp-2023-11-02-a-las-16.04.44_d81ef71c-jpg.webp?resize=1024%2C899&ssl=1",1024,899,true],"cvmm-small":["https:\/\/i0.wp.com\/masquenoticias.mx\/wp-content\/uploads\/2023\/11\/Imagen-de-WhatsApp-2023-11-02-a-las-16.04.44_d81ef71c-jpg.webp?resize=130%2C95&ssl=1",130,95,true],"full":["https:\/\/i0.wp.com\/masquenoticias.mx\/wp-content\/uploads\/2023\/11\/Imagen-de-WhatsApp-2023-11-02-a-las-16.04.44_d81ef71c-jpg.webp?fit=1599%2C899&ssl=1",1599,899,false]},"jetpack-related-posts":[],"jetpack_sharing_enabled":true,"jetpack_likes_enabled":true,"jetpack_shortlink":"https:\/\/wp.me\/pf7pkt-19j","_links":{"self":[{"href":"https:\/\/masquenoticias.mx\/index.php\/wp-json\/wp\/v2\/posts\/4421","targetHints":{"allow":["GET"]}}],"collection":[{"href":"https:\/\/masquenoticias.mx\/index.php\/wp-json\/wp\/v2\/posts"}],"about":[{"href":"https:\/\/masquenoticias.mx\/index.php\/wp-json\/wp\/v2\/types\/post"}],"author":[{"embeddable":true,"href":"https:\/\/masquenoticias.mx\/index.php\/wp-json\/wp\/v2\/users\/2"}],"replies":[{"embeddable":true,"href":"https:\/\/masquenoticias.mx\/index.php\/wp-json\/wp\/v2\/comments?post=4421"}],"version-history":[{"count":0,"href":"https:\/\/masquenoticias.mx\/index.php\/wp-json\/wp\/v2\/posts\/4421\/revisions"}],"wp:featuredmedia":[{"embeddable":true,"href":"https:\/\/masquenoticias.mx\/index.php\/wp-json\/wp\/v2\/media\/4422"}],"wp:attachment":[{"href":"https:\/\/masquenoticias.mx\/index.php\/wp-json\/wp\/v2\/media?parent=4421"}],"wp:term":[{"taxonomy":"category","embeddable":true,"href":"https:\/\/masquenoticias.mx\/index.php\/wp-json\/wp\/v2\/categories?post=4421"},{"taxonomy":"post_tag","embeddable":true,"href":"https:\/\/masquenoticias.mx\/index.php\/wp-json\/wp\/v2\/tags?post=4421"}],"curies":[{"name":"wp","href":"https:\/\/api.w.org\/{rel}","templated":true}]}}