{"id":4256,"date":"2023-10-30T15:07:15","date_gmt":"2023-10-30T21:07:15","guid":{"rendered":"https:\/\/masquenoticias.mx\/?p=4256"},"modified":"2023-10-30T15:07:15","modified_gmt":"2023-10-30T21:07:15","slug":"colima-es-campeon-en-cinco-categorias-en-la-copa-colima-de-voleibol-2023","status":"publish","type":"post","link":"https:\/\/masquenoticias.mx\/index.php\/2023\/10\/30\/colima-es-campeon-en-cinco-categorias-en-la-copa-colima-de-voleibol-2023\/","title":{"rendered":"Colima es campe\u00f3n en cinco categor\u00edas, en la Copa Colima de Voleibol 2023"},"content":{"rendered":"<p>Colima obtuvo cinco campeonatos durante su participaci\u00f3n en la decimoquinta edici\u00f3n de la \u2018Copa Colima de Voleibol 2023\u2019 que finaliz\u00f3 exitosamente este domingo por la noche en la Unidad Deportiva Jos\u00e9 Mar\u00eda Morelos y Pav\u00f3n, logrando t\u00edtulos en las categor\u00edas libre ramas varonil y femenil, as\u00ed como en la 2006-2007, 2008-2009 femenil y en la 2012 infantil varonil.<\/p>\n<p>En la rama varonil, la categor\u00eda libre el primer lugar fue para Armer\u00eda; el segundo para DK y en tercero San Francisco; la categor\u00eda 2010-2011 el primer lugar fue para Tapat\u00edos Joly; el segundo lugar para Prodetal Nayarit y el tercer lugar Armer\u00eda Asociaci\u00f3n; la categor\u00eda 2008-2009 el primer lugar Prodetal Nayarit: el segundo lugar Guanajuato AVEG y el tercer lugar Armer\u00eda Asociaci\u00f3n; la categor\u00eda 2006-2007 el primer lugar Prodetal Nayarit; en segundo lugar Armer\u00eda Asociaci\u00f3n y en tercero Gatos Guadalajara y en la 2012 y m\u00e1s en primero KDT\u00b4s; en segundo Amacueca y en tercero Dollys.<\/p>\n<p>En la rama femenil, la categor\u00eda libre el primer lugar fue para las \u00c1guilas GL; el segundo lugar los Charros y el tercero Loritas de la Universidad de Colima; la categor\u00eda 2006-2007 el primer lugar Colima; en segundo Academia Samanta Bricio y en tercero Tapat\u00edas; la categor\u00eda 2008-2009 el primer lugar fue para Gotitas Colima; en segundo San Luis Potos\u00ed y en tercero ASB A; en la 2010-2011 el primer lugar Dollys; en segundo Delfines y en tercero Gotitas Blanco.<\/p>\n<p>Encabez\u00f3 la ceremonia de clausura y premiaci\u00f3n el director general del Instituto Colimense del Deporte, Alejandro Rodr\u00edguez Alvarado, acompa\u00f1ado de Jaime C\u00e9sar P\u00e9rez Rodr\u00edguez, jefe de alto rendimiento del Incode y Gabriel Larios, presidente de la Asociaci\u00f3n Estatal de Voleibol, quienes premiaron a las y los j\u00f3venes de Jalisco, Nayarit, San Luis Potos\u00ed y Colima, que ganaron medallas de oro, plata y bronce.<\/p>\n<p>Alejandro Rodr\u00edguez agradeci\u00f3 la presencia de 110 equipos participantes y sus familias en este evento organizado por la Asociaci\u00f3n de Voleibol del Estado de Colima con aval de la Federaci\u00f3n Mexicana de Voleibol y el apoyo del Gobierno del Estado de Colima.<\/p>\n<div class=\"tiled-gallery type-rectangular tiled-gallery-unresized\" data-original-width=\"640\" data-carousel-extra='null' itemscope itemtype=\"http:\/\/schema.org\/ImageGallery\" > <div class=\"gallery-row\" style=\"width: 640px; height: 286px;\" data-original-width=\"640\" data-original-height=\"286\" > <div class=\"gallery-group images-1\" style=\"width: 427px; height: 286px;\" data-original-width=\"427\" data-original-height=\"286\" > <div class=\"tiled-gallery-item tiled-gallery-item-large\" itemprop=\"associatedMedia\" itemscope itemtype=\"http:\/\/schema.org\/ImageObject\"> <a href=\"https:\/\/masquenoticias.mx\/index.php\/2023\/10\/30\/colima-es-campeon-en-cinco-categorias-en-la-copa-colima-de-voleibol-2023\/f1102ed0-ffa5-437f-993e-8fd4e9c5bfca\/\" border=\"0\" itemprop=\"url\"> <meta itemprop=\"width\" content=\"423\"> <meta itemprop=\"height\" content=\"282\"> <img loading=\"lazy\" decoding=\"async\" class=\"\" data-attachment-id=\"4261\" data-orig-file=\"https:\/\/masquenoticias.mx\/wp-content\/uploads\/2023\/10\/f1102ed0-ffa5-437f-993e-8fd4e9c5bfca-jpg.webp\" data-orig-size=\"1600,1066\" data-comments-opened=\"1\" data-image-meta=\"{&quot;aperture&quot;:&quot;0&quot;,&quot;credit&quot;:&quot;&quot;,&quot;camera&quot;:&quot;&quot;,&quot;caption&quot;:&quot;&quot;,&quot;created_timestamp&quot;:&quot;0&quot;,&quot;copyright&quot;:&quot;&quot;,&quot;focal_length&quot;:&quot;0&quot;,&quot;iso&quot;:&quot;0&quot;,&quot;shutter_speed&quot;:&quot;0&quot;,&quot;title&quot;:&quot;&quot;,&quot;orientation&quot;:&quot;0&quot;}\" data-image-title=\"f1102ed0-ffa5-437f-993e-8fd4e9c5bfca\" data-image-description=\"\" data-medium-file=\"https:\/\/i0.wp.com\/masquenoticias.mx\/wp-content\/uploads\/2023\/10\/f1102ed0-ffa5-437f-993e-8fd4e9c5bfca-jpg.webp?fit=300%2C200&#038;ssl=1\" data-large-file=\"https:\/\/i0.wp.com\/masquenoticias.mx\/wp-content\/uploads\/2023\/10\/f1102ed0-ffa5-437f-993e-8fd4e9c5bfca-jpg.webp?fit=640%2C426&#038;ssl=1\" src=\"https:\/\/i0.wp.com\/masquenoticias.mx\/wp-content\/uploads\/2023\/10\/f1102ed0-ffa5-437f-993e-8fd4e9c5bfca-jpg.webp?w=423&#038;h=282&#038;ssl=1\" srcset=\"https:\/\/i0.wp.com\/masquenoticias.mx\/wp-content\/uploads\/2023\/10\/f1102ed0-ffa5-437f-993e-8fd4e9c5bfca-jpg.webp?w=1600&amp;ssl=1 1600w, https:\/\/i0.wp.com\/masquenoticias.mx\/wp-content\/uploads\/2023\/10\/f1102ed0-ffa5-437f-993e-8fd4e9c5bfca-jpg.webp?resize=300%2C200&amp;ssl=1 300w, https:\/\/i0.wp.com\/masquenoticias.mx\/wp-content\/uploads\/2023\/10\/f1102ed0-ffa5-437f-993e-8fd4e9c5bfca-jpg.webp?resize=1024%2C682&amp;ssl=1 1024w, https:\/\/i0.wp.com\/masquenoticias.mx\/wp-content\/uploads\/2023\/10\/f1102ed0-ffa5-437f-993e-8fd4e9c5bfca-jpg.webp?resize=768%2C512&amp;ssl=1 768w, https:\/\/i0.wp.com\/masquenoticias.mx\/wp-content\/uploads\/2023\/10\/f1102ed0-ffa5-437f-993e-8fd4e9c5bfca-jpg.webp?resize=1536%2C1023&amp;ssl=1 1536w, https:\/\/i0.wp.com\/masquenoticias.mx\/wp-content\/uploads\/2023\/10\/f1102ed0-ffa5-437f-993e-8fd4e9c5bfca-jpg.webp?w=1280&amp;ssl=1 1280w\" width=\"423\" height=\"282\" loading=\"lazy\" data-original-width=\"423\" data-original-height=\"282\" itemprop=\"http:\/\/schema.org\/image\" title=\"f1102ed0-ffa5-437f-993e-8fd4e9c5bfca\" alt=\"f1102ed0-ffa5-437f-993e-8fd4e9c5bfca\" style=\"width: 423px; height: 282px;\" \/> <\/a> <\/div> <\/div> <!-- close group --> <div class=\"gallery-group images-2\" style=\"width: 213px; height: 286px;\" data-original-width=\"213\" data-original-height=\"286\" > <div class=\"tiled-gallery-item tiled-gallery-item-small\" itemprop=\"associatedMedia\" itemscope itemtype=\"http:\/\/schema.org\/ImageObject\"> <a href=\"https:\/\/masquenoticias.mx\/index.php\/2023\/10\/30\/colima-es-campeon-en-cinco-categorias-en-la-copa-colima-de-voleibol-2023\/5388c2d3-7f2e-4ea6-a60c-fc62366e8209\/\" border=\"0\" itemprop=\"url\"> <meta itemprop=\"width\" content=\"209\"> <meta itemprop=\"height\" content=\"139\"> <img loading=\"lazy\" decoding=\"async\" class=\"\" data-attachment-id=\"4259\" data-orig-file=\"https:\/\/masquenoticias.mx\/wp-content\/uploads\/2023\/10\/5388c2d3-7f2e-4ea6-a60c-fc62366e8209-jpg.webp\" data-orig-size=\"1600,1066\" data-comments-opened=\"1\" data-image-meta=\"{&quot;aperture&quot;:&quot;0&quot;,&quot;credit&quot;:&quot;&quot;,&quot;camera&quot;:&quot;&quot;,&quot;caption&quot;:&quot;&quot;,&quot;created_timestamp&quot;:&quot;0&quot;,&quot;copyright&quot;:&quot;&quot;,&quot;focal_length&quot;:&quot;0&quot;,&quot;iso&quot;:&quot;0&quot;,&quot;shutter_speed&quot;:&quot;0&quot;,&quot;title&quot;:&quot;&quot;,&quot;orientation&quot;:&quot;0&quot;}\" data-image-title=\"5388c2d3-7f2e-4ea6-a60c-fc62366e8209\" data-image-description=\"\" data-medium-file=\"https:\/\/i0.wp.com\/masquenoticias.mx\/wp-content\/uploads\/2023\/10\/5388c2d3-7f2e-4ea6-a60c-fc62366e8209-jpg.webp?fit=300%2C200&#038;ssl=1\" data-large-file=\"https:\/\/i0.wp.com\/masquenoticias.mx\/wp-content\/uploads\/2023\/10\/5388c2d3-7f2e-4ea6-a60c-fc62366e8209-jpg.webp?fit=640%2C426&#038;ssl=1\" src=\"https:\/\/i0.wp.com\/masquenoticias.mx\/wp-content\/uploads\/2023\/10\/5388c2d3-7f2e-4ea6-a60c-fc62366e8209-jpg.webp?w=209&#038;h=139&#038;ssl=1\" srcset=\"https:\/\/i0.wp.com\/masquenoticias.mx\/wp-content\/uploads\/2023\/10\/5388c2d3-7f2e-4ea6-a60c-fc62366e8209-jpg.webp?w=1600&amp;ssl=1 1600w, https:\/\/i0.wp.com\/masquenoticias.mx\/wp-content\/uploads\/2023\/10\/5388c2d3-7f2e-4ea6-a60c-fc62366e8209-jpg.webp?resize=300%2C200&amp;ssl=1 300w, https:\/\/i0.wp.com\/masquenoticias.mx\/wp-content\/uploads\/2023\/10\/5388c2d3-7f2e-4ea6-a60c-fc62366e8209-jpg.webp?resize=1024%2C682&amp;ssl=1 1024w, https:\/\/i0.wp.com\/masquenoticias.mx\/wp-content\/uploads\/2023\/10\/5388c2d3-7f2e-4ea6-a60c-fc62366e8209-jpg.webp?resize=768%2C512&amp;ssl=1 768w, https:\/\/i0.wp.com\/masquenoticias.mx\/wp-content\/uploads\/2023\/10\/5388c2d3-7f2e-4ea6-a60c-fc62366e8209-jpg.webp?resize=1536%2C1023&amp;ssl=1 1536w, https:\/\/i0.wp.com\/masquenoticias.mx\/wp-content\/uploads\/2023\/10\/5388c2d3-7f2e-4ea6-a60c-fc62366e8209-jpg.webp?w=1280&amp;ssl=1 1280w\" width=\"209\" height=\"139\" loading=\"lazy\" data-original-width=\"209\" data-original-height=\"139\" itemprop=\"http:\/\/schema.org\/image\" title=\"5388c2d3-7f2e-4ea6-a60c-fc62366e8209\" alt=\"5388c2d3-7f2e-4ea6-a60c-fc62366e8209\" style=\"width: 209px; height: 139px;\" \/> <\/a> <\/div> <div class=\"tiled-gallery-item tiled-gallery-item-small\" itemprop=\"associatedMedia\" itemscope itemtype=\"http:\/\/schema.org\/ImageObject\"> <a href=\"https:\/\/masquenoticias.mx\/index.php\/2023\/10\/30\/colima-es-campeon-en-cinco-categorias-en-la-copa-colima-de-voleibol-2023\/889ebeb8-ea4e-4281-99db-b63a9e856b1a\/\" border=\"0\" itemprop=\"url\"> <meta itemprop=\"width\" content=\"209\"> <meta itemprop=\"height\" content=\"139\"> <img loading=\"lazy\" decoding=\"async\" class=\"\" data-attachment-id=\"4258\" data-orig-file=\"https:\/\/masquenoticias.mx\/wp-content\/uploads\/2023\/10\/889ebeb8-ea4e-4281-99db-b63a9e856b1a-jpg.webp\" data-orig-size=\"1600,1066\" data-comments-opened=\"1\" data-image-meta=\"{&quot;aperture&quot;:&quot;0&quot;,&quot;credit&quot;:&quot;&quot;,&quot;camera&quot;:&quot;&quot;,&quot;caption&quot;:&quot;&quot;,&quot;created_timestamp&quot;:&quot;0&quot;,&quot;copyright&quot;:&quot;&quot;,&quot;focal_length&quot;:&quot;0&quot;,&quot;iso&quot;:&quot;0&quot;,&quot;shutter_speed&quot;:&quot;0&quot;,&quot;title&quot;:&quot;&quot;,&quot;orientation&quot;:&quot;0&quot;}\" data-image-title=\"889ebeb8-ea4e-4281-99db-b63a9e856b1a\" data-image-description=\"\" data-medium-file=\"https:\/\/i0.wp.com\/masquenoticias.mx\/wp-content\/uploads\/2023\/10\/889ebeb8-ea4e-4281-99db-b63a9e856b1a-jpg.webp?fit=300%2C200&#038;ssl=1\" data-large-file=\"https:\/\/i0.wp.com\/masquenoticias.mx\/wp-content\/uploads\/2023\/10\/889ebeb8-ea4e-4281-99db-b63a9e856b1a-jpg.webp?fit=640%2C426&#038;ssl=1\" src=\"https:\/\/i0.wp.com\/masquenoticias.mx\/wp-content\/uploads\/2023\/10\/889ebeb8-ea4e-4281-99db-b63a9e856b1a-jpg.webp?w=209&#038;h=139&#038;ssl=1\" srcset=\"https:\/\/i0.wp.com\/masquenoticias.mx\/wp-content\/uploads\/2023\/10\/889ebeb8-ea4e-4281-99db-b63a9e856b1a-jpg.webp?w=1600&amp;ssl=1 1600w, https:\/\/i0.wp.com\/masquenoticias.mx\/wp-content\/uploads\/2023\/10\/889ebeb8-ea4e-4281-99db-b63a9e856b1a-jpg.webp?resize=300%2C200&amp;ssl=1 300w, https:\/\/i0.wp.com\/masquenoticias.mx\/wp-content\/uploads\/2023\/10\/889ebeb8-ea4e-4281-99db-b63a9e856b1a-jpg.webp?resize=1024%2C682&amp;ssl=1 1024w, https:\/\/i0.wp.com\/masquenoticias.mx\/wp-content\/uploads\/2023\/10\/889ebeb8-ea4e-4281-99db-b63a9e856b1a-jpg.webp?resize=768%2C512&amp;ssl=1 768w, https:\/\/i0.wp.com\/masquenoticias.mx\/wp-content\/uploads\/2023\/10\/889ebeb8-ea4e-4281-99db-b63a9e856b1a-jpg.webp?resize=1536%2C1023&amp;ssl=1 1536w, https:\/\/i0.wp.com\/masquenoticias.mx\/wp-content\/uploads\/2023\/10\/889ebeb8-ea4e-4281-99db-b63a9e856b1a-jpg.webp?w=1280&amp;ssl=1 1280w\" width=\"209\" height=\"139\" loading=\"lazy\" data-original-width=\"209\" data-original-height=\"139\" itemprop=\"http:\/\/schema.org\/image\" title=\"889ebeb8-ea4e-4281-99db-b63a9e856b1a\" alt=\"889ebeb8-ea4e-4281-99db-b63a9e856b1a\" style=\"width: 209px; height: 139px;\" \/> <\/a> <\/div> <\/div> <!-- close group --> <\/div> <!-- close row --> <div class=\"gallery-row\" style=\"width: 640px; height: 428px;\" data-original-width=\"640\" data-original-height=\"428\" > <div class=\"gallery-group images-1\" style=\"width: 640px; height: 428px;\" data-original-width=\"640\" data-original-height=\"428\" > <div class=\"tiled-gallery-item tiled-gallery-item-large\" itemprop=\"associatedMedia\" itemscope itemtype=\"http:\/\/schema.org\/ImageObject\"> <a href=\"https:\/\/masquenoticias.mx\/index.php\/2023\/10\/30\/colima-es-campeon-en-cinco-categorias-en-la-copa-colima-de-voleibol-2023\/7c74fa22-6b96-45e6-9744-c2354fa37a24\/\" border=\"0\" itemprop=\"url\"> <meta itemprop=\"width\" content=\"636\"> <meta itemprop=\"height\" content=\"424\"> <img loading=\"lazy\" decoding=\"async\" class=\"\" data-attachment-id=\"4257\" data-orig-file=\"https:\/\/masquenoticias.mx\/wp-content\/uploads\/2023\/10\/7c74fa22-6b96-45e6-9744-c2354fa37a24-jpg.webp\" data-orig-size=\"1600,1066\" data-comments-opened=\"1\" data-image-meta=\"{&quot;aperture&quot;:&quot;0&quot;,&quot;credit&quot;:&quot;&quot;,&quot;camera&quot;:&quot;&quot;,&quot;caption&quot;:&quot;&quot;,&quot;created_timestamp&quot;:&quot;0&quot;,&quot;copyright&quot;:&quot;&quot;,&quot;focal_length&quot;:&quot;0&quot;,&quot;iso&quot;:&quot;0&quot;,&quot;shutter_speed&quot;:&quot;0&quot;,&quot;title&quot;:&quot;&quot;,&quot;orientation&quot;:&quot;0&quot;}\" data-image-title=\"7c74fa22-6b96-45e6-9744-c2354fa37a24\" data-image-description=\"\" data-medium-file=\"https:\/\/i0.wp.com\/masquenoticias.mx\/wp-content\/uploads\/2023\/10\/7c74fa22-6b96-45e6-9744-c2354fa37a24-jpg.webp?fit=300%2C200&#038;ssl=1\" data-large-file=\"https:\/\/i0.wp.com\/masquenoticias.mx\/wp-content\/uploads\/2023\/10\/7c74fa22-6b96-45e6-9744-c2354fa37a24-jpg.webp?fit=640%2C426&#038;ssl=1\" src=\"https:\/\/i0.wp.com\/masquenoticias.mx\/wp-content\/uploads\/2023\/10\/7c74fa22-6b96-45e6-9744-c2354fa37a24-jpg.webp?w=636&#038;h=424&#038;ssl=1\" srcset=\"https:\/\/i0.wp.com\/masquenoticias.mx\/wp-content\/uploads\/2023\/10\/7c74fa22-6b96-45e6-9744-c2354fa37a24-jpg.webp?w=1600&amp;ssl=1 1600w, https:\/\/i0.wp.com\/masquenoticias.mx\/wp-content\/uploads\/2023\/10\/7c74fa22-6b96-45e6-9744-c2354fa37a24-jpg.webp?resize=300%2C200&amp;ssl=1 300w, https:\/\/i0.wp.com\/masquenoticias.mx\/wp-content\/uploads\/2023\/10\/7c74fa22-6b96-45e6-9744-c2354fa37a24-jpg.webp?resize=1024%2C682&amp;ssl=1 1024w, https:\/\/i0.wp.com\/masquenoticias.mx\/wp-content\/uploads\/2023\/10\/7c74fa22-6b96-45e6-9744-c2354fa37a24-jpg.webp?resize=768%2C512&amp;ssl=1 768w, https:\/\/i0.wp.com\/masquenoticias.mx\/wp-content\/uploads\/2023\/10\/7c74fa22-6b96-45e6-9744-c2354fa37a24-jpg.webp?resize=1536%2C1023&amp;ssl=1 1536w, https:\/\/i0.wp.com\/masquenoticias.mx\/wp-content\/uploads\/2023\/10\/7c74fa22-6b96-45e6-9744-c2354fa37a24-jpg.webp?w=1280&amp;ssl=1 1280w\" width=\"636\" height=\"424\" loading=\"lazy\" data-original-width=\"636\" data-original-height=\"424\" itemprop=\"http:\/\/schema.org\/image\" title=\"7c74fa22-6b96-45e6-9744-c2354fa37a24\" alt=\"7c74fa22-6b96-45e6-9744-c2354fa37a24\" style=\"width: 636px; height: 424px;\" \/> <\/a> <\/div> <\/div> <!-- close group --> <\/div> <!-- close row --> <\/div>\n","protected":false},"excerpt":{"rendered":"<p>Colima obtuvo cinco campeonatos durante su participaci\u00f3n en la decimoquinta edici\u00f3n de la \u2018Copa Colima de Voleibol 2023\u2019 que finaliz\u00f3 exitosamente este domingo por la noche en la Unidad Deportiva Jos\u00e9 Mar\u00eda Morelos y Pav\u00f3n, logrando t\u00edtulos en las categor\u00edas libre ramas varonil y femenil, as\u00ed como en la 2006-2007, 2008-2009 femenil y en la [&hellip;]<\/p>\n","protected":false},"author":2,"featured_media":4260,"comment_status":"open","ping_status":"open","sticky":false,"template":"","format":"standard","meta":{"_jetpack_memberships_contains_paid_content":false,"footnotes":""},"categories":[24],"tags":[337,95,83,336],"class_list":["post-4256","post","type-post","status-publish","format-standard","has-post-thumbnail","hentry","category-estado","tag-copa-colima","tag-deportes","tag-incode","tag-voleibol"],"yoast_head":"<!-- This site is optimized with the Yoast SEO plugin v26.6 - https:\/\/yoast.com\/wordpress\/plugins\/seo\/ -->\n<title>Colima es campe\u00f3n en cinco categor\u00edas, en la Copa Colima de Voleibol 2023 - M\u00e1s Que Noticias<\/title>\n<meta name=\"robots\" content=\"index, follow, max-snippet:-1, max-image-preview:large, max-video-preview:-1\" \/>\n<link rel=\"canonical\" href=\"https:\/\/masquenoticias.mx\/index.php\/2023\/10\/30\/colima-es-campeon-en-cinco-categorias-en-la-copa-colima-de-voleibol-2023\/\" \/>\n<meta property=\"og:locale\" content=\"es_MX\" \/>\n<meta property=\"og:type\" content=\"article\" \/>\n<meta property=\"og:title\" content=\"Colima es campe\u00f3n en cinco categor\u00edas, en la Copa Colima de Voleibol 2023 - M\u00e1s Que Noticias\" \/>\n<meta property=\"og:description\" content=\"Colima obtuvo cinco campeonatos durante su participaci\u00f3n en la decimoquinta edici\u00f3n de la \u2018Copa Colima de Voleibol 2023\u2019 que finaliz\u00f3 exitosamente este domingo por la noche en la Unidad Deportiva Jos\u00e9 Mar\u00eda Morelos y Pav\u00f3n, logrando t\u00edtulos en las categor\u00edas libre ramas varonil y femenil, as\u00ed como en la 2006-2007, 2008-2009 femenil y en la [&hellip;]\" \/>\n<meta property=\"og:url\" content=\"https:\/\/masquenoticias.mx\/index.php\/2023\/10\/30\/colima-es-campeon-en-cinco-categorias-en-la-copa-colima-de-voleibol-2023\/\" \/>\n<meta property=\"og:site_name\" content=\"M\u00e1s Que Noticias\" \/>\n<meta property=\"article:publisher\" content=\"https:\/\/www.facebook.com\/masquenoticiascolima\" \/>\n<meta property=\"article:published_time\" content=\"2023-10-30T21:07:15+00:00\" \/>\n<meta property=\"og:image\" content=\"https:\/\/i0.wp.com\/masquenoticias.mx\/wp-content\/uploads\/2023\/10\/e3163294-3a9f-4804-a68c-f421693fc7e7-jpg.webp?fit=1600%2C1066&ssl=1\" \/>\n\t<meta property=\"og:image:width\" content=\"1600\" \/>\n\t<meta property=\"og:image:height\" content=\"1066\" \/>\n\t<meta property=\"og:image:type\" content=\"image\/jpeg\" \/>\n<meta name=\"author\" content=\"Redacci\u00f3n\" \/>\n<meta name=\"twitter:card\" content=\"summary_large_image\" \/>\n<meta name=\"twitter:creator\" content=\"@edgartove\" \/>\n<meta name=\"twitter:site\" content=\"@edgartove\" \/>\n<meta name=\"twitter:label1\" content=\"Escrito por\" \/>\n\t<meta name=\"twitter:data1\" content=\"Redacci\u00f3n\" \/>\n\t<meta name=\"twitter:label2\" content=\"Tiempo de lectura\" \/>\n\t<meta name=\"twitter:data2\" content=\"2 minutos\" \/>\n<script type=\"application\/ld+json\" class=\"yoast-schema-graph\">{\"@context\":\"https:\/\/schema.org\",\"@graph\":[{\"@type\":\"Article\",\"@id\":\"https:\/\/masquenoticias.mx\/index.php\/2023\/10\/30\/colima-es-campeon-en-cinco-categorias-en-la-copa-colima-de-voleibol-2023\/#article\",\"isPartOf\":{\"@id\":\"https:\/\/masquenoticias.mx\/index.php\/2023\/10\/30\/colima-es-campeon-en-cinco-categorias-en-la-copa-colima-de-voleibol-2023\/\"},\"author\":{\"name\":\"Redacci\u00f3n\",\"@id\":\"https:\/\/masquenoticias.mx\/#\/schema\/person\/6229637729ad377d24e2154e3b30720b\"},\"headline\":\"Colima es campe\u00f3n en cinco categor\u00edas, en la Copa Colima de Voleibol 2023\",\"datePublished\":\"2023-10-30T21:07:15+00:00\",\"mainEntityOfPage\":{\"@id\":\"https:\/\/masquenoticias.mx\/index.php\/2023\/10\/30\/colima-es-campeon-en-cinco-categorias-en-la-copa-colima-de-voleibol-2023\/\"},\"wordCount\":391,\"commentCount\":0,\"publisher\":{\"@id\":\"https:\/\/masquenoticias.mx\/#organization\"},\"image\":{\"@id\":\"https:\/\/masquenoticias.mx\/index.php\/2023\/10\/30\/colima-es-campeon-en-cinco-categorias-en-la-copa-colima-de-voleibol-2023\/#primaryimage\"},\"thumbnailUrl\":\"https:\/\/i0.wp.com\/masquenoticias.mx\/wp-content\/uploads\/2023\/10\/e3163294-3a9f-4804-a68c-f421693fc7e7-jpg.webp?fit=1600%2C1066&ssl=1\",\"keywords\":[\"Copa Colima\",\"Deportes\",\"Incode\",\"Voleibol\"],\"articleSection\":[\"Estado\"],\"inLanguage\":\"es\",\"potentialAction\":[{\"@type\":\"CommentAction\",\"name\":\"Comment\",\"target\":[\"https:\/\/masquenoticias.mx\/index.php\/2023\/10\/30\/colima-es-campeon-en-cinco-categorias-en-la-copa-colima-de-voleibol-2023\/#respond\"]}]},{\"@type\":\"WebPage\",\"@id\":\"https:\/\/masquenoticias.mx\/index.php\/2023\/10\/30\/colima-es-campeon-en-cinco-categorias-en-la-copa-colima-de-voleibol-2023\/\",\"url\":\"https:\/\/masquenoticias.mx\/index.php\/2023\/10\/30\/colima-es-campeon-en-cinco-categorias-en-la-copa-colima-de-voleibol-2023\/\",\"name\":\"Colima es campe\u00f3n en cinco categor\u00edas, en la Copa Colima de Voleibol 2023 - M\u00e1s Que Noticias\",\"isPartOf\":{\"@id\":\"https:\/\/masquenoticias.mx\/#website\"},\"primaryImageOfPage\":{\"@id\":\"https:\/\/masquenoticias.mx\/index.php\/2023\/10\/30\/colima-es-campeon-en-cinco-categorias-en-la-copa-colima-de-voleibol-2023\/#primaryimage\"},\"image\":{\"@id\":\"https:\/\/masquenoticias.mx\/index.php\/2023\/10\/30\/colima-es-campeon-en-cinco-categorias-en-la-copa-colima-de-voleibol-2023\/#primaryimage\"},\"thumbnailUrl\":\"https:\/\/i0.wp.com\/masquenoticias.mx\/wp-content\/uploads\/2023\/10\/e3163294-3a9f-4804-a68c-f421693fc7e7-jpg.webp?fit=1600%2C1066&ssl=1\",\"datePublished\":\"2023-10-30T21:07:15+00:00\",\"breadcrumb\":{\"@id\":\"https:\/\/masquenoticias.mx\/index.php\/2023\/10\/30\/colima-es-campeon-en-cinco-categorias-en-la-copa-colima-de-voleibol-2023\/#breadcrumb\"},\"inLanguage\":\"es\",\"potentialAction\":[{\"@type\":\"ReadAction\",\"target\":[\"https:\/\/masquenoticias.mx\/index.php\/2023\/10\/30\/colima-es-campeon-en-cinco-categorias-en-la-copa-colima-de-voleibol-2023\/\"]}]},{\"@type\":\"ImageObject\",\"inLanguage\":\"es\",\"@id\":\"https:\/\/masquenoticias.mx\/index.php\/2023\/10\/30\/colima-es-campeon-en-cinco-categorias-en-la-copa-colima-de-voleibol-2023\/#primaryimage\",\"url\":\"https:\/\/i0.wp.com\/masquenoticias.mx\/wp-content\/uploads\/2023\/10\/e3163294-3a9f-4804-a68c-f421693fc7e7-jpg.webp?fit=1600%2C1066&ssl=1\",\"contentUrl\":\"https:\/\/i0.wp.com\/masquenoticias.mx\/wp-content\/uploads\/2023\/10\/e3163294-3a9f-4804-a68c-f421693fc7e7-jpg.webp?fit=1600%2C1066&ssl=1\",\"width\":1600,\"height\":1066},{\"@type\":\"BreadcrumbList\",\"@id\":\"https:\/\/masquenoticias.mx\/index.php\/2023\/10\/30\/colima-es-campeon-en-cinco-categorias-en-la-copa-colima-de-voleibol-2023\/#breadcrumb\",\"itemListElement\":[{\"@type\":\"ListItem\",\"position\":1,\"name\":\"Inicio\",\"item\":\"https:\/\/masquenoticias.mx\/\"},{\"@type\":\"ListItem\",\"position\":2,\"name\":\"Colima es campe\u00f3n en cinco categor\u00edas, en la Copa Colima de Voleibol 2023\"}]},{\"@type\":\"WebSite\",\"@id\":\"https:\/\/masquenoticias.mx\/#website\",\"url\":\"https:\/\/masquenoticias.mx\/\",\"name\":\"M\u00e1s Que Noticias\",\"description\":\"Noticias de Colima, M\u00e9xico y el Mundo\",\"publisher\":{\"@id\":\"https:\/\/masquenoticias.mx\/#organization\"},\"potentialAction\":[{\"@type\":\"SearchAction\",\"target\":{\"@type\":\"EntryPoint\",\"urlTemplate\":\"https:\/\/masquenoticias.mx\/?s={search_term_string}\"},\"query-input\":{\"@type\":\"PropertyValueSpecification\",\"valueRequired\":true,\"valueName\":\"search_term_string\"}}],\"inLanguage\":\"es\"},{\"@type\":\"Organization\",\"@id\":\"https:\/\/masquenoticias.mx\/#organization\",\"name\":\"M\u00e1s Que Noticias\",\"url\":\"https:\/\/masquenoticias.mx\/\",\"logo\":{\"@type\":\"ImageObject\",\"inLanguage\":\"es\",\"@id\":\"https:\/\/masquenoticias.mx\/#\/schema\/logo\/image\/\",\"url\":\"https:\/\/i0.wp.com\/masquenoticias.mx\/wp-content\/uploads\/2024\/04\/IMG_0004.png?fit=2560%2C1656&ssl=1\",\"contentUrl\":\"https:\/\/i0.wp.com\/masquenoticias.mx\/wp-content\/uploads\/2024\/04\/IMG_0004.png?fit=2560%2C1656&ssl=1\",\"width\":2560,\"height\":1656,\"caption\":\"M\u00e1s Que Noticias\"},\"image\":{\"@id\":\"https:\/\/masquenoticias.mx\/#\/schema\/logo\/image\/\"},\"sameAs\":[\"https:\/\/www.facebook.com\/masquenoticiascolima\",\"https:\/\/x.com\/edgartove\",\"https:\/\/www.instagram.com\/masquenoticiascolima\/\"]},{\"@type\":\"Person\",\"@id\":\"https:\/\/masquenoticias.mx\/#\/schema\/person\/6229637729ad377d24e2154e3b30720b\",\"name\":\"Redacci\u00f3n\",\"image\":{\"@type\":\"ImageObject\",\"inLanguage\":\"es\",\"@id\":\"https:\/\/masquenoticias.mx\/#\/schema\/person\/image\/\",\"url\":\"https:\/\/secure.gravatar.com\/avatar\/73899f6b3a3034eb6f719669835ca3a4?s=96&d=mm&r=g\",\"contentUrl\":\"https:\/\/secure.gravatar.com\/avatar\/73899f6b3a3034eb6f719669835ca3a4?s=96&d=mm&r=g\",\"caption\":\"Redacci\u00f3n\"},\"url\":\"https:\/\/masquenoticias.mx\/index.php\/author\/bunburytorresgmail-com\/\"}]}<\/script>\n<!-- \/ Yoast SEO plugin. -->","yoast_head_json":{"title":"Colima es campe\u00f3n en cinco categor\u00edas, en la Copa Colima de Voleibol 2023 - M\u00e1s Que Noticias","robots":{"index":"index","follow":"follow","max-snippet":"max-snippet:-1","max-image-preview":"max-image-preview:large","max-video-preview":"max-video-preview:-1"},"canonical":"https:\/\/masquenoticias.mx\/index.php\/2023\/10\/30\/colima-es-campeon-en-cinco-categorias-en-la-copa-colima-de-voleibol-2023\/","og_locale":"es_MX","og_type":"article","og_title":"Colima es campe\u00f3n en cinco categor\u00edas, en la Copa Colima de Voleibol 2023 - M\u00e1s Que Noticias","og_description":"Colima obtuvo cinco campeonatos durante su participaci\u00f3n en la decimoquinta edici\u00f3n de la \u2018Copa Colima de Voleibol 2023\u2019 que finaliz\u00f3 exitosamente este domingo por la noche en la Unidad Deportiva Jos\u00e9 Mar\u00eda Morelos y Pav\u00f3n, logrando t\u00edtulos en las categor\u00edas libre ramas varonil y femenil, as\u00ed como en la 2006-2007, 2008-2009 femenil y en la [&hellip;]","og_url":"https:\/\/masquenoticias.mx\/index.php\/2023\/10\/30\/colima-es-campeon-en-cinco-categorias-en-la-copa-colima-de-voleibol-2023\/","og_site_name":"M\u00e1s Que Noticias","article_publisher":"https:\/\/www.facebook.com\/masquenoticiascolima","article_published_time":"2023-10-30T21:07:15+00:00","og_image":[{"width":1600,"height":1066,"url":"https:\/\/i0.wp.com\/masquenoticias.mx\/wp-content\/uploads\/2023\/10\/e3163294-3a9f-4804-a68c-f421693fc7e7-jpg.webp?fit=1600%2C1066&ssl=1","type":"image\/jpeg"}],"author":"Redacci\u00f3n","twitter_card":"summary_large_image","twitter_creator":"@edgartove","twitter_site":"@edgartove","twitter_misc":{"Escrito por":"Redacci\u00f3n","Tiempo de lectura":"2 minutos"},"schema":{"@context":"https:\/\/schema.org","@graph":[{"@type":"Article","@id":"https:\/\/masquenoticias.mx\/index.php\/2023\/10\/30\/colima-es-campeon-en-cinco-categorias-en-la-copa-colima-de-voleibol-2023\/#article","isPartOf":{"@id":"https:\/\/masquenoticias.mx\/index.php\/2023\/10\/30\/colima-es-campeon-en-cinco-categorias-en-la-copa-colima-de-voleibol-2023\/"},"author":{"name":"Redacci\u00f3n","@id":"https:\/\/masquenoticias.mx\/#\/schema\/person\/6229637729ad377d24e2154e3b30720b"},"headline":"Colima es campe\u00f3n en cinco categor\u00edas, en la Copa Colima de Voleibol 2023","datePublished":"2023-10-30T21:07:15+00:00","mainEntityOfPage":{"@id":"https:\/\/masquenoticias.mx\/index.php\/2023\/10\/30\/colima-es-campeon-en-cinco-categorias-en-la-copa-colima-de-voleibol-2023\/"},"wordCount":391,"commentCount":0,"publisher":{"@id":"https:\/\/masquenoticias.mx\/#organization"},"image":{"@id":"https:\/\/masquenoticias.mx\/index.php\/2023\/10\/30\/colima-es-campeon-en-cinco-categorias-en-la-copa-colima-de-voleibol-2023\/#primaryimage"},"thumbnailUrl":"https:\/\/i0.wp.com\/masquenoticias.mx\/wp-content\/uploads\/2023\/10\/e3163294-3a9f-4804-a68c-f421693fc7e7-jpg.webp?fit=1600%2C1066&ssl=1","keywords":["Copa Colima","Deportes","Incode","Voleibol"],"articleSection":["Estado"],"inLanguage":"es","potentialAction":[{"@type":"CommentAction","name":"Comment","target":["https:\/\/masquenoticias.mx\/index.php\/2023\/10\/30\/colima-es-campeon-en-cinco-categorias-en-la-copa-colima-de-voleibol-2023\/#respond"]}]},{"@type":"WebPage","@id":"https:\/\/masquenoticias.mx\/index.php\/2023\/10\/30\/colima-es-campeon-en-cinco-categorias-en-la-copa-colima-de-voleibol-2023\/","url":"https:\/\/masquenoticias.mx\/index.php\/2023\/10\/30\/colima-es-campeon-en-cinco-categorias-en-la-copa-colima-de-voleibol-2023\/","name":"Colima es campe\u00f3n en cinco categor\u00edas, en la Copa Colima de Voleibol 2023 - M\u00e1s Que Noticias","isPartOf":{"@id":"https:\/\/masquenoticias.mx\/#website"},"primaryImageOfPage":{"@id":"https:\/\/masquenoticias.mx\/index.php\/2023\/10\/30\/colima-es-campeon-en-cinco-categorias-en-la-copa-colima-de-voleibol-2023\/#primaryimage"},"image":{"@id":"https:\/\/masquenoticias.mx\/index.php\/2023\/10\/30\/colima-es-campeon-en-cinco-categorias-en-la-copa-colima-de-voleibol-2023\/#primaryimage"},"thumbnailUrl":"https:\/\/i0.wp.com\/masquenoticias.mx\/wp-content\/uploads\/2023\/10\/e3163294-3a9f-4804-a68c-f421693fc7e7-jpg.webp?fit=1600%2C1066&ssl=1","datePublished":"2023-10-30T21:07:15+00:00","breadcrumb":{"@id":"https:\/\/masquenoticias.mx\/index.php\/2023\/10\/30\/colima-es-campeon-en-cinco-categorias-en-la-copa-colima-de-voleibol-2023\/#breadcrumb"},"inLanguage":"es","potentialAction":[{"@type":"ReadAction","target":["https:\/\/masquenoticias.mx\/index.php\/2023\/10\/30\/colima-es-campeon-en-cinco-categorias-en-la-copa-colima-de-voleibol-2023\/"]}]},{"@type":"ImageObject","inLanguage":"es","@id":"https:\/\/masquenoticias.mx\/index.php\/2023\/10\/30\/colima-es-campeon-en-cinco-categorias-en-la-copa-colima-de-voleibol-2023\/#primaryimage","url":"https:\/\/i0.wp.com\/masquenoticias.mx\/wp-content\/uploads\/2023\/10\/e3163294-3a9f-4804-a68c-f421693fc7e7-jpg.webp?fit=1600%2C1066&ssl=1","contentUrl":"https:\/\/i0.wp.com\/masquenoticias.mx\/wp-content\/uploads\/2023\/10\/e3163294-3a9f-4804-a68c-f421693fc7e7-jpg.webp?fit=1600%2C1066&ssl=1","width":1600,"height":1066},{"@type":"BreadcrumbList","@id":"https:\/\/masquenoticias.mx\/index.php\/2023\/10\/30\/colima-es-campeon-en-cinco-categorias-en-la-copa-colima-de-voleibol-2023\/#breadcrumb","itemListElement":[{"@type":"ListItem","position":1,"name":"Inicio","item":"https:\/\/masquenoticias.mx\/"},{"@type":"ListItem","position":2,"name":"Colima es campe\u00f3n en cinco categor\u00edas, en la Copa Colima de Voleibol 2023"}]},{"@type":"WebSite","@id":"https:\/\/masquenoticias.mx\/#website","url":"https:\/\/masquenoticias.mx\/","name":"M\u00e1s Que Noticias","description":"Noticias de Colima, M\u00e9xico y el Mundo","publisher":{"@id":"https:\/\/masquenoticias.mx\/#organization"},"potentialAction":[{"@type":"SearchAction","target":{"@type":"EntryPoint","urlTemplate":"https:\/\/masquenoticias.mx\/?s={search_term_string}"},"query-input":{"@type":"PropertyValueSpecification","valueRequired":true,"valueName":"search_term_string"}}],"inLanguage":"es"},{"@type":"Organization","@id":"https:\/\/masquenoticias.mx\/#organization","name":"M\u00e1s Que Noticias","url":"https:\/\/masquenoticias.mx\/","logo":{"@type":"ImageObject","inLanguage":"es","@id":"https:\/\/masquenoticias.mx\/#\/schema\/logo\/image\/","url":"https:\/\/i0.wp.com\/masquenoticias.mx\/wp-content\/uploads\/2024\/04\/IMG_0004.png?fit=2560%2C1656&ssl=1","contentUrl":"https:\/\/i0.wp.com\/masquenoticias.mx\/wp-content\/uploads\/2024\/04\/IMG_0004.png?fit=2560%2C1656&ssl=1","width":2560,"height":1656,"caption":"M\u00e1s Que Noticias"},"image":{"@id":"https:\/\/masquenoticias.mx\/#\/schema\/logo\/image\/"},"sameAs":["https:\/\/www.facebook.com\/masquenoticiascolima","https:\/\/x.com\/edgartove","https:\/\/www.instagram.com\/masquenoticiascolima\/"]},{"@type":"Person","@id":"https:\/\/masquenoticias.mx\/#\/schema\/person\/6229637729ad377d24e2154e3b30720b","name":"Redacci\u00f3n","image":{"@type":"ImageObject","inLanguage":"es","@id":"https:\/\/masquenoticias.mx\/#\/schema\/person\/image\/","url":"https:\/\/secure.gravatar.com\/avatar\/73899f6b3a3034eb6f719669835ca3a4?s=96&d=mm&r=g","contentUrl":"https:\/\/secure.gravatar.com\/avatar\/73899f6b3a3034eb6f719669835ca3a4?s=96&d=mm&r=g","caption":"Redacci\u00f3n"},"url":"https:\/\/masquenoticias.mx\/index.php\/author\/bunburytorresgmail-com\/"}]}},"jetpack_featured_media_url":"https:\/\/i0.wp.com\/masquenoticias.mx\/wp-content\/uploads\/2023\/10\/e3163294-3a9f-4804-a68c-f421693fc7e7-jpg.webp?fit=1600%2C1066&ssl=1","blog_post_layout_featured_media_urls":{"thumbnail":["https:\/\/i0.wp.com\/masquenoticias.mx\/wp-content\/uploads\/2023\/10\/e3163294-3a9f-4804-a68c-f421693fc7e7-jpg.webp?resize=150%2C150&ssl=1",150,150,true],"full":["https:\/\/i0.wp.com\/masquenoticias.mx\/wp-content\/uploads\/2023\/10\/e3163294-3a9f-4804-a68c-f421693fc7e7-jpg.webp?fit=1600%2C1066&ssl=1",1600,1066,false]},"categories_names":{"24":{"name":"Estado","link":"https:\/\/masquenoticias.mx\/index.php\/category\/estado\/"}},"tags_names":{"337":{"name":"Copa Colima","link":"https:\/\/masquenoticias.mx\/index.php\/tag\/copa-colima\/"},"95":{"name":"Deportes","link":"https:\/\/masquenoticias.mx\/index.php\/tag\/deportes\/"},"83":{"name":"Incode","link":"https:\/\/masquenoticias.mx\/index.php\/tag\/incode\/"},"336":{"name":"Voleibol","link":"https:\/\/masquenoticias.mx\/index.php\/tag\/voleibol\/"}},"comments_number":"0","wpmagazine_modules_lite_featured_media_urls":{"thumbnail":["https:\/\/i0.wp.com\/masquenoticias.mx\/wp-content\/uploads\/2023\/10\/e3163294-3a9f-4804-a68c-f421693fc7e7-jpg.webp?resize=150%2C150&ssl=1",150,150,true],"cvmm-medium":["https:\/\/i0.wp.com\/masquenoticias.mx\/wp-content\/uploads\/2023\/10\/e3163294-3a9f-4804-a68c-f421693fc7e7-jpg.webp?resize=300%2C300&ssl=1",300,300,true],"cvmm-medium-plus":["https:\/\/i0.wp.com\/masquenoticias.mx\/wp-content\/uploads\/2023\/10\/e3163294-3a9f-4804-a68c-f421693fc7e7-jpg.webp?resize=305%2C207&ssl=1",305,207,true],"cvmm-portrait":["https:\/\/i0.wp.com\/masquenoticias.mx\/wp-content\/uploads\/2023\/10\/e3163294-3a9f-4804-a68c-f421693fc7e7-jpg.webp?resize=400%2C600&ssl=1",400,600,true],"cvmm-medium-square":["https:\/\/i0.wp.com\/masquenoticias.mx\/wp-content\/uploads\/2023\/10\/e3163294-3a9f-4804-a68c-f421693fc7e7-jpg.webp?resize=600%2C600&ssl=1",600,600,true],"cvmm-large":["https:\/\/i0.wp.com\/masquenoticias.mx\/wp-content\/uploads\/2023\/10\/e3163294-3a9f-4804-a68c-f421693fc7e7-jpg.webp?resize=1024%2C1024&ssl=1",1024,1024,true],"cvmm-small":["https:\/\/i0.wp.com\/masquenoticias.mx\/wp-content\/uploads\/2023\/10\/e3163294-3a9f-4804-a68c-f421693fc7e7-jpg.webp?resize=130%2C95&ssl=1",130,95,true],"full":["https:\/\/i0.wp.com\/masquenoticias.mx\/wp-content\/uploads\/2023\/10\/e3163294-3a9f-4804-a68c-f421693fc7e7-jpg.webp?fit=1600%2C1066&ssl=1",1600,1066,false]},"jetpack-related-posts":[],"jetpack_sharing_enabled":true,"jetpack_likes_enabled":true,"jetpack_shortlink":"https:\/\/wp.me\/pf7pkt-16E","_links":{"self":[{"href":"https:\/\/masquenoticias.mx\/index.php\/wp-json\/wp\/v2\/posts\/4256","targetHints":{"allow":["GET"]}}],"collection":[{"href":"https:\/\/masquenoticias.mx\/index.php\/wp-json\/wp\/v2\/posts"}],"about":[{"href":"https:\/\/masquenoticias.mx\/index.php\/wp-json\/wp\/v2\/types\/post"}],"author":[{"embeddable":true,"href":"https:\/\/masquenoticias.mx\/index.php\/wp-json\/wp\/v2\/users\/2"}],"replies":[{"embeddable":true,"href":"https:\/\/masquenoticias.mx\/index.php\/wp-json\/wp\/v2\/comments?post=4256"}],"version-history":[{"count":0,"href":"https:\/\/masquenoticias.mx\/index.php\/wp-json\/wp\/v2\/posts\/4256\/revisions"}],"wp:featuredmedia":[{"embeddable":true,"href":"https:\/\/masquenoticias.mx\/index.php\/wp-json\/wp\/v2\/media\/4260"}],"wp:attachment":[{"href":"https:\/\/masquenoticias.mx\/index.php\/wp-json\/wp\/v2\/media?parent=4256"}],"wp:term":[{"taxonomy":"category","embeddable":true,"href":"https:\/\/masquenoticias.mx\/index.php\/wp-json\/wp\/v2\/categories?post=4256"},{"taxonomy":"post_tag","embeddable":true,"href":"https:\/\/masquenoticias.mx\/index.php\/wp-json\/wp\/v2\/tags?post=4256"}],"curies":[{"name":"wp","href":"https:\/\/api.w.org\/{rel}","templated":true}]}}