{"id":4211,"date":"2023-10-28T11:42:16","date_gmt":"2023-10-28T17:42:16","guid":{"rendered":"https:\/\/masquenoticias.mx\/?p=4211"},"modified":"2023-10-28T11:42:16","modified_gmt":"2023-10-28T17:42:16","slug":"la-capacitacion-fortalece-y-consolida-al-sector-portuario-en-el-estado-de-colima","status":"publish","type":"post","link":"https:\/\/masquenoticias.mx\/index.php\/2023\/10\/28\/la-capacitacion-fortalece-y-consolida-al-sector-portuario-en-el-estado-de-colima\/","title":{"rendered":"La capacitaci\u00f3n fortalece y consolida al sector portuario en el estado de Colima"},"content":{"rendered":"<p>A trav\u00e9s de la capacitaci\u00f3n que realiza la Asociaci\u00f3n de Profesionistas en Comercio Exterior de Manzanillo, AC (Aprocemaac), es un activo de confianza para importadores y exportadores interesados en invertir en Colima, pues garantiza que se cuenta con profesionales de calidad en toda la log\u00edstica del puerto, asegur\u00f3 el subsecretario del Trabajo del Gobierno del Estado de Colima, Francisco Javier Pinto Torres, al acudir con la representaci\u00f3n de la gobernadora Indira Vizca\u00edno Silva, al Segundo Foro Portuario Log\u00edstico y de Comercio Exterior.<\/p>\n<p>Este evento organizado por la Aprocemaac, es importante para la comunidad portuaria y de la industria del comercio internacional, ya que concentra en un solo lugar a personas expertas, acad\u00e9micas y profesionales de pleno compromiso con el desarrollo de la log\u00edstica y el manejo de mercanc\u00edas, fortaleciendo as\u00ed a las y los profesionistas del sector.<\/p>\n<p>\u201cMantenernos preparados y apostando a la capacitaci\u00f3n, nos obliga a ser mejores y sin lugar a dudas, est\u00e1n destinados al \u00e9xito; y si a ustedes les va bien, al Gobierno del Estado le va bien, a las ciudadanas y los ciudadanos les va bien, a todos nos va bien y eso es lo que queremos en esta administraci\u00f3n\u201d, afirm\u00f3 el funcionario estatal.<\/p>\n<p>Mencion\u00f3 que el Gobierno de Colima conf\u00eda en el trabajo que realizan y continuar\u00e1 apoyando a este sector en lo que le corresponde ya que es trabajando juntos como se consolida el crecimiento de la entidad.<\/p>\n<p>En este foro estuvieron presentes el presidente de la Aprocemaac, Miguel Silva Espinoza; el rector de la Universidad Tecnol\u00f3gica de Manzanillo (UTeM), Guillermo Torres L\u00f3pez; el titular de la oficina de representaci\u00f3n de la Secretar\u00eda del Trabajo y Previsi\u00f3n Social (STPS) Manuel Nieto Hern\u00e1ndez, entre otras personas.<\/p>\n<div class=\"tiled-gallery type-rectangular tiled-gallery-unresized\" data-original-width=\"640\" data-carousel-extra='null' itemscope itemtype=\"http:\/\/schema.org\/ImageGallery\" > <div class=\"gallery-row\" style=\"width: 640px; height: 321px;\" data-original-width=\"640\" data-original-height=\"321\" > <div class=\"gallery-group images-1\" style=\"width: 427px; height: 321px;\" data-original-width=\"427\" data-original-height=\"321\" > <div class=\"tiled-gallery-item tiled-gallery-item-large\" itemprop=\"associatedMedia\" itemscope itemtype=\"http:\/\/schema.org\/ImageObject\"> <a href=\"https:\/\/masquenoticias.mx\/index.php\/2023\/10\/28\/la-capacitacion-fortalece-y-consolida-al-sector-portuario-en-el-estado-de-colima\/whatsapp-image-2023-10-28-at-11-23-29\/\" border=\"0\" itemprop=\"url\"> <meta itemprop=\"width\" content=\"423\"> <meta itemprop=\"height\" content=\"317\"> <img loading=\"lazy\" decoding=\"async\" class=\"\" data-attachment-id=\"4215\" data-orig-file=\"https:\/\/masquenoticias.mx\/wp-content\/uploads\/2023\/10\/WhatsApp-Image-2023-10-28-at-11.23.29-jpeg.webp\" data-orig-size=\"1600,1200\" data-comments-opened=\"1\" data-image-meta=\"{&quot;aperture&quot;:&quot;0&quot;,&quot;credit&quot;:&quot;&quot;,&quot;camera&quot;:&quot;&quot;,&quot;caption&quot;:&quot;&quot;,&quot;created_timestamp&quot;:&quot;0&quot;,&quot;copyright&quot;:&quot;&quot;,&quot;focal_length&quot;:&quot;0&quot;,&quot;iso&quot;:&quot;0&quot;,&quot;shutter_speed&quot;:&quot;0&quot;,&quot;title&quot;:&quot;&quot;,&quot;orientation&quot;:&quot;0&quot;}\" data-image-title=\"WhatsApp Image 2023-10-28 at 11.23.29\" data-image-description=\"\" data-medium-file=\"https:\/\/i0.wp.com\/masquenoticias.mx\/wp-content\/uploads\/2023\/10\/WhatsApp-Image-2023-10-28-at-11.23.29-jpeg.webp?fit=300%2C225&#038;ssl=1\" data-large-file=\"https:\/\/i0.wp.com\/masquenoticias.mx\/wp-content\/uploads\/2023\/10\/WhatsApp-Image-2023-10-28-at-11.23.29-jpeg.webp?fit=640%2C480&#038;ssl=1\" src=\"https:\/\/i0.wp.com\/masquenoticias.mx\/wp-content\/uploads\/2023\/10\/WhatsApp-Image-2023-10-28-at-11.23.29-jpeg.webp?w=423&#038;h=317&#038;ssl=1\" srcset=\"https:\/\/i0.wp.com\/masquenoticias.mx\/wp-content\/uploads\/2023\/10\/WhatsApp-Image-2023-10-28-at-11.23.29-jpeg.webp?w=1600&amp;ssl=1 1600w, https:\/\/i0.wp.com\/masquenoticias.mx\/wp-content\/uploads\/2023\/10\/WhatsApp-Image-2023-10-28-at-11.23.29-jpeg.webp?resize=300%2C225&amp;ssl=1 300w, https:\/\/i0.wp.com\/masquenoticias.mx\/wp-content\/uploads\/2023\/10\/WhatsApp-Image-2023-10-28-at-11.23.29-jpeg.webp?resize=1024%2C768&amp;ssl=1 1024w, https:\/\/i0.wp.com\/masquenoticias.mx\/wp-content\/uploads\/2023\/10\/WhatsApp-Image-2023-10-28-at-11.23.29-jpeg.webp?resize=768%2C576&amp;ssl=1 768w, https:\/\/i0.wp.com\/masquenoticias.mx\/wp-content\/uploads\/2023\/10\/WhatsApp-Image-2023-10-28-at-11.23.29-jpeg.webp?resize=1536%2C1152&amp;ssl=1 1536w, https:\/\/i0.wp.com\/masquenoticias.mx\/wp-content\/uploads\/2023\/10\/WhatsApp-Image-2023-10-28-at-11.23.29-jpeg.webp?resize=136%2C102&amp;ssl=1 136w, https:\/\/i0.wp.com\/masquenoticias.mx\/wp-content\/uploads\/2023\/10\/WhatsApp-Image-2023-10-28-at-11.23.29-jpeg.webp?w=1280&amp;ssl=1 1280w\" width=\"423\" height=\"317\" loading=\"lazy\" data-original-width=\"423\" data-original-height=\"317\" itemprop=\"http:\/\/schema.org\/image\" title=\"WhatsApp Image 2023-10-28 at 11.23.29\" alt=\"WhatsApp Image 2023-10-28 at 11.23.29\" style=\"width: 423px; height: 317px;\" \/> <\/a> <\/div> <\/div> <!-- close group --> <div class=\"gallery-group images-2\" style=\"width: 213px; height: 321px;\" data-original-width=\"213\" data-original-height=\"321\" > <div class=\"tiled-gallery-item tiled-gallery-item-small\" itemprop=\"associatedMedia\" itemscope itemtype=\"http:\/\/schema.org\/ImageObject\"> <a href=\"https:\/\/masquenoticias.mx\/index.php\/2023\/10\/28\/la-capacitacion-fortalece-y-consolida-al-sector-portuario-en-el-estado-de-colima\/whatsapp-image-2023-10-28-at-11-23-29-1\/\" border=\"0\" itemprop=\"url\"> <meta itemprop=\"width\" content=\"209\"> <meta itemprop=\"height\" content=\"157\"> <img loading=\"lazy\" decoding=\"async\" class=\"\" data-attachment-id=\"4213\" data-orig-file=\"https:\/\/masquenoticias.mx\/wp-content\/uploads\/2023\/10\/WhatsApp-Image-2023-10-28-at-11.23.29-1-jpeg.webp\" data-orig-size=\"1600,1200\" data-comments-opened=\"1\" data-image-meta=\"{&quot;aperture&quot;:&quot;0&quot;,&quot;credit&quot;:&quot;&quot;,&quot;camera&quot;:&quot;&quot;,&quot;caption&quot;:&quot;&quot;,&quot;created_timestamp&quot;:&quot;0&quot;,&quot;copyright&quot;:&quot;&quot;,&quot;focal_length&quot;:&quot;0&quot;,&quot;iso&quot;:&quot;0&quot;,&quot;shutter_speed&quot;:&quot;0&quot;,&quot;title&quot;:&quot;&quot;,&quot;orientation&quot;:&quot;0&quot;}\" data-image-title=\"WhatsApp Image 2023-10-28 at 11.23.29 (1)\" data-image-description=\"\" data-medium-file=\"https:\/\/i0.wp.com\/masquenoticias.mx\/wp-content\/uploads\/2023\/10\/WhatsApp-Image-2023-10-28-at-11.23.29-1-jpeg.webp?fit=300%2C225&#038;ssl=1\" data-large-file=\"https:\/\/i0.wp.com\/masquenoticias.mx\/wp-content\/uploads\/2023\/10\/WhatsApp-Image-2023-10-28-at-11.23.29-1-jpeg.webp?fit=640%2C480&#038;ssl=1\" src=\"https:\/\/i0.wp.com\/masquenoticias.mx\/wp-content\/uploads\/2023\/10\/WhatsApp-Image-2023-10-28-at-11.23.29-1-jpeg.webp?w=209&#038;h=157&#038;ssl=1\" srcset=\"https:\/\/i0.wp.com\/masquenoticias.mx\/wp-content\/uploads\/2023\/10\/WhatsApp-Image-2023-10-28-at-11.23.29-1-jpeg.webp?w=1600&amp;ssl=1 1600w, https:\/\/i0.wp.com\/masquenoticias.mx\/wp-content\/uploads\/2023\/10\/WhatsApp-Image-2023-10-28-at-11.23.29-1-jpeg.webp?resize=300%2C225&amp;ssl=1 300w, https:\/\/i0.wp.com\/masquenoticias.mx\/wp-content\/uploads\/2023\/10\/WhatsApp-Image-2023-10-28-at-11.23.29-1-jpeg.webp?resize=1024%2C768&amp;ssl=1 1024w, https:\/\/i0.wp.com\/masquenoticias.mx\/wp-content\/uploads\/2023\/10\/WhatsApp-Image-2023-10-28-at-11.23.29-1-jpeg.webp?resize=768%2C576&amp;ssl=1 768w, https:\/\/i0.wp.com\/masquenoticias.mx\/wp-content\/uploads\/2023\/10\/WhatsApp-Image-2023-10-28-at-11.23.29-1-jpeg.webp?resize=1536%2C1152&amp;ssl=1 1536w, https:\/\/i0.wp.com\/masquenoticias.mx\/wp-content\/uploads\/2023\/10\/WhatsApp-Image-2023-10-28-at-11.23.29-1-jpeg.webp?resize=136%2C102&amp;ssl=1 136w, https:\/\/i0.wp.com\/masquenoticias.mx\/wp-content\/uploads\/2023\/10\/WhatsApp-Image-2023-10-28-at-11.23.29-1-jpeg.webp?w=1280&amp;ssl=1 1280w\" width=\"209\" height=\"157\" loading=\"lazy\" data-original-width=\"209\" data-original-height=\"157\" itemprop=\"http:\/\/schema.org\/image\" title=\"WhatsApp Image 2023-10-28 at 11.23.29 (1)\" alt=\"WhatsApp Image 2023-10-28 at 11.23.29 (1)\" style=\"width: 209px; height: 157px;\" \/> <\/a> <\/div> <div class=\"tiled-gallery-item tiled-gallery-item-small\" itemprop=\"associatedMedia\" itemscope itemtype=\"http:\/\/schema.org\/ImageObject\"> <a href=\"https:\/\/masquenoticias.mx\/index.php\/2023\/10\/28\/la-capacitacion-fortalece-y-consolida-al-sector-portuario-en-el-estado-de-colima\/whatsapp-image-2023-10-28-at-11-23-28\/\" border=\"0\" itemprop=\"url\"> <meta itemprop=\"width\" content=\"209\"> <meta itemprop=\"height\" content=\"156\"> <img loading=\"lazy\" decoding=\"async\" class=\"\" data-attachment-id=\"4212\" data-orig-file=\"https:\/\/masquenoticias.mx\/wp-content\/uploads\/2023\/10\/WhatsApp-Image-2023-10-28-at-11.23.28-jpeg.webp\" data-orig-size=\"1600,1200\" data-comments-opened=\"1\" data-image-meta=\"{&quot;aperture&quot;:&quot;0&quot;,&quot;credit&quot;:&quot;&quot;,&quot;camera&quot;:&quot;&quot;,&quot;caption&quot;:&quot;&quot;,&quot;created_timestamp&quot;:&quot;0&quot;,&quot;copyright&quot;:&quot;&quot;,&quot;focal_length&quot;:&quot;0&quot;,&quot;iso&quot;:&quot;0&quot;,&quot;shutter_speed&quot;:&quot;0&quot;,&quot;title&quot;:&quot;&quot;,&quot;orientation&quot;:&quot;0&quot;}\" data-image-title=\"WhatsApp Image 2023-10-28 at 11.23.28\" data-image-description=\"\" data-medium-file=\"https:\/\/i0.wp.com\/masquenoticias.mx\/wp-content\/uploads\/2023\/10\/WhatsApp-Image-2023-10-28-at-11.23.28-jpeg.webp?fit=300%2C225&#038;ssl=1\" data-large-file=\"https:\/\/i0.wp.com\/masquenoticias.mx\/wp-content\/uploads\/2023\/10\/WhatsApp-Image-2023-10-28-at-11.23.28-jpeg.webp?fit=640%2C480&#038;ssl=1\" src=\"https:\/\/i0.wp.com\/masquenoticias.mx\/wp-content\/uploads\/2023\/10\/WhatsApp-Image-2023-10-28-at-11.23.28-jpeg.webp?w=209&#038;h=156&#038;ssl=1\" srcset=\"https:\/\/i0.wp.com\/masquenoticias.mx\/wp-content\/uploads\/2023\/10\/WhatsApp-Image-2023-10-28-at-11.23.28-jpeg.webp?w=1600&amp;ssl=1 1600w, https:\/\/i0.wp.com\/masquenoticias.mx\/wp-content\/uploads\/2023\/10\/WhatsApp-Image-2023-10-28-at-11.23.28-jpeg.webp?resize=300%2C225&amp;ssl=1 300w, https:\/\/i0.wp.com\/masquenoticias.mx\/wp-content\/uploads\/2023\/10\/WhatsApp-Image-2023-10-28-at-11.23.28-jpeg.webp?resize=1024%2C768&amp;ssl=1 1024w, https:\/\/i0.wp.com\/masquenoticias.mx\/wp-content\/uploads\/2023\/10\/WhatsApp-Image-2023-10-28-at-11.23.28-jpeg.webp?resize=768%2C576&amp;ssl=1 768w, https:\/\/i0.wp.com\/masquenoticias.mx\/wp-content\/uploads\/2023\/10\/WhatsApp-Image-2023-10-28-at-11.23.28-jpeg.webp?resize=1536%2C1152&amp;ssl=1 1536w, https:\/\/i0.wp.com\/masquenoticias.mx\/wp-content\/uploads\/2023\/10\/WhatsApp-Image-2023-10-28-at-11.23.28-jpeg.webp?resize=136%2C102&amp;ssl=1 136w, https:\/\/i0.wp.com\/masquenoticias.mx\/wp-content\/uploads\/2023\/10\/WhatsApp-Image-2023-10-28-at-11.23.28-jpeg.webp?w=1280&amp;ssl=1 1280w\" width=\"209\" height=\"156\" loading=\"lazy\" data-original-width=\"209\" data-original-height=\"156\" itemprop=\"http:\/\/schema.org\/image\" title=\"WhatsApp Image 2023-10-28 at 11.23.28\" alt=\"WhatsApp Image 2023-10-28 at 11.23.28\" style=\"width: 209px; height: 156px;\" \/> <\/a> <\/div> <\/div> <!-- close group --> <\/div> <!-- close row --> <\/div>\n","protected":false},"excerpt":{"rendered":"<p>A trav\u00e9s de la capacitaci\u00f3n que realiza la Asociaci\u00f3n de Profesionistas en Comercio Exterior de Manzanillo, AC (Aprocemaac), es un activo de confianza para importadores y exportadores interesados en invertir en Colima, pues garantiza que se cuenta con profesionales de calidad en toda la log\u00edstica del puerto, asegur\u00f3 el subsecretario del Trabajo del Gobierno del [&hellip;]<\/p>\n","protected":false},"author":2,"featured_media":4214,"comment_status":"open","ping_status":"open","sticky":false,"template":"","format":"standard","meta":{"_jetpack_memberships_contains_paid_content":false,"footnotes":""},"categories":[24],"tags":[136],"class_list":["post-4211","post","type-post","status-publish","format-standard","has-post-thumbnail","hentry","category-estado","tag-trabajo"],"yoast_head":"<!-- This site is optimized with the Yoast SEO plugin v26.6 - https:\/\/yoast.com\/wordpress\/plugins\/seo\/ -->\n<title>La capacitaci\u00f3n fortalece y consolida al sector portuario en el estado de Colima - M\u00e1s Que Noticias<\/title>\n<meta name=\"robots\" content=\"index, follow, max-snippet:-1, max-image-preview:large, max-video-preview:-1\" \/>\n<link rel=\"canonical\" href=\"https:\/\/masquenoticias.mx\/index.php\/2023\/10\/28\/la-capacitacion-fortalece-y-consolida-al-sector-portuario-en-el-estado-de-colima\/\" \/>\n<meta property=\"og:locale\" content=\"es_MX\" \/>\n<meta property=\"og:type\" content=\"article\" \/>\n<meta property=\"og:title\" content=\"La capacitaci\u00f3n fortalece y consolida al sector portuario en el estado de Colima - M\u00e1s Que Noticias\" \/>\n<meta property=\"og:description\" content=\"A trav\u00e9s de la capacitaci\u00f3n que realiza la Asociaci\u00f3n de Profesionistas en Comercio Exterior de Manzanillo, AC (Aprocemaac), es un activo de confianza para importadores y exportadores interesados en invertir en Colima, pues garantiza que se cuenta con profesionales de calidad en toda la log\u00edstica del puerto, asegur\u00f3 el subsecretario del Trabajo del Gobierno del [&hellip;]\" \/>\n<meta property=\"og:url\" content=\"https:\/\/masquenoticias.mx\/index.php\/2023\/10\/28\/la-capacitacion-fortalece-y-consolida-al-sector-portuario-en-el-estado-de-colima\/\" \/>\n<meta property=\"og:site_name\" content=\"M\u00e1s Que Noticias\" \/>\n<meta property=\"article:publisher\" content=\"https:\/\/www.facebook.com\/masquenoticiascolima\" \/>\n<meta property=\"article:published_time\" content=\"2023-10-28T17:42:16+00:00\" \/>\n<meta property=\"og:image\" content=\"https:\/\/i0.wp.com\/masquenoticias.mx\/wp-content\/uploads\/2023\/10\/WhatsApp-Image-2023-10-28-at-11.23.29-2-jpeg.webp?fit=1600%2C826&ssl=1\" \/>\n\t<meta property=\"og:image:width\" content=\"1600\" \/>\n\t<meta property=\"og:image:height\" content=\"826\" \/>\n\t<meta property=\"og:image:type\" content=\"image\/jpeg\" \/>\n<meta name=\"author\" content=\"Redacci\u00f3n\" \/>\n<meta name=\"twitter:card\" content=\"summary_large_image\" \/>\n<meta name=\"twitter:creator\" content=\"@edgartove\" \/>\n<meta name=\"twitter:site\" content=\"@edgartove\" \/>\n<meta name=\"twitter:label1\" content=\"Escrito por\" \/>\n\t<meta name=\"twitter:data1\" content=\"Redacci\u00f3n\" \/>\n\t<meta name=\"twitter:label2\" content=\"Tiempo de lectura\" \/>\n\t<meta name=\"twitter:data2\" content=\"2 minutos\" \/>\n<script type=\"application\/ld+json\" class=\"yoast-schema-graph\">{\"@context\":\"https:\/\/schema.org\",\"@graph\":[{\"@type\":\"Article\",\"@id\":\"https:\/\/masquenoticias.mx\/index.php\/2023\/10\/28\/la-capacitacion-fortalece-y-consolida-al-sector-portuario-en-el-estado-de-colima\/#article\",\"isPartOf\":{\"@id\":\"https:\/\/masquenoticias.mx\/index.php\/2023\/10\/28\/la-capacitacion-fortalece-y-consolida-al-sector-portuario-en-el-estado-de-colima\/\"},\"author\":{\"name\":\"Redacci\u00f3n\",\"@id\":\"https:\/\/masquenoticias.mx\/#\/schema\/person\/6229637729ad377d24e2154e3b30720b\"},\"headline\":\"La capacitaci\u00f3n fortalece y consolida al sector portuario en el estado de Colima\",\"datePublished\":\"2023-10-28T17:42:16+00:00\",\"mainEntityOfPage\":{\"@id\":\"https:\/\/masquenoticias.mx\/index.php\/2023\/10\/28\/la-capacitacion-fortalece-y-consolida-al-sector-portuario-en-el-estado-de-colima\/\"},\"wordCount\":322,\"commentCount\":0,\"publisher\":{\"@id\":\"https:\/\/masquenoticias.mx\/#organization\"},\"image\":{\"@id\":\"https:\/\/masquenoticias.mx\/index.php\/2023\/10\/28\/la-capacitacion-fortalece-y-consolida-al-sector-portuario-en-el-estado-de-colima\/#primaryimage\"},\"thumbnailUrl\":\"https:\/\/i0.wp.com\/masquenoticias.mx\/wp-content\/uploads\/2023\/10\/WhatsApp-Image-2023-10-28-at-11.23.29-2-jpeg.webp?fit=1600%2C826&ssl=1\",\"keywords\":[\"Trabajo\"],\"articleSection\":[\"Estado\"],\"inLanguage\":\"es\",\"potentialAction\":[{\"@type\":\"CommentAction\",\"name\":\"Comment\",\"target\":[\"https:\/\/masquenoticias.mx\/index.php\/2023\/10\/28\/la-capacitacion-fortalece-y-consolida-al-sector-portuario-en-el-estado-de-colima\/#respond\"]}]},{\"@type\":\"WebPage\",\"@id\":\"https:\/\/masquenoticias.mx\/index.php\/2023\/10\/28\/la-capacitacion-fortalece-y-consolida-al-sector-portuario-en-el-estado-de-colima\/\",\"url\":\"https:\/\/masquenoticias.mx\/index.php\/2023\/10\/28\/la-capacitacion-fortalece-y-consolida-al-sector-portuario-en-el-estado-de-colima\/\",\"name\":\"La capacitaci\u00f3n fortalece y consolida al sector portuario en el estado de Colima - M\u00e1s Que Noticias\",\"isPartOf\":{\"@id\":\"https:\/\/masquenoticias.mx\/#website\"},\"primaryImageOfPage\":{\"@id\":\"https:\/\/masquenoticias.mx\/index.php\/2023\/10\/28\/la-capacitacion-fortalece-y-consolida-al-sector-portuario-en-el-estado-de-colima\/#primaryimage\"},\"image\":{\"@id\":\"https:\/\/masquenoticias.mx\/index.php\/2023\/10\/28\/la-capacitacion-fortalece-y-consolida-al-sector-portuario-en-el-estado-de-colima\/#primaryimage\"},\"thumbnailUrl\":\"https:\/\/i0.wp.com\/masquenoticias.mx\/wp-content\/uploads\/2023\/10\/WhatsApp-Image-2023-10-28-at-11.23.29-2-jpeg.webp?fit=1600%2C826&ssl=1\",\"datePublished\":\"2023-10-28T17:42:16+00:00\",\"breadcrumb\":{\"@id\":\"https:\/\/masquenoticias.mx\/index.php\/2023\/10\/28\/la-capacitacion-fortalece-y-consolida-al-sector-portuario-en-el-estado-de-colima\/#breadcrumb\"},\"inLanguage\":\"es\",\"potentialAction\":[{\"@type\":\"ReadAction\",\"target\":[\"https:\/\/masquenoticias.mx\/index.php\/2023\/10\/28\/la-capacitacion-fortalece-y-consolida-al-sector-portuario-en-el-estado-de-colima\/\"]}]},{\"@type\":\"ImageObject\",\"inLanguage\":\"es\",\"@id\":\"https:\/\/masquenoticias.mx\/index.php\/2023\/10\/28\/la-capacitacion-fortalece-y-consolida-al-sector-portuario-en-el-estado-de-colima\/#primaryimage\",\"url\":\"https:\/\/i0.wp.com\/masquenoticias.mx\/wp-content\/uploads\/2023\/10\/WhatsApp-Image-2023-10-28-at-11.23.29-2-jpeg.webp?fit=1600%2C826&ssl=1\",\"contentUrl\":\"https:\/\/i0.wp.com\/masquenoticias.mx\/wp-content\/uploads\/2023\/10\/WhatsApp-Image-2023-10-28-at-11.23.29-2-jpeg.webp?fit=1600%2C826&ssl=1\",\"width\":1600,\"height\":826},{\"@type\":\"BreadcrumbList\",\"@id\":\"https:\/\/masquenoticias.mx\/index.php\/2023\/10\/28\/la-capacitacion-fortalece-y-consolida-al-sector-portuario-en-el-estado-de-colima\/#breadcrumb\",\"itemListElement\":[{\"@type\":\"ListItem\",\"position\":1,\"name\":\"Inicio\",\"item\":\"https:\/\/masquenoticias.mx\/\"},{\"@type\":\"ListItem\",\"position\":2,\"name\":\"La capacitaci\u00f3n fortalece y consolida al sector portuario en el estado de Colima\"}]},{\"@type\":\"WebSite\",\"@id\":\"https:\/\/masquenoticias.mx\/#website\",\"url\":\"https:\/\/masquenoticias.mx\/\",\"name\":\"M\u00e1s Que Noticias\",\"description\":\"Noticias de Colima, M\u00e9xico y el Mundo\",\"publisher\":{\"@id\":\"https:\/\/masquenoticias.mx\/#organization\"},\"potentialAction\":[{\"@type\":\"SearchAction\",\"target\":{\"@type\":\"EntryPoint\",\"urlTemplate\":\"https:\/\/masquenoticias.mx\/?s={search_term_string}\"},\"query-input\":{\"@type\":\"PropertyValueSpecification\",\"valueRequired\":true,\"valueName\":\"search_term_string\"}}],\"inLanguage\":\"es\"},{\"@type\":\"Organization\",\"@id\":\"https:\/\/masquenoticias.mx\/#organization\",\"name\":\"M\u00e1s Que Noticias\",\"url\":\"https:\/\/masquenoticias.mx\/\",\"logo\":{\"@type\":\"ImageObject\",\"inLanguage\":\"es\",\"@id\":\"https:\/\/masquenoticias.mx\/#\/schema\/logo\/image\/\",\"url\":\"https:\/\/i0.wp.com\/masquenoticias.mx\/wp-content\/uploads\/2024\/04\/IMG_0004.png?fit=2560%2C1656&ssl=1\",\"contentUrl\":\"https:\/\/i0.wp.com\/masquenoticias.mx\/wp-content\/uploads\/2024\/04\/IMG_0004.png?fit=2560%2C1656&ssl=1\",\"width\":2560,\"height\":1656,\"caption\":\"M\u00e1s Que Noticias\"},\"image\":{\"@id\":\"https:\/\/masquenoticias.mx\/#\/schema\/logo\/image\/\"},\"sameAs\":[\"https:\/\/www.facebook.com\/masquenoticiascolima\",\"https:\/\/x.com\/edgartove\",\"https:\/\/www.instagram.com\/masquenoticiascolima\/\"]},{\"@type\":\"Person\",\"@id\":\"https:\/\/masquenoticias.mx\/#\/schema\/person\/6229637729ad377d24e2154e3b30720b\",\"name\":\"Redacci\u00f3n\",\"image\":{\"@type\":\"ImageObject\",\"inLanguage\":\"es\",\"@id\":\"https:\/\/masquenoticias.mx\/#\/schema\/person\/image\/\",\"url\":\"https:\/\/secure.gravatar.com\/avatar\/73899f6b3a3034eb6f719669835ca3a4?s=96&d=mm&r=g\",\"contentUrl\":\"https:\/\/secure.gravatar.com\/avatar\/73899f6b3a3034eb6f719669835ca3a4?s=96&d=mm&r=g\",\"caption\":\"Redacci\u00f3n\"},\"url\":\"https:\/\/masquenoticias.mx\/index.php\/author\/bunburytorresgmail-com\/\"}]}<\/script>\n<!-- \/ Yoast SEO plugin. -->","yoast_head_json":{"title":"La capacitaci\u00f3n fortalece y consolida al sector portuario en el estado de Colima - M\u00e1s Que Noticias","robots":{"index":"index","follow":"follow","max-snippet":"max-snippet:-1","max-image-preview":"max-image-preview:large","max-video-preview":"max-video-preview:-1"},"canonical":"https:\/\/masquenoticias.mx\/index.php\/2023\/10\/28\/la-capacitacion-fortalece-y-consolida-al-sector-portuario-en-el-estado-de-colima\/","og_locale":"es_MX","og_type":"article","og_title":"La capacitaci\u00f3n fortalece y consolida al sector portuario en el estado de Colima - M\u00e1s Que Noticias","og_description":"A trav\u00e9s de la capacitaci\u00f3n que realiza la Asociaci\u00f3n de Profesionistas en Comercio Exterior de Manzanillo, AC (Aprocemaac), es un activo de confianza para importadores y exportadores interesados en invertir en Colima, pues garantiza que se cuenta con profesionales de calidad en toda la log\u00edstica del puerto, asegur\u00f3 el subsecretario del Trabajo del Gobierno del [&hellip;]","og_url":"https:\/\/masquenoticias.mx\/index.php\/2023\/10\/28\/la-capacitacion-fortalece-y-consolida-al-sector-portuario-en-el-estado-de-colima\/","og_site_name":"M\u00e1s Que Noticias","article_publisher":"https:\/\/www.facebook.com\/masquenoticiascolima","article_published_time":"2023-10-28T17:42:16+00:00","og_image":[{"width":1600,"height":826,"url":"https:\/\/i0.wp.com\/masquenoticias.mx\/wp-content\/uploads\/2023\/10\/WhatsApp-Image-2023-10-28-at-11.23.29-2-jpeg.webp?fit=1600%2C826&ssl=1","type":"image\/jpeg"}],"author":"Redacci\u00f3n","twitter_card":"summary_large_image","twitter_creator":"@edgartove","twitter_site":"@edgartove","twitter_misc":{"Escrito por":"Redacci\u00f3n","Tiempo de lectura":"2 minutos"},"schema":{"@context":"https:\/\/schema.org","@graph":[{"@type":"Article","@id":"https:\/\/masquenoticias.mx\/index.php\/2023\/10\/28\/la-capacitacion-fortalece-y-consolida-al-sector-portuario-en-el-estado-de-colima\/#article","isPartOf":{"@id":"https:\/\/masquenoticias.mx\/index.php\/2023\/10\/28\/la-capacitacion-fortalece-y-consolida-al-sector-portuario-en-el-estado-de-colima\/"},"author":{"name":"Redacci\u00f3n","@id":"https:\/\/masquenoticias.mx\/#\/schema\/person\/6229637729ad377d24e2154e3b30720b"},"headline":"La capacitaci\u00f3n fortalece y consolida al sector portuario en el estado de Colima","datePublished":"2023-10-28T17:42:16+00:00","mainEntityOfPage":{"@id":"https:\/\/masquenoticias.mx\/index.php\/2023\/10\/28\/la-capacitacion-fortalece-y-consolida-al-sector-portuario-en-el-estado-de-colima\/"},"wordCount":322,"commentCount":0,"publisher":{"@id":"https:\/\/masquenoticias.mx\/#organization"},"image":{"@id":"https:\/\/masquenoticias.mx\/index.php\/2023\/10\/28\/la-capacitacion-fortalece-y-consolida-al-sector-portuario-en-el-estado-de-colima\/#primaryimage"},"thumbnailUrl":"https:\/\/i0.wp.com\/masquenoticias.mx\/wp-content\/uploads\/2023\/10\/WhatsApp-Image-2023-10-28-at-11.23.29-2-jpeg.webp?fit=1600%2C826&ssl=1","keywords":["Trabajo"],"articleSection":["Estado"],"inLanguage":"es","potentialAction":[{"@type":"CommentAction","name":"Comment","target":["https:\/\/masquenoticias.mx\/index.php\/2023\/10\/28\/la-capacitacion-fortalece-y-consolida-al-sector-portuario-en-el-estado-de-colima\/#respond"]}]},{"@type":"WebPage","@id":"https:\/\/masquenoticias.mx\/index.php\/2023\/10\/28\/la-capacitacion-fortalece-y-consolida-al-sector-portuario-en-el-estado-de-colima\/","url":"https:\/\/masquenoticias.mx\/index.php\/2023\/10\/28\/la-capacitacion-fortalece-y-consolida-al-sector-portuario-en-el-estado-de-colima\/","name":"La capacitaci\u00f3n fortalece y consolida al sector portuario en el estado de Colima - M\u00e1s Que Noticias","isPartOf":{"@id":"https:\/\/masquenoticias.mx\/#website"},"primaryImageOfPage":{"@id":"https:\/\/masquenoticias.mx\/index.php\/2023\/10\/28\/la-capacitacion-fortalece-y-consolida-al-sector-portuario-en-el-estado-de-colima\/#primaryimage"},"image":{"@id":"https:\/\/masquenoticias.mx\/index.php\/2023\/10\/28\/la-capacitacion-fortalece-y-consolida-al-sector-portuario-en-el-estado-de-colima\/#primaryimage"},"thumbnailUrl":"https:\/\/i0.wp.com\/masquenoticias.mx\/wp-content\/uploads\/2023\/10\/WhatsApp-Image-2023-10-28-at-11.23.29-2-jpeg.webp?fit=1600%2C826&ssl=1","datePublished":"2023-10-28T17:42:16+00:00","breadcrumb":{"@id":"https:\/\/masquenoticias.mx\/index.php\/2023\/10\/28\/la-capacitacion-fortalece-y-consolida-al-sector-portuario-en-el-estado-de-colima\/#breadcrumb"},"inLanguage":"es","potentialAction":[{"@type":"ReadAction","target":["https:\/\/masquenoticias.mx\/index.php\/2023\/10\/28\/la-capacitacion-fortalece-y-consolida-al-sector-portuario-en-el-estado-de-colima\/"]}]},{"@type":"ImageObject","inLanguage":"es","@id":"https:\/\/masquenoticias.mx\/index.php\/2023\/10\/28\/la-capacitacion-fortalece-y-consolida-al-sector-portuario-en-el-estado-de-colima\/#primaryimage","url":"https:\/\/i0.wp.com\/masquenoticias.mx\/wp-content\/uploads\/2023\/10\/WhatsApp-Image-2023-10-28-at-11.23.29-2-jpeg.webp?fit=1600%2C826&ssl=1","contentUrl":"https:\/\/i0.wp.com\/masquenoticias.mx\/wp-content\/uploads\/2023\/10\/WhatsApp-Image-2023-10-28-at-11.23.29-2-jpeg.webp?fit=1600%2C826&ssl=1","width":1600,"height":826},{"@type":"BreadcrumbList","@id":"https:\/\/masquenoticias.mx\/index.php\/2023\/10\/28\/la-capacitacion-fortalece-y-consolida-al-sector-portuario-en-el-estado-de-colima\/#breadcrumb","itemListElement":[{"@type":"ListItem","position":1,"name":"Inicio","item":"https:\/\/masquenoticias.mx\/"},{"@type":"ListItem","position":2,"name":"La capacitaci\u00f3n fortalece y consolida al sector portuario en el estado de Colima"}]},{"@type":"WebSite","@id":"https:\/\/masquenoticias.mx\/#website","url":"https:\/\/masquenoticias.mx\/","name":"M\u00e1s Que Noticias","description":"Noticias de Colima, M\u00e9xico y el Mundo","publisher":{"@id":"https:\/\/masquenoticias.mx\/#organization"},"potentialAction":[{"@type":"SearchAction","target":{"@type":"EntryPoint","urlTemplate":"https:\/\/masquenoticias.mx\/?s={search_term_string}"},"query-input":{"@type":"PropertyValueSpecification","valueRequired":true,"valueName":"search_term_string"}}],"inLanguage":"es"},{"@type":"Organization","@id":"https:\/\/masquenoticias.mx\/#organization","name":"M\u00e1s Que Noticias","url":"https:\/\/masquenoticias.mx\/","logo":{"@type":"ImageObject","inLanguage":"es","@id":"https:\/\/masquenoticias.mx\/#\/schema\/logo\/image\/","url":"https:\/\/i0.wp.com\/masquenoticias.mx\/wp-content\/uploads\/2024\/04\/IMG_0004.png?fit=2560%2C1656&ssl=1","contentUrl":"https:\/\/i0.wp.com\/masquenoticias.mx\/wp-content\/uploads\/2024\/04\/IMG_0004.png?fit=2560%2C1656&ssl=1","width":2560,"height":1656,"caption":"M\u00e1s Que Noticias"},"image":{"@id":"https:\/\/masquenoticias.mx\/#\/schema\/logo\/image\/"},"sameAs":["https:\/\/www.facebook.com\/masquenoticiascolima","https:\/\/x.com\/edgartove","https:\/\/www.instagram.com\/masquenoticiascolima\/"]},{"@type":"Person","@id":"https:\/\/masquenoticias.mx\/#\/schema\/person\/6229637729ad377d24e2154e3b30720b","name":"Redacci\u00f3n","image":{"@type":"ImageObject","inLanguage":"es","@id":"https:\/\/masquenoticias.mx\/#\/schema\/person\/image\/","url":"https:\/\/secure.gravatar.com\/avatar\/73899f6b3a3034eb6f719669835ca3a4?s=96&d=mm&r=g","contentUrl":"https:\/\/secure.gravatar.com\/avatar\/73899f6b3a3034eb6f719669835ca3a4?s=96&d=mm&r=g","caption":"Redacci\u00f3n"},"url":"https:\/\/masquenoticias.mx\/index.php\/author\/bunburytorresgmail-com\/"}]}},"jetpack_featured_media_url":"https:\/\/i0.wp.com\/masquenoticias.mx\/wp-content\/uploads\/2023\/10\/WhatsApp-Image-2023-10-28-at-11.23.29-2-jpeg.webp?fit=1600%2C826&ssl=1","blog_post_layout_featured_media_urls":{"thumbnail":["https:\/\/i0.wp.com\/masquenoticias.mx\/wp-content\/uploads\/2023\/10\/WhatsApp-Image-2023-10-28-at-11.23.29-2-jpeg.webp?resize=150%2C150&ssl=1",150,150,true],"full":["https:\/\/i0.wp.com\/masquenoticias.mx\/wp-content\/uploads\/2023\/10\/WhatsApp-Image-2023-10-28-at-11.23.29-2-jpeg.webp?fit=1600%2C826&ssl=1",1600,826,false]},"categories_names":{"24":{"name":"Estado","link":"https:\/\/masquenoticias.mx\/index.php\/category\/estado\/"}},"tags_names":{"136":{"name":"Trabajo","link":"https:\/\/masquenoticias.mx\/index.php\/tag\/trabajo\/"}},"comments_number":"0","wpmagazine_modules_lite_featured_media_urls":{"thumbnail":["https:\/\/i0.wp.com\/masquenoticias.mx\/wp-content\/uploads\/2023\/10\/WhatsApp-Image-2023-10-28-at-11.23.29-2-jpeg.webp?resize=150%2C150&ssl=1",150,150,true],"cvmm-medium":["https:\/\/i0.wp.com\/masquenoticias.mx\/wp-content\/uploads\/2023\/10\/WhatsApp-Image-2023-10-28-at-11.23.29-2-jpeg.webp?resize=300%2C300&ssl=1",300,300,true],"cvmm-medium-plus":["https:\/\/i0.wp.com\/masquenoticias.mx\/wp-content\/uploads\/2023\/10\/WhatsApp-Image-2023-10-28-at-11.23.29-2-jpeg.webp?resize=305%2C207&ssl=1",305,207,true],"cvmm-portrait":["https:\/\/i0.wp.com\/masquenoticias.mx\/wp-content\/uploads\/2023\/10\/WhatsApp-Image-2023-10-28-at-11.23.29-2-jpeg.webp?resize=400%2C600&ssl=1",400,600,true],"cvmm-medium-square":["https:\/\/i0.wp.com\/masquenoticias.mx\/wp-content\/uploads\/2023\/10\/WhatsApp-Image-2023-10-28-at-11.23.29-2-jpeg.webp?resize=600%2C600&ssl=1",600,600,true],"cvmm-large":["https:\/\/i0.wp.com\/masquenoticias.mx\/wp-content\/uploads\/2023\/10\/WhatsApp-Image-2023-10-28-at-11.23.29-2-jpeg.webp?resize=1024%2C826&ssl=1",1024,826,true],"cvmm-small":["https:\/\/i0.wp.com\/masquenoticias.mx\/wp-content\/uploads\/2023\/10\/WhatsApp-Image-2023-10-28-at-11.23.29-2-jpeg.webp?resize=130%2C95&ssl=1",130,95,true],"full":["https:\/\/i0.wp.com\/masquenoticias.mx\/wp-content\/uploads\/2023\/10\/WhatsApp-Image-2023-10-28-at-11.23.29-2-jpeg.webp?fit=1600%2C826&ssl=1",1600,826,false]},"jetpack-related-posts":[],"jetpack_sharing_enabled":true,"jetpack_likes_enabled":true,"jetpack_shortlink":"https:\/\/wp.me\/pf7pkt-15V","_links":{"self":[{"href":"https:\/\/masquenoticias.mx\/index.php\/wp-json\/wp\/v2\/posts\/4211","targetHints":{"allow":["GET"]}}],"collection":[{"href":"https:\/\/masquenoticias.mx\/index.php\/wp-json\/wp\/v2\/posts"}],"about":[{"href":"https:\/\/masquenoticias.mx\/index.php\/wp-json\/wp\/v2\/types\/post"}],"author":[{"embeddable":true,"href":"https:\/\/masquenoticias.mx\/index.php\/wp-json\/wp\/v2\/users\/2"}],"replies":[{"embeddable":true,"href":"https:\/\/masquenoticias.mx\/index.php\/wp-json\/wp\/v2\/comments?post=4211"}],"version-history":[{"count":0,"href":"https:\/\/masquenoticias.mx\/index.php\/wp-json\/wp\/v2\/posts\/4211\/revisions"}],"wp:featuredmedia":[{"embeddable":true,"href":"https:\/\/masquenoticias.mx\/index.php\/wp-json\/wp\/v2\/media\/4214"}],"wp:attachment":[{"href":"https:\/\/masquenoticias.mx\/index.php\/wp-json\/wp\/v2\/media?parent=4211"}],"wp:term":[{"taxonomy":"category","embeddable":true,"href":"https:\/\/masquenoticias.mx\/index.php\/wp-json\/wp\/v2\/categories?post=4211"},{"taxonomy":"post_tag","embeddable":true,"href":"https:\/\/masquenoticias.mx\/index.php\/wp-json\/wp\/v2\/tags?post=4211"}],"curies":[{"name":"wp","href":"https:\/\/api.w.org\/{rel}","templated":true}]}}