{"id":4171,"date":"2023-10-27T16:18:03","date_gmt":"2023-10-27T22:18:03","guid":{"rendered":"https:\/\/masquenoticias.mx\/?p=4171"},"modified":"2023-10-27T16:18:03","modified_gmt":"2023-10-27T22:18:03","slug":"comala-es-uno-de-los-mejores-y-mas-hermosos-atractivos-turisticos-en-colima","status":"publish","type":"post","link":"https:\/\/masquenoticias.mx\/index.php\/2023\/10\/27\/comala-es-uno-de-los-mejores-y-mas-hermosos-atractivos-turisticos-en-colima\/","title":{"rendered":"Comala es uno de los mejores y m\u00e1s hermosos atractivos tur\u00edsticos en Colima"},"content":{"rendered":"<p>Representantes de diversos giros y establecimientos de hospedaje, productores de mezcal, ponche, artesanos, restauranteros, encabezados por el presidente del Comit\u00e9 de Pueblos M\u00e1gicos, Rogelio F\u00e9lix Flores, se reunieron en Comala, identificado como el Pueblo Blanco de Am\u00e9rica y el Mejor Pueblo M\u00e1gico de M\u00e9xico, con el subsecretario de Turismo del Gobierno del Estado de Colima, Jorge Padilla Castillo, en la que se expusieron las acciones de promoci\u00f3n tur\u00edstica que realiza la administraci\u00f3n que encabeza la gobernadora Indira Vizca\u00edno Silva.<\/p>\n<p>El subsecretario de Turismo present\u00f3 detalladamente las acciones realizadas, entre las que destacan la presencia en diversos foros de promoci\u00f3n tur\u00edstica, como ocurri\u00f3 el mes de septiembre en el Tianguis Internacional de Pueblos M\u00e1gicos en Los \u00c1ngeles, California (EE.UU.) donde se atendieron m\u00e1s de 5 mil personas, a quienes se les entreg\u00f3 informaci\u00f3n y folleter\u00eda promocional sobre Comala y Manzanillo.<\/p>\n<p>Viajes de familiarizaci\u00f3n para medios nacionales y generadores de contenido, con recorridos por Comala, para que conozcan los atractivos no s\u00f3lo del pueblo sino de todo el municipio; a partir de estos recorridos se han generado m\u00e1s de cien notas period\u00edsticas sobre Comala como destino tur\u00edstico en medios nacionales como: Milenio, El Heraldo, M\u00e9xico desconocido, Chilango, Sin Embargo y SDP Noticias.<\/p>\n<p>Jorge Padilla destac\u00f3 la inversi\u00f3n en la generaci\u00f3n de publicidad impresa como tr\u00edpticos, mapas y folletos, adem\u00e1s de campa\u00f1as digitales en cuentas oficiales y redes sociales de Turismo Colima; s\u00f3lo en el lapso de julio a octubre del presente a\u00f1o, han llegado a medio mill\u00f3n de personas de Aguascalientes, Ciudad de M\u00e9xico y Estado de M\u00e9xico; y por supuesto de los estados vecinos de Jalisco y Michoac\u00e1n.<\/p>\n<p>Los representantes reconocieron y agradecieron la promoci\u00f3n tur\u00edstica que el Gobierno del estado de Colima hace de Comala, a trav\u00e9s de la Subsecretar\u00eda de Turismo y expresaron el inter\u00e9s de participar en foros en los que Colima tenga presencia, llevando sus productos y servicios a eventos como el Tianguis Internacional de Pueblos M\u00e1gicos que se realizar\u00e1 en noviembre en Pachuca Hidalgo, para el cual la Subsecretar\u00eda de Turismo ya hizo una importante inversi\u00f3n para contar con un m\u00f3dulo de Comala.<\/p>\n<p>Omar Gonz\u00e1lez del hotel \u2018Los Suspiros\u2019, declar\u00f3 que es fabuloso el trabajo promocional y los esfuerzos que se est\u00e1n dando por parte de la actual administraci\u00f3n que encabeza Indira Vizca\u00edno para promover a Comala como destino tur\u00edstico. En esta reuni\u00f3n particip\u00f3 regidor del Cabildo de Comala, \u00c1lvaro Lozano, quien fue el promotor de este encuentro.<\/p>\n<div class=\"tiled-gallery type-rectangular tiled-gallery-unresized\" data-original-width=\"640\" data-carousel-extra='null' itemscope itemtype=\"http:\/\/schema.org\/ImageGallery\" > <div class=\"gallery-row\" style=\"width: 640px; height: 315px;\" data-original-width=\"640\" data-original-height=\"315\" > <div class=\"gallery-group images-1\" style=\"width: 419px; height: 315px;\" data-original-width=\"419\" data-original-height=\"315\" > <div class=\"tiled-gallery-item tiled-gallery-item-large\" itemprop=\"associatedMedia\" itemscope itemtype=\"http:\/\/schema.org\/ImageObject\"> <a href=\"https:\/\/masquenoticias.mx\/index.php\/2023\/10\/27\/comala-es-uno-de-los-mejores-y-mas-hermosos-atractivos-turisticos-en-colima\/f2700a41-f9e3-4a0e-a501-58d1f9d57887\/\" border=\"0\" itemprop=\"url\"> <meta itemprop=\"width\" content=\"415\"> <meta itemprop=\"height\" content=\"311\"> <img loading=\"lazy\" decoding=\"async\" class=\"\" data-attachment-id=\"4176\" data-orig-file=\"https:\/\/masquenoticias.mx\/wp-content\/uploads\/2023\/10\/f2700a41-f9e3-4a0e-a501-58d1f9d57887.jpg\" data-orig-size=\"800,600\" data-comments-opened=\"1\" data-image-meta=\"{&quot;aperture&quot;:&quot;0&quot;,&quot;credit&quot;:&quot;&quot;,&quot;camera&quot;:&quot;&quot;,&quot;caption&quot;:&quot;&quot;,&quot;created_timestamp&quot;:&quot;0&quot;,&quot;copyright&quot;:&quot;&quot;,&quot;focal_length&quot;:&quot;0&quot;,&quot;iso&quot;:&quot;0&quot;,&quot;shutter_speed&quot;:&quot;0&quot;,&quot;title&quot;:&quot;&quot;,&quot;orientation&quot;:&quot;0&quot;}\" data-image-title=\"f2700a41-f9e3-4a0e-a501-58d1f9d57887\" data-image-description=\"\" data-medium-file=\"https:\/\/i0.wp.com\/masquenoticias.mx\/wp-content\/uploads\/2023\/10\/f2700a41-f9e3-4a0e-a501-58d1f9d57887.jpg?fit=300%2C225&#038;ssl=1\" data-large-file=\"https:\/\/i0.wp.com\/masquenoticias.mx\/wp-content\/uploads\/2023\/10\/f2700a41-f9e3-4a0e-a501-58d1f9d57887.jpg?fit=640%2C480&#038;ssl=1\" src=\"https:\/\/i0.wp.com\/masquenoticias.mx\/wp-content\/uploads\/2023\/10\/f2700a41-f9e3-4a0e-a501-58d1f9d57887.jpg?w=415&#038;h=311&#038;ssl=1\" srcset=\"https:\/\/i0.wp.com\/masquenoticias.mx\/wp-content\/uploads\/2023\/10\/f2700a41-f9e3-4a0e-a501-58d1f9d57887.jpg?w=800&amp;ssl=1 800w, https:\/\/i0.wp.com\/masquenoticias.mx\/wp-content\/uploads\/2023\/10\/f2700a41-f9e3-4a0e-a501-58d1f9d57887.jpg?resize=300%2C225&amp;ssl=1 300w, https:\/\/i0.wp.com\/masquenoticias.mx\/wp-content\/uploads\/2023\/10\/f2700a41-f9e3-4a0e-a501-58d1f9d57887.jpg?resize=768%2C576&amp;ssl=1 768w, https:\/\/i0.wp.com\/masquenoticias.mx\/wp-content\/uploads\/2023\/10\/f2700a41-f9e3-4a0e-a501-58d1f9d57887.jpg?resize=136%2C102&amp;ssl=1 136w\" width=\"415\" height=\"311\" loading=\"lazy\" data-original-width=\"415\" data-original-height=\"311\" itemprop=\"http:\/\/schema.org\/image\" title=\"f2700a41-f9e3-4a0e-a501-58d1f9d57887\" alt=\"f2700a41-f9e3-4a0e-a501-58d1f9d57887\" style=\"width: 415px; height: 311px;\" \/> <\/a> <\/div> <\/div> <!-- close group --> <div class=\"gallery-group images-2\" style=\"width: 221px; height: 315px;\" data-original-width=\"221\" data-original-height=\"315\" > <div class=\"tiled-gallery-item tiled-gallery-item-small\" itemprop=\"associatedMedia\" itemscope itemtype=\"http:\/\/schema.org\/ImageObject\"> <a href=\"https:\/\/masquenoticias.mx\/index.php\/2023\/10\/27\/comala-es-uno-de-los-mejores-y-mas-hermosos-atractivos-turisticos-en-colima\/f31bf2bd-30ef-4e7a-8db0-e89589293e61\/\" border=\"0\" itemprop=\"url\"> <meta itemprop=\"width\" content=\"217\"> <meta itemprop=\"height\" content=\"162\"> <img loading=\"lazy\" decoding=\"async\" class=\"\" data-attachment-id=\"4175\" data-orig-file=\"https:\/\/masquenoticias.mx\/wp-content\/uploads\/2023\/10\/f31bf2bd-30ef-4e7a-8db0-e89589293e61-jpg.webp\" data-orig-size=\"1280,960\" data-comments-opened=\"1\" data-image-meta=\"{&quot;aperture&quot;:&quot;0&quot;,&quot;credit&quot;:&quot;&quot;,&quot;camera&quot;:&quot;&quot;,&quot;caption&quot;:&quot;&quot;,&quot;created_timestamp&quot;:&quot;0&quot;,&quot;copyright&quot;:&quot;&quot;,&quot;focal_length&quot;:&quot;0&quot;,&quot;iso&quot;:&quot;0&quot;,&quot;shutter_speed&quot;:&quot;0&quot;,&quot;title&quot;:&quot;&quot;,&quot;orientation&quot;:&quot;0&quot;}\" data-image-title=\"f31bf2bd-30ef-4e7a-8db0-e89589293e61\" data-image-description=\"\" data-medium-file=\"https:\/\/i0.wp.com\/masquenoticias.mx\/wp-content\/uploads\/2023\/10\/f31bf2bd-30ef-4e7a-8db0-e89589293e61-jpg.webp?fit=300%2C225&#038;ssl=1\" data-large-file=\"https:\/\/i0.wp.com\/masquenoticias.mx\/wp-content\/uploads\/2023\/10\/f31bf2bd-30ef-4e7a-8db0-e89589293e61-jpg.webp?fit=640%2C480&#038;ssl=1\" src=\"https:\/\/i0.wp.com\/masquenoticias.mx\/wp-content\/uploads\/2023\/10\/f31bf2bd-30ef-4e7a-8db0-e89589293e61-jpg.webp?w=217&#038;h=162&#038;ssl=1\" srcset=\"https:\/\/i0.wp.com\/masquenoticias.mx\/wp-content\/uploads\/2023\/10\/f31bf2bd-30ef-4e7a-8db0-e89589293e61-jpg.webp?w=1280&amp;ssl=1 1280w, https:\/\/i0.wp.com\/masquenoticias.mx\/wp-content\/uploads\/2023\/10\/f31bf2bd-30ef-4e7a-8db0-e89589293e61-jpg.webp?resize=300%2C225&amp;ssl=1 300w, https:\/\/i0.wp.com\/masquenoticias.mx\/wp-content\/uploads\/2023\/10\/f31bf2bd-30ef-4e7a-8db0-e89589293e61-jpg.webp?resize=1024%2C768&amp;ssl=1 1024w, https:\/\/i0.wp.com\/masquenoticias.mx\/wp-content\/uploads\/2023\/10\/f31bf2bd-30ef-4e7a-8db0-e89589293e61-jpg.webp?resize=768%2C576&amp;ssl=1 768w, https:\/\/i0.wp.com\/masquenoticias.mx\/wp-content\/uploads\/2023\/10\/f31bf2bd-30ef-4e7a-8db0-e89589293e61-jpg.webp?resize=136%2C102&amp;ssl=1 136w\" width=\"217\" height=\"162\" loading=\"lazy\" data-original-width=\"217\" data-original-height=\"162\" itemprop=\"http:\/\/schema.org\/image\" title=\"f31bf2bd-30ef-4e7a-8db0-e89589293e61\" alt=\"f31bf2bd-30ef-4e7a-8db0-e89589293e61\" style=\"width: 217px; height: 162px;\" \/> <\/a> <\/div> <div class=\"tiled-gallery-item tiled-gallery-item-small\" itemprop=\"associatedMedia\" itemscope itemtype=\"http:\/\/schema.org\/ImageObject\"> <a href=\"https:\/\/masquenoticias.mx\/index.php\/2023\/10\/27\/comala-es-uno-de-los-mejores-y-mas-hermosos-atractivos-turisticos-en-colima\/9d895f8b-b42b-42b7-b7dd-4296b0165b57\/\" border=\"0\" itemprop=\"url\"> <meta itemprop=\"width\" content=\"217\"> <meta itemprop=\"height\" content=\"145\"> <img loading=\"lazy\" decoding=\"async\" class=\"\" data-attachment-id=\"4173\" data-orig-file=\"https:\/\/masquenoticias.mx\/wp-content\/uploads\/2023\/10\/9d895f8b-b42b-42b7-b7dd-4296b0165b57.jpg\" data-orig-size=\"1280,854\" data-comments-opened=\"1\" data-image-meta=\"{&quot;aperture&quot;:&quot;0&quot;,&quot;credit&quot;:&quot;&quot;,&quot;camera&quot;:&quot;&quot;,&quot;caption&quot;:&quot;&quot;,&quot;created_timestamp&quot;:&quot;0&quot;,&quot;copyright&quot;:&quot;&quot;,&quot;focal_length&quot;:&quot;0&quot;,&quot;iso&quot;:&quot;0&quot;,&quot;shutter_speed&quot;:&quot;0&quot;,&quot;title&quot;:&quot;&quot;,&quot;orientation&quot;:&quot;0&quot;}\" data-image-title=\"9d895f8b-b42b-42b7-b7dd-4296b0165b57\" data-image-description=\"\" data-medium-file=\"https:\/\/i0.wp.com\/masquenoticias.mx\/wp-content\/uploads\/2023\/10\/9d895f8b-b42b-42b7-b7dd-4296b0165b57.jpg?fit=300%2C200&#038;ssl=1\" data-large-file=\"https:\/\/i0.wp.com\/masquenoticias.mx\/wp-content\/uploads\/2023\/10\/9d895f8b-b42b-42b7-b7dd-4296b0165b57.jpg?fit=640%2C427&#038;ssl=1\" src=\"https:\/\/i0.wp.com\/masquenoticias.mx\/wp-content\/uploads\/2023\/10\/9d895f8b-b42b-42b7-b7dd-4296b0165b57.jpg?w=217&#038;h=145&#038;ssl=1\" srcset=\"https:\/\/i0.wp.com\/masquenoticias.mx\/wp-content\/uploads\/2023\/10\/9d895f8b-b42b-42b7-b7dd-4296b0165b57.jpg?w=1280&amp;ssl=1 1280w, https:\/\/i0.wp.com\/masquenoticias.mx\/wp-content\/uploads\/2023\/10\/9d895f8b-b42b-42b7-b7dd-4296b0165b57.jpg?resize=300%2C200&amp;ssl=1 300w, https:\/\/i0.wp.com\/masquenoticias.mx\/wp-content\/uploads\/2023\/10\/9d895f8b-b42b-42b7-b7dd-4296b0165b57.jpg?resize=1024%2C683&amp;ssl=1 1024w, https:\/\/i0.wp.com\/masquenoticias.mx\/wp-content\/uploads\/2023\/10\/9d895f8b-b42b-42b7-b7dd-4296b0165b57.jpg?resize=768%2C512&amp;ssl=1 768w\" width=\"217\" height=\"145\" loading=\"lazy\" data-original-width=\"217\" data-original-height=\"145\" itemprop=\"http:\/\/schema.org\/image\" title=\"9d895f8b-b42b-42b7-b7dd-4296b0165b57\" alt=\"9d895f8b-b42b-42b7-b7dd-4296b0165b57\" style=\"width: 217px; height: 145px;\" \/> <\/a> <\/div> <\/div> <!-- close group --> <\/div> <!-- close row --> <div class=\"gallery-row\" style=\"width: 640px; height: 428px;\" data-original-width=\"640\" data-original-height=\"428\" > <div class=\"gallery-group images-1\" style=\"width: 640px; height: 428px;\" data-original-width=\"640\" data-original-height=\"428\" > <div class=\"tiled-gallery-item tiled-gallery-item-large\" itemprop=\"associatedMedia\" itemscope itemtype=\"http:\/\/schema.org\/ImageObject\"> <a href=\"https:\/\/masquenoticias.mx\/index.php\/2023\/10\/27\/comala-es-uno-de-los-mejores-y-mas-hermosos-atractivos-turisticos-en-colima\/1f44a96c-79cb-43bf-8a43-08e258824004\/\" border=\"0\" itemprop=\"url\"> <meta itemprop=\"width\" content=\"636\"> <meta itemprop=\"height\" content=\"424\"> <img loading=\"lazy\" decoding=\"async\" class=\"\" data-attachment-id=\"4172\" data-orig-file=\"https:\/\/masquenoticias.mx\/wp-content\/uploads\/2023\/10\/1f44a96c-79cb-43bf-8a43-08e258824004-jpg.webp\" data-orig-size=\"1280,854\" data-comments-opened=\"1\" data-image-meta=\"{&quot;aperture&quot;:&quot;0&quot;,&quot;credit&quot;:&quot;&quot;,&quot;camera&quot;:&quot;&quot;,&quot;caption&quot;:&quot;&quot;,&quot;created_timestamp&quot;:&quot;0&quot;,&quot;copyright&quot;:&quot;&quot;,&quot;focal_length&quot;:&quot;0&quot;,&quot;iso&quot;:&quot;0&quot;,&quot;shutter_speed&quot;:&quot;0&quot;,&quot;title&quot;:&quot;&quot;,&quot;orientation&quot;:&quot;0&quot;}\" data-image-title=\"1f44a96c-79cb-43bf-8a43-08e258824004\" data-image-description=\"\" data-medium-file=\"https:\/\/i0.wp.com\/masquenoticias.mx\/wp-content\/uploads\/2023\/10\/1f44a96c-79cb-43bf-8a43-08e258824004-jpg.webp?fit=300%2C200&#038;ssl=1\" data-large-file=\"https:\/\/i0.wp.com\/masquenoticias.mx\/wp-content\/uploads\/2023\/10\/1f44a96c-79cb-43bf-8a43-08e258824004-jpg.webp?fit=640%2C427&#038;ssl=1\" src=\"https:\/\/i0.wp.com\/masquenoticias.mx\/wp-content\/uploads\/2023\/10\/1f44a96c-79cb-43bf-8a43-08e258824004-jpg.webp?w=636&#038;h=424&#038;ssl=1\" srcset=\"https:\/\/i0.wp.com\/masquenoticias.mx\/wp-content\/uploads\/2023\/10\/1f44a96c-79cb-43bf-8a43-08e258824004-jpg.webp?w=1280&amp;ssl=1 1280w, https:\/\/i0.wp.com\/masquenoticias.mx\/wp-content\/uploads\/2023\/10\/1f44a96c-79cb-43bf-8a43-08e258824004-jpg.webp?resize=300%2C200&amp;ssl=1 300w, https:\/\/i0.wp.com\/masquenoticias.mx\/wp-content\/uploads\/2023\/10\/1f44a96c-79cb-43bf-8a43-08e258824004-jpg.webp?resize=1024%2C683&amp;ssl=1 1024w, https:\/\/i0.wp.com\/masquenoticias.mx\/wp-content\/uploads\/2023\/10\/1f44a96c-79cb-43bf-8a43-08e258824004-jpg.webp?resize=768%2C512&amp;ssl=1 768w\" width=\"636\" height=\"424\" loading=\"lazy\" data-original-width=\"636\" data-original-height=\"424\" itemprop=\"http:\/\/schema.org\/image\" title=\"1f44a96c-79cb-43bf-8a43-08e258824004\" alt=\"1f44a96c-79cb-43bf-8a43-08e258824004\" style=\"width: 636px; height: 424px;\" \/> <\/a> <\/div> <\/div> <!-- close group --> <\/div> <!-- close row --> <\/div>\n","protected":false},"excerpt":{"rendered":"<p>Representantes de diversos giros y establecimientos de hospedaje, productores de mezcal, ponche, artesanos, restauranteros, encabezados por el presidente del Comit\u00e9 de Pueblos M\u00e1gicos, Rogelio F\u00e9lix Flores, se reunieron en Comala, identificado como el Pueblo Blanco de Am\u00e9rica y el Mejor Pueblo M\u00e1gico de M\u00e9xico, con el subsecretario de Turismo del Gobierno del Estado de Colima, [&hellip;]<\/p>\n","protected":false},"author":2,"featured_media":4174,"comment_status":"open","ping_status":"open","sticky":false,"template":"","format":"standard","meta":{"_jetpack_memberships_contains_paid_content":false,"footnotes":""},"categories":[24],"tags":[210,96],"class_list":["post-4171","post","type-post","status-publish","format-standard","has-post-thumbnail","hentry","category-estado","tag-comala","tag-turismo"],"yoast_head":"<!-- This site is optimized with the Yoast SEO plugin v26.6 - https:\/\/yoast.com\/wordpress\/plugins\/seo\/ -->\n<title>Comala es uno de los mejores y m\u00e1s hermosos atractivos tur\u00edsticos en Colima - M\u00e1s Que Noticias<\/title>\n<meta name=\"robots\" content=\"index, follow, max-snippet:-1, max-image-preview:large, max-video-preview:-1\" \/>\n<link rel=\"canonical\" href=\"https:\/\/masquenoticias.mx\/index.php\/2023\/10\/27\/comala-es-uno-de-los-mejores-y-mas-hermosos-atractivos-turisticos-en-colima\/\" \/>\n<meta property=\"og:locale\" content=\"es_MX\" \/>\n<meta property=\"og:type\" content=\"article\" \/>\n<meta property=\"og:title\" content=\"Comala es uno de los mejores y m\u00e1s hermosos atractivos tur\u00edsticos en Colima - M\u00e1s Que Noticias\" \/>\n<meta property=\"og:description\" content=\"Representantes de diversos giros y establecimientos de hospedaje, productores de mezcal, ponche, artesanos, restauranteros, encabezados por el presidente del Comit\u00e9 de Pueblos M\u00e1gicos, Rogelio F\u00e9lix Flores, se reunieron en Comala, identificado como el Pueblo Blanco de Am\u00e9rica y el Mejor Pueblo M\u00e1gico de M\u00e9xico, con el subsecretario de Turismo del Gobierno del Estado de Colima, [&hellip;]\" \/>\n<meta property=\"og:url\" content=\"https:\/\/masquenoticias.mx\/index.php\/2023\/10\/27\/comala-es-uno-de-los-mejores-y-mas-hermosos-atractivos-turisticos-en-colima\/\" \/>\n<meta property=\"og:site_name\" content=\"M\u00e1s Que Noticias\" \/>\n<meta property=\"article:publisher\" content=\"https:\/\/www.facebook.com\/masquenoticiascolima\" \/>\n<meta property=\"article:published_time\" content=\"2023-10-27T22:18:03+00:00\" \/>\n<meta property=\"og:image\" content=\"https:\/\/i0.wp.com\/masquenoticias.mx\/wp-content\/uploads\/2023\/10\/3575cd04-f1b3-413b-a853-7c8efedd7e56-jpg.webp?fit=1280%2C854&ssl=1\" \/>\n\t<meta property=\"og:image:width\" content=\"1280\" \/>\n\t<meta property=\"og:image:height\" content=\"854\" \/>\n\t<meta property=\"og:image:type\" content=\"image\/jpeg\" \/>\n<meta name=\"author\" content=\"Redacci\u00f3n\" \/>\n<meta name=\"twitter:card\" content=\"summary_large_image\" \/>\n<meta name=\"twitter:creator\" content=\"@edgartove\" \/>\n<meta name=\"twitter:site\" content=\"@edgartove\" \/>\n<meta name=\"twitter:label1\" content=\"Escrito por\" \/>\n\t<meta name=\"twitter:data1\" content=\"Redacci\u00f3n\" \/>\n\t<meta name=\"twitter:label2\" content=\"Tiempo de lectura\" \/>\n\t<meta name=\"twitter:data2\" content=\"2 minutos\" \/>\n<script type=\"application\/ld+json\" class=\"yoast-schema-graph\">{\"@context\":\"https:\/\/schema.org\",\"@graph\":[{\"@type\":\"Article\",\"@id\":\"https:\/\/masquenoticias.mx\/index.php\/2023\/10\/27\/comala-es-uno-de-los-mejores-y-mas-hermosos-atractivos-turisticos-en-colima\/#article\",\"isPartOf\":{\"@id\":\"https:\/\/masquenoticias.mx\/index.php\/2023\/10\/27\/comala-es-uno-de-los-mejores-y-mas-hermosos-atractivos-turisticos-en-colima\/\"},\"author\":{\"name\":\"Redacci\u00f3n\",\"@id\":\"https:\/\/masquenoticias.mx\/#\/schema\/person\/6229637729ad377d24e2154e3b30720b\"},\"headline\":\"Comala es uno de los mejores y m\u00e1s hermosos atractivos tur\u00edsticos en Colima\",\"datePublished\":\"2023-10-27T22:18:03+00:00\",\"mainEntityOfPage\":{\"@id\":\"https:\/\/masquenoticias.mx\/index.php\/2023\/10\/27\/comala-es-uno-de-los-mejores-y-mas-hermosos-atractivos-turisticos-en-colima\/\"},\"wordCount\":470,\"commentCount\":0,\"publisher\":{\"@id\":\"https:\/\/masquenoticias.mx\/#organization\"},\"image\":{\"@id\":\"https:\/\/masquenoticias.mx\/index.php\/2023\/10\/27\/comala-es-uno-de-los-mejores-y-mas-hermosos-atractivos-turisticos-en-colima\/#primaryimage\"},\"thumbnailUrl\":\"https:\/\/i0.wp.com\/masquenoticias.mx\/wp-content\/uploads\/2023\/10\/3575cd04-f1b3-413b-a853-7c8efedd7e56-jpg.webp?fit=1280%2C854&ssl=1\",\"keywords\":[\"Comala\",\"Turismo\"],\"articleSection\":[\"Estado\"],\"inLanguage\":\"es\",\"potentialAction\":[{\"@type\":\"CommentAction\",\"name\":\"Comment\",\"target\":[\"https:\/\/masquenoticias.mx\/index.php\/2023\/10\/27\/comala-es-uno-de-los-mejores-y-mas-hermosos-atractivos-turisticos-en-colima\/#respond\"]}]},{\"@type\":\"WebPage\",\"@id\":\"https:\/\/masquenoticias.mx\/index.php\/2023\/10\/27\/comala-es-uno-de-los-mejores-y-mas-hermosos-atractivos-turisticos-en-colima\/\",\"url\":\"https:\/\/masquenoticias.mx\/index.php\/2023\/10\/27\/comala-es-uno-de-los-mejores-y-mas-hermosos-atractivos-turisticos-en-colima\/\",\"name\":\"Comala es uno de los mejores y m\u00e1s hermosos atractivos tur\u00edsticos en Colima - M\u00e1s Que Noticias\",\"isPartOf\":{\"@id\":\"https:\/\/masquenoticias.mx\/#website\"},\"primaryImageOfPage\":{\"@id\":\"https:\/\/masquenoticias.mx\/index.php\/2023\/10\/27\/comala-es-uno-de-los-mejores-y-mas-hermosos-atractivos-turisticos-en-colima\/#primaryimage\"},\"image\":{\"@id\":\"https:\/\/masquenoticias.mx\/index.php\/2023\/10\/27\/comala-es-uno-de-los-mejores-y-mas-hermosos-atractivos-turisticos-en-colima\/#primaryimage\"},\"thumbnailUrl\":\"https:\/\/i0.wp.com\/masquenoticias.mx\/wp-content\/uploads\/2023\/10\/3575cd04-f1b3-413b-a853-7c8efedd7e56-jpg.webp?fit=1280%2C854&ssl=1\",\"datePublished\":\"2023-10-27T22:18:03+00:00\",\"breadcrumb\":{\"@id\":\"https:\/\/masquenoticias.mx\/index.php\/2023\/10\/27\/comala-es-uno-de-los-mejores-y-mas-hermosos-atractivos-turisticos-en-colima\/#breadcrumb\"},\"inLanguage\":\"es\",\"potentialAction\":[{\"@type\":\"ReadAction\",\"target\":[\"https:\/\/masquenoticias.mx\/index.php\/2023\/10\/27\/comala-es-uno-de-los-mejores-y-mas-hermosos-atractivos-turisticos-en-colima\/\"]}]},{\"@type\":\"ImageObject\",\"inLanguage\":\"es\",\"@id\":\"https:\/\/masquenoticias.mx\/index.php\/2023\/10\/27\/comala-es-uno-de-los-mejores-y-mas-hermosos-atractivos-turisticos-en-colima\/#primaryimage\",\"url\":\"https:\/\/i0.wp.com\/masquenoticias.mx\/wp-content\/uploads\/2023\/10\/3575cd04-f1b3-413b-a853-7c8efedd7e56-jpg.webp?fit=1280%2C854&ssl=1\",\"contentUrl\":\"https:\/\/i0.wp.com\/masquenoticias.mx\/wp-content\/uploads\/2023\/10\/3575cd04-f1b3-413b-a853-7c8efedd7e56-jpg.webp?fit=1280%2C854&ssl=1\",\"width\":1280,\"height\":854},{\"@type\":\"BreadcrumbList\",\"@id\":\"https:\/\/masquenoticias.mx\/index.php\/2023\/10\/27\/comala-es-uno-de-los-mejores-y-mas-hermosos-atractivos-turisticos-en-colima\/#breadcrumb\",\"itemListElement\":[{\"@type\":\"ListItem\",\"position\":1,\"name\":\"Inicio\",\"item\":\"https:\/\/masquenoticias.mx\/\"},{\"@type\":\"ListItem\",\"position\":2,\"name\":\"Comala es uno de los mejores y m\u00e1s hermosos atractivos tur\u00edsticos en Colima\"}]},{\"@type\":\"WebSite\",\"@id\":\"https:\/\/masquenoticias.mx\/#website\",\"url\":\"https:\/\/masquenoticias.mx\/\",\"name\":\"M\u00e1s Que Noticias\",\"description\":\"Noticias de Colima, M\u00e9xico y el Mundo\",\"publisher\":{\"@id\":\"https:\/\/masquenoticias.mx\/#organization\"},\"potentialAction\":[{\"@type\":\"SearchAction\",\"target\":{\"@type\":\"EntryPoint\",\"urlTemplate\":\"https:\/\/masquenoticias.mx\/?s={search_term_string}\"},\"query-input\":{\"@type\":\"PropertyValueSpecification\",\"valueRequired\":true,\"valueName\":\"search_term_string\"}}],\"inLanguage\":\"es\"},{\"@type\":\"Organization\",\"@id\":\"https:\/\/masquenoticias.mx\/#organization\",\"name\":\"M\u00e1s Que Noticias\",\"url\":\"https:\/\/masquenoticias.mx\/\",\"logo\":{\"@type\":\"ImageObject\",\"inLanguage\":\"es\",\"@id\":\"https:\/\/masquenoticias.mx\/#\/schema\/logo\/image\/\",\"url\":\"https:\/\/i0.wp.com\/masquenoticias.mx\/wp-content\/uploads\/2024\/04\/IMG_0004.png?fit=2560%2C1656&ssl=1\",\"contentUrl\":\"https:\/\/i0.wp.com\/masquenoticias.mx\/wp-content\/uploads\/2024\/04\/IMG_0004.png?fit=2560%2C1656&ssl=1\",\"width\":2560,\"height\":1656,\"caption\":\"M\u00e1s Que Noticias\"},\"image\":{\"@id\":\"https:\/\/masquenoticias.mx\/#\/schema\/logo\/image\/\"},\"sameAs\":[\"https:\/\/www.facebook.com\/masquenoticiascolima\",\"https:\/\/x.com\/edgartove\",\"https:\/\/www.instagram.com\/masquenoticiascolima\/\"]},{\"@type\":\"Person\",\"@id\":\"https:\/\/masquenoticias.mx\/#\/schema\/person\/6229637729ad377d24e2154e3b30720b\",\"name\":\"Redacci\u00f3n\",\"image\":{\"@type\":\"ImageObject\",\"inLanguage\":\"es\",\"@id\":\"https:\/\/masquenoticias.mx\/#\/schema\/person\/image\/\",\"url\":\"https:\/\/secure.gravatar.com\/avatar\/73899f6b3a3034eb6f719669835ca3a4?s=96&d=mm&r=g\",\"contentUrl\":\"https:\/\/secure.gravatar.com\/avatar\/73899f6b3a3034eb6f719669835ca3a4?s=96&d=mm&r=g\",\"caption\":\"Redacci\u00f3n\"},\"url\":\"https:\/\/masquenoticias.mx\/index.php\/author\/bunburytorresgmail-com\/\"}]}<\/script>\n<!-- \/ Yoast SEO plugin. -->","yoast_head_json":{"title":"Comala es uno de los mejores y m\u00e1s hermosos atractivos tur\u00edsticos en Colima - M\u00e1s Que Noticias","robots":{"index":"index","follow":"follow","max-snippet":"max-snippet:-1","max-image-preview":"max-image-preview:large","max-video-preview":"max-video-preview:-1"},"canonical":"https:\/\/masquenoticias.mx\/index.php\/2023\/10\/27\/comala-es-uno-de-los-mejores-y-mas-hermosos-atractivos-turisticos-en-colima\/","og_locale":"es_MX","og_type":"article","og_title":"Comala es uno de los mejores y m\u00e1s hermosos atractivos tur\u00edsticos en Colima - M\u00e1s Que Noticias","og_description":"Representantes de diversos giros y establecimientos de hospedaje, productores de mezcal, ponche, artesanos, restauranteros, encabezados por el presidente del Comit\u00e9 de Pueblos M\u00e1gicos, Rogelio F\u00e9lix Flores, se reunieron en Comala, identificado como el Pueblo Blanco de Am\u00e9rica y el Mejor Pueblo M\u00e1gico de M\u00e9xico, con el subsecretario de Turismo del Gobierno del Estado de Colima, [&hellip;]","og_url":"https:\/\/masquenoticias.mx\/index.php\/2023\/10\/27\/comala-es-uno-de-los-mejores-y-mas-hermosos-atractivos-turisticos-en-colima\/","og_site_name":"M\u00e1s Que Noticias","article_publisher":"https:\/\/www.facebook.com\/masquenoticiascolima","article_published_time":"2023-10-27T22:18:03+00:00","og_image":[{"width":1280,"height":854,"url":"https:\/\/i0.wp.com\/masquenoticias.mx\/wp-content\/uploads\/2023\/10\/3575cd04-f1b3-413b-a853-7c8efedd7e56-jpg.webp?fit=1280%2C854&ssl=1","type":"image\/jpeg"}],"author":"Redacci\u00f3n","twitter_card":"summary_large_image","twitter_creator":"@edgartove","twitter_site":"@edgartove","twitter_misc":{"Escrito por":"Redacci\u00f3n","Tiempo de lectura":"2 minutos"},"schema":{"@context":"https:\/\/schema.org","@graph":[{"@type":"Article","@id":"https:\/\/masquenoticias.mx\/index.php\/2023\/10\/27\/comala-es-uno-de-los-mejores-y-mas-hermosos-atractivos-turisticos-en-colima\/#article","isPartOf":{"@id":"https:\/\/masquenoticias.mx\/index.php\/2023\/10\/27\/comala-es-uno-de-los-mejores-y-mas-hermosos-atractivos-turisticos-en-colima\/"},"author":{"name":"Redacci\u00f3n","@id":"https:\/\/masquenoticias.mx\/#\/schema\/person\/6229637729ad377d24e2154e3b30720b"},"headline":"Comala es uno de los mejores y m\u00e1s hermosos atractivos tur\u00edsticos en Colima","datePublished":"2023-10-27T22:18:03+00:00","mainEntityOfPage":{"@id":"https:\/\/masquenoticias.mx\/index.php\/2023\/10\/27\/comala-es-uno-de-los-mejores-y-mas-hermosos-atractivos-turisticos-en-colima\/"},"wordCount":470,"commentCount":0,"publisher":{"@id":"https:\/\/masquenoticias.mx\/#organization"},"image":{"@id":"https:\/\/masquenoticias.mx\/index.php\/2023\/10\/27\/comala-es-uno-de-los-mejores-y-mas-hermosos-atractivos-turisticos-en-colima\/#primaryimage"},"thumbnailUrl":"https:\/\/i0.wp.com\/masquenoticias.mx\/wp-content\/uploads\/2023\/10\/3575cd04-f1b3-413b-a853-7c8efedd7e56-jpg.webp?fit=1280%2C854&ssl=1","keywords":["Comala","Turismo"],"articleSection":["Estado"],"inLanguage":"es","potentialAction":[{"@type":"CommentAction","name":"Comment","target":["https:\/\/masquenoticias.mx\/index.php\/2023\/10\/27\/comala-es-uno-de-los-mejores-y-mas-hermosos-atractivos-turisticos-en-colima\/#respond"]}]},{"@type":"WebPage","@id":"https:\/\/masquenoticias.mx\/index.php\/2023\/10\/27\/comala-es-uno-de-los-mejores-y-mas-hermosos-atractivos-turisticos-en-colima\/","url":"https:\/\/masquenoticias.mx\/index.php\/2023\/10\/27\/comala-es-uno-de-los-mejores-y-mas-hermosos-atractivos-turisticos-en-colima\/","name":"Comala es uno de los mejores y m\u00e1s hermosos atractivos tur\u00edsticos en Colima - M\u00e1s Que Noticias","isPartOf":{"@id":"https:\/\/masquenoticias.mx\/#website"},"primaryImageOfPage":{"@id":"https:\/\/masquenoticias.mx\/index.php\/2023\/10\/27\/comala-es-uno-de-los-mejores-y-mas-hermosos-atractivos-turisticos-en-colima\/#primaryimage"},"image":{"@id":"https:\/\/masquenoticias.mx\/index.php\/2023\/10\/27\/comala-es-uno-de-los-mejores-y-mas-hermosos-atractivos-turisticos-en-colima\/#primaryimage"},"thumbnailUrl":"https:\/\/i0.wp.com\/masquenoticias.mx\/wp-content\/uploads\/2023\/10\/3575cd04-f1b3-413b-a853-7c8efedd7e56-jpg.webp?fit=1280%2C854&ssl=1","datePublished":"2023-10-27T22:18:03+00:00","breadcrumb":{"@id":"https:\/\/masquenoticias.mx\/index.php\/2023\/10\/27\/comala-es-uno-de-los-mejores-y-mas-hermosos-atractivos-turisticos-en-colima\/#breadcrumb"},"inLanguage":"es","potentialAction":[{"@type":"ReadAction","target":["https:\/\/masquenoticias.mx\/index.php\/2023\/10\/27\/comala-es-uno-de-los-mejores-y-mas-hermosos-atractivos-turisticos-en-colima\/"]}]},{"@type":"ImageObject","inLanguage":"es","@id":"https:\/\/masquenoticias.mx\/index.php\/2023\/10\/27\/comala-es-uno-de-los-mejores-y-mas-hermosos-atractivos-turisticos-en-colima\/#primaryimage","url":"https:\/\/i0.wp.com\/masquenoticias.mx\/wp-content\/uploads\/2023\/10\/3575cd04-f1b3-413b-a853-7c8efedd7e56-jpg.webp?fit=1280%2C854&ssl=1","contentUrl":"https:\/\/i0.wp.com\/masquenoticias.mx\/wp-content\/uploads\/2023\/10\/3575cd04-f1b3-413b-a853-7c8efedd7e56-jpg.webp?fit=1280%2C854&ssl=1","width":1280,"height":854},{"@type":"BreadcrumbList","@id":"https:\/\/masquenoticias.mx\/index.php\/2023\/10\/27\/comala-es-uno-de-los-mejores-y-mas-hermosos-atractivos-turisticos-en-colima\/#breadcrumb","itemListElement":[{"@type":"ListItem","position":1,"name":"Inicio","item":"https:\/\/masquenoticias.mx\/"},{"@type":"ListItem","position":2,"name":"Comala es uno de los mejores y m\u00e1s hermosos atractivos tur\u00edsticos en Colima"}]},{"@type":"WebSite","@id":"https:\/\/masquenoticias.mx\/#website","url":"https:\/\/masquenoticias.mx\/","name":"M\u00e1s Que Noticias","description":"Noticias de Colima, M\u00e9xico y el Mundo","publisher":{"@id":"https:\/\/masquenoticias.mx\/#organization"},"potentialAction":[{"@type":"SearchAction","target":{"@type":"EntryPoint","urlTemplate":"https:\/\/masquenoticias.mx\/?s={search_term_string}"},"query-input":{"@type":"PropertyValueSpecification","valueRequired":true,"valueName":"search_term_string"}}],"inLanguage":"es"},{"@type":"Organization","@id":"https:\/\/masquenoticias.mx\/#organization","name":"M\u00e1s Que Noticias","url":"https:\/\/masquenoticias.mx\/","logo":{"@type":"ImageObject","inLanguage":"es","@id":"https:\/\/masquenoticias.mx\/#\/schema\/logo\/image\/","url":"https:\/\/i0.wp.com\/masquenoticias.mx\/wp-content\/uploads\/2024\/04\/IMG_0004.png?fit=2560%2C1656&ssl=1","contentUrl":"https:\/\/i0.wp.com\/masquenoticias.mx\/wp-content\/uploads\/2024\/04\/IMG_0004.png?fit=2560%2C1656&ssl=1","width":2560,"height":1656,"caption":"M\u00e1s Que Noticias"},"image":{"@id":"https:\/\/masquenoticias.mx\/#\/schema\/logo\/image\/"},"sameAs":["https:\/\/www.facebook.com\/masquenoticiascolima","https:\/\/x.com\/edgartove","https:\/\/www.instagram.com\/masquenoticiascolima\/"]},{"@type":"Person","@id":"https:\/\/masquenoticias.mx\/#\/schema\/person\/6229637729ad377d24e2154e3b30720b","name":"Redacci\u00f3n","image":{"@type":"ImageObject","inLanguage":"es","@id":"https:\/\/masquenoticias.mx\/#\/schema\/person\/image\/","url":"https:\/\/secure.gravatar.com\/avatar\/73899f6b3a3034eb6f719669835ca3a4?s=96&d=mm&r=g","contentUrl":"https:\/\/secure.gravatar.com\/avatar\/73899f6b3a3034eb6f719669835ca3a4?s=96&d=mm&r=g","caption":"Redacci\u00f3n"},"url":"https:\/\/masquenoticias.mx\/index.php\/author\/bunburytorresgmail-com\/"}]}},"jetpack_featured_media_url":"https:\/\/i0.wp.com\/masquenoticias.mx\/wp-content\/uploads\/2023\/10\/3575cd04-f1b3-413b-a853-7c8efedd7e56-jpg.webp?fit=1280%2C854&ssl=1","blog_post_layout_featured_media_urls":{"thumbnail":["https:\/\/i0.wp.com\/masquenoticias.mx\/wp-content\/uploads\/2023\/10\/3575cd04-f1b3-413b-a853-7c8efedd7e56-jpg.webp?resize=150%2C150&ssl=1",150,150,true],"full":["https:\/\/i0.wp.com\/masquenoticias.mx\/wp-content\/uploads\/2023\/10\/3575cd04-f1b3-413b-a853-7c8efedd7e56-jpg.webp?fit=1280%2C854&ssl=1",1280,854,false]},"categories_names":{"24":{"name":"Estado","link":"https:\/\/masquenoticias.mx\/index.php\/category\/estado\/"}},"tags_names":{"210":{"name":"Comala","link":"https:\/\/masquenoticias.mx\/index.php\/tag\/comala\/"},"96":{"name":"Turismo","link":"https:\/\/masquenoticias.mx\/index.php\/tag\/turismo\/"}},"comments_number":"0","wpmagazine_modules_lite_featured_media_urls":{"thumbnail":["https:\/\/i0.wp.com\/masquenoticias.mx\/wp-content\/uploads\/2023\/10\/3575cd04-f1b3-413b-a853-7c8efedd7e56-jpg.webp?resize=150%2C150&ssl=1",150,150,true],"cvmm-medium":["https:\/\/i0.wp.com\/masquenoticias.mx\/wp-content\/uploads\/2023\/10\/3575cd04-f1b3-413b-a853-7c8efedd7e56-jpg.webp?resize=300%2C300&ssl=1",300,300,true],"cvmm-medium-plus":["https:\/\/i0.wp.com\/masquenoticias.mx\/wp-content\/uploads\/2023\/10\/3575cd04-f1b3-413b-a853-7c8efedd7e56-jpg.webp?resize=305%2C207&ssl=1",305,207,true],"cvmm-portrait":["https:\/\/i0.wp.com\/masquenoticias.mx\/wp-content\/uploads\/2023\/10\/3575cd04-f1b3-413b-a853-7c8efedd7e56-jpg.webp?resize=400%2C600&ssl=1",400,600,true],"cvmm-medium-square":["https:\/\/i0.wp.com\/masquenoticias.mx\/wp-content\/uploads\/2023\/10\/3575cd04-f1b3-413b-a853-7c8efedd7e56-jpg.webp?resize=600%2C600&ssl=1",600,600,true],"cvmm-large":["https:\/\/i0.wp.com\/masquenoticias.mx\/wp-content\/uploads\/2023\/10\/3575cd04-f1b3-413b-a853-7c8efedd7e56-jpg.webp?resize=1024%2C854&ssl=1",1024,854,true],"cvmm-small":["https:\/\/i0.wp.com\/masquenoticias.mx\/wp-content\/uploads\/2023\/10\/3575cd04-f1b3-413b-a853-7c8efedd7e56-jpg.webp?resize=130%2C95&ssl=1",130,95,true],"full":["https:\/\/i0.wp.com\/masquenoticias.mx\/wp-content\/uploads\/2023\/10\/3575cd04-f1b3-413b-a853-7c8efedd7e56-jpg.webp?fit=1280%2C854&ssl=1",1280,854,false]},"jetpack-related-posts":[],"jetpack_sharing_enabled":true,"jetpack_likes_enabled":true,"jetpack_shortlink":"https:\/\/wp.me\/pf7pkt-15h","_links":{"self":[{"href":"https:\/\/masquenoticias.mx\/index.php\/wp-json\/wp\/v2\/posts\/4171","targetHints":{"allow":["GET"]}}],"collection":[{"href":"https:\/\/masquenoticias.mx\/index.php\/wp-json\/wp\/v2\/posts"}],"about":[{"href":"https:\/\/masquenoticias.mx\/index.php\/wp-json\/wp\/v2\/types\/post"}],"author":[{"embeddable":true,"href":"https:\/\/masquenoticias.mx\/index.php\/wp-json\/wp\/v2\/users\/2"}],"replies":[{"embeddable":true,"href":"https:\/\/masquenoticias.mx\/index.php\/wp-json\/wp\/v2\/comments?post=4171"}],"version-history":[{"count":0,"href":"https:\/\/masquenoticias.mx\/index.php\/wp-json\/wp\/v2\/posts\/4171\/revisions"}],"wp:featuredmedia":[{"embeddable":true,"href":"https:\/\/masquenoticias.mx\/index.php\/wp-json\/wp\/v2\/media\/4174"}],"wp:attachment":[{"href":"https:\/\/masquenoticias.mx\/index.php\/wp-json\/wp\/v2\/media?parent=4171"}],"wp:term":[{"taxonomy":"category","embeddable":true,"href":"https:\/\/masquenoticias.mx\/index.php\/wp-json\/wp\/v2\/categories?post=4171"},{"taxonomy":"post_tag","embeddable":true,"href":"https:\/\/masquenoticias.mx\/index.php\/wp-json\/wp\/v2\/tags?post=4171"}],"curies":[{"name":"wp","href":"https:\/\/api.w.org\/{rel}","templated":true}]}}