{"id":3978,"date":"2023-10-24T15:59:07","date_gmt":"2023-10-24T21:59:07","guid":{"rendered":"https:\/\/masquenoticias.mx\/?p=3978"},"modified":"2023-10-24T15:59:07","modified_gmt":"2023-10-24T21:59:07","slug":"junta-de-asistencia-privada-realiza-conteo-de-la-recaudacion-del-sindicato-de-taxistas","status":"publish","type":"post","link":"https:\/\/masquenoticias.mx\/index.php\/2023\/10\/24\/junta-de-asistencia-privada-realiza-conteo-de-la-recaudacion-del-sindicato-de-taxistas\/","title":{"rendered":"Junta de Asistencia Privada realiza conteo de la recaudaci\u00f3n del Sindicato de Taxistas"},"content":{"rendered":"<p>La Colecta \u2018Diamante de la Solidaridad\u2019 (CDS) es una iniciativa de la Junta de Asistencia Privada (JAP) del Estado de Colima que, desde hace 23 a\u00f1os, se dedica a la recaudaci\u00f3n de fondos en beneficio de personas usuarias de las Instituciones de Asistencia Privada (IAP), que participan en ella. El total de lo recaudado fue de 16 mil 116 pesos, monto que se suma a la CDS en beneficio de la poblaci\u00f3n colimense en situaci\u00f3n vulnerable.<\/p>\n<p>Uno de los aliados de esta colecta es el Sindicato de Choferes de Taxis de Colima y Villa de \u00c1lvarez, afiliados a la Confederaci\u00f3n de Trabajadores de M\u00e9xico (CTM), quienes, en esta edici\u00f3n, se unieron recolectando donativos de quienes utilizaron el servicio de taxis, en esta campa\u00f1a que realizaron durante un mes, desde el 20 de septiembre hasta el 20 de octubre.<\/p>\n<p>Cada una de las alcanc\u00edas en forma de diamante cuenta con un n\u00famero de folio, mediante el cual se registr\u00f3 al chofer \u2013hombres y mujeres- a cargo de cada taxi; de este modo, al realizar el conteo del contenido de cada una, puede llevarse la relaci\u00f3n de cu\u00e1nto recolect\u00f3 cada persona.<\/p>\n<p>Para el conteo de lo recolectado, representantes de IAP\u2019s de diversos sectores acudieron a las instalaciones de la Junta de Asistencia Privada para apoyar y supervisar la transparencia del proceso; de igual forma, se cont\u00f3 con la presencia de Marina Alfaro de Anda, directora ejecutiva de la JAP y Enrique C\u00e1rdenas Larios, secretario general del Sindicato de Taxistas de la CTM.<\/p>\n<p><img data-recalc-dims=\"1\" fetchpriority=\"high\" decoding=\"async\" class=\"alignnone size-medium wp-image-3979\" src=\"https:\/\/i0.wp.com\/masquenoticias.mx\/wp-content\/uploads\/2023\/10\/WhatsApp-Image-2023-10-24-at-15.41.04-300x225.webp?resize=300%2C225&#038;ssl=1\" alt=\"\" width=\"300\" height=\"225\" srcset=\"https:\/\/i0.wp.com\/masquenoticias.mx\/wp-content\/uploads\/2023\/10\/WhatsApp-Image-2023-10-24-at-15.41.04-jpeg.webp?resize=300%2C225&amp;ssl=1 300w, https:\/\/i0.wp.com\/masquenoticias.mx\/wp-content\/uploads\/2023\/10\/WhatsApp-Image-2023-10-24-at-15.41.04-jpeg.webp?resize=1024%2C768&amp;ssl=1 1024w, https:\/\/i0.wp.com\/masquenoticias.mx\/wp-content\/uploads\/2023\/10\/WhatsApp-Image-2023-10-24-at-15.41.04-jpeg.webp?resize=768%2C576&amp;ssl=1 768w, https:\/\/i0.wp.com\/masquenoticias.mx\/wp-content\/uploads\/2023\/10\/WhatsApp-Image-2023-10-24-at-15.41.04-jpeg.webp?resize=136%2C102&amp;ssl=1 136w, https:\/\/i0.wp.com\/masquenoticias.mx\/wp-content\/uploads\/2023\/10\/WhatsApp-Image-2023-10-24-at-15.41.04-jpeg.webp?w=1448&amp;ssl=1 1448w, https:\/\/i0.wp.com\/masquenoticias.mx\/wp-content\/uploads\/2023\/10\/WhatsApp-Image-2023-10-24-at-15.41.04-jpeg.webp?w=1280&amp;ssl=1 1280w\" sizes=\"(max-width: 300px) 100vw, 300px\" \/><\/p>\n","protected":false},"excerpt":{"rendered":"<p>La Colecta \u2018Diamante de la Solidaridad\u2019 (CDS) es una iniciativa de la Junta de Asistencia Privada (JAP) del Estado de Colima que, desde hace 23 a\u00f1os, se dedica a la recaudaci\u00f3n de fondos en beneficio de personas usuarias de las Instituciones de Asistencia Privada (IAP), que participan en ella. El total de lo recaudado fue [&hellip;]<\/p>\n","protected":false},"author":2,"featured_media":3980,"comment_status":"open","ping_status":"open","sticky":false,"template":"","format":"standard","meta":{"_jetpack_memberships_contains_paid_content":false,"footnotes":""},"categories":[24],"tags":[198],"class_list":["post-3978","post","type-post","status-publish","format-standard","has-post-thumbnail","hentry","category-estado","tag-jap"],"yoast_head":"<!-- This site is optimized with the Yoast SEO plugin v26.6 - https:\/\/yoast.com\/wordpress\/plugins\/seo\/ -->\n<title>Junta de Asistencia Privada realiza conteo de la recaudaci\u00f3n del Sindicato de Taxistas - M\u00e1s Que Noticias<\/title>\n<meta name=\"robots\" content=\"index, follow, max-snippet:-1, max-image-preview:large, max-video-preview:-1\" \/>\n<link rel=\"canonical\" href=\"https:\/\/masquenoticias.mx\/index.php\/2023\/10\/24\/junta-de-asistencia-privada-realiza-conteo-de-la-recaudacion-del-sindicato-de-taxistas\/\" \/>\n<meta property=\"og:locale\" content=\"es_MX\" \/>\n<meta property=\"og:type\" content=\"article\" \/>\n<meta property=\"og:title\" content=\"Junta de Asistencia Privada realiza conteo de la recaudaci\u00f3n del Sindicato de Taxistas - M\u00e1s Que Noticias\" \/>\n<meta property=\"og:description\" content=\"La Colecta \u2018Diamante de la Solidaridad\u2019 (CDS) es una iniciativa de la Junta de Asistencia Privada (JAP) del Estado de Colima que, desde hace 23 a\u00f1os, se dedica a la recaudaci\u00f3n de fondos en beneficio de personas usuarias de las Instituciones de Asistencia Privada (IAP), que participan en ella. El total de lo recaudado fue [&hellip;]\" \/>\n<meta property=\"og:url\" content=\"https:\/\/masquenoticias.mx\/index.php\/2023\/10\/24\/junta-de-asistencia-privada-realiza-conteo-de-la-recaudacion-del-sindicato-de-taxistas\/\" \/>\n<meta property=\"og:site_name\" content=\"M\u00e1s Que Noticias\" \/>\n<meta property=\"article:publisher\" content=\"https:\/\/www.facebook.com\/masquenoticiascolima\" \/>\n<meta property=\"article:published_time\" content=\"2023-10-24T21:59:07+00:00\" \/>\n<meta property=\"og:image\" content=\"https:\/\/i0.wp.com\/masquenoticias.mx\/wp-content\/uploads\/2023\/10\/WhatsApp-Image-2023-10-24-at-15.41.06-jpeg.webp?fit=1448%2C1086&ssl=1\" \/>\n\t<meta property=\"og:image:width\" content=\"1448\" \/>\n\t<meta property=\"og:image:height\" content=\"1086\" \/>\n\t<meta property=\"og:image:type\" content=\"image\/jpeg\" \/>\n<meta name=\"author\" content=\"Redacci\u00f3n\" \/>\n<meta name=\"twitter:card\" content=\"summary_large_image\" \/>\n<meta name=\"twitter:creator\" content=\"@edgartove\" \/>\n<meta name=\"twitter:site\" content=\"@edgartove\" \/>\n<meta name=\"twitter:label1\" content=\"Escrito por\" \/>\n\t<meta name=\"twitter:data1\" content=\"Redacci\u00f3n\" \/>\n\t<meta name=\"twitter:label2\" content=\"Tiempo de lectura\" \/>\n\t<meta name=\"twitter:data2\" content=\"1 minuto\" \/>\n<script type=\"application\/ld+json\" class=\"yoast-schema-graph\">{\"@context\":\"https:\/\/schema.org\",\"@graph\":[{\"@type\":\"Article\",\"@id\":\"https:\/\/masquenoticias.mx\/index.php\/2023\/10\/24\/junta-de-asistencia-privada-realiza-conteo-de-la-recaudacion-del-sindicato-de-taxistas\/#article\",\"isPartOf\":{\"@id\":\"https:\/\/masquenoticias.mx\/index.php\/2023\/10\/24\/junta-de-asistencia-privada-realiza-conteo-de-la-recaudacion-del-sindicato-de-taxistas\/\"},\"author\":{\"name\":\"Redacci\u00f3n\",\"@id\":\"https:\/\/masquenoticias.mx\/#\/schema\/person\/6229637729ad377d24e2154e3b30720b\"},\"headline\":\"Junta de Asistencia Privada realiza conteo de la recaudaci\u00f3n del Sindicato de Taxistas\",\"datePublished\":\"2023-10-24T21:59:07+00:00\",\"mainEntityOfPage\":{\"@id\":\"https:\/\/masquenoticias.mx\/index.php\/2023\/10\/24\/junta-de-asistencia-privada-realiza-conteo-de-la-recaudacion-del-sindicato-de-taxistas\/\"},\"wordCount\":273,\"commentCount\":0,\"publisher\":{\"@id\":\"https:\/\/masquenoticias.mx\/#organization\"},\"image\":{\"@id\":\"https:\/\/masquenoticias.mx\/index.php\/2023\/10\/24\/junta-de-asistencia-privada-realiza-conteo-de-la-recaudacion-del-sindicato-de-taxistas\/#primaryimage\"},\"thumbnailUrl\":\"https:\/\/i0.wp.com\/masquenoticias.mx\/wp-content\/uploads\/2023\/10\/WhatsApp-Image-2023-10-24-at-15.41.06-jpeg.webp?fit=1448%2C1086&ssl=1\",\"keywords\":[\"JAP\"],\"articleSection\":[\"Estado\"],\"inLanguage\":\"es\",\"potentialAction\":[{\"@type\":\"CommentAction\",\"name\":\"Comment\",\"target\":[\"https:\/\/masquenoticias.mx\/index.php\/2023\/10\/24\/junta-de-asistencia-privada-realiza-conteo-de-la-recaudacion-del-sindicato-de-taxistas\/#respond\"]}]},{\"@type\":\"WebPage\",\"@id\":\"https:\/\/masquenoticias.mx\/index.php\/2023\/10\/24\/junta-de-asistencia-privada-realiza-conteo-de-la-recaudacion-del-sindicato-de-taxistas\/\",\"url\":\"https:\/\/masquenoticias.mx\/index.php\/2023\/10\/24\/junta-de-asistencia-privada-realiza-conteo-de-la-recaudacion-del-sindicato-de-taxistas\/\",\"name\":\"Junta de Asistencia Privada realiza conteo de la recaudaci\u00f3n del Sindicato de Taxistas - M\u00e1s Que Noticias\",\"isPartOf\":{\"@id\":\"https:\/\/masquenoticias.mx\/#website\"},\"primaryImageOfPage\":{\"@id\":\"https:\/\/masquenoticias.mx\/index.php\/2023\/10\/24\/junta-de-asistencia-privada-realiza-conteo-de-la-recaudacion-del-sindicato-de-taxistas\/#primaryimage\"},\"image\":{\"@id\":\"https:\/\/masquenoticias.mx\/index.php\/2023\/10\/24\/junta-de-asistencia-privada-realiza-conteo-de-la-recaudacion-del-sindicato-de-taxistas\/#primaryimage\"},\"thumbnailUrl\":\"https:\/\/i0.wp.com\/masquenoticias.mx\/wp-content\/uploads\/2023\/10\/WhatsApp-Image-2023-10-24-at-15.41.06-jpeg.webp?fit=1448%2C1086&ssl=1\",\"datePublished\":\"2023-10-24T21:59:07+00:00\",\"breadcrumb\":{\"@id\":\"https:\/\/masquenoticias.mx\/index.php\/2023\/10\/24\/junta-de-asistencia-privada-realiza-conteo-de-la-recaudacion-del-sindicato-de-taxistas\/#breadcrumb\"},\"inLanguage\":\"es\",\"potentialAction\":[{\"@type\":\"ReadAction\",\"target\":[\"https:\/\/masquenoticias.mx\/index.php\/2023\/10\/24\/junta-de-asistencia-privada-realiza-conteo-de-la-recaudacion-del-sindicato-de-taxistas\/\"]}]},{\"@type\":\"ImageObject\",\"inLanguage\":\"es\",\"@id\":\"https:\/\/masquenoticias.mx\/index.php\/2023\/10\/24\/junta-de-asistencia-privada-realiza-conteo-de-la-recaudacion-del-sindicato-de-taxistas\/#primaryimage\",\"url\":\"https:\/\/i0.wp.com\/masquenoticias.mx\/wp-content\/uploads\/2023\/10\/WhatsApp-Image-2023-10-24-at-15.41.06-jpeg.webp?fit=1448%2C1086&ssl=1\",\"contentUrl\":\"https:\/\/i0.wp.com\/masquenoticias.mx\/wp-content\/uploads\/2023\/10\/WhatsApp-Image-2023-10-24-at-15.41.06-jpeg.webp?fit=1448%2C1086&ssl=1\",\"width\":1448,\"height\":1086},{\"@type\":\"BreadcrumbList\",\"@id\":\"https:\/\/masquenoticias.mx\/index.php\/2023\/10\/24\/junta-de-asistencia-privada-realiza-conteo-de-la-recaudacion-del-sindicato-de-taxistas\/#breadcrumb\",\"itemListElement\":[{\"@type\":\"ListItem\",\"position\":1,\"name\":\"Inicio\",\"item\":\"https:\/\/masquenoticias.mx\/\"},{\"@type\":\"ListItem\",\"position\":2,\"name\":\"Junta de Asistencia Privada realiza conteo de la recaudaci\u00f3n del Sindicato de Taxistas\"}]},{\"@type\":\"WebSite\",\"@id\":\"https:\/\/masquenoticias.mx\/#website\",\"url\":\"https:\/\/masquenoticias.mx\/\",\"name\":\"M\u00e1s Que Noticias\",\"description\":\"Noticias de Colima, M\u00e9xico y el Mundo\",\"publisher\":{\"@id\":\"https:\/\/masquenoticias.mx\/#organization\"},\"potentialAction\":[{\"@type\":\"SearchAction\",\"target\":{\"@type\":\"EntryPoint\",\"urlTemplate\":\"https:\/\/masquenoticias.mx\/?s={search_term_string}\"},\"query-input\":{\"@type\":\"PropertyValueSpecification\",\"valueRequired\":true,\"valueName\":\"search_term_string\"}}],\"inLanguage\":\"es\"},{\"@type\":\"Organization\",\"@id\":\"https:\/\/masquenoticias.mx\/#organization\",\"name\":\"M\u00e1s Que Noticias\",\"url\":\"https:\/\/masquenoticias.mx\/\",\"logo\":{\"@type\":\"ImageObject\",\"inLanguage\":\"es\",\"@id\":\"https:\/\/masquenoticias.mx\/#\/schema\/logo\/image\/\",\"url\":\"https:\/\/i0.wp.com\/masquenoticias.mx\/wp-content\/uploads\/2024\/04\/IMG_0004.png?fit=2560%2C1656&ssl=1\",\"contentUrl\":\"https:\/\/i0.wp.com\/masquenoticias.mx\/wp-content\/uploads\/2024\/04\/IMG_0004.png?fit=2560%2C1656&ssl=1\",\"width\":2560,\"height\":1656,\"caption\":\"M\u00e1s Que Noticias\"},\"image\":{\"@id\":\"https:\/\/masquenoticias.mx\/#\/schema\/logo\/image\/\"},\"sameAs\":[\"https:\/\/www.facebook.com\/masquenoticiascolima\",\"https:\/\/x.com\/edgartove\",\"https:\/\/www.instagram.com\/masquenoticiascolima\/\"]},{\"@type\":\"Person\",\"@id\":\"https:\/\/masquenoticias.mx\/#\/schema\/person\/6229637729ad377d24e2154e3b30720b\",\"name\":\"Redacci\u00f3n\",\"image\":{\"@type\":\"ImageObject\",\"inLanguage\":\"es\",\"@id\":\"https:\/\/masquenoticias.mx\/#\/schema\/person\/image\/\",\"url\":\"https:\/\/secure.gravatar.com\/avatar\/73899f6b3a3034eb6f719669835ca3a4?s=96&d=mm&r=g\",\"contentUrl\":\"https:\/\/secure.gravatar.com\/avatar\/73899f6b3a3034eb6f719669835ca3a4?s=96&d=mm&r=g\",\"caption\":\"Redacci\u00f3n\"},\"url\":\"https:\/\/masquenoticias.mx\/index.php\/author\/bunburytorresgmail-com\/\"}]}<\/script>\n<!-- \/ Yoast SEO plugin. -->","yoast_head_json":{"title":"Junta de Asistencia Privada realiza conteo de la recaudaci\u00f3n del Sindicato de Taxistas - M\u00e1s Que Noticias","robots":{"index":"index","follow":"follow","max-snippet":"max-snippet:-1","max-image-preview":"max-image-preview:large","max-video-preview":"max-video-preview:-1"},"canonical":"https:\/\/masquenoticias.mx\/index.php\/2023\/10\/24\/junta-de-asistencia-privada-realiza-conteo-de-la-recaudacion-del-sindicato-de-taxistas\/","og_locale":"es_MX","og_type":"article","og_title":"Junta de Asistencia Privada realiza conteo de la recaudaci\u00f3n del Sindicato de Taxistas - M\u00e1s Que Noticias","og_description":"La Colecta \u2018Diamante de la Solidaridad\u2019 (CDS) es una iniciativa de la Junta de Asistencia Privada (JAP) del Estado de Colima que, desde hace 23 a\u00f1os, se dedica a la recaudaci\u00f3n de fondos en beneficio de personas usuarias de las Instituciones de Asistencia Privada (IAP), que participan en ella. El total de lo recaudado fue [&hellip;]","og_url":"https:\/\/masquenoticias.mx\/index.php\/2023\/10\/24\/junta-de-asistencia-privada-realiza-conteo-de-la-recaudacion-del-sindicato-de-taxistas\/","og_site_name":"M\u00e1s Que Noticias","article_publisher":"https:\/\/www.facebook.com\/masquenoticiascolima","article_published_time":"2023-10-24T21:59:07+00:00","og_image":[{"width":1448,"height":1086,"url":"https:\/\/i0.wp.com\/masquenoticias.mx\/wp-content\/uploads\/2023\/10\/WhatsApp-Image-2023-10-24-at-15.41.06-jpeg.webp?fit=1448%2C1086&ssl=1","type":"image\/jpeg"}],"author":"Redacci\u00f3n","twitter_card":"summary_large_image","twitter_creator":"@edgartove","twitter_site":"@edgartove","twitter_misc":{"Escrito por":"Redacci\u00f3n","Tiempo de lectura":"1 minuto"},"schema":{"@context":"https:\/\/schema.org","@graph":[{"@type":"Article","@id":"https:\/\/masquenoticias.mx\/index.php\/2023\/10\/24\/junta-de-asistencia-privada-realiza-conteo-de-la-recaudacion-del-sindicato-de-taxistas\/#article","isPartOf":{"@id":"https:\/\/masquenoticias.mx\/index.php\/2023\/10\/24\/junta-de-asistencia-privada-realiza-conteo-de-la-recaudacion-del-sindicato-de-taxistas\/"},"author":{"name":"Redacci\u00f3n","@id":"https:\/\/masquenoticias.mx\/#\/schema\/person\/6229637729ad377d24e2154e3b30720b"},"headline":"Junta de Asistencia Privada realiza conteo de la recaudaci\u00f3n del Sindicato de Taxistas","datePublished":"2023-10-24T21:59:07+00:00","mainEntityOfPage":{"@id":"https:\/\/masquenoticias.mx\/index.php\/2023\/10\/24\/junta-de-asistencia-privada-realiza-conteo-de-la-recaudacion-del-sindicato-de-taxistas\/"},"wordCount":273,"commentCount":0,"publisher":{"@id":"https:\/\/masquenoticias.mx\/#organization"},"image":{"@id":"https:\/\/masquenoticias.mx\/index.php\/2023\/10\/24\/junta-de-asistencia-privada-realiza-conteo-de-la-recaudacion-del-sindicato-de-taxistas\/#primaryimage"},"thumbnailUrl":"https:\/\/i0.wp.com\/masquenoticias.mx\/wp-content\/uploads\/2023\/10\/WhatsApp-Image-2023-10-24-at-15.41.06-jpeg.webp?fit=1448%2C1086&ssl=1","keywords":["JAP"],"articleSection":["Estado"],"inLanguage":"es","potentialAction":[{"@type":"CommentAction","name":"Comment","target":["https:\/\/masquenoticias.mx\/index.php\/2023\/10\/24\/junta-de-asistencia-privada-realiza-conteo-de-la-recaudacion-del-sindicato-de-taxistas\/#respond"]}]},{"@type":"WebPage","@id":"https:\/\/masquenoticias.mx\/index.php\/2023\/10\/24\/junta-de-asistencia-privada-realiza-conteo-de-la-recaudacion-del-sindicato-de-taxistas\/","url":"https:\/\/masquenoticias.mx\/index.php\/2023\/10\/24\/junta-de-asistencia-privada-realiza-conteo-de-la-recaudacion-del-sindicato-de-taxistas\/","name":"Junta de Asistencia Privada realiza conteo de la recaudaci\u00f3n del Sindicato de Taxistas - M\u00e1s Que Noticias","isPartOf":{"@id":"https:\/\/masquenoticias.mx\/#website"},"primaryImageOfPage":{"@id":"https:\/\/masquenoticias.mx\/index.php\/2023\/10\/24\/junta-de-asistencia-privada-realiza-conteo-de-la-recaudacion-del-sindicato-de-taxistas\/#primaryimage"},"image":{"@id":"https:\/\/masquenoticias.mx\/index.php\/2023\/10\/24\/junta-de-asistencia-privada-realiza-conteo-de-la-recaudacion-del-sindicato-de-taxistas\/#primaryimage"},"thumbnailUrl":"https:\/\/i0.wp.com\/masquenoticias.mx\/wp-content\/uploads\/2023\/10\/WhatsApp-Image-2023-10-24-at-15.41.06-jpeg.webp?fit=1448%2C1086&ssl=1","datePublished":"2023-10-24T21:59:07+00:00","breadcrumb":{"@id":"https:\/\/masquenoticias.mx\/index.php\/2023\/10\/24\/junta-de-asistencia-privada-realiza-conteo-de-la-recaudacion-del-sindicato-de-taxistas\/#breadcrumb"},"inLanguage":"es","potentialAction":[{"@type":"ReadAction","target":["https:\/\/masquenoticias.mx\/index.php\/2023\/10\/24\/junta-de-asistencia-privada-realiza-conteo-de-la-recaudacion-del-sindicato-de-taxistas\/"]}]},{"@type":"ImageObject","inLanguage":"es","@id":"https:\/\/masquenoticias.mx\/index.php\/2023\/10\/24\/junta-de-asistencia-privada-realiza-conteo-de-la-recaudacion-del-sindicato-de-taxistas\/#primaryimage","url":"https:\/\/i0.wp.com\/masquenoticias.mx\/wp-content\/uploads\/2023\/10\/WhatsApp-Image-2023-10-24-at-15.41.06-jpeg.webp?fit=1448%2C1086&ssl=1","contentUrl":"https:\/\/i0.wp.com\/masquenoticias.mx\/wp-content\/uploads\/2023\/10\/WhatsApp-Image-2023-10-24-at-15.41.06-jpeg.webp?fit=1448%2C1086&ssl=1","width":1448,"height":1086},{"@type":"BreadcrumbList","@id":"https:\/\/masquenoticias.mx\/index.php\/2023\/10\/24\/junta-de-asistencia-privada-realiza-conteo-de-la-recaudacion-del-sindicato-de-taxistas\/#breadcrumb","itemListElement":[{"@type":"ListItem","position":1,"name":"Inicio","item":"https:\/\/masquenoticias.mx\/"},{"@type":"ListItem","position":2,"name":"Junta de Asistencia Privada realiza conteo de la recaudaci\u00f3n del Sindicato de Taxistas"}]},{"@type":"WebSite","@id":"https:\/\/masquenoticias.mx\/#website","url":"https:\/\/masquenoticias.mx\/","name":"M\u00e1s Que Noticias","description":"Noticias de Colima, M\u00e9xico y el Mundo","publisher":{"@id":"https:\/\/masquenoticias.mx\/#organization"},"potentialAction":[{"@type":"SearchAction","target":{"@type":"EntryPoint","urlTemplate":"https:\/\/masquenoticias.mx\/?s={search_term_string}"},"query-input":{"@type":"PropertyValueSpecification","valueRequired":true,"valueName":"search_term_string"}}],"inLanguage":"es"},{"@type":"Organization","@id":"https:\/\/masquenoticias.mx\/#organization","name":"M\u00e1s Que Noticias","url":"https:\/\/masquenoticias.mx\/","logo":{"@type":"ImageObject","inLanguage":"es","@id":"https:\/\/masquenoticias.mx\/#\/schema\/logo\/image\/","url":"https:\/\/i0.wp.com\/masquenoticias.mx\/wp-content\/uploads\/2024\/04\/IMG_0004.png?fit=2560%2C1656&ssl=1","contentUrl":"https:\/\/i0.wp.com\/masquenoticias.mx\/wp-content\/uploads\/2024\/04\/IMG_0004.png?fit=2560%2C1656&ssl=1","width":2560,"height":1656,"caption":"M\u00e1s Que Noticias"},"image":{"@id":"https:\/\/masquenoticias.mx\/#\/schema\/logo\/image\/"},"sameAs":["https:\/\/www.facebook.com\/masquenoticiascolima","https:\/\/x.com\/edgartove","https:\/\/www.instagram.com\/masquenoticiascolima\/"]},{"@type":"Person","@id":"https:\/\/masquenoticias.mx\/#\/schema\/person\/6229637729ad377d24e2154e3b30720b","name":"Redacci\u00f3n","image":{"@type":"ImageObject","inLanguage":"es","@id":"https:\/\/masquenoticias.mx\/#\/schema\/person\/image\/","url":"https:\/\/secure.gravatar.com\/avatar\/73899f6b3a3034eb6f719669835ca3a4?s=96&d=mm&r=g","contentUrl":"https:\/\/secure.gravatar.com\/avatar\/73899f6b3a3034eb6f719669835ca3a4?s=96&d=mm&r=g","caption":"Redacci\u00f3n"},"url":"https:\/\/masquenoticias.mx\/index.php\/author\/bunburytorresgmail-com\/"}]}},"jetpack_featured_media_url":"https:\/\/i0.wp.com\/masquenoticias.mx\/wp-content\/uploads\/2023\/10\/WhatsApp-Image-2023-10-24-at-15.41.06-jpeg.webp?fit=1448%2C1086&ssl=1","blog_post_layout_featured_media_urls":{"thumbnail":["https:\/\/i0.wp.com\/masquenoticias.mx\/wp-content\/uploads\/2023\/10\/WhatsApp-Image-2023-10-24-at-15.41.06-jpeg.webp?resize=150%2C150&ssl=1",150,150,true],"full":["https:\/\/i0.wp.com\/masquenoticias.mx\/wp-content\/uploads\/2023\/10\/WhatsApp-Image-2023-10-24-at-15.41.06-jpeg.webp?fit=1448%2C1086&ssl=1",1448,1086,false]},"categories_names":{"24":{"name":"Estado","link":"https:\/\/masquenoticias.mx\/index.php\/category\/estado\/"}},"tags_names":{"198":{"name":"JAP","link":"https:\/\/masquenoticias.mx\/index.php\/tag\/jap\/"}},"comments_number":"0","wpmagazine_modules_lite_featured_media_urls":{"thumbnail":["https:\/\/i0.wp.com\/masquenoticias.mx\/wp-content\/uploads\/2023\/10\/WhatsApp-Image-2023-10-24-at-15.41.06-jpeg.webp?resize=150%2C150&ssl=1",150,150,true],"cvmm-medium":["https:\/\/i0.wp.com\/masquenoticias.mx\/wp-content\/uploads\/2023\/10\/WhatsApp-Image-2023-10-24-at-15.41.06-jpeg.webp?resize=300%2C300&ssl=1",300,300,true],"cvmm-medium-plus":["https:\/\/i0.wp.com\/masquenoticias.mx\/wp-content\/uploads\/2023\/10\/WhatsApp-Image-2023-10-24-at-15.41.06-jpeg.webp?resize=305%2C207&ssl=1",305,207,true],"cvmm-portrait":["https:\/\/i0.wp.com\/masquenoticias.mx\/wp-content\/uploads\/2023\/10\/WhatsApp-Image-2023-10-24-at-15.41.06-jpeg.webp?resize=400%2C600&ssl=1",400,600,true],"cvmm-medium-square":["https:\/\/i0.wp.com\/masquenoticias.mx\/wp-content\/uploads\/2023\/10\/WhatsApp-Image-2023-10-24-at-15.41.06-jpeg.webp?resize=600%2C600&ssl=1",600,600,true],"cvmm-large":["https:\/\/i0.wp.com\/masquenoticias.mx\/wp-content\/uploads\/2023\/10\/WhatsApp-Image-2023-10-24-at-15.41.06-jpeg.webp?resize=1024%2C1024&ssl=1",1024,1024,true],"cvmm-small":["https:\/\/i0.wp.com\/masquenoticias.mx\/wp-content\/uploads\/2023\/10\/WhatsApp-Image-2023-10-24-at-15.41.06-jpeg.webp?resize=130%2C95&ssl=1",130,95,true],"full":["https:\/\/i0.wp.com\/masquenoticias.mx\/wp-content\/uploads\/2023\/10\/WhatsApp-Image-2023-10-24-at-15.41.06-jpeg.webp?fit=1448%2C1086&ssl=1",1448,1086,false]},"jetpack-related-posts":[],"jetpack_sharing_enabled":true,"jetpack_likes_enabled":true,"jetpack_shortlink":"https:\/\/wp.me\/pf7pkt-12a","_links":{"self":[{"href":"https:\/\/masquenoticias.mx\/index.php\/wp-json\/wp\/v2\/posts\/3978","targetHints":{"allow":["GET"]}}],"collection":[{"href":"https:\/\/masquenoticias.mx\/index.php\/wp-json\/wp\/v2\/posts"}],"about":[{"href":"https:\/\/masquenoticias.mx\/index.php\/wp-json\/wp\/v2\/types\/post"}],"author":[{"embeddable":true,"href":"https:\/\/masquenoticias.mx\/index.php\/wp-json\/wp\/v2\/users\/2"}],"replies":[{"embeddable":true,"href":"https:\/\/masquenoticias.mx\/index.php\/wp-json\/wp\/v2\/comments?post=3978"}],"version-history":[{"count":0,"href":"https:\/\/masquenoticias.mx\/index.php\/wp-json\/wp\/v2\/posts\/3978\/revisions"}],"wp:featuredmedia":[{"embeddable":true,"href":"https:\/\/masquenoticias.mx\/index.php\/wp-json\/wp\/v2\/media\/3980"}],"wp:attachment":[{"href":"https:\/\/masquenoticias.mx\/index.php\/wp-json\/wp\/v2\/media?parent=3978"}],"wp:term":[{"taxonomy":"category","embeddable":true,"href":"https:\/\/masquenoticias.mx\/index.php\/wp-json\/wp\/v2\/categories?post=3978"},{"taxonomy":"post_tag","embeddable":true,"href":"https:\/\/masquenoticias.mx\/index.php\/wp-json\/wp\/v2\/tags?post=3978"}],"curies":[{"name":"wp","href":"https:\/\/api.w.org\/{rel}","templated":true}]}}