{"id":3874,"date":"2023-10-21T07:48:14","date_gmt":"2023-10-21T13:48:14","guid":{"rendered":"https:\/\/masquenoticias.mx\/?p=3874"},"modified":"2023-10-21T07:48:14","modified_gmt":"2023-10-21T13:48:14","slug":"movilidad-alerta-por-informacion-falsa-en-redes-sociales-sobre-supuesto-otorgamiento-de-concesiones-ecologicas","status":"publish","type":"post","link":"https:\/\/masquenoticias.mx\/index.php\/2023\/10\/21\/movilidad-alerta-por-informacion-falsa-en-redes-sociales-sobre-supuesto-otorgamiento-de-concesiones-ecologicas\/","title":{"rendered":"Movilidad alerta por informaci\u00f3n falsa en redes sociales, sobre supuesto otorgamiento de &#8216;concesiones ecol\u00f3gicas&#8217;"},"content":{"rendered":"<p>La Subsecretar\u00eda de Movilidad (Subsemov) del Gobierno del Estado de Colima, informa a la poblaci\u00f3n colimense, que est\u00e1 circulando informaci\u00f3n falsa a trav\u00e9s de redes sociales, particularmente en aplicaciones como WhatsApp, donde se ha compartido un audio en el que se hace referencia al supuesto otorgamiento de \u201cconcesiones ecol\u00f3gicas\u201d para el transporte p\u00fablico.<\/p>\n<p>En dicho audio, la voz de una persona solicita a las y los interesados una serie de documentos personales, incluyendo copias de la CURP, la credencial de elector y la licencia de conducir. La persona que supuestamente recolecta dicha documentaci\u00f3n, menciona que la estar\u00e1 recibiendo hasta determinado d\u00eda, adem\u00e1s de solicitar una \u201ccooperaci\u00f3n econ\u00f3mica\u201d para acceder a estas supuestas concesiones.<\/p>\n<p>La Subsemov reitera que, tanto la supuesta entrega de concesiones, como la solicitud de un particular de estos documentos, son completamente falsos. Queremos enfatizar que, bajo ninguna circunstancia, las personas deben proporcionar sus documentos personales a cualquier otra que los solicite en este contexto.<\/p>\n<p>Hacemos un llamado a la comunidad a no hacer caso de este tipo de informaci\u00f3n y, en su lugar, notificar a las autoridades correspondientes. Es esencial no replicarla y, en caso de que \u00e9sta se difunda en grupos de WhatsApp u otras redes, te invitamos a aclarar que se trata de informaci\u00f3n falsa y enga\u00f1osa.<\/p>\n<p>La Subsecretar\u00eda de Movilidad asegura a la comunidad que, en caso de que se lleve a cabo un proceso de otorgamiento de concesiones, se comunicar\u00e1 de manera oficial, a trav\u00e9s de los medios oficiales y canales autorizados. La difusi\u00f3n de informaci\u00f3n err\u00f3nea puede generar confusi\u00f3n y poner en riesgo la seguridad y privacidad de la ciudadan\u00eda. Pedimos respetuosamente su colaboraci\u00f3n para evitar su propagaci\u00f3n.<\/p>\n","protected":false},"excerpt":{"rendered":"<p>La Subsecretar\u00eda de Movilidad (Subsemov) del Gobierno del Estado de Colima, informa a la poblaci\u00f3n colimense, que est\u00e1 circulando informaci\u00f3n falsa a trav\u00e9s de redes sociales, particularmente en aplicaciones como WhatsApp, donde se ha compartido un audio en el que se hace referencia al supuesto otorgamiento de \u201cconcesiones ecol\u00f3gicas\u201d para el transporte p\u00fablico. En dicho [&hellip;]<\/p>\n","protected":false},"author":2,"featured_media":3875,"comment_status":"open","ping_status":"open","sticky":false,"template":"","format":"standard","meta":{"_jetpack_memberships_contains_paid_content":false,"footnotes":""},"categories":[24],"tags":[275,191],"class_list":["post-3874","post","type-post","status-publish","format-standard","has-post-thumbnail","hentry","category-estado","tag-alerta","tag-subsemov"],"yoast_head":"<!-- This site is optimized with the Yoast SEO plugin v26.6 - https:\/\/yoast.com\/wordpress\/plugins\/seo\/ -->\n<title>Movilidad alerta por informaci\u00f3n falsa en redes sociales, sobre supuesto otorgamiento de &#039;concesiones ecol\u00f3gicas&#039; - M\u00e1s Que Noticias<\/title>\n<meta name=\"robots\" content=\"index, follow, max-snippet:-1, max-image-preview:large, max-video-preview:-1\" \/>\n<link rel=\"canonical\" href=\"https:\/\/masquenoticias.mx\/index.php\/2023\/10\/21\/movilidad-alerta-por-informacion-falsa-en-redes-sociales-sobre-supuesto-otorgamiento-de-concesiones-ecologicas\/\" \/>\n<meta property=\"og:locale\" content=\"es_MX\" \/>\n<meta property=\"og:type\" content=\"article\" \/>\n<meta property=\"og:title\" content=\"Movilidad alerta por informaci\u00f3n falsa en redes sociales, sobre supuesto otorgamiento de &#039;concesiones ecol\u00f3gicas&#039; - M\u00e1s Que Noticias\" \/>\n<meta property=\"og:description\" content=\"La Subsecretar\u00eda de Movilidad (Subsemov) del Gobierno del Estado de Colima, informa a la poblaci\u00f3n colimense, que est\u00e1 circulando informaci\u00f3n falsa a trav\u00e9s de redes sociales, particularmente en aplicaciones como WhatsApp, donde se ha compartido un audio en el que se hace referencia al supuesto otorgamiento de \u201cconcesiones ecol\u00f3gicas\u201d para el transporte p\u00fablico. En dicho [&hellip;]\" \/>\n<meta property=\"og:url\" content=\"https:\/\/masquenoticias.mx\/index.php\/2023\/10\/21\/movilidad-alerta-por-informacion-falsa-en-redes-sociales-sobre-supuesto-otorgamiento-de-concesiones-ecologicas\/\" \/>\n<meta property=\"og:site_name\" content=\"M\u00e1s Que Noticias\" \/>\n<meta property=\"article:publisher\" content=\"https:\/\/www.facebook.com\/masquenoticiascolima\" \/>\n<meta property=\"article:published_time\" content=\"2023-10-21T13:48:14+00:00\" \/>\n<meta property=\"og:image\" content=\"https:\/\/i0.wp.com\/masquenoticias.mx\/wp-content\/uploads\/2023\/10\/WhatsApp-Image-2023-10-20-at-20.33.40-jpeg.webp?fit=1280%2C570&ssl=1\" \/>\n\t<meta property=\"og:image:width\" content=\"1280\" \/>\n\t<meta property=\"og:image:height\" content=\"570\" \/>\n\t<meta property=\"og:image:type\" content=\"image\/jpeg\" \/>\n<meta name=\"author\" content=\"Redacci\u00f3n\" \/>\n<meta name=\"twitter:card\" content=\"summary_large_image\" \/>\n<meta name=\"twitter:creator\" content=\"@edgartove\" \/>\n<meta name=\"twitter:site\" content=\"@edgartove\" \/>\n<meta name=\"twitter:label1\" content=\"Escrito por\" \/>\n\t<meta name=\"twitter:data1\" content=\"Redacci\u00f3n\" \/>\n\t<meta name=\"twitter:label2\" content=\"Tiempo de lectura\" \/>\n\t<meta name=\"twitter:data2\" content=\"1 minuto\" \/>\n<script type=\"application\/ld+json\" class=\"yoast-schema-graph\">{\"@context\":\"https:\/\/schema.org\",\"@graph\":[{\"@type\":\"Article\",\"@id\":\"https:\/\/masquenoticias.mx\/index.php\/2023\/10\/21\/movilidad-alerta-por-informacion-falsa-en-redes-sociales-sobre-supuesto-otorgamiento-de-concesiones-ecologicas\/#article\",\"isPartOf\":{\"@id\":\"https:\/\/masquenoticias.mx\/index.php\/2023\/10\/21\/movilidad-alerta-por-informacion-falsa-en-redes-sociales-sobre-supuesto-otorgamiento-de-concesiones-ecologicas\/\"},\"author\":{\"name\":\"Redacci\u00f3n\",\"@id\":\"https:\/\/masquenoticias.mx\/#\/schema\/person\/6229637729ad377d24e2154e3b30720b\"},\"headline\":\"Movilidad alerta por informaci\u00f3n falsa en redes sociales, sobre supuesto otorgamiento de &#8216;concesiones ecol\u00f3gicas&#8217;\",\"datePublished\":\"2023-10-21T13:48:14+00:00\",\"mainEntityOfPage\":{\"@id\":\"https:\/\/masquenoticias.mx\/index.php\/2023\/10\/21\/movilidad-alerta-por-informacion-falsa-en-redes-sociales-sobre-supuesto-otorgamiento-de-concesiones-ecologicas\/\"},\"wordCount\":315,\"commentCount\":0,\"publisher\":{\"@id\":\"https:\/\/masquenoticias.mx\/#organization\"},\"image\":{\"@id\":\"https:\/\/masquenoticias.mx\/index.php\/2023\/10\/21\/movilidad-alerta-por-informacion-falsa-en-redes-sociales-sobre-supuesto-otorgamiento-de-concesiones-ecologicas\/#primaryimage\"},\"thumbnailUrl\":\"https:\/\/i0.wp.com\/masquenoticias.mx\/wp-content\/uploads\/2023\/10\/WhatsApp-Image-2023-10-20-at-20.33.40-jpeg.webp?fit=1280%2C570&ssl=1\",\"keywords\":[\"Alerta\",\"Subsemov\"],\"articleSection\":[\"Estado\"],\"inLanguage\":\"es\",\"potentialAction\":[{\"@type\":\"CommentAction\",\"name\":\"Comment\",\"target\":[\"https:\/\/masquenoticias.mx\/index.php\/2023\/10\/21\/movilidad-alerta-por-informacion-falsa-en-redes-sociales-sobre-supuesto-otorgamiento-de-concesiones-ecologicas\/#respond\"]}]},{\"@type\":\"WebPage\",\"@id\":\"https:\/\/masquenoticias.mx\/index.php\/2023\/10\/21\/movilidad-alerta-por-informacion-falsa-en-redes-sociales-sobre-supuesto-otorgamiento-de-concesiones-ecologicas\/\",\"url\":\"https:\/\/masquenoticias.mx\/index.php\/2023\/10\/21\/movilidad-alerta-por-informacion-falsa-en-redes-sociales-sobre-supuesto-otorgamiento-de-concesiones-ecologicas\/\",\"name\":\"Movilidad alerta por informaci\u00f3n falsa en redes sociales, sobre supuesto otorgamiento de 'concesiones ecol\u00f3gicas' - M\u00e1s Que Noticias\",\"isPartOf\":{\"@id\":\"https:\/\/masquenoticias.mx\/#website\"},\"primaryImageOfPage\":{\"@id\":\"https:\/\/masquenoticias.mx\/index.php\/2023\/10\/21\/movilidad-alerta-por-informacion-falsa-en-redes-sociales-sobre-supuesto-otorgamiento-de-concesiones-ecologicas\/#primaryimage\"},\"image\":{\"@id\":\"https:\/\/masquenoticias.mx\/index.php\/2023\/10\/21\/movilidad-alerta-por-informacion-falsa-en-redes-sociales-sobre-supuesto-otorgamiento-de-concesiones-ecologicas\/#primaryimage\"},\"thumbnailUrl\":\"https:\/\/i0.wp.com\/masquenoticias.mx\/wp-content\/uploads\/2023\/10\/WhatsApp-Image-2023-10-20-at-20.33.40-jpeg.webp?fit=1280%2C570&ssl=1\",\"datePublished\":\"2023-10-21T13:48:14+00:00\",\"breadcrumb\":{\"@id\":\"https:\/\/masquenoticias.mx\/index.php\/2023\/10\/21\/movilidad-alerta-por-informacion-falsa-en-redes-sociales-sobre-supuesto-otorgamiento-de-concesiones-ecologicas\/#breadcrumb\"},\"inLanguage\":\"es\",\"potentialAction\":[{\"@type\":\"ReadAction\",\"target\":[\"https:\/\/masquenoticias.mx\/index.php\/2023\/10\/21\/movilidad-alerta-por-informacion-falsa-en-redes-sociales-sobre-supuesto-otorgamiento-de-concesiones-ecologicas\/\"]}]},{\"@type\":\"ImageObject\",\"inLanguage\":\"es\",\"@id\":\"https:\/\/masquenoticias.mx\/index.php\/2023\/10\/21\/movilidad-alerta-por-informacion-falsa-en-redes-sociales-sobre-supuesto-otorgamiento-de-concesiones-ecologicas\/#primaryimage\",\"url\":\"https:\/\/i0.wp.com\/masquenoticias.mx\/wp-content\/uploads\/2023\/10\/WhatsApp-Image-2023-10-20-at-20.33.40-jpeg.webp?fit=1280%2C570&ssl=1\",\"contentUrl\":\"https:\/\/i0.wp.com\/masquenoticias.mx\/wp-content\/uploads\/2023\/10\/WhatsApp-Image-2023-10-20-at-20.33.40-jpeg.webp?fit=1280%2C570&ssl=1\",\"width\":1280,\"height\":570},{\"@type\":\"BreadcrumbList\",\"@id\":\"https:\/\/masquenoticias.mx\/index.php\/2023\/10\/21\/movilidad-alerta-por-informacion-falsa-en-redes-sociales-sobre-supuesto-otorgamiento-de-concesiones-ecologicas\/#breadcrumb\",\"itemListElement\":[{\"@type\":\"ListItem\",\"position\":1,\"name\":\"Inicio\",\"item\":\"https:\/\/masquenoticias.mx\/\"},{\"@type\":\"ListItem\",\"position\":2,\"name\":\"Movilidad alerta por informaci\u00f3n falsa en redes sociales, sobre supuesto otorgamiento de &#8216;concesiones ecol\u00f3gicas&#8217;\"}]},{\"@type\":\"WebSite\",\"@id\":\"https:\/\/masquenoticias.mx\/#website\",\"url\":\"https:\/\/masquenoticias.mx\/\",\"name\":\"M\u00e1s Que Noticias\",\"description\":\"Noticias de Colima, M\u00e9xico y el Mundo\",\"publisher\":{\"@id\":\"https:\/\/masquenoticias.mx\/#organization\"},\"potentialAction\":[{\"@type\":\"SearchAction\",\"target\":{\"@type\":\"EntryPoint\",\"urlTemplate\":\"https:\/\/masquenoticias.mx\/?s={search_term_string}\"},\"query-input\":{\"@type\":\"PropertyValueSpecification\",\"valueRequired\":true,\"valueName\":\"search_term_string\"}}],\"inLanguage\":\"es\"},{\"@type\":\"Organization\",\"@id\":\"https:\/\/masquenoticias.mx\/#organization\",\"name\":\"M\u00e1s Que Noticias\",\"url\":\"https:\/\/masquenoticias.mx\/\",\"logo\":{\"@type\":\"ImageObject\",\"inLanguage\":\"es\",\"@id\":\"https:\/\/masquenoticias.mx\/#\/schema\/logo\/image\/\",\"url\":\"https:\/\/i0.wp.com\/masquenoticias.mx\/wp-content\/uploads\/2024\/04\/IMG_0004.png?fit=2560%2C1656&ssl=1\",\"contentUrl\":\"https:\/\/i0.wp.com\/masquenoticias.mx\/wp-content\/uploads\/2024\/04\/IMG_0004.png?fit=2560%2C1656&ssl=1\",\"width\":2560,\"height\":1656,\"caption\":\"M\u00e1s Que Noticias\"},\"image\":{\"@id\":\"https:\/\/masquenoticias.mx\/#\/schema\/logo\/image\/\"},\"sameAs\":[\"https:\/\/www.facebook.com\/masquenoticiascolima\",\"https:\/\/x.com\/edgartove\",\"https:\/\/www.instagram.com\/masquenoticiascolima\/\"]},{\"@type\":\"Person\",\"@id\":\"https:\/\/masquenoticias.mx\/#\/schema\/person\/6229637729ad377d24e2154e3b30720b\",\"name\":\"Redacci\u00f3n\",\"image\":{\"@type\":\"ImageObject\",\"inLanguage\":\"es\",\"@id\":\"https:\/\/masquenoticias.mx\/#\/schema\/person\/image\/\",\"url\":\"https:\/\/secure.gravatar.com\/avatar\/73899f6b3a3034eb6f719669835ca3a4?s=96&d=mm&r=g\",\"contentUrl\":\"https:\/\/secure.gravatar.com\/avatar\/73899f6b3a3034eb6f719669835ca3a4?s=96&d=mm&r=g\",\"caption\":\"Redacci\u00f3n\"},\"url\":\"https:\/\/masquenoticias.mx\/index.php\/author\/bunburytorresgmail-com\/\"}]}<\/script>\n<!-- \/ Yoast SEO plugin. -->","yoast_head_json":{"title":"Movilidad alerta por informaci\u00f3n falsa en redes sociales, sobre supuesto otorgamiento de 'concesiones ecol\u00f3gicas' - M\u00e1s Que Noticias","robots":{"index":"index","follow":"follow","max-snippet":"max-snippet:-1","max-image-preview":"max-image-preview:large","max-video-preview":"max-video-preview:-1"},"canonical":"https:\/\/masquenoticias.mx\/index.php\/2023\/10\/21\/movilidad-alerta-por-informacion-falsa-en-redes-sociales-sobre-supuesto-otorgamiento-de-concesiones-ecologicas\/","og_locale":"es_MX","og_type":"article","og_title":"Movilidad alerta por informaci\u00f3n falsa en redes sociales, sobre supuesto otorgamiento de 'concesiones ecol\u00f3gicas' - M\u00e1s Que Noticias","og_description":"La Subsecretar\u00eda de Movilidad (Subsemov) del Gobierno del Estado de Colima, informa a la poblaci\u00f3n colimense, que est\u00e1 circulando informaci\u00f3n falsa a trav\u00e9s de redes sociales, particularmente en aplicaciones como WhatsApp, donde se ha compartido un audio en el que se hace referencia al supuesto otorgamiento de \u201cconcesiones ecol\u00f3gicas\u201d para el transporte p\u00fablico. En dicho [&hellip;]","og_url":"https:\/\/masquenoticias.mx\/index.php\/2023\/10\/21\/movilidad-alerta-por-informacion-falsa-en-redes-sociales-sobre-supuesto-otorgamiento-de-concesiones-ecologicas\/","og_site_name":"M\u00e1s Que Noticias","article_publisher":"https:\/\/www.facebook.com\/masquenoticiascolima","article_published_time":"2023-10-21T13:48:14+00:00","og_image":[{"width":1280,"height":570,"url":"https:\/\/i0.wp.com\/masquenoticias.mx\/wp-content\/uploads\/2023\/10\/WhatsApp-Image-2023-10-20-at-20.33.40-jpeg.webp?fit=1280%2C570&ssl=1","type":"image\/jpeg"}],"author":"Redacci\u00f3n","twitter_card":"summary_large_image","twitter_creator":"@edgartove","twitter_site":"@edgartove","twitter_misc":{"Escrito por":"Redacci\u00f3n","Tiempo de lectura":"1 minuto"},"schema":{"@context":"https:\/\/schema.org","@graph":[{"@type":"Article","@id":"https:\/\/masquenoticias.mx\/index.php\/2023\/10\/21\/movilidad-alerta-por-informacion-falsa-en-redes-sociales-sobre-supuesto-otorgamiento-de-concesiones-ecologicas\/#article","isPartOf":{"@id":"https:\/\/masquenoticias.mx\/index.php\/2023\/10\/21\/movilidad-alerta-por-informacion-falsa-en-redes-sociales-sobre-supuesto-otorgamiento-de-concesiones-ecologicas\/"},"author":{"name":"Redacci\u00f3n","@id":"https:\/\/masquenoticias.mx\/#\/schema\/person\/6229637729ad377d24e2154e3b30720b"},"headline":"Movilidad alerta por informaci\u00f3n falsa en redes sociales, sobre supuesto otorgamiento de &#8216;concesiones ecol\u00f3gicas&#8217;","datePublished":"2023-10-21T13:48:14+00:00","mainEntityOfPage":{"@id":"https:\/\/masquenoticias.mx\/index.php\/2023\/10\/21\/movilidad-alerta-por-informacion-falsa-en-redes-sociales-sobre-supuesto-otorgamiento-de-concesiones-ecologicas\/"},"wordCount":315,"commentCount":0,"publisher":{"@id":"https:\/\/masquenoticias.mx\/#organization"},"image":{"@id":"https:\/\/masquenoticias.mx\/index.php\/2023\/10\/21\/movilidad-alerta-por-informacion-falsa-en-redes-sociales-sobre-supuesto-otorgamiento-de-concesiones-ecologicas\/#primaryimage"},"thumbnailUrl":"https:\/\/i0.wp.com\/masquenoticias.mx\/wp-content\/uploads\/2023\/10\/WhatsApp-Image-2023-10-20-at-20.33.40-jpeg.webp?fit=1280%2C570&ssl=1","keywords":["Alerta","Subsemov"],"articleSection":["Estado"],"inLanguage":"es","potentialAction":[{"@type":"CommentAction","name":"Comment","target":["https:\/\/masquenoticias.mx\/index.php\/2023\/10\/21\/movilidad-alerta-por-informacion-falsa-en-redes-sociales-sobre-supuesto-otorgamiento-de-concesiones-ecologicas\/#respond"]}]},{"@type":"WebPage","@id":"https:\/\/masquenoticias.mx\/index.php\/2023\/10\/21\/movilidad-alerta-por-informacion-falsa-en-redes-sociales-sobre-supuesto-otorgamiento-de-concesiones-ecologicas\/","url":"https:\/\/masquenoticias.mx\/index.php\/2023\/10\/21\/movilidad-alerta-por-informacion-falsa-en-redes-sociales-sobre-supuesto-otorgamiento-de-concesiones-ecologicas\/","name":"Movilidad alerta por informaci\u00f3n falsa en redes sociales, sobre supuesto otorgamiento de 'concesiones ecol\u00f3gicas' - M\u00e1s Que Noticias","isPartOf":{"@id":"https:\/\/masquenoticias.mx\/#website"},"primaryImageOfPage":{"@id":"https:\/\/masquenoticias.mx\/index.php\/2023\/10\/21\/movilidad-alerta-por-informacion-falsa-en-redes-sociales-sobre-supuesto-otorgamiento-de-concesiones-ecologicas\/#primaryimage"},"image":{"@id":"https:\/\/masquenoticias.mx\/index.php\/2023\/10\/21\/movilidad-alerta-por-informacion-falsa-en-redes-sociales-sobre-supuesto-otorgamiento-de-concesiones-ecologicas\/#primaryimage"},"thumbnailUrl":"https:\/\/i0.wp.com\/masquenoticias.mx\/wp-content\/uploads\/2023\/10\/WhatsApp-Image-2023-10-20-at-20.33.40-jpeg.webp?fit=1280%2C570&ssl=1","datePublished":"2023-10-21T13:48:14+00:00","breadcrumb":{"@id":"https:\/\/masquenoticias.mx\/index.php\/2023\/10\/21\/movilidad-alerta-por-informacion-falsa-en-redes-sociales-sobre-supuesto-otorgamiento-de-concesiones-ecologicas\/#breadcrumb"},"inLanguage":"es","potentialAction":[{"@type":"ReadAction","target":["https:\/\/masquenoticias.mx\/index.php\/2023\/10\/21\/movilidad-alerta-por-informacion-falsa-en-redes-sociales-sobre-supuesto-otorgamiento-de-concesiones-ecologicas\/"]}]},{"@type":"ImageObject","inLanguage":"es","@id":"https:\/\/masquenoticias.mx\/index.php\/2023\/10\/21\/movilidad-alerta-por-informacion-falsa-en-redes-sociales-sobre-supuesto-otorgamiento-de-concesiones-ecologicas\/#primaryimage","url":"https:\/\/i0.wp.com\/masquenoticias.mx\/wp-content\/uploads\/2023\/10\/WhatsApp-Image-2023-10-20-at-20.33.40-jpeg.webp?fit=1280%2C570&ssl=1","contentUrl":"https:\/\/i0.wp.com\/masquenoticias.mx\/wp-content\/uploads\/2023\/10\/WhatsApp-Image-2023-10-20-at-20.33.40-jpeg.webp?fit=1280%2C570&ssl=1","width":1280,"height":570},{"@type":"BreadcrumbList","@id":"https:\/\/masquenoticias.mx\/index.php\/2023\/10\/21\/movilidad-alerta-por-informacion-falsa-en-redes-sociales-sobre-supuesto-otorgamiento-de-concesiones-ecologicas\/#breadcrumb","itemListElement":[{"@type":"ListItem","position":1,"name":"Inicio","item":"https:\/\/masquenoticias.mx\/"},{"@type":"ListItem","position":2,"name":"Movilidad alerta por informaci\u00f3n falsa en redes sociales, sobre supuesto otorgamiento de &#8216;concesiones ecol\u00f3gicas&#8217;"}]},{"@type":"WebSite","@id":"https:\/\/masquenoticias.mx\/#website","url":"https:\/\/masquenoticias.mx\/","name":"M\u00e1s Que Noticias","description":"Noticias de Colima, M\u00e9xico y el Mundo","publisher":{"@id":"https:\/\/masquenoticias.mx\/#organization"},"potentialAction":[{"@type":"SearchAction","target":{"@type":"EntryPoint","urlTemplate":"https:\/\/masquenoticias.mx\/?s={search_term_string}"},"query-input":{"@type":"PropertyValueSpecification","valueRequired":true,"valueName":"search_term_string"}}],"inLanguage":"es"},{"@type":"Organization","@id":"https:\/\/masquenoticias.mx\/#organization","name":"M\u00e1s Que Noticias","url":"https:\/\/masquenoticias.mx\/","logo":{"@type":"ImageObject","inLanguage":"es","@id":"https:\/\/masquenoticias.mx\/#\/schema\/logo\/image\/","url":"https:\/\/i0.wp.com\/masquenoticias.mx\/wp-content\/uploads\/2024\/04\/IMG_0004.png?fit=2560%2C1656&ssl=1","contentUrl":"https:\/\/i0.wp.com\/masquenoticias.mx\/wp-content\/uploads\/2024\/04\/IMG_0004.png?fit=2560%2C1656&ssl=1","width":2560,"height":1656,"caption":"M\u00e1s Que Noticias"},"image":{"@id":"https:\/\/masquenoticias.mx\/#\/schema\/logo\/image\/"},"sameAs":["https:\/\/www.facebook.com\/masquenoticiascolima","https:\/\/x.com\/edgartove","https:\/\/www.instagram.com\/masquenoticiascolima\/"]},{"@type":"Person","@id":"https:\/\/masquenoticias.mx\/#\/schema\/person\/6229637729ad377d24e2154e3b30720b","name":"Redacci\u00f3n","image":{"@type":"ImageObject","inLanguage":"es","@id":"https:\/\/masquenoticias.mx\/#\/schema\/person\/image\/","url":"https:\/\/secure.gravatar.com\/avatar\/73899f6b3a3034eb6f719669835ca3a4?s=96&d=mm&r=g","contentUrl":"https:\/\/secure.gravatar.com\/avatar\/73899f6b3a3034eb6f719669835ca3a4?s=96&d=mm&r=g","caption":"Redacci\u00f3n"},"url":"https:\/\/masquenoticias.mx\/index.php\/author\/bunburytorresgmail-com\/"}]}},"jetpack_featured_media_url":"https:\/\/i0.wp.com\/masquenoticias.mx\/wp-content\/uploads\/2023\/10\/WhatsApp-Image-2023-10-20-at-20.33.40-jpeg.webp?fit=1280%2C570&ssl=1","blog_post_layout_featured_media_urls":{"thumbnail":["https:\/\/i0.wp.com\/masquenoticias.mx\/wp-content\/uploads\/2023\/10\/WhatsApp-Image-2023-10-20-at-20.33.40-jpeg.webp?resize=150%2C150&ssl=1",150,150,true],"full":["https:\/\/i0.wp.com\/masquenoticias.mx\/wp-content\/uploads\/2023\/10\/WhatsApp-Image-2023-10-20-at-20.33.40-jpeg.webp?fit=1280%2C570&ssl=1",1280,570,false]},"categories_names":{"24":{"name":"Estado","link":"https:\/\/masquenoticias.mx\/index.php\/category\/estado\/"}},"tags_names":{"275":{"name":"Alerta","link":"https:\/\/masquenoticias.mx\/index.php\/tag\/alerta\/"},"191":{"name":"Subsemov","link":"https:\/\/masquenoticias.mx\/index.php\/tag\/subsemov\/"}},"comments_number":"0","wpmagazine_modules_lite_featured_media_urls":{"thumbnail":["https:\/\/i0.wp.com\/masquenoticias.mx\/wp-content\/uploads\/2023\/10\/WhatsApp-Image-2023-10-20-at-20.33.40-jpeg.webp?resize=150%2C150&ssl=1",150,150,true],"cvmm-medium":["https:\/\/i0.wp.com\/masquenoticias.mx\/wp-content\/uploads\/2023\/10\/WhatsApp-Image-2023-10-20-at-20.33.40-jpeg.webp?resize=300%2C300&ssl=1",300,300,true],"cvmm-medium-plus":["https:\/\/i0.wp.com\/masquenoticias.mx\/wp-content\/uploads\/2023\/10\/WhatsApp-Image-2023-10-20-at-20.33.40-jpeg.webp?resize=305%2C207&ssl=1",305,207,true],"cvmm-portrait":["https:\/\/i0.wp.com\/masquenoticias.mx\/wp-content\/uploads\/2023\/10\/WhatsApp-Image-2023-10-20-at-20.33.40-jpeg.webp?resize=400%2C570&ssl=1",400,570,true],"cvmm-medium-square":["https:\/\/i0.wp.com\/masquenoticias.mx\/wp-content\/uploads\/2023\/10\/WhatsApp-Image-2023-10-20-at-20.33.40-jpeg.webp?resize=600%2C570&ssl=1",600,570,true],"cvmm-large":["https:\/\/i0.wp.com\/masquenoticias.mx\/wp-content\/uploads\/2023\/10\/WhatsApp-Image-2023-10-20-at-20.33.40-jpeg.webp?resize=1024%2C570&ssl=1",1024,570,true],"cvmm-small":["https:\/\/i0.wp.com\/masquenoticias.mx\/wp-content\/uploads\/2023\/10\/WhatsApp-Image-2023-10-20-at-20.33.40-jpeg.webp?resize=130%2C95&ssl=1",130,95,true],"full":["https:\/\/i0.wp.com\/masquenoticias.mx\/wp-content\/uploads\/2023\/10\/WhatsApp-Image-2023-10-20-at-20.33.40-jpeg.webp?fit=1280%2C570&ssl=1",1280,570,false]},"jetpack-related-posts":[],"jetpack_sharing_enabled":true,"jetpack_likes_enabled":true,"jetpack_shortlink":"https:\/\/wp.me\/pf7pkt-10u","_links":{"self":[{"href":"https:\/\/masquenoticias.mx\/index.php\/wp-json\/wp\/v2\/posts\/3874","targetHints":{"allow":["GET"]}}],"collection":[{"href":"https:\/\/masquenoticias.mx\/index.php\/wp-json\/wp\/v2\/posts"}],"about":[{"href":"https:\/\/masquenoticias.mx\/index.php\/wp-json\/wp\/v2\/types\/post"}],"author":[{"embeddable":true,"href":"https:\/\/masquenoticias.mx\/index.php\/wp-json\/wp\/v2\/users\/2"}],"replies":[{"embeddable":true,"href":"https:\/\/masquenoticias.mx\/index.php\/wp-json\/wp\/v2\/comments?post=3874"}],"version-history":[{"count":0,"href":"https:\/\/masquenoticias.mx\/index.php\/wp-json\/wp\/v2\/posts\/3874\/revisions"}],"wp:featuredmedia":[{"embeddable":true,"href":"https:\/\/masquenoticias.mx\/index.php\/wp-json\/wp\/v2\/media\/3875"}],"wp:attachment":[{"href":"https:\/\/masquenoticias.mx\/index.php\/wp-json\/wp\/v2\/media?parent=3874"}],"wp:term":[{"taxonomy":"category","embeddable":true,"href":"https:\/\/masquenoticias.mx\/index.php\/wp-json\/wp\/v2\/categories?post=3874"},{"taxonomy":"post_tag","embeddable":true,"href":"https:\/\/masquenoticias.mx\/index.php\/wp-json\/wp\/v2\/tags?post=3874"}],"curies":[{"name":"wp","href":"https:\/\/api.w.org\/{rel}","templated":true}]}}