{"id":3715,"date":"2023-10-18T15:48:19","date_gmt":"2023-10-18T21:48:19","guid":{"rendered":"https:\/\/masquenoticias.mx\/?p=3715"},"modified":"2023-10-18T15:48:19","modified_gmt":"2023-10-18T21:48:19","slug":"en-armeria-ssp-capacita-a-papas-y-mamas-en-prevencion-del-delito","status":"publish","type":"post","link":"https:\/\/masquenoticias.mx\/index.php\/2023\/10\/18\/en-armeria-ssp-capacita-a-papas-y-mamas-en-prevencion-del-delito\/","title":{"rendered":"En Armer\u00eda, SSP capacita a pap\u00e1s y mam\u00e1s en prevenci\u00f3n del delito"},"content":{"rendered":"<p>La Secretar\u00eda de Seguridad P\u00fablica (SSP) del Gobierno del Estado de Colima, a trav\u00e9s del personal del \u00e1rea psicosocial de la Direcci\u00f3n General de Vinculaci\u00f3n Social y Prevenci\u00f3n del Delito, imparti\u00f3 la capacitaci\u00f3n denominada \u2018Salud Mental Preventiva\u2019 a madres y padres de familia de estudiantes de la escuela secundaria \u201cAntonio Barbosa Heldt\u201d turno matutino, ubicada en el municipio de Armer\u00eda.<\/p>\n<p>Los instructores de esta capacitaci\u00f3n acudieron en compa\u00f1\u00eda del director Andr\u00e9s Trujillo Fajardo, con el objetivo de dar a conocer las medidas fundamentales para prevenir incidentes y delitos derivados de situaciones emocionales, brindar las herramientas psicol\u00f3gicas adecuadas para fortalecer los cimientos familiares y de valores, destacando las habilidades para su protecci\u00f3n y la de sus familias.<\/p>\n<p>De igual manera, se realiz\u00f3 la jornada de difusi\u00f3n de los diferentes n\u00fameros para la atenci\u00f3n de situaciones de emergencia, como es la l\u00ednea telef\u00f3nica 911, adem\u00e1s del 075 L\u00ednea Mujer, la Denuncia An\u00f3nima a trav\u00e9s del 089, haciendo \u00e9nfasis en la importancia que para la poblaci\u00f3n tiene que se haga un uso responsable de las mismas, promoviendo una cultura de denuncia a favor de la seguridad.<\/p>\n<div class=\"tiled-gallery type-rectangular tiled-gallery-unresized\" data-original-width=\"640\" data-carousel-extra='null' itemscope itemtype=\"http:\/\/schema.org\/ImageGallery\" > <div class=\"gallery-row\" style=\"width: 640px; height: 98px;\" data-original-width=\"640\" data-original-height=\"98\" > <div class=\"gallery-group images-1\" style=\"width: 165px; height: 98px;\" data-original-width=\"165\" data-original-height=\"98\" > <div class=\"tiled-gallery-item tiled-gallery-item-small\" itemprop=\"associatedMedia\" itemscope itemtype=\"http:\/\/schema.org\/ImageObject\"> <a href=\"https:\/\/masquenoticias.mx\/index.php\/2023\/10\/18\/en-armeria-ssp-capacita-a-papas-y-mamas-en-prevencion-del-delito\/whatsapp-image-2023-10-18-at-14-16-07\/\" border=\"0\" itemprop=\"url\"> <meta itemprop=\"width\" content=\"161\"> <meta itemprop=\"height\" content=\"94\"> <img loading=\"lazy\" decoding=\"async\" class=\"\" data-attachment-id=\"3719\" data-orig-file=\"https:\/\/masquenoticias.mx\/wp-content\/uploads\/2023\/10\/WhatsApp-Image-2023-10-18-at-14.16.07-jpeg.webp\" data-orig-size=\"742,433\" data-comments-opened=\"1\" data-image-meta=\"{&quot;aperture&quot;:&quot;0&quot;,&quot;credit&quot;:&quot;&quot;,&quot;camera&quot;:&quot;&quot;,&quot;caption&quot;:&quot;&quot;,&quot;created_timestamp&quot;:&quot;0&quot;,&quot;copyright&quot;:&quot;&quot;,&quot;focal_length&quot;:&quot;0&quot;,&quot;iso&quot;:&quot;0&quot;,&quot;shutter_speed&quot;:&quot;0&quot;,&quot;title&quot;:&quot;&quot;,&quot;orientation&quot;:&quot;0&quot;}\" data-image-title=\"WhatsApp Image 2023-10-18 at 14.16.07\" data-image-description=\"\" data-medium-file=\"https:\/\/i0.wp.com\/masquenoticias.mx\/wp-content\/uploads\/2023\/10\/WhatsApp-Image-2023-10-18-at-14.16.07-jpeg.webp?fit=300%2C175&#038;ssl=1\" data-large-file=\"https:\/\/i0.wp.com\/masquenoticias.mx\/wp-content\/uploads\/2023\/10\/WhatsApp-Image-2023-10-18-at-14.16.07-jpeg.webp?fit=640%2C373&#038;ssl=1\" src=\"https:\/\/i0.wp.com\/masquenoticias.mx\/wp-content\/uploads\/2023\/10\/WhatsApp-Image-2023-10-18-at-14.16.07-jpeg.webp?w=161&#038;h=94&#038;ssl=1\" srcset=\"https:\/\/i0.wp.com\/masquenoticias.mx\/wp-content\/uploads\/2023\/10\/WhatsApp-Image-2023-10-18-at-14.16.07-jpeg.webp?w=742&amp;ssl=1 742w, https:\/\/i0.wp.com\/masquenoticias.mx\/wp-content\/uploads\/2023\/10\/WhatsApp-Image-2023-10-18-at-14.16.07-jpeg.webp?resize=300%2C175&amp;ssl=1 300w\" width=\"161\" height=\"94\" loading=\"lazy\" data-original-width=\"161\" data-original-height=\"94\" itemprop=\"http:\/\/schema.org\/image\" title=\"WhatsApp Image 2023-10-18 at 14.16.07\" alt=\"WhatsApp Image 2023-10-18 at 14.16.07\" style=\"width: 161px; height: 94px;\" \/> <\/a> <\/div> <\/div> <!-- close group --> <div class=\"gallery-group images-1\" style=\"width: 156px; height: 98px;\" data-original-width=\"156\" data-original-height=\"98\" > <div class=\"tiled-gallery-item tiled-gallery-item-small\" itemprop=\"associatedMedia\" itemscope itemtype=\"http:\/\/schema.org\/ImageObject\"> <a href=\"https:\/\/masquenoticias.mx\/index.php\/2023\/10\/18\/en-armeria-ssp-capacita-a-papas-y-mamas-en-prevencion-del-delito\/whatsapp-image-2023-10-18-at-14-16-06\/\" border=\"0\" itemprop=\"url\"> <meta itemprop=\"width\" content=\"152\"> <meta itemprop=\"height\" content=\"94\"> <img loading=\"lazy\" decoding=\"async\" class=\"\" data-attachment-id=\"3718\" data-orig-file=\"https:\/\/masquenoticias.mx\/wp-content\/uploads\/2023\/10\/WhatsApp-Image-2023-10-18-at-14.16.06-jpeg.webp\" data-orig-size=\"752,466\" data-comments-opened=\"1\" data-image-meta=\"{&quot;aperture&quot;:&quot;0&quot;,&quot;credit&quot;:&quot;&quot;,&quot;camera&quot;:&quot;&quot;,&quot;caption&quot;:&quot;&quot;,&quot;created_timestamp&quot;:&quot;0&quot;,&quot;copyright&quot;:&quot;&quot;,&quot;focal_length&quot;:&quot;0&quot;,&quot;iso&quot;:&quot;0&quot;,&quot;shutter_speed&quot;:&quot;0&quot;,&quot;title&quot;:&quot;&quot;,&quot;orientation&quot;:&quot;0&quot;}\" data-image-title=\"WhatsApp Image 2023-10-18 at 14.16.06\" data-image-description=\"\" data-medium-file=\"https:\/\/i0.wp.com\/masquenoticias.mx\/wp-content\/uploads\/2023\/10\/WhatsApp-Image-2023-10-18-at-14.16.06-jpeg.webp?fit=300%2C186&#038;ssl=1\" data-large-file=\"https:\/\/i0.wp.com\/masquenoticias.mx\/wp-content\/uploads\/2023\/10\/WhatsApp-Image-2023-10-18-at-14.16.06-jpeg.webp?fit=640%2C397&#038;ssl=1\" src=\"https:\/\/i0.wp.com\/masquenoticias.mx\/wp-content\/uploads\/2023\/10\/WhatsApp-Image-2023-10-18-at-14.16.06-jpeg.webp?w=152&#038;h=94&#038;ssl=1\" srcset=\"https:\/\/i0.wp.com\/masquenoticias.mx\/wp-content\/uploads\/2023\/10\/WhatsApp-Image-2023-10-18-at-14.16.06-jpeg.webp?w=752&amp;ssl=1 752w, https:\/\/i0.wp.com\/masquenoticias.mx\/wp-content\/uploads\/2023\/10\/WhatsApp-Image-2023-10-18-at-14.16.06-jpeg.webp?resize=300%2C186&amp;ssl=1 300w\" width=\"152\" height=\"94\" loading=\"lazy\" data-original-width=\"152\" data-original-height=\"94\" itemprop=\"http:\/\/schema.org\/image\" title=\"WhatsApp Image 2023-10-18 at 14.16.06\" alt=\"WhatsApp Image 2023-10-18 at 14.16.06\" style=\"width: 152px; height: 94px;\" \/> <\/a> <\/div> <\/div> <!-- close group --> <div class=\"gallery-group images-1\" style=\"width: 143px; height: 98px;\" data-original-width=\"143\" data-original-height=\"98\" > <div class=\"tiled-gallery-item tiled-gallery-item-small\" itemprop=\"associatedMedia\" itemscope itemtype=\"http:\/\/schema.org\/ImageObject\"> <a href=\"https:\/\/masquenoticias.mx\/index.php\/2023\/10\/18\/en-armeria-ssp-capacita-a-papas-y-mamas-en-prevencion-del-delito\/whatsapp-image-2023-10-18-at-14-16-05\/\" border=\"0\" itemprop=\"url\"> <meta itemprop=\"width\" content=\"139\"> <meta itemprop=\"height\" content=\"94\"> <img loading=\"lazy\" decoding=\"async\" class=\"\" data-attachment-id=\"3717\" data-orig-file=\"https:\/\/masquenoticias.mx\/wp-content\/uploads\/2023\/10\/WhatsApp-Image-2023-10-18-at-14.16.05-jpeg.webp\" data-orig-size=\"753,508\" data-comments-opened=\"1\" data-image-meta=\"{&quot;aperture&quot;:&quot;0&quot;,&quot;credit&quot;:&quot;&quot;,&quot;camera&quot;:&quot;&quot;,&quot;caption&quot;:&quot;&quot;,&quot;created_timestamp&quot;:&quot;0&quot;,&quot;copyright&quot;:&quot;&quot;,&quot;focal_length&quot;:&quot;0&quot;,&quot;iso&quot;:&quot;0&quot;,&quot;shutter_speed&quot;:&quot;0&quot;,&quot;title&quot;:&quot;&quot;,&quot;orientation&quot;:&quot;0&quot;}\" data-image-title=\"WhatsApp Image 2023-10-18 at 14.16.05\" data-image-description=\"\" data-medium-file=\"https:\/\/i0.wp.com\/masquenoticias.mx\/wp-content\/uploads\/2023\/10\/WhatsApp-Image-2023-10-18-at-14.16.05-jpeg.webp?fit=300%2C202&#038;ssl=1\" data-large-file=\"https:\/\/i0.wp.com\/masquenoticias.mx\/wp-content\/uploads\/2023\/10\/WhatsApp-Image-2023-10-18-at-14.16.05-jpeg.webp?fit=640%2C432&#038;ssl=1\" src=\"https:\/\/i0.wp.com\/masquenoticias.mx\/wp-content\/uploads\/2023\/10\/WhatsApp-Image-2023-10-18-at-14.16.05-jpeg.webp?w=139&#038;h=94&#038;ssl=1\" srcset=\"https:\/\/i0.wp.com\/masquenoticias.mx\/wp-content\/uploads\/2023\/10\/WhatsApp-Image-2023-10-18-at-14.16.05-jpeg.webp?w=753&amp;ssl=1 753w, https:\/\/i0.wp.com\/masquenoticias.mx\/wp-content\/uploads\/2023\/10\/WhatsApp-Image-2023-10-18-at-14.16.05-jpeg.webp?resize=300%2C202&amp;ssl=1 300w, https:\/\/i0.wp.com\/masquenoticias.mx\/wp-content\/uploads\/2023\/10\/WhatsApp-Image-2023-10-18-at-14.16.05-jpeg.webp?resize=305%2C207&amp;ssl=1 305w, https:\/\/i0.wp.com\/masquenoticias.mx\/wp-content\/uploads\/2023\/10\/WhatsApp-Image-2023-10-18-at-14.16.05-jpeg.webp?resize=622%2C420&amp;ssl=1 622w\" width=\"139\" height=\"94\" loading=\"lazy\" data-original-width=\"139\" data-original-height=\"94\" itemprop=\"http:\/\/schema.org\/image\" title=\"WhatsApp Image 2023-10-18 at 14.16.05\" alt=\"WhatsApp Image 2023-10-18 at 14.16.05\" style=\"width: 139px; height: 94px;\" \/> <\/a> <\/div> <\/div> <!-- close group --> <div class=\"gallery-group images-1\" style=\"width: 176px; height: 98px;\" data-original-width=\"176\" data-original-height=\"98\" > <div class=\"tiled-gallery-item tiled-gallery-item-small\" itemprop=\"associatedMedia\" itemscope itemtype=\"http:\/\/schema.org\/ImageObject\"> <a href=\"https:\/\/masquenoticias.mx\/index.php\/2023\/10\/18\/en-armeria-ssp-capacita-a-papas-y-mamas-en-prevencion-del-delito\/whatsapp-image-2023-10-18-at-14-16-04\/\" border=\"0\" itemprop=\"url\"> <meta itemprop=\"width\" content=\"172\"> <meta itemprop=\"height\" content=\"94\"> <img loading=\"lazy\" decoding=\"async\" class=\"\" data-attachment-id=\"3716\" data-orig-file=\"https:\/\/masquenoticias.mx\/wp-content\/uploads\/2023\/10\/WhatsApp-Image-2023-10-18-at-14.16.04-jpeg.webp\" data-orig-size=\"816,447\" data-comments-opened=\"1\" data-image-meta=\"{&quot;aperture&quot;:&quot;0&quot;,&quot;credit&quot;:&quot;&quot;,&quot;camera&quot;:&quot;&quot;,&quot;caption&quot;:&quot;&quot;,&quot;created_timestamp&quot;:&quot;0&quot;,&quot;copyright&quot;:&quot;&quot;,&quot;focal_length&quot;:&quot;0&quot;,&quot;iso&quot;:&quot;0&quot;,&quot;shutter_speed&quot;:&quot;0&quot;,&quot;title&quot;:&quot;&quot;,&quot;orientation&quot;:&quot;0&quot;}\" data-image-title=\"WhatsApp Image 2023-10-18 at 14.16.04\" data-image-description=\"\" data-medium-file=\"https:\/\/i0.wp.com\/masquenoticias.mx\/wp-content\/uploads\/2023\/10\/WhatsApp-Image-2023-10-18-at-14.16.04-jpeg.webp?fit=300%2C164&#038;ssl=1\" data-large-file=\"https:\/\/i0.wp.com\/masquenoticias.mx\/wp-content\/uploads\/2023\/10\/WhatsApp-Image-2023-10-18-at-14.16.04-jpeg.webp?fit=640%2C351&#038;ssl=1\" src=\"https:\/\/i0.wp.com\/masquenoticias.mx\/wp-content\/uploads\/2023\/10\/WhatsApp-Image-2023-10-18-at-14.16.04-jpeg.webp?w=172&#038;h=94&#038;ssl=1\" srcset=\"https:\/\/i0.wp.com\/masquenoticias.mx\/wp-content\/uploads\/2023\/10\/WhatsApp-Image-2023-10-18-at-14.16.04-jpeg.webp?w=816&amp;ssl=1 816w, https:\/\/i0.wp.com\/masquenoticias.mx\/wp-content\/uploads\/2023\/10\/WhatsApp-Image-2023-10-18-at-14.16.04-jpeg.webp?resize=300%2C164&amp;ssl=1 300w, https:\/\/i0.wp.com\/masquenoticias.mx\/wp-content\/uploads\/2023\/10\/WhatsApp-Image-2023-10-18-at-14.16.04-jpeg.webp?resize=768%2C421&amp;ssl=1 768w\" width=\"172\" height=\"94\" loading=\"lazy\" data-original-width=\"172\" data-original-height=\"94\" itemprop=\"http:\/\/schema.org\/image\" title=\"WhatsApp Image 2023-10-18 at 14.16.04\" alt=\"WhatsApp Image 2023-10-18 at 14.16.04\" style=\"width: 172px; height: 94px;\" \/> <\/a> <\/div> <\/div> <!-- close group --> <\/div> <!-- close row --> <\/div>\n","protected":false},"excerpt":{"rendered":"<p>La Secretar\u00eda de Seguridad P\u00fablica (SSP) del Gobierno del Estado de Colima, a trav\u00e9s del personal del \u00e1rea psicosocial de la Direcci\u00f3n General de Vinculaci\u00f3n Social y Prevenci\u00f3n del Delito, imparti\u00f3 la capacitaci\u00f3n denominada \u2018Salud Mental Preventiva\u2019 a madres y padres de familia de estudiantes de la escuela secundaria \u201cAntonio Barbosa Heldt\u201d turno matutino, ubicada [&hellip;]<\/p>\n","protected":false},"author":2,"featured_media":3718,"comment_status":"open","ping_status":"open","sticky":false,"template":"","format":"standard","meta":{"_jetpack_memberships_contains_paid_content":false,"footnotes":""},"categories":[58],"tags":[234,47],"class_list":["post-3715","post","type-post","status-publish","format-standard","has-post-thumbnail","hentry","category-seguridad","tag-armeria","tag-seguridad"],"yoast_head":"<!-- This site is optimized with the Yoast SEO plugin v26.6 - https:\/\/yoast.com\/wordpress\/plugins\/seo\/ -->\n<title>En Armer\u00eda, SSP capacita a pap\u00e1s y mam\u00e1s en prevenci\u00f3n del delito - M\u00e1s Que Noticias<\/title>\n<meta name=\"robots\" content=\"index, follow, max-snippet:-1, max-image-preview:large, max-video-preview:-1\" \/>\n<link rel=\"canonical\" href=\"https:\/\/masquenoticias.mx\/index.php\/2023\/10\/18\/en-armeria-ssp-capacita-a-papas-y-mamas-en-prevencion-del-delito\/\" \/>\n<meta property=\"og:locale\" content=\"es_MX\" \/>\n<meta property=\"og:type\" content=\"article\" \/>\n<meta property=\"og:title\" content=\"En Armer\u00eda, SSP capacita a pap\u00e1s y mam\u00e1s en prevenci\u00f3n del delito - M\u00e1s Que Noticias\" \/>\n<meta property=\"og:description\" content=\"La Secretar\u00eda de Seguridad P\u00fablica (SSP) del Gobierno del Estado de Colima, a trav\u00e9s del personal del \u00e1rea psicosocial de la Direcci\u00f3n General de Vinculaci\u00f3n Social y Prevenci\u00f3n del Delito, imparti\u00f3 la capacitaci\u00f3n denominada \u2018Salud Mental Preventiva\u2019 a madres y padres de familia de estudiantes de la escuela secundaria \u201cAntonio Barbosa Heldt\u201d turno matutino, ubicada [&hellip;]\" \/>\n<meta property=\"og:url\" content=\"https:\/\/masquenoticias.mx\/index.php\/2023\/10\/18\/en-armeria-ssp-capacita-a-papas-y-mamas-en-prevencion-del-delito\/\" \/>\n<meta property=\"og:site_name\" content=\"M\u00e1s Que Noticias\" \/>\n<meta property=\"article:publisher\" content=\"https:\/\/www.facebook.com\/masquenoticiascolima\" \/>\n<meta property=\"article:published_time\" content=\"2023-10-18T21:48:19+00:00\" \/>\n<meta property=\"og:image\" content=\"https:\/\/i0.wp.com\/masquenoticias.mx\/wp-content\/uploads\/2023\/10\/WhatsApp-Image-2023-10-18-at-14.16.06-jpeg.webp?fit=752%2C466&ssl=1\" \/>\n\t<meta property=\"og:image:width\" content=\"752\" \/>\n\t<meta property=\"og:image:height\" content=\"466\" \/>\n\t<meta property=\"og:image:type\" content=\"image\/jpeg\" \/>\n<meta name=\"author\" content=\"Redacci\u00f3n\" \/>\n<meta name=\"twitter:card\" content=\"summary_large_image\" \/>\n<meta name=\"twitter:creator\" content=\"@edgartove\" \/>\n<meta name=\"twitter:site\" content=\"@edgartove\" \/>\n<meta name=\"twitter:label1\" content=\"Escrito por\" \/>\n\t<meta name=\"twitter:data1\" content=\"Redacci\u00f3n\" \/>\n\t<meta name=\"twitter:label2\" content=\"Tiempo de lectura\" \/>\n\t<meta name=\"twitter:data2\" content=\"1 minuto\" \/>\n<script type=\"application\/ld+json\" class=\"yoast-schema-graph\">{\"@context\":\"https:\/\/schema.org\",\"@graph\":[{\"@type\":\"Article\",\"@id\":\"https:\/\/masquenoticias.mx\/index.php\/2023\/10\/18\/en-armeria-ssp-capacita-a-papas-y-mamas-en-prevencion-del-delito\/#article\",\"isPartOf\":{\"@id\":\"https:\/\/masquenoticias.mx\/index.php\/2023\/10\/18\/en-armeria-ssp-capacita-a-papas-y-mamas-en-prevencion-del-delito\/\"},\"author\":{\"name\":\"Redacci\u00f3n\",\"@id\":\"https:\/\/masquenoticias.mx\/#\/schema\/person\/6229637729ad377d24e2154e3b30720b\"},\"headline\":\"En Armer\u00eda, SSP capacita a pap\u00e1s y mam\u00e1s en prevenci\u00f3n del delito\",\"datePublished\":\"2023-10-18T21:48:19+00:00\",\"mainEntityOfPage\":{\"@id\":\"https:\/\/masquenoticias.mx\/index.php\/2023\/10\/18\/en-armeria-ssp-capacita-a-papas-y-mamas-en-prevencion-del-delito\/\"},\"wordCount\":225,\"commentCount\":0,\"publisher\":{\"@id\":\"https:\/\/masquenoticias.mx\/#organization\"},\"image\":{\"@id\":\"https:\/\/masquenoticias.mx\/index.php\/2023\/10\/18\/en-armeria-ssp-capacita-a-papas-y-mamas-en-prevencion-del-delito\/#primaryimage\"},\"thumbnailUrl\":\"https:\/\/i0.wp.com\/masquenoticias.mx\/wp-content\/uploads\/2023\/10\/WhatsApp-Image-2023-10-18-at-14.16.06-jpeg.webp?fit=752%2C466&ssl=1\",\"keywords\":[\"Armer\u00eda\",\"Seguridad\"],\"articleSection\":[\"Seguridad\"],\"inLanguage\":\"es\",\"potentialAction\":[{\"@type\":\"CommentAction\",\"name\":\"Comment\",\"target\":[\"https:\/\/masquenoticias.mx\/index.php\/2023\/10\/18\/en-armeria-ssp-capacita-a-papas-y-mamas-en-prevencion-del-delito\/#respond\"]}]},{\"@type\":\"WebPage\",\"@id\":\"https:\/\/masquenoticias.mx\/index.php\/2023\/10\/18\/en-armeria-ssp-capacita-a-papas-y-mamas-en-prevencion-del-delito\/\",\"url\":\"https:\/\/masquenoticias.mx\/index.php\/2023\/10\/18\/en-armeria-ssp-capacita-a-papas-y-mamas-en-prevencion-del-delito\/\",\"name\":\"En Armer\u00eda, SSP capacita a pap\u00e1s y mam\u00e1s en prevenci\u00f3n del delito - M\u00e1s Que Noticias\",\"isPartOf\":{\"@id\":\"https:\/\/masquenoticias.mx\/#website\"},\"primaryImageOfPage\":{\"@id\":\"https:\/\/masquenoticias.mx\/index.php\/2023\/10\/18\/en-armeria-ssp-capacita-a-papas-y-mamas-en-prevencion-del-delito\/#primaryimage\"},\"image\":{\"@id\":\"https:\/\/masquenoticias.mx\/index.php\/2023\/10\/18\/en-armeria-ssp-capacita-a-papas-y-mamas-en-prevencion-del-delito\/#primaryimage\"},\"thumbnailUrl\":\"https:\/\/i0.wp.com\/masquenoticias.mx\/wp-content\/uploads\/2023\/10\/WhatsApp-Image-2023-10-18-at-14.16.06-jpeg.webp?fit=752%2C466&ssl=1\",\"datePublished\":\"2023-10-18T21:48:19+00:00\",\"breadcrumb\":{\"@id\":\"https:\/\/masquenoticias.mx\/index.php\/2023\/10\/18\/en-armeria-ssp-capacita-a-papas-y-mamas-en-prevencion-del-delito\/#breadcrumb\"},\"inLanguage\":\"es\",\"potentialAction\":[{\"@type\":\"ReadAction\",\"target\":[\"https:\/\/masquenoticias.mx\/index.php\/2023\/10\/18\/en-armeria-ssp-capacita-a-papas-y-mamas-en-prevencion-del-delito\/\"]}]},{\"@type\":\"ImageObject\",\"inLanguage\":\"es\",\"@id\":\"https:\/\/masquenoticias.mx\/index.php\/2023\/10\/18\/en-armeria-ssp-capacita-a-papas-y-mamas-en-prevencion-del-delito\/#primaryimage\",\"url\":\"https:\/\/i0.wp.com\/masquenoticias.mx\/wp-content\/uploads\/2023\/10\/WhatsApp-Image-2023-10-18-at-14.16.06-jpeg.webp?fit=752%2C466&ssl=1\",\"contentUrl\":\"https:\/\/i0.wp.com\/masquenoticias.mx\/wp-content\/uploads\/2023\/10\/WhatsApp-Image-2023-10-18-at-14.16.06-jpeg.webp?fit=752%2C466&ssl=1\",\"width\":752,\"height\":466},{\"@type\":\"BreadcrumbList\",\"@id\":\"https:\/\/masquenoticias.mx\/index.php\/2023\/10\/18\/en-armeria-ssp-capacita-a-papas-y-mamas-en-prevencion-del-delito\/#breadcrumb\",\"itemListElement\":[{\"@type\":\"ListItem\",\"position\":1,\"name\":\"Inicio\",\"item\":\"https:\/\/masquenoticias.mx\/\"},{\"@type\":\"ListItem\",\"position\":2,\"name\":\"En Armer\u00eda, SSP capacita a pap\u00e1s y mam\u00e1s en prevenci\u00f3n del delito\"}]},{\"@type\":\"WebSite\",\"@id\":\"https:\/\/masquenoticias.mx\/#website\",\"url\":\"https:\/\/masquenoticias.mx\/\",\"name\":\"M\u00e1s Que Noticias\",\"description\":\"Noticias de Colima, M\u00e9xico y el Mundo\",\"publisher\":{\"@id\":\"https:\/\/masquenoticias.mx\/#organization\"},\"potentialAction\":[{\"@type\":\"SearchAction\",\"target\":{\"@type\":\"EntryPoint\",\"urlTemplate\":\"https:\/\/masquenoticias.mx\/?s={search_term_string}\"},\"query-input\":{\"@type\":\"PropertyValueSpecification\",\"valueRequired\":true,\"valueName\":\"search_term_string\"}}],\"inLanguage\":\"es\"},{\"@type\":\"Organization\",\"@id\":\"https:\/\/masquenoticias.mx\/#organization\",\"name\":\"M\u00e1s Que Noticias\",\"url\":\"https:\/\/masquenoticias.mx\/\",\"logo\":{\"@type\":\"ImageObject\",\"inLanguage\":\"es\",\"@id\":\"https:\/\/masquenoticias.mx\/#\/schema\/logo\/image\/\",\"url\":\"https:\/\/i0.wp.com\/masquenoticias.mx\/wp-content\/uploads\/2024\/04\/IMG_0004.png?fit=2560%2C1656&ssl=1\",\"contentUrl\":\"https:\/\/i0.wp.com\/masquenoticias.mx\/wp-content\/uploads\/2024\/04\/IMG_0004.png?fit=2560%2C1656&ssl=1\",\"width\":2560,\"height\":1656,\"caption\":\"M\u00e1s Que Noticias\"},\"image\":{\"@id\":\"https:\/\/masquenoticias.mx\/#\/schema\/logo\/image\/\"},\"sameAs\":[\"https:\/\/www.facebook.com\/masquenoticiascolima\",\"https:\/\/x.com\/edgartove\",\"https:\/\/www.instagram.com\/masquenoticiascolima\/\"]},{\"@type\":\"Person\",\"@id\":\"https:\/\/masquenoticias.mx\/#\/schema\/person\/6229637729ad377d24e2154e3b30720b\",\"name\":\"Redacci\u00f3n\",\"image\":{\"@type\":\"ImageObject\",\"inLanguage\":\"es\",\"@id\":\"https:\/\/masquenoticias.mx\/#\/schema\/person\/image\/\",\"url\":\"https:\/\/secure.gravatar.com\/avatar\/73899f6b3a3034eb6f719669835ca3a4?s=96&d=mm&r=g\",\"contentUrl\":\"https:\/\/secure.gravatar.com\/avatar\/73899f6b3a3034eb6f719669835ca3a4?s=96&d=mm&r=g\",\"caption\":\"Redacci\u00f3n\"},\"url\":\"https:\/\/masquenoticias.mx\/index.php\/author\/bunburytorresgmail-com\/\"}]}<\/script>\n<!-- \/ Yoast SEO plugin. -->","yoast_head_json":{"title":"En Armer\u00eda, SSP capacita a pap\u00e1s y mam\u00e1s en prevenci\u00f3n del delito - M\u00e1s Que Noticias","robots":{"index":"index","follow":"follow","max-snippet":"max-snippet:-1","max-image-preview":"max-image-preview:large","max-video-preview":"max-video-preview:-1"},"canonical":"https:\/\/masquenoticias.mx\/index.php\/2023\/10\/18\/en-armeria-ssp-capacita-a-papas-y-mamas-en-prevencion-del-delito\/","og_locale":"es_MX","og_type":"article","og_title":"En Armer\u00eda, SSP capacita a pap\u00e1s y mam\u00e1s en prevenci\u00f3n del delito - M\u00e1s Que Noticias","og_description":"La Secretar\u00eda de Seguridad P\u00fablica (SSP) del Gobierno del Estado de Colima, a trav\u00e9s del personal del \u00e1rea psicosocial de la Direcci\u00f3n General de Vinculaci\u00f3n Social y Prevenci\u00f3n del Delito, imparti\u00f3 la capacitaci\u00f3n denominada \u2018Salud Mental Preventiva\u2019 a madres y padres de familia de estudiantes de la escuela secundaria \u201cAntonio Barbosa Heldt\u201d turno matutino, ubicada [&hellip;]","og_url":"https:\/\/masquenoticias.mx\/index.php\/2023\/10\/18\/en-armeria-ssp-capacita-a-papas-y-mamas-en-prevencion-del-delito\/","og_site_name":"M\u00e1s Que Noticias","article_publisher":"https:\/\/www.facebook.com\/masquenoticiascolima","article_published_time":"2023-10-18T21:48:19+00:00","og_image":[{"width":752,"height":466,"url":"https:\/\/i0.wp.com\/masquenoticias.mx\/wp-content\/uploads\/2023\/10\/WhatsApp-Image-2023-10-18-at-14.16.06-jpeg.webp?fit=752%2C466&ssl=1","type":"image\/jpeg"}],"author":"Redacci\u00f3n","twitter_card":"summary_large_image","twitter_creator":"@edgartove","twitter_site":"@edgartove","twitter_misc":{"Escrito por":"Redacci\u00f3n","Tiempo de lectura":"1 minuto"},"schema":{"@context":"https:\/\/schema.org","@graph":[{"@type":"Article","@id":"https:\/\/masquenoticias.mx\/index.php\/2023\/10\/18\/en-armeria-ssp-capacita-a-papas-y-mamas-en-prevencion-del-delito\/#article","isPartOf":{"@id":"https:\/\/masquenoticias.mx\/index.php\/2023\/10\/18\/en-armeria-ssp-capacita-a-papas-y-mamas-en-prevencion-del-delito\/"},"author":{"name":"Redacci\u00f3n","@id":"https:\/\/masquenoticias.mx\/#\/schema\/person\/6229637729ad377d24e2154e3b30720b"},"headline":"En Armer\u00eda, SSP capacita a pap\u00e1s y mam\u00e1s en prevenci\u00f3n del delito","datePublished":"2023-10-18T21:48:19+00:00","mainEntityOfPage":{"@id":"https:\/\/masquenoticias.mx\/index.php\/2023\/10\/18\/en-armeria-ssp-capacita-a-papas-y-mamas-en-prevencion-del-delito\/"},"wordCount":225,"commentCount":0,"publisher":{"@id":"https:\/\/masquenoticias.mx\/#organization"},"image":{"@id":"https:\/\/masquenoticias.mx\/index.php\/2023\/10\/18\/en-armeria-ssp-capacita-a-papas-y-mamas-en-prevencion-del-delito\/#primaryimage"},"thumbnailUrl":"https:\/\/i0.wp.com\/masquenoticias.mx\/wp-content\/uploads\/2023\/10\/WhatsApp-Image-2023-10-18-at-14.16.06-jpeg.webp?fit=752%2C466&ssl=1","keywords":["Armer\u00eda","Seguridad"],"articleSection":["Seguridad"],"inLanguage":"es","potentialAction":[{"@type":"CommentAction","name":"Comment","target":["https:\/\/masquenoticias.mx\/index.php\/2023\/10\/18\/en-armeria-ssp-capacita-a-papas-y-mamas-en-prevencion-del-delito\/#respond"]}]},{"@type":"WebPage","@id":"https:\/\/masquenoticias.mx\/index.php\/2023\/10\/18\/en-armeria-ssp-capacita-a-papas-y-mamas-en-prevencion-del-delito\/","url":"https:\/\/masquenoticias.mx\/index.php\/2023\/10\/18\/en-armeria-ssp-capacita-a-papas-y-mamas-en-prevencion-del-delito\/","name":"En Armer\u00eda, SSP capacita a pap\u00e1s y mam\u00e1s en prevenci\u00f3n del delito - M\u00e1s Que Noticias","isPartOf":{"@id":"https:\/\/masquenoticias.mx\/#website"},"primaryImageOfPage":{"@id":"https:\/\/masquenoticias.mx\/index.php\/2023\/10\/18\/en-armeria-ssp-capacita-a-papas-y-mamas-en-prevencion-del-delito\/#primaryimage"},"image":{"@id":"https:\/\/masquenoticias.mx\/index.php\/2023\/10\/18\/en-armeria-ssp-capacita-a-papas-y-mamas-en-prevencion-del-delito\/#primaryimage"},"thumbnailUrl":"https:\/\/i0.wp.com\/masquenoticias.mx\/wp-content\/uploads\/2023\/10\/WhatsApp-Image-2023-10-18-at-14.16.06-jpeg.webp?fit=752%2C466&ssl=1","datePublished":"2023-10-18T21:48:19+00:00","breadcrumb":{"@id":"https:\/\/masquenoticias.mx\/index.php\/2023\/10\/18\/en-armeria-ssp-capacita-a-papas-y-mamas-en-prevencion-del-delito\/#breadcrumb"},"inLanguage":"es","potentialAction":[{"@type":"ReadAction","target":["https:\/\/masquenoticias.mx\/index.php\/2023\/10\/18\/en-armeria-ssp-capacita-a-papas-y-mamas-en-prevencion-del-delito\/"]}]},{"@type":"ImageObject","inLanguage":"es","@id":"https:\/\/masquenoticias.mx\/index.php\/2023\/10\/18\/en-armeria-ssp-capacita-a-papas-y-mamas-en-prevencion-del-delito\/#primaryimage","url":"https:\/\/i0.wp.com\/masquenoticias.mx\/wp-content\/uploads\/2023\/10\/WhatsApp-Image-2023-10-18-at-14.16.06-jpeg.webp?fit=752%2C466&ssl=1","contentUrl":"https:\/\/i0.wp.com\/masquenoticias.mx\/wp-content\/uploads\/2023\/10\/WhatsApp-Image-2023-10-18-at-14.16.06-jpeg.webp?fit=752%2C466&ssl=1","width":752,"height":466},{"@type":"BreadcrumbList","@id":"https:\/\/masquenoticias.mx\/index.php\/2023\/10\/18\/en-armeria-ssp-capacita-a-papas-y-mamas-en-prevencion-del-delito\/#breadcrumb","itemListElement":[{"@type":"ListItem","position":1,"name":"Inicio","item":"https:\/\/masquenoticias.mx\/"},{"@type":"ListItem","position":2,"name":"En Armer\u00eda, SSP capacita a pap\u00e1s y mam\u00e1s en prevenci\u00f3n del delito"}]},{"@type":"WebSite","@id":"https:\/\/masquenoticias.mx\/#website","url":"https:\/\/masquenoticias.mx\/","name":"M\u00e1s Que Noticias","description":"Noticias de Colima, M\u00e9xico y el Mundo","publisher":{"@id":"https:\/\/masquenoticias.mx\/#organization"},"potentialAction":[{"@type":"SearchAction","target":{"@type":"EntryPoint","urlTemplate":"https:\/\/masquenoticias.mx\/?s={search_term_string}"},"query-input":{"@type":"PropertyValueSpecification","valueRequired":true,"valueName":"search_term_string"}}],"inLanguage":"es"},{"@type":"Organization","@id":"https:\/\/masquenoticias.mx\/#organization","name":"M\u00e1s Que Noticias","url":"https:\/\/masquenoticias.mx\/","logo":{"@type":"ImageObject","inLanguage":"es","@id":"https:\/\/masquenoticias.mx\/#\/schema\/logo\/image\/","url":"https:\/\/i0.wp.com\/masquenoticias.mx\/wp-content\/uploads\/2024\/04\/IMG_0004.png?fit=2560%2C1656&ssl=1","contentUrl":"https:\/\/i0.wp.com\/masquenoticias.mx\/wp-content\/uploads\/2024\/04\/IMG_0004.png?fit=2560%2C1656&ssl=1","width":2560,"height":1656,"caption":"M\u00e1s Que Noticias"},"image":{"@id":"https:\/\/masquenoticias.mx\/#\/schema\/logo\/image\/"},"sameAs":["https:\/\/www.facebook.com\/masquenoticiascolima","https:\/\/x.com\/edgartove","https:\/\/www.instagram.com\/masquenoticiascolima\/"]},{"@type":"Person","@id":"https:\/\/masquenoticias.mx\/#\/schema\/person\/6229637729ad377d24e2154e3b30720b","name":"Redacci\u00f3n","image":{"@type":"ImageObject","inLanguage":"es","@id":"https:\/\/masquenoticias.mx\/#\/schema\/person\/image\/","url":"https:\/\/secure.gravatar.com\/avatar\/73899f6b3a3034eb6f719669835ca3a4?s=96&d=mm&r=g","contentUrl":"https:\/\/secure.gravatar.com\/avatar\/73899f6b3a3034eb6f719669835ca3a4?s=96&d=mm&r=g","caption":"Redacci\u00f3n"},"url":"https:\/\/masquenoticias.mx\/index.php\/author\/bunburytorresgmail-com\/"}]}},"jetpack_featured_media_url":"https:\/\/i0.wp.com\/masquenoticias.mx\/wp-content\/uploads\/2023\/10\/WhatsApp-Image-2023-10-18-at-14.16.06-jpeg.webp?fit=752%2C466&ssl=1","blog_post_layout_featured_media_urls":{"thumbnail":["https:\/\/i0.wp.com\/masquenoticias.mx\/wp-content\/uploads\/2023\/10\/WhatsApp-Image-2023-10-18-at-14.16.06-jpeg.webp?resize=150%2C150&ssl=1",150,150,true],"full":["https:\/\/i0.wp.com\/masquenoticias.mx\/wp-content\/uploads\/2023\/10\/WhatsApp-Image-2023-10-18-at-14.16.06-jpeg.webp?fit=752%2C466&ssl=1",752,466,false]},"categories_names":{"58":{"name":"Seguridad","link":"https:\/\/masquenoticias.mx\/index.php\/category\/seguridad\/"}},"tags_names":{"234":{"name":"Armer\u00eda","link":"https:\/\/masquenoticias.mx\/index.php\/tag\/armeria\/"},"47":{"name":"Seguridad","link":"https:\/\/masquenoticias.mx\/index.php\/tag\/seguridad\/"}},"comments_number":"0","wpmagazine_modules_lite_featured_media_urls":{"thumbnail":["https:\/\/i0.wp.com\/masquenoticias.mx\/wp-content\/uploads\/2023\/10\/WhatsApp-Image-2023-10-18-at-14.16.06-jpeg.webp?resize=150%2C150&ssl=1",150,150,true],"cvmm-medium":["https:\/\/i0.wp.com\/masquenoticias.mx\/wp-content\/uploads\/2023\/10\/WhatsApp-Image-2023-10-18-at-14.16.06-jpeg.webp?resize=300%2C300&ssl=1",300,300,true],"cvmm-medium-plus":["https:\/\/i0.wp.com\/masquenoticias.mx\/wp-content\/uploads\/2023\/10\/WhatsApp-Image-2023-10-18-at-14.16.06-jpeg.webp?resize=305%2C207&ssl=1",305,207,true],"cvmm-portrait":["https:\/\/i0.wp.com\/masquenoticias.mx\/wp-content\/uploads\/2023\/10\/WhatsApp-Image-2023-10-18-at-14.16.06-jpeg.webp?resize=400%2C466&ssl=1",400,466,true],"cvmm-medium-square":["https:\/\/i0.wp.com\/masquenoticias.mx\/wp-content\/uploads\/2023\/10\/WhatsApp-Image-2023-10-18-at-14.16.06-jpeg.webp?resize=600%2C466&ssl=1",600,466,true],"cvmm-large":["https:\/\/i0.wp.com\/masquenoticias.mx\/wp-content\/uploads\/2023\/10\/WhatsApp-Image-2023-10-18-at-14.16.06-jpeg.webp?resize=752%2C466&ssl=1",752,466,true],"cvmm-small":["https:\/\/i0.wp.com\/masquenoticias.mx\/wp-content\/uploads\/2023\/10\/WhatsApp-Image-2023-10-18-at-14.16.06-jpeg.webp?resize=130%2C95&ssl=1",130,95,true],"full":["https:\/\/i0.wp.com\/masquenoticias.mx\/wp-content\/uploads\/2023\/10\/WhatsApp-Image-2023-10-18-at-14.16.06-jpeg.webp?fit=752%2C466&ssl=1",752,466,false]},"jetpack-related-posts":[],"jetpack_sharing_enabled":true,"jetpack_likes_enabled":true,"jetpack_shortlink":"https:\/\/wp.me\/pf7pkt-XV","_links":{"self":[{"href":"https:\/\/masquenoticias.mx\/index.php\/wp-json\/wp\/v2\/posts\/3715","targetHints":{"allow":["GET"]}}],"collection":[{"href":"https:\/\/masquenoticias.mx\/index.php\/wp-json\/wp\/v2\/posts"}],"about":[{"href":"https:\/\/masquenoticias.mx\/index.php\/wp-json\/wp\/v2\/types\/post"}],"author":[{"embeddable":true,"href":"https:\/\/masquenoticias.mx\/index.php\/wp-json\/wp\/v2\/users\/2"}],"replies":[{"embeddable":true,"href":"https:\/\/masquenoticias.mx\/index.php\/wp-json\/wp\/v2\/comments?post=3715"}],"version-history":[{"count":0,"href":"https:\/\/masquenoticias.mx\/index.php\/wp-json\/wp\/v2\/posts\/3715\/revisions"}],"wp:featuredmedia":[{"embeddable":true,"href":"https:\/\/masquenoticias.mx\/index.php\/wp-json\/wp\/v2\/media\/3718"}],"wp:attachment":[{"href":"https:\/\/masquenoticias.mx\/index.php\/wp-json\/wp\/v2\/media?parent=3715"}],"wp:term":[{"taxonomy":"category","embeddable":true,"href":"https:\/\/masquenoticias.mx\/index.php\/wp-json\/wp\/v2\/categories?post=3715"},{"taxonomy":"post_tag","embeddable":true,"href":"https:\/\/masquenoticias.mx\/index.php\/wp-json\/wp\/v2\/tags?post=3715"}],"curies":[{"name":"wp","href":"https:\/\/api.w.org\/{rel}","templated":true}]}}