{"id":3417,"date":"2023-10-12T19:43:13","date_gmt":"2023-10-13T01:43:13","guid":{"rendered":"https:\/\/masquenoticias.mx\/?p=3417"},"modified":"2023-10-12T19:43:13","modified_gmt":"2023-10-13T01:43:13","slug":"continua-la-probabilidad-de-lluvias-en-algunas-zonas-del-estado-de-colima","status":"publish","type":"post","link":"https:\/\/masquenoticias.mx\/index.php\/2023\/10\/12\/continua-la-probabilidad-de-lluvias-en-algunas-zonas-del-estado-de-colima\/","title":{"rendered":"Contin\u00faa la probabilidad de lluvias en algunas zonas del estado de Colima"},"content":{"rendered":"<p>El Servicio Meteorol\u00f3gico Nacional (SMN), fuente oficial del Gobierno de M\u00e9xico, dio a conocer que, durante las siguientes horas, canales de baja presi\u00f3n se extender\u00e1n sobre la Sierra Madre Occidental, noreste y centro de nuestro pa\u00eds, y aunado al ingreso de humedad de ambos litorales, producir\u00e1n lluvias puntuales fuertes en Colima, Jalisco y Michoac\u00e1n, Nayarit y Sinaloa; prev\u00e9 la formaci\u00f3n de una zona de baja presi\u00f3n al sur de las costas de Michoac\u00e1n, Guerrero y Oaxaca, con 30 por ciento de probabilidad para desarrollo cicl\u00f3nico en los pr\u00f3ximos siete d\u00edas.<\/p>\n<p>La Unidad Estatal de Protecci\u00f3n Civil (UEPC) del Gobierno del Estado de Colima vigila de manera permanente los fen\u00f3menos hidrometeorol\u00f3gicos que, durante las pr\u00f3ximas horas, podr\u00edan ocasionar intervalos de chubascos con lluvias puntuales fuertes que ir\u00edan de los 25 a 50 mil\u00edmetros en algunas zonas del territorio colimense.<\/p>\n<p>Para este viernes 13 de octubre, el organismo de la Comisi\u00f3n Nacional del Agua (Conagua) tambi\u00e9n prev\u00e9 que en Colima puedan alcanzarse temperaturas m\u00e1ximas de hasta 35 grados Celsius, igual que en Jalisco, Michoac\u00e1n, Guerrero, Baja California, Sonora, Coahuila, Sinaloa, Nayarit, Puebla y Oaxaca.<\/p>\n<p>Para el Pac\u00edfico Centro se estima este viernes cielo parcialmente nublado la mayor parte del d\u00eda, con probabilidad de lluvias puntuales fuertes en Colima y Jalisco, chubascos en Michoac\u00e1n y Nayarit, con descargas el\u00e9ctricas; ambiente fresco a templado por la ma\u00f1ana y c\u00e1lido por la tarde, adem\u00e1s de viento de direcci\u00f3n variable con rachas de hasta 40 kil\u00f3metros por hora en la regi\u00f3n.<\/p>\n<p>Protecci\u00f3n Civil Estatal Colima recomienda a la poblaci\u00f3n mantener sus medidas de prevenci\u00f3n y estar informada acerca de las condiciones meteorol\u00f3gicas a trav\u00e9s de las fuentes oficiales de los organismos de Protecci\u00f3n Civil, en las cuentas y redes del Gobierno del Estado de Colima o medios de comunicaci\u00f3n.<\/p>\n<div class=\"tiled-gallery type-rectangular tiled-gallery-unresized\" data-original-width=\"640\" data-carousel-extra='null' itemscope itemtype=\"http:\/\/schema.org\/ImageGallery\" > <div class=\"gallery-row\" style=\"width: 640px; height: 342px;\" data-original-width=\"640\" data-original-height=\"342\" > <div class=\"gallery-group images-1\" style=\"width: 382px; height: 342px;\" data-original-width=\"382\" data-original-height=\"342\" > <div class=\"tiled-gallery-item tiled-gallery-item-large\" itemprop=\"associatedMedia\" itemscope itemtype=\"http:\/\/schema.org\/ImageObject\"> <a href=\"https:\/\/masquenoticias.mx\/index.php\/2023\/10\/12\/continua-la-probabilidad-de-lluvias-en-algunas-zonas-del-estado-de-colima\/whatsapp-image-2023-10-12-at-18-53-40\/\" border=\"0\" itemprop=\"url\"> <meta itemprop=\"width\" content=\"378\"> <meta itemprop=\"height\" content=\"338\"> <img loading=\"lazy\" decoding=\"async\" class=\"\" data-attachment-id=\"3420\" data-orig-file=\"https:\/\/masquenoticias.mx\/wp-content\/uploads\/2023\/10\/WhatsApp-Image-2023-10-12-at-18.53.40-jpeg.webp\" data-orig-size=\"777,696\" data-comments-opened=\"1\" data-image-meta=\"{&quot;aperture&quot;:&quot;0&quot;,&quot;credit&quot;:&quot;&quot;,&quot;camera&quot;:&quot;&quot;,&quot;caption&quot;:&quot;&quot;,&quot;created_timestamp&quot;:&quot;0&quot;,&quot;copyright&quot;:&quot;&quot;,&quot;focal_length&quot;:&quot;0&quot;,&quot;iso&quot;:&quot;0&quot;,&quot;shutter_speed&quot;:&quot;0&quot;,&quot;title&quot;:&quot;&quot;,&quot;orientation&quot;:&quot;0&quot;}\" data-image-title=\"WhatsApp Image 2023-10-12 at 18.53.40\" data-image-description=\"\" data-medium-file=\"https:\/\/i0.wp.com\/masquenoticias.mx\/wp-content\/uploads\/2023\/10\/WhatsApp-Image-2023-10-12-at-18.53.40-jpeg.webp?fit=300%2C269&#038;ssl=1\" data-large-file=\"https:\/\/i0.wp.com\/masquenoticias.mx\/wp-content\/uploads\/2023\/10\/WhatsApp-Image-2023-10-12-at-18.53.40-jpeg.webp?fit=640%2C573&#038;ssl=1\" src=\"https:\/\/i0.wp.com\/masquenoticias.mx\/wp-content\/uploads\/2023\/10\/WhatsApp-Image-2023-10-12-at-18.53.40-jpeg.webp?w=378&#038;h=338&#038;ssl=1\" srcset=\"https:\/\/i0.wp.com\/masquenoticias.mx\/wp-content\/uploads\/2023\/10\/WhatsApp-Image-2023-10-12-at-18.53.40-jpeg.webp?w=777&amp;ssl=1 777w, https:\/\/i0.wp.com\/masquenoticias.mx\/wp-content\/uploads\/2023\/10\/WhatsApp-Image-2023-10-12-at-18.53.40-jpeg.webp?resize=300%2C269&amp;ssl=1 300w, https:\/\/i0.wp.com\/masquenoticias.mx\/wp-content\/uploads\/2023\/10\/WhatsApp-Image-2023-10-12-at-18.53.40-jpeg.webp?resize=768%2C688&amp;ssl=1 768w\" width=\"378\" height=\"338\" loading=\"lazy\" data-original-width=\"378\" data-original-height=\"338\" itemprop=\"http:\/\/schema.org\/image\" title=\"WhatsApp Image 2023-10-12 at 18.53.40\" alt=\"WhatsApp Image 2023-10-12 at 18.53.40\" style=\"width: 378px; height: 338px;\" \/> <\/a> <\/div> <\/div> <!-- close group --> <div class=\"gallery-group images-2\" style=\"width: 258px; height: 342px;\" data-original-width=\"258\" data-original-height=\"342\" > <div class=\"tiled-gallery-item tiled-gallery-item-large\" itemprop=\"associatedMedia\" itemscope itemtype=\"http:\/\/schema.org\/ImageObject\"> <a href=\"https:\/\/masquenoticias.mx\/index.php\/2023\/10\/12\/continua-la-probabilidad-de-lluvias-en-algunas-zonas-del-estado-de-colima\/whatsapp-image-2023-10-12-at-18-53-40-1\/\" border=\"0\" itemprop=\"url\"> <meta itemprop=\"width\" content=\"254\"> <meta itemprop=\"height\" content=\"164\"> <img loading=\"lazy\" decoding=\"async\" class=\"\" data-attachment-id=\"3419\" data-orig-file=\"https:\/\/masquenoticias.mx\/wp-content\/uploads\/2023\/10\/WhatsApp-Image-2023-10-12-at-18.53.40-1-jpeg.webp\" data-orig-size=\"485,312\" data-comments-opened=\"1\" data-image-meta=\"{&quot;aperture&quot;:&quot;0&quot;,&quot;credit&quot;:&quot;&quot;,&quot;camera&quot;:&quot;&quot;,&quot;caption&quot;:&quot;&quot;,&quot;created_timestamp&quot;:&quot;0&quot;,&quot;copyright&quot;:&quot;&quot;,&quot;focal_length&quot;:&quot;0&quot;,&quot;iso&quot;:&quot;0&quot;,&quot;shutter_speed&quot;:&quot;0&quot;,&quot;title&quot;:&quot;&quot;,&quot;orientation&quot;:&quot;0&quot;}\" data-image-title=\"WhatsApp Image 2023-10-12 at 18.53.40 (1)\" data-image-description=\"\" data-medium-file=\"https:\/\/i0.wp.com\/masquenoticias.mx\/wp-content\/uploads\/2023\/10\/WhatsApp-Image-2023-10-12-at-18.53.40-1-jpeg.webp?fit=300%2C193&#038;ssl=1\" data-large-file=\"https:\/\/i0.wp.com\/masquenoticias.mx\/wp-content\/uploads\/2023\/10\/WhatsApp-Image-2023-10-12-at-18.53.40-1-jpeg.webp?fit=485%2C312&#038;ssl=1\" src=\"https:\/\/i0.wp.com\/masquenoticias.mx\/wp-content\/uploads\/2023\/10\/WhatsApp-Image-2023-10-12-at-18.53.40-1-jpeg.webp?w=254&#038;h=164&#038;ssl=1\" srcset=\"https:\/\/i0.wp.com\/masquenoticias.mx\/wp-content\/uploads\/2023\/10\/WhatsApp-Image-2023-10-12-at-18.53.40-1-jpeg.webp?w=485&amp;ssl=1 485w, https:\/\/i0.wp.com\/masquenoticias.mx\/wp-content\/uploads\/2023\/10\/WhatsApp-Image-2023-10-12-at-18.53.40-1-jpeg.webp?resize=300%2C193&amp;ssl=1 300w\" width=\"254\" height=\"164\" loading=\"lazy\" data-original-width=\"254\" data-original-height=\"164\" itemprop=\"http:\/\/schema.org\/image\" title=\"WhatsApp Image 2023-10-12 at 18.53.40 (1)\" alt=\"WhatsApp Image 2023-10-12 at 18.53.40 (1)\" style=\"width: 254px; height: 164px;\" \/> <\/a> <\/div> <div class=\"tiled-gallery-item tiled-gallery-item-large\" itemprop=\"associatedMedia\" itemscope itemtype=\"http:\/\/schema.org\/ImageObject\"> <a href=\"https:\/\/masquenoticias.mx\/index.php\/2023\/10\/12\/continua-la-probabilidad-de-lluvias-en-algunas-zonas-del-estado-de-colima\/whatsapp-image-2023-10-12-at-18-53-39\/\" border=\"0\" itemprop=\"url\"> <meta itemprop=\"width\" content=\"254\"> <meta itemprop=\"height\" content=\"170\"> <img loading=\"lazy\" decoding=\"async\" class=\"\" data-attachment-id=\"3418\" data-orig-file=\"https:\/\/masquenoticias.mx\/wp-content\/uploads\/2023\/10\/WhatsApp-Image-2023-10-12-at-18.53.39-jpeg.webp\" data-orig-size=\"1554,1042\" data-comments-opened=\"1\" data-image-meta=\"{&quot;aperture&quot;:&quot;0&quot;,&quot;credit&quot;:&quot;&quot;,&quot;camera&quot;:&quot;&quot;,&quot;caption&quot;:&quot;&quot;,&quot;created_timestamp&quot;:&quot;0&quot;,&quot;copyright&quot;:&quot;&quot;,&quot;focal_length&quot;:&quot;0&quot;,&quot;iso&quot;:&quot;0&quot;,&quot;shutter_speed&quot;:&quot;0&quot;,&quot;title&quot;:&quot;&quot;,&quot;orientation&quot;:&quot;0&quot;}\" data-image-title=\"WhatsApp Image 2023-10-12 at 18.53.39\" data-image-description=\"\" data-medium-file=\"https:\/\/i0.wp.com\/masquenoticias.mx\/wp-content\/uploads\/2023\/10\/WhatsApp-Image-2023-10-12-at-18.53.39-jpeg.webp?fit=300%2C201&#038;ssl=1\" data-large-file=\"https:\/\/i0.wp.com\/masquenoticias.mx\/wp-content\/uploads\/2023\/10\/WhatsApp-Image-2023-10-12-at-18.53.39-jpeg.webp?fit=640%2C429&#038;ssl=1\" src=\"https:\/\/i0.wp.com\/masquenoticias.mx\/wp-content\/uploads\/2023\/10\/WhatsApp-Image-2023-10-12-at-18.53.39-jpeg.webp?w=254&#038;h=170&#038;ssl=1\" srcset=\"https:\/\/i0.wp.com\/masquenoticias.mx\/wp-content\/uploads\/2023\/10\/WhatsApp-Image-2023-10-12-at-18.53.39-jpeg.webp?w=1554&amp;ssl=1 1554w, https:\/\/i0.wp.com\/masquenoticias.mx\/wp-content\/uploads\/2023\/10\/WhatsApp-Image-2023-10-12-at-18.53.39-jpeg.webp?resize=300%2C201&amp;ssl=1 300w, https:\/\/i0.wp.com\/masquenoticias.mx\/wp-content\/uploads\/2023\/10\/WhatsApp-Image-2023-10-12-at-18.53.39-jpeg.webp?resize=1024%2C687&amp;ssl=1 1024w, https:\/\/i0.wp.com\/masquenoticias.mx\/wp-content\/uploads\/2023\/10\/WhatsApp-Image-2023-10-12-at-18.53.39-jpeg.webp?resize=768%2C515&amp;ssl=1 768w, https:\/\/i0.wp.com\/masquenoticias.mx\/wp-content\/uploads\/2023\/10\/WhatsApp-Image-2023-10-12-at-18.53.39-jpeg.webp?resize=1536%2C1030&amp;ssl=1 1536w, https:\/\/i0.wp.com\/masquenoticias.mx\/wp-content\/uploads\/2023\/10\/WhatsApp-Image-2023-10-12-at-18.53.39-jpeg.webp?w=1280&amp;ssl=1 1280w\" width=\"254\" height=\"170\" loading=\"lazy\" data-original-width=\"254\" data-original-height=\"170\" itemprop=\"http:\/\/schema.org\/image\" title=\"WhatsApp Image 2023-10-12 at 18.53.39\" alt=\"WhatsApp Image 2023-10-12 at 18.53.39\" style=\"width: 254px; height: 170px;\" \/> <\/a> <\/div> <\/div> <!-- close group --> <\/div> <!-- close row --> <\/div>\n","protected":false},"excerpt":{"rendered":"<p>El Servicio Meteorol\u00f3gico Nacional (SMN), fuente oficial del Gobierno de M\u00e9xico, dio a conocer que, durante las siguientes horas, canales de baja presi\u00f3n se extender\u00e1n sobre la Sierra Madre Occidental, noreste y centro de nuestro pa\u00eds, y aunado al ingreso de humedad de ambos litorales, producir\u00e1n lluvias puntuales fuertes en Colima, Jalisco y Michoac\u00e1n, Nayarit [&hellip;]<\/p>\n","protected":false},"author":2,"featured_media":3418,"comment_status":"open","ping_status":"open","sticky":false,"template":"","format":"standard","meta":{"_jetpack_memberships_contains_paid_content":false,"footnotes":""},"categories":[24],"tags":[119,264],"class_list":["post-3417","post","type-post","status-publish","format-standard","has-post-thumbnail","hentry","category-estado","tag-clima","tag-uepc"],"yoast_head":"<!-- This site is optimized with the Yoast SEO plugin v26.6 - https:\/\/yoast.com\/wordpress\/plugins\/seo\/ -->\n<title>Contin\u00faa la probabilidad de lluvias en algunas zonas del estado de Colima - M\u00e1s Que Noticias<\/title>\n<meta name=\"robots\" content=\"index, follow, max-snippet:-1, max-image-preview:large, max-video-preview:-1\" \/>\n<link rel=\"canonical\" href=\"https:\/\/masquenoticias.mx\/index.php\/2023\/10\/12\/continua-la-probabilidad-de-lluvias-en-algunas-zonas-del-estado-de-colima\/\" \/>\n<meta property=\"og:locale\" content=\"es_MX\" \/>\n<meta property=\"og:type\" content=\"article\" \/>\n<meta property=\"og:title\" content=\"Contin\u00faa la probabilidad de lluvias en algunas zonas del estado de Colima - M\u00e1s Que Noticias\" \/>\n<meta property=\"og:description\" content=\"El Servicio Meteorol\u00f3gico Nacional (SMN), fuente oficial del Gobierno de M\u00e9xico, dio a conocer que, durante las siguientes horas, canales de baja presi\u00f3n se extender\u00e1n sobre la Sierra Madre Occidental, noreste y centro de nuestro pa\u00eds, y aunado al ingreso de humedad de ambos litorales, producir\u00e1n lluvias puntuales fuertes en Colima, Jalisco y Michoac\u00e1n, Nayarit [&hellip;]\" \/>\n<meta property=\"og:url\" content=\"https:\/\/masquenoticias.mx\/index.php\/2023\/10\/12\/continua-la-probabilidad-de-lluvias-en-algunas-zonas-del-estado-de-colima\/\" \/>\n<meta property=\"og:site_name\" content=\"M\u00e1s Que Noticias\" \/>\n<meta property=\"article:publisher\" content=\"https:\/\/www.facebook.com\/masquenoticiascolima\" \/>\n<meta property=\"article:published_time\" content=\"2023-10-13T01:43:13+00:00\" \/>\n<meta property=\"og:image\" content=\"https:\/\/i0.wp.com\/masquenoticias.mx\/wp-content\/uploads\/2023\/10\/WhatsApp-Image-2023-10-12-at-18.53.39-jpeg.webp?fit=1554%2C1042&ssl=1\" \/>\n\t<meta property=\"og:image:width\" content=\"1554\" \/>\n\t<meta property=\"og:image:height\" content=\"1042\" \/>\n\t<meta property=\"og:image:type\" content=\"image\/jpeg\" \/>\n<meta name=\"author\" content=\"Redacci\u00f3n\" \/>\n<meta name=\"twitter:card\" content=\"summary_large_image\" \/>\n<meta name=\"twitter:creator\" content=\"@edgartove\" \/>\n<meta name=\"twitter:site\" content=\"@edgartove\" \/>\n<meta name=\"twitter:label1\" content=\"Escrito por\" \/>\n\t<meta name=\"twitter:data1\" content=\"Redacci\u00f3n\" \/>\n\t<meta name=\"twitter:label2\" content=\"Tiempo de lectura\" \/>\n\t<meta name=\"twitter:data2\" content=\"2 minutos\" \/>\n<script type=\"application\/ld+json\" class=\"yoast-schema-graph\">{\"@context\":\"https:\/\/schema.org\",\"@graph\":[{\"@type\":\"Article\",\"@id\":\"https:\/\/masquenoticias.mx\/index.php\/2023\/10\/12\/continua-la-probabilidad-de-lluvias-en-algunas-zonas-del-estado-de-colima\/#article\",\"isPartOf\":{\"@id\":\"https:\/\/masquenoticias.mx\/index.php\/2023\/10\/12\/continua-la-probabilidad-de-lluvias-en-algunas-zonas-del-estado-de-colima\/\"},\"author\":{\"name\":\"Redacci\u00f3n\",\"@id\":\"https:\/\/masquenoticias.mx\/#\/schema\/person\/6229637729ad377d24e2154e3b30720b\"},\"headline\":\"Contin\u00faa la probabilidad de lluvias en algunas zonas del estado de Colima\",\"datePublished\":\"2023-10-13T01:43:13+00:00\",\"mainEntityOfPage\":{\"@id\":\"https:\/\/masquenoticias.mx\/index.php\/2023\/10\/12\/continua-la-probabilidad-de-lluvias-en-algunas-zonas-del-estado-de-colima\/\"},\"wordCount\":347,\"commentCount\":0,\"publisher\":{\"@id\":\"https:\/\/masquenoticias.mx\/#organization\"},\"image\":{\"@id\":\"https:\/\/masquenoticias.mx\/index.php\/2023\/10\/12\/continua-la-probabilidad-de-lluvias-en-algunas-zonas-del-estado-de-colima\/#primaryimage\"},\"thumbnailUrl\":\"https:\/\/i0.wp.com\/masquenoticias.mx\/wp-content\/uploads\/2023\/10\/WhatsApp-Image-2023-10-12-at-18.53.39-jpeg.webp?fit=1554%2C1042&ssl=1\",\"keywords\":[\"Clima\",\"UEPC\"],\"articleSection\":[\"Estado\"],\"inLanguage\":\"es\",\"potentialAction\":[{\"@type\":\"CommentAction\",\"name\":\"Comment\",\"target\":[\"https:\/\/masquenoticias.mx\/index.php\/2023\/10\/12\/continua-la-probabilidad-de-lluvias-en-algunas-zonas-del-estado-de-colima\/#respond\"]}]},{\"@type\":\"WebPage\",\"@id\":\"https:\/\/masquenoticias.mx\/index.php\/2023\/10\/12\/continua-la-probabilidad-de-lluvias-en-algunas-zonas-del-estado-de-colima\/\",\"url\":\"https:\/\/masquenoticias.mx\/index.php\/2023\/10\/12\/continua-la-probabilidad-de-lluvias-en-algunas-zonas-del-estado-de-colima\/\",\"name\":\"Contin\u00faa la probabilidad de lluvias en algunas zonas del estado de Colima - M\u00e1s Que Noticias\",\"isPartOf\":{\"@id\":\"https:\/\/masquenoticias.mx\/#website\"},\"primaryImageOfPage\":{\"@id\":\"https:\/\/masquenoticias.mx\/index.php\/2023\/10\/12\/continua-la-probabilidad-de-lluvias-en-algunas-zonas-del-estado-de-colima\/#primaryimage\"},\"image\":{\"@id\":\"https:\/\/masquenoticias.mx\/index.php\/2023\/10\/12\/continua-la-probabilidad-de-lluvias-en-algunas-zonas-del-estado-de-colima\/#primaryimage\"},\"thumbnailUrl\":\"https:\/\/i0.wp.com\/masquenoticias.mx\/wp-content\/uploads\/2023\/10\/WhatsApp-Image-2023-10-12-at-18.53.39-jpeg.webp?fit=1554%2C1042&ssl=1\",\"datePublished\":\"2023-10-13T01:43:13+00:00\",\"breadcrumb\":{\"@id\":\"https:\/\/masquenoticias.mx\/index.php\/2023\/10\/12\/continua-la-probabilidad-de-lluvias-en-algunas-zonas-del-estado-de-colima\/#breadcrumb\"},\"inLanguage\":\"es\",\"potentialAction\":[{\"@type\":\"ReadAction\",\"target\":[\"https:\/\/masquenoticias.mx\/index.php\/2023\/10\/12\/continua-la-probabilidad-de-lluvias-en-algunas-zonas-del-estado-de-colima\/\"]}]},{\"@type\":\"ImageObject\",\"inLanguage\":\"es\",\"@id\":\"https:\/\/masquenoticias.mx\/index.php\/2023\/10\/12\/continua-la-probabilidad-de-lluvias-en-algunas-zonas-del-estado-de-colima\/#primaryimage\",\"url\":\"https:\/\/i0.wp.com\/masquenoticias.mx\/wp-content\/uploads\/2023\/10\/WhatsApp-Image-2023-10-12-at-18.53.39-jpeg.webp?fit=1554%2C1042&ssl=1\",\"contentUrl\":\"https:\/\/i0.wp.com\/masquenoticias.mx\/wp-content\/uploads\/2023\/10\/WhatsApp-Image-2023-10-12-at-18.53.39-jpeg.webp?fit=1554%2C1042&ssl=1\",\"width\":1554,\"height\":1042},{\"@type\":\"BreadcrumbList\",\"@id\":\"https:\/\/masquenoticias.mx\/index.php\/2023\/10\/12\/continua-la-probabilidad-de-lluvias-en-algunas-zonas-del-estado-de-colima\/#breadcrumb\",\"itemListElement\":[{\"@type\":\"ListItem\",\"position\":1,\"name\":\"Inicio\",\"item\":\"https:\/\/masquenoticias.mx\/\"},{\"@type\":\"ListItem\",\"position\":2,\"name\":\"Contin\u00faa la probabilidad de lluvias en algunas zonas del estado de Colima\"}]},{\"@type\":\"WebSite\",\"@id\":\"https:\/\/masquenoticias.mx\/#website\",\"url\":\"https:\/\/masquenoticias.mx\/\",\"name\":\"M\u00e1s Que Noticias\",\"description\":\"Noticias de Colima, M\u00e9xico y el Mundo\",\"publisher\":{\"@id\":\"https:\/\/masquenoticias.mx\/#organization\"},\"potentialAction\":[{\"@type\":\"SearchAction\",\"target\":{\"@type\":\"EntryPoint\",\"urlTemplate\":\"https:\/\/masquenoticias.mx\/?s={search_term_string}\"},\"query-input\":{\"@type\":\"PropertyValueSpecification\",\"valueRequired\":true,\"valueName\":\"search_term_string\"}}],\"inLanguage\":\"es\"},{\"@type\":\"Organization\",\"@id\":\"https:\/\/masquenoticias.mx\/#organization\",\"name\":\"M\u00e1s Que Noticias\",\"url\":\"https:\/\/masquenoticias.mx\/\",\"logo\":{\"@type\":\"ImageObject\",\"inLanguage\":\"es\",\"@id\":\"https:\/\/masquenoticias.mx\/#\/schema\/logo\/image\/\",\"url\":\"https:\/\/i0.wp.com\/masquenoticias.mx\/wp-content\/uploads\/2024\/04\/IMG_0004.png?fit=2560%2C1656&ssl=1\",\"contentUrl\":\"https:\/\/i0.wp.com\/masquenoticias.mx\/wp-content\/uploads\/2024\/04\/IMG_0004.png?fit=2560%2C1656&ssl=1\",\"width\":2560,\"height\":1656,\"caption\":\"M\u00e1s Que Noticias\"},\"image\":{\"@id\":\"https:\/\/masquenoticias.mx\/#\/schema\/logo\/image\/\"},\"sameAs\":[\"https:\/\/www.facebook.com\/masquenoticiascolima\",\"https:\/\/x.com\/edgartove\",\"https:\/\/www.instagram.com\/masquenoticiascolima\/\"]},{\"@type\":\"Person\",\"@id\":\"https:\/\/masquenoticias.mx\/#\/schema\/person\/6229637729ad377d24e2154e3b30720b\",\"name\":\"Redacci\u00f3n\",\"image\":{\"@type\":\"ImageObject\",\"inLanguage\":\"es\",\"@id\":\"https:\/\/masquenoticias.mx\/#\/schema\/person\/image\/\",\"url\":\"https:\/\/secure.gravatar.com\/avatar\/73899f6b3a3034eb6f719669835ca3a4?s=96&d=mm&r=g\",\"contentUrl\":\"https:\/\/secure.gravatar.com\/avatar\/73899f6b3a3034eb6f719669835ca3a4?s=96&d=mm&r=g\",\"caption\":\"Redacci\u00f3n\"},\"url\":\"https:\/\/masquenoticias.mx\/index.php\/author\/bunburytorresgmail-com\/\"}]}<\/script>\n<!-- \/ Yoast SEO plugin. -->","yoast_head_json":{"title":"Contin\u00faa la probabilidad de lluvias en algunas zonas del estado de Colima - M\u00e1s Que Noticias","robots":{"index":"index","follow":"follow","max-snippet":"max-snippet:-1","max-image-preview":"max-image-preview:large","max-video-preview":"max-video-preview:-1"},"canonical":"https:\/\/masquenoticias.mx\/index.php\/2023\/10\/12\/continua-la-probabilidad-de-lluvias-en-algunas-zonas-del-estado-de-colima\/","og_locale":"es_MX","og_type":"article","og_title":"Contin\u00faa la probabilidad de lluvias en algunas zonas del estado de Colima - M\u00e1s Que Noticias","og_description":"El Servicio Meteorol\u00f3gico Nacional (SMN), fuente oficial del Gobierno de M\u00e9xico, dio a conocer que, durante las siguientes horas, canales de baja presi\u00f3n se extender\u00e1n sobre la Sierra Madre Occidental, noreste y centro de nuestro pa\u00eds, y aunado al ingreso de humedad de ambos litorales, producir\u00e1n lluvias puntuales fuertes en Colima, Jalisco y Michoac\u00e1n, Nayarit [&hellip;]","og_url":"https:\/\/masquenoticias.mx\/index.php\/2023\/10\/12\/continua-la-probabilidad-de-lluvias-en-algunas-zonas-del-estado-de-colima\/","og_site_name":"M\u00e1s Que Noticias","article_publisher":"https:\/\/www.facebook.com\/masquenoticiascolima","article_published_time":"2023-10-13T01:43:13+00:00","og_image":[{"width":1554,"height":1042,"url":"https:\/\/i0.wp.com\/masquenoticias.mx\/wp-content\/uploads\/2023\/10\/WhatsApp-Image-2023-10-12-at-18.53.39-jpeg.webp?fit=1554%2C1042&ssl=1","type":"image\/jpeg"}],"author":"Redacci\u00f3n","twitter_card":"summary_large_image","twitter_creator":"@edgartove","twitter_site":"@edgartove","twitter_misc":{"Escrito por":"Redacci\u00f3n","Tiempo de lectura":"2 minutos"},"schema":{"@context":"https:\/\/schema.org","@graph":[{"@type":"Article","@id":"https:\/\/masquenoticias.mx\/index.php\/2023\/10\/12\/continua-la-probabilidad-de-lluvias-en-algunas-zonas-del-estado-de-colima\/#article","isPartOf":{"@id":"https:\/\/masquenoticias.mx\/index.php\/2023\/10\/12\/continua-la-probabilidad-de-lluvias-en-algunas-zonas-del-estado-de-colima\/"},"author":{"name":"Redacci\u00f3n","@id":"https:\/\/masquenoticias.mx\/#\/schema\/person\/6229637729ad377d24e2154e3b30720b"},"headline":"Contin\u00faa la probabilidad de lluvias en algunas zonas del estado de Colima","datePublished":"2023-10-13T01:43:13+00:00","mainEntityOfPage":{"@id":"https:\/\/masquenoticias.mx\/index.php\/2023\/10\/12\/continua-la-probabilidad-de-lluvias-en-algunas-zonas-del-estado-de-colima\/"},"wordCount":347,"commentCount":0,"publisher":{"@id":"https:\/\/masquenoticias.mx\/#organization"},"image":{"@id":"https:\/\/masquenoticias.mx\/index.php\/2023\/10\/12\/continua-la-probabilidad-de-lluvias-en-algunas-zonas-del-estado-de-colima\/#primaryimage"},"thumbnailUrl":"https:\/\/i0.wp.com\/masquenoticias.mx\/wp-content\/uploads\/2023\/10\/WhatsApp-Image-2023-10-12-at-18.53.39-jpeg.webp?fit=1554%2C1042&ssl=1","keywords":["Clima","UEPC"],"articleSection":["Estado"],"inLanguage":"es","potentialAction":[{"@type":"CommentAction","name":"Comment","target":["https:\/\/masquenoticias.mx\/index.php\/2023\/10\/12\/continua-la-probabilidad-de-lluvias-en-algunas-zonas-del-estado-de-colima\/#respond"]}]},{"@type":"WebPage","@id":"https:\/\/masquenoticias.mx\/index.php\/2023\/10\/12\/continua-la-probabilidad-de-lluvias-en-algunas-zonas-del-estado-de-colima\/","url":"https:\/\/masquenoticias.mx\/index.php\/2023\/10\/12\/continua-la-probabilidad-de-lluvias-en-algunas-zonas-del-estado-de-colima\/","name":"Contin\u00faa la probabilidad de lluvias en algunas zonas del estado de Colima - M\u00e1s Que Noticias","isPartOf":{"@id":"https:\/\/masquenoticias.mx\/#website"},"primaryImageOfPage":{"@id":"https:\/\/masquenoticias.mx\/index.php\/2023\/10\/12\/continua-la-probabilidad-de-lluvias-en-algunas-zonas-del-estado-de-colima\/#primaryimage"},"image":{"@id":"https:\/\/masquenoticias.mx\/index.php\/2023\/10\/12\/continua-la-probabilidad-de-lluvias-en-algunas-zonas-del-estado-de-colima\/#primaryimage"},"thumbnailUrl":"https:\/\/i0.wp.com\/masquenoticias.mx\/wp-content\/uploads\/2023\/10\/WhatsApp-Image-2023-10-12-at-18.53.39-jpeg.webp?fit=1554%2C1042&ssl=1","datePublished":"2023-10-13T01:43:13+00:00","breadcrumb":{"@id":"https:\/\/masquenoticias.mx\/index.php\/2023\/10\/12\/continua-la-probabilidad-de-lluvias-en-algunas-zonas-del-estado-de-colima\/#breadcrumb"},"inLanguage":"es","potentialAction":[{"@type":"ReadAction","target":["https:\/\/masquenoticias.mx\/index.php\/2023\/10\/12\/continua-la-probabilidad-de-lluvias-en-algunas-zonas-del-estado-de-colima\/"]}]},{"@type":"ImageObject","inLanguage":"es","@id":"https:\/\/masquenoticias.mx\/index.php\/2023\/10\/12\/continua-la-probabilidad-de-lluvias-en-algunas-zonas-del-estado-de-colima\/#primaryimage","url":"https:\/\/i0.wp.com\/masquenoticias.mx\/wp-content\/uploads\/2023\/10\/WhatsApp-Image-2023-10-12-at-18.53.39-jpeg.webp?fit=1554%2C1042&ssl=1","contentUrl":"https:\/\/i0.wp.com\/masquenoticias.mx\/wp-content\/uploads\/2023\/10\/WhatsApp-Image-2023-10-12-at-18.53.39-jpeg.webp?fit=1554%2C1042&ssl=1","width":1554,"height":1042},{"@type":"BreadcrumbList","@id":"https:\/\/masquenoticias.mx\/index.php\/2023\/10\/12\/continua-la-probabilidad-de-lluvias-en-algunas-zonas-del-estado-de-colima\/#breadcrumb","itemListElement":[{"@type":"ListItem","position":1,"name":"Inicio","item":"https:\/\/masquenoticias.mx\/"},{"@type":"ListItem","position":2,"name":"Contin\u00faa la probabilidad de lluvias en algunas zonas del estado de Colima"}]},{"@type":"WebSite","@id":"https:\/\/masquenoticias.mx\/#website","url":"https:\/\/masquenoticias.mx\/","name":"M\u00e1s Que Noticias","description":"Noticias de Colima, M\u00e9xico y el Mundo","publisher":{"@id":"https:\/\/masquenoticias.mx\/#organization"},"potentialAction":[{"@type":"SearchAction","target":{"@type":"EntryPoint","urlTemplate":"https:\/\/masquenoticias.mx\/?s={search_term_string}"},"query-input":{"@type":"PropertyValueSpecification","valueRequired":true,"valueName":"search_term_string"}}],"inLanguage":"es"},{"@type":"Organization","@id":"https:\/\/masquenoticias.mx\/#organization","name":"M\u00e1s Que Noticias","url":"https:\/\/masquenoticias.mx\/","logo":{"@type":"ImageObject","inLanguage":"es","@id":"https:\/\/masquenoticias.mx\/#\/schema\/logo\/image\/","url":"https:\/\/i0.wp.com\/masquenoticias.mx\/wp-content\/uploads\/2024\/04\/IMG_0004.png?fit=2560%2C1656&ssl=1","contentUrl":"https:\/\/i0.wp.com\/masquenoticias.mx\/wp-content\/uploads\/2024\/04\/IMG_0004.png?fit=2560%2C1656&ssl=1","width":2560,"height":1656,"caption":"M\u00e1s Que Noticias"},"image":{"@id":"https:\/\/masquenoticias.mx\/#\/schema\/logo\/image\/"},"sameAs":["https:\/\/www.facebook.com\/masquenoticiascolima","https:\/\/x.com\/edgartove","https:\/\/www.instagram.com\/masquenoticiascolima\/"]},{"@type":"Person","@id":"https:\/\/masquenoticias.mx\/#\/schema\/person\/6229637729ad377d24e2154e3b30720b","name":"Redacci\u00f3n","image":{"@type":"ImageObject","inLanguage":"es","@id":"https:\/\/masquenoticias.mx\/#\/schema\/person\/image\/","url":"https:\/\/secure.gravatar.com\/avatar\/73899f6b3a3034eb6f719669835ca3a4?s=96&d=mm&r=g","contentUrl":"https:\/\/secure.gravatar.com\/avatar\/73899f6b3a3034eb6f719669835ca3a4?s=96&d=mm&r=g","caption":"Redacci\u00f3n"},"url":"https:\/\/masquenoticias.mx\/index.php\/author\/bunburytorresgmail-com\/"}]}},"jetpack_featured_media_url":"https:\/\/i0.wp.com\/masquenoticias.mx\/wp-content\/uploads\/2023\/10\/WhatsApp-Image-2023-10-12-at-18.53.39-jpeg.webp?fit=1554%2C1042&ssl=1","blog_post_layout_featured_media_urls":{"thumbnail":["https:\/\/i0.wp.com\/masquenoticias.mx\/wp-content\/uploads\/2023\/10\/WhatsApp-Image-2023-10-12-at-18.53.39-jpeg.webp?resize=150%2C150&ssl=1",150,150,true],"full":["https:\/\/i0.wp.com\/masquenoticias.mx\/wp-content\/uploads\/2023\/10\/WhatsApp-Image-2023-10-12-at-18.53.39-jpeg.webp?fit=1554%2C1042&ssl=1",1554,1042,false]},"categories_names":{"24":{"name":"Estado","link":"https:\/\/masquenoticias.mx\/index.php\/category\/estado\/"}},"tags_names":{"119":{"name":"Clima","link":"https:\/\/masquenoticias.mx\/index.php\/tag\/clima\/"},"264":{"name":"UEPC","link":"https:\/\/masquenoticias.mx\/index.php\/tag\/uepc\/"}},"comments_number":"0","wpmagazine_modules_lite_featured_media_urls":{"thumbnail":["https:\/\/i0.wp.com\/masquenoticias.mx\/wp-content\/uploads\/2023\/10\/WhatsApp-Image-2023-10-12-at-18.53.39-jpeg.webp?resize=150%2C150&ssl=1",150,150,true],"cvmm-medium":["https:\/\/i0.wp.com\/masquenoticias.mx\/wp-content\/uploads\/2023\/10\/WhatsApp-Image-2023-10-12-at-18.53.39-jpeg.webp?resize=300%2C300&ssl=1",300,300,true],"cvmm-medium-plus":["https:\/\/i0.wp.com\/masquenoticias.mx\/wp-content\/uploads\/2023\/10\/WhatsApp-Image-2023-10-12-at-18.53.39-jpeg.webp?resize=305%2C207&ssl=1",305,207,true],"cvmm-portrait":["https:\/\/i0.wp.com\/masquenoticias.mx\/wp-content\/uploads\/2023\/10\/WhatsApp-Image-2023-10-12-at-18.53.39-jpeg.webp?resize=400%2C600&ssl=1",400,600,true],"cvmm-medium-square":["https:\/\/i0.wp.com\/masquenoticias.mx\/wp-content\/uploads\/2023\/10\/WhatsApp-Image-2023-10-12-at-18.53.39-jpeg.webp?resize=600%2C600&ssl=1",600,600,true],"cvmm-large":["https:\/\/i0.wp.com\/masquenoticias.mx\/wp-content\/uploads\/2023\/10\/WhatsApp-Image-2023-10-12-at-18.53.39-jpeg.webp?resize=1024%2C1024&ssl=1",1024,1024,true],"cvmm-small":["https:\/\/i0.wp.com\/masquenoticias.mx\/wp-content\/uploads\/2023\/10\/WhatsApp-Image-2023-10-12-at-18.53.39-jpeg.webp?resize=130%2C95&ssl=1",130,95,true],"full":["https:\/\/i0.wp.com\/masquenoticias.mx\/wp-content\/uploads\/2023\/10\/WhatsApp-Image-2023-10-12-at-18.53.39-jpeg.webp?fit=1554%2C1042&ssl=1",1554,1042,false]},"jetpack-related-posts":[],"jetpack_sharing_enabled":true,"jetpack_likes_enabled":true,"jetpack_shortlink":"https:\/\/wp.me\/pf7pkt-T7","_links":{"self":[{"href":"https:\/\/masquenoticias.mx\/index.php\/wp-json\/wp\/v2\/posts\/3417","targetHints":{"allow":["GET"]}}],"collection":[{"href":"https:\/\/masquenoticias.mx\/index.php\/wp-json\/wp\/v2\/posts"}],"about":[{"href":"https:\/\/masquenoticias.mx\/index.php\/wp-json\/wp\/v2\/types\/post"}],"author":[{"embeddable":true,"href":"https:\/\/masquenoticias.mx\/index.php\/wp-json\/wp\/v2\/users\/2"}],"replies":[{"embeddable":true,"href":"https:\/\/masquenoticias.mx\/index.php\/wp-json\/wp\/v2\/comments?post=3417"}],"version-history":[{"count":0,"href":"https:\/\/masquenoticias.mx\/index.php\/wp-json\/wp\/v2\/posts\/3417\/revisions"}],"wp:featuredmedia":[{"embeddable":true,"href":"https:\/\/masquenoticias.mx\/index.php\/wp-json\/wp\/v2\/media\/3418"}],"wp:attachment":[{"href":"https:\/\/masquenoticias.mx\/index.php\/wp-json\/wp\/v2\/media?parent=3417"}],"wp:term":[{"taxonomy":"category","embeddable":true,"href":"https:\/\/masquenoticias.mx\/index.php\/wp-json\/wp\/v2\/categories?post=3417"},{"taxonomy":"post_tag","embeddable":true,"href":"https:\/\/masquenoticias.mx\/index.php\/wp-json\/wp\/v2\/tags?post=3417"}],"curies":[{"name":"wp","href":"https:\/\/api.w.org\/{rel}","templated":true}]}}