{"id":3285,"date":"2023-10-10T19:53:07","date_gmt":"2023-10-11T01:53:07","guid":{"rendered":"https:\/\/masquenoticias.mx\/?p=3285"},"modified":"2023-10-10T19:53:07","modified_gmt":"2023-10-11T01:53:07","slug":"actualiza-morena-listado-de-firmantes-del-acuerdo-por-la-unidad","status":"publish","type":"post","link":"https:\/\/masquenoticias.mx\/index.php\/2023\/10\/10\/actualiza-morena-listado-de-firmantes-del-acuerdo-por-la-unidad\/","title":{"rendered":"Actualiza Morena listado de firmantes del Acuerdo por la Unidad"},"content":{"rendered":"<p>Debido a un error humano, la lista de quienes suscribieron el Acuerdo por la Unidad para la Transformaci\u00f3n, difundida en el marco de la visita de Claudia Sheinbaum Pardo al municipio de Manzanillo, no corresponde a la realidad, pues se agreg\u00f3 a personas que finalmente no signaron el documento y, por otro lado, no se incluy\u00f3 a algunos de los que s\u00ed lo hicieron.<\/p>\n<p>As\u00ed lo aclar\u00f3 el Movimiento de Regeneraci\u00f3n Nacional en Colima, a trav\u00e9s de un comunicado de su Comit\u00e9 Ejecutivo Estatal, adem\u00e1s de disculparse sinceramente por los inconvenientes que la informaci\u00f3n err\u00f3nea pudiera ocasionar.<\/p>\n<p>La lista completa y validada de quienes suscribieron el acuerdo es la siguiente:<br \/>\n1.- Francisco Medina Solana, presidente Canirac Colima. 2.- Iliana Arreola Ochoa, presidenta estatal del Partido Nueva Alianza en Colima. 3.- Leoncio Alfonso Mor\u00e1n S\u00e1nchez, pol\u00edtico y empresario, exdirigente del MC en Colima, exdiputado federal y expresidente municipal. 4.- Arturo Alejandro Meill\u00f3n Galindo, empresario de Manzanillo. 5. Carlos Alberto Carrasco, presidente estatal del Partido Encuentro Solidario. 6.- Diputada independiente Priscila Garc\u00eda Delgado. 7.- Claudia Mac\u00edas Hermosillo, seleccionada nacional de handball, particip\u00f3 en los Juegos Mundiales Birminham 2022. 8.- Ing. Jaime Haces Pacheco, dirigente de Fuerza Por M\u00e9xico en el Estado de Colima. 9.- Nico Mej\u00eda, embajador de la cocina colimota. 10.- Guillermo Carlos Woodward Crespo, presidente del Corporativo de Log\u00edstica Woodward. 11.- Felipe Santana Linares, empresario del estado de Colima.<\/p>\n<p>Asimismo, 12.- David Ortega Quiterio, secretario General de la Federaci\u00f3n Revolucionaria de Obreros y Campesino CROC. 13.- H\u00e9ctor Gustavo Larios Uribe, secretario General de la Uni\u00f3n de Estibadores y Jornaleros del Pac\u00edfico CROM. 14.- Ra\u00fal Sandoval L\u00f3pez; director General de Grupo Hazesa. 15.- Rub\u00e9n \u00c1lamo; empresario de Manzanillo. 16.- Jorge Antonio Salazar Barrag\u00e1n; presidente de la Uni\u00f3n Local Ganadera en el Estado. 17.- Ricardo Antonio Navarro, investigador miembro del SIN nivel III, con Publicaciones en Revistas Cient\u00edficas internacionales. 18.- H\u00e9ctor Felipe Luna Cort\u00e9s, presidente de la Asociaci\u00f3n de Hoteles y Moteles del Estado de Colima. 19.- Javier Garc\u00eda Contreras, empresario en el estado de Colima. 20.- Jos\u00e9 Higareda Santos, empresario en el estado de Colima. 21.- Edgar Daniel Barraza Sol\u00eds, presidente de Canirac Manzanillo. 22.- Mtra. Catalina Su\u00e1rez D\u00e1vila, rectora de la Universidad Intercultural de Colima. 23.- Edgar Ismael Barajas, atleta paral\u00edmpico en la especialidad de lanzamiento de jabalina, deportista destacado de Colima. 24.- Francisco Javier Guardado Plascencia, presidente de la Uni\u00f3n Local de Productores de Az\u00facar. 25.- Vanessa Virgen, campeona nacional e internacional en voleibol de playa. 26.- Dra. Ana Luz Quintanilla Montoya, Premio Nacional de Energ\u00eda en 2006, Miembro SNI de Conacyt. 27.- V\u00edctor Manuel Reyna, dirigente de la Uni\u00f3n Nacional de Trabajadores Agr\u00edcolas en Colima. 28.- Carlos Alfaro Montes, Presidente Estatal de Vida Independiente AC. 29.- Mtro. Ram\u00f3n Figueroa Fajardo, coordinador estatal de la Red Magisterial Ciudadana. 30.- Elvira Valencia Puga, presidenta de la Asociaci\u00f3n Manzanillense, ayuda a personas de bajos recursos que padecen c\u00e1ncer. 31.- Joel Mu\u00f1oz, presidente del Consejo Estatal del Mango. 32.- Jos\u00e9 Manuel Rodr\u00edguez Hern\u00e1ndez, coordinador estatal de Maestros Por M\u00e9xico y secretario general del C\u00edrculo Cultural Colimense. 33.- Rub\u00e9n Cabrera Silva, presidente del Consejo Estatal de Plantas de Ornato. 34.- Maestro Cristian Joaqu\u00edn S\u00e1nchez Cos\u00edo, dirigente del Movimiento Nacional por la Transformaci\u00f3n Sindical. 35.- Osvaldo Ugarte Vizca\u00edno, presidente de Productores Unidos por Colima. 36.- Dr. Oliver Mendoza Cano, doctor en Ciencias M\u00e9dicas, investigador del SNI Nivel II, con postdoctorado de la Escuela de Salud P\u00fablica de Harvard.<\/p>\n<p>De igual forma, 37.- Francisco Hueso Alcaraz, presidente del Consejo Estatal Agropecuario. 38.- Miguel Cavazos Ceballos, presidente del Consejo Estatal del Coco. 39.- Jer\u00f3nimo C\u00e1rdenas Ochoa, representante del Consejo Estatal del Coco. 40.- Miguel \u00c1ngel Duarte, presidente de la Asociaci\u00f3n Ganadera de Manzanillo. 41.- Jes\u00fas Armando Vel\u00e1zquez Morales, delegado especial en el Estado de Colima del Sindicato Nacional de Trabajadores, Mineros, Metal\u00fargicos, Sider\u00fargicos y Similares de la Rep\u00fablica Mexicana (SNTMMSSRM). 42.- Juan Jos\u00e9 Delgado, empresario salinero. 43.- Victoria L\u00f3pez Mac\u00edas, presidenta de AIVEC (Asociaci\u00f3n de Industriales de Vestir del Estado de Colima). 44.- Rodrigo Vera Mendoza, secretario General del Sindicato de Transportistas del Colomo y La Arena en Manzanillo. 45.- Ignacio Vega \u00c1valos, presidente de la Asociaci\u00f3n de Productores de Sal Independientes. 46.- Gloria Figueroa Mart\u00ednez, mujer l\u00edder y funcionaria de La Banca. 47.- Javier Pe\u00f1a Gonz\u00e1lez, l\u00edder de Pescadores del Desembarque La Playita, Manzanillo. 48.- Francisco Mart\u00edn C\u00e1rdenas Medina, enlace Morena Diversidad Sexual del municipio de Manzanillo. 49.- Sharon Monserrat D\u00edaz Garc\u00eda, activista por los derechos de las personas sordas en el estado. 50.- Ang\u00e9lica Verduzco Silva, presidenta de Presidentas Mx en Colima. 51.- Payaso Venturita Show, Oscar Alejandro Pizano Ventura, creador de contenido y artista del municipio de Armer\u00eda, Colima. 52.- Pedro El\u00edas Marroqu\u00edn Higuera, peleador profesional de Muay Thai, seleccionado Nacional, Campe\u00f3n del torneo Fight Cup Sudam\u00e9rica. 53.- Marco Antonio Fuentes Garibay, peleador profesional de Muay Thai, campe\u00f3n IKF 70kg., mundialista y entrenador.<\/p>\n","protected":false},"excerpt":{"rendered":"<p>Debido a un error humano, la lista de quienes suscribieron el Acuerdo por la Unidad para la Transformaci\u00f3n, difundida en el marco de la visita de Claudia Sheinbaum Pardo al municipio de Manzanillo, no corresponde a la realidad, pues se agreg\u00f3 a personas que finalmente no signaron el documento y, por otro lado, no se [&hellip;]<\/p>\n","protected":false},"author":2,"featured_media":3286,"comment_status":"open","ping_status":"open","sticky":false,"template":"","format":"standard","meta":{"_jetpack_memberships_contains_paid_content":false,"footnotes":""},"categories":[32],"tags":[293,181,87],"class_list":["post-3285","post","type-post","status-publish","format-standard","has-post-thumbnail","hentry","category-politica","tag-acuerdo-por-la-unidad","tag-claudia-sheinbaum","tag-morena"],"yoast_head":"<!-- This site is optimized with the Yoast SEO plugin v26.6 - https:\/\/yoast.com\/wordpress\/plugins\/seo\/ -->\n<title>Actualiza Morena listado de firmantes del Acuerdo por la Unidad - M\u00e1s Que Noticias<\/title>\n<meta name=\"robots\" content=\"index, follow, max-snippet:-1, max-image-preview:large, max-video-preview:-1\" \/>\n<link rel=\"canonical\" href=\"https:\/\/masquenoticias.mx\/index.php\/2023\/10\/10\/actualiza-morena-listado-de-firmantes-del-acuerdo-por-la-unidad\/\" \/>\n<meta property=\"og:locale\" content=\"es_MX\" \/>\n<meta property=\"og:type\" content=\"article\" \/>\n<meta property=\"og:title\" content=\"Actualiza Morena listado de firmantes del Acuerdo por la Unidad - M\u00e1s Que Noticias\" \/>\n<meta property=\"og:description\" content=\"Debido a un error humano, la lista de quienes suscribieron el Acuerdo por la Unidad para la Transformaci\u00f3n, difundida en el marco de la visita de Claudia Sheinbaum Pardo al municipio de Manzanillo, no corresponde a la realidad, pues se agreg\u00f3 a personas que finalmente no signaron el documento y, por otro lado, no se [&hellip;]\" \/>\n<meta property=\"og:url\" content=\"https:\/\/masquenoticias.mx\/index.php\/2023\/10\/10\/actualiza-morena-listado-de-firmantes-del-acuerdo-por-la-unidad\/\" \/>\n<meta property=\"og:site_name\" content=\"M\u00e1s Que Noticias\" \/>\n<meta property=\"article:publisher\" content=\"https:\/\/www.facebook.com\/masquenoticiascolima\" \/>\n<meta property=\"article:published_time\" content=\"2023-10-11T01:53:07+00:00\" \/>\n<meta property=\"og:image\" content=\"https:\/\/i0.wp.com\/masquenoticias.mx\/wp-content\/uploads\/2023\/10\/asamblea-informativa-TEPJF-12-abril-2023-191-2048x1365-1-jpg.webp?fit=2048%2C1365&ssl=1\" \/>\n\t<meta property=\"og:image:width\" content=\"2048\" \/>\n\t<meta property=\"og:image:height\" content=\"1365\" \/>\n\t<meta property=\"og:image:type\" content=\"image\/jpeg\" \/>\n<meta name=\"author\" content=\"Redacci\u00f3n\" \/>\n<meta name=\"twitter:card\" content=\"summary_large_image\" \/>\n<meta name=\"twitter:creator\" content=\"@edgartove\" \/>\n<meta name=\"twitter:site\" content=\"@edgartove\" \/>\n<meta name=\"twitter:label1\" content=\"Escrito por\" \/>\n\t<meta name=\"twitter:data1\" content=\"Redacci\u00f3n\" \/>\n\t<meta name=\"twitter:label2\" content=\"Tiempo de lectura\" \/>\n\t<meta name=\"twitter:data2\" content=\"4 minutos\" \/>\n<script type=\"application\/ld+json\" class=\"yoast-schema-graph\">{\"@context\":\"https:\/\/schema.org\",\"@graph\":[{\"@type\":\"Article\",\"@id\":\"https:\/\/masquenoticias.mx\/index.php\/2023\/10\/10\/actualiza-morena-listado-de-firmantes-del-acuerdo-por-la-unidad\/#article\",\"isPartOf\":{\"@id\":\"https:\/\/masquenoticias.mx\/index.php\/2023\/10\/10\/actualiza-morena-listado-de-firmantes-del-acuerdo-por-la-unidad\/\"},\"author\":{\"name\":\"Redacci\u00f3n\",\"@id\":\"https:\/\/masquenoticias.mx\/#\/schema\/person\/6229637729ad377d24e2154e3b30720b\"},\"headline\":\"Actualiza Morena listado de firmantes del Acuerdo por la Unidad\",\"datePublished\":\"2023-10-11T01:53:07+00:00\",\"mainEntityOfPage\":{\"@id\":\"https:\/\/masquenoticias.mx\/index.php\/2023\/10\/10\/actualiza-morena-listado-de-firmantes-del-acuerdo-por-la-unidad\/\"},\"wordCount\":890,\"commentCount\":0,\"publisher\":{\"@id\":\"https:\/\/masquenoticias.mx\/#organization\"},\"image\":{\"@id\":\"https:\/\/masquenoticias.mx\/index.php\/2023\/10\/10\/actualiza-morena-listado-de-firmantes-del-acuerdo-por-la-unidad\/#primaryimage\"},\"thumbnailUrl\":\"https:\/\/i0.wp.com\/masquenoticias.mx\/wp-content\/uploads\/2023\/10\/asamblea-informativa-TEPJF-12-abril-2023-191-2048x1365-1-jpg.webp?fit=2048%2C1365&ssl=1\",\"keywords\":[\"Acuerdo por la Unidad\",\"Claudia Sheinbaum\",\"Morena\"],\"articleSection\":[\"Pol\u00edtica\"],\"inLanguage\":\"es\",\"potentialAction\":[{\"@type\":\"CommentAction\",\"name\":\"Comment\",\"target\":[\"https:\/\/masquenoticias.mx\/index.php\/2023\/10\/10\/actualiza-morena-listado-de-firmantes-del-acuerdo-por-la-unidad\/#respond\"]}]},{\"@type\":\"WebPage\",\"@id\":\"https:\/\/masquenoticias.mx\/index.php\/2023\/10\/10\/actualiza-morena-listado-de-firmantes-del-acuerdo-por-la-unidad\/\",\"url\":\"https:\/\/masquenoticias.mx\/index.php\/2023\/10\/10\/actualiza-morena-listado-de-firmantes-del-acuerdo-por-la-unidad\/\",\"name\":\"Actualiza Morena listado de firmantes del Acuerdo por la Unidad - M\u00e1s Que Noticias\",\"isPartOf\":{\"@id\":\"https:\/\/masquenoticias.mx\/#website\"},\"primaryImageOfPage\":{\"@id\":\"https:\/\/masquenoticias.mx\/index.php\/2023\/10\/10\/actualiza-morena-listado-de-firmantes-del-acuerdo-por-la-unidad\/#primaryimage\"},\"image\":{\"@id\":\"https:\/\/masquenoticias.mx\/index.php\/2023\/10\/10\/actualiza-morena-listado-de-firmantes-del-acuerdo-por-la-unidad\/#primaryimage\"},\"thumbnailUrl\":\"https:\/\/i0.wp.com\/masquenoticias.mx\/wp-content\/uploads\/2023\/10\/asamblea-informativa-TEPJF-12-abril-2023-191-2048x1365-1-jpg.webp?fit=2048%2C1365&ssl=1\",\"datePublished\":\"2023-10-11T01:53:07+00:00\",\"breadcrumb\":{\"@id\":\"https:\/\/masquenoticias.mx\/index.php\/2023\/10\/10\/actualiza-morena-listado-de-firmantes-del-acuerdo-por-la-unidad\/#breadcrumb\"},\"inLanguage\":\"es\",\"potentialAction\":[{\"@type\":\"ReadAction\",\"target\":[\"https:\/\/masquenoticias.mx\/index.php\/2023\/10\/10\/actualiza-morena-listado-de-firmantes-del-acuerdo-por-la-unidad\/\"]}]},{\"@type\":\"ImageObject\",\"inLanguage\":\"es\",\"@id\":\"https:\/\/masquenoticias.mx\/index.php\/2023\/10\/10\/actualiza-morena-listado-de-firmantes-del-acuerdo-por-la-unidad\/#primaryimage\",\"url\":\"https:\/\/i0.wp.com\/masquenoticias.mx\/wp-content\/uploads\/2023\/10\/asamblea-informativa-TEPJF-12-abril-2023-191-2048x1365-1-jpg.webp?fit=2048%2C1365&ssl=1\",\"contentUrl\":\"https:\/\/i0.wp.com\/masquenoticias.mx\/wp-content\/uploads\/2023\/10\/asamblea-informativa-TEPJF-12-abril-2023-191-2048x1365-1-jpg.webp?fit=2048%2C1365&ssl=1\",\"width\":2048,\"height\":1365},{\"@type\":\"BreadcrumbList\",\"@id\":\"https:\/\/masquenoticias.mx\/index.php\/2023\/10\/10\/actualiza-morena-listado-de-firmantes-del-acuerdo-por-la-unidad\/#breadcrumb\",\"itemListElement\":[{\"@type\":\"ListItem\",\"position\":1,\"name\":\"Inicio\",\"item\":\"https:\/\/masquenoticias.mx\/\"},{\"@type\":\"ListItem\",\"position\":2,\"name\":\"Actualiza Morena listado de firmantes del Acuerdo por la Unidad\"}]},{\"@type\":\"WebSite\",\"@id\":\"https:\/\/masquenoticias.mx\/#website\",\"url\":\"https:\/\/masquenoticias.mx\/\",\"name\":\"M\u00e1s Que Noticias\",\"description\":\"Noticias de Colima, M\u00e9xico y el Mundo\",\"publisher\":{\"@id\":\"https:\/\/masquenoticias.mx\/#organization\"},\"potentialAction\":[{\"@type\":\"SearchAction\",\"target\":{\"@type\":\"EntryPoint\",\"urlTemplate\":\"https:\/\/masquenoticias.mx\/?s={search_term_string}\"},\"query-input\":{\"@type\":\"PropertyValueSpecification\",\"valueRequired\":true,\"valueName\":\"search_term_string\"}}],\"inLanguage\":\"es\"},{\"@type\":\"Organization\",\"@id\":\"https:\/\/masquenoticias.mx\/#organization\",\"name\":\"M\u00e1s Que Noticias\",\"url\":\"https:\/\/masquenoticias.mx\/\",\"logo\":{\"@type\":\"ImageObject\",\"inLanguage\":\"es\",\"@id\":\"https:\/\/masquenoticias.mx\/#\/schema\/logo\/image\/\",\"url\":\"https:\/\/i0.wp.com\/masquenoticias.mx\/wp-content\/uploads\/2024\/04\/IMG_0004.png?fit=2560%2C1656&ssl=1\",\"contentUrl\":\"https:\/\/i0.wp.com\/masquenoticias.mx\/wp-content\/uploads\/2024\/04\/IMG_0004.png?fit=2560%2C1656&ssl=1\",\"width\":2560,\"height\":1656,\"caption\":\"M\u00e1s Que Noticias\"},\"image\":{\"@id\":\"https:\/\/masquenoticias.mx\/#\/schema\/logo\/image\/\"},\"sameAs\":[\"https:\/\/www.facebook.com\/masquenoticiascolima\",\"https:\/\/x.com\/edgartove\",\"https:\/\/www.instagram.com\/masquenoticiascolima\/\"]},{\"@type\":\"Person\",\"@id\":\"https:\/\/masquenoticias.mx\/#\/schema\/person\/6229637729ad377d24e2154e3b30720b\",\"name\":\"Redacci\u00f3n\",\"image\":{\"@type\":\"ImageObject\",\"inLanguage\":\"es\",\"@id\":\"https:\/\/masquenoticias.mx\/#\/schema\/person\/image\/\",\"url\":\"https:\/\/secure.gravatar.com\/avatar\/73899f6b3a3034eb6f719669835ca3a4?s=96&d=mm&r=g\",\"contentUrl\":\"https:\/\/secure.gravatar.com\/avatar\/73899f6b3a3034eb6f719669835ca3a4?s=96&d=mm&r=g\",\"caption\":\"Redacci\u00f3n\"},\"url\":\"https:\/\/masquenoticias.mx\/index.php\/author\/bunburytorresgmail-com\/\"}]}<\/script>\n<!-- \/ Yoast SEO plugin. -->","yoast_head_json":{"title":"Actualiza Morena listado de firmantes del Acuerdo por la Unidad - M\u00e1s Que Noticias","robots":{"index":"index","follow":"follow","max-snippet":"max-snippet:-1","max-image-preview":"max-image-preview:large","max-video-preview":"max-video-preview:-1"},"canonical":"https:\/\/masquenoticias.mx\/index.php\/2023\/10\/10\/actualiza-morena-listado-de-firmantes-del-acuerdo-por-la-unidad\/","og_locale":"es_MX","og_type":"article","og_title":"Actualiza Morena listado de firmantes del Acuerdo por la Unidad - M\u00e1s Que Noticias","og_description":"Debido a un error humano, la lista de quienes suscribieron el Acuerdo por la Unidad para la Transformaci\u00f3n, difundida en el marco de la visita de Claudia Sheinbaum Pardo al municipio de Manzanillo, no corresponde a la realidad, pues se agreg\u00f3 a personas que finalmente no signaron el documento y, por otro lado, no se [&hellip;]","og_url":"https:\/\/masquenoticias.mx\/index.php\/2023\/10\/10\/actualiza-morena-listado-de-firmantes-del-acuerdo-por-la-unidad\/","og_site_name":"M\u00e1s Que Noticias","article_publisher":"https:\/\/www.facebook.com\/masquenoticiascolima","article_published_time":"2023-10-11T01:53:07+00:00","og_image":[{"width":2048,"height":1365,"url":"https:\/\/i0.wp.com\/masquenoticias.mx\/wp-content\/uploads\/2023\/10\/asamblea-informativa-TEPJF-12-abril-2023-191-2048x1365-1-jpg.webp?fit=2048%2C1365&ssl=1","type":"image\/jpeg"}],"author":"Redacci\u00f3n","twitter_card":"summary_large_image","twitter_creator":"@edgartove","twitter_site":"@edgartove","twitter_misc":{"Escrito por":"Redacci\u00f3n","Tiempo de lectura":"4 minutos"},"schema":{"@context":"https:\/\/schema.org","@graph":[{"@type":"Article","@id":"https:\/\/masquenoticias.mx\/index.php\/2023\/10\/10\/actualiza-morena-listado-de-firmantes-del-acuerdo-por-la-unidad\/#article","isPartOf":{"@id":"https:\/\/masquenoticias.mx\/index.php\/2023\/10\/10\/actualiza-morena-listado-de-firmantes-del-acuerdo-por-la-unidad\/"},"author":{"name":"Redacci\u00f3n","@id":"https:\/\/masquenoticias.mx\/#\/schema\/person\/6229637729ad377d24e2154e3b30720b"},"headline":"Actualiza Morena listado de firmantes del Acuerdo por la Unidad","datePublished":"2023-10-11T01:53:07+00:00","mainEntityOfPage":{"@id":"https:\/\/masquenoticias.mx\/index.php\/2023\/10\/10\/actualiza-morena-listado-de-firmantes-del-acuerdo-por-la-unidad\/"},"wordCount":890,"commentCount":0,"publisher":{"@id":"https:\/\/masquenoticias.mx\/#organization"},"image":{"@id":"https:\/\/masquenoticias.mx\/index.php\/2023\/10\/10\/actualiza-morena-listado-de-firmantes-del-acuerdo-por-la-unidad\/#primaryimage"},"thumbnailUrl":"https:\/\/i0.wp.com\/masquenoticias.mx\/wp-content\/uploads\/2023\/10\/asamblea-informativa-TEPJF-12-abril-2023-191-2048x1365-1-jpg.webp?fit=2048%2C1365&ssl=1","keywords":["Acuerdo por la Unidad","Claudia Sheinbaum","Morena"],"articleSection":["Pol\u00edtica"],"inLanguage":"es","potentialAction":[{"@type":"CommentAction","name":"Comment","target":["https:\/\/masquenoticias.mx\/index.php\/2023\/10\/10\/actualiza-morena-listado-de-firmantes-del-acuerdo-por-la-unidad\/#respond"]}]},{"@type":"WebPage","@id":"https:\/\/masquenoticias.mx\/index.php\/2023\/10\/10\/actualiza-morena-listado-de-firmantes-del-acuerdo-por-la-unidad\/","url":"https:\/\/masquenoticias.mx\/index.php\/2023\/10\/10\/actualiza-morena-listado-de-firmantes-del-acuerdo-por-la-unidad\/","name":"Actualiza Morena listado de firmantes del Acuerdo por la Unidad - M\u00e1s Que Noticias","isPartOf":{"@id":"https:\/\/masquenoticias.mx\/#website"},"primaryImageOfPage":{"@id":"https:\/\/masquenoticias.mx\/index.php\/2023\/10\/10\/actualiza-morena-listado-de-firmantes-del-acuerdo-por-la-unidad\/#primaryimage"},"image":{"@id":"https:\/\/masquenoticias.mx\/index.php\/2023\/10\/10\/actualiza-morena-listado-de-firmantes-del-acuerdo-por-la-unidad\/#primaryimage"},"thumbnailUrl":"https:\/\/i0.wp.com\/masquenoticias.mx\/wp-content\/uploads\/2023\/10\/asamblea-informativa-TEPJF-12-abril-2023-191-2048x1365-1-jpg.webp?fit=2048%2C1365&ssl=1","datePublished":"2023-10-11T01:53:07+00:00","breadcrumb":{"@id":"https:\/\/masquenoticias.mx\/index.php\/2023\/10\/10\/actualiza-morena-listado-de-firmantes-del-acuerdo-por-la-unidad\/#breadcrumb"},"inLanguage":"es","potentialAction":[{"@type":"ReadAction","target":["https:\/\/masquenoticias.mx\/index.php\/2023\/10\/10\/actualiza-morena-listado-de-firmantes-del-acuerdo-por-la-unidad\/"]}]},{"@type":"ImageObject","inLanguage":"es","@id":"https:\/\/masquenoticias.mx\/index.php\/2023\/10\/10\/actualiza-morena-listado-de-firmantes-del-acuerdo-por-la-unidad\/#primaryimage","url":"https:\/\/i0.wp.com\/masquenoticias.mx\/wp-content\/uploads\/2023\/10\/asamblea-informativa-TEPJF-12-abril-2023-191-2048x1365-1-jpg.webp?fit=2048%2C1365&ssl=1","contentUrl":"https:\/\/i0.wp.com\/masquenoticias.mx\/wp-content\/uploads\/2023\/10\/asamblea-informativa-TEPJF-12-abril-2023-191-2048x1365-1-jpg.webp?fit=2048%2C1365&ssl=1","width":2048,"height":1365},{"@type":"BreadcrumbList","@id":"https:\/\/masquenoticias.mx\/index.php\/2023\/10\/10\/actualiza-morena-listado-de-firmantes-del-acuerdo-por-la-unidad\/#breadcrumb","itemListElement":[{"@type":"ListItem","position":1,"name":"Inicio","item":"https:\/\/masquenoticias.mx\/"},{"@type":"ListItem","position":2,"name":"Actualiza Morena listado de firmantes del Acuerdo por la Unidad"}]},{"@type":"WebSite","@id":"https:\/\/masquenoticias.mx\/#website","url":"https:\/\/masquenoticias.mx\/","name":"M\u00e1s Que Noticias","description":"Noticias de Colima, M\u00e9xico y el Mundo","publisher":{"@id":"https:\/\/masquenoticias.mx\/#organization"},"potentialAction":[{"@type":"SearchAction","target":{"@type":"EntryPoint","urlTemplate":"https:\/\/masquenoticias.mx\/?s={search_term_string}"},"query-input":{"@type":"PropertyValueSpecification","valueRequired":true,"valueName":"search_term_string"}}],"inLanguage":"es"},{"@type":"Organization","@id":"https:\/\/masquenoticias.mx\/#organization","name":"M\u00e1s Que Noticias","url":"https:\/\/masquenoticias.mx\/","logo":{"@type":"ImageObject","inLanguage":"es","@id":"https:\/\/masquenoticias.mx\/#\/schema\/logo\/image\/","url":"https:\/\/i0.wp.com\/masquenoticias.mx\/wp-content\/uploads\/2024\/04\/IMG_0004.png?fit=2560%2C1656&ssl=1","contentUrl":"https:\/\/i0.wp.com\/masquenoticias.mx\/wp-content\/uploads\/2024\/04\/IMG_0004.png?fit=2560%2C1656&ssl=1","width":2560,"height":1656,"caption":"M\u00e1s Que Noticias"},"image":{"@id":"https:\/\/masquenoticias.mx\/#\/schema\/logo\/image\/"},"sameAs":["https:\/\/www.facebook.com\/masquenoticiascolima","https:\/\/x.com\/edgartove","https:\/\/www.instagram.com\/masquenoticiascolima\/"]},{"@type":"Person","@id":"https:\/\/masquenoticias.mx\/#\/schema\/person\/6229637729ad377d24e2154e3b30720b","name":"Redacci\u00f3n","image":{"@type":"ImageObject","inLanguage":"es","@id":"https:\/\/masquenoticias.mx\/#\/schema\/person\/image\/","url":"https:\/\/secure.gravatar.com\/avatar\/73899f6b3a3034eb6f719669835ca3a4?s=96&d=mm&r=g","contentUrl":"https:\/\/secure.gravatar.com\/avatar\/73899f6b3a3034eb6f719669835ca3a4?s=96&d=mm&r=g","caption":"Redacci\u00f3n"},"url":"https:\/\/masquenoticias.mx\/index.php\/author\/bunburytorresgmail-com\/"}]}},"jetpack_featured_media_url":"https:\/\/i0.wp.com\/masquenoticias.mx\/wp-content\/uploads\/2023\/10\/asamblea-informativa-TEPJF-12-abril-2023-191-2048x1365-1-jpg.webp?fit=2048%2C1365&ssl=1","blog_post_layout_featured_media_urls":{"thumbnail":["https:\/\/i0.wp.com\/masquenoticias.mx\/wp-content\/uploads\/2023\/10\/asamblea-informativa-TEPJF-12-abril-2023-191-2048x1365-1-jpg.webp?resize=150%2C150&ssl=1",150,150,true],"full":["https:\/\/i0.wp.com\/masquenoticias.mx\/wp-content\/uploads\/2023\/10\/asamblea-informativa-TEPJF-12-abril-2023-191-2048x1365-1-jpg.webp?fit=2048%2C1365&ssl=1",2048,1365,false]},"categories_names":{"32":{"name":"Pol\u00edtica","link":"https:\/\/masquenoticias.mx\/index.php\/category\/politica\/"}},"tags_names":{"293":{"name":"Acuerdo por la Unidad","link":"https:\/\/masquenoticias.mx\/index.php\/tag\/acuerdo-por-la-unidad\/"},"181":{"name":"Claudia Sheinbaum","link":"https:\/\/masquenoticias.mx\/index.php\/tag\/claudia-sheinbaum\/"},"87":{"name":"Morena","link":"https:\/\/masquenoticias.mx\/index.php\/tag\/morena\/"}},"comments_number":"0","wpmagazine_modules_lite_featured_media_urls":{"thumbnail":["https:\/\/i0.wp.com\/masquenoticias.mx\/wp-content\/uploads\/2023\/10\/asamblea-informativa-TEPJF-12-abril-2023-191-2048x1365-1-jpg.webp?resize=150%2C150&ssl=1",150,150,true],"cvmm-medium":["https:\/\/i0.wp.com\/masquenoticias.mx\/wp-content\/uploads\/2023\/10\/asamblea-informativa-TEPJF-12-abril-2023-191-2048x1365-1-jpg.webp?resize=300%2C300&ssl=1",300,300,true],"cvmm-medium-plus":["https:\/\/i0.wp.com\/masquenoticias.mx\/wp-content\/uploads\/2023\/10\/asamblea-informativa-TEPJF-12-abril-2023-191-2048x1365-1-jpg.webp?resize=305%2C207&ssl=1",305,207,true],"cvmm-portrait":["https:\/\/i0.wp.com\/masquenoticias.mx\/wp-content\/uploads\/2023\/10\/asamblea-informativa-TEPJF-12-abril-2023-191-2048x1365-1-jpg.webp?resize=400%2C600&ssl=1",400,600,true],"cvmm-medium-square":["https:\/\/i0.wp.com\/masquenoticias.mx\/wp-content\/uploads\/2023\/10\/asamblea-informativa-TEPJF-12-abril-2023-191-2048x1365-1-jpg.webp?resize=600%2C600&ssl=1",600,600,true],"cvmm-large":["https:\/\/i0.wp.com\/masquenoticias.mx\/wp-content\/uploads\/2023\/10\/asamblea-informativa-TEPJF-12-abril-2023-191-2048x1365-1-jpg.webp?resize=1024%2C1024&ssl=1",1024,1024,true],"cvmm-small":["https:\/\/i0.wp.com\/masquenoticias.mx\/wp-content\/uploads\/2023\/10\/asamblea-informativa-TEPJF-12-abril-2023-191-2048x1365-1-jpg.webp?resize=130%2C95&ssl=1",130,95,true],"full":["https:\/\/i0.wp.com\/masquenoticias.mx\/wp-content\/uploads\/2023\/10\/asamblea-informativa-TEPJF-12-abril-2023-191-2048x1365-1-jpg.webp?fit=2048%2C1365&ssl=1",2048,1365,false]},"jetpack-related-posts":[],"jetpack_sharing_enabled":true,"jetpack_likes_enabled":true,"jetpack_shortlink":"https:\/\/wp.me\/pf7pkt-QZ","_links":{"self":[{"href":"https:\/\/masquenoticias.mx\/index.php\/wp-json\/wp\/v2\/posts\/3285","targetHints":{"allow":["GET"]}}],"collection":[{"href":"https:\/\/masquenoticias.mx\/index.php\/wp-json\/wp\/v2\/posts"}],"about":[{"href":"https:\/\/masquenoticias.mx\/index.php\/wp-json\/wp\/v2\/types\/post"}],"author":[{"embeddable":true,"href":"https:\/\/masquenoticias.mx\/index.php\/wp-json\/wp\/v2\/users\/2"}],"replies":[{"embeddable":true,"href":"https:\/\/masquenoticias.mx\/index.php\/wp-json\/wp\/v2\/comments?post=3285"}],"version-history":[{"count":0,"href":"https:\/\/masquenoticias.mx\/index.php\/wp-json\/wp\/v2\/posts\/3285\/revisions"}],"wp:featuredmedia":[{"embeddable":true,"href":"https:\/\/masquenoticias.mx\/index.php\/wp-json\/wp\/v2\/media\/3286"}],"wp:attachment":[{"href":"https:\/\/masquenoticias.mx\/index.php\/wp-json\/wp\/v2\/media?parent=3285"}],"wp:term":[{"taxonomy":"category","embeddable":true,"href":"https:\/\/masquenoticias.mx\/index.php\/wp-json\/wp\/v2\/categories?post=3285"},{"taxonomy":"post_tag","embeddable":true,"href":"https:\/\/masquenoticias.mx\/index.php\/wp-json\/wp\/v2\/tags?post=3285"}],"curies":[{"name":"wp","href":"https:\/\/api.w.org\/{rel}","templated":true}]}}