{"id":3258,"date":"2023-10-10T18:02:38","date_gmt":"2023-10-11T00:02:38","guid":{"rendered":"https:\/\/masquenoticias.mx\/?p=3258"},"modified":"2023-10-10T18:05:17","modified_gmt":"2023-10-11T00:05:17","slug":"lluvias-torrenciales-esta-noche-en-colima-monitorea-pc-barrancas-por-posible-lahar","status":"publish","type":"post","link":"https:\/\/masquenoticias.mx\/index.php\/2023\/10\/10\/lluvias-torrenciales-esta-noche-en-colima-monitorea-pc-barrancas-por-posible-lahar\/","title":{"rendered":"Lluvias torrenciales esta noche en Colima, monitorea PC barrancas por posible lahar"},"content":{"rendered":"<p><strong>Protecci\u00f3n Civil Estatal<\/strong> monitorea barrancas ante la posible generaci\u00f3n de<strong> lahares<\/strong>, adem\u00e1s de trabajar de forma coordinada con las Unidades Municipales ante los efectos de <strong>Lidia<\/strong>.<\/p>\n<p>El director de la Unidad Estatal de Protecci\u00f3n Civil, <strong>Erick Gonz\u00e1lez S\u00e1nchez<\/strong>, explic\u00f3 que se mantienen en monitoreo permanente del <strong>fen\u00f3meno meteorol\u00f3gico<\/strong> que r\u00e1pidamente <a href=\"https:\/\/www.gob.mx\/smn\/prensa\/lidia-alcanzo-la-categoria-4\">evolucion\u00f3 a hurac\u00e1n categor\u00eda cuatro<\/a> la tarde de este martes (10) y cuyas bandas nubosas generar\u00e1n <strong>lluvias torrenciales<\/strong> la noche de hoy.<\/p>\n<p>Hasta la tarde este martes, no se reportaban da\u00f1os de consideraci\u00f3n, sin embargo, advirti\u00f3 que en la zona costera, las enramadas que usualmente resultan afectadas, s\u00ed podr\u00edan experimentar da\u00f1os tras el paso del <strong>hurac\u00e1n<\/strong>, por lo que se mantiene el monitoreo.<\/p>\n<p><strong>\u201cSe est\u00e1n monitoreando las barrancas en caso de un lahar, se tiene comunicaci\u00f3n con la Universidad de Colima, con las Unidades Municipales de Comala, Cuauht\u00e9moc y en el caso de El Para\u00edso es un evento de cada a\u00f1o por la vulnerabilidad de los negocios (\u2026) se tienen reuniones con el Comit\u00e9 Cient\u00edfico Asesor para determinar si es necesario evacuar alguna comunidad\u201d.<\/strong><\/p>\n<p>Refiri\u00f3 que la determinaci\u00f3n de suspender clases es para disminuir los riesgos para la poblaci\u00f3n y que esta permanezca en sus casas. As\u00ed mismo hizo el llamado para mantenerse al tanto de los medios oficiales.<\/p>\n<p><strong>Evoluciona a categor\u00eda 4<\/strong><\/p>\n<p>El Servicio Meteorol\u00f3gico Nacional (SMN), de la Comisi\u00f3n Nacional del Agua (<strong>Conagua<\/strong>), informa que el <strong>hurac\u00e1n Lidia<\/strong> alcanz\u00f3 ya la categor\u00eda 4 en la escala <strong>Saffir-Simpson<\/strong>.<\/p>\n<p>Su centro se ubica aproximadamente a 130 kil\u00f3metros (km) al suroeste de Cabo Corrientes y a 175 km al suroeste de Puerto Vallarta, ambas, localidades de Jalisco. Tiene vientos m\u00e1ximos sostenidos de 220 kil\u00f3metros por hora (km\/h), rachas de 260 km\/h y desplazamiento hacia el este-noreste a 26 km\/h.<\/p>\n","protected":false},"excerpt":{"rendered":"<p>Protecci\u00f3n Civil Estatal monitorea barrancas ante la posible generaci\u00f3n de lahares, adem\u00e1s de trabajar de forma coordinada con las Unidades Municipales ante los efectos de Lidia. El director de la Unidad Estatal de Protecci\u00f3n Civil, Erick Gonz\u00e1lez S\u00e1nchez, explic\u00f3 que se mantienen en monitoreo permanente del fen\u00f3meno meteorol\u00f3gico que r\u00e1pidamente evolucion\u00f3 a hurac\u00e1n categor\u00eda cuatro [&hellip;]<\/p>\n","protected":false},"author":1,"featured_media":0,"comment_status":"open","ping_status":"open","sticky":false,"template":"","format":"standard","meta":{"_jetpack_memberships_contains_paid_content":false,"footnotes":""},"categories":[24],"tags":[282,126],"class_list":["post-3258","post","type-post","status-publish","format-standard","hentry","category-estado","tag-lidia","tag-proteccion-civil"],"yoast_head":"<!-- This site is optimized with the Yoast SEO plugin v26.6 - https:\/\/yoast.com\/wordpress\/plugins\/seo\/ -->\n<title>Lluvias torrenciales esta noche en Colima, monitorea PC barrancas por posible lahar - M\u00e1s Que Noticias<\/title>\n<meta name=\"robots\" content=\"index, follow, max-snippet:-1, max-image-preview:large, max-video-preview:-1\" \/>\n<link rel=\"canonical\" href=\"https:\/\/masquenoticias.mx\/index.php\/2023\/10\/10\/lluvias-torrenciales-esta-noche-en-colima-monitorea-pc-barrancas-por-posible-lahar\/\" \/>\n<meta property=\"og:locale\" content=\"es_MX\" \/>\n<meta property=\"og:type\" content=\"article\" \/>\n<meta property=\"og:title\" content=\"Lluvias torrenciales esta noche en Colima, monitorea PC barrancas por posible lahar - M\u00e1s Que Noticias\" \/>\n<meta property=\"og:description\" content=\"Protecci\u00f3n Civil Estatal monitorea barrancas ante la posible generaci\u00f3n de lahares, adem\u00e1s de trabajar de forma coordinada con las Unidades Municipales ante los efectos de Lidia. El director de la Unidad Estatal de Protecci\u00f3n Civil, Erick Gonz\u00e1lez S\u00e1nchez, explic\u00f3 que se mantienen en monitoreo permanente del fen\u00f3meno meteorol\u00f3gico que r\u00e1pidamente evolucion\u00f3 a hurac\u00e1n categor\u00eda cuatro [&hellip;]\" \/>\n<meta property=\"og:url\" content=\"https:\/\/masquenoticias.mx\/index.php\/2023\/10\/10\/lluvias-torrenciales-esta-noche-en-colima-monitorea-pc-barrancas-por-posible-lahar\/\" \/>\n<meta property=\"og:site_name\" content=\"M\u00e1s Que Noticias\" \/>\n<meta property=\"article:publisher\" content=\"https:\/\/www.facebook.com\/masquenoticiascolima\" \/>\n<meta property=\"article:published_time\" content=\"2023-10-11T00:02:38+00:00\" \/>\n<meta property=\"article:modified_time\" content=\"2023-10-11T00:05:17+00:00\" \/>\n<meta name=\"author\" content=\"Redacci\u00f3n\" \/>\n<meta name=\"twitter:card\" content=\"summary_large_image\" \/>\n<meta name=\"twitter:creator\" content=\"@edgartove\" \/>\n<meta name=\"twitter:site\" content=\"@edgartove\" \/>\n<meta name=\"twitter:label1\" content=\"Escrito por\" \/>\n\t<meta name=\"twitter:data1\" content=\"Redacci\u00f3n\" \/>\n\t<meta name=\"twitter:label2\" content=\"Tiempo de lectura\" \/>\n\t<meta name=\"twitter:data2\" content=\"2 minutos\" \/>\n<script type=\"application\/ld+json\" class=\"yoast-schema-graph\">{\"@context\":\"https:\/\/schema.org\",\"@graph\":[{\"@type\":\"Article\",\"@id\":\"https:\/\/masquenoticias.mx\/index.php\/2023\/10\/10\/lluvias-torrenciales-esta-noche-en-colima-monitorea-pc-barrancas-por-posible-lahar\/#article\",\"isPartOf\":{\"@id\":\"https:\/\/masquenoticias.mx\/index.php\/2023\/10\/10\/lluvias-torrenciales-esta-noche-en-colima-monitorea-pc-barrancas-por-posible-lahar\/\"},\"author\":{\"name\":\"Redacci\u00f3n\",\"@id\":\"https:\/\/masquenoticias.mx\/#\/schema\/person\/544d19989ef23d34615f691f7a96e622\"},\"headline\":\"Lluvias torrenciales esta noche en Colima, monitorea PC barrancas por posible lahar\",\"datePublished\":\"2023-10-11T00:02:38+00:00\",\"dateModified\":\"2023-10-11T00:05:17+00:00\",\"mainEntityOfPage\":{\"@id\":\"https:\/\/masquenoticias.mx\/index.php\/2023\/10\/10\/lluvias-torrenciales-esta-noche-en-colima-monitorea-pc-barrancas-por-posible-lahar\/\"},\"wordCount\":327,\"commentCount\":0,\"publisher\":{\"@id\":\"https:\/\/masquenoticias.mx\/#organization\"},\"keywords\":[\"Lidia\",\"Protecci\u00f3n Civil\"],\"articleSection\":[\"Estado\"],\"inLanguage\":\"es\",\"potentialAction\":[{\"@type\":\"CommentAction\",\"name\":\"Comment\",\"target\":[\"https:\/\/masquenoticias.mx\/index.php\/2023\/10\/10\/lluvias-torrenciales-esta-noche-en-colima-monitorea-pc-barrancas-por-posible-lahar\/#respond\"]}]},{\"@type\":\"WebPage\",\"@id\":\"https:\/\/masquenoticias.mx\/index.php\/2023\/10\/10\/lluvias-torrenciales-esta-noche-en-colima-monitorea-pc-barrancas-por-posible-lahar\/\",\"url\":\"https:\/\/masquenoticias.mx\/index.php\/2023\/10\/10\/lluvias-torrenciales-esta-noche-en-colima-monitorea-pc-barrancas-por-posible-lahar\/\",\"name\":\"Lluvias torrenciales esta noche en Colima, monitorea PC barrancas por posible lahar - M\u00e1s Que Noticias\",\"isPartOf\":{\"@id\":\"https:\/\/masquenoticias.mx\/#website\"},\"datePublished\":\"2023-10-11T00:02:38+00:00\",\"dateModified\":\"2023-10-11T00:05:17+00:00\",\"breadcrumb\":{\"@id\":\"https:\/\/masquenoticias.mx\/index.php\/2023\/10\/10\/lluvias-torrenciales-esta-noche-en-colima-monitorea-pc-barrancas-por-posible-lahar\/#breadcrumb\"},\"inLanguage\":\"es\",\"potentialAction\":[{\"@type\":\"ReadAction\",\"target\":[\"https:\/\/masquenoticias.mx\/index.php\/2023\/10\/10\/lluvias-torrenciales-esta-noche-en-colima-monitorea-pc-barrancas-por-posible-lahar\/\"]}]},{\"@type\":\"BreadcrumbList\",\"@id\":\"https:\/\/masquenoticias.mx\/index.php\/2023\/10\/10\/lluvias-torrenciales-esta-noche-en-colima-monitorea-pc-barrancas-por-posible-lahar\/#breadcrumb\",\"itemListElement\":[{\"@type\":\"ListItem\",\"position\":1,\"name\":\"Inicio\",\"item\":\"https:\/\/masquenoticias.mx\/\"},{\"@type\":\"ListItem\",\"position\":2,\"name\":\"Lluvias torrenciales esta noche en Colima, monitorea PC barrancas por posible lahar\"}]},{\"@type\":\"WebSite\",\"@id\":\"https:\/\/masquenoticias.mx\/#website\",\"url\":\"https:\/\/masquenoticias.mx\/\",\"name\":\"M\u00e1s Que Noticias\",\"description\":\"Noticias de Colima, M\u00e9xico y el Mundo\",\"publisher\":{\"@id\":\"https:\/\/masquenoticias.mx\/#organization\"},\"potentialAction\":[{\"@type\":\"SearchAction\",\"target\":{\"@type\":\"EntryPoint\",\"urlTemplate\":\"https:\/\/masquenoticias.mx\/?s={search_term_string}\"},\"query-input\":{\"@type\":\"PropertyValueSpecification\",\"valueRequired\":true,\"valueName\":\"search_term_string\"}}],\"inLanguage\":\"es\"},{\"@type\":\"Organization\",\"@id\":\"https:\/\/masquenoticias.mx\/#organization\",\"name\":\"M\u00e1s Que Noticias\",\"url\":\"https:\/\/masquenoticias.mx\/\",\"logo\":{\"@type\":\"ImageObject\",\"inLanguage\":\"es\",\"@id\":\"https:\/\/masquenoticias.mx\/#\/schema\/logo\/image\/\",\"url\":\"https:\/\/i0.wp.com\/masquenoticias.mx\/wp-content\/uploads\/2024\/04\/IMG_0004.png?fit=2560%2C1656&ssl=1\",\"contentUrl\":\"https:\/\/i0.wp.com\/masquenoticias.mx\/wp-content\/uploads\/2024\/04\/IMG_0004.png?fit=2560%2C1656&ssl=1\",\"width\":2560,\"height\":1656,\"caption\":\"M\u00e1s Que Noticias\"},\"image\":{\"@id\":\"https:\/\/masquenoticias.mx\/#\/schema\/logo\/image\/\"},\"sameAs\":[\"https:\/\/www.facebook.com\/masquenoticiascolima\",\"https:\/\/x.com\/edgartove\",\"https:\/\/www.instagram.com\/masquenoticiascolima\/\"]},{\"@type\":\"Person\",\"@id\":\"https:\/\/masquenoticias.mx\/#\/schema\/person\/544d19989ef23d34615f691f7a96e622\",\"name\":\"Redacci\u00f3n\",\"image\":{\"@type\":\"ImageObject\",\"inLanguage\":\"es\",\"@id\":\"https:\/\/masquenoticias.mx\/#\/schema\/person\/image\/\",\"url\":\"https:\/\/secure.gravatar.com\/avatar\/7fcc926d5b058d3f3d52d95b4d05dd58?s=96&d=mm&r=g\",\"contentUrl\":\"https:\/\/secure.gravatar.com\/avatar\/7fcc926d5b058d3f3d52d95b4d05dd58?s=96&d=mm&r=g\",\"caption\":\"Redacci\u00f3n\"},\"sameAs\":[\"http:\/\/masquenoticias.mx\"],\"url\":\"https:\/\/masquenoticias.mx\/index.php\/author\/edgartovegmail-com\/\"}]}<\/script>\n<!-- \/ Yoast SEO plugin. -->","yoast_head_json":{"title":"Lluvias torrenciales esta noche en Colima, monitorea PC barrancas por posible lahar - M\u00e1s Que Noticias","robots":{"index":"index","follow":"follow","max-snippet":"max-snippet:-1","max-image-preview":"max-image-preview:large","max-video-preview":"max-video-preview:-1"},"canonical":"https:\/\/masquenoticias.mx\/index.php\/2023\/10\/10\/lluvias-torrenciales-esta-noche-en-colima-monitorea-pc-barrancas-por-posible-lahar\/","og_locale":"es_MX","og_type":"article","og_title":"Lluvias torrenciales esta noche en Colima, monitorea PC barrancas por posible lahar - M\u00e1s Que Noticias","og_description":"Protecci\u00f3n Civil Estatal monitorea barrancas ante la posible generaci\u00f3n de lahares, adem\u00e1s de trabajar de forma coordinada con las Unidades Municipales ante los efectos de Lidia. El director de la Unidad Estatal de Protecci\u00f3n Civil, Erick Gonz\u00e1lez S\u00e1nchez, explic\u00f3 que se mantienen en monitoreo permanente del fen\u00f3meno meteorol\u00f3gico que r\u00e1pidamente evolucion\u00f3 a hurac\u00e1n categor\u00eda cuatro [&hellip;]","og_url":"https:\/\/masquenoticias.mx\/index.php\/2023\/10\/10\/lluvias-torrenciales-esta-noche-en-colima-monitorea-pc-barrancas-por-posible-lahar\/","og_site_name":"M\u00e1s Que Noticias","article_publisher":"https:\/\/www.facebook.com\/masquenoticiascolima","article_published_time":"2023-10-11T00:02:38+00:00","article_modified_time":"2023-10-11T00:05:17+00:00","author":"Redacci\u00f3n","twitter_card":"summary_large_image","twitter_creator":"@edgartove","twitter_site":"@edgartove","twitter_misc":{"Escrito por":"Redacci\u00f3n","Tiempo de lectura":"2 minutos"},"schema":{"@context":"https:\/\/schema.org","@graph":[{"@type":"Article","@id":"https:\/\/masquenoticias.mx\/index.php\/2023\/10\/10\/lluvias-torrenciales-esta-noche-en-colima-monitorea-pc-barrancas-por-posible-lahar\/#article","isPartOf":{"@id":"https:\/\/masquenoticias.mx\/index.php\/2023\/10\/10\/lluvias-torrenciales-esta-noche-en-colima-monitorea-pc-barrancas-por-posible-lahar\/"},"author":{"name":"Redacci\u00f3n","@id":"https:\/\/masquenoticias.mx\/#\/schema\/person\/544d19989ef23d34615f691f7a96e622"},"headline":"Lluvias torrenciales esta noche en Colima, monitorea PC barrancas por posible lahar","datePublished":"2023-10-11T00:02:38+00:00","dateModified":"2023-10-11T00:05:17+00:00","mainEntityOfPage":{"@id":"https:\/\/masquenoticias.mx\/index.php\/2023\/10\/10\/lluvias-torrenciales-esta-noche-en-colima-monitorea-pc-barrancas-por-posible-lahar\/"},"wordCount":327,"commentCount":0,"publisher":{"@id":"https:\/\/masquenoticias.mx\/#organization"},"keywords":["Lidia","Protecci\u00f3n Civil"],"articleSection":["Estado"],"inLanguage":"es","potentialAction":[{"@type":"CommentAction","name":"Comment","target":["https:\/\/masquenoticias.mx\/index.php\/2023\/10\/10\/lluvias-torrenciales-esta-noche-en-colima-monitorea-pc-barrancas-por-posible-lahar\/#respond"]}]},{"@type":"WebPage","@id":"https:\/\/masquenoticias.mx\/index.php\/2023\/10\/10\/lluvias-torrenciales-esta-noche-en-colima-monitorea-pc-barrancas-por-posible-lahar\/","url":"https:\/\/masquenoticias.mx\/index.php\/2023\/10\/10\/lluvias-torrenciales-esta-noche-en-colima-monitorea-pc-barrancas-por-posible-lahar\/","name":"Lluvias torrenciales esta noche en Colima, monitorea PC barrancas por posible lahar - M\u00e1s Que Noticias","isPartOf":{"@id":"https:\/\/masquenoticias.mx\/#website"},"datePublished":"2023-10-11T00:02:38+00:00","dateModified":"2023-10-11T00:05:17+00:00","breadcrumb":{"@id":"https:\/\/masquenoticias.mx\/index.php\/2023\/10\/10\/lluvias-torrenciales-esta-noche-en-colima-monitorea-pc-barrancas-por-posible-lahar\/#breadcrumb"},"inLanguage":"es","potentialAction":[{"@type":"ReadAction","target":["https:\/\/masquenoticias.mx\/index.php\/2023\/10\/10\/lluvias-torrenciales-esta-noche-en-colima-monitorea-pc-barrancas-por-posible-lahar\/"]}]},{"@type":"BreadcrumbList","@id":"https:\/\/masquenoticias.mx\/index.php\/2023\/10\/10\/lluvias-torrenciales-esta-noche-en-colima-monitorea-pc-barrancas-por-posible-lahar\/#breadcrumb","itemListElement":[{"@type":"ListItem","position":1,"name":"Inicio","item":"https:\/\/masquenoticias.mx\/"},{"@type":"ListItem","position":2,"name":"Lluvias torrenciales esta noche en Colima, monitorea PC barrancas por posible lahar"}]},{"@type":"WebSite","@id":"https:\/\/masquenoticias.mx\/#website","url":"https:\/\/masquenoticias.mx\/","name":"M\u00e1s Que Noticias","description":"Noticias de Colima, M\u00e9xico y el Mundo","publisher":{"@id":"https:\/\/masquenoticias.mx\/#organization"},"potentialAction":[{"@type":"SearchAction","target":{"@type":"EntryPoint","urlTemplate":"https:\/\/masquenoticias.mx\/?s={search_term_string}"},"query-input":{"@type":"PropertyValueSpecification","valueRequired":true,"valueName":"search_term_string"}}],"inLanguage":"es"},{"@type":"Organization","@id":"https:\/\/masquenoticias.mx\/#organization","name":"M\u00e1s Que Noticias","url":"https:\/\/masquenoticias.mx\/","logo":{"@type":"ImageObject","inLanguage":"es","@id":"https:\/\/masquenoticias.mx\/#\/schema\/logo\/image\/","url":"https:\/\/i0.wp.com\/masquenoticias.mx\/wp-content\/uploads\/2024\/04\/IMG_0004.png?fit=2560%2C1656&ssl=1","contentUrl":"https:\/\/i0.wp.com\/masquenoticias.mx\/wp-content\/uploads\/2024\/04\/IMG_0004.png?fit=2560%2C1656&ssl=1","width":2560,"height":1656,"caption":"M\u00e1s Que Noticias"},"image":{"@id":"https:\/\/masquenoticias.mx\/#\/schema\/logo\/image\/"},"sameAs":["https:\/\/www.facebook.com\/masquenoticiascolima","https:\/\/x.com\/edgartove","https:\/\/www.instagram.com\/masquenoticiascolima\/"]},{"@type":"Person","@id":"https:\/\/masquenoticias.mx\/#\/schema\/person\/544d19989ef23d34615f691f7a96e622","name":"Redacci\u00f3n","image":{"@type":"ImageObject","inLanguage":"es","@id":"https:\/\/masquenoticias.mx\/#\/schema\/person\/image\/","url":"https:\/\/secure.gravatar.com\/avatar\/7fcc926d5b058d3f3d52d95b4d05dd58?s=96&d=mm&r=g","contentUrl":"https:\/\/secure.gravatar.com\/avatar\/7fcc926d5b058d3f3d52d95b4d05dd58?s=96&d=mm&r=g","caption":"Redacci\u00f3n"},"sameAs":["http:\/\/masquenoticias.mx"],"url":"https:\/\/masquenoticias.mx\/index.php\/author\/edgartovegmail-com\/"}]}},"jetpack_featured_media_url":"","blog_post_layout_featured_media_urls":{"thumbnail":"","full":""},"categories_names":{"24":{"name":"Estado","link":"https:\/\/masquenoticias.mx\/index.php\/category\/estado\/"}},"tags_names":{"282":{"name":"Lidia","link":"https:\/\/masquenoticias.mx\/index.php\/tag\/lidia\/"},"126":{"name":"Protecci\u00f3n Civil","link":"https:\/\/masquenoticias.mx\/index.php\/tag\/proteccion-civil\/"}},"comments_number":"0","wpmagazine_modules_lite_featured_media_urls":{"thumbnail":"","cvmm-medium":"","cvmm-medium-plus":"","cvmm-portrait":"","cvmm-medium-square":"","cvmm-large":"","cvmm-small":"","full":""},"jetpack-related-posts":[],"jetpack_sharing_enabled":true,"jetpack_likes_enabled":true,"jetpack_shortlink":"https:\/\/wp.me\/pf7pkt-Qy","_links":{"self":[{"href":"https:\/\/masquenoticias.mx\/index.php\/wp-json\/wp\/v2\/posts\/3258","targetHints":{"allow":["GET"]}}],"collection":[{"href":"https:\/\/masquenoticias.mx\/index.php\/wp-json\/wp\/v2\/posts"}],"about":[{"href":"https:\/\/masquenoticias.mx\/index.php\/wp-json\/wp\/v2\/types\/post"}],"author":[{"embeddable":true,"href":"https:\/\/masquenoticias.mx\/index.php\/wp-json\/wp\/v2\/users\/1"}],"replies":[{"embeddable":true,"href":"https:\/\/masquenoticias.mx\/index.php\/wp-json\/wp\/v2\/comments?post=3258"}],"version-history":[{"count":0,"href":"https:\/\/masquenoticias.mx\/index.php\/wp-json\/wp\/v2\/posts\/3258\/revisions"}],"wp:attachment":[{"href":"https:\/\/masquenoticias.mx\/index.php\/wp-json\/wp\/v2\/media?parent=3258"}],"wp:term":[{"taxonomy":"category","embeddable":true,"href":"https:\/\/masquenoticias.mx\/index.php\/wp-json\/wp\/v2\/categories?post=3258"},{"taxonomy":"post_tag","embeddable":true,"href":"https:\/\/masquenoticias.mx\/index.php\/wp-json\/wp\/v2\/tags?post=3258"}],"curies":[{"name":"wp","href":"https:\/\/api.w.org\/{rel}","templated":true}]}}