{"id":3257,"date":"2023-10-10T17:45:45","date_gmt":"2023-10-10T23:45:45","guid":{"rendered":"https:\/\/masquenoticias.mx\/?p=3257"},"modified":"2023-10-10T17:45:45","modified_gmt":"2023-10-10T23:45:45","slug":"mesa-de-paz-y-seguridad-informa-detencion-de-christian-ernesto-n-alias-el-warrior-y-o-el-diente","status":"publish","type":"post","link":"https:\/\/masquenoticias.mx\/index.php\/2023\/10\/10\/mesa-de-paz-y-seguridad-informa-detencion-de-christian-ernesto-n-alias-el-warrior-y-o-el-diente\/","title":{"rendered":"Mesa de Paz y Seguridad informa detenci\u00f3n de Christian Ernesto \u2018N\u2019, alias \u2018El Warrior\u2019 y\/o \u2018El Diente\u2019"},"content":{"rendered":"<p>La noche de este lunes 9 de octubre en el Estado de M\u00e9xico, como parte de investigaciones entre la Polic\u00eda de Investigaci\u00f3n de la Fiscal\u00eda General del Estado (FGE), la Coordinaci\u00f3n Nacional Antisecuestro, Secretar\u00eda de Marina (Semar), Unidad Especializada de Combate al Secuestro Mexiquense y de Polic\u00eda Estatal de Colima fue aprehendido Christian Ernesto &#8220;N&#8221;, alias El Warrior y\/o El Diente, de 33 a\u00f1os, considerado objetivo prioritario en la entidad, inform\u00f3 el vocero de la Mesa de Coordinaci\u00f3n Estatal para la Construcci\u00f3n de la Paz y la Seguridad en Colima, Francisco Almaz\u00e1n Torres, junto con el secretario de Seguridad P\u00fablica (SSP), capit\u00e1n H\u00e9ctor Alfredo Castillo B\u00e1ez.<\/p>\n<p>Christian Ernesto &#8220;N&#8221; es se\u00f1alado como uno de los principales generadores de violencia en Colima y estaba al mando de un grupo delictivo local, tras la detenci\u00f3n de Carlos Miguel &#8220;N&#8221;, alias \u201cEl Abul\u00f3n\u201d en junio de 2023. \u201cEl Warrior\u201d fue capturado con orden de aprehensi\u00f3n, acusado de participar en la privaci\u00f3n de la vida de un trabajador del Poder Judicial del Estado (PJE) de Colima.<\/p>\n<p>&#8220;Con esto, la FGE reitera su compromiso y la responsabilidad de mantener coordinaci\u00f3n permanente con todas las instituciones de seguridad federales y estatales, as\u00ed como Fiscal\u00edas del pa\u00eds, para seguir combatiendo el delito en todas sus formas&#8221; indic\u00f3 el Vocero de Paz y Seguridad.<\/p>\n<p>Inform\u00f3 que durante las \u00faltimas dos semanas (del 22 de septiembre al 6 de octubre) se realizaron 20 cateos, tres realizados por la Fiscal\u00eda General de la Rep\u00fablica (FGR) y 17 por la FGE. Se detuvieron 145 personas acusadas de diversos delitos; 141 por delitos del fuero com\u00fan y 4 por del fuero federal.<\/p>\n<p>El vocero destac\u00f3 que la violencia homicida en el estado disminuy\u00f3 10% sobre la quincena previa. Durante las semanas que se reportan, se contabilizaron 17 homicidios dolosos.<\/p>\n<p><b>Acciones relevantes <\/b><\/p>\n<p>Entre las acciones relevantes est\u00e1 la sentencia condenatoria el 20 de septiembre, de Julio C\u00e9sar &#8220;N&#8221; por robo calificado agravado y la muerte de la v\u00edctima; en 2018 la v\u00edctima fue a cambiar cheques de la empresa en la que trabajaba y cuando regres\u00f3 con el efectivo, el ahora sentenciado en coautor\u00eda de otra persona sometieron a la v\u00edctima para robarle el dinero. Lo llevaron a un domicilio donde le privaron de la vida. Recibi\u00f3 sentencia de 16 a\u00f1os y 8 meses de prisi\u00f3n y otras sanciones pecuniarias.<\/p>\n<p>El 21 de septiembre un hombre recibi\u00f3 15 a\u00f1os de c\u00e1rcel por homicidio doloso; en julio de 2022 la v\u00edctima lleg\u00f3 a su casa en la colonia L\u00e1zaro C\u00e1rdenas en Colima, cuando el agresor \u2013t\u00edo- sali\u00f3 de la rec\u00e1mara y lo apu\u00f1al\u00f3, caus\u00e1ndole la muerte. Se le dict\u00f3 sentencia condenatoria de 15 a\u00f1os de prisi\u00f3n y pago de multa.<\/p>\n<p>El 24 de septiembre dos personas fueron vinculadas a proceso por delitos contra la salud: Christian Francisco &#8220;N&#8221; le suministr\u00f3 envoltorios con metanfetamina a Susana &#8220;N&#8221;. Al inspeccionar al hombre se le localizaron m\u00e1s envoltorios. Los hechos ocurrieron en la colonia Josefa Ortiz de Dom\u00ednguez, en Colima. El \u00f3rgano judicial vincul\u00f3 a proceso a Christian Francisco &#8220;N&#8221;, mientras que a Susana &#8220;N&#8221; por posesi\u00f3n simple de la misma, otorg\u00e1ndole al Ministerio P\u00fablico (MP) un mes para la investigaci\u00f3n.<\/p>\n<p>El 25 de septiembre un hombre fue vinculado a proceso por robo calificado: un juez vincul\u00f3 a proceso a Rogelio \u201cN\u201d por robo calificado en la colonia Magisterial; el imputado ingres\u00f3 a un domicilio y sustrajo art\u00edculos personales y dinero, fue detenido en flagrancia por la Polic\u00eda. Se le dict\u00f3 vinculaci\u00f3n a proceso y decretando la prisi\u00f3n preventiva, otorgando al MP dos meses para la investigaci\u00f3n.<\/p>\n<p>El 2 de octubre 3 j\u00f3venes fueron vinculados a proceso por homicidio de un trabajador del PJE. Sergio Yael &#8220;N&#8221; y Alexis &#8220;N&#8221;, de 18 y 19 a\u00f1os y un menor de edad, fueron vinculados a proceso por homicidio calificado. El 15 de agosto, la v\u00edctima fue ejecutada por disparos de arma de fuego afuera de su casa en Villa de \u00c1lvarez. Los j\u00f3venes fueron turnados al juez, quien les dict\u00f3 auto de vinculaci\u00f3n a proceso, imponi\u00e9ndoles prisi\u00f3n preventiva y otorgando cinco meses para la investigaci\u00f3n.<\/p>\n<p>El 3 de octubre un hombre fue condenado a 4 a\u00f1os de c\u00e1rcel por fraude. En abril de 2018, celebr\u00f3 un contrato de compra-venta de un inmueble en Villa de \u00c1lvarez, a sabiendas que contaba con gravamen hipotecario. El acusado recibi\u00f3 300 mil pesos como anticipo y fue sentenciado a 4 a\u00f1os de c\u00e1rcel y al pago de 300 mil pesos m\u00e1s el inter\u00e9s generado, como medida compensatoria.<\/p>\n<p>El 5 de octubre se dio sentencia de 90 a\u00f1os contra dos hombres por secuestro agravado, tras hechos en abril de 2021, cuando sujetos armados ingresaron a un sitio en la colonia Camino Real, donde se encontraban las v\u00edctimas, las amarraron. Dejaron a una de las v\u00edctimas y se llevaron a otra en un veh\u00edculo hasta un predio por la carretera Colima a Coquimatl\u00e1n, donde la tuvieron por varias horas en cautiverio. Hicieron llamadas a la v\u00edctima que hab\u00edan dejado en el domicilio pidiendo dinero para entregar a la persona privada de la libertad. Los victimarios fueron detenidos con el dinero del rescate. La v\u00edctima fue localizada ese mismo d\u00eda en el rancho Las Parotas.<\/p>\n<p><b>Reporte de la SSP<\/b><\/p>\n<p>El titular de SSP, H\u00e9ctor Castillo B\u00e1ez, dijo que durante estas dos semanas se realizaron operativos de prevenci\u00f3n, en los que se revis\u00f3 a 4 mil 117 personas, mil 120 veh\u00edculos, mil 297 motocicletas y se efectuaron cinco cateos.<\/p>\n<p>Destaca que el 22 de septiembre en la colonia Palma Real de Tecom\u00e1n, aseguraron 17 envoltorios con una sustancia con las caracter\u00edsticas de la droga conocida como \u201cice\u201d y cuatro envoltorios con sustancia con las caracter\u00edsticas de la droga conocida como marihuana.<\/p>\n","protected":false},"excerpt":{"rendered":"<p>La noche de este lunes 9 de octubre en el Estado de M\u00e9xico, como parte de investigaciones entre la Polic\u00eda de Investigaci\u00f3n de la Fiscal\u00eda General del Estado (FGE), la Coordinaci\u00f3n Nacional Antisecuestro, Secretar\u00eda de Marina (Semar), Unidad Especializada de Combate al Secuestro Mexiquense y de Polic\u00eda Estatal de Colima fue aprehendido Christian Ernesto &#8220;N&#8221;, [&hellip;]<\/p>\n","protected":false},"author":2,"featured_media":3259,"comment_status":"open","ping_status":"open","sticky":false,"template":"","format":"standard","meta":{"_jetpack_memberships_contains_paid_content":false,"footnotes":""},"categories":[58],"tags":[224,47],"class_list":["post-3257","post","type-post","status-publish","format-standard","has-post-thumbnail","hentry","category-seguridad","tag-mesa-de-seguridad","tag-seguridad"],"yoast_head":"<!-- This site is optimized with the Yoast SEO plugin v26.6 - https:\/\/yoast.com\/wordpress\/plugins\/seo\/ -->\n<title>Mesa de Paz y Seguridad informa detenci\u00f3n de Christian Ernesto \u2018N\u2019, alias \u2018El Warrior\u2019 y\/o \u2018El Diente\u2019 - M\u00e1s Que Noticias<\/title>\n<meta name=\"robots\" content=\"index, follow, max-snippet:-1, max-image-preview:large, max-video-preview:-1\" \/>\n<link rel=\"canonical\" href=\"https:\/\/masquenoticias.mx\/index.php\/2023\/10\/10\/mesa-de-paz-y-seguridad-informa-detencion-de-christian-ernesto-n-alias-el-warrior-y-o-el-diente\/\" \/>\n<meta property=\"og:locale\" content=\"es_MX\" \/>\n<meta property=\"og:type\" content=\"article\" \/>\n<meta property=\"og:title\" content=\"Mesa de Paz y Seguridad informa detenci\u00f3n de Christian Ernesto \u2018N\u2019, alias \u2018El Warrior\u2019 y\/o \u2018El Diente\u2019 - M\u00e1s Que Noticias\" \/>\n<meta property=\"og:description\" content=\"La noche de este lunes 9 de octubre en el Estado de M\u00e9xico, como parte de investigaciones entre la Polic\u00eda de Investigaci\u00f3n de la Fiscal\u00eda General del Estado (FGE), la Coordinaci\u00f3n Nacional Antisecuestro, Secretar\u00eda de Marina (Semar), Unidad Especializada de Combate al Secuestro Mexiquense y de Polic\u00eda Estatal de Colima fue aprehendido Christian Ernesto &#8220;N&#8221;, [&hellip;]\" \/>\n<meta property=\"og:url\" content=\"https:\/\/masquenoticias.mx\/index.php\/2023\/10\/10\/mesa-de-paz-y-seguridad-informa-detencion-de-christian-ernesto-n-alias-el-warrior-y-o-el-diente\/\" \/>\n<meta property=\"og:site_name\" content=\"M\u00e1s Que Noticias\" \/>\n<meta property=\"article:publisher\" content=\"https:\/\/www.facebook.com\/masquenoticiascolima\" \/>\n<meta property=\"article:published_time\" content=\"2023-10-10T23:45:45+00:00\" \/>\n<meta property=\"og:image\" content=\"https:\/\/i0.wp.com\/masquenoticias.mx\/wp-content\/uploads\/2023\/10\/WhatsApp-Image-2023-10-10-at-17.18.31-jpeg.webp?fit=948%2C533&ssl=1\" \/>\n\t<meta property=\"og:image:width\" content=\"948\" \/>\n\t<meta property=\"og:image:height\" content=\"533\" \/>\n\t<meta property=\"og:image:type\" content=\"image\/jpeg\" \/>\n<meta name=\"author\" content=\"Redacci\u00f3n\" \/>\n<meta name=\"twitter:card\" content=\"summary_large_image\" \/>\n<meta name=\"twitter:creator\" content=\"@edgartove\" \/>\n<meta name=\"twitter:site\" content=\"@edgartove\" \/>\n<meta name=\"twitter:label1\" content=\"Escrito por\" \/>\n\t<meta name=\"twitter:data1\" content=\"Redacci\u00f3n\" \/>\n\t<meta name=\"twitter:label2\" content=\"Tiempo de lectura\" \/>\n\t<meta name=\"twitter:data2\" content=\"5 minutos\" \/>\n<script type=\"application\/ld+json\" class=\"yoast-schema-graph\">{\"@context\":\"https:\/\/schema.org\",\"@graph\":[{\"@type\":\"Article\",\"@id\":\"https:\/\/masquenoticias.mx\/index.php\/2023\/10\/10\/mesa-de-paz-y-seguridad-informa-detencion-de-christian-ernesto-n-alias-el-warrior-y-o-el-diente\/#article\",\"isPartOf\":{\"@id\":\"https:\/\/masquenoticias.mx\/index.php\/2023\/10\/10\/mesa-de-paz-y-seguridad-informa-detencion-de-christian-ernesto-n-alias-el-warrior-y-o-el-diente\/\"},\"author\":{\"name\":\"Redacci\u00f3n\",\"@id\":\"https:\/\/masquenoticias.mx\/#\/schema\/person\/6229637729ad377d24e2154e3b30720b\"},\"headline\":\"Mesa de Paz y Seguridad informa detenci\u00f3n de Christian Ernesto \u2018N\u2019, alias \u2018El Warrior\u2019 y\/o \u2018El Diente\u2019\",\"datePublished\":\"2023-10-10T23:45:45+00:00\",\"mainEntityOfPage\":{\"@id\":\"https:\/\/masquenoticias.mx\/index.php\/2023\/10\/10\/mesa-de-paz-y-seguridad-informa-detencion-de-christian-ernesto-n-alias-el-warrior-y-o-el-diente\/\"},\"wordCount\":1007,\"commentCount\":0,\"publisher\":{\"@id\":\"https:\/\/masquenoticias.mx\/#organization\"},\"image\":{\"@id\":\"https:\/\/masquenoticias.mx\/index.php\/2023\/10\/10\/mesa-de-paz-y-seguridad-informa-detencion-de-christian-ernesto-n-alias-el-warrior-y-o-el-diente\/#primaryimage\"},\"thumbnailUrl\":\"https:\/\/i0.wp.com\/masquenoticias.mx\/wp-content\/uploads\/2023\/10\/WhatsApp-Image-2023-10-10-at-17.18.31-jpeg.webp?fit=948%2C533&ssl=1\",\"keywords\":[\"Mesa de Seguridad\",\"Seguridad\"],\"articleSection\":[\"Seguridad\"],\"inLanguage\":\"es\",\"potentialAction\":[{\"@type\":\"CommentAction\",\"name\":\"Comment\",\"target\":[\"https:\/\/masquenoticias.mx\/index.php\/2023\/10\/10\/mesa-de-paz-y-seguridad-informa-detencion-de-christian-ernesto-n-alias-el-warrior-y-o-el-diente\/#respond\"]}]},{\"@type\":\"WebPage\",\"@id\":\"https:\/\/masquenoticias.mx\/index.php\/2023\/10\/10\/mesa-de-paz-y-seguridad-informa-detencion-de-christian-ernesto-n-alias-el-warrior-y-o-el-diente\/\",\"url\":\"https:\/\/masquenoticias.mx\/index.php\/2023\/10\/10\/mesa-de-paz-y-seguridad-informa-detencion-de-christian-ernesto-n-alias-el-warrior-y-o-el-diente\/\",\"name\":\"Mesa de Paz y Seguridad informa detenci\u00f3n de Christian Ernesto \u2018N\u2019, alias \u2018El Warrior\u2019 y\/o \u2018El Diente\u2019 - M\u00e1s Que Noticias\",\"isPartOf\":{\"@id\":\"https:\/\/masquenoticias.mx\/#website\"},\"primaryImageOfPage\":{\"@id\":\"https:\/\/masquenoticias.mx\/index.php\/2023\/10\/10\/mesa-de-paz-y-seguridad-informa-detencion-de-christian-ernesto-n-alias-el-warrior-y-o-el-diente\/#primaryimage\"},\"image\":{\"@id\":\"https:\/\/masquenoticias.mx\/index.php\/2023\/10\/10\/mesa-de-paz-y-seguridad-informa-detencion-de-christian-ernesto-n-alias-el-warrior-y-o-el-diente\/#primaryimage\"},\"thumbnailUrl\":\"https:\/\/i0.wp.com\/masquenoticias.mx\/wp-content\/uploads\/2023\/10\/WhatsApp-Image-2023-10-10-at-17.18.31-jpeg.webp?fit=948%2C533&ssl=1\",\"datePublished\":\"2023-10-10T23:45:45+00:00\",\"breadcrumb\":{\"@id\":\"https:\/\/masquenoticias.mx\/index.php\/2023\/10\/10\/mesa-de-paz-y-seguridad-informa-detencion-de-christian-ernesto-n-alias-el-warrior-y-o-el-diente\/#breadcrumb\"},\"inLanguage\":\"es\",\"potentialAction\":[{\"@type\":\"ReadAction\",\"target\":[\"https:\/\/masquenoticias.mx\/index.php\/2023\/10\/10\/mesa-de-paz-y-seguridad-informa-detencion-de-christian-ernesto-n-alias-el-warrior-y-o-el-diente\/\"]}]},{\"@type\":\"ImageObject\",\"inLanguage\":\"es\",\"@id\":\"https:\/\/masquenoticias.mx\/index.php\/2023\/10\/10\/mesa-de-paz-y-seguridad-informa-detencion-de-christian-ernesto-n-alias-el-warrior-y-o-el-diente\/#primaryimage\",\"url\":\"https:\/\/i0.wp.com\/masquenoticias.mx\/wp-content\/uploads\/2023\/10\/WhatsApp-Image-2023-10-10-at-17.18.31-jpeg.webp?fit=948%2C533&ssl=1\",\"contentUrl\":\"https:\/\/i0.wp.com\/masquenoticias.mx\/wp-content\/uploads\/2023\/10\/WhatsApp-Image-2023-10-10-at-17.18.31-jpeg.webp?fit=948%2C533&ssl=1\",\"width\":948,\"height\":533},{\"@type\":\"BreadcrumbList\",\"@id\":\"https:\/\/masquenoticias.mx\/index.php\/2023\/10\/10\/mesa-de-paz-y-seguridad-informa-detencion-de-christian-ernesto-n-alias-el-warrior-y-o-el-diente\/#breadcrumb\",\"itemListElement\":[{\"@type\":\"ListItem\",\"position\":1,\"name\":\"Inicio\",\"item\":\"https:\/\/masquenoticias.mx\/\"},{\"@type\":\"ListItem\",\"position\":2,\"name\":\"Mesa de Paz y Seguridad informa detenci\u00f3n de Christian Ernesto \u2018N\u2019, alias \u2018El Warrior\u2019 y\/o \u2018El Diente\u2019\"}]},{\"@type\":\"WebSite\",\"@id\":\"https:\/\/masquenoticias.mx\/#website\",\"url\":\"https:\/\/masquenoticias.mx\/\",\"name\":\"M\u00e1s Que Noticias\",\"description\":\"Noticias de Colima, M\u00e9xico y el Mundo\",\"publisher\":{\"@id\":\"https:\/\/masquenoticias.mx\/#organization\"},\"potentialAction\":[{\"@type\":\"SearchAction\",\"target\":{\"@type\":\"EntryPoint\",\"urlTemplate\":\"https:\/\/masquenoticias.mx\/?s={search_term_string}\"},\"query-input\":{\"@type\":\"PropertyValueSpecification\",\"valueRequired\":true,\"valueName\":\"search_term_string\"}}],\"inLanguage\":\"es\"},{\"@type\":\"Organization\",\"@id\":\"https:\/\/masquenoticias.mx\/#organization\",\"name\":\"M\u00e1s Que Noticias\",\"url\":\"https:\/\/masquenoticias.mx\/\",\"logo\":{\"@type\":\"ImageObject\",\"inLanguage\":\"es\",\"@id\":\"https:\/\/masquenoticias.mx\/#\/schema\/logo\/image\/\",\"url\":\"https:\/\/i0.wp.com\/masquenoticias.mx\/wp-content\/uploads\/2024\/04\/IMG_0004.png?fit=2560%2C1656&ssl=1\",\"contentUrl\":\"https:\/\/i0.wp.com\/masquenoticias.mx\/wp-content\/uploads\/2024\/04\/IMG_0004.png?fit=2560%2C1656&ssl=1\",\"width\":2560,\"height\":1656,\"caption\":\"M\u00e1s Que Noticias\"},\"image\":{\"@id\":\"https:\/\/masquenoticias.mx\/#\/schema\/logo\/image\/\"},\"sameAs\":[\"https:\/\/www.facebook.com\/masquenoticiascolima\",\"https:\/\/x.com\/edgartove\",\"https:\/\/www.instagram.com\/masquenoticiascolima\/\"]},{\"@type\":\"Person\",\"@id\":\"https:\/\/masquenoticias.mx\/#\/schema\/person\/6229637729ad377d24e2154e3b30720b\",\"name\":\"Redacci\u00f3n\",\"image\":{\"@type\":\"ImageObject\",\"inLanguage\":\"es\",\"@id\":\"https:\/\/masquenoticias.mx\/#\/schema\/person\/image\/\",\"url\":\"https:\/\/secure.gravatar.com\/avatar\/73899f6b3a3034eb6f719669835ca3a4?s=96&d=mm&r=g\",\"contentUrl\":\"https:\/\/secure.gravatar.com\/avatar\/73899f6b3a3034eb6f719669835ca3a4?s=96&d=mm&r=g\",\"caption\":\"Redacci\u00f3n\"},\"url\":\"https:\/\/masquenoticias.mx\/index.php\/author\/bunburytorresgmail-com\/\"}]}<\/script>\n<!-- \/ Yoast SEO plugin. -->","yoast_head_json":{"title":"Mesa de Paz y Seguridad informa detenci\u00f3n de Christian Ernesto \u2018N\u2019, alias \u2018El Warrior\u2019 y\/o \u2018El Diente\u2019 - M\u00e1s Que Noticias","robots":{"index":"index","follow":"follow","max-snippet":"max-snippet:-1","max-image-preview":"max-image-preview:large","max-video-preview":"max-video-preview:-1"},"canonical":"https:\/\/masquenoticias.mx\/index.php\/2023\/10\/10\/mesa-de-paz-y-seguridad-informa-detencion-de-christian-ernesto-n-alias-el-warrior-y-o-el-diente\/","og_locale":"es_MX","og_type":"article","og_title":"Mesa de Paz y Seguridad informa detenci\u00f3n de Christian Ernesto \u2018N\u2019, alias \u2018El Warrior\u2019 y\/o \u2018El Diente\u2019 - M\u00e1s Que Noticias","og_description":"La noche de este lunes 9 de octubre en el Estado de M\u00e9xico, como parte de investigaciones entre la Polic\u00eda de Investigaci\u00f3n de la Fiscal\u00eda General del Estado (FGE), la Coordinaci\u00f3n Nacional Antisecuestro, Secretar\u00eda de Marina (Semar), Unidad Especializada de Combate al Secuestro Mexiquense y de Polic\u00eda Estatal de Colima fue aprehendido Christian Ernesto &#8220;N&#8221;, [&hellip;]","og_url":"https:\/\/masquenoticias.mx\/index.php\/2023\/10\/10\/mesa-de-paz-y-seguridad-informa-detencion-de-christian-ernesto-n-alias-el-warrior-y-o-el-diente\/","og_site_name":"M\u00e1s Que Noticias","article_publisher":"https:\/\/www.facebook.com\/masquenoticiascolima","article_published_time":"2023-10-10T23:45:45+00:00","og_image":[{"width":948,"height":533,"url":"https:\/\/i0.wp.com\/masquenoticias.mx\/wp-content\/uploads\/2023\/10\/WhatsApp-Image-2023-10-10-at-17.18.31-jpeg.webp?fit=948%2C533&ssl=1","type":"image\/jpeg"}],"author":"Redacci\u00f3n","twitter_card":"summary_large_image","twitter_creator":"@edgartove","twitter_site":"@edgartove","twitter_misc":{"Escrito por":"Redacci\u00f3n","Tiempo de lectura":"5 minutos"},"schema":{"@context":"https:\/\/schema.org","@graph":[{"@type":"Article","@id":"https:\/\/masquenoticias.mx\/index.php\/2023\/10\/10\/mesa-de-paz-y-seguridad-informa-detencion-de-christian-ernesto-n-alias-el-warrior-y-o-el-diente\/#article","isPartOf":{"@id":"https:\/\/masquenoticias.mx\/index.php\/2023\/10\/10\/mesa-de-paz-y-seguridad-informa-detencion-de-christian-ernesto-n-alias-el-warrior-y-o-el-diente\/"},"author":{"name":"Redacci\u00f3n","@id":"https:\/\/masquenoticias.mx\/#\/schema\/person\/6229637729ad377d24e2154e3b30720b"},"headline":"Mesa de Paz y Seguridad informa detenci\u00f3n de Christian Ernesto \u2018N\u2019, alias \u2018El Warrior\u2019 y\/o \u2018El Diente\u2019","datePublished":"2023-10-10T23:45:45+00:00","mainEntityOfPage":{"@id":"https:\/\/masquenoticias.mx\/index.php\/2023\/10\/10\/mesa-de-paz-y-seguridad-informa-detencion-de-christian-ernesto-n-alias-el-warrior-y-o-el-diente\/"},"wordCount":1007,"commentCount":0,"publisher":{"@id":"https:\/\/masquenoticias.mx\/#organization"},"image":{"@id":"https:\/\/masquenoticias.mx\/index.php\/2023\/10\/10\/mesa-de-paz-y-seguridad-informa-detencion-de-christian-ernesto-n-alias-el-warrior-y-o-el-diente\/#primaryimage"},"thumbnailUrl":"https:\/\/i0.wp.com\/masquenoticias.mx\/wp-content\/uploads\/2023\/10\/WhatsApp-Image-2023-10-10-at-17.18.31-jpeg.webp?fit=948%2C533&ssl=1","keywords":["Mesa de Seguridad","Seguridad"],"articleSection":["Seguridad"],"inLanguage":"es","potentialAction":[{"@type":"CommentAction","name":"Comment","target":["https:\/\/masquenoticias.mx\/index.php\/2023\/10\/10\/mesa-de-paz-y-seguridad-informa-detencion-de-christian-ernesto-n-alias-el-warrior-y-o-el-diente\/#respond"]}]},{"@type":"WebPage","@id":"https:\/\/masquenoticias.mx\/index.php\/2023\/10\/10\/mesa-de-paz-y-seguridad-informa-detencion-de-christian-ernesto-n-alias-el-warrior-y-o-el-diente\/","url":"https:\/\/masquenoticias.mx\/index.php\/2023\/10\/10\/mesa-de-paz-y-seguridad-informa-detencion-de-christian-ernesto-n-alias-el-warrior-y-o-el-diente\/","name":"Mesa de Paz y Seguridad informa detenci\u00f3n de Christian Ernesto \u2018N\u2019, alias \u2018El Warrior\u2019 y\/o \u2018El Diente\u2019 - M\u00e1s Que Noticias","isPartOf":{"@id":"https:\/\/masquenoticias.mx\/#website"},"primaryImageOfPage":{"@id":"https:\/\/masquenoticias.mx\/index.php\/2023\/10\/10\/mesa-de-paz-y-seguridad-informa-detencion-de-christian-ernesto-n-alias-el-warrior-y-o-el-diente\/#primaryimage"},"image":{"@id":"https:\/\/masquenoticias.mx\/index.php\/2023\/10\/10\/mesa-de-paz-y-seguridad-informa-detencion-de-christian-ernesto-n-alias-el-warrior-y-o-el-diente\/#primaryimage"},"thumbnailUrl":"https:\/\/i0.wp.com\/masquenoticias.mx\/wp-content\/uploads\/2023\/10\/WhatsApp-Image-2023-10-10-at-17.18.31-jpeg.webp?fit=948%2C533&ssl=1","datePublished":"2023-10-10T23:45:45+00:00","breadcrumb":{"@id":"https:\/\/masquenoticias.mx\/index.php\/2023\/10\/10\/mesa-de-paz-y-seguridad-informa-detencion-de-christian-ernesto-n-alias-el-warrior-y-o-el-diente\/#breadcrumb"},"inLanguage":"es","potentialAction":[{"@type":"ReadAction","target":["https:\/\/masquenoticias.mx\/index.php\/2023\/10\/10\/mesa-de-paz-y-seguridad-informa-detencion-de-christian-ernesto-n-alias-el-warrior-y-o-el-diente\/"]}]},{"@type":"ImageObject","inLanguage":"es","@id":"https:\/\/masquenoticias.mx\/index.php\/2023\/10\/10\/mesa-de-paz-y-seguridad-informa-detencion-de-christian-ernesto-n-alias-el-warrior-y-o-el-diente\/#primaryimage","url":"https:\/\/i0.wp.com\/masquenoticias.mx\/wp-content\/uploads\/2023\/10\/WhatsApp-Image-2023-10-10-at-17.18.31-jpeg.webp?fit=948%2C533&ssl=1","contentUrl":"https:\/\/i0.wp.com\/masquenoticias.mx\/wp-content\/uploads\/2023\/10\/WhatsApp-Image-2023-10-10-at-17.18.31-jpeg.webp?fit=948%2C533&ssl=1","width":948,"height":533},{"@type":"BreadcrumbList","@id":"https:\/\/masquenoticias.mx\/index.php\/2023\/10\/10\/mesa-de-paz-y-seguridad-informa-detencion-de-christian-ernesto-n-alias-el-warrior-y-o-el-diente\/#breadcrumb","itemListElement":[{"@type":"ListItem","position":1,"name":"Inicio","item":"https:\/\/masquenoticias.mx\/"},{"@type":"ListItem","position":2,"name":"Mesa de Paz y Seguridad informa detenci\u00f3n de Christian Ernesto \u2018N\u2019, alias \u2018El Warrior\u2019 y\/o \u2018El Diente\u2019"}]},{"@type":"WebSite","@id":"https:\/\/masquenoticias.mx\/#website","url":"https:\/\/masquenoticias.mx\/","name":"M\u00e1s Que Noticias","description":"Noticias de Colima, M\u00e9xico y el Mundo","publisher":{"@id":"https:\/\/masquenoticias.mx\/#organization"},"potentialAction":[{"@type":"SearchAction","target":{"@type":"EntryPoint","urlTemplate":"https:\/\/masquenoticias.mx\/?s={search_term_string}"},"query-input":{"@type":"PropertyValueSpecification","valueRequired":true,"valueName":"search_term_string"}}],"inLanguage":"es"},{"@type":"Organization","@id":"https:\/\/masquenoticias.mx\/#organization","name":"M\u00e1s Que Noticias","url":"https:\/\/masquenoticias.mx\/","logo":{"@type":"ImageObject","inLanguage":"es","@id":"https:\/\/masquenoticias.mx\/#\/schema\/logo\/image\/","url":"https:\/\/i0.wp.com\/masquenoticias.mx\/wp-content\/uploads\/2024\/04\/IMG_0004.png?fit=2560%2C1656&ssl=1","contentUrl":"https:\/\/i0.wp.com\/masquenoticias.mx\/wp-content\/uploads\/2024\/04\/IMG_0004.png?fit=2560%2C1656&ssl=1","width":2560,"height":1656,"caption":"M\u00e1s Que Noticias"},"image":{"@id":"https:\/\/masquenoticias.mx\/#\/schema\/logo\/image\/"},"sameAs":["https:\/\/www.facebook.com\/masquenoticiascolima","https:\/\/x.com\/edgartove","https:\/\/www.instagram.com\/masquenoticiascolima\/"]},{"@type":"Person","@id":"https:\/\/masquenoticias.mx\/#\/schema\/person\/6229637729ad377d24e2154e3b30720b","name":"Redacci\u00f3n","image":{"@type":"ImageObject","inLanguage":"es","@id":"https:\/\/masquenoticias.mx\/#\/schema\/person\/image\/","url":"https:\/\/secure.gravatar.com\/avatar\/73899f6b3a3034eb6f719669835ca3a4?s=96&d=mm&r=g","contentUrl":"https:\/\/secure.gravatar.com\/avatar\/73899f6b3a3034eb6f719669835ca3a4?s=96&d=mm&r=g","caption":"Redacci\u00f3n"},"url":"https:\/\/masquenoticias.mx\/index.php\/author\/bunburytorresgmail-com\/"}]}},"jetpack_featured_media_url":"https:\/\/i0.wp.com\/masquenoticias.mx\/wp-content\/uploads\/2023\/10\/WhatsApp-Image-2023-10-10-at-17.18.31-jpeg.webp?fit=948%2C533&ssl=1","blog_post_layout_featured_media_urls":{"thumbnail":["https:\/\/i0.wp.com\/masquenoticias.mx\/wp-content\/uploads\/2023\/10\/WhatsApp-Image-2023-10-10-at-17.18.31-jpeg.webp?resize=150%2C150&ssl=1",150,150,true],"full":["https:\/\/i0.wp.com\/masquenoticias.mx\/wp-content\/uploads\/2023\/10\/WhatsApp-Image-2023-10-10-at-17.18.31-jpeg.webp?fit=948%2C533&ssl=1",948,533,false]},"categories_names":{"58":{"name":"Seguridad","link":"https:\/\/masquenoticias.mx\/index.php\/category\/seguridad\/"}},"tags_names":{"224":{"name":"Mesa de Seguridad","link":"https:\/\/masquenoticias.mx\/index.php\/tag\/mesa-de-seguridad\/"},"47":{"name":"Seguridad","link":"https:\/\/masquenoticias.mx\/index.php\/tag\/seguridad\/"}},"comments_number":"0","wpmagazine_modules_lite_featured_media_urls":{"thumbnail":["https:\/\/i0.wp.com\/masquenoticias.mx\/wp-content\/uploads\/2023\/10\/WhatsApp-Image-2023-10-10-at-17.18.31-jpeg.webp?resize=150%2C150&ssl=1",150,150,true],"cvmm-medium":["https:\/\/i0.wp.com\/masquenoticias.mx\/wp-content\/uploads\/2023\/10\/WhatsApp-Image-2023-10-10-at-17.18.31-jpeg.webp?resize=300%2C300&ssl=1",300,300,true],"cvmm-medium-plus":["https:\/\/i0.wp.com\/masquenoticias.mx\/wp-content\/uploads\/2023\/10\/WhatsApp-Image-2023-10-10-at-17.18.31-jpeg.webp?resize=305%2C207&ssl=1",305,207,true],"cvmm-portrait":["https:\/\/i0.wp.com\/masquenoticias.mx\/wp-content\/uploads\/2023\/10\/WhatsApp-Image-2023-10-10-at-17.18.31-jpeg.webp?resize=400%2C533&ssl=1",400,533,true],"cvmm-medium-square":["https:\/\/i0.wp.com\/masquenoticias.mx\/wp-content\/uploads\/2023\/10\/WhatsApp-Image-2023-10-10-at-17.18.31-jpeg.webp?resize=600%2C533&ssl=1",600,533,true],"cvmm-large":["https:\/\/i0.wp.com\/masquenoticias.mx\/wp-content\/uploads\/2023\/10\/WhatsApp-Image-2023-10-10-at-17.18.31-jpeg.webp?resize=948%2C533&ssl=1",948,533,true],"cvmm-small":["https:\/\/i0.wp.com\/masquenoticias.mx\/wp-content\/uploads\/2023\/10\/WhatsApp-Image-2023-10-10-at-17.18.31-jpeg.webp?resize=130%2C95&ssl=1",130,95,true],"full":["https:\/\/i0.wp.com\/masquenoticias.mx\/wp-content\/uploads\/2023\/10\/WhatsApp-Image-2023-10-10-at-17.18.31-jpeg.webp?fit=948%2C533&ssl=1",948,533,false]},"jetpack-related-posts":[],"jetpack_sharing_enabled":true,"jetpack_likes_enabled":true,"jetpack_shortlink":"https:\/\/wp.me\/pf7pkt-Qx","_links":{"self":[{"href":"https:\/\/masquenoticias.mx\/index.php\/wp-json\/wp\/v2\/posts\/3257","targetHints":{"allow":["GET"]}}],"collection":[{"href":"https:\/\/masquenoticias.mx\/index.php\/wp-json\/wp\/v2\/posts"}],"about":[{"href":"https:\/\/masquenoticias.mx\/index.php\/wp-json\/wp\/v2\/types\/post"}],"author":[{"embeddable":true,"href":"https:\/\/masquenoticias.mx\/index.php\/wp-json\/wp\/v2\/users\/2"}],"replies":[{"embeddable":true,"href":"https:\/\/masquenoticias.mx\/index.php\/wp-json\/wp\/v2\/comments?post=3257"}],"version-history":[{"count":0,"href":"https:\/\/masquenoticias.mx\/index.php\/wp-json\/wp\/v2\/posts\/3257\/revisions"}],"wp:featuredmedia":[{"embeddable":true,"href":"https:\/\/masquenoticias.mx\/index.php\/wp-json\/wp\/v2\/media\/3259"}],"wp:attachment":[{"href":"https:\/\/masquenoticias.mx\/index.php\/wp-json\/wp\/v2\/media?parent=3257"}],"wp:term":[{"taxonomy":"category","embeddable":true,"href":"https:\/\/masquenoticias.mx\/index.php\/wp-json\/wp\/v2\/categories?post=3257"},{"taxonomy":"post_tag","embeddable":true,"href":"https:\/\/masquenoticias.mx\/index.php\/wp-json\/wp\/v2\/tags?post=3257"}],"curies":[{"name":"wp","href":"https:\/\/api.w.org\/{rel}","templated":true}]}}