{"id":3254,"date":"2023-10-10T09:33:38","date_gmt":"2023-10-10T15:33:38","guid":{"rendered":"https:\/\/masquenoticias.mx\/?p=3254"},"modified":"2023-10-10T09:33:38","modified_gmt":"2023-10-10T15:33:38","slug":"asuntos-internos-de-ssp-procesara-denuncia-recibida-sobre-el-actuar-de-elementos-estatales","status":"publish","type":"post","link":"https:\/\/masquenoticias.mx\/index.php\/2023\/10\/10\/asuntos-internos-de-ssp-procesara-denuncia-recibida-sobre-el-actuar-de-elementos-estatales\/","title":{"rendered":"Asuntos Internos de SSP procesar\u00e1 denuncia recibida sobre el actuar de elementos estatales"},"content":{"rendered":"<p>La Secretar\u00eda de Seguridad P\u00fablica (SSP) del Gobierno del Estado de Colima informa que este lunes recibi\u00f3 una denuncia ciudadana sobre la manera de proceder de algunos elementos de la Polic\u00eda Estatal Preventiva en un hecho de tr\u00e1nsito.<\/p>\n<p>Los hechos objeto de la denuncia, que fueron ampliamente difundidos en redes sociales y en algunos medios informativos este lunes, ocurrieron el d\u00eda domingo 8 de octubre en el municipio de Colima.<\/p>\n<p>La denuncia recibida fue canalizada a la Direcci\u00f3n General de Contralor\u00eda y Asuntos Internos de la SSP, la que resolver\u00e1 conforme a la normativa aplicable.<\/p>\n<p>La SSP y el Gobierno del Estado de Colima reiteran su compromiso con el respeto irrestricto de los derechos humanos de todas y todos y en toda situaci\u00f3n; asimismo se invita a la poblaci\u00f3n colimense a hacer del conocimiento de la autoridad cualquier proceder que consideren incorrecto por parte de elementos de las corporaciones policiales; as\u00ed como a denunciar cualquier hecho que pudiera constituir un delito o poner en riesgo a la sociedad, ya sea a trav\u00e9s del n\u00famero de emergencias 911, o del n\u00famero 089 para denuncia an\u00f3nima.<\/p>\n","protected":false},"excerpt":{"rendered":"<p>La Secretar\u00eda de Seguridad P\u00fablica (SSP) del Gobierno del Estado de Colima informa que este lunes recibi\u00f3 una denuncia ciudadana sobre la manera de proceder de algunos elementos de la Polic\u00eda Estatal Preventiva en un hecho de tr\u00e1nsito. Los hechos objeto de la denuncia, que fueron ampliamente difundidos en redes sociales y en algunos medios [&hellip;]<\/p>\n","protected":false},"author":2,"featured_media":3255,"comment_status":"open","ping_status":"open","sticky":false,"template":"","format":"standard","meta":{"_jetpack_memberships_contains_paid_content":false,"footnotes":""},"categories":[58],"tags":[47],"class_list":["post-3254","post","type-post","status-publish","format-standard","has-post-thumbnail","hentry","category-seguridad","tag-seguridad"],"yoast_head":"<!-- This site is optimized with the Yoast SEO plugin v26.6 - https:\/\/yoast.com\/wordpress\/plugins\/seo\/ -->\n<title>Asuntos Internos de SSP procesar\u00e1 denuncia recibida sobre el actuar de elementos estatales - M\u00e1s Que Noticias<\/title>\n<meta name=\"robots\" content=\"index, follow, max-snippet:-1, max-image-preview:large, max-video-preview:-1\" \/>\n<link rel=\"canonical\" href=\"https:\/\/masquenoticias.mx\/index.php\/2023\/10\/10\/asuntos-internos-de-ssp-procesara-denuncia-recibida-sobre-el-actuar-de-elementos-estatales\/\" \/>\n<meta property=\"og:locale\" content=\"es_MX\" \/>\n<meta property=\"og:type\" content=\"article\" \/>\n<meta property=\"og:title\" content=\"Asuntos Internos de SSP procesar\u00e1 denuncia recibida sobre el actuar de elementos estatales - M\u00e1s Que Noticias\" \/>\n<meta property=\"og:description\" content=\"La Secretar\u00eda de Seguridad P\u00fablica (SSP) del Gobierno del Estado de Colima informa que este lunes recibi\u00f3 una denuncia ciudadana sobre la manera de proceder de algunos elementos de la Polic\u00eda Estatal Preventiva en un hecho de tr\u00e1nsito. Los hechos objeto de la denuncia, que fueron ampliamente difundidos en redes sociales y en algunos medios [&hellip;]\" \/>\n<meta property=\"og:url\" content=\"https:\/\/masquenoticias.mx\/index.php\/2023\/10\/10\/asuntos-internos-de-ssp-procesara-denuncia-recibida-sobre-el-actuar-de-elementos-estatales\/\" \/>\n<meta property=\"og:site_name\" content=\"M\u00e1s Que Noticias\" \/>\n<meta property=\"article:publisher\" content=\"https:\/\/www.facebook.com\/masquenoticiascolima\" \/>\n<meta property=\"article:published_time\" content=\"2023-10-10T15:33:38+00:00\" \/>\n<meta property=\"og:image\" content=\"https:\/\/i0.wp.com\/masquenoticias.mx\/wp-content\/uploads\/2023\/10\/370072695_707483761406756_7179491336186741806_n-jpg.webp?fit=526%2C578&ssl=1\" \/>\n\t<meta property=\"og:image:width\" content=\"526\" \/>\n\t<meta property=\"og:image:height\" content=\"578\" \/>\n\t<meta property=\"og:image:type\" content=\"image\/jpeg\" \/>\n<meta name=\"author\" content=\"Redacci\u00f3n\" \/>\n<meta name=\"twitter:card\" content=\"summary_large_image\" \/>\n<meta name=\"twitter:creator\" content=\"@edgartove\" \/>\n<meta name=\"twitter:site\" content=\"@edgartove\" \/>\n<meta name=\"twitter:label1\" content=\"Escrito por\" \/>\n\t<meta name=\"twitter:data1\" content=\"Redacci\u00f3n\" \/>\n\t<meta name=\"twitter:label2\" content=\"Tiempo de lectura\" \/>\n\t<meta name=\"twitter:data2\" content=\"1 minuto\" \/>\n<script type=\"application\/ld+json\" class=\"yoast-schema-graph\">{\"@context\":\"https:\/\/schema.org\",\"@graph\":[{\"@type\":\"Article\",\"@id\":\"https:\/\/masquenoticias.mx\/index.php\/2023\/10\/10\/asuntos-internos-de-ssp-procesara-denuncia-recibida-sobre-el-actuar-de-elementos-estatales\/#article\",\"isPartOf\":{\"@id\":\"https:\/\/masquenoticias.mx\/index.php\/2023\/10\/10\/asuntos-internos-de-ssp-procesara-denuncia-recibida-sobre-el-actuar-de-elementos-estatales\/\"},\"author\":{\"name\":\"Redacci\u00f3n\",\"@id\":\"https:\/\/masquenoticias.mx\/#\/schema\/person\/6229637729ad377d24e2154e3b30720b\"},\"headline\":\"Asuntos Internos de SSP procesar\u00e1 denuncia recibida sobre el actuar de elementos estatales\",\"datePublished\":\"2023-10-10T15:33:38+00:00\",\"mainEntityOfPage\":{\"@id\":\"https:\/\/masquenoticias.mx\/index.php\/2023\/10\/10\/asuntos-internos-de-ssp-procesara-denuncia-recibida-sobre-el-actuar-de-elementos-estatales\/\"},\"wordCount\":207,\"commentCount\":0,\"publisher\":{\"@id\":\"https:\/\/masquenoticias.mx\/#organization\"},\"image\":{\"@id\":\"https:\/\/masquenoticias.mx\/index.php\/2023\/10\/10\/asuntos-internos-de-ssp-procesara-denuncia-recibida-sobre-el-actuar-de-elementos-estatales\/#primaryimage\"},\"thumbnailUrl\":\"https:\/\/i0.wp.com\/masquenoticias.mx\/wp-content\/uploads\/2023\/10\/370072695_707483761406756_7179491336186741806_n-jpg.webp?fit=526%2C578&ssl=1\",\"keywords\":[\"Seguridad\"],\"articleSection\":[\"Seguridad\"],\"inLanguage\":\"es\",\"potentialAction\":[{\"@type\":\"CommentAction\",\"name\":\"Comment\",\"target\":[\"https:\/\/masquenoticias.mx\/index.php\/2023\/10\/10\/asuntos-internos-de-ssp-procesara-denuncia-recibida-sobre-el-actuar-de-elementos-estatales\/#respond\"]}]},{\"@type\":\"WebPage\",\"@id\":\"https:\/\/masquenoticias.mx\/index.php\/2023\/10\/10\/asuntos-internos-de-ssp-procesara-denuncia-recibida-sobre-el-actuar-de-elementos-estatales\/\",\"url\":\"https:\/\/masquenoticias.mx\/index.php\/2023\/10\/10\/asuntos-internos-de-ssp-procesara-denuncia-recibida-sobre-el-actuar-de-elementos-estatales\/\",\"name\":\"Asuntos Internos de SSP procesar\u00e1 denuncia recibida sobre el actuar de elementos estatales - M\u00e1s Que Noticias\",\"isPartOf\":{\"@id\":\"https:\/\/masquenoticias.mx\/#website\"},\"primaryImageOfPage\":{\"@id\":\"https:\/\/masquenoticias.mx\/index.php\/2023\/10\/10\/asuntos-internos-de-ssp-procesara-denuncia-recibida-sobre-el-actuar-de-elementos-estatales\/#primaryimage\"},\"image\":{\"@id\":\"https:\/\/masquenoticias.mx\/index.php\/2023\/10\/10\/asuntos-internos-de-ssp-procesara-denuncia-recibida-sobre-el-actuar-de-elementos-estatales\/#primaryimage\"},\"thumbnailUrl\":\"https:\/\/i0.wp.com\/masquenoticias.mx\/wp-content\/uploads\/2023\/10\/370072695_707483761406756_7179491336186741806_n-jpg.webp?fit=526%2C578&ssl=1\",\"datePublished\":\"2023-10-10T15:33:38+00:00\",\"breadcrumb\":{\"@id\":\"https:\/\/masquenoticias.mx\/index.php\/2023\/10\/10\/asuntos-internos-de-ssp-procesara-denuncia-recibida-sobre-el-actuar-de-elementos-estatales\/#breadcrumb\"},\"inLanguage\":\"es\",\"potentialAction\":[{\"@type\":\"ReadAction\",\"target\":[\"https:\/\/masquenoticias.mx\/index.php\/2023\/10\/10\/asuntos-internos-de-ssp-procesara-denuncia-recibida-sobre-el-actuar-de-elementos-estatales\/\"]}]},{\"@type\":\"ImageObject\",\"inLanguage\":\"es\",\"@id\":\"https:\/\/masquenoticias.mx\/index.php\/2023\/10\/10\/asuntos-internos-de-ssp-procesara-denuncia-recibida-sobre-el-actuar-de-elementos-estatales\/#primaryimage\",\"url\":\"https:\/\/i0.wp.com\/masquenoticias.mx\/wp-content\/uploads\/2023\/10\/370072695_707483761406756_7179491336186741806_n-jpg.webp?fit=526%2C578&ssl=1\",\"contentUrl\":\"https:\/\/i0.wp.com\/masquenoticias.mx\/wp-content\/uploads\/2023\/10\/370072695_707483761406756_7179491336186741806_n-jpg.webp?fit=526%2C578&ssl=1\",\"width\":526,\"height\":578},{\"@type\":\"BreadcrumbList\",\"@id\":\"https:\/\/masquenoticias.mx\/index.php\/2023\/10\/10\/asuntos-internos-de-ssp-procesara-denuncia-recibida-sobre-el-actuar-de-elementos-estatales\/#breadcrumb\",\"itemListElement\":[{\"@type\":\"ListItem\",\"position\":1,\"name\":\"Inicio\",\"item\":\"https:\/\/masquenoticias.mx\/\"},{\"@type\":\"ListItem\",\"position\":2,\"name\":\"Asuntos Internos de SSP procesar\u00e1 denuncia recibida sobre el actuar de elementos estatales\"}]},{\"@type\":\"WebSite\",\"@id\":\"https:\/\/masquenoticias.mx\/#website\",\"url\":\"https:\/\/masquenoticias.mx\/\",\"name\":\"M\u00e1s Que Noticias\",\"description\":\"Noticias de Colima, M\u00e9xico y el Mundo\",\"publisher\":{\"@id\":\"https:\/\/masquenoticias.mx\/#organization\"},\"potentialAction\":[{\"@type\":\"SearchAction\",\"target\":{\"@type\":\"EntryPoint\",\"urlTemplate\":\"https:\/\/masquenoticias.mx\/?s={search_term_string}\"},\"query-input\":{\"@type\":\"PropertyValueSpecification\",\"valueRequired\":true,\"valueName\":\"search_term_string\"}}],\"inLanguage\":\"es\"},{\"@type\":\"Organization\",\"@id\":\"https:\/\/masquenoticias.mx\/#organization\",\"name\":\"M\u00e1s Que Noticias\",\"url\":\"https:\/\/masquenoticias.mx\/\",\"logo\":{\"@type\":\"ImageObject\",\"inLanguage\":\"es\",\"@id\":\"https:\/\/masquenoticias.mx\/#\/schema\/logo\/image\/\",\"url\":\"https:\/\/i0.wp.com\/masquenoticias.mx\/wp-content\/uploads\/2024\/04\/IMG_0004.png?fit=2560%2C1656&ssl=1\",\"contentUrl\":\"https:\/\/i0.wp.com\/masquenoticias.mx\/wp-content\/uploads\/2024\/04\/IMG_0004.png?fit=2560%2C1656&ssl=1\",\"width\":2560,\"height\":1656,\"caption\":\"M\u00e1s Que Noticias\"},\"image\":{\"@id\":\"https:\/\/masquenoticias.mx\/#\/schema\/logo\/image\/\"},\"sameAs\":[\"https:\/\/www.facebook.com\/masquenoticiascolima\",\"https:\/\/x.com\/edgartove\",\"https:\/\/www.instagram.com\/masquenoticiascolima\/\"]},{\"@type\":\"Person\",\"@id\":\"https:\/\/masquenoticias.mx\/#\/schema\/person\/6229637729ad377d24e2154e3b30720b\",\"name\":\"Redacci\u00f3n\",\"image\":{\"@type\":\"ImageObject\",\"inLanguage\":\"es\",\"@id\":\"https:\/\/masquenoticias.mx\/#\/schema\/person\/image\/\",\"url\":\"https:\/\/secure.gravatar.com\/avatar\/73899f6b3a3034eb6f719669835ca3a4?s=96&d=mm&r=g\",\"contentUrl\":\"https:\/\/secure.gravatar.com\/avatar\/73899f6b3a3034eb6f719669835ca3a4?s=96&d=mm&r=g\",\"caption\":\"Redacci\u00f3n\"},\"url\":\"https:\/\/masquenoticias.mx\/index.php\/author\/bunburytorresgmail-com\/\"}]}<\/script>\n<!-- \/ Yoast SEO plugin. -->","yoast_head_json":{"title":"Asuntos Internos de SSP procesar\u00e1 denuncia recibida sobre el actuar de elementos estatales - M\u00e1s Que Noticias","robots":{"index":"index","follow":"follow","max-snippet":"max-snippet:-1","max-image-preview":"max-image-preview:large","max-video-preview":"max-video-preview:-1"},"canonical":"https:\/\/masquenoticias.mx\/index.php\/2023\/10\/10\/asuntos-internos-de-ssp-procesara-denuncia-recibida-sobre-el-actuar-de-elementos-estatales\/","og_locale":"es_MX","og_type":"article","og_title":"Asuntos Internos de SSP procesar\u00e1 denuncia recibida sobre el actuar de elementos estatales - M\u00e1s Que Noticias","og_description":"La Secretar\u00eda de Seguridad P\u00fablica (SSP) del Gobierno del Estado de Colima informa que este lunes recibi\u00f3 una denuncia ciudadana sobre la manera de proceder de algunos elementos de la Polic\u00eda Estatal Preventiva en un hecho de tr\u00e1nsito. Los hechos objeto de la denuncia, que fueron ampliamente difundidos en redes sociales y en algunos medios [&hellip;]","og_url":"https:\/\/masquenoticias.mx\/index.php\/2023\/10\/10\/asuntos-internos-de-ssp-procesara-denuncia-recibida-sobre-el-actuar-de-elementos-estatales\/","og_site_name":"M\u00e1s Que Noticias","article_publisher":"https:\/\/www.facebook.com\/masquenoticiascolima","article_published_time":"2023-10-10T15:33:38+00:00","og_image":[{"width":526,"height":578,"url":"https:\/\/i0.wp.com\/masquenoticias.mx\/wp-content\/uploads\/2023\/10\/370072695_707483761406756_7179491336186741806_n-jpg.webp?fit=526%2C578&ssl=1","type":"image\/jpeg"}],"author":"Redacci\u00f3n","twitter_card":"summary_large_image","twitter_creator":"@edgartove","twitter_site":"@edgartove","twitter_misc":{"Escrito por":"Redacci\u00f3n","Tiempo de lectura":"1 minuto"},"schema":{"@context":"https:\/\/schema.org","@graph":[{"@type":"Article","@id":"https:\/\/masquenoticias.mx\/index.php\/2023\/10\/10\/asuntos-internos-de-ssp-procesara-denuncia-recibida-sobre-el-actuar-de-elementos-estatales\/#article","isPartOf":{"@id":"https:\/\/masquenoticias.mx\/index.php\/2023\/10\/10\/asuntos-internos-de-ssp-procesara-denuncia-recibida-sobre-el-actuar-de-elementos-estatales\/"},"author":{"name":"Redacci\u00f3n","@id":"https:\/\/masquenoticias.mx\/#\/schema\/person\/6229637729ad377d24e2154e3b30720b"},"headline":"Asuntos Internos de SSP procesar\u00e1 denuncia recibida sobre el actuar de elementos estatales","datePublished":"2023-10-10T15:33:38+00:00","mainEntityOfPage":{"@id":"https:\/\/masquenoticias.mx\/index.php\/2023\/10\/10\/asuntos-internos-de-ssp-procesara-denuncia-recibida-sobre-el-actuar-de-elementos-estatales\/"},"wordCount":207,"commentCount":0,"publisher":{"@id":"https:\/\/masquenoticias.mx\/#organization"},"image":{"@id":"https:\/\/masquenoticias.mx\/index.php\/2023\/10\/10\/asuntos-internos-de-ssp-procesara-denuncia-recibida-sobre-el-actuar-de-elementos-estatales\/#primaryimage"},"thumbnailUrl":"https:\/\/i0.wp.com\/masquenoticias.mx\/wp-content\/uploads\/2023\/10\/370072695_707483761406756_7179491336186741806_n-jpg.webp?fit=526%2C578&ssl=1","keywords":["Seguridad"],"articleSection":["Seguridad"],"inLanguage":"es","potentialAction":[{"@type":"CommentAction","name":"Comment","target":["https:\/\/masquenoticias.mx\/index.php\/2023\/10\/10\/asuntos-internos-de-ssp-procesara-denuncia-recibida-sobre-el-actuar-de-elementos-estatales\/#respond"]}]},{"@type":"WebPage","@id":"https:\/\/masquenoticias.mx\/index.php\/2023\/10\/10\/asuntos-internos-de-ssp-procesara-denuncia-recibida-sobre-el-actuar-de-elementos-estatales\/","url":"https:\/\/masquenoticias.mx\/index.php\/2023\/10\/10\/asuntos-internos-de-ssp-procesara-denuncia-recibida-sobre-el-actuar-de-elementos-estatales\/","name":"Asuntos Internos de SSP procesar\u00e1 denuncia recibida sobre el actuar de elementos estatales - M\u00e1s Que Noticias","isPartOf":{"@id":"https:\/\/masquenoticias.mx\/#website"},"primaryImageOfPage":{"@id":"https:\/\/masquenoticias.mx\/index.php\/2023\/10\/10\/asuntos-internos-de-ssp-procesara-denuncia-recibida-sobre-el-actuar-de-elementos-estatales\/#primaryimage"},"image":{"@id":"https:\/\/masquenoticias.mx\/index.php\/2023\/10\/10\/asuntos-internos-de-ssp-procesara-denuncia-recibida-sobre-el-actuar-de-elementos-estatales\/#primaryimage"},"thumbnailUrl":"https:\/\/i0.wp.com\/masquenoticias.mx\/wp-content\/uploads\/2023\/10\/370072695_707483761406756_7179491336186741806_n-jpg.webp?fit=526%2C578&ssl=1","datePublished":"2023-10-10T15:33:38+00:00","breadcrumb":{"@id":"https:\/\/masquenoticias.mx\/index.php\/2023\/10\/10\/asuntos-internos-de-ssp-procesara-denuncia-recibida-sobre-el-actuar-de-elementos-estatales\/#breadcrumb"},"inLanguage":"es","potentialAction":[{"@type":"ReadAction","target":["https:\/\/masquenoticias.mx\/index.php\/2023\/10\/10\/asuntos-internos-de-ssp-procesara-denuncia-recibida-sobre-el-actuar-de-elementos-estatales\/"]}]},{"@type":"ImageObject","inLanguage":"es","@id":"https:\/\/masquenoticias.mx\/index.php\/2023\/10\/10\/asuntos-internos-de-ssp-procesara-denuncia-recibida-sobre-el-actuar-de-elementos-estatales\/#primaryimage","url":"https:\/\/i0.wp.com\/masquenoticias.mx\/wp-content\/uploads\/2023\/10\/370072695_707483761406756_7179491336186741806_n-jpg.webp?fit=526%2C578&ssl=1","contentUrl":"https:\/\/i0.wp.com\/masquenoticias.mx\/wp-content\/uploads\/2023\/10\/370072695_707483761406756_7179491336186741806_n-jpg.webp?fit=526%2C578&ssl=1","width":526,"height":578},{"@type":"BreadcrumbList","@id":"https:\/\/masquenoticias.mx\/index.php\/2023\/10\/10\/asuntos-internos-de-ssp-procesara-denuncia-recibida-sobre-el-actuar-de-elementos-estatales\/#breadcrumb","itemListElement":[{"@type":"ListItem","position":1,"name":"Inicio","item":"https:\/\/masquenoticias.mx\/"},{"@type":"ListItem","position":2,"name":"Asuntos Internos de SSP procesar\u00e1 denuncia recibida sobre el actuar de elementos estatales"}]},{"@type":"WebSite","@id":"https:\/\/masquenoticias.mx\/#website","url":"https:\/\/masquenoticias.mx\/","name":"M\u00e1s Que Noticias","description":"Noticias de Colima, M\u00e9xico y el Mundo","publisher":{"@id":"https:\/\/masquenoticias.mx\/#organization"},"potentialAction":[{"@type":"SearchAction","target":{"@type":"EntryPoint","urlTemplate":"https:\/\/masquenoticias.mx\/?s={search_term_string}"},"query-input":{"@type":"PropertyValueSpecification","valueRequired":true,"valueName":"search_term_string"}}],"inLanguage":"es"},{"@type":"Organization","@id":"https:\/\/masquenoticias.mx\/#organization","name":"M\u00e1s Que Noticias","url":"https:\/\/masquenoticias.mx\/","logo":{"@type":"ImageObject","inLanguage":"es","@id":"https:\/\/masquenoticias.mx\/#\/schema\/logo\/image\/","url":"https:\/\/i0.wp.com\/masquenoticias.mx\/wp-content\/uploads\/2024\/04\/IMG_0004.png?fit=2560%2C1656&ssl=1","contentUrl":"https:\/\/i0.wp.com\/masquenoticias.mx\/wp-content\/uploads\/2024\/04\/IMG_0004.png?fit=2560%2C1656&ssl=1","width":2560,"height":1656,"caption":"M\u00e1s Que Noticias"},"image":{"@id":"https:\/\/masquenoticias.mx\/#\/schema\/logo\/image\/"},"sameAs":["https:\/\/www.facebook.com\/masquenoticiascolima","https:\/\/x.com\/edgartove","https:\/\/www.instagram.com\/masquenoticiascolima\/"]},{"@type":"Person","@id":"https:\/\/masquenoticias.mx\/#\/schema\/person\/6229637729ad377d24e2154e3b30720b","name":"Redacci\u00f3n","image":{"@type":"ImageObject","inLanguage":"es","@id":"https:\/\/masquenoticias.mx\/#\/schema\/person\/image\/","url":"https:\/\/secure.gravatar.com\/avatar\/73899f6b3a3034eb6f719669835ca3a4?s=96&d=mm&r=g","contentUrl":"https:\/\/secure.gravatar.com\/avatar\/73899f6b3a3034eb6f719669835ca3a4?s=96&d=mm&r=g","caption":"Redacci\u00f3n"},"url":"https:\/\/masquenoticias.mx\/index.php\/author\/bunburytorresgmail-com\/"}]}},"jetpack_featured_media_url":"https:\/\/i0.wp.com\/masquenoticias.mx\/wp-content\/uploads\/2023\/10\/370072695_707483761406756_7179491336186741806_n-jpg.webp?fit=526%2C578&ssl=1","blog_post_layout_featured_media_urls":{"thumbnail":["https:\/\/i0.wp.com\/masquenoticias.mx\/wp-content\/uploads\/2023\/10\/370072695_707483761406756_7179491336186741806_n-jpg.webp?resize=150%2C150&ssl=1",150,150,true],"full":["https:\/\/i0.wp.com\/masquenoticias.mx\/wp-content\/uploads\/2023\/10\/370072695_707483761406756_7179491336186741806_n-jpg.webp?fit=526%2C578&ssl=1",526,578,false]},"categories_names":{"58":{"name":"Seguridad","link":"https:\/\/masquenoticias.mx\/index.php\/category\/seguridad\/"}},"tags_names":{"47":{"name":"Seguridad","link":"https:\/\/masquenoticias.mx\/index.php\/tag\/seguridad\/"}},"comments_number":"0","wpmagazine_modules_lite_featured_media_urls":{"thumbnail":["https:\/\/i0.wp.com\/masquenoticias.mx\/wp-content\/uploads\/2023\/10\/370072695_707483761406756_7179491336186741806_n-jpg.webp?resize=150%2C150&ssl=1",150,150,true],"cvmm-medium":["https:\/\/i0.wp.com\/masquenoticias.mx\/wp-content\/uploads\/2023\/10\/370072695_707483761406756_7179491336186741806_n-jpg.webp?resize=300%2C300&ssl=1",300,300,true],"cvmm-medium-plus":["https:\/\/i0.wp.com\/masquenoticias.mx\/wp-content\/uploads\/2023\/10\/370072695_707483761406756_7179491336186741806_n-jpg.webp?resize=305%2C207&ssl=1",305,207,true],"cvmm-portrait":["https:\/\/i0.wp.com\/masquenoticias.mx\/wp-content\/uploads\/2023\/10\/370072695_707483761406756_7179491336186741806_n-jpg.webp?resize=400%2C578&ssl=1",400,578,true],"cvmm-medium-square":["https:\/\/i0.wp.com\/masquenoticias.mx\/wp-content\/uploads\/2023\/10\/370072695_707483761406756_7179491336186741806_n-jpg.webp?resize=526%2C578&ssl=1",526,578,true],"cvmm-large":["https:\/\/i0.wp.com\/masquenoticias.mx\/wp-content\/uploads\/2023\/10\/370072695_707483761406756_7179491336186741806_n-jpg.webp?resize=526%2C578&ssl=1",526,578,true],"cvmm-small":["https:\/\/i0.wp.com\/masquenoticias.mx\/wp-content\/uploads\/2023\/10\/370072695_707483761406756_7179491336186741806_n-jpg.webp?resize=130%2C95&ssl=1",130,95,true],"full":["https:\/\/i0.wp.com\/masquenoticias.mx\/wp-content\/uploads\/2023\/10\/370072695_707483761406756_7179491336186741806_n-jpg.webp?fit=526%2C578&ssl=1",526,578,false]},"jetpack-related-posts":[],"jetpack_sharing_enabled":true,"jetpack_likes_enabled":true,"jetpack_shortlink":"https:\/\/wp.me\/pf7pkt-Qu","_links":{"self":[{"href":"https:\/\/masquenoticias.mx\/index.php\/wp-json\/wp\/v2\/posts\/3254","targetHints":{"allow":["GET"]}}],"collection":[{"href":"https:\/\/masquenoticias.mx\/index.php\/wp-json\/wp\/v2\/posts"}],"about":[{"href":"https:\/\/masquenoticias.mx\/index.php\/wp-json\/wp\/v2\/types\/post"}],"author":[{"embeddable":true,"href":"https:\/\/masquenoticias.mx\/index.php\/wp-json\/wp\/v2\/users\/2"}],"replies":[{"embeddable":true,"href":"https:\/\/masquenoticias.mx\/index.php\/wp-json\/wp\/v2\/comments?post=3254"}],"version-history":[{"count":0,"href":"https:\/\/masquenoticias.mx\/index.php\/wp-json\/wp\/v2\/posts\/3254\/revisions"}],"wp:featuredmedia":[{"embeddable":true,"href":"https:\/\/masquenoticias.mx\/index.php\/wp-json\/wp\/v2\/media\/3255"}],"wp:attachment":[{"href":"https:\/\/masquenoticias.mx\/index.php\/wp-json\/wp\/v2\/media?parent=3254"}],"wp:term":[{"taxonomy":"category","embeddable":true,"href":"https:\/\/masquenoticias.mx\/index.php\/wp-json\/wp\/v2\/categories?post=3254"},{"taxonomy":"post_tag","embeddable":true,"href":"https:\/\/masquenoticias.mx\/index.php\/wp-json\/wp\/v2\/tags?post=3254"}],"curies":[{"name":"wp","href":"https:\/\/api.w.org\/{rel}","templated":true}]}}