{"id":3251,"date":"2023-10-10T09:30:05","date_gmt":"2023-10-10T15:30:05","guid":{"rendered":"https:\/\/masquenoticias.mx\/?p=3251"},"modified":"2023-10-10T09:30:05","modified_gmt":"2023-10-10T15:30:05","slug":"no-se-suspenden-clases-esta-manana-en-colima-secretaria-de-educacion","status":"publish","type":"post","link":"https:\/\/masquenoticias.mx\/index.php\/2023\/10\/10\/no-se-suspenden-clases-esta-manana-en-colima-secretaria-de-educacion\/","title":{"rendered":"No se suspenden clases esta ma\u00f1ana en Colima: Secretar\u00eda de Educaci\u00f3n"},"content":{"rendered":"<p>La Secretar\u00eda de Educaci\u00f3n y Cultura del Gobierno del Estado de Colima, en coordinaci\u00f3n con la Unidad Estatal de Protecci\u00f3n Civil (UEPC), informan que no hay suspensi\u00f3n de clases hoy martes 10 de octubre en el turno matutino por las lluvias que se presentan de manera intermitente en la entidad, debido a que hasta el momento no existen afectaciones a vialidades ocasionadas por el hurac\u00e1n \u2018Lidia\u2019 y las condiciones climatol\u00f3gicas en el territorio colimense.<\/p>\n<p>La dependencia inform\u00f3 esta ma\u00f1ana, que este mismo martes en reuni\u00f3n del Comit\u00e9 T\u00e9cnico Asesor en caso de Alertamiento para lluvias, se valorar\u00e1 la decisi\u00f3n para los turnos vespertino y nocturno en todos los niveles educativos en el Estado de Colima, debido a que durante la tarde-noche de hoy, \u201cLidia\u201d podr\u00eda ingresar a tierra en las inmediaciones entre Jalisco y Nayarit.<\/p>\n<p>La Unidad Estatal de Protecci\u00f3n Civil del Gobierno del Estado de Colima, mantiene en constante vigilancia este fen\u00f3meno hidrometeorol\u00f3gico y exhorta a la poblaci\u00f3n a mantenerse informada acerca de su evoluci\u00f3n, y se informar\u00e1 sobre la situaci\u00f3n actual a trav\u00e9s de las cuentas oficiales, redes sociales y medios de comunicaci\u00f3n.<\/p>\n<p>De acuerdo con el reporte de las 6:00 am del Servicio Meteorol\u00f3gico Nacional (SMN), durante las pr\u00f3ximas horas se originar\u00e1n lluvias intensas con puntuales torrenciales de hasta 250 mil\u00edmetros en algunas zonas del territorio colimense.<\/p>\n<p>Hasta el momento, no se pronostican afectaciones severas para nuestra entidad, que comprometan la integridad de la comunidad educativa. Se recomienda estar pendiente de la informaci\u00f3n emitida por las dependencias estatales que constantemente informan sobre la situaci\u00f3n meteorol\u00f3gica actual en el estado de Colima y la regi\u00f3n Occidente de la Rep\u00fablica Mexicana.<\/p>\n","protected":false},"excerpt":{"rendered":"<p>La Secretar\u00eda de Educaci\u00f3n y Cultura del Gobierno del Estado de Colima, en coordinaci\u00f3n con la Unidad Estatal de Protecci\u00f3n Civil (UEPC), informan que no hay suspensi\u00f3n de clases hoy martes 10 de octubre en el turno matutino por las lluvias que se presentan de manera intermitente en la entidad, debido a que hasta el [&hellip;]<\/p>\n","protected":false},"author":2,"featured_media":3252,"comment_status":"open","ping_status":"open","sticky":false,"template":"","format":"standard","meta":{"_jetpack_memberships_contains_paid_content":false,"footnotes":""},"categories":[24],"tags":[45],"class_list":["post-3251","post","type-post","status-publish","format-standard","has-post-thumbnail","hentry","category-estado","tag-educacion"],"yoast_head":"<!-- This site is optimized with the Yoast SEO plugin v26.6 - https:\/\/yoast.com\/wordpress\/plugins\/seo\/ -->\n<title>No se suspenden clases esta ma\u00f1ana en Colima: Secretar\u00eda de Educaci\u00f3n - M\u00e1s Que Noticias<\/title>\n<meta name=\"robots\" content=\"index, follow, max-snippet:-1, max-image-preview:large, max-video-preview:-1\" \/>\n<link rel=\"canonical\" href=\"https:\/\/masquenoticias.mx\/index.php\/2023\/10\/10\/no-se-suspenden-clases-esta-manana-en-colima-secretaria-de-educacion\/\" \/>\n<meta property=\"og:locale\" content=\"es_MX\" \/>\n<meta property=\"og:type\" content=\"article\" \/>\n<meta property=\"og:title\" content=\"No se suspenden clases esta ma\u00f1ana en Colima: Secretar\u00eda de Educaci\u00f3n - M\u00e1s Que Noticias\" \/>\n<meta property=\"og:description\" content=\"La Secretar\u00eda de Educaci\u00f3n y Cultura del Gobierno del Estado de Colima, en coordinaci\u00f3n con la Unidad Estatal de Protecci\u00f3n Civil (UEPC), informan que no hay suspensi\u00f3n de clases hoy martes 10 de octubre en el turno matutino por las lluvias que se presentan de manera intermitente en la entidad, debido a que hasta el [&hellip;]\" \/>\n<meta property=\"og:url\" content=\"https:\/\/masquenoticias.mx\/index.php\/2023\/10\/10\/no-se-suspenden-clases-esta-manana-en-colima-secretaria-de-educacion\/\" \/>\n<meta property=\"og:site_name\" content=\"M\u00e1s Que Noticias\" \/>\n<meta property=\"article:publisher\" content=\"https:\/\/www.facebook.com\/masquenoticiascolima\" \/>\n<meta property=\"article:published_time\" content=\"2023-10-10T15:30:05+00:00\" \/>\n<meta property=\"og:image\" content=\"https:\/\/i0.wp.com\/masquenoticias.mx\/wp-content\/uploads\/2023\/10\/WhatsApp-Image-2023-10-10-at-06.56.52-jpeg.webp?fit=740%2C488&ssl=1\" \/>\n\t<meta property=\"og:image:width\" content=\"740\" \/>\n\t<meta property=\"og:image:height\" content=\"488\" \/>\n\t<meta property=\"og:image:type\" content=\"image\/jpeg\" \/>\n<meta name=\"author\" content=\"Redacci\u00f3n\" \/>\n<meta name=\"twitter:card\" content=\"summary_large_image\" \/>\n<meta name=\"twitter:creator\" content=\"@edgartove\" \/>\n<meta name=\"twitter:site\" content=\"@edgartove\" \/>\n<meta name=\"twitter:label1\" content=\"Escrito por\" \/>\n\t<meta name=\"twitter:data1\" content=\"Redacci\u00f3n\" \/>\n\t<meta name=\"twitter:label2\" content=\"Tiempo de lectura\" \/>\n\t<meta name=\"twitter:data2\" content=\"1 minuto\" \/>\n<script type=\"application\/ld+json\" class=\"yoast-schema-graph\">{\"@context\":\"https:\/\/schema.org\",\"@graph\":[{\"@type\":\"Article\",\"@id\":\"https:\/\/masquenoticias.mx\/index.php\/2023\/10\/10\/no-se-suspenden-clases-esta-manana-en-colima-secretaria-de-educacion\/#article\",\"isPartOf\":{\"@id\":\"https:\/\/masquenoticias.mx\/index.php\/2023\/10\/10\/no-se-suspenden-clases-esta-manana-en-colima-secretaria-de-educacion\/\"},\"author\":{\"name\":\"Redacci\u00f3n\",\"@id\":\"https:\/\/masquenoticias.mx\/#\/schema\/person\/6229637729ad377d24e2154e3b30720b\"},\"headline\":\"No se suspenden clases esta ma\u00f1ana en Colima: Secretar\u00eda de Educaci\u00f3n\",\"datePublished\":\"2023-10-10T15:30:05+00:00\",\"mainEntityOfPage\":{\"@id\":\"https:\/\/masquenoticias.mx\/index.php\/2023\/10\/10\/no-se-suspenden-clases-esta-manana-en-colima-secretaria-de-educacion\/\"},\"wordCount\":312,\"commentCount\":0,\"publisher\":{\"@id\":\"https:\/\/masquenoticias.mx\/#organization\"},\"image\":{\"@id\":\"https:\/\/masquenoticias.mx\/index.php\/2023\/10\/10\/no-se-suspenden-clases-esta-manana-en-colima-secretaria-de-educacion\/#primaryimage\"},\"thumbnailUrl\":\"https:\/\/i0.wp.com\/masquenoticias.mx\/wp-content\/uploads\/2023\/10\/WhatsApp-Image-2023-10-10-at-06.56.52-jpeg.webp?fit=740%2C488&ssl=1\",\"keywords\":[\"Educaci\u00f3n\"],\"articleSection\":[\"Estado\"],\"inLanguage\":\"es\",\"potentialAction\":[{\"@type\":\"CommentAction\",\"name\":\"Comment\",\"target\":[\"https:\/\/masquenoticias.mx\/index.php\/2023\/10\/10\/no-se-suspenden-clases-esta-manana-en-colima-secretaria-de-educacion\/#respond\"]}]},{\"@type\":\"WebPage\",\"@id\":\"https:\/\/masquenoticias.mx\/index.php\/2023\/10\/10\/no-se-suspenden-clases-esta-manana-en-colima-secretaria-de-educacion\/\",\"url\":\"https:\/\/masquenoticias.mx\/index.php\/2023\/10\/10\/no-se-suspenden-clases-esta-manana-en-colima-secretaria-de-educacion\/\",\"name\":\"No se suspenden clases esta ma\u00f1ana en Colima: Secretar\u00eda de Educaci\u00f3n - M\u00e1s Que Noticias\",\"isPartOf\":{\"@id\":\"https:\/\/masquenoticias.mx\/#website\"},\"primaryImageOfPage\":{\"@id\":\"https:\/\/masquenoticias.mx\/index.php\/2023\/10\/10\/no-se-suspenden-clases-esta-manana-en-colima-secretaria-de-educacion\/#primaryimage\"},\"image\":{\"@id\":\"https:\/\/masquenoticias.mx\/index.php\/2023\/10\/10\/no-se-suspenden-clases-esta-manana-en-colima-secretaria-de-educacion\/#primaryimage\"},\"thumbnailUrl\":\"https:\/\/i0.wp.com\/masquenoticias.mx\/wp-content\/uploads\/2023\/10\/WhatsApp-Image-2023-10-10-at-06.56.52-jpeg.webp?fit=740%2C488&ssl=1\",\"datePublished\":\"2023-10-10T15:30:05+00:00\",\"breadcrumb\":{\"@id\":\"https:\/\/masquenoticias.mx\/index.php\/2023\/10\/10\/no-se-suspenden-clases-esta-manana-en-colima-secretaria-de-educacion\/#breadcrumb\"},\"inLanguage\":\"es\",\"potentialAction\":[{\"@type\":\"ReadAction\",\"target\":[\"https:\/\/masquenoticias.mx\/index.php\/2023\/10\/10\/no-se-suspenden-clases-esta-manana-en-colima-secretaria-de-educacion\/\"]}]},{\"@type\":\"ImageObject\",\"inLanguage\":\"es\",\"@id\":\"https:\/\/masquenoticias.mx\/index.php\/2023\/10\/10\/no-se-suspenden-clases-esta-manana-en-colima-secretaria-de-educacion\/#primaryimage\",\"url\":\"https:\/\/i0.wp.com\/masquenoticias.mx\/wp-content\/uploads\/2023\/10\/WhatsApp-Image-2023-10-10-at-06.56.52-jpeg.webp?fit=740%2C488&ssl=1\",\"contentUrl\":\"https:\/\/i0.wp.com\/masquenoticias.mx\/wp-content\/uploads\/2023\/10\/WhatsApp-Image-2023-10-10-at-06.56.52-jpeg.webp?fit=740%2C488&ssl=1\",\"width\":740,\"height\":488},{\"@type\":\"BreadcrumbList\",\"@id\":\"https:\/\/masquenoticias.mx\/index.php\/2023\/10\/10\/no-se-suspenden-clases-esta-manana-en-colima-secretaria-de-educacion\/#breadcrumb\",\"itemListElement\":[{\"@type\":\"ListItem\",\"position\":1,\"name\":\"Inicio\",\"item\":\"https:\/\/masquenoticias.mx\/\"},{\"@type\":\"ListItem\",\"position\":2,\"name\":\"No se suspenden clases esta ma\u00f1ana en Colima: Secretar\u00eda de Educaci\u00f3n\"}]},{\"@type\":\"WebSite\",\"@id\":\"https:\/\/masquenoticias.mx\/#website\",\"url\":\"https:\/\/masquenoticias.mx\/\",\"name\":\"M\u00e1s Que Noticias\",\"description\":\"Noticias de Colima, M\u00e9xico y el Mundo\",\"publisher\":{\"@id\":\"https:\/\/masquenoticias.mx\/#organization\"},\"potentialAction\":[{\"@type\":\"SearchAction\",\"target\":{\"@type\":\"EntryPoint\",\"urlTemplate\":\"https:\/\/masquenoticias.mx\/?s={search_term_string}\"},\"query-input\":{\"@type\":\"PropertyValueSpecification\",\"valueRequired\":true,\"valueName\":\"search_term_string\"}}],\"inLanguage\":\"es\"},{\"@type\":\"Organization\",\"@id\":\"https:\/\/masquenoticias.mx\/#organization\",\"name\":\"M\u00e1s Que Noticias\",\"url\":\"https:\/\/masquenoticias.mx\/\",\"logo\":{\"@type\":\"ImageObject\",\"inLanguage\":\"es\",\"@id\":\"https:\/\/masquenoticias.mx\/#\/schema\/logo\/image\/\",\"url\":\"https:\/\/i0.wp.com\/masquenoticias.mx\/wp-content\/uploads\/2024\/04\/IMG_0004.png?fit=2560%2C1656&ssl=1\",\"contentUrl\":\"https:\/\/i0.wp.com\/masquenoticias.mx\/wp-content\/uploads\/2024\/04\/IMG_0004.png?fit=2560%2C1656&ssl=1\",\"width\":2560,\"height\":1656,\"caption\":\"M\u00e1s Que Noticias\"},\"image\":{\"@id\":\"https:\/\/masquenoticias.mx\/#\/schema\/logo\/image\/\"},\"sameAs\":[\"https:\/\/www.facebook.com\/masquenoticiascolima\",\"https:\/\/x.com\/edgartove\",\"https:\/\/www.instagram.com\/masquenoticiascolima\/\"]},{\"@type\":\"Person\",\"@id\":\"https:\/\/masquenoticias.mx\/#\/schema\/person\/6229637729ad377d24e2154e3b30720b\",\"name\":\"Redacci\u00f3n\",\"image\":{\"@type\":\"ImageObject\",\"inLanguage\":\"es\",\"@id\":\"https:\/\/masquenoticias.mx\/#\/schema\/person\/image\/\",\"url\":\"https:\/\/secure.gravatar.com\/avatar\/73899f6b3a3034eb6f719669835ca3a4?s=96&d=mm&r=g\",\"contentUrl\":\"https:\/\/secure.gravatar.com\/avatar\/73899f6b3a3034eb6f719669835ca3a4?s=96&d=mm&r=g\",\"caption\":\"Redacci\u00f3n\"},\"url\":\"https:\/\/masquenoticias.mx\/index.php\/author\/bunburytorresgmail-com\/\"}]}<\/script>\n<!-- \/ Yoast SEO plugin. -->","yoast_head_json":{"title":"No se suspenden clases esta ma\u00f1ana en Colima: Secretar\u00eda de Educaci\u00f3n - M\u00e1s Que Noticias","robots":{"index":"index","follow":"follow","max-snippet":"max-snippet:-1","max-image-preview":"max-image-preview:large","max-video-preview":"max-video-preview:-1"},"canonical":"https:\/\/masquenoticias.mx\/index.php\/2023\/10\/10\/no-se-suspenden-clases-esta-manana-en-colima-secretaria-de-educacion\/","og_locale":"es_MX","og_type":"article","og_title":"No se suspenden clases esta ma\u00f1ana en Colima: Secretar\u00eda de Educaci\u00f3n - M\u00e1s Que Noticias","og_description":"La Secretar\u00eda de Educaci\u00f3n y Cultura del Gobierno del Estado de Colima, en coordinaci\u00f3n con la Unidad Estatal de Protecci\u00f3n Civil (UEPC), informan que no hay suspensi\u00f3n de clases hoy martes 10 de octubre en el turno matutino por las lluvias que se presentan de manera intermitente en la entidad, debido a que hasta el [&hellip;]","og_url":"https:\/\/masquenoticias.mx\/index.php\/2023\/10\/10\/no-se-suspenden-clases-esta-manana-en-colima-secretaria-de-educacion\/","og_site_name":"M\u00e1s Que Noticias","article_publisher":"https:\/\/www.facebook.com\/masquenoticiascolima","article_published_time":"2023-10-10T15:30:05+00:00","og_image":[{"width":740,"height":488,"url":"https:\/\/i0.wp.com\/masquenoticias.mx\/wp-content\/uploads\/2023\/10\/WhatsApp-Image-2023-10-10-at-06.56.52-jpeg.webp?fit=740%2C488&ssl=1","type":"image\/jpeg"}],"author":"Redacci\u00f3n","twitter_card":"summary_large_image","twitter_creator":"@edgartove","twitter_site":"@edgartove","twitter_misc":{"Escrito por":"Redacci\u00f3n","Tiempo de lectura":"1 minuto"},"schema":{"@context":"https:\/\/schema.org","@graph":[{"@type":"Article","@id":"https:\/\/masquenoticias.mx\/index.php\/2023\/10\/10\/no-se-suspenden-clases-esta-manana-en-colima-secretaria-de-educacion\/#article","isPartOf":{"@id":"https:\/\/masquenoticias.mx\/index.php\/2023\/10\/10\/no-se-suspenden-clases-esta-manana-en-colima-secretaria-de-educacion\/"},"author":{"name":"Redacci\u00f3n","@id":"https:\/\/masquenoticias.mx\/#\/schema\/person\/6229637729ad377d24e2154e3b30720b"},"headline":"No se suspenden clases esta ma\u00f1ana en Colima: Secretar\u00eda de Educaci\u00f3n","datePublished":"2023-10-10T15:30:05+00:00","mainEntityOfPage":{"@id":"https:\/\/masquenoticias.mx\/index.php\/2023\/10\/10\/no-se-suspenden-clases-esta-manana-en-colima-secretaria-de-educacion\/"},"wordCount":312,"commentCount":0,"publisher":{"@id":"https:\/\/masquenoticias.mx\/#organization"},"image":{"@id":"https:\/\/masquenoticias.mx\/index.php\/2023\/10\/10\/no-se-suspenden-clases-esta-manana-en-colima-secretaria-de-educacion\/#primaryimage"},"thumbnailUrl":"https:\/\/i0.wp.com\/masquenoticias.mx\/wp-content\/uploads\/2023\/10\/WhatsApp-Image-2023-10-10-at-06.56.52-jpeg.webp?fit=740%2C488&ssl=1","keywords":["Educaci\u00f3n"],"articleSection":["Estado"],"inLanguage":"es","potentialAction":[{"@type":"CommentAction","name":"Comment","target":["https:\/\/masquenoticias.mx\/index.php\/2023\/10\/10\/no-se-suspenden-clases-esta-manana-en-colima-secretaria-de-educacion\/#respond"]}]},{"@type":"WebPage","@id":"https:\/\/masquenoticias.mx\/index.php\/2023\/10\/10\/no-se-suspenden-clases-esta-manana-en-colima-secretaria-de-educacion\/","url":"https:\/\/masquenoticias.mx\/index.php\/2023\/10\/10\/no-se-suspenden-clases-esta-manana-en-colima-secretaria-de-educacion\/","name":"No se suspenden clases esta ma\u00f1ana en Colima: Secretar\u00eda de Educaci\u00f3n - M\u00e1s Que Noticias","isPartOf":{"@id":"https:\/\/masquenoticias.mx\/#website"},"primaryImageOfPage":{"@id":"https:\/\/masquenoticias.mx\/index.php\/2023\/10\/10\/no-se-suspenden-clases-esta-manana-en-colima-secretaria-de-educacion\/#primaryimage"},"image":{"@id":"https:\/\/masquenoticias.mx\/index.php\/2023\/10\/10\/no-se-suspenden-clases-esta-manana-en-colima-secretaria-de-educacion\/#primaryimage"},"thumbnailUrl":"https:\/\/i0.wp.com\/masquenoticias.mx\/wp-content\/uploads\/2023\/10\/WhatsApp-Image-2023-10-10-at-06.56.52-jpeg.webp?fit=740%2C488&ssl=1","datePublished":"2023-10-10T15:30:05+00:00","breadcrumb":{"@id":"https:\/\/masquenoticias.mx\/index.php\/2023\/10\/10\/no-se-suspenden-clases-esta-manana-en-colima-secretaria-de-educacion\/#breadcrumb"},"inLanguage":"es","potentialAction":[{"@type":"ReadAction","target":["https:\/\/masquenoticias.mx\/index.php\/2023\/10\/10\/no-se-suspenden-clases-esta-manana-en-colima-secretaria-de-educacion\/"]}]},{"@type":"ImageObject","inLanguage":"es","@id":"https:\/\/masquenoticias.mx\/index.php\/2023\/10\/10\/no-se-suspenden-clases-esta-manana-en-colima-secretaria-de-educacion\/#primaryimage","url":"https:\/\/i0.wp.com\/masquenoticias.mx\/wp-content\/uploads\/2023\/10\/WhatsApp-Image-2023-10-10-at-06.56.52-jpeg.webp?fit=740%2C488&ssl=1","contentUrl":"https:\/\/i0.wp.com\/masquenoticias.mx\/wp-content\/uploads\/2023\/10\/WhatsApp-Image-2023-10-10-at-06.56.52-jpeg.webp?fit=740%2C488&ssl=1","width":740,"height":488},{"@type":"BreadcrumbList","@id":"https:\/\/masquenoticias.mx\/index.php\/2023\/10\/10\/no-se-suspenden-clases-esta-manana-en-colima-secretaria-de-educacion\/#breadcrumb","itemListElement":[{"@type":"ListItem","position":1,"name":"Inicio","item":"https:\/\/masquenoticias.mx\/"},{"@type":"ListItem","position":2,"name":"No se suspenden clases esta ma\u00f1ana en Colima: Secretar\u00eda de Educaci\u00f3n"}]},{"@type":"WebSite","@id":"https:\/\/masquenoticias.mx\/#website","url":"https:\/\/masquenoticias.mx\/","name":"M\u00e1s Que Noticias","description":"Noticias de Colima, M\u00e9xico y el Mundo","publisher":{"@id":"https:\/\/masquenoticias.mx\/#organization"},"potentialAction":[{"@type":"SearchAction","target":{"@type":"EntryPoint","urlTemplate":"https:\/\/masquenoticias.mx\/?s={search_term_string}"},"query-input":{"@type":"PropertyValueSpecification","valueRequired":true,"valueName":"search_term_string"}}],"inLanguage":"es"},{"@type":"Organization","@id":"https:\/\/masquenoticias.mx\/#organization","name":"M\u00e1s Que Noticias","url":"https:\/\/masquenoticias.mx\/","logo":{"@type":"ImageObject","inLanguage":"es","@id":"https:\/\/masquenoticias.mx\/#\/schema\/logo\/image\/","url":"https:\/\/i0.wp.com\/masquenoticias.mx\/wp-content\/uploads\/2024\/04\/IMG_0004.png?fit=2560%2C1656&ssl=1","contentUrl":"https:\/\/i0.wp.com\/masquenoticias.mx\/wp-content\/uploads\/2024\/04\/IMG_0004.png?fit=2560%2C1656&ssl=1","width":2560,"height":1656,"caption":"M\u00e1s Que Noticias"},"image":{"@id":"https:\/\/masquenoticias.mx\/#\/schema\/logo\/image\/"},"sameAs":["https:\/\/www.facebook.com\/masquenoticiascolima","https:\/\/x.com\/edgartove","https:\/\/www.instagram.com\/masquenoticiascolima\/"]},{"@type":"Person","@id":"https:\/\/masquenoticias.mx\/#\/schema\/person\/6229637729ad377d24e2154e3b30720b","name":"Redacci\u00f3n","image":{"@type":"ImageObject","inLanguage":"es","@id":"https:\/\/masquenoticias.mx\/#\/schema\/person\/image\/","url":"https:\/\/secure.gravatar.com\/avatar\/73899f6b3a3034eb6f719669835ca3a4?s=96&d=mm&r=g","contentUrl":"https:\/\/secure.gravatar.com\/avatar\/73899f6b3a3034eb6f719669835ca3a4?s=96&d=mm&r=g","caption":"Redacci\u00f3n"},"url":"https:\/\/masquenoticias.mx\/index.php\/author\/bunburytorresgmail-com\/"}]}},"jetpack_featured_media_url":"https:\/\/i0.wp.com\/masquenoticias.mx\/wp-content\/uploads\/2023\/10\/WhatsApp-Image-2023-10-10-at-06.56.52-jpeg.webp?fit=740%2C488&ssl=1","blog_post_layout_featured_media_urls":{"thumbnail":["https:\/\/i0.wp.com\/masquenoticias.mx\/wp-content\/uploads\/2023\/10\/WhatsApp-Image-2023-10-10-at-06.56.52-jpeg.webp?resize=150%2C150&ssl=1",150,150,true],"full":["https:\/\/i0.wp.com\/masquenoticias.mx\/wp-content\/uploads\/2023\/10\/WhatsApp-Image-2023-10-10-at-06.56.52-jpeg.webp?fit=740%2C488&ssl=1",740,488,false]},"categories_names":{"24":{"name":"Estado","link":"https:\/\/masquenoticias.mx\/index.php\/category\/estado\/"}},"tags_names":{"45":{"name":"Educaci\u00f3n","link":"https:\/\/masquenoticias.mx\/index.php\/tag\/educacion\/"}},"comments_number":"0","wpmagazine_modules_lite_featured_media_urls":{"thumbnail":["https:\/\/i0.wp.com\/masquenoticias.mx\/wp-content\/uploads\/2023\/10\/WhatsApp-Image-2023-10-10-at-06.56.52-jpeg.webp?resize=150%2C150&ssl=1",150,150,true],"cvmm-medium":["https:\/\/i0.wp.com\/masquenoticias.mx\/wp-content\/uploads\/2023\/10\/WhatsApp-Image-2023-10-10-at-06.56.52-jpeg.webp?resize=300%2C300&ssl=1",300,300,true],"cvmm-medium-plus":["https:\/\/i0.wp.com\/masquenoticias.mx\/wp-content\/uploads\/2023\/10\/WhatsApp-Image-2023-10-10-at-06.56.52-jpeg.webp?resize=305%2C207&ssl=1",305,207,true],"cvmm-portrait":["https:\/\/i0.wp.com\/masquenoticias.mx\/wp-content\/uploads\/2023\/10\/WhatsApp-Image-2023-10-10-at-06.56.52-jpeg.webp?resize=400%2C488&ssl=1",400,488,true],"cvmm-medium-square":["https:\/\/i0.wp.com\/masquenoticias.mx\/wp-content\/uploads\/2023\/10\/WhatsApp-Image-2023-10-10-at-06.56.52-jpeg.webp?resize=600%2C488&ssl=1",600,488,true],"cvmm-large":["https:\/\/i0.wp.com\/masquenoticias.mx\/wp-content\/uploads\/2023\/10\/WhatsApp-Image-2023-10-10-at-06.56.52-jpeg.webp?resize=740%2C488&ssl=1",740,488,true],"cvmm-small":["https:\/\/i0.wp.com\/masquenoticias.mx\/wp-content\/uploads\/2023\/10\/WhatsApp-Image-2023-10-10-at-06.56.52-jpeg.webp?resize=130%2C95&ssl=1",130,95,true],"full":["https:\/\/i0.wp.com\/masquenoticias.mx\/wp-content\/uploads\/2023\/10\/WhatsApp-Image-2023-10-10-at-06.56.52-jpeg.webp?fit=740%2C488&ssl=1",740,488,false]},"jetpack-related-posts":[],"jetpack_sharing_enabled":true,"jetpack_likes_enabled":true,"jetpack_shortlink":"https:\/\/wp.me\/pf7pkt-Qr","_links":{"self":[{"href":"https:\/\/masquenoticias.mx\/index.php\/wp-json\/wp\/v2\/posts\/3251","targetHints":{"allow":["GET"]}}],"collection":[{"href":"https:\/\/masquenoticias.mx\/index.php\/wp-json\/wp\/v2\/posts"}],"about":[{"href":"https:\/\/masquenoticias.mx\/index.php\/wp-json\/wp\/v2\/types\/post"}],"author":[{"embeddable":true,"href":"https:\/\/masquenoticias.mx\/index.php\/wp-json\/wp\/v2\/users\/2"}],"replies":[{"embeddable":true,"href":"https:\/\/masquenoticias.mx\/index.php\/wp-json\/wp\/v2\/comments?post=3251"}],"version-history":[{"count":0,"href":"https:\/\/masquenoticias.mx\/index.php\/wp-json\/wp\/v2\/posts\/3251\/revisions"}],"wp:featuredmedia":[{"embeddable":true,"href":"https:\/\/masquenoticias.mx\/index.php\/wp-json\/wp\/v2\/media\/3252"}],"wp:attachment":[{"href":"https:\/\/masquenoticias.mx\/index.php\/wp-json\/wp\/v2\/media?parent=3251"}],"wp:term":[{"taxonomy":"category","embeddable":true,"href":"https:\/\/masquenoticias.mx\/index.php\/wp-json\/wp\/v2\/categories?post=3251"},{"taxonomy":"post_tag","embeddable":true,"href":"https:\/\/masquenoticias.mx\/index.php\/wp-json\/wp\/v2\/tags?post=3251"}],"curies":[{"name":"wp","href":"https:\/\/api.w.org\/{rel}","templated":true}]}}