{"id":3245,"date":"2023-10-10T09:28:16","date_gmt":"2023-10-10T15:28:16","guid":{"rendered":"https:\/\/masquenoticias.mx\/?p=3245"},"modified":"2023-10-10T09:28:16","modified_gmt":"2023-10-10T15:28:16","slug":"huracan-lidia-originara-lluvias-intensas-y-oleaje-elevado-en-colima-y-occidente-del-pais","status":"publish","type":"post","link":"https:\/\/masquenoticias.mx\/index.php\/2023\/10\/10\/huracan-lidia-originara-lluvias-intensas-y-oleaje-elevado-en-colima-y-occidente-del-pais\/","title":{"rendered":"Hurac\u00e1n \u2018Lidia\u2019 originar\u00e1 lluvias intensas y oleaje elevado en Colima y occidente del pa\u00eds"},"content":{"rendered":"<p>Hoy martes 10 de octubre, el hurac\u00e1n \u2018Lidia\u2019 se localizar\u00e1 muy cerca de las costas del Pac\u00edfico Central Mexicano, producir\u00e1 lluvias intensas a puntuales torrenciales en Colima, Jalisco, Michoac\u00e1n, Nayarit, asimismo se prev\u00e9n rachas de 80 a 100 kil\u00f3metros por hora y oleaje de dos a cuatro metros de altura en costas de Colima, Michoac\u00e1n y Baja California Sur, inform\u00f3 esta madrugada el Servicio Meteorol\u00f3gico Nacional (SMN).<\/p>\n<p>Durante la tarde-noche de hoy martes, \u2018Lidia\u2019 podr\u00eda ingresar a tierra en las inmediaciones de los estados de Jalisco y Nayarit, por lo que la Unidad Estatal de Protecci\u00f3n Civil (UEPC) del Gobierno del Estado de Colima mantiene en constante vigilancia este fen\u00f3meno hidrometeorol\u00f3gico, exhorta a la poblaci\u00f3n a mantenerse informada acerca de su evoluci\u00f3n y atender las recomendaciones de las autoridades.<\/p>\n<p>En su reporte de las 6:00 am, el organismo de la Comisi\u00f3n Nacional del Agua da a conocer que durante las pr\u00f3ximas horas se originar\u00e1n lluvias intensas con puntuales torrenciales de hasta 250 mil\u00edmetros en algunos municipios del estado de Colima, al igual que en Jalisco, Michoac\u00e1n, Guerrero y Nayarit.<\/p>\n<p>Por regiones, el SMN estima cielo medio nublado, ambiente fr\u00edo y bancos de niebla en zonas serranas, adem\u00e1s de lluvias en la regi\u00f3n. Durante la tarde, cielo nublado con lluvias intensas a puntuales torrenciales en Colima, Jalisco, Michoac\u00e1n y Nayarit, las lluvias podr\u00edan originar visibilidad reducida, deslaves, encharcamientos o inundaciones, as\u00ed como incremento en los niveles de r\u00edos y arroyos.<\/p>\n<div class=\"tiled-gallery type-rectangular tiled-gallery-unresized\" data-original-width=\"640\" data-carousel-extra='null' itemscope itemtype=\"http:\/\/schema.org\/ImageGallery\" > <div class=\"gallery-row\" style=\"width: 640px; height: 291px;\" data-original-width=\"640\" data-original-height=\"291\" > <div class=\"gallery-group images-1\" style=\"width: 413px; height: 291px;\" data-original-width=\"413\" data-original-height=\"291\" > <div class=\"tiled-gallery-item tiled-gallery-item-large\" itemprop=\"associatedMedia\" itemscope itemtype=\"http:\/\/schema.org\/ImageObject\"> <a href=\"https:\/\/masquenoticias.mx\/index.php\/2023\/10\/10\/huracan-lidia-originara-lluvias-intensas-y-oleaje-elevado-en-colima-y-occidente-del-pais\/whatsapp-image-2023-10-10-at-06-40-08\/\" border=\"0\" itemprop=\"url\"> <meta itemprop=\"width\" content=\"409\"> <meta itemprop=\"height\" content=\"287\"> <img loading=\"lazy\" decoding=\"async\" class=\"\" data-attachment-id=\"3249\" data-orig-file=\"https:\/\/masquenoticias.mx\/wp-content\/uploads\/2023\/10\/WhatsApp-Image-2023-10-10-at-06.40.08-jpeg.webp\" data-orig-size=\"915,642\" data-comments-opened=\"1\" data-image-meta=\"{&quot;aperture&quot;:&quot;0&quot;,&quot;credit&quot;:&quot;&quot;,&quot;camera&quot;:&quot;&quot;,&quot;caption&quot;:&quot;&quot;,&quot;created_timestamp&quot;:&quot;0&quot;,&quot;copyright&quot;:&quot;&quot;,&quot;focal_length&quot;:&quot;0&quot;,&quot;iso&quot;:&quot;0&quot;,&quot;shutter_speed&quot;:&quot;0&quot;,&quot;title&quot;:&quot;&quot;,&quot;orientation&quot;:&quot;0&quot;}\" data-image-title=\"WhatsApp Image 2023-10-10 at 06.40.08\" data-image-description=\"\" data-medium-file=\"https:\/\/i0.wp.com\/masquenoticias.mx\/wp-content\/uploads\/2023\/10\/WhatsApp-Image-2023-10-10-at-06.40.08-jpeg.webp?fit=300%2C210&#038;ssl=1\" data-large-file=\"https:\/\/i0.wp.com\/masquenoticias.mx\/wp-content\/uploads\/2023\/10\/WhatsApp-Image-2023-10-10-at-06.40.08-jpeg.webp?fit=640%2C449&#038;ssl=1\" src=\"https:\/\/i0.wp.com\/masquenoticias.mx\/wp-content\/uploads\/2023\/10\/WhatsApp-Image-2023-10-10-at-06.40.08-jpeg.webp?w=409&#038;h=287&#038;ssl=1\" srcset=\"https:\/\/i0.wp.com\/masquenoticias.mx\/wp-content\/uploads\/2023\/10\/WhatsApp-Image-2023-10-10-at-06.40.08-jpeg.webp?w=915&amp;ssl=1 915w, https:\/\/i0.wp.com\/masquenoticias.mx\/wp-content\/uploads\/2023\/10\/WhatsApp-Image-2023-10-10-at-06.40.08-jpeg.webp?resize=300%2C210&amp;ssl=1 300w, https:\/\/i0.wp.com\/masquenoticias.mx\/wp-content\/uploads\/2023\/10\/WhatsApp-Image-2023-10-10-at-06.40.08-jpeg.webp?resize=768%2C539&amp;ssl=1 768w\" width=\"409\" height=\"287\" loading=\"lazy\" data-original-width=\"409\" data-original-height=\"287\" itemprop=\"http:\/\/schema.org\/image\" title=\"WhatsApp Image 2023-10-10 at 06.40.08\" alt=\"WhatsApp Image 2023-10-10 at 06.40.08\" style=\"width: 409px; height: 287px;\" \/> <\/a> <\/div> <\/div> <!-- close group --> <div class=\"gallery-group images-2\" style=\"width: 227px; height: 291px;\" data-original-width=\"227\" data-original-height=\"291\" > <div class=\"tiled-gallery-item tiled-gallery-item-small\" itemprop=\"associatedMedia\" itemscope itemtype=\"http:\/\/schema.org\/ImageObject\"> <a href=\"https:\/\/masquenoticias.mx\/index.php\/2023\/10\/10\/huracan-lidia-originara-lluvias-intensas-y-oleaje-elevado-en-colima-y-occidente-del-pais\/whatsapp-image-2023-10-10-at-06-40-08-1\/\" border=\"0\" itemprop=\"url\"> <meta itemprop=\"width\" content=\"223\"> <meta itemprop=\"height\" content=\"150\"> <img loading=\"lazy\" decoding=\"async\" class=\"\" data-attachment-id=\"3248\" data-orig-file=\"https:\/\/masquenoticias.mx\/wp-content\/uploads\/2023\/10\/WhatsApp-Image-2023-10-10-at-06.40.08-1-jpeg.webp\" data-orig-size=\"953,640\" data-comments-opened=\"1\" data-image-meta=\"{&quot;aperture&quot;:&quot;0&quot;,&quot;credit&quot;:&quot;&quot;,&quot;camera&quot;:&quot;&quot;,&quot;caption&quot;:&quot;&quot;,&quot;created_timestamp&quot;:&quot;0&quot;,&quot;copyright&quot;:&quot;&quot;,&quot;focal_length&quot;:&quot;0&quot;,&quot;iso&quot;:&quot;0&quot;,&quot;shutter_speed&quot;:&quot;0&quot;,&quot;title&quot;:&quot;&quot;,&quot;orientation&quot;:&quot;0&quot;}\" data-image-title=\"WhatsApp Image 2023-10-10 at 06.40.08 (1)\" data-image-description=\"\" data-medium-file=\"https:\/\/i0.wp.com\/masquenoticias.mx\/wp-content\/uploads\/2023\/10\/WhatsApp-Image-2023-10-10-at-06.40.08-1-jpeg.webp?fit=300%2C201&#038;ssl=1\" data-large-file=\"https:\/\/i0.wp.com\/masquenoticias.mx\/wp-content\/uploads\/2023\/10\/WhatsApp-Image-2023-10-10-at-06.40.08-1-jpeg.webp?fit=640%2C430&#038;ssl=1\" src=\"https:\/\/i0.wp.com\/masquenoticias.mx\/wp-content\/uploads\/2023\/10\/WhatsApp-Image-2023-10-10-at-06.40.08-1-jpeg.webp?w=223&#038;h=150&#038;ssl=1\" srcset=\"https:\/\/i0.wp.com\/masquenoticias.mx\/wp-content\/uploads\/2023\/10\/WhatsApp-Image-2023-10-10-at-06.40.08-1-jpeg.webp?w=953&amp;ssl=1 953w, https:\/\/i0.wp.com\/masquenoticias.mx\/wp-content\/uploads\/2023\/10\/WhatsApp-Image-2023-10-10-at-06.40.08-1-jpeg.webp?resize=300%2C201&amp;ssl=1 300w, https:\/\/i0.wp.com\/masquenoticias.mx\/wp-content\/uploads\/2023\/10\/WhatsApp-Image-2023-10-10-at-06.40.08-1-jpeg.webp?resize=768%2C516&amp;ssl=1 768w, https:\/\/i0.wp.com\/masquenoticias.mx\/wp-content\/uploads\/2023\/10\/WhatsApp-Image-2023-10-10-at-06.40.08-1-jpeg.webp?resize=305%2C207&amp;ssl=1 305w, https:\/\/i0.wp.com\/masquenoticias.mx\/wp-content\/uploads\/2023\/10\/WhatsApp-Image-2023-10-10-at-06.40.08-1-jpeg.webp?resize=622%2C420&amp;ssl=1 622w\" width=\"223\" height=\"150\" loading=\"lazy\" data-original-width=\"223\" data-original-height=\"150\" itemprop=\"http:\/\/schema.org\/image\" title=\"WhatsApp Image 2023-10-10 at 06.40.08 (1)\" alt=\"WhatsApp Image 2023-10-10 at 06.40.08 (1)\" style=\"width: 223px; height: 150px;\" \/> <\/a> <\/div> <div class=\"tiled-gallery-item tiled-gallery-item-small\" itemprop=\"associatedMedia\" itemscope itemtype=\"http:\/\/schema.org\/ImageObject\"> <a href=\"https:\/\/masquenoticias.mx\/index.php\/2023\/10\/10\/huracan-lidia-originara-lluvias-intensas-y-oleaje-elevado-en-colima-y-occidente-del-pais\/whatsapp-image-2023-10-10-at-06-38-09\/\" border=\"0\" itemprop=\"url\"> <meta itemprop=\"width\" content=\"223\"> <meta itemprop=\"height\" content=\"133\"> <img loading=\"lazy\" decoding=\"async\" class=\"\" data-attachment-id=\"3247\" data-orig-file=\"https:\/\/masquenoticias.mx\/wp-content\/uploads\/2023\/10\/WhatsApp-Image-2023-10-10-at-06.38.09-jpeg.webp\" data-orig-size=\"1600,954\" data-comments-opened=\"1\" data-image-meta=\"{&quot;aperture&quot;:&quot;0&quot;,&quot;credit&quot;:&quot;&quot;,&quot;camera&quot;:&quot;&quot;,&quot;caption&quot;:&quot;&quot;,&quot;created_timestamp&quot;:&quot;0&quot;,&quot;copyright&quot;:&quot;&quot;,&quot;focal_length&quot;:&quot;0&quot;,&quot;iso&quot;:&quot;0&quot;,&quot;shutter_speed&quot;:&quot;0&quot;,&quot;title&quot;:&quot;&quot;,&quot;orientation&quot;:&quot;0&quot;}\" data-image-title=\"WhatsApp Image 2023-10-10 at 06.38.09\" data-image-description=\"\" data-medium-file=\"https:\/\/i0.wp.com\/masquenoticias.mx\/wp-content\/uploads\/2023\/10\/WhatsApp-Image-2023-10-10-at-06.38.09-jpeg.webp?fit=300%2C179&#038;ssl=1\" data-large-file=\"https:\/\/i0.wp.com\/masquenoticias.mx\/wp-content\/uploads\/2023\/10\/WhatsApp-Image-2023-10-10-at-06.38.09-jpeg.webp?fit=640%2C382&#038;ssl=1\" src=\"https:\/\/i0.wp.com\/masquenoticias.mx\/wp-content\/uploads\/2023\/10\/WhatsApp-Image-2023-10-10-at-06.38.09-jpeg.webp?w=223&#038;h=133&#038;ssl=1\" srcset=\"https:\/\/i0.wp.com\/masquenoticias.mx\/wp-content\/uploads\/2023\/10\/WhatsApp-Image-2023-10-10-at-06.38.09-jpeg.webp?w=1600&amp;ssl=1 1600w, https:\/\/i0.wp.com\/masquenoticias.mx\/wp-content\/uploads\/2023\/10\/WhatsApp-Image-2023-10-10-at-06.38.09-jpeg.webp?resize=300%2C179&amp;ssl=1 300w, https:\/\/i0.wp.com\/masquenoticias.mx\/wp-content\/uploads\/2023\/10\/WhatsApp-Image-2023-10-10-at-06.38.09-jpeg.webp?resize=1024%2C611&amp;ssl=1 1024w, https:\/\/i0.wp.com\/masquenoticias.mx\/wp-content\/uploads\/2023\/10\/WhatsApp-Image-2023-10-10-at-06.38.09-jpeg.webp?resize=768%2C458&amp;ssl=1 768w, https:\/\/i0.wp.com\/masquenoticias.mx\/wp-content\/uploads\/2023\/10\/WhatsApp-Image-2023-10-10-at-06.38.09-jpeg.webp?resize=1536%2C916&amp;ssl=1 1536w, https:\/\/i0.wp.com\/masquenoticias.mx\/wp-content\/uploads\/2023\/10\/WhatsApp-Image-2023-10-10-at-06.38.09-jpeg.webp?w=1280&amp;ssl=1 1280w\" width=\"223\" height=\"133\" loading=\"lazy\" data-original-width=\"223\" data-original-height=\"133\" itemprop=\"http:\/\/schema.org\/image\" title=\"WhatsApp Image 2023-10-10 at 06.38.09\" alt=\"WhatsApp Image 2023-10-10 at 06.38.09\" style=\"width: 223px; height: 133px;\" \/> <\/a> <\/div> <\/div> <!-- close group --> <\/div> <!-- close row --> <div class=\"gallery-row\" style=\"width: 640px; height: 450px;\" data-original-width=\"640\" data-original-height=\"450\" > <div class=\"gallery-group images-1\" style=\"width: 640px; height: 450px;\" data-original-width=\"640\" data-original-height=\"450\" > <div class=\"tiled-gallery-item tiled-gallery-item-large\" itemprop=\"associatedMedia\" itemscope itemtype=\"http:\/\/schema.org\/ImageObject\"> <a href=\"https:\/\/masquenoticias.mx\/index.php\/2023\/10\/10\/huracan-lidia-originara-lluvias-intensas-y-oleaje-elevado-en-colima-y-occidente-del-pais\/whatsapp-image-2023-10-10-at-06-38-08\/\" border=\"0\" itemprop=\"url\"> <meta itemprop=\"width\" content=\"636\"> <meta itemprop=\"height\" content=\"446\"> <img loading=\"lazy\" decoding=\"async\" class=\"\" data-attachment-id=\"3246\" data-orig-file=\"https:\/\/masquenoticias.mx\/wp-content\/uploads\/2023\/10\/WhatsApp-Image-2023-10-10-at-06.38.08-jpeg.webp\" data-orig-size=\"632,443\" data-comments-opened=\"1\" data-image-meta=\"{&quot;aperture&quot;:&quot;0&quot;,&quot;credit&quot;:&quot;&quot;,&quot;camera&quot;:&quot;&quot;,&quot;caption&quot;:&quot;&quot;,&quot;created_timestamp&quot;:&quot;0&quot;,&quot;copyright&quot;:&quot;&quot;,&quot;focal_length&quot;:&quot;0&quot;,&quot;iso&quot;:&quot;0&quot;,&quot;shutter_speed&quot;:&quot;0&quot;,&quot;title&quot;:&quot;&quot;,&quot;orientation&quot;:&quot;0&quot;}\" data-image-title=\"WhatsApp Image 2023-10-10 at 06.38.08\" data-image-description=\"\" data-medium-file=\"https:\/\/i0.wp.com\/masquenoticias.mx\/wp-content\/uploads\/2023\/10\/WhatsApp-Image-2023-10-10-at-06.38.08-jpeg.webp?fit=300%2C210&#038;ssl=1\" data-large-file=\"https:\/\/i0.wp.com\/masquenoticias.mx\/wp-content\/uploads\/2023\/10\/WhatsApp-Image-2023-10-10-at-06.38.08-jpeg.webp?fit=632%2C443&#038;ssl=1\" src=\"https:\/\/i0.wp.com\/masquenoticias.mx\/wp-content\/uploads\/2023\/10\/WhatsApp-Image-2023-10-10-at-06.38.08-jpeg.webp?w=636&#038;h=446&#038;ssl=1\" srcset=\"https:\/\/i0.wp.com\/masquenoticias.mx\/wp-content\/uploads\/2023\/10\/WhatsApp-Image-2023-10-10-at-06.38.08-jpeg.webp?w=632&amp;ssl=1 632w, https:\/\/i0.wp.com\/masquenoticias.mx\/wp-content\/uploads\/2023\/10\/WhatsApp-Image-2023-10-10-at-06.38.08-jpeg.webp?resize=300%2C210&amp;ssl=1 300w\" width=\"636\" height=\"446\" loading=\"lazy\" data-original-width=\"636\" data-original-height=\"446\" itemprop=\"http:\/\/schema.org\/image\" title=\"WhatsApp Image 2023-10-10 at 06.38.08\" alt=\"WhatsApp Image 2023-10-10 at 06.38.08\" style=\"width: 636px; height: 446px;\" \/> <\/a> <\/div> <\/div> <!-- close group --> <\/div> <!-- close row --> <\/div>\n","protected":false},"excerpt":{"rendered":"<p>Hoy martes 10 de octubre, el hurac\u00e1n \u2018Lidia\u2019 se localizar\u00e1 muy cerca de las costas del Pac\u00edfico Central Mexicano, producir\u00e1 lluvias intensas a puntuales torrenciales en Colima, Jalisco, Michoac\u00e1n, Nayarit, asimismo se prev\u00e9n rachas de 80 a 100 kil\u00f3metros por hora y oleaje de dos a cuatro metros de altura en costas de Colima, Michoac\u00e1n [&hellip;]<\/p>\n","protected":false},"author":2,"featured_media":3248,"comment_status":"open","ping_status":"open","sticky":false,"template":"","format":"standard","meta":{"_jetpack_memberships_contains_paid_content":false,"footnotes":""},"categories":[24],"tags":[119,282,277,264],"class_list":["post-3245","post","type-post","status-publish","format-standard","has-post-thumbnail","hentry","category-estado","tag-clima","tag-lidia","tag-smn","tag-uepc"],"yoast_head":"<!-- This site is optimized with the Yoast SEO plugin v26.6 - https:\/\/yoast.com\/wordpress\/plugins\/seo\/ -->\n<title>Hurac\u00e1n \u2018Lidia\u2019 originar\u00e1 lluvias intensas y oleaje elevado en Colima y occidente del pa\u00eds - M\u00e1s Que Noticias<\/title>\n<meta name=\"robots\" content=\"index, follow, max-snippet:-1, max-image-preview:large, max-video-preview:-1\" \/>\n<link rel=\"canonical\" href=\"https:\/\/masquenoticias.mx\/index.php\/2023\/10\/10\/huracan-lidia-originara-lluvias-intensas-y-oleaje-elevado-en-colima-y-occidente-del-pais\/\" \/>\n<meta property=\"og:locale\" content=\"es_MX\" \/>\n<meta property=\"og:type\" content=\"article\" \/>\n<meta property=\"og:title\" content=\"Hurac\u00e1n \u2018Lidia\u2019 originar\u00e1 lluvias intensas y oleaje elevado en Colima y occidente del pa\u00eds - M\u00e1s Que Noticias\" \/>\n<meta property=\"og:description\" content=\"Hoy martes 10 de octubre, el hurac\u00e1n \u2018Lidia\u2019 se localizar\u00e1 muy cerca de las costas del Pac\u00edfico Central Mexicano, producir\u00e1 lluvias intensas a puntuales torrenciales en Colima, Jalisco, Michoac\u00e1n, Nayarit, asimismo se prev\u00e9n rachas de 80 a 100 kil\u00f3metros por hora y oleaje de dos a cuatro metros de altura en costas de Colima, Michoac\u00e1n [&hellip;]\" \/>\n<meta property=\"og:url\" content=\"https:\/\/masquenoticias.mx\/index.php\/2023\/10\/10\/huracan-lidia-originara-lluvias-intensas-y-oleaje-elevado-en-colima-y-occidente-del-pais\/\" \/>\n<meta property=\"og:site_name\" content=\"M\u00e1s Que Noticias\" \/>\n<meta property=\"article:publisher\" content=\"https:\/\/www.facebook.com\/masquenoticiascolima\" \/>\n<meta property=\"article:published_time\" content=\"2023-10-10T15:28:16+00:00\" \/>\n<meta property=\"og:image\" content=\"https:\/\/i0.wp.com\/masquenoticias.mx\/wp-content\/uploads\/2023\/10\/WhatsApp-Image-2023-10-10-at-06.40.08-1-jpeg.webp?fit=953%2C640&ssl=1\" \/>\n\t<meta property=\"og:image:width\" content=\"953\" \/>\n\t<meta property=\"og:image:height\" content=\"640\" \/>\n\t<meta property=\"og:image:type\" content=\"image\/jpeg\" \/>\n<meta name=\"author\" content=\"Redacci\u00f3n\" \/>\n<meta name=\"twitter:card\" content=\"summary_large_image\" \/>\n<meta name=\"twitter:creator\" content=\"@edgartove\" \/>\n<meta name=\"twitter:site\" content=\"@edgartove\" \/>\n<meta name=\"twitter:label1\" content=\"Escrito por\" \/>\n\t<meta name=\"twitter:data1\" content=\"Redacci\u00f3n\" \/>\n\t<meta name=\"twitter:label2\" content=\"Tiempo de lectura\" \/>\n\t<meta name=\"twitter:data2\" content=\"1 minuto\" \/>\n<script type=\"application\/ld+json\" class=\"yoast-schema-graph\">{\"@context\":\"https:\/\/schema.org\",\"@graph\":[{\"@type\":\"Article\",\"@id\":\"https:\/\/masquenoticias.mx\/index.php\/2023\/10\/10\/huracan-lidia-originara-lluvias-intensas-y-oleaje-elevado-en-colima-y-occidente-del-pais\/#article\",\"isPartOf\":{\"@id\":\"https:\/\/masquenoticias.mx\/index.php\/2023\/10\/10\/huracan-lidia-originara-lluvias-intensas-y-oleaje-elevado-en-colima-y-occidente-del-pais\/\"},\"author\":{\"name\":\"Redacci\u00f3n\",\"@id\":\"https:\/\/masquenoticias.mx\/#\/schema\/person\/6229637729ad377d24e2154e3b30720b\"},\"headline\":\"Hurac\u00e1n \u2018Lidia\u2019 originar\u00e1 lluvias intensas y oleaje elevado en Colima y occidente del pa\u00eds\",\"datePublished\":\"2023-10-10T15:28:16+00:00\",\"mainEntityOfPage\":{\"@id\":\"https:\/\/masquenoticias.mx\/index.php\/2023\/10\/10\/huracan-lidia-originara-lluvias-intensas-y-oleaje-elevado-en-colima-y-occidente-del-pais\/\"},\"wordCount\":280,\"commentCount\":0,\"publisher\":{\"@id\":\"https:\/\/masquenoticias.mx\/#organization\"},\"image\":{\"@id\":\"https:\/\/masquenoticias.mx\/index.php\/2023\/10\/10\/huracan-lidia-originara-lluvias-intensas-y-oleaje-elevado-en-colima-y-occidente-del-pais\/#primaryimage\"},\"thumbnailUrl\":\"https:\/\/i0.wp.com\/masquenoticias.mx\/wp-content\/uploads\/2023\/10\/WhatsApp-Image-2023-10-10-at-06.40.08-1-jpeg.webp?fit=953%2C640&ssl=1\",\"keywords\":[\"Clima\",\"Lidia\",\"SMN\",\"UEPC\"],\"articleSection\":[\"Estado\"],\"inLanguage\":\"es\",\"potentialAction\":[{\"@type\":\"CommentAction\",\"name\":\"Comment\",\"target\":[\"https:\/\/masquenoticias.mx\/index.php\/2023\/10\/10\/huracan-lidia-originara-lluvias-intensas-y-oleaje-elevado-en-colima-y-occidente-del-pais\/#respond\"]}]},{\"@type\":\"WebPage\",\"@id\":\"https:\/\/masquenoticias.mx\/index.php\/2023\/10\/10\/huracan-lidia-originara-lluvias-intensas-y-oleaje-elevado-en-colima-y-occidente-del-pais\/\",\"url\":\"https:\/\/masquenoticias.mx\/index.php\/2023\/10\/10\/huracan-lidia-originara-lluvias-intensas-y-oleaje-elevado-en-colima-y-occidente-del-pais\/\",\"name\":\"Hurac\u00e1n \u2018Lidia\u2019 originar\u00e1 lluvias intensas y oleaje elevado en Colima y occidente del pa\u00eds - M\u00e1s Que Noticias\",\"isPartOf\":{\"@id\":\"https:\/\/masquenoticias.mx\/#website\"},\"primaryImageOfPage\":{\"@id\":\"https:\/\/masquenoticias.mx\/index.php\/2023\/10\/10\/huracan-lidia-originara-lluvias-intensas-y-oleaje-elevado-en-colima-y-occidente-del-pais\/#primaryimage\"},\"image\":{\"@id\":\"https:\/\/masquenoticias.mx\/index.php\/2023\/10\/10\/huracan-lidia-originara-lluvias-intensas-y-oleaje-elevado-en-colima-y-occidente-del-pais\/#primaryimage\"},\"thumbnailUrl\":\"https:\/\/i0.wp.com\/masquenoticias.mx\/wp-content\/uploads\/2023\/10\/WhatsApp-Image-2023-10-10-at-06.40.08-1-jpeg.webp?fit=953%2C640&ssl=1\",\"datePublished\":\"2023-10-10T15:28:16+00:00\",\"breadcrumb\":{\"@id\":\"https:\/\/masquenoticias.mx\/index.php\/2023\/10\/10\/huracan-lidia-originara-lluvias-intensas-y-oleaje-elevado-en-colima-y-occidente-del-pais\/#breadcrumb\"},\"inLanguage\":\"es\",\"potentialAction\":[{\"@type\":\"ReadAction\",\"target\":[\"https:\/\/masquenoticias.mx\/index.php\/2023\/10\/10\/huracan-lidia-originara-lluvias-intensas-y-oleaje-elevado-en-colima-y-occidente-del-pais\/\"]}]},{\"@type\":\"ImageObject\",\"inLanguage\":\"es\",\"@id\":\"https:\/\/masquenoticias.mx\/index.php\/2023\/10\/10\/huracan-lidia-originara-lluvias-intensas-y-oleaje-elevado-en-colima-y-occidente-del-pais\/#primaryimage\",\"url\":\"https:\/\/i0.wp.com\/masquenoticias.mx\/wp-content\/uploads\/2023\/10\/WhatsApp-Image-2023-10-10-at-06.40.08-1-jpeg.webp?fit=953%2C640&ssl=1\",\"contentUrl\":\"https:\/\/i0.wp.com\/masquenoticias.mx\/wp-content\/uploads\/2023\/10\/WhatsApp-Image-2023-10-10-at-06.40.08-1-jpeg.webp?fit=953%2C640&ssl=1\",\"width\":953,\"height\":640},{\"@type\":\"BreadcrumbList\",\"@id\":\"https:\/\/masquenoticias.mx\/index.php\/2023\/10\/10\/huracan-lidia-originara-lluvias-intensas-y-oleaje-elevado-en-colima-y-occidente-del-pais\/#breadcrumb\",\"itemListElement\":[{\"@type\":\"ListItem\",\"position\":1,\"name\":\"Inicio\",\"item\":\"https:\/\/masquenoticias.mx\/\"},{\"@type\":\"ListItem\",\"position\":2,\"name\":\"Hurac\u00e1n \u2018Lidia\u2019 originar\u00e1 lluvias intensas y oleaje elevado en Colima y occidente del pa\u00eds\"}]},{\"@type\":\"WebSite\",\"@id\":\"https:\/\/masquenoticias.mx\/#website\",\"url\":\"https:\/\/masquenoticias.mx\/\",\"name\":\"M\u00e1s Que Noticias\",\"description\":\"Noticias de Colima, M\u00e9xico y el Mundo\",\"publisher\":{\"@id\":\"https:\/\/masquenoticias.mx\/#organization\"},\"potentialAction\":[{\"@type\":\"SearchAction\",\"target\":{\"@type\":\"EntryPoint\",\"urlTemplate\":\"https:\/\/masquenoticias.mx\/?s={search_term_string}\"},\"query-input\":{\"@type\":\"PropertyValueSpecification\",\"valueRequired\":true,\"valueName\":\"search_term_string\"}}],\"inLanguage\":\"es\"},{\"@type\":\"Organization\",\"@id\":\"https:\/\/masquenoticias.mx\/#organization\",\"name\":\"M\u00e1s Que Noticias\",\"url\":\"https:\/\/masquenoticias.mx\/\",\"logo\":{\"@type\":\"ImageObject\",\"inLanguage\":\"es\",\"@id\":\"https:\/\/masquenoticias.mx\/#\/schema\/logo\/image\/\",\"url\":\"https:\/\/i0.wp.com\/masquenoticias.mx\/wp-content\/uploads\/2024\/04\/IMG_0004.png?fit=2560%2C1656&ssl=1\",\"contentUrl\":\"https:\/\/i0.wp.com\/masquenoticias.mx\/wp-content\/uploads\/2024\/04\/IMG_0004.png?fit=2560%2C1656&ssl=1\",\"width\":2560,\"height\":1656,\"caption\":\"M\u00e1s Que Noticias\"},\"image\":{\"@id\":\"https:\/\/masquenoticias.mx\/#\/schema\/logo\/image\/\"},\"sameAs\":[\"https:\/\/www.facebook.com\/masquenoticiascolima\",\"https:\/\/x.com\/edgartove\",\"https:\/\/www.instagram.com\/masquenoticiascolima\/\"]},{\"@type\":\"Person\",\"@id\":\"https:\/\/masquenoticias.mx\/#\/schema\/person\/6229637729ad377d24e2154e3b30720b\",\"name\":\"Redacci\u00f3n\",\"image\":{\"@type\":\"ImageObject\",\"inLanguage\":\"es\",\"@id\":\"https:\/\/masquenoticias.mx\/#\/schema\/person\/image\/\",\"url\":\"https:\/\/secure.gravatar.com\/avatar\/73899f6b3a3034eb6f719669835ca3a4?s=96&d=mm&r=g\",\"contentUrl\":\"https:\/\/secure.gravatar.com\/avatar\/73899f6b3a3034eb6f719669835ca3a4?s=96&d=mm&r=g\",\"caption\":\"Redacci\u00f3n\"},\"url\":\"https:\/\/masquenoticias.mx\/index.php\/author\/bunburytorresgmail-com\/\"}]}<\/script>\n<!-- \/ Yoast SEO plugin. -->","yoast_head_json":{"title":"Hurac\u00e1n \u2018Lidia\u2019 originar\u00e1 lluvias intensas y oleaje elevado en Colima y occidente del pa\u00eds - M\u00e1s Que Noticias","robots":{"index":"index","follow":"follow","max-snippet":"max-snippet:-1","max-image-preview":"max-image-preview:large","max-video-preview":"max-video-preview:-1"},"canonical":"https:\/\/masquenoticias.mx\/index.php\/2023\/10\/10\/huracan-lidia-originara-lluvias-intensas-y-oleaje-elevado-en-colima-y-occidente-del-pais\/","og_locale":"es_MX","og_type":"article","og_title":"Hurac\u00e1n \u2018Lidia\u2019 originar\u00e1 lluvias intensas y oleaje elevado en Colima y occidente del pa\u00eds - M\u00e1s Que Noticias","og_description":"Hoy martes 10 de octubre, el hurac\u00e1n \u2018Lidia\u2019 se localizar\u00e1 muy cerca de las costas del Pac\u00edfico Central Mexicano, producir\u00e1 lluvias intensas a puntuales torrenciales en Colima, Jalisco, Michoac\u00e1n, Nayarit, asimismo se prev\u00e9n rachas de 80 a 100 kil\u00f3metros por hora y oleaje de dos a cuatro metros de altura en costas de Colima, Michoac\u00e1n [&hellip;]","og_url":"https:\/\/masquenoticias.mx\/index.php\/2023\/10\/10\/huracan-lidia-originara-lluvias-intensas-y-oleaje-elevado-en-colima-y-occidente-del-pais\/","og_site_name":"M\u00e1s Que Noticias","article_publisher":"https:\/\/www.facebook.com\/masquenoticiascolima","article_published_time":"2023-10-10T15:28:16+00:00","og_image":[{"width":953,"height":640,"url":"https:\/\/i0.wp.com\/masquenoticias.mx\/wp-content\/uploads\/2023\/10\/WhatsApp-Image-2023-10-10-at-06.40.08-1-jpeg.webp?fit=953%2C640&ssl=1","type":"image\/jpeg"}],"author":"Redacci\u00f3n","twitter_card":"summary_large_image","twitter_creator":"@edgartove","twitter_site":"@edgartove","twitter_misc":{"Escrito por":"Redacci\u00f3n","Tiempo de lectura":"1 minuto"},"schema":{"@context":"https:\/\/schema.org","@graph":[{"@type":"Article","@id":"https:\/\/masquenoticias.mx\/index.php\/2023\/10\/10\/huracan-lidia-originara-lluvias-intensas-y-oleaje-elevado-en-colima-y-occidente-del-pais\/#article","isPartOf":{"@id":"https:\/\/masquenoticias.mx\/index.php\/2023\/10\/10\/huracan-lidia-originara-lluvias-intensas-y-oleaje-elevado-en-colima-y-occidente-del-pais\/"},"author":{"name":"Redacci\u00f3n","@id":"https:\/\/masquenoticias.mx\/#\/schema\/person\/6229637729ad377d24e2154e3b30720b"},"headline":"Hurac\u00e1n \u2018Lidia\u2019 originar\u00e1 lluvias intensas y oleaje elevado en Colima y occidente del pa\u00eds","datePublished":"2023-10-10T15:28:16+00:00","mainEntityOfPage":{"@id":"https:\/\/masquenoticias.mx\/index.php\/2023\/10\/10\/huracan-lidia-originara-lluvias-intensas-y-oleaje-elevado-en-colima-y-occidente-del-pais\/"},"wordCount":280,"commentCount":0,"publisher":{"@id":"https:\/\/masquenoticias.mx\/#organization"},"image":{"@id":"https:\/\/masquenoticias.mx\/index.php\/2023\/10\/10\/huracan-lidia-originara-lluvias-intensas-y-oleaje-elevado-en-colima-y-occidente-del-pais\/#primaryimage"},"thumbnailUrl":"https:\/\/i0.wp.com\/masquenoticias.mx\/wp-content\/uploads\/2023\/10\/WhatsApp-Image-2023-10-10-at-06.40.08-1-jpeg.webp?fit=953%2C640&ssl=1","keywords":["Clima","Lidia","SMN","UEPC"],"articleSection":["Estado"],"inLanguage":"es","potentialAction":[{"@type":"CommentAction","name":"Comment","target":["https:\/\/masquenoticias.mx\/index.php\/2023\/10\/10\/huracan-lidia-originara-lluvias-intensas-y-oleaje-elevado-en-colima-y-occidente-del-pais\/#respond"]}]},{"@type":"WebPage","@id":"https:\/\/masquenoticias.mx\/index.php\/2023\/10\/10\/huracan-lidia-originara-lluvias-intensas-y-oleaje-elevado-en-colima-y-occidente-del-pais\/","url":"https:\/\/masquenoticias.mx\/index.php\/2023\/10\/10\/huracan-lidia-originara-lluvias-intensas-y-oleaje-elevado-en-colima-y-occidente-del-pais\/","name":"Hurac\u00e1n \u2018Lidia\u2019 originar\u00e1 lluvias intensas y oleaje elevado en Colima y occidente del pa\u00eds - M\u00e1s Que Noticias","isPartOf":{"@id":"https:\/\/masquenoticias.mx\/#website"},"primaryImageOfPage":{"@id":"https:\/\/masquenoticias.mx\/index.php\/2023\/10\/10\/huracan-lidia-originara-lluvias-intensas-y-oleaje-elevado-en-colima-y-occidente-del-pais\/#primaryimage"},"image":{"@id":"https:\/\/masquenoticias.mx\/index.php\/2023\/10\/10\/huracan-lidia-originara-lluvias-intensas-y-oleaje-elevado-en-colima-y-occidente-del-pais\/#primaryimage"},"thumbnailUrl":"https:\/\/i0.wp.com\/masquenoticias.mx\/wp-content\/uploads\/2023\/10\/WhatsApp-Image-2023-10-10-at-06.40.08-1-jpeg.webp?fit=953%2C640&ssl=1","datePublished":"2023-10-10T15:28:16+00:00","breadcrumb":{"@id":"https:\/\/masquenoticias.mx\/index.php\/2023\/10\/10\/huracan-lidia-originara-lluvias-intensas-y-oleaje-elevado-en-colima-y-occidente-del-pais\/#breadcrumb"},"inLanguage":"es","potentialAction":[{"@type":"ReadAction","target":["https:\/\/masquenoticias.mx\/index.php\/2023\/10\/10\/huracan-lidia-originara-lluvias-intensas-y-oleaje-elevado-en-colima-y-occidente-del-pais\/"]}]},{"@type":"ImageObject","inLanguage":"es","@id":"https:\/\/masquenoticias.mx\/index.php\/2023\/10\/10\/huracan-lidia-originara-lluvias-intensas-y-oleaje-elevado-en-colima-y-occidente-del-pais\/#primaryimage","url":"https:\/\/i0.wp.com\/masquenoticias.mx\/wp-content\/uploads\/2023\/10\/WhatsApp-Image-2023-10-10-at-06.40.08-1-jpeg.webp?fit=953%2C640&ssl=1","contentUrl":"https:\/\/i0.wp.com\/masquenoticias.mx\/wp-content\/uploads\/2023\/10\/WhatsApp-Image-2023-10-10-at-06.40.08-1-jpeg.webp?fit=953%2C640&ssl=1","width":953,"height":640},{"@type":"BreadcrumbList","@id":"https:\/\/masquenoticias.mx\/index.php\/2023\/10\/10\/huracan-lidia-originara-lluvias-intensas-y-oleaje-elevado-en-colima-y-occidente-del-pais\/#breadcrumb","itemListElement":[{"@type":"ListItem","position":1,"name":"Inicio","item":"https:\/\/masquenoticias.mx\/"},{"@type":"ListItem","position":2,"name":"Hurac\u00e1n \u2018Lidia\u2019 originar\u00e1 lluvias intensas y oleaje elevado en Colima y occidente del pa\u00eds"}]},{"@type":"WebSite","@id":"https:\/\/masquenoticias.mx\/#website","url":"https:\/\/masquenoticias.mx\/","name":"M\u00e1s Que Noticias","description":"Noticias de Colima, M\u00e9xico y el Mundo","publisher":{"@id":"https:\/\/masquenoticias.mx\/#organization"},"potentialAction":[{"@type":"SearchAction","target":{"@type":"EntryPoint","urlTemplate":"https:\/\/masquenoticias.mx\/?s={search_term_string}"},"query-input":{"@type":"PropertyValueSpecification","valueRequired":true,"valueName":"search_term_string"}}],"inLanguage":"es"},{"@type":"Organization","@id":"https:\/\/masquenoticias.mx\/#organization","name":"M\u00e1s Que Noticias","url":"https:\/\/masquenoticias.mx\/","logo":{"@type":"ImageObject","inLanguage":"es","@id":"https:\/\/masquenoticias.mx\/#\/schema\/logo\/image\/","url":"https:\/\/i0.wp.com\/masquenoticias.mx\/wp-content\/uploads\/2024\/04\/IMG_0004.png?fit=2560%2C1656&ssl=1","contentUrl":"https:\/\/i0.wp.com\/masquenoticias.mx\/wp-content\/uploads\/2024\/04\/IMG_0004.png?fit=2560%2C1656&ssl=1","width":2560,"height":1656,"caption":"M\u00e1s Que Noticias"},"image":{"@id":"https:\/\/masquenoticias.mx\/#\/schema\/logo\/image\/"},"sameAs":["https:\/\/www.facebook.com\/masquenoticiascolima","https:\/\/x.com\/edgartove","https:\/\/www.instagram.com\/masquenoticiascolima\/"]},{"@type":"Person","@id":"https:\/\/masquenoticias.mx\/#\/schema\/person\/6229637729ad377d24e2154e3b30720b","name":"Redacci\u00f3n","image":{"@type":"ImageObject","inLanguage":"es","@id":"https:\/\/masquenoticias.mx\/#\/schema\/person\/image\/","url":"https:\/\/secure.gravatar.com\/avatar\/73899f6b3a3034eb6f719669835ca3a4?s=96&d=mm&r=g","contentUrl":"https:\/\/secure.gravatar.com\/avatar\/73899f6b3a3034eb6f719669835ca3a4?s=96&d=mm&r=g","caption":"Redacci\u00f3n"},"url":"https:\/\/masquenoticias.mx\/index.php\/author\/bunburytorresgmail-com\/"}]}},"jetpack_featured_media_url":"https:\/\/i0.wp.com\/masquenoticias.mx\/wp-content\/uploads\/2023\/10\/WhatsApp-Image-2023-10-10-at-06.40.08-1-jpeg.webp?fit=953%2C640&ssl=1","blog_post_layout_featured_media_urls":{"thumbnail":["https:\/\/i0.wp.com\/masquenoticias.mx\/wp-content\/uploads\/2023\/10\/WhatsApp-Image-2023-10-10-at-06.40.08-1-jpeg.webp?resize=150%2C150&ssl=1",150,150,true],"full":["https:\/\/i0.wp.com\/masquenoticias.mx\/wp-content\/uploads\/2023\/10\/WhatsApp-Image-2023-10-10-at-06.40.08-1-jpeg.webp?fit=953%2C640&ssl=1",953,640,false]},"categories_names":{"24":{"name":"Estado","link":"https:\/\/masquenoticias.mx\/index.php\/category\/estado\/"}},"tags_names":{"119":{"name":"Clima","link":"https:\/\/masquenoticias.mx\/index.php\/tag\/clima\/"},"282":{"name":"Lidia","link":"https:\/\/masquenoticias.mx\/index.php\/tag\/lidia\/"},"277":{"name":"SMN","link":"https:\/\/masquenoticias.mx\/index.php\/tag\/smn\/"},"264":{"name":"UEPC","link":"https:\/\/masquenoticias.mx\/index.php\/tag\/uepc\/"}},"comments_number":"0","wpmagazine_modules_lite_featured_media_urls":{"thumbnail":["https:\/\/i0.wp.com\/masquenoticias.mx\/wp-content\/uploads\/2023\/10\/WhatsApp-Image-2023-10-10-at-06.40.08-1-jpeg.webp?resize=150%2C150&ssl=1",150,150,true],"cvmm-medium":["https:\/\/i0.wp.com\/masquenoticias.mx\/wp-content\/uploads\/2023\/10\/WhatsApp-Image-2023-10-10-at-06.40.08-1-jpeg.webp?resize=300%2C300&ssl=1",300,300,true],"cvmm-medium-plus":["https:\/\/i0.wp.com\/masquenoticias.mx\/wp-content\/uploads\/2023\/10\/WhatsApp-Image-2023-10-10-at-06.40.08-1-jpeg.webp?resize=305%2C207&ssl=1",305,207,true],"cvmm-portrait":["https:\/\/i0.wp.com\/masquenoticias.mx\/wp-content\/uploads\/2023\/10\/WhatsApp-Image-2023-10-10-at-06.40.08-1-jpeg.webp?resize=400%2C600&ssl=1",400,600,true],"cvmm-medium-square":["https:\/\/i0.wp.com\/masquenoticias.mx\/wp-content\/uploads\/2023\/10\/WhatsApp-Image-2023-10-10-at-06.40.08-1-jpeg.webp?resize=600%2C600&ssl=1",600,600,true],"cvmm-large":["https:\/\/i0.wp.com\/masquenoticias.mx\/wp-content\/uploads\/2023\/10\/WhatsApp-Image-2023-10-10-at-06.40.08-1-jpeg.webp?resize=953%2C640&ssl=1",953,640,true],"cvmm-small":["https:\/\/i0.wp.com\/masquenoticias.mx\/wp-content\/uploads\/2023\/10\/WhatsApp-Image-2023-10-10-at-06.40.08-1-jpeg.webp?resize=130%2C95&ssl=1",130,95,true],"full":["https:\/\/i0.wp.com\/masquenoticias.mx\/wp-content\/uploads\/2023\/10\/WhatsApp-Image-2023-10-10-at-06.40.08-1-jpeg.webp?fit=953%2C640&ssl=1",953,640,false]},"jetpack-related-posts":[],"jetpack_sharing_enabled":true,"jetpack_likes_enabled":true,"jetpack_shortlink":"https:\/\/wp.me\/pf7pkt-Ql","_links":{"self":[{"href":"https:\/\/masquenoticias.mx\/index.php\/wp-json\/wp\/v2\/posts\/3245","targetHints":{"allow":["GET"]}}],"collection":[{"href":"https:\/\/masquenoticias.mx\/index.php\/wp-json\/wp\/v2\/posts"}],"about":[{"href":"https:\/\/masquenoticias.mx\/index.php\/wp-json\/wp\/v2\/types\/post"}],"author":[{"embeddable":true,"href":"https:\/\/masquenoticias.mx\/index.php\/wp-json\/wp\/v2\/users\/2"}],"replies":[{"embeddable":true,"href":"https:\/\/masquenoticias.mx\/index.php\/wp-json\/wp\/v2\/comments?post=3245"}],"version-history":[{"count":0,"href":"https:\/\/masquenoticias.mx\/index.php\/wp-json\/wp\/v2\/posts\/3245\/revisions"}],"wp:featuredmedia":[{"embeddable":true,"href":"https:\/\/masquenoticias.mx\/index.php\/wp-json\/wp\/v2\/media\/3248"}],"wp:attachment":[{"href":"https:\/\/masquenoticias.mx\/index.php\/wp-json\/wp\/v2\/media?parent=3245"}],"wp:term":[{"taxonomy":"category","embeddable":true,"href":"https:\/\/masquenoticias.mx\/index.php\/wp-json\/wp\/v2\/categories?post=3245"},{"taxonomy":"post_tag","embeddable":true,"href":"https:\/\/masquenoticias.mx\/index.php\/wp-json\/wp\/v2\/tags?post=3245"}],"curies":[{"name":"wp","href":"https:\/\/api.w.org\/{rel}","templated":true}]}}