{"id":3120,"date":"2023-10-06T18:13:04","date_gmt":"2023-10-07T00:13:04","guid":{"rendered":"https:\/\/masquenoticias.mx\/?p=3120"},"modified":"2023-10-06T18:13:04","modified_gmt":"2023-10-07T00:13:04","slug":"termino-curso-de-elaboracion-de-gelatinas-artisticas-en-la-colonia-el-porvenir","status":"publish","type":"post","link":"https:\/\/masquenoticias.mx\/index.php\/2023\/10\/06\/termino-curso-de-elaboracion-de-gelatinas-artisticas-en-la-colonia-el-porvenir\/","title":{"rendered":"Termin\u00f3 curso de elaboraci\u00f3n de gelatinas art\u00edsticas en la colonia El Porvenir"},"content":{"rendered":"<p>El Gobierno del Estado de Colima, a trav\u00e9s de la Subsecretar\u00eda del Trabajo y el Servicio Nacional de Empleo (SNE) llev\u00f3 a cabo la ceremonia de clausura del curso de capacitaci\u00f3n de gelatinas art\u00edsticas, en el que participaron habitantes de la colonia El Porvenir, en el municipio capitalino.<\/p>\n<p>Como parte del Programa de Apoyo Integral de Capacitaci\u00f3n y Autoempleo (PAICA), en representaci\u00f3n del subsecretario de Trabajo, Francisco Javier Pinto Torres, el director de empleo del Servicio Nacional de Empleo en Colima, Heriberto Contreras clausur\u00f3 el curso de gelatina art\u00edstica, impartido de manera gratuita en el Centro de Desarrollo Comunitario de esta colonia.<\/p>\n<p>Heriberto Contreras resalt\u00f3 el inter\u00e9s de la administraci\u00f3n estatal por acercar a las y los colimenses cursos gratuitos orientados a la adquisici\u00f3n de conocimientos y habilidades para auto-emplearse.<\/p>\n<p>Felicit\u00f3 a quienes tomaron el curso por su entusiasmo y creatividad, y dar la oportunidad de crecer y aprender \u201cesto demuestra que el curso les gust\u00f3 y sabr\u00e1n aprovechar de la mejor manera las diferentes t\u00e9cnicas, que les permitan innovar y vender sus productos\u201d, concluy\u00f3.<\/p>\n<p>Berenice Moreno, a nombre de las 19 beneficiadas con esta capacitaci\u00f3n, agradeci\u00f3 al Gobierno de Colima la oportunidad de capacitarse para en lo posterior, iniciar un negocio por cuenta propia para apoyar a la econom\u00eda familiar.<\/p>\n","protected":false},"excerpt":{"rendered":"<p>El Gobierno del Estado de Colima, a trav\u00e9s de la Subsecretar\u00eda del Trabajo y el Servicio Nacional de Empleo (SNE) llev\u00f3 a cabo la ceremonia de clausura del curso de capacitaci\u00f3n de gelatinas art\u00edsticas, en el que participaron habitantes de la colonia El Porvenir, en el municipio capitalino. Como parte del Programa de Apoyo Integral [&hellip;]<\/p>\n","protected":false},"author":2,"featured_media":3121,"comment_status":"open","ping_status":"open","sticky":false,"template":"","format":"standard","meta":{"_jetpack_memberships_contains_paid_content":false,"footnotes":""},"categories":[24],"tags":[72,284,283,136],"class_list":["post-3120","post","type-post","status-publish","format-standard","has-post-thumbnail","hentry","category-estado","tag-gobierno","tag-paica","tag-stps","tag-trabajo"],"yoast_head":"<!-- This site is optimized with the Yoast SEO plugin v26.6 - https:\/\/yoast.com\/wordpress\/plugins\/seo\/ -->\n<title>Termin\u00f3 curso de elaboraci\u00f3n de gelatinas art\u00edsticas en la colonia El Porvenir - M\u00e1s Que Noticias<\/title>\n<meta name=\"robots\" content=\"index, follow, max-snippet:-1, max-image-preview:large, max-video-preview:-1\" \/>\n<link rel=\"canonical\" href=\"https:\/\/masquenoticias.mx\/index.php\/2023\/10\/06\/termino-curso-de-elaboracion-de-gelatinas-artisticas-en-la-colonia-el-porvenir\/\" \/>\n<meta property=\"og:locale\" content=\"es_MX\" \/>\n<meta property=\"og:type\" content=\"article\" \/>\n<meta property=\"og:title\" content=\"Termin\u00f3 curso de elaboraci\u00f3n de gelatinas art\u00edsticas en la colonia El Porvenir - M\u00e1s Que Noticias\" \/>\n<meta property=\"og:description\" content=\"El Gobierno del Estado de Colima, a trav\u00e9s de la Subsecretar\u00eda del Trabajo y el Servicio Nacional de Empleo (SNE) llev\u00f3 a cabo la ceremonia de clausura del curso de capacitaci\u00f3n de gelatinas art\u00edsticas, en el que participaron habitantes de la colonia El Porvenir, en el municipio capitalino. Como parte del Programa de Apoyo Integral [&hellip;]\" \/>\n<meta property=\"og:url\" content=\"https:\/\/masquenoticias.mx\/index.php\/2023\/10\/06\/termino-curso-de-elaboracion-de-gelatinas-artisticas-en-la-colonia-el-porvenir\/\" \/>\n<meta property=\"og:site_name\" content=\"M\u00e1s Que Noticias\" \/>\n<meta property=\"article:publisher\" content=\"https:\/\/www.facebook.com\/masquenoticiascolima\" \/>\n<meta property=\"article:published_time\" content=\"2023-10-07T00:13:04+00:00\" \/>\n<meta property=\"og:image\" content=\"https:\/\/i0.wp.com\/masquenoticias.mx\/wp-content\/uploads\/2023\/10\/uifd27fuh2-jpg.webp?fit=800%2C533&ssl=1\" \/>\n\t<meta property=\"og:image:width\" content=\"800\" \/>\n\t<meta property=\"og:image:height\" content=\"533\" \/>\n\t<meta property=\"og:image:type\" content=\"image\/jpeg\" \/>\n<meta name=\"author\" content=\"Redacci\u00f3n\" \/>\n<meta name=\"twitter:card\" content=\"summary_large_image\" \/>\n<meta name=\"twitter:creator\" content=\"@edgartove\" \/>\n<meta name=\"twitter:site\" content=\"@edgartove\" \/>\n<meta name=\"twitter:label1\" content=\"Escrito por\" \/>\n\t<meta name=\"twitter:data1\" content=\"Redacci\u00f3n\" \/>\n\t<meta name=\"twitter:label2\" content=\"Tiempo de lectura\" \/>\n\t<meta name=\"twitter:data2\" content=\"1 minuto\" \/>\n<script type=\"application\/ld+json\" class=\"yoast-schema-graph\">{\"@context\":\"https:\/\/schema.org\",\"@graph\":[{\"@type\":\"Article\",\"@id\":\"https:\/\/masquenoticias.mx\/index.php\/2023\/10\/06\/termino-curso-de-elaboracion-de-gelatinas-artisticas-en-la-colonia-el-porvenir\/#article\",\"isPartOf\":{\"@id\":\"https:\/\/masquenoticias.mx\/index.php\/2023\/10\/06\/termino-curso-de-elaboracion-de-gelatinas-artisticas-en-la-colonia-el-porvenir\/\"},\"author\":{\"name\":\"Redacci\u00f3n\",\"@id\":\"https:\/\/masquenoticias.mx\/#\/schema\/person\/6229637729ad377d24e2154e3b30720b\"},\"headline\":\"Termin\u00f3 curso de elaboraci\u00f3n de gelatinas art\u00edsticas en la colonia El Porvenir\",\"datePublished\":\"2023-10-07T00:13:04+00:00\",\"mainEntityOfPage\":{\"@id\":\"https:\/\/masquenoticias.mx\/index.php\/2023\/10\/06\/termino-curso-de-elaboracion-de-gelatinas-artisticas-en-la-colonia-el-porvenir\/\"},\"wordCount\":238,\"commentCount\":0,\"publisher\":{\"@id\":\"https:\/\/masquenoticias.mx\/#organization\"},\"image\":{\"@id\":\"https:\/\/masquenoticias.mx\/index.php\/2023\/10\/06\/termino-curso-de-elaboracion-de-gelatinas-artisticas-en-la-colonia-el-porvenir\/#primaryimage\"},\"thumbnailUrl\":\"https:\/\/i0.wp.com\/masquenoticias.mx\/wp-content\/uploads\/2023\/10\/uifd27fuh2-jpg.webp?fit=800%2C533&ssl=1\",\"keywords\":[\"Gobierno\",\"PAICA\",\"STPS\",\"Trabajo\"],\"articleSection\":[\"Estado\"],\"inLanguage\":\"es\",\"potentialAction\":[{\"@type\":\"CommentAction\",\"name\":\"Comment\",\"target\":[\"https:\/\/masquenoticias.mx\/index.php\/2023\/10\/06\/termino-curso-de-elaboracion-de-gelatinas-artisticas-en-la-colonia-el-porvenir\/#respond\"]}]},{\"@type\":\"WebPage\",\"@id\":\"https:\/\/masquenoticias.mx\/index.php\/2023\/10\/06\/termino-curso-de-elaboracion-de-gelatinas-artisticas-en-la-colonia-el-porvenir\/\",\"url\":\"https:\/\/masquenoticias.mx\/index.php\/2023\/10\/06\/termino-curso-de-elaboracion-de-gelatinas-artisticas-en-la-colonia-el-porvenir\/\",\"name\":\"Termin\u00f3 curso de elaboraci\u00f3n de gelatinas art\u00edsticas en la colonia El Porvenir - M\u00e1s Que Noticias\",\"isPartOf\":{\"@id\":\"https:\/\/masquenoticias.mx\/#website\"},\"primaryImageOfPage\":{\"@id\":\"https:\/\/masquenoticias.mx\/index.php\/2023\/10\/06\/termino-curso-de-elaboracion-de-gelatinas-artisticas-en-la-colonia-el-porvenir\/#primaryimage\"},\"image\":{\"@id\":\"https:\/\/masquenoticias.mx\/index.php\/2023\/10\/06\/termino-curso-de-elaboracion-de-gelatinas-artisticas-en-la-colonia-el-porvenir\/#primaryimage\"},\"thumbnailUrl\":\"https:\/\/i0.wp.com\/masquenoticias.mx\/wp-content\/uploads\/2023\/10\/uifd27fuh2-jpg.webp?fit=800%2C533&ssl=1\",\"datePublished\":\"2023-10-07T00:13:04+00:00\",\"breadcrumb\":{\"@id\":\"https:\/\/masquenoticias.mx\/index.php\/2023\/10\/06\/termino-curso-de-elaboracion-de-gelatinas-artisticas-en-la-colonia-el-porvenir\/#breadcrumb\"},\"inLanguage\":\"es\",\"potentialAction\":[{\"@type\":\"ReadAction\",\"target\":[\"https:\/\/masquenoticias.mx\/index.php\/2023\/10\/06\/termino-curso-de-elaboracion-de-gelatinas-artisticas-en-la-colonia-el-porvenir\/\"]}]},{\"@type\":\"ImageObject\",\"inLanguage\":\"es\",\"@id\":\"https:\/\/masquenoticias.mx\/index.php\/2023\/10\/06\/termino-curso-de-elaboracion-de-gelatinas-artisticas-en-la-colonia-el-porvenir\/#primaryimage\",\"url\":\"https:\/\/i0.wp.com\/masquenoticias.mx\/wp-content\/uploads\/2023\/10\/uifd27fuh2-jpg.webp?fit=800%2C533&ssl=1\",\"contentUrl\":\"https:\/\/i0.wp.com\/masquenoticias.mx\/wp-content\/uploads\/2023\/10\/uifd27fuh2-jpg.webp?fit=800%2C533&ssl=1\",\"width\":800,\"height\":533},{\"@type\":\"BreadcrumbList\",\"@id\":\"https:\/\/masquenoticias.mx\/index.php\/2023\/10\/06\/termino-curso-de-elaboracion-de-gelatinas-artisticas-en-la-colonia-el-porvenir\/#breadcrumb\",\"itemListElement\":[{\"@type\":\"ListItem\",\"position\":1,\"name\":\"Inicio\",\"item\":\"https:\/\/masquenoticias.mx\/\"},{\"@type\":\"ListItem\",\"position\":2,\"name\":\"Termin\u00f3 curso de elaboraci\u00f3n de gelatinas art\u00edsticas en la colonia El Porvenir\"}]},{\"@type\":\"WebSite\",\"@id\":\"https:\/\/masquenoticias.mx\/#website\",\"url\":\"https:\/\/masquenoticias.mx\/\",\"name\":\"M\u00e1s Que Noticias\",\"description\":\"Noticias de Colima, M\u00e9xico y el Mundo\",\"publisher\":{\"@id\":\"https:\/\/masquenoticias.mx\/#organization\"},\"potentialAction\":[{\"@type\":\"SearchAction\",\"target\":{\"@type\":\"EntryPoint\",\"urlTemplate\":\"https:\/\/masquenoticias.mx\/?s={search_term_string}\"},\"query-input\":{\"@type\":\"PropertyValueSpecification\",\"valueRequired\":true,\"valueName\":\"search_term_string\"}}],\"inLanguage\":\"es\"},{\"@type\":\"Organization\",\"@id\":\"https:\/\/masquenoticias.mx\/#organization\",\"name\":\"M\u00e1s Que Noticias\",\"url\":\"https:\/\/masquenoticias.mx\/\",\"logo\":{\"@type\":\"ImageObject\",\"inLanguage\":\"es\",\"@id\":\"https:\/\/masquenoticias.mx\/#\/schema\/logo\/image\/\",\"url\":\"https:\/\/i0.wp.com\/masquenoticias.mx\/wp-content\/uploads\/2024\/04\/IMG_0004.png?fit=2560%2C1656&ssl=1\",\"contentUrl\":\"https:\/\/i0.wp.com\/masquenoticias.mx\/wp-content\/uploads\/2024\/04\/IMG_0004.png?fit=2560%2C1656&ssl=1\",\"width\":2560,\"height\":1656,\"caption\":\"M\u00e1s Que Noticias\"},\"image\":{\"@id\":\"https:\/\/masquenoticias.mx\/#\/schema\/logo\/image\/\"},\"sameAs\":[\"https:\/\/www.facebook.com\/masquenoticiascolima\",\"https:\/\/x.com\/edgartove\",\"https:\/\/www.instagram.com\/masquenoticiascolima\/\"]},{\"@type\":\"Person\",\"@id\":\"https:\/\/masquenoticias.mx\/#\/schema\/person\/6229637729ad377d24e2154e3b30720b\",\"name\":\"Redacci\u00f3n\",\"image\":{\"@type\":\"ImageObject\",\"inLanguage\":\"es\",\"@id\":\"https:\/\/masquenoticias.mx\/#\/schema\/person\/image\/\",\"url\":\"https:\/\/secure.gravatar.com\/avatar\/73899f6b3a3034eb6f719669835ca3a4?s=96&d=mm&r=g\",\"contentUrl\":\"https:\/\/secure.gravatar.com\/avatar\/73899f6b3a3034eb6f719669835ca3a4?s=96&d=mm&r=g\",\"caption\":\"Redacci\u00f3n\"},\"url\":\"https:\/\/masquenoticias.mx\/index.php\/author\/bunburytorresgmail-com\/\"}]}<\/script>\n<!-- \/ Yoast SEO plugin. -->","yoast_head_json":{"title":"Termin\u00f3 curso de elaboraci\u00f3n de gelatinas art\u00edsticas en la colonia El Porvenir - M\u00e1s Que Noticias","robots":{"index":"index","follow":"follow","max-snippet":"max-snippet:-1","max-image-preview":"max-image-preview:large","max-video-preview":"max-video-preview:-1"},"canonical":"https:\/\/masquenoticias.mx\/index.php\/2023\/10\/06\/termino-curso-de-elaboracion-de-gelatinas-artisticas-en-la-colonia-el-porvenir\/","og_locale":"es_MX","og_type":"article","og_title":"Termin\u00f3 curso de elaboraci\u00f3n de gelatinas art\u00edsticas en la colonia El Porvenir - M\u00e1s Que Noticias","og_description":"El Gobierno del Estado de Colima, a trav\u00e9s de la Subsecretar\u00eda del Trabajo y el Servicio Nacional de Empleo (SNE) llev\u00f3 a cabo la ceremonia de clausura del curso de capacitaci\u00f3n de gelatinas art\u00edsticas, en el que participaron habitantes de la colonia El Porvenir, en el municipio capitalino. Como parte del Programa de Apoyo Integral [&hellip;]","og_url":"https:\/\/masquenoticias.mx\/index.php\/2023\/10\/06\/termino-curso-de-elaboracion-de-gelatinas-artisticas-en-la-colonia-el-porvenir\/","og_site_name":"M\u00e1s Que Noticias","article_publisher":"https:\/\/www.facebook.com\/masquenoticiascolima","article_published_time":"2023-10-07T00:13:04+00:00","og_image":[{"width":800,"height":533,"url":"https:\/\/i0.wp.com\/masquenoticias.mx\/wp-content\/uploads\/2023\/10\/uifd27fuh2-jpg.webp?fit=800%2C533&ssl=1","type":"image\/jpeg"}],"author":"Redacci\u00f3n","twitter_card":"summary_large_image","twitter_creator":"@edgartove","twitter_site":"@edgartove","twitter_misc":{"Escrito por":"Redacci\u00f3n","Tiempo de lectura":"1 minuto"},"schema":{"@context":"https:\/\/schema.org","@graph":[{"@type":"Article","@id":"https:\/\/masquenoticias.mx\/index.php\/2023\/10\/06\/termino-curso-de-elaboracion-de-gelatinas-artisticas-en-la-colonia-el-porvenir\/#article","isPartOf":{"@id":"https:\/\/masquenoticias.mx\/index.php\/2023\/10\/06\/termino-curso-de-elaboracion-de-gelatinas-artisticas-en-la-colonia-el-porvenir\/"},"author":{"name":"Redacci\u00f3n","@id":"https:\/\/masquenoticias.mx\/#\/schema\/person\/6229637729ad377d24e2154e3b30720b"},"headline":"Termin\u00f3 curso de elaboraci\u00f3n de gelatinas art\u00edsticas en la colonia El Porvenir","datePublished":"2023-10-07T00:13:04+00:00","mainEntityOfPage":{"@id":"https:\/\/masquenoticias.mx\/index.php\/2023\/10\/06\/termino-curso-de-elaboracion-de-gelatinas-artisticas-en-la-colonia-el-porvenir\/"},"wordCount":238,"commentCount":0,"publisher":{"@id":"https:\/\/masquenoticias.mx\/#organization"},"image":{"@id":"https:\/\/masquenoticias.mx\/index.php\/2023\/10\/06\/termino-curso-de-elaboracion-de-gelatinas-artisticas-en-la-colonia-el-porvenir\/#primaryimage"},"thumbnailUrl":"https:\/\/i0.wp.com\/masquenoticias.mx\/wp-content\/uploads\/2023\/10\/uifd27fuh2-jpg.webp?fit=800%2C533&ssl=1","keywords":["Gobierno","PAICA","STPS","Trabajo"],"articleSection":["Estado"],"inLanguage":"es","potentialAction":[{"@type":"CommentAction","name":"Comment","target":["https:\/\/masquenoticias.mx\/index.php\/2023\/10\/06\/termino-curso-de-elaboracion-de-gelatinas-artisticas-en-la-colonia-el-porvenir\/#respond"]}]},{"@type":"WebPage","@id":"https:\/\/masquenoticias.mx\/index.php\/2023\/10\/06\/termino-curso-de-elaboracion-de-gelatinas-artisticas-en-la-colonia-el-porvenir\/","url":"https:\/\/masquenoticias.mx\/index.php\/2023\/10\/06\/termino-curso-de-elaboracion-de-gelatinas-artisticas-en-la-colonia-el-porvenir\/","name":"Termin\u00f3 curso de elaboraci\u00f3n de gelatinas art\u00edsticas en la colonia El Porvenir - M\u00e1s Que Noticias","isPartOf":{"@id":"https:\/\/masquenoticias.mx\/#website"},"primaryImageOfPage":{"@id":"https:\/\/masquenoticias.mx\/index.php\/2023\/10\/06\/termino-curso-de-elaboracion-de-gelatinas-artisticas-en-la-colonia-el-porvenir\/#primaryimage"},"image":{"@id":"https:\/\/masquenoticias.mx\/index.php\/2023\/10\/06\/termino-curso-de-elaboracion-de-gelatinas-artisticas-en-la-colonia-el-porvenir\/#primaryimage"},"thumbnailUrl":"https:\/\/i0.wp.com\/masquenoticias.mx\/wp-content\/uploads\/2023\/10\/uifd27fuh2-jpg.webp?fit=800%2C533&ssl=1","datePublished":"2023-10-07T00:13:04+00:00","breadcrumb":{"@id":"https:\/\/masquenoticias.mx\/index.php\/2023\/10\/06\/termino-curso-de-elaboracion-de-gelatinas-artisticas-en-la-colonia-el-porvenir\/#breadcrumb"},"inLanguage":"es","potentialAction":[{"@type":"ReadAction","target":["https:\/\/masquenoticias.mx\/index.php\/2023\/10\/06\/termino-curso-de-elaboracion-de-gelatinas-artisticas-en-la-colonia-el-porvenir\/"]}]},{"@type":"ImageObject","inLanguage":"es","@id":"https:\/\/masquenoticias.mx\/index.php\/2023\/10\/06\/termino-curso-de-elaboracion-de-gelatinas-artisticas-en-la-colonia-el-porvenir\/#primaryimage","url":"https:\/\/i0.wp.com\/masquenoticias.mx\/wp-content\/uploads\/2023\/10\/uifd27fuh2-jpg.webp?fit=800%2C533&ssl=1","contentUrl":"https:\/\/i0.wp.com\/masquenoticias.mx\/wp-content\/uploads\/2023\/10\/uifd27fuh2-jpg.webp?fit=800%2C533&ssl=1","width":800,"height":533},{"@type":"BreadcrumbList","@id":"https:\/\/masquenoticias.mx\/index.php\/2023\/10\/06\/termino-curso-de-elaboracion-de-gelatinas-artisticas-en-la-colonia-el-porvenir\/#breadcrumb","itemListElement":[{"@type":"ListItem","position":1,"name":"Inicio","item":"https:\/\/masquenoticias.mx\/"},{"@type":"ListItem","position":2,"name":"Termin\u00f3 curso de elaboraci\u00f3n de gelatinas art\u00edsticas en la colonia El Porvenir"}]},{"@type":"WebSite","@id":"https:\/\/masquenoticias.mx\/#website","url":"https:\/\/masquenoticias.mx\/","name":"M\u00e1s Que Noticias","description":"Noticias de Colima, M\u00e9xico y el Mundo","publisher":{"@id":"https:\/\/masquenoticias.mx\/#organization"},"potentialAction":[{"@type":"SearchAction","target":{"@type":"EntryPoint","urlTemplate":"https:\/\/masquenoticias.mx\/?s={search_term_string}"},"query-input":{"@type":"PropertyValueSpecification","valueRequired":true,"valueName":"search_term_string"}}],"inLanguage":"es"},{"@type":"Organization","@id":"https:\/\/masquenoticias.mx\/#organization","name":"M\u00e1s Que Noticias","url":"https:\/\/masquenoticias.mx\/","logo":{"@type":"ImageObject","inLanguage":"es","@id":"https:\/\/masquenoticias.mx\/#\/schema\/logo\/image\/","url":"https:\/\/i0.wp.com\/masquenoticias.mx\/wp-content\/uploads\/2024\/04\/IMG_0004.png?fit=2560%2C1656&ssl=1","contentUrl":"https:\/\/i0.wp.com\/masquenoticias.mx\/wp-content\/uploads\/2024\/04\/IMG_0004.png?fit=2560%2C1656&ssl=1","width":2560,"height":1656,"caption":"M\u00e1s Que Noticias"},"image":{"@id":"https:\/\/masquenoticias.mx\/#\/schema\/logo\/image\/"},"sameAs":["https:\/\/www.facebook.com\/masquenoticiascolima","https:\/\/x.com\/edgartove","https:\/\/www.instagram.com\/masquenoticiascolima\/"]},{"@type":"Person","@id":"https:\/\/masquenoticias.mx\/#\/schema\/person\/6229637729ad377d24e2154e3b30720b","name":"Redacci\u00f3n","image":{"@type":"ImageObject","inLanguage":"es","@id":"https:\/\/masquenoticias.mx\/#\/schema\/person\/image\/","url":"https:\/\/secure.gravatar.com\/avatar\/73899f6b3a3034eb6f719669835ca3a4?s=96&d=mm&r=g","contentUrl":"https:\/\/secure.gravatar.com\/avatar\/73899f6b3a3034eb6f719669835ca3a4?s=96&d=mm&r=g","caption":"Redacci\u00f3n"},"url":"https:\/\/masquenoticias.mx\/index.php\/author\/bunburytorresgmail-com\/"}]}},"jetpack_featured_media_url":"https:\/\/i0.wp.com\/masquenoticias.mx\/wp-content\/uploads\/2023\/10\/uifd27fuh2-jpg.webp?fit=800%2C533&ssl=1","blog_post_layout_featured_media_urls":{"thumbnail":["https:\/\/i0.wp.com\/masquenoticias.mx\/wp-content\/uploads\/2023\/10\/uifd27fuh2-jpg.webp?resize=150%2C150&ssl=1",150,150,true],"full":["https:\/\/i0.wp.com\/masquenoticias.mx\/wp-content\/uploads\/2023\/10\/uifd27fuh2-jpg.webp?fit=800%2C533&ssl=1",800,533,false]},"categories_names":{"24":{"name":"Estado","link":"https:\/\/masquenoticias.mx\/index.php\/category\/estado\/"}},"tags_names":{"72":{"name":"Gobierno","link":"https:\/\/masquenoticias.mx\/index.php\/tag\/gobierno\/"},"284":{"name":"PAICA","link":"https:\/\/masquenoticias.mx\/index.php\/tag\/paica\/"},"283":{"name":"STPS","link":"https:\/\/masquenoticias.mx\/index.php\/tag\/stps\/"},"136":{"name":"Trabajo","link":"https:\/\/masquenoticias.mx\/index.php\/tag\/trabajo\/"}},"comments_number":"0","wpmagazine_modules_lite_featured_media_urls":{"thumbnail":["https:\/\/i0.wp.com\/masquenoticias.mx\/wp-content\/uploads\/2023\/10\/uifd27fuh2-jpg.webp?resize=150%2C150&ssl=1",150,150,true],"cvmm-medium":["https:\/\/i0.wp.com\/masquenoticias.mx\/wp-content\/uploads\/2023\/10\/uifd27fuh2-jpg.webp?resize=300%2C300&ssl=1",300,300,true],"cvmm-medium-plus":["https:\/\/i0.wp.com\/masquenoticias.mx\/wp-content\/uploads\/2023\/10\/uifd27fuh2-jpg.webp?resize=305%2C207&ssl=1",305,207,true],"cvmm-portrait":["https:\/\/i0.wp.com\/masquenoticias.mx\/wp-content\/uploads\/2023\/10\/uifd27fuh2-jpg.webp?resize=400%2C533&ssl=1",400,533,true],"cvmm-medium-square":["https:\/\/i0.wp.com\/masquenoticias.mx\/wp-content\/uploads\/2023\/10\/uifd27fuh2-jpg.webp?resize=600%2C533&ssl=1",600,533,true],"cvmm-large":["https:\/\/i0.wp.com\/masquenoticias.mx\/wp-content\/uploads\/2023\/10\/uifd27fuh2-jpg.webp?resize=800%2C533&ssl=1",800,533,true],"cvmm-small":["https:\/\/i0.wp.com\/masquenoticias.mx\/wp-content\/uploads\/2023\/10\/uifd27fuh2-jpg.webp?resize=130%2C95&ssl=1",130,95,true],"full":["https:\/\/i0.wp.com\/masquenoticias.mx\/wp-content\/uploads\/2023\/10\/uifd27fuh2-jpg.webp?fit=800%2C533&ssl=1",800,533,false]},"jetpack-related-posts":[],"jetpack_sharing_enabled":true,"jetpack_likes_enabled":true,"jetpack_shortlink":"https:\/\/wp.me\/pf7pkt-Ok","_links":{"self":[{"href":"https:\/\/masquenoticias.mx\/index.php\/wp-json\/wp\/v2\/posts\/3120","targetHints":{"allow":["GET"]}}],"collection":[{"href":"https:\/\/masquenoticias.mx\/index.php\/wp-json\/wp\/v2\/posts"}],"about":[{"href":"https:\/\/masquenoticias.mx\/index.php\/wp-json\/wp\/v2\/types\/post"}],"author":[{"embeddable":true,"href":"https:\/\/masquenoticias.mx\/index.php\/wp-json\/wp\/v2\/users\/2"}],"replies":[{"embeddable":true,"href":"https:\/\/masquenoticias.mx\/index.php\/wp-json\/wp\/v2\/comments?post=3120"}],"version-history":[{"count":0,"href":"https:\/\/masquenoticias.mx\/index.php\/wp-json\/wp\/v2\/posts\/3120\/revisions"}],"wp:featuredmedia":[{"embeddable":true,"href":"https:\/\/masquenoticias.mx\/index.php\/wp-json\/wp\/v2\/media\/3121"}],"wp:attachment":[{"href":"https:\/\/masquenoticias.mx\/index.php\/wp-json\/wp\/v2\/media?parent=3120"}],"wp:term":[{"taxonomy":"category","embeddable":true,"href":"https:\/\/masquenoticias.mx\/index.php\/wp-json\/wp\/v2\/categories?post=3120"},{"taxonomy":"post_tag","embeddable":true,"href":"https:\/\/masquenoticias.mx\/index.php\/wp-json\/wp\/v2\/tags?post=3120"}],"curies":[{"name":"wp","href":"https:\/\/api.w.org\/{rel}","templated":true}]}}