{"id":3001,"date":"2023-10-04T15:32:14","date_gmt":"2023-10-04T21:32:14","guid":{"rendered":"https:\/\/masquenoticias.mx\/?p=3001"},"modified":"2023-10-04T15:32:14","modified_gmt":"2023-10-04T21:32:14","slug":"incode-regresa-cocoteros-de-colima-a-la-liga-mexicana-de-voleibol","status":"publish","type":"post","link":"https:\/\/masquenoticias.mx\/index.php\/2023\/10\/04\/incode-regresa-cocoteros-de-colima-a-la-liga-mexicana-de-voleibol\/","title":{"rendered":"Incode: regresa Cocoteros de Colima a la Liga Mexicana de Voleibol"},"content":{"rendered":"<p>El director general del Instituto Colimense del Deporte (Incode), Alejandro Rodr\u00edguez Alvarado, anunci\u00f3 en conferencia de prensa que el estado tendr\u00e1 eventos deportivos de voleibol a partir del 27 de octubre con la XV edici\u00f3n de la Copa Colima con equipos de diferentes estados del pa\u00eds, as\u00ed como el regreso del equipo Cocoteros a la Liga Mexicana de Voleibol Profesional, debutando el s\u00e1bado 11 de noviembre.<\/p>\n<p>En 2014 fue la \u00faltima participaci\u00f3n que tuvo Cocoteros; en rama femenil con el tercer lugar y en varonil se ubicaron en cuarta posici\u00f3n durante el Final Four que se realiz\u00f3 en el auditorio Juan de la Barrera de la Ciudad de M\u00e9xico. Respecto a la Copa Colima tiene una historia de quince a\u00f1os con gran convocatoria, destacando la de 2014 cuando se inscribieron m\u00e1s de cien conjuntos de diferentes estados del pa\u00eds; este a\u00f1o la Unidad Deportiva \u2018Morelos\u201d espera m\u00e1s de setenta equipos, del 27 al 29 de octubre.<\/p>\n<p>Remarc\u00f3 que el Gobierno del Estado y el Instituto Colimense del Deporte se congratula por la realizaci\u00f3n de estos dos eventos, que conlleva todo el respaldo de la gobernadora Indira Vizca\u00edno Silva para que las y los colimenses vuelvan a tener un espect\u00e1culo de primer nivel en casa, donde se re\u00fana la familia y de esta manera el deporte contin\u00fae siendo un ejemplo para la ni\u00f1ez y las juventudes de la entidad.<\/p>\n<p>Gabriel Larios Larios, presidente de la Asociaci\u00f3n de Voleibol del Estado de Colima, mencion\u00f3 que la Liga Mexicana de Voleibol iniciar\u00e1 el s\u00e1bado 11 de noviembre con sede en el auditorio \u2018Porfirio Guti\u00e9rrez Romero\u2019, jug\u00e1ndose las finales en enero 2024 ya que la LMX dura dos meses y medios; a\u00f1adi\u00f3 que los refuerzos de Cocoteros ser\u00e1n los jugadores ol\u00edmpicos Jorge Alejandro Barajas Gonz\u00e1lez y Pedro Rangel Hern\u00e1ndez, as\u00ed como el central Gabriel Cruz Mendoza. Hasta el momento se contempla la participaci\u00f3n de equipos de Aguascalientes, Jalisco, Guanajuato, Michoac\u00e1n, Chihuahua y Colima.<\/p>\n<p>Los entrenadores de las selecciones colimenses varoniles, Eduardo Barajas Carrillo y Jos\u00e9 Luis \u00c1rcega Ochoa estar\u00e1n al frente de Cocoteros de Colima, e invitan a jugadores de todo el estado para asistir desde el s\u00e1bado 14 de octubre a los entrenamientos en el auditorio \u2018Porfirio Guti\u00e9rrez Romero\u2019, de la Unidad Deportiva Jos\u00e9 Mar\u00eda Morelos y Pav\u00f3n, destacando la participaci\u00f3n de Julio Serrano D\u00edaz, seleccionado nacional que particip\u00f3 en el Campeonato Mundial de Voleibol en Argentina.<\/p>\n<div class=\"tiled-gallery type-rectangular tiled-gallery-unresized\" data-original-width=\"640\" data-carousel-extra='null' itemscope itemtype=\"http:\/\/schema.org\/ImageGallery\" > <div class=\"gallery-row\" style=\"width: 640px; height: 286px;\" data-original-width=\"640\" data-original-height=\"286\" > <div class=\"gallery-group images-1\" style=\"width: 427px; height: 286px;\" data-original-width=\"427\" data-original-height=\"286\" > <div class=\"tiled-gallery-item tiled-gallery-item-large\" itemprop=\"associatedMedia\" itemscope itemtype=\"http:\/\/schema.org\/ImageObject\"> <a href=\"https:\/\/masquenoticias.mx\/index.php\/2023\/10\/04\/incode-regresa-cocoteros-de-colima-a-la-liga-mexicana-de-voleibol\/whatsapp-image-2023-10-04-at-14-22-08\/\" border=\"0\" itemprop=\"url\"> <meta itemprop=\"width\" content=\"423\"> <meta itemprop=\"height\" content=\"282\"> <img loading=\"lazy\" decoding=\"async\" class=\"\" data-attachment-id=\"3005\" data-orig-file=\"https:\/\/masquenoticias.mx\/wp-content\/uploads\/2023\/10\/WhatsApp-Image-2023-10-04-at-14.22.08-jpeg.webp\" data-orig-size=\"1600,1066\" data-comments-opened=\"1\" data-image-meta=\"{&quot;aperture&quot;:&quot;0&quot;,&quot;credit&quot;:&quot;&quot;,&quot;camera&quot;:&quot;&quot;,&quot;caption&quot;:&quot;&quot;,&quot;created_timestamp&quot;:&quot;0&quot;,&quot;copyright&quot;:&quot;&quot;,&quot;focal_length&quot;:&quot;0&quot;,&quot;iso&quot;:&quot;0&quot;,&quot;shutter_speed&quot;:&quot;0&quot;,&quot;title&quot;:&quot;&quot;,&quot;orientation&quot;:&quot;0&quot;}\" data-image-title=\"WhatsApp Image 2023-10-04 at 14.22.08\" data-image-description=\"\" data-medium-file=\"https:\/\/i0.wp.com\/masquenoticias.mx\/wp-content\/uploads\/2023\/10\/WhatsApp-Image-2023-10-04-at-14.22.08-jpeg.webp?fit=300%2C200&#038;ssl=1\" data-large-file=\"https:\/\/i0.wp.com\/masquenoticias.mx\/wp-content\/uploads\/2023\/10\/WhatsApp-Image-2023-10-04-at-14.22.08-jpeg.webp?fit=640%2C426&#038;ssl=1\" src=\"https:\/\/i0.wp.com\/masquenoticias.mx\/wp-content\/uploads\/2023\/10\/WhatsApp-Image-2023-10-04-at-14.22.08-jpeg.webp?w=423&#038;h=282&#038;ssl=1\" srcset=\"https:\/\/i0.wp.com\/masquenoticias.mx\/wp-content\/uploads\/2023\/10\/WhatsApp-Image-2023-10-04-at-14.22.08-jpeg.webp?w=1600&amp;ssl=1 1600w, https:\/\/i0.wp.com\/masquenoticias.mx\/wp-content\/uploads\/2023\/10\/WhatsApp-Image-2023-10-04-at-14.22.08-jpeg.webp?resize=300%2C200&amp;ssl=1 300w, https:\/\/i0.wp.com\/masquenoticias.mx\/wp-content\/uploads\/2023\/10\/WhatsApp-Image-2023-10-04-at-14.22.08-jpeg.webp?resize=1024%2C682&amp;ssl=1 1024w, https:\/\/i0.wp.com\/masquenoticias.mx\/wp-content\/uploads\/2023\/10\/WhatsApp-Image-2023-10-04-at-14.22.08-jpeg.webp?resize=768%2C512&amp;ssl=1 768w, https:\/\/i0.wp.com\/masquenoticias.mx\/wp-content\/uploads\/2023\/10\/WhatsApp-Image-2023-10-04-at-14.22.08-jpeg.webp?resize=1536%2C1023&amp;ssl=1 1536w, https:\/\/i0.wp.com\/masquenoticias.mx\/wp-content\/uploads\/2023\/10\/WhatsApp-Image-2023-10-04-at-14.22.08-jpeg.webp?w=1280&amp;ssl=1 1280w\" width=\"423\" height=\"282\" loading=\"lazy\" data-original-width=\"423\" data-original-height=\"282\" itemprop=\"http:\/\/schema.org\/image\" title=\"WhatsApp Image 2023-10-04 at 14.22.08\" alt=\"WhatsApp Image 2023-10-04 at 14.22.08\" style=\"width: 423px; height: 282px;\" \/> <\/a> <\/div> <\/div> <!-- close group --> <div class=\"gallery-group images-2\" style=\"width: 213px; height: 286px;\" data-original-width=\"213\" data-original-height=\"286\" > <div class=\"tiled-gallery-item tiled-gallery-item-small\" itemprop=\"associatedMedia\" itemscope itemtype=\"http:\/\/schema.org\/ImageObject\"> <a href=\"https:\/\/masquenoticias.mx\/index.php\/2023\/10\/04\/incode-regresa-cocoteros-de-colima-a-la-liga-mexicana-de-voleibol\/whatsapp-image-2023-10-04-at-14-22-04\/\" border=\"0\" itemprop=\"url\"> <meta itemprop=\"width\" content=\"209\"> <meta itemprop=\"height\" content=\"139\"> <img loading=\"lazy\" decoding=\"async\" class=\"\" data-attachment-id=\"3004\" data-orig-file=\"https:\/\/masquenoticias.mx\/wp-content\/uploads\/2023\/10\/WhatsApp-Image-2023-10-04-at-14.22.04-jpeg.webp\" data-orig-size=\"1600,1066\" data-comments-opened=\"1\" data-image-meta=\"{&quot;aperture&quot;:&quot;0&quot;,&quot;credit&quot;:&quot;&quot;,&quot;camera&quot;:&quot;&quot;,&quot;caption&quot;:&quot;&quot;,&quot;created_timestamp&quot;:&quot;0&quot;,&quot;copyright&quot;:&quot;&quot;,&quot;focal_length&quot;:&quot;0&quot;,&quot;iso&quot;:&quot;0&quot;,&quot;shutter_speed&quot;:&quot;0&quot;,&quot;title&quot;:&quot;&quot;,&quot;orientation&quot;:&quot;0&quot;}\" data-image-title=\"WhatsApp Image 2023-10-04 at 14.22.04\" data-image-description=\"\" data-medium-file=\"https:\/\/i0.wp.com\/masquenoticias.mx\/wp-content\/uploads\/2023\/10\/WhatsApp-Image-2023-10-04-at-14.22.04-jpeg.webp?fit=300%2C200&#038;ssl=1\" data-large-file=\"https:\/\/i0.wp.com\/masquenoticias.mx\/wp-content\/uploads\/2023\/10\/WhatsApp-Image-2023-10-04-at-14.22.04-jpeg.webp?fit=640%2C426&#038;ssl=1\" src=\"https:\/\/i0.wp.com\/masquenoticias.mx\/wp-content\/uploads\/2023\/10\/WhatsApp-Image-2023-10-04-at-14.22.04-jpeg.webp?w=209&#038;h=139&#038;ssl=1\" srcset=\"https:\/\/i0.wp.com\/masquenoticias.mx\/wp-content\/uploads\/2023\/10\/WhatsApp-Image-2023-10-04-at-14.22.04-jpeg.webp?w=1600&amp;ssl=1 1600w, https:\/\/i0.wp.com\/masquenoticias.mx\/wp-content\/uploads\/2023\/10\/WhatsApp-Image-2023-10-04-at-14.22.04-jpeg.webp?resize=300%2C200&amp;ssl=1 300w, https:\/\/i0.wp.com\/masquenoticias.mx\/wp-content\/uploads\/2023\/10\/WhatsApp-Image-2023-10-04-at-14.22.04-jpeg.webp?resize=1024%2C682&amp;ssl=1 1024w, https:\/\/i0.wp.com\/masquenoticias.mx\/wp-content\/uploads\/2023\/10\/WhatsApp-Image-2023-10-04-at-14.22.04-jpeg.webp?resize=768%2C512&amp;ssl=1 768w, https:\/\/i0.wp.com\/masquenoticias.mx\/wp-content\/uploads\/2023\/10\/WhatsApp-Image-2023-10-04-at-14.22.04-jpeg.webp?resize=1536%2C1023&amp;ssl=1 1536w, https:\/\/i0.wp.com\/masquenoticias.mx\/wp-content\/uploads\/2023\/10\/WhatsApp-Image-2023-10-04-at-14.22.04-jpeg.webp?w=1280&amp;ssl=1 1280w\" width=\"209\" height=\"139\" loading=\"lazy\" data-original-width=\"209\" data-original-height=\"139\" itemprop=\"http:\/\/schema.org\/image\" title=\"WhatsApp Image 2023-10-04 at 14.22.04\" alt=\"WhatsApp Image 2023-10-04 at 14.22.04\" style=\"width: 209px; height: 139px;\" \/> <\/a> <\/div> <div class=\"tiled-gallery-item tiled-gallery-item-small\" itemprop=\"associatedMedia\" itemscope itemtype=\"http:\/\/schema.org\/ImageObject\"> <a href=\"https:\/\/masquenoticias.mx\/index.php\/2023\/10\/04\/incode-regresa-cocoteros-de-colima-a-la-liga-mexicana-de-voleibol\/whatsapp-image-2023-10-04-at-14-22-02\/\" border=\"0\" itemprop=\"url\"> <meta itemprop=\"width\" content=\"209\"> <meta itemprop=\"height\" content=\"139\"> <img loading=\"lazy\" decoding=\"async\" class=\"\" data-attachment-id=\"3003\" data-orig-file=\"https:\/\/masquenoticias.mx\/wp-content\/uploads\/2023\/10\/WhatsApp-Image-2023-10-04-at-14.22.02-jpeg.webp\" data-orig-size=\"1600,1066\" data-comments-opened=\"1\" data-image-meta=\"{&quot;aperture&quot;:&quot;0&quot;,&quot;credit&quot;:&quot;&quot;,&quot;camera&quot;:&quot;&quot;,&quot;caption&quot;:&quot;&quot;,&quot;created_timestamp&quot;:&quot;0&quot;,&quot;copyright&quot;:&quot;&quot;,&quot;focal_length&quot;:&quot;0&quot;,&quot;iso&quot;:&quot;0&quot;,&quot;shutter_speed&quot;:&quot;0&quot;,&quot;title&quot;:&quot;&quot;,&quot;orientation&quot;:&quot;0&quot;}\" data-image-title=\"WhatsApp Image 2023-10-04 at 14.22.02\" data-image-description=\"\" data-medium-file=\"https:\/\/i0.wp.com\/masquenoticias.mx\/wp-content\/uploads\/2023\/10\/WhatsApp-Image-2023-10-04-at-14.22.02-jpeg.webp?fit=300%2C200&#038;ssl=1\" data-large-file=\"https:\/\/i0.wp.com\/masquenoticias.mx\/wp-content\/uploads\/2023\/10\/WhatsApp-Image-2023-10-04-at-14.22.02-jpeg.webp?fit=640%2C426&#038;ssl=1\" src=\"https:\/\/i0.wp.com\/masquenoticias.mx\/wp-content\/uploads\/2023\/10\/WhatsApp-Image-2023-10-04-at-14.22.02-jpeg.webp?w=209&#038;h=139&#038;ssl=1\" srcset=\"https:\/\/i0.wp.com\/masquenoticias.mx\/wp-content\/uploads\/2023\/10\/WhatsApp-Image-2023-10-04-at-14.22.02-jpeg.webp?w=1600&amp;ssl=1 1600w, https:\/\/i0.wp.com\/masquenoticias.mx\/wp-content\/uploads\/2023\/10\/WhatsApp-Image-2023-10-04-at-14.22.02-jpeg.webp?resize=300%2C200&amp;ssl=1 300w, https:\/\/i0.wp.com\/masquenoticias.mx\/wp-content\/uploads\/2023\/10\/WhatsApp-Image-2023-10-04-at-14.22.02-jpeg.webp?resize=1024%2C682&amp;ssl=1 1024w, https:\/\/i0.wp.com\/masquenoticias.mx\/wp-content\/uploads\/2023\/10\/WhatsApp-Image-2023-10-04-at-14.22.02-jpeg.webp?resize=768%2C512&amp;ssl=1 768w, https:\/\/i0.wp.com\/masquenoticias.mx\/wp-content\/uploads\/2023\/10\/WhatsApp-Image-2023-10-04-at-14.22.02-jpeg.webp?resize=1536%2C1023&amp;ssl=1 1536w, https:\/\/i0.wp.com\/masquenoticias.mx\/wp-content\/uploads\/2023\/10\/WhatsApp-Image-2023-10-04-at-14.22.02-jpeg.webp?w=1280&amp;ssl=1 1280w\" width=\"209\" height=\"139\" loading=\"lazy\" data-original-width=\"209\" data-original-height=\"139\" itemprop=\"http:\/\/schema.org\/image\" title=\"WhatsApp Image 2023-10-04 at 14.22.02\" alt=\"WhatsApp Image 2023-10-04 at 14.22.02\" style=\"width: 209px; height: 139px;\" \/> <\/a> <\/div> <\/div> <!-- close group --> <\/div> <!-- close row --> <div class=\"gallery-row\" style=\"width: 640px; height: 428px;\" data-original-width=\"640\" data-original-height=\"428\" > <div class=\"gallery-group images-1\" style=\"width: 640px; height: 428px;\" data-original-width=\"640\" data-original-height=\"428\" > <div class=\"tiled-gallery-item tiled-gallery-item-large\" itemprop=\"associatedMedia\" itemscope itemtype=\"http:\/\/schema.org\/ImageObject\"> <a href=\"https:\/\/masquenoticias.mx\/index.php\/2023\/10\/04\/incode-regresa-cocoteros-de-colima-a-la-liga-mexicana-de-voleibol\/whatsapp-image-2023-10-04-at-14-22-00\/\" border=\"0\" itemprop=\"url\"> <meta itemprop=\"width\" content=\"636\"> <meta itemprop=\"height\" content=\"424\"> <img loading=\"lazy\" decoding=\"async\" class=\"\" data-attachment-id=\"3002\" data-orig-file=\"https:\/\/masquenoticias.mx\/wp-content\/uploads\/2023\/10\/WhatsApp-Image-2023-10-04-at-14.22.00-jpeg.webp\" data-orig-size=\"1600,1066\" data-comments-opened=\"1\" data-image-meta=\"{&quot;aperture&quot;:&quot;0&quot;,&quot;credit&quot;:&quot;&quot;,&quot;camera&quot;:&quot;&quot;,&quot;caption&quot;:&quot;&quot;,&quot;created_timestamp&quot;:&quot;0&quot;,&quot;copyright&quot;:&quot;&quot;,&quot;focal_length&quot;:&quot;0&quot;,&quot;iso&quot;:&quot;0&quot;,&quot;shutter_speed&quot;:&quot;0&quot;,&quot;title&quot;:&quot;&quot;,&quot;orientation&quot;:&quot;0&quot;}\" data-image-title=\"WhatsApp Image 2023-10-04 at 14.22.00\" data-image-description=\"\" data-medium-file=\"https:\/\/i0.wp.com\/masquenoticias.mx\/wp-content\/uploads\/2023\/10\/WhatsApp-Image-2023-10-04-at-14.22.00-jpeg.webp?fit=300%2C200&#038;ssl=1\" data-large-file=\"https:\/\/i0.wp.com\/masquenoticias.mx\/wp-content\/uploads\/2023\/10\/WhatsApp-Image-2023-10-04-at-14.22.00-jpeg.webp?fit=640%2C426&#038;ssl=1\" src=\"https:\/\/i0.wp.com\/masquenoticias.mx\/wp-content\/uploads\/2023\/10\/WhatsApp-Image-2023-10-04-at-14.22.00-jpeg.webp?w=636&#038;h=424&#038;ssl=1\" srcset=\"https:\/\/i0.wp.com\/masquenoticias.mx\/wp-content\/uploads\/2023\/10\/WhatsApp-Image-2023-10-04-at-14.22.00-jpeg.webp?w=1600&amp;ssl=1 1600w, https:\/\/i0.wp.com\/masquenoticias.mx\/wp-content\/uploads\/2023\/10\/WhatsApp-Image-2023-10-04-at-14.22.00-jpeg.webp?resize=300%2C200&amp;ssl=1 300w, https:\/\/i0.wp.com\/masquenoticias.mx\/wp-content\/uploads\/2023\/10\/WhatsApp-Image-2023-10-04-at-14.22.00-jpeg.webp?resize=1024%2C682&amp;ssl=1 1024w, https:\/\/i0.wp.com\/masquenoticias.mx\/wp-content\/uploads\/2023\/10\/WhatsApp-Image-2023-10-04-at-14.22.00-jpeg.webp?resize=768%2C512&amp;ssl=1 768w, https:\/\/i0.wp.com\/masquenoticias.mx\/wp-content\/uploads\/2023\/10\/WhatsApp-Image-2023-10-04-at-14.22.00-jpeg.webp?resize=1536%2C1023&amp;ssl=1 1536w, https:\/\/i0.wp.com\/masquenoticias.mx\/wp-content\/uploads\/2023\/10\/WhatsApp-Image-2023-10-04-at-14.22.00-jpeg.webp?w=1280&amp;ssl=1 1280w\" width=\"636\" height=\"424\" loading=\"lazy\" data-original-width=\"636\" data-original-height=\"424\" itemprop=\"http:\/\/schema.org\/image\" title=\"WhatsApp Image 2023-10-04 at 14.22.00\" alt=\"WhatsApp Image 2023-10-04 at 14.22.00\" style=\"width: 636px; height: 424px;\" \/> <\/a> <\/div> <\/div> <!-- close group --> <\/div> <!-- close row --> <\/div>\n","protected":false},"excerpt":{"rendered":"<p>El director general del Instituto Colimense del Deporte (Incode), Alejandro Rodr\u00edguez Alvarado, anunci\u00f3 en conferencia de prensa que el estado tendr\u00e1 eventos deportivos de voleibol a partir del 27 de octubre con la XV edici\u00f3n de la Copa Colima con equipos de diferentes estados del pa\u00eds, as\u00ed como el regreso del equipo Cocoteros a la [&hellip;]<\/p>\n","protected":false},"author":2,"featured_media":3002,"comment_status":"open","ping_status":"open","sticky":false,"template":"","format":"standard","meta":{"_jetpack_memberships_contains_paid_content":false,"footnotes":""},"categories":[24],"tags":[95,83],"class_list":["post-3001","post","type-post","status-publish","format-standard","has-post-thumbnail","hentry","category-estado","tag-deportes","tag-incode"],"yoast_head":"<!-- This site is optimized with the Yoast SEO plugin v26.6 - https:\/\/yoast.com\/wordpress\/plugins\/seo\/ -->\n<title>Incode: regresa Cocoteros de Colima a la Liga Mexicana de Voleibol - M\u00e1s Que Noticias<\/title>\n<meta name=\"robots\" content=\"index, follow, max-snippet:-1, max-image-preview:large, max-video-preview:-1\" \/>\n<link rel=\"canonical\" href=\"https:\/\/masquenoticias.mx\/index.php\/2023\/10\/04\/incode-regresa-cocoteros-de-colima-a-la-liga-mexicana-de-voleibol\/\" \/>\n<meta property=\"og:locale\" content=\"es_MX\" \/>\n<meta property=\"og:type\" content=\"article\" \/>\n<meta property=\"og:title\" content=\"Incode: regresa Cocoteros de Colima a la Liga Mexicana de Voleibol - M\u00e1s Que Noticias\" \/>\n<meta property=\"og:description\" content=\"El director general del Instituto Colimense del Deporte (Incode), Alejandro Rodr\u00edguez Alvarado, anunci\u00f3 en conferencia de prensa que el estado tendr\u00e1 eventos deportivos de voleibol a partir del 27 de octubre con la XV edici\u00f3n de la Copa Colima con equipos de diferentes estados del pa\u00eds, as\u00ed como el regreso del equipo Cocoteros a la [&hellip;]\" \/>\n<meta property=\"og:url\" content=\"https:\/\/masquenoticias.mx\/index.php\/2023\/10\/04\/incode-regresa-cocoteros-de-colima-a-la-liga-mexicana-de-voleibol\/\" \/>\n<meta property=\"og:site_name\" content=\"M\u00e1s Que Noticias\" \/>\n<meta property=\"article:publisher\" content=\"https:\/\/www.facebook.com\/masquenoticiascolima\" \/>\n<meta property=\"article:published_time\" content=\"2023-10-04T21:32:14+00:00\" \/>\n<meta property=\"og:image\" content=\"https:\/\/i0.wp.com\/masquenoticias.mx\/wp-content\/uploads\/2023\/10\/WhatsApp-Image-2023-10-04-at-14.22.00-jpeg.webp?fit=1600%2C1066&ssl=1\" \/>\n\t<meta property=\"og:image:width\" content=\"1600\" \/>\n\t<meta property=\"og:image:height\" content=\"1066\" \/>\n\t<meta property=\"og:image:type\" content=\"image\/jpeg\" \/>\n<meta name=\"author\" content=\"Redacci\u00f3n\" \/>\n<meta name=\"twitter:card\" content=\"summary_large_image\" \/>\n<meta name=\"twitter:creator\" content=\"@edgartove\" \/>\n<meta name=\"twitter:site\" content=\"@edgartove\" \/>\n<meta name=\"twitter:label1\" content=\"Escrito por\" \/>\n\t<meta name=\"twitter:data1\" content=\"Redacci\u00f3n\" \/>\n\t<meta name=\"twitter:label2\" content=\"Tiempo de lectura\" \/>\n\t<meta name=\"twitter:data2\" content=\"2 minutos\" \/>\n<script type=\"application\/ld+json\" class=\"yoast-schema-graph\">{\"@context\":\"https:\/\/schema.org\",\"@graph\":[{\"@type\":\"Article\",\"@id\":\"https:\/\/masquenoticias.mx\/index.php\/2023\/10\/04\/incode-regresa-cocoteros-de-colima-a-la-liga-mexicana-de-voleibol\/#article\",\"isPartOf\":{\"@id\":\"https:\/\/masquenoticias.mx\/index.php\/2023\/10\/04\/incode-regresa-cocoteros-de-colima-a-la-liga-mexicana-de-voleibol\/\"},\"author\":{\"name\":\"Redacci\u00f3n\",\"@id\":\"https:\/\/masquenoticias.mx\/#\/schema\/person\/6229637729ad377d24e2154e3b30720b\"},\"headline\":\"Incode: regresa Cocoteros de Colima a la Liga Mexicana de Voleibol\",\"datePublished\":\"2023-10-04T21:32:14+00:00\",\"mainEntityOfPage\":{\"@id\":\"https:\/\/masquenoticias.mx\/index.php\/2023\/10\/04\/incode-regresa-cocoteros-de-colima-a-la-liga-mexicana-de-voleibol\/\"},\"wordCount\":438,\"commentCount\":0,\"publisher\":{\"@id\":\"https:\/\/masquenoticias.mx\/#organization\"},\"image\":{\"@id\":\"https:\/\/masquenoticias.mx\/index.php\/2023\/10\/04\/incode-regresa-cocoteros-de-colima-a-la-liga-mexicana-de-voleibol\/#primaryimage\"},\"thumbnailUrl\":\"https:\/\/i0.wp.com\/masquenoticias.mx\/wp-content\/uploads\/2023\/10\/WhatsApp-Image-2023-10-04-at-14.22.00-jpeg.webp?fit=1600%2C1066&ssl=1\",\"keywords\":[\"Deportes\",\"Incode\"],\"articleSection\":[\"Estado\"],\"inLanguage\":\"es\",\"potentialAction\":[{\"@type\":\"CommentAction\",\"name\":\"Comment\",\"target\":[\"https:\/\/masquenoticias.mx\/index.php\/2023\/10\/04\/incode-regresa-cocoteros-de-colima-a-la-liga-mexicana-de-voleibol\/#respond\"]}]},{\"@type\":\"WebPage\",\"@id\":\"https:\/\/masquenoticias.mx\/index.php\/2023\/10\/04\/incode-regresa-cocoteros-de-colima-a-la-liga-mexicana-de-voleibol\/\",\"url\":\"https:\/\/masquenoticias.mx\/index.php\/2023\/10\/04\/incode-regresa-cocoteros-de-colima-a-la-liga-mexicana-de-voleibol\/\",\"name\":\"Incode: regresa Cocoteros de Colima a la Liga Mexicana de Voleibol - M\u00e1s Que Noticias\",\"isPartOf\":{\"@id\":\"https:\/\/masquenoticias.mx\/#website\"},\"primaryImageOfPage\":{\"@id\":\"https:\/\/masquenoticias.mx\/index.php\/2023\/10\/04\/incode-regresa-cocoteros-de-colima-a-la-liga-mexicana-de-voleibol\/#primaryimage\"},\"image\":{\"@id\":\"https:\/\/masquenoticias.mx\/index.php\/2023\/10\/04\/incode-regresa-cocoteros-de-colima-a-la-liga-mexicana-de-voleibol\/#primaryimage\"},\"thumbnailUrl\":\"https:\/\/i0.wp.com\/masquenoticias.mx\/wp-content\/uploads\/2023\/10\/WhatsApp-Image-2023-10-04-at-14.22.00-jpeg.webp?fit=1600%2C1066&ssl=1\",\"datePublished\":\"2023-10-04T21:32:14+00:00\",\"breadcrumb\":{\"@id\":\"https:\/\/masquenoticias.mx\/index.php\/2023\/10\/04\/incode-regresa-cocoteros-de-colima-a-la-liga-mexicana-de-voleibol\/#breadcrumb\"},\"inLanguage\":\"es\",\"potentialAction\":[{\"@type\":\"ReadAction\",\"target\":[\"https:\/\/masquenoticias.mx\/index.php\/2023\/10\/04\/incode-regresa-cocoteros-de-colima-a-la-liga-mexicana-de-voleibol\/\"]}]},{\"@type\":\"ImageObject\",\"inLanguage\":\"es\",\"@id\":\"https:\/\/masquenoticias.mx\/index.php\/2023\/10\/04\/incode-regresa-cocoteros-de-colima-a-la-liga-mexicana-de-voleibol\/#primaryimage\",\"url\":\"https:\/\/i0.wp.com\/masquenoticias.mx\/wp-content\/uploads\/2023\/10\/WhatsApp-Image-2023-10-04-at-14.22.00-jpeg.webp?fit=1600%2C1066&ssl=1\",\"contentUrl\":\"https:\/\/i0.wp.com\/masquenoticias.mx\/wp-content\/uploads\/2023\/10\/WhatsApp-Image-2023-10-04-at-14.22.00-jpeg.webp?fit=1600%2C1066&ssl=1\",\"width\":1600,\"height\":1066},{\"@type\":\"BreadcrumbList\",\"@id\":\"https:\/\/masquenoticias.mx\/index.php\/2023\/10\/04\/incode-regresa-cocoteros-de-colima-a-la-liga-mexicana-de-voleibol\/#breadcrumb\",\"itemListElement\":[{\"@type\":\"ListItem\",\"position\":1,\"name\":\"Inicio\",\"item\":\"https:\/\/masquenoticias.mx\/\"},{\"@type\":\"ListItem\",\"position\":2,\"name\":\"Incode: regresa Cocoteros de Colima a la Liga Mexicana de Voleibol\"}]},{\"@type\":\"WebSite\",\"@id\":\"https:\/\/masquenoticias.mx\/#website\",\"url\":\"https:\/\/masquenoticias.mx\/\",\"name\":\"M\u00e1s Que Noticias\",\"description\":\"Noticias de Colima, M\u00e9xico y el Mundo\",\"publisher\":{\"@id\":\"https:\/\/masquenoticias.mx\/#organization\"},\"potentialAction\":[{\"@type\":\"SearchAction\",\"target\":{\"@type\":\"EntryPoint\",\"urlTemplate\":\"https:\/\/masquenoticias.mx\/?s={search_term_string}\"},\"query-input\":{\"@type\":\"PropertyValueSpecification\",\"valueRequired\":true,\"valueName\":\"search_term_string\"}}],\"inLanguage\":\"es\"},{\"@type\":\"Organization\",\"@id\":\"https:\/\/masquenoticias.mx\/#organization\",\"name\":\"M\u00e1s Que Noticias\",\"url\":\"https:\/\/masquenoticias.mx\/\",\"logo\":{\"@type\":\"ImageObject\",\"inLanguage\":\"es\",\"@id\":\"https:\/\/masquenoticias.mx\/#\/schema\/logo\/image\/\",\"url\":\"https:\/\/i0.wp.com\/masquenoticias.mx\/wp-content\/uploads\/2024\/04\/IMG_0004.png?fit=2560%2C1656&ssl=1\",\"contentUrl\":\"https:\/\/i0.wp.com\/masquenoticias.mx\/wp-content\/uploads\/2024\/04\/IMG_0004.png?fit=2560%2C1656&ssl=1\",\"width\":2560,\"height\":1656,\"caption\":\"M\u00e1s Que Noticias\"},\"image\":{\"@id\":\"https:\/\/masquenoticias.mx\/#\/schema\/logo\/image\/\"},\"sameAs\":[\"https:\/\/www.facebook.com\/masquenoticiascolima\",\"https:\/\/x.com\/edgartove\",\"https:\/\/www.instagram.com\/masquenoticiascolima\/\"]},{\"@type\":\"Person\",\"@id\":\"https:\/\/masquenoticias.mx\/#\/schema\/person\/6229637729ad377d24e2154e3b30720b\",\"name\":\"Redacci\u00f3n\",\"image\":{\"@type\":\"ImageObject\",\"inLanguage\":\"es\",\"@id\":\"https:\/\/masquenoticias.mx\/#\/schema\/person\/image\/\",\"url\":\"https:\/\/secure.gravatar.com\/avatar\/73899f6b3a3034eb6f719669835ca3a4?s=96&d=mm&r=g\",\"contentUrl\":\"https:\/\/secure.gravatar.com\/avatar\/73899f6b3a3034eb6f719669835ca3a4?s=96&d=mm&r=g\",\"caption\":\"Redacci\u00f3n\"},\"url\":\"https:\/\/masquenoticias.mx\/index.php\/author\/bunburytorresgmail-com\/\"}]}<\/script>\n<!-- \/ Yoast SEO plugin. -->","yoast_head_json":{"title":"Incode: regresa Cocoteros de Colima a la Liga Mexicana de Voleibol - M\u00e1s Que Noticias","robots":{"index":"index","follow":"follow","max-snippet":"max-snippet:-1","max-image-preview":"max-image-preview:large","max-video-preview":"max-video-preview:-1"},"canonical":"https:\/\/masquenoticias.mx\/index.php\/2023\/10\/04\/incode-regresa-cocoteros-de-colima-a-la-liga-mexicana-de-voleibol\/","og_locale":"es_MX","og_type":"article","og_title":"Incode: regresa Cocoteros de Colima a la Liga Mexicana de Voleibol - M\u00e1s Que Noticias","og_description":"El director general del Instituto Colimense del Deporte (Incode), Alejandro Rodr\u00edguez Alvarado, anunci\u00f3 en conferencia de prensa que el estado tendr\u00e1 eventos deportivos de voleibol a partir del 27 de octubre con la XV edici\u00f3n de la Copa Colima con equipos de diferentes estados del pa\u00eds, as\u00ed como el regreso del equipo Cocoteros a la [&hellip;]","og_url":"https:\/\/masquenoticias.mx\/index.php\/2023\/10\/04\/incode-regresa-cocoteros-de-colima-a-la-liga-mexicana-de-voleibol\/","og_site_name":"M\u00e1s Que Noticias","article_publisher":"https:\/\/www.facebook.com\/masquenoticiascolima","article_published_time":"2023-10-04T21:32:14+00:00","og_image":[{"width":1600,"height":1066,"url":"https:\/\/i0.wp.com\/masquenoticias.mx\/wp-content\/uploads\/2023\/10\/WhatsApp-Image-2023-10-04-at-14.22.00-jpeg.webp?fit=1600%2C1066&ssl=1","type":"image\/jpeg"}],"author":"Redacci\u00f3n","twitter_card":"summary_large_image","twitter_creator":"@edgartove","twitter_site":"@edgartove","twitter_misc":{"Escrito por":"Redacci\u00f3n","Tiempo de lectura":"2 minutos"},"schema":{"@context":"https:\/\/schema.org","@graph":[{"@type":"Article","@id":"https:\/\/masquenoticias.mx\/index.php\/2023\/10\/04\/incode-regresa-cocoteros-de-colima-a-la-liga-mexicana-de-voleibol\/#article","isPartOf":{"@id":"https:\/\/masquenoticias.mx\/index.php\/2023\/10\/04\/incode-regresa-cocoteros-de-colima-a-la-liga-mexicana-de-voleibol\/"},"author":{"name":"Redacci\u00f3n","@id":"https:\/\/masquenoticias.mx\/#\/schema\/person\/6229637729ad377d24e2154e3b30720b"},"headline":"Incode: regresa Cocoteros de Colima a la Liga Mexicana de Voleibol","datePublished":"2023-10-04T21:32:14+00:00","mainEntityOfPage":{"@id":"https:\/\/masquenoticias.mx\/index.php\/2023\/10\/04\/incode-regresa-cocoteros-de-colima-a-la-liga-mexicana-de-voleibol\/"},"wordCount":438,"commentCount":0,"publisher":{"@id":"https:\/\/masquenoticias.mx\/#organization"},"image":{"@id":"https:\/\/masquenoticias.mx\/index.php\/2023\/10\/04\/incode-regresa-cocoteros-de-colima-a-la-liga-mexicana-de-voleibol\/#primaryimage"},"thumbnailUrl":"https:\/\/i0.wp.com\/masquenoticias.mx\/wp-content\/uploads\/2023\/10\/WhatsApp-Image-2023-10-04-at-14.22.00-jpeg.webp?fit=1600%2C1066&ssl=1","keywords":["Deportes","Incode"],"articleSection":["Estado"],"inLanguage":"es","potentialAction":[{"@type":"CommentAction","name":"Comment","target":["https:\/\/masquenoticias.mx\/index.php\/2023\/10\/04\/incode-regresa-cocoteros-de-colima-a-la-liga-mexicana-de-voleibol\/#respond"]}]},{"@type":"WebPage","@id":"https:\/\/masquenoticias.mx\/index.php\/2023\/10\/04\/incode-regresa-cocoteros-de-colima-a-la-liga-mexicana-de-voleibol\/","url":"https:\/\/masquenoticias.mx\/index.php\/2023\/10\/04\/incode-regresa-cocoteros-de-colima-a-la-liga-mexicana-de-voleibol\/","name":"Incode: regresa Cocoteros de Colima a la Liga Mexicana de Voleibol - M\u00e1s Que Noticias","isPartOf":{"@id":"https:\/\/masquenoticias.mx\/#website"},"primaryImageOfPage":{"@id":"https:\/\/masquenoticias.mx\/index.php\/2023\/10\/04\/incode-regresa-cocoteros-de-colima-a-la-liga-mexicana-de-voleibol\/#primaryimage"},"image":{"@id":"https:\/\/masquenoticias.mx\/index.php\/2023\/10\/04\/incode-regresa-cocoteros-de-colima-a-la-liga-mexicana-de-voleibol\/#primaryimage"},"thumbnailUrl":"https:\/\/i0.wp.com\/masquenoticias.mx\/wp-content\/uploads\/2023\/10\/WhatsApp-Image-2023-10-04-at-14.22.00-jpeg.webp?fit=1600%2C1066&ssl=1","datePublished":"2023-10-04T21:32:14+00:00","breadcrumb":{"@id":"https:\/\/masquenoticias.mx\/index.php\/2023\/10\/04\/incode-regresa-cocoteros-de-colima-a-la-liga-mexicana-de-voleibol\/#breadcrumb"},"inLanguage":"es","potentialAction":[{"@type":"ReadAction","target":["https:\/\/masquenoticias.mx\/index.php\/2023\/10\/04\/incode-regresa-cocoteros-de-colima-a-la-liga-mexicana-de-voleibol\/"]}]},{"@type":"ImageObject","inLanguage":"es","@id":"https:\/\/masquenoticias.mx\/index.php\/2023\/10\/04\/incode-regresa-cocoteros-de-colima-a-la-liga-mexicana-de-voleibol\/#primaryimage","url":"https:\/\/i0.wp.com\/masquenoticias.mx\/wp-content\/uploads\/2023\/10\/WhatsApp-Image-2023-10-04-at-14.22.00-jpeg.webp?fit=1600%2C1066&ssl=1","contentUrl":"https:\/\/i0.wp.com\/masquenoticias.mx\/wp-content\/uploads\/2023\/10\/WhatsApp-Image-2023-10-04-at-14.22.00-jpeg.webp?fit=1600%2C1066&ssl=1","width":1600,"height":1066},{"@type":"BreadcrumbList","@id":"https:\/\/masquenoticias.mx\/index.php\/2023\/10\/04\/incode-regresa-cocoteros-de-colima-a-la-liga-mexicana-de-voleibol\/#breadcrumb","itemListElement":[{"@type":"ListItem","position":1,"name":"Inicio","item":"https:\/\/masquenoticias.mx\/"},{"@type":"ListItem","position":2,"name":"Incode: regresa Cocoteros de Colima a la Liga Mexicana de Voleibol"}]},{"@type":"WebSite","@id":"https:\/\/masquenoticias.mx\/#website","url":"https:\/\/masquenoticias.mx\/","name":"M\u00e1s Que Noticias","description":"Noticias de Colima, M\u00e9xico y el Mundo","publisher":{"@id":"https:\/\/masquenoticias.mx\/#organization"},"potentialAction":[{"@type":"SearchAction","target":{"@type":"EntryPoint","urlTemplate":"https:\/\/masquenoticias.mx\/?s={search_term_string}"},"query-input":{"@type":"PropertyValueSpecification","valueRequired":true,"valueName":"search_term_string"}}],"inLanguage":"es"},{"@type":"Organization","@id":"https:\/\/masquenoticias.mx\/#organization","name":"M\u00e1s Que Noticias","url":"https:\/\/masquenoticias.mx\/","logo":{"@type":"ImageObject","inLanguage":"es","@id":"https:\/\/masquenoticias.mx\/#\/schema\/logo\/image\/","url":"https:\/\/i0.wp.com\/masquenoticias.mx\/wp-content\/uploads\/2024\/04\/IMG_0004.png?fit=2560%2C1656&ssl=1","contentUrl":"https:\/\/i0.wp.com\/masquenoticias.mx\/wp-content\/uploads\/2024\/04\/IMG_0004.png?fit=2560%2C1656&ssl=1","width":2560,"height":1656,"caption":"M\u00e1s Que Noticias"},"image":{"@id":"https:\/\/masquenoticias.mx\/#\/schema\/logo\/image\/"},"sameAs":["https:\/\/www.facebook.com\/masquenoticiascolima","https:\/\/x.com\/edgartove","https:\/\/www.instagram.com\/masquenoticiascolima\/"]},{"@type":"Person","@id":"https:\/\/masquenoticias.mx\/#\/schema\/person\/6229637729ad377d24e2154e3b30720b","name":"Redacci\u00f3n","image":{"@type":"ImageObject","inLanguage":"es","@id":"https:\/\/masquenoticias.mx\/#\/schema\/person\/image\/","url":"https:\/\/secure.gravatar.com\/avatar\/73899f6b3a3034eb6f719669835ca3a4?s=96&d=mm&r=g","contentUrl":"https:\/\/secure.gravatar.com\/avatar\/73899f6b3a3034eb6f719669835ca3a4?s=96&d=mm&r=g","caption":"Redacci\u00f3n"},"url":"https:\/\/masquenoticias.mx\/index.php\/author\/bunburytorresgmail-com\/"}]}},"jetpack_featured_media_url":"https:\/\/i0.wp.com\/masquenoticias.mx\/wp-content\/uploads\/2023\/10\/WhatsApp-Image-2023-10-04-at-14.22.00-jpeg.webp?fit=1600%2C1066&ssl=1","blog_post_layout_featured_media_urls":{"thumbnail":["https:\/\/i0.wp.com\/masquenoticias.mx\/wp-content\/uploads\/2023\/10\/WhatsApp-Image-2023-10-04-at-14.22.00-jpeg.webp?resize=150%2C150&ssl=1",150,150,true],"full":["https:\/\/i0.wp.com\/masquenoticias.mx\/wp-content\/uploads\/2023\/10\/WhatsApp-Image-2023-10-04-at-14.22.00-jpeg.webp?fit=1600%2C1066&ssl=1",1600,1066,false]},"categories_names":{"24":{"name":"Estado","link":"https:\/\/masquenoticias.mx\/index.php\/category\/estado\/"}},"tags_names":{"95":{"name":"Deportes","link":"https:\/\/masquenoticias.mx\/index.php\/tag\/deportes\/"},"83":{"name":"Incode","link":"https:\/\/masquenoticias.mx\/index.php\/tag\/incode\/"}},"comments_number":"0","wpmagazine_modules_lite_featured_media_urls":{"thumbnail":["https:\/\/i0.wp.com\/masquenoticias.mx\/wp-content\/uploads\/2023\/10\/WhatsApp-Image-2023-10-04-at-14.22.00-jpeg.webp?resize=150%2C150&ssl=1",150,150,true],"cvmm-medium":["https:\/\/i0.wp.com\/masquenoticias.mx\/wp-content\/uploads\/2023\/10\/WhatsApp-Image-2023-10-04-at-14.22.00-jpeg.webp?resize=300%2C300&ssl=1",300,300,true],"cvmm-medium-plus":["https:\/\/i0.wp.com\/masquenoticias.mx\/wp-content\/uploads\/2023\/10\/WhatsApp-Image-2023-10-04-at-14.22.00-jpeg.webp?resize=305%2C207&ssl=1",305,207,true],"cvmm-portrait":["https:\/\/i0.wp.com\/masquenoticias.mx\/wp-content\/uploads\/2023\/10\/WhatsApp-Image-2023-10-04-at-14.22.00-jpeg.webp?resize=400%2C600&ssl=1",400,600,true],"cvmm-medium-square":["https:\/\/i0.wp.com\/masquenoticias.mx\/wp-content\/uploads\/2023\/10\/WhatsApp-Image-2023-10-04-at-14.22.00-jpeg.webp?resize=600%2C600&ssl=1",600,600,true],"cvmm-large":["https:\/\/i0.wp.com\/masquenoticias.mx\/wp-content\/uploads\/2023\/10\/WhatsApp-Image-2023-10-04-at-14.22.00-jpeg.webp?resize=1024%2C1024&ssl=1",1024,1024,true],"cvmm-small":["https:\/\/i0.wp.com\/masquenoticias.mx\/wp-content\/uploads\/2023\/10\/WhatsApp-Image-2023-10-04-at-14.22.00-jpeg.webp?resize=130%2C95&ssl=1",130,95,true],"full":["https:\/\/i0.wp.com\/masquenoticias.mx\/wp-content\/uploads\/2023\/10\/WhatsApp-Image-2023-10-04-at-14.22.00-jpeg.webp?fit=1600%2C1066&ssl=1",1600,1066,false]},"jetpack-related-posts":[],"jetpack_sharing_enabled":true,"jetpack_likes_enabled":true,"jetpack_shortlink":"https:\/\/wp.me\/pf7pkt-Mp","_links":{"self":[{"href":"https:\/\/masquenoticias.mx\/index.php\/wp-json\/wp\/v2\/posts\/3001","targetHints":{"allow":["GET"]}}],"collection":[{"href":"https:\/\/masquenoticias.mx\/index.php\/wp-json\/wp\/v2\/posts"}],"about":[{"href":"https:\/\/masquenoticias.mx\/index.php\/wp-json\/wp\/v2\/types\/post"}],"author":[{"embeddable":true,"href":"https:\/\/masquenoticias.mx\/index.php\/wp-json\/wp\/v2\/users\/2"}],"replies":[{"embeddable":true,"href":"https:\/\/masquenoticias.mx\/index.php\/wp-json\/wp\/v2\/comments?post=3001"}],"version-history":[{"count":0,"href":"https:\/\/masquenoticias.mx\/index.php\/wp-json\/wp\/v2\/posts\/3001\/revisions"}],"wp:featuredmedia":[{"embeddable":true,"href":"https:\/\/masquenoticias.mx\/index.php\/wp-json\/wp\/v2\/media\/3002"}],"wp:attachment":[{"href":"https:\/\/masquenoticias.mx\/index.php\/wp-json\/wp\/v2\/media?parent=3001"}],"wp:term":[{"taxonomy":"category","embeddable":true,"href":"https:\/\/masquenoticias.mx\/index.php\/wp-json\/wp\/v2\/categories?post=3001"},{"taxonomy":"post_tag","embeddable":true,"href":"https:\/\/masquenoticias.mx\/index.php\/wp-json\/wp\/v2\/tags?post=3001"}],"curies":[{"name":"wp","href":"https:\/\/api.w.org\/{rel}","templated":true}]}}