{"id":2752,"date":"2023-09-28T21:52:27","date_gmt":"2023-09-29T03:52:27","guid":{"rendered":"https:\/\/masquenoticias.mx\/?p=2752"},"modified":"2023-09-28T21:52:27","modified_gmt":"2023-09-29T03:52:27","slug":"sfp-y-contraloria-de-colima-acuerdan-impulsar-rendicion-de-cuentas-y-mejora-de-la-gestion-gubernamental","status":"publish","type":"post","link":"https:\/\/masquenoticias.mx\/index.php\/2023\/09\/28\/sfp-y-contraloria-de-colima-acuerdan-impulsar-rendicion-de-cuentas-y-mejora-de-la-gestion-gubernamental\/","title":{"rendered":"SFP y Contralor\u00eda de Colima acuerdan impulsar rendici\u00f3n de cuentas y mejora de la gesti\u00f3n gubernamental"},"content":{"rendered":"<p>La Secretar\u00eda de la Funci\u00f3n P\u00fablica (SFP) del Gobierno de M\u00e9xico y la Contralor\u00eda General de Colima firmaron un convenio de colaboraci\u00f3n para que la entidad estatal, mediante tres plataformas inform\u00e1ticas, fortalezca el control interno de la gesti\u00f3n gubernamental, prevenga riesgos en el uso de recursos p\u00fablicos y revise la evoluci\u00f3n patrimonial de personas servidoras p\u00fablicas.<\/p>\n<p>El convenio fue signado por el titular de la SFP, Roberto Salcedo Aquino, y la contralora general de Colima, Isela Guadalupe Uribe Alvarado, y establece que se permitir\u00e1 al ente estatal el uso de tres sistemas desarrollados por la SFP: Integral de Evoluci\u00f3n Patrimonial; de Control Interno; y de Omisos y Extempor\u00e1neos en la Presentaci\u00f3n de la Declaraci\u00f3n Patrimonial.<\/p>\n<p>El Sistema Integral de Evoluci\u00f3n Patrimonial permitir\u00e1 prevenir y combatir il\u00edcitos relacionados con abuso y sustracci\u00f3n de fondos; el de Control Interno apoyar\u00e1 en la identificaci\u00f3n y administraci\u00f3n de riesgos, y el de Omisos y Extempor\u00e1neos posibilitar\u00e1 arraigar la integridad en el ejercicio de la funci\u00f3n p\u00fablica, de acuerdo a la Ley General de Responsabilidades Administrativas.<\/p>\n<p>Roberto Salcedo Aquino, expres\u00f3 que, como \u00f3rganos internos de control, \u201ctenemos que controlar que la ejecuci\u00f3n del presupuesto se realice correctamente, con eficacia, tiempo y probidad; que pongan controles donde tenemos riesgos, para que las cosas no sucedan o sucedan mal\u201d.<\/p>\n<p>Isela Guadalupe Uribe Alvarado, agradeci\u00f3 la oportunidad de fortalecer a la CGE para que siga velando por el uso \u00edntegro y correcto de recursos p\u00fablicos de manera m\u00e1s eficiente, a trav\u00e9s de estos sistemas electr\u00f3nicos, que marcar\u00e1n un antes y un despu\u00e9s en el logro y consecuci\u00f3n de metas, as\u00ed como en la obtenci\u00f3n de informaci\u00f3n \u00fatil y de calidad para la toma de decisiones\u201d.<\/p>\n<p>Con el convenio, la contralor\u00eda estatal compartir\u00e1 las mejoras tecnol\u00f3gicas que realice a los sistemas y la SFP coadyuvar\u00e1 con capacitaci\u00f3n y asesor\u00eda en materia metodol\u00f3gica y t\u00e9cnica para el uso de las plataformas compartidas. Este instrumento se suscribe en el marco del Sistema Nacional de Fiscalizaci\u00f3n y en t\u00e9rminos de priorizar la prevenci\u00f3n de hechos de corrupci\u00f3n.<\/p>\n","protected":false},"excerpt":{"rendered":"<p>La Secretar\u00eda de la Funci\u00f3n P\u00fablica (SFP) del Gobierno de M\u00e9xico y la Contralor\u00eda General de Colima firmaron un convenio de colaboraci\u00f3n para que la entidad estatal, mediante tres plataformas inform\u00e1ticas, fortalezca el control interno de la gesti\u00f3n gubernamental, prevenga riesgos en el uso de recursos p\u00fablicos y revise la evoluci\u00f3n patrimonial de personas servidoras [&hellip;]<\/p>\n","protected":false},"author":1,"featured_media":2753,"comment_status":"open","ping_status":"open","sticky":false,"template":"","format":"standard","meta":{"_jetpack_memberships_contains_paid_content":false,"footnotes":""},"categories":[24],"tags":[255],"class_list":["post-2752","post","type-post","status-publish","format-standard","has-post-thumbnail","hentry","category-estado","tag-contraloria"],"yoast_head":"<!-- This site is optimized with the Yoast SEO plugin v26.6 - https:\/\/yoast.com\/wordpress\/plugins\/seo\/ -->\n<title>SFP y Contralor\u00eda de Colima acuerdan impulsar rendici\u00f3n de cuentas y mejora de la gesti\u00f3n gubernamental - M\u00e1s Que Noticias<\/title>\n<meta name=\"robots\" content=\"index, follow, max-snippet:-1, max-image-preview:large, max-video-preview:-1\" \/>\n<link rel=\"canonical\" href=\"https:\/\/masquenoticias.mx\/index.php\/2023\/09\/28\/sfp-y-contraloria-de-colima-acuerdan-impulsar-rendicion-de-cuentas-y-mejora-de-la-gestion-gubernamental\/\" \/>\n<meta property=\"og:locale\" content=\"es_MX\" \/>\n<meta property=\"og:type\" content=\"article\" \/>\n<meta property=\"og:title\" content=\"SFP y Contralor\u00eda de Colima acuerdan impulsar rendici\u00f3n de cuentas y mejora de la gesti\u00f3n gubernamental - M\u00e1s Que Noticias\" \/>\n<meta property=\"og:description\" content=\"La Secretar\u00eda de la Funci\u00f3n P\u00fablica (SFP) del Gobierno de M\u00e9xico y la Contralor\u00eda General de Colima firmaron un convenio de colaboraci\u00f3n para que la entidad estatal, mediante tres plataformas inform\u00e1ticas, fortalezca el control interno de la gesti\u00f3n gubernamental, prevenga riesgos en el uso de recursos p\u00fablicos y revise la evoluci\u00f3n patrimonial de personas servidoras [&hellip;]\" \/>\n<meta property=\"og:url\" content=\"https:\/\/masquenoticias.mx\/index.php\/2023\/09\/28\/sfp-y-contraloria-de-colima-acuerdan-impulsar-rendicion-de-cuentas-y-mejora-de-la-gestion-gubernamental\/\" \/>\n<meta property=\"og:site_name\" content=\"M\u00e1s Que Noticias\" \/>\n<meta property=\"article:publisher\" content=\"https:\/\/www.facebook.com\/masquenoticiascolima\" \/>\n<meta property=\"article:published_time\" content=\"2023-09-29T03:52:27+00:00\" \/>\n<meta property=\"og:image\" content=\"https:\/\/i0.wp.com\/masquenoticias.mx\/wp-content\/uploads\/2023\/09\/WhatsApp-Image-2023-09-28-at-7.36.22-PM-1-jpeg.webp?fit=1600%2C1073&ssl=1\" \/>\n\t<meta property=\"og:image:width\" content=\"1600\" \/>\n\t<meta property=\"og:image:height\" content=\"1073\" \/>\n\t<meta property=\"og:image:type\" content=\"image\/jpeg\" \/>\n<meta name=\"author\" content=\"Redacci\u00f3n\" \/>\n<meta name=\"twitter:card\" content=\"summary_large_image\" \/>\n<meta name=\"twitter:creator\" content=\"@edgartove\" \/>\n<meta name=\"twitter:site\" content=\"@edgartove\" \/>\n<meta name=\"twitter:label1\" content=\"Escrito por\" \/>\n\t<meta name=\"twitter:data1\" content=\"Redacci\u00f3n\" \/>\n\t<meta name=\"twitter:label2\" content=\"Tiempo de lectura\" \/>\n\t<meta name=\"twitter:data2\" content=\"2 minutos\" \/>\n<script type=\"application\/ld+json\" class=\"yoast-schema-graph\">{\"@context\":\"https:\/\/schema.org\",\"@graph\":[{\"@type\":\"Article\",\"@id\":\"https:\/\/masquenoticias.mx\/index.php\/2023\/09\/28\/sfp-y-contraloria-de-colima-acuerdan-impulsar-rendicion-de-cuentas-y-mejora-de-la-gestion-gubernamental\/#article\",\"isPartOf\":{\"@id\":\"https:\/\/masquenoticias.mx\/index.php\/2023\/09\/28\/sfp-y-contraloria-de-colima-acuerdan-impulsar-rendicion-de-cuentas-y-mejora-de-la-gestion-gubernamental\/\"},\"author\":{\"name\":\"Redacci\u00f3n\",\"@id\":\"https:\/\/masquenoticias.mx\/#\/schema\/person\/544d19989ef23d34615f691f7a96e622\"},\"headline\":\"SFP y Contralor\u00eda de Colima acuerdan impulsar rendici\u00f3n de cuentas y mejora de la gesti\u00f3n gubernamental\",\"datePublished\":\"2023-09-29T03:52:27+00:00\",\"mainEntityOfPage\":{\"@id\":\"https:\/\/masquenoticias.mx\/index.php\/2023\/09\/28\/sfp-y-contraloria-de-colima-acuerdan-impulsar-rendicion-de-cuentas-y-mejora-de-la-gestion-gubernamental\/\"},\"wordCount\":397,\"commentCount\":0,\"publisher\":{\"@id\":\"https:\/\/masquenoticias.mx\/#organization\"},\"image\":{\"@id\":\"https:\/\/masquenoticias.mx\/index.php\/2023\/09\/28\/sfp-y-contraloria-de-colima-acuerdan-impulsar-rendicion-de-cuentas-y-mejora-de-la-gestion-gubernamental\/#primaryimage\"},\"thumbnailUrl\":\"https:\/\/i0.wp.com\/masquenoticias.mx\/wp-content\/uploads\/2023\/09\/WhatsApp-Image-2023-09-28-at-7.36.22-PM-1-jpeg.webp?fit=1600%2C1073&ssl=1\",\"keywords\":[\"Contralor\u00eda\"],\"articleSection\":[\"Estado\"],\"inLanguage\":\"es\",\"potentialAction\":[{\"@type\":\"CommentAction\",\"name\":\"Comment\",\"target\":[\"https:\/\/masquenoticias.mx\/index.php\/2023\/09\/28\/sfp-y-contraloria-de-colima-acuerdan-impulsar-rendicion-de-cuentas-y-mejora-de-la-gestion-gubernamental\/#respond\"]}]},{\"@type\":\"WebPage\",\"@id\":\"https:\/\/masquenoticias.mx\/index.php\/2023\/09\/28\/sfp-y-contraloria-de-colima-acuerdan-impulsar-rendicion-de-cuentas-y-mejora-de-la-gestion-gubernamental\/\",\"url\":\"https:\/\/masquenoticias.mx\/index.php\/2023\/09\/28\/sfp-y-contraloria-de-colima-acuerdan-impulsar-rendicion-de-cuentas-y-mejora-de-la-gestion-gubernamental\/\",\"name\":\"SFP y Contralor\u00eda de Colima acuerdan impulsar rendici\u00f3n de cuentas y mejora de la gesti\u00f3n gubernamental - M\u00e1s Que Noticias\",\"isPartOf\":{\"@id\":\"https:\/\/masquenoticias.mx\/#website\"},\"primaryImageOfPage\":{\"@id\":\"https:\/\/masquenoticias.mx\/index.php\/2023\/09\/28\/sfp-y-contraloria-de-colima-acuerdan-impulsar-rendicion-de-cuentas-y-mejora-de-la-gestion-gubernamental\/#primaryimage\"},\"image\":{\"@id\":\"https:\/\/masquenoticias.mx\/index.php\/2023\/09\/28\/sfp-y-contraloria-de-colima-acuerdan-impulsar-rendicion-de-cuentas-y-mejora-de-la-gestion-gubernamental\/#primaryimage\"},\"thumbnailUrl\":\"https:\/\/i0.wp.com\/masquenoticias.mx\/wp-content\/uploads\/2023\/09\/WhatsApp-Image-2023-09-28-at-7.36.22-PM-1-jpeg.webp?fit=1600%2C1073&ssl=1\",\"datePublished\":\"2023-09-29T03:52:27+00:00\",\"breadcrumb\":{\"@id\":\"https:\/\/masquenoticias.mx\/index.php\/2023\/09\/28\/sfp-y-contraloria-de-colima-acuerdan-impulsar-rendicion-de-cuentas-y-mejora-de-la-gestion-gubernamental\/#breadcrumb\"},\"inLanguage\":\"es\",\"potentialAction\":[{\"@type\":\"ReadAction\",\"target\":[\"https:\/\/masquenoticias.mx\/index.php\/2023\/09\/28\/sfp-y-contraloria-de-colima-acuerdan-impulsar-rendicion-de-cuentas-y-mejora-de-la-gestion-gubernamental\/\"]}]},{\"@type\":\"ImageObject\",\"inLanguage\":\"es\",\"@id\":\"https:\/\/masquenoticias.mx\/index.php\/2023\/09\/28\/sfp-y-contraloria-de-colima-acuerdan-impulsar-rendicion-de-cuentas-y-mejora-de-la-gestion-gubernamental\/#primaryimage\",\"url\":\"https:\/\/i0.wp.com\/masquenoticias.mx\/wp-content\/uploads\/2023\/09\/WhatsApp-Image-2023-09-28-at-7.36.22-PM-1-jpeg.webp?fit=1600%2C1073&ssl=1\",\"contentUrl\":\"https:\/\/i0.wp.com\/masquenoticias.mx\/wp-content\/uploads\/2023\/09\/WhatsApp-Image-2023-09-28-at-7.36.22-PM-1-jpeg.webp?fit=1600%2C1073&ssl=1\",\"width\":1600,\"height\":1073},{\"@type\":\"BreadcrumbList\",\"@id\":\"https:\/\/masquenoticias.mx\/index.php\/2023\/09\/28\/sfp-y-contraloria-de-colima-acuerdan-impulsar-rendicion-de-cuentas-y-mejora-de-la-gestion-gubernamental\/#breadcrumb\",\"itemListElement\":[{\"@type\":\"ListItem\",\"position\":1,\"name\":\"Inicio\",\"item\":\"https:\/\/masquenoticias.mx\/\"},{\"@type\":\"ListItem\",\"position\":2,\"name\":\"SFP y Contralor\u00eda de Colima acuerdan impulsar rendici\u00f3n de cuentas y mejora de la gesti\u00f3n gubernamental\"}]},{\"@type\":\"WebSite\",\"@id\":\"https:\/\/masquenoticias.mx\/#website\",\"url\":\"https:\/\/masquenoticias.mx\/\",\"name\":\"M\u00e1s Que Noticias\",\"description\":\"Noticias de Colima, M\u00e9xico y el Mundo\",\"publisher\":{\"@id\":\"https:\/\/masquenoticias.mx\/#organization\"},\"potentialAction\":[{\"@type\":\"SearchAction\",\"target\":{\"@type\":\"EntryPoint\",\"urlTemplate\":\"https:\/\/masquenoticias.mx\/?s={search_term_string}\"},\"query-input\":{\"@type\":\"PropertyValueSpecification\",\"valueRequired\":true,\"valueName\":\"search_term_string\"}}],\"inLanguage\":\"es\"},{\"@type\":\"Organization\",\"@id\":\"https:\/\/masquenoticias.mx\/#organization\",\"name\":\"M\u00e1s Que Noticias\",\"url\":\"https:\/\/masquenoticias.mx\/\",\"logo\":{\"@type\":\"ImageObject\",\"inLanguage\":\"es\",\"@id\":\"https:\/\/masquenoticias.mx\/#\/schema\/logo\/image\/\",\"url\":\"https:\/\/i0.wp.com\/masquenoticias.mx\/wp-content\/uploads\/2024\/04\/IMG_0004.png?fit=2560%2C1656&ssl=1\",\"contentUrl\":\"https:\/\/i0.wp.com\/masquenoticias.mx\/wp-content\/uploads\/2024\/04\/IMG_0004.png?fit=2560%2C1656&ssl=1\",\"width\":2560,\"height\":1656,\"caption\":\"M\u00e1s Que Noticias\"},\"image\":{\"@id\":\"https:\/\/masquenoticias.mx\/#\/schema\/logo\/image\/\"},\"sameAs\":[\"https:\/\/www.facebook.com\/masquenoticiascolima\",\"https:\/\/x.com\/edgartove\",\"https:\/\/www.instagram.com\/masquenoticiascolima\/\"]},{\"@type\":\"Person\",\"@id\":\"https:\/\/masquenoticias.mx\/#\/schema\/person\/544d19989ef23d34615f691f7a96e622\",\"name\":\"Redacci\u00f3n\",\"image\":{\"@type\":\"ImageObject\",\"inLanguage\":\"es\",\"@id\":\"https:\/\/masquenoticias.mx\/#\/schema\/person\/image\/\",\"url\":\"https:\/\/secure.gravatar.com\/avatar\/7fcc926d5b058d3f3d52d95b4d05dd58?s=96&d=mm&r=g\",\"contentUrl\":\"https:\/\/secure.gravatar.com\/avatar\/7fcc926d5b058d3f3d52d95b4d05dd58?s=96&d=mm&r=g\",\"caption\":\"Redacci\u00f3n\"},\"sameAs\":[\"http:\/\/masquenoticias.mx\"],\"url\":\"https:\/\/masquenoticias.mx\/index.php\/author\/edgartovegmail-com\/\"}]}<\/script>\n<!-- \/ Yoast SEO plugin. -->","yoast_head_json":{"title":"SFP y Contralor\u00eda de Colima acuerdan impulsar rendici\u00f3n de cuentas y mejora de la gesti\u00f3n gubernamental - M\u00e1s Que Noticias","robots":{"index":"index","follow":"follow","max-snippet":"max-snippet:-1","max-image-preview":"max-image-preview:large","max-video-preview":"max-video-preview:-1"},"canonical":"https:\/\/masquenoticias.mx\/index.php\/2023\/09\/28\/sfp-y-contraloria-de-colima-acuerdan-impulsar-rendicion-de-cuentas-y-mejora-de-la-gestion-gubernamental\/","og_locale":"es_MX","og_type":"article","og_title":"SFP y Contralor\u00eda de Colima acuerdan impulsar rendici\u00f3n de cuentas y mejora de la gesti\u00f3n gubernamental - M\u00e1s Que Noticias","og_description":"La Secretar\u00eda de la Funci\u00f3n P\u00fablica (SFP) del Gobierno de M\u00e9xico y la Contralor\u00eda General de Colima firmaron un convenio de colaboraci\u00f3n para que la entidad estatal, mediante tres plataformas inform\u00e1ticas, fortalezca el control interno de la gesti\u00f3n gubernamental, prevenga riesgos en el uso de recursos p\u00fablicos y revise la evoluci\u00f3n patrimonial de personas servidoras [&hellip;]","og_url":"https:\/\/masquenoticias.mx\/index.php\/2023\/09\/28\/sfp-y-contraloria-de-colima-acuerdan-impulsar-rendicion-de-cuentas-y-mejora-de-la-gestion-gubernamental\/","og_site_name":"M\u00e1s Que Noticias","article_publisher":"https:\/\/www.facebook.com\/masquenoticiascolima","article_published_time":"2023-09-29T03:52:27+00:00","og_image":[{"width":1600,"height":1073,"url":"https:\/\/i0.wp.com\/masquenoticias.mx\/wp-content\/uploads\/2023\/09\/WhatsApp-Image-2023-09-28-at-7.36.22-PM-1-jpeg.webp?fit=1600%2C1073&ssl=1","type":"image\/jpeg"}],"author":"Redacci\u00f3n","twitter_card":"summary_large_image","twitter_creator":"@edgartove","twitter_site":"@edgartove","twitter_misc":{"Escrito por":"Redacci\u00f3n","Tiempo de lectura":"2 minutos"},"schema":{"@context":"https:\/\/schema.org","@graph":[{"@type":"Article","@id":"https:\/\/masquenoticias.mx\/index.php\/2023\/09\/28\/sfp-y-contraloria-de-colima-acuerdan-impulsar-rendicion-de-cuentas-y-mejora-de-la-gestion-gubernamental\/#article","isPartOf":{"@id":"https:\/\/masquenoticias.mx\/index.php\/2023\/09\/28\/sfp-y-contraloria-de-colima-acuerdan-impulsar-rendicion-de-cuentas-y-mejora-de-la-gestion-gubernamental\/"},"author":{"name":"Redacci\u00f3n","@id":"https:\/\/masquenoticias.mx\/#\/schema\/person\/544d19989ef23d34615f691f7a96e622"},"headline":"SFP y Contralor\u00eda de Colima acuerdan impulsar rendici\u00f3n de cuentas y mejora de la gesti\u00f3n gubernamental","datePublished":"2023-09-29T03:52:27+00:00","mainEntityOfPage":{"@id":"https:\/\/masquenoticias.mx\/index.php\/2023\/09\/28\/sfp-y-contraloria-de-colima-acuerdan-impulsar-rendicion-de-cuentas-y-mejora-de-la-gestion-gubernamental\/"},"wordCount":397,"commentCount":0,"publisher":{"@id":"https:\/\/masquenoticias.mx\/#organization"},"image":{"@id":"https:\/\/masquenoticias.mx\/index.php\/2023\/09\/28\/sfp-y-contraloria-de-colima-acuerdan-impulsar-rendicion-de-cuentas-y-mejora-de-la-gestion-gubernamental\/#primaryimage"},"thumbnailUrl":"https:\/\/i0.wp.com\/masquenoticias.mx\/wp-content\/uploads\/2023\/09\/WhatsApp-Image-2023-09-28-at-7.36.22-PM-1-jpeg.webp?fit=1600%2C1073&ssl=1","keywords":["Contralor\u00eda"],"articleSection":["Estado"],"inLanguage":"es","potentialAction":[{"@type":"CommentAction","name":"Comment","target":["https:\/\/masquenoticias.mx\/index.php\/2023\/09\/28\/sfp-y-contraloria-de-colima-acuerdan-impulsar-rendicion-de-cuentas-y-mejora-de-la-gestion-gubernamental\/#respond"]}]},{"@type":"WebPage","@id":"https:\/\/masquenoticias.mx\/index.php\/2023\/09\/28\/sfp-y-contraloria-de-colima-acuerdan-impulsar-rendicion-de-cuentas-y-mejora-de-la-gestion-gubernamental\/","url":"https:\/\/masquenoticias.mx\/index.php\/2023\/09\/28\/sfp-y-contraloria-de-colima-acuerdan-impulsar-rendicion-de-cuentas-y-mejora-de-la-gestion-gubernamental\/","name":"SFP y Contralor\u00eda de Colima acuerdan impulsar rendici\u00f3n de cuentas y mejora de la gesti\u00f3n gubernamental - M\u00e1s Que Noticias","isPartOf":{"@id":"https:\/\/masquenoticias.mx\/#website"},"primaryImageOfPage":{"@id":"https:\/\/masquenoticias.mx\/index.php\/2023\/09\/28\/sfp-y-contraloria-de-colima-acuerdan-impulsar-rendicion-de-cuentas-y-mejora-de-la-gestion-gubernamental\/#primaryimage"},"image":{"@id":"https:\/\/masquenoticias.mx\/index.php\/2023\/09\/28\/sfp-y-contraloria-de-colima-acuerdan-impulsar-rendicion-de-cuentas-y-mejora-de-la-gestion-gubernamental\/#primaryimage"},"thumbnailUrl":"https:\/\/i0.wp.com\/masquenoticias.mx\/wp-content\/uploads\/2023\/09\/WhatsApp-Image-2023-09-28-at-7.36.22-PM-1-jpeg.webp?fit=1600%2C1073&ssl=1","datePublished":"2023-09-29T03:52:27+00:00","breadcrumb":{"@id":"https:\/\/masquenoticias.mx\/index.php\/2023\/09\/28\/sfp-y-contraloria-de-colima-acuerdan-impulsar-rendicion-de-cuentas-y-mejora-de-la-gestion-gubernamental\/#breadcrumb"},"inLanguage":"es","potentialAction":[{"@type":"ReadAction","target":["https:\/\/masquenoticias.mx\/index.php\/2023\/09\/28\/sfp-y-contraloria-de-colima-acuerdan-impulsar-rendicion-de-cuentas-y-mejora-de-la-gestion-gubernamental\/"]}]},{"@type":"ImageObject","inLanguage":"es","@id":"https:\/\/masquenoticias.mx\/index.php\/2023\/09\/28\/sfp-y-contraloria-de-colima-acuerdan-impulsar-rendicion-de-cuentas-y-mejora-de-la-gestion-gubernamental\/#primaryimage","url":"https:\/\/i0.wp.com\/masquenoticias.mx\/wp-content\/uploads\/2023\/09\/WhatsApp-Image-2023-09-28-at-7.36.22-PM-1-jpeg.webp?fit=1600%2C1073&ssl=1","contentUrl":"https:\/\/i0.wp.com\/masquenoticias.mx\/wp-content\/uploads\/2023\/09\/WhatsApp-Image-2023-09-28-at-7.36.22-PM-1-jpeg.webp?fit=1600%2C1073&ssl=1","width":1600,"height":1073},{"@type":"BreadcrumbList","@id":"https:\/\/masquenoticias.mx\/index.php\/2023\/09\/28\/sfp-y-contraloria-de-colima-acuerdan-impulsar-rendicion-de-cuentas-y-mejora-de-la-gestion-gubernamental\/#breadcrumb","itemListElement":[{"@type":"ListItem","position":1,"name":"Inicio","item":"https:\/\/masquenoticias.mx\/"},{"@type":"ListItem","position":2,"name":"SFP y Contralor\u00eda de Colima acuerdan impulsar rendici\u00f3n de cuentas y mejora de la gesti\u00f3n gubernamental"}]},{"@type":"WebSite","@id":"https:\/\/masquenoticias.mx\/#website","url":"https:\/\/masquenoticias.mx\/","name":"M\u00e1s Que Noticias","description":"Noticias de Colima, M\u00e9xico y el Mundo","publisher":{"@id":"https:\/\/masquenoticias.mx\/#organization"},"potentialAction":[{"@type":"SearchAction","target":{"@type":"EntryPoint","urlTemplate":"https:\/\/masquenoticias.mx\/?s={search_term_string}"},"query-input":{"@type":"PropertyValueSpecification","valueRequired":true,"valueName":"search_term_string"}}],"inLanguage":"es"},{"@type":"Organization","@id":"https:\/\/masquenoticias.mx\/#organization","name":"M\u00e1s Que Noticias","url":"https:\/\/masquenoticias.mx\/","logo":{"@type":"ImageObject","inLanguage":"es","@id":"https:\/\/masquenoticias.mx\/#\/schema\/logo\/image\/","url":"https:\/\/i0.wp.com\/masquenoticias.mx\/wp-content\/uploads\/2024\/04\/IMG_0004.png?fit=2560%2C1656&ssl=1","contentUrl":"https:\/\/i0.wp.com\/masquenoticias.mx\/wp-content\/uploads\/2024\/04\/IMG_0004.png?fit=2560%2C1656&ssl=1","width":2560,"height":1656,"caption":"M\u00e1s Que Noticias"},"image":{"@id":"https:\/\/masquenoticias.mx\/#\/schema\/logo\/image\/"},"sameAs":["https:\/\/www.facebook.com\/masquenoticiascolima","https:\/\/x.com\/edgartove","https:\/\/www.instagram.com\/masquenoticiascolima\/"]},{"@type":"Person","@id":"https:\/\/masquenoticias.mx\/#\/schema\/person\/544d19989ef23d34615f691f7a96e622","name":"Redacci\u00f3n","image":{"@type":"ImageObject","inLanguage":"es","@id":"https:\/\/masquenoticias.mx\/#\/schema\/person\/image\/","url":"https:\/\/secure.gravatar.com\/avatar\/7fcc926d5b058d3f3d52d95b4d05dd58?s=96&d=mm&r=g","contentUrl":"https:\/\/secure.gravatar.com\/avatar\/7fcc926d5b058d3f3d52d95b4d05dd58?s=96&d=mm&r=g","caption":"Redacci\u00f3n"},"sameAs":["http:\/\/masquenoticias.mx"],"url":"https:\/\/masquenoticias.mx\/index.php\/author\/edgartovegmail-com\/"}]}},"jetpack_featured_media_url":"https:\/\/i0.wp.com\/masquenoticias.mx\/wp-content\/uploads\/2023\/09\/WhatsApp-Image-2023-09-28-at-7.36.22-PM-1-jpeg.webp?fit=1600%2C1073&ssl=1","blog_post_layout_featured_media_urls":{"thumbnail":["https:\/\/i0.wp.com\/masquenoticias.mx\/wp-content\/uploads\/2023\/09\/WhatsApp-Image-2023-09-28-at-7.36.22-PM-1-jpeg.webp?resize=150%2C150&ssl=1",150,150,true],"full":["https:\/\/i0.wp.com\/masquenoticias.mx\/wp-content\/uploads\/2023\/09\/WhatsApp-Image-2023-09-28-at-7.36.22-PM-1-jpeg.webp?fit=1600%2C1073&ssl=1",1600,1073,false]},"categories_names":{"24":{"name":"Estado","link":"https:\/\/masquenoticias.mx\/index.php\/category\/estado\/"}},"tags_names":{"255":{"name":"Contralor\u00eda","link":"https:\/\/masquenoticias.mx\/index.php\/tag\/contraloria\/"}},"comments_number":"0","wpmagazine_modules_lite_featured_media_urls":{"thumbnail":["https:\/\/i0.wp.com\/masquenoticias.mx\/wp-content\/uploads\/2023\/09\/WhatsApp-Image-2023-09-28-at-7.36.22-PM-1-jpeg.webp?resize=150%2C150&ssl=1",150,150,true],"cvmm-medium":["https:\/\/i0.wp.com\/masquenoticias.mx\/wp-content\/uploads\/2023\/09\/WhatsApp-Image-2023-09-28-at-7.36.22-PM-1-jpeg.webp?resize=300%2C300&ssl=1",300,300,true],"cvmm-medium-plus":["https:\/\/i0.wp.com\/masquenoticias.mx\/wp-content\/uploads\/2023\/09\/WhatsApp-Image-2023-09-28-at-7.36.22-PM-1-jpeg.webp?resize=305%2C207&ssl=1",305,207,true],"cvmm-portrait":["https:\/\/i0.wp.com\/masquenoticias.mx\/wp-content\/uploads\/2023\/09\/WhatsApp-Image-2023-09-28-at-7.36.22-PM-1-jpeg.webp?resize=400%2C600&ssl=1",400,600,true],"cvmm-medium-square":["https:\/\/i0.wp.com\/masquenoticias.mx\/wp-content\/uploads\/2023\/09\/WhatsApp-Image-2023-09-28-at-7.36.22-PM-1-jpeg.webp?resize=600%2C600&ssl=1",600,600,true],"cvmm-large":["https:\/\/i0.wp.com\/masquenoticias.mx\/wp-content\/uploads\/2023\/09\/WhatsApp-Image-2023-09-28-at-7.36.22-PM-1-jpeg.webp?resize=1024%2C1024&ssl=1",1024,1024,true],"cvmm-small":["https:\/\/i0.wp.com\/masquenoticias.mx\/wp-content\/uploads\/2023\/09\/WhatsApp-Image-2023-09-28-at-7.36.22-PM-1-jpeg.webp?resize=130%2C95&ssl=1",130,95,true],"full":["https:\/\/i0.wp.com\/masquenoticias.mx\/wp-content\/uploads\/2023\/09\/WhatsApp-Image-2023-09-28-at-7.36.22-PM-1-jpeg.webp?fit=1600%2C1073&ssl=1",1600,1073,false]},"jetpack-related-posts":[],"jetpack_sharing_enabled":true,"jetpack_likes_enabled":true,"jetpack_shortlink":"https:\/\/wp.me\/pf7pkt-Io","_links":{"self":[{"href":"https:\/\/masquenoticias.mx\/index.php\/wp-json\/wp\/v2\/posts\/2752","targetHints":{"allow":["GET"]}}],"collection":[{"href":"https:\/\/masquenoticias.mx\/index.php\/wp-json\/wp\/v2\/posts"}],"about":[{"href":"https:\/\/masquenoticias.mx\/index.php\/wp-json\/wp\/v2\/types\/post"}],"author":[{"embeddable":true,"href":"https:\/\/masquenoticias.mx\/index.php\/wp-json\/wp\/v2\/users\/1"}],"replies":[{"embeddable":true,"href":"https:\/\/masquenoticias.mx\/index.php\/wp-json\/wp\/v2\/comments?post=2752"}],"version-history":[{"count":0,"href":"https:\/\/masquenoticias.mx\/index.php\/wp-json\/wp\/v2\/posts\/2752\/revisions"}],"wp:featuredmedia":[{"embeddable":true,"href":"https:\/\/masquenoticias.mx\/index.php\/wp-json\/wp\/v2\/media\/2753"}],"wp:attachment":[{"href":"https:\/\/masquenoticias.mx\/index.php\/wp-json\/wp\/v2\/media?parent=2752"}],"wp:term":[{"taxonomy":"category","embeddable":true,"href":"https:\/\/masquenoticias.mx\/index.php\/wp-json\/wp\/v2\/categories?post=2752"},{"taxonomy":"post_tag","embeddable":true,"href":"https:\/\/masquenoticias.mx\/index.php\/wp-json\/wp\/v2\/tags?post=2752"}],"curies":[{"name":"wp","href":"https:\/\/api.w.org\/{rel}","templated":true}]}}