{"id":2725,"date":"2023-09-27T21:20:31","date_gmt":"2023-09-28T03:20:31","guid":{"rendered":"https:\/\/masquenoticias.mx\/?p=2725"},"modified":"2023-09-27T21:20:31","modified_gmt":"2023-09-28T03:20:31","slug":"pronna-salvaguarda-el-interes-superior-de-menores-de-edad-en-caso-difundido-en-redes-esta-imposibilitada-para-dar-detalles","status":"publish","type":"post","link":"https:\/\/masquenoticias.mx\/index.php\/2023\/09\/27\/pronna-salvaguarda-el-interes-superior-de-menores-de-edad-en-caso-difundido-en-redes-esta-imposibilitada-para-dar-detalles\/","title":{"rendered":"Pronna salvaguarda el inter\u00e9s superior de menores de edad en caso difundido en redes; est\u00e1 imposibilitada para dar detalles"},"content":{"rendered":"<p>La Procuradur\u00eda de Protecci\u00f3n de Ni\u00f1as, Ni\u00f1os y Adolescentes del Estado de Colima (Pronna Colima) informa que, en relaci\u00f3n con un caso recientemente difundido en redes sociales, desde el primer momento en que tuvo conocimiento del mismo ha tomado acciones para salvaguardar el inter\u00e9s superior de los menores de edad en cuesti\u00f3n, pero se ve imposibilitada legalmente para proporcionar a la opini\u00f3n p\u00fablica detalles adicionales al respecto.<\/p>\n<p>Es importante destacar que existen complejidades y situaciones que no pueden ser difundidas p\u00fablicamente, pues la prioridad y urgencia es la de garantizar el bienestar integral de los menores de edad involucrados, en estricto apego a la Ley General de los Derechos de Ni\u00f1as, Ni\u00f1os y Adolescentes.<\/p>\n<p>Pronna tiene el deber de y ha actuado con imparcialidad y en cumplimiento de la normativa vigente, siempre buscando privilegiar la integridad f\u00edsica y psicol\u00f3gica de las ni\u00f1as, ni\u00f1os y adolescentes, y garantizar un proceso que responda a sus necesidades y derechos.<\/p>\n<p>Las personas adultas involucradas est\u00e1n plenamente informadas sobre las acciones tomadas sobre el caso y la instituci\u00f3n siempre est\u00e1 en total disposici\u00f3n para dialogar respetuosamente con las y los ciudadanos.<\/p>\n","protected":false},"excerpt":{"rendered":"<p>La Procuradur\u00eda de Protecci\u00f3n de Ni\u00f1as, Ni\u00f1os y Adolescentes del Estado de Colima (Pronna Colima) informa que, en relaci\u00f3n con un caso recientemente difundido en redes sociales, desde el primer momento en que tuvo conocimiento del mismo ha tomado acciones para salvaguardar el inter\u00e9s superior de los menores de edad en cuesti\u00f3n, pero se ve [&hellip;]<\/p>\n","protected":false},"author":1,"featured_media":2726,"comment_status":"open","ping_status":"open","sticky":false,"template":"","format":"standard","meta":{"_jetpack_memberships_contains_paid_content":false,"footnotes":""},"categories":[24],"tags":[],"class_list":["post-2725","post","type-post","status-publish","format-standard","has-post-thumbnail","hentry","category-estado"],"yoast_head":"<!-- This site is optimized with the Yoast SEO plugin v26.6 - https:\/\/yoast.com\/wordpress\/plugins\/seo\/ -->\n<title>Pronna salvaguarda el inter\u00e9s superior de menores de edad en caso difundido en redes; est\u00e1 imposibilitada para dar detalles - M\u00e1s Que Noticias<\/title>\n<meta name=\"robots\" content=\"index, follow, max-snippet:-1, max-image-preview:large, max-video-preview:-1\" \/>\n<link rel=\"canonical\" href=\"https:\/\/masquenoticias.mx\/index.php\/2023\/09\/27\/pronna-salvaguarda-el-interes-superior-de-menores-de-edad-en-caso-difundido-en-redes-esta-imposibilitada-para-dar-detalles\/\" \/>\n<meta property=\"og:locale\" content=\"es_MX\" \/>\n<meta property=\"og:type\" content=\"article\" \/>\n<meta property=\"og:title\" content=\"Pronna salvaguarda el inter\u00e9s superior de menores de edad en caso difundido en redes; est\u00e1 imposibilitada para dar detalles - M\u00e1s Que Noticias\" \/>\n<meta property=\"og:description\" content=\"La Procuradur\u00eda de Protecci\u00f3n de Ni\u00f1as, Ni\u00f1os y Adolescentes del Estado de Colima (Pronna Colima) informa que, en relaci\u00f3n con un caso recientemente difundido en redes sociales, desde el primer momento en que tuvo conocimiento del mismo ha tomado acciones para salvaguardar el inter\u00e9s superior de los menores de edad en cuesti\u00f3n, pero se ve [&hellip;]\" \/>\n<meta property=\"og:url\" content=\"https:\/\/masquenoticias.mx\/index.php\/2023\/09\/27\/pronna-salvaguarda-el-interes-superior-de-menores-de-edad-en-caso-difundido-en-redes-esta-imposibilitada-para-dar-detalles\/\" \/>\n<meta property=\"og:site_name\" content=\"M\u00e1s Que Noticias\" \/>\n<meta property=\"article:publisher\" content=\"https:\/\/www.facebook.com\/masquenoticiascolima\" \/>\n<meta property=\"article:published_time\" content=\"2023-09-28T03:20:31+00:00\" \/>\n<meta property=\"og:image\" content=\"https:\/\/i0.wp.com\/masquenoticias.mx\/wp-content\/uploads\/2023\/09\/prona27sep-jpg.webp?fit=900%2C558&ssl=1\" \/>\n\t<meta property=\"og:image:width\" content=\"900\" \/>\n\t<meta property=\"og:image:height\" content=\"558\" \/>\n\t<meta property=\"og:image:type\" content=\"image\/jpeg\" \/>\n<meta name=\"author\" content=\"Redacci\u00f3n\" \/>\n<meta name=\"twitter:card\" content=\"summary_large_image\" \/>\n<meta name=\"twitter:creator\" content=\"@edgartove\" \/>\n<meta name=\"twitter:site\" content=\"@edgartove\" \/>\n<meta name=\"twitter:label1\" content=\"Escrito por\" \/>\n\t<meta name=\"twitter:data1\" content=\"Redacci\u00f3n\" \/>\n\t<meta name=\"twitter:label2\" content=\"Tiempo de lectura\" \/>\n\t<meta name=\"twitter:data2\" content=\"1 minuto\" \/>\n<script type=\"application\/ld+json\" class=\"yoast-schema-graph\">{\"@context\":\"https:\/\/schema.org\",\"@graph\":[{\"@type\":\"Article\",\"@id\":\"https:\/\/masquenoticias.mx\/index.php\/2023\/09\/27\/pronna-salvaguarda-el-interes-superior-de-menores-de-edad-en-caso-difundido-en-redes-esta-imposibilitada-para-dar-detalles\/#article\",\"isPartOf\":{\"@id\":\"https:\/\/masquenoticias.mx\/index.php\/2023\/09\/27\/pronna-salvaguarda-el-interes-superior-de-menores-de-edad-en-caso-difundido-en-redes-esta-imposibilitada-para-dar-detalles\/\"},\"author\":{\"name\":\"Redacci\u00f3n\",\"@id\":\"https:\/\/masquenoticias.mx\/#\/schema\/person\/544d19989ef23d34615f691f7a96e622\"},\"headline\":\"Pronna salvaguarda el inter\u00e9s superior de menores de edad en caso difundido en redes; est\u00e1 imposibilitada para dar detalles\",\"datePublished\":\"2023-09-28T03:20:31+00:00\",\"mainEntityOfPage\":{\"@id\":\"https:\/\/masquenoticias.mx\/index.php\/2023\/09\/27\/pronna-salvaguarda-el-interes-superior-de-menores-de-edad-en-caso-difundido-en-redes-esta-imposibilitada-para-dar-detalles\/\"},\"wordCount\":225,\"commentCount\":0,\"publisher\":{\"@id\":\"https:\/\/masquenoticias.mx\/#organization\"},\"image\":{\"@id\":\"https:\/\/masquenoticias.mx\/index.php\/2023\/09\/27\/pronna-salvaguarda-el-interes-superior-de-menores-de-edad-en-caso-difundido-en-redes-esta-imposibilitada-para-dar-detalles\/#primaryimage\"},\"thumbnailUrl\":\"https:\/\/i0.wp.com\/masquenoticias.mx\/wp-content\/uploads\/2023\/09\/prona27sep-jpg.webp?fit=900%2C558&ssl=1\",\"articleSection\":[\"Estado\"],\"inLanguage\":\"es\",\"potentialAction\":[{\"@type\":\"CommentAction\",\"name\":\"Comment\",\"target\":[\"https:\/\/masquenoticias.mx\/index.php\/2023\/09\/27\/pronna-salvaguarda-el-interes-superior-de-menores-de-edad-en-caso-difundido-en-redes-esta-imposibilitada-para-dar-detalles\/#respond\"]}]},{\"@type\":\"WebPage\",\"@id\":\"https:\/\/masquenoticias.mx\/index.php\/2023\/09\/27\/pronna-salvaguarda-el-interes-superior-de-menores-de-edad-en-caso-difundido-en-redes-esta-imposibilitada-para-dar-detalles\/\",\"url\":\"https:\/\/masquenoticias.mx\/index.php\/2023\/09\/27\/pronna-salvaguarda-el-interes-superior-de-menores-de-edad-en-caso-difundido-en-redes-esta-imposibilitada-para-dar-detalles\/\",\"name\":\"Pronna salvaguarda el inter\u00e9s superior de menores de edad en caso difundido en redes; est\u00e1 imposibilitada para dar detalles - M\u00e1s Que Noticias\",\"isPartOf\":{\"@id\":\"https:\/\/masquenoticias.mx\/#website\"},\"primaryImageOfPage\":{\"@id\":\"https:\/\/masquenoticias.mx\/index.php\/2023\/09\/27\/pronna-salvaguarda-el-interes-superior-de-menores-de-edad-en-caso-difundido-en-redes-esta-imposibilitada-para-dar-detalles\/#primaryimage\"},\"image\":{\"@id\":\"https:\/\/masquenoticias.mx\/index.php\/2023\/09\/27\/pronna-salvaguarda-el-interes-superior-de-menores-de-edad-en-caso-difundido-en-redes-esta-imposibilitada-para-dar-detalles\/#primaryimage\"},\"thumbnailUrl\":\"https:\/\/i0.wp.com\/masquenoticias.mx\/wp-content\/uploads\/2023\/09\/prona27sep-jpg.webp?fit=900%2C558&ssl=1\",\"datePublished\":\"2023-09-28T03:20:31+00:00\",\"breadcrumb\":{\"@id\":\"https:\/\/masquenoticias.mx\/index.php\/2023\/09\/27\/pronna-salvaguarda-el-interes-superior-de-menores-de-edad-en-caso-difundido-en-redes-esta-imposibilitada-para-dar-detalles\/#breadcrumb\"},\"inLanguage\":\"es\",\"potentialAction\":[{\"@type\":\"ReadAction\",\"target\":[\"https:\/\/masquenoticias.mx\/index.php\/2023\/09\/27\/pronna-salvaguarda-el-interes-superior-de-menores-de-edad-en-caso-difundido-en-redes-esta-imposibilitada-para-dar-detalles\/\"]}]},{\"@type\":\"ImageObject\",\"inLanguage\":\"es\",\"@id\":\"https:\/\/masquenoticias.mx\/index.php\/2023\/09\/27\/pronna-salvaguarda-el-interes-superior-de-menores-de-edad-en-caso-difundido-en-redes-esta-imposibilitada-para-dar-detalles\/#primaryimage\",\"url\":\"https:\/\/i0.wp.com\/masquenoticias.mx\/wp-content\/uploads\/2023\/09\/prona27sep-jpg.webp?fit=900%2C558&ssl=1\",\"contentUrl\":\"https:\/\/i0.wp.com\/masquenoticias.mx\/wp-content\/uploads\/2023\/09\/prona27sep-jpg.webp?fit=900%2C558&ssl=1\",\"width\":900,\"height\":558},{\"@type\":\"BreadcrumbList\",\"@id\":\"https:\/\/masquenoticias.mx\/index.php\/2023\/09\/27\/pronna-salvaguarda-el-interes-superior-de-menores-de-edad-en-caso-difundido-en-redes-esta-imposibilitada-para-dar-detalles\/#breadcrumb\",\"itemListElement\":[{\"@type\":\"ListItem\",\"position\":1,\"name\":\"Inicio\",\"item\":\"https:\/\/masquenoticias.mx\/\"},{\"@type\":\"ListItem\",\"position\":2,\"name\":\"Pronna salvaguarda el inter\u00e9s superior de menores de edad en caso difundido en redes; est\u00e1 imposibilitada para dar detalles\"}]},{\"@type\":\"WebSite\",\"@id\":\"https:\/\/masquenoticias.mx\/#website\",\"url\":\"https:\/\/masquenoticias.mx\/\",\"name\":\"M\u00e1s Que Noticias\",\"description\":\"Noticias de Colima, M\u00e9xico y el Mundo\",\"publisher\":{\"@id\":\"https:\/\/masquenoticias.mx\/#organization\"},\"potentialAction\":[{\"@type\":\"SearchAction\",\"target\":{\"@type\":\"EntryPoint\",\"urlTemplate\":\"https:\/\/masquenoticias.mx\/?s={search_term_string}\"},\"query-input\":{\"@type\":\"PropertyValueSpecification\",\"valueRequired\":true,\"valueName\":\"search_term_string\"}}],\"inLanguage\":\"es\"},{\"@type\":\"Organization\",\"@id\":\"https:\/\/masquenoticias.mx\/#organization\",\"name\":\"M\u00e1s Que Noticias\",\"url\":\"https:\/\/masquenoticias.mx\/\",\"logo\":{\"@type\":\"ImageObject\",\"inLanguage\":\"es\",\"@id\":\"https:\/\/masquenoticias.mx\/#\/schema\/logo\/image\/\",\"url\":\"https:\/\/i0.wp.com\/masquenoticias.mx\/wp-content\/uploads\/2024\/04\/IMG_0004.png?fit=2560%2C1656&ssl=1\",\"contentUrl\":\"https:\/\/i0.wp.com\/masquenoticias.mx\/wp-content\/uploads\/2024\/04\/IMG_0004.png?fit=2560%2C1656&ssl=1\",\"width\":2560,\"height\":1656,\"caption\":\"M\u00e1s Que Noticias\"},\"image\":{\"@id\":\"https:\/\/masquenoticias.mx\/#\/schema\/logo\/image\/\"},\"sameAs\":[\"https:\/\/www.facebook.com\/masquenoticiascolima\",\"https:\/\/x.com\/edgartove\",\"https:\/\/www.instagram.com\/masquenoticiascolima\/\"]},{\"@type\":\"Person\",\"@id\":\"https:\/\/masquenoticias.mx\/#\/schema\/person\/544d19989ef23d34615f691f7a96e622\",\"name\":\"Redacci\u00f3n\",\"image\":{\"@type\":\"ImageObject\",\"inLanguage\":\"es\",\"@id\":\"https:\/\/masquenoticias.mx\/#\/schema\/person\/image\/\",\"url\":\"https:\/\/secure.gravatar.com\/avatar\/7fcc926d5b058d3f3d52d95b4d05dd58?s=96&d=mm&r=g\",\"contentUrl\":\"https:\/\/secure.gravatar.com\/avatar\/7fcc926d5b058d3f3d52d95b4d05dd58?s=96&d=mm&r=g\",\"caption\":\"Redacci\u00f3n\"},\"sameAs\":[\"http:\/\/masquenoticias.mx\"],\"url\":\"https:\/\/masquenoticias.mx\/index.php\/author\/edgartovegmail-com\/\"}]}<\/script>\n<!-- \/ Yoast SEO plugin. -->","yoast_head_json":{"title":"Pronna salvaguarda el inter\u00e9s superior de menores de edad en caso difundido en redes; est\u00e1 imposibilitada para dar detalles - M\u00e1s Que Noticias","robots":{"index":"index","follow":"follow","max-snippet":"max-snippet:-1","max-image-preview":"max-image-preview:large","max-video-preview":"max-video-preview:-1"},"canonical":"https:\/\/masquenoticias.mx\/index.php\/2023\/09\/27\/pronna-salvaguarda-el-interes-superior-de-menores-de-edad-en-caso-difundido-en-redes-esta-imposibilitada-para-dar-detalles\/","og_locale":"es_MX","og_type":"article","og_title":"Pronna salvaguarda el inter\u00e9s superior de menores de edad en caso difundido en redes; est\u00e1 imposibilitada para dar detalles - M\u00e1s Que Noticias","og_description":"La Procuradur\u00eda de Protecci\u00f3n de Ni\u00f1as, Ni\u00f1os y Adolescentes del Estado de Colima (Pronna Colima) informa que, en relaci\u00f3n con un caso recientemente difundido en redes sociales, desde el primer momento en que tuvo conocimiento del mismo ha tomado acciones para salvaguardar el inter\u00e9s superior de los menores de edad en cuesti\u00f3n, pero se ve [&hellip;]","og_url":"https:\/\/masquenoticias.mx\/index.php\/2023\/09\/27\/pronna-salvaguarda-el-interes-superior-de-menores-de-edad-en-caso-difundido-en-redes-esta-imposibilitada-para-dar-detalles\/","og_site_name":"M\u00e1s Que Noticias","article_publisher":"https:\/\/www.facebook.com\/masquenoticiascolima","article_published_time":"2023-09-28T03:20:31+00:00","og_image":[{"width":900,"height":558,"url":"https:\/\/i0.wp.com\/masquenoticias.mx\/wp-content\/uploads\/2023\/09\/prona27sep-jpg.webp?fit=900%2C558&ssl=1","type":"image\/jpeg"}],"author":"Redacci\u00f3n","twitter_card":"summary_large_image","twitter_creator":"@edgartove","twitter_site":"@edgartove","twitter_misc":{"Escrito por":"Redacci\u00f3n","Tiempo de lectura":"1 minuto"},"schema":{"@context":"https:\/\/schema.org","@graph":[{"@type":"Article","@id":"https:\/\/masquenoticias.mx\/index.php\/2023\/09\/27\/pronna-salvaguarda-el-interes-superior-de-menores-de-edad-en-caso-difundido-en-redes-esta-imposibilitada-para-dar-detalles\/#article","isPartOf":{"@id":"https:\/\/masquenoticias.mx\/index.php\/2023\/09\/27\/pronna-salvaguarda-el-interes-superior-de-menores-de-edad-en-caso-difundido-en-redes-esta-imposibilitada-para-dar-detalles\/"},"author":{"name":"Redacci\u00f3n","@id":"https:\/\/masquenoticias.mx\/#\/schema\/person\/544d19989ef23d34615f691f7a96e622"},"headline":"Pronna salvaguarda el inter\u00e9s superior de menores de edad en caso difundido en redes; est\u00e1 imposibilitada para dar detalles","datePublished":"2023-09-28T03:20:31+00:00","mainEntityOfPage":{"@id":"https:\/\/masquenoticias.mx\/index.php\/2023\/09\/27\/pronna-salvaguarda-el-interes-superior-de-menores-de-edad-en-caso-difundido-en-redes-esta-imposibilitada-para-dar-detalles\/"},"wordCount":225,"commentCount":0,"publisher":{"@id":"https:\/\/masquenoticias.mx\/#organization"},"image":{"@id":"https:\/\/masquenoticias.mx\/index.php\/2023\/09\/27\/pronna-salvaguarda-el-interes-superior-de-menores-de-edad-en-caso-difundido-en-redes-esta-imposibilitada-para-dar-detalles\/#primaryimage"},"thumbnailUrl":"https:\/\/i0.wp.com\/masquenoticias.mx\/wp-content\/uploads\/2023\/09\/prona27sep-jpg.webp?fit=900%2C558&ssl=1","articleSection":["Estado"],"inLanguage":"es","potentialAction":[{"@type":"CommentAction","name":"Comment","target":["https:\/\/masquenoticias.mx\/index.php\/2023\/09\/27\/pronna-salvaguarda-el-interes-superior-de-menores-de-edad-en-caso-difundido-en-redes-esta-imposibilitada-para-dar-detalles\/#respond"]}]},{"@type":"WebPage","@id":"https:\/\/masquenoticias.mx\/index.php\/2023\/09\/27\/pronna-salvaguarda-el-interes-superior-de-menores-de-edad-en-caso-difundido-en-redes-esta-imposibilitada-para-dar-detalles\/","url":"https:\/\/masquenoticias.mx\/index.php\/2023\/09\/27\/pronna-salvaguarda-el-interes-superior-de-menores-de-edad-en-caso-difundido-en-redes-esta-imposibilitada-para-dar-detalles\/","name":"Pronna salvaguarda el inter\u00e9s superior de menores de edad en caso difundido en redes; est\u00e1 imposibilitada para dar detalles - M\u00e1s Que Noticias","isPartOf":{"@id":"https:\/\/masquenoticias.mx\/#website"},"primaryImageOfPage":{"@id":"https:\/\/masquenoticias.mx\/index.php\/2023\/09\/27\/pronna-salvaguarda-el-interes-superior-de-menores-de-edad-en-caso-difundido-en-redes-esta-imposibilitada-para-dar-detalles\/#primaryimage"},"image":{"@id":"https:\/\/masquenoticias.mx\/index.php\/2023\/09\/27\/pronna-salvaguarda-el-interes-superior-de-menores-de-edad-en-caso-difundido-en-redes-esta-imposibilitada-para-dar-detalles\/#primaryimage"},"thumbnailUrl":"https:\/\/i0.wp.com\/masquenoticias.mx\/wp-content\/uploads\/2023\/09\/prona27sep-jpg.webp?fit=900%2C558&ssl=1","datePublished":"2023-09-28T03:20:31+00:00","breadcrumb":{"@id":"https:\/\/masquenoticias.mx\/index.php\/2023\/09\/27\/pronna-salvaguarda-el-interes-superior-de-menores-de-edad-en-caso-difundido-en-redes-esta-imposibilitada-para-dar-detalles\/#breadcrumb"},"inLanguage":"es","potentialAction":[{"@type":"ReadAction","target":["https:\/\/masquenoticias.mx\/index.php\/2023\/09\/27\/pronna-salvaguarda-el-interes-superior-de-menores-de-edad-en-caso-difundido-en-redes-esta-imposibilitada-para-dar-detalles\/"]}]},{"@type":"ImageObject","inLanguage":"es","@id":"https:\/\/masquenoticias.mx\/index.php\/2023\/09\/27\/pronna-salvaguarda-el-interes-superior-de-menores-de-edad-en-caso-difundido-en-redes-esta-imposibilitada-para-dar-detalles\/#primaryimage","url":"https:\/\/i0.wp.com\/masquenoticias.mx\/wp-content\/uploads\/2023\/09\/prona27sep-jpg.webp?fit=900%2C558&ssl=1","contentUrl":"https:\/\/i0.wp.com\/masquenoticias.mx\/wp-content\/uploads\/2023\/09\/prona27sep-jpg.webp?fit=900%2C558&ssl=1","width":900,"height":558},{"@type":"BreadcrumbList","@id":"https:\/\/masquenoticias.mx\/index.php\/2023\/09\/27\/pronna-salvaguarda-el-interes-superior-de-menores-de-edad-en-caso-difundido-en-redes-esta-imposibilitada-para-dar-detalles\/#breadcrumb","itemListElement":[{"@type":"ListItem","position":1,"name":"Inicio","item":"https:\/\/masquenoticias.mx\/"},{"@type":"ListItem","position":2,"name":"Pronna salvaguarda el inter\u00e9s superior de menores de edad en caso difundido en redes; est\u00e1 imposibilitada para dar detalles"}]},{"@type":"WebSite","@id":"https:\/\/masquenoticias.mx\/#website","url":"https:\/\/masquenoticias.mx\/","name":"M\u00e1s Que Noticias","description":"Noticias de Colima, M\u00e9xico y el Mundo","publisher":{"@id":"https:\/\/masquenoticias.mx\/#organization"},"potentialAction":[{"@type":"SearchAction","target":{"@type":"EntryPoint","urlTemplate":"https:\/\/masquenoticias.mx\/?s={search_term_string}"},"query-input":{"@type":"PropertyValueSpecification","valueRequired":true,"valueName":"search_term_string"}}],"inLanguage":"es"},{"@type":"Organization","@id":"https:\/\/masquenoticias.mx\/#organization","name":"M\u00e1s Que Noticias","url":"https:\/\/masquenoticias.mx\/","logo":{"@type":"ImageObject","inLanguage":"es","@id":"https:\/\/masquenoticias.mx\/#\/schema\/logo\/image\/","url":"https:\/\/i0.wp.com\/masquenoticias.mx\/wp-content\/uploads\/2024\/04\/IMG_0004.png?fit=2560%2C1656&ssl=1","contentUrl":"https:\/\/i0.wp.com\/masquenoticias.mx\/wp-content\/uploads\/2024\/04\/IMG_0004.png?fit=2560%2C1656&ssl=1","width":2560,"height":1656,"caption":"M\u00e1s Que Noticias"},"image":{"@id":"https:\/\/masquenoticias.mx\/#\/schema\/logo\/image\/"},"sameAs":["https:\/\/www.facebook.com\/masquenoticiascolima","https:\/\/x.com\/edgartove","https:\/\/www.instagram.com\/masquenoticiascolima\/"]},{"@type":"Person","@id":"https:\/\/masquenoticias.mx\/#\/schema\/person\/544d19989ef23d34615f691f7a96e622","name":"Redacci\u00f3n","image":{"@type":"ImageObject","inLanguage":"es","@id":"https:\/\/masquenoticias.mx\/#\/schema\/person\/image\/","url":"https:\/\/secure.gravatar.com\/avatar\/7fcc926d5b058d3f3d52d95b4d05dd58?s=96&d=mm&r=g","contentUrl":"https:\/\/secure.gravatar.com\/avatar\/7fcc926d5b058d3f3d52d95b4d05dd58?s=96&d=mm&r=g","caption":"Redacci\u00f3n"},"sameAs":["http:\/\/masquenoticias.mx"],"url":"https:\/\/masquenoticias.mx\/index.php\/author\/edgartovegmail-com\/"}]}},"jetpack_featured_media_url":"https:\/\/i0.wp.com\/masquenoticias.mx\/wp-content\/uploads\/2023\/09\/prona27sep-jpg.webp?fit=900%2C558&ssl=1","blog_post_layout_featured_media_urls":{"thumbnail":["https:\/\/i0.wp.com\/masquenoticias.mx\/wp-content\/uploads\/2023\/09\/prona27sep-jpg.webp?resize=150%2C150&ssl=1",150,150,true],"full":["https:\/\/i0.wp.com\/masquenoticias.mx\/wp-content\/uploads\/2023\/09\/prona27sep-jpg.webp?fit=900%2C558&ssl=1",900,558,false]},"categories_names":{"24":{"name":"Estado","link":"https:\/\/masquenoticias.mx\/index.php\/category\/estado\/"}},"tags_names":[],"comments_number":"0","wpmagazine_modules_lite_featured_media_urls":{"thumbnail":["https:\/\/i0.wp.com\/masquenoticias.mx\/wp-content\/uploads\/2023\/09\/prona27sep-jpg.webp?resize=150%2C150&ssl=1",150,150,true],"cvmm-medium":["https:\/\/i0.wp.com\/masquenoticias.mx\/wp-content\/uploads\/2023\/09\/prona27sep-jpg.webp?resize=300%2C300&ssl=1",300,300,true],"cvmm-medium-plus":["https:\/\/i0.wp.com\/masquenoticias.mx\/wp-content\/uploads\/2023\/09\/prona27sep-jpg.webp?resize=305%2C207&ssl=1",305,207,true],"cvmm-portrait":["https:\/\/i0.wp.com\/masquenoticias.mx\/wp-content\/uploads\/2023\/09\/prona27sep-jpg.webp?resize=400%2C558&ssl=1",400,558,true],"cvmm-medium-square":["https:\/\/i0.wp.com\/masquenoticias.mx\/wp-content\/uploads\/2023\/09\/prona27sep-jpg.webp?resize=600%2C558&ssl=1",600,558,true],"cvmm-large":["https:\/\/i0.wp.com\/masquenoticias.mx\/wp-content\/uploads\/2023\/09\/prona27sep-jpg.webp?resize=900%2C558&ssl=1",900,558,true],"cvmm-small":["https:\/\/i0.wp.com\/masquenoticias.mx\/wp-content\/uploads\/2023\/09\/prona27sep-jpg.webp?resize=130%2C95&ssl=1",130,95,true],"full":["https:\/\/i0.wp.com\/masquenoticias.mx\/wp-content\/uploads\/2023\/09\/prona27sep-jpg.webp?fit=900%2C558&ssl=1",900,558,false]},"jetpack-related-posts":[],"jetpack_sharing_enabled":true,"jetpack_likes_enabled":true,"jetpack_shortlink":"https:\/\/wp.me\/pf7pkt-HX","_links":{"self":[{"href":"https:\/\/masquenoticias.mx\/index.php\/wp-json\/wp\/v2\/posts\/2725","targetHints":{"allow":["GET"]}}],"collection":[{"href":"https:\/\/masquenoticias.mx\/index.php\/wp-json\/wp\/v2\/posts"}],"about":[{"href":"https:\/\/masquenoticias.mx\/index.php\/wp-json\/wp\/v2\/types\/post"}],"author":[{"embeddable":true,"href":"https:\/\/masquenoticias.mx\/index.php\/wp-json\/wp\/v2\/users\/1"}],"replies":[{"embeddable":true,"href":"https:\/\/masquenoticias.mx\/index.php\/wp-json\/wp\/v2\/comments?post=2725"}],"version-history":[{"count":0,"href":"https:\/\/masquenoticias.mx\/index.php\/wp-json\/wp\/v2\/posts\/2725\/revisions"}],"wp:featuredmedia":[{"embeddable":true,"href":"https:\/\/masquenoticias.mx\/index.php\/wp-json\/wp\/v2\/media\/2726"}],"wp:attachment":[{"href":"https:\/\/masquenoticias.mx\/index.php\/wp-json\/wp\/v2\/media?parent=2725"}],"wp:term":[{"taxonomy":"category","embeddable":true,"href":"https:\/\/masquenoticias.mx\/index.php\/wp-json\/wp\/v2\/categories?post=2725"},{"taxonomy":"post_tag","embeddable":true,"href":"https:\/\/masquenoticias.mx\/index.php\/wp-json\/wp\/v2\/tags?post=2725"}],"curies":[{"name":"wp","href":"https:\/\/api.w.org\/{rel}","templated":true}]}}