{"id":2663,"date":"2023-09-22T14:09:03","date_gmt":"2023-09-22T20:09:03","guid":{"rendered":"https:\/\/masquenoticias.mx\/?p=2663"},"modified":"2023-09-22T14:09:37","modified_gmt":"2023-09-22T20:09:37","slug":"viridiana-valencia-anuncia-segunda-oportunidad-para-aprendices-de-jcf-que-dejaron-incompleta-su-capacitacion","status":"publish","type":"post","link":"https:\/\/masquenoticias.mx\/index.php\/2023\/09\/22\/viridiana-valencia-anuncia-segunda-oportunidad-para-aprendices-de-jcf-que-dejaron-incompleta-su-capacitacion\/","title":{"rendered":"Viridiana Valencia anuncia segunda oportunidad para aprendices de JCF que dejaron incompleta su capacitaci\u00f3n"},"content":{"rendered":"\n<p>\u25cfEl 25 de septiembre abre plataforma para vinculaciones<\/p>\n\n\n\n<p>Las y los j\u00f3venes aprendices del programa J\u00f3venes Construyendo el Futuro (JCF) que por alguna raz\u00f3n dejaron inconclusa su capacitaci\u00f3n, tendr\u00e1n una segunda oportunidad para vincularse a un nuevo centro de trabajo, anunci\u00f3 la delegada de Programas para el Bienestar, Viridiana Valencia Vargas.<\/p>\n\n\n\n<p>Para lo anterior \u2013dijo\u2013 el pr\u00f3ximo lunes 25 de septiembre abrir\u00e1 la convocatoria respectiva, a la cual podr\u00e1n acceder a trav\u00e9s de la plataforma: https:\/\/jovenesconstruyendoelfuturo.stps.gob.mx<\/p>\n\n\n\n<p>\u201cPara el Gobierno de M\u00e9xico es muy importante que las y los j\u00f3venes terminen su capacitaci\u00f3n laboral de un a\u00f1o, pues adem\u00e1s de que les permite obtener m\u00e1s conocimientos mientras reciben una beca mensual, les prepara para forjarse un mejor porvenir\u201d, se\u00f1al\u00f3.<\/p>\n\n\n\n<p>Viridiana Valencia explic\u00f3 que, tambi\u00e9n a partir del pr\u00f3ximo lunes, podr\u00e1n acceder a la plataforma quienes por primera vez buscan vincularse a un centro de trabajo. \u201cEs decir, la plataforma se abrir\u00e1 para los dos tipos de vinculaciones: las de primera vez y las de segundas oportunidades\u201d, detall\u00f3.<\/p>\n\n\n\n<p>Adem\u00e1s de la plataforma virtual, la Oficina M\u00f3vil de JFC recorrer\u00e1 algunos municipios para atender a las y los j\u00f3venes que necesiten apoyo en el proceso de vinculaci\u00f3n, conforme al siguiente calendario: 25 de septiembre en la Presidencia Municipal de Tecom\u00e1n; 26 de septiembre en el jard\u00edn de Santiago, en Manzanillo; 27 de septiembre en el jard\u00edn principal de Comala; 28 de septiembre en el jard\u00edn principal de Ixtlahuac\u00e1n, y 29 de septiembre en el jard\u00edn principal de Minatitl\u00e1n.<\/p>\n\n\n\n<p>En todos los casos, la atenci\u00f3n ser\u00e1 de 9 de la ma\u00f1ana a 1 de la tarde.<\/p>\n","protected":false},"excerpt":{"rendered":"<p>\u25cfEl 25 de septiembre abre plataforma para vinculaciones Las y los j\u00f3venes aprendices del programa J\u00f3venes Construyendo el Futuro (JCF) que por alguna raz\u00f3n dejaron inconclusa su capacitaci\u00f3n, tendr\u00e1n una segunda oportunidad para vincularse a un nuevo centro de trabajo, anunci\u00f3 la delegada de Programas para el Bienestar, Viridiana Valencia Vargas. Para lo anterior \u2013dijo\u2013 [&hellip;]<\/p>\n","protected":false},"author":1,"featured_media":2662,"comment_status":"open","ping_status":"open","sticky":false,"template":"","format":"standard","meta":{"_jetpack_memberships_contains_paid_content":false,"footnotes":""},"categories":[24],"tags":[27],"class_list":["post-2663","post","type-post","status-publish","format-standard","has-post-thumbnail","hentry","category-estado","tag-viridiana-valencia"],"yoast_head":"<!-- This site is optimized with the Yoast SEO plugin v26.6 - https:\/\/yoast.com\/wordpress\/plugins\/seo\/ -->\n<title>Viridiana Valencia anuncia segunda oportunidad para aprendices de JCF que dejaron incompleta su capacitaci\u00f3n - M\u00e1s Que Noticias<\/title>\n<meta name=\"robots\" content=\"index, follow, max-snippet:-1, max-image-preview:large, max-video-preview:-1\" \/>\n<link rel=\"canonical\" href=\"https:\/\/masquenoticias.mx\/index.php\/2023\/09\/22\/viridiana-valencia-anuncia-segunda-oportunidad-para-aprendices-de-jcf-que-dejaron-incompleta-su-capacitacion\/\" \/>\n<meta property=\"og:locale\" content=\"es_MX\" \/>\n<meta property=\"og:type\" content=\"article\" \/>\n<meta property=\"og:title\" content=\"Viridiana Valencia anuncia segunda oportunidad para aprendices de JCF que dejaron incompleta su capacitaci\u00f3n - M\u00e1s Que Noticias\" \/>\n<meta property=\"og:description\" content=\"\u25cfEl 25 de septiembre abre plataforma para vinculaciones Las y los j\u00f3venes aprendices del programa J\u00f3venes Construyendo el Futuro (JCF) que por alguna raz\u00f3n dejaron inconclusa su capacitaci\u00f3n, tendr\u00e1n una segunda oportunidad para vincularse a un nuevo centro de trabajo, anunci\u00f3 la delegada de Programas para el Bienestar, Viridiana Valencia Vargas. Para lo anterior \u2013dijo\u2013 [&hellip;]\" \/>\n<meta property=\"og:url\" content=\"https:\/\/masquenoticias.mx\/index.php\/2023\/09\/22\/viridiana-valencia-anuncia-segunda-oportunidad-para-aprendices-de-jcf-que-dejaron-incompleta-su-capacitacion\/\" \/>\n<meta property=\"og:site_name\" content=\"M\u00e1s Que Noticias\" \/>\n<meta property=\"article:publisher\" content=\"https:\/\/www.facebook.com\/masquenoticiascolima\" \/>\n<meta property=\"article:published_time\" content=\"2023-09-22T20:09:03+00:00\" \/>\n<meta property=\"article:modified_time\" content=\"2023-09-22T20:09:37+00:00\" \/>\n<meta property=\"og:image\" content=\"https:\/\/i0.wp.com\/masquenoticias.mx\/wp-content\/uploads\/2023\/09\/IMG-20230922-WA0049-jpg.webp?fit=1280%2C767&ssl=1\" \/>\n\t<meta property=\"og:image:width\" content=\"1280\" \/>\n\t<meta property=\"og:image:height\" content=\"767\" \/>\n\t<meta property=\"og:image:type\" content=\"image\/jpeg\" \/>\n<meta name=\"author\" content=\"Redacci\u00f3n\" \/>\n<meta name=\"twitter:card\" content=\"summary_large_image\" \/>\n<meta name=\"twitter:creator\" content=\"@edgartove\" \/>\n<meta name=\"twitter:site\" content=\"@edgartove\" \/>\n<meta name=\"twitter:label1\" content=\"Escrito por\" \/>\n\t<meta name=\"twitter:data1\" content=\"Redacci\u00f3n\" \/>\n\t<meta name=\"twitter:label2\" content=\"Tiempo de lectura\" \/>\n\t<meta name=\"twitter:data2\" content=\"1 minuto\" \/>\n<script type=\"application\/ld+json\" class=\"yoast-schema-graph\">{\"@context\":\"https:\/\/schema.org\",\"@graph\":[{\"@type\":\"Article\",\"@id\":\"https:\/\/masquenoticias.mx\/index.php\/2023\/09\/22\/viridiana-valencia-anuncia-segunda-oportunidad-para-aprendices-de-jcf-que-dejaron-incompleta-su-capacitacion\/#article\",\"isPartOf\":{\"@id\":\"https:\/\/masquenoticias.mx\/index.php\/2023\/09\/22\/viridiana-valencia-anuncia-segunda-oportunidad-para-aprendices-de-jcf-que-dejaron-incompleta-su-capacitacion\/\"},\"author\":{\"name\":\"Redacci\u00f3n\",\"@id\":\"https:\/\/masquenoticias.mx\/#\/schema\/person\/544d19989ef23d34615f691f7a96e622\"},\"headline\":\"Viridiana Valencia anuncia segunda oportunidad para aprendices de JCF que dejaron incompleta su capacitaci\u00f3n\",\"datePublished\":\"2023-09-22T20:09:03+00:00\",\"dateModified\":\"2023-09-22T20:09:37+00:00\",\"mainEntityOfPage\":{\"@id\":\"https:\/\/masquenoticias.mx\/index.php\/2023\/09\/22\/viridiana-valencia-anuncia-segunda-oportunidad-para-aprendices-de-jcf-que-dejaron-incompleta-su-capacitacion\/\"},\"wordCount\":303,\"commentCount\":0,\"publisher\":{\"@id\":\"https:\/\/masquenoticias.mx\/#organization\"},\"image\":{\"@id\":\"https:\/\/masquenoticias.mx\/index.php\/2023\/09\/22\/viridiana-valencia-anuncia-segunda-oportunidad-para-aprendices-de-jcf-que-dejaron-incompleta-su-capacitacion\/#primaryimage\"},\"thumbnailUrl\":\"https:\/\/i0.wp.com\/masquenoticias.mx\/wp-content\/uploads\/2023\/09\/IMG-20230922-WA0049-jpg.webp?fit=1280%2C767&ssl=1\",\"keywords\":[\"Viridiana Valencia\"],\"articleSection\":[\"Estado\"],\"inLanguage\":\"es\",\"potentialAction\":[{\"@type\":\"CommentAction\",\"name\":\"Comment\",\"target\":[\"https:\/\/masquenoticias.mx\/index.php\/2023\/09\/22\/viridiana-valencia-anuncia-segunda-oportunidad-para-aprendices-de-jcf-que-dejaron-incompleta-su-capacitacion\/#respond\"]}]},{\"@type\":\"WebPage\",\"@id\":\"https:\/\/masquenoticias.mx\/index.php\/2023\/09\/22\/viridiana-valencia-anuncia-segunda-oportunidad-para-aprendices-de-jcf-que-dejaron-incompleta-su-capacitacion\/\",\"url\":\"https:\/\/masquenoticias.mx\/index.php\/2023\/09\/22\/viridiana-valencia-anuncia-segunda-oportunidad-para-aprendices-de-jcf-que-dejaron-incompleta-su-capacitacion\/\",\"name\":\"Viridiana Valencia anuncia segunda oportunidad para aprendices de JCF que dejaron incompleta su capacitaci\u00f3n - M\u00e1s Que Noticias\",\"isPartOf\":{\"@id\":\"https:\/\/masquenoticias.mx\/#website\"},\"primaryImageOfPage\":{\"@id\":\"https:\/\/masquenoticias.mx\/index.php\/2023\/09\/22\/viridiana-valencia-anuncia-segunda-oportunidad-para-aprendices-de-jcf-que-dejaron-incompleta-su-capacitacion\/#primaryimage\"},\"image\":{\"@id\":\"https:\/\/masquenoticias.mx\/index.php\/2023\/09\/22\/viridiana-valencia-anuncia-segunda-oportunidad-para-aprendices-de-jcf-que-dejaron-incompleta-su-capacitacion\/#primaryimage\"},\"thumbnailUrl\":\"https:\/\/i0.wp.com\/masquenoticias.mx\/wp-content\/uploads\/2023\/09\/IMG-20230922-WA0049-jpg.webp?fit=1280%2C767&ssl=1\",\"datePublished\":\"2023-09-22T20:09:03+00:00\",\"dateModified\":\"2023-09-22T20:09:37+00:00\",\"breadcrumb\":{\"@id\":\"https:\/\/masquenoticias.mx\/index.php\/2023\/09\/22\/viridiana-valencia-anuncia-segunda-oportunidad-para-aprendices-de-jcf-que-dejaron-incompleta-su-capacitacion\/#breadcrumb\"},\"inLanguage\":\"es\",\"potentialAction\":[{\"@type\":\"ReadAction\",\"target\":[\"https:\/\/masquenoticias.mx\/index.php\/2023\/09\/22\/viridiana-valencia-anuncia-segunda-oportunidad-para-aprendices-de-jcf-que-dejaron-incompleta-su-capacitacion\/\"]}]},{\"@type\":\"ImageObject\",\"inLanguage\":\"es\",\"@id\":\"https:\/\/masquenoticias.mx\/index.php\/2023\/09\/22\/viridiana-valencia-anuncia-segunda-oportunidad-para-aprendices-de-jcf-que-dejaron-incompleta-su-capacitacion\/#primaryimage\",\"url\":\"https:\/\/i0.wp.com\/masquenoticias.mx\/wp-content\/uploads\/2023\/09\/IMG-20230922-WA0049-jpg.webp?fit=1280%2C767&ssl=1\",\"contentUrl\":\"https:\/\/i0.wp.com\/masquenoticias.mx\/wp-content\/uploads\/2023\/09\/IMG-20230922-WA0049-jpg.webp?fit=1280%2C767&ssl=1\",\"width\":1280,\"height\":767},{\"@type\":\"BreadcrumbList\",\"@id\":\"https:\/\/masquenoticias.mx\/index.php\/2023\/09\/22\/viridiana-valencia-anuncia-segunda-oportunidad-para-aprendices-de-jcf-que-dejaron-incompleta-su-capacitacion\/#breadcrumb\",\"itemListElement\":[{\"@type\":\"ListItem\",\"position\":1,\"name\":\"Inicio\",\"item\":\"https:\/\/masquenoticias.mx\/\"},{\"@type\":\"ListItem\",\"position\":2,\"name\":\"Viridiana Valencia anuncia segunda oportunidad para aprendices de JCF que dejaron incompleta su capacitaci\u00f3n\"}]},{\"@type\":\"WebSite\",\"@id\":\"https:\/\/masquenoticias.mx\/#website\",\"url\":\"https:\/\/masquenoticias.mx\/\",\"name\":\"M\u00e1s Que Noticias\",\"description\":\"Noticias de Colima, M\u00e9xico y el Mundo\",\"publisher\":{\"@id\":\"https:\/\/masquenoticias.mx\/#organization\"},\"potentialAction\":[{\"@type\":\"SearchAction\",\"target\":{\"@type\":\"EntryPoint\",\"urlTemplate\":\"https:\/\/masquenoticias.mx\/?s={search_term_string}\"},\"query-input\":{\"@type\":\"PropertyValueSpecification\",\"valueRequired\":true,\"valueName\":\"search_term_string\"}}],\"inLanguage\":\"es\"},{\"@type\":\"Organization\",\"@id\":\"https:\/\/masquenoticias.mx\/#organization\",\"name\":\"M\u00e1s Que Noticias\",\"url\":\"https:\/\/masquenoticias.mx\/\",\"logo\":{\"@type\":\"ImageObject\",\"inLanguage\":\"es\",\"@id\":\"https:\/\/masquenoticias.mx\/#\/schema\/logo\/image\/\",\"url\":\"https:\/\/i0.wp.com\/masquenoticias.mx\/wp-content\/uploads\/2024\/04\/IMG_0004.png?fit=2560%2C1656&ssl=1\",\"contentUrl\":\"https:\/\/i0.wp.com\/masquenoticias.mx\/wp-content\/uploads\/2024\/04\/IMG_0004.png?fit=2560%2C1656&ssl=1\",\"width\":2560,\"height\":1656,\"caption\":\"M\u00e1s Que Noticias\"},\"image\":{\"@id\":\"https:\/\/masquenoticias.mx\/#\/schema\/logo\/image\/\"},\"sameAs\":[\"https:\/\/www.facebook.com\/masquenoticiascolima\",\"https:\/\/x.com\/edgartove\",\"https:\/\/www.instagram.com\/masquenoticiascolima\/\"]},{\"@type\":\"Person\",\"@id\":\"https:\/\/masquenoticias.mx\/#\/schema\/person\/544d19989ef23d34615f691f7a96e622\",\"name\":\"Redacci\u00f3n\",\"image\":{\"@type\":\"ImageObject\",\"inLanguage\":\"es\",\"@id\":\"https:\/\/masquenoticias.mx\/#\/schema\/person\/image\/\",\"url\":\"https:\/\/secure.gravatar.com\/avatar\/7fcc926d5b058d3f3d52d95b4d05dd58?s=96&d=mm&r=g\",\"contentUrl\":\"https:\/\/secure.gravatar.com\/avatar\/7fcc926d5b058d3f3d52d95b4d05dd58?s=96&d=mm&r=g\",\"caption\":\"Redacci\u00f3n\"},\"sameAs\":[\"http:\/\/masquenoticias.mx\"],\"url\":\"https:\/\/masquenoticias.mx\/index.php\/author\/edgartovegmail-com\/\"}]}<\/script>\n<!-- \/ Yoast SEO plugin. -->","yoast_head_json":{"title":"Viridiana Valencia anuncia segunda oportunidad para aprendices de JCF que dejaron incompleta su capacitaci\u00f3n - M\u00e1s Que Noticias","robots":{"index":"index","follow":"follow","max-snippet":"max-snippet:-1","max-image-preview":"max-image-preview:large","max-video-preview":"max-video-preview:-1"},"canonical":"https:\/\/masquenoticias.mx\/index.php\/2023\/09\/22\/viridiana-valencia-anuncia-segunda-oportunidad-para-aprendices-de-jcf-que-dejaron-incompleta-su-capacitacion\/","og_locale":"es_MX","og_type":"article","og_title":"Viridiana Valencia anuncia segunda oportunidad para aprendices de JCF que dejaron incompleta su capacitaci\u00f3n - M\u00e1s Que Noticias","og_description":"\u25cfEl 25 de septiembre abre plataforma para vinculaciones Las y los j\u00f3venes aprendices del programa J\u00f3venes Construyendo el Futuro (JCF) que por alguna raz\u00f3n dejaron inconclusa su capacitaci\u00f3n, tendr\u00e1n una segunda oportunidad para vincularse a un nuevo centro de trabajo, anunci\u00f3 la delegada de Programas para el Bienestar, Viridiana Valencia Vargas. Para lo anterior \u2013dijo\u2013 [&hellip;]","og_url":"https:\/\/masquenoticias.mx\/index.php\/2023\/09\/22\/viridiana-valencia-anuncia-segunda-oportunidad-para-aprendices-de-jcf-que-dejaron-incompleta-su-capacitacion\/","og_site_name":"M\u00e1s Que Noticias","article_publisher":"https:\/\/www.facebook.com\/masquenoticiascolima","article_published_time":"2023-09-22T20:09:03+00:00","article_modified_time":"2023-09-22T20:09:37+00:00","og_image":[{"width":1280,"height":767,"url":"https:\/\/i0.wp.com\/masquenoticias.mx\/wp-content\/uploads\/2023\/09\/IMG-20230922-WA0049-jpg.webp?fit=1280%2C767&ssl=1","type":"image\/jpeg"}],"author":"Redacci\u00f3n","twitter_card":"summary_large_image","twitter_creator":"@edgartove","twitter_site":"@edgartove","twitter_misc":{"Escrito por":"Redacci\u00f3n","Tiempo de lectura":"1 minuto"},"schema":{"@context":"https:\/\/schema.org","@graph":[{"@type":"Article","@id":"https:\/\/masquenoticias.mx\/index.php\/2023\/09\/22\/viridiana-valencia-anuncia-segunda-oportunidad-para-aprendices-de-jcf-que-dejaron-incompleta-su-capacitacion\/#article","isPartOf":{"@id":"https:\/\/masquenoticias.mx\/index.php\/2023\/09\/22\/viridiana-valencia-anuncia-segunda-oportunidad-para-aprendices-de-jcf-que-dejaron-incompleta-su-capacitacion\/"},"author":{"name":"Redacci\u00f3n","@id":"https:\/\/masquenoticias.mx\/#\/schema\/person\/544d19989ef23d34615f691f7a96e622"},"headline":"Viridiana Valencia anuncia segunda oportunidad para aprendices de JCF que dejaron incompleta su capacitaci\u00f3n","datePublished":"2023-09-22T20:09:03+00:00","dateModified":"2023-09-22T20:09:37+00:00","mainEntityOfPage":{"@id":"https:\/\/masquenoticias.mx\/index.php\/2023\/09\/22\/viridiana-valencia-anuncia-segunda-oportunidad-para-aprendices-de-jcf-que-dejaron-incompleta-su-capacitacion\/"},"wordCount":303,"commentCount":0,"publisher":{"@id":"https:\/\/masquenoticias.mx\/#organization"},"image":{"@id":"https:\/\/masquenoticias.mx\/index.php\/2023\/09\/22\/viridiana-valencia-anuncia-segunda-oportunidad-para-aprendices-de-jcf-que-dejaron-incompleta-su-capacitacion\/#primaryimage"},"thumbnailUrl":"https:\/\/i0.wp.com\/masquenoticias.mx\/wp-content\/uploads\/2023\/09\/IMG-20230922-WA0049-jpg.webp?fit=1280%2C767&ssl=1","keywords":["Viridiana Valencia"],"articleSection":["Estado"],"inLanguage":"es","potentialAction":[{"@type":"CommentAction","name":"Comment","target":["https:\/\/masquenoticias.mx\/index.php\/2023\/09\/22\/viridiana-valencia-anuncia-segunda-oportunidad-para-aprendices-de-jcf-que-dejaron-incompleta-su-capacitacion\/#respond"]}]},{"@type":"WebPage","@id":"https:\/\/masquenoticias.mx\/index.php\/2023\/09\/22\/viridiana-valencia-anuncia-segunda-oportunidad-para-aprendices-de-jcf-que-dejaron-incompleta-su-capacitacion\/","url":"https:\/\/masquenoticias.mx\/index.php\/2023\/09\/22\/viridiana-valencia-anuncia-segunda-oportunidad-para-aprendices-de-jcf-que-dejaron-incompleta-su-capacitacion\/","name":"Viridiana Valencia anuncia segunda oportunidad para aprendices de JCF que dejaron incompleta su capacitaci\u00f3n - M\u00e1s Que Noticias","isPartOf":{"@id":"https:\/\/masquenoticias.mx\/#website"},"primaryImageOfPage":{"@id":"https:\/\/masquenoticias.mx\/index.php\/2023\/09\/22\/viridiana-valencia-anuncia-segunda-oportunidad-para-aprendices-de-jcf-que-dejaron-incompleta-su-capacitacion\/#primaryimage"},"image":{"@id":"https:\/\/masquenoticias.mx\/index.php\/2023\/09\/22\/viridiana-valencia-anuncia-segunda-oportunidad-para-aprendices-de-jcf-que-dejaron-incompleta-su-capacitacion\/#primaryimage"},"thumbnailUrl":"https:\/\/i0.wp.com\/masquenoticias.mx\/wp-content\/uploads\/2023\/09\/IMG-20230922-WA0049-jpg.webp?fit=1280%2C767&ssl=1","datePublished":"2023-09-22T20:09:03+00:00","dateModified":"2023-09-22T20:09:37+00:00","breadcrumb":{"@id":"https:\/\/masquenoticias.mx\/index.php\/2023\/09\/22\/viridiana-valencia-anuncia-segunda-oportunidad-para-aprendices-de-jcf-que-dejaron-incompleta-su-capacitacion\/#breadcrumb"},"inLanguage":"es","potentialAction":[{"@type":"ReadAction","target":["https:\/\/masquenoticias.mx\/index.php\/2023\/09\/22\/viridiana-valencia-anuncia-segunda-oportunidad-para-aprendices-de-jcf-que-dejaron-incompleta-su-capacitacion\/"]}]},{"@type":"ImageObject","inLanguage":"es","@id":"https:\/\/masquenoticias.mx\/index.php\/2023\/09\/22\/viridiana-valencia-anuncia-segunda-oportunidad-para-aprendices-de-jcf-que-dejaron-incompleta-su-capacitacion\/#primaryimage","url":"https:\/\/i0.wp.com\/masquenoticias.mx\/wp-content\/uploads\/2023\/09\/IMG-20230922-WA0049-jpg.webp?fit=1280%2C767&ssl=1","contentUrl":"https:\/\/i0.wp.com\/masquenoticias.mx\/wp-content\/uploads\/2023\/09\/IMG-20230922-WA0049-jpg.webp?fit=1280%2C767&ssl=1","width":1280,"height":767},{"@type":"BreadcrumbList","@id":"https:\/\/masquenoticias.mx\/index.php\/2023\/09\/22\/viridiana-valencia-anuncia-segunda-oportunidad-para-aprendices-de-jcf-que-dejaron-incompleta-su-capacitacion\/#breadcrumb","itemListElement":[{"@type":"ListItem","position":1,"name":"Inicio","item":"https:\/\/masquenoticias.mx\/"},{"@type":"ListItem","position":2,"name":"Viridiana Valencia anuncia segunda oportunidad para aprendices de JCF que dejaron incompleta su capacitaci\u00f3n"}]},{"@type":"WebSite","@id":"https:\/\/masquenoticias.mx\/#website","url":"https:\/\/masquenoticias.mx\/","name":"M\u00e1s Que Noticias","description":"Noticias de Colima, M\u00e9xico y el Mundo","publisher":{"@id":"https:\/\/masquenoticias.mx\/#organization"},"potentialAction":[{"@type":"SearchAction","target":{"@type":"EntryPoint","urlTemplate":"https:\/\/masquenoticias.mx\/?s={search_term_string}"},"query-input":{"@type":"PropertyValueSpecification","valueRequired":true,"valueName":"search_term_string"}}],"inLanguage":"es"},{"@type":"Organization","@id":"https:\/\/masquenoticias.mx\/#organization","name":"M\u00e1s Que Noticias","url":"https:\/\/masquenoticias.mx\/","logo":{"@type":"ImageObject","inLanguage":"es","@id":"https:\/\/masquenoticias.mx\/#\/schema\/logo\/image\/","url":"https:\/\/i0.wp.com\/masquenoticias.mx\/wp-content\/uploads\/2024\/04\/IMG_0004.png?fit=2560%2C1656&ssl=1","contentUrl":"https:\/\/i0.wp.com\/masquenoticias.mx\/wp-content\/uploads\/2024\/04\/IMG_0004.png?fit=2560%2C1656&ssl=1","width":2560,"height":1656,"caption":"M\u00e1s Que Noticias"},"image":{"@id":"https:\/\/masquenoticias.mx\/#\/schema\/logo\/image\/"},"sameAs":["https:\/\/www.facebook.com\/masquenoticiascolima","https:\/\/x.com\/edgartove","https:\/\/www.instagram.com\/masquenoticiascolima\/"]},{"@type":"Person","@id":"https:\/\/masquenoticias.mx\/#\/schema\/person\/544d19989ef23d34615f691f7a96e622","name":"Redacci\u00f3n","image":{"@type":"ImageObject","inLanguage":"es","@id":"https:\/\/masquenoticias.mx\/#\/schema\/person\/image\/","url":"https:\/\/secure.gravatar.com\/avatar\/7fcc926d5b058d3f3d52d95b4d05dd58?s=96&d=mm&r=g","contentUrl":"https:\/\/secure.gravatar.com\/avatar\/7fcc926d5b058d3f3d52d95b4d05dd58?s=96&d=mm&r=g","caption":"Redacci\u00f3n"},"sameAs":["http:\/\/masquenoticias.mx"],"url":"https:\/\/masquenoticias.mx\/index.php\/author\/edgartovegmail-com\/"}]}},"jetpack_featured_media_url":"https:\/\/i0.wp.com\/masquenoticias.mx\/wp-content\/uploads\/2023\/09\/IMG-20230922-WA0049-jpg.webp?fit=1280%2C767&ssl=1","blog_post_layout_featured_media_urls":{"thumbnail":["https:\/\/i0.wp.com\/masquenoticias.mx\/wp-content\/uploads\/2023\/09\/IMG-20230922-WA0049-jpg.webp?resize=150%2C150&ssl=1",150,150,true],"full":["https:\/\/i0.wp.com\/masquenoticias.mx\/wp-content\/uploads\/2023\/09\/IMG-20230922-WA0049-jpg.webp?fit=1280%2C767&ssl=1",1280,767,false]},"categories_names":{"24":{"name":"Estado","link":"https:\/\/masquenoticias.mx\/index.php\/category\/estado\/"}},"tags_names":{"27":{"name":"Viridiana Valencia","link":"https:\/\/masquenoticias.mx\/index.php\/tag\/viridiana-valencia\/"}},"comments_number":"0","wpmagazine_modules_lite_featured_media_urls":{"thumbnail":["https:\/\/i0.wp.com\/masquenoticias.mx\/wp-content\/uploads\/2023\/09\/IMG-20230922-WA0049-jpg.webp?resize=150%2C150&ssl=1",150,150,true],"cvmm-medium":["https:\/\/i0.wp.com\/masquenoticias.mx\/wp-content\/uploads\/2023\/09\/IMG-20230922-WA0049-jpg.webp?resize=300%2C300&ssl=1",300,300,true],"cvmm-medium-plus":["https:\/\/i0.wp.com\/masquenoticias.mx\/wp-content\/uploads\/2023\/09\/IMG-20230922-WA0049-jpg.webp?resize=305%2C207&ssl=1",305,207,true],"cvmm-portrait":["https:\/\/i0.wp.com\/masquenoticias.mx\/wp-content\/uploads\/2023\/09\/IMG-20230922-WA0049-jpg.webp?resize=400%2C600&ssl=1",400,600,true],"cvmm-medium-square":["https:\/\/i0.wp.com\/masquenoticias.mx\/wp-content\/uploads\/2023\/09\/IMG-20230922-WA0049-jpg.webp?resize=600%2C600&ssl=1",600,600,true],"cvmm-large":["https:\/\/i0.wp.com\/masquenoticias.mx\/wp-content\/uploads\/2023\/09\/IMG-20230922-WA0049-jpg.webp?resize=1024%2C767&ssl=1",1024,767,true],"cvmm-small":["https:\/\/i0.wp.com\/masquenoticias.mx\/wp-content\/uploads\/2023\/09\/IMG-20230922-WA0049-jpg.webp?resize=130%2C95&ssl=1",130,95,true],"full":["https:\/\/i0.wp.com\/masquenoticias.mx\/wp-content\/uploads\/2023\/09\/IMG-20230922-WA0049-jpg.webp?fit=1280%2C767&ssl=1",1280,767,false]},"jetpack-related-posts":[],"jetpack_sharing_enabled":true,"jetpack_likes_enabled":true,"jetpack_shortlink":"https:\/\/wp.me\/pf7pkt-GX","_links":{"self":[{"href":"https:\/\/masquenoticias.mx\/index.php\/wp-json\/wp\/v2\/posts\/2663","targetHints":{"allow":["GET"]}}],"collection":[{"href":"https:\/\/masquenoticias.mx\/index.php\/wp-json\/wp\/v2\/posts"}],"about":[{"href":"https:\/\/masquenoticias.mx\/index.php\/wp-json\/wp\/v2\/types\/post"}],"author":[{"embeddable":true,"href":"https:\/\/masquenoticias.mx\/index.php\/wp-json\/wp\/v2\/users\/1"}],"replies":[{"embeddable":true,"href":"https:\/\/masquenoticias.mx\/index.php\/wp-json\/wp\/v2\/comments?post=2663"}],"version-history":[{"count":0,"href":"https:\/\/masquenoticias.mx\/index.php\/wp-json\/wp\/v2\/posts\/2663\/revisions"}],"wp:featuredmedia":[{"embeddable":true,"href":"https:\/\/masquenoticias.mx\/index.php\/wp-json\/wp\/v2\/media\/2662"}],"wp:attachment":[{"href":"https:\/\/masquenoticias.mx\/index.php\/wp-json\/wp\/v2\/media?parent=2663"}],"wp:term":[{"taxonomy":"category","embeddable":true,"href":"https:\/\/masquenoticias.mx\/index.php\/wp-json\/wp\/v2\/categories?post=2663"},{"taxonomy":"post_tag","embeddable":true,"href":"https:\/\/masquenoticias.mx\/index.php\/wp-json\/wp\/v2\/tags?post=2663"}],"curies":[{"name":"wp","href":"https:\/\/api.w.org\/{rel}","templated":true}]}}