{"id":2660,"date":"2023-09-22T08:06:02","date_gmt":"2023-09-22T14:06:02","guid":{"rendered":"https:\/\/masquenoticias.mx\/?p=2660"},"modified":"2023-09-22T08:06:54","modified_gmt":"2023-09-22T14:06:54","slug":"viridiana-valencia-participo-en-reunion-que-encabezo-el-presidente-lopez-obrador-en-palacio-nacional","status":"publish","type":"post","link":"https:\/\/masquenoticias.mx\/index.php\/2023\/09\/22\/viridiana-valencia-participo-en-reunion-que-encabezo-el-presidente-lopez-obrador-en-palacio-nacional\/","title":{"rendered":"Viridiana Valencia particip\u00f3 en reuni\u00f3n que encabez\u00f3 el presidente L\u00f3pez Obrador en Palacio Nacional"},"content":{"rendered":"\n<p><br>La delegada de Programas para el Bienestar en Colima, Viridiana Valencia Vargas, particip\u00f3 este d\u00eda en la reuni\u00f3n encabezada por el presidente Andr\u00e9s Manuel L\u00f3pez Obrador en Palacio Nacional, donde junto con Gobernadoras y Gobernadores, Secretarias y Secretarios de Estado, as\u00ed como titulares de Bienestar en los estados, acordaron tareas de b\u00fasqueda de personas desaparecidas en nuestro pa\u00eds.<br><br>La encomiend implica la uni\u00f3n de esfuerzos institucionales para contribuir a la tarea de localizaci\u00f3n de personas desaparecidas que realizan colectivos.<br><br>&#8220;Quienes servimos a la naci\u00f3n, nos unimos a estos esfuerzos que coadyuvan a la b\u00fasqueda de la justicia hist\u00f3rica, la protecci\u00f3n de los Derechos Humanos y la dignidad de todas las personas&#8221;, dijo la funcionaria federal.<\/p>\n","protected":false},"excerpt":{"rendered":"<p>La delegada de Programas para el Bienestar en Colima, Viridiana Valencia Vargas, particip\u00f3 este d\u00eda en la reuni\u00f3n encabezada por el presidente Andr\u00e9s Manuel L\u00f3pez Obrador en Palacio Nacional, donde junto con Gobernadoras y Gobernadores, Secretarias y Secretarios de Estado, as\u00ed como titulares de Bienestar en los estados, acordaron tareas de b\u00fasqueda de personas desaparecidas [&hellip;]<\/p>\n","protected":false},"author":1,"featured_media":2659,"comment_status":"open","ping_status":"open","sticky":false,"template":"","format":"standard","meta":{"_jetpack_memberships_contains_paid_content":false,"footnotes":""},"categories":[32],"tags":[27],"class_list":["post-2660","post","type-post","status-publish","format-standard","has-post-thumbnail","hentry","category-politica","tag-viridiana-valencia"],"yoast_head":"<!-- This site is optimized with the Yoast SEO plugin v26.6 - https:\/\/yoast.com\/wordpress\/plugins\/seo\/ -->\n<title>Viridiana Valencia particip\u00f3 en reuni\u00f3n que encabez\u00f3 el presidente L\u00f3pez Obrador en Palacio Nacional - M\u00e1s Que Noticias<\/title>\n<meta name=\"robots\" content=\"index, follow, max-snippet:-1, max-image-preview:large, max-video-preview:-1\" \/>\n<link rel=\"canonical\" href=\"https:\/\/masquenoticias.mx\/index.php\/2023\/09\/22\/viridiana-valencia-participo-en-reunion-que-encabezo-el-presidente-lopez-obrador-en-palacio-nacional\/\" \/>\n<meta property=\"og:locale\" content=\"es_MX\" \/>\n<meta property=\"og:type\" content=\"article\" \/>\n<meta property=\"og:title\" content=\"Viridiana Valencia particip\u00f3 en reuni\u00f3n que encabez\u00f3 el presidente L\u00f3pez Obrador en Palacio Nacional - M\u00e1s Que Noticias\" \/>\n<meta property=\"og:description\" content=\"La delegada de Programas para el Bienestar en Colima, Viridiana Valencia Vargas, particip\u00f3 este d\u00eda en la reuni\u00f3n encabezada por el presidente Andr\u00e9s Manuel L\u00f3pez Obrador en Palacio Nacional, donde junto con Gobernadoras y Gobernadores, Secretarias y Secretarios de Estado, as\u00ed como titulares de Bienestar en los estados, acordaron tareas de b\u00fasqueda de personas desaparecidas [&hellip;]\" \/>\n<meta property=\"og:url\" content=\"https:\/\/masquenoticias.mx\/index.php\/2023\/09\/22\/viridiana-valencia-participo-en-reunion-que-encabezo-el-presidente-lopez-obrador-en-palacio-nacional\/\" \/>\n<meta property=\"og:site_name\" content=\"M\u00e1s Que Noticias\" \/>\n<meta property=\"article:publisher\" content=\"https:\/\/www.facebook.com\/masquenoticiascolima\" \/>\n<meta property=\"article:published_time\" content=\"2023-09-22T14:06:02+00:00\" \/>\n<meta property=\"article:modified_time\" content=\"2023-09-22T14:06:54+00:00\" \/>\n<meta property=\"og:image\" content=\"https:\/\/i0.wp.com\/masquenoticias.mx\/wp-content\/uploads\/2023\/09\/IMG-20230921-WA0142-jpg.webp?fit=1600%2C1066&ssl=1\" \/>\n\t<meta property=\"og:image:width\" content=\"1600\" \/>\n\t<meta property=\"og:image:height\" content=\"1066\" \/>\n\t<meta property=\"og:image:type\" content=\"image\/jpeg\" \/>\n<meta name=\"author\" content=\"Redacci\u00f3n\" \/>\n<meta name=\"twitter:card\" content=\"summary_large_image\" \/>\n<meta name=\"twitter:creator\" content=\"@edgartove\" \/>\n<meta name=\"twitter:site\" content=\"@edgartove\" \/>\n<meta name=\"twitter:label1\" content=\"Escrito por\" \/>\n\t<meta name=\"twitter:data1\" content=\"Redacci\u00f3n\" \/>\n\t<meta name=\"twitter:label2\" content=\"Tiempo de lectura\" \/>\n\t<meta name=\"twitter:data2\" content=\"1 minuto\" \/>\n<script type=\"application\/ld+json\" class=\"yoast-schema-graph\">{\"@context\":\"https:\/\/schema.org\",\"@graph\":[{\"@type\":\"Article\",\"@id\":\"https:\/\/masquenoticias.mx\/index.php\/2023\/09\/22\/viridiana-valencia-participo-en-reunion-que-encabezo-el-presidente-lopez-obrador-en-palacio-nacional\/#article\",\"isPartOf\":{\"@id\":\"https:\/\/masquenoticias.mx\/index.php\/2023\/09\/22\/viridiana-valencia-participo-en-reunion-que-encabezo-el-presidente-lopez-obrador-en-palacio-nacional\/\"},\"author\":{\"name\":\"Redacci\u00f3n\",\"@id\":\"https:\/\/masquenoticias.mx\/#\/schema\/person\/544d19989ef23d34615f691f7a96e622\"},\"headline\":\"Viridiana Valencia particip\u00f3 en reuni\u00f3n que encabez\u00f3 el presidente L\u00f3pez Obrador en Palacio Nacional\",\"datePublished\":\"2023-09-22T14:06:02+00:00\",\"dateModified\":\"2023-09-22T14:06:54+00:00\",\"mainEntityOfPage\":{\"@id\":\"https:\/\/masquenoticias.mx\/index.php\/2023\/09\/22\/viridiana-valencia-participo-en-reunion-que-encabezo-el-presidente-lopez-obrador-en-palacio-nacional\/\"},\"wordCount\":143,\"commentCount\":0,\"publisher\":{\"@id\":\"https:\/\/masquenoticias.mx\/#organization\"},\"image\":{\"@id\":\"https:\/\/masquenoticias.mx\/index.php\/2023\/09\/22\/viridiana-valencia-participo-en-reunion-que-encabezo-el-presidente-lopez-obrador-en-palacio-nacional\/#primaryimage\"},\"thumbnailUrl\":\"https:\/\/i0.wp.com\/masquenoticias.mx\/wp-content\/uploads\/2023\/09\/IMG-20230921-WA0142-jpg.webp?fit=1600%2C1066&ssl=1\",\"keywords\":[\"Viridiana Valencia\"],\"articleSection\":[\"Pol\u00edtica\"],\"inLanguage\":\"es\",\"potentialAction\":[{\"@type\":\"CommentAction\",\"name\":\"Comment\",\"target\":[\"https:\/\/masquenoticias.mx\/index.php\/2023\/09\/22\/viridiana-valencia-participo-en-reunion-que-encabezo-el-presidente-lopez-obrador-en-palacio-nacional\/#respond\"]}]},{\"@type\":\"WebPage\",\"@id\":\"https:\/\/masquenoticias.mx\/index.php\/2023\/09\/22\/viridiana-valencia-participo-en-reunion-que-encabezo-el-presidente-lopez-obrador-en-palacio-nacional\/\",\"url\":\"https:\/\/masquenoticias.mx\/index.php\/2023\/09\/22\/viridiana-valencia-participo-en-reunion-que-encabezo-el-presidente-lopez-obrador-en-palacio-nacional\/\",\"name\":\"Viridiana Valencia particip\u00f3 en reuni\u00f3n que encabez\u00f3 el presidente L\u00f3pez Obrador en Palacio Nacional - M\u00e1s Que Noticias\",\"isPartOf\":{\"@id\":\"https:\/\/masquenoticias.mx\/#website\"},\"primaryImageOfPage\":{\"@id\":\"https:\/\/masquenoticias.mx\/index.php\/2023\/09\/22\/viridiana-valencia-participo-en-reunion-que-encabezo-el-presidente-lopez-obrador-en-palacio-nacional\/#primaryimage\"},\"image\":{\"@id\":\"https:\/\/masquenoticias.mx\/index.php\/2023\/09\/22\/viridiana-valencia-participo-en-reunion-que-encabezo-el-presidente-lopez-obrador-en-palacio-nacional\/#primaryimage\"},\"thumbnailUrl\":\"https:\/\/i0.wp.com\/masquenoticias.mx\/wp-content\/uploads\/2023\/09\/IMG-20230921-WA0142-jpg.webp?fit=1600%2C1066&ssl=1\",\"datePublished\":\"2023-09-22T14:06:02+00:00\",\"dateModified\":\"2023-09-22T14:06:54+00:00\",\"breadcrumb\":{\"@id\":\"https:\/\/masquenoticias.mx\/index.php\/2023\/09\/22\/viridiana-valencia-participo-en-reunion-que-encabezo-el-presidente-lopez-obrador-en-palacio-nacional\/#breadcrumb\"},\"inLanguage\":\"es\",\"potentialAction\":[{\"@type\":\"ReadAction\",\"target\":[\"https:\/\/masquenoticias.mx\/index.php\/2023\/09\/22\/viridiana-valencia-participo-en-reunion-que-encabezo-el-presidente-lopez-obrador-en-palacio-nacional\/\"]}]},{\"@type\":\"ImageObject\",\"inLanguage\":\"es\",\"@id\":\"https:\/\/masquenoticias.mx\/index.php\/2023\/09\/22\/viridiana-valencia-participo-en-reunion-que-encabezo-el-presidente-lopez-obrador-en-palacio-nacional\/#primaryimage\",\"url\":\"https:\/\/i0.wp.com\/masquenoticias.mx\/wp-content\/uploads\/2023\/09\/IMG-20230921-WA0142-jpg.webp?fit=1600%2C1066&ssl=1\",\"contentUrl\":\"https:\/\/i0.wp.com\/masquenoticias.mx\/wp-content\/uploads\/2023\/09\/IMG-20230921-WA0142-jpg.webp?fit=1600%2C1066&ssl=1\",\"width\":1600,\"height\":1066},{\"@type\":\"BreadcrumbList\",\"@id\":\"https:\/\/masquenoticias.mx\/index.php\/2023\/09\/22\/viridiana-valencia-participo-en-reunion-que-encabezo-el-presidente-lopez-obrador-en-palacio-nacional\/#breadcrumb\",\"itemListElement\":[{\"@type\":\"ListItem\",\"position\":1,\"name\":\"Inicio\",\"item\":\"https:\/\/masquenoticias.mx\/\"},{\"@type\":\"ListItem\",\"position\":2,\"name\":\"Viridiana Valencia particip\u00f3 en reuni\u00f3n que encabez\u00f3 el presidente L\u00f3pez Obrador en Palacio Nacional\"}]},{\"@type\":\"WebSite\",\"@id\":\"https:\/\/masquenoticias.mx\/#website\",\"url\":\"https:\/\/masquenoticias.mx\/\",\"name\":\"M\u00e1s Que Noticias\",\"description\":\"Noticias de Colima, M\u00e9xico y el Mundo\",\"publisher\":{\"@id\":\"https:\/\/masquenoticias.mx\/#organization\"},\"potentialAction\":[{\"@type\":\"SearchAction\",\"target\":{\"@type\":\"EntryPoint\",\"urlTemplate\":\"https:\/\/masquenoticias.mx\/?s={search_term_string}\"},\"query-input\":{\"@type\":\"PropertyValueSpecification\",\"valueRequired\":true,\"valueName\":\"search_term_string\"}}],\"inLanguage\":\"es\"},{\"@type\":\"Organization\",\"@id\":\"https:\/\/masquenoticias.mx\/#organization\",\"name\":\"M\u00e1s Que Noticias\",\"url\":\"https:\/\/masquenoticias.mx\/\",\"logo\":{\"@type\":\"ImageObject\",\"inLanguage\":\"es\",\"@id\":\"https:\/\/masquenoticias.mx\/#\/schema\/logo\/image\/\",\"url\":\"https:\/\/i0.wp.com\/masquenoticias.mx\/wp-content\/uploads\/2024\/04\/IMG_0004.png?fit=2560%2C1656&ssl=1\",\"contentUrl\":\"https:\/\/i0.wp.com\/masquenoticias.mx\/wp-content\/uploads\/2024\/04\/IMG_0004.png?fit=2560%2C1656&ssl=1\",\"width\":2560,\"height\":1656,\"caption\":\"M\u00e1s Que Noticias\"},\"image\":{\"@id\":\"https:\/\/masquenoticias.mx\/#\/schema\/logo\/image\/\"},\"sameAs\":[\"https:\/\/www.facebook.com\/masquenoticiascolima\",\"https:\/\/x.com\/edgartove\",\"https:\/\/www.instagram.com\/masquenoticiascolima\/\"]},{\"@type\":\"Person\",\"@id\":\"https:\/\/masquenoticias.mx\/#\/schema\/person\/544d19989ef23d34615f691f7a96e622\",\"name\":\"Redacci\u00f3n\",\"image\":{\"@type\":\"ImageObject\",\"inLanguage\":\"es\",\"@id\":\"https:\/\/masquenoticias.mx\/#\/schema\/person\/image\/\",\"url\":\"https:\/\/secure.gravatar.com\/avatar\/7fcc926d5b058d3f3d52d95b4d05dd58?s=96&d=mm&r=g\",\"contentUrl\":\"https:\/\/secure.gravatar.com\/avatar\/7fcc926d5b058d3f3d52d95b4d05dd58?s=96&d=mm&r=g\",\"caption\":\"Redacci\u00f3n\"},\"sameAs\":[\"http:\/\/masquenoticias.mx\"],\"url\":\"https:\/\/masquenoticias.mx\/index.php\/author\/edgartovegmail-com\/\"}]}<\/script>\n<!-- \/ Yoast SEO plugin. -->","yoast_head_json":{"title":"Viridiana Valencia particip\u00f3 en reuni\u00f3n que encabez\u00f3 el presidente L\u00f3pez Obrador en Palacio Nacional - M\u00e1s Que Noticias","robots":{"index":"index","follow":"follow","max-snippet":"max-snippet:-1","max-image-preview":"max-image-preview:large","max-video-preview":"max-video-preview:-1"},"canonical":"https:\/\/masquenoticias.mx\/index.php\/2023\/09\/22\/viridiana-valencia-participo-en-reunion-que-encabezo-el-presidente-lopez-obrador-en-palacio-nacional\/","og_locale":"es_MX","og_type":"article","og_title":"Viridiana Valencia particip\u00f3 en reuni\u00f3n que encabez\u00f3 el presidente L\u00f3pez Obrador en Palacio Nacional - M\u00e1s Que Noticias","og_description":"La delegada de Programas para el Bienestar en Colima, Viridiana Valencia Vargas, particip\u00f3 este d\u00eda en la reuni\u00f3n encabezada por el presidente Andr\u00e9s Manuel L\u00f3pez Obrador en Palacio Nacional, donde junto con Gobernadoras y Gobernadores, Secretarias y Secretarios de Estado, as\u00ed como titulares de Bienestar en los estados, acordaron tareas de b\u00fasqueda de personas desaparecidas [&hellip;]","og_url":"https:\/\/masquenoticias.mx\/index.php\/2023\/09\/22\/viridiana-valencia-participo-en-reunion-que-encabezo-el-presidente-lopez-obrador-en-palacio-nacional\/","og_site_name":"M\u00e1s Que Noticias","article_publisher":"https:\/\/www.facebook.com\/masquenoticiascolima","article_published_time":"2023-09-22T14:06:02+00:00","article_modified_time":"2023-09-22T14:06:54+00:00","og_image":[{"width":1600,"height":1066,"url":"https:\/\/i0.wp.com\/masquenoticias.mx\/wp-content\/uploads\/2023\/09\/IMG-20230921-WA0142-jpg.webp?fit=1600%2C1066&ssl=1","type":"image\/jpeg"}],"author":"Redacci\u00f3n","twitter_card":"summary_large_image","twitter_creator":"@edgartove","twitter_site":"@edgartove","twitter_misc":{"Escrito por":"Redacci\u00f3n","Tiempo de lectura":"1 minuto"},"schema":{"@context":"https:\/\/schema.org","@graph":[{"@type":"Article","@id":"https:\/\/masquenoticias.mx\/index.php\/2023\/09\/22\/viridiana-valencia-participo-en-reunion-que-encabezo-el-presidente-lopez-obrador-en-palacio-nacional\/#article","isPartOf":{"@id":"https:\/\/masquenoticias.mx\/index.php\/2023\/09\/22\/viridiana-valencia-participo-en-reunion-que-encabezo-el-presidente-lopez-obrador-en-palacio-nacional\/"},"author":{"name":"Redacci\u00f3n","@id":"https:\/\/masquenoticias.mx\/#\/schema\/person\/544d19989ef23d34615f691f7a96e622"},"headline":"Viridiana Valencia particip\u00f3 en reuni\u00f3n que encabez\u00f3 el presidente L\u00f3pez Obrador en Palacio Nacional","datePublished":"2023-09-22T14:06:02+00:00","dateModified":"2023-09-22T14:06:54+00:00","mainEntityOfPage":{"@id":"https:\/\/masquenoticias.mx\/index.php\/2023\/09\/22\/viridiana-valencia-participo-en-reunion-que-encabezo-el-presidente-lopez-obrador-en-palacio-nacional\/"},"wordCount":143,"commentCount":0,"publisher":{"@id":"https:\/\/masquenoticias.mx\/#organization"},"image":{"@id":"https:\/\/masquenoticias.mx\/index.php\/2023\/09\/22\/viridiana-valencia-participo-en-reunion-que-encabezo-el-presidente-lopez-obrador-en-palacio-nacional\/#primaryimage"},"thumbnailUrl":"https:\/\/i0.wp.com\/masquenoticias.mx\/wp-content\/uploads\/2023\/09\/IMG-20230921-WA0142-jpg.webp?fit=1600%2C1066&ssl=1","keywords":["Viridiana Valencia"],"articleSection":["Pol\u00edtica"],"inLanguage":"es","potentialAction":[{"@type":"CommentAction","name":"Comment","target":["https:\/\/masquenoticias.mx\/index.php\/2023\/09\/22\/viridiana-valencia-participo-en-reunion-que-encabezo-el-presidente-lopez-obrador-en-palacio-nacional\/#respond"]}]},{"@type":"WebPage","@id":"https:\/\/masquenoticias.mx\/index.php\/2023\/09\/22\/viridiana-valencia-participo-en-reunion-que-encabezo-el-presidente-lopez-obrador-en-palacio-nacional\/","url":"https:\/\/masquenoticias.mx\/index.php\/2023\/09\/22\/viridiana-valencia-participo-en-reunion-que-encabezo-el-presidente-lopez-obrador-en-palacio-nacional\/","name":"Viridiana Valencia particip\u00f3 en reuni\u00f3n que encabez\u00f3 el presidente L\u00f3pez Obrador en Palacio Nacional - M\u00e1s Que Noticias","isPartOf":{"@id":"https:\/\/masquenoticias.mx\/#website"},"primaryImageOfPage":{"@id":"https:\/\/masquenoticias.mx\/index.php\/2023\/09\/22\/viridiana-valencia-participo-en-reunion-que-encabezo-el-presidente-lopez-obrador-en-palacio-nacional\/#primaryimage"},"image":{"@id":"https:\/\/masquenoticias.mx\/index.php\/2023\/09\/22\/viridiana-valencia-participo-en-reunion-que-encabezo-el-presidente-lopez-obrador-en-palacio-nacional\/#primaryimage"},"thumbnailUrl":"https:\/\/i0.wp.com\/masquenoticias.mx\/wp-content\/uploads\/2023\/09\/IMG-20230921-WA0142-jpg.webp?fit=1600%2C1066&ssl=1","datePublished":"2023-09-22T14:06:02+00:00","dateModified":"2023-09-22T14:06:54+00:00","breadcrumb":{"@id":"https:\/\/masquenoticias.mx\/index.php\/2023\/09\/22\/viridiana-valencia-participo-en-reunion-que-encabezo-el-presidente-lopez-obrador-en-palacio-nacional\/#breadcrumb"},"inLanguage":"es","potentialAction":[{"@type":"ReadAction","target":["https:\/\/masquenoticias.mx\/index.php\/2023\/09\/22\/viridiana-valencia-participo-en-reunion-que-encabezo-el-presidente-lopez-obrador-en-palacio-nacional\/"]}]},{"@type":"ImageObject","inLanguage":"es","@id":"https:\/\/masquenoticias.mx\/index.php\/2023\/09\/22\/viridiana-valencia-participo-en-reunion-que-encabezo-el-presidente-lopez-obrador-en-palacio-nacional\/#primaryimage","url":"https:\/\/i0.wp.com\/masquenoticias.mx\/wp-content\/uploads\/2023\/09\/IMG-20230921-WA0142-jpg.webp?fit=1600%2C1066&ssl=1","contentUrl":"https:\/\/i0.wp.com\/masquenoticias.mx\/wp-content\/uploads\/2023\/09\/IMG-20230921-WA0142-jpg.webp?fit=1600%2C1066&ssl=1","width":1600,"height":1066},{"@type":"BreadcrumbList","@id":"https:\/\/masquenoticias.mx\/index.php\/2023\/09\/22\/viridiana-valencia-participo-en-reunion-que-encabezo-el-presidente-lopez-obrador-en-palacio-nacional\/#breadcrumb","itemListElement":[{"@type":"ListItem","position":1,"name":"Inicio","item":"https:\/\/masquenoticias.mx\/"},{"@type":"ListItem","position":2,"name":"Viridiana Valencia particip\u00f3 en reuni\u00f3n que encabez\u00f3 el presidente L\u00f3pez Obrador en Palacio Nacional"}]},{"@type":"WebSite","@id":"https:\/\/masquenoticias.mx\/#website","url":"https:\/\/masquenoticias.mx\/","name":"M\u00e1s Que Noticias","description":"Noticias de Colima, M\u00e9xico y el Mundo","publisher":{"@id":"https:\/\/masquenoticias.mx\/#organization"},"potentialAction":[{"@type":"SearchAction","target":{"@type":"EntryPoint","urlTemplate":"https:\/\/masquenoticias.mx\/?s={search_term_string}"},"query-input":{"@type":"PropertyValueSpecification","valueRequired":true,"valueName":"search_term_string"}}],"inLanguage":"es"},{"@type":"Organization","@id":"https:\/\/masquenoticias.mx\/#organization","name":"M\u00e1s Que Noticias","url":"https:\/\/masquenoticias.mx\/","logo":{"@type":"ImageObject","inLanguage":"es","@id":"https:\/\/masquenoticias.mx\/#\/schema\/logo\/image\/","url":"https:\/\/i0.wp.com\/masquenoticias.mx\/wp-content\/uploads\/2024\/04\/IMG_0004.png?fit=2560%2C1656&ssl=1","contentUrl":"https:\/\/i0.wp.com\/masquenoticias.mx\/wp-content\/uploads\/2024\/04\/IMG_0004.png?fit=2560%2C1656&ssl=1","width":2560,"height":1656,"caption":"M\u00e1s Que Noticias"},"image":{"@id":"https:\/\/masquenoticias.mx\/#\/schema\/logo\/image\/"},"sameAs":["https:\/\/www.facebook.com\/masquenoticiascolima","https:\/\/x.com\/edgartove","https:\/\/www.instagram.com\/masquenoticiascolima\/"]},{"@type":"Person","@id":"https:\/\/masquenoticias.mx\/#\/schema\/person\/544d19989ef23d34615f691f7a96e622","name":"Redacci\u00f3n","image":{"@type":"ImageObject","inLanguage":"es","@id":"https:\/\/masquenoticias.mx\/#\/schema\/person\/image\/","url":"https:\/\/secure.gravatar.com\/avatar\/7fcc926d5b058d3f3d52d95b4d05dd58?s=96&d=mm&r=g","contentUrl":"https:\/\/secure.gravatar.com\/avatar\/7fcc926d5b058d3f3d52d95b4d05dd58?s=96&d=mm&r=g","caption":"Redacci\u00f3n"},"sameAs":["http:\/\/masquenoticias.mx"],"url":"https:\/\/masquenoticias.mx\/index.php\/author\/edgartovegmail-com\/"}]}},"jetpack_featured_media_url":"https:\/\/i0.wp.com\/masquenoticias.mx\/wp-content\/uploads\/2023\/09\/IMG-20230921-WA0142-jpg.webp?fit=1600%2C1066&ssl=1","blog_post_layout_featured_media_urls":{"thumbnail":["https:\/\/i0.wp.com\/masquenoticias.mx\/wp-content\/uploads\/2023\/09\/IMG-20230921-WA0142-jpg.webp?resize=150%2C150&ssl=1",150,150,true],"full":["https:\/\/i0.wp.com\/masquenoticias.mx\/wp-content\/uploads\/2023\/09\/IMG-20230921-WA0142-jpg.webp?fit=1600%2C1066&ssl=1",1600,1066,false]},"categories_names":{"32":{"name":"Pol\u00edtica","link":"https:\/\/masquenoticias.mx\/index.php\/category\/politica\/"}},"tags_names":{"27":{"name":"Viridiana Valencia","link":"https:\/\/masquenoticias.mx\/index.php\/tag\/viridiana-valencia\/"}},"comments_number":"0","wpmagazine_modules_lite_featured_media_urls":{"thumbnail":["https:\/\/i0.wp.com\/masquenoticias.mx\/wp-content\/uploads\/2023\/09\/IMG-20230921-WA0142-jpg.webp?resize=150%2C150&ssl=1",150,150,true],"cvmm-medium":["https:\/\/i0.wp.com\/masquenoticias.mx\/wp-content\/uploads\/2023\/09\/IMG-20230921-WA0142-jpg.webp?resize=300%2C300&ssl=1",300,300,true],"cvmm-medium-plus":["https:\/\/i0.wp.com\/masquenoticias.mx\/wp-content\/uploads\/2023\/09\/IMG-20230921-WA0142-jpg.webp?resize=305%2C207&ssl=1",305,207,true],"cvmm-portrait":["https:\/\/i0.wp.com\/masquenoticias.mx\/wp-content\/uploads\/2023\/09\/IMG-20230921-WA0142-jpg.webp?resize=400%2C600&ssl=1",400,600,true],"cvmm-medium-square":["https:\/\/i0.wp.com\/masquenoticias.mx\/wp-content\/uploads\/2023\/09\/IMG-20230921-WA0142-jpg.webp?resize=600%2C600&ssl=1",600,600,true],"cvmm-large":["https:\/\/i0.wp.com\/masquenoticias.mx\/wp-content\/uploads\/2023\/09\/IMG-20230921-WA0142-jpg.webp?resize=1024%2C1024&ssl=1",1024,1024,true],"cvmm-small":["https:\/\/i0.wp.com\/masquenoticias.mx\/wp-content\/uploads\/2023\/09\/IMG-20230921-WA0142-jpg.webp?resize=130%2C95&ssl=1",130,95,true],"full":["https:\/\/i0.wp.com\/masquenoticias.mx\/wp-content\/uploads\/2023\/09\/IMG-20230921-WA0142-jpg.webp?fit=1600%2C1066&ssl=1",1600,1066,false]},"jetpack-related-posts":[],"jetpack_sharing_enabled":true,"jetpack_likes_enabled":true,"jetpack_shortlink":"https:\/\/wp.me\/pf7pkt-GU","_links":{"self":[{"href":"https:\/\/masquenoticias.mx\/index.php\/wp-json\/wp\/v2\/posts\/2660","targetHints":{"allow":["GET"]}}],"collection":[{"href":"https:\/\/masquenoticias.mx\/index.php\/wp-json\/wp\/v2\/posts"}],"about":[{"href":"https:\/\/masquenoticias.mx\/index.php\/wp-json\/wp\/v2\/types\/post"}],"author":[{"embeddable":true,"href":"https:\/\/masquenoticias.mx\/index.php\/wp-json\/wp\/v2\/users\/1"}],"replies":[{"embeddable":true,"href":"https:\/\/masquenoticias.mx\/index.php\/wp-json\/wp\/v2\/comments?post=2660"}],"version-history":[{"count":0,"href":"https:\/\/masquenoticias.mx\/index.php\/wp-json\/wp\/v2\/posts\/2660\/revisions"}],"wp:featuredmedia":[{"embeddable":true,"href":"https:\/\/masquenoticias.mx\/index.php\/wp-json\/wp\/v2\/media\/2659"}],"wp:attachment":[{"href":"https:\/\/masquenoticias.mx\/index.php\/wp-json\/wp\/v2\/media?parent=2660"}],"wp:term":[{"taxonomy":"category","embeddable":true,"href":"https:\/\/masquenoticias.mx\/index.php\/wp-json\/wp\/v2\/categories?post=2660"},{"taxonomy":"post_tag","embeddable":true,"href":"https:\/\/masquenoticias.mx\/index.php\/wp-json\/wp\/v2\/tags?post=2660"}],"curies":[{"name":"wp","href":"https:\/\/api.w.org\/{rel}","templated":true}]}}