{"id":2572,"date":"2023-09-18T19:19:19","date_gmt":"2023-09-19T01:19:19","guid":{"rendered":"https:\/\/masquenoticias.mx\/?p=2572"},"modified":"2023-09-18T19:19:19","modified_gmt":"2023-09-19T01:19:19","slug":"gobierno-colima-confia-en-especialistas-de-semarnat-respecto-a-planta-de-amoniaco-y-urea-en-armeria","status":"publish","type":"post","link":"https:\/\/masquenoticias.mx\/index.php\/2023\/09\/18\/gobierno-colima-confia-en-especialistas-de-semarnat-respecto-a-planta-de-amoniaco-y-urea-en-armeria\/","title":{"rendered":"Gobierno Colima conf\u00eda en especialistas de Semarnat, respecto a planta de amoniaco y urea en Armer\u00eda"},"content":{"rendered":"<p style=\"font-weight: 400;\">Desde el pasado 13 de septiembre, la gobernadora del estado de Colima, Indira Vizca\u00edno Silva, se\u00f1al\u00f3 en la conferencia de prensa Di\u00e1logos por la Transformaci\u00f3n, que su administraci\u00f3n est\u00e1 en condiciones de emitir una opini\u00f3n negativa sobre la instalaci\u00f3n de una planta de amoniaco y urea en Armer\u00eda, indicando que, sin embargo, corresponde a la Secretar\u00eda de Medio Ambiente y Recursos Naturales (Semarnat) del Gobierno Federal determinar si otorgan o no esos permisos.<\/p>\n<p style=\"font-weight: 400;\">&#8220;Es poco lo que se puede incidir desde las autoridades municipales y estatales; sin embargo, si participamos en una opini\u00f3n, es decir una vez que Sermanat comienza la revisi\u00f3n, es un proceso que nos piden opini\u00f3n a nosotros (&#8230;) con la revisi\u00f3n que tiene el Imades (Instituto para el Medio Ambiente y Desarrollo Sustentable) estar\u00edamos en condiciones de emitir una opini\u00f3n negativa, por el impacto que podr\u00eda tener la calidad del agua&#8221; expres\u00f3 la mandataria estatal.<\/p>\n<p style=\"font-weight: 400;\">Indira Vizca\u00edno explic\u00f3 que lo que est\u00e1n planteando los particulares que quieren tener esta planta, en t\u00e9rminos generales, es tomar agua del mar, desalinizar, utilizarla en su proceso y esta salinidad arrojarla nuevamente al mar, lo que consider\u00f3 que eso puede tener consecuencias en la alteraci\u00f3n del PH de las aguas que hay en los alrededores. Sin embargo, insisti\u00f3 en que el gobierno estatal no tiene la informaci\u00f3n completa para saber si existe un tratamiento que pueda aminorar el impacto ambiental y as\u00ed justificar su trabajo.<\/p>\n<p style=\"font-weight: 400;\">&#8220;Confiamos en el trabajo, en el profesionalismo y en los especialistas que tiene la Semarnat y estaremos muy puntualmente atendiendo y revisando este proceso. Ni nosotros, ni el Gobierno de M\u00e9xico, estamos en las condiciones de autorizar algo que vaya en perjuicio de las y los colimenses y lo hemos demostrado con hechos&#8221;, indic\u00f3 la titular del Poder Ejecutivo estatal.<\/p>\n","protected":false},"excerpt":{"rendered":"<p>Desde el pasado 13 de septiembre, la gobernadora del estado de Colima, Indira Vizca\u00edno Silva, se\u00f1al\u00f3 en la conferencia de prensa Di\u00e1logos por la Transformaci\u00f3n, que su administraci\u00f3n est\u00e1 en condiciones de emitir una opini\u00f3n negativa sobre la instalaci\u00f3n de una planta de amoniaco y urea en Armer\u00eda, indicando que, sin embargo, corresponde a la [&hellip;]<\/p>\n","protected":false},"author":1,"featured_media":2573,"comment_status":"open","ping_status":"open","sticky":false,"template":"","format":"standard","meta":{"_jetpack_memberships_contains_paid_content":false,"footnotes":""},"categories":[24],"tags":[26],"class_list":["post-2572","post","type-post","status-publish","format-standard","has-post-thumbnail","hentry","category-estado","tag-indira-vizcaino"],"yoast_head":"<!-- This site is optimized with the Yoast SEO plugin v26.6 - https:\/\/yoast.com\/wordpress\/plugins\/seo\/ -->\n<title>Gobierno Colima conf\u00eda en especialistas de Semarnat, respecto a planta de amoniaco y urea en Armer\u00eda - M\u00e1s Que Noticias<\/title>\n<meta name=\"robots\" content=\"index, follow, max-snippet:-1, max-image-preview:large, max-video-preview:-1\" \/>\n<link rel=\"canonical\" href=\"https:\/\/masquenoticias.mx\/index.php\/2023\/09\/18\/gobierno-colima-confia-en-especialistas-de-semarnat-respecto-a-planta-de-amoniaco-y-urea-en-armeria\/\" \/>\n<meta property=\"og:locale\" content=\"es_MX\" \/>\n<meta property=\"og:type\" content=\"article\" \/>\n<meta property=\"og:title\" content=\"Gobierno Colima conf\u00eda en especialistas de Semarnat, respecto a planta de amoniaco y urea en Armer\u00eda - M\u00e1s Que Noticias\" \/>\n<meta property=\"og:description\" content=\"Desde el pasado 13 de septiembre, la gobernadora del estado de Colima, Indira Vizca\u00edno Silva, se\u00f1al\u00f3 en la conferencia de prensa Di\u00e1logos por la Transformaci\u00f3n, que su administraci\u00f3n est\u00e1 en condiciones de emitir una opini\u00f3n negativa sobre la instalaci\u00f3n de una planta de amoniaco y urea en Armer\u00eda, indicando que, sin embargo, corresponde a la [&hellip;]\" \/>\n<meta property=\"og:url\" content=\"https:\/\/masquenoticias.mx\/index.php\/2023\/09\/18\/gobierno-colima-confia-en-especialistas-de-semarnat-respecto-a-planta-de-amoniaco-y-urea-en-armeria\/\" \/>\n<meta property=\"og:site_name\" content=\"M\u00e1s Que Noticias\" \/>\n<meta property=\"article:publisher\" content=\"https:\/\/www.facebook.com\/masquenoticiascolima\" \/>\n<meta property=\"article:published_time\" content=\"2023-09-19T01:19:19+00:00\" \/>\n<meta property=\"og:image\" content=\"https:\/\/i0.wp.com\/masquenoticias.mx\/wp-content\/uploads\/2023\/09\/a34620f9-04d6-4732-b63a-59463077a93f-jpg.webp?fit=1280%2C853&ssl=1\" \/>\n\t<meta property=\"og:image:width\" content=\"1280\" \/>\n\t<meta property=\"og:image:height\" content=\"853\" \/>\n\t<meta property=\"og:image:type\" content=\"image\/jpeg\" \/>\n<meta name=\"author\" content=\"Redacci\u00f3n\" \/>\n<meta name=\"twitter:card\" content=\"summary_large_image\" \/>\n<meta name=\"twitter:creator\" content=\"@edgartove\" \/>\n<meta name=\"twitter:site\" content=\"@edgartove\" \/>\n<meta name=\"twitter:label1\" content=\"Escrito por\" \/>\n\t<meta name=\"twitter:data1\" content=\"Redacci\u00f3n\" \/>\n\t<meta name=\"twitter:label2\" content=\"Tiempo de lectura\" \/>\n\t<meta name=\"twitter:data2\" content=\"2 minutos\" \/>\n<script type=\"application\/ld+json\" class=\"yoast-schema-graph\">{\"@context\":\"https:\/\/schema.org\",\"@graph\":[{\"@type\":\"Article\",\"@id\":\"https:\/\/masquenoticias.mx\/index.php\/2023\/09\/18\/gobierno-colima-confia-en-especialistas-de-semarnat-respecto-a-planta-de-amoniaco-y-urea-en-armeria\/#article\",\"isPartOf\":{\"@id\":\"https:\/\/masquenoticias.mx\/index.php\/2023\/09\/18\/gobierno-colima-confia-en-especialistas-de-semarnat-respecto-a-planta-de-amoniaco-y-urea-en-armeria\/\"},\"author\":{\"name\":\"Redacci\u00f3n\",\"@id\":\"https:\/\/masquenoticias.mx\/#\/schema\/person\/544d19989ef23d34615f691f7a96e622\"},\"headline\":\"Gobierno Colima conf\u00eda en especialistas de Semarnat, respecto a planta de amoniaco y urea en Armer\u00eda\",\"datePublished\":\"2023-09-19T01:19:19+00:00\",\"mainEntityOfPage\":{\"@id\":\"https:\/\/masquenoticias.mx\/index.php\/2023\/09\/18\/gobierno-colima-confia-en-especialistas-de-semarnat-respecto-a-planta-de-amoniaco-y-urea-en-armeria\/\"},\"wordCount\":333,\"commentCount\":0,\"publisher\":{\"@id\":\"https:\/\/masquenoticias.mx\/#organization\"},\"image\":{\"@id\":\"https:\/\/masquenoticias.mx\/index.php\/2023\/09\/18\/gobierno-colima-confia-en-especialistas-de-semarnat-respecto-a-planta-de-amoniaco-y-urea-en-armeria\/#primaryimage\"},\"thumbnailUrl\":\"https:\/\/i0.wp.com\/masquenoticias.mx\/wp-content\/uploads\/2023\/09\/a34620f9-04d6-4732-b63a-59463077a93f-jpg.webp?fit=1280%2C853&ssl=1\",\"keywords\":[\"Indira Vizca\u00edno\"],\"articleSection\":[\"Estado\"],\"inLanguage\":\"es\",\"potentialAction\":[{\"@type\":\"CommentAction\",\"name\":\"Comment\",\"target\":[\"https:\/\/masquenoticias.mx\/index.php\/2023\/09\/18\/gobierno-colima-confia-en-especialistas-de-semarnat-respecto-a-planta-de-amoniaco-y-urea-en-armeria\/#respond\"]}]},{\"@type\":\"WebPage\",\"@id\":\"https:\/\/masquenoticias.mx\/index.php\/2023\/09\/18\/gobierno-colima-confia-en-especialistas-de-semarnat-respecto-a-planta-de-amoniaco-y-urea-en-armeria\/\",\"url\":\"https:\/\/masquenoticias.mx\/index.php\/2023\/09\/18\/gobierno-colima-confia-en-especialistas-de-semarnat-respecto-a-planta-de-amoniaco-y-urea-en-armeria\/\",\"name\":\"Gobierno Colima conf\u00eda en especialistas de Semarnat, respecto a planta de amoniaco y urea en Armer\u00eda - M\u00e1s Que Noticias\",\"isPartOf\":{\"@id\":\"https:\/\/masquenoticias.mx\/#website\"},\"primaryImageOfPage\":{\"@id\":\"https:\/\/masquenoticias.mx\/index.php\/2023\/09\/18\/gobierno-colima-confia-en-especialistas-de-semarnat-respecto-a-planta-de-amoniaco-y-urea-en-armeria\/#primaryimage\"},\"image\":{\"@id\":\"https:\/\/masquenoticias.mx\/index.php\/2023\/09\/18\/gobierno-colima-confia-en-especialistas-de-semarnat-respecto-a-planta-de-amoniaco-y-urea-en-armeria\/#primaryimage\"},\"thumbnailUrl\":\"https:\/\/i0.wp.com\/masquenoticias.mx\/wp-content\/uploads\/2023\/09\/a34620f9-04d6-4732-b63a-59463077a93f-jpg.webp?fit=1280%2C853&ssl=1\",\"datePublished\":\"2023-09-19T01:19:19+00:00\",\"breadcrumb\":{\"@id\":\"https:\/\/masquenoticias.mx\/index.php\/2023\/09\/18\/gobierno-colima-confia-en-especialistas-de-semarnat-respecto-a-planta-de-amoniaco-y-urea-en-armeria\/#breadcrumb\"},\"inLanguage\":\"es\",\"potentialAction\":[{\"@type\":\"ReadAction\",\"target\":[\"https:\/\/masquenoticias.mx\/index.php\/2023\/09\/18\/gobierno-colima-confia-en-especialistas-de-semarnat-respecto-a-planta-de-amoniaco-y-urea-en-armeria\/\"]}]},{\"@type\":\"ImageObject\",\"inLanguage\":\"es\",\"@id\":\"https:\/\/masquenoticias.mx\/index.php\/2023\/09\/18\/gobierno-colima-confia-en-especialistas-de-semarnat-respecto-a-planta-de-amoniaco-y-urea-en-armeria\/#primaryimage\",\"url\":\"https:\/\/i0.wp.com\/masquenoticias.mx\/wp-content\/uploads\/2023\/09\/a34620f9-04d6-4732-b63a-59463077a93f-jpg.webp?fit=1280%2C853&ssl=1\",\"contentUrl\":\"https:\/\/i0.wp.com\/masquenoticias.mx\/wp-content\/uploads\/2023\/09\/a34620f9-04d6-4732-b63a-59463077a93f-jpg.webp?fit=1280%2C853&ssl=1\",\"width\":1280,\"height\":853},{\"@type\":\"BreadcrumbList\",\"@id\":\"https:\/\/masquenoticias.mx\/index.php\/2023\/09\/18\/gobierno-colima-confia-en-especialistas-de-semarnat-respecto-a-planta-de-amoniaco-y-urea-en-armeria\/#breadcrumb\",\"itemListElement\":[{\"@type\":\"ListItem\",\"position\":1,\"name\":\"Inicio\",\"item\":\"https:\/\/masquenoticias.mx\/\"},{\"@type\":\"ListItem\",\"position\":2,\"name\":\"Gobierno Colima conf\u00eda en especialistas de Semarnat, respecto a planta de amoniaco y urea en Armer\u00eda\"}]},{\"@type\":\"WebSite\",\"@id\":\"https:\/\/masquenoticias.mx\/#website\",\"url\":\"https:\/\/masquenoticias.mx\/\",\"name\":\"M\u00e1s Que Noticias\",\"description\":\"Noticias de Colima, M\u00e9xico y el Mundo\",\"publisher\":{\"@id\":\"https:\/\/masquenoticias.mx\/#organization\"},\"potentialAction\":[{\"@type\":\"SearchAction\",\"target\":{\"@type\":\"EntryPoint\",\"urlTemplate\":\"https:\/\/masquenoticias.mx\/?s={search_term_string}\"},\"query-input\":{\"@type\":\"PropertyValueSpecification\",\"valueRequired\":true,\"valueName\":\"search_term_string\"}}],\"inLanguage\":\"es\"},{\"@type\":\"Organization\",\"@id\":\"https:\/\/masquenoticias.mx\/#organization\",\"name\":\"M\u00e1s Que Noticias\",\"url\":\"https:\/\/masquenoticias.mx\/\",\"logo\":{\"@type\":\"ImageObject\",\"inLanguage\":\"es\",\"@id\":\"https:\/\/masquenoticias.mx\/#\/schema\/logo\/image\/\",\"url\":\"https:\/\/i0.wp.com\/masquenoticias.mx\/wp-content\/uploads\/2024\/04\/IMG_0004.png?fit=2560%2C1656&ssl=1\",\"contentUrl\":\"https:\/\/i0.wp.com\/masquenoticias.mx\/wp-content\/uploads\/2024\/04\/IMG_0004.png?fit=2560%2C1656&ssl=1\",\"width\":2560,\"height\":1656,\"caption\":\"M\u00e1s Que Noticias\"},\"image\":{\"@id\":\"https:\/\/masquenoticias.mx\/#\/schema\/logo\/image\/\"},\"sameAs\":[\"https:\/\/www.facebook.com\/masquenoticiascolima\",\"https:\/\/x.com\/edgartove\",\"https:\/\/www.instagram.com\/masquenoticiascolima\/\"]},{\"@type\":\"Person\",\"@id\":\"https:\/\/masquenoticias.mx\/#\/schema\/person\/544d19989ef23d34615f691f7a96e622\",\"name\":\"Redacci\u00f3n\",\"image\":{\"@type\":\"ImageObject\",\"inLanguage\":\"es\",\"@id\":\"https:\/\/masquenoticias.mx\/#\/schema\/person\/image\/\",\"url\":\"https:\/\/secure.gravatar.com\/avatar\/7fcc926d5b058d3f3d52d95b4d05dd58?s=96&d=mm&r=g\",\"contentUrl\":\"https:\/\/secure.gravatar.com\/avatar\/7fcc926d5b058d3f3d52d95b4d05dd58?s=96&d=mm&r=g\",\"caption\":\"Redacci\u00f3n\"},\"sameAs\":[\"http:\/\/masquenoticias.mx\"],\"url\":\"https:\/\/masquenoticias.mx\/index.php\/author\/edgartovegmail-com\/\"}]}<\/script>\n<!-- \/ Yoast SEO plugin. -->","yoast_head_json":{"title":"Gobierno Colima conf\u00eda en especialistas de Semarnat, respecto a planta de amoniaco y urea en Armer\u00eda - M\u00e1s Que Noticias","robots":{"index":"index","follow":"follow","max-snippet":"max-snippet:-1","max-image-preview":"max-image-preview:large","max-video-preview":"max-video-preview:-1"},"canonical":"https:\/\/masquenoticias.mx\/index.php\/2023\/09\/18\/gobierno-colima-confia-en-especialistas-de-semarnat-respecto-a-planta-de-amoniaco-y-urea-en-armeria\/","og_locale":"es_MX","og_type":"article","og_title":"Gobierno Colima conf\u00eda en especialistas de Semarnat, respecto a planta de amoniaco y urea en Armer\u00eda - M\u00e1s Que Noticias","og_description":"Desde el pasado 13 de septiembre, la gobernadora del estado de Colima, Indira Vizca\u00edno Silva, se\u00f1al\u00f3 en la conferencia de prensa Di\u00e1logos por la Transformaci\u00f3n, que su administraci\u00f3n est\u00e1 en condiciones de emitir una opini\u00f3n negativa sobre la instalaci\u00f3n de una planta de amoniaco y urea en Armer\u00eda, indicando que, sin embargo, corresponde a la [&hellip;]","og_url":"https:\/\/masquenoticias.mx\/index.php\/2023\/09\/18\/gobierno-colima-confia-en-especialistas-de-semarnat-respecto-a-planta-de-amoniaco-y-urea-en-armeria\/","og_site_name":"M\u00e1s Que Noticias","article_publisher":"https:\/\/www.facebook.com\/masquenoticiascolima","article_published_time":"2023-09-19T01:19:19+00:00","og_image":[{"width":1280,"height":853,"url":"https:\/\/i0.wp.com\/masquenoticias.mx\/wp-content\/uploads\/2023\/09\/a34620f9-04d6-4732-b63a-59463077a93f-jpg.webp?fit=1280%2C853&ssl=1","type":"image\/jpeg"}],"author":"Redacci\u00f3n","twitter_card":"summary_large_image","twitter_creator":"@edgartove","twitter_site":"@edgartove","twitter_misc":{"Escrito por":"Redacci\u00f3n","Tiempo de lectura":"2 minutos"},"schema":{"@context":"https:\/\/schema.org","@graph":[{"@type":"Article","@id":"https:\/\/masquenoticias.mx\/index.php\/2023\/09\/18\/gobierno-colima-confia-en-especialistas-de-semarnat-respecto-a-planta-de-amoniaco-y-urea-en-armeria\/#article","isPartOf":{"@id":"https:\/\/masquenoticias.mx\/index.php\/2023\/09\/18\/gobierno-colima-confia-en-especialistas-de-semarnat-respecto-a-planta-de-amoniaco-y-urea-en-armeria\/"},"author":{"name":"Redacci\u00f3n","@id":"https:\/\/masquenoticias.mx\/#\/schema\/person\/544d19989ef23d34615f691f7a96e622"},"headline":"Gobierno Colima conf\u00eda en especialistas de Semarnat, respecto a planta de amoniaco y urea en Armer\u00eda","datePublished":"2023-09-19T01:19:19+00:00","mainEntityOfPage":{"@id":"https:\/\/masquenoticias.mx\/index.php\/2023\/09\/18\/gobierno-colima-confia-en-especialistas-de-semarnat-respecto-a-planta-de-amoniaco-y-urea-en-armeria\/"},"wordCount":333,"commentCount":0,"publisher":{"@id":"https:\/\/masquenoticias.mx\/#organization"},"image":{"@id":"https:\/\/masquenoticias.mx\/index.php\/2023\/09\/18\/gobierno-colima-confia-en-especialistas-de-semarnat-respecto-a-planta-de-amoniaco-y-urea-en-armeria\/#primaryimage"},"thumbnailUrl":"https:\/\/i0.wp.com\/masquenoticias.mx\/wp-content\/uploads\/2023\/09\/a34620f9-04d6-4732-b63a-59463077a93f-jpg.webp?fit=1280%2C853&ssl=1","keywords":["Indira Vizca\u00edno"],"articleSection":["Estado"],"inLanguage":"es","potentialAction":[{"@type":"CommentAction","name":"Comment","target":["https:\/\/masquenoticias.mx\/index.php\/2023\/09\/18\/gobierno-colima-confia-en-especialistas-de-semarnat-respecto-a-planta-de-amoniaco-y-urea-en-armeria\/#respond"]}]},{"@type":"WebPage","@id":"https:\/\/masquenoticias.mx\/index.php\/2023\/09\/18\/gobierno-colima-confia-en-especialistas-de-semarnat-respecto-a-planta-de-amoniaco-y-urea-en-armeria\/","url":"https:\/\/masquenoticias.mx\/index.php\/2023\/09\/18\/gobierno-colima-confia-en-especialistas-de-semarnat-respecto-a-planta-de-amoniaco-y-urea-en-armeria\/","name":"Gobierno Colima conf\u00eda en especialistas de Semarnat, respecto a planta de amoniaco y urea en Armer\u00eda - M\u00e1s Que Noticias","isPartOf":{"@id":"https:\/\/masquenoticias.mx\/#website"},"primaryImageOfPage":{"@id":"https:\/\/masquenoticias.mx\/index.php\/2023\/09\/18\/gobierno-colima-confia-en-especialistas-de-semarnat-respecto-a-planta-de-amoniaco-y-urea-en-armeria\/#primaryimage"},"image":{"@id":"https:\/\/masquenoticias.mx\/index.php\/2023\/09\/18\/gobierno-colima-confia-en-especialistas-de-semarnat-respecto-a-planta-de-amoniaco-y-urea-en-armeria\/#primaryimage"},"thumbnailUrl":"https:\/\/i0.wp.com\/masquenoticias.mx\/wp-content\/uploads\/2023\/09\/a34620f9-04d6-4732-b63a-59463077a93f-jpg.webp?fit=1280%2C853&ssl=1","datePublished":"2023-09-19T01:19:19+00:00","breadcrumb":{"@id":"https:\/\/masquenoticias.mx\/index.php\/2023\/09\/18\/gobierno-colima-confia-en-especialistas-de-semarnat-respecto-a-planta-de-amoniaco-y-urea-en-armeria\/#breadcrumb"},"inLanguage":"es","potentialAction":[{"@type":"ReadAction","target":["https:\/\/masquenoticias.mx\/index.php\/2023\/09\/18\/gobierno-colima-confia-en-especialistas-de-semarnat-respecto-a-planta-de-amoniaco-y-urea-en-armeria\/"]}]},{"@type":"ImageObject","inLanguage":"es","@id":"https:\/\/masquenoticias.mx\/index.php\/2023\/09\/18\/gobierno-colima-confia-en-especialistas-de-semarnat-respecto-a-planta-de-amoniaco-y-urea-en-armeria\/#primaryimage","url":"https:\/\/i0.wp.com\/masquenoticias.mx\/wp-content\/uploads\/2023\/09\/a34620f9-04d6-4732-b63a-59463077a93f-jpg.webp?fit=1280%2C853&ssl=1","contentUrl":"https:\/\/i0.wp.com\/masquenoticias.mx\/wp-content\/uploads\/2023\/09\/a34620f9-04d6-4732-b63a-59463077a93f-jpg.webp?fit=1280%2C853&ssl=1","width":1280,"height":853},{"@type":"BreadcrumbList","@id":"https:\/\/masquenoticias.mx\/index.php\/2023\/09\/18\/gobierno-colima-confia-en-especialistas-de-semarnat-respecto-a-planta-de-amoniaco-y-urea-en-armeria\/#breadcrumb","itemListElement":[{"@type":"ListItem","position":1,"name":"Inicio","item":"https:\/\/masquenoticias.mx\/"},{"@type":"ListItem","position":2,"name":"Gobierno Colima conf\u00eda en especialistas de Semarnat, respecto a planta de amoniaco y urea en Armer\u00eda"}]},{"@type":"WebSite","@id":"https:\/\/masquenoticias.mx\/#website","url":"https:\/\/masquenoticias.mx\/","name":"M\u00e1s Que Noticias","description":"Noticias de Colima, M\u00e9xico y el Mundo","publisher":{"@id":"https:\/\/masquenoticias.mx\/#organization"},"potentialAction":[{"@type":"SearchAction","target":{"@type":"EntryPoint","urlTemplate":"https:\/\/masquenoticias.mx\/?s={search_term_string}"},"query-input":{"@type":"PropertyValueSpecification","valueRequired":true,"valueName":"search_term_string"}}],"inLanguage":"es"},{"@type":"Organization","@id":"https:\/\/masquenoticias.mx\/#organization","name":"M\u00e1s Que Noticias","url":"https:\/\/masquenoticias.mx\/","logo":{"@type":"ImageObject","inLanguage":"es","@id":"https:\/\/masquenoticias.mx\/#\/schema\/logo\/image\/","url":"https:\/\/i0.wp.com\/masquenoticias.mx\/wp-content\/uploads\/2024\/04\/IMG_0004.png?fit=2560%2C1656&ssl=1","contentUrl":"https:\/\/i0.wp.com\/masquenoticias.mx\/wp-content\/uploads\/2024\/04\/IMG_0004.png?fit=2560%2C1656&ssl=1","width":2560,"height":1656,"caption":"M\u00e1s Que Noticias"},"image":{"@id":"https:\/\/masquenoticias.mx\/#\/schema\/logo\/image\/"},"sameAs":["https:\/\/www.facebook.com\/masquenoticiascolima","https:\/\/x.com\/edgartove","https:\/\/www.instagram.com\/masquenoticiascolima\/"]},{"@type":"Person","@id":"https:\/\/masquenoticias.mx\/#\/schema\/person\/544d19989ef23d34615f691f7a96e622","name":"Redacci\u00f3n","image":{"@type":"ImageObject","inLanguage":"es","@id":"https:\/\/masquenoticias.mx\/#\/schema\/person\/image\/","url":"https:\/\/secure.gravatar.com\/avatar\/7fcc926d5b058d3f3d52d95b4d05dd58?s=96&d=mm&r=g","contentUrl":"https:\/\/secure.gravatar.com\/avatar\/7fcc926d5b058d3f3d52d95b4d05dd58?s=96&d=mm&r=g","caption":"Redacci\u00f3n"},"sameAs":["http:\/\/masquenoticias.mx"],"url":"https:\/\/masquenoticias.mx\/index.php\/author\/edgartovegmail-com\/"}]}},"jetpack_featured_media_url":"https:\/\/i0.wp.com\/masquenoticias.mx\/wp-content\/uploads\/2023\/09\/a34620f9-04d6-4732-b63a-59463077a93f-jpg.webp?fit=1280%2C853&ssl=1","blog_post_layout_featured_media_urls":{"thumbnail":["https:\/\/i0.wp.com\/masquenoticias.mx\/wp-content\/uploads\/2023\/09\/a34620f9-04d6-4732-b63a-59463077a93f-jpg.webp?resize=150%2C150&ssl=1",150,150,true],"full":["https:\/\/i0.wp.com\/masquenoticias.mx\/wp-content\/uploads\/2023\/09\/a34620f9-04d6-4732-b63a-59463077a93f-jpg.webp?fit=1280%2C853&ssl=1",1280,853,false]},"categories_names":{"24":{"name":"Estado","link":"https:\/\/masquenoticias.mx\/index.php\/category\/estado\/"}},"tags_names":{"26":{"name":"Indira Vizca\u00edno","link":"https:\/\/masquenoticias.mx\/index.php\/tag\/indira-vizcaino\/"}},"comments_number":"0","wpmagazine_modules_lite_featured_media_urls":{"thumbnail":["https:\/\/i0.wp.com\/masquenoticias.mx\/wp-content\/uploads\/2023\/09\/a34620f9-04d6-4732-b63a-59463077a93f-jpg.webp?resize=150%2C150&ssl=1",150,150,true],"cvmm-medium":["https:\/\/i0.wp.com\/masquenoticias.mx\/wp-content\/uploads\/2023\/09\/a34620f9-04d6-4732-b63a-59463077a93f-jpg.webp?resize=300%2C300&ssl=1",300,300,true],"cvmm-medium-plus":["https:\/\/i0.wp.com\/masquenoticias.mx\/wp-content\/uploads\/2023\/09\/a34620f9-04d6-4732-b63a-59463077a93f-jpg.webp?resize=305%2C207&ssl=1",305,207,true],"cvmm-portrait":["https:\/\/i0.wp.com\/masquenoticias.mx\/wp-content\/uploads\/2023\/09\/a34620f9-04d6-4732-b63a-59463077a93f-jpg.webp?resize=400%2C600&ssl=1",400,600,true],"cvmm-medium-square":["https:\/\/i0.wp.com\/masquenoticias.mx\/wp-content\/uploads\/2023\/09\/a34620f9-04d6-4732-b63a-59463077a93f-jpg.webp?resize=600%2C600&ssl=1",600,600,true],"cvmm-large":["https:\/\/i0.wp.com\/masquenoticias.mx\/wp-content\/uploads\/2023\/09\/a34620f9-04d6-4732-b63a-59463077a93f-jpg.webp?resize=1024%2C853&ssl=1",1024,853,true],"cvmm-small":["https:\/\/i0.wp.com\/masquenoticias.mx\/wp-content\/uploads\/2023\/09\/a34620f9-04d6-4732-b63a-59463077a93f-jpg.webp?resize=130%2C95&ssl=1",130,95,true],"full":["https:\/\/i0.wp.com\/masquenoticias.mx\/wp-content\/uploads\/2023\/09\/a34620f9-04d6-4732-b63a-59463077a93f-jpg.webp?fit=1280%2C853&ssl=1",1280,853,false]},"jetpack-related-posts":[],"jetpack_sharing_enabled":true,"jetpack_likes_enabled":true,"jetpack_shortlink":"https:\/\/wp.me\/pf7pkt-Fu","_links":{"self":[{"href":"https:\/\/masquenoticias.mx\/index.php\/wp-json\/wp\/v2\/posts\/2572","targetHints":{"allow":["GET"]}}],"collection":[{"href":"https:\/\/masquenoticias.mx\/index.php\/wp-json\/wp\/v2\/posts"}],"about":[{"href":"https:\/\/masquenoticias.mx\/index.php\/wp-json\/wp\/v2\/types\/post"}],"author":[{"embeddable":true,"href":"https:\/\/masquenoticias.mx\/index.php\/wp-json\/wp\/v2\/users\/1"}],"replies":[{"embeddable":true,"href":"https:\/\/masquenoticias.mx\/index.php\/wp-json\/wp\/v2\/comments?post=2572"}],"version-history":[{"count":0,"href":"https:\/\/masquenoticias.mx\/index.php\/wp-json\/wp\/v2\/posts\/2572\/revisions"}],"wp:featuredmedia":[{"embeddable":true,"href":"https:\/\/masquenoticias.mx\/index.php\/wp-json\/wp\/v2\/media\/2573"}],"wp:attachment":[{"href":"https:\/\/masquenoticias.mx\/index.php\/wp-json\/wp\/v2\/media?parent=2572"}],"wp:term":[{"taxonomy":"category","embeddable":true,"href":"https:\/\/masquenoticias.mx\/index.php\/wp-json\/wp\/v2\/categories?post=2572"},{"taxonomy":"post_tag","embeddable":true,"href":"https:\/\/masquenoticias.mx\/index.php\/wp-json\/wp\/v2\/tags?post=2572"}],"curies":[{"name":"wp","href":"https:\/\/api.w.org\/{rel}","templated":true}]}}