{"id":24996,"date":"2026-09-04T22:12:04","date_gmt":"2026-09-05T04:12:04","guid":{"rendered":"https:\/\/masquenoticias.mx\/?p=24996"},"modified":"2026-09-04T22:12:04","modified_gmt":"2026-09-05T04:12:04","slug":"junta-de-asistencia-privada-de-colima-afina-la-colecta-anual-diamante-de-la-solidaridad-2026","status":"publish","type":"post","link":"https:\/\/masquenoticias.mx\/index.php\/2026\/09\/04\/junta-de-asistencia-privada-de-colima-afina-la-colecta-anual-diamante-de-la-solidaridad-2026\/","title":{"rendered":"Junta de Asistencia Privada de Colima afina la colecta anual &#8216;Diamante de la Solidaridad 2026&#8217;"},"content":{"rendered":"<p>En el estado de Colima, bajo la administraci\u00f3n de la gobernadora Indira Vizca\u00edno Silva, la Junta de Asistencia Privada (JAP) realiza los preparativos finales para la colecta anual \u2018Diamante de la Solidaridad 2026\u2019, que iniciar\u00e1 el 14 de octubre y busca reunir apoyos para las Instituciones de Asistencia Privada (IAP) que trabajan a favor de distintos sectores de la poblaci\u00f3n en la entidad.<\/p>\n<p>Mar\u00eda Elvira Ceballos Acosta, presidenta de la Junta de Asistencia Privada, encabeza los trabajos de preparaci\u00f3n de esta edici\u00f3n, en la que participan 47 instituciones que atienden a personas en situaci\u00f3n de vulnerabilidad en muy diversas \u00e1reas: atenci\u00f3n de adicciones, discapacidad, ni\u00f1as, ni\u00f1os y adolescentes; personas adultas mayores; promoci\u00f3n humana y salud, entre otros rubros.<\/p>\n","protected":false},"excerpt":{"rendered":"<p>En el estado de Colima, bajo la administraci\u00f3n de la gobernadora Indira Vizca\u00edno Silva, la Junta de Asistencia Privada (JAP) realiza los preparativos finales para la colecta anual \u2018Diamante de la Solidaridad 2026\u2019, que iniciar\u00e1 el 14 de octubre y busca reunir apoyos para las Instituciones de Asistencia Privada (IAP) que trabajan a favor de [&hellip;]<\/p>\n","protected":false},"author":1,"featured_media":24997,"comment_status":"open","ping_status":"open","sticky":false,"template":"","format":"standard","meta":{"_jetpack_memberships_contains_paid_content":false,"footnotes":""},"categories":[24],"tags":[198],"class_list":["post-24996","post","type-post","status-publish","format-standard","has-post-thumbnail","hentry","category-estado","tag-jap"],"yoast_head":"<!-- This site is optimized with the Yoast SEO plugin v26.6 - https:\/\/yoast.com\/wordpress\/plugins\/seo\/ -->\n<title>Junta de Asistencia Privada de Colima afina la colecta anual &#039;Diamante de la Solidaridad 2026&#039; - M\u00e1s Que Noticias<\/title>\n<meta name=\"robots\" content=\"index, follow, max-snippet:-1, max-image-preview:large, max-video-preview:-1\" \/>\n<link rel=\"canonical\" href=\"https:\/\/masquenoticias.mx\/index.php\/2026\/09\/04\/junta-de-asistencia-privada-de-colima-afina-la-colecta-anual-diamante-de-la-solidaridad-2026\/\" \/>\n<meta property=\"og:locale\" content=\"es_MX\" \/>\n<meta property=\"og:type\" content=\"article\" \/>\n<meta property=\"og:title\" content=\"Junta de Asistencia Privada de Colima afina la colecta anual &#039;Diamante de la Solidaridad 2026&#039; - M\u00e1s Que Noticias\" \/>\n<meta property=\"og:description\" content=\"En el estado de Colima, bajo la administraci\u00f3n de la gobernadora Indira Vizca\u00edno Silva, la Junta de Asistencia Privada (JAP) realiza los preparativos finales para la colecta anual \u2018Diamante de la Solidaridad 2026\u2019, que iniciar\u00e1 el 14 de octubre y busca reunir apoyos para las Instituciones de Asistencia Privada (IAP) que trabajan a favor de [&hellip;]\" \/>\n<meta property=\"og:url\" content=\"https:\/\/masquenoticias.mx\/index.php\/2026\/09\/04\/junta-de-asistencia-privada-de-colima-afina-la-colecta-anual-diamante-de-la-solidaridad-2026\/\" \/>\n<meta property=\"og:site_name\" content=\"M\u00e1s Que Noticias\" \/>\n<meta property=\"article:publisher\" content=\"https:\/\/www.facebook.com\/masquenoticiascolima\" \/>\n<meta property=\"article:published_time\" content=\"2026-09-05T04:12:04+00:00\" \/>\n<meta property=\"og:image\" content=\"https:\/\/masquenoticias.mx\/wp-content\/uploads\/2026\/09\/WhatsApp-Image-2026-09-04-at-4.33.21-PM.jpeg\" \/>\n\t<meta property=\"og:image:width\" content=\"1280\" \/>\n\t<meta property=\"og:image:height\" content=\"720\" \/>\n\t<meta property=\"og:image:type\" content=\"image\/jpeg\" \/>\n<meta name=\"author\" content=\"Redacci\u00f3n\" \/>\n<meta name=\"twitter:card\" content=\"summary_large_image\" \/>\n<meta name=\"twitter:creator\" content=\"@edgartove\" \/>\n<meta name=\"twitter:site\" content=\"@edgartove\" \/>\n<meta name=\"twitter:label1\" content=\"Escrito por\" \/>\n\t<meta name=\"twitter:data1\" content=\"Redacci\u00f3n\" \/>\n\t<meta name=\"twitter:label2\" content=\"Tiempo de lectura\" \/>\n\t<meta name=\"twitter:data2\" content=\"1 minuto\" \/>\n<script type=\"application\/ld+json\" class=\"yoast-schema-graph\">{\"@context\":\"https:\/\/schema.org\",\"@graph\":[{\"@type\":\"Article\",\"@id\":\"https:\/\/masquenoticias.mx\/index.php\/2026\/09\/04\/junta-de-asistencia-privada-de-colima-afina-la-colecta-anual-diamante-de-la-solidaridad-2026\/#article\",\"isPartOf\":{\"@id\":\"https:\/\/masquenoticias.mx\/index.php\/2026\/09\/04\/junta-de-asistencia-privada-de-colima-afina-la-colecta-anual-diamante-de-la-solidaridad-2026\/\"},\"author\":{\"name\":\"Redacci\u00f3n\",\"@id\":\"https:\/\/masquenoticias.mx\/#\/schema\/person\/544d19989ef23d34615f691f7a96e622\"},\"headline\":\"Junta de Asistencia Privada de Colima afina la colecta anual &#8216;Diamante de la Solidaridad 2026&#8217;\",\"datePublished\":\"2026-09-05T04:12:04+00:00\",\"mainEntityOfPage\":{\"@id\":\"https:\/\/masquenoticias.mx\/index.php\/2026\/09\/04\/junta-de-asistencia-privada-de-colima-afina-la-colecta-anual-diamante-de-la-solidaridad-2026\/\"},\"wordCount\":140,\"commentCount\":0,\"publisher\":{\"@id\":\"https:\/\/masquenoticias.mx\/#organization\"},\"image\":{\"@id\":\"https:\/\/masquenoticias.mx\/index.php\/2026\/09\/04\/junta-de-asistencia-privada-de-colima-afina-la-colecta-anual-diamante-de-la-solidaridad-2026\/#primaryimage\"},\"thumbnailUrl\":\"https:\/\/i0.wp.com\/masquenoticias.mx\/wp-content\/uploads\/2026\/09\/WhatsApp-Image-2026-09-04-at-4.33.21-PM.jpeg?fit=1280%2C720&ssl=1\",\"keywords\":[\"JAP\"],\"articleSection\":[\"Estado\"],\"inLanguage\":\"es\",\"potentialAction\":[{\"@type\":\"CommentAction\",\"name\":\"Comment\",\"target\":[\"https:\/\/masquenoticias.mx\/index.php\/2026\/09\/04\/junta-de-asistencia-privada-de-colima-afina-la-colecta-anual-diamante-de-la-solidaridad-2026\/#respond\"]}]},{\"@type\":\"WebPage\",\"@id\":\"https:\/\/masquenoticias.mx\/index.php\/2026\/09\/04\/junta-de-asistencia-privada-de-colima-afina-la-colecta-anual-diamante-de-la-solidaridad-2026\/\",\"url\":\"https:\/\/masquenoticias.mx\/index.php\/2026\/09\/04\/junta-de-asistencia-privada-de-colima-afina-la-colecta-anual-diamante-de-la-solidaridad-2026\/\",\"name\":\"Junta de Asistencia Privada de Colima afina la colecta anual 'Diamante de la Solidaridad 2026' - M\u00e1s Que Noticias\",\"isPartOf\":{\"@id\":\"https:\/\/masquenoticias.mx\/#website\"},\"primaryImageOfPage\":{\"@id\":\"https:\/\/masquenoticias.mx\/index.php\/2026\/09\/04\/junta-de-asistencia-privada-de-colima-afina-la-colecta-anual-diamante-de-la-solidaridad-2026\/#primaryimage\"},\"image\":{\"@id\":\"https:\/\/masquenoticias.mx\/index.php\/2026\/09\/04\/junta-de-asistencia-privada-de-colima-afina-la-colecta-anual-diamante-de-la-solidaridad-2026\/#primaryimage\"},\"thumbnailUrl\":\"https:\/\/i0.wp.com\/masquenoticias.mx\/wp-content\/uploads\/2026\/09\/WhatsApp-Image-2026-09-04-at-4.33.21-PM.jpeg?fit=1280%2C720&ssl=1\",\"datePublished\":\"2026-09-05T04:12:04+00:00\",\"breadcrumb\":{\"@id\":\"https:\/\/masquenoticias.mx\/index.php\/2026\/09\/04\/junta-de-asistencia-privada-de-colima-afina-la-colecta-anual-diamante-de-la-solidaridad-2026\/#breadcrumb\"},\"inLanguage\":\"es\",\"potentialAction\":[{\"@type\":\"ReadAction\",\"target\":[\"https:\/\/masquenoticias.mx\/index.php\/2026\/09\/04\/junta-de-asistencia-privada-de-colima-afina-la-colecta-anual-diamante-de-la-solidaridad-2026\/\"]}]},{\"@type\":\"ImageObject\",\"inLanguage\":\"es\",\"@id\":\"https:\/\/masquenoticias.mx\/index.php\/2026\/09\/04\/junta-de-asistencia-privada-de-colima-afina-la-colecta-anual-diamante-de-la-solidaridad-2026\/#primaryimage\",\"url\":\"https:\/\/i0.wp.com\/masquenoticias.mx\/wp-content\/uploads\/2026\/09\/WhatsApp-Image-2026-09-04-at-4.33.21-PM.jpeg?fit=1280%2C720&ssl=1\",\"contentUrl\":\"https:\/\/i0.wp.com\/masquenoticias.mx\/wp-content\/uploads\/2026\/09\/WhatsApp-Image-2026-09-04-at-4.33.21-PM.jpeg?fit=1280%2C720&ssl=1\",\"width\":1280,\"height\":720},{\"@type\":\"BreadcrumbList\",\"@id\":\"https:\/\/masquenoticias.mx\/index.php\/2026\/09\/04\/junta-de-asistencia-privada-de-colima-afina-la-colecta-anual-diamante-de-la-solidaridad-2026\/#breadcrumb\",\"itemListElement\":[{\"@type\":\"ListItem\",\"position\":1,\"name\":\"Inicio\",\"item\":\"https:\/\/masquenoticias.mx\/\"},{\"@type\":\"ListItem\",\"position\":2,\"name\":\"Junta de Asistencia Privada de Colima afina la colecta anual &#8216;Diamante de la Solidaridad 2026&#8217;\"}]},{\"@type\":\"WebSite\",\"@id\":\"https:\/\/masquenoticias.mx\/#website\",\"url\":\"https:\/\/masquenoticias.mx\/\",\"name\":\"M\u00e1s Que Noticias\",\"description\":\"Noticias de Colima, M\u00e9xico y el Mundo\",\"publisher\":{\"@id\":\"https:\/\/masquenoticias.mx\/#organization\"},\"potentialAction\":[{\"@type\":\"SearchAction\",\"target\":{\"@type\":\"EntryPoint\",\"urlTemplate\":\"https:\/\/masquenoticias.mx\/?s={search_term_string}\"},\"query-input\":{\"@type\":\"PropertyValueSpecification\",\"valueRequired\":true,\"valueName\":\"search_term_string\"}}],\"inLanguage\":\"es\"},{\"@type\":\"Organization\",\"@id\":\"https:\/\/masquenoticias.mx\/#organization\",\"name\":\"M\u00e1s Que Noticias\",\"url\":\"https:\/\/masquenoticias.mx\/\",\"logo\":{\"@type\":\"ImageObject\",\"inLanguage\":\"es\",\"@id\":\"https:\/\/masquenoticias.mx\/#\/schema\/logo\/image\/\",\"url\":\"https:\/\/i0.wp.com\/masquenoticias.mx\/wp-content\/uploads\/2024\/04\/IMG_0004.png?fit=2560%2C1656&ssl=1\",\"contentUrl\":\"https:\/\/i0.wp.com\/masquenoticias.mx\/wp-content\/uploads\/2024\/04\/IMG_0004.png?fit=2560%2C1656&ssl=1\",\"width\":2560,\"height\":1656,\"caption\":\"M\u00e1s Que Noticias\"},\"image\":{\"@id\":\"https:\/\/masquenoticias.mx\/#\/schema\/logo\/image\/\"},\"sameAs\":[\"https:\/\/www.facebook.com\/masquenoticiascolima\",\"https:\/\/x.com\/edgartove\",\"https:\/\/www.instagram.com\/masquenoticiascolima\/\"]},{\"@type\":\"Person\",\"@id\":\"https:\/\/masquenoticias.mx\/#\/schema\/person\/544d19989ef23d34615f691f7a96e622\",\"name\":\"Redacci\u00f3n\",\"image\":{\"@type\":\"ImageObject\",\"inLanguage\":\"es\",\"@id\":\"https:\/\/masquenoticias.mx\/#\/schema\/person\/image\/\",\"url\":\"https:\/\/secure.gravatar.com\/avatar\/7fcc926d5b058d3f3d52d95b4d05dd58?s=96&d=mm&r=g\",\"contentUrl\":\"https:\/\/secure.gravatar.com\/avatar\/7fcc926d5b058d3f3d52d95b4d05dd58?s=96&d=mm&r=g\",\"caption\":\"Redacci\u00f3n\"},\"sameAs\":[\"http:\/\/masquenoticias.mx\"],\"url\":\"https:\/\/masquenoticias.mx\/index.php\/author\/edgartovegmail-com\/\"}]}<\/script>\n<!-- \/ Yoast SEO plugin. -->","yoast_head_json":{"title":"Junta de Asistencia Privada de Colima afina la colecta anual 'Diamante de la Solidaridad 2026' - M\u00e1s Que Noticias","robots":{"index":"index","follow":"follow","max-snippet":"max-snippet:-1","max-image-preview":"max-image-preview:large","max-video-preview":"max-video-preview:-1"},"canonical":"https:\/\/masquenoticias.mx\/index.php\/2026\/09\/04\/junta-de-asistencia-privada-de-colima-afina-la-colecta-anual-diamante-de-la-solidaridad-2026\/","og_locale":"es_MX","og_type":"article","og_title":"Junta de Asistencia Privada de Colima afina la colecta anual 'Diamante de la Solidaridad 2026' - M\u00e1s Que Noticias","og_description":"En el estado de Colima, bajo la administraci\u00f3n de la gobernadora Indira Vizca\u00edno Silva, la Junta de Asistencia Privada (JAP) realiza los preparativos finales para la colecta anual \u2018Diamante de la Solidaridad 2026\u2019, que iniciar\u00e1 el 14 de octubre y busca reunir apoyos para las Instituciones de Asistencia Privada (IAP) que trabajan a favor de [&hellip;]","og_url":"https:\/\/masquenoticias.mx\/index.php\/2026\/09\/04\/junta-de-asistencia-privada-de-colima-afina-la-colecta-anual-diamante-de-la-solidaridad-2026\/","og_site_name":"M\u00e1s Que Noticias","article_publisher":"https:\/\/www.facebook.com\/masquenoticiascolima","article_published_time":"2026-09-05T04:12:04+00:00","og_image":[{"width":1280,"height":720,"url":"https:\/\/masquenoticias.mx\/wp-content\/uploads\/2026\/09\/WhatsApp-Image-2026-09-04-at-4.33.21-PM.jpeg","type":"image\/jpeg"}],"author":"Redacci\u00f3n","twitter_card":"summary_large_image","twitter_creator":"@edgartove","twitter_site":"@edgartove","twitter_misc":{"Escrito por":"Redacci\u00f3n","Tiempo de lectura":"1 minuto"},"schema":{"@context":"https:\/\/schema.org","@graph":[{"@type":"Article","@id":"https:\/\/masquenoticias.mx\/index.php\/2026\/09\/04\/junta-de-asistencia-privada-de-colima-afina-la-colecta-anual-diamante-de-la-solidaridad-2026\/#article","isPartOf":{"@id":"https:\/\/masquenoticias.mx\/index.php\/2026\/09\/04\/junta-de-asistencia-privada-de-colima-afina-la-colecta-anual-diamante-de-la-solidaridad-2026\/"},"author":{"name":"Redacci\u00f3n","@id":"https:\/\/masquenoticias.mx\/#\/schema\/person\/544d19989ef23d34615f691f7a96e622"},"headline":"Junta de Asistencia Privada de Colima afina la colecta anual &#8216;Diamante de la Solidaridad 2026&#8217;","datePublished":"2026-09-05T04:12:04+00:00","mainEntityOfPage":{"@id":"https:\/\/masquenoticias.mx\/index.php\/2026\/09\/04\/junta-de-asistencia-privada-de-colima-afina-la-colecta-anual-diamante-de-la-solidaridad-2026\/"},"wordCount":140,"commentCount":0,"publisher":{"@id":"https:\/\/masquenoticias.mx\/#organization"},"image":{"@id":"https:\/\/masquenoticias.mx\/index.php\/2026\/09\/04\/junta-de-asistencia-privada-de-colima-afina-la-colecta-anual-diamante-de-la-solidaridad-2026\/#primaryimage"},"thumbnailUrl":"https:\/\/i0.wp.com\/masquenoticias.mx\/wp-content\/uploads\/2026\/09\/WhatsApp-Image-2026-09-04-at-4.33.21-PM.jpeg?fit=1280%2C720&ssl=1","keywords":["JAP"],"articleSection":["Estado"],"inLanguage":"es","potentialAction":[{"@type":"CommentAction","name":"Comment","target":["https:\/\/masquenoticias.mx\/index.php\/2026\/09\/04\/junta-de-asistencia-privada-de-colima-afina-la-colecta-anual-diamante-de-la-solidaridad-2026\/#respond"]}]},{"@type":"WebPage","@id":"https:\/\/masquenoticias.mx\/index.php\/2026\/09\/04\/junta-de-asistencia-privada-de-colima-afina-la-colecta-anual-diamante-de-la-solidaridad-2026\/","url":"https:\/\/masquenoticias.mx\/index.php\/2026\/09\/04\/junta-de-asistencia-privada-de-colima-afina-la-colecta-anual-diamante-de-la-solidaridad-2026\/","name":"Junta de Asistencia Privada de Colima afina la colecta anual 'Diamante de la Solidaridad 2026' - M\u00e1s Que Noticias","isPartOf":{"@id":"https:\/\/masquenoticias.mx\/#website"},"primaryImageOfPage":{"@id":"https:\/\/masquenoticias.mx\/index.php\/2026\/09\/04\/junta-de-asistencia-privada-de-colima-afina-la-colecta-anual-diamante-de-la-solidaridad-2026\/#primaryimage"},"image":{"@id":"https:\/\/masquenoticias.mx\/index.php\/2026\/09\/04\/junta-de-asistencia-privada-de-colima-afina-la-colecta-anual-diamante-de-la-solidaridad-2026\/#primaryimage"},"thumbnailUrl":"https:\/\/i0.wp.com\/masquenoticias.mx\/wp-content\/uploads\/2026\/09\/WhatsApp-Image-2026-09-04-at-4.33.21-PM.jpeg?fit=1280%2C720&ssl=1","datePublished":"2026-09-05T04:12:04+00:00","breadcrumb":{"@id":"https:\/\/masquenoticias.mx\/index.php\/2026\/09\/04\/junta-de-asistencia-privada-de-colima-afina-la-colecta-anual-diamante-de-la-solidaridad-2026\/#breadcrumb"},"inLanguage":"es","potentialAction":[{"@type":"ReadAction","target":["https:\/\/masquenoticias.mx\/index.php\/2026\/09\/04\/junta-de-asistencia-privada-de-colima-afina-la-colecta-anual-diamante-de-la-solidaridad-2026\/"]}]},{"@type":"ImageObject","inLanguage":"es","@id":"https:\/\/masquenoticias.mx\/index.php\/2026\/09\/04\/junta-de-asistencia-privada-de-colima-afina-la-colecta-anual-diamante-de-la-solidaridad-2026\/#primaryimage","url":"https:\/\/i0.wp.com\/masquenoticias.mx\/wp-content\/uploads\/2026\/09\/WhatsApp-Image-2026-09-04-at-4.33.21-PM.jpeg?fit=1280%2C720&ssl=1","contentUrl":"https:\/\/i0.wp.com\/masquenoticias.mx\/wp-content\/uploads\/2026\/09\/WhatsApp-Image-2026-09-04-at-4.33.21-PM.jpeg?fit=1280%2C720&ssl=1","width":1280,"height":720},{"@type":"BreadcrumbList","@id":"https:\/\/masquenoticias.mx\/index.php\/2026\/09\/04\/junta-de-asistencia-privada-de-colima-afina-la-colecta-anual-diamante-de-la-solidaridad-2026\/#breadcrumb","itemListElement":[{"@type":"ListItem","position":1,"name":"Inicio","item":"https:\/\/masquenoticias.mx\/"},{"@type":"ListItem","position":2,"name":"Junta de Asistencia Privada de Colima afina la colecta anual &#8216;Diamante de la Solidaridad 2026&#8217;"}]},{"@type":"WebSite","@id":"https:\/\/masquenoticias.mx\/#website","url":"https:\/\/masquenoticias.mx\/","name":"M\u00e1s Que Noticias","description":"Noticias de Colima, M\u00e9xico y el Mundo","publisher":{"@id":"https:\/\/masquenoticias.mx\/#organization"},"potentialAction":[{"@type":"SearchAction","target":{"@type":"EntryPoint","urlTemplate":"https:\/\/masquenoticias.mx\/?s={search_term_string}"},"query-input":{"@type":"PropertyValueSpecification","valueRequired":true,"valueName":"search_term_string"}}],"inLanguage":"es"},{"@type":"Organization","@id":"https:\/\/masquenoticias.mx\/#organization","name":"M\u00e1s Que Noticias","url":"https:\/\/masquenoticias.mx\/","logo":{"@type":"ImageObject","inLanguage":"es","@id":"https:\/\/masquenoticias.mx\/#\/schema\/logo\/image\/","url":"https:\/\/i0.wp.com\/masquenoticias.mx\/wp-content\/uploads\/2024\/04\/IMG_0004.png?fit=2560%2C1656&ssl=1","contentUrl":"https:\/\/i0.wp.com\/masquenoticias.mx\/wp-content\/uploads\/2024\/04\/IMG_0004.png?fit=2560%2C1656&ssl=1","width":2560,"height":1656,"caption":"M\u00e1s Que Noticias"},"image":{"@id":"https:\/\/masquenoticias.mx\/#\/schema\/logo\/image\/"},"sameAs":["https:\/\/www.facebook.com\/masquenoticiascolima","https:\/\/x.com\/edgartove","https:\/\/www.instagram.com\/masquenoticiascolima\/"]},{"@type":"Person","@id":"https:\/\/masquenoticias.mx\/#\/schema\/person\/544d19989ef23d34615f691f7a96e622","name":"Redacci\u00f3n","image":{"@type":"ImageObject","inLanguage":"es","@id":"https:\/\/masquenoticias.mx\/#\/schema\/person\/image\/","url":"https:\/\/secure.gravatar.com\/avatar\/7fcc926d5b058d3f3d52d95b4d05dd58?s=96&d=mm&r=g","contentUrl":"https:\/\/secure.gravatar.com\/avatar\/7fcc926d5b058d3f3d52d95b4d05dd58?s=96&d=mm&r=g","caption":"Redacci\u00f3n"},"sameAs":["http:\/\/masquenoticias.mx"],"url":"https:\/\/masquenoticias.mx\/index.php\/author\/edgartovegmail-com\/"}]}},"jetpack_featured_media_url":"https:\/\/i0.wp.com\/masquenoticias.mx\/wp-content\/uploads\/2026\/09\/WhatsApp-Image-2026-09-04-at-4.33.21-PM.jpeg?fit=1280%2C720&ssl=1","blog_post_layout_featured_media_urls":{"thumbnail":["https:\/\/i0.wp.com\/masquenoticias.mx\/wp-content\/uploads\/2026\/09\/WhatsApp-Image-2026-09-04-at-4.33.21-PM.jpeg?resize=150%2C150&ssl=1",150,150,true],"full":["https:\/\/i0.wp.com\/masquenoticias.mx\/wp-content\/uploads\/2026\/09\/WhatsApp-Image-2026-09-04-at-4.33.21-PM.jpeg?fit=1280%2C720&ssl=1",1280,720,false]},"categories_names":{"24":{"name":"Estado","link":"https:\/\/masquenoticias.mx\/index.php\/category\/estado\/"}},"tags_names":{"198":{"name":"JAP","link":"https:\/\/masquenoticias.mx\/index.php\/tag\/jap\/"}},"comments_number":"0","wpmagazine_modules_lite_featured_media_urls":{"thumbnail":["https:\/\/i0.wp.com\/masquenoticias.mx\/wp-content\/uploads\/2026\/09\/WhatsApp-Image-2026-09-04-at-4.33.21-PM.jpeg?resize=150%2C150&ssl=1",150,150,true],"cvmm-medium":["https:\/\/i0.wp.com\/masquenoticias.mx\/wp-content\/uploads\/2026\/09\/WhatsApp-Image-2026-09-04-at-4.33.21-PM.jpeg?resize=300%2C300&ssl=1",300,300,true],"cvmm-medium-plus":["https:\/\/i0.wp.com\/masquenoticias.mx\/wp-content\/uploads\/2026\/09\/WhatsApp-Image-2026-09-04-at-4.33.21-PM.jpeg?resize=305%2C207&ssl=1",305,207,true],"cvmm-portrait":["https:\/\/i0.wp.com\/masquenoticias.mx\/wp-content\/uploads\/2026\/09\/WhatsApp-Image-2026-09-04-at-4.33.21-PM.jpeg?resize=400%2C600&ssl=1",400,600,true],"cvmm-medium-square":["https:\/\/i0.wp.com\/masquenoticias.mx\/wp-content\/uploads\/2026\/09\/WhatsApp-Image-2026-09-04-at-4.33.21-PM.jpeg?resize=600%2C600&ssl=1",600,600,true],"cvmm-large":["https:\/\/i0.wp.com\/masquenoticias.mx\/wp-content\/uploads\/2026\/09\/WhatsApp-Image-2026-09-04-at-4.33.21-PM.jpeg?resize=1024%2C720&ssl=1",1024,720,true],"cvmm-small":["https:\/\/i0.wp.com\/masquenoticias.mx\/wp-content\/uploads\/2026\/09\/WhatsApp-Image-2026-09-04-at-4.33.21-PM.jpeg?resize=130%2C95&ssl=1",130,95,true],"full":["https:\/\/i0.wp.com\/masquenoticias.mx\/wp-content\/uploads\/2026\/09\/WhatsApp-Image-2026-09-04-at-4.33.21-PM.jpeg?fit=1280%2C720&ssl=1",1280,720,false]},"jetpack-related-posts":[],"jetpack_sharing_enabled":true,"jetpack_likes_enabled":true,"jetpack_shortlink":"https:\/\/wp.me\/pf7pkt-6va","_links":{"self":[{"href":"https:\/\/masquenoticias.mx\/index.php\/wp-json\/wp\/v2\/posts\/24996","targetHints":{"allow":["GET"]}}],"collection":[{"href":"https:\/\/masquenoticias.mx\/index.php\/wp-json\/wp\/v2\/posts"}],"about":[{"href":"https:\/\/masquenoticias.mx\/index.php\/wp-json\/wp\/v2\/types\/post"}],"author":[{"embeddable":true,"href":"https:\/\/masquenoticias.mx\/index.php\/wp-json\/wp\/v2\/users\/1"}],"replies":[{"embeddable":true,"href":"https:\/\/masquenoticias.mx\/index.php\/wp-json\/wp\/v2\/comments?post=24996"}],"version-history":[{"count":1,"href":"https:\/\/masquenoticias.mx\/index.php\/wp-json\/wp\/v2\/posts\/24996\/revisions"}],"predecessor-version":[{"id":24998,"href":"https:\/\/masquenoticias.mx\/index.php\/wp-json\/wp\/v2\/posts\/24996\/revisions\/24998"}],"wp:featuredmedia":[{"embeddable":true,"href":"https:\/\/masquenoticias.mx\/index.php\/wp-json\/wp\/v2\/media\/24997"}],"wp:attachment":[{"href":"https:\/\/masquenoticias.mx\/index.php\/wp-json\/wp\/v2\/media?parent=24996"}],"wp:term":[{"taxonomy":"category","embeddable":true,"href":"https:\/\/masquenoticias.mx\/index.php\/wp-json\/wp\/v2\/categories?post=24996"},{"taxonomy":"post_tag","embeddable":true,"href":"https:\/\/masquenoticias.mx\/index.php\/wp-json\/wp\/v2\/tags?post=24996"}],"curies":[{"name":"wp","href":"https:\/\/api.w.org\/{rel}","templated":true}]}}