{"id":24990,"date":"2026-09-04T22:04:37","date_gmt":"2026-09-05T04:04:37","guid":{"rendered":"https:\/\/masquenoticias.mx\/?p=24990"},"modified":"2026-09-04T22:04:37","modified_gmt":"2026-09-05T04:04:37","slug":"subsectur-y-ayuntamiento-de-comala-presentan-nueva-ruta-turistica-entre-letras-y-pinceles","status":"publish","type":"post","link":"https:\/\/masquenoticias.mx\/index.php\/2026\/09\/04\/subsectur-y-ayuntamiento-de-comala-presentan-nueva-ruta-turistica-entre-letras-y-pinceles\/","title":{"rendered":"Subsectur y Ayuntamiento de Comala presentan nueva ruta tur\u00edstica \u2018Entre Letras y Pinceles\u2019"},"content":{"rendered":"<p>La Subsecretaria de Turismo (Subsectur) del Gobierno del Estado de Colima que lidera la gobernadora Indira Vizca\u00edno Silva informa que, con el objetivo de diversificar la oferta tur\u00edstica y brindar nuevas experiencias a quienes visitan el Mejor Pueblo M\u00e1gico de M\u00e9xico, este viernes fue presentada la ruta tur\u00edstica \u2018Entre Letras y Pinceles\u2019, producto que busca poner en valor la tradici\u00f3n literaria y el arte rangeliano que distinguen a Comala. La ruta fue un desarrollo de Subsectur en colaboraci\u00f3n con el Ayuntamiento de Comala que preside la alcaldesa Daniela Orozco Pineda.<\/p>\n<p>La nueva ruta surgi\u00f3 a partir de mesas de trabajo con cronistas, artistas, especialistas, gu\u00edas tur\u00edsticos y representantes del Comit\u00e9 de Pueblos M\u00e1gicos y del Consejo Consultivo de Turismo, con el objetivo de aprovechar la riqueza hist\u00f3rica y cultural de Comala. El recorrido contempla el Museo Universitario Alejandro Rangel Hidalgo, Ecoparque Nogueras, el Puente de los Chorritos, la Casona de las Plumas Gordas, la Casa de la Abuela Chuy Figueroa, el Puente de los Suspiros y el Centro Hist\u00f3rico, donde se aborda tambi\u00e9n la relaci\u00f3n del municipio con el reconocido escritor Juan Rulfo.<\/p>\n<p>La administraci\u00f3n que encabeza la gobernadora Indira Vizca\u00edno refrenda su compromiso con el fortalecimiento y diversificaci\u00f3n de la oferta tur\u00edstica, impulsando productos que contribuyan a preservar y promover el patrimonio cultural de los destinos de Colima. La experiencia dura cuatro horas y ofrece modalidades vehicular y peatonal, con costos de 350 pesos saliendo desde Comala y 400 pesos desde Colima. Para mayores informes y reservas llamar al tel\u00e9fono 312-307-2073 de la Direcci\u00f3n de Turismo del Ayuntamiento de Comala. #DelMarALaMonta\u00f1a<\/p>\n","protected":false},"excerpt":{"rendered":"<p>La Subsecretaria de Turismo (Subsectur) del Gobierno del Estado de Colima que lidera la gobernadora Indira Vizca\u00edno Silva informa que, con el objetivo de diversificar la oferta tur\u00edstica y brindar nuevas experiencias a quienes visitan el Mejor Pueblo M\u00e1gico de M\u00e9xico, este viernes fue presentada la ruta tur\u00edstica \u2018Entre Letras y Pinceles\u2019, producto que busca [&hellip;]<\/p>\n","protected":false},"author":1,"featured_media":24991,"comment_status":"open","ping_status":"open","sticky":false,"template":"","format":"standard","meta":{"_jetpack_memberships_contains_paid_content":false,"footnotes":""},"categories":[24],"tags":[96],"class_list":["post-24990","post","type-post","status-publish","format-standard","has-post-thumbnail","hentry","category-estado","tag-turismo"],"yoast_head":"<!-- This site is optimized with the Yoast SEO plugin v26.6 - https:\/\/yoast.com\/wordpress\/plugins\/seo\/ -->\n<title>Subsectur y Ayuntamiento de Comala presentan nueva ruta tur\u00edstica \u2018Entre Letras y Pinceles\u2019 - M\u00e1s Que Noticias<\/title>\n<meta name=\"robots\" content=\"index, follow, max-snippet:-1, max-image-preview:large, max-video-preview:-1\" \/>\n<link rel=\"canonical\" href=\"https:\/\/masquenoticias.mx\/index.php\/2026\/09\/04\/subsectur-y-ayuntamiento-de-comala-presentan-nueva-ruta-turistica-entre-letras-y-pinceles\/\" \/>\n<meta property=\"og:locale\" content=\"es_MX\" \/>\n<meta property=\"og:type\" content=\"article\" \/>\n<meta property=\"og:title\" content=\"Subsectur y Ayuntamiento de Comala presentan nueva ruta tur\u00edstica \u2018Entre Letras y Pinceles\u2019 - M\u00e1s Que Noticias\" \/>\n<meta property=\"og:description\" content=\"La Subsecretaria de Turismo (Subsectur) del Gobierno del Estado de Colima que lidera la gobernadora Indira Vizca\u00edno Silva informa que, con el objetivo de diversificar la oferta tur\u00edstica y brindar nuevas experiencias a quienes visitan el Mejor Pueblo M\u00e1gico de M\u00e9xico, este viernes fue presentada la ruta tur\u00edstica \u2018Entre Letras y Pinceles\u2019, producto que busca [&hellip;]\" \/>\n<meta property=\"og:url\" content=\"https:\/\/masquenoticias.mx\/index.php\/2026\/09\/04\/subsectur-y-ayuntamiento-de-comala-presentan-nueva-ruta-turistica-entre-letras-y-pinceles\/\" \/>\n<meta property=\"og:site_name\" content=\"M\u00e1s Que Noticias\" \/>\n<meta property=\"article:publisher\" content=\"https:\/\/www.facebook.com\/masquenoticiascolima\" \/>\n<meta property=\"article:published_time\" content=\"2026-09-05T04:04:37+00:00\" \/>\n<meta property=\"og:image\" content=\"https:\/\/masquenoticias.mx\/wp-content\/uploads\/2026\/09\/WhatsApp-Image-2026-09-04-at-2.14.22-PM-1.jpeg\" \/>\n\t<meta property=\"og:image:width\" content=\"1280\" \/>\n\t<meta property=\"og:image:height\" content=\"960\" \/>\n\t<meta property=\"og:image:type\" content=\"image\/jpeg\" \/>\n<meta name=\"author\" content=\"Redacci\u00f3n\" \/>\n<meta name=\"twitter:card\" content=\"summary_large_image\" \/>\n<meta name=\"twitter:creator\" content=\"@edgartove\" \/>\n<meta name=\"twitter:site\" content=\"@edgartove\" \/>\n<meta name=\"twitter:label1\" content=\"Escrito por\" \/>\n\t<meta name=\"twitter:data1\" content=\"Redacci\u00f3n\" \/>\n\t<meta name=\"twitter:label2\" content=\"Tiempo de lectura\" \/>\n\t<meta name=\"twitter:data2\" content=\"2 minutos\" \/>\n<script type=\"application\/ld+json\" class=\"yoast-schema-graph\">{\"@context\":\"https:\/\/schema.org\",\"@graph\":[{\"@type\":\"Article\",\"@id\":\"https:\/\/masquenoticias.mx\/index.php\/2026\/09\/04\/subsectur-y-ayuntamiento-de-comala-presentan-nueva-ruta-turistica-entre-letras-y-pinceles\/#article\",\"isPartOf\":{\"@id\":\"https:\/\/masquenoticias.mx\/index.php\/2026\/09\/04\/subsectur-y-ayuntamiento-de-comala-presentan-nueva-ruta-turistica-entre-letras-y-pinceles\/\"},\"author\":{\"name\":\"Redacci\u00f3n\",\"@id\":\"https:\/\/masquenoticias.mx\/#\/schema\/person\/544d19989ef23d34615f691f7a96e622\"},\"headline\":\"Subsectur y Ayuntamiento de Comala presentan nueva ruta tur\u00edstica \u2018Entre Letras y Pinceles\u2019\",\"datePublished\":\"2026-09-05T04:04:37+00:00\",\"mainEntityOfPage\":{\"@id\":\"https:\/\/masquenoticias.mx\/index.php\/2026\/09\/04\/subsectur-y-ayuntamiento-de-comala-presentan-nueva-ruta-turistica-entre-letras-y-pinceles\/\"},\"wordCount\":296,\"commentCount\":0,\"publisher\":{\"@id\":\"https:\/\/masquenoticias.mx\/#organization\"},\"image\":{\"@id\":\"https:\/\/masquenoticias.mx\/index.php\/2026\/09\/04\/subsectur-y-ayuntamiento-de-comala-presentan-nueva-ruta-turistica-entre-letras-y-pinceles\/#primaryimage\"},\"thumbnailUrl\":\"https:\/\/i0.wp.com\/masquenoticias.mx\/wp-content\/uploads\/2026\/09\/WhatsApp-Image-2026-09-04-at-2.14.22-PM-1.jpeg?fit=1280%2C960&ssl=1\",\"keywords\":[\"Turismo\"],\"articleSection\":[\"Estado\"],\"inLanguage\":\"es\",\"potentialAction\":[{\"@type\":\"CommentAction\",\"name\":\"Comment\",\"target\":[\"https:\/\/masquenoticias.mx\/index.php\/2026\/09\/04\/subsectur-y-ayuntamiento-de-comala-presentan-nueva-ruta-turistica-entre-letras-y-pinceles\/#respond\"]}]},{\"@type\":\"WebPage\",\"@id\":\"https:\/\/masquenoticias.mx\/index.php\/2026\/09\/04\/subsectur-y-ayuntamiento-de-comala-presentan-nueva-ruta-turistica-entre-letras-y-pinceles\/\",\"url\":\"https:\/\/masquenoticias.mx\/index.php\/2026\/09\/04\/subsectur-y-ayuntamiento-de-comala-presentan-nueva-ruta-turistica-entre-letras-y-pinceles\/\",\"name\":\"Subsectur y Ayuntamiento de Comala presentan nueva ruta tur\u00edstica \u2018Entre Letras y Pinceles\u2019 - M\u00e1s Que Noticias\",\"isPartOf\":{\"@id\":\"https:\/\/masquenoticias.mx\/#website\"},\"primaryImageOfPage\":{\"@id\":\"https:\/\/masquenoticias.mx\/index.php\/2026\/09\/04\/subsectur-y-ayuntamiento-de-comala-presentan-nueva-ruta-turistica-entre-letras-y-pinceles\/#primaryimage\"},\"image\":{\"@id\":\"https:\/\/masquenoticias.mx\/index.php\/2026\/09\/04\/subsectur-y-ayuntamiento-de-comala-presentan-nueva-ruta-turistica-entre-letras-y-pinceles\/#primaryimage\"},\"thumbnailUrl\":\"https:\/\/i0.wp.com\/masquenoticias.mx\/wp-content\/uploads\/2026\/09\/WhatsApp-Image-2026-09-04-at-2.14.22-PM-1.jpeg?fit=1280%2C960&ssl=1\",\"datePublished\":\"2026-09-05T04:04:37+00:00\",\"breadcrumb\":{\"@id\":\"https:\/\/masquenoticias.mx\/index.php\/2026\/09\/04\/subsectur-y-ayuntamiento-de-comala-presentan-nueva-ruta-turistica-entre-letras-y-pinceles\/#breadcrumb\"},\"inLanguage\":\"es\",\"potentialAction\":[{\"@type\":\"ReadAction\",\"target\":[\"https:\/\/masquenoticias.mx\/index.php\/2026\/09\/04\/subsectur-y-ayuntamiento-de-comala-presentan-nueva-ruta-turistica-entre-letras-y-pinceles\/\"]}]},{\"@type\":\"ImageObject\",\"inLanguage\":\"es\",\"@id\":\"https:\/\/masquenoticias.mx\/index.php\/2026\/09\/04\/subsectur-y-ayuntamiento-de-comala-presentan-nueva-ruta-turistica-entre-letras-y-pinceles\/#primaryimage\",\"url\":\"https:\/\/i0.wp.com\/masquenoticias.mx\/wp-content\/uploads\/2026\/09\/WhatsApp-Image-2026-09-04-at-2.14.22-PM-1.jpeg?fit=1280%2C960&ssl=1\",\"contentUrl\":\"https:\/\/i0.wp.com\/masquenoticias.mx\/wp-content\/uploads\/2026\/09\/WhatsApp-Image-2026-09-04-at-2.14.22-PM-1.jpeg?fit=1280%2C960&ssl=1\",\"width\":1280,\"height\":960},{\"@type\":\"BreadcrumbList\",\"@id\":\"https:\/\/masquenoticias.mx\/index.php\/2026\/09\/04\/subsectur-y-ayuntamiento-de-comala-presentan-nueva-ruta-turistica-entre-letras-y-pinceles\/#breadcrumb\",\"itemListElement\":[{\"@type\":\"ListItem\",\"position\":1,\"name\":\"Inicio\",\"item\":\"https:\/\/masquenoticias.mx\/\"},{\"@type\":\"ListItem\",\"position\":2,\"name\":\"Subsectur y Ayuntamiento de Comala presentan nueva ruta tur\u00edstica \u2018Entre Letras y Pinceles\u2019\"}]},{\"@type\":\"WebSite\",\"@id\":\"https:\/\/masquenoticias.mx\/#website\",\"url\":\"https:\/\/masquenoticias.mx\/\",\"name\":\"M\u00e1s Que Noticias\",\"description\":\"Noticias de Colima, M\u00e9xico y el Mundo\",\"publisher\":{\"@id\":\"https:\/\/masquenoticias.mx\/#organization\"},\"potentialAction\":[{\"@type\":\"SearchAction\",\"target\":{\"@type\":\"EntryPoint\",\"urlTemplate\":\"https:\/\/masquenoticias.mx\/?s={search_term_string}\"},\"query-input\":{\"@type\":\"PropertyValueSpecification\",\"valueRequired\":true,\"valueName\":\"search_term_string\"}}],\"inLanguage\":\"es\"},{\"@type\":\"Organization\",\"@id\":\"https:\/\/masquenoticias.mx\/#organization\",\"name\":\"M\u00e1s Que Noticias\",\"url\":\"https:\/\/masquenoticias.mx\/\",\"logo\":{\"@type\":\"ImageObject\",\"inLanguage\":\"es\",\"@id\":\"https:\/\/masquenoticias.mx\/#\/schema\/logo\/image\/\",\"url\":\"https:\/\/i0.wp.com\/masquenoticias.mx\/wp-content\/uploads\/2024\/04\/IMG_0004.png?fit=2560%2C1656&ssl=1\",\"contentUrl\":\"https:\/\/i0.wp.com\/masquenoticias.mx\/wp-content\/uploads\/2024\/04\/IMG_0004.png?fit=2560%2C1656&ssl=1\",\"width\":2560,\"height\":1656,\"caption\":\"M\u00e1s Que Noticias\"},\"image\":{\"@id\":\"https:\/\/masquenoticias.mx\/#\/schema\/logo\/image\/\"},\"sameAs\":[\"https:\/\/www.facebook.com\/masquenoticiascolima\",\"https:\/\/x.com\/edgartove\",\"https:\/\/www.instagram.com\/masquenoticiascolima\/\"]},{\"@type\":\"Person\",\"@id\":\"https:\/\/masquenoticias.mx\/#\/schema\/person\/544d19989ef23d34615f691f7a96e622\",\"name\":\"Redacci\u00f3n\",\"image\":{\"@type\":\"ImageObject\",\"inLanguage\":\"es\",\"@id\":\"https:\/\/masquenoticias.mx\/#\/schema\/person\/image\/\",\"url\":\"https:\/\/secure.gravatar.com\/avatar\/7fcc926d5b058d3f3d52d95b4d05dd58?s=96&d=mm&r=g\",\"contentUrl\":\"https:\/\/secure.gravatar.com\/avatar\/7fcc926d5b058d3f3d52d95b4d05dd58?s=96&d=mm&r=g\",\"caption\":\"Redacci\u00f3n\"},\"sameAs\":[\"http:\/\/masquenoticias.mx\"],\"url\":\"https:\/\/masquenoticias.mx\/index.php\/author\/edgartovegmail-com\/\"}]}<\/script>\n<!-- \/ Yoast SEO plugin. -->","yoast_head_json":{"title":"Subsectur y Ayuntamiento de Comala presentan nueva ruta tur\u00edstica \u2018Entre Letras y Pinceles\u2019 - M\u00e1s Que Noticias","robots":{"index":"index","follow":"follow","max-snippet":"max-snippet:-1","max-image-preview":"max-image-preview:large","max-video-preview":"max-video-preview:-1"},"canonical":"https:\/\/masquenoticias.mx\/index.php\/2026\/09\/04\/subsectur-y-ayuntamiento-de-comala-presentan-nueva-ruta-turistica-entre-letras-y-pinceles\/","og_locale":"es_MX","og_type":"article","og_title":"Subsectur y Ayuntamiento de Comala presentan nueva ruta tur\u00edstica \u2018Entre Letras y Pinceles\u2019 - M\u00e1s Que Noticias","og_description":"La Subsecretaria de Turismo (Subsectur) del Gobierno del Estado de Colima que lidera la gobernadora Indira Vizca\u00edno Silva informa que, con el objetivo de diversificar la oferta tur\u00edstica y brindar nuevas experiencias a quienes visitan el Mejor Pueblo M\u00e1gico de M\u00e9xico, este viernes fue presentada la ruta tur\u00edstica \u2018Entre Letras y Pinceles\u2019, producto que busca [&hellip;]","og_url":"https:\/\/masquenoticias.mx\/index.php\/2026\/09\/04\/subsectur-y-ayuntamiento-de-comala-presentan-nueva-ruta-turistica-entre-letras-y-pinceles\/","og_site_name":"M\u00e1s Que Noticias","article_publisher":"https:\/\/www.facebook.com\/masquenoticiascolima","article_published_time":"2026-09-05T04:04:37+00:00","og_image":[{"width":1280,"height":960,"url":"https:\/\/masquenoticias.mx\/wp-content\/uploads\/2026\/09\/WhatsApp-Image-2026-09-04-at-2.14.22-PM-1.jpeg","type":"image\/jpeg"}],"author":"Redacci\u00f3n","twitter_card":"summary_large_image","twitter_creator":"@edgartove","twitter_site":"@edgartove","twitter_misc":{"Escrito por":"Redacci\u00f3n","Tiempo de lectura":"2 minutos"},"schema":{"@context":"https:\/\/schema.org","@graph":[{"@type":"Article","@id":"https:\/\/masquenoticias.mx\/index.php\/2026\/09\/04\/subsectur-y-ayuntamiento-de-comala-presentan-nueva-ruta-turistica-entre-letras-y-pinceles\/#article","isPartOf":{"@id":"https:\/\/masquenoticias.mx\/index.php\/2026\/09\/04\/subsectur-y-ayuntamiento-de-comala-presentan-nueva-ruta-turistica-entre-letras-y-pinceles\/"},"author":{"name":"Redacci\u00f3n","@id":"https:\/\/masquenoticias.mx\/#\/schema\/person\/544d19989ef23d34615f691f7a96e622"},"headline":"Subsectur y Ayuntamiento de Comala presentan nueva ruta tur\u00edstica \u2018Entre Letras y Pinceles\u2019","datePublished":"2026-09-05T04:04:37+00:00","mainEntityOfPage":{"@id":"https:\/\/masquenoticias.mx\/index.php\/2026\/09\/04\/subsectur-y-ayuntamiento-de-comala-presentan-nueva-ruta-turistica-entre-letras-y-pinceles\/"},"wordCount":296,"commentCount":0,"publisher":{"@id":"https:\/\/masquenoticias.mx\/#organization"},"image":{"@id":"https:\/\/masquenoticias.mx\/index.php\/2026\/09\/04\/subsectur-y-ayuntamiento-de-comala-presentan-nueva-ruta-turistica-entre-letras-y-pinceles\/#primaryimage"},"thumbnailUrl":"https:\/\/i0.wp.com\/masquenoticias.mx\/wp-content\/uploads\/2026\/09\/WhatsApp-Image-2026-09-04-at-2.14.22-PM-1.jpeg?fit=1280%2C960&ssl=1","keywords":["Turismo"],"articleSection":["Estado"],"inLanguage":"es","potentialAction":[{"@type":"CommentAction","name":"Comment","target":["https:\/\/masquenoticias.mx\/index.php\/2026\/09\/04\/subsectur-y-ayuntamiento-de-comala-presentan-nueva-ruta-turistica-entre-letras-y-pinceles\/#respond"]}]},{"@type":"WebPage","@id":"https:\/\/masquenoticias.mx\/index.php\/2026\/09\/04\/subsectur-y-ayuntamiento-de-comala-presentan-nueva-ruta-turistica-entre-letras-y-pinceles\/","url":"https:\/\/masquenoticias.mx\/index.php\/2026\/09\/04\/subsectur-y-ayuntamiento-de-comala-presentan-nueva-ruta-turistica-entre-letras-y-pinceles\/","name":"Subsectur y Ayuntamiento de Comala presentan nueva ruta tur\u00edstica \u2018Entre Letras y Pinceles\u2019 - M\u00e1s Que Noticias","isPartOf":{"@id":"https:\/\/masquenoticias.mx\/#website"},"primaryImageOfPage":{"@id":"https:\/\/masquenoticias.mx\/index.php\/2026\/09\/04\/subsectur-y-ayuntamiento-de-comala-presentan-nueva-ruta-turistica-entre-letras-y-pinceles\/#primaryimage"},"image":{"@id":"https:\/\/masquenoticias.mx\/index.php\/2026\/09\/04\/subsectur-y-ayuntamiento-de-comala-presentan-nueva-ruta-turistica-entre-letras-y-pinceles\/#primaryimage"},"thumbnailUrl":"https:\/\/i0.wp.com\/masquenoticias.mx\/wp-content\/uploads\/2026\/09\/WhatsApp-Image-2026-09-04-at-2.14.22-PM-1.jpeg?fit=1280%2C960&ssl=1","datePublished":"2026-09-05T04:04:37+00:00","breadcrumb":{"@id":"https:\/\/masquenoticias.mx\/index.php\/2026\/09\/04\/subsectur-y-ayuntamiento-de-comala-presentan-nueva-ruta-turistica-entre-letras-y-pinceles\/#breadcrumb"},"inLanguage":"es","potentialAction":[{"@type":"ReadAction","target":["https:\/\/masquenoticias.mx\/index.php\/2026\/09\/04\/subsectur-y-ayuntamiento-de-comala-presentan-nueva-ruta-turistica-entre-letras-y-pinceles\/"]}]},{"@type":"ImageObject","inLanguage":"es","@id":"https:\/\/masquenoticias.mx\/index.php\/2026\/09\/04\/subsectur-y-ayuntamiento-de-comala-presentan-nueva-ruta-turistica-entre-letras-y-pinceles\/#primaryimage","url":"https:\/\/i0.wp.com\/masquenoticias.mx\/wp-content\/uploads\/2026\/09\/WhatsApp-Image-2026-09-04-at-2.14.22-PM-1.jpeg?fit=1280%2C960&ssl=1","contentUrl":"https:\/\/i0.wp.com\/masquenoticias.mx\/wp-content\/uploads\/2026\/09\/WhatsApp-Image-2026-09-04-at-2.14.22-PM-1.jpeg?fit=1280%2C960&ssl=1","width":1280,"height":960},{"@type":"BreadcrumbList","@id":"https:\/\/masquenoticias.mx\/index.php\/2026\/09\/04\/subsectur-y-ayuntamiento-de-comala-presentan-nueva-ruta-turistica-entre-letras-y-pinceles\/#breadcrumb","itemListElement":[{"@type":"ListItem","position":1,"name":"Inicio","item":"https:\/\/masquenoticias.mx\/"},{"@type":"ListItem","position":2,"name":"Subsectur y Ayuntamiento de Comala presentan nueva ruta tur\u00edstica \u2018Entre Letras y Pinceles\u2019"}]},{"@type":"WebSite","@id":"https:\/\/masquenoticias.mx\/#website","url":"https:\/\/masquenoticias.mx\/","name":"M\u00e1s Que Noticias","description":"Noticias de Colima, M\u00e9xico y el Mundo","publisher":{"@id":"https:\/\/masquenoticias.mx\/#organization"},"potentialAction":[{"@type":"SearchAction","target":{"@type":"EntryPoint","urlTemplate":"https:\/\/masquenoticias.mx\/?s={search_term_string}"},"query-input":{"@type":"PropertyValueSpecification","valueRequired":true,"valueName":"search_term_string"}}],"inLanguage":"es"},{"@type":"Organization","@id":"https:\/\/masquenoticias.mx\/#organization","name":"M\u00e1s Que Noticias","url":"https:\/\/masquenoticias.mx\/","logo":{"@type":"ImageObject","inLanguage":"es","@id":"https:\/\/masquenoticias.mx\/#\/schema\/logo\/image\/","url":"https:\/\/i0.wp.com\/masquenoticias.mx\/wp-content\/uploads\/2024\/04\/IMG_0004.png?fit=2560%2C1656&ssl=1","contentUrl":"https:\/\/i0.wp.com\/masquenoticias.mx\/wp-content\/uploads\/2024\/04\/IMG_0004.png?fit=2560%2C1656&ssl=1","width":2560,"height":1656,"caption":"M\u00e1s Que Noticias"},"image":{"@id":"https:\/\/masquenoticias.mx\/#\/schema\/logo\/image\/"},"sameAs":["https:\/\/www.facebook.com\/masquenoticiascolima","https:\/\/x.com\/edgartove","https:\/\/www.instagram.com\/masquenoticiascolima\/"]},{"@type":"Person","@id":"https:\/\/masquenoticias.mx\/#\/schema\/person\/544d19989ef23d34615f691f7a96e622","name":"Redacci\u00f3n","image":{"@type":"ImageObject","inLanguage":"es","@id":"https:\/\/masquenoticias.mx\/#\/schema\/person\/image\/","url":"https:\/\/secure.gravatar.com\/avatar\/7fcc926d5b058d3f3d52d95b4d05dd58?s=96&d=mm&r=g","contentUrl":"https:\/\/secure.gravatar.com\/avatar\/7fcc926d5b058d3f3d52d95b4d05dd58?s=96&d=mm&r=g","caption":"Redacci\u00f3n"},"sameAs":["http:\/\/masquenoticias.mx"],"url":"https:\/\/masquenoticias.mx\/index.php\/author\/edgartovegmail-com\/"}]}},"jetpack_featured_media_url":"https:\/\/i0.wp.com\/masquenoticias.mx\/wp-content\/uploads\/2026\/09\/WhatsApp-Image-2026-09-04-at-2.14.22-PM-1.jpeg?fit=1280%2C960&ssl=1","blog_post_layout_featured_media_urls":{"thumbnail":["https:\/\/i0.wp.com\/masquenoticias.mx\/wp-content\/uploads\/2026\/09\/WhatsApp-Image-2026-09-04-at-2.14.22-PM-1.jpeg?resize=150%2C150&ssl=1",150,150,true],"full":["https:\/\/i0.wp.com\/masquenoticias.mx\/wp-content\/uploads\/2026\/09\/WhatsApp-Image-2026-09-04-at-2.14.22-PM-1.jpeg?fit=1280%2C960&ssl=1",1280,960,false]},"categories_names":{"24":{"name":"Estado","link":"https:\/\/masquenoticias.mx\/index.php\/category\/estado\/"}},"tags_names":{"96":{"name":"Turismo","link":"https:\/\/masquenoticias.mx\/index.php\/tag\/turismo\/"}},"comments_number":"0","wpmagazine_modules_lite_featured_media_urls":{"thumbnail":["https:\/\/i0.wp.com\/masquenoticias.mx\/wp-content\/uploads\/2026\/09\/WhatsApp-Image-2026-09-04-at-2.14.22-PM-1.jpeg?resize=150%2C150&ssl=1",150,150,true],"cvmm-medium":["https:\/\/i0.wp.com\/masquenoticias.mx\/wp-content\/uploads\/2026\/09\/WhatsApp-Image-2026-09-04-at-2.14.22-PM-1.jpeg?resize=300%2C300&ssl=1",300,300,true],"cvmm-medium-plus":["https:\/\/i0.wp.com\/masquenoticias.mx\/wp-content\/uploads\/2026\/09\/WhatsApp-Image-2026-09-04-at-2.14.22-PM-1.jpeg?resize=305%2C207&ssl=1",305,207,true],"cvmm-portrait":["https:\/\/i0.wp.com\/masquenoticias.mx\/wp-content\/uploads\/2026\/09\/WhatsApp-Image-2026-09-04-at-2.14.22-PM-1.jpeg?resize=400%2C600&ssl=1",400,600,true],"cvmm-medium-square":["https:\/\/i0.wp.com\/masquenoticias.mx\/wp-content\/uploads\/2026\/09\/WhatsApp-Image-2026-09-04-at-2.14.22-PM-1.jpeg?resize=600%2C600&ssl=1",600,600,true],"cvmm-large":["https:\/\/i0.wp.com\/masquenoticias.mx\/wp-content\/uploads\/2026\/09\/WhatsApp-Image-2026-09-04-at-2.14.22-PM-1.jpeg?resize=1024%2C960&ssl=1",1024,960,true],"cvmm-small":["https:\/\/i0.wp.com\/masquenoticias.mx\/wp-content\/uploads\/2026\/09\/WhatsApp-Image-2026-09-04-at-2.14.22-PM-1.jpeg?resize=130%2C95&ssl=1",130,95,true],"full":["https:\/\/i0.wp.com\/masquenoticias.mx\/wp-content\/uploads\/2026\/09\/WhatsApp-Image-2026-09-04-at-2.14.22-PM-1.jpeg?fit=1280%2C960&ssl=1",1280,960,false]},"jetpack-related-posts":[],"jetpack_sharing_enabled":true,"jetpack_likes_enabled":true,"jetpack_shortlink":"https:\/\/wp.me\/pf7pkt-6v4","_links":{"self":[{"href":"https:\/\/masquenoticias.mx\/index.php\/wp-json\/wp\/v2\/posts\/24990","targetHints":{"allow":["GET"]}}],"collection":[{"href":"https:\/\/masquenoticias.mx\/index.php\/wp-json\/wp\/v2\/posts"}],"about":[{"href":"https:\/\/masquenoticias.mx\/index.php\/wp-json\/wp\/v2\/types\/post"}],"author":[{"embeddable":true,"href":"https:\/\/masquenoticias.mx\/index.php\/wp-json\/wp\/v2\/users\/1"}],"replies":[{"embeddable":true,"href":"https:\/\/masquenoticias.mx\/index.php\/wp-json\/wp\/v2\/comments?post=24990"}],"version-history":[{"count":1,"href":"https:\/\/masquenoticias.mx\/index.php\/wp-json\/wp\/v2\/posts\/24990\/revisions"}],"predecessor-version":[{"id":24992,"href":"https:\/\/masquenoticias.mx\/index.php\/wp-json\/wp\/v2\/posts\/24990\/revisions\/24992"}],"wp:featuredmedia":[{"embeddable":true,"href":"https:\/\/masquenoticias.mx\/index.php\/wp-json\/wp\/v2\/media\/24991"}],"wp:attachment":[{"href":"https:\/\/masquenoticias.mx\/index.php\/wp-json\/wp\/v2\/media?parent=24990"}],"wp:term":[{"taxonomy":"category","embeddable":true,"href":"https:\/\/masquenoticias.mx\/index.php\/wp-json\/wp\/v2\/categories?post=24990"},{"taxonomy":"post_tag","embeddable":true,"href":"https:\/\/masquenoticias.mx\/index.php\/wp-json\/wp\/v2\/tags?post=24990"}],"curies":[{"name":"wp","href":"https:\/\/api.w.org\/{rel}","templated":true}]}}