{"id":24981,"date":"2026-09-04T21:40:57","date_gmt":"2026-09-05T03:40:57","guid":{"rendered":"https:\/\/masquenoticias.mx\/?p=24981"},"modified":"2026-09-04T21:40:57","modified_gmt":"2026-09-05T03:40:57","slug":"indira-vizcaino-anuncio-inversion-cercana-a-100-mdp-para-el-hru-y-reactivacion-del-area-de-trasplantes","status":"publish","type":"post","link":"https:\/\/masquenoticias.mx\/index.php\/2026\/09\/04\/indira-vizcaino-anuncio-inversion-cercana-a-100-mdp-para-el-hru-y-reactivacion-del-area-de-trasplantes\/","title":{"rendered":"Indira Vizca\u00edno anunci\u00f3 inversi\u00f3n cercana a 100 mdp para el HRU y reactivaci\u00f3n del \u00e1rea de trasplantes"},"content":{"rendered":"<p>La gobernadora de Colima, Indira Vizca\u00edno Silva, inaugur\u00f3 la ma\u00f1ana de este viernes las Jornadas Acad\u00e9micas por el XXV aniversario del Hospital Regional Universitario (HRU) IMSS Bienestar \u2018La vida despu\u00e9s de la vida, simposium integral de donaci\u00f3n y trasplante\u2019; la mandataria estatal inform\u00f3 que se destinar\u00e1 una inversi\u00f3n cercana a 100 millones de pesos, destinada a la rehabilitaci\u00f3n integral de este nosocomio.IMSS Bienestar \u2018La vida despu\u00e9s de la vida, simposium integral de donaci\u00f3n y trasplante\u2019; la mandataria estatal inform\u00f3 que se destin<\/p>\n<p>Explic\u00f3 que estos recursos permitir\u00e1n poner en funcionamiento todos los quir\u00f3fanos, ampliar el \u00e1rea de urgencias, crear un espacio de terapia intensiva pedi\u00e1trica y mejorar las residencias m\u00e9dicas. Destac\u00f3 que, gracias a la coordinaci\u00f3n entre Sector Salud estatal y nacional, as\u00ed como con instituciones especializadas del estado de Jalisco, se lograr\u00e1 reactivar el \u00e1rea de trasplantes en la entidad; &#8220;nuestro objetivo es que este hospital siga funcionando; lo que queremos es que recupere plenamente la capacidad y la relevancia para la que fue creado&#8221;.<\/p>\n<p>Indira Vizca\u00edno resalt\u00f3 la relevancia del nombre de las jornadas acad\u00e9micas \u2018La vida despu\u00e9s de la vida\u2019, al marcar formalmente la reanudaci\u00f3n de las actividades de donaci\u00f3n y trasplante de \u00f3rganos en el estado.<\/p>\n<p>Gabriel Guti\u00e9rrez Morales, coordinador de segundo nivel del IMSS Bienestar destac\u00f3 que el HRU ha sido un lugar en donde se encuentra la distancia, la ense\u00f1anza, la investigaci\u00f3n y la formaci\u00f3n de nuevas generaciones, pero sobre todo un lugar donde las personas han encontrado atenci\u00f3n en un momento de vulnerabilidad.<\/p>\n<p>Laura Yerania Due\u00f1as Mendoza, coordinadora estatal de los Servicios P\u00fablicos de Salud IMSS Bienestar en Colima, indic\u00f3 que gracias a la coordinaci\u00f3n del Gobierno de M\u00e9xico y el Gobierno del Estado de Colima es que se ha podido intervenir este hospital para resarcir a\u00f1os de abandono y dar una buena atenci\u00f3n a pacientes. Emmanuel Mart\u00edn del Campo Madariaga, director del Hospital Regional Universitario &#8211; IMSS Bienestar, agradeci\u00f3 el trabajo de todo el personal quienes consider\u00f3 que han sido el pilar fundamental de la vida de esta instituci\u00f3n y reconoci\u00f3 el apoyo que se ha recibido por parte del gobierno estatal.<\/p>\n","protected":false},"excerpt":{"rendered":"<p>La gobernadora de Colima, Indira Vizca\u00edno Silva, inaugur\u00f3 la ma\u00f1ana de este viernes las Jornadas Acad\u00e9micas por el XXV aniversario del Hospital Regional Universitario (HRU) IMSS Bienestar \u2018La vida despu\u00e9s de la vida, simposium integral de donaci\u00f3n y trasplante\u2019; la mandataria estatal inform\u00f3 que se destinar\u00e1 una inversi\u00f3n cercana a 100 millones de pesos, destinada [&hellip;]<\/p>\n","protected":false},"author":1,"featured_media":24982,"comment_status":"open","ping_status":"open","sticky":false,"template":"","format":"standard","meta":{"_jetpack_memberships_contains_paid_content":false,"footnotes":""},"categories":[24],"tags":[63],"class_list":["post-24981","post","type-post","status-publish","format-standard","has-post-thumbnail","hentry","category-estado","tag-salud"],"yoast_head":"<!-- This site is optimized with the Yoast SEO plugin v26.6 - https:\/\/yoast.com\/wordpress\/plugins\/seo\/ -->\n<title>Indira Vizca\u00edno anunci\u00f3 inversi\u00f3n cercana a 100 mdp para el HRU y reactivaci\u00f3n del \u00e1rea de trasplantes - M\u00e1s Que Noticias<\/title>\n<meta name=\"robots\" content=\"index, follow, max-snippet:-1, max-image-preview:large, max-video-preview:-1\" \/>\n<link rel=\"canonical\" href=\"https:\/\/masquenoticias.mx\/index.php\/2026\/09\/04\/indira-vizcaino-anuncio-inversion-cercana-a-100-mdp-para-el-hru-y-reactivacion-del-area-de-trasplantes\/\" \/>\n<meta property=\"og:locale\" content=\"es_MX\" \/>\n<meta property=\"og:type\" content=\"article\" \/>\n<meta property=\"og:title\" content=\"Indira Vizca\u00edno anunci\u00f3 inversi\u00f3n cercana a 100 mdp para el HRU y reactivaci\u00f3n del \u00e1rea de trasplantes - M\u00e1s Que Noticias\" \/>\n<meta property=\"og:description\" content=\"La gobernadora de Colima, Indira Vizca\u00edno Silva, inaugur\u00f3 la ma\u00f1ana de este viernes las Jornadas Acad\u00e9micas por el XXV aniversario del Hospital Regional Universitario (HRU) IMSS Bienestar \u2018La vida despu\u00e9s de la vida, simposium integral de donaci\u00f3n y trasplante\u2019; la mandataria estatal inform\u00f3 que se destinar\u00e1 una inversi\u00f3n cercana a 100 millones de pesos, destinada [&hellip;]\" \/>\n<meta property=\"og:url\" content=\"https:\/\/masquenoticias.mx\/index.php\/2026\/09\/04\/indira-vizcaino-anuncio-inversion-cercana-a-100-mdp-para-el-hru-y-reactivacion-del-area-de-trasplantes\/\" \/>\n<meta property=\"og:site_name\" content=\"M\u00e1s Que Noticias\" \/>\n<meta property=\"article:publisher\" content=\"https:\/\/www.facebook.com\/masquenoticiascolima\" \/>\n<meta property=\"article:published_time\" content=\"2026-09-05T03:40:57+00:00\" \/>\n<meta property=\"og:image\" content=\"https:\/\/masquenoticias.mx\/wp-content\/uploads\/2026\/09\/WhatsApp-Image-2026-09-04-at-10.49.07-AM-2.jpeg\" \/>\n\t<meta property=\"og:image:width\" content=\"1280\" \/>\n\t<meta property=\"og:image:height\" content=\"1020\" \/>\n\t<meta property=\"og:image:type\" content=\"image\/jpeg\" \/>\n<meta name=\"author\" content=\"Redacci\u00f3n\" \/>\n<meta name=\"twitter:card\" content=\"summary_large_image\" \/>\n<meta name=\"twitter:creator\" content=\"@edgartove\" \/>\n<meta name=\"twitter:site\" content=\"@edgartove\" \/>\n<meta name=\"twitter:label1\" content=\"Escrito por\" \/>\n\t<meta name=\"twitter:data1\" content=\"Redacci\u00f3n\" \/>\n\t<meta name=\"twitter:label2\" content=\"Tiempo de lectura\" \/>\n\t<meta name=\"twitter:data2\" content=\"2 minutos\" \/>\n<script type=\"application\/ld+json\" class=\"yoast-schema-graph\">{\"@context\":\"https:\/\/schema.org\",\"@graph\":[{\"@type\":\"Article\",\"@id\":\"https:\/\/masquenoticias.mx\/index.php\/2026\/09\/04\/indira-vizcaino-anuncio-inversion-cercana-a-100-mdp-para-el-hru-y-reactivacion-del-area-de-trasplantes\/#article\",\"isPartOf\":{\"@id\":\"https:\/\/masquenoticias.mx\/index.php\/2026\/09\/04\/indira-vizcaino-anuncio-inversion-cercana-a-100-mdp-para-el-hru-y-reactivacion-del-area-de-trasplantes\/\"},\"author\":{\"name\":\"Redacci\u00f3n\",\"@id\":\"https:\/\/masquenoticias.mx\/#\/schema\/person\/544d19989ef23d34615f691f7a96e622\"},\"headline\":\"Indira Vizca\u00edno anunci\u00f3 inversi\u00f3n cercana a 100 mdp para el HRU y reactivaci\u00f3n del \u00e1rea de trasplantes\",\"datePublished\":\"2026-09-05T03:40:57+00:00\",\"mainEntityOfPage\":{\"@id\":\"https:\/\/masquenoticias.mx\/index.php\/2026\/09\/04\/indira-vizcaino-anuncio-inversion-cercana-a-100-mdp-para-el-hru-y-reactivacion-del-area-de-trasplantes\/\"},\"wordCount\":401,\"commentCount\":0,\"publisher\":{\"@id\":\"https:\/\/masquenoticias.mx\/#organization\"},\"image\":{\"@id\":\"https:\/\/masquenoticias.mx\/index.php\/2026\/09\/04\/indira-vizcaino-anuncio-inversion-cercana-a-100-mdp-para-el-hru-y-reactivacion-del-area-de-trasplantes\/#primaryimage\"},\"thumbnailUrl\":\"https:\/\/i0.wp.com\/masquenoticias.mx\/wp-content\/uploads\/2026\/09\/WhatsApp-Image-2026-09-04-at-10.49.07-AM-2.jpeg?fit=1280%2C1020&ssl=1\",\"keywords\":[\"Salud\"],\"articleSection\":[\"Estado\"],\"inLanguage\":\"es\",\"potentialAction\":[{\"@type\":\"CommentAction\",\"name\":\"Comment\",\"target\":[\"https:\/\/masquenoticias.mx\/index.php\/2026\/09\/04\/indira-vizcaino-anuncio-inversion-cercana-a-100-mdp-para-el-hru-y-reactivacion-del-area-de-trasplantes\/#respond\"]}]},{\"@type\":\"WebPage\",\"@id\":\"https:\/\/masquenoticias.mx\/index.php\/2026\/09\/04\/indira-vizcaino-anuncio-inversion-cercana-a-100-mdp-para-el-hru-y-reactivacion-del-area-de-trasplantes\/\",\"url\":\"https:\/\/masquenoticias.mx\/index.php\/2026\/09\/04\/indira-vizcaino-anuncio-inversion-cercana-a-100-mdp-para-el-hru-y-reactivacion-del-area-de-trasplantes\/\",\"name\":\"Indira Vizca\u00edno anunci\u00f3 inversi\u00f3n cercana a 100 mdp para el HRU y reactivaci\u00f3n del \u00e1rea de trasplantes - M\u00e1s Que Noticias\",\"isPartOf\":{\"@id\":\"https:\/\/masquenoticias.mx\/#website\"},\"primaryImageOfPage\":{\"@id\":\"https:\/\/masquenoticias.mx\/index.php\/2026\/09\/04\/indira-vizcaino-anuncio-inversion-cercana-a-100-mdp-para-el-hru-y-reactivacion-del-area-de-trasplantes\/#primaryimage\"},\"image\":{\"@id\":\"https:\/\/masquenoticias.mx\/index.php\/2026\/09\/04\/indira-vizcaino-anuncio-inversion-cercana-a-100-mdp-para-el-hru-y-reactivacion-del-area-de-trasplantes\/#primaryimage\"},\"thumbnailUrl\":\"https:\/\/i0.wp.com\/masquenoticias.mx\/wp-content\/uploads\/2026\/09\/WhatsApp-Image-2026-09-04-at-10.49.07-AM-2.jpeg?fit=1280%2C1020&ssl=1\",\"datePublished\":\"2026-09-05T03:40:57+00:00\",\"breadcrumb\":{\"@id\":\"https:\/\/masquenoticias.mx\/index.php\/2026\/09\/04\/indira-vizcaino-anuncio-inversion-cercana-a-100-mdp-para-el-hru-y-reactivacion-del-area-de-trasplantes\/#breadcrumb\"},\"inLanguage\":\"es\",\"potentialAction\":[{\"@type\":\"ReadAction\",\"target\":[\"https:\/\/masquenoticias.mx\/index.php\/2026\/09\/04\/indira-vizcaino-anuncio-inversion-cercana-a-100-mdp-para-el-hru-y-reactivacion-del-area-de-trasplantes\/\"]}]},{\"@type\":\"ImageObject\",\"inLanguage\":\"es\",\"@id\":\"https:\/\/masquenoticias.mx\/index.php\/2026\/09\/04\/indira-vizcaino-anuncio-inversion-cercana-a-100-mdp-para-el-hru-y-reactivacion-del-area-de-trasplantes\/#primaryimage\",\"url\":\"https:\/\/i0.wp.com\/masquenoticias.mx\/wp-content\/uploads\/2026\/09\/WhatsApp-Image-2026-09-04-at-10.49.07-AM-2.jpeg?fit=1280%2C1020&ssl=1\",\"contentUrl\":\"https:\/\/i0.wp.com\/masquenoticias.mx\/wp-content\/uploads\/2026\/09\/WhatsApp-Image-2026-09-04-at-10.49.07-AM-2.jpeg?fit=1280%2C1020&ssl=1\",\"width\":1280,\"height\":1020},{\"@type\":\"BreadcrumbList\",\"@id\":\"https:\/\/masquenoticias.mx\/index.php\/2026\/09\/04\/indira-vizcaino-anuncio-inversion-cercana-a-100-mdp-para-el-hru-y-reactivacion-del-area-de-trasplantes\/#breadcrumb\",\"itemListElement\":[{\"@type\":\"ListItem\",\"position\":1,\"name\":\"Inicio\",\"item\":\"https:\/\/masquenoticias.mx\/\"},{\"@type\":\"ListItem\",\"position\":2,\"name\":\"Indira Vizca\u00edno anunci\u00f3 inversi\u00f3n cercana a 100 mdp para el HRU y reactivaci\u00f3n del \u00e1rea de trasplantes\"}]},{\"@type\":\"WebSite\",\"@id\":\"https:\/\/masquenoticias.mx\/#website\",\"url\":\"https:\/\/masquenoticias.mx\/\",\"name\":\"M\u00e1s Que Noticias\",\"description\":\"Noticias de Colima, M\u00e9xico y el Mundo\",\"publisher\":{\"@id\":\"https:\/\/masquenoticias.mx\/#organization\"},\"potentialAction\":[{\"@type\":\"SearchAction\",\"target\":{\"@type\":\"EntryPoint\",\"urlTemplate\":\"https:\/\/masquenoticias.mx\/?s={search_term_string}\"},\"query-input\":{\"@type\":\"PropertyValueSpecification\",\"valueRequired\":true,\"valueName\":\"search_term_string\"}}],\"inLanguage\":\"es\"},{\"@type\":\"Organization\",\"@id\":\"https:\/\/masquenoticias.mx\/#organization\",\"name\":\"M\u00e1s Que Noticias\",\"url\":\"https:\/\/masquenoticias.mx\/\",\"logo\":{\"@type\":\"ImageObject\",\"inLanguage\":\"es\",\"@id\":\"https:\/\/masquenoticias.mx\/#\/schema\/logo\/image\/\",\"url\":\"https:\/\/i0.wp.com\/masquenoticias.mx\/wp-content\/uploads\/2024\/04\/IMG_0004.png?fit=2560%2C1656&ssl=1\",\"contentUrl\":\"https:\/\/i0.wp.com\/masquenoticias.mx\/wp-content\/uploads\/2024\/04\/IMG_0004.png?fit=2560%2C1656&ssl=1\",\"width\":2560,\"height\":1656,\"caption\":\"M\u00e1s Que Noticias\"},\"image\":{\"@id\":\"https:\/\/masquenoticias.mx\/#\/schema\/logo\/image\/\"},\"sameAs\":[\"https:\/\/www.facebook.com\/masquenoticiascolima\",\"https:\/\/x.com\/edgartove\",\"https:\/\/www.instagram.com\/masquenoticiascolima\/\"]},{\"@type\":\"Person\",\"@id\":\"https:\/\/masquenoticias.mx\/#\/schema\/person\/544d19989ef23d34615f691f7a96e622\",\"name\":\"Redacci\u00f3n\",\"image\":{\"@type\":\"ImageObject\",\"inLanguage\":\"es\",\"@id\":\"https:\/\/masquenoticias.mx\/#\/schema\/person\/image\/\",\"url\":\"https:\/\/secure.gravatar.com\/avatar\/7fcc926d5b058d3f3d52d95b4d05dd58?s=96&d=mm&r=g\",\"contentUrl\":\"https:\/\/secure.gravatar.com\/avatar\/7fcc926d5b058d3f3d52d95b4d05dd58?s=96&d=mm&r=g\",\"caption\":\"Redacci\u00f3n\"},\"sameAs\":[\"http:\/\/masquenoticias.mx\"],\"url\":\"https:\/\/masquenoticias.mx\/index.php\/author\/edgartovegmail-com\/\"}]}<\/script>\n<!-- \/ Yoast SEO plugin. -->","yoast_head_json":{"title":"Indira Vizca\u00edno anunci\u00f3 inversi\u00f3n cercana a 100 mdp para el HRU y reactivaci\u00f3n del \u00e1rea de trasplantes - M\u00e1s Que Noticias","robots":{"index":"index","follow":"follow","max-snippet":"max-snippet:-1","max-image-preview":"max-image-preview:large","max-video-preview":"max-video-preview:-1"},"canonical":"https:\/\/masquenoticias.mx\/index.php\/2026\/09\/04\/indira-vizcaino-anuncio-inversion-cercana-a-100-mdp-para-el-hru-y-reactivacion-del-area-de-trasplantes\/","og_locale":"es_MX","og_type":"article","og_title":"Indira Vizca\u00edno anunci\u00f3 inversi\u00f3n cercana a 100 mdp para el HRU y reactivaci\u00f3n del \u00e1rea de trasplantes - M\u00e1s Que Noticias","og_description":"La gobernadora de Colima, Indira Vizca\u00edno Silva, inaugur\u00f3 la ma\u00f1ana de este viernes las Jornadas Acad\u00e9micas por el XXV aniversario del Hospital Regional Universitario (HRU) IMSS Bienestar \u2018La vida despu\u00e9s de la vida, simposium integral de donaci\u00f3n y trasplante\u2019; la mandataria estatal inform\u00f3 que se destinar\u00e1 una inversi\u00f3n cercana a 100 millones de pesos, destinada [&hellip;]","og_url":"https:\/\/masquenoticias.mx\/index.php\/2026\/09\/04\/indira-vizcaino-anuncio-inversion-cercana-a-100-mdp-para-el-hru-y-reactivacion-del-area-de-trasplantes\/","og_site_name":"M\u00e1s Que Noticias","article_publisher":"https:\/\/www.facebook.com\/masquenoticiascolima","article_published_time":"2026-09-05T03:40:57+00:00","og_image":[{"width":1280,"height":1020,"url":"https:\/\/masquenoticias.mx\/wp-content\/uploads\/2026\/09\/WhatsApp-Image-2026-09-04-at-10.49.07-AM-2.jpeg","type":"image\/jpeg"}],"author":"Redacci\u00f3n","twitter_card":"summary_large_image","twitter_creator":"@edgartove","twitter_site":"@edgartove","twitter_misc":{"Escrito por":"Redacci\u00f3n","Tiempo de lectura":"2 minutos"},"schema":{"@context":"https:\/\/schema.org","@graph":[{"@type":"Article","@id":"https:\/\/masquenoticias.mx\/index.php\/2026\/09\/04\/indira-vizcaino-anuncio-inversion-cercana-a-100-mdp-para-el-hru-y-reactivacion-del-area-de-trasplantes\/#article","isPartOf":{"@id":"https:\/\/masquenoticias.mx\/index.php\/2026\/09\/04\/indira-vizcaino-anuncio-inversion-cercana-a-100-mdp-para-el-hru-y-reactivacion-del-area-de-trasplantes\/"},"author":{"name":"Redacci\u00f3n","@id":"https:\/\/masquenoticias.mx\/#\/schema\/person\/544d19989ef23d34615f691f7a96e622"},"headline":"Indira Vizca\u00edno anunci\u00f3 inversi\u00f3n cercana a 100 mdp para el HRU y reactivaci\u00f3n del \u00e1rea de trasplantes","datePublished":"2026-09-05T03:40:57+00:00","mainEntityOfPage":{"@id":"https:\/\/masquenoticias.mx\/index.php\/2026\/09\/04\/indira-vizcaino-anuncio-inversion-cercana-a-100-mdp-para-el-hru-y-reactivacion-del-area-de-trasplantes\/"},"wordCount":401,"commentCount":0,"publisher":{"@id":"https:\/\/masquenoticias.mx\/#organization"},"image":{"@id":"https:\/\/masquenoticias.mx\/index.php\/2026\/09\/04\/indira-vizcaino-anuncio-inversion-cercana-a-100-mdp-para-el-hru-y-reactivacion-del-area-de-trasplantes\/#primaryimage"},"thumbnailUrl":"https:\/\/i0.wp.com\/masquenoticias.mx\/wp-content\/uploads\/2026\/09\/WhatsApp-Image-2026-09-04-at-10.49.07-AM-2.jpeg?fit=1280%2C1020&ssl=1","keywords":["Salud"],"articleSection":["Estado"],"inLanguage":"es","potentialAction":[{"@type":"CommentAction","name":"Comment","target":["https:\/\/masquenoticias.mx\/index.php\/2026\/09\/04\/indira-vizcaino-anuncio-inversion-cercana-a-100-mdp-para-el-hru-y-reactivacion-del-area-de-trasplantes\/#respond"]}]},{"@type":"WebPage","@id":"https:\/\/masquenoticias.mx\/index.php\/2026\/09\/04\/indira-vizcaino-anuncio-inversion-cercana-a-100-mdp-para-el-hru-y-reactivacion-del-area-de-trasplantes\/","url":"https:\/\/masquenoticias.mx\/index.php\/2026\/09\/04\/indira-vizcaino-anuncio-inversion-cercana-a-100-mdp-para-el-hru-y-reactivacion-del-area-de-trasplantes\/","name":"Indira Vizca\u00edno anunci\u00f3 inversi\u00f3n cercana a 100 mdp para el HRU y reactivaci\u00f3n del \u00e1rea de trasplantes - M\u00e1s Que Noticias","isPartOf":{"@id":"https:\/\/masquenoticias.mx\/#website"},"primaryImageOfPage":{"@id":"https:\/\/masquenoticias.mx\/index.php\/2026\/09\/04\/indira-vizcaino-anuncio-inversion-cercana-a-100-mdp-para-el-hru-y-reactivacion-del-area-de-trasplantes\/#primaryimage"},"image":{"@id":"https:\/\/masquenoticias.mx\/index.php\/2026\/09\/04\/indira-vizcaino-anuncio-inversion-cercana-a-100-mdp-para-el-hru-y-reactivacion-del-area-de-trasplantes\/#primaryimage"},"thumbnailUrl":"https:\/\/i0.wp.com\/masquenoticias.mx\/wp-content\/uploads\/2026\/09\/WhatsApp-Image-2026-09-04-at-10.49.07-AM-2.jpeg?fit=1280%2C1020&ssl=1","datePublished":"2026-09-05T03:40:57+00:00","breadcrumb":{"@id":"https:\/\/masquenoticias.mx\/index.php\/2026\/09\/04\/indira-vizcaino-anuncio-inversion-cercana-a-100-mdp-para-el-hru-y-reactivacion-del-area-de-trasplantes\/#breadcrumb"},"inLanguage":"es","potentialAction":[{"@type":"ReadAction","target":["https:\/\/masquenoticias.mx\/index.php\/2026\/09\/04\/indira-vizcaino-anuncio-inversion-cercana-a-100-mdp-para-el-hru-y-reactivacion-del-area-de-trasplantes\/"]}]},{"@type":"ImageObject","inLanguage":"es","@id":"https:\/\/masquenoticias.mx\/index.php\/2026\/09\/04\/indira-vizcaino-anuncio-inversion-cercana-a-100-mdp-para-el-hru-y-reactivacion-del-area-de-trasplantes\/#primaryimage","url":"https:\/\/i0.wp.com\/masquenoticias.mx\/wp-content\/uploads\/2026\/09\/WhatsApp-Image-2026-09-04-at-10.49.07-AM-2.jpeg?fit=1280%2C1020&ssl=1","contentUrl":"https:\/\/i0.wp.com\/masquenoticias.mx\/wp-content\/uploads\/2026\/09\/WhatsApp-Image-2026-09-04-at-10.49.07-AM-2.jpeg?fit=1280%2C1020&ssl=1","width":1280,"height":1020},{"@type":"BreadcrumbList","@id":"https:\/\/masquenoticias.mx\/index.php\/2026\/09\/04\/indira-vizcaino-anuncio-inversion-cercana-a-100-mdp-para-el-hru-y-reactivacion-del-area-de-trasplantes\/#breadcrumb","itemListElement":[{"@type":"ListItem","position":1,"name":"Inicio","item":"https:\/\/masquenoticias.mx\/"},{"@type":"ListItem","position":2,"name":"Indira Vizca\u00edno anunci\u00f3 inversi\u00f3n cercana a 100 mdp para el HRU y reactivaci\u00f3n del \u00e1rea de trasplantes"}]},{"@type":"WebSite","@id":"https:\/\/masquenoticias.mx\/#website","url":"https:\/\/masquenoticias.mx\/","name":"M\u00e1s Que Noticias","description":"Noticias de Colima, M\u00e9xico y el Mundo","publisher":{"@id":"https:\/\/masquenoticias.mx\/#organization"},"potentialAction":[{"@type":"SearchAction","target":{"@type":"EntryPoint","urlTemplate":"https:\/\/masquenoticias.mx\/?s={search_term_string}"},"query-input":{"@type":"PropertyValueSpecification","valueRequired":true,"valueName":"search_term_string"}}],"inLanguage":"es"},{"@type":"Organization","@id":"https:\/\/masquenoticias.mx\/#organization","name":"M\u00e1s Que Noticias","url":"https:\/\/masquenoticias.mx\/","logo":{"@type":"ImageObject","inLanguage":"es","@id":"https:\/\/masquenoticias.mx\/#\/schema\/logo\/image\/","url":"https:\/\/i0.wp.com\/masquenoticias.mx\/wp-content\/uploads\/2024\/04\/IMG_0004.png?fit=2560%2C1656&ssl=1","contentUrl":"https:\/\/i0.wp.com\/masquenoticias.mx\/wp-content\/uploads\/2024\/04\/IMG_0004.png?fit=2560%2C1656&ssl=1","width":2560,"height":1656,"caption":"M\u00e1s Que Noticias"},"image":{"@id":"https:\/\/masquenoticias.mx\/#\/schema\/logo\/image\/"},"sameAs":["https:\/\/www.facebook.com\/masquenoticiascolima","https:\/\/x.com\/edgartove","https:\/\/www.instagram.com\/masquenoticiascolima\/"]},{"@type":"Person","@id":"https:\/\/masquenoticias.mx\/#\/schema\/person\/544d19989ef23d34615f691f7a96e622","name":"Redacci\u00f3n","image":{"@type":"ImageObject","inLanguage":"es","@id":"https:\/\/masquenoticias.mx\/#\/schema\/person\/image\/","url":"https:\/\/secure.gravatar.com\/avatar\/7fcc926d5b058d3f3d52d95b4d05dd58?s=96&d=mm&r=g","contentUrl":"https:\/\/secure.gravatar.com\/avatar\/7fcc926d5b058d3f3d52d95b4d05dd58?s=96&d=mm&r=g","caption":"Redacci\u00f3n"},"sameAs":["http:\/\/masquenoticias.mx"],"url":"https:\/\/masquenoticias.mx\/index.php\/author\/edgartovegmail-com\/"}]}},"jetpack_featured_media_url":"https:\/\/i0.wp.com\/masquenoticias.mx\/wp-content\/uploads\/2026\/09\/WhatsApp-Image-2026-09-04-at-10.49.07-AM-2.jpeg?fit=1280%2C1020&ssl=1","blog_post_layout_featured_media_urls":{"thumbnail":["https:\/\/i0.wp.com\/masquenoticias.mx\/wp-content\/uploads\/2026\/09\/WhatsApp-Image-2026-09-04-at-10.49.07-AM-2.jpeg?resize=150%2C150&ssl=1",150,150,true],"full":["https:\/\/i0.wp.com\/masquenoticias.mx\/wp-content\/uploads\/2026\/09\/WhatsApp-Image-2026-09-04-at-10.49.07-AM-2.jpeg?fit=1280%2C1020&ssl=1",1280,1020,false]},"categories_names":{"24":{"name":"Estado","link":"https:\/\/masquenoticias.mx\/index.php\/category\/estado\/"}},"tags_names":{"63":{"name":"Salud","link":"https:\/\/masquenoticias.mx\/index.php\/tag\/salud\/"}},"comments_number":"0","wpmagazine_modules_lite_featured_media_urls":{"thumbnail":["https:\/\/i0.wp.com\/masquenoticias.mx\/wp-content\/uploads\/2026\/09\/WhatsApp-Image-2026-09-04-at-10.49.07-AM-2.jpeg?resize=150%2C150&ssl=1",150,150,true],"cvmm-medium":["https:\/\/i0.wp.com\/masquenoticias.mx\/wp-content\/uploads\/2026\/09\/WhatsApp-Image-2026-09-04-at-10.49.07-AM-2.jpeg?resize=300%2C300&ssl=1",300,300,true],"cvmm-medium-plus":["https:\/\/i0.wp.com\/masquenoticias.mx\/wp-content\/uploads\/2026\/09\/WhatsApp-Image-2026-09-04-at-10.49.07-AM-2.jpeg?resize=305%2C207&ssl=1",305,207,true],"cvmm-portrait":["https:\/\/i0.wp.com\/masquenoticias.mx\/wp-content\/uploads\/2026\/09\/WhatsApp-Image-2026-09-04-at-10.49.07-AM-2.jpeg?resize=400%2C600&ssl=1",400,600,true],"cvmm-medium-square":["https:\/\/i0.wp.com\/masquenoticias.mx\/wp-content\/uploads\/2026\/09\/WhatsApp-Image-2026-09-04-at-10.49.07-AM-2.jpeg?resize=600%2C600&ssl=1",600,600,true],"cvmm-large":["https:\/\/i0.wp.com\/masquenoticias.mx\/wp-content\/uploads\/2026\/09\/WhatsApp-Image-2026-09-04-at-10.49.07-AM-2.jpeg?resize=1024%2C1020&ssl=1",1024,1020,true],"cvmm-small":["https:\/\/i0.wp.com\/masquenoticias.mx\/wp-content\/uploads\/2026\/09\/WhatsApp-Image-2026-09-04-at-10.49.07-AM-2.jpeg?resize=130%2C95&ssl=1",130,95,true],"full":["https:\/\/i0.wp.com\/masquenoticias.mx\/wp-content\/uploads\/2026\/09\/WhatsApp-Image-2026-09-04-at-10.49.07-AM-2.jpeg?fit=1280%2C1020&ssl=1",1280,1020,false]},"jetpack-related-posts":[],"jetpack_sharing_enabled":true,"jetpack_likes_enabled":true,"jetpack_shortlink":"https:\/\/wp.me\/pf7pkt-6uV","_links":{"self":[{"href":"https:\/\/masquenoticias.mx\/index.php\/wp-json\/wp\/v2\/posts\/24981","targetHints":{"allow":["GET"]}}],"collection":[{"href":"https:\/\/masquenoticias.mx\/index.php\/wp-json\/wp\/v2\/posts"}],"about":[{"href":"https:\/\/masquenoticias.mx\/index.php\/wp-json\/wp\/v2\/types\/post"}],"author":[{"embeddable":true,"href":"https:\/\/masquenoticias.mx\/index.php\/wp-json\/wp\/v2\/users\/1"}],"replies":[{"embeddable":true,"href":"https:\/\/masquenoticias.mx\/index.php\/wp-json\/wp\/v2\/comments?post=24981"}],"version-history":[{"count":1,"href":"https:\/\/masquenoticias.mx\/index.php\/wp-json\/wp\/v2\/posts\/24981\/revisions"}],"predecessor-version":[{"id":24983,"href":"https:\/\/masquenoticias.mx\/index.php\/wp-json\/wp\/v2\/posts\/24981\/revisions\/24983"}],"wp:featuredmedia":[{"embeddable":true,"href":"https:\/\/masquenoticias.mx\/index.php\/wp-json\/wp\/v2\/media\/24982"}],"wp:attachment":[{"href":"https:\/\/masquenoticias.mx\/index.php\/wp-json\/wp\/v2\/media?parent=24981"}],"wp:term":[{"taxonomy":"category","embeddable":true,"href":"https:\/\/masquenoticias.mx\/index.php\/wp-json\/wp\/v2\/categories?post=24981"},{"taxonomy":"post_tag","embeddable":true,"href":"https:\/\/masquenoticias.mx\/index.php\/wp-json\/wp\/v2\/tags?post=24981"}],"curies":[{"name":"wp","href":"https:\/\/api.w.org\/{rel}","templated":true}]}}